{"id":25179,"date":"2024-02-08T20:35:21","date_gmt":"2024-02-08T20:35:21","guid":{"rendered":"https:\/\/avrupapress.com\/main\/?p=25179"},"modified":"2024-02-08T20:35:21","modified_gmt":"2024-02-08T20:35:21","slug":"uefa-uluslararasi-liginde-kuralar-cekildi-iste-turkiyenin-rakipleri","status":"publish","type":"post","link":"https:\/\/avrupapress.com\/main\/2024\/02\/08\/uefa-uluslararasi-liginde-kuralar-cekildi-iste-turkiyenin-rakipleri\/","title":{"rendered":"UEFA ULUSLARARASI L\u0130G\u0130NDE KURALAR CEK\u0130LD\u0130 \u0130STE T\u00dcRK\u0130YEN\u0130N RAK\u0130PLER\u0130"},"content":{"rendered":"<div class=\"detay-verisi\">\n<div class=\"detay-verisi-a\"><\/div>\n<div>\n<div class=\"detay-verisi-c\"><strong>UEFA Uluslar Ligi&rsquo;nde 2024-2025 sezonu kura \u00e7ekimi yap\u0131ld\u0131. UEFA Uluslar B Ligi 4. grupta m\u00fccadele edecek olan T\u00fcrkiye&rsquo;nin rakipleri Galler, \u0130zlanda ve Karada\u011f oldu.<\/strong><\/div>\n<div>\n<p>UEFA Uluslar Ligi&rsquo;nde 2024-25 sezonunda A Milli Tak\u0131m&rsquo;\u0131n rakipleri belli oldu T\u00fcrkiye, Uluslar B Ligi&rsquo;nde 4. grupta Galler, \u0130zlanda ve Karada\u011f ile e\u015fle\u015fti.<\/p>\n<h3>T\u00dcRK\u0130YE, B L\u0130G\u0130 4. GRUP&rsquo;TA YER ALDI<\/h3>\n<p>UEFA Uluslar Ligi&rsquo;nde 2024-2025 sezonu kura \u00e7ekimi Fransa&rsquo;n\u0131n ba\u015fkenti Paris&rsquo;te yap\u0131ld\u0131. T\u00fcrkiye, UEFA&rsquo;ya \u00fcye 54 federasyon tak\u0131m\u0131n\u0131n 4 klasmanda m\u00fccadele edece\u011fi turnuvada B Ligi 4. Grup&rsquo;ta yer alacak. Kura \u00e7ekiminde A Milli Tak\u0131m&rsquo;\u0131n B Ligi&rsquo;ndeki rakipleri belli oldu.<\/p>\n<p id=\"inpage_reklam\">\n<p><img loading=\"lazy\" decoding=\"async\" class=\"hbptMainImage lazyload ImgDetay\" src=\"https:\/\/foto.haberler.com\/haber\/2024\/02\/08\/a-milli-futbol-takimi-nin-uefa-uluslar-ligi-16831974_1494_m.jpg\" alt=\"A Milli Futbol Tak\u0131m\u0131'n\u0131n UEFA Uluslar Ligi grubundaki rakipleri Galler, \u0130zlanda ve Karada\u011f oldu\" width=\"640\" height=\"360\" data-src=\"https:\/\/foto.haberler.com\/haber\/2024\/02\/08\/a-milli-futbol-takimi-nin-uefa-uluslar-ligi-16831974_1494_m.jpg\" \/><\/p>\n<p><strong>2024\/25 UEFA Uluslar B Ligi&rsquo;nde\u00a0<a class=\"keyword\" title=\"T\u00fcrkiye Haberleri, T\u00fcrkiye Haberi, T\u00fcrkiye Haber\" href=\"https:\/\/www.haberler.com\/turkiye\/\">T\u00fcrkiye<\/a>&lsquo;nin rakipleri \u015fu \u015fekilde:<\/strong><\/p>\n<p><strong>GRUP B4:<\/strong>\u00a0Galler, \u0130zlanda, Karada\u011f,\u00a0<a class=\"keyword\" title=\"T\u00fcrkiye Haberleri, T\u00fcrkiye Haberi, T\u00fcrkiye Haber\" href=\"https:\/\/www.haberler.com\/turkiye\/\"><strong>T\u00fcrkiye<\/strong><\/a><\/p>\n<p><strong>B Ligi&rsquo;ndeki di\u011fer e\u015fle\u015fmeler \u015f\u00f6yle:<\/strong><\/p>\n<p><strong>GRUP B1:<\/strong>\u00a0\u00c7ekya, Ukrayna, Arnavutluk, G\u00fcrcistan<\/p>\n<p><strong>GRUP B2:<\/strong>\u00a0\u0130ngiltere, Finlandiya, \u0130rlanda Cumhuriyeti, Yunanistan<\/p>\n<p><strong>GRUP B3:<\/strong>\u00a0Avusturya, Norve\u00e7, Slovenya, Kazakistan<\/p>\n<p><strong>GRUP B4:<\/strong>\u00a0Galler, \u0130zlanda, Karada\u011f, T\u00fcrkiye<\/p>\n<h3>TURNUVA FORMATI VE MA\u00c7 TAKV\u0130M\u0130<\/h3>\n<p>A Ligi&rsquo;nde gruplar\u0131n\u0131 ilk iki s\u0131rada tamamlayan 8 tak\u0131m, iki ayakl\u0131 \u00e7eyrek finallerde m\u00fccadele edecek. Bu e\u015fle\u015fmelerin galipleri Haziran 2025&rsquo;teki final turnuvas\u0131na kat\u0131lacak. B ve C Liglerindeki d\u00f6rt grup birincisinin yan\u0131 s\u0131ra D Ligi&rsquo;ndeki iki grup birincisi, A, B ve C Liglerine y\u00fckselecek.<\/p>\n<p><img loading=\"lazy\" decoding=\"async\" class=\"hbptMainImage lazyload ImgDetay\" src=\"https:\/\/foto.haberler.com\/haber\/2024\/02\/08\/a-milli-futbol-takimi-nin-uefa-uluslar-ligi-16831974_7311_m.jpg\" alt=\"A Milli Futbol Tak\u0131m\u0131'n\u0131n UEFA Uluslar Ligi grubundaki rakipleri Galler, \u0130zlanda ve Karada\u011f oldu\" width=\"640\" height=\"426\" data-src=\"https:\/\/foto.haberler.com\/haber\/2024\/02\/08\/a-milli-futbol-takimi-nin-uefa-uluslar-ligi-16831974_7311_m.jpg\" \/><\/p>\n<p>A ve B Liglerinde d\u00f6rd\u00fcnc\u00fc s\u0131ray\u0131 alan tak\u0131mlar, otomatik olarak B ve C Liglerine d\u00fc\u015fecek. C Ligi&rsquo;nde d\u00f6rd\u00fcnc\u00fc s\u0131ray\u0131 alan en k\u00f6t\u00fc iki tak\u0131m da D Ligi&rsquo;ne gidecek. A Ligi&rsquo;nin \u00fc\u00e7\u00fcnc\u00fc s\u0131radaki tak\u0131mlar\u0131 ve B Ligi&rsquo;nin ikincileri, B Ligi&rsquo;nin \u00fc\u00e7\u00fcnc\u00fc s\u0131radaki tak\u0131mlar\u0131 ve C Ligi&rsquo;nin ikincileri, iki ayakl\u0131 play-off ma\u00e7\u0131 oynayacak. C Ligi&rsquo;nin d\u00f6rd\u00fcnc\u00fc s\u0131radaki en iyi iki tak\u0131m\u0131 ile D Ligi&rsquo;nin iki ikincisi aras\u0131nda da play-off m\u00fccadelesi yap\u0131lacak.<\/p>\n<p><strong>Turnuvan\u0131n ma\u00e7 takvimi ise \u015fu \u015fekilde:<\/strong><\/p>\n<p><strong>1 ve 2. ma\u00e7lar:<\/strong>\u00a05-10 Eyl\u00fcl 2024<\/p>\n<p><strong>3 ve 4. ma\u00e7lar:<\/strong>\u00a010-15 Ekim 2024<\/p>\n<p><strong>5 ve 6. ma\u00e7lar:<\/strong>\u00a014-19 Kas\u0131m 2024<\/p>\n<p><strong>Yar\u0131 finaller:<\/strong>\u00a04-5 Haziran 2025<\/p>\n<p><strong>Final ve \u00fc\u00e7\u00fcnc\u00fcl\u00fck ma\u00e7\u0131:<\/strong>\u00a08 Haziran 2025<\/p>\n<figure class=\"type:primaryimage hbhOrder\"><img loading=\"lazy\" decoding=\"async\" id=\"HaberImage\" class=\"hbptMainImage\" src=\"https:\/\/foto.haberler.com\/haber\/2024\/02\/08\/a-milli-futbol-takimi-nin-uefa-uluslar-ligi-16831974_1349_amp.jpg\" width=\"1202\" height=\"675\" \/><\/figure>\n<\/div>\n<\/div>\n<\/div>\n","protected":false},"excerpt":{"rendered":"<p>UEFA Uluslar Ligi&rsquo;nde 2024-2025 sezonu kura \u00e7ekimi yap\u0131ld\u0131. UEFA Uluslar B Ligi 4. grupta m\u00fccadele edecek olan T\u00fcrkiye&rsquo;nin rakipleri Galler, \u0130zlanda ve Karada\u011f oldu. UEFA Uluslar Ligi&rsquo;nde 2024-25 sezonunda A Milli Tak\u0131m&rsquo;\u0131n rakipleri belli oldu T\u00fcrkiye, Uluslar B Ligi&rsquo;nde 4. grupta Galler, \u0130zlanda ve Karada\u011f ile e\u015fle\u015fti. T\u00dcRK\u0130YE, B L\u0130G\u0130 4. GRUP&rsquo;TA YER ALDI UEFA [&hellip;]<\/p>\n","protected":false},"author":3,"featured_media":25180,"comment_status":"closed","ping_status":"open","sticky":false,"template":"","format":"standard","meta":{"footnotes":""},"categories":[14,16,3,17,18,15,19,2,1],"tags":[],"class_list":["post-25179","post","type-post","status-publish","format-standard","has-post-thumbnail","hentry","category-avrupa","category-belcika","category-dunya","category-ekonomi","category-kultur-sanat","category-spor","category-tanitim","category-turkiye","category-uncategorized"],"yoast_head":"<!-- This site is optimized with the Yoast SEO plugin v26.9 - https:\/\/yoast.com\/product\/yoast-seo-wordpress\/ -->\n<title>UEFA ULUSLARARASI L\u0130G\u0130NDE KURALAR CEK\u0130LD\u0130 \u0130STE T\u00dcRK\u0130YEN\u0130N RAK\u0130PLER\u0130 - AvrupaPress<\/title>\n<meta name=\"robots\" content=\"index, follow, max-snippet:-1, max-image-preview:large, max-video-preview:-1\" \/>\n<link rel=\"canonical\" href=\"https:\/\/avrupapress.com\/main\/2024\/02\/08\/uefa-uluslararasi-liginde-kuralar-cekildi-iste-turkiyenin-rakipleri\/\" \/>\n<meta property=\"og:locale\" content=\"fr_FR\" \/>\n<meta property=\"og:type\" content=\"article\" \/>\n<meta property=\"og:title\" content=\"UEFA ULUSLARARASI L\u0130G\u0130NDE KURALAR CEK\u0130LD\u0130 \u0130STE T\u00dcRK\u0130YEN\u0130N RAK\u0130PLER\u0130 - AvrupaPress\" \/>\n<meta property=\"og:description\" content=\"UEFA Uluslar Ligi&rsquo;nde 2024-2025 sezonu kura \u00e7ekimi yap\u0131ld\u0131. UEFA Uluslar B Ligi 4. grupta m\u00fccadele edecek olan T\u00fcrkiye&rsquo;nin rakipleri Galler, \u0130zlanda ve Karada\u011f oldu. UEFA Uluslar Ligi&rsquo;nde 2024-25 sezonunda A Milli Tak\u0131m&rsquo;\u0131n rakipleri belli oldu T\u00fcrkiye, Uluslar B Ligi&rsquo;nde 4. grupta Galler, \u0130zlanda ve Karada\u011f ile e\u015fle\u015fti. T\u00dcRK\u0130YE, B L\u0130G\u0130 4. GRUP&rsquo;TA YER ALDI UEFA [&hellip;]\" \/>\n<meta property=\"og:url\" content=\"https:\/\/avrupapress.com\/main\/2024\/02\/08\/uefa-uluslararasi-liginde-kuralar-cekildi-iste-turkiyenin-rakipleri\/\" \/>\n<meta property=\"og:site_name\" content=\"AvrupaPress\" \/>\n<meta property=\"article:published_time\" content=\"2024-02-08T20:35:21+00:00\" \/>\n<meta property=\"og:image\" content=\"https:\/\/avrupapress.com\/main\/wp-content\/uploads\/2024\/02\/uefa-uluslar-ligi-nde-kurular-cekildi-iste_16831974_9182_z1.jpg\" \/>\n\t<meta property=\"og:image:width\" content=\"732\" \/>\n\t<meta property=\"og:image:height\" content=\"411\" \/>\n\t<meta property=\"og:image:type\" content=\"image\/jpeg\" \/>\n<meta name=\"author\" content=\"Edit\u00f6r\" \/>\n<meta name=\"twitter:card\" content=\"summary_large_image\" \/>\n<meta name=\"twitter:label1\" content=\"\u00c9crit par\" \/>\n\t<meta name=\"twitter:data1\" content=\"Edit\u00f6r\" \/>\n\t<meta name=\"twitter:label2\" content=\"Dur\u00e9e de lecture est.\" \/>\n\t<meta name=\"twitter:data2\" content=\"3 minutes\" \/>\n<script type=\"application\/ld+json\" class=\"yoast-schema-graph\">{\"@context\":\"https:\/\/schema.org\",\"@graph\":[{\"@type\":\"Article\",\"@id\":\"https:\/\/avrupapress.com\/main\/2024\/02\/08\/uefa-uluslararasi-liginde-kuralar-cekildi-iste-turkiyenin-rakipleri\/#article\",\"isPartOf\":{\"@id\":\"https:\/\/avrupapress.com\/main\/2024\/02\/08\/uefa-uluslararasi-liginde-kuralar-cekildi-iste-turkiyenin-rakipleri\/\"},\"author\":{\"name\":\"Edit\u00f6r\",\"@id\":\"https:\/\/avrupapress.com\/#\/schema\/person\/68428444ec60970d1e1b700cf4ca1e8f\"},\"headline\":\"UEFA ULUSLARARASI L\u0130G\u0130NDE KURALAR CEK\u0130LD\u0130 \u0130STE T\u00dcRK\u0130YEN\u0130N RAK\u0130PLER\u0130\",\"datePublished\":\"2024-02-08T20:35:21+00:00\",\"mainEntityOfPage\":{\"@id\":\"https:\/\/avrupapress.com\/main\/2024\/02\/08\/uefa-uluslararasi-liginde-kuralar-cekildi-iste-turkiyenin-rakipleri\/\"},\"wordCount\":358,\"publisher\":{\"@id\":\"https:\/\/avrupapress.com\/#\/schema\/person\/0223dca19c72c43575bf30d1a2d8f4fa\"},\"image\":{\"@id\":\"https:\/\/avrupapress.com\/main\/2024\/02\/08\/uefa-uluslararasi-liginde-kuralar-cekildi-iste-turkiyenin-rakipleri\/#primaryimage\"},\"thumbnailUrl\":\"https:\/\/avrupapress.com\/main\/wp-content\/uploads\/2024\/02\/uefa-uluslar-ligi-nde-kurular-cekildi-iste_16831974_9182_z1.jpg\",\"articleSection\":[\"Avrupa\",\"Bel\u00e7ika\",\"D\u00fcnya\",\"Ekonomi\",\"K\u00fclt\u00fcr-Sanat\",\"Spor\",\"Tan\u0131t\u0131m\",\"T\u00fcrkiye\",\"Uncategorized\"],\"inLanguage\":\"fr-BE\"},{\"@type\":\"WebPage\",\"@id\":\"https:\/\/avrupapress.com\/main\/2024\/02\/08\/uefa-uluslararasi-liginde-kuralar-cekildi-iste-turkiyenin-rakipleri\/\",\"url\":\"https:\/\/avrupapress.com\/main\/2024\/02\/08\/uefa-uluslararasi-liginde-kuralar-cekildi-iste-turkiyenin-rakipleri\/\",\"name\":\"UEFA ULUSLARARASI L\u0130G\u0130NDE KURALAR CEK\u0130LD\u0130 \u0130STE T\u00dcRK\u0130YEN\u0130N RAK\u0130PLER\u0130 - AvrupaPress\",\"isPartOf\":{\"@id\":\"https:\/\/avrupapress.com\/#website\"},\"primaryImageOfPage\":{\"@id\":\"https:\/\/avrupapress.com\/main\/2024\/02\/08\/uefa-uluslararasi-liginde-kuralar-cekildi-iste-turkiyenin-rakipleri\/#primaryimage\"},\"image\":{\"@id\":\"https:\/\/avrupapress.com\/main\/2024\/02\/08\/uefa-uluslararasi-liginde-kuralar-cekildi-iste-turkiyenin-rakipleri\/#primaryimage\"},\"thumbnailUrl\":\"https:\/\/avrupapress.com\/main\/wp-content\/uploads\/2024\/02\/uefa-uluslar-ligi-nde-kurular-cekildi-iste_16831974_9182_z1.jpg\",\"datePublished\":\"2024-02-08T20:35:21+00:00\",\"breadcrumb\":{\"@id\":\"https:\/\/avrupapress.com\/main\/2024\/02\/08\/uefa-uluslararasi-liginde-kuralar-cekildi-iste-turkiyenin-rakipleri\/#breadcrumb\"},\"inLanguage\":\"fr-BE\",\"potentialAction\":[{\"@type\":\"ReadAction\",\"target\":[\"https:\/\/avrupapress.com\/main\/2024\/02\/08\/uefa-uluslararasi-liginde-kuralar-cekildi-iste-turkiyenin-rakipleri\/\"]}]},{\"@type\":\"ImageObject\",\"inLanguage\":\"fr-BE\",\"@id\":\"https:\/\/avrupapress.com\/main\/2024\/02\/08\/uefa-uluslararasi-liginde-kuralar-cekildi-iste-turkiyenin-rakipleri\/#primaryimage\",\"url\":\"https:\/\/avrupapress.com\/main\/wp-content\/uploads\/2024\/02\/uefa-uluslar-ligi-nde-kurular-cekildi-iste_16831974_9182_z1.jpg\",\"contentUrl\":\"https:\/\/avrupapress.com\/main\/wp-content\/uploads\/2024\/02\/uefa-uluslar-ligi-nde-kurular-cekildi-iste_16831974_9182_z1.jpg\",\"width\":732,\"height\":411},{\"@type\":\"BreadcrumbList\",\"@id\":\"https:\/\/avrupapress.com\/main\/2024\/02\/08\/uefa-uluslararasi-liginde-kuralar-cekildi-iste-turkiyenin-rakipleri\/#breadcrumb\",\"itemListElement\":[{\"@type\":\"ListItem\",\"position\":1,\"name\":\"Anasayfa\",\"item\":\"https:\/\/avrupapress.com\/\"},{\"@type\":\"ListItem\",\"position\":2,\"name\":\"UEFA ULUSLARARASI L\u0130G\u0130NDE KURALAR CEK\u0130LD\u0130 \u0130STE T\u00dcRK\u0130YEN\u0130N RAK\u0130PLER\u0130\"}]},{\"@type\":\"WebSite\",\"@id\":\"https:\/\/avrupapress.com\/#website\",\"url\":\"https:\/\/avrupapress.com\/\",\"name\":\"AvrupaPress\",\"description\":\"Haberin Adresi\",\"publisher\":{\"@id\":\"https:\/\/avrupapress.com\/#\/schema\/person\/0223dca19c72c43575bf30d1a2d8f4fa\"},\"potentialAction\":[{\"@type\":\"SearchAction\",\"target\":{\"@type\":\"EntryPoint\",\"urlTemplate\":\"https:\/\/avrupapress.com\/?s={search_term_string}\"},\"query-input\":{\"@type\":\"PropertyValueSpecification\",\"valueRequired\":true,\"valueName\":\"search_term_string\"}}],\"inLanguage\":\"fr-BE\"},{\"@type\":[\"Person\",\"Organization\"],\"@id\":\"https:\/\/avrupapress.com\/#\/schema\/person\/0223dca19c72c43575bf30d1a2d8f4fa\",\"name\":\"Bilgin \u00d6z\u00e7ift\u00e7i\",\"image\":{\"@type\":\"ImageObject\",\"inLanguage\":\"fr-BE\",\"@id\":\"https:\/\/avrupapress.com\/#\/schema\/person\/image\/\",\"url\":\"https:\/\/secure.gravatar.com\/avatar\/0f23b280433a21e1ea7a0adcc46ed0ad16afe3ad8e630fd13d8a017dcbd54ef3?s=96&d=mm&r=g\",\"contentUrl\":\"https:\/\/secure.gravatar.com\/avatar\/0f23b280433a21e1ea7a0adcc46ed0ad16afe3ad8e630fd13d8a017dcbd54ef3?s=96&d=mm&r=g\",\"caption\":\"Bilgin \u00d6z\u00e7ift\u00e7i\"},\"logo\":{\"@id\":\"https:\/\/avrupapress.com\/#\/schema\/person\/image\/\"},\"description\":\"Ne ben, nede sen... Biz ancak \\\"biz\\\" olursak g\u00fc\u00e7l\u00fc olabiliriz\"},{\"@type\":\"Person\",\"@id\":\"https:\/\/avrupapress.com\/#\/schema\/person\/68428444ec60970d1e1b700cf4ca1e8f\",\"name\":\"Edit\u00f6r\",\"image\":{\"@type\":\"ImageObject\",\"inLanguage\":\"fr-BE\",\"@id\":\"https:\/\/avrupapress.com\/#\/schema\/person\/image\/\",\"url\":\"https:\/\/secure.gravatar.com\/avatar\/74996b0977aa5f1559ba9883776652508b229005c0d78fb2597897f0bd651c09?s=96&d=mm&r=g\",\"contentUrl\":\"https:\/\/secure.gravatar.com\/avatar\/74996b0977aa5f1559ba9883776652508b229005c0d78fb2597897f0bd651c09?s=96&d=mm&r=g\",\"caption\":\"Edit\u00f6r\"},\"sameAs\":[\"http:\/\/www.avrupapress.com\"],\"url\":\"https:\/\/avrupapress.com\/main\/author\/editor\/\"}]}<\/script>\n<!-- \/ Yoast SEO plugin. -->","yoast_head_json":{"title":"UEFA ULUSLARARASI L\u0130G\u0130NDE KURALAR CEK\u0130LD\u0130 \u0130STE T\u00dcRK\u0130YEN\u0130N RAK\u0130PLER\u0130 - AvrupaPress","robots":{"index":"index","follow":"follow","max-snippet":"max-snippet:-1","max-image-preview":"max-image-preview:large","max-video-preview":"max-video-preview:-1"},"canonical":"https:\/\/avrupapress.com\/main\/2024\/02\/08\/uefa-uluslararasi-liginde-kuralar-cekildi-iste-turkiyenin-rakipleri\/","og_locale":"fr_FR","og_type":"article","og_title":"UEFA ULUSLARARASI L\u0130G\u0130NDE KURALAR CEK\u0130LD\u0130 \u0130STE T\u00dcRK\u0130YEN\u0130N RAK\u0130PLER\u0130 - AvrupaPress","og_description":"UEFA Uluslar Ligi&rsquo;nde 2024-2025 sezonu kura \u00e7ekimi yap\u0131ld\u0131. UEFA Uluslar B Ligi 4. grupta m\u00fccadele edecek olan T\u00fcrkiye&rsquo;nin rakipleri Galler, \u0130zlanda ve Karada\u011f oldu. UEFA Uluslar Ligi&rsquo;nde 2024-25 sezonunda A Milli Tak\u0131m&rsquo;\u0131n rakipleri belli oldu T\u00fcrkiye, Uluslar B Ligi&rsquo;nde 4. grupta Galler, \u0130zlanda ve Karada\u011f ile e\u015fle\u015fti. T\u00dcRK\u0130YE, B L\u0130G\u0130 4. GRUP&rsquo;TA YER ALDI UEFA [&hellip;]","og_url":"https:\/\/avrupapress.com\/main\/2024\/02\/08\/uefa-uluslararasi-liginde-kuralar-cekildi-iste-turkiyenin-rakipleri\/","og_site_name":"AvrupaPress","article_published_time":"2024-02-08T20:35:21+00:00","og_image":[{"width":732,"height":411,"url":"https:\/\/avrupapress.com\/main\/wp-content\/uploads\/2024\/02\/uefa-uluslar-ligi-nde-kurular-cekildi-iste_16831974_9182_z1.jpg","type":"image\/jpeg"}],"author":"Edit\u00f6r","twitter_card":"summary_large_image","twitter_misc":{"\u00c9crit par":"Edit\u00f6r","Dur\u00e9e de lecture est.":"3 minutes"},"schema":{"@context":"https:\/\/schema.org","@graph":[{"@type":"Article","@id":"https:\/\/avrupapress.com\/main\/2024\/02\/08\/uefa-uluslararasi-liginde-kuralar-cekildi-iste-turkiyenin-rakipleri\/#article","isPartOf":{"@id":"https:\/\/avrupapress.com\/main\/2024\/02\/08\/uefa-uluslararasi-liginde-kuralar-cekildi-iste-turkiyenin-rakipleri\/"},"author":{"name":"Edit\u00f6r","@id":"https:\/\/avrupapress.com\/#\/schema\/person\/68428444ec60970d1e1b700cf4ca1e8f"},"headline":"UEFA ULUSLARARASI L\u0130G\u0130NDE KURALAR CEK\u0130LD\u0130 \u0130STE T\u00dcRK\u0130YEN\u0130N RAK\u0130PLER\u0130","datePublished":"2024-02-08T20:35:21+00:00","mainEntityOfPage":{"@id":"https:\/\/avrupapress.com\/main\/2024\/02\/08\/uefa-uluslararasi-liginde-kuralar-cekildi-iste-turkiyenin-rakipleri\/"},"wordCount":358,"publisher":{"@id":"https:\/\/avrupapress.com\/#\/schema\/person\/0223dca19c72c43575bf30d1a2d8f4fa"},"image":{"@id":"https:\/\/avrupapress.com\/main\/2024\/02\/08\/uefa-uluslararasi-liginde-kuralar-cekildi-iste-turkiyenin-rakipleri\/#primaryimage"},"thumbnailUrl":"https:\/\/avrupapress.com\/main\/wp-content\/uploads\/2024\/02\/uefa-uluslar-ligi-nde-kurular-cekildi-iste_16831974_9182_z1.jpg","articleSection":["Avrupa","Bel\u00e7ika","D\u00fcnya","Ekonomi","K\u00fclt\u00fcr-Sanat","Spor","Tan\u0131t\u0131m","T\u00fcrkiye","Uncategorized"],"inLanguage":"fr-BE"},{"@type":"WebPage","@id":"https:\/\/avrupapress.com\/main\/2024\/02\/08\/uefa-uluslararasi-liginde-kuralar-cekildi-iste-turkiyenin-rakipleri\/","url":"https:\/\/avrupapress.com\/main\/2024\/02\/08\/uefa-uluslararasi-liginde-kuralar-cekildi-iste-turkiyenin-rakipleri\/","name":"UEFA ULUSLARARASI L\u0130G\u0130NDE KURALAR CEK\u0130LD\u0130 \u0130STE T\u00dcRK\u0130YEN\u0130N RAK\u0130PLER\u0130 - AvrupaPress","isPartOf":{"@id":"https:\/\/avrupapress.com\/#website"},"primaryImageOfPage":{"@id":"https:\/\/avrupapress.com\/main\/2024\/02\/08\/uefa-uluslararasi-liginde-kuralar-cekildi-iste-turkiyenin-rakipleri\/#primaryimage"},"image":{"@id":"https:\/\/avrupapress.com\/main\/2024\/02\/08\/uefa-uluslararasi-liginde-kuralar-cekildi-iste-turkiyenin-rakipleri\/#primaryimage"},"thumbnailUrl":"https:\/\/avrupapress.com\/main\/wp-content\/uploads\/2024\/02\/uefa-uluslar-ligi-nde-kurular-cekildi-iste_16831974_9182_z1.jpg","datePublished":"2024-02-08T20:35:21+00:00","breadcrumb":{"@id":"https:\/\/avrupapress.com\/main\/2024\/02\/08\/uefa-uluslararasi-liginde-kuralar-cekildi-iste-turkiyenin-rakipleri\/#breadcrumb"},"inLanguage":"fr-BE","potentialAction":[{"@type":"ReadAction","target":["https:\/\/avrupapress.com\/main\/2024\/02\/08\/uefa-uluslararasi-liginde-kuralar-cekildi-iste-turkiyenin-rakipleri\/"]}]},{"@type":"ImageObject","inLanguage":"fr-BE","@id":"https:\/\/avrupapress.com\/main\/2024\/02\/08\/uefa-uluslararasi-liginde-kuralar-cekildi-iste-turkiyenin-rakipleri\/#primaryimage","url":"https:\/\/avrupapress.com\/main\/wp-content\/uploads\/2024\/02\/uefa-uluslar-ligi-nde-kurular-cekildi-iste_16831974_9182_z1.jpg","contentUrl":"https:\/\/avrupapress.com\/main\/wp-content\/uploads\/2024\/02\/uefa-uluslar-ligi-nde-kurular-cekildi-iste_16831974_9182_z1.jpg","width":732,"height":411},{"@type":"BreadcrumbList","@id":"https:\/\/avrupapress.com\/main\/2024\/02\/08\/uefa-uluslararasi-liginde-kuralar-cekildi-iste-turkiyenin-rakipleri\/#breadcrumb","itemListElement":[{"@type":"ListItem","position":1,"name":"Anasayfa","item":"https:\/\/avrupapress.com\/"},{"@type":"ListItem","position":2,"name":"UEFA ULUSLARARASI L\u0130G\u0130NDE KURALAR CEK\u0130LD\u0130 \u0130STE T\u00dcRK\u0130YEN\u0130N RAK\u0130PLER\u0130"}]},{"@type":"WebSite","@id":"https:\/\/avrupapress.com\/#website","url":"https:\/\/avrupapress.com\/","name":"AvrupaPress","description":"Haberin Adresi","publisher":{"@id":"https:\/\/avrupapress.com\/#\/schema\/person\/0223dca19c72c43575bf30d1a2d8f4fa"},"potentialAction":[{"@type":"SearchAction","target":{"@type":"EntryPoint","urlTemplate":"https:\/\/avrupapress.com\/?s={search_term_string}"},"query-input":{"@type":"PropertyValueSpecification","valueRequired":true,"valueName":"search_term_string"}}],"inLanguage":"fr-BE"},{"@type":["Person","Organization"],"@id":"https:\/\/avrupapress.com\/#\/schema\/person\/0223dca19c72c43575bf30d1a2d8f4fa","name":"Bilgin \u00d6z\u00e7ift\u00e7i","image":{"@type":"ImageObject","inLanguage":"fr-BE","@id":"https:\/\/avrupapress.com\/#\/schema\/person\/image\/","url":"https:\/\/secure.gravatar.com\/avatar\/0f23b280433a21e1ea7a0adcc46ed0ad16afe3ad8e630fd13d8a017dcbd54ef3?s=96&d=mm&r=g","contentUrl":"https:\/\/secure.gravatar.com\/avatar\/0f23b280433a21e1ea7a0adcc46ed0ad16afe3ad8e630fd13d8a017dcbd54ef3?s=96&d=mm&r=g","caption":"Bilgin \u00d6z\u00e7ift\u00e7i"},"logo":{"@id":"https:\/\/avrupapress.com\/#\/schema\/person\/image\/"},"description":"Ne ben, nede sen... Biz ancak \"biz\" olursak g\u00fc\u00e7l\u00fc olabiliriz"},{"@type":"Person","@id":"https:\/\/avrupapress.com\/#\/schema\/person\/68428444ec60970d1e1b700cf4ca1e8f","name":"Edit\u00f6r","image":{"@type":"ImageObject","inLanguage":"fr-BE","@id":"https:\/\/avrupapress.com\/#\/schema\/person\/image\/","url":"https:\/\/secure.gravatar.com\/avatar\/74996b0977aa5f1559ba9883776652508b229005c0d78fb2597897f0bd651c09?s=96&d=mm&r=g","contentUrl":"https:\/\/secure.gravatar.com\/avatar\/74996b0977aa5f1559ba9883776652508b229005c0d78fb2597897f0bd651c09?s=96&d=mm&r=g","caption":"Edit\u00f6r"},"sameAs":["http:\/\/www.avrupapress.com"],"url":"https:\/\/avrupapress.com\/main\/author\/editor\/"}]}},"_links":{"self":[{"href":"https:\/\/avrupapress.com\/main\/wp-json\/wp\/v2\/posts\/25179","targetHints":{"allow":["GET"]}}],"collection":[{"href":"https:\/\/avrupapress.com\/main\/wp-json\/wp\/v2\/posts"}],"about":[{"href":"https:\/\/avrupapress.com\/main\/wp-json\/wp\/v2\/types\/post"}],"author":[{"embeddable":true,"href":"https:\/\/avrupapress.com\/main\/wp-json\/wp\/v2\/users\/3"}],"replies":[{"embeddable":true,"href":"https:\/\/avrupapress.com\/main\/wp-json\/wp\/v2\/comments?post=25179"}],"version-history":[{"count":1,"href":"https:\/\/avrupapress.com\/main\/wp-json\/wp\/v2\/posts\/25179\/revisions"}],"predecessor-version":[{"id":25181,"href":"https:\/\/avrupapress.com\/main\/wp-json\/wp\/v2\/posts\/25179\/revisions\/25181"}],"wp:featuredmedia":[{"embeddable":true,"href":"https:\/\/avrupapress.com\/main\/wp-json\/wp\/v2\/media\/25180"}],"wp:attachment":[{"href":"https:\/\/avrupapress.com\/main\/wp-json\/wp\/v2\/media?parent=25179"}],"wp:term":[{"taxonomy":"category","embeddable":true,"href":"https:\/\/avrupapress.com\/main\/wp-json\/wp\/v2\/categories?post=25179"},{"taxonomy":"post_tag","embeddable":true,"href":"https:\/\/avrupapress.com\/main\/wp-json\/wp\/v2\/tags?post=25179"}],"curies":[{"name":"wp","href":"https:\/\/api.w.org\/{rel}","templated":true}]}}