{"id":25175,"date":"2024-02-08T20:25:01","date_gmt":"2024-02-08T20:25:01","guid":{"rendered":"https:\/\/avrupapress.com\/main\/?p=25175"},"modified":"2024-02-08T20:25:23","modified_gmt":"2024-02-08T20:25:23","slug":"avrupadaki-ciftci-eylemleri-turkiyeye-sicradi","status":"publish","type":"post","link":"https:\/\/avrupapress.com\/main\/2024\/02\/08\/avrupadaki-ciftci-eylemleri-turkiyeye-sicradi\/","title":{"rendered":"AVRUPA&rsquo;DAKI CIFTCI EYLEMLERI TURKIYE&rsquo;YE SICRADI"},"content":{"rendered":"<h2 class=\"description\">Avrupa&rsquo;n\u0131n pek \u00e7ok kentinde g\u00fcnlerdir \u00e7ift\u00e7iler, tar\u0131m politikalar\u0131n\u0131 protesto etmek amac\u0131yla trakt\u00f6rlerle soka\u011fa \u00e7\u0131karken benzer g\u00f6r\u00fcnt\u00fclere bug\u00fcn Konya&rsquo;da rastlan\u0131ld\u0131. \u00c7ift\u00e7iler, trakt\u00f6rlerle Seydibey patates fabrikas\u0131 \u00f6n\u00fcne giderek, \u00fcretim kotas\u0131n\u0131n ba\u015fka il\u00e7eye kayd\u0131r\u0131lmas\u0131n\u0131 protesto etti.<\/h2>\n<p>Ba\u015fta Almanya, Fransa, \u0130spanya, Hollanda, Bel\u00e7ika, Polonya, \u0130talya ve Macaristan olmak \u00fczere pek \u00e7ok Avrupa kentinde \u00e7ift\u00e7ilerin ger\u00e7ekle\u015ftirdi trakt\u00f6r konvoylu eylemlerin bir benzeri Konya&rsquo;da ger\u00e7ekle\u015ftirildi. Konya&rsquo;da \u00e7ift\u00e7iler, trakt\u00f6r ve binek ara\u00e7lar\u0131 ile konvoy halinde Seydibey patates fabrikas\u0131 \u00f6n\u00fcne giderek, \u00fcretim kotas\u0131n\u0131n ba\u015fka il\u00e7eye kayd\u0131r\u0131lmas\u0131n\u0131 protesto etti.<\/p>\n<p><img loading=\"lazy\" decoding=\"async\" class=\"hbptMainImage lazyload ImgDetay\" src=\"https:\/\/foto.haberler.com\/haber\/2024\/02\/08\/avrupa-daki-ciftci-eylemleri-turkiye-ye-sicradi-16832172_8015_m.jpg\" alt=\"Avrupa'daki \u00e7ift\u00e7i eylemleri T\u00fcrkiye'ye s\u0131\u00e7rad\u0131! Trakt\u00f6r\u00fcn\u00fc alan fabrikan\u0131n \u00f6n\u00fcne s\u00fcrd\u00fc\" width=\"604\" height=\"661\" data-src=\"https:\/\/foto.haberler.com\/haber\/2024\/02\/08\/avrupa-daki-ciftci-eylemleri-turkiye-ye-sicradi-16832172_8015_m.jpg\" \/><\/p>\n<p>Fabrika \u00f6n\u00fcnde bas\u0131n a\u00e7\u0131klamas\u0131 yapan \u00e7ift\u00e7iler \u00ab\u00a0Patates fabrikas\u0131 taraf\u0131ndan al\u0131nan yanl\u0131\u015f karar fabrikaya ve depolama alan\u0131na daha uzak yerlere daha fazla nakliye ve maliyetlere ekim yapt\u0131rmak, fabrika yak\u0131n\u0131 \u00fcretim arazilerinde varken daha uzak il\u00e7elere kota aktar\u0131m\u0131 akla mant\u0131\u011fa uygun de\u011fildir\u00a0\u00bb dedi.<\/p>\n<p><img loading=\"lazy\" decoding=\"async\" class=\"hbptMainImage lazyload ImgDetay\" src=\"https:\/\/foto.haberler.com\/haber\/2024\/02\/08\/avrupa-daki-ciftci-eylemleri-turkiye-ye-sicradi-16832172_7600_m.jpg\" alt=\"Avrupa'daki \u00e7ift\u00e7i eylemleri T\u00fcrkiye'ye s\u0131\u00e7rad\u0131! Trakt\u00f6r\u00fcn\u00fc alan fabrikan\u0131n \u00f6n\u00fcne s\u00fcrd\u00fc\" width=\"640\" height=\"515\" data-src=\"https:\/\/foto.haberler.com\/haber\/2024\/02\/08\/avrupa-daki-ciftci-eylemleri-turkiye-ye-sicradi-16832172_7600_m.jpg\" \/><\/p>\n<h3>AVRUPA&rsquo;DAK\u0130 \u00c7\u0130FT\u00c7\u0130 EYLEMLER\u0130<\/h3>\n<p>Ba\u015fta Almanya,\u00a0<a class=\"keyword\" title=\"Fransa Haberleri, Fransa Haberi, Fransa Haber\" href=\"https:\/\/www.haberler.com\/fransa\/\"><strong>Fransa<\/strong><\/a>, \u0130spanya, Hollanda, Bel\u00e7ika, Polonya, \u0130talya ve Macaristan olmak \u00fczere pek \u00e7ok AB \u00fclkesinde \u00e7ift\u00e7iler son d\u00f6nemde uygulanan tar\u0131m politikalar\u0131na tepki g\u00f6steriyor.<\/p>\n<p>\u00c7ift\u00e7ilerin ele\u015ftirdi\u011fi konular aras\u0131nda AB&rsquo;nin tar\u0131m politikalar\u0131, do\u011fa restorasyon hedefleri, destek \u00f6demelerindeki kesintiler, Rusya-Ukrayna Sava\u015f\u0131 sonucunda ortaya \u00e7\u0131kan y\u00fcksek enerji, yak\u0131t ve g\u00fcbre maliyetleri, Ukrayna&rsquo;dan gelen ucuz tah\u0131l \u00fcr\u00fcnleri ve su tasarruf tedbirleri yer al\u0131yor.<\/p>\n<p>Avrupa&rsquo;n\u0131n d\u00f6rt bir yan\u0131ndaki \u00e7ift\u00e7iler ge\u00e7en y\u0131ldan beri akaryak\u0131t fiyatlar\u0131, vergilerdeki art\u0131\u015f ve destek \u00f6demelerinin yetersizli\u011fini gerek\u00e7e g\u00f6stererek kamu kurumlar\u0131 ve \u00e7e\u015fitli kurulu\u015flar\u0131n \u00f6n\u00fcne \u00e7amur veya g\u00fcbre d\u00f6kerek ya da yollar\u0131 kapatarak protestolar d\u00fczenliyor.<\/p>\n<p><img loading=\"lazy\" decoding=\"async\" class=\"hbptMainImage lazyload ImgDetay\" src=\"https:\/\/foto.haberler.com\/haber\/2024\/02\/08\/avrupa-daki-ciftci-eylemleri-turkiye-ye-sicradi-16832172_5428_m.jpg\" alt=\"Avrupa'daki \u00e7ift\u00e7i eylemleri T\u00fcrkiye'ye s\u0131\u00e7rad\u0131! Trakt\u00f6r\u00fcn\u00fc alan fabrikan\u0131n \u00f6n\u00fcne s\u00fcrd\u00fc\" width=\"640\" height=\"426\" data-src=\"https:\/\/foto.haberler.com\/haber\/2024\/02\/08\/avrupa-daki-ciftci-eylemleri-turkiye-ye-sicradi-16832172_5428_m.jpg\" \/><\/p>\n<p>Avrupal\u0131 \u00e7ift\u00e7iler, AB&rsquo;nin, \u00ab\u00a0Ye\u015fil Mutabakat kapsam\u0131nda karbon g\u00fcbre ve pestisit kullan\u0131m\u0131na ili\u015fkin kat\u0131 kurallar getirerek tar\u0131msal \u00fcretimi zorla\u015ft\u0131rd\u0131\u011f\u0131\u00a0\u00bb ele\u015ftirisinde bulunuyor.<\/p>\n<p>Polonya ve Romanya&rsquo;da ucuz Ukrayna tah\u0131l\u0131n\u0131n ithalat\u0131n\u0131n yasaklanmas\u0131 talebi \u00f6ne \u00e7\u0131karken, Fransa&rsquo;da artan yak\u0131t fiyatlar\u0131, \u0130talya&rsquo;da ise AB&rsquo;nin \u00ab\u00a0Ye\u015fil Mutabakat\u00a0\u00bb program\u0131 ve artan maliyetler tepkilerin odak noktas\u0131n\u0131 olu\u015fturuyor.<\/p>\n<figure class=\"type:primaryimage hbhOrder\"><img loading=\"lazy\" decoding=\"async\" id=\"HaberImage\" class=\"hbptMainImage\" src=\"https:\/\/foto.haberler.com\/haber\/2024\/02\/08\/avrupa-daki-ciftci-eylemleri-turkiye-ye-sicradi-16832173_9676_amp.jpg\" width=\"1202\" height=\"675\" \/><\/figure>\n<p>&nbsp;<\/p>\n<p><strong>Bilgin Ozciftcii\u00a0 \u00a0 \/\u00a0 \u00a0 AVRUPAPRESS<\/strong><\/p>\n","protected":false},"excerpt":{"rendered":"<p>Avrupa&rsquo;n\u0131n pek \u00e7ok kentinde g\u00fcnlerdir \u00e7ift\u00e7iler, tar\u0131m politikalar\u0131n\u0131 protesto etmek amac\u0131yla trakt\u00f6rlerle soka\u011fa \u00e7\u0131karken benzer g\u00f6r\u00fcnt\u00fclere bug\u00fcn Konya&rsquo;da rastlan\u0131ld\u0131. \u00c7ift\u00e7iler, trakt\u00f6rlerle Seydibey patates fabrikas\u0131 \u00f6n\u00fcne giderek, \u00fcretim kotas\u0131n\u0131n ba\u015fka il\u00e7eye kayd\u0131r\u0131lmas\u0131n\u0131 protesto etti. Ba\u015fta Almanya, Fransa, \u0130spanya, Hollanda, Bel\u00e7ika, Polonya, \u0130talya ve Macaristan olmak \u00fczere pek \u00e7ok Avrupa kentinde \u00e7ift\u00e7ilerin ger\u00e7ekle\u015ftirdi trakt\u00f6r konvoylu eylemlerin bir [&hellip;]<\/p>\n","protected":false},"author":3,"featured_media":25176,"comment_status":"closed","ping_status":"open","sticky":false,"template":"","format":"standard","meta":{"footnotes":""},"categories":[14,16,3,17,18,15,19,2,1],"tags":[],"class_list":["post-25175","post","type-post","status-publish","format-standard","has-post-thumbnail","hentry","category-avrupa","category-belcika","category-dunya","category-ekonomi","category-kultur-sanat","category-spor","category-tanitim","category-turkiye","category-uncategorized"],"yoast_head":"<!-- This site is optimized with the Yoast SEO plugin v26.9 - https:\/\/yoast.com\/product\/yoast-seo-wordpress\/ -->\n<title>AVRUPA&#039;DAKI CIFTCI EYLEMLERI TURKIYE&#039;YE SICRADI - AvrupaPress<\/title>\n<meta name=\"robots\" content=\"index, follow, max-snippet:-1, max-image-preview:large, max-video-preview:-1\" \/>\n<link rel=\"canonical\" href=\"https:\/\/avrupapress.com\/main\/2024\/02\/08\/avrupadaki-ciftci-eylemleri-turkiyeye-sicradi\/\" \/>\n<meta property=\"og:locale\" content=\"fr_FR\" \/>\n<meta property=\"og:type\" content=\"article\" \/>\n<meta property=\"og:title\" content=\"AVRUPA&#039;DAKI CIFTCI EYLEMLERI TURKIYE&#039;YE SICRADI - AvrupaPress\" \/>\n<meta property=\"og:description\" content=\"Avrupa&rsquo;n\u0131n pek \u00e7ok kentinde g\u00fcnlerdir \u00e7ift\u00e7iler, tar\u0131m politikalar\u0131n\u0131 protesto etmek amac\u0131yla trakt\u00f6rlerle soka\u011fa \u00e7\u0131karken benzer g\u00f6r\u00fcnt\u00fclere bug\u00fcn Konya&rsquo;da rastlan\u0131ld\u0131. \u00c7ift\u00e7iler, trakt\u00f6rlerle Seydibey patates fabrikas\u0131 \u00f6n\u00fcne giderek, \u00fcretim kotas\u0131n\u0131n ba\u015fka il\u00e7eye kayd\u0131r\u0131lmas\u0131n\u0131 protesto etti. Ba\u015fta Almanya, Fransa, \u0130spanya, Hollanda, Bel\u00e7ika, Polonya, \u0130talya ve Macaristan olmak \u00fczere pek \u00e7ok Avrupa kentinde \u00e7ift\u00e7ilerin ger\u00e7ekle\u015ftirdi trakt\u00f6r konvoylu eylemlerin bir [&hellip;]\" \/>\n<meta property=\"og:url\" content=\"https:\/\/avrupapress.com\/main\/2024\/02\/08\/avrupadaki-ciftci-eylemleri-turkiyeye-sicradi\/\" \/>\n<meta property=\"og:site_name\" content=\"AvrupaPress\" \/>\n<meta property=\"article:published_time\" content=\"2024-02-08T20:25:01+00:00\" \/>\n<meta property=\"article:modified_time\" content=\"2024-02-08T20:25:23+00:00\" \/>\n<meta property=\"og:image\" content=\"https:\/\/avrupapress.com\/main\/wp-content\/uploads\/2024\/02\/avrupa-daki-ciftci-eylemleri-turkiye-ye-sicradi_16832172_3792_z1.jpg\" \/>\n\t<meta property=\"og:image:width\" content=\"732\" \/>\n\t<meta property=\"og:image:height\" content=\"411\" \/>\n\t<meta property=\"og:image:type\" content=\"image\/jpeg\" \/>\n<meta name=\"author\" content=\"Edit\u00f6r\" \/>\n<meta name=\"twitter:card\" content=\"summary_large_image\" \/>\n<meta name=\"twitter:label1\" content=\"\u00c9crit par\" \/>\n\t<meta name=\"twitter:data1\" content=\"Edit\u00f6r\" \/>\n\t<meta name=\"twitter:label2\" content=\"Dur\u00e9e de lecture est.\" \/>\n\t<meta name=\"twitter:data2\" content=\"3 minutes\" \/>\n<script type=\"application\/ld+json\" class=\"yoast-schema-graph\">{\"@context\":\"https:\/\/schema.org\",\"@graph\":[{\"@type\":\"Article\",\"@id\":\"https:\/\/avrupapress.com\/main\/2024\/02\/08\/avrupadaki-ciftci-eylemleri-turkiyeye-sicradi\/#article\",\"isPartOf\":{\"@id\":\"https:\/\/avrupapress.com\/main\/2024\/02\/08\/avrupadaki-ciftci-eylemleri-turkiyeye-sicradi\/\"},\"author\":{\"name\":\"Edit\u00f6r\",\"@id\":\"https:\/\/avrupapress.com\/#\/schema\/person\/68428444ec60970d1e1b700cf4ca1e8f\"},\"headline\":\"AVRUPA&rsquo;DAKI CIFTCI EYLEMLERI TURKIYE&rsquo;YE SICRADI\",\"datePublished\":\"2024-02-08T20:25:01+00:00\",\"dateModified\":\"2024-02-08T20:25:23+00:00\",\"mainEntityOfPage\":{\"@id\":\"https:\/\/avrupapress.com\/main\/2024\/02\/08\/avrupadaki-ciftci-eylemleri-turkiyeye-sicradi\/\"},\"wordCount\":384,\"publisher\":{\"@id\":\"https:\/\/avrupapress.com\/#\/schema\/person\/0223dca19c72c43575bf30d1a2d8f4fa\"},\"image\":{\"@id\":\"https:\/\/avrupapress.com\/main\/2024\/02\/08\/avrupadaki-ciftci-eylemleri-turkiyeye-sicradi\/#primaryimage\"},\"thumbnailUrl\":\"https:\/\/avrupapress.com\/main\/wp-content\/uploads\/2024\/02\/avrupa-daki-ciftci-eylemleri-turkiye-ye-sicradi_16832172_3792_z1.jpg\",\"articleSection\":[\"Avrupa\",\"Bel\u00e7ika\",\"D\u00fcnya\",\"Ekonomi\",\"K\u00fclt\u00fcr-Sanat\",\"Spor\",\"Tan\u0131t\u0131m\",\"T\u00fcrkiye\",\"Uncategorized\"],\"inLanguage\":\"fr-BE\"},{\"@type\":\"WebPage\",\"@id\":\"https:\/\/avrupapress.com\/main\/2024\/02\/08\/avrupadaki-ciftci-eylemleri-turkiyeye-sicradi\/\",\"url\":\"https:\/\/avrupapress.com\/main\/2024\/02\/08\/avrupadaki-ciftci-eylemleri-turkiyeye-sicradi\/\",\"name\":\"AVRUPA'DAKI CIFTCI EYLEMLERI TURKIYE'YE SICRADI - AvrupaPress\",\"isPartOf\":{\"@id\":\"https:\/\/avrupapress.com\/#website\"},\"primaryImageOfPage\":{\"@id\":\"https:\/\/avrupapress.com\/main\/2024\/02\/08\/avrupadaki-ciftci-eylemleri-turkiyeye-sicradi\/#primaryimage\"},\"image\":{\"@id\":\"https:\/\/avrupapress.com\/main\/2024\/02\/08\/avrupadaki-ciftci-eylemleri-turkiyeye-sicradi\/#primaryimage\"},\"thumbnailUrl\":\"https:\/\/avrupapress.com\/main\/wp-content\/uploads\/2024\/02\/avrupa-daki-ciftci-eylemleri-turkiye-ye-sicradi_16832172_3792_z1.jpg\",\"datePublished\":\"2024-02-08T20:25:01+00:00\",\"dateModified\":\"2024-02-08T20:25:23+00:00\",\"breadcrumb\":{\"@id\":\"https:\/\/avrupapress.com\/main\/2024\/02\/08\/avrupadaki-ciftci-eylemleri-turkiyeye-sicradi\/#breadcrumb\"},\"inLanguage\":\"fr-BE\",\"potentialAction\":[{\"@type\":\"ReadAction\",\"target\":[\"https:\/\/avrupapress.com\/main\/2024\/02\/08\/avrupadaki-ciftci-eylemleri-turkiyeye-sicradi\/\"]}]},{\"@type\":\"ImageObject\",\"inLanguage\":\"fr-BE\",\"@id\":\"https:\/\/avrupapress.com\/main\/2024\/02\/08\/avrupadaki-ciftci-eylemleri-turkiyeye-sicradi\/#primaryimage\",\"url\":\"https:\/\/avrupapress.com\/main\/wp-content\/uploads\/2024\/02\/avrupa-daki-ciftci-eylemleri-turkiye-ye-sicradi_16832172_3792_z1.jpg\",\"contentUrl\":\"https:\/\/avrupapress.com\/main\/wp-content\/uploads\/2024\/02\/avrupa-daki-ciftci-eylemleri-turkiye-ye-sicradi_16832172_3792_z1.jpg\",\"width\":732,\"height\":411},{\"@type\":\"BreadcrumbList\",\"@id\":\"https:\/\/avrupapress.com\/main\/2024\/02\/08\/avrupadaki-ciftci-eylemleri-turkiyeye-sicradi\/#breadcrumb\",\"itemListElement\":[{\"@type\":\"ListItem\",\"position\":1,\"name\":\"Anasayfa\",\"item\":\"https:\/\/avrupapress.com\/\"},{\"@type\":\"ListItem\",\"position\":2,\"name\":\"AVRUPA&#8217;DAKI CIFTCI EYLEMLERI TURKIYE&#8217;YE SICRADI\"}]},{\"@type\":\"WebSite\",\"@id\":\"https:\/\/avrupapress.com\/#website\",\"url\":\"https:\/\/avrupapress.com\/\",\"name\":\"AvrupaPress\",\"description\":\"Haberin Adresi\",\"publisher\":{\"@id\":\"https:\/\/avrupapress.com\/#\/schema\/person\/0223dca19c72c43575bf30d1a2d8f4fa\"},\"potentialAction\":[{\"@type\":\"SearchAction\",\"target\":{\"@type\":\"EntryPoint\",\"urlTemplate\":\"https:\/\/avrupapress.com\/?s={search_term_string}\"},\"query-input\":{\"@type\":\"PropertyValueSpecification\",\"valueRequired\":true,\"valueName\":\"search_term_string\"}}],\"inLanguage\":\"fr-BE\"},{\"@type\":[\"Person\",\"Organization\"],\"@id\":\"https:\/\/avrupapress.com\/#\/schema\/person\/0223dca19c72c43575bf30d1a2d8f4fa\",\"name\":\"Bilgin \u00d6z\u00e7ift\u00e7i\",\"image\":{\"@type\":\"ImageObject\",\"inLanguage\":\"fr-BE\",\"@id\":\"https:\/\/avrupapress.com\/#\/schema\/person\/image\/\",\"url\":\"https:\/\/secure.gravatar.com\/avatar\/0f23b280433a21e1ea7a0adcc46ed0ad16afe3ad8e630fd13d8a017dcbd54ef3?s=96&d=mm&r=g\",\"contentUrl\":\"https:\/\/secure.gravatar.com\/avatar\/0f23b280433a21e1ea7a0adcc46ed0ad16afe3ad8e630fd13d8a017dcbd54ef3?s=96&d=mm&r=g\",\"caption\":\"Bilgin \u00d6z\u00e7ift\u00e7i\"},\"logo\":{\"@id\":\"https:\/\/avrupapress.com\/#\/schema\/person\/image\/\"},\"description\":\"Ne ben, nede sen... Biz ancak \\\"biz\\\" olursak g\u00fc\u00e7l\u00fc olabiliriz\"},{\"@type\":\"Person\",\"@id\":\"https:\/\/avrupapress.com\/#\/schema\/person\/68428444ec60970d1e1b700cf4ca1e8f\",\"name\":\"Edit\u00f6r\",\"image\":{\"@type\":\"ImageObject\",\"inLanguage\":\"fr-BE\",\"@id\":\"https:\/\/avrupapress.com\/#\/schema\/person\/image\/\",\"url\":\"https:\/\/secure.gravatar.com\/avatar\/74996b0977aa5f1559ba9883776652508b229005c0d78fb2597897f0bd651c09?s=96&d=mm&r=g\",\"contentUrl\":\"https:\/\/secure.gravatar.com\/avatar\/74996b0977aa5f1559ba9883776652508b229005c0d78fb2597897f0bd651c09?s=96&d=mm&r=g\",\"caption\":\"Edit\u00f6r\"},\"sameAs\":[\"http:\/\/www.avrupapress.com\"],\"url\":\"https:\/\/avrupapress.com\/main\/author\/editor\/\"}]}<\/script>\n<!-- \/ Yoast SEO plugin. -->","yoast_head_json":{"title":"AVRUPA'DAKI CIFTCI EYLEMLERI TURKIYE'YE SICRADI - AvrupaPress","robots":{"index":"index","follow":"follow","max-snippet":"max-snippet:-1","max-image-preview":"max-image-preview:large","max-video-preview":"max-video-preview:-1"},"canonical":"https:\/\/avrupapress.com\/main\/2024\/02\/08\/avrupadaki-ciftci-eylemleri-turkiyeye-sicradi\/","og_locale":"fr_FR","og_type":"article","og_title":"AVRUPA'DAKI CIFTCI EYLEMLERI TURKIYE'YE SICRADI - AvrupaPress","og_description":"Avrupa&rsquo;n\u0131n pek \u00e7ok kentinde g\u00fcnlerdir \u00e7ift\u00e7iler, tar\u0131m politikalar\u0131n\u0131 protesto etmek amac\u0131yla trakt\u00f6rlerle soka\u011fa \u00e7\u0131karken benzer g\u00f6r\u00fcnt\u00fclere bug\u00fcn Konya&rsquo;da rastlan\u0131ld\u0131. \u00c7ift\u00e7iler, trakt\u00f6rlerle Seydibey patates fabrikas\u0131 \u00f6n\u00fcne giderek, \u00fcretim kotas\u0131n\u0131n ba\u015fka il\u00e7eye kayd\u0131r\u0131lmas\u0131n\u0131 protesto etti. Ba\u015fta Almanya, Fransa, \u0130spanya, Hollanda, Bel\u00e7ika, Polonya, \u0130talya ve Macaristan olmak \u00fczere pek \u00e7ok Avrupa kentinde \u00e7ift\u00e7ilerin ger\u00e7ekle\u015ftirdi trakt\u00f6r konvoylu eylemlerin bir [&hellip;]","og_url":"https:\/\/avrupapress.com\/main\/2024\/02\/08\/avrupadaki-ciftci-eylemleri-turkiyeye-sicradi\/","og_site_name":"AvrupaPress","article_published_time":"2024-02-08T20:25:01+00:00","article_modified_time":"2024-02-08T20:25:23+00:00","og_image":[{"width":732,"height":411,"url":"https:\/\/avrupapress.com\/main\/wp-content\/uploads\/2024\/02\/avrupa-daki-ciftci-eylemleri-turkiye-ye-sicradi_16832172_3792_z1.jpg","type":"image\/jpeg"}],"author":"Edit\u00f6r","twitter_card":"summary_large_image","twitter_misc":{"\u00c9crit par":"Edit\u00f6r","Dur\u00e9e de lecture est.":"3 minutes"},"schema":{"@context":"https:\/\/schema.org","@graph":[{"@type":"Article","@id":"https:\/\/avrupapress.com\/main\/2024\/02\/08\/avrupadaki-ciftci-eylemleri-turkiyeye-sicradi\/#article","isPartOf":{"@id":"https:\/\/avrupapress.com\/main\/2024\/02\/08\/avrupadaki-ciftci-eylemleri-turkiyeye-sicradi\/"},"author":{"name":"Edit\u00f6r","@id":"https:\/\/avrupapress.com\/#\/schema\/person\/68428444ec60970d1e1b700cf4ca1e8f"},"headline":"AVRUPA&rsquo;DAKI CIFTCI EYLEMLERI TURKIYE&rsquo;YE SICRADI","datePublished":"2024-02-08T20:25:01+00:00","dateModified":"2024-02-08T20:25:23+00:00","mainEntityOfPage":{"@id":"https:\/\/avrupapress.com\/main\/2024\/02\/08\/avrupadaki-ciftci-eylemleri-turkiyeye-sicradi\/"},"wordCount":384,"publisher":{"@id":"https:\/\/avrupapress.com\/#\/schema\/person\/0223dca19c72c43575bf30d1a2d8f4fa"},"image":{"@id":"https:\/\/avrupapress.com\/main\/2024\/02\/08\/avrupadaki-ciftci-eylemleri-turkiyeye-sicradi\/#primaryimage"},"thumbnailUrl":"https:\/\/avrupapress.com\/main\/wp-content\/uploads\/2024\/02\/avrupa-daki-ciftci-eylemleri-turkiye-ye-sicradi_16832172_3792_z1.jpg","articleSection":["Avrupa","Bel\u00e7ika","D\u00fcnya","Ekonomi","K\u00fclt\u00fcr-Sanat","Spor","Tan\u0131t\u0131m","T\u00fcrkiye","Uncategorized"],"inLanguage":"fr-BE"},{"@type":"WebPage","@id":"https:\/\/avrupapress.com\/main\/2024\/02\/08\/avrupadaki-ciftci-eylemleri-turkiyeye-sicradi\/","url":"https:\/\/avrupapress.com\/main\/2024\/02\/08\/avrupadaki-ciftci-eylemleri-turkiyeye-sicradi\/","name":"AVRUPA'DAKI CIFTCI EYLEMLERI TURKIYE'YE SICRADI - AvrupaPress","isPartOf":{"@id":"https:\/\/avrupapress.com\/#website"},"primaryImageOfPage":{"@id":"https:\/\/avrupapress.com\/main\/2024\/02\/08\/avrupadaki-ciftci-eylemleri-turkiyeye-sicradi\/#primaryimage"},"image":{"@id":"https:\/\/avrupapress.com\/main\/2024\/02\/08\/avrupadaki-ciftci-eylemleri-turkiyeye-sicradi\/#primaryimage"},"thumbnailUrl":"https:\/\/avrupapress.com\/main\/wp-content\/uploads\/2024\/02\/avrupa-daki-ciftci-eylemleri-turkiye-ye-sicradi_16832172_3792_z1.jpg","datePublished":"2024-02-08T20:25:01+00:00","dateModified":"2024-02-08T20:25:23+00:00","breadcrumb":{"@id":"https:\/\/avrupapress.com\/main\/2024\/02\/08\/avrupadaki-ciftci-eylemleri-turkiyeye-sicradi\/#breadcrumb"},"inLanguage":"fr-BE","potentialAction":[{"@type":"ReadAction","target":["https:\/\/avrupapress.com\/main\/2024\/02\/08\/avrupadaki-ciftci-eylemleri-turkiyeye-sicradi\/"]}]},{"@type":"ImageObject","inLanguage":"fr-BE","@id":"https:\/\/avrupapress.com\/main\/2024\/02\/08\/avrupadaki-ciftci-eylemleri-turkiyeye-sicradi\/#primaryimage","url":"https:\/\/avrupapress.com\/main\/wp-content\/uploads\/2024\/02\/avrupa-daki-ciftci-eylemleri-turkiye-ye-sicradi_16832172_3792_z1.jpg","contentUrl":"https:\/\/avrupapress.com\/main\/wp-content\/uploads\/2024\/02\/avrupa-daki-ciftci-eylemleri-turkiye-ye-sicradi_16832172_3792_z1.jpg","width":732,"height":411},{"@type":"BreadcrumbList","@id":"https:\/\/avrupapress.com\/main\/2024\/02\/08\/avrupadaki-ciftci-eylemleri-turkiyeye-sicradi\/#breadcrumb","itemListElement":[{"@type":"ListItem","position":1,"name":"Anasayfa","item":"https:\/\/avrupapress.com\/"},{"@type":"ListItem","position":2,"name":"AVRUPA&#8217;DAKI CIFTCI EYLEMLERI TURKIYE&#8217;YE SICRADI"}]},{"@type":"WebSite","@id":"https:\/\/avrupapress.com\/#website","url":"https:\/\/avrupapress.com\/","name":"AvrupaPress","description":"Haberin Adresi","publisher":{"@id":"https:\/\/avrupapress.com\/#\/schema\/person\/0223dca19c72c43575bf30d1a2d8f4fa"},"potentialAction":[{"@type":"SearchAction","target":{"@type":"EntryPoint","urlTemplate":"https:\/\/avrupapress.com\/?s={search_term_string}"},"query-input":{"@type":"PropertyValueSpecification","valueRequired":true,"valueName":"search_term_string"}}],"inLanguage":"fr-BE"},{"@type":["Person","Organization"],"@id":"https:\/\/avrupapress.com\/#\/schema\/person\/0223dca19c72c43575bf30d1a2d8f4fa","name":"Bilgin \u00d6z\u00e7ift\u00e7i","image":{"@type":"ImageObject","inLanguage":"fr-BE","@id":"https:\/\/avrupapress.com\/#\/schema\/person\/image\/","url":"https:\/\/secure.gravatar.com\/avatar\/0f23b280433a21e1ea7a0adcc46ed0ad16afe3ad8e630fd13d8a017dcbd54ef3?s=96&d=mm&r=g","contentUrl":"https:\/\/secure.gravatar.com\/avatar\/0f23b280433a21e1ea7a0adcc46ed0ad16afe3ad8e630fd13d8a017dcbd54ef3?s=96&d=mm&r=g","caption":"Bilgin \u00d6z\u00e7ift\u00e7i"},"logo":{"@id":"https:\/\/avrupapress.com\/#\/schema\/person\/image\/"},"description":"Ne ben, nede sen... Biz ancak \"biz\" olursak g\u00fc\u00e7l\u00fc olabiliriz"},{"@type":"Person","@id":"https:\/\/avrupapress.com\/#\/schema\/person\/68428444ec60970d1e1b700cf4ca1e8f","name":"Edit\u00f6r","image":{"@type":"ImageObject","inLanguage":"fr-BE","@id":"https:\/\/avrupapress.com\/#\/schema\/person\/image\/","url":"https:\/\/secure.gravatar.com\/avatar\/74996b0977aa5f1559ba9883776652508b229005c0d78fb2597897f0bd651c09?s=96&d=mm&r=g","contentUrl":"https:\/\/secure.gravatar.com\/avatar\/74996b0977aa5f1559ba9883776652508b229005c0d78fb2597897f0bd651c09?s=96&d=mm&r=g","caption":"Edit\u00f6r"},"sameAs":["http:\/\/www.avrupapress.com"],"url":"https:\/\/avrupapress.com\/main\/author\/editor\/"}]}},"_links":{"self":[{"href":"https:\/\/avrupapress.com\/main\/wp-json\/wp\/v2\/posts\/25175","targetHints":{"allow":["GET"]}}],"collection":[{"href":"https:\/\/avrupapress.com\/main\/wp-json\/wp\/v2\/posts"}],"about":[{"href":"https:\/\/avrupapress.com\/main\/wp-json\/wp\/v2\/types\/post"}],"author":[{"embeddable":true,"href":"https:\/\/avrupapress.com\/main\/wp-json\/wp\/v2\/users\/3"}],"replies":[{"embeddable":true,"href":"https:\/\/avrupapress.com\/main\/wp-json\/wp\/v2\/comments?post=25175"}],"version-history":[{"count":2,"href":"https:\/\/avrupapress.com\/main\/wp-json\/wp\/v2\/posts\/25175\/revisions"}],"predecessor-version":[{"id":25178,"href":"https:\/\/avrupapress.com\/main\/wp-json\/wp\/v2\/posts\/25175\/revisions\/25178"}],"wp:featuredmedia":[{"embeddable":true,"href":"https:\/\/avrupapress.com\/main\/wp-json\/wp\/v2\/media\/25176"}],"wp:attachment":[{"href":"https:\/\/avrupapress.com\/main\/wp-json\/wp\/v2\/media?parent=25175"}],"wp:term":[{"taxonomy":"category","embeddable":true,"href":"https:\/\/avrupapress.com\/main\/wp-json\/wp\/v2\/categories?post=25175"},{"taxonomy":"post_tag","embeddable":true,"href":"https:\/\/avrupapress.com\/main\/wp-json\/wp\/v2\/tags?post=25175"}],"curies":[{"name":"wp","href":"https:\/\/api.w.org\/{rel}","templated":true}]}}