{"id":24411,"date":"2023-11-28T21:15:07","date_gmt":"2023-11-28T21:15:07","guid":{"rendered":"https:\/\/avrupapress.com\/main\/?p=24411"},"modified":"2023-11-29T19:10:07","modified_gmt":"2023-11-29T19:10:07","slug":"eli-yuksel-emirdagli-gurbetciler-icin-gent-sehrinde-bir-emirdag-meydani-veya-caddesi-istedi","status":"publish","type":"post","link":"https:\/\/avrupapress.com\/main\/2023\/11\/28\/eli-yuksel-emirdagli-gurbetciler-icin-gent-sehrinde-bir-emirdag-meydani-veya-caddesi-istedi\/","title":{"rendered":"Veli Y\u00fcksel Emirda\u011f\u2019l\u0131 gurbet\u00e7iler i\u00e7in Gent \u015fehrinde bir Emirda\u011f meydan\u0131 veya caddesi istedi"},"content":{"rendered":"<p><strong>\u00d6n\u00fcm\u00fczdeki y\u0131l Bel\u00e7ika&rsquo;ya T\u00fcrk g\u00f6\u00e7\u00fcn\u00fcn 60. y\u0131ld\u00f6n\u00fcm\u00fcn\u00fc anaca\u011f\u0131z. 1964 sonbahar\u0131nda Br\u00fcksel ve Gent&rsquo;e ilk T\u00fcrk i\u015f\u00e7iler geldi. \u0130lk T\u00fcrk erkekleri \u015fehrimizdeki tekstil fabrikalar\u0131nda \u00e7al\u0131\u015fmak \u00fczere Gent&rsquo;e geldiler. Daha sonra, y\u00fczlerce ve binlerce T\u00fcrk i\u015f\u00e7i aileleri Gent\u2019in yolunu tuttu.\u00a0<\/strong><\/p>\n<div dir=\"auto\">\u00d6n\u00fcm\u00fczdeki y\u0131l Bel\u00e7ika&rsquo;ya T\u00fcrk g\u00f6\u00e7\u00fcn\u00fcn 60. y\u0131ld\u00f6n\u00fcm\u00fcn\u00fc anaca\u011f\u0131z. 1964 sonbahar\u0131nda Br\u00fcksel ve Gent&rsquo;e ilk T\u00fcrk i\u015f\u00e7iler geldi. \u0130lk T\u00fcrk erkekleri \u015fehrimizdeki tekstil fabrikalar\u0131nda \u00e7al\u0131\u015fmak \u00fczere Gent&rsquo;e geldiler. Daha sonra, y\u00fczlerce ve binlerce T\u00fcrk i\u015f\u00e7i aileleri Gent\u2019in yolunu tuttu.<\/div>\n<div dir=\"auto\"><img loading=\"lazy\" decoding=\"async\" class=\"alignnone size-medium wp-image-24417\" src=\"https:\/\/avrupapress.com\/main\/wp-content\/uploads\/2023\/11\/0-29-300x200.jpg\" alt=\"\" width=\"300\" height=\"200\" srcset=\"https:\/\/avrupapress.com\/main\/wp-content\/uploads\/2023\/11\/0-29-300x200.jpg 300w, https:\/\/avrupapress.com\/main\/wp-content\/uploads\/2023\/11\/0-29-1024x683.jpg 1024w, https:\/\/avrupapress.com\/main\/wp-content\/uploads\/2023\/11\/0-29-768x512.jpg 768w, https:\/\/avrupapress.com\/main\/wp-content\/uploads\/2023\/11\/0-29.jpg 1186w\" sizes=\"auto, (max-width: 300px) 100vw, 300px\" \/><\/div>\n<div dir=\"auto\">Bu i\u015f\u00e7ilerin ve ailelerinin b\u00fcy\u00fck bir b\u00f6l\u00fcm\u00fc Emirda\u011f&rsquo;dan Gent\u2019e geldiler. Y\u0131llar sonra Emirda\u011f&rsquo;\u0131n T\u00fcrkiye&rsquo;den gelen g\u00f6\u00e7menlerin tedarik\u00e7isi oldu\u011funu s\u00f6yleyebiliriz.<\/div>\n<div dir=\"auto\"><\/div>\n<div dir=\"auto\">Gent Belediye Meclis Veli Y\u00fcksel: \u201cEmirda\u011fl\u0131 T\u00fcrk aileler y\u0131llard\u0131r Gent sokaklar\u0131n\u0131n, \u00f6zellikle de Sleepstraat&rsquo;\u0131n, bir par\u00e7as\u0131 olmu\u015ftur.<\/div>\n<div dir=\"auto\">Emirda\u011f&rsquo;\u0131n Gent&rsquo;le ve Gent&rsquo;te ya\u015fayan T\u00fcrklerle bu denli ba\u011flant\u0131l\u0131 olmas\u0131 nedeniyle, Gent\u2019te bir meydan veya caddeye bu Emirda\u011f\u0131n ad\u0131n\u0131n verilmesini \u00f6neriyorum. Gent ve Emirda\u011f aras\u0131ndaki tarihi ba\u011f\u0131 \u00f6l\u00fcms\u00fczle\u015ftirilmeliyiz ve bu da bir meydan ya da caddeye Emirda\u011f&rsquo;\u0131n ad\u0131n\u0131n verilmesiyle yap\u0131labilir. G\u00f6\u00e7\u00fcn 60. Y\u0131l\u0131n\u0131 kutlayaca\u011f\u0131m\u0131z 2024 y\u0131l\u0131 an\u0131s\u0131na b\u00f6yle bir teklifte bulundum.<\/div>\n<div dir=\"auto\">B\u00f6yle bir giri\u015fim yar\u0131m as\u0131rdan fazla \u015fehrimizde ya\u015fayan on binlerce T\u00fcrk k\u00f6kenli Gentliyi onure edecektir.\u201d, \u015feklinde konu\u015ftu.<\/div>\n<div dir=\"auto\"><img loading=\"lazy\" decoding=\"async\" class=\"alignnone size-medium wp-image-24420\" src=\"https:\/\/avrupapress.com\/main\/wp-content\/uploads\/2023\/11\/0-32-300x169.jpg\" alt=\"\" width=\"300\" height=\"169\" srcset=\"https:\/\/avrupapress.com\/main\/wp-content\/uploads\/2023\/11\/0-32-300x169.jpg 300w, https:\/\/avrupapress.com\/main\/wp-content\/uploads\/2023\/11\/0-32-768x432.jpg 768w, https:\/\/avrupapress.com\/main\/wp-content\/uploads\/2023\/11\/0-32-740x420.jpg 740w, https:\/\/avrupapress.com\/main\/wp-content\/uploads\/2023\/11\/0-32.jpg 1024w\" sizes=\"auto, (max-width: 300px) 100vw, 300px\" \/><\/div>\n<div dir=\"auto\">Emirda\u011f l\u0131 Gentliler tekstil fabrikalar\u0131nda ve daha sonra ba\u015fka sekt\u00f6rlerde \u00e7al\u0131\u015farak \u00fclke ekonomisine katk\u0131 sa\u011flad\u0131lar.<\/div>\n<div dir=\"auto\">Veli Y\u00fcksel: \u201cEmirda\u011fl\u0131 hem\u015fehrilerimiz Gentin b\u00f6l\u00fcnmez bir par\u00e7as\u0131 haline gelmi\u015ftir. Ba\u015fta kad\u0131n, erkek t\u00fcm vatanda\u015flar\u0131m\u0131z, Esnaf ve restoranlar\u0131yla, dernekleriyle ve \u00f6\u011frencileri ve d\u00fczenlenen sosyal k\u00fclt\u00fcrel t\u00fcm etkinliklerle Gent\u2019e damgas\u0131n\u0131 vurmu\u015ftur.\u201d<\/div>\n<div dir=\"auto\"><\/div>\n<div dir=\"auto\">Y\u00fcksel teklifini d\u00fcn Emirda\u011f meydan\u0131\/caddesi \u00f6nergesini belediye Meclisinde dile getirdi. Veli Y\u00fcksel: \u201cBelediye ba\u015fkan\u0131 Mathias De Clercq\u2019in teklifime olumlu cevap vermesi beni ziyadesiyle memnun etmi\u015ftir. Bu olumlu karar Belediyemizin toplumumuza s\u0131cak yakla\u015f\u0131m\u0131n\u0131n bir g\u00f6stergesidir. Gent T\u00fcrk ve Emirda\u011f halk\u0131 ad\u0131na herkese \u015f\u00fckranlar\u0131m\u0131 sunuyorum.\u201d, dedi.<\/div>\n<div dir=\"auto\"><img loading=\"lazy\" decoding=\"async\" class=\"alignnone size-medium wp-image-24418\" src=\"https:\/\/avrupapress.com\/main\/wp-content\/uploads\/2023\/11\/0-30-300x200.jpg\" alt=\"\" width=\"300\" height=\"200\" srcset=\"https:\/\/avrupapress.com\/main\/wp-content\/uploads\/2023\/11\/0-30-300x200.jpg 300w, https:\/\/avrupapress.com\/main\/wp-content\/uploads\/2023\/11\/0-30-1024x683.jpg 1024w, https:\/\/avrupapress.com\/main\/wp-content\/uploads\/2023\/11\/0-30-768x512.jpg 768w, https:\/\/avrupapress.com\/main\/wp-content\/uploads\/2023\/11\/0-30.jpg 1186w\" sizes=\"auto, (max-width: 300px) 100vw, 300px\" \/><\/div>\n<div dir=\"auto\"><\/div>\n<div dir=\"auto\"><img loading=\"lazy\" decoding=\"async\" class=\"alignnone size-medium wp-image-24412\" src=\"https:\/\/avrupapress.com\/main\/wp-content\/uploads\/2023\/11\/IMG-20231128-WA0019-300x230.jpg\" alt=\"\" width=\"300\" height=\"230\" srcset=\"https:\/\/avrupapress.com\/main\/wp-content\/uploads\/2023\/11\/IMG-20231128-WA0019-300x230.jpg 300w, https:\/\/avrupapress.com\/main\/wp-content\/uploads\/2023\/11\/IMG-20231128-WA0019-768x588.jpg 768w, https:\/\/avrupapress.com\/main\/wp-content\/uploads\/2023\/11\/IMG-20231128-WA0019.jpg 1024w\" sizes=\"auto, (max-width: 300px) 100vw, 300px\" \/><\/div>\n<div dir=\"auto\"><img loading=\"lazy\" decoding=\"async\" class=\"alignnone size-medium wp-image-24419\" src=\"https:\/\/avrupapress.com\/main\/wp-content\/uploads\/2023\/11\/0-31-300x200.jpg\" alt=\"\" width=\"300\" height=\"200\" srcset=\"https:\/\/avrupapress.com\/main\/wp-content\/uploads\/2023\/11\/0-31-300x200.jpg 300w, https:\/\/avrupapress.com\/main\/wp-content\/uploads\/2023\/11\/0-31-1024x682.jpg 1024w, https:\/\/avrupapress.com\/main\/wp-content\/uploads\/2023\/11\/0-31-768x512.jpg 768w, https:\/\/avrupapress.com\/main\/wp-content\/uploads\/2023\/11\/0-31.jpg 1058w\" sizes=\"auto, (max-width: 300px) 100vw, 300px\" \/><\/div>\n<div dir=\"auto\"><strong>Bilgin Ozcifci\u00a0 \u00a0 \/\u00a0 \u00a0 AVRUPAPRESS<\/strong><\/div>\n","protected":false},"excerpt":{"rendered":"<p>\u00d6n\u00fcm\u00fczdeki y\u0131l Bel\u00e7ika&rsquo;ya T\u00fcrk g\u00f6\u00e7\u00fcn\u00fcn 60. y\u0131ld\u00f6n\u00fcm\u00fcn\u00fc anaca\u011f\u0131z. 1964 sonbahar\u0131nda Br\u00fcksel ve Gent&rsquo;e ilk T\u00fcrk i\u015f\u00e7iler geldi. \u0130lk T\u00fcrk erkekleri \u015fehrimizdeki tekstil fabrikalar\u0131nda \u00e7al\u0131\u015fmak \u00fczere Gent&rsquo;e geldiler. Daha sonra, y\u00fczlerce ve binlerce T\u00fcrk i\u015f\u00e7i aileleri Gent\u2019in yolunu tuttu.\u00a0 \u00d6n\u00fcm\u00fczdeki y\u0131l Bel\u00e7ika&rsquo;ya T\u00fcrk g\u00f6\u00e7\u00fcn\u00fcn 60. y\u0131ld\u00f6n\u00fcm\u00fcn\u00fc anaca\u011f\u0131z. 1964 sonbahar\u0131nda Br\u00fcksel ve Gent&rsquo;e ilk T\u00fcrk i\u015f\u00e7iler geldi. [&hellip;]<\/p>\n","protected":false},"author":3,"featured_media":24412,"comment_status":"closed","ping_status":"open","sticky":false,"template":"","format":"standard","meta":{"footnotes":""},"categories":[14,16,3,17,18,15,19,2,1],"tags":[],"class_list":["post-24411","post","type-post","status-publish","format-standard","has-post-thumbnail","hentry","category-avrupa","category-belcika","category-dunya","category-ekonomi","category-kultur-sanat","category-spor","category-tanitim","category-turkiye","category-uncategorized"],"yoast_head":"<!-- This site is optimized with the Yoast SEO plugin v26.9 - https:\/\/yoast.com\/product\/yoast-seo-wordpress\/ -->\n<title>Veli Y\u00fcksel Emirda\u011f\u2019l\u0131 gurbet\u00e7iler i\u00e7in Gent \u015fehrinde bir Emirda\u011f meydan\u0131 veya caddesi istedi - AvrupaPress<\/title>\n<meta name=\"robots\" content=\"index, follow, max-snippet:-1, max-image-preview:large, max-video-preview:-1\" \/>\n<link rel=\"canonical\" href=\"https:\/\/avrupapress.com\/main\/2023\/11\/28\/eli-yuksel-emirdagli-gurbetciler-icin-gent-sehrinde-bir-emirdag-meydani-veya-caddesi-istedi\/\" \/>\n<meta property=\"og:locale\" content=\"fr_FR\" \/>\n<meta property=\"og:type\" content=\"article\" \/>\n<meta property=\"og:title\" content=\"Veli Y\u00fcksel Emirda\u011f\u2019l\u0131 gurbet\u00e7iler i\u00e7in Gent \u015fehrinde bir Emirda\u011f meydan\u0131 veya caddesi istedi - AvrupaPress\" \/>\n<meta property=\"og:description\" content=\"\u00d6n\u00fcm\u00fczdeki y\u0131l Bel\u00e7ika&rsquo;ya T\u00fcrk g\u00f6\u00e7\u00fcn\u00fcn 60. y\u0131ld\u00f6n\u00fcm\u00fcn\u00fc anaca\u011f\u0131z. 1964 sonbahar\u0131nda Br\u00fcksel ve Gent&rsquo;e ilk T\u00fcrk i\u015f\u00e7iler geldi. \u0130lk T\u00fcrk erkekleri \u015fehrimizdeki tekstil fabrikalar\u0131nda \u00e7al\u0131\u015fmak \u00fczere Gent&rsquo;e geldiler. Daha sonra, y\u00fczlerce ve binlerce T\u00fcrk i\u015f\u00e7i aileleri Gent\u2019in yolunu tuttu.\u00a0 \u00d6n\u00fcm\u00fczdeki y\u0131l Bel\u00e7ika&rsquo;ya T\u00fcrk g\u00f6\u00e7\u00fcn\u00fcn 60. y\u0131ld\u00f6n\u00fcm\u00fcn\u00fc anaca\u011f\u0131z. 1964 sonbahar\u0131nda Br\u00fcksel ve Gent&rsquo;e ilk T\u00fcrk i\u015f\u00e7iler geldi. [&hellip;]\" \/>\n<meta property=\"og:url\" content=\"https:\/\/avrupapress.com\/main\/2023\/11\/28\/eli-yuksel-emirdagli-gurbetciler-icin-gent-sehrinde-bir-emirdag-meydani-veya-caddesi-istedi\/\" \/>\n<meta property=\"og:site_name\" content=\"AvrupaPress\" \/>\n<meta property=\"article:published_time\" content=\"2023-11-28T21:15:07+00:00\" \/>\n<meta property=\"article:modified_time\" content=\"2023-11-29T19:10:07+00:00\" \/>\n<meta property=\"og:image\" content=\"https:\/\/avrupapress.com\/main\/wp-content\/uploads\/2023\/11\/IMG-20231128-WA0019.jpg\" \/>\n\t<meta property=\"og:image:width\" content=\"1024\" \/>\n\t<meta property=\"og:image:height\" content=\"784\" \/>\n\t<meta property=\"og:image:type\" content=\"image\/jpeg\" \/>\n<meta name=\"author\" content=\"Edit\u00f6r\" \/>\n<meta name=\"twitter:card\" content=\"summary_large_image\" \/>\n<meta name=\"twitter:label1\" content=\"\u00c9crit par\" \/>\n\t<meta name=\"twitter:data1\" content=\"Edit\u00f6r\" \/>\n\t<meta name=\"twitter:label2\" content=\"Dur\u00e9e de lecture est.\" \/>\n\t<meta name=\"twitter:data2\" content=\"3 minutes\" \/>\n<script type=\"application\/ld+json\" class=\"yoast-schema-graph\">{\"@context\":\"https:\/\/schema.org\",\"@graph\":[{\"@type\":\"Article\",\"@id\":\"https:\/\/avrupapress.com\/main\/2023\/11\/28\/eli-yuksel-emirdagli-gurbetciler-icin-gent-sehrinde-bir-emirdag-meydani-veya-caddesi-istedi\/#article\",\"isPartOf\":{\"@id\":\"https:\/\/avrupapress.com\/main\/2023\/11\/28\/eli-yuksel-emirdagli-gurbetciler-icin-gent-sehrinde-bir-emirdag-meydani-veya-caddesi-istedi\/\"},\"author\":{\"name\":\"Edit\u00f6r\",\"@id\":\"https:\/\/avrupapress.com\/#\/schema\/person\/68428444ec60970d1e1b700cf4ca1e8f\"},\"headline\":\"Veli Y\u00fcksel Emirda\u011f\u2019l\u0131 gurbet\u00e7iler i\u00e7in Gent \u015fehrinde bir Emirda\u011f meydan\u0131 veya caddesi istedi\",\"datePublished\":\"2023-11-28T21:15:07+00:00\",\"dateModified\":\"2023-11-29T19:10:07+00:00\",\"mainEntityOfPage\":{\"@id\":\"https:\/\/avrupapress.com\/main\/2023\/11\/28\/eli-yuksel-emirdagli-gurbetciler-icin-gent-sehrinde-bir-emirdag-meydani-veya-caddesi-istedi\/\"},\"wordCount\":432,\"publisher\":{\"@id\":\"https:\/\/avrupapress.com\/#\/schema\/person\/0223dca19c72c43575bf30d1a2d8f4fa\"},\"image\":{\"@id\":\"https:\/\/avrupapress.com\/main\/2023\/11\/28\/eli-yuksel-emirdagli-gurbetciler-icin-gent-sehrinde-bir-emirdag-meydani-veya-caddesi-istedi\/#primaryimage\"},\"thumbnailUrl\":\"https:\/\/avrupapress.com\/main\/wp-content\/uploads\/2023\/11\/IMG-20231128-WA0019.jpg\",\"articleSection\":[\"Avrupa\",\"Bel\u00e7ika\",\"D\u00fcnya\",\"Ekonomi\",\"K\u00fclt\u00fcr-Sanat\",\"Spor\",\"Tan\u0131t\u0131m\",\"T\u00fcrkiye\",\"Uncategorized\"],\"inLanguage\":\"fr-BE\"},{\"@type\":\"WebPage\",\"@id\":\"https:\/\/avrupapress.com\/main\/2023\/11\/28\/eli-yuksel-emirdagli-gurbetciler-icin-gent-sehrinde-bir-emirdag-meydani-veya-caddesi-istedi\/\",\"url\":\"https:\/\/avrupapress.com\/main\/2023\/11\/28\/eli-yuksel-emirdagli-gurbetciler-icin-gent-sehrinde-bir-emirdag-meydani-veya-caddesi-istedi\/\",\"name\":\"Veli Y\u00fcksel Emirda\u011f\u2019l\u0131 gurbet\u00e7iler i\u00e7in Gent \u015fehrinde bir Emirda\u011f meydan\u0131 veya caddesi istedi - AvrupaPress\",\"isPartOf\":{\"@id\":\"https:\/\/avrupapress.com\/#website\"},\"primaryImageOfPage\":{\"@id\":\"https:\/\/avrupapress.com\/main\/2023\/11\/28\/eli-yuksel-emirdagli-gurbetciler-icin-gent-sehrinde-bir-emirdag-meydani-veya-caddesi-istedi\/#primaryimage\"},\"image\":{\"@id\":\"https:\/\/avrupapress.com\/main\/2023\/11\/28\/eli-yuksel-emirdagli-gurbetciler-icin-gent-sehrinde-bir-emirdag-meydani-veya-caddesi-istedi\/#primaryimage\"},\"thumbnailUrl\":\"https:\/\/avrupapress.com\/main\/wp-content\/uploads\/2023\/11\/IMG-20231128-WA0019.jpg\",\"datePublished\":\"2023-11-28T21:15:07+00:00\",\"dateModified\":\"2023-11-29T19:10:07+00:00\",\"breadcrumb\":{\"@id\":\"https:\/\/avrupapress.com\/main\/2023\/11\/28\/eli-yuksel-emirdagli-gurbetciler-icin-gent-sehrinde-bir-emirdag-meydani-veya-caddesi-istedi\/#breadcrumb\"},\"inLanguage\":\"fr-BE\",\"potentialAction\":[{\"@type\":\"ReadAction\",\"target\":[\"https:\/\/avrupapress.com\/main\/2023\/11\/28\/eli-yuksel-emirdagli-gurbetciler-icin-gent-sehrinde-bir-emirdag-meydani-veya-caddesi-istedi\/\"]}]},{\"@type\":\"ImageObject\",\"inLanguage\":\"fr-BE\",\"@id\":\"https:\/\/avrupapress.com\/main\/2023\/11\/28\/eli-yuksel-emirdagli-gurbetciler-icin-gent-sehrinde-bir-emirdag-meydani-veya-caddesi-istedi\/#primaryimage\",\"url\":\"https:\/\/avrupapress.com\/main\/wp-content\/uploads\/2023\/11\/IMG-20231128-WA0019.jpg\",\"contentUrl\":\"https:\/\/avrupapress.com\/main\/wp-content\/uploads\/2023\/11\/IMG-20231128-WA0019.jpg\",\"width\":1024,\"height\":784},{\"@type\":\"BreadcrumbList\",\"@id\":\"https:\/\/avrupapress.com\/main\/2023\/11\/28\/eli-yuksel-emirdagli-gurbetciler-icin-gent-sehrinde-bir-emirdag-meydani-veya-caddesi-istedi\/#breadcrumb\",\"itemListElement\":[{\"@type\":\"ListItem\",\"position\":1,\"name\":\"Anasayfa\",\"item\":\"https:\/\/avrupapress.com\/\"},{\"@type\":\"ListItem\",\"position\":2,\"name\":\"Veli Y\u00fcksel Emirda\u011f\u2019l\u0131 gurbet\u00e7iler i\u00e7in Gent \u015fehrinde bir Emirda\u011f meydan\u0131 veya caddesi istedi\"}]},{\"@type\":\"WebSite\",\"@id\":\"https:\/\/avrupapress.com\/#website\",\"url\":\"https:\/\/avrupapress.com\/\",\"name\":\"AvrupaPress\",\"description\":\"Haberin Adresi\",\"publisher\":{\"@id\":\"https:\/\/avrupapress.com\/#\/schema\/person\/0223dca19c72c43575bf30d1a2d8f4fa\"},\"potentialAction\":[{\"@type\":\"SearchAction\",\"target\":{\"@type\":\"EntryPoint\",\"urlTemplate\":\"https:\/\/avrupapress.com\/?s={search_term_string}\"},\"query-input\":{\"@type\":\"PropertyValueSpecification\",\"valueRequired\":true,\"valueName\":\"search_term_string\"}}],\"inLanguage\":\"fr-BE\"},{\"@type\":[\"Person\",\"Organization\"],\"@id\":\"https:\/\/avrupapress.com\/#\/schema\/person\/0223dca19c72c43575bf30d1a2d8f4fa\",\"name\":\"Bilgin \u00d6z\u00e7ift\u00e7i\",\"image\":{\"@type\":\"ImageObject\",\"inLanguage\":\"fr-BE\",\"@id\":\"https:\/\/avrupapress.com\/#\/schema\/person\/image\/\",\"url\":\"https:\/\/secure.gravatar.com\/avatar\/0f23b280433a21e1ea7a0adcc46ed0ad16afe3ad8e630fd13d8a017dcbd54ef3?s=96&d=mm&r=g\",\"contentUrl\":\"https:\/\/secure.gravatar.com\/avatar\/0f23b280433a21e1ea7a0adcc46ed0ad16afe3ad8e630fd13d8a017dcbd54ef3?s=96&d=mm&r=g\",\"caption\":\"Bilgin \u00d6z\u00e7ift\u00e7i\"},\"logo\":{\"@id\":\"https:\/\/avrupapress.com\/#\/schema\/person\/image\/\"},\"description\":\"Ne ben, nede sen... Biz ancak \\\"biz\\\" olursak g\u00fc\u00e7l\u00fc olabiliriz\"},{\"@type\":\"Person\",\"@id\":\"https:\/\/avrupapress.com\/#\/schema\/person\/68428444ec60970d1e1b700cf4ca1e8f\",\"name\":\"Edit\u00f6r\",\"image\":{\"@type\":\"ImageObject\",\"inLanguage\":\"fr-BE\",\"@id\":\"https:\/\/avrupapress.com\/#\/schema\/person\/image\/\",\"url\":\"https:\/\/secure.gravatar.com\/avatar\/74996b0977aa5f1559ba9883776652508b229005c0d78fb2597897f0bd651c09?s=96&d=mm&r=g\",\"contentUrl\":\"https:\/\/secure.gravatar.com\/avatar\/74996b0977aa5f1559ba9883776652508b229005c0d78fb2597897f0bd651c09?s=96&d=mm&r=g\",\"caption\":\"Edit\u00f6r\"},\"sameAs\":[\"http:\/\/www.avrupapress.com\"],\"url\":\"https:\/\/avrupapress.com\/main\/author\/editor\/\"}]}<\/script>\n<!-- \/ Yoast SEO plugin. -->","yoast_head_json":{"title":"Veli Y\u00fcksel Emirda\u011f\u2019l\u0131 gurbet\u00e7iler i\u00e7in Gent \u015fehrinde bir Emirda\u011f meydan\u0131 veya caddesi istedi - AvrupaPress","robots":{"index":"index","follow":"follow","max-snippet":"max-snippet:-1","max-image-preview":"max-image-preview:large","max-video-preview":"max-video-preview:-1"},"canonical":"https:\/\/avrupapress.com\/main\/2023\/11\/28\/eli-yuksel-emirdagli-gurbetciler-icin-gent-sehrinde-bir-emirdag-meydani-veya-caddesi-istedi\/","og_locale":"fr_FR","og_type":"article","og_title":"Veli Y\u00fcksel Emirda\u011f\u2019l\u0131 gurbet\u00e7iler i\u00e7in Gent \u015fehrinde bir Emirda\u011f meydan\u0131 veya caddesi istedi - AvrupaPress","og_description":"\u00d6n\u00fcm\u00fczdeki y\u0131l Bel\u00e7ika&rsquo;ya T\u00fcrk g\u00f6\u00e7\u00fcn\u00fcn 60. y\u0131ld\u00f6n\u00fcm\u00fcn\u00fc anaca\u011f\u0131z. 1964 sonbahar\u0131nda Br\u00fcksel ve Gent&rsquo;e ilk T\u00fcrk i\u015f\u00e7iler geldi. \u0130lk T\u00fcrk erkekleri \u015fehrimizdeki tekstil fabrikalar\u0131nda \u00e7al\u0131\u015fmak \u00fczere Gent&rsquo;e geldiler. Daha sonra, y\u00fczlerce ve binlerce T\u00fcrk i\u015f\u00e7i aileleri Gent\u2019in yolunu tuttu.\u00a0 \u00d6n\u00fcm\u00fczdeki y\u0131l Bel\u00e7ika&rsquo;ya T\u00fcrk g\u00f6\u00e7\u00fcn\u00fcn 60. y\u0131ld\u00f6n\u00fcm\u00fcn\u00fc anaca\u011f\u0131z. 1964 sonbahar\u0131nda Br\u00fcksel ve Gent&rsquo;e ilk T\u00fcrk i\u015f\u00e7iler geldi. [&hellip;]","og_url":"https:\/\/avrupapress.com\/main\/2023\/11\/28\/eli-yuksel-emirdagli-gurbetciler-icin-gent-sehrinde-bir-emirdag-meydani-veya-caddesi-istedi\/","og_site_name":"AvrupaPress","article_published_time":"2023-11-28T21:15:07+00:00","article_modified_time":"2023-11-29T19:10:07+00:00","og_image":[{"width":1024,"height":784,"url":"https:\/\/avrupapress.com\/main\/wp-content\/uploads\/2023\/11\/IMG-20231128-WA0019.jpg","type":"image\/jpeg"}],"author":"Edit\u00f6r","twitter_card":"summary_large_image","twitter_misc":{"\u00c9crit par":"Edit\u00f6r","Dur\u00e9e de lecture est.":"3 minutes"},"schema":{"@context":"https:\/\/schema.org","@graph":[{"@type":"Article","@id":"https:\/\/avrupapress.com\/main\/2023\/11\/28\/eli-yuksel-emirdagli-gurbetciler-icin-gent-sehrinde-bir-emirdag-meydani-veya-caddesi-istedi\/#article","isPartOf":{"@id":"https:\/\/avrupapress.com\/main\/2023\/11\/28\/eli-yuksel-emirdagli-gurbetciler-icin-gent-sehrinde-bir-emirdag-meydani-veya-caddesi-istedi\/"},"author":{"name":"Edit\u00f6r","@id":"https:\/\/avrupapress.com\/#\/schema\/person\/68428444ec60970d1e1b700cf4ca1e8f"},"headline":"Veli Y\u00fcksel Emirda\u011f\u2019l\u0131 gurbet\u00e7iler i\u00e7in Gent \u015fehrinde bir Emirda\u011f meydan\u0131 veya caddesi istedi","datePublished":"2023-11-28T21:15:07+00:00","dateModified":"2023-11-29T19:10:07+00:00","mainEntityOfPage":{"@id":"https:\/\/avrupapress.com\/main\/2023\/11\/28\/eli-yuksel-emirdagli-gurbetciler-icin-gent-sehrinde-bir-emirdag-meydani-veya-caddesi-istedi\/"},"wordCount":432,"publisher":{"@id":"https:\/\/avrupapress.com\/#\/schema\/person\/0223dca19c72c43575bf30d1a2d8f4fa"},"image":{"@id":"https:\/\/avrupapress.com\/main\/2023\/11\/28\/eli-yuksel-emirdagli-gurbetciler-icin-gent-sehrinde-bir-emirdag-meydani-veya-caddesi-istedi\/#primaryimage"},"thumbnailUrl":"https:\/\/avrupapress.com\/main\/wp-content\/uploads\/2023\/11\/IMG-20231128-WA0019.jpg","articleSection":["Avrupa","Bel\u00e7ika","D\u00fcnya","Ekonomi","K\u00fclt\u00fcr-Sanat","Spor","Tan\u0131t\u0131m","T\u00fcrkiye","Uncategorized"],"inLanguage":"fr-BE"},{"@type":"WebPage","@id":"https:\/\/avrupapress.com\/main\/2023\/11\/28\/eli-yuksel-emirdagli-gurbetciler-icin-gent-sehrinde-bir-emirdag-meydani-veya-caddesi-istedi\/","url":"https:\/\/avrupapress.com\/main\/2023\/11\/28\/eli-yuksel-emirdagli-gurbetciler-icin-gent-sehrinde-bir-emirdag-meydani-veya-caddesi-istedi\/","name":"Veli Y\u00fcksel Emirda\u011f\u2019l\u0131 gurbet\u00e7iler i\u00e7in Gent \u015fehrinde bir Emirda\u011f meydan\u0131 veya caddesi istedi - AvrupaPress","isPartOf":{"@id":"https:\/\/avrupapress.com\/#website"},"primaryImageOfPage":{"@id":"https:\/\/avrupapress.com\/main\/2023\/11\/28\/eli-yuksel-emirdagli-gurbetciler-icin-gent-sehrinde-bir-emirdag-meydani-veya-caddesi-istedi\/#primaryimage"},"image":{"@id":"https:\/\/avrupapress.com\/main\/2023\/11\/28\/eli-yuksel-emirdagli-gurbetciler-icin-gent-sehrinde-bir-emirdag-meydani-veya-caddesi-istedi\/#primaryimage"},"thumbnailUrl":"https:\/\/avrupapress.com\/main\/wp-content\/uploads\/2023\/11\/IMG-20231128-WA0019.jpg","datePublished":"2023-11-28T21:15:07+00:00","dateModified":"2023-11-29T19:10:07+00:00","breadcrumb":{"@id":"https:\/\/avrupapress.com\/main\/2023\/11\/28\/eli-yuksel-emirdagli-gurbetciler-icin-gent-sehrinde-bir-emirdag-meydani-veya-caddesi-istedi\/#breadcrumb"},"inLanguage":"fr-BE","potentialAction":[{"@type":"ReadAction","target":["https:\/\/avrupapress.com\/main\/2023\/11\/28\/eli-yuksel-emirdagli-gurbetciler-icin-gent-sehrinde-bir-emirdag-meydani-veya-caddesi-istedi\/"]}]},{"@type":"ImageObject","inLanguage":"fr-BE","@id":"https:\/\/avrupapress.com\/main\/2023\/11\/28\/eli-yuksel-emirdagli-gurbetciler-icin-gent-sehrinde-bir-emirdag-meydani-veya-caddesi-istedi\/#primaryimage","url":"https:\/\/avrupapress.com\/main\/wp-content\/uploads\/2023\/11\/IMG-20231128-WA0019.jpg","contentUrl":"https:\/\/avrupapress.com\/main\/wp-content\/uploads\/2023\/11\/IMG-20231128-WA0019.jpg","width":1024,"height":784},{"@type":"BreadcrumbList","@id":"https:\/\/avrupapress.com\/main\/2023\/11\/28\/eli-yuksel-emirdagli-gurbetciler-icin-gent-sehrinde-bir-emirdag-meydani-veya-caddesi-istedi\/#breadcrumb","itemListElement":[{"@type":"ListItem","position":1,"name":"Anasayfa","item":"https:\/\/avrupapress.com\/"},{"@type":"ListItem","position":2,"name":"Veli Y\u00fcksel Emirda\u011f\u2019l\u0131 gurbet\u00e7iler i\u00e7in Gent \u015fehrinde bir Emirda\u011f meydan\u0131 veya caddesi istedi"}]},{"@type":"WebSite","@id":"https:\/\/avrupapress.com\/#website","url":"https:\/\/avrupapress.com\/","name":"AvrupaPress","description":"Haberin Adresi","publisher":{"@id":"https:\/\/avrupapress.com\/#\/schema\/person\/0223dca19c72c43575bf30d1a2d8f4fa"},"potentialAction":[{"@type":"SearchAction","target":{"@type":"EntryPoint","urlTemplate":"https:\/\/avrupapress.com\/?s={search_term_string}"},"query-input":{"@type":"PropertyValueSpecification","valueRequired":true,"valueName":"search_term_string"}}],"inLanguage":"fr-BE"},{"@type":["Person","Organization"],"@id":"https:\/\/avrupapress.com\/#\/schema\/person\/0223dca19c72c43575bf30d1a2d8f4fa","name":"Bilgin \u00d6z\u00e7ift\u00e7i","image":{"@type":"ImageObject","inLanguage":"fr-BE","@id":"https:\/\/avrupapress.com\/#\/schema\/person\/image\/","url":"https:\/\/secure.gravatar.com\/avatar\/0f23b280433a21e1ea7a0adcc46ed0ad16afe3ad8e630fd13d8a017dcbd54ef3?s=96&d=mm&r=g","contentUrl":"https:\/\/secure.gravatar.com\/avatar\/0f23b280433a21e1ea7a0adcc46ed0ad16afe3ad8e630fd13d8a017dcbd54ef3?s=96&d=mm&r=g","caption":"Bilgin \u00d6z\u00e7ift\u00e7i"},"logo":{"@id":"https:\/\/avrupapress.com\/#\/schema\/person\/image\/"},"description":"Ne ben, nede sen... Biz ancak \"biz\" olursak g\u00fc\u00e7l\u00fc olabiliriz"},{"@type":"Person","@id":"https:\/\/avrupapress.com\/#\/schema\/person\/68428444ec60970d1e1b700cf4ca1e8f","name":"Edit\u00f6r","image":{"@type":"ImageObject","inLanguage":"fr-BE","@id":"https:\/\/avrupapress.com\/#\/schema\/person\/image\/","url":"https:\/\/secure.gravatar.com\/avatar\/74996b0977aa5f1559ba9883776652508b229005c0d78fb2597897f0bd651c09?s=96&d=mm&r=g","contentUrl":"https:\/\/secure.gravatar.com\/avatar\/74996b0977aa5f1559ba9883776652508b229005c0d78fb2597897f0bd651c09?s=96&d=mm&r=g","caption":"Edit\u00f6r"},"sameAs":["http:\/\/www.avrupapress.com"],"url":"https:\/\/avrupapress.com\/main\/author\/editor\/"}]}},"_links":{"self":[{"href":"https:\/\/avrupapress.com\/main\/wp-json\/wp\/v2\/posts\/24411","targetHints":{"allow":["GET"]}}],"collection":[{"href":"https:\/\/avrupapress.com\/main\/wp-json\/wp\/v2\/posts"}],"about":[{"href":"https:\/\/avrupapress.com\/main\/wp-json\/wp\/v2\/types\/post"}],"author":[{"embeddable":true,"href":"https:\/\/avrupapress.com\/main\/wp-json\/wp\/v2\/users\/3"}],"replies":[{"embeddable":true,"href":"https:\/\/avrupapress.com\/main\/wp-json\/wp\/v2\/comments?post=24411"}],"version-history":[{"count":4,"href":"https:\/\/avrupapress.com\/main\/wp-json\/wp\/v2\/posts\/24411\/revisions"}],"predecessor-version":[{"id":24421,"href":"https:\/\/avrupapress.com\/main\/wp-json\/wp\/v2\/posts\/24411\/revisions\/24421"}],"wp:featuredmedia":[{"embeddable":true,"href":"https:\/\/avrupapress.com\/main\/wp-json\/wp\/v2\/media\/24412"}],"wp:attachment":[{"href":"https:\/\/avrupapress.com\/main\/wp-json\/wp\/v2\/media?parent=24411"}],"wp:term":[{"taxonomy":"category","embeddable":true,"href":"https:\/\/avrupapress.com\/main\/wp-json\/wp\/v2\/categories?post=24411"},{"taxonomy":"post_tag","embeddable":true,"href":"https:\/\/avrupapress.com\/main\/wp-json\/wp\/v2\/tags?post=24411"}],"curies":[{"name":"wp","href":"https:\/\/api.w.org\/{rel}","templated":true}]}}