{"id":2441,"date":"2017-11-18T20:20:18","date_gmt":"2017-11-18T20:20:18","guid":{"rendered":"http:\/\/avrupapress.com\/main\/?p=2441"},"modified":"2017-11-18T20:20:18","modified_gmt":"2017-11-18T20:20:18","slug":"natodan-ataturk-erdogan-ve-turkiye-hakkinda-skandal-uygulama","status":"publish","type":"post","link":"https:\/\/avrupapress.com\/main\/2017\/11\/18\/natodan-ataturk-erdogan-ve-turkiye-hakkinda-skandal-uygulama\/","title":{"rendered":"NATO&rsquo;dan Atat\u00fcrk, Erdo\u011fan ve T\u00fcrkiye Hakk\u0131nda Skandal Uygulama&#8230;"},"content":{"rendered":"<p>NATO, Norve\u00e7&rsquo;te ger\u00e7ekle\u015fen Trident Javelin tatbikat\u0131 esnas\u0131ndaki bir sim\u00fclasyonda Atat\u00fcrk ve Cumhurba\u015fkan\u0131 Recep Tayyip Erdo\u011fan&rsquo;\u0131 hedef alan skandal uygulamalar hakk\u0131nda a\u00e7\u0131klama yapt\u0131.<\/p>\n<p>AA muhabirine a\u00e7\u0131klamada bulunan \u00fcst d\u00fczey NATO yetkilisinin verdi\u011fi bilgiye g\u00f6re, Norve\u00e7&rsquo;te 8-17 Kas\u0131m tarihleri aras\u0131nda yap\u0131lan tatbikat\u0131n masa ba\u015f\u0131nda d\u00fczenlenen sim\u00fclasyonlar\u0131 s\u0131ras\u0131nda iki olay ya\u015fand\u0131.<\/p>\n<p>&#8212;&#8212;&#8212;&#8212;&#8212;&#8212;&#8212;&#8211;ATAT\u00dcRK HEYKEL\u0130 SKANDALI<\/p>\n<p>Sim\u00fclasyonlara ili\u015fkin d\u00fczenlemelerin y\u00fcr\u00fct\u00fcld\u00fc\u011f\u00fc Norve\u00e7&rsquo;teki Ortak Harp Merkezi&rsquo;nde (JWC), ilk olayda sim\u00fclasyonla ilgili arka plan belgeleri \u00e7er\u00e7evesinde \u00ab\u00a0D\u00fc\u015fman Liderler Biyografisi\u00a0\u00bb haz\u0131rland\u0131. Ancak haz\u0131rl\u0131\u011f\u0131 yapan ekip teknisyeni Atat\u00fcrk&rsquo;\u00fcn heykelini bu biyografilerden birine yerle\u015ftirdi. Skandal\u0131n ard\u0131ndan bilgisine ba\u015fvurulan teknisyen, sosyal medyadaki ara\u015ft\u0131rma sonras\u0131nda Atat\u00fcrk heykelini \u00ab\u00a0yanl\u0131\u015fl\u0131kla\u00a0\u00bb yerle\u015ftirdi\u011fini iddia etti.<\/p>\n<p>&#8212;&#8212;&#8212;&#8212;&#8212;&#8212;&#8212;&#8211;TEKN\u0130SYEN \u00d6Z\u00dcR D\u0130LED\u0130<\/p>\n<p>Sim\u00fclasyona kat\u0131lan T\u00fcrk ekibin m\u00fcdahalesi sonras\u0131nda Atat\u00fcrk heykeli d\u00fc\u015fman liderler biyografisinden kald\u0131r\u0131ld\u0131. Skandala neden olan teknisyen ise heykelin Atat\u00fcrk&rsquo;e ait oldu\u011funu bilmedi\u011fini savunarak \u00f6z\u00fcr diledi.<\/p>\n<p>&#8212;&#8212;&#8212;&#8212;&#8212;&#8212;&#8212;-ERDO\u011eAN&rsquo;LA \u0130LG\u0130L\u0130 SAHTE HESAP<\/p>\n<p>NATO yetkilisinden al\u0131nan bilgiye g\u00f6re, di\u011fer olayda Norve\u00e7 Silahl\u0131 Kuvvetlerine ba\u011fl\u0131 bir sivil personel Hollanda&rsquo;daki karargahta sim\u00fclasyon \u00e7er\u00e7evesinde kullan\u0131lan sanal bir sohbet mecras\u0131nda \u00a0\u00bb Recep Tayyip Erdo\u011fan\u00a0\u00bb adl\u0131 sahte hesap a\u00e7t\u0131.<\/p>\n<p>&#8212;&#8212;&#8212;&#8212;&#8212;&#8212;&#8212;G\u00d6REVDEN ALDILAR<\/p>\n<p>Norve\u00e7 ordusuna ba\u011fl\u0131 personel, sahte hesapla, Cumhurba\u015fkan\u0131 Erdo\u011fan&rsquo;\u0131n sim\u00fclasyonda \u00ab\u00a0d\u00fc\u015fman \u00fclke liderleriyle\u00a0\u00bb yak\u0131n ili\u015fki kurdu\u011fu ve i\u015f birli\u011fi yapt\u0131\u011f\u0131 mesaj\u0131n\u0131 verdi. Olay\u0131n ortaya \u00e7\u0131kmas\u0131 \u00fczerine, s\u00f6z konusu personel g\u00f6revden al\u0131nd\u0131.<\/p>\n<p>&#8212;&#8212;&#8212;&#8212;&#8212;&#8212;Cumhurba\u015fkan\u0131 Erdo\u011fan : NATO Tatbikat\u0131ndaki 40 Askerimizi \u00c7ektik<\/p>\n<p>Cumhurba\u015fkan\u0131 Erdo\u011fan, \u00ab\u00a0D\u00fcn Norve\u00e7&rsquo;te bir durum oldu. Norve\u00e7&rsquo;te d\u00fc\u015fman tablosu diye bir tablo koymu\u015flar. Bu tabloda Atat\u00fcrk&rsquo;\u00fcn resmi ve bir tarafta da \u015fahs\u0131m\u0131n ismi var. Hedefte bunlar. Bu haber gelince Genelkurmay Ba\u015fkan\u0131m\u0131z ve AB&rsquo;den sorumlu Bakan\u0131m\u0131z, onlar da Kanada yolundayd\u0131, bizi arad\u0131lar. &lsquo;B\u00f6yle b\u00f6yle bir durum var. Bu tatbikat da NATO tatbikat\u0131. 40 tane askerimiz var, biz \u015fimdi bu askerimizi \u00e7ekme karar\u0131 verdik, \u00e7ekiyoruz.&rsquo; dediler. Dedik ki &lsquo;Tabii, hi\u00e7 durmay\u0131n hemen. Velev ki o hedefler kald\u0131r\u0131lsa dahi 40 askerimizi s\u00fcratle oradan \u00e7ekin.&rsquo; B\u00f6yle bir ittifak, b\u00f6yle bir m\u00fcttefiklik olamaz.\u00a0\u00bb diye konu\u015ftu.<\/p>\n<p>&#8212;&#8212;&#8212;&#8212;&#8212;&#8212;-NATO&rsquo;dan T\u00fcrkiye&rsquo;den \u00d6z\u00fcr Diledi<\/p>\n<p>NATO Genel Sekreteri Jens Stoltenberg, Cumhurba\u015fkan\u0131 Recep Tayyip Erdo\u011fan&rsquo;\u0131n bug\u00fcn a\u00e7\u0131klad\u0131\u011f\u0131 hedef skandal nedeniyle T\u00fcrkiye&rsquo;den \u00f6z\u00fcr diledi. NATO Genel Sekreteri Jens Stoltenberg, Cumhurba\u015fkan\u0131 Recep Tayyip Erdo\u011fan&rsquo;\u0131n bug\u00fcn a\u00e7\u0131klad\u0131\u011f\u0131 tatbikat skandal\u0131 nedeniyle T\u00fcrkiye&rsquo;den \u00f6z\u00fcr diledi. Stoltenberg skandalla ilgili yapt\u0131\u011f\u0131 a\u00e7\u0131klamada, \u00ab\u00a0Olaylar bir \u015fahs\u0131n eyleminin sonucuydu. NATO g\u00f6r\u00fc\u015flerini yans\u0131tm\u0131yor. Bu konuyla ilgili Norve\u00e7 makamlar\u0131yla temas kuruldu\u00a0\u00bb dedi.<\/p>\n<p>Erdo\u011fan, Mustafa Kemal Atat\u00fcrk&rsquo;\u00fcn resmi ve kendisinin isminin hedefe kondu\u011funu a\u00e7\u0131klam\u0131\u015ft\u0131.<\/p>\n<p>Olaya kar\u0131\u015fan Norve\u00e7li bir subay ile bir teknisyenin ordudan at\u0131ld\u0131\u011f\u0131 a\u00e7\u0131klan\u0131rken, NATO Genel Sekreteri Jens Stoltenberg konuyla ilgili T\u00fcrkiye&rsquo;den \u00f6z\u00fcr diledi.<\/p>\n<p>&#8212;&#8212;&#8212;&#8212;&#8212;&#8212;-Norve\u00e7&rsquo;teki Skandala CHP&rsquo;den B\u00fcy\u00fck Tepki<\/p>\n<p>CHP Genel Ba\u015fkan Yard\u0131mc\u0131s\u0131 \u00d6zt\u00fcrk Y\u0131lmaz, Norve\u00e7&rsquo;teki NATO tatbikat\u0131nda Mustafa Kemal Atat\u00fcrk ve Cumhurba\u015fkan\u0131 Recep Tayyip Erdo\u011fan&rsquo;\u0131n resminin hedefler aras\u0131na konmas\u0131n\u0131n m\u00fcttefik ruhuna uymayan, sorumsuz ve provakatif bir davran\u0131\u015f oldu\u011funu s\u00f6yledi. Y\u0131lmaz, \u00ab\u00a0\u015eiddetle k\u0131n\u0131yoruz. Atat\u00fcrk&rsquo;e, bayra\u011f\u0131m\u0131za d\u00f6n\u00fck zaman zaman vuku bulan bu al\u00e7ak sald\u0131r\u0131lar, yapanlar\u0131 daha da k\u00fc\u00e7\u00fck duruma d\u00fc\u015f\u00fcr\u00fcr. Cumhurba\u015fkan\u0131n\u0131n foto\u011fraf\u0131n\u0131n hedef al\u0131nmas\u0131 da asla kabul edemeyece\u011fimiz \u00e7irkin bir davran\u0131\u015ft\u0131r\u00a0\u00bb dedi.<\/p>\n","protected":false},"excerpt":{"rendered":"<p>NATO, Norve\u00e7&rsquo;te ger\u00e7ekle\u015fen Trident Javelin tatbikat\u0131 esnas\u0131ndaki bir sim\u00fclasyonda Atat\u00fcrk ve Cumhurba\u015fkan\u0131 Recep Tayyip Erdo\u011fan&rsquo;\u0131 hedef alan skandal uygulamalar hakk\u0131nda a\u00e7\u0131klama yapt\u0131. AA muhabirine a\u00e7\u0131klamada bulunan \u00fcst d\u00fczey NATO yetkilisinin verdi\u011fi bilgiye g\u00f6re, Norve\u00e7&rsquo;te 8-17 Kas\u0131m tarihleri aras\u0131nda yap\u0131lan tatbikat\u0131n masa ba\u015f\u0131nda d\u00fczenlenen sim\u00fclasyonlar\u0131 s\u0131ras\u0131nda iki olay ya\u015fand\u0131. &#8212;&#8212;&#8212;&#8212;&#8212;&#8212;&#8212;&#8211;ATAT\u00dcRK HEYKEL\u0130 SKANDALI Sim\u00fclasyonlara ili\u015fkin d\u00fczenlemelerin y\u00fcr\u00fct\u00fcld\u00fc\u011f\u00fc [&hellip;]<\/p>\n","protected":false},"author":3,"featured_media":2442,"comment_status":"open","ping_status":"open","sticky":false,"template":"","format":"standard","meta":{"footnotes":""},"categories":[14,16,3,17,18,19,2,1],"tags":[656,271,1948,1947,403,4,1949,1006],"class_list":["post-2441","post","type-post","status-publish","format-standard","has-post-thumbnail","hentry","category-avrupa","category-belcika","category-dunya","category-ekonomi","category-kultur-sanat","category-tanitim","category-turkiye","category-uncategorized","tag-ataturk","tag-erdogan","tag-hakkinda","tag-natodan","tag-skandal","tag-turkiye","tag-uygulama","tag-ve"],"yoast_head":"<!-- This site is optimized with the Yoast SEO plugin v26.9 - https:\/\/yoast.com\/product\/yoast-seo-wordpress\/ -->\n<title>NATO&#039;dan Atat\u00fcrk, Erdo\u011fan ve T\u00fcrkiye Hakk\u0131nda Skandal Uygulama... - AvrupaPress<\/title>\n<meta name=\"robots\" content=\"index, follow, max-snippet:-1, max-image-preview:large, max-video-preview:-1\" \/>\n<link rel=\"canonical\" href=\"https:\/\/avrupapress.com\/2017\/11\/18\/natodan-ataturk-erdogan-ve-turkiye-hakkinda-skandal-uygulama\/\" \/>\n<meta property=\"og:locale\" content=\"fr_FR\" \/>\n<meta property=\"og:type\" content=\"article\" \/>\n<meta property=\"og:title\" content=\"NATO&#039;dan Atat\u00fcrk, Erdo\u011fan ve T\u00fcrkiye Hakk\u0131nda Skandal Uygulama... - AvrupaPress\" \/>\n<meta property=\"og:description\" content=\"NATO, Norve\u00e7&rsquo;te ger\u00e7ekle\u015fen Trident Javelin tatbikat\u0131 esnas\u0131ndaki bir sim\u00fclasyonda Atat\u00fcrk ve Cumhurba\u015fkan\u0131 Recep Tayyip Erdo\u011fan&rsquo;\u0131 hedef alan skandal uygulamalar hakk\u0131nda a\u00e7\u0131klama yapt\u0131. AA muhabirine a\u00e7\u0131klamada bulunan \u00fcst d\u00fczey NATO yetkilisinin verdi\u011fi bilgiye g\u00f6re, Norve\u00e7&rsquo;te 8-17 Kas\u0131m tarihleri aras\u0131nda yap\u0131lan tatbikat\u0131n masa ba\u015f\u0131nda d\u00fczenlenen sim\u00fclasyonlar\u0131 s\u0131ras\u0131nda iki olay ya\u015fand\u0131. &#8212;&#8212;&#8212;&#8212;&#8212;&#8212;&#8212;&#8211;ATAT\u00dcRK HEYKEL\u0130 SKANDALI Sim\u00fclasyonlara ili\u015fkin d\u00fczenlemelerin y\u00fcr\u00fct\u00fcld\u00fc\u011f\u00fc [&hellip;]\" \/>\n<meta property=\"og:url\" content=\"https:\/\/avrupapress.com\/2017\/11\/18\/natodan-ataturk-erdogan-ve-turkiye-hakkinda-skandal-uygulama\/\" \/>\n<meta property=\"og:site_name\" content=\"AvrupaPress\" \/>\n<meta property=\"article:published_time\" content=\"2017-11-18T20:20:18+00:00\" \/>\n<meta property=\"og:image\" content=\"https:\/\/avrupapress.com\/wp-content\/uploads\/2017\/11\/natodan-atatuerk-erdogan-ve-tuerkiye-hakkinda-skandal-uygulama-5823.jpg\" \/>\n\t<meta property=\"og:image:width\" content=\"640\" \/>\n\t<meta property=\"og:image:height\" content=\"427\" \/>\n\t<meta property=\"og:image:type\" content=\"image\/jpeg\" \/>\n<meta name=\"author\" content=\"Edit\u00f6r\" \/>\n<meta name=\"twitter:card\" content=\"summary_large_image\" \/>\n<meta name=\"twitter:label1\" content=\"\u00c9crit par\" \/>\n\t<meta name=\"twitter:data1\" content=\"Edit\u00f6r\" \/>\n\t<meta name=\"twitter:label2\" content=\"Dur\u00e9e de lecture est.\" \/>\n\t<meta name=\"twitter:data2\" content=\"3 minutes\" \/>\n<script type=\"application\/ld+json\" class=\"yoast-schema-graph\">{\"@context\":\"https:\/\/schema.org\",\"@graph\":[{\"@type\":\"Article\",\"@id\":\"https:\/\/avrupapress.com\/2017\/11\/18\/natodan-ataturk-erdogan-ve-turkiye-hakkinda-skandal-uygulama\/#article\",\"isPartOf\":{\"@id\":\"https:\/\/avrupapress.com\/2017\/11\/18\/natodan-ataturk-erdogan-ve-turkiye-hakkinda-skandal-uygulama\/\"},\"author\":{\"name\":\"Edit\u00f6r\",\"@id\":\"https:\/\/avrupapress.com\/#\/schema\/person\/68428444ec60970d1e1b700cf4ca1e8f\"},\"headline\":\"NATO&rsquo;dan Atat\u00fcrk, Erdo\u011fan ve T\u00fcrkiye Hakk\u0131nda Skandal Uygulama&#8230;\",\"datePublished\":\"2017-11-18T20:20:18+00:00\",\"mainEntityOfPage\":{\"@id\":\"https:\/\/avrupapress.com\/2017\/11\/18\/natodan-ataturk-erdogan-ve-turkiye-hakkinda-skandal-uygulama\/\"},\"wordCount\":665,\"commentCount\":0,\"publisher\":{\"@id\":\"https:\/\/avrupapress.com\/#\/schema\/person\/0223dca19c72c43575bf30d1a2d8f4fa\"},\"image\":{\"@id\":\"https:\/\/avrupapress.com\/2017\/11\/18\/natodan-ataturk-erdogan-ve-turkiye-hakkinda-skandal-uygulama\/#primaryimage\"},\"thumbnailUrl\":\"https:\/\/avrupapress.com\/main\/wp-content\/uploads\/2017\/11\/natodan-atatuerk-erdogan-ve-tuerkiye-hakkinda-skandal-uygulama-5823.jpg\",\"keywords\":[\"Ataturk\",\"erdogan\",\"Hakk\u0131nda\",\"NATO'dan\",\"Skandal\",\"t\u00fcrkiye\",\"Uygulama...\",\"ve\"],\"articleSection\":[\"Avrupa\",\"Bel\u00e7ika\",\"D\u00fcnya\",\"Ekonomi\",\"K\u00fclt\u00fcr-Sanat\",\"Tan\u0131t\u0131m\",\"T\u00fcrkiye\",\"Uncategorized\"],\"inLanguage\":\"fr-BE\",\"potentialAction\":[{\"@type\":\"CommentAction\",\"name\":\"Comment\",\"target\":[\"https:\/\/avrupapress.com\/2017\/11\/18\/natodan-ataturk-erdogan-ve-turkiye-hakkinda-skandal-uygulama\/#respond\"]}]},{\"@type\":\"WebPage\",\"@id\":\"https:\/\/avrupapress.com\/2017\/11\/18\/natodan-ataturk-erdogan-ve-turkiye-hakkinda-skandal-uygulama\/\",\"url\":\"https:\/\/avrupapress.com\/2017\/11\/18\/natodan-ataturk-erdogan-ve-turkiye-hakkinda-skandal-uygulama\/\",\"name\":\"NATO'dan Atat\u00fcrk, Erdo\u011fan ve T\u00fcrkiye Hakk\u0131nda Skandal Uygulama... - AvrupaPress\",\"isPartOf\":{\"@id\":\"https:\/\/avrupapress.com\/#website\"},\"primaryImageOfPage\":{\"@id\":\"https:\/\/avrupapress.com\/2017\/11\/18\/natodan-ataturk-erdogan-ve-turkiye-hakkinda-skandal-uygulama\/#primaryimage\"},\"image\":{\"@id\":\"https:\/\/avrupapress.com\/2017\/11\/18\/natodan-ataturk-erdogan-ve-turkiye-hakkinda-skandal-uygulama\/#primaryimage\"},\"thumbnailUrl\":\"https:\/\/avrupapress.com\/main\/wp-content\/uploads\/2017\/11\/natodan-atatuerk-erdogan-ve-tuerkiye-hakkinda-skandal-uygulama-5823.jpg\",\"datePublished\":\"2017-11-18T20:20:18+00:00\",\"breadcrumb\":{\"@id\":\"https:\/\/avrupapress.com\/2017\/11\/18\/natodan-ataturk-erdogan-ve-turkiye-hakkinda-skandal-uygulama\/#breadcrumb\"},\"inLanguage\":\"fr-BE\",\"potentialAction\":[{\"@type\":\"ReadAction\",\"target\":[\"https:\/\/avrupapress.com\/2017\/11\/18\/natodan-ataturk-erdogan-ve-turkiye-hakkinda-skandal-uygulama\/\"]}]},{\"@type\":\"ImageObject\",\"inLanguage\":\"fr-BE\",\"@id\":\"https:\/\/avrupapress.com\/2017\/11\/18\/natodan-ataturk-erdogan-ve-turkiye-hakkinda-skandal-uygulama\/#primaryimage\",\"url\":\"https:\/\/avrupapress.com\/main\/wp-content\/uploads\/2017\/11\/natodan-atatuerk-erdogan-ve-tuerkiye-hakkinda-skandal-uygulama-5823.jpg\",\"contentUrl\":\"https:\/\/avrupapress.com\/main\/wp-content\/uploads\/2017\/11\/natodan-atatuerk-erdogan-ve-tuerkiye-hakkinda-skandal-uygulama-5823.jpg\",\"width\":640,\"height\":427},{\"@type\":\"BreadcrumbList\",\"@id\":\"https:\/\/avrupapress.com\/2017\/11\/18\/natodan-ataturk-erdogan-ve-turkiye-hakkinda-skandal-uygulama\/#breadcrumb\",\"itemListElement\":[{\"@type\":\"ListItem\",\"position\":1,\"name\":\"Anasayfa\",\"item\":\"https:\/\/avrupapress.com\/\"},{\"@type\":\"ListItem\",\"position\":2,\"name\":\"NATO&#8217;dan Atat\u00fcrk, Erdo\u011fan ve T\u00fcrkiye Hakk\u0131nda Skandal Uygulama&#8230;\"}]},{\"@type\":\"WebSite\",\"@id\":\"https:\/\/avrupapress.com\/#website\",\"url\":\"https:\/\/avrupapress.com\/\",\"name\":\"AvrupaPress\",\"description\":\"Haberin Adresi\",\"publisher\":{\"@id\":\"https:\/\/avrupapress.com\/#\/schema\/person\/0223dca19c72c43575bf30d1a2d8f4fa\"},\"potentialAction\":[{\"@type\":\"SearchAction\",\"target\":{\"@type\":\"EntryPoint\",\"urlTemplate\":\"https:\/\/avrupapress.com\/?s={search_term_string}\"},\"query-input\":{\"@type\":\"PropertyValueSpecification\",\"valueRequired\":true,\"valueName\":\"search_term_string\"}}],\"inLanguage\":\"fr-BE\"},{\"@type\":[\"Person\",\"Organization\"],\"@id\":\"https:\/\/avrupapress.com\/#\/schema\/person\/0223dca19c72c43575bf30d1a2d8f4fa\",\"name\":\"Bilgin \u00d6z\u00e7ift\u00e7i\",\"image\":{\"@type\":\"ImageObject\",\"inLanguage\":\"fr-BE\",\"@id\":\"https:\/\/avrupapress.com\/#\/schema\/person\/image\/\",\"url\":\"https:\/\/secure.gravatar.com\/avatar\/0f23b280433a21e1ea7a0adcc46ed0ad16afe3ad8e630fd13d8a017dcbd54ef3?s=96&d=mm&r=g\",\"contentUrl\":\"https:\/\/secure.gravatar.com\/avatar\/0f23b280433a21e1ea7a0adcc46ed0ad16afe3ad8e630fd13d8a017dcbd54ef3?s=96&d=mm&r=g\",\"caption\":\"Bilgin \u00d6z\u00e7ift\u00e7i\"},\"logo\":{\"@id\":\"https:\/\/avrupapress.com\/#\/schema\/person\/image\/\"},\"description\":\"Ne ben, nede sen... Biz ancak \\\"biz\\\" olursak g\u00fc\u00e7l\u00fc olabiliriz\"},{\"@type\":\"Person\",\"@id\":\"https:\/\/avrupapress.com\/#\/schema\/person\/68428444ec60970d1e1b700cf4ca1e8f\",\"name\":\"Edit\u00f6r\",\"image\":{\"@type\":\"ImageObject\",\"inLanguage\":\"fr-BE\",\"@id\":\"https:\/\/avrupapress.com\/#\/schema\/person\/image\/\",\"url\":\"https:\/\/secure.gravatar.com\/avatar\/74996b0977aa5f1559ba9883776652508b229005c0d78fb2597897f0bd651c09?s=96&d=mm&r=g\",\"contentUrl\":\"https:\/\/secure.gravatar.com\/avatar\/74996b0977aa5f1559ba9883776652508b229005c0d78fb2597897f0bd651c09?s=96&d=mm&r=g\",\"caption\":\"Edit\u00f6r\"},\"sameAs\":[\"http:\/\/www.avrupapress.com\"],\"url\":\"https:\/\/avrupapress.com\/main\/author\/editor\/\"}]}<\/script>\n<!-- \/ Yoast SEO plugin. -->","yoast_head_json":{"title":"NATO'dan Atat\u00fcrk, Erdo\u011fan ve T\u00fcrkiye Hakk\u0131nda Skandal Uygulama... - AvrupaPress","robots":{"index":"index","follow":"follow","max-snippet":"max-snippet:-1","max-image-preview":"max-image-preview:large","max-video-preview":"max-video-preview:-1"},"canonical":"https:\/\/avrupapress.com\/2017\/11\/18\/natodan-ataturk-erdogan-ve-turkiye-hakkinda-skandal-uygulama\/","og_locale":"fr_FR","og_type":"article","og_title":"NATO'dan Atat\u00fcrk, Erdo\u011fan ve T\u00fcrkiye Hakk\u0131nda Skandal Uygulama... - AvrupaPress","og_description":"NATO, Norve\u00e7&rsquo;te ger\u00e7ekle\u015fen Trident Javelin tatbikat\u0131 esnas\u0131ndaki bir sim\u00fclasyonda Atat\u00fcrk ve Cumhurba\u015fkan\u0131 Recep Tayyip Erdo\u011fan&rsquo;\u0131 hedef alan skandal uygulamalar hakk\u0131nda a\u00e7\u0131klama yapt\u0131. AA muhabirine a\u00e7\u0131klamada bulunan \u00fcst d\u00fczey NATO yetkilisinin verdi\u011fi bilgiye g\u00f6re, Norve\u00e7&rsquo;te 8-17 Kas\u0131m tarihleri aras\u0131nda yap\u0131lan tatbikat\u0131n masa ba\u015f\u0131nda d\u00fczenlenen sim\u00fclasyonlar\u0131 s\u0131ras\u0131nda iki olay ya\u015fand\u0131. &#8212;&#8212;&#8212;&#8212;&#8212;&#8212;&#8212;&#8211;ATAT\u00dcRK HEYKEL\u0130 SKANDALI Sim\u00fclasyonlara ili\u015fkin d\u00fczenlemelerin y\u00fcr\u00fct\u00fcld\u00fc\u011f\u00fc [&hellip;]","og_url":"https:\/\/avrupapress.com\/2017\/11\/18\/natodan-ataturk-erdogan-ve-turkiye-hakkinda-skandal-uygulama\/","og_site_name":"AvrupaPress","article_published_time":"2017-11-18T20:20:18+00:00","og_image":[{"width":640,"height":427,"url":"https:\/\/avrupapress.com\/wp-content\/uploads\/2017\/11\/natodan-atatuerk-erdogan-ve-tuerkiye-hakkinda-skandal-uygulama-5823.jpg","type":"image\/jpeg"}],"author":"Edit\u00f6r","twitter_card":"summary_large_image","twitter_misc":{"\u00c9crit par":"Edit\u00f6r","Dur\u00e9e de lecture est.":"3 minutes"},"schema":{"@context":"https:\/\/schema.org","@graph":[{"@type":"Article","@id":"https:\/\/avrupapress.com\/2017\/11\/18\/natodan-ataturk-erdogan-ve-turkiye-hakkinda-skandal-uygulama\/#article","isPartOf":{"@id":"https:\/\/avrupapress.com\/2017\/11\/18\/natodan-ataturk-erdogan-ve-turkiye-hakkinda-skandal-uygulama\/"},"author":{"name":"Edit\u00f6r","@id":"https:\/\/avrupapress.com\/#\/schema\/person\/68428444ec60970d1e1b700cf4ca1e8f"},"headline":"NATO&rsquo;dan Atat\u00fcrk, Erdo\u011fan ve T\u00fcrkiye Hakk\u0131nda Skandal Uygulama&#8230;","datePublished":"2017-11-18T20:20:18+00:00","mainEntityOfPage":{"@id":"https:\/\/avrupapress.com\/2017\/11\/18\/natodan-ataturk-erdogan-ve-turkiye-hakkinda-skandal-uygulama\/"},"wordCount":665,"commentCount":0,"publisher":{"@id":"https:\/\/avrupapress.com\/#\/schema\/person\/0223dca19c72c43575bf30d1a2d8f4fa"},"image":{"@id":"https:\/\/avrupapress.com\/2017\/11\/18\/natodan-ataturk-erdogan-ve-turkiye-hakkinda-skandal-uygulama\/#primaryimage"},"thumbnailUrl":"https:\/\/avrupapress.com\/main\/wp-content\/uploads\/2017\/11\/natodan-atatuerk-erdogan-ve-tuerkiye-hakkinda-skandal-uygulama-5823.jpg","keywords":["Ataturk","erdogan","Hakk\u0131nda","NATO'dan","Skandal","t\u00fcrkiye","Uygulama...","ve"],"articleSection":["Avrupa","Bel\u00e7ika","D\u00fcnya","Ekonomi","K\u00fclt\u00fcr-Sanat","Tan\u0131t\u0131m","T\u00fcrkiye","Uncategorized"],"inLanguage":"fr-BE","potentialAction":[{"@type":"CommentAction","name":"Comment","target":["https:\/\/avrupapress.com\/2017\/11\/18\/natodan-ataturk-erdogan-ve-turkiye-hakkinda-skandal-uygulama\/#respond"]}]},{"@type":"WebPage","@id":"https:\/\/avrupapress.com\/2017\/11\/18\/natodan-ataturk-erdogan-ve-turkiye-hakkinda-skandal-uygulama\/","url":"https:\/\/avrupapress.com\/2017\/11\/18\/natodan-ataturk-erdogan-ve-turkiye-hakkinda-skandal-uygulama\/","name":"NATO'dan Atat\u00fcrk, Erdo\u011fan ve T\u00fcrkiye Hakk\u0131nda Skandal Uygulama... - AvrupaPress","isPartOf":{"@id":"https:\/\/avrupapress.com\/#website"},"primaryImageOfPage":{"@id":"https:\/\/avrupapress.com\/2017\/11\/18\/natodan-ataturk-erdogan-ve-turkiye-hakkinda-skandal-uygulama\/#primaryimage"},"image":{"@id":"https:\/\/avrupapress.com\/2017\/11\/18\/natodan-ataturk-erdogan-ve-turkiye-hakkinda-skandal-uygulama\/#primaryimage"},"thumbnailUrl":"https:\/\/avrupapress.com\/main\/wp-content\/uploads\/2017\/11\/natodan-atatuerk-erdogan-ve-tuerkiye-hakkinda-skandal-uygulama-5823.jpg","datePublished":"2017-11-18T20:20:18+00:00","breadcrumb":{"@id":"https:\/\/avrupapress.com\/2017\/11\/18\/natodan-ataturk-erdogan-ve-turkiye-hakkinda-skandal-uygulama\/#breadcrumb"},"inLanguage":"fr-BE","potentialAction":[{"@type":"ReadAction","target":["https:\/\/avrupapress.com\/2017\/11\/18\/natodan-ataturk-erdogan-ve-turkiye-hakkinda-skandal-uygulama\/"]}]},{"@type":"ImageObject","inLanguage":"fr-BE","@id":"https:\/\/avrupapress.com\/2017\/11\/18\/natodan-ataturk-erdogan-ve-turkiye-hakkinda-skandal-uygulama\/#primaryimage","url":"https:\/\/avrupapress.com\/main\/wp-content\/uploads\/2017\/11\/natodan-atatuerk-erdogan-ve-tuerkiye-hakkinda-skandal-uygulama-5823.jpg","contentUrl":"https:\/\/avrupapress.com\/main\/wp-content\/uploads\/2017\/11\/natodan-atatuerk-erdogan-ve-tuerkiye-hakkinda-skandal-uygulama-5823.jpg","width":640,"height":427},{"@type":"BreadcrumbList","@id":"https:\/\/avrupapress.com\/2017\/11\/18\/natodan-ataturk-erdogan-ve-turkiye-hakkinda-skandal-uygulama\/#breadcrumb","itemListElement":[{"@type":"ListItem","position":1,"name":"Anasayfa","item":"https:\/\/avrupapress.com\/"},{"@type":"ListItem","position":2,"name":"NATO&#8217;dan Atat\u00fcrk, Erdo\u011fan ve T\u00fcrkiye Hakk\u0131nda Skandal Uygulama&#8230;"}]},{"@type":"WebSite","@id":"https:\/\/avrupapress.com\/#website","url":"https:\/\/avrupapress.com\/","name":"AvrupaPress","description":"Haberin Adresi","publisher":{"@id":"https:\/\/avrupapress.com\/#\/schema\/person\/0223dca19c72c43575bf30d1a2d8f4fa"},"potentialAction":[{"@type":"SearchAction","target":{"@type":"EntryPoint","urlTemplate":"https:\/\/avrupapress.com\/?s={search_term_string}"},"query-input":{"@type":"PropertyValueSpecification","valueRequired":true,"valueName":"search_term_string"}}],"inLanguage":"fr-BE"},{"@type":["Person","Organization"],"@id":"https:\/\/avrupapress.com\/#\/schema\/person\/0223dca19c72c43575bf30d1a2d8f4fa","name":"Bilgin \u00d6z\u00e7ift\u00e7i","image":{"@type":"ImageObject","inLanguage":"fr-BE","@id":"https:\/\/avrupapress.com\/#\/schema\/person\/image\/","url":"https:\/\/secure.gravatar.com\/avatar\/0f23b280433a21e1ea7a0adcc46ed0ad16afe3ad8e630fd13d8a017dcbd54ef3?s=96&d=mm&r=g","contentUrl":"https:\/\/secure.gravatar.com\/avatar\/0f23b280433a21e1ea7a0adcc46ed0ad16afe3ad8e630fd13d8a017dcbd54ef3?s=96&d=mm&r=g","caption":"Bilgin \u00d6z\u00e7ift\u00e7i"},"logo":{"@id":"https:\/\/avrupapress.com\/#\/schema\/person\/image\/"},"description":"Ne ben, nede sen... Biz ancak \"biz\" olursak g\u00fc\u00e7l\u00fc olabiliriz"},{"@type":"Person","@id":"https:\/\/avrupapress.com\/#\/schema\/person\/68428444ec60970d1e1b700cf4ca1e8f","name":"Edit\u00f6r","image":{"@type":"ImageObject","inLanguage":"fr-BE","@id":"https:\/\/avrupapress.com\/#\/schema\/person\/image\/","url":"https:\/\/secure.gravatar.com\/avatar\/74996b0977aa5f1559ba9883776652508b229005c0d78fb2597897f0bd651c09?s=96&d=mm&r=g","contentUrl":"https:\/\/secure.gravatar.com\/avatar\/74996b0977aa5f1559ba9883776652508b229005c0d78fb2597897f0bd651c09?s=96&d=mm&r=g","caption":"Edit\u00f6r"},"sameAs":["http:\/\/www.avrupapress.com"],"url":"https:\/\/avrupapress.com\/main\/author\/editor\/"}]}},"_links":{"self":[{"href":"https:\/\/avrupapress.com\/main\/wp-json\/wp\/v2\/posts\/2441","targetHints":{"allow":["GET"]}}],"collection":[{"href":"https:\/\/avrupapress.com\/main\/wp-json\/wp\/v2\/posts"}],"about":[{"href":"https:\/\/avrupapress.com\/main\/wp-json\/wp\/v2\/types\/post"}],"author":[{"embeddable":true,"href":"https:\/\/avrupapress.com\/main\/wp-json\/wp\/v2\/users\/3"}],"replies":[{"embeddable":true,"href":"https:\/\/avrupapress.com\/main\/wp-json\/wp\/v2\/comments?post=2441"}],"version-history":[{"count":1,"href":"https:\/\/avrupapress.com\/main\/wp-json\/wp\/v2\/posts\/2441\/revisions"}],"predecessor-version":[{"id":2443,"href":"https:\/\/avrupapress.com\/main\/wp-json\/wp\/v2\/posts\/2441\/revisions\/2443"}],"wp:featuredmedia":[{"embeddable":true,"href":"https:\/\/avrupapress.com\/main\/wp-json\/wp\/v2\/media\/2442"}],"wp:attachment":[{"href":"https:\/\/avrupapress.com\/main\/wp-json\/wp\/v2\/media?parent=2441"}],"wp:term":[{"taxonomy":"category","embeddable":true,"href":"https:\/\/avrupapress.com\/main\/wp-json\/wp\/v2\/categories?post=2441"},{"taxonomy":"post_tag","embeddable":true,"href":"https:\/\/avrupapress.com\/main\/wp-json\/wp\/v2\/tags?post=2441"}],"curies":[{"name":"wp","href":"https:\/\/api.w.org\/{rel}","templated":true}]}}