{"id":22305,"date":"2023-03-28T19:12:48","date_gmt":"2023-03-28T19:12:48","guid":{"rendered":"https:\/\/avrupapress.com\/main\/?p=22305"},"modified":"2023-04-01T04:38:22","modified_gmt":"2023-04-01T04:38:22","slug":"ihracatta-mobilyanin-cilasi-ozgun-tasarim-ve-hizli-teslimatla-parladi","status":"publish","type":"post","link":"https:\/\/avrupapress.com\/main\/2023\/03\/28\/ihracatta-mobilyanin-cilasi-ozgun-tasarim-ve-hizli-teslimatla-parladi\/","title":{"rendered":"\u0130HRACATTA MOB\u0130LYANIN C\u0130LASI \u00d6ZG\u00dcN TASARIM VE HIZLI TESL\u0130MATLA PARLADI"},"content":{"rendered":"<p><strong>Global trendlere uygun \u00f6zg\u00fcn tasar\u0131m ve zaman\u0131nda teslimat, T\u00fcrkiye\u2019nin k\u00fcresel mobilya ihracat\u0131ndan ald\u0131\u011f\u0131 pay\u0131 h\u0131zla art\u0131r\u0131yor. Mobilya ta\u015f\u0131mac\u0131l\u0131\u011f\u0131nda da uzmanla\u015fan Intermax Logistics Y\u00f6netim Kurulu Ba\u015fkan\u0131 Sava\u015f \u00c7elikel, \u201c\u0130hracat\u0131m\u0131z\u0131n y\u00fckselen de\u011feri mobilya \u00fcr\u00fcnlerini yurt d\u0131\u015f\u0131na g\u00fcvenle ta\u015f\u0131yor, zaman\u0131nda ve hasars\u0131z teslim ediyoruz. \u0130htiya\u00e7 halinde ba\u015fta Almanya olmak \u00fczere Avrupa \u00fclkelerinde depolama hizmeti de veriyoruz.\u201d dedi.<\/strong><\/p>\n<p>Tasar\u0131mlar\u0131nda k\u00fcresel ve yerel trendleri yak\u0131ndan takip eden mobilya sekt\u00f6r\u00fcnde, d\u0131\u015f talep rekor \u00fcst\u00fcne rekor k\u0131r\u0131yor. T\u00fcrkiye, pandemi sonras\u0131 \u00f6nemi daha da artan h\u0131zl\u0131 teslimatta ise co\u011frafi konumuyla \u00f6ne \u00e7\u0131k\u0131yor. T\u00dc\u0130K verilerine g\u00f6re mobilya ve yatak tak\u0131m\u0131 e\u015fyas\u0131 ihracat\u0131 ge\u00e7en y\u0131l 2021\u2019e k\u0131yasla yakla\u015f\u0131k y\u00fczde 10 artt\u0131, 4 milyar 632 milyon dolarla rekor tazeledi. Mobilya ihracat\u0131, ocak ay\u0131nda da y\u00fczde 12\u2019lik y\u00fckseli\u015fle 323,6 milyon dolara \u00e7\u0131kt\u0131 ve rekor serisini s\u00fcrd\u00fcrd\u00fc.<\/p>\n<div style=\"overflow: auto; position: absolute; height: 0pt; width: 0pt;\">\n<a href=\"https:\/\/www.coltpod.com\" title=\"bayan escort\">bayan escort<\/a><br \/>\n<a href=\"https:\/\/www.coltpod.com\/escortbayan\/avrupa-yakasi-escort\/esenler-escort\" title=\"esenler escort\">esenler escort<\/a><br \/>\n<a href=\"https:\/\/www.coltpod.com\/escortbayan\/avrupa-yakasi-escort\/gungoren-escort\" title=\"g\u00fcng\u00f6ren escort\">g\u00fcng\u00f6ren escort<\/a>\n<\/div>\n<p>T\u00fcrkiye &#8211; Avrupa hatt\u0131nda entegre lojistik hizmetler sunan Intermax Logistics, mobilya ihracat\u00e7\u0131lar\u0131na y\u00f6nelik ta\u015f\u0131mac\u0131l\u0131k ve depolama hizmetlerinde \u00e7e\u015fitli avantajlar sa\u011fl\u0131yor. \u015eirketin Y\u00f6netim Kurulu Ba\u015fkan\u0131 Sava\u015f \u00c7elikel, uluslararas\u0131 mobilya ta\u015f\u0131malar\u0131nda \u00f6zel donan\u0131ml\u0131 ara\u00e7 ve ekipmanlar kulland\u0131klar\u0131n\u0131, alan\u0131nda uzman personelle hizmet verdiklerini belirtti.<\/p>\n<p><strong>G\u00fc\u00e7l\u00fc stok yerine h\u0131zl\u0131 tedarik \u00f6nem kazand\u0131<\/strong><\/p>\n<p>Sa\u011flam \u015fekilde paketledikleri mobilya \u00fcr\u00fcnlerinin y\u00fckleme-bo\u015faltma i\u015flemlerini \u00f6zenle ger\u00e7ekle\u015ftirdiklerini anlatan \u00c7elikel, \u201c\u0130hracat\u0131m\u0131z\u0131n y\u00fckselen de\u011feri mobilya \u00fcr\u00fcnlerini yurt d\u0131\u015f\u0131na g\u00fcvenle ta\u015f\u0131yor, zaman\u0131nda ve hasars\u0131z teslim ediyoruz. \u0130htiya\u00e7 halinde T\u00fcrkiye\u2019nin yan\u0131 s\u0131ra ba\u015fta Almanya olmak \u00fczere Avrupa \u00fclkelerinde depolama ve stok y\u00f6netimi hizmeti de veriyoruz.\u201d dedi.<\/p>\n<p>\u00c7elikel, sekt\u00f6rde moda ak\u0131mlar\u0131n \u00e7abuk de\u011fi\u015febildi\u011fini, farkl\u0131 ku\u015faklar\u0131n farkl\u0131 tarzlar\u0131 tercih etti\u011fini, bu nedenle g\u00fc\u00e7l\u00fc stoklar yerine talebe g\u00f6re \u00fcretim ve h\u0131zl\u0131 tedarikin \u00f6nem kazand\u0131\u011f\u0131n\u0131 vurgulad\u0131.<\/p>\n<p><strong>\u0130hracat\u0131n yakla\u015f\u0131k yar\u0131s\u0131 Avrupa \u00fclkelerine<\/strong><\/p>\n<p>K\u00fcresel \u00e7aptaki tedarik sorunlar\u0131na kar\u015f\u0131n yerli lojistik firmalar\u0131n\u0131n h\u0131zl\u0131 ve g\u00fcvenli teslimatla \u00f6ne \u00e7\u0131kt\u0131\u011f\u0131na dikkati \u00e7eken \u00c7elikel, \u015funlar\u0131 da kaydetti:<\/p>\n<p>\u201cLojistik \u015firketleri ve \u00e7al\u0131\u015fanlar\u0131n\u0131n da yo\u011fun gayretleri ve destekleriyle T\u00fcrkiye, k\u00fcresel mobilya ihracat pazar\u0131ndan ald\u0131\u011f\u0131 pay\u0131 art\u0131r\u0131yor. Son d\u00f6nemde \u00f6zellikle geli\u015fmi\u015f, zengin \u00fclkelere ihracat h\u0131zland\u0131. T\u00dc\u0130K verilerine g\u00f6re ge\u00e7en y\u0131l ihracat\u0131n yakla\u015f\u0131k yar\u0131s\u0131 Avrupa \u00fclkelerine yap\u0131ld\u0131.<\/p>\n<p><img loading=\"lazy\" decoding=\"async\" class=\"alignnone size-medium wp-image-22306\" src=\"https:\/\/avrupapress.com\/main\/wp-content\/uploads\/2023\/03\/thumbnail_IntermaxLogistics_YKB_SavasCelikel-300x200.jpg\" alt=\"\" width=\"300\" height=\"200\" srcset=\"https:\/\/avrupapress.com\/main\/wp-content\/uploads\/2023\/03\/thumbnail_IntermaxLogistics_YKB_SavasCelikel-300x200.jpg 300w, https:\/\/avrupapress.com\/main\/wp-content\/uploads\/2023\/03\/thumbnail_IntermaxLogistics_YKB_SavasCelikel-1024x682.jpg 1024w, https:\/\/avrupapress.com\/main\/wp-content\/uploads\/2023\/03\/thumbnail_IntermaxLogistics_YKB_SavasCelikel-768x512.jpg 768w, https:\/\/avrupapress.com\/main\/wp-content\/uploads\/2023\/03\/thumbnail_IntermaxLogistics_YKB_SavasCelikel.jpg 1280w\" sizes=\"auto, (max-width: 300px) 100vw, 300px\" \/><\/p>\n<p><strong>Bilgin Ozcifci\u00a0 \u00a0\/\u00a0 \u00a0 AVRUPAPRESS<\/strong><\/p>\n","protected":false},"excerpt":{"rendered":"<p>Global trendlere uygun \u00f6zg\u00fcn tasar\u0131m ve zaman\u0131nda teslimat, T\u00fcrkiye\u2019nin k\u00fcresel mobilya ihracat\u0131ndan ald\u0131\u011f\u0131 pay\u0131 h\u0131zla art\u0131r\u0131yor. Mobilya ta\u015f\u0131mac\u0131l\u0131\u011f\u0131nda da uzmanla\u015fan Intermax Logistics Y\u00f6netim Kurulu Ba\u015fkan\u0131 Sava\u015f \u00c7elikel, \u201c\u0130hracat\u0131m\u0131z\u0131n y\u00fckselen de\u011feri mobilya \u00fcr\u00fcnlerini yurt d\u0131\u015f\u0131na g\u00fcvenle ta\u015f\u0131yor, zaman\u0131nda ve hasars\u0131z teslim ediyoruz. \u0130htiya\u00e7 halinde ba\u015fta Almanya olmak \u00fczere Avrupa \u00fclkelerinde depolama hizmeti de veriyoruz.\u201d dedi. Tasar\u0131mlar\u0131nda [&hellip;]<\/p>\n","protected":false},"author":3,"featured_media":22306,"comment_status":"closed","ping_status":"open","sticky":false,"template":"","format":"standard","meta":{"footnotes":""},"categories":[14,16,3,17,18,15,19,2],"tags":[],"class_list":["post-22305","post","type-post","status-publish","format-standard","has-post-thumbnail","hentry","category-avrupa","category-belcika","category-dunya","category-ekonomi","category-kultur-sanat","category-spor","category-tanitim","category-turkiye"],"yoast_head":"<!-- This site is optimized with the Yoast SEO plugin v26.9 - https:\/\/yoast.com\/product\/yoast-seo-wordpress\/ -->\n<title>\u0130HRACATTA MOB\u0130LYANIN C\u0130LASI \u00d6ZG\u00dcN TASARIM VE HIZLI TESL\u0130MATLA PARLADI - AvrupaPress<\/title>\n<meta name=\"robots\" content=\"index, follow, max-snippet:-1, max-image-preview:large, max-video-preview:-1\" \/>\n<link rel=\"canonical\" href=\"https:\/\/avrupapress.com\/main\/2023\/03\/28\/ihracatta-mobilyanin-cilasi-ozgun-tasarim-ve-hizli-teslimatla-parladi\/\" \/>\n<meta property=\"og:locale\" content=\"fr_FR\" \/>\n<meta property=\"og:type\" content=\"article\" \/>\n<meta property=\"og:title\" content=\"\u0130HRACATTA MOB\u0130LYANIN C\u0130LASI \u00d6ZG\u00dcN TASARIM VE HIZLI TESL\u0130MATLA PARLADI - AvrupaPress\" \/>\n<meta property=\"og:description\" content=\"Global trendlere uygun \u00f6zg\u00fcn tasar\u0131m ve zaman\u0131nda teslimat, T\u00fcrkiye\u2019nin k\u00fcresel mobilya ihracat\u0131ndan ald\u0131\u011f\u0131 pay\u0131 h\u0131zla art\u0131r\u0131yor. Mobilya ta\u015f\u0131mac\u0131l\u0131\u011f\u0131nda da uzmanla\u015fan Intermax Logistics Y\u00f6netim Kurulu Ba\u015fkan\u0131 Sava\u015f \u00c7elikel, \u201c\u0130hracat\u0131m\u0131z\u0131n y\u00fckselen de\u011feri mobilya \u00fcr\u00fcnlerini yurt d\u0131\u015f\u0131na g\u00fcvenle ta\u015f\u0131yor, zaman\u0131nda ve hasars\u0131z teslim ediyoruz. \u0130htiya\u00e7 halinde ba\u015fta Almanya olmak \u00fczere Avrupa \u00fclkelerinde depolama hizmeti de veriyoruz.\u201d dedi. Tasar\u0131mlar\u0131nda [&hellip;]\" \/>\n<meta property=\"og:url\" content=\"https:\/\/avrupapress.com\/main\/2023\/03\/28\/ihracatta-mobilyanin-cilasi-ozgun-tasarim-ve-hizli-teslimatla-parladi\/\" \/>\n<meta property=\"og:site_name\" content=\"AvrupaPress\" \/>\n<meta property=\"article:published_time\" content=\"2023-03-28T19:12:48+00:00\" \/>\n<meta property=\"article:modified_time\" content=\"2023-04-01T04:38:22+00:00\" \/>\n<meta property=\"og:image\" content=\"https:\/\/avrupapress.com\/main\/wp-content\/uploads\/2023\/03\/thumbnail_IntermaxLogistics_YKB_SavasCelikel.jpg\" \/>\n\t<meta property=\"og:image:width\" content=\"1280\" \/>\n\t<meta property=\"og:image:height\" content=\"853\" \/>\n\t<meta property=\"og:image:type\" content=\"image\/jpeg\" \/>\n<meta name=\"author\" content=\"Edit\u00f6r\" \/>\n<meta name=\"twitter:card\" content=\"summary_large_image\" \/>\n<meta name=\"twitter:label1\" content=\"\u00c9crit par\" \/>\n\t<meta name=\"twitter:data1\" content=\"Edit\u00f6r\" \/>\n\t<meta name=\"twitter:label2\" content=\"Dur\u00e9e de lecture est.\" \/>\n\t<meta name=\"twitter:data2\" content=\"3 minutes\" \/>\n<script type=\"application\/ld+json\" class=\"yoast-schema-graph\">{\"@context\":\"https:\/\/schema.org\",\"@graph\":[{\"@type\":\"Article\",\"@id\":\"https:\/\/avrupapress.com\/main\/2023\/03\/28\/ihracatta-mobilyanin-cilasi-ozgun-tasarim-ve-hizli-teslimatla-parladi\/#article\",\"isPartOf\":{\"@id\":\"https:\/\/avrupapress.com\/main\/2023\/03\/28\/ihracatta-mobilyanin-cilasi-ozgun-tasarim-ve-hizli-teslimatla-parladi\/\"},\"author\":{\"name\":\"Edit\u00f6r\",\"@id\":\"https:\/\/avrupapress.com\/#\/schema\/person\/68428444ec60970d1e1b700cf4ca1e8f\"},\"headline\":\"\u0130HRACATTA MOB\u0130LYANIN C\u0130LASI \u00d6ZG\u00dcN TASARIM VE HIZLI TESL\u0130MATLA PARLADI\",\"datePublished\":\"2023-03-28T19:12:48+00:00\",\"dateModified\":\"2023-04-01T04:38:22+00:00\",\"mainEntityOfPage\":{\"@id\":\"https:\/\/avrupapress.com\/main\/2023\/03\/28\/ihracatta-mobilyanin-cilasi-ozgun-tasarim-ve-hizli-teslimatla-parladi\/\"},\"wordCount\":467,\"publisher\":{\"@id\":\"https:\/\/avrupapress.com\/#\/schema\/person\/0223dca19c72c43575bf30d1a2d8f4fa\"},\"image\":{\"@id\":\"https:\/\/avrupapress.com\/main\/2023\/03\/28\/ihracatta-mobilyanin-cilasi-ozgun-tasarim-ve-hizli-teslimatla-parladi\/#primaryimage\"},\"thumbnailUrl\":\"https:\/\/avrupapress.com\/main\/wp-content\/uploads\/2023\/03\/thumbnail_IntermaxLogistics_YKB_SavasCelikel.jpg\",\"articleSection\":[\"Avrupa\",\"Bel\u00e7ika\",\"D\u00fcnya\",\"Ekonomi\",\"K\u00fclt\u00fcr-Sanat\",\"Spor\",\"Tan\u0131t\u0131m\",\"T\u00fcrkiye\"],\"inLanguage\":\"fr-BE\"},{\"@type\":\"WebPage\",\"@id\":\"https:\/\/avrupapress.com\/main\/2023\/03\/28\/ihracatta-mobilyanin-cilasi-ozgun-tasarim-ve-hizli-teslimatla-parladi\/\",\"url\":\"https:\/\/avrupapress.com\/main\/2023\/03\/28\/ihracatta-mobilyanin-cilasi-ozgun-tasarim-ve-hizli-teslimatla-parladi\/\",\"name\":\"\u0130HRACATTA MOB\u0130LYANIN C\u0130LASI \u00d6ZG\u00dcN TASARIM VE HIZLI TESL\u0130MATLA PARLADI - AvrupaPress\",\"isPartOf\":{\"@id\":\"https:\/\/avrupapress.com\/#website\"},\"primaryImageOfPage\":{\"@id\":\"https:\/\/avrupapress.com\/main\/2023\/03\/28\/ihracatta-mobilyanin-cilasi-ozgun-tasarim-ve-hizli-teslimatla-parladi\/#primaryimage\"},\"image\":{\"@id\":\"https:\/\/avrupapress.com\/main\/2023\/03\/28\/ihracatta-mobilyanin-cilasi-ozgun-tasarim-ve-hizli-teslimatla-parladi\/#primaryimage\"},\"thumbnailUrl\":\"https:\/\/avrupapress.com\/main\/wp-content\/uploads\/2023\/03\/thumbnail_IntermaxLogistics_YKB_SavasCelikel.jpg\",\"datePublished\":\"2023-03-28T19:12:48+00:00\",\"dateModified\":\"2023-04-01T04:38:22+00:00\",\"breadcrumb\":{\"@id\":\"https:\/\/avrupapress.com\/main\/2023\/03\/28\/ihracatta-mobilyanin-cilasi-ozgun-tasarim-ve-hizli-teslimatla-parladi\/#breadcrumb\"},\"inLanguage\":\"fr-BE\",\"potentialAction\":[{\"@type\":\"ReadAction\",\"target\":[\"https:\/\/avrupapress.com\/main\/2023\/03\/28\/ihracatta-mobilyanin-cilasi-ozgun-tasarim-ve-hizli-teslimatla-parladi\/\"]}]},{\"@type\":\"ImageObject\",\"inLanguage\":\"fr-BE\",\"@id\":\"https:\/\/avrupapress.com\/main\/2023\/03\/28\/ihracatta-mobilyanin-cilasi-ozgun-tasarim-ve-hizli-teslimatla-parladi\/#primaryimage\",\"url\":\"https:\/\/avrupapress.com\/main\/wp-content\/uploads\/2023\/03\/thumbnail_IntermaxLogistics_YKB_SavasCelikel.jpg\",\"contentUrl\":\"https:\/\/avrupapress.com\/main\/wp-content\/uploads\/2023\/03\/thumbnail_IntermaxLogistics_YKB_SavasCelikel.jpg\",\"width\":1280,\"height\":853},{\"@type\":\"BreadcrumbList\",\"@id\":\"https:\/\/avrupapress.com\/main\/2023\/03\/28\/ihracatta-mobilyanin-cilasi-ozgun-tasarim-ve-hizli-teslimatla-parladi\/#breadcrumb\",\"itemListElement\":[{\"@type\":\"ListItem\",\"position\":1,\"name\":\"Anasayfa\",\"item\":\"https:\/\/avrupapress.com\/\"},{\"@type\":\"ListItem\",\"position\":2,\"name\":\"\u0130HRACATTA MOB\u0130LYANIN C\u0130LASI \u00d6ZG\u00dcN TASARIM VE HIZLI TESL\u0130MATLA PARLADI\"}]},{\"@type\":\"WebSite\",\"@id\":\"https:\/\/avrupapress.com\/#website\",\"url\":\"https:\/\/avrupapress.com\/\",\"name\":\"AvrupaPress\",\"description\":\"Haberin Adresi\",\"publisher\":{\"@id\":\"https:\/\/avrupapress.com\/#\/schema\/person\/0223dca19c72c43575bf30d1a2d8f4fa\"},\"potentialAction\":[{\"@type\":\"SearchAction\",\"target\":{\"@type\":\"EntryPoint\",\"urlTemplate\":\"https:\/\/avrupapress.com\/?s={search_term_string}\"},\"query-input\":{\"@type\":\"PropertyValueSpecification\",\"valueRequired\":true,\"valueName\":\"search_term_string\"}}],\"inLanguage\":\"fr-BE\"},{\"@type\":[\"Person\",\"Organization\"],\"@id\":\"https:\/\/avrupapress.com\/#\/schema\/person\/0223dca19c72c43575bf30d1a2d8f4fa\",\"name\":\"Bilgin \u00d6z\u00e7ift\u00e7i\",\"image\":{\"@type\":\"ImageObject\",\"inLanguage\":\"fr-BE\",\"@id\":\"https:\/\/avrupapress.com\/#\/schema\/person\/image\/\",\"url\":\"https:\/\/secure.gravatar.com\/avatar\/0f23b280433a21e1ea7a0adcc46ed0ad16afe3ad8e630fd13d8a017dcbd54ef3?s=96&d=mm&r=g\",\"contentUrl\":\"https:\/\/secure.gravatar.com\/avatar\/0f23b280433a21e1ea7a0adcc46ed0ad16afe3ad8e630fd13d8a017dcbd54ef3?s=96&d=mm&r=g\",\"caption\":\"Bilgin \u00d6z\u00e7ift\u00e7i\"},\"logo\":{\"@id\":\"https:\/\/avrupapress.com\/#\/schema\/person\/image\/\"},\"description\":\"Ne ben, nede sen... Biz ancak \\\"biz\\\" olursak g\u00fc\u00e7l\u00fc olabiliriz\"},{\"@type\":\"Person\",\"@id\":\"https:\/\/avrupapress.com\/#\/schema\/person\/68428444ec60970d1e1b700cf4ca1e8f\",\"name\":\"Edit\u00f6r\",\"image\":{\"@type\":\"ImageObject\",\"inLanguage\":\"fr-BE\",\"@id\":\"https:\/\/avrupapress.com\/#\/schema\/person\/image\/\",\"url\":\"https:\/\/secure.gravatar.com\/avatar\/74996b0977aa5f1559ba9883776652508b229005c0d78fb2597897f0bd651c09?s=96&d=mm&r=g\",\"contentUrl\":\"https:\/\/secure.gravatar.com\/avatar\/74996b0977aa5f1559ba9883776652508b229005c0d78fb2597897f0bd651c09?s=96&d=mm&r=g\",\"caption\":\"Edit\u00f6r\"},\"sameAs\":[\"http:\/\/www.avrupapress.com\"],\"url\":\"https:\/\/avrupapress.com\/main\/author\/editor\/\"}]}<\/script>\n<!-- \/ Yoast SEO plugin. -->","yoast_head_json":{"title":"\u0130HRACATTA MOB\u0130LYANIN C\u0130LASI \u00d6ZG\u00dcN TASARIM VE HIZLI TESL\u0130MATLA PARLADI - AvrupaPress","robots":{"index":"index","follow":"follow","max-snippet":"max-snippet:-1","max-image-preview":"max-image-preview:large","max-video-preview":"max-video-preview:-1"},"canonical":"https:\/\/avrupapress.com\/main\/2023\/03\/28\/ihracatta-mobilyanin-cilasi-ozgun-tasarim-ve-hizli-teslimatla-parladi\/","og_locale":"fr_FR","og_type":"article","og_title":"\u0130HRACATTA MOB\u0130LYANIN C\u0130LASI \u00d6ZG\u00dcN TASARIM VE HIZLI TESL\u0130MATLA PARLADI - AvrupaPress","og_description":"Global trendlere uygun \u00f6zg\u00fcn tasar\u0131m ve zaman\u0131nda teslimat, T\u00fcrkiye\u2019nin k\u00fcresel mobilya ihracat\u0131ndan ald\u0131\u011f\u0131 pay\u0131 h\u0131zla art\u0131r\u0131yor. Mobilya ta\u015f\u0131mac\u0131l\u0131\u011f\u0131nda da uzmanla\u015fan Intermax Logistics Y\u00f6netim Kurulu Ba\u015fkan\u0131 Sava\u015f \u00c7elikel, \u201c\u0130hracat\u0131m\u0131z\u0131n y\u00fckselen de\u011feri mobilya \u00fcr\u00fcnlerini yurt d\u0131\u015f\u0131na g\u00fcvenle ta\u015f\u0131yor, zaman\u0131nda ve hasars\u0131z teslim ediyoruz. \u0130htiya\u00e7 halinde ba\u015fta Almanya olmak \u00fczere Avrupa \u00fclkelerinde depolama hizmeti de veriyoruz.\u201d dedi. Tasar\u0131mlar\u0131nda [&hellip;]","og_url":"https:\/\/avrupapress.com\/main\/2023\/03\/28\/ihracatta-mobilyanin-cilasi-ozgun-tasarim-ve-hizli-teslimatla-parladi\/","og_site_name":"AvrupaPress","article_published_time":"2023-03-28T19:12:48+00:00","article_modified_time":"2023-04-01T04:38:22+00:00","og_image":[{"width":1280,"height":853,"url":"https:\/\/avrupapress.com\/main\/wp-content\/uploads\/2023\/03\/thumbnail_IntermaxLogistics_YKB_SavasCelikel.jpg","type":"image\/jpeg"}],"author":"Edit\u00f6r","twitter_card":"summary_large_image","twitter_misc":{"\u00c9crit par":"Edit\u00f6r","Dur\u00e9e de lecture est.":"3 minutes"},"schema":{"@context":"https:\/\/schema.org","@graph":[{"@type":"Article","@id":"https:\/\/avrupapress.com\/main\/2023\/03\/28\/ihracatta-mobilyanin-cilasi-ozgun-tasarim-ve-hizli-teslimatla-parladi\/#article","isPartOf":{"@id":"https:\/\/avrupapress.com\/main\/2023\/03\/28\/ihracatta-mobilyanin-cilasi-ozgun-tasarim-ve-hizli-teslimatla-parladi\/"},"author":{"name":"Edit\u00f6r","@id":"https:\/\/avrupapress.com\/#\/schema\/person\/68428444ec60970d1e1b700cf4ca1e8f"},"headline":"\u0130HRACATTA MOB\u0130LYANIN C\u0130LASI \u00d6ZG\u00dcN TASARIM VE HIZLI TESL\u0130MATLA PARLADI","datePublished":"2023-03-28T19:12:48+00:00","dateModified":"2023-04-01T04:38:22+00:00","mainEntityOfPage":{"@id":"https:\/\/avrupapress.com\/main\/2023\/03\/28\/ihracatta-mobilyanin-cilasi-ozgun-tasarim-ve-hizli-teslimatla-parladi\/"},"wordCount":467,"publisher":{"@id":"https:\/\/avrupapress.com\/#\/schema\/person\/0223dca19c72c43575bf30d1a2d8f4fa"},"image":{"@id":"https:\/\/avrupapress.com\/main\/2023\/03\/28\/ihracatta-mobilyanin-cilasi-ozgun-tasarim-ve-hizli-teslimatla-parladi\/#primaryimage"},"thumbnailUrl":"https:\/\/avrupapress.com\/main\/wp-content\/uploads\/2023\/03\/thumbnail_IntermaxLogistics_YKB_SavasCelikel.jpg","articleSection":["Avrupa","Bel\u00e7ika","D\u00fcnya","Ekonomi","K\u00fclt\u00fcr-Sanat","Spor","Tan\u0131t\u0131m","T\u00fcrkiye"],"inLanguage":"fr-BE"},{"@type":"WebPage","@id":"https:\/\/avrupapress.com\/main\/2023\/03\/28\/ihracatta-mobilyanin-cilasi-ozgun-tasarim-ve-hizli-teslimatla-parladi\/","url":"https:\/\/avrupapress.com\/main\/2023\/03\/28\/ihracatta-mobilyanin-cilasi-ozgun-tasarim-ve-hizli-teslimatla-parladi\/","name":"\u0130HRACATTA MOB\u0130LYANIN C\u0130LASI \u00d6ZG\u00dcN TASARIM VE HIZLI TESL\u0130MATLA PARLADI - AvrupaPress","isPartOf":{"@id":"https:\/\/avrupapress.com\/#website"},"primaryImageOfPage":{"@id":"https:\/\/avrupapress.com\/main\/2023\/03\/28\/ihracatta-mobilyanin-cilasi-ozgun-tasarim-ve-hizli-teslimatla-parladi\/#primaryimage"},"image":{"@id":"https:\/\/avrupapress.com\/main\/2023\/03\/28\/ihracatta-mobilyanin-cilasi-ozgun-tasarim-ve-hizli-teslimatla-parladi\/#primaryimage"},"thumbnailUrl":"https:\/\/avrupapress.com\/main\/wp-content\/uploads\/2023\/03\/thumbnail_IntermaxLogistics_YKB_SavasCelikel.jpg","datePublished":"2023-03-28T19:12:48+00:00","dateModified":"2023-04-01T04:38:22+00:00","breadcrumb":{"@id":"https:\/\/avrupapress.com\/main\/2023\/03\/28\/ihracatta-mobilyanin-cilasi-ozgun-tasarim-ve-hizli-teslimatla-parladi\/#breadcrumb"},"inLanguage":"fr-BE","potentialAction":[{"@type":"ReadAction","target":["https:\/\/avrupapress.com\/main\/2023\/03\/28\/ihracatta-mobilyanin-cilasi-ozgun-tasarim-ve-hizli-teslimatla-parladi\/"]}]},{"@type":"ImageObject","inLanguage":"fr-BE","@id":"https:\/\/avrupapress.com\/main\/2023\/03\/28\/ihracatta-mobilyanin-cilasi-ozgun-tasarim-ve-hizli-teslimatla-parladi\/#primaryimage","url":"https:\/\/avrupapress.com\/main\/wp-content\/uploads\/2023\/03\/thumbnail_IntermaxLogistics_YKB_SavasCelikel.jpg","contentUrl":"https:\/\/avrupapress.com\/main\/wp-content\/uploads\/2023\/03\/thumbnail_IntermaxLogistics_YKB_SavasCelikel.jpg","width":1280,"height":853},{"@type":"BreadcrumbList","@id":"https:\/\/avrupapress.com\/main\/2023\/03\/28\/ihracatta-mobilyanin-cilasi-ozgun-tasarim-ve-hizli-teslimatla-parladi\/#breadcrumb","itemListElement":[{"@type":"ListItem","position":1,"name":"Anasayfa","item":"https:\/\/avrupapress.com\/"},{"@type":"ListItem","position":2,"name":"\u0130HRACATTA MOB\u0130LYANIN C\u0130LASI \u00d6ZG\u00dcN TASARIM VE HIZLI TESL\u0130MATLA PARLADI"}]},{"@type":"WebSite","@id":"https:\/\/avrupapress.com\/#website","url":"https:\/\/avrupapress.com\/","name":"AvrupaPress","description":"Haberin Adresi","publisher":{"@id":"https:\/\/avrupapress.com\/#\/schema\/person\/0223dca19c72c43575bf30d1a2d8f4fa"},"potentialAction":[{"@type":"SearchAction","target":{"@type":"EntryPoint","urlTemplate":"https:\/\/avrupapress.com\/?s={search_term_string}"},"query-input":{"@type":"PropertyValueSpecification","valueRequired":true,"valueName":"search_term_string"}}],"inLanguage":"fr-BE"},{"@type":["Person","Organization"],"@id":"https:\/\/avrupapress.com\/#\/schema\/person\/0223dca19c72c43575bf30d1a2d8f4fa","name":"Bilgin \u00d6z\u00e7ift\u00e7i","image":{"@type":"ImageObject","inLanguage":"fr-BE","@id":"https:\/\/avrupapress.com\/#\/schema\/person\/image\/","url":"https:\/\/secure.gravatar.com\/avatar\/0f23b280433a21e1ea7a0adcc46ed0ad16afe3ad8e630fd13d8a017dcbd54ef3?s=96&d=mm&r=g","contentUrl":"https:\/\/secure.gravatar.com\/avatar\/0f23b280433a21e1ea7a0adcc46ed0ad16afe3ad8e630fd13d8a017dcbd54ef3?s=96&d=mm&r=g","caption":"Bilgin \u00d6z\u00e7ift\u00e7i"},"logo":{"@id":"https:\/\/avrupapress.com\/#\/schema\/person\/image\/"},"description":"Ne ben, nede sen... Biz ancak \"biz\" olursak g\u00fc\u00e7l\u00fc olabiliriz"},{"@type":"Person","@id":"https:\/\/avrupapress.com\/#\/schema\/person\/68428444ec60970d1e1b700cf4ca1e8f","name":"Edit\u00f6r","image":{"@type":"ImageObject","inLanguage":"fr-BE","@id":"https:\/\/avrupapress.com\/#\/schema\/person\/image\/","url":"https:\/\/secure.gravatar.com\/avatar\/74996b0977aa5f1559ba9883776652508b229005c0d78fb2597897f0bd651c09?s=96&d=mm&r=g","contentUrl":"https:\/\/secure.gravatar.com\/avatar\/74996b0977aa5f1559ba9883776652508b229005c0d78fb2597897f0bd651c09?s=96&d=mm&r=g","caption":"Edit\u00f6r"},"sameAs":["http:\/\/www.avrupapress.com"],"url":"https:\/\/avrupapress.com\/main\/author\/editor\/"}]}},"_links":{"self":[{"href":"https:\/\/avrupapress.com\/main\/wp-json\/wp\/v2\/posts\/22305","targetHints":{"allow":["GET"]}}],"collection":[{"href":"https:\/\/avrupapress.com\/main\/wp-json\/wp\/v2\/posts"}],"about":[{"href":"https:\/\/avrupapress.com\/main\/wp-json\/wp\/v2\/types\/post"}],"author":[{"embeddable":true,"href":"https:\/\/avrupapress.com\/main\/wp-json\/wp\/v2\/users\/3"}],"replies":[{"embeddable":true,"href":"https:\/\/avrupapress.com\/main\/wp-json\/wp\/v2\/comments?post=22305"}],"version-history":[{"count":2,"href":"https:\/\/avrupapress.com\/main\/wp-json\/wp\/v2\/posts\/22305\/revisions"}],"predecessor-version":[{"id":22327,"href":"https:\/\/avrupapress.com\/main\/wp-json\/wp\/v2\/posts\/22305\/revisions\/22327"}],"wp:featuredmedia":[{"embeddable":true,"href":"https:\/\/avrupapress.com\/main\/wp-json\/wp\/v2\/media\/22306"}],"wp:attachment":[{"href":"https:\/\/avrupapress.com\/main\/wp-json\/wp\/v2\/media?parent=22305"}],"wp:term":[{"taxonomy":"category","embeddable":true,"href":"https:\/\/avrupapress.com\/main\/wp-json\/wp\/v2\/categories?post=22305"},{"taxonomy":"post_tag","embeddable":true,"href":"https:\/\/avrupapress.com\/main\/wp-json\/wp\/v2\/tags?post=22305"}],"curies":[{"name":"wp","href":"https:\/\/api.w.org\/{rel}","templated":true}]}}