{"id":22302,"date":"2023-03-28T19:07:09","date_gmt":"2023-03-28T19:07:09","guid":{"rendered":"https:\/\/avrupapress.com\/main\/?p=22302"},"modified":"2023-03-28T19:07:22","modified_gmt":"2023-03-28T19:07:22","slug":"eskisehir-fatih-fen-lisesi-turkiyeyi-fizik-projeleriyle-ispanyada-temsil-ettiler","status":"publish","type":"post","link":"https:\/\/avrupapress.com\/main\/2023\/03\/28\/eskisehir-fatih-fen-lisesi-turkiyeyi-fizik-projeleriyle-ispanyada-temsil-ettiler\/","title":{"rendered":"Eski\u015fehir Fatih Fen Lisesi, T\u00fcrkiye\u2019yi \u201cFizik\u201d Projeleriyle \u0130spanya\u2019da temsil ettiler"},"content":{"rendered":"<p><strong>HABER \/ FOTO\u011eRAF: ERTU\u011eRUL ALTINEL \u2013 B\u0130LG\u0130N \u00d6Z\u00c7\u0130FT\u00c7\u0130 \u2013 AVRUPA PRESS \u2013 BEL\u00c7\u0130KA<\/strong><\/p>\n<p>Eski\u015fehir Fatih Fen Lisesi, T\u00fcrkiye\u2019yi \u201cFizik\u201d projeleriyle \u0130spanya\u2019da temsil ettiler ve Eski\u015fehir\u2019in gurur kayna\u011f\u0131 oldular.<\/p>\n<p>Eski\u015fehir Fatih Fen Lisesi; d\u00fcnya birincisi olduklar\u0131 \u2018Fizik\u2019 projelerini, \u0130spanya Barselona\u2019da ba\u015far\u0131yla sergilediler. Eski\u015fehir Fatih Fen Lisesi T\u00fcrk Dili ve Edebiyat\u0131 Ba\u015f\u00f6\u011fretmeni Cengiz Arsu ve 11. s\u0131n\u0131f \u00f6\u011frencisi Umut \u015eahan; d\u00fcnya birincisi olduklar\u0131 \u2018Fizik\u2019 projeleriyle, \u0130spanya\u2019n\u0131n Barselona \u015fehrinde T\u00fcrkiye\u2019yi ba\u015far\u0131yla temsil ettiler. \u0130spanya\u2019n\u0131n Barselona \u015fehrinde yap\u0131lan \u2018Uluslararas\u0131 Bilim Yar\u0131\u015fmas\u0131\u2019nda; \u2018Fizik\u2019 alan\u0131nda dan\u0131\u015fmanl\u0131\u011f\u0131n\u0131 Eski\u015fehir Fatih Fen Lisesi T\u00fcrk Dili ve Edebiyat\u0131 Ba\u015f\u00f6\u011fretmeni Cengiz Arsu\u2019nun yapt\u0131\u011f\u0131 ve 11. s\u0131n\u0131f \u00f6\u011frencisi Umut \u015eahan \u2018Fizik\u2019 projelerini ba\u015far\u0131yla sergilediler. \u2018Fizik\u2019 projelerini \u0130spanya\u2019n\u0131n Barselona \u015fehrinde \u00fcniversitede sergilediler ve projeleri akademik \u00e7evrelerde olduk\u00e7a ilgi g\u00f6rd\u00fc.<\/p>\n<p>\u2018Buca \u0130MSEF Uluslararas\u0131 Bilim Yar\u0131\u015fmas\u0131\u2019nda; \u2018Fizik\u2019 Projeleriyle, 19 \u00fclkeden toplam 912 proje ba\u015fvurusundan \u2018D\u00fcnya Birincisi\u2019 olarak \u2018Alt\u0131n Madalya\u2019 kazanma ba\u015far\u0131s\u0131 g\u00f6sterdikleri i\u00e7in, \u00fclkemizi \u2018Uluslararas\u0131 Bilimsel Proje\u2019 yar\u0131\u015fmalar\u0131nda \u0130ngiltere\u2019nin ba\u015fkenti Londra\u2019da King\u2019s College\u2019de ve \u0130spanya\u2019n\u0131n Barselona \u015fehrinde projelerini sergileme g\u00f6revi verilmi\u015fti. \u2018Fizik\u2019 projeleri, \u0130ngilizce olarak haz\u0131rland\u0131. \u0130spanya\u2019n\u0131n Barselona \u015fehrinde yap\u0131lan \u2018Uluslararas\u0131 Bilim Yar\u0131\u015fmas\u0131\u2019nda, proje sunumlar\u0131 da \u0130ngilizce olarak yap\u0131ld\u0131. Eski\u015fehir Fatih Fen Lisesi T\u00fcrk Dili ve Edebiyat\u0131 Ba\u015f\u00f6\u011fretmeni Cengiz Arsu ve 11. s\u0131n\u0131f \u00f6\u011frencisi Umut \u015eahan; \u0130spanya\u2019n\u0131n Barselona \u015fehrinde yap\u0131lan \u2018Uluslararas\u0131 Bilim Yar\u0131\u015fmas\u0131\u2019nda, T\u00fcrkiye\u2019yi d\u00fcnya birincisi olduklar\u0131 \u2018Fizik\u2019 Projeleriyle temsil ederek gurur kayna\u011f\u0131 oldular.<\/p>\n<p>26 Temmuz \u2013 09 A\u011fustos 2023 tarihinde: Eski\u015fehir Fatih Fen Lisesi; \u0130ngiltere\u2019nin ba\u015fkenti Londra\u2019da, King\u2019s College\u2019de yap\u0131lacak \u2018Uluslararas\u0131 Bilim Yar\u0131\u015fmas\u0131\u2019nda T\u00fcrkiye\u2019yi d\u00fcnya birincisi olduklar\u0131 \u2018Fizik\u2019 projeleriyle temsil edecekler.<\/p>\n<p><img loading=\"lazy\" decoding=\"async\" class=\"alignnone size-medium wp-image-22303\" src=\"https:\/\/avrupapress.com\/main\/wp-content\/uploads\/2023\/03\/thumbnail_A1-245x300.jpg\" alt=\"\" width=\"245\" height=\"300\" srcset=\"https:\/\/avrupapress.com\/main\/wp-content\/uploads\/2023\/03\/thumbnail_A1-245x300.jpg 245w, https:\/\/avrupapress.com\/main\/wp-content\/uploads\/2023\/03\/thumbnail_A1.jpg 386w\" sizes=\"auto, (max-width: 245px) 100vw, 245px\" \/><\/p>\n<p><strong>HABER \/ FOTO\u011eRAF: ERTU\u011eRUL ALTINEL \u2013 B\u0130LG\u0130N \u00d6Z\u00c7\u0130FT\u00c7\u0130 \u2013 AVRUPA PRESS \u2013 BEL\u00c7\u0130KA<\/strong><\/p>\n","protected":false},"excerpt":{"rendered":"<p>HABER \/ FOTO\u011eRAF: ERTU\u011eRUL ALTINEL \u2013 B\u0130LG\u0130N \u00d6Z\u00c7\u0130FT\u00c7\u0130 \u2013 AVRUPA PRESS \u2013 BEL\u00c7\u0130KA Eski\u015fehir Fatih Fen Lisesi, T\u00fcrkiye\u2019yi \u201cFizik\u201d projeleriyle \u0130spanya\u2019da temsil ettiler ve Eski\u015fehir\u2019in gurur kayna\u011f\u0131 oldular. Eski\u015fehir Fatih Fen Lisesi; d\u00fcnya birincisi olduklar\u0131 \u2018Fizik\u2019 projelerini, \u0130spanya Barselona\u2019da ba\u015far\u0131yla sergilediler. Eski\u015fehir Fatih Fen Lisesi T\u00fcrk Dili ve Edebiyat\u0131 Ba\u015f\u00f6\u011fretmeni Cengiz Arsu ve 11. s\u0131n\u0131f [&hellip;]<\/p>\n","protected":false},"author":3,"featured_media":22303,"comment_status":"closed","ping_status":"open","sticky":false,"template":"","format":"standard","meta":{"footnotes":""},"categories":[14,16,3,17,18,15,19,2],"tags":[],"class_list":["post-22302","post","type-post","status-publish","format-standard","has-post-thumbnail","hentry","category-avrupa","category-belcika","category-dunya","category-ekonomi","category-kultur-sanat","category-spor","category-tanitim","category-turkiye"],"yoast_head":"<!-- This site is optimized with the Yoast SEO plugin v26.9 - https:\/\/yoast.com\/product\/yoast-seo-wordpress\/ -->\n<title>Eski\u015fehir Fatih Fen Lisesi, T\u00fcrkiye\u2019yi \u201cFizik\u201d Projeleriyle \u0130spanya\u2019da temsil ettiler - AvrupaPress<\/title>\n<meta name=\"robots\" content=\"index, follow, max-snippet:-1, max-image-preview:large, max-video-preview:-1\" \/>\n<link rel=\"canonical\" href=\"https:\/\/avrupapress.com\/main\/2023\/03\/28\/eskisehir-fatih-fen-lisesi-turkiyeyi-fizik-projeleriyle-ispanyada-temsil-ettiler\/\" \/>\n<meta property=\"og:locale\" content=\"fr_FR\" \/>\n<meta property=\"og:type\" content=\"article\" \/>\n<meta property=\"og:title\" content=\"Eski\u015fehir Fatih Fen Lisesi, T\u00fcrkiye\u2019yi \u201cFizik\u201d Projeleriyle \u0130spanya\u2019da temsil ettiler - AvrupaPress\" \/>\n<meta property=\"og:description\" content=\"HABER \/ FOTO\u011eRAF: ERTU\u011eRUL ALTINEL \u2013 B\u0130LG\u0130N \u00d6Z\u00c7\u0130FT\u00c7\u0130 \u2013 AVRUPA PRESS \u2013 BEL\u00c7\u0130KA Eski\u015fehir Fatih Fen Lisesi, T\u00fcrkiye\u2019yi \u201cFizik\u201d projeleriyle \u0130spanya\u2019da temsil ettiler ve Eski\u015fehir\u2019in gurur kayna\u011f\u0131 oldular. Eski\u015fehir Fatih Fen Lisesi; d\u00fcnya birincisi olduklar\u0131 \u2018Fizik\u2019 projelerini, \u0130spanya Barselona\u2019da ba\u015far\u0131yla sergilediler. Eski\u015fehir Fatih Fen Lisesi T\u00fcrk Dili ve Edebiyat\u0131 Ba\u015f\u00f6\u011fretmeni Cengiz Arsu ve 11. s\u0131n\u0131f [&hellip;]\" \/>\n<meta property=\"og:url\" content=\"https:\/\/avrupapress.com\/main\/2023\/03\/28\/eskisehir-fatih-fen-lisesi-turkiyeyi-fizik-projeleriyle-ispanyada-temsil-ettiler\/\" \/>\n<meta property=\"og:site_name\" content=\"AvrupaPress\" \/>\n<meta property=\"article:published_time\" content=\"2023-03-28T19:07:09+00:00\" \/>\n<meta property=\"article:modified_time\" content=\"2023-03-28T19:07:22+00:00\" \/>\n<meta property=\"og:image\" content=\"https:\/\/avrupapress.com\/main\/wp-content\/uploads\/2023\/03\/thumbnail_A1.jpg\" \/>\n\t<meta property=\"og:image:width\" content=\"386\" \/>\n\t<meta property=\"og:image:height\" content=\"472\" \/>\n\t<meta property=\"og:image:type\" content=\"image\/jpeg\" \/>\n<meta name=\"author\" content=\"Edit\u00f6r\" \/>\n<meta name=\"twitter:card\" content=\"summary_large_image\" \/>\n<meta name=\"twitter:label1\" content=\"\u00c9crit par\" \/>\n\t<meta name=\"twitter:data1\" content=\"Edit\u00f6r\" \/>\n\t<meta name=\"twitter:label2\" content=\"Dur\u00e9e de lecture est.\" \/>\n\t<meta name=\"twitter:data2\" content=\"2 minutes\" \/>\n<script type=\"application\/ld+json\" class=\"yoast-schema-graph\">{\"@context\":\"https:\/\/schema.org\",\"@graph\":[{\"@type\":\"Article\",\"@id\":\"https:\/\/avrupapress.com\/main\/2023\/03\/28\/eskisehir-fatih-fen-lisesi-turkiyeyi-fizik-projeleriyle-ispanyada-temsil-ettiler\/#article\",\"isPartOf\":{\"@id\":\"https:\/\/avrupapress.com\/main\/2023\/03\/28\/eskisehir-fatih-fen-lisesi-turkiyeyi-fizik-projeleriyle-ispanyada-temsil-ettiler\/\"},\"author\":{\"name\":\"Edit\u00f6r\",\"@id\":\"https:\/\/avrupapress.com\/#\/schema\/person\/68428444ec60970d1e1b700cf4ca1e8f\"},\"headline\":\"Eski\u015fehir Fatih Fen Lisesi, T\u00fcrkiye\u2019yi \u201cFizik\u201d Projeleriyle \u0130spanya\u2019da temsil ettiler\",\"datePublished\":\"2023-03-28T19:07:09+00:00\",\"dateModified\":\"2023-03-28T19:07:22+00:00\",\"mainEntityOfPage\":{\"@id\":\"https:\/\/avrupapress.com\/main\/2023\/03\/28\/eskisehir-fatih-fen-lisesi-turkiyeyi-fizik-projeleriyle-ispanyada-temsil-ettiler\/\"},\"wordCount\":355,\"publisher\":{\"@id\":\"https:\/\/avrupapress.com\/#\/schema\/person\/0223dca19c72c43575bf30d1a2d8f4fa\"},\"image\":{\"@id\":\"https:\/\/avrupapress.com\/main\/2023\/03\/28\/eskisehir-fatih-fen-lisesi-turkiyeyi-fizik-projeleriyle-ispanyada-temsil-ettiler\/#primaryimage\"},\"thumbnailUrl\":\"https:\/\/avrupapress.com\/main\/wp-content\/uploads\/2023\/03\/thumbnail_A1.jpg\",\"articleSection\":[\"Avrupa\",\"Bel\u00e7ika\",\"D\u00fcnya\",\"Ekonomi\",\"K\u00fclt\u00fcr-Sanat\",\"Spor\",\"Tan\u0131t\u0131m\",\"T\u00fcrkiye\"],\"inLanguage\":\"fr-BE\"},{\"@type\":\"WebPage\",\"@id\":\"https:\/\/avrupapress.com\/main\/2023\/03\/28\/eskisehir-fatih-fen-lisesi-turkiyeyi-fizik-projeleriyle-ispanyada-temsil-ettiler\/\",\"url\":\"https:\/\/avrupapress.com\/main\/2023\/03\/28\/eskisehir-fatih-fen-lisesi-turkiyeyi-fizik-projeleriyle-ispanyada-temsil-ettiler\/\",\"name\":\"Eski\u015fehir Fatih Fen Lisesi, T\u00fcrkiye\u2019yi \u201cFizik\u201d Projeleriyle \u0130spanya\u2019da temsil ettiler - AvrupaPress\",\"isPartOf\":{\"@id\":\"https:\/\/avrupapress.com\/#website\"},\"primaryImageOfPage\":{\"@id\":\"https:\/\/avrupapress.com\/main\/2023\/03\/28\/eskisehir-fatih-fen-lisesi-turkiyeyi-fizik-projeleriyle-ispanyada-temsil-ettiler\/#primaryimage\"},\"image\":{\"@id\":\"https:\/\/avrupapress.com\/main\/2023\/03\/28\/eskisehir-fatih-fen-lisesi-turkiyeyi-fizik-projeleriyle-ispanyada-temsil-ettiler\/#primaryimage\"},\"thumbnailUrl\":\"https:\/\/avrupapress.com\/main\/wp-content\/uploads\/2023\/03\/thumbnail_A1.jpg\",\"datePublished\":\"2023-03-28T19:07:09+00:00\",\"dateModified\":\"2023-03-28T19:07:22+00:00\",\"breadcrumb\":{\"@id\":\"https:\/\/avrupapress.com\/main\/2023\/03\/28\/eskisehir-fatih-fen-lisesi-turkiyeyi-fizik-projeleriyle-ispanyada-temsil-ettiler\/#breadcrumb\"},\"inLanguage\":\"fr-BE\",\"potentialAction\":[{\"@type\":\"ReadAction\",\"target\":[\"https:\/\/avrupapress.com\/main\/2023\/03\/28\/eskisehir-fatih-fen-lisesi-turkiyeyi-fizik-projeleriyle-ispanyada-temsil-ettiler\/\"]}]},{\"@type\":\"ImageObject\",\"inLanguage\":\"fr-BE\",\"@id\":\"https:\/\/avrupapress.com\/main\/2023\/03\/28\/eskisehir-fatih-fen-lisesi-turkiyeyi-fizik-projeleriyle-ispanyada-temsil-ettiler\/#primaryimage\",\"url\":\"https:\/\/avrupapress.com\/main\/wp-content\/uploads\/2023\/03\/thumbnail_A1.jpg\",\"contentUrl\":\"https:\/\/avrupapress.com\/main\/wp-content\/uploads\/2023\/03\/thumbnail_A1.jpg\",\"width\":386,\"height\":472},{\"@type\":\"BreadcrumbList\",\"@id\":\"https:\/\/avrupapress.com\/main\/2023\/03\/28\/eskisehir-fatih-fen-lisesi-turkiyeyi-fizik-projeleriyle-ispanyada-temsil-ettiler\/#breadcrumb\",\"itemListElement\":[{\"@type\":\"ListItem\",\"position\":1,\"name\":\"Anasayfa\",\"item\":\"https:\/\/avrupapress.com\/\"},{\"@type\":\"ListItem\",\"position\":2,\"name\":\"Eski\u015fehir Fatih Fen Lisesi, T\u00fcrkiye\u2019yi \u201cFizik\u201d Projeleriyle \u0130spanya\u2019da temsil ettiler\"}]},{\"@type\":\"WebSite\",\"@id\":\"https:\/\/avrupapress.com\/#website\",\"url\":\"https:\/\/avrupapress.com\/\",\"name\":\"AvrupaPress\",\"description\":\"Haberin Adresi\",\"publisher\":{\"@id\":\"https:\/\/avrupapress.com\/#\/schema\/person\/0223dca19c72c43575bf30d1a2d8f4fa\"},\"potentialAction\":[{\"@type\":\"SearchAction\",\"target\":{\"@type\":\"EntryPoint\",\"urlTemplate\":\"https:\/\/avrupapress.com\/?s={search_term_string}\"},\"query-input\":{\"@type\":\"PropertyValueSpecification\",\"valueRequired\":true,\"valueName\":\"search_term_string\"}}],\"inLanguage\":\"fr-BE\"},{\"@type\":[\"Person\",\"Organization\"],\"@id\":\"https:\/\/avrupapress.com\/#\/schema\/person\/0223dca19c72c43575bf30d1a2d8f4fa\",\"name\":\"Bilgin \u00d6z\u00e7ift\u00e7i\",\"image\":{\"@type\":\"ImageObject\",\"inLanguage\":\"fr-BE\",\"@id\":\"https:\/\/avrupapress.com\/#\/schema\/person\/image\/\",\"url\":\"https:\/\/secure.gravatar.com\/avatar\/0f23b280433a21e1ea7a0adcc46ed0ad16afe3ad8e630fd13d8a017dcbd54ef3?s=96&d=mm&r=g\",\"contentUrl\":\"https:\/\/secure.gravatar.com\/avatar\/0f23b280433a21e1ea7a0adcc46ed0ad16afe3ad8e630fd13d8a017dcbd54ef3?s=96&d=mm&r=g\",\"caption\":\"Bilgin \u00d6z\u00e7ift\u00e7i\"},\"logo\":{\"@id\":\"https:\/\/avrupapress.com\/#\/schema\/person\/image\/\"},\"description\":\"Ne ben, nede sen... Biz ancak \\\"biz\\\" olursak g\u00fc\u00e7l\u00fc olabiliriz\"},{\"@type\":\"Person\",\"@id\":\"https:\/\/avrupapress.com\/#\/schema\/person\/68428444ec60970d1e1b700cf4ca1e8f\",\"name\":\"Edit\u00f6r\",\"image\":{\"@type\":\"ImageObject\",\"inLanguage\":\"fr-BE\",\"@id\":\"https:\/\/avrupapress.com\/#\/schema\/person\/image\/\",\"url\":\"https:\/\/secure.gravatar.com\/avatar\/74996b0977aa5f1559ba9883776652508b229005c0d78fb2597897f0bd651c09?s=96&d=mm&r=g\",\"contentUrl\":\"https:\/\/secure.gravatar.com\/avatar\/74996b0977aa5f1559ba9883776652508b229005c0d78fb2597897f0bd651c09?s=96&d=mm&r=g\",\"caption\":\"Edit\u00f6r\"},\"sameAs\":[\"http:\/\/www.avrupapress.com\"],\"url\":\"https:\/\/avrupapress.com\/main\/author\/editor\/\"}]}<\/script>\n<!-- \/ Yoast SEO plugin. -->","yoast_head_json":{"title":"Eski\u015fehir Fatih Fen Lisesi, T\u00fcrkiye\u2019yi \u201cFizik\u201d Projeleriyle \u0130spanya\u2019da temsil ettiler - AvrupaPress","robots":{"index":"index","follow":"follow","max-snippet":"max-snippet:-1","max-image-preview":"max-image-preview:large","max-video-preview":"max-video-preview:-1"},"canonical":"https:\/\/avrupapress.com\/main\/2023\/03\/28\/eskisehir-fatih-fen-lisesi-turkiyeyi-fizik-projeleriyle-ispanyada-temsil-ettiler\/","og_locale":"fr_FR","og_type":"article","og_title":"Eski\u015fehir Fatih Fen Lisesi, T\u00fcrkiye\u2019yi \u201cFizik\u201d Projeleriyle \u0130spanya\u2019da temsil ettiler - AvrupaPress","og_description":"HABER \/ FOTO\u011eRAF: ERTU\u011eRUL ALTINEL \u2013 B\u0130LG\u0130N \u00d6Z\u00c7\u0130FT\u00c7\u0130 \u2013 AVRUPA PRESS \u2013 BEL\u00c7\u0130KA Eski\u015fehir Fatih Fen Lisesi, T\u00fcrkiye\u2019yi \u201cFizik\u201d projeleriyle \u0130spanya\u2019da temsil ettiler ve Eski\u015fehir\u2019in gurur kayna\u011f\u0131 oldular. Eski\u015fehir Fatih Fen Lisesi; d\u00fcnya birincisi olduklar\u0131 \u2018Fizik\u2019 projelerini, \u0130spanya Barselona\u2019da ba\u015far\u0131yla sergilediler. Eski\u015fehir Fatih Fen Lisesi T\u00fcrk Dili ve Edebiyat\u0131 Ba\u015f\u00f6\u011fretmeni Cengiz Arsu ve 11. s\u0131n\u0131f [&hellip;]","og_url":"https:\/\/avrupapress.com\/main\/2023\/03\/28\/eskisehir-fatih-fen-lisesi-turkiyeyi-fizik-projeleriyle-ispanyada-temsil-ettiler\/","og_site_name":"AvrupaPress","article_published_time":"2023-03-28T19:07:09+00:00","article_modified_time":"2023-03-28T19:07:22+00:00","og_image":[{"width":386,"height":472,"url":"https:\/\/avrupapress.com\/main\/wp-content\/uploads\/2023\/03\/thumbnail_A1.jpg","type":"image\/jpeg"}],"author":"Edit\u00f6r","twitter_card":"summary_large_image","twitter_misc":{"\u00c9crit par":"Edit\u00f6r","Dur\u00e9e de lecture est.":"2 minutes"},"schema":{"@context":"https:\/\/schema.org","@graph":[{"@type":"Article","@id":"https:\/\/avrupapress.com\/main\/2023\/03\/28\/eskisehir-fatih-fen-lisesi-turkiyeyi-fizik-projeleriyle-ispanyada-temsil-ettiler\/#article","isPartOf":{"@id":"https:\/\/avrupapress.com\/main\/2023\/03\/28\/eskisehir-fatih-fen-lisesi-turkiyeyi-fizik-projeleriyle-ispanyada-temsil-ettiler\/"},"author":{"name":"Edit\u00f6r","@id":"https:\/\/avrupapress.com\/#\/schema\/person\/68428444ec60970d1e1b700cf4ca1e8f"},"headline":"Eski\u015fehir Fatih Fen Lisesi, T\u00fcrkiye\u2019yi \u201cFizik\u201d Projeleriyle \u0130spanya\u2019da temsil ettiler","datePublished":"2023-03-28T19:07:09+00:00","dateModified":"2023-03-28T19:07:22+00:00","mainEntityOfPage":{"@id":"https:\/\/avrupapress.com\/main\/2023\/03\/28\/eskisehir-fatih-fen-lisesi-turkiyeyi-fizik-projeleriyle-ispanyada-temsil-ettiler\/"},"wordCount":355,"publisher":{"@id":"https:\/\/avrupapress.com\/#\/schema\/person\/0223dca19c72c43575bf30d1a2d8f4fa"},"image":{"@id":"https:\/\/avrupapress.com\/main\/2023\/03\/28\/eskisehir-fatih-fen-lisesi-turkiyeyi-fizik-projeleriyle-ispanyada-temsil-ettiler\/#primaryimage"},"thumbnailUrl":"https:\/\/avrupapress.com\/main\/wp-content\/uploads\/2023\/03\/thumbnail_A1.jpg","articleSection":["Avrupa","Bel\u00e7ika","D\u00fcnya","Ekonomi","K\u00fclt\u00fcr-Sanat","Spor","Tan\u0131t\u0131m","T\u00fcrkiye"],"inLanguage":"fr-BE"},{"@type":"WebPage","@id":"https:\/\/avrupapress.com\/main\/2023\/03\/28\/eskisehir-fatih-fen-lisesi-turkiyeyi-fizik-projeleriyle-ispanyada-temsil-ettiler\/","url":"https:\/\/avrupapress.com\/main\/2023\/03\/28\/eskisehir-fatih-fen-lisesi-turkiyeyi-fizik-projeleriyle-ispanyada-temsil-ettiler\/","name":"Eski\u015fehir Fatih Fen Lisesi, T\u00fcrkiye\u2019yi \u201cFizik\u201d Projeleriyle \u0130spanya\u2019da temsil ettiler - AvrupaPress","isPartOf":{"@id":"https:\/\/avrupapress.com\/#website"},"primaryImageOfPage":{"@id":"https:\/\/avrupapress.com\/main\/2023\/03\/28\/eskisehir-fatih-fen-lisesi-turkiyeyi-fizik-projeleriyle-ispanyada-temsil-ettiler\/#primaryimage"},"image":{"@id":"https:\/\/avrupapress.com\/main\/2023\/03\/28\/eskisehir-fatih-fen-lisesi-turkiyeyi-fizik-projeleriyle-ispanyada-temsil-ettiler\/#primaryimage"},"thumbnailUrl":"https:\/\/avrupapress.com\/main\/wp-content\/uploads\/2023\/03\/thumbnail_A1.jpg","datePublished":"2023-03-28T19:07:09+00:00","dateModified":"2023-03-28T19:07:22+00:00","breadcrumb":{"@id":"https:\/\/avrupapress.com\/main\/2023\/03\/28\/eskisehir-fatih-fen-lisesi-turkiyeyi-fizik-projeleriyle-ispanyada-temsil-ettiler\/#breadcrumb"},"inLanguage":"fr-BE","potentialAction":[{"@type":"ReadAction","target":["https:\/\/avrupapress.com\/main\/2023\/03\/28\/eskisehir-fatih-fen-lisesi-turkiyeyi-fizik-projeleriyle-ispanyada-temsil-ettiler\/"]}]},{"@type":"ImageObject","inLanguage":"fr-BE","@id":"https:\/\/avrupapress.com\/main\/2023\/03\/28\/eskisehir-fatih-fen-lisesi-turkiyeyi-fizik-projeleriyle-ispanyada-temsil-ettiler\/#primaryimage","url":"https:\/\/avrupapress.com\/main\/wp-content\/uploads\/2023\/03\/thumbnail_A1.jpg","contentUrl":"https:\/\/avrupapress.com\/main\/wp-content\/uploads\/2023\/03\/thumbnail_A1.jpg","width":386,"height":472},{"@type":"BreadcrumbList","@id":"https:\/\/avrupapress.com\/main\/2023\/03\/28\/eskisehir-fatih-fen-lisesi-turkiyeyi-fizik-projeleriyle-ispanyada-temsil-ettiler\/#breadcrumb","itemListElement":[{"@type":"ListItem","position":1,"name":"Anasayfa","item":"https:\/\/avrupapress.com\/"},{"@type":"ListItem","position":2,"name":"Eski\u015fehir Fatih Fen Lisesi, T\u00fcrkiye\u2019yi \u201cFizik\u201d Projeleriyle \u0130spanya\u2019da temsil ettiler"}]},{"@type":"WebSite","@id":"https:\/\/avrupapress.com\/#website","url":"https:\/\/avrupapress.com\/","name":"AvrupaPress","description":"Haberin Adresi","publisher":{"@id":"https:\/\/avrupapress.com\/#\/schema\/person\/0223dca19c72c43575bf30d1a2d8f4fa"},"potentialAction":[{"@type":"SearchAction","target":{"@type":"EntryPoint","urlTemplate":"https:\/\/avrupapress.com\/?s={search_term_string}"},"query-input":{"@type":"PropertyValueSpecification","valueRequired":true,"valueName":"search_term_string"}}],"inLanguage":"fr-BE"},{"@type":["Person","Organization"],"@id":"https:\/\/avrupapress.com\/#\/schema\/person\/0223dca19c72c43575bf30d1a2d8f4fa","name":"Bilgin \u00d6z\u00e7ift\u00e7i","image":{"@type":"ImageObject","inLanguage":"fr-BE","@id":"https:\/\/avrupapress.com\/#\/schema\/person\/image\/","url":"https:\/\/secure.gravatar.com\/avatar\/0f23b280433a21e1ea7a0adcc46ed0ad16afe3ad8e630fd13d8a017dcbd54ef3?s=96&d=mm&r=g","contentUrl":"https:\/\/secure.gravatar.com\/avatar\/0f23b280433a21e1ea7a0adcc46ed0ad16afe3ad8e630fd13d8a017dcbd54ef3?s=96&d=mm&r=g","caption":"Bilgin \u00d6z\u00e7ift\u00e7i"},"logo":{"@id":"https:\/\/avrupapress.com\/#\/schema\/person\/image\/"},"description":"Ne ben, nede sen... Biz ancak \"biz\" olursak g\u00fc\u00e7l\u00fc olabiliriz"},{"@type":"Person","@id":"https:\/\/avrupapress.com\/#\/schema\/person\/68428444ec60970d1e1b700cf4ca1e8f","name":"Edit\u00f6r","image":{"@type":"ImageObject","inLanguage":"fr-BE","@id":"https:\/\/avrupapress.com\/#\/schema\/person\/image\/","url":"https:\/\/secure.gravatar.com\/avatar\/74996b0977aa5f1559ba9883776652508b229005c0d78fb2597897f0bd651c09?s=96&d=mm&r=g","contentUrl":"https:\/\/secure.gravatar.com\/avatar\/74996b0977aa5f1559ba9883776652508b229005c0d78fb2597897f0bd651c09?s=96&d=mm&r=g","caption":"Edit\u00f6r"},"sameAs":["http:\/\/www.avrupapress.com"],"url":"https:\/\/avrupapress.com\/main\/author\/editor\/"}]}},"_links":{"self":[{"href":"https:\/\/avrupapress.com\/main\/wp-json\/wp\/v2\/posts\/22302","targetHints":{"allow":["GET"]}}],"collection":[{"href":"https:\/\/avrupapress.com\/main\/wp-json\/wp\/v2\/posts"}],"about":[{"href":"https:\/\/avrupapress.com\/main\/wp-json\/wp\/v2\/types\/post"}],"author":[{"embeddable":true,"href":"https:\/\/avrupapress.com\/main\/wp-json\/wp\/v2\/users\/3"}],"replies":[{"embeddable":true,"href":"https:\/\/avrupapress.com\/main\/wp-json\/wp\/v2\/comments?post=22302"}],"version-history":[{"count":1,"href":"https:\/\/avrupapress.com\/main\/wp-json\/wp\/v2\/posts\/22302\/revisions"}],"predecessor-version":[{"id":22304,"href":"https:\/\/avrupapress.com\/main\/wp-json\/wp\/v2\/posts\/22302\/revisions\/22304"}],"wp:featuredmedia":[{"embeddable":true,"href":"https:\/\/avrupapress.com\/main\/wp-json\/wp\/v2\/media\/22303"}],"wp:attachment":[{"href":"https:\/\/avrupapress.com\/main\/wp-json\/wp\/v2\/media?parent=22302"}],"wp:term":[{"taxonomy":"category","embeddable":true,"href":"https:\/\/avrupapress.com\/main\/wp-json\/wp\/v2\/categories?post=22302"},{"taxonomy":"post_tag","embeddable":true,"href":"https:\/\/avrupapress.com\/main\/wp-json\/wp\/v2\/tags?post=22302"}],"curies":[{"name":"wp","href":"https:\/\/api.w.org\/{rel}","templated":true}]}}