{"id":22295,"date":"2023-03-27T20:33:29","date_gmt":"2023-03-27T20:33:29","guid":{"rendered":"https:\/\/avrupapress.com\/main\/?p=22295"},"modified":"2023-03-27T20:33:38","modified_gmt":"2023-03-27T20:33:38","slug":"doc-dr-demet-erdonmez-duzce-universitesi-eczacilik-fakultesi-ogretim-uyesi-ve-dekan-yardimcisi-anabilim-dali-baskani","status":"publish","type":"post","link":"https:\/\/avrupapress.com\/main\/2023\/03\/27\/doc-dr-demet-erdonmez-duzce-universitesi-eczacilik-fakultesi-ogretim-uyesi-ve-dekan-yardimcisi-anabilim-dali-baskani\/","title":{"rendered":"Do\u00e7. Dr. Demet Erd\u00f6nmez  D\u00fczce \u00dcniversitesi Eczac\u0131l\u0131k Fak\u00fcltesi \u00d6\u011fretim \u00dcyesi ve Dekan Yard\u0131mc\u0131s\u0131, Anabilim Dal\u0131 Ba\u015fkan\u0131"},"content":{"rendered":"<p>Afyonkarahisar\u2019\u0131n Emirda\u011f il\u00e7esi Yenik\u00f6y\u2019de do\u011fdu. Demet Erd\u00f6nmez; Emirda\u011fl\u0131 Ramazan Erd\u00f6nmez\u2019in k\u0131z\u0131d\u0131r. Do\u00e7. Dr. Demet Erd\u00f6nmez; ilk\u00f6\u011frenimini Emirda\u011f Mithat Pa\u015fa \u0130lk\u00f6\u011fretim Okulu\u2019nda, orta \u00f6\u011frenimini Emirda\u011f Anadolu Lisesi\u2019nde, lise \u00f6\u011frenimi ise Eski\u015fehir Anadolu Lisesi\u2019nde tamamlad\u0131.<\/p>\n<p>2006 y\u0131l\u0131nda Hacettepe \u00dcniversitesi E\u011fitim Fak\u00fcltesi Biyoloji E\u011fitimi (ALM) b\u00f6l\u00fcm\u00fcnde lisans e\u011fitimini tamamlad\u0131. 2007 y\u0131l\u0131nda Hacettepe \u00dcniversitesi Fen Fak\u00fcltesi Biyoloji B\u00f6l\u00fcm\u00fc Biyoteknoloji Anabilim Dal\u0131\u2019nda, Aksaray \u00dcniversitesi Fen-Edebiyat Fak\u00fcltesi Biyoloji b\u00f6l\u00fcm\u00fc ad\u0131na DPT projesi kapsam\u0131nda ara\u015ft\u0131rma g\u00f6revlisi olarak doktora program\u0131na ba\u015flad\u0131. Doktora program\u0131 s\u00fcrecinde Almanya\u2019n\u0131n W\u00fcrzburg kentindeki Bayerische Julius-Maximilians \u00dcniversitesindeki, \u201cResearch Center for Infectious Diseases\u201d merkezinde, \u2018Dr. Daniel LOPEZ\u2019in laboratuvar\u0131nda Doktora tez \u00e7al\u0131\u015fmalar\u0131n\u0131n bir k\u0131sm\u0131n\u0131 yapt\u0131. 2014 y\u0131l\u0131nda Biyoteknoloji alan\u0131nda Doktor \u00fcnvan\u0131n\u0131 ald\u0131ktan sonra, Aksaray \u00dcniversitesi Fen-Edebiyat Fak\u00fcltesi Biyoloji B\u00f6l\u00fcm\u00fc\u2019nde Ara\u015ft\u0131rma G\u00f6revlisi Dr. olarak \u00e7al\u0131\u015fmaya ba\u015flad\u0131. 2017-2018 y\u0131llar\u0131 aras\u0131nda Aksaray \u00dcniversitesi Fen-Edebiyat Fak\u00fcltesi Kimya B\u00f6l\u00fcm\u00fc, Biyokimya Anabilim Dal\u0131\u2019nda Prof. Dr. Mehmet Odaba\u015f\u0131\u2019n\u0131n yan\u0131nda post doktora \u00e7al\u0131\u015fmalar\u0131 yapt\u0131.<\/p>\n<p>2022 y\u0131l\u0131nda D\u00fczce \u00dcniversitesi Eczac\u0131l\u0131k Fak\u00fcltesi Farmas\u00f6tik Mikrobiyoloji Anabilim Dal\u0131\u2019na, Dr. \u00d6\u011fr. \u00dcyesi olarak atand\u0131 ve Eczac\u0131l\u0131k Fak\u00fcltesi Dekan Yard\u0131mc\u0131l\u0131\u011f\u0131 g\u00f6revini \u00fcstlendi. 2023 y\u0131l\u0131nda ayn\u0131 Fak\u00fcltede \u201cDo\u00e7ent\u201d \u00fcnvan\u0131n\u0131 ald\u0131 ve halen Dekan Yard\u0131mc\u0131l\u0131\u011f\u0131 ve Anabilim Dal\u0131 Ba\u015fkanl\u0131\u011f\u0131 g\u00f6revine ba\u015far\u0131 ile devam etmektedir. Biyoteknoloji ve Mikrobiyoloji alanlar\u0131nda; 29 adet uluslararas\u0131 sayg\u0131n dergilerde makaleleri bulunmaktad\u0131r. 53 adet uluslararas\u0131 ve ulusal kongrelerde sunulan bildirisi mevcuttur. \u2018H-indeksi 14 ve at\u0131f say\u0131s\u0131 408\u2019dir. Akademik prestiji y\u00fcksek dergilerde hakemlikleri bulunmaktad\u0131r.<\/p>\n<p><img loading=\"lazy\" decoding=\"async\" class=\"alignnone size-medium wp-image-22296\" src=\"https:\/\/avrupapress.com\/main\/wp-content\/uploads\/2023\/03\/thumbnail_Doc.-Dr.-Demet-Erdonmez-300x300.jpg\" alt=\"\" width=\"300\" height=\"300\" \/><\/p>\n<p><strong>Haz\u0131rlayan: Ertu\u011frul Alt\u0131nel- Eski\u015fehir Bilgin Ozciftci\u00a0 \u00a0\/\u00a0 \u00a0 AVRUPAPRESS<\/strong><\/p>\n","protected":false},"excerpt":{"rendered":"<p>Afyonkarahisar\u2019\u0131n Emirda\u011f il\u00e7esi Yenik\u00f6y\u2019de do\u011fdu. Demet Erd\u00f6nmez; Emirda\u011fl\u0131 Ramazan Erd\u00f6nmez\u2019in k\u0131z\u0131d\u0131r. Do\u00e7. Dr. Demet Erd\u00f6nmez; ilk\u00f6\u011frenimini Emirda\u011f Mithat Pa\u015fa \u0130lk\u00f6\u011fretim Okulu\u2019nda, orta \u00f6\u011frenimini Emirda\u011f Anadolu Lisesi\u2019nde, lise \u00f6\u011frenimi ise Eski\u015fehir Anadolu Lisesi\u2019nde tamamlad\u0131. 2006 y\u0131l\u0131nda Hacettepe \u00dcniversitesi E\u011fitim Fak\u00fcltesi Biyoloji E\u011fitimi (ALM) b\u00f6l\u00fcm\u00fcnde lisans e\u011fitimini tamamlad\u0131. 2007 y\u0131l\u0131nda Hacettepe \u00dcniversitesi Fen Fak\u00fcltesi Biyoloji B\u00f6l\u00fcm\u00fc Biyoteknoloji [&hellip;]<\/p>\n","protected":false},"author":3,"featured_media":22296,"comment_status":"closed","ping_status":"open","sticky":false,"template":"","format":"standard","meta":{"footnotes":""},"categories":[14,16,3,17,18,15,19,2],"tags":[],"class_list":["post-22295","post","type-post","status-publish","format-standard","has-post-thumbnail","hentry","category-avrupa","category-belcika","category-dunya","category-ekonomi","category-kultur-sanat","category-spor","category-tanitim","category-turkiye"],"yoast_head":"<!-- This site is optimized with the Yoast SEO plugin v26.9 - https:\/\/yoast.com\/product\/yoast-seo-wordpress\/ -->\n<title>Do\u00e7. Dr. Demet Erd\u00f6nmez D\u00fczce \u00dcniversitesi Eczac\u0131l\u0131k Fak\u00fcltesi \u00d6\u011fretim \u00dcyesi ve Dekan Yard\u0131mc\u0131s\u0131, Anabilim Dal\u0131 Ba\u015fkan\u0131 - AvrupaPress<\/title>\n<meta name=\"robots\" content=\"index, follow, max-snippet:-1, max-image-preview:large, max-video-preview:-1\" \/>\n<link rel=\"canonical\" href=\"https:\/\/avrupapress.com\/main\/2023\/03\/27\/doc-dr-demet-erdonmez-duzce-universitesi-eczacilik-fakultesi-ogretim-uyesi-ve-dekan-yardimcisi-anabilim-dali-baskani\/\" \/>\n<meta property=\"og:locale\" content=\"fr_FR\" \/>\n<meta property=\"og:type\" content=\"article\" \/>\n<meta property=\"og:title\" content=\"Do\u00e7. Dr. Demet Erd\u00f6nmez D\u00fczce \u00dcniversitesi Eczac\u0131l\u0131k Fak\u00fcltesi \u00d6\u011fretim \u00dcyesi ve Dekan Yard\u0131mc\u0131s\u0131, Anabilim Dal\u0131 Ba\u015fkan\u0131 - AvrupaPress\" \/>\n<meta property=\"og:description\" content=\"Afyonkarahisar\u2019\u0131n Emirda\u011f il\u00e7esi Yenik\u00f6y\u2019de do\u011fdu. Demet Erd\u00f6nmez; Emirda\u011fl\u0131 Ramazan Erd\u00f6nmez\u2019in k\u0131z\u0131d\u0131r. Do\u00e7. Dr. Demet Erd\u00f6nmez; ilk\u00f6\u011frenimini Emirda\u011f Mithat Pa\u015fa \u0130lk\u00f6\u011fretim Okulu\u2019nda, orta \u00f6\u011frenimini Emirda\u011f Anadolu Lisesi\u2019nde, lise \u00f6\u011frenimi ise Eski\u015fehir Anadolu Lisesi\u2019nde tamamlad\u0131. 2006 y\u0131l\u0131nda Hacettepe \u00dcniversitesi E\u011fitim Fak\u00fcltesi Biyoloji E\u011fitimi (ALM) b\u00f6l\u00fcm\u00fcnde lisans e\u011fitimini tamamlad\u0131. 2007 y\u0131l\u0131nda Hacettepe \u00dcniversitesi Fen Fak\u00fcltesi Biyoloji B\u00f6l\u00fcm\u00fc Biyoteknoloji [&hellip;]\" \/>\n<meta property=\"og:url\" content=\"https:\/\/avrupapress.com\/main\/2023\/03\/27\/doc-dr-demet-erdonmez-duzce-universitesi-eczacilik-fakultesi-ogretim-uyesi-ve-dekan-yardimcisi-anabilim-dali-baskani\/\" \/>\n<meta property=\"og:site_name\" content=\"AvrupaPress\" \/>\n<meta property=\"article:published_time\" content=\"2023-03-27T20:33:29+00:00\" \/>\n<meta property=\"article:modified_time\" content=\"2023-03-27T20:33:38+00:00\" \/>\n<meta property=\"og:image\" content=\"https:\/\/avrupapress.com\/main\/wp-content\/uploads\/2023\/03\/thumbnail_Doc.-Dr.-Demet-Erdonmez-e1679949199826.jpg\" \/>\n\t<meta property=\"og:image:width\" content=\"719\" \/>\n\t<meta property=\"og:image:height\" content=\"597\" \/>\n\t<meta property=\"og:image:type\" content=\"image\/jpeg\" \/>\n<meta name=\"author\" content=\"Edit\u00f6r\" \/>\n<meta name=\"twitter:card\" content=\"summary_large_image\" \/>\n<meta name=\"twitter:label1\" content=\"\u00c9crit par\" \/>\n\t<meta name=\"twitter:data1\" content=\"Edit\u00f6r\" \/>\n\t<meta name=\"twitter:label2\" content=\"Dur\u00e9e de lecture est.\" \/>\n\t<meta name=\"twitter:data2\" content=\"2 minutes\" \/>\n<script type=\"application\/ld+json\" class=\"yoast-schema-graph\">{\"@context\":\"https:\/\/schema.org\",\"@graph\":[{\"@type\":\"Article\",\"@id\":\"https:\/\/avrupapress.com\/main\/2023\/03\/27\/doc-dr-demet-erdonmez-duzce-universitesi-eczacilik-fakultesi-ogretim-uyesi-ve-dekan-yardimcisi-anabilim-dali-baskani\/#article\",\"isPartOf\":{\"@id\":\"https:\/\/avrupapress.com\/main\/2023\/03\/27\/doc-dr-demet-erdonmez-duzce-universitesi-eczacilik-fakultesi-ogretim-uyesi-ve-dekan-yardimcisi-anabilim-dali-baskani\/\"},\"author\":{\"name\":\"Edit\u00f6r\",\"@id\":\"https:\/\/avrupapress.com\/#\/schema\/person\/68428444ec60970d1e1b700cf4ca1e8f\"},\"headline\":\"Do\u00e7. Dr. Demet Erd\u00f6nmez D\u00fczce \u00dcniversitesi Eczac\u0131l\u0131k Fak\u00fcltesi \u00d6\u011fretim \u00dcyesi ve Dekan Yard\u0131mc\u0131s\u0131, Anabilim Dal\u0131 Ba\u015fkan\u0131\",\"datePublished\":\"2023-03-27T20:33:29+00:00\",\"dateModified\":\"2023-03-27T20:33:38+00:00\",\"mainEntityOfPage\":{\"@id\":\"https:\/\/avrupapress.com\/main\/2023\/03\/27\/doc-dr-demet-erdonmez-duzce-universitesi-eczacilik-fakultesi-ogretim-uyesi-ve-dekan-yardimcisi-anabilim-dali-baskani\/\"},\"wordCount\":351,\"publisher\":{\"@id\":\"https:\/\/avrupapress.com\/#\/schema\/person\/0223dca19c72c43575bf30d1a2d8f4fa\"},\"image\":{\"@id\":\"https:\/\/avrupapress.com\/main\/2023\/03\/27\/doc-dr-demet-erdonmez-duzce-universitesi-eczacilik-fakultesi-ogretim-uyesi-ve-dekan-yardimcisi-anabilim-dali-baskani\/#primaryimage\"},\"thumbnailUrl\":\"https:\/\/avrupapress.com\/main\/wp-content\/uploads\/2023\/03\/thumbnail_Doc.-Dr.-Demet-Erdonmez-e1679949199826.jpg\",\"articleSection\":[\"Avrupa\",\"Bel\u00e7ika\",\"D\u00fcnya\",\"Ekonomi\",\"K\u00fclt\u00fcr-Sanat\",\"Spor\",\"Tan\u0131t\u0131m\",\"T\u00fcrkiye\"],\"inLanguage\":\"fr-BE\"},{\"@type\":\"WebPage\",\"@id\":\"https:\/\/avrupapress.com\/main\/2023\/03\/27\/doc-dr-demet-erdonmez-duzce-universitesi-eczacilik-fakultesi-ogretim-uyesi-ve-dekan-yardimcisi-anabilim-dali-baskani\/\",\"url\":\"https:\/\/avrupapress.com\/main\/2023\/03\/27\/doc-dr-demet-erdonmez-duzce-universitesi-eczacilik-fakultesi-ogretim-uyesi-ve-dekan-yardimcisi-anabilim-dali-baskani\/\",\"name\":\"Do\u00e7. Dr. Demet Erd\u00f6nmez D\u00fczce \u00dcniversitesi Eczac\u0131l\u0131k Fak\u00fcltesi \u00d6\u011fretim \u00dcyesi ve Dekan Yard\u0131mc\u0131s\u0131, Anabilim Dal\u0131 Ba\u015fkan\u0131 - AvrupaPress\",\"isPartOf\":{\"@id\":\"https:\/\/avrupapress.com\/#website\"},\"primaryImageOfPage\":{\"@id\":\"https:\/\/avrupapress.com\/main\/2023\/03\/27\/doc-dr-demet-erdonmez-duzce-universitesi-eczacilik-fakultesi-ogretim-uyesi-ve-dekan-yardimcisi-anabilim-dali-baskani\/#primaryimage\"},\"image\":{\"@id\":\"https:\/\/avrupapress.com\/main\/2023\/03\/27\/doc-dr-demet-erdonmez-duzce-universitesi-eczacilik-fakultesi-ogretim-uyesi-ve-dekan-yardimcisi-anabilim-dali-baskani\/#primaryimage\"},\"thumbnailUrl\":\"https:\/\/avrupapress.com\/main\/wp-content\/uploads\/2023\/03\/thumbnail_Doc.-Dr.-Demet-Erdonmez-e1679949199826.jpg\",\"datePublished\":\"2023-03-27T20:33:29+00:00\",\"dateModified\":\"2023-03-27T20:33:38+00:00\",\"breadcrumb\":{\"@id\":\"https:\/\/avrupapress.com\/main\/2023\/03\/27\/doc-dr-demet-erdonmez-duzce-universitesi-eczacilik-fakultesi-ogretim-uyesi-ve-dekan-yardimcisi-anabilim-dali-baskani\/#breadcrumb\"},\"inLanguage\":\"fr-BE\",\"potentialAction\":[{\"@type\":\"ReadAction\",\"target\":[\"https:\/\/avrupapress.com\/main\/2023\/03\/27\/doc-dr-demet-erdonmez-duzce-universitesi-eczacilik-fakultesi-ogretim-uyesi-ve-dekan-yardimcisi-anabilim-dali-baskani\/\"]}]},{\"@type\":\"ImageObject\",\"inLanguage\":\"fr-BE\",\"@id\":\"https:\/\/avrupapress.com\/main\/2023\/03\/27\/doc-dr-demet-erdonmez-duzce-universitesi-eczacilik-fakultesi-ogretim-uyesi-ve-dekan-yardimcisi-anabilim-dali-baskani\/#primaryimage\",\"url\":\"https:\/\/avrupapress.com\/main\/wp-content\/uploads\/2023\/03\/thumbnail_Doc.-Dr.-Demet-Erdonmez-e1679949199826.jpg\",\"contentUrl\":\"https:\/\/avrupapress.com\/main\/wp-content\/uploads\/2023\/03\/thumbnail_Doc.-Dr.-Demet-Erdonmez-e1679949199826.jpg\",\"width\":719,\"height\":597},{\"@type\":\"BreadcrumbList\",\"@id\":\"https:\/\/avrupapress.com\/main\/2023\/03\/27\/doc-dr-demet-erdonmez-duzce-universitesi-eczacilik-fakultesi-ogretim-uyesi-ve-dekan-yardimcisi-anabilim-dali-baskani\/#breadcrumb\",\"itemListElement\":[{\"@type\":\"ListItem\",\"position\":1,\"name\":\"Anasayfa\",\"item\":\"https:\/\/avrupapress.com\/\"},{\"@type\":\"ListItem\",\"position\":2,\"name\":\"Do\u00e7. Dr. Demet Erd\u00f6nmez D\u00fczce \u00dcniversitesi Eczac\u0131l\u0131k Fak\u00fcltesi \u00d6\u011fretim \u00dcyesi ve Dekan Yard\u0131mc\u0131s\u0131, Anabilim Dal\u0131 Ba\u015fkan\u0131\"}]},{\"@type\":\"WebSite\",\"@id\":\"https:\/\/avrupapress.com\/#website\",\"url\":\"https:\/\/avrupapress.com\/\",\"name\":\"AvrupaPress\",\"description\":\"Haberin Adresi\",\"publisher\":{\"@id\":\"https:\/\/avrupapress.com\/#\/schema\/person\/0223dca19c72c43575bf30d1a2d8f4fa\"},\"potentialAction\":[{\"@type\":\"SearchAction\",\"target\":{\"@type\":\"EntryPoint\",\"urlTemplate\":\"https:\/\/avrupapress.com\/?s={search_term_string}\"},\"query-input\":{\"@type\":\"PropertyValueSpecification\",\"valueRequired\":true,\"valueName\":\"search_term_string\"}}],\"inLanguage\":\"fr-BE\"},{\"@type\":[\"Person\",\"Organization\"],\"@id\":\"https:\/\/avrupapress.com\/#\/schema\/person\/0223dca19c72c43575bf30d1a2d8f4fa\",\"name\":\"Bilgin \u00d6z\u00e7ift\u00e7i\",\"image\":{\"@type\":\"ImageObject\",\"inLanguage\":\"fr-BE\",\"@id\":\"https:\/\/avrupapress.com\/#\/schema\/person\/image\/\",\"url\":\"https:\/\/secure.gravatar.com\/avatar\/0f23b280433a21e1ea7a0adcc46ed0ad16afe3ad8e630fd13d8a017dcbd54ef3?s=96&d=mm&r=g\",\"contentUrl\":\"https:\/\/secure.gravatar.com\/avatar\/0f23b280433a21e1ea7a0adcc46ed0ad16afe3ad8e630fd13d8a017dcbd54ef3?s=96&d=mm&r=g\",\"caption\":\"Bilgin \u00d6z\u00e7ift\u00e7i\"},\"logo\":{\"@id\":\"https:\/\/avrupapress.com\/#\/schema\/person\/image\/\"},\"description\":\"Ne ben, nede sen... Biz ancak \\\"biz\\\" olursak g\u00fc\u00e7l\u00fc olabiliriz\"},{\"@type\":\"Person\",\"@id\":\"https:\/\/avrupapress.com\/#\/schema\/person\/68428444ec60970d1e1b700cf4ca1e8f\",\"name\":\"Edit\u00f6r\",\"image\":{\"@type\":\"ImageObject\",\"inLanguage\":\"fr-BE\",\"@id\":\"https:\/\/avrupapress.com\/#\/schema\/person\/image\/\",\"url\":\"https:\/\/secure.gravatar.com\/avatar\/74996b0977aa5f1559ba9883776652508b229005c0d78fb2597897f0bd651c09?s=96&d=mm&r=g\",\"contentUrl\":\"https:\/\/secure.gravatar.com\/avatar\/74996b0977aa5f1559ba9883776652508b229005c0d78fb2597897f0bd651c09?s=96&d=mm&r=g\",\"caption\":\"Edit\u00f6r\"},\"sameAs\":[\"http:\/\/www.avrupapress.com\"],\"url\":\"https:\/\/avrupapress.com\/main\/author\/editor\/\"}]}<\/script>\n<!-- \/ Yoast SEO plugin. -->","yoast_head_json":{"title":"Do\u00e7. Dr. Demet Erd\u00f6nmez D\u00fczce \u00dcniversitesi Eczac\u0131l\u0131k Fak\u00fcltesi \u00d6\u011fretim \u00dcyesi ve Dekan Yard\u0131mc\u0131s\u0131, Anabilim Dal\u0131 Ba\u015fkan\u0131 - AvrupaPress","robots":{"index":"index","follow":"follow","max-snippet":"max-snippet:-1","max-image-preview":"max-image-preview:large","max-video-preview":"max-video-preview:-1"},"canonical":"https:\/\/avrupapress.com\/main\/2023\/03\/27\/doc-dr-demet-erdonmez-duzce-universitesi-eczacilik-fakultesi-ogretim-uyesi-ve-dekan-yardimcisi-anabilim-dali-baskani\/","og_locale":"fr_FR","og_type":"article","og_title":"Do\u00e7. Dr. Demet Erd\u00f6nmez D\u00fczce \u00dcniversitesi Eczac\u0131l\u0131k Fak\u00fcltesi \u00d6\u011fretim \u00dcyesi ve Dekan Yard\u0131mc\u0131s\u0131, Anabilim Dal\u0131 Ba\u015fkan\u0131 - AvrupaPress","og_description":"Afyonkarahisar\u2019\u0131n Emirda\u011f il\u00e7esi Yenik\u00f6y\u2019de do\u011fdu. Demet Erd\u00f6nmez; Emirda\u011fl\u0131 Ramazan Erd\u00f6nmez\u2019in k\u0131z\u0131d\u0131r. Do\u00e7. Dr. Demet Erd\u00f6nmez; ilk\u00f6\u011frenimini Emirda\u011f Mithat Pa\u015fa \u0130lk\u00f6\u011fretim Okulu\u2019nda, orta \u00f6\u011frenimini Emirda\u011f Anadolu Lisesi\u2019nde, lise \u00f6\u011frenimi ise Eski\u015fehir Anadolu Lisesi\u2019nde tamamlad\u0131. 2006 y\u0131l\u0131nda Hacettepe \u00dcniversitesi E\u011fitim Fak\u00fcltesi Biyoloji E\u011fitimi (ALM) b\u00f6l\u00fcm\u00fcnde lisans e\u011fitimini tamamlad\u0131. 2007 y\u0131l\u0131nda Hacettepe \u00dcniversitesi Fen Fak\u00fcltesi Biyoloji B\u00f6l\u00fcm\u00fc Biyoteknoloji [&hellip;]","og_url":"https:\/\/avrupapress.com\/main\/2023\/03\/27\/doc-dr-demet-erdonmez-duzce-universitesi-eczacilik-fakultesi-ogretim-uyesi-ve-dekan-yardimcisi-anabilim-dali-baskani\/","og_site_name":"AvrupaPress","article_published_time":"2023-03-27T20:33:29+00:00","article_modified_time":"2023-03-27T20:33:38+00:00","og_image":[{"width":719,"height":597,"url":"https:\/\/avrupapress.com\/main\/wp-content\/uploads\/2023\/03\/thumbnail_Doc.-Dr.-Demet-Erdonmez-e1679949199826.jpg","type":"image\/jpeg"}],"author":"Edit\u00f6r","twitter_card":"summary_large_image","twitter_misc":{"\u00c9crit par":"Edit\u00f6r","Dur\u00e9e de lecture est.":"2 minutes"},"schema":{"@context":"https:\/\/schema.org","@graph":[{"@type":"Article","@id":"https:\/\/avrupapress.com\/main\/2023\/03\/27\/doc-dr-demet-erdonmez-duzce-universitesi-eczacilik-fakultesi-ogretim-uyesi-ve-dekan-yardimcisi-anabilim-dali-baskani\/#article","isPartOf":{"@id":"https:\/\/avrupapress.com\/main\/2023\/03\/27\/doc-dr-demet-erdonmez-duzce-universitesi-eczacilik-fakultesi-ogretim-uyesi-ve-dekan-yardimcisi-anabilim-dali-baskani\/"},"author":{"name":"Edit\u00f6r","@id":"https:\/\/avrupapress.com\/#\/schema\/person\/68428444ec60970d1e1b700cf4ca1e8f"},"headline":"Do\u00e7. Dr. Demet Erd\u00f6nmez D\u00fczce \u00dcniversitesi Eczac\u0131l\u0131k Fak\u00fcltesi \u00d6\u011fretim \u00dcyesi ve Dekan Yard\u0131mc\u0131s\u0131, Anabilim Dal\u0131 Ba\u015fkan\u0131","datePublished":"2023-03-27T20:33:29+00:00","dateModified":"2023-03-27T20:33:38+00:00","mainEntityOfPage":{"@id":"https:\/\/avrupapress.com\/main\/2023\/03\/27\/doc-dr-demet-erdonmez-duzce-universitesi-eczacilik-fakultesi-ogretim-uyesi-ve-dekan-yardimcisi-anabilim-dali-baskani\/"},"wordCount":351,"publisher":{"@id":"https:\/\/avrupapress.com\/#\/schema\/person\/0223dca19c72c43575bf30d1a2d8f4fa"},"image":{"@id":"https:\/\/avrupapress.com\/main\/2023\/03\/27\/doc-dr-demet-erdonmez-duzce-universitesi-eczacilik-fakultesi-ogretim-uyesi-ve-dekan-yardimcisi-anabilim-dali-baskani\/#primaryimage"},"thumbnailUrl":"https:\/\/avrupapress.com\/main\/wp-content\/uploads\/2023\/03\/thumbnail_Doc.-Dr.-Demet-Erdonmez-e1679949199826.jpg","articleSection":["Avrupa","Bel\u00e7ika","D\u00fcnya","Ekonomi","K\u00fclt\u00fcr-Sanat","Spor","Tan\u0131t\u0131m","T\u00fcrkiye"],"inLanguage":"fr-BE"},{"@type":"WebPage","@id":"https:\/\/avrupapress.com\/main\/2023\/03\/27\/doc-dr-demet-erdonmez-duzce-universitesi-eczacilik-fakultesi-ogretim-uyesi-ve-dekan-yardimcisi-anabilim-dali-baskani\/","url":"https:\/\/avrupapress.com\/main\/2023\/03\/27\/doc-dr-demet-erdonmez-duzce-universitesi-eczacilik-fakultesi-ogretim-uyesi-ve-dekan-yardimcisi-anabilim-dali-baskani\/","name":"Do\u00e7. Dr. Demet Erd\u00f6nmez D\u00fczce \u00dcniversitesi Eczac\u0131l\u0131k Fak\u00fcltesi \u00d6\u011fretim \u00dcyesi ve Dekan Yard\u0131mc\u0131s\u0131, Anabilim Dal\u0131 Ba\u015fkan\u0131 - AvrupaPress","isPartOf":{"@id":"https:\/\/avrupapress.com\/#website"},"primaryImageOfPage":{"@id":"https:\/\/avrupapress.com\/main\/2023\/03\/27\/doc-dr-demet-erdonmez-duzce-universitesi-eczacilik-fakultesi-ogretim-uyesi-ve-dekan-yardimcisi-anabilim-dali-baskani\/#primaryimage"},"image":{"@id":"https:\/\/avrupapress.com\/main\/2023\/03\/27\/doc-dr-demet-erdonmez-duzce-universitesi-eczacilik-fakultesi-ogretim-uyesi-ve-dekan-yardimcisi-anabilim-dali-baskani\/#primaryimage"},"thumbnailUrl":"https:\/\/avrupapress.com\/main\/wp-content\/uploads\/2023\/03\/thumbnail_Doc.-Dr.-Demet-Erdonmez-e1679949199826.jpg","datePublished":"2023-03-27T20:33:29+00:00","dateModified":"2023-03-27T20:33:38+00:00","breadcrumb":{"@id":"https:\/\/avrupapress.com\/main\/2023\/03\/27\/doc-dr-demet-erdonmez-duzce-universitesi-eczacilik-fakultesi-ogretim-uyesi-ve-dekan-yardimcisi-anabilim-dali-baskani\/#breadcrumb"},"inLanguage":"fr-BE","potentialAction":[{"@type":"ReadAction","target":["https:\/\/avrupapress.com\/main\/2023\/03\/27\/doc-dr-demet-erdonmez-duzce-universitesi-eczacilik-fakultesi-ogretim-uyesi-ve-dekan-yardimcisi-anabilim-dali-baskani\/"]}]},{"@type":"ImageObject","inLanguage":"fr-BE","@id":"https:\/\/avrupapress.com\/main\/2023\/03\/27\/doc-dr-demet-erdonmez-duzce-universitesi-eczacilik-fakultesi-ogretim-uyesi-ve-dekan-yardimcisi-anabilim-dali-baskani\/#primaryimage","url":"https:\/\/avrupapress.com\/main\/wp-content\/uploads\/2023\/03\/thumbnail_Doc.-Dr.-Demet-Erdonmez-e1679949199826.jpg","contentUrl":"https:\/\/avrupapress.com\/main\/wp-content\/uploads\/2023\/03\/thumbnail_Doc.-Dr.-Demet-Erdonmez-e1679949199826.jpg","width":719,"height":597},{"@type":"BreadcrumbList","@id":"https:\/\/avrupapress.com\/main\/2023\/03\/27\/doc-dr-demet-erdonmez-duzce-universitesi-eczacilik-fakultesi-ogretim-uyesi-ve-dekan-yardimcisi-anabilim-dali-baskani\/#breadcrumb","itemListElement":[{"@type":"ListItem","position":1,"name":"Anasayfa","item":"https:\/\/avrupapress.com\/"},{"@type":"ListItem","position":2,"name":"Do\u00e7. Dr. Demet Erd\u00f6nmez D\u00fczce \u00dcniversitesi Eczac\u0131l\u0131k Fak\u00fcltesi \u00d6\u011fretim \u00dcyesi ve Dekan Yard\u0131mc\u0131s\u0131, Anabilim Dal\u0131 Ba\u015fkan\u0131"}]},{"@type":"WebSite","@id":"https:\/\/avrupapress.com\/#website","url":"https:\/\/avrupapress.com\/","name":"AvrupaPress","description":"Haberin Adresi","publisher":{"@id":"https:\/\/avrupapress.com\/#\/schema\/person\/0223dca19c72c43575bf30d1a2d8f4fa"},"potentialAction":[{"@type":"SearchAction","target":{"@type":"EntryPoint","urlTemplate":"https:\/\/avrupapress.com\/?s={search_term_string}"},"query-input":{"@type":"PropertyValueSpecification","valueRequired":true,"valueName":"search_term_string"}}],"inLanguage":"fr-BE"},{"@type":["Person","Organization"],"@id":"https:\/\/avrupapress.com\/#\/schema\/person\/0223dca19c72c43575bf30d1a2d8f4fa","name":"Bilgin \u00d6z\u00e7ift\u00e7i","image":{"@type":"ImageObject","inLanguage":"fr-BE","@id":"https:\/\/avrupapress.com\/#\/schema\/person\/image\/","url":"https:\/\/secure.gravatar.com\/avatar\/0f23b280433a21e1ea7a0adcc46ed0ad16afe3ad8e630fd13d8a017dcbd54ef3?s=96&d=mm&r=g","contentUrl":"https:\/\/secure.gravatar.com\/avatar\/0f23b280433a21e1ea7a0adcc46ed0ad16afe3ad8e630fd13d8a017dcbd54ef3?s=96&d=mm&r=g","caption":"Bilgin \u00d6z\u00e7ift\u00e7i"},"logo":{"@id":"https:\/\/avrupapress.com\/#\/schema\/person\/image\/"},"description":"Ne ben, nede sen... Biz ancak \"biz\" olursak g\u00fc\u00e7l\u00fc olabiliriz"},{"@type":"Person","@id":"https:\/\/avrupapress.com\/#\/schema\/person\/68428444ec60970d1e1b700cf4ca1e8f","name":"Edit\u00f6r","image":{"@type":"ImageObject","inLanguage":"fr-BE","@id":"https:\/\/avrupapress.com\/#\/schema\/person\/image\/","url":"https:\/\/secure.gravatar.com\/avatar\/74996b0977aa5f1559ba9883776652508b229005c0d78fb2597897f0bd651c09?s=96&d=mm&r=g","contentUrl":"https:\/\/secure.gravatar.com\/avatar\/74996b0977aa5f1559ba9883776652508b229005c0d78fb2597897f0bd651c09?s=96&d=mm&r=g","caption":"Edit\u00f6r"},"sameAs":["http:\/\/www.avrupapress.com"],"url":"https:\/\/avrupapress.com\/main\/author\/editor\/"}]}},"_links":{"self":[{"href":"https:\/\/avrupapress.com\/main\/wp-json\/wp\/v2\/posts\/22295","targetHints":{"allow":["GET"]}}],"collection":[{"href":"https:\/\/avrupapress.com\/main\/wp-json\/wp\/v2\/posts"}],"about":[{"href":"https:\/\/avrupapress.com\/main\/wp-json\/wp\/v2\/types\/post"}],"author":[{"embeddable":true,"href":"https:\/\/avrupapress.com\/main\/wp-json\/wp\/v2\/users\/3"}],"replies":[{"embeddable":true,"href":"https:\/\/avrupapress.com\/main\/wp-json\/wp\/v2\/comments?post=22295"}],"version-history":[{"count":1,"href":"https:\/\/avrupapress.com\/main\/wp-json\/wp\/v2\/posts\/22295\/revisions"}],"predecessor-version":[{"id":22297,"href":"https:\/\/avrupapress.com\/main\/wp-json\/wp\/v2\/posts\/22295\/revisions\/22297"}],"wp:featuredmedia":[{"embeddable":true,"href":"https:\/\/avrupapress.com\/main\/wp-json\/wp\/v2\/media\/22296"}],"wp:attachment":[{"href":"https:\/\/avrupapress.com\/main\/wp-json\/wp\/v2\/media?parent=22295"}],"wp:term":[{"taxonomy":"category","embeddable":true,"href":"https:\/\/avrupapress.com\/main\/wp-json\/wp\/v2\/categories?post=22295"},{"taxonomy":"post_tag","embeddable":true,"href":"https:\/\/avrupapress.com\/main\/wp-json\/wp\/v2\/tags?post=22295"}],"curies":[{"name":"wp","href":"https:\/\/api.w.org\/{rel}","templated":true}]}}