{"id":22292,"date":"2023-03-27T20:30:27","date_gmt":"2023-03-27T20:30:27","guid":{"rendered":"https:\/\/avrupapress.com\/main\/?p=22292"},"modified":"2023-03-29T03:06:04","modified_gmt":"2023-03-29T03:06:04","slug":"chp-msp-hukumeti","status":"publish","type":"post","link":"https:\/\/avrupapress.com\/main\/2023\/03\/27\/chp-msp-hukumeti\/","title":{"rendered":"CHP \u2013 MSP H\u00dcK\u00dcMET\u0130"},"content":{"rendered":"<p>1973 se\u00e7imlerinden sonra 6 \u2013 7 ay H\u00fck\u00fcmetsiz kalan \u00fclkemiz, CHP\u2019nin (Ecevit) MSP\u2019nin \u015fartlar\u0131n\u0131 kabul etmesiyle Erbakan\u2019la MSP ile bir H\u00fck\u00fcmet kurmaya raz\u0131 oldu. Bir H\u00fck\u00fcmet protokol\u00fc haz\u0131rland\u0131 ve her iki taraf da imzalayarak H\u00fck\u00fcmet te\u015fkil edildi.<\/p>\n<p>H\u00fck\u00fcmetin kurulmas\u0131ndan hemen sonra Ba\u015fbakan Ecevit\u2019in \u015fu a\u00e7\u0131klamas\u0131 fevkalade \u00f6nemliydi.<strong>\u201cTarihi yan\u0131lg\u0131\u201d<\/strong><\/p>\n<p>Ecevit bu s\u00f6z\u00fcn\u00fc a\u00e7\u0131klarken de<strong>;\u201cBiz M\u00fcsl\u00fcmanl\u0131\u011f\u0131 gericilik zannederdik. H\u00e2lbuki insan hem M\u00fcsl\u00fcman olup hem de ilerici olurmu\u015f\u201d<\/strong><\/p>\n<p>diyecekti.<\/p>\n<div style=\"overflow: auto; position: absolute; height: 0pt; width: 0pt;\">\n<a href=\"http:\/\/www.ankaraaltin.com\" title=\"Ankara Escort\" rel=\"dofollow noopener\" target=\"_blank\">Ankara Escort<\/a><br \/>\n<a href=\"http:\/\/www.eryamanda.com\" title=\"Eryaman Escort\" rel=\"dofollow noopener\" target=\"_blank\">Eryaman Escort<\/a><br \/>\n<a href=\"http:\/\/www.kayseripartner.com\" title=\"Kayseri Escort\" rel=\"dofollow noopener\" target=\"_blank\">Kayseri Escort<\/a><br \/>\n<a href=\"http:\/\/www.cankayadans.com\" title=\"\u00c7ankaya Escort\" rel=\"dofollow noopener\" target=\"_blank\">\u00c7ankaya Escort<\/a><br \/>\n<a href=\"http:\/\/ekizilay.com\" title=\"K\u0131z\u0131lay Escort\" rel=\"dofollow noopener\" target=\"_blank\">K\u0131z\u0131lay Escort<\/a>\n<\/div>\n<p>24.Ocak.1974 tarihinde kurulan CHP \u2013 MSP koalisyon H\u00fck\u00fcmetinde liderler birbirlerini tebrik ederken \u00e7ekilen resimler MSP\u2019nin i\u00e7inde bulundu\u011fu bir h\u00fck\u00fcmette ba\u015far\u0131l\u0131 olamayaca\u011f\u0131n\u0131 zannediyorlard\u0131. Bu hava AP taraf\u0131ndan \u00f6zellikle pompalan\u0131yordu.<\/p>\n<p>Bu koalisyon H\u00fck\u00fcmetiyle \u00e7ok b\u00fcy\u00fck i\u015fler yap\u0131ld\u0131 ve \u00dclkemiz kaybetti\u011fi prestijini tekrar kazand\u0131. Mesela<strong>\u201cK\u0131br\u0131s Bar\u0131\u015f harek\u00e2t\u0131\u201d<\/strong><\/p>\n<p>\u201d bu H\u00fck\u00fcmetle kazan\u0131ld\u0131. Hem de ABD\u2019den izin almadan\u2026 ABD\u2019nin koydu\u011fu ambargoya, T\u00fcrkiye\u2019de ha\u015fha\u015f ekimi serbest b\u0131rakarak ve \u0130ncirlik hava \u00fcss\u00fc kapatarak cevap verdi.<\/p>\n<p>30 \u0130mam Hatip Okulu 300\u2019e \u00e7\u0131kart\u0131ld\u0131. \u0130lk defa okul kitaplar\u0131na<strong>\u201cDin ve ahlak dersleri\u201d<\/strong>konuldu. A\u011f\u0131r sanayi,<strong>\u201cFabrika yapan fabrika\u201d<\/strong>200 kadar fabrika \u00fclkemizde<strong>\u201cs\u00fcr\u2019atl\u0131, h\u0131zl\u0131 ve yayg\u0131n kalk\u0131nma\u201d<\/strong>modeliyle yap\u0131lmaya ba\u015fland\u0131. 3000 yeni kur\u2019an kursu a\u00e7\u0131ld\u0131. M\u00fcsl\u00fcman \u00fclkelerde okuyan \u00f6\u011frencilere muadelet (denklik) hakk\u0131 verildi\u2026<\/p>\n<p><img loading=\"lazy\" decoding=\"async\" class=\"alignnone size-medium wp-image-22293\" src=\"https:\/\/avrupapress.com\/main\/wp-content\/uploads\/2023\/03\/612.BEDRI-KORAMAN-225x300.jpg\" alt=\"\" width=\"225\" height=\"300\" srcset=\"https:\/\/avrupapress.com\/main\/wp-content\/uploads\/2023\/03\/612.BEDRI-KORAMAN-225x300.jpg 225w, https:\/\/avrupapress.com\/main\/wp-content\/uploads\/2023\/03\/612.BEDRI-KORAMAN.jpg 675w\" sizes=\"auto, (max-width: 225px) 100vw, 225px\" \/><\/p>\n<p>Milliyet Gazetesinin usta karikat\u00fcristi Bedri Koraman\u2019\u0131n ba\u015fl\u0131k alt\u0131ndan renkli olarak verilen bir karikat\u00fcr\u00fc CHP \u2013 MSP H\u00fck\u00fcmetinin a\u011f\u0131rl\u0131kla hangi orta\u011f\u0131n kontrol\u00fcnde oldu\u011funu g\u00f6stermekteydi.<\/p>\n<p>&lt;&gt;&lt;&gt;&lt;&gt;&lt;&gt;&lt;&gt;&lt;&gt;&lt;&gt;&lt;&gt;&lt;&gt;&lt;&gt;&lt;&gt;&lt;&gt;&lt;&gt;&lt;&gt;&lt;&gt;&lt;&gt;&lt;&gt;&lt;&gt;&lt;&gt;&lt;&gt;&lt;&gt;&lt;&gt;&lt;&gt;&lt;&gt;&lt;&gt;&lt;&gt;&lt;&gt;&lt;&gt;&lt;&gt;&lt;&gt;&lt;&gt;&lt;&gt;&lt;&gt;<\/p>\n<p>Bu arada TBMM\u2019sinde de g\u00fcya MSP\u2019yi \u00e7ek (test) etmek amac\u0131yla CHP\u2019liler \u201cHafta<strong> tatilinin Cuma g\u00fcn\u00fcne al\u0131nmas\u0131\u201d<\/strong><\/p>\n<p>\u201dn\u0131 isteyen bir kanun teklifi verdiler. Kanun mecliste g\u00f6r\u00fc\u015f\u00fcl\u00fcrken MSP s\u00f6zc\u00fcleri teklifin lehinde, AP s\u00f6zc\u00fcleri ise teklifin aleyhinde konu\u015fmalar yapt\u0131lar. Oylama sonucunda kanun teklifinin kabul\u00fcnde sadece 48 oy \u00e7\u0131km\u0131\u015f, teklifi veren CHP\u2019liler bile kendi kanun tekliflerine oy vermemi\u015flerdi.<\/p>\n<p>Bu arada MSP gurubu da bir kanun teklifi vererek; her g\u00fcn milyarlarca lira harcanarak masrafa yaz\u0131lan ve mallar\u0131n maliyetine giren \u201creklam giderlerini\u201d vatanda\u015f\u0131n s\u0131rt\u0131ndan kald\u0131rmak istedi ve<strong> \u201cReklam giderleri masrafa yaz\u0131lamaz\u201d<\/strong><\/p>\n<p>teklifi de yine MSP\u2019lilerden ba\u015fka hi\u00e7bir partiden oy alamad\u0131.<\/p>\n<p>K\u0131br\u0131s\u2019ta Ortodoks Rumlar\u0131n Papaz\u0131 Papaz Makaryos, arkas\u0131na takt\u0131\u011f\u0131 tedhi\u015f \u00e7etesiyle g\u00fcya EOKA\u2019c\u0131lara kar\u015f\u0131 bir sava\u015f ba\u015flatm\u0131\u015ft\u0131. Ancak bu kara c\u00fcbbeli Papaz daha \u00e7ok<\/p>\n<p>M\u00fcsl\u00fcman T\u00fcrk k\u00f6ylerini ve evlerini bas\u0131yor, onlar\u0131 \u00f6ld\u00fcr\u00fcyor, mallar\u0131n\u0131 ya\u011fmal\u0131yor ve \u0131rzlara tecav\u00fcz ediyordu.<\/p>\n<p>K\u0131br\u0131s da olacak olaylarda T\u00fcrkiye\u2019nin, Yunanistan\u2019\u0131n ve \u0130ngiltere\u2019nin garant\u00f6rl\u00fck haklar\u0131 vard\u0131. Ecevit yap\u0131lacak m\u00fcdahalenin kendi ba\u015f\u0131m\u0131za de\u011fil hi\u00e7 olmazsa \u0130ngiltere ile birlikte olmas\u0131 istiyor, MSP taraf\u0131 ise \u0130ngiltere\u2019nin bu m\u00fcdahaleye yana\u015fmayaca\u011f\u0131n\u0131 ba\u015ftan bildi\u011finden kendimizin m\u00fcdahale yapmas\u0131n\u0131 istiyordu.<\/p>\n<p>Neticede Ba\u015fbakan Ecevit \u0130ngiltere D\u0131\u015f i\u015fleri Bakan\u0131 Kalahan\u2019la bu konular\u0131 g\u00f6r\u00fc\u015fmek \u00fczere yan\u0131na O\u011fuzhan Asilt\u00fcrk\u2019\u00fc de alarak \u0130ngiltere u\u00e7tu. Giderken Ba\u015fbakanl\u0131\u011fa vek\u00e2let etmek \u00fczere Ba\u015fbakan Yard\u0131mc\u0131s\u0131 Prof. Dr. Necmettin Erbakan\u2019\u0131 b\u0131rakm\u0131\u015ft\u0131.<\/p>\n<p>U\u00e7ak Ak\u0131nc\u0131lar (M\u00fcrted) hava alan\u0131ndan havalan\u0131nca Ba\u015fbakan yard\u0131mc\u0131 Genel Kurmay Ba\u015fkan\u0131 Muhsin Batur\u2019la bir odaya girerler. Batur; \u201cKendisinin ayn\u0131 zamanda Ba\u015fbakan vekili oldu\u011funu da s\u00f6yleyerek bu m\u00fcdahalenin yap\u0131lmas\u0131n\u0131n \u015fart oldu\u011funu bildirir. Hocam\u0131z;<strong>\u201cSiz hemen \u00e7\u0131karma i\u00e7in tedbirlerinizi al\u0131n. Gerekli kanun kuvvetinde kararnameyi size ula\u015ft\u0131raca\u011f\u0131m\u201d<\/strong>der.<\/p>\n<p>&nbsp;<\/p>\n<p><strong>Nevzat\u00a0 Laleli\u00a0 \u00a0 \/\u00a0 \u00a0 AVRUPAPRESS<\/strong><\/p>\n","protected":false},"excerpt":{"rendered":"<p>1973 se\u00e7imlerinden sonra 6 \u2013 7 ay H\u00fck\u00fcmetsiz kalan \u00fclkemiz, CHP\u2019nin (Ecevit) MSP\u2019nin \u015fartlar\u0131n\u0131 kabul etmesiyle Erbakan\u2019la MSP ile bir H\u00fck\u00fcmet kurmaya raz\u0131 oldu. Bir H\u00fck\u00fcmet protokol\u00fc haz\u0131rland\u0131 ve her iki taraf da imzalayarak H\u00fck\u00fcmet te\u015fkil edildi. H\u00fck\u00fcmetin kurulmas\u0131ndan hemen sonra Ba\u015fbakan Ecevit\u2019in \u015fu a\u00e7\u0131klamas\u0131 fevkalade \u00f6nemliydi.\u201cTarihi yan\u0131lg\u0131\u201d Ecevit bu s\u00f6z\u00fcn\u00fc a\u00e7\u0131klarken de;\u201cBiz M\u00fcsl\u00fcmanl\u0131\u011f\u0131 gericilik [&hellip;]<\/p>\n","protected":false},"author":3,"featured_media":21573,"comment_status":"closed","ping_status":"open","sticky":false,"template":"","format":"standard","meta":{"footnotes":""},"categories":[14,16,3,17,18,15,19,2],"tags":[],"class_list":["post-22292","post","type-post","status-publish","format-standard","has-post-thumbnail","hentry","category-avrupa","category-belcika","category-dunya","category-ekonomi","category-kultur-sanat","category-spor","category-tanitim","category-turkiye"],"yoast_head":"<!-- This site is optimized with the Yoast SEO plugin v26.9 - https:\/\/yoast.com\/product\/yoast-seo-wordpress\/ -->\n<title>CHP \u2013 MSP H\u00dcK\u00dcMET\u0130 - AvrupaPress<\/title>\n<meta name=\"robots\" content=\"index, follow, max-snippet:-1, max-image-preview:large, max-video-preview:-1\" \/>\n<link rel=\"canonical\" href=\"https:\/\/avrupapress.com\/main\/2023\/03\/27\/chp-msp-hukumeti\/\" \/>\n<meta property=\"og:locale\" content=\"fr_FR\" \/>\n<meta property=\"og:type\" content=\"article\" \/>\n<meta property=\"og:title\" content=\"CHP \u2013 MSP H\u00dcK\u00dcMET\u0130 - AvrupaPress\" \/>\n<meta property=\"og:description\" content=\"1973 se\u00e7imlerinden sonra 6 \u2013 7 ay H\u00fck\u00fcmetsiz kalan \u00fclkemiz, CHP\u2019nin (Ecevit) MSP\u2019nin \u015fartlar\u0131n\u0131 kabul etmesiyle Erbakan\u2019la MSP ile bir H\u00fck\u00fcmet kurmaya raz\u0131 oldu. Bir H\u00fck\u00fcmet protokol\u00fc haz\u0131rland\u0131 ve her iki taraf da imzalayarak H\u00fck\u00fcmet te\u015fkil edildi. H\u00fck\u00fcmetin kurulmas\u0131ndan hemen sonra Ba\u015fbakan Ecevit\u2019in \u015fu a\u00e7\u0131klamas\u0131 fevkalade \u00f6nemliydi.\u201cTarihi yan\u0131lg\u0131\u201d Ecevit bu s\u00f6z\u00fcn\u00fc a\u00e7\u0131klarken de;\u201cBiz M\u00fcsl\u00fcmanl\u0131\u011f\u0131 gericilik [&hellip;]\" \/>\n<meta property=\"og:url\" content=\"https:\/\/avrupapress.com\/main\/2023\/03\/27\/chp-msp-hukumeti\/\" \/>\n<meta property=\"og:site_name\" content=\"AvrupaPress\" \/>\n<meta property=\"article:published_time\" content=\"2023-03-27T20:30:27+00:00\" \/>\n<meta property=\"article:modified_time\" content=\"2023-03-29T03:06:04+00:00\" \/>\n<meta property=\"og:image\" content=\"https:\/\/avrupapress.com\/main\/wp-content\/uploads\/2023\/02\/thumbnail_9.Nevzat-Laleli-606x420-1.jpg\" \/>\n\t<meta property=\"og:image:width\" content=\"606\" \/>\n\t<meta property=\"og:image:height\" content=\"420\" \/>\n\t<meta property=\"og:image:type\" content=\"image\/jpeg\" \/>\n<meta name=\"author\" content=\"Edit\u00f6r\" \/>\n<meta name=\"twitter:card\" content=\"summary_large_image\" \/>\n<meta name=\"twitter:label1\" content=\"\u00c9crit par\" \/>\n\t<meta name=\"twitter:data1\" content=\"Edit\u00f6r\" \/>\n\t<meta name=\"twitter:label2\" content=\"Dur\u00e9e de lecture est.\" \/>\n\t<meta name=\"twitter:data2\" content=\"3 minutes\" \/>\n<script type=\"application\/ld+json\" class=\"yoast-schema-graph\">{\"@context\":\"https:\/\/schema.org\",\"@graph\":[{\"@type\":\"Article\",\"@id\":\"https:\/\/avrupapress.com\/main\/2023\/03\/27\/chp-msp-hukumeti\/#article\",\"isPartOf\":{\"@id\":\"https:\/\/avrupapress.com\/main\/2023\/03\/27\/chp-msp-hukumeti\/\"},\"author\":{\"name\":\"Edit\u00f6r\",\"@id\":\"https:\/\/avrupapress.com\/#\/schema\/person\/68428444ec60970d1e1b700cf4ca1e8f\"},\"headline\":\"CHP \u2013 MSP H\u00dcK\u00dcMET\u0130\",\"datePublished\":\"2023-03-27T20:30:27+00:00\",\"dateModified\":\"2023-03-29T03:06:04+00:00\",\"mainEntityOfPage\":{\"@id\":\"https:\/\/avrupapress.com\/main\/2023\/03\/27\/chp-msp-hukumeti\/\"},\"wordCount\":730,\"publisher\":{\"@id\":\"https:\/\/avrupapress.com\/#\/schema\/person\/0223dca19c72c43575bf30d1a2d8f4fa\"},\"image\":{\"@id\":\"https:\/\/avrupapress.com\/main\/2023\/03\/27\/chp-msp-hukumeti\/#primaryimage\"},\"thumbnailUrl\":\"https:\/\/avrupapress.com\/main\/wp-content\/uploads\/2023\/02\/thumbnail_9.Nevzat-Laleli-606x420-1.jpg\",\"articleSection\":[\"Avrupa\",\"Bel\u00e7ika\",\"D\u00fcnya\",\"Ekonomi\",\"K\u00fclt\u00fcr-Sanat\",\"Spor\",\"Tan\u0131t\u0131m\",\"T\u00fcrkiye\"],\"inLanguage\":\"fr-BE\"},{\"@type\":\"WebPage\",\"@id\":\"https:\/\/avrupapress.com\/main\/2023\/03\/27\/chp-msp-hukumeti\/\",\"url\":\"https:\/\/avrupapress.com\/main\/2023\/03\/27\/chp-msp-hukumeti\/\",\"name\":\"CHP \u2013 MSP H\u00dcK\u00dcMET\u0130 - AvrupaPress\",\"isPartOf\":{\"@id\":\"https:\/\/avrupapress.com\/#website\"},\"primaryImageOfPage\":{\"@id\":\"https:\/\/avrupapress.com\/main\/2023\/03\/27\/chp-msp-hukumeti\/#primaryimage\"},\"image\":{\"@id\":\"https:\/\/avrupapress.com\/main\/2023\/03\/27\/chp-msp-hukumeti\/#primaryimage\"},\"thumbnailUrl\":\"https:\/\/avrupapress.com\/main\/wp-content\/uploads\/2023\/02\/thumbnail_9.Nevzat-Laleli-606x420-1.jpg\",\"datePublished\":\"2023-03-27T20:30:27+00:00\",\"dateModified\":\"2023-03-29T03:06:04+00:00\",\"breadcrumb\":{\"@id\":\"https:\/\/avrupapress.com\/main\/2023\/03\/27\/chp-msp-hukumeti\/#breadcrumb\"},\"inLanguage\":\"fr-BE\",\"potentialAction\":[{\"@type\":\"ReadAction\",\"target\":[\"https:\/\/avrupapress.com\/main\/2023\/03\/27\/chp-msp-hukumeti\/\"]}]},{\"@type\":\"ImageObject\",\"inLanguage\":\"fr-BE\",\"@id\":\"https:\/\/avrupapress.com\/main\/2023\/03\/27\/chp-msp-hukumeti\/#primaryimage\",\"url\":\"https:\/\/avrupapress.com\/main\/wp-content\/uploads\/2023\/02\/thumbnail_9.Nevzat-Laleli-606x420-1.jpg\",\"contentUrl\":\"https:\/\/avrupapress.com\/main\/wp-content\/uploads\/2023\/02\/thumbnail_9.Nevzat-Laleli-606x420-1.jpg\",\"width\":606,\"height\":420},{\"@type\":\"BreadcrumbList\",\"@id\":\"https:\/\/avrupapress.com\/main\/2023\/03\/27\/chp-msp-hukumeti\/#breadcrumb\",\"itemListElement\":[{\"@type\":\"ListItem\",\"position\":1,\"name\":\"Anasayfa\",\"item\":\"https:\/\/avrupapress.com\/\"},{\"@type\":\"ListItem\",\"position\":2,\"name\":\"CHP \u2013 MSP H\u00dcK\u00dcMET\u0130\"}]},{\"@type\":\"WebSite\",\"@id\":\"https:\/\/avrupapress.com\/#website\",\"url\":\"https:\/\/avrupapress.com\/\",\"name\":\"AvrupaPress\",\"description\":\"Haberin Adresi\",\"publisher\":{\"@id\":\"https:\/\/avrupapress.com\/#\/schema\/person\/0223dca19c72c43575bf30d1a2d8f4fa\"},\"potentialAction\":[{\"@type\":\"SearchAction\",\"target\":{\"@type\":\"EntryPoint\",\"urlTemplate\":\"https:\/\/avrupapress.com\/?s={search_term_string}\"},\"query-input\":{\"@type\":\"PropertyValueSpecification\",\"valueRequired\":true,\"valueName\":\"search_term_string\"}}],\"inLanguage\":\"fr-BE\"},{\"@type\":[\"Person\",\"Organization\"],\"@id\":\"https:\/\/avrupapress.com\/#\/schema\/person\/0223dca19c72c43575bf30d1a2d8f4fa\",\"name\":\"Bilgin \u00d6z\u00e7ift\u00e7i\",\"image\":{\"@type\":\"ImageObject\",\"inLanguage\":\"fr-BE\",\"@id\":\"https:\/\/avrupapress.com\/#\/schema\/person\/image\/\",\"url\":\"https:\/\/secure.gravatar.com\/avatar\/0f23b280433a21e1ea7a0adcc46ed0ad16afe3ad8e630fd13d8a017dcbd54ef3?s=96&d=mm&r=g\",\"contentUrl\":\"https:\/\/secure.gravatar.com\/avatar\/0f23b280433a21e1ea7a0adcc46ed0ad16afe3ad8e630fd13d8a017dcbd54ef3?s=96&d=mm&r=g\",\"caption\":\"Bilgin \u00d6z\u00e7ift\u00e7i\"},\"logo\":{\"@id\":\"https:\/\/avrupapress.com\/#\/schema\/person\/image\/\"},\"description\":\"Ne ben, nede sen... Biz ancak \\\"biz\\\" olursak g\u00fc\u00e7l\u00fc olabiliriz\"},{\"@type\":\"Person\",\"@id\":\"https:\/\/avrupapress.com\/#\/schema\/person\/68428444ec60970d1e1b700cf4ca1e8f\",\"name\":\"Edit\u00f6r\",\"image\":{\"@type\":\"ImageObject\",\"inLanguage\":\"fr-BE\",\"@id\":\"https:\/\/avrupapress.com\/#\/schema\/person\/image\/\",\"url\":\"https:\/\/secure.gravatar.com\/avatar\/74996b0977aa5f1559ba9883776652508b229005c0d78fb2597897f0bd651c09?s=96&d=mm&r=g\",\"contentUrl\":\"https:\/\/secure.gravatar.com\/avatar\/74996b0977aa5f1559ba9883776652508b229005c0d78fb2597897f0bd651c09?s=96&d=mm&r=g\",\"caption\":\"Edit\u00f6r\"},\"sameAs\":[\"http:\/\/www.avrupapress.com\"],\"url\":\"https:\/\/avrupapress.com\/main\/author\/editor\/\"}]}<\/script>\n<!-- \/ Yoast SEO plugin. -->","yoast_head_json":{"title":"CHP \u2013 MSP H\u00dcK\u00dcMET\u0130 - AvrupaPress","robots":{"index":"index","follow":"follow","max-snippet":"max-snippet:-1","max-image-preview":"max-image-preview:large","max-video-preview":"max-video-preview:-1"},"canonical":"https:\/\/avrupapress.com\/main\/2023\/03\/27\/chp-msp-hukumeti\/","og_locale":"fr_FR","og_type":"article","og_title":"CHP \u2013 MSP H\u00dcK\u00dcMET\u0130 - AvrupaPress","og_description":"1973 se\u00e7imlerinden sonra 6 \u2013 7 ay H\u00fck\u00fcmetsiz kalan \u00fclkemiz, CHP\u2019nin (Ecevit) MSP\u2019nin \u015fartlar\u0131n\u0131 kabul etmesiyle Erbakan\u2019la MSP ile bir H\u00fck\u00fcmet kurmaya raz\u0131 oldu. Bir H\u00fck\u00fcmet protokol\u00fc haz\u0131rland\u0131 ve her iki taraf da imzalayarak H\u00fck\u00fcmet te\u015fkil edildi. H\u00fck\u00fcmetin kurulmas\u0131ndan hemen sonra Ba\u015fbakan Ecevit\u2019in \u015fu a\u00e7\u0131klamas\u0131 fevkalade \u00f6nemliydi.\u201cTarihi yan\u0131lg\u0131\u201d Ecevit bu s\u00f6z\u00fcn\u00fc a\u00e7\u0131klarken de;\u201cBiz M\u00fcsl\u00fcmanl\u0131\u011f\u0131 gericilik [&hellip;]","og_url":"https:\/\/avrupapress.com\/main\/2023\/03\/27\/chp-msp-hukumeti\/","og_site_name":"AvrupaPress","article_published_time":"2023-03-27T20:30:27+00:00","article_modified_time":"2023-03-29T03:06:04+00:00","og_image":[{"width":606,"height":420,"url":"https:\/\/avrupapress.com\/main\/wp-content\/uploads\/2023\/02\/thumbnail_9.Nevzat-Laleli-606x420-1.jpg","type":"image\/jpeg"}],"author":"Edit\u00f6r","twitter_card":"summary_large_image","twitter_misc":{"\u00c9crit par":"Edit\u00f6r","Dur\u00e9e de lecture est.":"3 minutes"},"schema":{"@context":"https:\/\/schema.org","@graph":[{"@type":"Article","@id":"https:\/\/avrupapress.com\/main\/2023\/03\/27\/chp-msp-hukumeti\/#article","isPartOf":{"@id":"https:\/\/avrupapress.com\/main\/2023\/03\/27\/chp-msp-hukumeti\/"},"author":{"name":"Edit\u00f6r","@id":"https:\/\/avrupapress.com\/#\/schema\/person\/68428444ec60970d1e1b700cf4ca1e8f"},"headline":"CHP \u2013 MSP H\u00dcK\u00dcMET\u0130","datePublished":"2023-03-27T20:30:27+00:00","dateModified":"2023-03-29T03:06:04+00:00","mainEntityOfPage":{"@id":"https:\/\/avrupapress.com\/main\/2023\/03\/27\/chp-msp-hukumeti\/"},"wordCount":730,"publisher":{"@id":"https:\/\/avrupapress.com\/#\/schema\/person\/0223dca19c72c43575bf30d1a2d8f4fa"},"image":{"@id":"https:\/\/avrupapress.com\/main\/2023\/03\/27\/chp-msp-hukumeti\/#primaryimage"},"thumbnailUrl":"https:\/\/avrupapress.com\/main\/wp-content\/uploads\/2023\/02\/thumbnail_9.Nevzat-Laleli-606x420-1.jpg","articleSection":["Avrupa","Bel\u00e7ika","D\u00fcnya","Ekonomi","K\u00fclt\u00fcr-Sanat","Spor","Tan\u0131t\u0131m","T\u00fcrkiye"],"inLanguage":"fr-BE"},{"@type":"WebPage","@id":"https:\/\/avrupapress.com\/main\/2023\/03\/27\/chp-msp-hukumeti\/","url":"https:\/\/avrupapress.com\/main\/2023\/03\/27\/chp-msp-hukumeti\/","name":"CHP \u2013 MSP H\u00dcK\u00dcMET\u0130 - AvrupaPress","isPartOf":{"@id":"https:\/\/avrupapress.com\/#website"},"primaryImageOfPage":{"@id":"https:\/\/avrupapress.com\/main\/2023\/03\/27\/chp-msp-hukumeti\/#primaryimage"},"image":{"@id":"https:\/\/avrupapress.com\/main\/2023\/03\/27\/chp-msp-hukumeti\/#primaryimage"},"thumbnailUrl":"https:\/\/avrupapress.com\/main\/wp-content\/uploads\/2023\/02\/thumbnail_9.Nevzat-Laleli-606x420-1.jpg","datePublished":"2023-03-27T20:30:27+00:00","dateModified":"2023-03-29T03:06:04+00:00","breadcrumb":{"@id":"https:\/\/avrupapress.com\/main\/2023\/03\/27\/chp-msp-hukumeti\/#breadcrumb"},"inLanguage":"fr-BE","potentialAction":[{"@type":"ReadAction","target":["https:\/\/avrupapress.com\/main\/2023\/03\/27\/chp-msp-hukumeti\/"]}]},{"@type":"ImageObject","inLanguage":"fr-BE","@id":"https:\/\/avrupapress.com\/main\/2023\/03\/27\/chp-msp-hukumeti\/#primaryimage","url":"https:\/\/avrupapress.com\/main\/wp-content\/uploads\/2023\/02\/thumbnail_9.Nevzat-Laleli-606x420-1.jpg","contentUrl":"https:\/\/avrupapress.com\/main\/wp-content\/uploads\/2023\/02\/thumbnail_9.Nevzat-Laleli-606x420-1.jpg","width":606,"height":420},{"@type":"BreadcrumbList","@id":"https:\/\/avrupapress.com\/main\/2023\/03\/27\/chp-msp-hukumeti\/#breadcrumb","itemListElement":[{"@type":"ListItem","position":1,"name":"Anasayfa","item":"https:\/\/avrupapress.com\/"},{"@type":"ListItem","position":2,"name":"CHP \u2013 MSP H\u00dcK\u00dcMET\u0130"}]},{"@type":"WebSite","@id":"https:\/\/avrupapress.com\/#website","url":"https:\/\/avrupapress.com\/","name":"AvrupaPress","description":"Haberin Adresi","publisher":{"@id":"https:\/\/avrupapress.com\/#\/schema\/person\/0223dca19c72c43575bf30d1a2d8f4fa"},"potentialAction":[{"@type":"SearchAction","target":{"@type":"EntryPoint","urlTemplate":"https:\/\/avrupapress.com\/?s={search_term_string}"},"query-input":{"@type":"PropertyValueSpecification","valueRequired":true,"valueName":"search_term_string"}}],"inLanguage":"fr-BE"},{"@type":["Person","Organization"],"@id":"https:\/\/avrupapress.com\/#\/schema\/person\/0223dca19c72c43575bf30d1a2d8f4fa","name":"Bilgin \u00d6z\u00e7ift\u00e7i","image":{"@type":"ImageObject","inLanguage":"fr-BE","@id":"https:\/\/avrupapress.com\/#\/schema\/person\/image\/","url":"https:\/\/secure.gravatar.com\/avatar\/0f23b280433a21e1ea7a0adcc46ed0ad16afe3ad8e630fd13d8a017dcbd54ef3?s=96&d=mm&r=g","contentUrl":"https:\/\/secure.gravatar.com\/avatar\/0f23b280433a21e1ea7a0adcc46ed0ad16afe3ad8e630fd13d8a017dcbd54ef3?s=96&d=mm&r=g","caption":"Bilgin \u00d6z\u00e7ift\u00e7i"},"logo":{"@id":"https:\/\/avrupapress.com\/#\/schema\/person\/image\/"},"description":"Ne ben, nede sen... Biz ancak \"biz\" olursak g\u00fc\u00e7l\u00fc olabiliriz"},{"@type":"Person","@id":"https:\/\/avrupapress.com\/#\/schema\/person\/68428444ec60970d1e1b700cf4ca1e8f","name":"Edit\u00f6r","image":{"@type":"ImageObject","inLanguage":"fr-BE","@id":"https:\/\/avrupapress.com\/#\/schema\/person\/image\/","url":"https:\/\/secure.gravatar.com\/avatar\/74996b0977aa5f1559ba9883776652508b229005c0d78fb2597897f0bd651c09?s=96&d=mm&r=g","contentUrl":"https:\/\/secure.gravatar.com\/avatar\/74996b0977aa5f1559ba9883776652508b229005c0d78fb2597897f0bd651c09?s=96&d=mm&r=g","caption":"Edit\u00f6r"},"sameAs":["http:\/\/www.avrupapress.com"],"url":"https:\/\/avrupapress.com\/main\/author\/editor\/"}]}},"_links":{"self":[{"href":"https:\/\/avrupapress.com\/main\/wp-json\/wp\/v2\/posts\/22292","targetHints":{"allow":["GET"]}}],"collection":[{"href":"https:\/\/avrupapress.com\/main\/wp-json\/wp\/v2\/posts"}],"about":[{"href":"https:\/\/avrupapress.com\/main\/wp-json\/wp\/v2\/types\/post"}],"author":[{"embeddable":true,"href":"https:\/\/avrupapress.com\/main\/wp-json\/wp\/v2\/users\/3"}],"replies":[{"embeddable":true,"href":"https:\/\/avrupapress.com\/main\/wp-json\/wp\/v2\/comments?post=22292"}],"version-history":[{"count":2,"href":"https:\/\/avrupapress.com\/main\/wp-json\/wp\/v2\/posts\/22292\/revisions"}],"predecessor-version":[{"id":22313,"href":"https:\/\/avrupapress.com\/main\/wp-json\/wp\/v2\/posts\/22292\/revisions\/22313"}],"wp:featuredmedia":[{"embeddable":true,"href":"https:\/\/avrupapress.com\/main\/wp-json\/wp\/v2\/media\/21573"}],"wp:attachment":[{"href":"https:\/\/avrupapress.com\/main\/wp-json\/wp\/v2\/media?parent=22292"}],"wp:term":[{"taxonomy":"category","embeddable":true,"href":"https:\/\/avrupapress.com\/main\/wp-json\/wp\/v2\/categories?post=22292"},{"taxonomy":"post_tag","embeddable":true,"href":"https:\/\/avrupapress.com\/main\/wp-json\/wp\/v2\/tags?post=22292"}],"curies":[{"name":"wp","href":"https:\/\/api.w.org\/{rel}","templated":true}]}}