{"id":22280,"date":"2023-03-26T19:15:34","date_gmt":"2023-03-26T19:15:34","guid":{"rendered":"https:\/\/avrupapress.com\/main\/?p=22280"},"modified":"2023-03-26T19:15:43","modified_gmt":"2023-03-26T19:15:43","slug":"sma-tip-1-hastasi-olan-melisa-bebek-yararina-eskisehirde-kermes-duzenlendi","status":"publish","type":"post","link":"https:\/\/avrupapress.com\/main\/2023\/03\/26\/sma-tip-1-hastasi-olan-melisa-bebek-yararina-eskisehirde-kermes-duzenlendi\/","title":{"rendered":"Sma tip 1\u2019 hastas\u0131 olan \u2018Melisa bebek\u2019 yarar\u0131na Eski\u015fehir\u2019de kermes d\u00fczenlendi"},"content":{"rendered":"<p><a name=\"x__Hlk130723415\"><\/a><strong>HABER \/ FOTO\u011eRAF: ERTU\u011eRUL ALTINEL- B\u0130LG\u0130N \u00d6Z\u00c7\u0130FT\u00c7\u0130 \u2013 AVRUPA PRESS- BEL\u00c7\u0130KA<\/strong><\/p>\n<p class=\"x_MsoNormal\">&lsquo;Sma tip 1\u2019 hastas\u0131 olan \u2018Melisa bebek\u2019 yarar\u0131na Eski\u015fehir\u2019de kermes d\u00fczenlendi.<\/p>\n<p class=\"x_MsoNormal\">Sosyal Yard\u0131mla\u015fma ve Dayan\u0131\u015fma Derne\u011fi Ba\u015fkan\u0131 Hande Toraman konu ile ilgili yapt\u0131\u011f\u0131 a\u00e7\u0131klamada, \u2018\u2019 Eski\u015fehir\u2019de &lsquo;Sma tip 1\u2019 hastas\u0131 olan \u2018Melisa bebek\u2019 yarar\u0131na Hamamyolu Caddesi ba\u015f\u0131nda kermes d\u00fczenledik. Kermeste, \u00e7ocuk giysilerini sergiledik. Eski\u015fehirli Erhan \u00dcnal\u2019\u0131n k\u0131z\u0131 Melisa \u00dcnal (Melisa Bebek) i\u00e7inde, Eski\u015fehir Valili\u011finden izin al\u0131nm\u0131\u015ft\u0131r. Kermesimize; Odunpazar\u0131 Belediye Ba\u015fkan\u0131 Av. Kaz\u0131m Kurt kat\u0131ld\u0131 ve Kermesimizi be\u011fendi\u2019\u2019 dedi.<\/p>\n<p><img loading=\"lazy\" decoding=\"async\" class=\"alignnone size-medium wp-image-22281\" src=\"https:\/\/avrupapress.com\/main\/wp-content\/uploads\/2023\/03\/thumbnail_Sma-tip-1-hastasi-olan-\u2018Melisa-bebek-yararina-Eskisehirde-kermes-duzenlendi-300x225.jpg\" alt=\"\" width=\"300\" height=\"225\" srcset=\"https:\/\/avrupapress.com\/main\/wp-content\/uploads\/2023\/03\/thumbnail_Sma-tip-1-hastasi-olan-\u2018Melisa-bebek-yararina-Eskisehirde-kermes-duzenlendi-300x225.jpg 300w, https:\/\/avrupapress.com\/main\/wp-content\/uploads\/2023\/03\/thumbnail_Sma-tip-1-hastasi-olan-\u2018Melisa-bebek-yararina-Eskisehirde-kermes-duzenlendi.jpg 720w\" sizes=\"auto, (max-width: 300px) 100vw, 300px\" \/><\/p>\n<p><img loading=\"lazy\" decoding=\"async\" class=\"alignnone size-medium wp-image-22282\" src=\"https:\/\/avrupapress.com\/main\/wp-content\/uploads\/2023\/03\/thumbnail_Sma-tip-1-hastasi-olan-\u2018Melisa-bebek-300x270.jpg\" alt=\"\" width=\"300\" height=\"270\" srcset=\"https:\/\/avrupapress.com\/main\/wp-content\/uploads\/2023\/03\/thumbnail_Sma-tip-1-hastasi-olan-\u2018Melisa-bebek-300x270.jpg 300w, https:\/\/avrupapress.com\/main\/wp-content\/uploads\/2023\/03\/thumbnail_Sma-tip-1-hastasi-olan-\u2018Melisa-bebek.jpg 720w\" sizes=\"auto, (max-width: 300px) 100vw, 300px\" \/><\/p>\n<p><img loading=\"lazy\" decoding=\"async\" class=\"alignnone size-medium wp-image-22283\" src=\"https:\/\/avrupapress.com\/main\/wp-content\/uploads\/2023\/03\/thumbnail_Sma-tip-1-hastasi-olan-\u2018Melisa-bebek-yararina-Eskisehirde-kermes-duzenlendi-2-300x225.jpg\" alt=\"\" width=\"300\" height=\"225\" srcset=\"https:\/\/avrupapress.com\/main\/wp-content\/uploads\/2023\/03\/thumbnail_Sma-tip-1-hastasi-olan-\u2018Melisa-bebek-yararina-Eskisehirde-kermes-duzenlendi-2-300x225.jpg 300w, https:\/\/avrupapress.com\/main\/wp-content\/uploads\/2023\/03\/thumbnail_Sma-tip-1-hastasi-olan-\u2018Melisa-bebek-yararina-Eskisehirde-kermes-duzenlendi-2.jpg 720w\" sizes=\"auto, (max-width: 300px) 100vw, 300px\" \/><\/p>\n<p class=\"x_MsoNormal\"><strong>HABER \/ FOTO\u011eRAF: ERTU\u011eRUL ALTINEL- B\u0130LG\u0130N \u00d6Z\u00c7\u0130FT\u00c7\u0130 \u2013 AVRUPA PRESS- BEL\u00c7\u0130KA<\/strong><\/p>\n","protected":false},"excerpt":{"rendered":"<p>HABER \/ FOTO\u011eRAF: ERTU\u011eRUL ALTINEL- B\u0130LG\u0130N \u00d6Z\u00c7\u0130FT\u00c7\u0130 \u2013 AVRUPA PRESS- BEL\u00c7\u0130KA &lsquo;Sma tip 1\u2019 hastas\u0131 olan \u2018Melisa bebek\u2019 yarar\u0131na Eski\u015fehir\u2019de kermes d\u00fczenlendi. Sosyal Yard\u0131mla\u015fma ve Dayan\u0131\u015fma Derne\u011fi Ba\u015fkan\u0131 Hande Toraman konu ile ilgili yapt\u0131\u011f\u0131 a\u00e7\u0131klamada, \u2018\u2019 Eski\u015fehir\u2019de &lsquo;Sma tip 1\u2019 hastas\u0131 olan \u2018Melisa bebek\u2019 yarar\u0131na Hamamyolu Caddesi ba\u015f\u0131nda kermes d\u00fczenledik. Kermeste, \u00e7ocuk giysilerini sergiledik. Eski\u015fehirli [&hellip;]<\/p>\n","protected":false},"author":3,"featured_media":22281,"comment_status":"closed","ping_status":"open","sticky":false,"template":"","format":"standard","meta":{"footnotes":""},"categories":[14,16,3,17,18,15,19,2],"tags":[],"class_list":["post-22280","post","type-post","status-publish","format-standard","has-post-thumbnail","hentry","category-avrupa","category-belcika","category-dunya","category-ekonomi","category-kultur-sanat","category-spor","category-tanitim","category-turkiye"],"yoast_head":"<!-- This site is optimized with the Yoast SEO plugin v26.9 - https:\/\/yoast.com\/product\/yoast-seo-wordpress\/ -->\n<title>Sma tip 1\u2019 hastas\u0131 olan \u2018Melisa bebek\u2019 yarar\u0131na Eski\u015fehir\u2019de kermes d\u00fczenlendi - AvrupaPress<\/title>\n<meta name=\"robots\" content=\"index, follow, max-snippet:-1, max-image-preview:large, max-video-preview:-1\" \/>\n<link rel=\"canonical\" href=\"https:\/\/avrupapress.com\/main\/2023\/03\/26\/sma-tip-1-hastasi-olan-melisa-bebek-yararina-eskisehirde-kermes-duzenlendi\/\" \/>\n<meta property=\"og:locale\" content=\"fr_FR\" \/>\n<meta property=\"og:type\" content=\"article\" \/>\n<meta property=\"og:title\" content=\"Sma tip 1\u2019 hastas\u0131 olan \u2018Melisa bebek\u2019 yarar\u0131na Eski\u015fehir\u2019de kermes d\u00fczenlendi - AvrupaPress\" \/>\n<meta property=\"og:description\" content=\"HABER \/ FOTO\u011eRAF: ERTU\u011eRUL ALTINEL- B\u0130LG\u0130N \u00d6Z\u00c7\u0130FT\u00c7\u0130 \u2013 AVRUPA PRESS- BEL\u00c7\u0130KA &lsquo;Sma tip 1\u2019 hastas\u0131 olan \u2018Melisa bebek\u2019 yarar\u0131na Eski\u015fehir\u2019de kermes d\u00fczenlendi. Sosyal Yard\u0131mla\u015fma ve Dayan\u0131\u015fma Derne\u011fi Ba\u015fkan\u0131 Hande Toraman konu ile ilgili yapt\u0131\u011f\u0131 a\u00e7\u0131klamada, \u2018\u2019 Eski\u015fehir\u2019de &lsquo;Sma tip 1\u2019 hastas\u0131 olan \u2018Melisa bebek\u2019 yarar\u0131na Hamamyolu Caddesi ba\u015f\u0131nda kermes d\u00fczenledik. Kermeste, \u00e7ocuk giysilerini sergiledik. Eski\u015fehirli [&hellip;]\" \/>\n<meta property=\"og:url\" content=\"https:\/\/avrupapress.com\/main\/2023\/03\/26\/sma-tip-1-hastasi-olan-melisa-bebek-yararina-eskisehirde-kermes-duzenlendi\/\" \/>\n<meta property=\"og:site_name\" content=\"AvrupaPress\" \/>\n<meta property=\"article:published_time\" content=\"2023-03-26T19:15:34+00:00\" \/>\n<meta property=\"article:modified_time\" content=\"2023-03-26T19:15:43+00:00\" \/>\n<meta property=\"og:image\" content=\"https:\/\/avrupapress.com\/main\/wp-content\/uploads\/2023\/03\/thumbnail_Sma-tip-1-hastasi-olan-\u2018Melisa-bebek-yararina-Eskisehirde-kermes-duzenlendi.jpg\" \/>\n\t<meta property=\"og:image:width\" content=\"720\" \/>\n\t<meta property=\"og:image:height\" content=\"540\" \/>\n\t<meta property=\"og:image:type\" content=\"image\/jpeg\" \/>\n<meta name=\"author\" content=\"Edit\u00f6r\" \/>\n<meta name=\"twitter:card\" content=\"summary_large_image\" \/>\n<meta name=\"twitter:label1\" content=\"\u00c9crit par\" \/>\n\t<meta name=\"twitter:data1\" content=\"Edit\u00f6r\" \/>\n\t<meta name=\"twitter:label2\" content=\"Dur\u00e9e de lecture est.\" \/>\n\t<meta name=\"twitter:data2\" content=\"2 minutes\" \/>\n<script type=\"application\/ld+json\" class=\"yoast-schema-graph\">{\"@context\":\"https:\/\/schema.org\",\"@graph\":[{\"@type\":\"Article\",\"@id\":\"https:\/\/avrupapress.com\/main\/2023\/03\/26\/sma-tip-1-hastasi-olan-melisa-bebek-yararina-eskisehirde-kermes-duzenlendi\/#article\",\"isPartOf\":{\"@id\":\"https:\/\/avrupapress.com\/main\/2023\/03\/26\/sma-tip-1-hastasi-olan-melisa-bebek-yararina-eskisehirde-kermes-duzenlendi\/\"},\"author\":{\"name\":\"Edit\u00f6r\",\"@id\":\"https:\/\/avrupapress.com\/#\/schema\/person\/68428444ec60970d1e1b700cf4ca1e8f\"},\"headline\":\"Sma tip 1\u2019 hastas\u0131 olan \u2018Melisa bebek\u2019 yarar\u0131na Eski\u015fehir\u2019de kermes d\u00fczenlendi\",\"datePublished\":\"2023-03-26T19:15:34+00:00\",\"dateModified\":\"2023-03-26T19:15:43+00:00\",\"mainEntityOfPage\":{\"@id\":\"https:\/\/avrupapress.com\/main\/2023\/03\/26\/sma-tip-1-hastasi-olan-melisa-bebek-yararina-eskisehirde-kermes-duzenlendi\/\"},\"wordCount\":137,\"publisher\":{\"@id\":\"https:\/\/avrupapress.com\/#\/schema\/person\/0223dca19c72c43575bf30d1a2d8f4fa\"},\"image\":{\"@id\":\"https:\/\/avrupapress.com\/main\/2023\/03\/26\/sma-tip-1-hastasi-olan-melisa-bebek-yararina-eskisehirde-kermes-duzenlendi\/#primaryimage\"},\"thumbnailUrl\":\"https:\/\/avrupapress.com\/main\/wp-content\/uploads\/2023\/03\/thumbnail_Sma-tip-1-hastasi-olan-\u2018Melisa-bebek-yararina-Eskisehirde-kermes-duzenlendi.jpg\",\"articleSection\":[\"Avrupa\",\"Bel\u00e7ika\",\"D\u00fcnya\",\"Ekonomi\",\"K\u00fclt\u00fcr-Sanat\",\"Spor\",\"Tan\u0131t\u0131m\",\"T\u00fcrkiye\"],\"inLanguage\":\"fr-BE\"},{\"@type\":\"WebPage\",\"@id\":\"https:\/\/avrupapress.com\/main\/2023\/03\/26\/sma-tip-1-hastasi-olan-melisa-bebek-yararina-eskisehirde-kermes-duzenlendi\/\",\"url\":\"https:\/\/avrupapress.com\/main\/2023\/03\/26\/sma-tip-1-hastasi-olan-melisa-bebek-yararina-eskisehirde-kermes-duzenlendi\/\",\"name\":\"Sma tip 1\u2019 hastas\u0131 olan \u2018Melisa bebek\u2019 yarar\u0131na Eski\u015fehir\u2019de kermes d\u00fczenlendi - AvrupaPress\",\"isPartOf\":{\"@id\":\"https:\/\/avrupapress.com\/#website\"},\"primaryImageOfPage\":{\"@id\":\"https:\/\/avrupapress.com\/main\/2023\/03\/26\/sma-tip-1-hastasi-olan-melisa-bebek-yararina-eskisehirde-kermes-duzenlendi\/#primaryimage\"},\"image\":{\"@id\":\"https:\/\/avrupapress.com\/main\/2023\/03\/26\/sma-tip-1-hastasi-olan-melisa-bebek-yararina-eskisehirde-kermes-duzenlendi\/#primaryimage\"},\"thumbnailUrl\":\"https:\/\/avrupapress.com\/main\/wp-content\/uploads\/2023\/03\/thumbnail_Sma-tip-1-hastasi-olan-\u2018Melisa-bebek-yararina-Eskisehirde-kermes-duzenlendi.jpg\",\"datePublished\":\"2023-03-26T19:15:34+00:00\",\"dateModified\":\"2023-03-26T19:15:43+00:00\",\"breadcrumb\":{\"@id\":\"https:\/\/avrupapress.com\/main\/2023\/03\/26\/sma-tip-1-hastasi-olan-melisa-bebek-yararina-eskisehirde-kermes-duzenlendi\/#breadcrumb\"},\"inLanguage\":\"fr-BE\",\"potentialAction\":[{\"@type\":\"ReadAction\",\"target\":[\"https:\/\/avrupapress.com\/main\/2023\/03\/26\/sma-tip-1-hastasi-olan-melisa-bebek-yararina-eskisehirde-kermes-duzenlendi\/\"]}]},{\"@type\":\"ImageObject\",\"inLanguage\":\"fr-BE\",\"@id\":\"https:\/\/avrupapress.com\/main\/2023\/03\/26\/sma-tip-1-hastasi-olan-melisa-bebek-yararina-eskisehirde-kermes-duzenlendi\/#primaryimage\",\"url\":\"https:\/\/avrupapress.com\/main\/wp-content\/uploads\/2023\/03\/thumbnail_Sma-tip-1-hastasi-olan-\u2018Melisa-bebek-yararina-Eskisehirde-kermes-duzenlendi.jpg\",\"contentUrl\":\"https:\/\/avrupapress.com\/main\/wp-content\/uploads\/2023\/03\/thumbnail_Sma-tip-1-hastasi-olan-\u2018Melisa-bebek-yararina-Eskisehirde-kermes-duzenlendi.jpg\",\"width\":720,\"height\":540},{\"@type\":\"BreadcrumbList\",\"@id\":\"https:\/\/avrupapress.com\/main\/2023\/03\/26\/sma-tip-1-hastasi-olan-melisa-bebek-yararina-eskisehirde-kermes-duzenlendi\/#breadcrumb\",\"itemListElement\":[{\"@type\":\"ListItem\",\"position\":1,\"name\":\"Anasayfa\",\"item\":\"https:\/\/avrupapress.com\/\"},{\"@type\":\"ListItem\",\"position\":2,\"name\":\"Sma tip 1\u2019 hastas\u0131 olan \u2018Melisa bebek\u2019 yarar\u0131na Eski\u015fehir\u2019de kermes d\u00fczenlendi\"}]},{\"@type\":\"WebSite\",\"@id\":\"https:\/\/avrupapress.com\/#website\",\"url\":\"https:\/\/avrupapress.com\/\",\"name\":\"AvrupaPress\",\"description\":\"Haberin Adresi\",\"publisher\":{\"@id\":\"https:\/\/avrupapress.com\/#\/schema\/person\/0223dca19c72c43575bf30d1a2d8f4fa\"},\"potentialAction\":[{\"@type\":\"SearchAction\",\"target\":{\"@type\":\"EntryPoint\",\"urlTemplate\":\"https:\/\/avrupapress.com\/?s={search_term_string}\"},\"query-input\":{\"@type\":\"PropertyValueSpecification\",\"valueRequired\":true,\"valueName\":\"search_term_string\"}}],\"inLanguage\":\"fr-BE\"},{\"@type\":[\"Person\",\"Organization\"],\"@id\":\"https:\/\/avrupapress.com\/#\/schema\/person\/0223dca19c72c43575bf30d1a2d8f4fa\",\"name\":\"Bilgin \u00d6z\u00e7ift\u00e7i\",\"image\":{\"@type\":\"ImageObject\",\"inLanguage\":\"fr-BE\",\"@id\":\"https:\/\/avrupapress.com\/#\/schema\/person\/image\/\",\"url\":\"https:\/\/secure.gravatar.com\/avatar\/0f23b280433a21e1ea7a0adcc46ed0ad16afe3ad8e630fd13d8a017dcbd54ef3?s=96&d=mm&r=g\",\"contentUrl\":\"https:\/\/secure.gravatar.com\/avatar\/0f23b280433a21e1ea7a0adcc46ed0ad16afe3ad8e630fd13d8a017dcbd54ef3?s=96&d=mm&r=g\",\"caption\":\"Bilgin \u00d6z\u00e7ift\u00e7i\"},\"logo\":{\"@id\":\"https:\/\/avrupapress.com\/#\/schema\/person\/image\/\"},\"description\":\"Ne ben, nede sen... Biz ancak \\\"biz\\\" olursak g\u00fc\u00e7l\u00fc olabiliriz\"},{\"@type\":\"Person\",\"@id\":\"https:\/\/avrupapress.com\/#\/schema\/person\/68428444ec60970d1e1b700cf4ca1e8f\",\"name\":\"Edit\u00f6r\",\"image\":{\"@type\":\"ImageObject\",\"inLanguage\":\"fr-BE\",\"@id\":\"https:\/\/avrupapress.com\/#\/schema\/person\/image\/\",\"url\":\"https:\/\/secure.gravatar.com\/avatar\/74996b0977aa5f1559ba9883776652508b229005c0d78fb2597897f0bd651c09?s=96&d=mm&r=g\",\"contentUrl\":\"https:\/\/secure.gravatar.com\/avatar\/74996b0977aa5f1559ba9883776652508b229005c0d78fb2597897f0bd651c09?s=96&d=mm&r=g\",\"caption\":\"Edit\u00f6r\"},\"sameAs\":[\"http:\/\/www.avrupapress.com\"],\"url\":\"https:\/\/avrupapress.com\/main\/author\/editor\/\"}]}<\/script>\n<!-- \/ Yoast SEO plugin. -->","yoast_head_json":{"title":"Sma tip 1\u2019 hastas\u0131 olan \u2018Melisa bebek\u2019 yarar\u0131na Eski\u015fehir\u2019de kermes d\u00fczenlendi - AvrupaPress","robots":{"index":"index","follow":"follow","max-snippet":"max-snippet:-1","max-image-preview":"max-image-preview:large","max-video-preview":"max-video-preview:-1"},"canonical":"https:\/\/avrupapress.com\/main\/2023\/03\/26\/sma-tip-1-hastasi-olan-melisa-bebek-yararina-eskisehirde-kermes-duzenlendi\/","og_locale":"fr_FR","og_type":"article","og_title":"Sma tip 1\u2019 hastas\u0131 olan \u2018Melisa bebek\u2019 yarar\u0131na Eski\u015fehir\u2019de kermes d\u00fczenlendi - AvrupaPress","og_description":"HABER \/ FOTO\u011eRAF: ERTU\u011eRUL ALTINEL- B\u0130LG\u0130N \u00d6Z\u00c7\u0130FT\u00c7\u0130 \u2013 AVRUPA PRESS- BEL\u00c7\u0130KA &lsquo;Sma tip 1\u2019 hastas\u0131 olan \u2018Melisa bebek\u2019 yarar\u0131na Eski\u015fehir\u2019de kermes d\u00fczenlendi. Sosyal Yard\u0131mla\u015fma ve Dayan\u0131\u015fma Derne\u011fi Ba\u015fkan\u0131 Hande Toraman konu ile ilgili yapt\u0131\u011f\u0131 a\u00e7\u0131klamada, \u2018\u2019 Eski\u015fehir\u2019de &lsquo;Sma tip 1\u2019 hastas\u0131 olan \u2018Melisa bebek\u2019 yarar\u0131na Hamamyolu Caddesi ba\u015f\u0131nda kermes d\u00fczenledik. Kermeste, \u00e7ocuk giysilerini sergiledik. Eski\u015fehirli [&hellip;]","og_url":"https:\/\/avrupapress.com\/main\/2023\/03\/26\/sma-tip-1-hastasi-olan-melisa-bebek-yararina-eskisehirde-kermes-duzenlendi\/","og_site_name":"AvrupaPress","article_published_time":"2023-03-26T19:15:34+00:00","article_modified_time":"2023-03-26T19:15:43+00:00","og_image":[{"width":720,"height":540,"url":"https:\/\/avrupapress.com\/main\/wp-content\/uploads\/2023\/03\/thumbnail_Sma-tip-1-hastasi-olan-\u2018Melisa-bebek-yararina-Eskisehirde-kermes-duzenlendi.jpg","type":"image\/jpeg"}],"author":"Edit\u00f6r","twitter_card":"summary_large_image","twitter_misc":{"\u00c9crit par":"Edit\u00f6r","Dur\u00e9e de lecture est.":"2 minutes"},"schema":{"@context":"https:\/\/schema.org","@graph":[{"@type":"Article","@id":"https:\/\/avrupapress.com\/main\/2023\/03\/26\/sma-tip-1-hastasi-olan-melisa-bebek-yararina-eskisehirde-kermes-duzenlendi\/#article","isPartOf":{"@id":"https:\/\/avrupapress.com\/main\/2023\/03\/26\/sma-tip-1-hastasi-olan-melisa-bebek-yararina-eskisehirde-kermes-duzenlendi\/"},"author":{"name":"Edit\u00f6r","@id":"https:\/\/avrupapress.com\/#\/schema\/person\/68428444ec60970d1e1b700cf4ca1e8f"},"headline":"Sma tip 1\u2019 hastas\u0131 olan \u2018Melisa bebek\u2019 yarar\u0131na Eski\u015fehir\u2019de kermes d\u00fczenlendi","datePublished":"2023-03-26T19:15:34+00:00","dateModified":"2023-03-26T19:15:43+00:00","mainEntityOfPage":{"@id":"https:\/\/avrupapress.com\/main\/2023\/03\/26\/sma-tip-1-hastasi-olan-melisa-bebek-yararina-eskisehirde-kermes-duzenlendi\/"},"wordCount":137,"publisher":{"@id":"https:\/\/avrupapress.com\/#\/schema\/person\/0223dca19c72c43575bf30d1a2d8f4fa"},"image":{"@id":"https:\/\/avrupapress.com\/main\/2023\/03\/26\/sma-tip-1-hastasi-olan-melisa-bebek-yararina-eskisehirde-kermes-duzenlendi\/#primaryimage"},"thumbnailUrl":"https:\/\/avrupapress.com\/main\/wp-content\/uploads\/2023\/03\/thumbnail_Sma-tip-1-hastasi-olan-\u2018Melisa-bebek-yararina-Eskisehirde-kermes-duzenlendi.jpg","articleSection":["Avrupa","Bel\u00e7ika","D\u00fcnya","Ekonomi","K\u00fclt\u00fcr-Sanat","Spor","Tan\u0131t\u0131m","T\u00fcrkiye"],"inLanguage":"fr-BE"},{"@type":"WebPage","@id":"https:\/\/avrupapress.com\/main\/2023\/03\/26\/sma-tip-1-hastasi-olan-melisa-bebek-yararina-eskisehirde-kermes-duzenlendi\/","url":"https:\/\/avrupapress.com\/main\/2023\/03\/26\/sma-tip-1-hastasi-olan-melisa-bebek-yararina-eskisehirde-kermes-duzenlendi\/","name":"Sma tip 1\u2019 hastas\u0131 olan \u2018Melisa bebek\u2019 yarar\u0131na Eski\u015fehir\u2019de kermes d\u00fczenlendi - AvrupaPress","isPartOf":{"@id":"https:\/\/avrupapress.com\/#website"},"primaryImageOfPage":{"@id":"https:\/\/avrupapress.com\/main\/2023\/03\/26\/sma-tip-1-hastasi-olan-melisa-bebek-yararina-eskisehirde-kermes-duzenlendi\/#primaryimage"},"image":{"@id":"https:\/\/avrupapress.com\/main\/2023\/03\/26\/sma-tip-1-hastasi-olan-melisa-bebek-yararina-eskisehirde-kermes-duzenlendi\/#primaryimage"},"thumbnailUrl":"https:\/\/avrupapress.com\/main\/wp-content\/uploads\/2023\/03\/thumbnail_Sma-tip-1-hastasi-olan-\u2018Melisa-bebek-yararina-Eskisehirde-kermes-duzenlendi.jpg","datePublished":"2023-03-26T19:15:34+00:00","dateModified":"2023-03-26T19:15:43+00:00","breadcrumb":{"@id":"https:\/\/avrupapress.com\/main\/2023\/03\/26\/sma-tip-1-hastasi-olan-melisa-bebek-yararina-eskisehirde-kermes-duzenlendi\/#breadcrumb"},"inLanguage":"fr-BE","potentialAction":[{"@type":"ReadAction","target":["https:\/\/avrupapress.com\/main\/2023\/03\/26\/sma-tip-1-hastasi-olan-melisa-bebek-yararina-eskisehirde-kermes-duzenlendi\/"]}]},{"@type":"ImageObject","inLanguage":"fr-BE","@id":"https:\/\/avrupapress.com\/main\/2023\/03\/26\/sma-tip-1-hastasi-olan-melisa-bebek-yararina-eskisehirde-kermes-duzenlendi\/#primaryimage","url":"https:\/\/avrupapress.com\/main\/wp-content\/uploads\/2023\/03\/thumbnail_Sma-tip-1-hastasi-olan-\u2018Melisa-bebek-yararina-Eskisehirde-kermes-duzenlendi.jpg","contentUrl":"https:\/\/avrupapress.com\/main\/wp-content\/uploads\/2023\/03\/thumbnail_Sma-tip-1-hastasi-olan-\u2018Melisa-bebek-yararina-Eskisehirde-kermes-duzenlendi.jpg","width":720,"height":540},{"@type":"BreadcrumbList","@id":"https:\/\/avrupapress.com\/main\/2023\/03\/26\/sma-tip-1-hastasi-olan-melisa-bebek-yararina-eskisehirde-kermes-duzenlendi\/#breadcrumb","itemListElement":[{"@type":"ListItem","position":1,"name":"Anasayfa","item":"https:\/\/avrupapress.com\/"},{"@type":"ListItem","position":2,"name":"Sma tip 1\u2019 hastas\u0131 olan \u2018Melisa bebek\u2019 yarar\u0131na Eski\u015fehir\u2019de kermes d\u00fczenlendi"}]},{"@type":"WebSite","@id":"https:\/\/avrupapress.com\/#website","url":"https:\/\/avrupapress.com\/","name":"AvrupaPress","description":"Haberin Adresi","publisher":{"@id":"https:\/\/avrupapress.com\/#\/schema\/person\/0223dca19c72c43575bf30d1a2d8f4fa"},"potentialAction":[{"@type":"SearchAction","target":{"@type":"EntryPoint","urlTemplate":"https:\/\/avrupapress.com\/?s={search_term_string}"},"query-input":{"@type":"PropertyValueSpecification","valueRequired":true,"valueName":"search_term_string"}}],"inLanguage":"fr-BE"},{"@type":["Person","Organization"],"@id":"https:\/\/avrupapress.com\/#\/schema\/person\/0223dca19c72c43575bf30d1a2d8f4fa","name":"Bilgin \u00d6z\u00e7ift\u00e7i","image":{"@type":"ImageObject","inLanguage":"fr-BE","@id":"https:\/\/avrupapress.com\/#\/schema\/person\/image\/","url":"https:\/\/secure.gravatar.com\/avatar\/0f23b280433a21e1ea7a0adcc46ed0ad16afe3ad8e630fd13d8a017dcbd54ef3?s=96&d=mm&r=g","contentUrl":"https:\/\/secure.gravatar.com\/avatar\/0f23b280433a21e1ea7a0adcc46ed0ad16afe3ad8e630fd13d8a017dcbd54ef3?s=96&d=mm&r=g","caption":"Bilgin \u00d6z\u00e7ift\u00e7i"},"logo":{"@id":"https:\/\/avrupapress.com\/#\/schema\/person\/image\/"},"description":"Ne ben, nede sen... Biz ancak \"biz\" olursak g\u00fc\u00e7l\u00fc olabiliriz"},{"@type":"Person","@id":"https:\/\/avrupapress.com\/#\/schema\/person\/68428444ec60970d1e1b700cf4ca1e8f","name":"Edit\u00f6r","image":{"@type":"ImageObject","inLanguage":"fr-BE","@id":"https:\/\/avrupapress.com\/#\/schema\/person\/image\/","url":"https:\/\/secure.gravatar.com\/avatar\/74996b0977aa5f1559ba9883776652508b229005c0d78fb2597897f0bd651c09?s=96&d=mm&r=g","contentUrl":"https:\/\/secure.gravatar.com\/avatar\/74996b0977aa5f1559ba9883776652508b229005c0d78fb2597897f0bd651c09?s=96&d=mm&r=g","caption":"Edit\u00f6r"},"sameAs":["http:\/\/www.avrupapress.com"],"url":"https:\/\/avrupapress.com\/main\/author\/editor\/"}]}},"_links":{"self":[{"href":"https:\/\/avrupapress.com\/main\/wp-json\/wp\/v2\/posts\/22280","targetHints":{"allow":["GET"]}}],"collection":[{"href":"https:\/\/avrupapress.com\/main\/wp-json\/wp\/v2\/posts"}],"about":[{"href":"https:\/\/avrupapress.com\/main\/wp-json\/wp\/v2\/types\/post"}],"author":[{"embeddable":true,"href":"https:\/\/avrupapress.com\/main\/wp-json\/wp\/v2\/users\/3"}],"replies":[{"embeddable":true,"href":"https:\/\/avrupapress.com\/main\/wp-json\/wp\/v2\/comments?post=22280"}],"version-history":[{"count":1,"href":"https:\/\/avrupapress.com\/main\/wp-json\/wp\/v2\/posts\/22280\/revisions"}],"predecessor-version":[{"id":22284,"href":"https:\/\/avrupapress.com\/main\/wp-json\/wp\/v2\/posts\/22280\/revisions\/22284"}],"wp:featuredmedia":[{"embeddable":true,"href":"https:\/\/avrupapress.com\/main\/wp-json\/wp\/v2\/media\/22281"}],"wp:attachment":[{"href":"https:\/\/avrupapress.com\/main\/wp-json\/wp\/v2\/media?parent=22280"}],"wp:term":[{"taxonomy":"category","embeddable":true,"href":"https:\/\/avrupapress.com\/main\/wp-json\/wp\/v2\/categories?post=22280"},{"taxonomy":"post_tag","embeddable":true,"href":"https:\/\/avrupapress.com\/main\/wp-json\/wp\/v2\/tags?post=22280"}],"curies":[{"name":"wp","href":"https:\/\/api.w.org\/{rel}","templated":true}]}}