{"id":22273,"date":"2023-03-25T22:53:39","date_gmt":"2023-03-25T22:53:39","guid":{"rendered":"https:\/\/avrupapress.com\/main\/?p=22273"},"modified":"2023-03-26T17:52:39","modified_gmt":"2023-03-26T17:52:39","slug":"emirdagli-orkun-kokcu-atti-a-milliler-ermenistani-devirdi","status":"publish","type":"post","link":"https:\/\/avrupapress.com\/main\/2023\/03\/25\/emirdagli-orkun-kokcu-atti-a-milliler-ermenistani-devirdi\/","title":{"rendered":"Emirda\u011fl\u0131 Orkun K\u00f6k\u00e7\u00fc att\u0131 A Milliler Ermenistan&rsquo;\u0131 devirdi"},"content":{"rendered":"<h2 class=\"lead text-center text-lg-start\">A Milli Futbol Tak\u0131m\u0131m\u0131z, 2024 Avrupa \u015eampiyonas\u0131 (EURO 2024) Elemeleri&rsquo;nde ilk ma\u00e7\u0131nda deplasmanda Ermenistan ile kar\u015f\u0131la\u015ft\u0131 Millilerimiz sahadan 2-1&rsquo;lik skorla galip ayr\u0131ld\u0131.<\/h2>\n<p>A Milli Futbol Tak\u0131m\u0131&rsquo;n\u0131n 2024 Avrupa \u015eampiyonas\u0131 yolculu\u011fu Ermenistan ma\u00e7\u0131yla ba\u015flad\u0131. A Milli Futbol Tak\u0131m\u0131m\u0131z Orkun K\u00f6k\u00e7\u00fc ve Kerem Akt\u00fcrko\u011flu&rsquo;nun golleri ile sahadan 2-1 galip ayr\u0131ld\u0131. 10. dakikada topu kendi a\u011flar\u0131na g\u00f6nderen Ozan Kabak \u00fcz\u00fcc\u00fc bir an ya\u015fad\u0131. A Milli Tak\u0131m\u0131m\u0131z 28 Mart&rsquo;ta Bursa&rsquo;da H\u0131rvatistan&rsquo;\u0131 konuk edecek<\/p>\n<p>A Milli Futbol Tak\u0131m\u0131, EURO 2024 Elemeleri D Grubu&rsquo;ndaki ilk ma\u00e7\u0131nda deplasmanda Ermenistan&rsquo;\u0131n konu\u011fu oldu.<\/p>\n<p>Ermenistan&rsquo;da oynanan m\u00fccadeleyi Ay-y\u0131ld\u0131zl\u0131lar 2-1&rsquo;lik skorla kazand\u0131.<\/p>\n<p><strong>ERMEN\u0130STAN \u00d6NE GE\u00c7T\u0130<\/strong><\/p>\n<p>Kar\u015f\u0131la\u015fman\u0131n 10. dakikas\u0131nda Ozan Kabak&rsquo;\u0131n kendi kalesine att\u0131\u011f\u0131 golle Ermenistan \u00f6ne ge\u00e7ti.<\/p>\n<p><strong>2 GOLLE GER\u0130 D\u00d6N\u00dc\u015e<\/strong><\/p>\n<p>Dakikalar 34&rsquo;\u00fc g\u00f6sterdi\u011finde sahneye Orkun K\u00f6k\u00e7\u00fc \u00e7\u0131kt\u0131 ve ceza sahas\u0131 d\u0131\u015f\u0131ndan att\u0131\u011f\u0131 \u015f\u0131k golle skora denge getirdi.<\/p>\n<p>Oyuna ikinci yar\u0131da dahil olan Kerem Akt\u00fcrko\u011flu ise 64. dakikada kaydetti\u011fi golle durumu 2-1 yapt\u0131.<\/p>\n<p>Kalan b\u00f6l\u00fcmde ba\u015fka gol olmad\u0131 ve A Milli Tak\u0131m, elemelere 3 puanla ba\u015flad\u0131.<\/p>\n<p>Grubun ikinci haftas\u0131nda Milliler, H\u0131rvatistan&rsquo;\u0131 a\u011f\u0131rlayacak. Ermenistan ise deplasmanda Galler ile kar\u015f\u0131la\u015facak.<\/p>\n<p><strong>MA\u00c7TAN DAK\u0130KALAR<\/strong><\/p>\n<p>10. dakikada ceza sahas\u0131 i\u00e7i sa\u011f taraftan Hovhannisyan\u2019\u0131n i\u00e7eriye \u00e7evirdi\u011fi topta Ozan Kabak\u2019\u0131n ters vuru\u015funda me\u015fin yuvarlak filelere gitti. 1-0<\/p>\n<p>27. dakikada Hakan \u00c7alhano\u011flu\u2019nun sa\u011f taraftan kulland\u0131\u011f\u0131 k\u00f6\u015fe vuru\u015funda ceza sahas\u0131 i\u00e7inde Merih Demiral\u2019\u0131n kafa vuru\u015funda me\u015fin yuvarlak Beglaryan\u2019da kald\u0131.<\/p>\n<p>35. dakikada sa\u011f taraftan Onur Bulut\u2019un pas\u0131nda topu alan Orkun K\u00f6k\u00e7\u00fc ceza yay\u0131n\u0131n sa\u011f\u0131ndan uzak k\u00f6\u015feye yerden vuru\u015funda me\u015fin yuvarlak a\u011flarla bulu\u015ftu. 1-1<\/p>\n<p>52. dakikada Mert\u2019in degaj\u0131nda orta sahan\u0131n sa\u011f\u0131nda topla bulu\u015fan Kerem Akt\u00fcrko\u011flu ceza sahas\u0131n\u0131n i\u00e7ine kadar topu s\u00fcrerek yapt\u0131\u011f\u0131 vuru\u015fta me\u015fin yuvarlak kaleci Beglaryan&rsquo;da kald\u0131.<\/p>\n<p>57. dakikada ceza yay\u0131 \u00fczerinde topla bulu\u015fan Kerem\u2019in pas\u0131nda Hakan\u2019\u0131n \u015futu \u00fcstten auta att\u0131.<\/p>\n<p>64. dakika Enes\u2019in ara pas\u0131nda ceza saha yay\u0131 i\u00e7inde topla bulu\u015fan Kerem&rsquo;in yerden sert \u015futunda top k\u00f6\u015feden a\u011flara gitti. 1-2<\/p>\n<p><strong>\u0130LK 11&rsquo;LER<\/strong><\/p>\n<p><strong>A Milli Tak\u0131m&rsquo;\u0131n 11&rsquo;i:\u00a0<\/strong>Mert G\u00fcnok, Ozan Kabak, \u00c7a\u011flar, Merih, Onur Bulut, Orkun K\u00f6k\u00e7\u00fc, Hakan \u00c7alhano\u011flu, Ferdi, Cengiz, Enes, Cenk Tosun.<\/p>\n<p><strong>Ermenistan&rsquo;\u0131n ilk 11&rsquo;i:<\/strong>\u00a0Beglaryan, Haroyan, T. Voskanyan, Iwu, Spertsyan, Zelarayan, Barsghyan, Hovhannisyan, Briasco, Arutuiunian, Tiknizyan.<\/p>\n<p>&nbsp;<\/p>\n<p><strong>Bilgin Ozciftcii\u00a0 \u00a0\/\u00a0 \u00a0AVRUPAPRESS<\/strong><\/p>\n<p><a href=\"https:\/\/twitter.com\/elitbahis_\" title=\"elitbahis twitter\">elitbahis twitter<\/a><\/p>\n","protected":false},"excerpt":{"rendered":"<p>A Milli Futbol Tak\u0131m\u0131m\u0131z, 2024 Avrupa \u015eampiyonas\u0131 (EURO 2024) Elemeleri&rsquo;nde ilk ma\u00e7\u0131nda deplasmanda Ermenistan ile kar\u015f\u0131la\u015ft\u0131 Millilerimiz sahadan 2-1&rsquo;lik skorla galip ayr\u0131ld\u0131. A Milli Futbol Tak\u0131m\u0131&rsquo;n\u0131n 2024 Avrupa \u015eampiyonas\u0131 yolculu\u011fu Ermenistan ma\u00e7\u0131yla ba\u015flad\u0131. A Milli Futbol Tak\u0131m\u0131m\u0131z Orkun K\u00f6k\u00e7\u00fc ve Kerem Akt\u00fcrko\u011flu&rsquo;nun golleri ile sahadan 2-1 galip ayr\u0131ld\u0131. 10. dakikada topu kendi a\u011flar\u0131na g\u00f6nderen Ozan [&hellip;]<\/p>\n","protected":false},"author":3,"featured_media":22274,"comment_status":"closed","ping_status":"open","sticky":false,"template":"","format":"standard","meta":{"footnotes":""},"categories":[14,16,3,17,18,15,19,2],"tags":[],"class_list":["post-22273","post","type-post","status-publish","format-standard","has-post-thumbnail","hentry","category-avrupa","category-belcika","category-dunya","category-ekonomi","category-kultur-sanat","category-spor","category-tanitim","category-turkiye"],"yoast_head":"<!-- This site is optimized with the Yoast SEO plugin v26.9 - https:\/\/yoast.com\/product\/yoast-seo-wordpress\/ -->\n<title>Emirda\u011fl\u0131 Orkun K\u00f6k\u00e7\u00fc att\u0131 A Milliler Ermenistan&#039;\u0131 devirdi - AvrupaPress<\/title>\n<meta name=\"robots\" content=\"index, follow, max-snippet:-1, max-image-preview:large, max-video-preview:-1\" \/>\n<link rel=\"canonical\" href=\"https:\/\/avrupapress.com\/main\/2023\/03\/25\/emirdagli-orkun-kokcu-atti-a-milliler-ermenistani-devirdi\/\" \/>\n<meta property=\"og:locale\" content=\"fr_FR\" \/>\n<meta property=\"og:type\" content=\"article\" \/>\n<meta property=\"og:title\" content=\"Emirda\u011fl\u0131 Orkun K\u00f6k\u00e7\u00fc att\u0131 A Milliler Ermenistan&#039;\u0131 devirdi - AvrupaPress\" \/>\n<meta property=\"og:description\" content=\"A Milli Futbol Tak\u0131m\u0131m\u0131z, 2024 Avrupa \u015eampiyonas\u0131 (EURO 2024) Elemeleri&rsquo;nde ilk ma\u00e7\u0131nda deplasmanda Ermenistan ile kar\u015f\u0131la\u015ft\u0131 Millilerimiz sahadan 2-1&rsquo;lik skorla galip ayr\u0131ld\u0131. A Milli Futbol Tak\u0131m\u0131&rsquo;n\u0131n 2024 Avrupa \u015eampiyonas\u0131 yolculu\u011fu Ermenistan ma\u00e7\u0131yla ba\u015flad\u0131. A Milli Futbol Tak\u0131m\u0131m\u0131z Orkun K\u00f6k\u00e7\u00fc ve Kerem Akt\u00fcrko\u011flu&rsquo;nun golleri ile sahadan 2-1 galip ayr\u0131ld\u0131. 10. dakikada topu kendi a\u011flar\u0131na g\u00f6nderen Ozan [&hellip;]\" \/>\n<meta property=\"og:url\" content=\"https:\/\/avrupapress.com\/main\/2023\/03\/25\/emirdagli-orkun-kokcu-atti-a-milliler-ermenistani-devirdi\/\" \/>\n<meta property=\"og:site_name\" content=\"AvrupaPress\" \/>\n<meta property=\"article:published_time\" content=\"2023-03-25T22:53:39+00:00\" \/>\n<meta property=\"article:modified_time\" content=\"2023-03-26T17:52:39+00:00\" \/>\n<meta property=\"og:image\" content=\"https:\/\/avrupapress.com\/main\/wp-content\/uploads\/2023\/03\/orkun.webp\" \/>\n\t<meta property=\"og:image:width\" content=\"1000\" \/>\n\t<meta property=\"og:image:height\" content=\"523\" \/>\n\t<meta property=\"og:image:type\" content=\"image\/webp\" \/>\n<meta name=\"author\" content=\"Edit\u00f6r\" \/>\n<meta name=\"twitter:card\" content=\"summary_large_image\" \/>\n<meta name=\"twitter:label1\" content=\"\u00c9crit par\" \/>\n\t<meta name=\"twitter:data1\" content=\"Edit\u00f6r\" \/>\n\t<meta name=\"twitter:label2\" content=\"Dur\u00e9e de lecture est.\" \/>\n\t<meta name=\"twitter:data2\" content=\"2 minutes\" \/>\n<script type=\"application\/ld+json\" class=\"yoast-schema-graph\">{\"@context\":\"https:\/\/schema.org\",\"@graph\":[{\"@type\":\"Article\",\"@id\":\"https:\/\/avrupapress.com\/main\/2023\/03\/25\/emirdagli-orkun-kokcu-atti-a-milliler-ermenistani-devirdi\/#article\",\"isPartOf\":{\"@id\":\"https:\/\/avrupapress.com\/main\/2023\/03\/25\/emirdagli-orkun-kokcu-atti-a-milliler-ermenistani-devirdi\/\"},\"author\":{\"name\":\"Edit\u00f6r\",\"@id\":\"https:\/\/avrupapress.com\/#\/schema\/person\/68428444ec60970d1e1b700cf4ca1e8f\"},\"headline\":\"Emirda\u011fl\u0131 Orkun K\u00f6k\u00e7\u00fc att\u0131 A Milliler Ermenistan&rsquo;\u0131 devirdi\",\"datePublished\":\"2023-03-25T22:53:39+00:00\",\"dateModified\":\"2023-03-26T17:52:39+00:00\",\"mainEntityOfPage\":{\"@id\":\"https:\/\/avrupapress.com\/main\/2023\/03\/25\/emirdagli-orkun-kokcu-atti-a-milliler-ermenistani-devirdi\/\"},\"wordCount\":453,\"publisher\":{\"@id\":\"https:\/\/avrupapress.com\/#\/schema\/person\/0223dca19c72c43575bf30d1a2d8f4fa\"},\"image\":{\"@id\":\"https:\/\/avrupapress.com\/main\/2023\/03\/25\/emirdagli-orkun-kokcu-atti-a-milliler-ermenistani-devirdi\/#primaryimage\"},\"thumbnailUrl\":\"https:\/\/avrupapress.com\/main\/wp-content\/uploads\/2023\/03\/orkun.webp\",\"articleSection\":[\"Avrupa\",\"Bel\u00e7ika\",\"D\u00fcnya\",\"Ekonomi\",\"K\u00fclt\u00fcr-Sanat\",\"Spor\",\"Tan\u0131t\u0131m\",\"T\u00fcrkiye\"],\"inLanguage\":\"fr-BE\"},{\"@type\":\"WebPage\",\"@id\":\"https:\/\/avrupapress.com\/main\/2023\/03\/25\/emirdagli-orkun-kokcu-atti-a-milliler-ermenistani-devirdi\/\",\"url\":\"https:\/\/avrupapress.com\/main\/2023\/03\/25\/emirdagli-orkun-kokcu-atti-a-milliler-ermenistani-devirdi\/\",\"name\":\"Emirda\u011fl\u0131 Orkun K\u00f6k\u00e7\u00fc att\u0131 A Milliler Ermenistan'\u0131 devirdi - AvrupaPress\",\"isPartOf\":{\"@id\":\"https:\/\/avrupapress.com\/#website\"},\"primaryImageOfPage\":{\"@id\":\"https:\/\/avrupapress.com\/main\/2023\/03\/25\/emirdagli-orkun-kokcu-atti-a-milliler-ermenistani-devirdi\/#primaryimage\"},\"image\":{\"@id\":\"https:\/\/avrupapress.com\/main\/2023\/03\/25\/emirdagli-orkun-kokcu-atti-a-milliler-ermenistani-devirdi\/#primaryimage\"},\"thumbnailUrl\":\"https:\/\/avrupapress.com\/main\/wp-content\/uploads\/2023\/03\/orkun.webp\",\"datePublished\":\"2023-03-25T22:53:39+00:00\",\"dateModified\":\"2023-03-26T17:52:39+00:00\",\"breadcrumb\":{\"@id\":\"https:\/\/avrupapress.com\/main\/2023\/03\/25\/emirdagli-orkun-kokcu-atti-a-milliler-ermenistani-devirdi\/#breadcrumb\"},\"inLanguage\":\"fr-BE\",\"potentialAction\":[{\"@type\":\"ReadAction\",\"target\":[\"https:\/\/avrupapress.com\/main\/2023\/03\/25\/emirdagli-orkun-kokcu-atti-a-milliler-ermenistani-devirdi\/\"]}]},{\"@type\":\"ImageObject\",\"inLanguage\":\"fr-BE\",\"@id\":\"https:\/\/avrupapress.com\/main\/2023\/03\/25\/emirdagli-orkun-kokcu-atti-a-milliler-ermenistani-devirdi\/#primaryimage\",\"url\":\"https:\/\/avrupapress.com\/main\/wp-content\/uploads\/2023\/03\/orkun.webp\",\"contentUrl\":\"https:\/\/avrupapress.com\/main\/wp-content\/uploads\/2023\/03\/orkun.webp\",\"width\":1000,\"height\":523},{\"@type\":\"BreadcrumbList\",\"@id\":\"https:\/\/avrupapress.com\/main\/2023\/03\/25\/emirdagli-orkun-kokcu-atti-a-milliler-ermenistani-devirdi\/#breadcrumb\",\"itemListElement\":[{\"@type\":\"ListItem\",\"position\":1,\"name\":\"Anasayfa\",\"item\":\"https:\/\/avrupapress.com\/\"},{\"@type\":\"ListItem\",\"position\":2,\"name\":\"Emirda\u011fl\u0131 Orkun K\u00f6k\u00e7\u00fc att\u0131 A Milliler Ermenistan&#8217;\u0131 devirdi\"}]},{\"@type\":\"WebSite\",\"@id\":\"https:\/\/avrupapress.com\/#website\",\"url\":\"https:\/\/avrupapress.com\/\",\"name\":\"AvrupaPress\",\"description\":\"Haberin Adresi\",\"publisher\":{\"@id\":\"https:\/\/avrupapress.com\/#\/schema\/person\/0223dca19c72c43575bf30d1a2d8f4fa\"},\"potentialAction\":[{\"@type\":\"SearchAction\",\"target\":{\"@type\":\"EntryPoint\",\"urlTemplate\":\"https:\/\/avrupapress.com\/?s={search_term_string}\"},\"query-input\":{\"@type\":\"PropertyValueSpecification\",\"valueRequired\":true,\"valueName\":\"search_term_string\"}}],\"inLanguage\":\"fr-BE\"},{\"@type\":[\"Person\",\"Organization\"],\"@id\":\"https:\/\/avrupapress.com\/#\/schema\/person\/0223dca19c72c43575bf30d1a2d8f4fa\",\"name\":\"Bilgin \u00d6z\u00e7ift\u00e7i\",\"image\":{\"@type\":\"ImageObject\",\"inLanguage\":\"fr-BE\",\"@id\":\"https:\/\/avrupapress.com\/#\/schema\/person\/image\/\",\"url\":\"https:\/\/secure.gravatar.com\/avatar\/0f23b280433a21e1ea7a0adcc46ed0ad16afe3ad8e630fd13d8a017dcbd54ef3?s=96&d=mm&r=g\",\"contentUrl\":\"https:\/\/secure.gravatar.com\/avatar\/0f23b280433a21e1ea7a0adcc46ed0ad16afe3ad8e630fd13d8a017dcbd54ef3?s=96&d=mm&r=g\",\"caption\":\"Bilgin \u00d6z\u00e7ift\u00e7i\"},\"logo\":{\"@id\":\"https:\/\/avrupapress.com\/#\/schema\/person\/image\/\"},\"description\":\"Ne ben, nede sen... Biz ancak \\\"biz\\\" olursak g\u00fc\u00e7l\u00fc olabiliriz\"},{\"@type\":\"Person\",\"@id\":\"https:\/\/avrupapress.com\/#\/schema\/person\/68428444ec60970d1e1b700cf4ca1e8f\",\"name\":\"Edit\u00f6r\",\"image\":{\"@type\":\"ImageObject\",\"inLanguage\":\"fr-BE\",\"@id\":\"https:\/\/avrupapress.com\/#\/schema\/person\/image\/\",\"url\":\"https:\/\/secure.gravatar.com\/avatar\/74996b0977aa5f1559ba9883776652508b229005c0d78fb2597897f0bd651c09?s=96&d=mm&r=g\",\"contentUrl\":\"https:\/\/secure.gravatar.com\/avatar\/74996b0977aa5f1559ba9883776652508b229005c0d78fb2597897f0bd651c09?s=96&d=mm&r=g\",\"caption\":\"Edit\u00f6r\"},\"sameAs\":[\"http:\/\/www.avrupapress.com\"],\"url\":\"https:\/\/avrupapress.com\/main\/author\/editor\/\"}]}<\/script>\n<!-- \/ Yoast SEO plugin. -->","yoast_head_json":{"title":"Emirda\u011fl\u0131 Orkun K\u00f6k\u00e7\u00fc att\u0131 A Milliler Ermenistan'\u0131 devirdi - AvrupaPress","robots":{"index":"index","follow":"follow","max-snippet":"max-snippet:-1","max-image-preview":"max-image-preview:large","max-video-preview":"max-video-preview:-1"},"canonical":"https:\/\/avrupapress.com\/main\/2023\/03\/25\/emirdagli-orkun-kokcu-atti-a-milliler-ermenistani-devirdi\/","og_locale":"fr_FR","og_type":"article","og_title":"Emirda\u011fl\u0131 Orkun K\u00f6k\u00e7\u00fc att\u0131 A Milliler Ermenistan'\u0131 devirdi - AvrupaPress","og_description":"A Milli Futbol Tak\u0131m\u0131m\u0131z, 2024 Avrupa \u015eampiyonas\u0131 (EURO 2024) Elemeleri&rsquo;nde ilk ma\u00e7\u0131nda deplasmanda Ermenistan ile kar\u015f\u0131la\u015ft\u0131 Millilerimiz sahadan 2-1&rsquo;lik skorla galip ayr\u0131ld\u0131. A Milli Futbol Tak\u0131m\u0131&rsquo;n\u0131n 2024 Avrupa \u015eampiyonas\u0131 yolculu\u011fu Ermenistan ma\u00e7\u0131yla ba\u015flad\u0131. A Milli Futbol Tak\u0131m\u0131m\u0131z Orkun K\u00f6k\u00e7\u00fc ve Kerem Akt\u00fcrko\u011flu&rsquo;nun golleri ile sahadan 2-1 galip ayr\u0131ld\u0131. 10. dakikada topu kendi a\u011flar\u0131na g\u00f6nderen Ozan [&hellip;]","og_url":"https:\/\/avrupapress.com\/main\/2023\/03\/25\/emirdagli-orkun-kokcu-atti-a-milliler-ermenistani-devirdi\/","og_site_name":"AvrupaPress","article_published_time":"2023-03-25T22:53:39+00:00","article_modified_time":"2023-03-26T17:52:39+00:00","og_image":[{"width":1000,"height":523,"url":"https:\/\/avrupapress.com\/main\/wp-content\/uploads\/2023\/03\/orkun.webp","type":"image\/webp"}],"author":"Edit\u00f6r","twitter_card":"summary_large_image","twitter_misc":{"\u00c9crit par":"Edit\u00f6r","Dur\u00e9e de lecture est.":"2 minutes"},"schema":{"@context":"https:\/\/schema.org","@graph":[{"@type":"Article","@id":"https:\/\/avrupapress.com\/main\/2023\/03\/25\/emirdagli-orkun-kokcu-atti-a-milliler-ermenistani-devirdi\/#article","isPartOf":{"@id":"https:\/\/avrupapress.com\/main\/2023\/03\/25\/emirdagli-orkun-kokcu-atti-a-milliler-ermenistani-devirdi\/"},"author":{"name":"Edit\u00f6r","@id":"https:\/\/avrupapress.com\/#\/schema\/person\/68428444ec60970d1e1b700cf4ca1e8f"},"headline":"Emirda\u011fl\u0131 Orkun K\u00f6k\u00e7\u00fc att\u0131 A Milliler Ermenistan&rsquo;\u0131 devirdi","datePublished":"2023-03-25T22:53:39+00:00","dateModified":"2023-03-26T17:52:39+00:00","mainEntityOfPage":{"@id":"https:\/\/avrupapress.com\/main\/2023\/03\/25\/emirdagli-orkun-kokcu-atti-a-milliler-ermenistani-devirdi\/"},"wordCount":453,"publisher":{"@id":"https:\/\/avrupapress.com\/#\/schema\/person\/0223dca19c72c43575bf30d1a2d8f4fa"},"image":{"@id":"https:\/\/avrupapress.com\/main\/2023\/03\/25\/emirdagli-orkun-kokcu-atti-a-milliler-ermenistani-devirdi\/#primaryimage"},"thumbnailUrl":"https:\/\/avrupapress.com\/main\/wp-content\/uploads\/2023\/03\/orkun.webp","articleSection":["Avrupa","Bel\u00e7ika","D\u00fcnya","Ekonomi","K\u00fclt\u00fcr-Sanat","Spor","Tan\u0131t\u0131m","T\u00fcrkiye"],"inLanguage":"fr-BE"},{"@type":"WebPage","@id":"https:\/\/avrupapress.com\/main\/2023\/03\/25\/emirdagli-orkun-kokcu-atti-a-milliler-ermenistani-devirdi\/","url":"https:\/\/avrupapress.com\/main\/2023\/03\/25\/emirdagli-orkun-kokcu-atti-a-milliler-ermenistani-devirdi\/","name":"Emirda\u011fl\u0131 Orkun K\u00f6k\u00e7\u00fc att\u0131 A Milliler Ermenistan'\u0131 devirdi - AvrupaPress","isPartOf":{"@id":"https:\/\/avrupapress.com\/#website"},"primaryImageOfPage":{"@id":"https:\/\/avrupapress.com\/main\/2023\/03\/25\/emirdagli-orkun-kokcu-atti-a-milliler-ermenistani-devirdi\/#primaryimage"},"image":{"@id":"https:\/\/avrupapress.com\/main\/2023\/03\/25\/emirdagli-orkun-kokcu-atti-a-milliler-ermenistani-devirdi\/#primaryimage"},"thumbnailUrl":"https:\/\/avrupapress.com\/main\/wp-content\/uploads\/2023\/03\/orkun.webp","datePublished":"2023-03-25T22:53:39+00:00","dateModified":"2023-03-26T17:52:39+00:00","breadcrumb":{"@id":"https:\/\/avrupapress.com\/main\/2023\/03\/25\/emirdagli-orkun-kokcu-atti-a-milliler-ermenistani-devirdi\/#breadcrumb"},"inLanguage":"fr-BE","potentialAction":[{"@type":"ReadAction","target":["https:\/\/avrupapress.com\/main\/2023\/03\/25\/emirdagli-orkun-kokcu-atti-a-milliler-ermenistani-devirdi\/"]}]},{"@type":"ImageObject","inLanguage":"fr-BE","@id":"https:\/\/avrupapress.com\/main\/2023\/03\/25\/emirdagli-orkun-kokcu-atti-a-milliler-ermenistani-devirdi\/#primaryimage","url":"https:\/\/avrupapress.com\/main\/wp-content\/uploads\/2023\/03\/orkun.webp","contentUrl":"https:\/\/avrupapress.com\/main\/wp-content\/uploads\/2023\/03\/orkun.webp","width":1000,"height":523},{"@type":"BreadcrumbList","@id":"https:\/\/avrupapress.com\/main\/2023\/03\/25\/emirdagli-orkun-kokcu-atti-a-milliler-ermenistani-devirdi\/#breadcrumb","itemListElement":[{"@type":"ListItem","position":1,"name":"Anasayfa","item":"https:\/\/avrupapress.com\/"},{"@type":"ListItem","position":2,"name":"Emirda\u011fl\u0131 Orkun K\u00f6k\u00e7\u00fc att\u0131 A Milliler Ermenistan&#8217;\u0131 devirdi"}]},{"@type":"WebSite","@id":"https:\/\/avrupapress.com\/#website","url":"https:\/\/avrupapress.com\/","name":"AvrupaPress","description":"Haberin Adresi","publisher":{"@id":"https:\/\/avrupapress.com\/#\/schema\/person\/0223dca19c72c43575bf30d1a2d8f4fa"},"potentialAction":[{"@type":"SearchAction","target":{"@type":"EntryPoint","urlTemplate":"https:\/\/avrupapress.com\/?s={search_term_string}"},"query-input":{"@type":"PropertyValueSpecification","valueRequired":true,"valueName":"search_term_string"}}],"inLanguage":"fr-BE"},{"@type":["Person","Organization"],"@id":"https:\/\/avrupapress.com\/#\/schema\/person\/0223dca19c72c43575bf30d1a2d8f4fa","name":"Bilgin \u00d6z\u00e7ift\u00e7i","image":{"@type":"ImageObject","inLanguage":"fr-BE","@id":"https:\/\/avrupapress.com\/#\/schema\/person\/image\/","url":"https:\/\/secure.gravatar.com\/avatar\/0f23b280433a21e1ea7a0adcc46ed0ad16afe3ad8e630fd13d8a017dcbd54ef3?s=96&d=mm&r=g","contentUrl":"https:\/\/secure.gravatar.com\/avatar\/0f23b280433a21e1ea7a0adcc46ed0ad16afe3ad8e630fd13d8a017dcbd54ef3?s=96&d=mm&r=g","caption":"Bilgin \u00d6z\u00e7ift\u00e7i"},"logo":{"@id":"https:\/\/avrupapress.com\/#\/schema\/person\/image\/"},"description":"Ne ben, nede sen... Biz ancak \"biz\" olursak g\u00fc\u00e7l\u00fc olabiliriz"},{"@type":"Person","@id":"https:\/\/avrupapress.com\/#\/schema\/person\/68428444ec60970d1e1b700cf4ca1e8f","name":"Edit\u00f6r","image":{"@type":"ImageObject","inLanguage":"fr-BE","@id":"https:\/\/avrupapress.com\/#\/schema\/person\/image\/","url":"https:\/\/secure.gravatar.com\/avatar\/74996b0977aa5f1559ba9883776652508b229005c0d78fb2597897f0bd651c09?s=96&d=mm&r=g","contentUrl":"https:\/\/secure.gravatar.com\/avatar\/74996b0977aa5f1559ba9883776652508b229005c0d78fb2597897f0bd651c09?s=96&d=mm&r=g","caption":"Edit\u00f6r"},"sameAs":["http:\/\/www.avrupapress.com"],"url":"https:\/\/avrupapress.com\/main\/author\/editor\/"}]}},"_links":{"self":[{"href":"https:\/\/avrupapress.com\/main\/wp-json\/wp\/v2\/posts\/22273","targetHints":{"allow":["GET"]}}],"collection":[{"href":"https:\/\/avrupapress.com\/main\/wp-json\/wp\/v2\/posts"}],"about":[{"href":"https:\/\/avrupapress.com\/main\/wp-json\/wp\/v2\/types\/post"}],"author":[{"embeddable":true,"href":"https:\/\/avrupapress.com\/main\/wp-json\/wp\/v2\/users\/3"}],"replies":[{"embeddable":true,"href":"https:\/\/avrupapress.com\/main\/wp-json\/wp\/v2\/comments?post=22273"}],"version-history":[{"count":2,"href":"https:\/\/avrupapress.com\/main\/wp-json\/wp\/v2\/posts\/22273\/revisions"}],"predecessor-version":[{"id":22278,"href":"https:\/\/avrupapress.com\/main\/wp-json\/wp\/v2\/posts\/22273\/revisions\/22278"}],"wp:featuredmedia":[{"embeddable":true,"href":"https:\/\/avrupapress.com\/main\/wp-json\/wp\/v2\/media\/22274"}],"wp:attachment":[{"href":"https:\/\/avrupapress.com\/main\/wp-json\/wp\/v2\/media?parent=22273"}],"wp:term":[{"taxonomy":"category","embeddable":true,"href":"https:\/\/avrupapress.com\/main\/wp-json\/wp\/v2\/categories?post=22273"},{"taxonomy":"post_tag","embeddable":true,"href":"https:\/\/avrupapress.com\/main\/wp-json\/wp\/v2\/tags?post=22273"}],"curies":[{"name":"wp","href":"https:\/\/api.w.org\/{rel}","templated":true}]}}