{"id":22268,"date":"2023-03-25T22:27:13","date_gmt":"2023-03-25T22:27:13","guid":{"rendered":"https:\/\/avrupapress.com\/main\/?p=22268"},"modified":"2023-03-28T15:41:31","modified_gmt":"2023-03-28T15:41:31","slug":"bu-gece-avrupada-ve-belcika-yaz-saati-uygulamasi-basliyor","status":"publish","type":"post","link":"https:\/\/avrupapress.com\/main\/2023\/03\/25\/bu-gece-avrupada-ve-belcika-yaz-saati-uygulamasi-basliyor\/","title":{"rendered":"Bu Gece Avrupa\u2019da ve Bel\u00e7ika yaz saati uygulamas\u0131 ba\u015fl\u0131yor"},"content":{"rendered":"<p>25 Mart 2023 Cumartesi\u2019ni 26 Mart 2023 Pazar g\u00fcn\u00fcne ba\u011flayan gece, Bel\u00e7ika ve Avrupa\u2019da saatler 02:00\u2019 den itibaren bir saat ileri al\u0131nacak ve yaz saati uygulamas\u0131 ba\u015flayacak.<\/p>\n<p>Bir \u00e7ok d\u00fcnya \u00fclkesiyle birlikte Avrupa ve Bel\u00e7ika\u2019da yaz saati uygulamas\u0131 ba\u015fl\u0131yor. Yaz saati uygulamas\u0131, saatlerin bir saat ileri al\u0131nd\u0131\u011f\u0131 bir d\u00f6nemin g\u00f6stergesidir.<\/p>\n<p>Yaz saati uygulamas\u0131yla Bel\u00e7ika, Almanya, Hollanda, Fransa, \u0130sve\u00e7, \u0130svi\u00e7re, \u0130talya ve Danimarka gibi Avrupa \u00fclkeleriyle T\u00fcrkiye aras\u0131ndaki saat fark\u0131 1\u2019e, \u0130ngiltere ile 2\u2019ye inecek.<\/p>\n<p>Yaz saati uygulamas\u0131 29 Ekim 2023 Pazar g\u00fcn\u00fc sona erecek<\/p>\n<p><strong>Yaz Saati Uygulamas\u0131 Nedir?<\/strong><\/p>\n<div style=\"overflow: auto; position: absolute; height: 0pt; width: 0pt;\">\n<a href=\"https:\/\/antalyahaber.tv\/\" title=\"antalya haber\">antalya haber<\/a><br \/>\n<a href=\"https:\/\/www.boxbilisim.com\/\" title=\"box bili\u015fim\">box bili\u015fim<\/a><br \/>\n<a href=\"https:\/\/antalyahaber.tv\/\" title=\"haber antalya\">haber antalya<\/a><br \/>\n<a href=\"https:\/\/www.boxbilisim.com\/\" title=\"antalya webtasar\u0131m\">antalya webtasar\u0131m<\/a><br \/>\n<a href=\"https:\/\/www.boxbilisim.com\/\" title=\"antalya tasar\u0131m\">antalya tasar\u0131m<\/a><br \/>\n<a href=\"https:\/\/www.boxbilisim.com\/\" title=\"seo\">seo<\/a><br \/>\n<a href=\"https:\/\/antalyahaber.tv\/\" title=\"antalya haberler\">antalya haberler<\/a>\n<\/div>\n<p>Yaz saati uygulamas\u0131 d\u00fcnyan\u0131n bir \u00e7ok \u00fclkesinde uygulanmakta olan bir de\u011fi\u015fikliktir. Yaz mevsiminde g\u00fcne\u015f \u00e7ok erken do\u011far. Sonu\u00e7 olarak, sabahlar\u0131 daha uzun s\u00fcre karanl\u0131k ve ak\u015famlar\u0131 daha uzun s\u00fcre ayd\u0131nl\u0131k olur. D\u00fcnyada 70 kadar \u00fclke yaz saati ve k\u0131\u015f saati uyguluyor. Bu de\u011fi\u015fikli\u011fin as\u0131l amac\u0131, g\u00fcne\u015f \u0131\u015f\u0131\u011f\u0131ndan daha fazla yararlanmak ve enerji tasarrufu konusunda kazan\u0131m elde edebilmektir.<\/p>\n<p>Avrupa Parlamentosu genel kurulu 2021 y\u0131l\u0131ndan itibaren saatlerin yaz ve k\u0131\u015fa g\u00f6re ayarlanmas\u0131n\u0131n durdurulmas\u0131na ili\u015fkin tavsiye karar\u0131 alm\u0131\u015ft\u0131. AB \u00fclkelerinin kabul etmesi durumunda Avrupa\u2019da yaz-k\u0131\u015f saati uygulamas\u0131na son verilecek. Siyaset\u00e7iler, yaz saatinin devam edip etmeyece\u011fi konusunda net bir karar veremiyor gibi g\u00f6r\u00fcn\u00fcyor.<\/p>\n<p>Ak\u0131ll\u0131 cep telefonlar\u0131, bilgisayarlar gibi elektronik ak\u0131ll\u0131 cihazlar otomatik olarak saatleri ileri alacak.<\/p>\n","protected":false},"excerpt":{"rendered":"<p>25 Mart 2023 Cumartesi\u2019ni 26 Mart 2023 Pazar g\u00fcn\u00fcne ba\u011flayan gece, Bel\u00e7ika ve Avrupa\u2019da saatler 02:00\u2019 den itibaren bir saat ileri al\u0131nacak ve yaz saati uygulamas\u0131 ba\u015flayacak. Bir \u00e7ok d\u00fcnya \u00fclkesiyle birlikte Avrupa ve Bel\u00e7ika\u2019da yaz saati uygulamas\u0131 ba\u015fl\u0131yor. Yaz saati uygulamas\u0131, saatlerin bir saat ileri al\u0131nd\u0131\u011f\u0131 bir d\u00f6nemin g\u00f6stergesidir. Yaz saati uygulamas\u0131yla Bel\u00e7ika, Almanya, [&hellip;]<\/p>\n","protected":false},"author":3,"featured_media":22272,"comment_status":"closed","ping_status":"open","sticky":false,"template":"","format":"standard","meta":{"footnotes":""},"categories":[14,16,3,17,18,15,19,2,1],"tags":[],"class_list":["post-22268","post","type-post","status-publish","format-standard","has-post-thumbnail","hentry","category-avrupa","category-belcika","category-dunya","category-ekonomi","category-kultur-sanat","category-spor","category-tanitim","category-turkiye","category-uncategorized"],"yoast_head":"<!-- This site is optimized with the Yoast SEO plugin v26.9 - https:\/\/yoast.com\/product\/yoast-seo-wordpress\/ -->\n<title>Bu Gece Avrupa\u2019da ve Bel\u00e7ika yaz saati uygulamas\u0131 ba\u015fl\u0131yor - AvrupaPress<\/title>\n<meta name=\"robots\" content=\"index, follow, max-snippet:-1, max-image-preview:large, max-video-preview:-1\" \/>\n<link rel=\"canonical\" href=\"https:\/\/avrupapress.com\/main\/2023\/03\/25\/bu-gece-avrupada-ve-belcika-yaz-saati-uygulamasi-basliyor\/\" \/>\n<meta property=\"og:locale\" content=\"fr_FR\" \/>\n<meta property=\"og:type\" content=\"article\" \/>\n<meta property=\"og:title\" content=\"Bu Gece Avrupa\u2019da ve Bel\u00e7ika yaz saati uygulamas\u0131 ba\u015fl\u0131yor - AvrupaPress\" \/>\n<meta property=\"og:description\" content=\"25 Mart 2023 Cumartesi\u2019ni 26 Mart 2023 Pazar g\u00fcn\u00fcne ba\u011flayan gece, Bel\u00e7ika ve Avrupa\u2019da saatler 02:00\u2019 den itibaren bir saat ileri al\u0131nacak ve yaz saati uygulamas\u0131 ba\u015flayacak. Bir \u00e7ok d\u00fcnya \u00fclkesiyle birlikte Avrupa ve Bel\u00e7ika\u2019da yaz saati uygulamas\u0131 ba\u015fl\u0131yor. Yaz saati uygulamas\u0131, saatlerin bir saat ileri al\u0131nd\u0131\u011f\u0131 bir d\u00f6nemin g\u00f6stergesidir. Yaz saati uygulamas\u0131yla Bel\u00e7ika, Almanya, [&hellip;]\" \/>\n<meta property=\"og:url\" content=\"https:\/\/avrupapress.com\/main\/2023\/03\/25\/bu-gece-avrupada-ve-belcika-yaz-saati-uygulamasi-basliyor\/\" \/>\n<meta property=\"og:site_name\" content=\"AvrupaPress\" \/>\n<meta property=\"article:published_time\" content=\"2023-03-25T22:27:13+00:00\" \/>\n<meta property=\"article:modified_time\" content=\"2023-03-28T15:41:31+00:00\" \/>\n<meta property=\"og:image\" content=\"https:\/\/avrupapress.com\/main\/wp-content\/uploads\/2023\/03\/https___www.turkinfo.nl_images_haberler_2023_03_hollanda-da-saatler-ne-zaman-ileri-alinacak-2023-e1679783488327.jpg\" \/>\n\t<meta property=\"og:image:width\" content=\"650\" \/>\n\t<meta property=\"og:image:height\" content=\"321\" \/>\n\t<meta property=\"og:image:type\" content=\"image\/jpeg\" \/>\n<meta name=\"author\" content=\"Edit\u00f6r\" \/>\n<meta name=\"twitter:card\" content=\"summary_large_image\" \/>\n<meta name=\"twitter:label1\" content=\"\u00c9crit par\" \/>\n\t<meta name=\"twitter:data1\" content=\"Edit\u00f6r\" \/>\n\t<meta name=\"twitter:label2\" content=\"Dur\u00e9e de lecture est.\" \/>\n\t<meta name=\"twitter:data2\" content=\"2 minutes\" \/>\n<script type=\"application\/ld+json\" class=\"yoast-schema-graph\">{\"@context\":\"https:\/\/schema.org\",\"@graph\":[{\"@type\":\"Article\",\"@id\":\"https:\/\/avrupapress.com\/main\/2023\/03\/25\/bu-gece-avrupada-ve-belcika-yaz-saati-uygulamasi-basliyor\/#article\",\"isPartOf\":{\"@id\":\"https:\/\/avrupapress.com\/main\/2023\/03\/25\/bu-gece-avrupada-ve-belcika-yaz-saati-uygulamasi-basliyor\/\"},\"author\":{\"name\":\"Edit\u00f6r\",\"@id\":\"https:\/\/avrupapress.com\/#\/schema\/person\/68428444ec60970d1e1b700cf4ca1e8f\"},\"headline\":\"Bu Gece Avrupa\u2019da ve Bel\u00e7ika yaz saati uygulamas\u0131 ba\u015fl\u0131yor\",\"datePublished\":\"2023-03-25T22:27:13+00:00\",\"dateModified\":\"2023-03-28T15:41:31+00:00\",\"mainEntityOfPage\":{\"@id\":\"https:\/\/avrupapress.com\/main\/2023\/03\/25\/bu-gece-avrupada-ve-belcika-yaz-saati-uygulamasi-basliyor\/\"},\"wordCount\":279,\"publisher\":{\"@id\":\"https:\/\/avrupapress.com\/#\/schema\/person\/0223dca19c72c43575bf30d1a2d8f4fa\"},\"image\":{\"@id\":\"https:\/\/avrupapress.com\/main\/2023\/03\/25\/bu-gece-avrupada-ve-belcika-yaz-saati-uygulamasi-basliyor\/#primaryimage\"},\"thumbnailUrl\":\"https:\/\/avrupapress.com\/main\/wp-content\/uploads\/2023\/03\/https___www.turkinfo.nl_images_haberler_2023_03_hollanda-da-saatler-ne-zaman-ileri-alinacak-2023-e1679783488327.jpg\",\"articleSection\":[\"Avrupa\",\"Bel\u00e7ika\",\"D\u00fcnya\",\"Ekonomi\",\"K\u00fclt\u00fcr-Sanat\",\"Spor\",\"Tan\u0131t\u0131m\",\"T\u00fcrkiye\",\"Uncategorized\"],\"inLanguage\":\"fr-BE\"},{\"@type\":\"WebPage\",\"@id\":\"https:\/\/avrupapress.com\/main\/2023\/03\/25\/bu-gece-avrupada-ve-belcika-yaz-saati-uygulamasi-basliyor\/\",\"url\":\"https:\/\/avrupapress.com\/main\/2023\/03\/25\/bu-gece-avrupada-ve-belcika-yaz-saati-uygulamasi-basliyor\/\",\"name\":\"Bu Gece Avrupa\u2019da ve Bel\u00e7ika yaz saati uygulamas\u0131 ba\u015fl\u0131yor - AvrupaPress\",\"isPartOf\":{\"@id\":\"https:\/\/avrupapress.com\/#website\"},\"primaryImageOfPage\":{\"@id\":\"https:\/\/avrupapress.com\/main\/2023\/03\/25\/bu-gece-avrupada-ve-belcika-yaz-saati-uygulamasi-basliyor\/#primaryimage\"},\"image\":{\"@id\":\"https:\/\/avrupapress.com\/main\/2023\/03\/25\/bu-gece-avrupada-ve-belcika-yaz-saati-uygulamasi-basliyor\/#primaryimage\"},\"thumbnailUrl\":\"https:\/\/avrupapress.com\/main\/wp-content\/uploads\/2023\/03\/https___www.turkinfo.nl_images_haberler_2023_03_hollanda-da-saatler-ne-zaman-ileri-alinacak-2023-e1679783488327.jpg\",\"datePublished\":\"2023-03-25T22:27:13+00:00\",\"dateModified\":\"2023-03-28T15:41:31+00:00\",\"breadcrumb\":{\"@id\":\"https:\/\/avrupapress.com\/main\/2023\/03\/25\/bu-gece-avrupada-ve-belcika-yaz-saati-uygulamasi-basliyor\/#breadcrumb\"},\"inLanguage\":\"fr-BE\",\"potentialAction\":[{\"@type\":\"ReadAction\",\"target\":[\"https:\/\/avrupapress.com\/main\/2023\/03\/25\/bu-gece-avrupada-ve-belcika-yaz-saati-uygulamasi-basliyor\/\"]}]},{\"@type\":\"ImageObject\",\"inLanguage\":\"fr-BE\",\"@id\":\"https:\/\/avrupapress.com\/main\/2023\/03\/25\/bu-gece-avrupada-ve-belcika-yaz-saati-uygulamasi-basliyor\/#primaryimage\",\"url\":\"https:\/\/avrupapress.com\/main\/wp-content\/uploads\/2023\/03\/https___www.turkinfo.nl_images_haberler_2023_03_hollanda-da-saatler-ne-zaman-ileri-alinacak-2023-e1679783488327.jpg\",\"contentUrl\":\"https:\/\/avrupapress.com\/main\/wp-content\/uploads\/2023\/03\/https___www.turkinfo.nl_images_haberler_2023_03_hollanda-da-saatler-ne-zaman-ileri-alinacak-2023-e1679783488327.jpg\",\"width\":650,\"height\":321},{\"@type\":\"BreadcrumbList\",\"@id\":\"https:\/\/avrupapress.com\/main\/2023\/03\/25\/bu-gece-avrupada-ve-belcika-yaz-saati-uygulamasi-basliyor\/#breadcrumb\",\"itemListElement\":[{\"@type\":\"ListItem\",\"position\":1,\"name\":\"Anasayfa\",\"item\":\"https:\/\/avrupapress.com\/\"},{\"@type\":\"ListItem\",\"position\":2,\"name\":\"Bu Gece Avrupa\u2019da ve Bel\u00e7ika yaz saati uygulamas\u0131 ba\u015fl\u0131yor\"}]},{\"@type\":\"WebSite\",\"@id\":\"https:\/\/avrupapress.com\/#website\",\"url\":\"https:\/\/avrupapress.com\/\",\"name\":\"AvrupaPress\",\"description\":\"Haberin Adresi\",\"publisher\":{\"@id\":\"https:\/\/avrupapress.com\/#\/schema\/person\/0223dca19c72c43575bf30d1a2d8f4fa\"},\"potentialAction\":[{\"@type\":\"SearchAction\",\"target\":{\"@type\":\"EntryPoint\",\"urlTemplate\":\"https:\/\/avrupapress.com\/?s={search_term_string}\"},\"query-input\":{\"@type\":\"PropertyValueSpecification\",\"valueRequired\":true,\"valueName\":\"search_term_string\"}}],\"inLanguage\":\"fr-BE\"},{\"@type\":[\"Person\",\"Organization\"],\"@id\":\"https:\/\/avrupapress.com\/#\/schema\/person\/0223dca19c72c43575bf30d1a2d8f4fa\",\"name\":\"Bilgin \u00d6z\u00e7ift\u00e7i\",\"image\":{\"@type\":\"ImageObject\",\"inLanguage\":\"fr-BE\",\"@id\":\"https:\/\/avrupapress.com\/#\/schema\/person\/image\/\",\"url\":\"https:\/\/secure.gravatar.com\/avatar\/0f23b280433a21e1ea7a0adcc46ed0ad16afe3ad8e630fd13d8a017dcbd54ef3?s=96&d=mm&r=g\",\"contentUrl\":\"https:\/\/secure.gravatar.com\/avatar\/0f23b280433a21e1ea7a0adcc46ed0ad16afe3ad8e630fd13d8a017dcbd54ef3?s=96&d=mm&r=g\",\"caption\":\"Bilgin \u00d6z\u00e7ift\u00e7i\"},\"logo\":{\"@id\":\"https:\/\/avrupapress.com\/#\/schema\/person\/image\/\"},\"description\":\"Ne ben, nede sen... Biz ancak \\\"biz\\\" olursak g\u00fc\u00e7l\u00fc olabiliriz\"},{\"@type\":\"Person\",\"@id\":\"https:\/\/avrupapress.com\/#\/schema\/person\/68428444ec60970d1e1b700cf4ca1e8f\",\"name\":\"Edit\u00f6r\",\"image\":{\"@type\":\"ImageObject\",\"inLanguage\":\"fr-BE\",\"@id\":\"https:\/\/avrupapress.com\/#\/schema\/person\/image\/\",\"url\":\"https:\/\/secure.gravatar.com\/avatar\/74996b0977aa5f1559ba9883776652508b229005c0d78fb2597897f0bd651c09?s=96&d=mm&r=g\",\"contentUrl\":\"https:\/\/secure.gravatar.com\/avatar\/74996b0977aa5f1559ba9883776652508b229005c0d78fb2597897f0bd651c09?s=96&d=mm&r=g\",\"caption\":\"Edit\u00f6r\"},\"sameAs\":[\"http:\/\/www.avrupapress.com\"],\"url\":\"https:\/\/avrupapress.com\/main\/author\/editor\/\"}]}<\/script>\n<!-- \/ Yoast SEO plugin. -->","yoast_head_json":{"title":"Bu Gece Avrupa\u2019da ve Bel\u00e7ika yaz saati uygulamas\u0131 ba\u015fl\u0131yor - AvrupaPress","robots":{"index":"index","follow":"follow","max-snippet":"max-snippet:-1","max-image-preview":"max-image-preview:large","max-video-preview":"max-video-preview:-1"},"canonical":"https:\/\/avrupapress.com\/main\/2023\/03\/25\/bu-gece-avrupada-ve-belcika-yaz-saati-uygulamasi-basliyor\/","og_locale":"fr_FR","og_type":"article","og_title":"Bu Gece Avrupa\u2019da ve Bel\u00e7ika yaz saati uygulamas\u0131 ba\u015fl\u0131yor - AvrupaPress","og_description":"25 Mart 2023 Cumartesi\u2019ni 26 Mart 2023 Pazar g\u00fcn\u00fcne ba\u011flayan gece, Bel\u00e7ika ve Avrupa\u2019da saatler 02:00\u2019 den itibaren bir saat ileri al\u0131nacak ve yaz saati uygulamas\u0131 ba\u015flayacak. Bir \u00e7ok d\u00fcnya \u00fclkesiyle birlikte Avrupa ve Bel\u00e7ika\u2019da yaz saati uygulamas\u0131 ba\u015fl\u0131yor. Yaz saati uygulamas\u0131, saatlerin bir saat ileri al\u0131nd\u0131\u011f\u0131 bir d\u00f6nemin g\u00f6stergesidir. Yaz saati uygulamas\u0131yla Bel\u00e7ika, Almanya, [&hellip;]","og_url":"https:\/\/avrupapress.com\/main\/2023\/03\/25\/bu-gece-avrupada-ve-belcika-yaz-saati-uygulamasi-basliyor\/","og_site_name":"AvrupaPress","article_published_time":"2023-03-25T22:27:13+00:00","article_modified_time":"2023-03-28T15:41:31+00:00","og_image":[{"width":650,"height":321,"url":"https:\/\/avrupapress.com\/main\/wp-content\/uploads\/2023\/03\/https___www.turkinfo.nl_images_haberler_2023_03_hollanda-da-saatler-ne-zaman-ileri-alinacak-2023-e1679783488327.jpg","type":"image\/jpeg"}],"author":"Edit\u00f6r","twitter_card":"summary_large_image","twitter_misc":{"\u00c9crit par":"Edit\u00f6r","Dur\u00e9e de lecture est.":"2 minutes"},"schema":{"@context":"https:\/\/schema.org","@graph":[{"@type":"Article","@id":"https:\/\/avrupapress.com\/main\/2023\/03\/25\/bu-gece-avrupada-ve-belcika-yaz-saati-uygulamasi-basliyor\/#article","isPartOf":{"@id":"https:\/\/avrupapress.com\/main\/2023\/03\/25\/bu-gece-avrupada-ve-belcika-yaz-saati-uygulamasi-basliyor\/"},"author":{"name":"Edit\u00f6r","@id":"https:\/\/avrupapress.com\/#\/schema\/person\/68428444ec60970d1e1b700cf4ca1e8f"},"headline":"Bu Gece Avrupa\u2019da ve Bel\u00e7ika yaz saati uygulamas\u0131 ba\u015fl\u0131yor","datePublished":"2023-03-25T22:27:13+00:00","dateModified":"2023-03-28T15:41:31+00:00","mainEntityOfPage":{"@id":"https:\/\/avrupapress.com\/main\/2023\/03\/25\/bu-gece-avrupada-ve-belcika-yaz-saati-uygulamasi-basliyor\/"},"wordCount":279,"publisher":{"@id":"https:\/\/avrupapress.com\/#\/schema\/person\/0223dca19c72c43575bf30d1a2d8f4fa"},"image":{"@id":"https:\/\/avrupapress.com\/main\/2023\/03\/25\/bu-gece-avrupada-ve-belcika-yaz-saati-uygulamasi-basliyor\/#primaryimage"},"thumbnailUrl":"https:\/\/avrupapress.com\/main\/wp-content\/uploads\/2023\/03\/https___www.turkinfo.nl_images_haberler_2023_03_hollanda-da-saatler-ne-zaman-ileri-alinacak-2023-e1679783488327.jpg","articleSection":["Avrupa","Bel\u00e7ika","D\u00fcnya","Ekonomi","K\u00fclt\u00fcr-Sanat","Spor","Tan\u0131t\u0131m","T\u00fcrkiye","Uncategorized"],"inLanguage":"fr-BE"},{"@type":"WebPage","@id":"https:\/\/avrupapress.com\/main\/2023\/03\/25\/bu-gece-avrupada-ve-belcika-yaz-saati-uygulamasi-basliyor\/","url":"https:\/\/avrupapress.com\/main\/2023\/03\/25\/bu-gece-avrupada-ve-belcika-yaz-saati-uygulamasi-basliyor\/","name":"Bu Gece Avrupa\u2019da ve Bel\u00e7ika yaz saati uygulamas\u0131 ba\u015fl\u0131yor - AvrupaPress","isPartOf":{"@id":"https:\/\/avrupapress.com\/#website"},"primaryImageOfPage":{"@id":"https:\/\/avrupapress.com\/main\/2023\/03\/25\/bu-gece-avrupada-ve-belcika-yaz-saati-uygulamasi-basliyor\/#primaryimage"},"image":{"@id":"https:\/\/avrupapress.com\/main\/2023\/03\/25\/bu-gece-avrupada-ve-belcika-yaz-saati-uygulamasi-basliyor\/#primaryimage"},"thumbnailUrl":"https:\/\/avrupapress.com\/main\/wp-content\/uploads\/2023\/03\/https___www.turkinfo.nl_images_haberler_2023_03_hollanda-da-saatler-ne-zaman-ileri-alinacak-2023-e1679783488327.jpg","datePublished":"2023-03-25T22:27:13+00:00","dateModified":"2023-03-28T15:41:31+00:00","breadcrumb":{"@id":"https:\/\/avrupapress.com\/main\/2023\/03\/25\/bu-gece-avrupada-ve-belcika-yaz-saati-uygulamasi-basliyor\/#breadcrumb"},"inLanguage":"fr-BE","potentialAction":[{"@type":"ReadAction","target":["https:\/\/avrupapress.com\/main\/2023\/03\/25\/bu-gece-avrupada-ve-belcika-yaz-saati-uygulamasi-basliyor\/"]}]},{"@type":"ImageObject","inLanguage":"fr-BE","@id":"https:\/\/avrupapress.com\/main\/2023\/03\/25\/bu-gece-avrupada-ve-belcika-yaz-saati-uygulamasi-basliyor\/#primaryimage","url":"https:\/\/avrupapress.com\/main\/wp-content\/uploads\/2023\/03\/https___www.turkinfo.nl_images_haberler_2023_03_hollanda-da-saatler-ne-zaman-ileri-alinacak-2023-e1679783488327.jpg","contentUrl":"https:\/\/avrupapress.com\/main\/wp-content\/uploads\/2023\/03\/https___www.turkinfo.nl_images_haberler_2023_03_hollanda-da-saatler-ne-zaman-ileri-alinacak-2023-e1679783488327.jpg","width":650,"height":321},{"@type":"BreadcrumbList","@id":"https:\/\/avrupapress.com\/main\/2023\/03\/25\/bu-gece-avrupada-ve-belcika-yaz-saati-uygulamasi-basliyor\/#breadcrumb","itemListElement":[{"@type":"ListItem","position":1,"name":"Anasayfa","item":"https:\/\/avrupapress.com\/"},{"@type":"ListItem","position":2,"name":"Bu Gece Avrupa\u2019da ve Bel\u00e7ika yaz saati uygulamas\u0131 ba\u015fl\u0131yor"}]},{"@type":"WebSite","@id":"https:\/\/avrupapress.com\/#website","url":"https:\/\/avrupapress.com\/","name":"AvrupaPress","description":"Haberin Adresi","publisher":{"@id":"https:\/\/avrupapress.com\/#\/schema\/person\/0223dca19c72c43575bf30d1a2d8f4fa"},"potentialAction":[{"@type":"SearchAction","target":{"@type":"EntryPoint","urlTemplate":"https:\/\/avrupapress.com\/?s={search_term_string}"},"query-input":{"@type":"PropertyValueSpecification","valueRequired":true,"valueName":"search_term_string"}}],"inLanguage":"fr-BE"},{"@type":["Person","Organization"],"@id":"https:\/\/avrupapress.com\/#\/schema\/person\/0223dca19c72c43575bf30d1a2d8f4fa","name":"Bilgin \u00d6z\u00e7ift\u00e7i","image":{"@type":"ImageObject","inLanguage":"fr-BE","@id":"https:\/\/avrupapress.com\/#\/schema\/person\/image\/","url":"https:\/\/secure.gravatar.com\/avatar\/0f23b280433a21e1ea7a0adcc46ed0ad16afe3ad8e630fd13d8a017dcbd54ef3?s=96&d=mm&r=g","contentUrl":"https:\/\/secure.gravatar.com\/avatar\/0f23b280433a21e1ea7a0adcc46ed0ad16afe3ad8e630fd13d8a017dcbd54ef3?s=96&d=mm&r=g","caption":"Bilgin \u00d6z\u00e7ift\u00e7i"},"logo":{"@id":"https:\/\/avrupapress.com\/#\/schema\/person\/image\/"},"description":"Ne ben, nede sen... Biz ancak \"biz\" olursak g\u00fc\u00e7l\u00fc olabiliriz"},{"@type":"Person","@id":"https:\/\/avrupapress.com\/#\/schema\/person\/68428444ec60970d1e1b700cf4ca1e8f","name":"Edit\u00f6r","image":{"@type":"ImageObject","inLanguage":"fr-BE","@id":"https:\/\/avrupapress.com\/#\/schema\/person\/image\/","url":"https:\/\/secure.gravatar.com\/avatar\/74996b0977aa5f1559ba9883776652508b229005c0d78fb2597897f0bd651c09?s=96&d=mm&r=g","contentUrl":"https:\/\/secure.gravatar.com\/avatar\/74996b0977aa5f1559ba9883776652508b229005c0d78fb2597897f0bd651c09?s=96&d=mm&r=g","caption":"Edit\u00f6r"},"sameAs":["http:\/\/www.avrupapress.com"],"url":"https:\/\/avrupapress.com\/main\/author\/editor\/"}]}},"_links":{"self":[{"href":"https:\/\/avrupapress.com\/main\/wp-json\/wp\/v2\/posts\/22268","targetHints":{"allow":["GET"]}}],"collection":[{"href":"https:\/\/avrupapress.com\/main\/wp-json\/wp\/v2\/posts"}],"about":[{"href":"https:\/\/avrupapress.com\/main\/wp-json\/wp\/v2\/types\/post"}],"author":[{"embeddable":true,"href":"https:\/\/avrupapress.com\/main\/wp-json\/wp\/v2\/users\/3"}],"replies":[{"embeddable":true,"href":"https:\/\/avrupapress.com\/main\/wp-json\/wp\/v2\/comments?post=22268"}],"version-history":[{"count":2,"href":"https:\/\/avrupapress.com\/main\/wp-json\/wp\/v2\/posts\/22268\/revisions"}],"predecessor-version":[{"id":22299,"href":"https:\/\/avrupapress.com\/main\/wp-json\/wp\/v2\/posts\/22268\/revisions\/22299"}],"wp:featuredmedia":[{"embeddable":true,"href":"https:\/\/avrupapress.com\/main\/wp-json\/wp\/v2\/media\/22272"}],"wp:attachment":[{"href":"https:\/\/avrupapress.com\/main\/wp-json\/wp\/v2\/media?parent=22268"}],"wp:term":[{"taxonomy":"category","embeddable":true,"href":"https:\/\/avrupapress.com\/main\/wp-json\/wp\/v2\/categories?post=22268"},{"taxonomy":"post_tag","embeddable":true,"href":"https:\/\/avrupapress.com\/main\/wp-json\/wp\/v2\/tags?post=22268"}],"curies":[{"name":"wp","href":"https:\/\/api.w.org\/{rel}","templated":true}]}}