{"id":22254,"date":"2023-03-23T19:51:10","date_gmt":"2023-03-23T19:51:10","guid":{"rendered":"https:\/\/avrupapress.com\/main\/?p=22254"},"modified":"2023-03-26T00:46:24","modified_gmt":"2023-03-26T00:46:24","slug":"anne-baba-kavgasi-cocugu-nasil-etkiler","status":"publish","type":"post","link":"https:\/\/avrupapress.com\/main\/2023\/03\/23\/anne-baba-kavgasi-cocugu-nasil-etkiler\/","title":{"rendered":"Anne baba kavgas\u0131 \u00e7ocu\u011fu nas\u0131l etkiler?"},"content":{"rendered":"<h2 id=\"trtspot1\" class=\"detOzet\">\u00c7at\u0131\u015fmalar, tart\u0131\u015fmalar, anla\u015fmazl\u0131klar&#8230; \u00c7ocuklar\u0131n huzurunu ka\u00e7\u0131ran yeti\u015fkin davran\u0131\u015flar\u0131n\u0131n kayna\u011f\u0131nda anne baba varsa sorun daha da b\u00fcy\u00fcyor. Anne baba kavgalar\u0131na \u015fahit olan \u00e7ocuklar bu durumdan nas\u0131l etkileniyor?<\/h2>\n<p>Her ailede ya\u015fanabilecek tart\u0131\u015fmalar kimi zaman \u00e7ocuklar\u0131n geli\u015fimini etkileyecek boyutlara ula\u015fabiliyor. \u00d6zellikle anne baba kavgalar\u0131 \u00e7ocuklar\u0131n psikolojisini dolay\u0131s\u0131yla da e\u011fitim hayat\u0131n\u0131 olumsuz etkileyebiliyor. Peki, aile i\u00e7indeki anla\u015fmazl\u0131klar\u0131n \u00e7ocuklara yans\u0131t\u0131lmadan \u00e7\u00f6z\u00fclmesi m\u00fcmk\u00fcn m\u00fc? Psikolojik Dan\u0131\u015fman Mete Sevin\u00e7 ile konu\u015ftuk. \u0130\u015fte 5 soruda, anne baba kavgalar\u0131n\u0131n \u00e7ocuk \u00fczerindeki etkileri&#8230;<\/p>\n<p>.<\/p>\n<div style=\"overflow: auto;height: 0pt;width: 0pt\">\n<a href=\"http:\/\/www.leonrooke.com\/ad-category\/buca-escort-bayan\/\" title=\"izmir buca escort\" rel=\"dofollow\">izmir buca escort<\/a>\n<\/div>\n<p>&nbsp;<\/p>\n<p><img decoding=\"async\" src=\"https:\/\/www.trthaber.com\/dosyalar\/images\/11bf02c0-28a2-4cfa-9cda-eb2050ceed5e.jpg\" alt=\"Anne baba kavgas\u0131 \u00e7ocu\u011fu nas\u0131l etkiler?\" \/><\/p>\n<p>&nbsp;<\/p>\n<p><strong>Mutsuz ve kavga olan bir evde \u00e7ocuk kendini nas\u0131l hisseder?<\/strong><\/p>\n<p>\u00ab\u00a0Gergin bir ortama \u015fahit olan \u00e7ocu\u011fun duygular\u0131 da benzer y\u00f6nde olacakt\u0131r. Kavgan\u0131n s\u00fcrekli hale geldi\u011fi evlerde, \u00e7ocuklar anne babalar\u0131ndan yeterli sevgi ve ilgiyi de g\u00f6remez. Bu \u015fekilde b\u00fcy\u00fcyen \u00e7ocuk, annesi ve babas\u0131ndan do\u011fru ve sa\u011fl\u0131kl\u0131 bir sevgi temsili g\u00f6remedi\u011fi i\u00e7in kendisi de mutsuz olacakt\u0131r. Bu mutsuzluk de\u011fersizlik duygusu, d\u00fc\u015f\u00fck \u00f6zg\u00fcven ve kayg\u0131 bozukluklar\u0131 gibi durumlar\u0131 da beraberinde getirir. Ayn\u0131 zamanda \u00e7ocuklarda uyku ve odaklanma problemleri de ortaya \u00e7\u0131kar. T\u00fcm bunlar g\u00f6z \u00f6n\u00fcne al\u0131nd\u0131\u011f\u0131nda kavga olan bir evde b\u00fcy\u00fcyen \u00e7ocuklarda, pek \u00e7ok olumsuz durum ve duygu ortaya \u00e7\u0131kabilir.\u00a0\u00bb<\/p>\n<p><strong>Mutsuz bir evde yeti\u015fen \u00e7ocuklar\u0131n \u00f6\u011frenim hayat\u0131 etkilenir mi?<\/strong><\/p>\n<p>\u00ab\u00a0Do\u011fdu\u011fumuz andan itibaren ihtiyac\u0131m\u0131z olan en temel duygu, g\u00fcven duygusudur. Bu duyguyu, anne ve babam\u0131z\u0131n bize \u015fefkatinden, bizimle ilgilenmesinden ve evde huzurlu bir ortam olmas\u0131ndan ediniriz. Anne babas\u0131ndan bu g\u00fcven duygusunu sa\u011fl\u0131kl\u0131 bir \u015fekilde alan \u00e7ocu\u011fun, hayat\u0131n\u0131n ilerleyen d\u00f6nemlerinde zihinsel ve sosyal becerileri daha sa\u011fl\u0131kl\u0131 bir \u015fekilde geli\u015fir. Fakat s\u00fcrekli olarak gergin ve huzursuz bir ortama \u015fahit olan \u00e7ocukta bu durum daha farkl\u0131 seyreder. Yap\u0131lan \u00e7al\u0131\u015fmalar, kavgaya \u015fahit olan \u00e7ocuklar\u0131n zihinsel ve sosyal becerilerinin olumsuz y\u00f6nde etkilendi\u011fini, ayn\u0131 zamanda bu durumun yeti\u015fkinlik hayatlar\u0131nda da devam etti\u011fini g\u00f6steriyor.<\/p>\n<p>&nbsp;<\/p>\n<p><img decoding=\"async\" src=\"https:\/\/www.trthaber.com\/dosyalar\/images\/GettyImages-1196076854.jpg\" alt=\"Foto\u011fraf: Getty\" \/><\/p>\n<p>&nbsp;<\/p>\n<p>Kavgan\u0131n s\u00fcrekli hale geldi\u011fi evlerdeki \u00e7ocuklar\u0131n ders ba\u015far\u0131lar\u0131nda bir d\u00fc\u015f\u00fc\u015f oldu\u011fu g\u00f6r\u00fcl\u00fcyor. Bu \u00f6ng\u00f6r\u00fclebilir bir durumdur \u00e7\u00fcnk\u00fc tart\u0131\u015fmalar\u0131n kavgaya d\u00f6n\u00fc\u015fmesi ile evde s\u00fcrekli olarak gergin bir durum ortaya \u00e7\u0131kar. \u00c7ocuk da evdeki bu gerginlikten nasibini al\u0131r. Evde anne ve babas\u0131ndan yeterli destek ve ilgiyi alamayan \u00e7ocuk, okul hayat\u0131nda zorlanacakt\u0131r. Mutsuz evlerde b\u00fcy\u00fcyen \u00e7ocuklar, derslere kar\u015f\u0131 dikkat ve odaklanma problemleri ya\u015fayabilirler. &lsquo;Ya derslerimden d\u00fc\u015f\u00fck not al\u0131rsam, bu sefer bir de benim y\u00fcz\u00fcmden kavga edecekler&rsquo; \u015feklinde hatal\u0131 bir d\u00fc\u015f\u00fcnce \u00e7ocu\u011fun zihninde olu\u015fabilir. Bu durumda ya\u015fanabilecek problemlere bir de kayg\u0131 bozukluklar\u0131 eklenebilir. \u00c7ocuk, bu sebeple bir k\u0131s\u0131r d\u00f6ng\u00fc i\u00e7erisine girecek ve bu durum ders ba\u015far\u0131s\u0131n\u0131 olumsuz y\u00f6nde etkileyecektir.\u00a0\u00bb<\/p>\n<p><strong>Huzursuz bir ortam \u00e7ocu\u011fun yeti\u015fkinli\u011fini etkiler mi?<\/strong><\/p>\n<p>\u00ab\u00a0Unutulmamal\u0131d\u0131r ki \u00e7ocuk ailede nas\u0131l \u00f6\u011frenirse yeti\u015fkinli\u011finde de o \u015fekilde davran\u0131r. Bu sebeple anne ve baba, \u00e7ocu\u011funa do\u011fru bir rol model olma sorumlulu\u011fu ta\u015f\u0131maktad\u0131r. Sa\u011fl\u0131kl\u0131 bir ileti\u015fim i\u00e7in \u00e7ocu\u011fun g\u00f6rd\u00fc\u011f\u00fc ilk \u00f6rnek, annesi ve babas\u0131 aras\u0131ndaki ili\u015fki olacakt\u0131r. E\u011fer anne ve baba \u00e7ocu\u011funun \u00f6n\u00fcnde kavga ederse \u00e7ocuk da zihnine bunu kodlayacakt\u0131r. \u0130leriki ili\u015fkilerini de bu etkiyle s\u00fcrd\u00fcrecektir. Fakat \u00e7ocuk, anne ve babas\u0131n\u0131n birbiri ile sayg\u0131 ve sevgi i\u00e7erisinde ileti\u015fim kurdu\u011funu, sorunlar ya\u015fasalar bile bunu sa\u011fl\u0131kl\u0131 bir \u015fekilde \u00e7\u00f6zd\u00fcklerini g\u00f6r\u00fcrse bu sefer \u00e7ocu\u011fun zihnine kodlayaca\u011f\u0131 durum bu olacakt\u0131r.<\/p>\n<p>Huzursuz bir ortamda b\u00fcy\u00fcyen \u00e7ocuklar\u0131n yeti\u015fkinliklerinde \u00f6zellikle ili\u015fkiler konusunda sorunlar ya\u015famas\u0131 \u00f6ng\u00f6r\u00fclebilir. \u00c7\u00fcnk\u00fc sa\u011fl\u0131kl\u0131 ve huzurlu bir aile ortam\u0131n\u0131 deneyimlememi\u015f olan birey, bebeklikten itibaren ihtiya\u00e7 duydu\u011fu g\u00fcven ve ilgiyi de yeterince g\u00f6rememi\u015ftir. Bu eksiklikler, bireyin yeti\u015fkinlik hayat\u0131n\u0131 olumsuz y\u00f6nde etkilemektedir. Birey, huzursuz bir ortamda b\u00fcy\u00fcmesinin neticesinde sosyal ili\u015fkilerinde yeterli becerilere sahip olamayacakt\u0131r. Kurdu\u011fu ili\u015fkilerde, kavgac\u0131 bir tutum tak\u0131nabilir veya ailede g\u00f6rd\u00fckleri sebebiyle kendisini di\u011fer insanlardan soyutlayabilir. Ailede g\u00f6rd\u00fc\u011f\u00fc yanl\u0131\u015f temsiller sebebiyle sosyal ili\u015fkilerini ve belki de kendi evlili\u011fini, t\u0131pk\u0131 anne babas\u0131 gibi s\u00fcrd\u00fcrecektir. \u00c7\u00fcnk\u00fc ebeveynlerinden bu \u015fekilde g\u00f6rm\u00fc\u015ft\u00fcr.\u00a0\u00bb<\/p>\n<p><strong>\u00c7ocu\u011fa evde g\u00fcvenli ortam nas\u0131l sa\u011flan\u0131r?<\/strong><\/p>\n<p>\u00ab\u00a0E\u011fer \u00e7ocuk bebekli\u011finden itibaren ihtiya\u00e7 duydu\u011fu sevgi ve ilgiyi yeterince al\u0131rsa, g\u00fcven duygusu geli\u015fir. Geli\u015fen bu g\u00fcven duygusu, yeti\u015fkinlikteki ili\u015fkilerinin sa\u011fl\u0131kl\u0131 olmas\u0131 i\u00e7in bir temel olu\u015fturur. Bu \u015fekilde yeti\u015fen bir \u00e7ocuk, evde anne babas\u0131n\u0131n tart\u0131\u015fmalar\u0131na ve anla\u015fmazl\u0131klar\u0131na \u015fahit olsa bile bunun \u00e7\u00f6z\u00fclebilir bir durum oldu\u011funu bilir. \u00c7\u00fcnk\u00fc ailesinin kendisine aktard\u0131\u011f\u0131 sevgi ve ilgiyi, anne ve babas\u0131n\u0131n birbirine kar\u015f\u0131 duydu\u011funu da bilir ve tart\u0131\u015fmalar\u0131n a\u015f\u0131lamayacak durumlar olmad\u0131\u011f\u0131n\u0131n fark\u0131na var\u0131r.<\/p>\n<p>Elbette tamamen mutlu ve tamamen mutsuz evler yoktur. Her evde zaman zaman anla\u015fmazl\u0131klar ve tart\u0131\u015fmalar ortaya \u00e7\u0131kabilir. Anne ve babalar\u0131n \u00f6nem vermesi gereken konu, bu anla\u015fmazl\u0131klar\u0131 sa\u011fl\u0131kl\u0131 bir bi\u00e7imde \u00e7\u00f6zerek, \u00e7ocuklar\u0131n\u0131n olumsuz y\u00f6nde etkilenmemesi i\u00e7in \u00e7aba g\u00f6stermeleridir.\u00a0\u00bb<\/p>\n<p><strong>\u0130li\u015fkileri bozuk olan \u00e7iftler bu durumu \u00e7ocu\u011fa yans\u0131tmamak i\u00e7in ne yapmal\u0131?<\/strong><\/p>\n<p>\u00ab\u00a0Bu noktada ebeveynlerin birbirlerine kar\u015f\u0131 tutumlar\u0131 \u00e7ok \u00f6nemli. Evde kavga ya\u015fan\u0131yorsa seslerin y\u00fckseltilmemesine \u00f6nem verilmeli. Ebeveynler birbirine hakaret etmemeli. \u00c7ocu\u011fun \u00f6n\u00fcnde kavga etmemeye \u00f6zen g\u00f6sterilmeli. E\u015fler, \u00e7ocu\u011fu birbirlerine kar\u015f\u0131 k\u0131\u015fk\u0131rtmamal\u0131.<\/p>\n<p>&lsquo;Bak annen \u015funu s\u00f6yledi, bak baban bunu s\u00f6yledi&rsquo; \u015feklindeki s\u00f6ylemler \u00e7ocu\u011fun, anne ve babas\u0131na kar\u015f\u0131 duygu ve d\u00fc\u015f\u00fcncelerini olumsuz y\u00f6nde etkiler. \u00c7ocuklar\u0131n kavgada bir taraf olmas\u0131n\u0131 istemek \u00e7ocuklara \u00e7ok a\u011f\u0131r bir sorumluluk y\u00fcklemek anlam\u0131na gelir. \u00c7ocuk, \u00e7ocuk olarak kalmal\u0131 ve kendisine farkl\u0131 roller y\u00fcklenmemelidir. E\u011fer ebeveynler, tart\u0131\u015fmalar\u0131n\u0131 kendi ba\u015flar\u0131na \u00e7\u00f6zemiyorlarsa bu durumun kendilerinde ve \u00e7ocuklar\u0131nda ruhsal yaralara sebep olmamas\u0131 i\u00e7in mutlaka bir ruh sa\u011fl\u0131\u011f\u0131 uzman\u0131na ba\u015fvurmal\u0131.\u00a0\u00bb<\/p>\n","protected":false},"excerpt":{"rendered":"<p>\u00c7at\u0131\u015fmalar, tart\u0131\u015fmalar, anla\u015fmazl\u0131klar&#8230; \u00c7ocuklar\u0131n huzurunu ka\u00e7\u0131ran yeti\u015fkin davran\u0131\u015flar\u0131n\u0131n kayna\u011f\u0131nda anne baba varsa sorun daha da b\u00fcy\u00fcyor. Anne baba kavgalar\u0131na \u015fahit olan \u00e7ocuklar bu durumdan nas\u0131l etkileniyor? Her ailede ya\u015fanabilecek tart\u0131\u015fmalar kimi zaman \u00e7ocuklar\u0131n geli\u015fimini etkileyecek boyutlara ula\u015fabiliyor. \u00d6zellikle anne baba kavgalar\u0131 \u00e7ocuklar\u0131n psikolojisini dolay\u0131s\u0131yla da e\u011fitim hayat\u0131n\u0131 olumsuz etkileyebiliyor. Peki, aile i\u00e7indeki anla\u015fmazl\u0131klar\u0131n \u00e7ocuklara yans\u0131t\u0131lmadan [&hellip;]<\/p>\n","protected":false},"author":3,"featured_media":22255,"comment_status":"closed","ping_status":"open","sticky":false,"template":"","format":"standard","meta":{"footnotes":""},"categories":[14,16,3,17,18,15,19,2],"tags":[],"class_list":["post-22254","post","type-post","status-publish","format-standard","has-post-thumbnail","hentry","category-avrupa","category-belcika","category-dunya","category-ekonomi","category-kultur-sanat","category-spor","category-tanitim","category-turkiye"],"yoast_head":"<!-- This site is optimized with the Yoast SEO plugin v26.9 - https:\/\/yoast.com\/product\/yoast-seo-wordpress\/ -->\n<title>Anne baba kavgas\u0131 \u00e7ocu\u011fu nas\u0131l etkiler? - AvrupaPress<\/title>\n<meta name=\"robots\" content=\"index, follow, max-snippet:-1, max-image-preview:large, max-video-preview:-1\" \/>\n<link rel=\"canonical\" href=\"https:\/\/avrupapress.com\/main\/2023\/03\/23\/anne-baba-kavgasi-cocugu-nasil-etkiler\/\" \/>\n<meta property=\"og:locale\" content=\"fr_FR\" \/>\n<meta property=\"og:type\" content=\"article\" \/>\n<meta property=\"og:title\" content=\"Anne baba kavgas\u0131 \u00e7ocu\u011fu nas\u0131l etkiler? - AvrupaPress\" \/>\n<meta property=\"og:description\" content=\"\u00c7at\u0131\u015fmalar, tart\u0131\u015fmalar, anla\u015fmazl\u0131klar&#8230; \u00c7ocuklar\u0131n huzurunu ka\u00e7\u0131ran yeti\u015fkin davran\u0131\u015flar\u0131n\u0131n kayna\u011f\u0131nda anne baba varsa sorun daha da b\u00fcy\u00fcyor. Anne baba kavgalar\u0131na \u015fahit olan \u00e7ocuklar bu durumdan nas\u0131l etkileniyor? Her ailede ya\u015fanabilecek tart\u0131\u015fmalar kimi zaman \u00e7ocuklar\u0131n geli\u015fimini etkileyecek boyutlara ula\u015fabiliyor. \u00d6zellikle anne baba kavgalar\u0131 \u00e7ocuklar\u0131n psikolojisini dolay\u0131s\u0131yla da e\u011fitim hayat\u0131n\u0131 olumsuz etkileyebiliyor. Peki, aile i\u00e7indeki anla\u015fmazl\u0131klar\u0131n \u00e7ocuklara yans\u0131t\u0131lmadan [&hellip;]\" \/>\n<meta property=\"og:url\" content=\"https:\/\/avrupapress.com\/main\/2023\/03\/23\/anne-baba-kavgasi-cocugu-nasil-etkiler\/\" \/>\n<meta property=\"og:site_name\" content=\"AvrupaPress\" \/>\n<meta property=\"article:published_time\" content=\"2023-03-23T19:51:10+00:00\" \/>\n<meta property=\"article:modified_time\" content=\"2023-03-26T00:46:24+00:00\" \/>\n<meta property=\"og:image\" content=\"https:\/\/avrupapress.com\/main\/wp-content\/uploads\/2023\/03\/ev-ici-kavga-cocuk-getty-2017243_2.jpg\" \/>\n\t<meta property=\"og:image:width\" content=\"640\" \/>\n\t<meta property=\"og:image:height\" content=\"360\" \/>\n\t<meta property=\"og:image:type\" content=\"image\/jpeg\" \/>\n<meta name=\"author\" content=\"Edit\u00f6r\" \/>\n<meta name=\"twitter:card\" content=\"summary_large_image\" \/>\n<meta name=\"twitter:label1\" content=\"\u00c9crit par\" \/>\n\t<meta name=\"twitter:data1\" content=\"Edit\u00f6r\" \/>\n\t<meta name=\"twitter:label2\" content=\"Dur\u00e9e de lecture est.\" \/>\n\t<meta name=\"twitter:data2\" content=\"6 minutes\" \/>\n<script type=\"application\/ld+json\" class=\"yoast-schema-graph\">{\"@context\":\"https:\/\/schema.org\",\"@graph\":[{\"@type\":\"Article\",\"@id\":\"https:\/\/avrupapress.com\/main\/2023\/03\/23\/anne-baba-kavgasi-cocugu-nasil-etkiler\/#article\",\"isPartOf\":{\"@id\":\"https:\/\/avrupapress.com\/main\/2023\/03\/23\/anne-baba-kavgasi-cocugu-nasil-etkiler\/\"},\"author\":{\"name\":\"Edit\u00f6r\",\"@id\":\"https:\/\/avrupapress.com\/#\/schema\/person\/68428444ec60970d1e1b700cf4ca1e8f\"},\"headline\":\"Anne baba kavgas\u0131 \u00e7ocu\u011fu nas\u0131l etkiler?\",\"datePublished\":\"2023-03-23T19:51:10+00:00\",\"dateModified\":\"2023-03-26T00:46:24+00:00\",\"mainEntityOfPage\":{\"@id\":\"https:\/\/avrupapress.com\/main\/2023\/03\/23\/anne-baba-kavgasi-cocugu-nasil-etkiler\/\"},\"wordCount\":1094,\"publisher\":{\"@id\":\"https:\/\/avrupapress.com\/#\/schema\/person\/0223dca19c72c43575bf30d1a2d8f4fa\"},\"image\":{\"@id\":\"https:\/\/avrupapress.com\/main\/2023\/03\/23\/anne-baba-kavgasi-cocugu-nasil-etkiler\/#primaryimage\"},\"thumbnailUrl\":\"https:\/\/avrupapress.com\/main\/wp-content\/uploads\/2023\/03\/ev-ici-kavga-cocuk-getty-2017243_2.jpg\",\"articleSection\":[\"Avrupa\",\"Bel\u00e7ika\",\"D\u00fcnya\",\"Ekonomi\",\"K\u00fclt\u00fcr-Sanat\",\"Spor\",\"Tan\u0131t\u0131m\",\"T\u00fcrkiye\"],\"inLanguage\":\"fr-BE\"},{\"@type\":\"WebPage\",\"@id\":\"https:\/\/avrupapress.com\/main\/2023\/03\/23\/anne-baba-kavgasi-cocugu-nasil-etkiler\/\",\"url\":\"https:\/\/avrupapress.com\/main\/2023\/03\/23\/anne-baba-kavgasi-cocugu-nasil-etkiler\/\",\"name\":\"Anne baba kavgas\u0131 \u00e7ocu\u011fu nas\u0131l etkiler? - AvrupaPress\",\"isPartOf\":{\"@id\":\"https:\/\/avrupapress.com\/#website\"},\"primaryImageOfPage\":{\"@id\":\"https:\/\/avrupapress.com\/main\/2023\/03\/23\/anne-baba-kavgasi-cocugu-nasil-etkiler\/#primaryimage\"},\"image\":{\"@id\":\"https:\/\/avrupapress.com\/main\/2023\/03\/23\/anne-baba-kavgasi-cocugu-nasil-etkiler\/#primaryimage\"},\"thumbnailUrl\":\"https:\/\/avrupapress.com\/main\/wp-content\/uploads\/2023\/03\/ev-ici-kavga-cocuk-getty-2017243_2.jpg\",\"datePublished\":\"2023-03-23T19:51:10+00:00\",\"dateModified\":\"2023-03-26T00:46:24+00:00\",\"breadcrumb\":{\"@id\":\"https:\/\/avrupapress.com\/main\/2023\/03\/23\/anne-baba-kavgasi-cocugu-nasil-etkiler\/#breadcrumb\"},\"inLanguage\":\"fr-BE\",\"potentialAction\":[{\"@type\":\"ReadAction\",\"target\":[\"https:\/\/avrupapress.com\/main\/2023\/03\/23\/anne-baba-kavgasi-cocugu-nasil-etkiler\/\"]}]},{\"@type\":\"ImageObject\",\"inLanguage\":\"fr-BE\",\"@id\":\"https:\/\/avrupapress.com\/main\/2023\/03\/23\/anne-baba-kavgasi-cocugu-nasil-etkiler\/#primaryimage\",\"url\":\"https:\/\/avrupapress.com\/main\/wp-content\/uploads\/2023\/03\/ev-ici-kavga-cocuk-getty-2017243_2.jpg\",\"contentUrl\":\"https:\/\/avrupapress.com\/main\/wp-content\/uploads\/2023\/03\/ev-ici-kavga-cocuk-getty-2017243_2.jpg\",\"width\":640,\"height\":360},{\"@type\":\"BreadcrumbList\",\"@id\":\"https:\/\/avrupapress.com\/main\/2023\/03\/23\/anne-baba-kavgasi-cocugu-nasil-etkiler\/#breadcrumb\",\"itemListElement\":[{\"@type\":\"ListItem\",\"position\":1,\"name\":\"Anasayfa\",\"item\":\"https:\/\/avrupapress.com\/\"},{\"@type\":\"ListItem\",\"position\":2,\"name\":\"Anne baba kavgas\u0131 \u00e7ocu\u011fu nas\u0131l etkiler?\"}]},{\"@type\":\"WebSite\",\"@id\":\"https:\/\/avrupapress.com\/#website\",\"url\":\"https:\/\/avrupapress.com\/\",\"name\":\"AvrupaPress\",\"description\":\"Haberin Adresi\",\"publisher\":{\"@id\":\"https:\/\/avrupapress.com\/#\/schema\/person\/0223dca19c72c43575bf30d1a2d8f4fa\"},\"potentialAction\":[{\"@type\":\"SearchAction\",\"target\":{\"@type\":\"EntryPoint\",\"urlTemplate\":\"https:\/\/avrupapress.com\/?s={search_term_string}\"},\"query-input\":{\"@type\":\"PropertyValueSpecification\",\"valueRequired\":true,\"valueName\":\"search_term_string\"}}],\"inLanguage\":\"fr-BE\"},{\"@type\":[\"Person\",\"Organization\"],\"@id\":\"https:\/\/avrupapress.com\/#\/schema\/person\/0223dca19c72c43575bf30d1a2d8f4fa\",\"name\":\"Bilgin \u00d6z\u00e7ift\u00e7i\",\"image\":{\"@type\":\"ImageObject\",\"inLanguage\":\"fr-BE\",\"@id\":\"https:\/\/avrupapress.com\/#\/schema\/person\/image\/\",\"url\":\"https:\/\/secure.gravatar.com\/avatar\/0f23b280433a21e1ea7a0adcc46ed0ad16afe3ad8e630fd13d8a017dcbd54ef3?s=96&d=mm&r=g\",\"contentUrl\":\"https:\/\/secure.gravatar.com\/avatar\/0f23b280433a21e1ea7a0adcc46ed0ad16afe3ad8e630fd13d8a017dcbd54ef3?s=96&d=mm&r=g\",\"caption\":\"Bilgin \u00d6z\u00e7ift\u00e7i\"},\"logo\":{\"@id\":\"https:\/\/avrupapress.com\/#\/schema\/person\/image\/\"},\"description\":\"Ne ben, nede sen... Biz ancak \\\"biz\\\" olursak g\u00fc\u00e7l\u00fc olabiliriz\"},{\"@type\":\"Person\",\"@id\":\"https:\/\/avrupapress.com\/#\/schema\/person\/68428444ec60970d1e1b700cf4ca1e8f\",\"name\":\"Edit\u00f6r\",\"image\":{\"@type\":\"ImageObject\",\"inLanguage\":\"fr-BE\",\"@id\":\"https:\/\/avrupapress.com\/#\/schema\/person\/image\/\",\"url\":\"https:\/\/secure.gravatar.com\/avatar\/74996b0977aa5f1559ba9883776652508b229005c0d78fb2597897f0bd651c09?s=96&d=mm&r=g\",\"contentUrl\":\"https:\/\/secure.gravatar.com\/avatar\/74996b0977aa5f1559ba9883776652508b229005c0d78fb2597897f0bd651c09?s=96&d=mm&r=g\",\"caption\":\"Edit\u00f6r\"},\"sameAs\":[\"http:\/\/www.avrupapress.com\"],\"url\":\"https:\/\/avrupapress.com\/main\/author\/editor\/\"}]}<\/script>\n<!-- \/ Yoast SEO plugin. -->","yoast_head_json":{"title":"Anne baba kavgas\u0131 \u00e7ocu\u011fu nas\u0131l etkiler? - AvrupaPress","robots":{"index":"index","follow":"follow","max-snippet":"max-snippet:-1","max-image-preview":"max-image-preview:large","max-video-preview":"max-video-preview:-1"},"canonical":"https:\/\/avrupapress.com\/main\/2023\/03\/23\/anne-baba-kavgasi-cocugu-nasil-etkiler\/","og_locale":"fr_FR","og_type":"article","og_title":"Anne baba kavgas\u0131 \u00e7ocu\u011fu nas\u0131l etkiler? - AvrupaPress","og_description":"\u00c7at\u0131\u015fmalar, tart\u0131\u015fmalar, anla\u015fmazl\u0131klar&#8230; \u00c7ocuklar\u0131n huzurunu ka\u00e7\u0131ran yeti\u015fkin davran\u0131\u015flar\u0131n\u0131n kayna\u011f\u0131nda anne baba varsa sorun daha da b\u00fcy\u00fcyor. Anne baba kavgalar\u0131na \u015fahit olan \u00e7ocuklar bu durumdan nas\u0131l etkileniyor? Her ailede ya\u015fanabilecek tart\u0131\u015fmalar kimi zaman \u00e7ocuklar\u0131n geli\u015fimini etkileyecek boyutlara ula\u015fabiliyor. \u00d6zellikle anne baba kavgalar\u0131 \u00e7ocuklar\u0131n psikolojisini dolay\u0131s\u0131yla da e\u011fitim hayat\u0131n\u0131 olumsuz etkileyebiliyor. Peki, aile i\u00e7indeki anla\u015fmazl\u0131klar\u0131n \u00e7ocuklara yans\u0131t\u0131lmadan [&hellip;]","og_url":"https:\/\/avrupapress.com\/main\/2023\/03\/23\/anne-baba-kavgasi-cocugu-nasil-etkiler\/","og_site_name":"AvrupaPress","article_published_time":"2023-03-23T19:51:10+00:00","article_modified_time":"2023-03-26T00:46:24+00:00","og_image":[{"width":640,"height":360,"url":"https:\/\/avrupapress.com\/main\/wp-content\/uploads\/2023\/03\/ev-ici-kavga-cocuk-getty-2017243_2.jpg","type":"image\/jpeg"}],"author":"Edit\u00f6r","twitter_card":"summary_large_image","twitter_misc":{"\u00c9crit par":"Edit\u00f6r","Dur\u00e9e de lecture est.":"6 minutes"},"schema":{"@context":"https:\/\/schema.org","@graph":[{"@type":"Article","@id":"https:\/\/avrupapress.com\/main\/2023\/03\/23\/anne-baba-kavgasi-cocugu-nasil-etkiler\/#article","isPartOf":{"@id":"https:\/\/avrupapress.com\/main\/2023\/03\/23\/anne-baba-kavgasi-cocugu-nasil-etkiler\/"},"author":{"name":"Edit\u00f6r","@id":"https:\/\/avrupapress.com\/#\/schema\/person\/68428444ec60970d1e1b700cf4ca1e8f"},"headline":"Anne baba kavgas\u0131 \u00e7ocu\u011fu nas\u0131l etkiler?","datePublished":"2023-03-23T19:51:10+00:00","dateModified":"2023-03-26T00:46:24+00:00","mainEntityOfPage":{"@id":"https:\/\/avrupapress.com\/main\/2023\/03\/23\/anne-baba-kavgasi-cocugu-nasil-etkiler\/"},"wordCount":1094,"publisher":{"@id":"https:\/\/avrupapress.com\/#\/schema\/person\/0223dca19c72c43575bf30d1a2d8f4fa"},"image":{"@id":"https:\/\/avrupapress.com\/main\/2023\/03\/23\/anne-baba-kavgasi-cocugu-nasil-etkiler\/#primaryimage"},"thumbnailUrl":"https:\/\/avrupapress.com\/main\/wp-content\/uploads\/2023\/03\/ev-ici-kavga-cocuk-getty-2017243_2.jpg","articleSection":["Avrupa","Bel\u00e7ika","D\u00fcnya","Ekonomi","K\u00fclt\u00fcr-Sanat","Spor","Tan\u0131t\u0131m","T\u00fcrkiye"],"inLanguage":"fr-BE"},{"@type":"WebPage","@id":"https:\/\/avrupapress.com\/main\/2023\/03\/23\/anne-baba-kavgasi-cocugu-nasil-etkiler\/","url":"https:\/\/avrupapress.com\/main\/2023\/03\/23\/anne-baba-kavgasi-cocugu-nasil-etkiler\/","name":"Anne baba kavgas\u0131 \u00e7ocu\u011fu nas\u0131l etkiler? - AvrupaPress","isPartOf":{"@id":"https:\/\/avrupapress.com\/#website"},"primaryImageOfPage":{"@id":"https:\/\/avrupapress.com\/main\/2023\/03\/23\/anne-baba-kavgasi-cocugu-nasil-etkiler\/#primaryimage"},"image":{"@id":"https:\/\/avrupapress.com\/main\/2023\/03\/23\/anne-baba-kavgasi-cocugu-nasil-etkiler\/#primaryimage"},"thumbnailUrl":"https:\/\/avrupapress.com\/main\/wp-content\/uploads\/2023\/03\/ev-ici-kavga-cocuk-getty-2017243_2.jpg","datePublished":"2023-03-23T19:51:10+00:00","dateModified":"2023-03-26T00:46:24+00:00","breadcrumb":{"@id":"https:\/\/avrupapress.com\/main\/2023\/03\/23\/anne-baba-kavgasi-cocugu-nasil-etkiler\/#breadcrumb"},"inLanguage":"fr-BE","potentialAction":[{"@type":"ReadAction","target":["https:\/\/avrupapress.com\/main\/2023\/03\/23\/anne-baba-kavgasi-cocugu-nasil-etkiler\/"]}]},{"@type":"ImageObject","inLanguage":"fr-BE","@id":"https:\/\/avrupapress.com\/main\/2023\/03\/23\/anne-baba-kavgasi-cocugu-nasil-etkiler\/#primaryimage","url":"https:\/\/avrupapress.com\/main\/wp-content\/uploads\/2023\/03\/ev-ici-kavga-cocuk-getty-2017243_2.jpg","contentUrl":"https:\/\/avrupapress.com\/main\/wp-content\/uploads\/2023\/03\/ev-ici-kavga-cocuk-getty-2017243_2.jpg","width":640,"height":360},{"@type":"BreadcrumbList","@id":"https:\/\/avrupapress.com\/main\/2023\/03\/23\/anne-baba-kavgasi-cocugu-nasil-etkiler\/#breadcrumb","itemListElement":[{"@type":"ListItem","position":1,"name":"Anasayfa","item":"https:\/\/avrupapress.com\/"},{"@type":"ListItem","position":2,"name":"Anne baba kavgas\u0131 \u00e7ocu\u011fu nas\u0131l etkiler?"}]},{"@type":"WebSite","@id":"https:\/\/avrupapress.com\/#website","url":"https:\/\/avrupapress.com\/","name":"AvrupaPress","description":"Haberin Adresi","publisher":{"@id":"https:\/\/avrupapress.com\/#\/schema\/person\/0223dca19c72c43575bf30d1a2d8f4fa"},"potentialAction":[{"@type":"SearchAction","target":{"@type":"EntryPoint","urlTemplate":"https:\/\/avrupapress.com\/?s={search_term_string}"},"query-input":{"@type":"PropertyValueSpecification","valueRequired":true,"valueName":"search_term_string"}}],"inLanguage":"fr-BE"},{"@type":["Person","Organization"],"@id":"https:\/\/avrupapress.com\/#\/schema\/person\/0223dca19c72c43575bf30d1a2d8f4fa","name":"Bilgin \u00d6z\u00e7ift\u00e7i","image":{"@type":"ImageObject","inLanguage":"fr-BE","@id":"https:\/\/avrupapress.com\/#\/schema\/person\/image\/","url":"https:\/\/secure.gravatar.com\/avatar\/0f23b280433a21e1ea7a0adcc46ed0ad16afe3ad8e630fd13d8a017dcbd54ef3?s=96&d=mm&r=g","contentUrl":"https:\/\/secure.gravatar.com\/avatar\/0f23b280433a21e1ea7a0adcc46ed0ad16afe3ad8e630fd13d8a017dcbd54ef3?s=96&d=mm&r=g","caption":"Bilgin \u00d6z\u00e7ift\u00e7i"},"logo":{"@id":"https:\/\/avrupapress.com\/#\/schema\/person\/image\/"},"description":"Ne ben, nede sen... Biz ancak \"biz\" olursak g\u00fc\u00e7l\u00fc olabiliriz"},{"@type":"Person","@id":"https:\/\/avrupapress.com\/#\/schema\/person\/68428444ec60970d1e1b700cf4ca1e8f","name":"Edit\u00f6r","image":{"@type":"ImageObject","inLanguage":"fr-BE","@id":"https:\/\/avrupapress.com\/#\/schema\/person\/image\/","url":"https:\/\/secure.gravatar.com\/avatar\/74996b0977aa5f1559ba9883776652508b229005c0d78fb2597897f0bd651c09?s=96&d=mm&r=g","contentUrl":"https:\/\/secure.gravatar.com\/avatar\/74996b0977aa5f1559ba9883776652508b229005c0d78fb2597897f0bd651c09?s=96&d=mm&r=g","caption":"Edit\u00f6r"},"sameAs":["http:\/\/www.avrupapress.com"],"url":"https:\/\/avrupapress.com\/main\/author\/editor\/"}]}},"_links":{"self":[{"href":"https:\/\/avrupapress.com\/main\/wp-json\/wp\/v2\/posts\/22254","targetHints":{"allow":["GET"]}}],"collection":[{"href":"https:\/\/avrupapress.com\/main\/wp-json\/wp\/v2\/posts"}],"about":[{"href":"https:\/\/avrupapress.com\/main\/wp-json\/wp\/v2\/types\/post"}],"author":[{"embeddable":true,"href":"https:\/\/avrupapress.com\/main\/wp-json\/wp\/v2\/users\/3"}],"replies":[{"embeddable":true,"href":"https:\/\/avrupapress.com\/main\/wp-json\/wp\/v2\/comments?post=22254"}],"version-history":[{"count":2,"href":"https:\/\/avrupapress.com\/main\/wp-json\/wp\/v2\/posts\/22254\/revisions"}],"predecessor-version":[{"id":22277,"href":"https:\/\/avrupapress.com\/main\/wp-json\/wp\/v2\/posts\/22254\/revisions\/22277"}],"wp:featuredmedia":[{"embeddable":true,"href":"https:\/\/avrupapress.com\/main\/wp-json\/wp\/v2\/media\/22255"}],"wp:attachment":[{"href":"https:\/\/avrupapress.com\/main\/wp-json\/wp\/v2\/media?parent=22254"}],"wp:term":[{"taxonomy":"category","embeddable":true,"href":"https:\/\/avrupapress.com\/main\/wp-json\/wp\/v2\/categories?post=22254"},{"taxonomy":"post_tag","embeddable":true,"href":"https:\/\/avrupapress.com\/main\/wp-json\/wp\/v2\/tags?post=22254"}],"curies":[{"name":"wp","href":"https:\/\/api.w.org\/{rel}","templated":true}]}}