{"id":22243,"date":"2023-03-23T19:20:44","date_gmt":"2023-03-23T19:20:44","guid":{"rendered":"https:\/\/avrupapress.com\/main\/?p=22243"},"modified":"2023-03-23T19:20:57","modified_gmt":"2023-03-23T19:20:57","slug":"ak-parti-bruksel-temsilcisi-ruhi-acikgozden-ramazan-ayi-mesaji-yayinladi","status":"publish","type":"post","link":"https:\/\/avrupapress.com\/main\/2023\/03\/23\/ak-parti-bruksel-temsilcisi-ruhi-acikgozden-ramazan-ayi-mesaji-yayinladi\/","title":{"rendered":"AK Parti Br\u00fcksel Temsilcisi Ruhi Acikgoz\u2019den Ramazan Ay\u0131 mesaji yay\u0131nlad\u0131"},"content":{"rendered":"<p><strong>AK Parti Br\u00fcksel Temsilcisi Ruhi A\u00e7\u0131kg\u00f6z, Ramazan Ay\u0131, vesilesiyle bir\u00a0 mesaji yay\u0131nlad\u0131.<\/strong><\/p>\n<p><strong>Ruhi A\u00e7\u0131kg\u00f6z\u2019\u00fcn mesaj\u0131:<\/strong><\/p>\n<p>De\u011ferli Vatanda\u015f\u0131m\u0131z;<br \/>\nG\u00f6n\u00fcllere huzur veren on bir ay\u0131n sultan\u0131 Ramazan ay\u0131na kavu\u015fman\u0131n, manevi iklimini<br \/>\nya\u015f\u0131yoruz. Ba\u015f\u0131 rahmet, ortas\u0131 ma\u011ffiret ve sonu cehennemden kurtulu\u015f olan Ramazan-\u0131 \u015eerif\u2019i<br \/>\nbir kez daha kar\u015f\u0131laman\u0131n; ruhun g\u0131das\u0131, bedenin \u015fifas\u0131 olan oru\u00e7lar\u0131m\u0131z\u0131 tutabilecek olman\u0131n<br \/>\ne\u015fsiz heyecan\u0131 ve mutlulu\u011fu i\u00e7erisindeyiz. \u00d6ncelikle Ramazan ay\u0131nda, \u0130slam co\u011frafyas\u0131nda<br \/>\nya\u015fanan ac\u0131lar\u0131n ve zul\u00fcmlerin son bulmas\u0131n\u0131, olu\u015fan manevi atmosferin, b\u00fct\u00fcn bir y\u0131la<br \/>\nyay\u0131larak devam etmesini diliyorum.<br \/>\nDiliyorum ki, Cenab-\u0131 Hak bizler i\u00e7in kar\u015f\u0131layaca\u011f\u0131m\u0131z Ramazan ay\u0131n\u0131, \u0130slam aleminin ferah\u0131na,<br \/>\naziz milletimizin birlik ve beraberli\u011fine ve insanl\u0131\u011f\u0131n kurtulu\u015funa vesile k\u0131ls\u0131n. Ramazan\u2019\u0131n<br \/>\nhuzuru, bereketi hepimizin \u00fczerine olsun.<br \/>\nSelam ve sevgilerimle,<\/p>\n<p><img loading=\"lazy\" decoding=\"async\" class=\"alignnone size-medium wp-image-22244\" src=\"https:\/\/avrupapress.com\/main\/wp-content\/uploads\/2023\/03\/thumbnail_RUHI-ACIKGOZ3-300x200.jpg\" alt=\"\" width=\"300\" height=\"200\" srcset=\"https:\/\/avrupapress.com\/main\/wp-content\/uploads\/2023\/03\/thumbnail_RUHI-ACIKGOZ3-300x200.jpg 300w, https:\/\/avrupapress.com\/main\/wp-content\/uploads\/2023\/03\/thumbnail_RUHI-ACIKGOZ3-768x512.jpg 768w, https:\/\/avrupapress.com\/main\/wp-content\/uploads\/2023\/03\/thumbnail_RUHI-ACIKGOZ3.jpg 1024w\" sizes=\"auto, (max-width: 300px) 100vw, 300px\" \/><\/p>\n<p><strong>Ruhi A\u00c7IKG\u00d6Z<\/strong><br \/>\n<strong>AK Parti Br\u00fcksel AB Temsilcisi<\/strong><\/p>\n","protected":false},"excerpt":{"rendered":"<p>AK Parti Br\u00fcksel Temsilcisi Ruhi A\u00e7\u0131kg\u00f6z, Ramazan Ay\u0131, vesilesiyle bir\u00a0 mesaji yay\u0131nlad\u0131. Ruhi A\u00e7\u0131kg\u00f6z\u2019\u00fcn mesaj\u0131: De\u011ferli Vatanda\u015f\u0131m\u0131z; G\u00f6n\u00fcllere huzur veren on bir ay\u0131n sultan\u0131 Ramazan ay\u0131na kavu\u015fman\u0131n, manevi iklimini ya\u015f\u0131yoruz. Ba\u015f\u0131 rahmet, ortas\u0131 ma\u011ffiret ve sonu cehennemden kurtulu\u015f olan Ramazan-\u0131 \u015eerif\u2019i bir kez daha kar\u015f\u0131laman\u0131n; ruhun g\u0131das\u0131, bedenin \u015fifas\u0131 olan oru\u00e7lar\u0131m\u0131z\u0131 tutabilecek olman\u0131n e\u015fsiz heyecan\u0131 [&hellip;]<\/p>\n","protected":false},"author":3,"featured_media":22244,"comment_status":"closed","ping_status":"open","sticky":false,"template":"","format":"standard","meta":{"footnotes":""},"categories":[14,16,3,17,18,15,19,2,1],"tags":[],"class_list":["post-22243","post","type-post","status-publish","format-standard","has-post-thumbnail","hentry","category-avrupa","category-belcika","category-dunya","category-ekonomi","category-kultur-sanat","category-spor","category-tanitim","category-turkiye","category-uncategorized"],"yoast_head":"<!-- This site is optimized with the Yoast SEO plugin v26.9 - https:\/\/yoast.com\/product\/yoast-seo-wordpress\/ -->\n<title>AK Parti Br\u00fcksel Temsilcisi Ruhi Acikgoz\u2019den Ramazan Ay\u0131 mesaji yay\u0131nlad\u0131 - AvrupaPress<\/title>\n<meta name=\"robots\" content=\"index, follow, max-snippet:-1, max-image-preview:large, max-video-preview:-1\" \/>\n<link rel=\"canonical\" href=\"https:\/\/avrupapress.com\/main\/2023\/03\/23\/ak-parti-bruksel-temsilcisi-ruhi-acikgozden-ramazan-ayi-mesaji-yayinladi\/\" \/>\n<meta property=\"og:locale\" content=\"fr_FR\" \/>\n<meta property=\"og:type\" content=\"article\" \/>\n<meta property=\"og:title\" content=\"AK Parti Br\u00fcksel Temsilcisi Ruhi Acikgoz\u2019den Ramazan Ay\u0131 mesaji yay\u0131nlad\u0131 - AvrupaPress\" \/>\n<meta property=\"og:description\" content=\"AK Parti Br\u00fcksel Temsilcisi Ruhi A\u00e7\u0131kg\u00f6z, Ramazan Ay\u0131, vesilesiyle bir\u00a0 mesaji yay\u0131nlad\u0131. Ruhi A\u00e7\u0131kg\u00f6z\u2019\u00fcn mesaj\u0131: De\u011ferli Vatanda\u015f\u0131m\u0131z; G\u00f6n\u00fcllere huzur veren on bir ay\u0131n sultan\u0131 Ramazan ay\u0131na kavu\u015fman\u0131n, manevi iklimini ya\u015f\u0131yoruz. Ba\u015f\u0131 rahmet, ortas\u0131 ma\u011ffiret ve sonu cehennemden kurtulu\u015f olan Ramazan-\u0131 \u015eerif\u2019i bir kez daha kar\u015f\u0131laman\u0131n; ruhun g\u0131das\u0131, bedenin \u015fifas\u0131 olan oru\u00e7lar\u0131m\u0131z\u0131 tutabilecek olman\u0131n e\u015fsiz heyecan\u0131 [&hellip;]\" \/>\n<meta property=\"og:url\" content=\"https:\/\/avrupapress.com\/main\/2023\/03\/23\/ak-parti-bruksel-temsilcisi-ruhi-acikgozden-ramazan-ayi-mesaji-yayinladi\/\" \/>\n<meta property=\"og:site_name\" content=\"AvrupaPress\" \/>\n<meta property=\"article:published_time\" content=\"2023-03-23T19:20:44+00:00\" \/>\n<meta property=\"article:modified_time\" content=\"2023-03-23T19:20:57+00:00\" \/>\n<meta property=\"og:image\" content=\"https:\/\/avrupapress.com\/main\/wp-content\/uploads\/2023\/03\/thumbnail_RUHI-ACIKGOZ3.jpg\" \/>\n\t<meta property=\"og:image:width\" content=\"1024\" \/>\n\t<meta property=\"og:image:height\" content=\"683\" \/>\n\t<meta property=\"og:image:type\" content=\"image\/jpeg\" \/>\n<meta name=\"author\" content=\"Edit\u00f6r\" \/>\n<meta name=\"twitter:card\" content=\"summary_large_image\" \/>\n<meta name=\"twitter:label1\" content=\"\u00c9crit par\" \/>\n\t<meta name=\"twitter:data1\" content=\"Edit\u00f6r\" \/>\n\t<meta name=\"twitter:label2\" content=\"Dur\u00e9e de lecture est.\" \/>\n\t<meta name=\"twitter:data2\" content=\"1 minute\" \/>\n<script type=\"application\/ld+json\" class=\"yoast-schema-graph\">{\"@context\":\"https:\/\/schema.org\",\"@graph\":[{\"@type\":\"Article\",\"@id\":\"https:\/\/avrupapress.com\/main\/2023\/03\/23\/ak-parti-bruksel-temsilcisi-ruhi-acikgozden-ramazan-ayi-mesaji-yayinladi\/#article\",\"isPartOf\":{\"@id\":\"https:\/\/avrupapress.com\/main\/2023\/03\/23\/ak-parti-bruksel-temsilcisi-ruhi-acikgozden-ramazan-ayi-mesaji-yayinladi\/\"},\"author\":{\"name\":\"Edit\u00f6r\",\"@id\":\"https:\/\/avrupapress.com\/#\/schema\/person\/68428444ec60970d1e1b700cf4ca1e8f\"},\"headline\":\"AK Parti Br\u00fcksel Temsilcisi Ruhi Acikgoz\u2019den Ramazan Ay\u0131 mesaji yay\u0131nlad\u0131\",\"datePublished\":\"2023-03-23T19:20:44+00:00\",\"dateModified\":\"2023-03-23T19:20:57+00:00\",\"mainEntityOfPage\":{\"@id\":\"https:\/\/avrupapress.com\/main\/2023\/03\/23\/ak-parti-bruksel-temsilcisi-ruhi-acikgozden-ramazan-ayi-mesaji-yayinladi\/\"},\"wordCount\":187,\"publisher\":{\"@id\":\"https:\/\/avrupapress.com\/#\/schema\/person\/0223dca19c72c43575bf30d1a2d8f4fa\"},\"image\":{\"@id\":\"https:\/\/avrupapress.com\/main\/2023\/03\/23\/ak-parti-bruksel-temsilcisi-ruhi-acikgozden-ramazan-ayi-mesaji-yayinladi\/#primaryimage\"},\"thumbnailUrl\":\"https:\/\/avrupapress.com\/main\/wp-content\/uploads\/2023\/03\/thumbnail_RUHI-ACIKGOZ3.jpg\",\"articleSection\":[\"Avrupa\",\"Bel\u00e7ika\",\"D\u00fcnya\",\"Ekonomi\",\"K\u00fclt\u00fcr-Sanat\",\"Spor\",\"Tan\u0131t\u0131m\",\"T\u00fcrkiye\",\"Uncategorized\"],\"inLanguage\":\"fr-BE\"},{\"@type\":\"WebPage\",\"@id\":\"https:\/\/avrupapress.com\/main\/2023\/03\/23\/ak-parti-bruksel-temsilcisi-ruhi-acikgozden-ramazan-ayi-mesaji-yayinladi\/\",\"url\":\"https:\/\/avrupapress.com\/main\/2023\/03\/23\/ak-parti-bruksel-temsilcisi-ruhi-acikgozden-ramazan-ayi-mesaji-yayinladi\/\",\"name\":\"AK Parti Br\u00fcksel Temsilcisi Ruhi Acikgoz\u2019den Ramazan Ay\u0131 mesaji yay\u0131nlad\u0131 - AvrupaPress\",\"isPartOf\":{\"@id\":\"https:\/\/avrupapress.com\/#website\"},\"primaryImageOfPage\":{\"@id\":\"https:\/\/avrupapress.com\/main\/2023\/03\/23\/ak-parti-bruksel-temsilcisi-ruhi-acikgozden-ramazan-ayi-mesaji-yayinladi\/#primaryimage\"},\"image\":{\"@id\":\"https:\/\/avrupapress.com\/main\/2023\/03\/23\/ak-parti-bruksel-temsilcisi-ruhi-acikgozden-ramazan-ayi-mesaji-yayinladi\/#primaryimage\"},\"thumbnailUrl\":\"https:\/\/avrupapress.com\/main\/wp-content\/uploads\/2023\/03\/thumbnail_RUHI-ACIKGOZ3.jpg\",\"datePublished\":\"2023-03-23T19:20:44+00:00\",\"dateModified\":\"2023-03-23T19:20:57+00:00\",\"breadcrumb\":{\"@id\":\"https:\/\/avrupapress.com\/main\/2023\/03\/23\/ak-parti-bruksel-temsilcisi-ruhi-acikgozden-ramazan-ayi-mesaji-yayinladi\/#breadcrumb\"},\"inLanguage\":\"fr-BE\",\"potentialAction\":[{\"@type\":\"ReadAction\",\"target\":[\"https:\/\/avrupapress.com\/main\/2023\/03\/23\/ak-parti-bruksel-temsilcisi-ruhi-acikgozden-ramazan-ayi-mesaji-yayinladi\/\"]}]},{\"@type\":\"ImageObject\",\"inLanguage\":\"fr-BE\",\"@id\":\"https:\/\/avrupapress.com\/main\/2023\/03\/23\/ak-parti-bruksel-temsilcisi-ruhi-acikgozden-ramazan-ayi-mesaji-yayinladi\/#primaryimage\",\"url\":\"https:\/\/avrupapress.com\/main\/wp-content\/uploads\/2023\/03\/thumbnail_RUHI-ACIKGOZ3.jpg\",\"contentUrl\":\"https:\/\/avrupapress.com\/main\/wp-content\/uploads\/2023\/03\/thumbnail_RUHI-ACIKGOZ3.jpg\",\"width\":1024,\"height\":683},{\"@type\":\"BreadcrumbList\",\"@id\":\"https:\/\/avrupapress.com\/main\/2023\/03\/23\/ak-parti-bruksel-temsilcisi-ruhi-acikgozden-ramazan-ayi-mesaji-yayinladi\/#breadcrumb\",\"itemListElement\":[{\"@type\":\"ListItem\",\"position\":1,\"name\":\"Anasayfa\",\"item\":\"https:\/\/avrupapress.com\/\"},{\"@type\":\"ListItem\",\"position\":2,\"name\":\"AK Parti Br\u00fcksel Temsilcisi Ruhi Acikgoz\u2019den Ramazan Ay\u0131 mesaji yay\u0131nlad\u0131\"}]},{\"@type\":\"WebSite\",\"@id\":\"https:\/\/avrupapress.com\/#website\",\"url\":\"https:\/\/avrupapress.com\/\",\"name\":\"AvrupaPress\",\"description\":\"Haberin Adresi\",\"publisher\":{\"@id\":\"https:\/\/avrupapress.com\/#\/schema\/person\/0223dca19c72c43575bf30d1a2d8f4fa\"},\"potentialAction\":[{\"@type\":\"SearchAction\",\"target\":{\"@type\":\"EntryPoint\",\"urlTemplate\":\"https:\/\/avrupapress.com\/?s={search_term_string}\"},\"query-input\":{\"@type\":\"PropertyValueSpecification\",\"valueRequired\":true,\"valueName\":\"search_term_string\"}}],\"inLanguage\":\"fr-BE\"},{\"@type\":[\"Person\",\"Organization\"],\"@id\":\"https:\/\/avrupapress.com\/#\/schema\/person\/0223dca19c72c43575bf30d1a2d8f4fa\",\"name\":\"Bilgin \u00d6z\u00e7ift\u00e7i\",\"image\":{\"@type\":\"ImageObject\",\"inLanguage\":\"fr-BE\",\"@id\":\"https:\/\/avrupapress.com\/#\/schema\/person\/image\/\",\"url\":\"https:\/\/secure.gravatar.com\/avatar\/0f23b280433a21e1ea7a0adcc46ed0ad16afe3ad8e630fd13d8a017dcbd54ef3?s=96&d=mm&r=g\",\"contentUrl\":\"https:\/\/secure.gravatar.com\/avatar\/0f23b280433a21e1ea7a0adcc46ed0ad16afe3ad8e630fd13d8a017dcbd54ef3?s=96&d=mm&r=g\",\"caption\":\"Bilgin \u00d6z\u00e7ift\u00e7i\"},\"logo\":{\"@id\":\"https:\/\/avrupapress.com\/#\/schema\/person\/image\/\"},\"description\":\"Ne ben, nede sen... Biz ancak \\\"biz\\\" olursak g\u00fc\u00e7l\u00fc olabiliriz\"},{\"@type\":\"Person\",\"@id\":\"https:\/\/avrupapress.com\/#\/schema\/person\/68428444ec60970d1e1b700cf4ca1e8f\",\"name\":\"Edit\u00f6r\",\"image\":{\"@type\":\"ImageObject\",\"inLanguage\":\"fr-BE\",\"@id\":\"https:\/\/avrupapress.com\/#\/schema\/person\/image\/\",\"url\":\"https:\/\/secure.gravatar.com\/avatar\/74996b0977aa5f1559ba9883776652508b229005c0d78fb2597897f0bd651c09?s=96&d=mm&r=g\",\"contentUrl\":\"https:\/\/secure.gravatar.com\/avatar\/74996b0977aa5f1559ba9883776652508b229005c0d78fb2597897f0bd651c09?s=96&d=mm&r=g\",\"caption\":\"Edit\u00f6r\"},\"sameAs\":[\"http:\/\/www.avrupapress.com\"],\"url\":\"https:\/\/avrupapress.com\/main\/author\/editor\/\"}]}<\/script>\n<!-- \/ Yoast SEO plugin. -->","yoast_head_json":{"title":"AK Parti Br\u00fcksel Temsilcisi Ruhi Acikgoz\u2019den Ramazan Ay\u0131 mesaji yay\u0131nlad\u0131 - AvrupaPress","robots":{"index":"index","follow":"follow","max-snippet":"max-snippet:-1","max-image-preview":"max-image-preview:large","max-video-preview":"max-video-preview:-1"},"canonical":"https:\/\/avrupapress.com\/main\/2023\/03\/23\/ak-parti-bruksel-temsilcisi-ruhi-acikgozden-ramazan-ayi-mesaji-yayinladi\/","og_locale":"fr_FR","og_type":"article","og_title":"AK Parti Br\u00fcksel Temsilcisi Ruhi Acikgoz\u2019den Ramazan Ay\u0131 mesaji yay\u0131nlad\u0131 - AvrupaPress","og_description":"AK Parti Br\u00fcksel Temsilcisi Ruhi A\u00e7\u0131kg\u00f6z, Ramazan Ay\u0131, vesilesiyle bir\u00a0 mesaji yay\u0131nlad\u0131. Ruhi A\u00e7\u0131kg\u00f6z\u2019\u00fcn mesaj\u0131: De\u011ferli Vatanda\u015f\u0131m\u0131z; G\u00f6n\u00fcllere huzur veren on bir ay\u0131n sultan\u0131 Ramazan ay\u0131na kavu\u015fman\u0131n, manevi iklimini ya\u015f\u0131yoruz. Ba\u015f\u0131 rahmet, ortas\u0131 ma\u011ffiret ve sonu cehennemden kurtulu\u015f olan Ramazan-\u0131 \u015eerif\u2019i bir kez daha kar\u015f\u0131laman\u0131n; ruhun g\u0131das\u0131, bedenin \u015fifas\u0131 olan oru\u00e7lar\u0131m\u0131z\u0131 tutabilecek olman\u0131n e\u015fsiz heyecan\u0131 [&hellip;]","og_url":"https:\/\/avrupapress.com\/main\/2023\/03\/23\/ak-parti-bruksel-temsilcisi-ruhi-acikgozden-ramazan-ayi-mesaji-yayinladi\/","og_site_name":"AvrupaPress","article_published_time":"2023-03-23T19:20:44+00:00","article_modified_time":"2023-03-23T19:20:57+00:00","og_image":[{"width":1024,"height":683,"url":"https:\/\/avrupapress.com\/main\/wp-content\/uploads\/2023\/03\/thumbnail_RUHI-ACIKGOZ3.jpg","type":"image\/jpeg"}],"author":"Edit\u00f6r","twitter_card":"summary_large_image","twitter_misc":{"\u00c9crit par":"Edit\u00f6r","Dur\u00e9e de lecture est.":"1 minute"},"schema":{"@context":"https:\/\/schema.org","@graph":[{"@type":"Article","@id":"https:\/\/avrupapress.com\/main\/2023\/03\/23\/ak-parti-bruksel-temsilcisi-ruhi-acikgozden-ramazan-ayi-mesaji-yayinladi\/#article","isPartOf":{"@id":"https:\/\/avrupapress.com\/main\/2023\/03\/23\/ak-parti-bruksel-temsilcisi-ruhi-acikgozden-ramazan-ayi-mesaji-yayinladi\/"},"author":{"name":"Edit\u00f6r","@id":"https:\/\/avrupapress.com\/#\/schema\/person\/68428444ec60970d1e1b700cf4ca1e8f"},"headline":"AK Parti Br\u00fcksel Temsilcisi Ruhi Acikgoz\u2019den Ramazan Ay\u0131 mesaji yay\u0131nlad\u0131","datePublished":"2023-03-23T19:20:44+00:00","dateModified":"2023-03-23T19:20:57+00:00","mainEntityOfPage":{"@id":"https:\/\/avrupapress.com\/main\/2023\/03\/23\/ak-parti-bruksel-temsilcisi-ruhi-acikgozden-ramazan-ayi-mesaji-yayinladi\/"},"wordCount":187,"publisher":{"@id":"https:\/\/avrupapress.com\/#\/schema\/person\/0223dca19c72c43575bf30d1a2d8f4fa"},"image":{"@id":"https:\/\/avrupapress.com\/main\/2023\/03\/23\/ak-parti-bruksel-temsilcisi-ruhi-acikgozden-ramazan-ayi-mesaji-yayinladi\/#primaryimage"},"thumbnailUrl":"https:\/\/avrupapress.com\/main\/wp-content\/uploads\/2023\/03\/thumbnail_RUHI-ACIKGOZ3.jpg","articleSection":["Avrupa","Bel\u00e7ika","D\u00fcnya","Ekonomi","K\u00fclt\u00fcr-Sanat","Spor","Tan\u0131t\u0131m","T\u00fcrkiye","Uncategorized"],"inLanguage":"fr-BE"},{"@type":"WebPage","@id":"https:\/\/avrupapress.com\/main\/2023\/03\/23\/ak-parti-bruksel-temsilcisi-ruhi-acikgozden-ramazan-ayi-mesaji-yayinladi\/","url":"https:\/\/avrupapress.com\/main\/2023\/03\/23\/ak-parti-bruksel-temsilcisi-ruhi-acikgozden-ramazan-ayi-mesaji-yayinladi\/","name":"AK Parti Br\u00fcksel Temsilcisi Ruhi Acikgoz\u2019den Ramazan Ay\u0131 mesaji yay\u0131nlad\u0131 - AvrupaPress","isPartOf":{"@id":"https:\/\/avrupapress.com\/#website"},"primaryImageOfPage":{"@id":"https:\/\/avrupapress.com\/main\/2023\/03\/23\/ak-parti-bruksel-temsilcisi-ruhi-acikgozden-ramazan-ayi-mesaji-yayinladi\/#primaryimage"},"image":{"@id":"https:\/\/avrupapress.com\/main\/2023\/03\/23\/ak-parti-bruksel-temsilcisi-ruhi-acikgozden-ramazan-ayi-mesaji-yayinladi\/#primaryimage"},"thumbnailUrl":"https:\/\/avrupapress.com\/main\/wp-content\/uploads\/2023\/03\/thumbnail_RUHI-ACIKGOZ3.jpg","datePublished":"2023-03-23T19:20:44+00:00","dateModified":"2023-03-23T19:20:57+00:00","breadcrumb":{"@id":"https:\/\/avrupapress.com\/main\/2023\/03\/23\/ak-parti-bruksel-temsilcisi-ruhi-acikgozden-ramazan-ayi-mesaji-yayinladi\/#breadcrumb"},"inLanguage":"fr-BE","potentialAction":[{"@type":"ReadAction","target":["https:\/\/avrupapress.com\/main\/2023\/03\/23\/ak-parti-bruksel-temsilcisi-ruhi-acikgozden-ramazan-ayi-mesaji-yayinladi\/"]}]},{"@type":"ImageObject","inLanguage":"fr-BE","@id":"https:\/\/avrupapress.com\/main\/2023\/03\/23\/ak-parti-bruksel-temsilcisi-ruhi-acikgozden-ramazan-ayi-mesaji-yayinladi\/#primaryimage","url":"https:\/\/avrupapress.com\/main\/wp-content\/uploads\/2023\/03\/thumbnail_RUHI-ACIKGOZ3.jpg","contentUrl":"https:\/\/avrupapress.com\/main\/wp-content\/uploads\/2023\/03\/thumbnail_RUHI-ACIKGOZ3.jpg","width":1024,"height":683},{"@type":"BreadcrumbList","@id":"https:\/\/avrupapress.com\/main\/2023\/03\/23\/ak-parti-bruksel-temsilcisi-ruhi-acikgozden-ramazan-ayi-mesaji-yayinladi\/#breadcrumb","itemListElement":[{"@type":"ListItem","position":1,"name":"Anasayfa","item":"https:\/\/avrupapress.com\/"},{"@type":"ListItem","position":2,"name":"AK Parti Br\u00fcksel Temsilcisi Ruhi Acikgoz\u2019den Ramazan Ay\u0131 mesaji yay\u0131nlad\u0131"}]},{"@type":"WebSite","@id":"https:\/\/avrupapress.com\/#website","url":"https:\/\/avrupapress.com\/","name":"AvrupaPress","description":"Haberin Adresi","publisher":{"@id":"https:\/\/avrupapress.com\/#\/schema\/person\/0223dca19c72c43575bf30d1a2d8f4fa"},"potentialAction":[{"@type":"SearchAction","target":{"@type":"EntryPoint","urlTemplate":"https:\/\/avrupapress.com\/?s={search_term_string}"},"query-input":{"@type":"PropertyValueSpecification","valueRequired":true,"valueName":"search_term_string"}}],"inLanguage":"fr-BE"},{"@type":["Person","Organization"],"@id":"https:\/\/avrupapress.com\/#\/schema\/person\/0223dca19c72c43575bf30d1a2d8f4fa","name":"Bilgin \u00d6z\u00e7ift\u00e7i","image":{"@type":"ImageObject","inLanguage":"fr-BE","@id":"https:\/\/avrupapress.com\/#\/schema\/person\/image\/","url":"https:\/\/secure.gravatar.com\/avatar\/0f23b280433a21e1ea7a0adcc46ed0ad16afe3ad8e630fd13d8a017dcbd54ef3?s=96&d=mm&r=g","contentUrl":"https:\/\/secure.gravatar.com\/avatar\/0f23b280433a21e1ea7a0adcc46ed0ad16afe3ad8e630fd13d8a017dcbd54ef3?s=96&d=mm&r=g","caption":"Bilgin \u00d6z\u00e7ift\u00e7i"},"logo":{"@id":"https:\/\/avrupapress.com\/#\/schema\/person\/image\/"},"description":"Ne ben, nede sen... Biz ancak \"biz\" olursak g\u00fc\u00e7l\u00fc olabiliriz"},{"@type":"Person","@id":"https:\/\/avrupapress.com\/#\/schema\/person\/68428444ec60970d1e1b700cf4ca1e8f","name":"Edit\u00f6r","image":{"@type":"ImageObject","inLanguage":"fr-BE","@id":"https:\/\/avrupapress.com\/#\/schema\/person\/image\/","url":"https:\/\/secure.gravatar.com\/avatar\/74996b0977aa5f1559ba9883776652508b229005c0d78fb2597897f0bd651c09?s=96&d=mm&r=g","contentUrl":"https:\/\/secure.gravatar.com\/avatar\/74996b0977aa5f1559ba9883776652508b229005c0d78fb2597897f0bd651c09?s=96&d=mm&r=g","caption":"Edit\u00f6r"},"sameAs":["http:\/\/www.avrupapress.com"],"url":"https:\/\/avrupapress.com\/main\/author\/editor\/"}]}},"_links":{"self":[{"href":"https:\/\/avrupapress.com\/main\/wp-json\/wp\/v2\/posts\/22243","targetHints":{"allow":["GET"]}}],"collection":[{"href":"https:\/\/avrupapress.com\/main\/wp-json\/wp\/v2\/posts"}],"about":[{"href":"https:\/\/avrupapress.com\/main\/wp-json\/wp\/v2\/types\/post"}],"author":[{"embeddable":true,"href":"https:\/\/avrupapress.com\/main\/wp-json\/wp\/v2\/users\/3"}],"replies":[{"embeddable":true,"href":"https:\/\/avrupapress.com\/main\/wp-json\/wp\/v2\/comments?post=22243"}],"version-history":[{"count":1,"href":"https:\/\/avrupapress.com\/main\/wp-json\/wp\/v2\/posts\/22243\/revisions"}],"predecessor-version":[{"id":22245,"href":"https:\/\/avrupapress.com\/main\/wp-json\/wp\/v2\/posts\/22243\/revisions\/22245"}],"wp:featuredmedia":[{"embeddable":true,"href":"https:\/\/avrupapress.com\/main\/wp-json\/wp\/v2\/media\/22244"}],"wp:attachment":[{"href":"https:\/\/avrupapress.com\/main\/wp-json\/wp\/v2\/media?parent=22243"}],"wp:term":[{"taxonomy":"category","embeddable":true,"href":"https:\/\/avrupapress.com\/main\/wp-json\/wp\/v2\/categories?post=22243"},{"taxonomy":"post_tag","embeddable":true,"href":"https:\/\/avrupapress.com\/main\/wp-json\/wp\/v2\/tags?post=22243"}],"curies":[{"name":"wp","href":"https:\/\/api.w.org\/{rel}","templated":true}]}}