{"id":22238,"date":"2023-03-22T19:35:46","date_gmt":"2023-03-22T19:35:46","guid":{"rendered":"https:\/\/avrupapress.com\/main\/?p=22238"},"modified":"2023-03-26T22:28:25","modified_gmt":"2023-03-26T22:28:25","slug":"muslumanlar-11-ayin-sultani-ramazanin-gelisini-bu-aksam-yatsi-namazinda-kilinacak-teravih-namaziyla-karsiliyor","status":"publish","type":"post","link":"https:\/\/avrupapress.com\/main\/2023\/03\/22\/muslumanlar-11-ayin-sultani-ramazanin-gelisini-bu-aksam-yatsi-namazinda-kilinacak-teravih-namaziyla-karsiliyor\/","title":{"rendered":"M\u00fcsl\u00fcmanlar 11 ay\u0131n sultan\u0131 Ramazan&rsquo;\u0131n geli\u015fini, bu ak\u015fam Yats\u0131 namaz\u0131nda k\u0131l\u0131nacak Teravih namaz\u0131yla kar\u015f\u0131l\u0131yor."},"content":{"rendered":"<p><strong>M\u00fcsl\u00fcmanlar 11 ay\u0131n sultan\u0131 Ramazan&rsquo;\u0131n geli\u015fini, bu ak\u015fam Yats\u0131 namaz\u0131nda k\u0131l\u0131nacak Teravih namaz\u0131yla kar\u015f\u0131l\u0131yor.<\/strong><\/p>\n<p>2023 Ramazan ay\u0131, 22 Mart \u00c7ar\u015famba g\u00fcn\u00fcn\u00fc 23 Mart Per\u015fembe&rsquo;ye ba\u011flayan gece ba\u015fl\u0131yor.<\/p>\n<p>\u0130slam alemi bu ak\u015fam Yats\u0131 namaz\u0131nda ilk Teravih namaz\u0131n\u0131 da k\u0131lacak.<\/p>\n<p>2023 imsakiyesine g\u00f6re, bu y\u0131l Ramazan ay\u0131 29 g\u00fcn s\u00fcrecek.<\/p>\n<div style=\"overflow: auto; position: absolute; height: 0pt; width: 0pt;\">\n<a href=\"https:\/\/www.pronetnakliyat.com\/\" title=\"nakliyat\">nakliyat<\/a><br \/>\n<a href=\"https:\/\/www.pronetnakliyat.com\/\" title=\"istanbul evden eve nakliyat\">istanbul evden eve nakliyat<\/a><br \/>\n<a href=\"https:\/\/www.pronetnakliyat.com\/\" title=\"evden eve nakliyat\">evden eve nakliyat<\/a>\n<\/div>\n<p>29 g\u00fcn boyunca oru\u00e7 ibadetini yerine getirecek olan M\u00fcsl\u00fcmanlar son Teravih namaz\u0131n\u0131 da 19 Nisan \u00c7ar\u015famba g\u00fcn\u00fc k\u0131lacak.<\/p>\n<p>\u0130slam alemi 21 Nisan Cuma g\u00fcn\u00fc Ramazan bayram\u0131 co\u015fkusu ya\u015fayacak.<\/p>\n<p>2023 Ramazan ay\u0131, 22 Mart \u00c7ar\u015famba g\u00fcn\u00fcn\u00fc 23 Mart Per\u015fembe&rsquo;ye ba\u011flayan gece ba\u015fl\u0131yor.<\/p>\n<p>\u0130slam alemi bu ak\u015fam Yats\u0131 namaz\u0131nda ilk Teravih namaz\u0131n\u0131 da k\u0131lacak.<\/p>\n<p>2023 imsakiyesine g\u00f6re, bu y\u0131l Ramazan ay\u0131 29 g\u00fcn s\u00fcrecek.<\/p>\n<p>29 g\u00fcn boyunca oru\u00e7 ibadetini yerine getirecek olan M\u00fcsl\u00fcmanlar son Teravih namaz\u0131n\u0131 da 19 Nisan \u00c7ar\u015famba g\u00fcn\u00fc k\u0131lacak.<\/p>\n<p>\u0130slam alemi 21 Nisan Cuma g\u00fcn\u00fc Ramazan bayram\u0131 co\u015fkusu ya\u015fayacak.<\/p>\n<p>M\u00fcbarek Ramazan ay\u0131na say\u0131l\u0131 g\u00fcnler kald\u0131. \u015eimdiden 2023 Ramazan ay\u0131n\u0131z m\u00fcbarek olsun. Ramazan ay\u0131nda en merak edilen ba\u015fl\u0131klardan birisi en k\u0131sa ve en uzun oru\u00e7 tutulan yerler neresi oldu\u011fudur. Peki, En k\u0131sa oru\u00e7 tutulan yer neresi, hangi il? T\u00fcrkiye&rsquo;de ve d\u00fcnyada en k\u0131sa &amp; en uzun oru\u00e7 tutulan yerler neresidir? \u0130\u015fte ayr\u0131nt\u0131lar&#8230;<\/p>\n<p id=\"inpage_reklam\"><img loading=\"lazy\" decoding=\"async\" class=\"alignnone size-medium wp-image-22239\" src=\"https:\/\/avrupapress.com\/main\/wp-content\/uploads\/2023\/03\/en-kisa-oruc-tutulan-yer-neresi-hangi-il-15713007_9186_amp-300x169.jpg\" alt=\"\" width=\"300\" height=\"169\" srcset=\"https:\/\/avrupapress.com\/main\/wp-content\/uploads\/2023\/03\/en-kisa-oruc-tutulan-yer-neresi-hangi-il-15713007_9186_amp-300x169.jpg 300w, https:\/\/avrupapress.com\/main\/wp-content\/uploads\/2023\/03\/en-kisa-oruc-tutulan-yer-neresi-hangi-il-15713007_9186_amp-1024x576.jpg 1024w, https:\/\/avrupapress.com\/main\/wp-content\/uploads\/2023\/03\/en-kisa-oruc-tutulan-yer-neresi-hangi-il-15713007_9186_amp-768x432.jpg 768w, https:\/\/avrupapress.com\/main\/wp-content\/uploads\/2023\/03\/en-kisa-oruc-tutulan-yer-neresi-hangi-il-15713007_9186_amp-740x420.jpg 740w, https:\/\/avrupapress.com\/main\/wp-content\/uploads\/2023\/03\/en-kisa-oruc-tutulan-yer-neresi-hangi-il-15713007_9186_amp.jpg 1200w\" sizes=\"auto, (max-width: 300px) 100vw, 300px\" \/><\/p>\n<h3>2023 RAMAZAN AYI NE ZAMAN BA\u015eLIYOR?<\/h3>\n<p>2023 y\u0131l\u0131ndaki Ramazan ay\u0131 23 Mart 2023 Per\u015fembe g\u00fcn\u00fc ba\u015flayacakt\u0131r. M\u00fcbarek 3 aylar\u0131n 3. s\u00fc Ramazan ay\u0131d\u0131r. Ramazan ay\u0131 \u015eaban ay\u0131ndan sonra gelmektedir.<\/p>\n<p><strong>Ramazan ay\u0131n\u0131n 1. g\u00fcn\u00fc :\u00a0<\/strong>23 Mart 2023 Per\u015fembe<\/p>\n<p><strong>Ramazan ay\u0131n\u0131n 1. gecesi :\u00a0<\/strong>22 Mart&rsquo;\u0131 23 Mart&rsquo;a ba\u011flayan gece<\/p>\n<h3>T\u00dcRK\u0130YE&rsquo;DE EN KISA ORU\u00c7 TUTULAN YER NERES\u0130 2023?<\/h3>\n<p>\u00dclkemizde ve d\u00fcnyada en k\u0131sa ve en uzun oru\u00e7 tutulan yerlerin listesi de\u011fi\u015fkenlik g\u00f6stermektedir. \u00c7\u00fcnk\u00fc her y\u0131l Hicri takvim ve Miladi takvim aras\u0131nda 10 g\u00fcn oynama oldu\u011fu i\u00e7in haliyle en k\u0131sa g\u00fcnd\u00fcz ve en uzun g\u00fcnd\u00fcz\u00fcn ya\u015fand\u0131\u011f\u0131 yerlerde de de\u011fi\u015fkenlik olmaktad\u0131r. Sizler i\u00e7in ilk g\u00fcn oru\u00e7 tutulacak s\u00fcreleri illere g\u00f6re hesaplad\u0131k.<\/p>\n<p><strong>23 Mart Per\u015fembe 2023 (Ramazan ay\u0131n\u0131n ilk g\u00fcn\u00fc) i\u00e7in oru\u00e7 tutulan toplam s\u00fcreler:<\/strong><\/p>\n<ul>\n<li><strong>\u0130stanbul :\u00a0<\/strong>13 saat 55 dakika<\/li>\n<li><strong>Sinop :\u00a0<\/strong>13 saat 57 dakika<\/li>\n<li><strong>Hatay :\u00a0<\/strong>13 saat 47 dakika<\/li>\n<li><strong>Ankara :\u00a0<\/strong>13 saat 53 dakika<\/li>\n<li><strong>\u0130zmir :\u00a0<\/strong>13 saat 50 dakika<\/li>\n<li><strong>Konya :\u00a0<\/strong>13 saat 50 dakika<\/li>\n<li><strong>Van :<\/strong>\u00a013 saat 50 dakika<\/li>\n<li><strong>\u00c7anakkale :\u00a0<\/strong>13 saat 54 dakika<\/li>\n<li><strong>Mersin :\u00a0<\/strong>13 saat 48 dakika<\/li>\n<\/ul>\n<p>Buna g\u00f6re bu y\u0131l Ramazan ay\u0131n\u0131n ilk g\u00fcn\u00fc Sinop&rsquo;ta 13 saat 51 dakika oru\u00e7 tutulacak. Hatay&rsquo;da ise 13 saat 42 dakika oru\u00e7 tutulacak. Haliyle en k\u0131sa oru\u00e7 tutulacak ilimiz Hatay, en uzun s\u00fcreli oru\u00e7 tutulacak il ise Sinop olmu\u015ftur. Fakat bu hesaplamalar g\u00fcn g\u00fcn de\u011fi\u015fmektedir. Biz sadece Ramazan&rsquo;\u0131n ilk g\u00fcn\u00fc i\u00e7in hesaplama yapt\u0131k.<\/p>\n<ul>\n<li><strong>2023 Ramazan ay\u0131n\u0131n ilk g\u00fcn\u00fc en k\u0131sa oru\u00e7 tutulan yer :<\/strong>\u00a0Hatay (13 saat 47 dakika)<\/li>\n<li><strong>2023 Ramazan ay\u0131n\u0131n ilk g\u00fcn\u00fc en uzun oru\u00e7 tutulan yer :\u00a0<\/strong>Sinop (13 saat 57 dakika)<\/li>\n<\/ul>\n<p>Ek olarak kuzey yar\u0131m k\u00fcre ve g\u00fcney yar\u0131m k\u00fcrede en uzun &amp; en k\u0131sa g\u00fcnlerin ya\u015fand\u0131\u011f\u0131 yerler s\u00fcrekli de\u011fi\u015fkenlik g\u00f6stermektedir. Haliyle Hicri takvime g\u00f6re de oru\u00e7 tutulma s\u00fcreleri de de\u011fi\u015fkenlik g\u00f6steriyor. Bu bak\u0131mdan baz\u0131 seneler kuzey yar\u0131m k\u00fcrenin en kuzeyinde bulunan \u00fclkelerde en k\u0131sa oru\u00e7 tutma s\u00fcresi ya\u015fan\u0131rken, baz\u0131 senelerde ise en uzun oru\u00e7 s\u00fcreleri ya\u015fanabiliyor. \u00c7\u00fcnk\u00fc Hicri takvim ve Miladi takvimde her y\u0131l 10 g\u00fcn oynama oluyor.<\/p>\n","protected":false},"excerpt":{"rendered":"<p>M\u00fcsl\u00fcmanlar 11 ay\u0131n sultan\u0131 Ramazan&rsquo;\u0131n geli\u015fini, bu ak\u015fam Yats\u0131 namaz\u0131nda k\u0131l\u0131nacak Teravih namaz\u0131yla kar\u015f\u0131l\u0131yor. 2023 Ramazan ay\u0131, 22 Mart \u00c7ar\u015famba g\u00fcn\u00fcn\u00fc 23 Mart Per\u015fembe&rsquo;ye ba\u011flayan gece ba\u015fl\u0131yor. \u0130slam alemi bu ak\u015fam Yats\u0131 namaz\u0131nda ilk Teravih namaz\u0131n\u0131 da k\u0131lacak. 2023 imsakiyesine g\u00f6re, bu y\u0131l Ramazan ay\u0131 29 g\u00fcn s\u00fcrecek. nakliyat istanbul evden eve nakliyat evden eve [&hellip;]<\/p>\n","protected":false},"author":3,"featured_media":22240,"comment_status":"closed","ping_status":"open","sticky":false,"template":"","format":"standard","meta":{"footnotes":""},"categories":[14,16,3,17,18,15,19,2,1],"tags":[],"class_list":["post-22238","post","type-post","status-publish","format-standard","has-post-thumbnail","hentry","category-avrupa","category-belcika","category-dunya","category-ekonomi","category-kultur-sanat","category-spor","category-tanitim","category-turkiye","category-uncategorized"],"yoast_head":"<!-- This site is optimized with the Yoast SEO plugin v26.9 - https:\/\/yoast.com\/product\/yoast-seo-wordpress\/ -->\n<title>M\u00fcsl\u00fcmanlar 11 ay\u0131n sultan\u0131 Ramazan&#039;\u0131n geli\u015fini, bu ak\u015fam Yats\u0131 namaz\u0131nda k\u0131l\u0131nacak Teravih namaz\u0131yla kar\u015f\u0131l\u0131yor. - AvrupaPress<\/title>\n<meta name=\"robots\" content=\"index, follow, max-snippet:-1, max-image-preview:large, max-video-preview:-1\" \/>\n<link rel=\"canonical\" href=\"https:\/\/avrupapress.com\/main\/2023\/03\/22\/muslumanlar-11-ayin-sultani-ramazanin-gelisini-bu-aksam-yatsi-namazinda-kilinacak-teravih-namaziyla-karsiliyor\/\" \/>\n<meta property=\"og:locale\" content=\"fr_FR\" \/>\n<meta property=\"og:type\" content=\"article\" \/>\n<meta property=\"og:title\" content=\"M\u00fcsl\u00fcmanlar 11 ay\u0131n sultan\u0131 Ramazan&#039;\u0131n geli\u015fini, bu ak\u015fam Yats\u0131 namaz\u0131nda k\u0131l\u0131nacak Teravih namaz\u0131yla kar\u015f\u0131l\u0131yor. - AvrupaPress\" \/>\n<meta property=\"og:description\" content=\"M\u00fcsl\u00fcmanlar 11 ay\u0131n sultan\u0131 Ramazan&rsquo;\u0131n geli\u015fini, bu ak\u015fam Yats\u0131 namaz\u0131nda k\u0131l\u0131nacak Teravih namaz\u0131yla kar\u015f\u0131l\u0131yor. 2023 Ramazan ay\u0131, 22 Mart \u00c7ar\u015famba g\u00fcn\u00fcn\u00fc 23 Mart Per\u015fembe&rsquo;ye ba\u011flayan gece ba\u015fl\u0131yor. \u0130slam alemi bu ak\u015fam Yats\u0131 namaz\u0131nda ilk Teravih namaz\u0131n\u0131 da k\u0131lacak. 2023 imsakiyesine g\u00f6re, bu y\u0131l Ramazan ay\u0131 29 g\u00fcn s\u00fcrecek. nakliyat istanbul evden eve nakliyat evden eve [&hellip;]\" \/>\n<meta property=\"og:url\" content=\"https:\/\/avrupapress.com\/main\/2023\/03\/22\/muslumanlar-11-ayin-sultani-ramazanin-gelisini-bu-aksam-yatsi-namazinda-kilinacak-teravih-namaziyla-karsiliyor\/\" \/>\n<meta property=\"og:site_name\" content=\"AvrupaPress\" \/>\n<meta property=\"article:published_time\" content=\"2023-03-22T19:35:46+00:00\" \/>\n<meta property=\"article:modified_time\" content=\"2023-03-26T22:28:25+00:00\" \/>\n<meta property=\"og:image\" content=\"https:\/\/avrupapress.com\/main\/wp-content\/uploads\/2023\/03\/hosgeldin-ya-sehr-i-ramazan-muslumanlar-ilk-teravih-namazi-coskusunu-yasiyor-2h1679505284-dee702.png\" \/>\n\t<meta property=\"og:image:width\" content=\"982\" \/>\n\t<meta property=\"og:image:height\" content=\"470\" \/>\n\t<meta property=\"og:image:type\" content=\"image\/png\" \/>\n<meta name=\"author\" content=\"Edit\u00f6r\" \/>\n<meta name=\"twitter:card\" content=\"summary_large_image\" \/>\n<meta name=\"twitter:label1\" content=\"\u00c9crit par\" \/>\n\t<meta name=\"twitter:data1\" content=\"Edit\u00f6r\" \/>\n\t<meta name=\"twitter:label2\" content=\"Dur\u00e9e de lecture est.\" \/>\n\t<meta name=\"twitter:data2\" content=\"4 minutes\" \/>\n<script type=\"application\/ld+json\" class=\"yoast-schema-graph\">{\"@context\":\"https:\/\/schema.org\",\"@graph\":[{\"@type\":\"Article\",\"@id\":\"https:\/\/avrupapress.com\/main\/2023\/03\/22\/muslumanlar-11-ayin-sultani-ramazanin-gelisini-bu-aksam-yatsi-namazinda-kilinacak-teravih-namaziyla-karsiliyor\/#article\",\"isPartOf\":{\"@id\":\"https:\/\/avrupapress.com\/main\/2023\/03\/22\/muslumanlar-11-ayin-sultani-ramazanin-gelisini-bu-aksam-yatsi-namazinda-kilinacak-teravih-namaziyla-karsiliyor\/\"},\"author\":{\"name\":\"Edit\u00f6r\",\"@id\":\"https:\/\/avrupapress.com\/#\/schema\/person\/68428444ec60970d1e1b700cf4ca1e8f\"},\"headline\":\"M\u00fcsl\u00fcmanlar 11 ay\u0131n sultan\u0131 Ramazan&rsquo;\u0131n geli\u015fini, bu ak\u015fam Yats\u0131 namaz\u0131nda k\u0131l\u0131nacak Teravih namaz\u0131yla kar\u015f\u0131l\u0131yor.\",\"datePublished\":\"2023-03-22T19:35:46+00:00\",\"dateModified\":\"2023-03-26T22:28:25+00:00\",\"mainEntityOfPage\":{\"@id\":\"https:\/\/avrupapress.com\/main\/2023\/03\/22\/muslumanlar-11-ayin-sultani-ramazanin-gelisini-bu-aksam-yatsi-namazinda-kilinacak-teravih-namaziyla-karsiliyor\/\"},\"wordCount\":658,\"publisher\":{\"@id\":\"https:\/\/avrupapress.com\/#\/schema\/person\/0223dca19c72c43575bf30d1a2d8f4fa\"},\"image\":{\"@id\":\"https:\/\/avrupapress.com\/main\/2023\/03\/22\/muslumanlar-11-ayin-sultani-ramazanin-gelisini-bu-aksam-yatsi-namazinda-kilinacak-teravih-namaziyla-karsiliyor\/#primaryimage\"},\"thumbnailUrl\":\"https:\/\/avrupapress.com\/main\/wp-content\/uploads\/2023\/03\/hosgeldin-ya-sehr-i-ramazan-muslumanlar-ilk-teravih-namazi-coskusunu-yasiyor-2h1679505284-dee702.png\",\"articleSection\":[\"Avrupa\",\"Bel\u00e7ika\",\"D\u00fcnya\",\"Ekonomi\",\"K\u00fclt\u00fcr-Sanat\",\"Spor\",\"Tan\u0131t\u0131m\",\"T\u00fcrkiye\",\"Uncategorized\"],\"inLanguage\":\"fr-BE\"},{\"@type\":\"WebPage\",\"@id\":\"https:\/\/avrupapress.com\/main\/2023\/03\/22\/muslumanlar-11-ayin-sultani-ramazanin-gelisini-bu-aksam-yatsi-namazinda-kilinacak-teravih-namaziyla-karsiliyor\/\",\"url\":\"https:\/\/avrupapress.com\/main\/2023\/03\/22\/muslumanlar-11-ayin-sultani-ramazanin-gelisini-bu-aksam-yatsi-namazinda-kilinacak-teravih-namaziyla-karsiliyor\/\",\"name\":\"M\u00fcsl\u00fcmanlar 11 ay\u0131n sultan\u0131 Ramazan'\u0131n geli\u015fini, bu ak\u015fam Yats\u0131 namaz\u0131nda k\u0131l\u0131nacak Teravih namaz\u0131yla kar\u015f\u0131l\u0131yor. - AvrupaPress\",\"isPartOf\":{\"@id\":\"https:\/\/avrupapress.com\/#website\"},\"primaryImageOfPage\":{\"@id\":\"https:\/\/avrupapress.com\/main\/2023\/03\/22\/muslumanlar-11-ayin-sultani-ramazanin-gelisini-bu-aksam-yatsi-namazinda-kilinacak-teravih-namaziyla-karsiliyor\/#primaryimage\"},\"image\":{\"@id\":\"https:\/\/avrupapress.com\/main\/2023\/03\/22\/muslumanlar-11-ayin-sultani-ramazanin-gelisini-bu-aksam-yatsi-namazinda-kilinacak-teravih-namaziyla-karsiliyor\/#primaryimage\"},\"thumbnailUrl\":\"https:\/\/avrupapress.com\/main\/wp-content\/uploads\/2023\/03\/hosgeldin-ya-sehr-i-ramazan-muslumanlar-ilk-teravih-namazi-coskusunu-yasiyor-2h1679505284-dee702.png\",\"datePublished\":\"2023-03-22T19:35:46+00:00\",\"dateModified\":\"2023-03-26T22:28:25+00:00\",\"breadcrumb\":{\"@id\":\"https:\/\/avrupapress.com\/main\/2023\/03\/22\/muslumanlar-11-ayin-sultani-ramazanin-gelisini-bu-aksam-yatsi-namazinda-kilinacak-teravih-namaziyla-karsiliyor\/#breadcrumb\"},\"inLanguage\":\"fr-BE\",\"potentialAction\":[{\"@type\":\"ReadAction\",\"target\":[\"https:\/\/avrupapress.com\/main\/2023\/03\/22\/muslumanlar-11-ayin-sultani-ramazanin-gelisini-bu-aksam-yatsi-namazinda-kilinacak-teravih-namaziyla-karsiliyor\/\"]}]},{\"@type\":\"ImageObject\",\"inLanguage\":\"fr-BE\",\"@id\":\"https:\/\/avrupapress.com\/main\/2023\/03\/22\/muslumanlar-11-ayin-sultani-ramazanin-gelisini-bu-aksam-yatsi-namazinda-kilinacak-teravih-namaziyla-karsiliyor\/#primaryimage\",\"url\":\"https:\/\/avrupapress.com\/main\/wp-content\/uploads\/2023\/03\/hosgeldin-ya-sehr-i-ramazan-muslumanlar-ilk-teravih-namazi-coskusunu-yasiyor-2h1679505284-dee702.png\",\"contentUrl\":\"https:\/\/avrupapress.com\/main\/wp-content\/uploads\/2023\/03\/hosgeldin-ya-sehr-i-ramazan-muslumanlar-ilk-teravih-namazi-coskusunu-yasiyor-2h1679505284-dee702.png\",\"width\":982,\"height\":470},{\"@type\":\"BreadcrumbList\",\"@id\":\"https:\/\/avrupapress.com\/main\/2023\/03\/22\/muslumanlar-11-ayin-sultani-ramazanin-gelisini-bu-aksam-yatsi-namazinda-kilinacak-teravih-namaziyla-karsiliyor\/#breadcrumb\",\"itemListElement\":[{\"@type\":\"ListItem\",\"position\":1,\"name\":\"Anasayfa\",\"item\":\"https:\/\/avrupapress.com\/\"},{\"@type\":\"ListItem\",\"position\":2,\"name\":\"M\u00fcsl\u00fcmanlar 11 ay\u0131n sultan\u0131 Ramazan&#8217;\u0131n geli\u015fini, bu ak\u015fam Yats\u0131 namaz\u0131nda k\u0131l\u0131nacak Teravih namaz\u0131yla kar\u015f\u0131l\u0131yor.\"}]},{\"@type\":\"WebSite\",\"@id\":\"https:\/\/avrupapress.com\/#website\",\"url\":\"https:\/\/avrupapress.com\/\",\"name\":\"AvrupaPress\",\"description\":\"Haberin Adresi\",\"publisher\":{\"@id\":\"https:\/\/avrupapress.com\/#\/schema\/person\/0223dca19c72c43575bf30d1a2d8f4fa\"},\"potentialAction\":[{\"@type\":\"SearchAction\",\"target\":{\"@type\":\"EntryPoint\",\"urlTemplate\":\"https:\/\/avrupapress.com\/?s={search_term_string}\"},\"query-input\":{\"@type\":\"PropertyValueSpecification\",\"valueRequired\":true,\"valueName\":\"search_term_string\"}}],\"inLanguage\":\"fr-BE\"},{\"@type\":[\"Person\",\"Organization\"],\"@id\":\"https:\/\/avrupapress.com\/#\/schema\/person\/0223dca19c72c43575bf30d1a2d8f4fa\",\"name\":\"Bilgin \u00d6z\u00e7ift\u00e7i\",\"image\":{\"@type\":\"ImageObject\",\"inLanguage\":\"fr-BE\",\"@id\":\"https:\/\/avrupapress.com\/#\/schema\/person\/image\/\",\"url\":\"https:\/\/secure.gravatar.com\/avatar\/0f23b280433a21e1ea7a0adcc46ed0ad16afe3ad8e630fd13d8a017dcbd54ef3?s=96&d=mm&r=g\",\"contentUrl\":\"https:\/\/secure.gravatar.com\/avatar\/0f23b280433a21e1ea7a0adcc46ed0ad16afe3ad8e630fd13d8a017dcbd54ef3?s=96&d=mm&r=g\",\"caption\":\"Bilgin \u00d6z\u00e7ift\u00e7i\"},\"logo\":{\"@id\":\"https:\/\/avrupapress.com\/#\/schema\/person\/image\/\"},\"description\":\"Ne ben, nede sen... Biz ancak \\\"biz\\\" olursak g\u00fc\u00e7l\u00fc olabiliriz\"},{\"@type\":\"Person\",\"@id\":\"https:\/\/avrupapress.com\/#\/schema\/person\/68428444ec60970d1e1b700cf4ca1e8f\",\"name\":\"Edit\u00f6r\",\"image\":{\"@type\":\"ImageObject\",\"inLanguage\":\"fr-BE\",\"@id\":\"https:\/\/avrupapress.com\/#\/schema\/person\/image\/\",\"url\":\"https:\/\/secure.gravatar.com\/avatar\/74996b0977aa5f1559ba9883776652508b229005c0d78fb2597897f0bd651c09?s=96&d=mm&r=g\",\"contentUrl\":\"https:\/\/secure.gravatar.com\/avatar\/74996b0977aa5f1559ba9883776652508b229005c0d78fb2597897f0bd651c09?s=96&d=mm&r=g\",\"caption\":\"Edit\u00f6r\"},\"sameAs\":[\"http:\/\/www.avrupapress.com\"],\"url\":\"https:\/\/avrupapress.com\/main\/author\/editor\/\"}]}<\/script>\n<!-- \/ Yoast SEO plugin. -->","yoast_head_json":{"title":"M\u00fcsl\u00fcmanlar 11 ay\u0131n sultan\u0131 Ramazan'\u0131n geli\u015fini, bu ak\u015fam Yats\u0131 namaz\u0131nda k\u0131l\u0131nacak Teravih namaz\u0131yla kar\u015f\u0131l\u0131yor. - AvrupaPress","robots":{"index":"index","follow":"follow","max-snippet":"max-snippet:-1","max-image-preview":"max-image-preview:large","max-video-preview":"max-video-preview:-1"},"canonical":"https:\/\/avrupapress.com\/main\/2023\/03\/22\/muslumanlar-11-ayin-sultani-ramazanin-gelisini-bu-aksam-yatsi-namazinda-kilinacak-teravih-namaziyla-karsiliyor\/","og_locale":"fr_FR","og_type":"article","og_title":"M\u00fcsl\u00fcmanlar 11 ay\u0131n sultan\u0131 Ramazan'\u0131n geli\u015fini, bu ak\u015fam Yats\u0131 namaz\u0131nda k\u0131l\u0131nacak Teravih namaz\u0131yla kar\u015f\u0131l\u0131yor. - AvrupaPress","og_description":"M\u00fcsl\u00fcmanlar 11 ay\u0131n sultan\u0131 Ramazan&rsquo;\u0131n geli\u015fini, bu ak\u015fam Yats\u0131 namaz\u0131nda k\u0131l\u0131nacak Teravih namaz\u0131yla kar\u015f\u0131l\u0131yor. 2023 Ramazan ay\u0131, 22 Mart \u00c7ar\u015famba g\u00fcn\u00fcn\u00fc 23 Mart Per\u015fembe&rsquo;ye ba\u011flayan gece ba\u015fl\u0131yor. \u0130slam alemi bu ak\u015fam Yats\u0131 namaz\u0131nda ilk Teravih namaz\u0131n\u0131 da k\u0131lacak. 2023 imsakiyesine g\u00f6re, bu y\u0131l Ramazan ay\u0131 29 g\u00fcn s\u00fcrecek. nakliyat istanbul evden eve nakliyat evden eve [&hellip;]","og_url":"https:\/\/avrupapress.com\/main\/2023\/03\/22\/muslumanlar-11-ayin-sultani-ramazanin-gelisini-bu-aksam-yatsi-namazinda-kilinacak-teravih-namaziyla-karsiliyor\/","og_site_name":"AvrupaPress","article_published_time":"2023-03-22T19:35:46+00:00","article_modified_time":"2023-03-26T22:28:25+00:00","og_image":[{"width":982,"height":470,"url":"https:\/\/avrupapress.com\/main\/wp-content\/uploads\/2023\/03\/hosgeldin-ya-sehr-i-ramazan-muslumanlar-ilk-teravih-namazi-coskusunu-yasiyor-2h1679505284-dee702.png","type":"image\/png"}],"author":"Edit\u00f6r","twitter_card":"summary_large_image","twitter_misc":{"\u00c9crit par":"Edit\u00f6r","Dur\u00e9e de lecture est.":"4 minutes"},"schema":{"@context":"https:\/\/schema.org","@graph":[{"@type":"Article","@id":"https:\/\/avrupapress.com\/main\/2023\/03\/22\/muslumanlar-11-ayin-sultani-ramazanin-gelisini-bu-aksam-yatsi-namazinda-kilinacak-teravih-namaziyla-karsiliyor\/#article","isPartOf":{"@id":"https:\/\/avrupapress.com\/main\/2023\/03\/22\/muslumanlar-11-ayin-sultani-ramazanin-gelisini-bu-aksam-yatsi-namazinda-kilinacak-teravih-namaziyla-karsiliyor\/"},"author":{"name":"Edit\u00f6r","@id":"https:\/\/avrupapress.com\/#\/schema\/person\/68428444ec60970d1e1b700cf4ca1e8f"},"headline":"M\u00fcsl\u00fcmanlar 11 ay\u0131n sultan\u0131 Ramazan&rsquo;\u0131n geli\u015fini, bu ak\u015fam Yats\u0131 namaz\u0131nda k\u0131l\u0131nacak Teravih namaz\u0131yla kar\u015f\u0131l\u0131yor.","datePublished":"2023-03-22T19:35:46+00:00","dateModified":"2023-03-26T22:28:25+00:00","mainEntityOfPage":{"@id":"https:\/\/avrupapress.com\/main\/2023\/03\/22\/muslumanlar-11-ayin-sultani-ramazanin-gelisini-bu-aksam-yatsi-namazinda-kilinacak-teravih-namaziyla-karsiliyor\/"},"wordCount":658,"publisher":{"@id":"https:\/\/avrupapress.com\/#\/schema\/person\/0223dca19c72c43575bf30d1a2d8f4fa"},"image":{"@id":"https:\/\/avrupapress.com\/main\/2023\/03\/22\/muslumanlar-11-ayin-sultani-ramazanin-gelisini-bu-aksam-yatsi-namazinda-kilinacak-teravih-namaziyla-karsiliyor\/#primaryimage"},"thumbnailUrl":"https:\/\/avrupapress.com\/main\/wp-content\/uploads\/2023\/03\/hosgeldin-ya-sehr-i-ramazan-muslumanlar-ilk-teravih-namazi-coskusunu-yasiyor-2h1679505284-dee702.png","articleSection":["Avrupa","Bel\u00e7ika","D\u00fcnya","Ekonomi","K\u00fclt\u00fcr-Sanat","Spor","Tan\u0131t\u0131m","T\u00fcrkiye","Uncategorized"],"inLanguage":"fr-BE"},{"@type":"WebPage","@id":"https:\/\/avrupapress.com\/main\/2023\/03\/22\/muslumanlar-11-ayin-sultani-ramazanin-gelisini-bu-aksam-yatsi-namazinda-kilinacak-teravih-namaziyla-karsiliyor\/","url":"https:\/\/avrupapress.com\/main\/2023\/03\/22\/muslumanlar-11-ayin-sultani-ramazanin-gelisini-bu-aksam-yatsi-namazinda-kilinacak-teravih-namaziyla-karsiliyor\/","name":"M\u00fcsl\u00fcmanlar 11 ay\u0131n sultan\u0131 Ramazan'\u0131n geli\u015fini, bu ak\u015fam Yats\u0131 namaz\u0131nda k\u0131l\u0131nacak Teravih namaz\u0131yla kar\u015f\u0131l\u0131yor. - AvrupaPress","isPartOf":{"@id":"https:\/\/avrupapress.com\/#website"},"primaryImageOfPage":{"@id":"https:\/\/avrupapress.com\/main\/2023\/03\/22\/muslumanlar-11-ayin-sultani-ramazanin-gelisini-bu-aksam-yatsi-namazinda-kilinacak-teravih-namaziyla-karsiliyor\/#primaryimage"},"image":{"@id":"https:\/\/avrupapress.com\/main\/2023\/03\/22\/muslumanlar-11-ayin-sultani-ramazanin-gelisini-bu-aksam-yatsi-namazinda-kilinacak-teravih-namaziyla-karsiliyor\/#primaryimage"},"thumbnailUrl":"https:\/\/avrupapress.com\/main\/wp-content\/uploads\/2023\/03\/hosgeldin-ya-sehr-i-ramazan-muslumanlar-ilk-teravih-namazi-coskusunu-yasiyor-2h1679505284-dee702.png","datePublished":"2023-03-22T19:35:46+00:00","dateModified":"2023-03-26T22:28:25+00:00","breadcrumb":{"@id":"https:\/\/avrupapress.com\/main\/2023\/03\/22\/muslumanlar-11-ayin-sultani-ramazanin-gelisini-bu-aksam-yatsi-namazinda-kilinacak-teravih-namaziyla-karsiliyor\/#breadcrumb"},"inLanguage":"fr-BE","potentialAction":[{"@type":"ReadAction","target":["https:\/\/avrupapress.com\/main\/2023\/03\/22\/muslumanlar-11-ayin-sultani-ramazanin-gelisini-bu-aksam-yatsi-namazinda-kilinacak-teravih-namaziyla-karsiliyor\/"]}]},{"@type":"ImageObject","inLanguage":"fr-BE","@id":"https:\/\/avrupapress.com\/main\/2023\/03\/22\/muslumanlar-11-ayin-sultani-ramazanin-gelisini-bu-aksam-yatsi-namazinda-kilinacak-teravih-namaziyla-karsiliyor\/#primaryimage","url":"https:\/\/avrupapress.com\/main\/wp-content\/uploads\/2023\/03\/hosgeldin-ya-sehr-i-ramazan-muslumanlar-ilk-teravih-namazi-coskusunu-yasiyor-2h1679505284-dee702.png","contentUrl":"https:\/\/avrupapress.com\/main\/wp-content\/uploads\/2023\/03\/hosgeldin-ya-sehr-i-ramazan-muslumanlar-ilk-teravih-namazi-coskusunu-yasiyor-2h1679505284-dee702.png","width":982,"height":470},{"@type":"BreadcrumbList","@id":"https:\/\/avrupapress.com\/main\/2023\/03\/22\/muslumanlar-11-ayin-sultani-ramazanin-gelisini-bu-aksam-yatsi-namazinda-kilinacak-teravih-namaziyla-karsiliyor\/#breadcrumb","itemListElement":[{"@type":"ListItem","position":1,"name":"Anasayfa","item":"https:\/\/avrupapress.com\/"},{"@type":"ListItem","position":2,"name":"M\u00fcsl\u00fcmanlar 11 ay\u0131n sultan\u0131 Ramazan&#8217;\u0131n geli\u015fini, bu ak\u015fam Yats\u0131 namaz\u0131nda k\u0131l\u0131nacak Teravih namaz\u0131yla kar\u015f\u0131l\u0131yor."}]},{"@type":"WebSite","@id":"https:\/\/avrupapress.com\/#website","url":"https:\/\/avrupapress.com\/","name":"AvrupaPress","description":"Haberin Adresi","publisher":{"@id":"https:\/\/avrupapress.com\/#\/schema\/person\/0223dca19c72c43575bf30d1a2d8f4fa"},"potentialAction":[{"@type":"SearchAction","target":{"@type":"EntryPoint","urlTemplate":"https:\/\/avrupapress.com\/?s={search_term_string}"},"query-input":{"@type":"PropertyValueSpecification","valueRequired":true,"valueName":"search_term_string"}}],"inLanguage":"fr-BE"},{"@type":["Person","Organization"],"@id":"https:\/\/avrupapress.com\/#\/schema\/person\/0223dca19c72c43575bf30d1a2d8f4fa","name":"Bilgin \u00d6z\u00e7ift\u00e7i","image":{"@type":"ImageObject","inLanguage":"fr-BE","@id":"https:\/\/avrupapress.com\/#\/schema\/person\/image\/","url":"https:\/\/secure.gravatar.com\/avatar\/0f23b280433a21e1ea7a0adcc46ed0ad16afe3ad8e630fd13d8a017dcbd54ef3?s=96&d=mm&r=g","contentUrl":"https:\/\/secure.gravatar.com\/avatar\/0f23b280433a21e1ea7a0adcc46ed0ad16afe3ad8e630fd13d8a017dcbd54ef3?s=96&d=mm&r=g","caption":"Bilgin \u00d6z\u00e7ift\u00e7i"},"logo":{"@id":"https:\/\/avrupapress.com\/#\/schema\/person\/image\/"},"description":"Ne ben, nede sen... Biz ancak \"biz\" olursak g\u00fc\u00e7l\u00fc olabiliriz"},{"@type":"Person","@id":"https:\/\/avrupapress.com\/#\/schema\/person\/68428444ec60970d1e1b700cf4ca1e8f","name":"Edit\u00f6r","image":{"@type":"ImageObject","inLanguage":"fr-BE","@id":"https:\/\/avrupapress.com\/#\/schema\/person\/image\/","url":"https:\/\/secure.gravatar.com\/avatar\/74996b0977aa5f1559ba9883776652508b229005c0d78fb2597897f0bd651c09?s=96&d=mm&r=g","contentUrl":"https:\/\/secure.gravatar.com\/avatar\/74996b0977aa5f1559ba9883776652508b229005c0d78fb2597897f0bd651c09?s=96&d=mm&r=g","caption":"Edit\u00f6r"},"sameAs":["http:\/\/www.avrupapress.com"],"url":"https:\/\/avrupapress.com\/main\/author\/editor\/"}]}},"_links":{"self":[{"href":"https:\/\/avrupapress.com\/main\/wp-json\/wp\/v2\/posts\/22238","targetHints":{"allow":["GET"]}}],"collection":[{"href":"https:\/\/avrupapress.com\/main\/wp-json\/wp\/v2\/posts"}],"about":[{"href":"https:\/\/avrupapress.com\/main\/wp-json\/wp\/v2\/types\/post"}],"author":[{"embeddable":true,"href":"https:\/\/avrupapress.com\/main\/wp-json\/wp\/v2\/users\/3"}],"replies":[{"embeddable":true,"href":"https:\/\/avrupapress.com\/main\/wp-json\/wp\/v2\/comments?post=22238"}],"version-history":[{"count":2,"href":"https:\/\/avrupapress.com\/main\/wp-json\/wp\/v2\/posts\/22238\/revisions"}],"predecessor-version":[{"id":22291,"href":"https:\/\/avrupapress.com\/main\/wp-json\/wp\/v2\/posts\/22238\/revisions\/22291"}],"wp:featuredmedia":[{"embeddable":true,"href":"https:\/\/avrupapress.com\/main\/wp-json\/wp\/v2\/media\/22240"}],"wp:attachment":[{"href":"https:\/\/avrupapress.com\/main\/wp-json\/wp\/v2\/media?parent=22238"}],"wp:term":[{"taxonomy":"category","embeddable":true,"href":"https:\/\/avrupapress.com\/main\/wp-json\/wp\/v2\/categories?post=22238"},{"taxonomy":"post_tag","embeddable":true,"href":"https:\/\/avrupapress.com\/main\/wp-json\/wp\/v2\/tags?post=22238"}],"curies":[{"name":"wp","href":"https:\/\/api.w.org\/{rel}","templated":true}]}}