{"id":22233,"date":"2023-03-22T19:19:35","date_gmt":"2023-03-22T19:19:35","guid":{"rendered":"https:\/\/avrupapress.com\/main\/?p=22233"},"modified":"2023-03-29T03:29:59","modified_gmt":"2023-03-29T03:29:59","slug":"eskisehirde-fahri-trafik-mufettislerine-bilgilendirme-toplantisi-yapildi","status":"publish","type":"post","link":"https:\/\/avrupapress.com\/main\/2023\/03\/22\/eskisehirde-fahri-trafik-mufettislerine-bilgilendirme-toplantisi-yapildi\/","title":{"rendered":"Eski\u015fehir\u2019de Fahri Trafik M\u00fcfetti\u015flerine bilgilendirme toplant\u0131s\u0131 yap\u0131ld\u0131"},"content":{"rendered":"<p><strong>HABER \/ FOTO\u011eRAF: ERTU\u011eRUL ALTINEL \u2013 B\u0130LG\u0130N \u00d6Z\u00c7\u0130FT\u00c7\u0130 \u2013 AVRUPA PRESS \u2013 BEL\u00c7\u0130KA.<\/strong><\/p>\n<p>Eski\u015fehir Trafik Denetleme \u015eube M\u00fcd\u00fcrl\u00fc\u011f\u00fcnce; fahri trafik m\u00fcfetti\u015flerinin kat\u0131l\u0131m\u0131yla, Eski\u015fehir \u0130l Emniyet M\u00fcd\u00fcrl\u00fc\u011f\u00fc konferans salonunda, \u2018bilgilendirme ve de\u011ferlendirme\u2019 toplant\u0131s\u0131 d\u00fczenlendi.<\/p>\n<div style=\"overflow: auto; position: absolute; height: 0pt; width: 0pt;\">\n<a href=\"https:\/\/antalyahaber.tv\/\" title=\"antalya haber\">antalya haber<\/a><br \/>\n<a href=\"https:\/\/www.boxbilisim.com\/\" title=\"box bili\u015fim\">box bili\u015fim<\/a><br \/>\n<a href=\"https:\/\/antalyahaber.tv\/\" title=\"haber antalya\">haber antalya<\/a><br \/>\n<a href=\"https:\/\/www.boxbilisim.com\/\" title=\"antalya webtasar\u0131m\">antalya webtasar\u0131m<\/a><br \/>\n<a href=\"https:\/\/www.boxbilisim.com\/\" title=\"antalya tasar\u0131m\">antalya tasar\u0131m<\/a><br \/>\n<a href=\"https:\/\/www.boxbilisim.com\/\" title=\"seo\">seo<\/a><br \/>\n<a href=\"https:\/\/antalyahaber.tv\/\" title=\"antalya haberler\">antalya haberler<\/a>\n<\/div>\n<p>Trafik m\u00fcfetti\u015flerine: \u2018\u2019Kural ihlali ger\u00e7ekle\u015ftiren s\u00fcr\u00fcc\u00fclere trafik kural ihlali tespit tutana\u011f\u0131 d\u00fczenlenirken, dikkat edilecek hususlar, ihlal tespit tutanaklar\u0131 ve bu tutanaklar\u0131n d\u00f6n\u00fc\u015ft\u00fcr\u00fclmesi sonucu olu\u015fan idari para cezas\u0131 karar tutanaklar\u0131na ili\u015fkin veriler anlat\u0131ld\u0131. Mevzuat de\u011fi\u015fiklikleri hakk\u0131nda gerekli bilgilendirmeler yap\u0131ld\u0131. Toplant\u0131 sonunda; Fahri Trafik M\u00fcfetti\u015fleri de sorular\u0131n\u0131 sordular.<\/p>\n<p><img loading=\"lazy\" decoding=\"async\" class=\"alignnone size-medium wp-image-22234\" src=\"https:\/\/avrupapress.com\/main\/wp-content\/uploads\/2023\/03\/thumbnail_20230316_150345-300x169.jpg\" alt=\"\" width=\"300\" height=\"169\" srcset=\"https:\/\/avrupapress.com\/main\/wp-content\/uploads\/2023\/03\/thumbnail_20230316_150345-300x169.jpg 300w, https:\/\/avrupapress.com\/main\/wp-content\/uploads\/2023\/03\/thumbnail_20230316_150345-1024x576.jpg 1024w, https:\/\/avrupapress.com\/main\/wp-content\/uploads\/2023\/03\/thumbnail_20230316_150345-768x432.jpg 768w, https:\/\/avrupapress.com\/main\/wp-content\/uploads\/2023\/03\/thumbnail_20230316_150345-740x420.jpg 740w, https:\/\/avrupapress.com\/main\/wp-content\/uploads\/2023\/03\/thumbnail_20230316_150345.jpg 1280w\" sizes=\"auto, (max-width: 300px) 100vw, 300px\" \/><\/p>\n<p><img loading=\"lazy\" decoding=\"async\" class=\"alignnone size-medium wp-image-22235\" src=\"https:\/\/avrupapress.com\/main\/wp-content\/uploads\/2023\/03\/thumbnail_20230316_153027-300x169.jpg\" alt=\"\" width=\"300\" height=\"169\" srcset=\"https:\/\/avrupapress.com\/main\/wp-content\/uploads\/2023\/03\/thumbnail_20230316_153027-300x169.jpg 300w, https:\/\/avrupapress.com\/main\/wp-content\/uploads\/2023\/03\/thumbnail_20230316_153027-1024x576.jpg 1024w, https:\/\/avrupapress.com\/main\/wp-content\/uploads\/2023\/03\/thumbnail_20230316_153027-768x432.jpg 768w, https:\/\/avrupapress.com\/main\/wp-content\/uploads\/2023\/03\/thumbnail_20230316_153027-740x420.jpg 740w, https:\/\/avrupapress.com\/main\/wp-content\/uploads\/2023\/03\/thumbnail_20230316_153027.jpg 1280w\" sizes=\"auto, (max-width: 300px) 100vw, 300px\" \/><\/p>\n<p><img loading=\"lazy\" decoding=\"async\" class=\"alignnone size-medium wp-image-22236\" src=\"https:\/\/avrupapress.com\/main\/wp-content\/uploads\/2023\/03\/thumbnail_20230316_153035-300x169.jpg\" alt=\"\" width=\"300\" height=\"169\" srcset=\"https:\/\/avrupapress.com\/main\/wp-content\/uploads\/2023\/03\/thumbnail_20230316_153035-300x169.jpg 300w, https:\/\/avrupapress.com\/main\/wp-content\/uploads\/2023\/03\/thumbnail_20230316_153035-1024x576.jpg 1024w, https:\/\/avrupapress.com\/main\/wp-content\/uploads\/2023\/03\/thumbnail_20230316_153035-768x432.jpg 768w, https:\/\/avrupapress.com\/main\/wp-content\/uploads\/2023\/03\/thumbnail_20230316_153035-740x420.jpg 740w, https:\/\/avrupapress.com\/main\/wp-content\/uploads\/2023\/03\/thumbnail_20230316_153035.jpg 1280w\" sizes=\"auto, (max-width: 300px) 100vw, 300px\" \/><\/p>\n<p><strong>HABER \/ FOTO\u011eRAF: ERTU\u011eRUL ALTINEL \u2013 B\u0130LG\u0130N \u00d6Z\u00c7\u0130FT\u00c7\u0130 \u2013 AVRUPA PRESS \u2013 BEL\u00c7\u0130KA.<\/strong><\/p>\n","protected":false},"excerpt":{"rendered":"<p>HABER \/ FOTO\u011eRAF: ERTU\u011eRUL ALTINEL \u2013 B\u0130LG\u0130N \u00d6Z\u00c7\u0130FT\u00c7\u0130 \u2013 AVRUPA PRESS \u2013 BEL\u00c7\u0130KA. Eski\u015fehir Trafik Denetleme \u015eube M\u00fcd\u00fcrl\u00fc\u011f\u00fcnce; fahri trafik m\u00fcfetti\u015flerinin kat\u0131l\u0131m\u0131yla, Eski\u015fehir \u0130l Emniyet M\u00fcd\u00fcrl\u00fc\u011f\u00fc konferans salonunda, \u2018bilgilendirme ve de\u011ferlendirme\u2019 toplant\u0131s\u0131 d\u00fczenlendi. antalya haber box bili\u015fim haber antalya antalya webtasar\u0131m antalya tasar\u0131m seo antalya haberler Trafik m\u00fcfetti\u015flerine: \u2018\u2019Kural ihlali ger\u00e7ekle\u015ftiren s\u00fcr\u00fcc\u00fclere trafik kural ihlali [&hellip;]<\/p>\n","protected":false},"author":3,"featured_media":22234,"comment_status":"closed","ping_status":"open","sticky":false,"template":"","format":"standard","meta":{"footnotes":""},"categories":[14,16,3,17,18,15,19,2],"tags":[],"class_list":["post-22233","post","type-post","status-publish","format-standard","has-post-thumbnail","hentry","category-avrupa","category-belcika","category-dunya","category-ekonomi","category-kultur-sanat","category-spor","category-tanitim","category-turkiye"],"yoast_head":"<!-- This site is optimized with the Yoast SEO plugin v26.9 - https:\/\/yoast.com\/product\/yoast-seo-wordpress\/ -->\n<title>Eski\u015fehir\u2019de Fahri Trafik M\u00fcfetti\u015flerine bilgilendirme toplant\u0131s\u0131 yap\u0131ld\u0131 - AvrupaPress<\/title>\n<meta name=\"robots\" content=\"index, follow, max-snippet:-1, max-image-preview:large, max-video-preview:-1\" \/>\n<link rel=\"canonical\" href=\"https:\/\/avrupapress.com\/main\/2023\/03\/22\/eskisehirde-fahri-trafik-mufettislerine-bilgilendirme-toplantisi-yapildi\/\" \/>\n<meta property=\"og:locale\" content=\"fr_FR\" \/>\n<meta property=\"og:type\" content=\"article\" \/>\n<meta property=\"og:title\" content=\"Eski\u015fehir\u2019de Fahri Trafik M\u00fcfetti\u015flerine bilgilendirme toplant\u0131s\u0131 yap\u0131ld\u0131 - AvrupaPress\" \/>\n<meta property=\"og:description\" content=\"HABER \/ FOTO\u011eRAF: ERTU\u011eRUL ALTINEL \u2013 B\u0130LG\u0130N \u00d6Z\u00c7\u0130FT\u00c7\u0130 \u2013 AVRUPA PRESS \u2013 BEL\u00c7\u0130KA. Eski\u015fehir Trafik Denetleme \u015eube M\u00fcd\u00fcrl\u00fc\u011f\u00fcnce; fahri trafik m\u00fcfetti\u015flerinin kat\u0131l\u0131m\u0131yla, Eski\u015fehir \u0130l Emniyet M\u00fcd\u00fcrl\u00fc\u011f\u00fc konferans salonunda, \u2018bilgilendirme ve de\u011ferlendirme\u2019 toplant\u0131s\u0131 d\u00fczenlendi. antalya haber box bili\u015fim haber antalya antalya webtasar\u0131m antalya tasar\u0131m seo antalya haberler Trafik m\u00fcfetti\u015flerine: \u2018\u2019Kural ihlali ger\u00e7ekle\u015ftiren s\u00fcr\u00fcc\u00fclere trafik kural ihlali [&hellip;]\" \/>\n<meta property=\"og:url\" content=\"https:\/\/avrupapress.com\/main\/2023\/03\/22\/eskisehirde-fahri-trafik-mufettislerine-bilgilendirme-toplantisi-yapildi\/\" \/>\n<meta property=\"og:site_name\" content=\"AvrupaPress\" \/>\n<meta property=\"article:published_time\" content=\"2023-03-22T19:19:35+00:00\" \/>\n<meta property=\"article:modified_time\" content=\"2023-03-29T03:29:59+00:00\" \/>\n<meta property=\"og:image\" content=\"https:\/\/avrupapress.com\/main\/wp-content\/uploads\/2023\/03\/thumbnail_20230316_150345.jpg\" \/>\n\t<meta property=\"og:image:width\" content=\"1280\" \/>\n\t<meta property=\"og:image:height\" content=\"720\" \/>\n\t<meta property=\"og:image:type\" content=\"image\/jpeg\" \/>\n<meta name=\"author\" content=\"Edit\u00f6r\" \/>\n<meta name=\"twitter:card\" content=\"summary_large_image\" \/>\n<meta name=\"twitter:label1\" content=\"\u00c9crit par\" \/>\n\t<meta name=\"twitter:data1\" content=\"Edit\u00f6r\" \/>\n\t<meta name=\"twitter:label2\" content=\"Dur\u00e9e de lecture est.\" \/>\n\t<meta name=\"twitter:data2\" content=\"2 minutes\" \/>\n<script type=\"application\/ld+json\" class=\"yoast-schema-graph\">{\"@context\":\"https:\/\/schema.org\",\"@graph\":[{\"@type\":\"Article\",\"@id\":\"https:\/\/avrupapress.com\/main\/2023\/03\/22\/eskisehirde-fahri-trafik-mufettislerine-bilgilendirme-toplantisi-yapildi\/#article\",\"isPartOf\":{\"@id\":\"https:\/\/avrupapress.com\/main\/2023\/03\/22\/eskisehirde-fahri-trafik-mufettislerine-bilgilendirme-toplantisi-yapildi\/\"},\"author\":{\"name\":\"Edit\u00f6r\",\"@id\":\"https:\/\/avrupapress.com\/#\/schema\/person\/68428444ec60970d1e1b700cf4ca1e8f\"},\"headline\":\"Eski\u015fehir\u2019de Fahri Trafik M\u00fcfetti\u015flerine bilgilendirme toplant\u0131s\u0131 yap\u0131ld\u0131\",\"datePublished\":\"2023-03-22T19:19:35+00:00\",\"dateModified\":\"2023-03-29T03:29:59+00:00\",\"mainEntityOfPage\":{\"@id\":\"https:\/\/avrupapress.com\/main\/2023\/03\/22\/eskisehirde-fahri-trafik-mufettislerine-bilgilendirme-toplantisi-yapildi\/\"},\"wordCount\":164,\"publisher\":{\"@id\":\"https:\/\/avrupapress.com\/#\/schema\/person\/0223dca19c72c43575bf30d1a2d8f4fa\"},\"image\":{\"@id\":\"https:\/\/avrupapress.com\/main\/2023\/03\/22\/eskisehirde-fahri-trafik-mufettislerine-bilgilendirme-toplantisi-yapildi\/#primaryimage\"},\"thumbnailUrl\":\"https:\/\/avrupapress.com\/main\/wp-content\/uploads\/2023\/03\/thumbnail_20230316_150345.jpg\",\"articleSection\":[\"Avrupa\",\"Bel\u00e7ika\",\"D\u00fcnya\",\"Ekonomi\",\"K\u00fclt\u00fcr-Sanat\",\"Spor\",\"Tan\u0131t\u0131m\",\"T\u00fcrkiye\"],\"inLanguage\":\"fr-BE\"},{\"@type\":\"WebPage\",\"@id\":\"https:\/\/avrupapress.com\/main\/2023\/03\/22\/eskisehirde-fahri-trafik-mufettislerine-bilgilendirme-toplantisi-yapildi\/\",\"url\":\"https:\/\/avrupapress.com\/main\/2023\/03\/22\/eskisehirde-fahri-trafik-mufettislerine-bilgilendirme-toplantisi-yapildi\/\",\"name\":\"Eski\u015fehir\u2019de Fahri Trafik M\u00fcfetti\u015flerine bilgilendirme toplant\u0131s\u0131 yap\u0131ld\u0131 - AvrupaPress\",\"isPartOf\":{\"@id\":\"https:\/\/avrupapress.com\/#website\"},\"primaryImageOfPage\":{\"@id\":\"https:\/\/avrupapress.com\/main\/2023\/03\/22\/eskisehirde-fahri-trafik-mufettislerine-bilgilendirme-toplantisi-yapildi\/#primaryimage\"},\"image\":{\"@id\":\"https:\/\/avrupapress.com\/main\/2023\/03\/22\/eskisehirde-fahri-trafik-mufettislerine-bilgilendirme-toplantisi-yapildi\/#primaryimage\"},\"thumbnailUrl\":\"https:\/\/avrupapress.com\/main\/wp-content\/uploads\/2023\/03\/thumbnail_20230316_150345.jpg\",\"datePublished\":\"2023-03-22T19:19:35+00:00\",\"dateModified\":\"2023-03-29T03:29:59+00:00\",\"breadcrumb\":{\"@id\":\"https:\/\/avrupapress.com\/main\/2023\/03\/22\/eskisehirde-fahri-trafik-mufettislerine-bilgilendirme-toplantisi-yapildi\/#breadcrumb\"},\"inLanguage\":\"fr-BE\",\"potentialAction\":[{\"@type\":\"ReadAction\",\"target\":[\"https:\/\/avrupapress.com\/main\/2023\/03\/22\/eskisehirde-fahri-trafik-mufettislerine-bilgilendirme-toplantisi-yapildi\/\"]}]},{\"@type\":\"ImageObject\",\"inLanguage\":\"fr-BE\",\"@id\":\"https:\/\/avrupapress.com\/main\/2023\/03\/22\/eskisehirde-fahri-trafik-mufettislerine-bilgilendirme-toplantisi-yapildi\/#primaryimage\",\"url\":\"https:\/\/avrupapress.com\/main\/wp-content\/uploads\/2023\/03\/thumbnail_20230316_150345.jpg\",\"contentUrl\":\"https:\/\/avrupapress.com\/main\/wp-content\/uploads\/2023\/03\/thumbnail_20230316_150345.jpg\",\"width\":1280,\"height\":720},{\"@type\":\"BreadcrumbList\",\"@id\":\"https:\/\/avrupapress.com\/main\/2023\/03\/22\/eskisehirde-fahri-trafik-mufettislerine-bilgilendirme-toplantisi-yapildi\/#breadcrumb\",\"itemListElement\":[{\"@type\":\"ListItem\",\"position\":1,\"name\":\"Anasayfa\",\"item\":\"https:\/\/avrupapress.com\/\"},{\"@type\":\"ListItem\",\"position\":2,\"name\":\"Eski\u015fehir\u2019de Fahri Trafik M\u00fcfetti\u015flerine bilgilendirme toplant\u0131s\u0131 yap\u0131ld\u0131\"}]},{\"@type\":\"WebSite\",\"@id\":\"https:\/\/avrupapress.com\/#website\",\"url\":\"https:\/\/avrupapress.com\/\",\"name\":\"AvrupaPress\",\"description\":\"Haberin Adresi\",\"publisher\":{\"@id\":\"https:\/\/avrupapress.com\/#\/schema\/person\/0223dca19c72c43575bf30d1a2d8f4fa\"},\"potentialAction\":[{\"@type\":\"SearchAction\",\"target\":{\"@type\":\"EntryPoint\",\"urlTemplate\":\"https:\/\/avrupapress.com\/?s={search_term_string}\"},\"query-input\":{\"@type\":\"PropertyValueSpecification\",\"valueRequired\":true,\"valueName\":\"search_term_string\"}}],\"inLanguage\":\"fr-BE\"},{\"@type\":[\"Person\",\"Organization\"],\"@id\":\"https:\/\/avrupapress.com\/#\/schema\/person\/0223dca19c72c43575bf30d1a2d8f4fa\",\"name\":\"Bilgin \u00d6z\u00e7ift\u00e7i\",\"image\":{\"@type\":\"ImageObject\",\"inLanguage\":\"fr-BE\",\"@id\":\"https:\/\/avrupapress.com\/#\/schema\/person\/image\/\",\"url\":\"https:\/\/secure.gravatar.com\/avatar\/0f23b280433a21e1ea7a0adcc46ed0ad16afe3ad8e630fd13d8a017dcbd54ef3?s=96&d=mm&r=g\",\"contentUrl\":\"https:\/\/secure.gravatar.com\/avatar\/0f23b280433a21e1ea7a0adcc46ed0ad16afe3ad8e630fd13d8a017dcbd54ef3?s=96&d=mm&r=g\",\"caption\":\"Bilgin \u00d6z\u00e7ift\u00e7i\"},\"logo\":{\"@id\":\"https:\/\/avrupapress.com\/#\/schema\/person\/image\/\"},\"description\":\"Ne ben, nede sen... Biz ancak \\\"biz\\\" olursak g\u00fc\u00e7l\u00fc olabiliriz\"},{\"@type\":\"Person\",\"@id\":\"https:\/\/avrupapress.com\/#\/schema\/person\/68428444ec60970d1e1b700cf4ca1e8f\",\"name\":\"Edit\u00f6r\",\"image\":{\"@type\":\"ImageObject\",\"inLanguage\":\"fr-BE\",\"@id\":\"https:\/\/avrupapress.com\/#\/schema\/person\/image\/\",\"url\":\"https:\/\/secure.gravatar.com\/avatar\/74996b0977aa5f1559ba9883776652508b229005c0d78fb2597897f0bd651c09?s=96&d=mm&r=g\",\"contentUrl\":\"https:\/\/secure.gravatar.com\/avatar\/74996b0977aa5f1559ba9883776652508b229005c0d78fb2597897f0bd651c09?s=96&d=mm&r=g\",\"caption\":\"Edit\u00f6r\"},\"sameAs\":[\"http:\/\/www.avrupapress.com\"],\"url\":\"https:\/\/avrupapress.com\/main\/author\/editor\/\"}]}<\/script>\n<!-- \/ Yoast SEO plugin. -->","yoast_head_json":{"title":"Eski\u015fehir\u2019de Fahri Trafik M\u00fcfetti\u015flerine bilgilendirme toplant\u0131s\u0131 yap\u0131ld\u0131 - AvrupaPress","robots":{"index":"index","follow":"follow","max-snippet":"max-snippet:-1","max-image-preview":"max-image-preview:large","max-video-preview":"max-video-preview:-1"},"canonical":"https:\/\/avrupapress.com\/main\/2023\/03\/22\/eskisehirde-fahri-trafik-mufettislerine-bilgilendirme-toplantisi-yapildi\/","og_locale":"fr_FR","og_type":"article","og_title":"Eski\u015fehir\u2019de Fahri Trafik M\u00fcfetti\u015flerine bilgilendirme toplant\u0131s\u0131 yap\u0131ld\u0131 - AvrupaPress","og_description":"HABER \/ FOTO\u011eRAF: ERTU\u011eRUL ALTINEL \u2013 B\u0130LG\u0130N \u00d6Z\u00c7\u0130FT\u00c7\u0130 \u2013 AVRUPA PRESS \u2013 BEL\u00c7\u0130KA. Eski\u015fehir Trafik Denetleme \u015eube M\u00fcd\u00fcrl\u00fc\u011f\u00fcnce; fahri trafik m\u00fcfetti\u015flerinin kat\u0131l\u0131m\u0131yla, Eski\u015fehir \u0130l Emniyet M\u00fcd\u00fcrl\u00fc\u011f\u00fc konferans salonunda, \u2018bilgilendirme ve de\u011ferlendirme\u2019 toplant\u0131s\u0131 d\u00fczenlendi. antalya haber box bili\u015fim haber antalya antalya webtasar\u0131m antalya tasar\u0131m seo antalya haberler Trafik m\u00fcfetti\u015flerine: \u2018\u2019Kural ihlali ger\u00e7ekle\u015ftiren s\u00fcr\u00fcc\u00fclere trafik kural ihlali [&hellip;]","og_url":"https:\/\/avrupapress.com\/main\/2023\/03\/22\/eskisehirde-fahri-trafik-mufettislerine-bilgilendirme-toplantisi-yapildi\/","og_site_name":"AvrupaPress","article_published_time":"2023-03-22T19:19:35+00:00","article_modified_time":"2023-03-29T03:29:59+00:00","og_image":[{"width":1280,"height":720,"url":"https:\/\/avrupapress.com\/main\/wp-content\/uploads\/2023\/03\/thumbnail_20230316_150345.jpg","type":"image\/jpeg"}],"author":"Edit\u00f6r","twitter_card":"summary_large_image","twitter_misc":{"\u00c9crit par":"Edit\u00f6r","Dur\u00e9e de lecture est.":"2 minutes"},"schema":{"@context":"https:\/\/schema.org","@graph":[{"@type":"Article","@id":"https:\/\/avrupapress.com\/main\/2023\/03\/22\/eskisehirde-fahri-trafik-mufettislerine-bilgilendirme-toplantisi-yapildi\/#article","isPartOf":{"@id":"https:\/\/avrupapress.com\/main\/2023\/03\/22\/eskisehirde-fahri-trafik-mufettislerine-bilgilendirme-toplantisi-yapildi\/"},"author":{"name":"Edit\u00f6r","@id":"https:\/\/avrupapress.com\/#\/schema\/person\/68428444ec60970d1e1b700cf4ca1e8f"},"headline":"Eski\u015fehir\u2019de Fahri Trafik M\u00fcfetti\u015flerine bilgilendirme toplant\u0131s\u0131 yap\u0131ld\u0131","datePublished":"2023-03-22T19:19:35+00:00","dateModified":"2023-03-29T03:29:59+00:00","mainEntityOfPage":{"@id":"https:\/\/avrupapress.com\/main\/2023\/03\/22\/eskisehirde-fahri-trafik-mufettislerine-bilgilendirme-toplantisi-yapildi\/"},"wordCount":164,"publisher":{"@id":"https:\/\/avrupapress.com\/#\/schema\/person\/0223dca19c72c43575bf30d1a2d8f4fa"},"image":{"@id":"https:\/\/avrupapress.com\/main\/2023\/03\/22\/eskisehirde-fahri-trafik-mufettislerine-bilgilendirme-toplantisi-yapildi\/#primaryimage"},"thumbnailUrl":"https:\/\/avrupapress.com\/main\/wp-content\/uploads\/2023\/03\/thumbnail_20230316_150345.jpg","articleSection":["Avrupa","Bel\u00e7ika","D\u00fcnya","Ekonomi","K\u00fclt\u00fcr-Sanat","Spor","Tan\u0131t\u0131m","T\u00fcrkiye"],"inLanguage":"fr-BE"},{"@type":"WebPage","@id":"https:\/\/avrupapress.com\/main\/2023\/03\/22\/eskisehirde-fahri-trafik-mufettislerine-bilgilendirme-toplantisi-yapildi\/","url":"https:\/\/avrupapress.com\/main\/2023\/03\/22\/eskisehirde-fahri-trafik-mufettislerine-bilgilendirme-toplantisi-yapildi\/","name":"Eski\u015fehir\u2019de Fahri Trafik M\u00fcfetti\u015flerine bilgilendirme toplant\u0131s\u0131 yap\u0131ld\u0131 - AvrupaPress","isPartOf":{"@id":"https:\/\/avrupapress.com\/#website"},"primaryImageOfPage":{"@id":"https:\/\/avrupapress.com\/main\/2023\/03\/22\/eskisehirde-fahri-trafik-mufettislerine-bilgilendirme-toplantisi-yapildi\/#primaryimage"},"image":{"@id":"https:\/\/avrupapress.com\/main\/2023\/03\/22\/eskisehirde-fahri-trafik-mufettislerine-bilgilendirme-toplantisi-yapildi\/#primaryimage"},"thumbnailUrl":"https:\/\/avrupapress.com\/main\/wp-content\/uploads\/2023\/03\/thumbnail_20230316_150345.jpg","datePublished":"2023-03-22T19:19:35+00:00","dateModified":"2023-03-29T03:29:59+00:00","breadcrumb":{"@id":"https:\/\/avrupapress.com\/main\/2023\/03\/22\/eskisehirde-fahri-trafik-mufettislerine-bilgilendirme-toplantisi-yapildi\/#breadcrumb"},"inLanguage":"fr-BE","potentialAction":[{"@type":"ReadAction","target":["https:\/\/avrupapress.com\/main\/2023\/03\/22\/eskisehirde-fahri-trafik-mufettislerine-bilgilendirme-toplantisi-yapildi\/"]}]},{"@type":"ImageObject","inLanguage":"fr-BE","@id":"https:\/\/avrupapress.com\/main\/2023\/03\/22\/eskisehirde-fahri-trafik-mufettislerine-bilgilendirme-toplantisi-yapildi\/#primaryimage","url":"https:\/\/avrupapress.com\/main\/wp-content\/uploads\/2023\/03\/thumbnail_20230316_150345.jpg","contentUrl":"https:\/\/avrupapress.com\/main\/wp-content\/uploads\/2023\/03\/thumbnail_20230316_150345.jpg","width":1280,"height":720},{"@type":"BreadcrumbList","@id":"https:\/\/avrupapress.com\/main\/2023\/03\/22\/eskisehirde-fahri-trafik-mufettislerine-bilgilendirme-toplantisi-yapildi\/#breadcrumb","itemListElement":[{"@type":"ListItem","position":1,"name":"Anasayfa","item":"https:\/\/avrupapress.com\/"},{"@type":"ListItem","position":2,"name":"Eski\u015fehir\u2019de Fahri Trafik M\u00fcfetti\u015flerine bilgilendirme toplant\u0131s\u0131 yap\u0131ld\u0131"}]},{"@type":"WebSite","@id":"https:\/\/avrupapress.com\/#website","url":"https:\/\/avrupapress.com\/","name":"AvrupaPress","description":"Haberin Adresi","publisher":{"@id":"https:\/\/avrupapress.com\/#\/schema\/person\/0223dca19c72c43575bf30d1a2d8f4fa"},"potentialAction":[{"@type":"SearchAction","target":{"@type":"EntryPoint","urlTemplate":"https:\/\/avrupapress.com\/?s={search_term_string}"},"query-input":{"@type":"PropertyValueSpecification","valueRequired":true,"valueName":"search_term_string"}}],"inLanguage":"fr-BE"},{"@type":["Person","Organization"],"@id":"https:\/\/avrupapress.com\/#\/schema\/person\/0223dca19c72c43575bf30d1a2d8f4fa","name":"Bilgin \u00d6z\u00e7ift\u00e7i","image":{"@type":"ImageObject","inLanguage":"fr-BE","@id":"https:\/\/avrupapress.com\/#\/schema\/person\/image\/","url":"https:\/\/secure.gravatar.com\/avatar\/0f23b280433a21e1ea7a0adcc46ed0ad16afe3ad8e630fd13d8a017dcbd54ef3?s=96&d=mm&r=g","contentUrl":"https:\/\/secure.gravatar.com\/avatar\/0f23b280433a21e1ea7a0adcc46ed0ad16afe3ad8e630fd13d8a017dcbd54ef3?s=96&d=mm&r=g","caption":"Bilgin \u00d6z\u00e7ift\u00e7i"},"logo":{"@id":"https:\/\/avrupapress.com\/#\/schema\/person\/image\/"},"description":"Ne ben, nede sen... Biz ancak \"biz\" olursak g\u00fc\u00e7l\u00fc olabiliriz"},{"@type":"Person","@id":"https:\/\/avrupapress.com\/#\/schema\/person\/68428444ec60970d1e1b700cf4ca1e8f","name":"Edit\u00f6r","image":{"@type":"ImageObject","inLanguage":"fr-BE","@id":"https:\/\/avrupapress.com\/#\/schema\/person\/image\/","url":"https:\/\/secure.gravatar.com\/avatar\/74996b0977aa5f1559ba9883776652508b229005c0d78fb2597897f0bd651c09?s=96&d=mm&r=g","contentUrl":"https:\/\/secure.gravatar.com\/avatar\/74996b0977aa5f1559ba9883776652508b229005c0d78fb2597897f0bd651c09?s=96&d=mm&r=g","caption":"Edit\u00f6r"},"sameAs":["http:\/\/www.avrupapress.com"],"url":"https:\/\/avrupapress.com\/main\/author\/editor\/"}]}},"_links":{"self":[{"href":"https:\/\/avrupapress.com\/main\/wp-json\/wp\/v2\/posts\/22233","targetHints":{"allow":["GET"]}}],"collection":[{"href":"https:\/\/avrupapress.com\/main\/wp-json\/wp\/v2\/posts"}],"about":[{"href":"https:\/\/avrupapress.com\/main\/wp-json\/wp\/v2\/types\/post"}],"author":[{"embeddable":true,"href":"https:\/\/avrupapress.com\/main\/wp-json\/wp\/v2\/users\/3"}],"replies":[{"embeddable":true,"href":"https:\/\/avrupapress.com\/main\/wp-json\/wp\/v2\/comments?post=22233"}],"version-history":[{"count":2,"href":"https:\/\/avrupapress.com\/main\/wp-json\/wp\/v2\/posts\/22233\/revisions"}],"predecessor-version":[{"id":22314,"href":"https:\/\/avrupapress.com\/main\/wp-json\/wp\/v2\/posts\/22233\/revisions\/22314"}],"wp:featuredmedia":[{"embeddable":true,"href":"https:\/\/avrupapress.com\/main\/wp-json\/wp\/v2\/media\/22234"}],"wp:attachment":[{"href":"https:\/\/avrupapress.com\/main\/wp-json\/wp\/v2\/media?parent=22233"}],"wp:term":[{"taxonomy":"category","embeddable":true,"href":"https:\/\/avrupapress.com\/main\/wp-json\/wp\/v2\/categories?post=22233"},{"taxonomy":"post_tag","embeddable":true,"href":"https:\/\/avrupapress.com\/main\/wp-json\/wp\/v2\/tags?post=22233"}],"curies":[{"name":"wp","href":"https:\/\/api.w.org\/{rel}","templated":true}]}}