{"id":2118,"date":"2017-11-08T08:06:25","date_gmt":"2017-11-08T08:06:25","guid":{"rendered":"http:\/\/avrupapress.com\/main\/?p=2118"},"modified":"2017-11-08T08:06:25","modified_gmt":"2017-11-08T08:06:25","slug":"belcikada-irkci-vlaams-belang-parti-baskani-filip-dewinter-ve-parti-uyeleri-gent-kentine-cami-yapilmasi-kararini-protesto-etti","status":"publish","type":"post","link":"https:\/\/avrupapress.com\/main\/2017\/11\/08\/belcikada-irkci-vlaams-belang-parti-baskani-filip-dewinter-ve-parti-uyeleri-gent-kentine-cami-yapilmasi-kararini-protesto-etti\/","title":{"rendered":"Bel\u00e7ika&rsquo;da \u0131rk\u00e7\u0131 Vlaams Belang Parti Ba\u015fkan\u0131 Filip Dewinter ve parti \u00fcyeleri, Gent kentine cami yap\u0131lmas\u0131 karar\u0131n\u0131 protesto etti."},"content":{"rendered":"<p>Bel\u00e7ika&rsquo;da \u0131rk\u00e7\u0131 Vlaams Belang Parti Ba\u015fkan\u0131 Filip Dewinter ve parti \u00fcyeleri, Gent kentine cami yap\u0131lmas\u0131 karar\u0131n\u0131 protesto etti. Ge\u00e7ti\u011fimiz hafta Anvers T\u00fcrk mahallesinde ya\u015fanan olaylardan sonra g\u00f6zler bu gece Gent\u2019e \u00e7evrilmi\u015fti\u2026<\/p>\n<p>Korkulan olmad\u0131, Gent belediyesinin g\u00fcnlerdir \u00e7al\u0131\u015fmalar\u0131yla olays\u0131z \u015fekilde protesto sona erdi. Gent belediyesinin olay \u00e7\u0131kmamas\u0131 i\u00e7in \u00e7ok say\u0131da sivil ve resmi polis ve g\u00fcvenlik g\u00f6revlilerini protesto meydan\u0131na konu\u015fland\u0131rd\u0131. Polis g\u00fcvenlik tedbirleriyle ku\u015f u\u00e7urtmad\u0131.<\/p>\n<p>Bel\u00e7ika&rsquo;n\u0131n \u0131rk\u00e7\u0131 Vlaams Belang Parti Ba\u015fkan\u0131 Filip Dewinter, parti \u00fcyeleri ve protestocu say\u0131s\u0131 bir avu\u00e7 ki\u015fi olunca, polis say\u0131s\u0131 protestoculardan kat kat fazla oldu\u011fu g\u00f6r\u00fcld\u00fc. Bir avu\u00e7 protestocular\u0131n ellerinde getirdikleri kartonlarda ve sloganlar\u0131nda c\u0131l\u0131z \u015fekilde \u201cGent\u2019te cami istemiyoruz\u201d, \u201c\u0130slama Hay\u0131r\u201ddiye seslendiler. Seslerini duyuramad\u0131lar. \u0130stedikleri provokasyonda olmay\u0131nca bir avu\u00e7 g\u00f6sterici, polis e\u015fli\u011finde otob\u00fcslerle meydandan ayr\u0131ld\u0131lar\u2026<\/p>\n<p>Polis, T\u00fcrk gen\u00e7ler ile protestocular aras\u0131nda tampon olu\u015fturdu. Olay \u00e7\u0131kmamas\u0131 i\u00e7in Bel\u00e7ika T\u00fcrk Dernekler Birli\u011fi (Turkse Unie) Gent koordinat\u00f6r\u00fc \u015eaban G\u00f6k \u00e7ok \u00e7aba sarf etti. T\u00fcrklere sa\u011fduyulu olmalar\u0131 ve onlar\u0131 sakinle\u015ftirmek i\u00e7in polis ile T\u00fcrkler aras\u0131nda tampon olu\u015fturdular\u2026Protestoculardan kat kat fazla T\u00fcrk mahalle sakinleri, bir avu\u00e7 g\u00f6sterici kar\u015f\u0131s\u0131nda dev T\u00fcrk bayra\u011f\u0131 a\u00e7\u0131p, slogan atarak onlar\u0131n protestolar\u0131n\u0131 bast\u0131rd\u0131lar.<\/p>\n<p>Gent\u2019te ya\u015fayan Bel\u00e7ika\u2019l\u0131lar, \u0131rk\u00e7\u0131 parti ile ayn\u0131 d\u00fc\u015f\u00fcncede olmad\u0131\u011f\u0131n\u0131 bu protestoda da g\u00f6sterdi. Bir avu\u00e7 parti \u00fcyesi ve sempatizan\u0131 d\u0131\u015f\u0131nda protestoya kimse kat\u0131lmad\u0131.<\/p>\n<p>Y\u0131llard\u0131r hi\u00e7bir sorun ya\u015famadan, 50 y\u0131l yan yana, bir arada ya\u015fayan, \u00e7al\u0131\u015fan, T\u00fcrkler ile Bel\u00e7ikal\u0131lar adeta bug\u00fcn t\u00fcm Bel\u00e7ika&rsquo;ya bir mesaj g\u00f6nderdiler\u2026<\/p>\n<p>\u201dYabanc\u0131lar bu \u00fclkenin bir par\u00e7as\u0131, dil, din, \u0131rk, mezhep ve renk ay\u0131r\u0131m\u0131 yapm\u0131yoruz. \u00c7ok k\u00fclt\u00fcrl\u00fc ya\u015famaya devam edece\u011fiz\u201d<\/p>\n","protected":false},"excerpt":{"rendered":"<p>Bel\u00e7ika&rsquo;da \u0131rk\u00e7\u0131 Vlaams Belang Parti Ba\u015fkan\u0131 Filip Dewinter ve parti \u00fcyeleri, Gent kentine cami yap\u0131lmas\u0131 karar\u0131n\u0131 protesto etti. Ge\u00e7ti\u011fimiz hafta Anvers T\u00fcrk mahallesinde ya\u015fanan olaylardan sonra g\u00f6zler bu gece Gent\u2019e \u00e7evrilmi\u015fti\u2026 Korkulan olmad\u0131, Gent belediyesinin g\u00fcnlerdir \u00e7al\u0131\u015fmalar\u0131yla olays\u0131z \u015fekilde protesto sona erdi. Gent belediyesinin olay \u00e7\u0131kmamas\u0131 i\u00e7in \u00e7ok say\u0131da sivil ve resmi polis ve g\u00fcvenlik [&hellip;]<\/p>\n","protected":false},"author":3,"featured_media":2119,"comment_status":"open","ping_status":"open","sticky":false,"template":"","format":"standard","meta":{"footnotes":""},"categories":[14,16,3,17,18,19,2,1],"tags":[289,527,379,819,1681,1388,1553,1106,1682,1471,853,1387,1006,1680,1683],"class_list":["post-2118","post","type-post","status-publish","format-standard","has-post-thumbnail","hentry","category-avrupa","category-belcika","category-dunya","category-ekonomi","category-kultur-sanat","category-tanitim","category-turkiye","category-uncategorized","tag-baskani","tag-belcikada","tag-cami","tag-etti","tag-filip-dewinter","tag-gent","tag-irkci","tag-kararini","tag-kentine","tag-parti","tag-protesto","tag-uyeleri","tag-ve","tag-vlaams-belang","tag-yapilmasi"],"yoast_head":"<!-- This site is optimized with the Yoast SEO plugin v26.9 - https:\/\/yoast.com\/product\/yoast-seo-wordpress\/ -->\n<title>Bel\u00e7ika&#039;da \u0131rk\u00e7\u0131 Vlaams Belang Parti Ba\u015fkan\u0131 Filip Dewinter ve parti \u00fcyeleri, Gent kentine cami yap\u0131lmas\u0131 karar\u0131n\u0131 protesto etti. - AvrupaPress<\/title>\n<meta name=\"robots\" content=\"index, follow, max-snippet:-1, max-image-preview:large, max-video-preview:-1\" \/>\n<link rel=\"canonical\" href=\"https:\/\/avrupapress.com\/2017\/11\/08\/belcikada-irkci-vlaams-belang-parti-baskani-filip-dewinter-ve-parti-uyeleri-gent-kentine-cami-yapilmasi-kararini-protesto-etti\/\" \/>\n<meta property=\"og:locale\" content=\"fr_FR\" \/>\n<meta property=\"og:type\" content=\"article\" \/>\n<meta property=\"og:title\" content=\"Bel\u00e7ika&#039;da \u0131rk\u00e7\u0131 Vlaams Belang Parti Ba\u015fkan\u0131 Filip Dewinter ve parti \u00fcyeleri, Gent kentine cami yap\u0131lmas\u0131 karar\u0131n\u0131 protesto etti. - AvrupaPress\" \/>\n<meta property=\"og:description\" content=\"Bel\u00e7ika&rsquo;da \u0131rk\u00e7\u0131 Vlaams Belang Parti Ba\u015fkan\u0131 Filip Dewinter ve parti \u00fcyeleri, Gent kentine cami yap\u0131lmas\u0131 karar\u0131n\u0131 protesto etti. Ge\u00e7ti\u011fimiz hafta Anvers T\u00fcrk mahallesinde ya\u015fanan olaylardan sonra g\u00f6zler bu gece Gent\u2019e \u00e7evrilmi\u015fti\u2026 Korkulan olmad\u0131, Gent belediyesinin g\u00fcnlerdir \u00e7al\u0131\u015fmalar\u0131yla olays\u0131z \u015fekilde protesto sona erdi. Gent belediyesinin olay \u00e7\u0131kmamas\u0131 i\u00e7in \u00e7ok say\u0131da sivil ve resmi polis ve g\u00fcvenlik [&hellip;]\" \/>\n<meta property=\"og:url\" content=\"https:\/\/avrupapress.com\/2017\/11\/08\/belcikada-irkci-vlaams-belang-parti-baskani-filip-dewinter-ve-parti-uyeleri-gent-kentine-cami-yapilmasi-kararini-protesto-etti\/\" \/>\n<meta property=\"og:site_name\" content=\"AvrupaPress\" \/>\n<meta property=\"article:published_time\" content=\"2017-11-08T08:06:25+00:00\" \/>\n<meta property=\"og:image\" content=\"https:\/\/avrupapress.com\/wp-content\/uploads\/2017\/11\/gentte-korkulan-olmadicami-yapimi-protestosunda-polis-sayisi-protestoculardan-daha-fazlaydi-5774.jpg\" \/>\n\t<meta property=\"og:image:width\" content=\"640\" \/>\n\t<meta property=\"og:image:height\" content=\"427\" \/>\n\t<meta property=\"og:image:type\" content=\"image\/jpeg\" \/>\n<meta name=\"author\" content=\"Edit\u00f6r\" \/>\n<meta name=\"twitter:card\" content=\"summary_large_image\" \/>\n<meta name=\"twitter:label1\" content=\"\u00c9crit par\" \/>\n\t<meta name=\"twitter:data1\" content=\"Edit\u00f6r\" \/>\n\t<meta name=\"twitter:label2\" content=\"Dur\u00e9e de lecture est.\" \/>\n\t<meta name=\"twitter:data2\" content=\"2 minutes\" \/>\n<script type=\"application\/ld+json\" class=\"yoast-schema-graph\">{\"@context\":\"https:\/\/schema.org\",\"@graph\":[{\"@type\":\"Article\",\"@id\":\"https:\/\/avrupapress.com\/2017\/11\/08\/belcikada-irkci-vlaams-belang-parti-baskani-filip-dewinter-ve-parti-uyeleri-gent-kentine-cami-yapilmasi-kararini-protesto-etti\/#article\",\"isPartOf\":{\"@id\":\"https:\/\/avrupapress.com\/2017\/11\/08\/belcikada-irkci-vlaams-belang-parti-baskani-filip-dewinter-ve-parti-uyeleri-gent-kentine-cami-yapilmasi-kararini-protesto-etti\/\"},\"author\":{\"name\":\"Edit\u00f6r\",\"@id\":\"https:\/\/avrupapress.com\/#\/schema\/person\/68428444ec60970d1e1b700cf4ca1e8f\"},\"headline\":\"Bel\u00e7ika&rsquo;da \u0131rk\u00e7\u0131 Vlaams Belang Parti Ba\u015fkan\u0131 Filip Dewinter ve parti \u00fcyeleri, Gent kentine cami yap\u0131lmas\u0131 karar\u0131n\u0131 protesto etti.\",\"datePublished\":\"2017-11-08T08:06:25+00:00\",\"mainEntityOfPage\":{\"@id\":\"https:\/\/avrupapress.com\/2017\/11\/08\/belcikada-irkci-vlaams-belang-parti-baskani-filip-dewinter-ve-parti-uyeleri-gent-kentine-cami-yapilmasi-kararini-protesto-etti\/\"},\"wordCount\":368,\"commentCount\":0,\"publisher\":{\"@id\":\"https:\/\/avrupapress.com\/#\/schema\/person\/0223dca19c72c43575bf30d1a2d8f4fa\"},\"image\":{\"@id\":\"https:\/\/avrupapress.com\/2017\/11\/08\/belcikada-irkci-vlaams-belang-parti-baskani-filip-dewinter-ve-parti-uyeleri-gent-kentine-cami-yapilmasi-kararini-protesto-etti\/#primaryimage\"},\"thumbnailUrl\":\"https:\/\/avrupapress.com\/main\/wp-content\/uploads\/2017\/11\/gentte-korkulan-olmadicami-yapimi-protestosunda-polis-sayisi-protestoculardan-daha-fazlaydi-5774.jpg\",\"keywords\":[\"baskani\",\"Belcikada\",\"Cami\",\"Etti\",\"Filip Dewinter\",\"Gent\",\"Irk\u00e7\u0131\",\"Kararini\",\"kentine\",\"Parti\",\"Protesto\",\"\u00dcyeleri\",\"ve\",\"Vlaams Belang\",\"yap\u0131lmas\u0131\"],\"articleSection\":[\"Avrupa\",\"Bel\u00e7ika\",\"D\u00fcnya\",\"Ekonomi\",\"K\u00fclt\u00fcr-Sanat\",\"Tan\u0131t\u0131m\",\"T\u00fcrkiye\",\"Uncategorized\"],\"inLanguage\":\"fr-BE\",\"potentialAction\":[{\"@type\":\"CommentAction\",\"name\":\"Comment\",\"target\":[\"https:\/\/avrupapress.com\/2017\/11\/08\/belcikada-irkci-vlaams-belang-parti-baskani-filip-dewinter-ve-parti-uyeleri-gent-kentine-cami-yapilmasi-kararini-protesto-etti\/#respond\"]}]},{\"@type\":\"WebPage\",\"@id\":\"https:\/\/avrupapress.com\/2017\/11\/08\/belcikada-irkci-vlaams-belang-parti-baskani-filip-dewinter-ve-parti-uyeleri-gent-kentine-cami-yapilmasi-kararini-protesto-etti\/\",\"url\":\"https:\/\/avrupapress.com\/2017\/11\/08\/belcikada-irkci-vlaams-belang-parti-baskani-filip-dewinter-ve-parti-uyeleri-gent-kentine-cami-yapilmasi-kararini-protesto-etti\/\",\"name\":\"Bel\u00e7ika'da \u0131rk\u00e7\u0131 Vlaams Belang Parti Ba\u015fkan\u0131 Filip Dewinter ve parti \u00fcyeleri, Gent kentine cami yap\u0131lmas\u0131 karar\u0131n\u0131 protesto etti. - AvrupaPress\",\"isPartOf\":{\"@id\":\"https:\/\/avrupapress.com\/#website\"},\"primaryImageOfPage\":{\"@id\":\"https:\/\/avrupapress.com\/2017\/11\/08\/belcikada-irkci-vlaams-belang-parti-baskani-filip-dewinter-ve-parti-uyeleri-gent-kentine-cami-yapilmasi-kararini-protesto-etti\/#primaryimage\"},\"image\":{\"@id\":\"https:\/\/avrupapress.com\/2017\/11\/08\/belcikada-irkci-vlaams-belang-parti-baskani-filip-dewinter-ve-parti-uyeleri-gent-kentine-cami-yapilmasi-kararini-protesto-etti\/#primaryimage\"},\"thumbnailUrl\":\"https:\/\/avrupapress.com\/main\/wp-content\/uploads\/2017\/11\/gentte-korkulan-olmadicami-yapimi-protestosunda-polis-sayisi-protestoculardan-daha-fazlaydi-5774.jpg\",\"datePublished\":\"2017-11-08T08:06:25+00:00\",\"breadcrumb\":{\"@id\":\"https:\/\/avrupapress.com\/2017\/11\/08\/belcikada-irkci-vlaams-belang-parti-baskani-filip-dewinter-ve-parti-uyeleri-gent-kentine-cami-yapilmasi-kararini-protesto-etti\/#breadcrumb\"},\"inLanguage\":\"fr-BE\",\"potentialAction\":[{\"@type\":\"ReadAction\",\"target\":[\"https:\/\/avrupapress.com\/2017\/11\/08\/belcikada-irkci-vlaams-belang-parti-baskani-filip-dewinter-ve-parti-uyeleri-gent-kentine-cami-yapilmasi-kararini-protesto-etti\/\"]}]},{\"@type\":\"ImageObject\",\"inLanguage\":\"fr-BE\",\"@id\":\"https:\/\/avrupapress.com\/2017\/11\/08\/belcikada-irkci-vlaams-belang-parti-baskani-filip-dewinter-ve-parti-uyeleri-gent-kentine-cami-yapilmasi-kararini-protesto-etti\/#primaryimage\",\"url\":\"https:\/\/avrupapress.com\/main\/wp-content\/uploads\/2017\/11\/gentte-korkulan-olmadicami-yapimi-protestosunda-polis-sayisi-protestoculardan-daha-fazlaydi-5774.jpg\",\"contentUrl\":\"https:\/\/avrupapress.com\/main\/wp-content\/uploads\/2017\/11\/gentte-korkulan-olmadicami-yapimi-protestosunda-polis-sayisi-protestoculardan-daha-fazlaydi-5774.jpg\",\"width\":640,\"height\":427},{\"@type\":\"BreadcrumbList\",\"@id\":\"https:\/\/avrupapress.com\/2017\/11\/08\/belcikada-irkci-vlaams-belang-parti-baskani-filip-dewinter-ve-parti-uyeleri-gent-kentine-cami-yapilmasi-kararini-protesto-etti\/#breadcrumb\",\"itemListElement\":[{\"@type\":\"ListItem\",\"position\":1,\"name\":\"Anasayfa\",\"item\":\"https:\/\/avrupapress.com\/\"},{\"@type\":\"ListItem\",\"position\":2,\"name\":\"Bel\u00e7ika&#8217;da \u0131rk\u00e7\u0131 Vlaams Belang Parti Ba\u015fkan\u0131 Filip Dewinter ve parti \u00fcyeleri, Gent kentine cami yap\u0131lmas\u0131 karar\u0131n\u0131 protesto etti.\"}]},{\"@type\":\"WebSite\",\"@id\":\"https:\/\/avrupapress.com\/#website\",\"url\":\"https:\/\/avrupapress.com\/\",\"name\":\"AvrupaPress\",\"description\":\"Haberin Adresi\",\"publisher\":{\"@id\":\"https:\/\/avrupapress.com\/#\/schema\/person\/0223dca19c72c43575bf30d1a2d8f4fa\"},\"potentialAction\":[{\"@type\":\"SearchAction\",\"target\":{\"@type\":\"EntryPoint\",\"urlTemplate\":\"https:\/\/avrupapress.com\/?s={search_term_string}\"},\"query-input\":{\"@type\":\"PropertyValueSpecification\",\"valueRequired\":true,\"valueName\":\"search_term_string\"}}],\"inLanguage\":\"fr-BE\"},{\"@type\":[\"Person\",\"Organization\"],\"@id\":\"https:\/\/avrupapress.com\/#\/schema\/person\/0223dca19c72c43575bf30d1a2d8f4fa\",\"name\":\"Bilgin \u00d6z\u00e7ift\u00e7i\",\"image\":{\"@type\":\"ImageObject\",\"inLanguage\":\"fr-BE\",\"@id\":\"https:\/\/avrupapress.com\/#\/schema\/person\/image\/\",\"url\":\"https:\/\/secure.gravatar.com\/avatar\/0f23b280433a21e1ea7a0adcc46ed0ad16afe3ad8e630fd13d8a017dcbd54ef3?s=96&d=mm&r=g\",\"contentUrl\":\"https:\/\/secure.gravatar.com\/avatar\/0f23b280433a21e1ea7a0adcc46ed0ad16afe3ad8e630fd13d8a017dcbd54ef3?s=96&d=mm&r=g\",\"caption\":\"Bilgin \u00d6z\u00e7ift\u00e7i\"},\"logo\":{\"@id\":\"https:\/\/avrupapress.com\/#\/schema\/person\/image\/\"},\"description\":\"Ne ben, nede sen... Biz ancak \\\"biz\\\" olursak g\u00fc\u00e7l\u00fc olabiliriz\"},{\"@type\":\"Person\",\"@id\":\"https:\/\/avrupapress.com\/#\/schema\/person\/68428444ec60970d1e1b700cf4ca1e8f\",\"name\":\"Edit\u00f6r\",\"image\":{\"@type\":\"ImageObject\",\"inLanguage\":\"fr-BE\",\"@id\":\"https:\/\/avrupapress.com\/#\/schema\/person\/image\/\",\"url\":\"https:\/\/secure.gravatar.com\/avatar\/74996b0977aa5f1559ba9883776652508b229005c0d78fb2597897f0bd651c09?s=96&d=mm&r=g\",\"contentUrl\":\"https:\/\/secure.gravatar.com\/avatar\/74996b0977aa5f1559ba9883776652508b229005c0d78fb2597897f0bd651c09?s=96&d=mm&r=g\",\"caption\":\"Edit\u00f6r\"},\"sameAs\":[\"http:\/\/www.avrupapress.com\"],\"url\":\"https:\/\/avrupapress.com\/main\/author\/editor\/\"}]}<\/script>\n<!-- \/ Yoast SEO plugin. -->","yoast_head_json":{"title":"Bel\u00e7ika'da \u0131rk\u00e7\u0131 Vlaams Belang Parti Ba\u015fkan\u0131 Filip Dewinter ve parti \u00fcyeleri, Gent kentine cami yap\u0131lmas\u0131 karar\u0131n\u0131 protesto etti. - AvrupaPress","robots":{"index":"index","follow":"follow","max-snippet":"max-snippet:-1","max-image-preview":"max-image-preview:large","max-video-preview":"max-video-preview:-1"},"canonical":"https:\/\/avrupapress.com\/2017\/11\/08\/belcikada-irkci-vlaams-belang-parti-baskani-filip-dewinter-ve-parti-uyeleri-gent-kentine-cami-yapilmasi-kararini-protesto-etti\/","og_locale":"fr_FR","og_type":"article","og_title":"Bel\u00e7ika'da \u0131rk\u00e7\u0131 Vlaams Belang Parti Ba\u015fkan\u0131 Filip Dewinter ve parti \u00fcyeleri, Gent kentine cami yap\u0131lmas\u0131 karar\u0131n\u0131 protesto etti. - AvrupaPress","og_description":"Bel\u00e7ika&rsquo;da \u0131rk\u00e7\u0131 Vlaams Belang Parti Ba\u015fkan\u0131 Filip Dewinter ve parti \u00fcyeleri, Gent kentine cami yap\u0131lmas\u0131 karar\u0131n\u0131 protesto etti. Ge\u00e7ti\u011fimiz hafta Anvers T\u00fcrk mahallesinde ya\u015fanan olaylardan sonra g\u00f6zler bu gece Gent\u2019e \u00e7evrilmi\u015fti\u2026 Korkulan olmad\u0131, Gent belediyesinin g\u00fcnlerdir \u00e7al\u0131\u015fmalar\u0131yla olays\u0131z \u015fekilde protesto sona erdi. Gent belediyesinin olay \u00e7\u0131kmamas\u0131 i\u00e7in \u00e7ok say\u0131da sivil ve resmi polis ve g\u00fcvenlik [&hellip;]","og_url":"https:\/\/avrupapress.com\/2017\/11\/08\/belcikada-irkci-vlaams-belang-parti-baskani-filip-dewinter-ve-parti-uyeleri-gent-kentine-cami-yapilmasi-kararini-protesto-etti\/","og_site_name":"AvrupaPress","article_published_time":"2017-11-08T08:06:25+00:00","og_image":[{"width":640,"height":427,"url":"https:\/\/avrupapress.com\/wp-content\/uploads\/2017\/11\/gentte-korkulan-olmadicami-yapimi-protestosunda-polis-sayisi-protestoculardan-daha-fazlaydi-5774.jpg","type":"image\/jpeg"}],"author":"Edit\u00f6r","twitter_card":"summary_large_image","twitter_misc":{"\u00c9crit par":"Edit\u00f6r","Dur\u00e9e de lecture est.":"2 minutes"},"schema":{"@context":"https:\/\/schema.org","@graph":[{"@type":"Article","@id":"https:\/\/avrupapress.com\/2017\/11\/08\/belcikada-irkci-vlaams-belang-parti-baskani-filip-dewinter-ve-parti-uyeleri-gent-kentine-cami-yapilmasi-kararini-protesto-etti\/#article","isPartOf":{"@id":"https:\/\/avrupapress.com\/2017\/11\/08\/belcikada-irkci-vlaams-belang-parti-baskani-filip-dewinter-ve-parti-uyeleri-gent-kentine-cami-yapilmasi-kararini-protesto-etti\/"},"author":{"name":"Edit\u00f6r","@id":"https:\/\/avrupapress.com\/#\/schema\/person\/68428444ec60970d1e1b700cf4ca1e8f"},"headline":"Bel\u00e7ika&rsquo;da \u0131rk\u00e7\u0131 Vlaams Belang Parti Ba\u015fkan\u0131 Filip Dewinter ve parti \u00fcyeleri, Gent kentine cami yap\u0131lmas\u0131 karar\u0131n\u0131 protesto etti.","datePublished":"2017-11-08T08:06:25+00:00","mainEntityOfPage":{"@id":"https:\/\/avrupapress.com\/2017\/11\/08\/belcikada-irkci-vlaams-belang-parti-baskani-filip-dewinter-ve-parti-uyeleri-gent-kentine-cami-yapilmasi-kararini-protesto-etti\/"},"wordCount":368,"commentCount":0,"publisher":{"@id":"https:\/\/avrupapress.com\/#\/schema\/person\/0223dca19c72c43575bf30d1a2d8f4fa"},"image":{"@id":"https:\/\/avrupapress.com\/2017\/11\/08\/belcikada-irkci-vlaams-belang-parti-baskani-filip-dewinter-ve-parti-uyeleri-gent-kentine-cami-yapilmasi-kararini-protesto-etti\/#primaryimage"},"thumbnailUrl":"https:\/\/avrupapress.com\/main\/wp-content\/uploads\/2017\/11\/gentte-korkulan-olmadicami-yapimi-protestosunda-polis-sayisi-protestoculardan-daha-fazlaydi-5774.jpg","keywords":["baskani","Belcikada","Cami","Etti","Filip Dewinter","Gent","Irk\u00e7\u0131","Kararini","kentine","Parti","Protesto","\u00dcyeleri","ve","Vlaams Belang","yap\u0131lmas\u0131"],"articleSection":["Avrupa","Bel\u00e7ika","D\u00fcnya","Ekonomi","K\u00fclt\u00fcr-Sanat","Tan\u0131t\u0131m","T\u00fcrkiye","Uncategorized"],"inLanguage":"fr-BE","potentialAction":[{"@type":"CommentAction","name":"Comment","target":["https:\/\/avrupapress.com\/2017\/11\/08\/belcikada-irkci-vlaams-belang-parti-baskani-filip-dewinter-ve-parti-uyeleri-gent-kentine-cami-yapilmasi-kararini-protesto-etti\/#respond"]}]},{"@type":"WebPage","@id":"https:\/\/avrupapress.com\/2017\/11\/08\/belcikada-irkci-vlaams-belang-parti-baskani-filip-dewinter-ve-parti-uyeleri-gent-kentine-cami-yapilmasi-kararini-protesto-etti\/","url":"https:\/\/avrupapress.com\/2017\/11\/08\/belcikada-irkci-vlaams-belang-parti-baskani-filip-dewinter-ve-parti-uyeleri-gent-kentine-cami-yapilmasi-kararini-protesto-etti\/","name":"Bel\u00e7ika'da \u0131rk\u00e7\u0131 Vlaams Belang Parti Ba\u015fkan\u0131 Filip Dewinter ve parti \u00fcyeleri, Gent kentine cami yap\u0131lmas\u0131 karar\u0131n\u0131 protesto etti. - AvrupaPress","isPartOf":{"@id":"https:\/\/avrupapress.com\/#website"},"primaryImageOfPage":{"@id":"https:\/\/avrupapress.com\/2017\/11\/08\/belcikada-irkci-vlaams-belang-parti-baskani-filip-dewinter-ve-parti-uyeleri-gent-kentine-cami-yapilmasi-kararini-protesto-etti\/#primaryimage"},"image":{"@id":"https:\/\/avrupapress.com\/2017\/11\/08\/belcikada-irkci-vlaams-belang-parti-baskani-filip-dewinter-ve-parti-uyeleri-gent-kentine-cami-yapilmasi-kararini-protesto-etti\/#primaryimage"},"thumbnailUrl":"https:\/\/avrupapress.com\/main\/wp-content\/uploads\/2017\/11\/gentte-korkulan-olmadicami-yapimi-protestosunda-polis-sayisi-protestoculardan-daha-fazlaydi-5774.jpg","datePublished":"2017-11-08T08:06:25+00:00","breadcrumb":{"@id":"https:\/\/avrupapress.com\/2017\/11\/08\/belcikada-irkci-vlaams-belang-parti-baskani-filip-dewinter-ve-parti-uyeleri-gent-kentine-cami-yapilmasi-kararini-protesto-etti\/#breadcrumb"},"inLanguage":"fr-BE","potentialAction":[{"@type":"ReadAction","target":["https:\/\/avrupapress.com\/2017\/11\/08\/belcikada-irkci-vlaams-belang-parti-baskani-filip-dewinter-ve-parti-uyeleri-gent-kentine-cami-yapilmasi-kararini-protesto-etti\/"]}]},{"@type":"ImageObject","inLanguage":"fr-BE","@id":"https:\/\/avrupapress.com\/2017\/11\/08\/belcikada-irkci-vlaams-belang-parti-baskani-filip-dewinter-ve-parti-uyeleri-gent-kentine-cami-yapilmasi-kararini-protesto-etti\/#primaryimage","url":"https:\/\/avrupapress.com\/main\/wp-content\/uploads\/2017\/11\/gentte-korkulan-olmadicami-yapimi-protestosunda-polis-sayisi-protestoculardan-daha-fazlaydi-5774.jpg","contentUrl":"https:\/\/avrupapress.com\/main\/wp-content\/uploads\/2017\/11\/gentte-korkulan-olmadicami-yapimi-protestosunda-polis-sayisi-protestoculardan-daha-fazlaydi-5774.jpg","width":640,"height":427},{"@type":"BreadcrumbList","@id":"https:\/\/avrupapress.com\/2017\/11\/08\/belcikada-irkci-vlaams-belang-parti-baskani-filip-dewinter-ve-parti-uyeleri-gent-kentine-cami-yapilmasi-kararini-protesto-etti\/#breadcrumb","itemListElement":[{"@type":"ListItem","position":1,"name":"Anasayfa","item":"https:\/\/avrupapress.com\/"},{"@type":"ListItem","position":2,"name":"Bel\u00e7ika&#8217;da \u0131rk\u00e7\u0131 Vlaams Belang Parti Ba\u015fkan\u0131 Filip Dewinter ve parti \u00fcyeleri, Gent kentine cami yap\u0131lmas\u0131 karar\u0131n\u0131 protesto etti."}]},{"@type":"WebSite","@id":"https:\/\/avrupapress.com\/#website","url":"https:\/\/avrupapress.com\/","name":"AvrupaPress","description":"Haberin Adresi","publisher":{"@id":"https:\/\/avrupapress.com\/#\/schema\/person\/0223dca19c72c43575bf30d1a2d8f4fa"},"potentialAction":[{"@type":"SearchAction","target":{"@type":"EntryPoint","urlTemplate":"https:\/\/avrupapress.com\/?s={search_term_string}"},"query-input":{"@type":"PropertyValueSpecification","valueRequired":true,"valueName":"search_term_string"}}],"inLanguage":"fr-BE"},{"@type":["Person","Organization"],"@id":"https:\/\/avrupapress.com\/#\/schema\/person\/0223dca19c72c43575bf30d1a2d8f4fa","name":"Bilgin \u00d6z\u00e7ift\u00e7i","image":{"@type":"ImageObject","inLanguage":"fr-BE","@id":"https:\/\/avrupapress.com\/#\/schema\/person\/image\/","url":"https:\/\/secure.gravatar.com\/avatar\/0f23b280433a21e1ea7a0adcc46ed0ad16afe3ad8e630fd13d8a017dcbd54ef3?s=96&d=mm&r=g","contentUrl":"https:\/\/secure.gravatar.com\/avatar\/0f23b280433a21e1ea7a0adcc46ed0ad16afe3ad8e630fd13d8a017dcbd54ef3?s=96&d=mm&r=g","caption":"Bilgin \u00d6z\u00e7ift\u00e7i"},"logo":{"@id":"https:\/\/avrupapress.com\/#\/schema\/person\/image\/"},"description":"Ne ben, nede sen... Biz ancak \"biz\" olursak g\u00fc\u00e7l\u00fc olabiliriz"},{"@type":"Person","@id":"https:\/\/avrupapress.com\/#\/schema\/person\/68428444ec60970d1e1b700cf4ca1e8f","name":"Edit\u00f6r","image":{"@type":"ImageObject","inLanguage":"fr-BE","@id":"https:\/\/avrupapress.com\/#\/schema\/person\/image\/","url":"https:\/\/secure.gravatar.com\/avatar\/74996b0977aa5f1559ba9883776652508b229005c0d78fb2597897f0bd651c09?s=96&d=mm&r=g","contentUrl":"https:\/\/secure.gravatar.com\/avatar\/74996b0977aa5f1559ba9883776652508b229005c0d78fb2597897f0bd651c09?s=96&d=mm&r=g","caption":"Edit\u00f6r"},"sameAs":["http:\/\/www.avrupapress.com"],"url":"https:\/\/avrupapress.com\/main\/author\/editor\/"}]}},"_links":{"self":[{"href":"https:\/\/avrupapress.com\/main\/wp-json\/wp\/v2\/posts\/2118","targetHints":{"allow":["GET"]}}],"collection":[{"href":"https:\/\/avrupapress.com\/main\/wp-json\/wp\/v2\/posts"}],"about":[{"href":"https:\/\/avrupapress.com\/main\/wp-json\/wp\/v2\/types\/post"}],"author":[{"embeddable":true,"href":"https:\/\/avrupapress.com\/main\/wp-json\/wp\/v2\/users\/3"}],"replies":[{"embeddable":true,"href":"https:\/\/avrupapress.com\/main\/wp-json\/wp\/v2\/comments?post=2118"}],"version-history":[{"count":1,"href":"https:\/\/avrupapress.com\/main\/wp-json\/wp\/v2\/posts\/2118\/revisions"}],"predecessor-version":[{"id":2120,"href":"https:\/\/avrupapress.com\/main\/wp-json\/wp\/v2\/posts\/2118\/revisions\/2120"}],"wp:featuredmedia":[{"embeddable":true,"href":"https:\/\/avrupapress.com\/main\/wp-json\/wp\/v2\/media\/2119"}],"wp:attachment":[{"href":"https:\/\/avrupapress.com\/main\/wp-json\/wp\/v2\/media?parent=2118"}],"wp:term":[{"taxonomy":"category","embeddable":true,"href":"https:\/\/avrupapress.com\/main\/wp-json\/wp\/v2\/categories?post=2118"},{"taxonomy":"post_tag","embeddable":true,"href":"https:\/\/avrupapress.com\/main\/wp-json\/wp\/v2\/tags?post=2118"}],"curies":[{"name":"wp","href":"https:\/\/api.w.org\/{rel}","templated":true}]}}