{"id":19989,"date":"2022-09-08T19:07:36","date_gmt":"2022-09-08T19:07:36","guid":{"rendered":"https:\/\/avrupapress.com\/main\/?p=19989"},"modified":"2022-09-08T19:07:36","modified_gmt":"2022-09-08T19:07:36","slug":"%f0%9f%a7%a8sen-kimsin","status":"publish","type":"post","link":"https:\/\/avrupapress.com\/main\/2022\/09\/08\/%f0%9f%a7%a8sen-kimsin\/","title":{"rendered":"\ud83e\udde8SEN K\u0130MS\u0130N"},"content":{"rendered":"<p><strong>Nas\u0131l geli\u015ftin \ud83d\udc49Kendini tan\u0131&#8230;<\/strong><\/p>\n<div dir=\"auto\">Ki\u015filik, bireyi ba\u015fkalar\u0131ndan ay\u0131ran do\u011fu\u015ftan getirdi\u011fi ve sonradan kazan\u0131lan, tutarl\u0131 olarak sergilenen \u00f6zelliklerin b\u00fct\u00fcn\u00fcd\u00fcr.<\/div>\n<div dir=\"auto\">Ki\u015filik, bireyin zihinsel, duygusal, sosyal ve fiziksel \u00f6zelliklerinin s\u00fcreklilik g\u00f6steren y\u00f6nlerini i\u00e7erir.<\/div>\n<div dir=\"auto\">\u00a0Bir ba\u015fka tan\u0131mlamada ki\u015fili\u011fin bireyin kendine \u00f6zg\u00fc d\u00fc\u015f\u00fcncelerini ve sergiledi\u011fi davran\u0131\u015flar\u0131n\u0131 belirleyen sistemlerin b\u00fct\u00fcn\u00fcd\u00fcr.<\/div>\n<div dir=\"auto\"><\/div>\n<div dir=\"auto\">\u0130nsan\u0131n ki\u015fili\u011fi ancak, ki\u015fi bir veya daha fazla ki\u015filerle ili\u015fki durumundayken ortaya \u00e7\u0131kar.<\/div>\n<div dir=\"auto\"><\/div>\n<div dir=\"auto\">Ki\u015fili\u011fin Geli\u015fimi<\/div>\n<div dir=\"auto\">\u0130nsan geli\u015fimi fiziksel, zihinsel, sosyal ve ahlak geli\u015fimi gibi \u00e7e\u015fitli boyutlardan olu\u015fan karma\u015f\u0131k bir s\u00fcre\u00e7tir.<\/div>\n<div dir=\"auto\"><\/div>\n<div dir=\"auto\">Geli\u015fimin baz\u0131 y\u00f6nleri kal\u0131t\u0131mdan baz\u0131 y\u00f6nleri de \u00e7evreden etkilenirken, bir\u00e7ok y\u00f6n\u00fc ise ANNE ve BABADAN etkilenmektedir.<\/div>\n<div dir=\"auto\">Ki\u015filik geli\u015fiminde, do\u011fu\u015ftan gelen genler yani ana babalardan \u00e7ocuklara ge\u00e7en \u00f6zelliklerle \u00e7evre etkili olmaktad\u0131r.<\/div>\n<div dir=\"auto\"><\/div>\n<div dir=\"auto\">Genetik etkenler daha \u00e7ok \u00e7ocu\u011fun potansiyelinin belirlenmesinde \u00f6n planda iken, \u00e7evresel fakt\u00f6rler de bu potansiyeli etkilemektedir.<\/div>\n<div dir=\"auto\">Genetik etkenler aras\u0131nda anne baban\u0131n zek\u00e2 d\u00fczeyleri, ki\u015filik \u00f6zellikleri, becerileri, \u00e7evresel etkenler, beslenme ve be\u015f duyu ve yan\u0131 s\u0131ra \u00e7ocu\u011fun i\u00e7inde do\u011fdu\u011fu aile ve \u00f6zellikle de ilk y\u0131llarda ana baba gelmektedir.<\/div>\n<div dir=\"auto\"><\/div>\n<div dir=\"auto\">Ki\u015filik geli\u015fiminde \u00e7evre, ki\u015fili\u011fin ilerde alaca\u011f\u0131 \u015fekli belirleyen \u00e7ok \u00f6nemli bir etkendir.<\/div>\n<div dir=\"auto\">\u0130nsan tabiat\u0131 esnek, yumu\u015fak olup bulundu\u011fu \u00e7evreye g\u00f6re \u015fekil al\u0131r.<\/div>\n<div dir=\"auto\">Bununla beraber yine \u00f6zellikle ki\u015filik geli\u015fiminin b\u00fcy\u00fck \u00f6l\u00e7\u00fcde bi\u00e7imlendi\u011fi \u00e7ocukluk y\u0131llar\u0131nda anne babalar\u0131n \u00e7ocuklar\u0131na kar\u015f\u0131 uygulad\u0131klar\u0131 tutumlar \u00e7ok \u00f6nemlidir.<\/div>\n<div dir=\"auto\"><\/div>\n<div dir=\"auto\">\u00c7ocu\u011fun b\u00fcy\u00fcmesiyle beraber de \u00e7evresel fakt\u00f6rler \u00e7o\u011falmaya ba\u015flamakta, ailenin etkisi azal\u0131rken, arkada\u015f \u00e7evresi, okul, \u00f6\u011fretmen, k\u00fclt\u00fcr ve sosyal yap\u0131 gibi di\u011fer psikososyal de\u011fi\u015fkenlerin etkisi artmaya ba\u015flamaktad\u0131r.<\/div>\n<div dir=\"auto\"><\/div>\n<div dir=\"auto\">Ergenli\u011fin sonlar\u0131na kadar devam eden ki\u015filik geli\u015fimi, duygu, d\u00fc\u015f\u00fcnce davran\u0131\u015f ile bireyin bir yap\u0131ya ula\u015fmas\u0131 ile son bulmaktad\u0131r.<\/div>\n<div dir=\"auto\"><\/div>\n<div dir=\"auto\">\ud83e\udde8\ud83d\udc49B\u0130R SONRAK\u0130 YAZIMI<\/div>\n<div dir=\"auto\">Ki\u015filik Geli\u015fiminde Anne Baba Etkisi<\/div>\n<div dir=\"auto\">TAK\u0130P ED\u0130N\ud83d\ude4f<\/div>\n<div dir=\"auto\"><\/div>\n<div dir=\"auto\">Geli\u015fim Akademisi<\/div>\n<div dir=\"auto\"><\/div>\n<div dir=\"auto\"><strong>Derya D\u00f6nmez\u00a0 \/\u00a0 AVRUPAPRESS<\/strong><\/div>\n","protected":false},"excerpt":{"rendered":"<p>Nas\u0131l geli\u015ftin \ud83d\udc49Kendini tan\u0131&#8230; Ki\u015filik, bireyi ba\u015fkalar\u0131ndan ay\u0131ran do\u011fu\u015ftan getirdi\u011fi ve sonradan kazan\u0131lan, tutarl\u0131 olarak sergilenen \u00f6zelliklerin b\u00fct\u00fcn\u00fcd\u00fcr. Ki\u015filik, bireyin zihinsel, duygusal, sosyal ve fiziksel \u00f6zelliklerinin s\u00fcreklilik g\u00f6steren y\u00f6nlerini i\u00e7erir. \u00a0Bir ba\u015fka tan\u0131mlamada ki\u015fili\u011fin bireyin kendine \u00f6zg\u00fc d\u00fc\u015f\u00fcncelerini ve sergiledi\u011fi davran\u0131\u015flar\u0131n\u0131 belirleyen sistemlerin b\u00fct\u00fcn\u00fcd\u00fcr. \u0130nsan\u0131n ki\u015fili\u011fi ancak, ki\u015fi bir veya daha fazla ki\u015filerle ili\u015fki durumundayken [&hellip;]<\/p>\n","protected":false},"author":3,"featured_media":19935,"comment_status":"closed","ping_status":"open","sticky":false,"template":"","format":"standard","meta":{"footnotes":""},"categories":[14,16,3,17,18,15,19,2],"tags":[],"class_list":["post-19989","post","type-post","status-publish","format-standard","has-post-thumbnail","hentry","category-avrupa","category-belcika","category-dunya","category-ekonomi","category-kultur-sanat","category-spor","category-tanitim","category-turkiye"],"yoast_head":"<!-- This site is optimized with the Yoast SEO plugin v26.9 - https:\/\/yoast.com\/product\/yoast-seo-wordpress\/ -->\n<title>\ud83e\udde8SEN K\u0130MS\u0130N - AvrupaPress<\/title>\n<meta name=\"robots\" content=\"index, follow, max-snippet:-1, max-image-preview:large, max-video-preview:-1\" \/>\n<link rel=\"canonical\" href=\"https:\/\/avrupapress.com\/main\/2022\/09\/08\/\ud83e\udde8sen-kimsin\/\" \/>\n<meta property=\"og:locale\" content=\"fr_FR\" \/>\n<meta property=\"og:type\" content=\"article\" \/>\n<meta property=\"og:title\" content=\"\ud83e\udde8SEN K\u0130MS\u0130N - AvrupaPress\" \/>\n<meta property=\"og:description\" content=\"Nas\u0131l geli\u015ftin \ud83d\udc49Kendini tan\u0131&#8230; Ki\u015filik, bireyi ba\u015fkalar\u0131ndan ay\u0131ran do\u011fu\u015ftan getirdi\u011fi ve sonradan kazan\u0131lan, tutarl\u0131 olarak sergilenen \u00f6zelliklerin b\u00fct\u00fcn\u00fcd\u00fcr. Ki\u015filik, bireyin zihinsel, duygusal, sosyal ve fiziksel \u00f6zelliklerinin s\u00fcreklilik g\u00f6steren y\u00f6nlerini i\u00e7erir. \u00a0Bir ba\u015fka tan\u0131mlamada ki\u015fili\u011fin bireyin kendine \u00f6zg\u00fc d\u00fc\u015f\u00fcncelerini ve sergiledi\u011fi davran\u0131\u015flar\u0131n\u0131 belirleyen sistemlerin b\u00fct\u00fcn\u00fcd\u00fcr. \u0130nsan\u0131n ki\u015fili\u011fi ancak, ki\u015fi bir veya daha fazla ki\u015filerle ili\u015fki durumundayken [&hellip;]\" \/>\n<meta property=\"og:url\" content=\"https:\/\/avrupapress.com\/main\/2022\/09\/08\/\ud83e\udde8sen-kimsin\/\" \/>\n<meta property=\"og:site_name\" content=\"AvrupaPress\" \/>\n<meta property=\"article:published_time\" content=\"2022-09-08T19:07:36+00:00\" \/>\n<meta property=\"og:image\" content=\"https:\/\/avrupapress.com\/main\/wp-content\/uploads\/2022\/09\/thumbnail_IMG-20210810-WA0003-740x420-1.jpg\" \/>\n\t<meta property=\"og:image:width\" content=\"740\" \/>\n\t<meta property=\"og:image:height\" content=\"420\" \/>\n\t<meta property=\"og:image:type\" content=\"image\/jpeg\" \/>\n<meta name=\"author\" content=\"Edit\u00f6r\" \/>\n<meta name=\"twitter:card\" content=\"summary_large_image\" \/>\n<meta name=\"twitter:label1\" content=\"\u00c9crit par\" \/>\n\t<meta name=\"twitter:data1\" content=\"Edit\u00f6r\" \/>\n\t<meta name=\"twitter:label2\" content=\"Dur\u00e9e de lecture est.\" \/>\n\t<meta name=\"twitter:data2\" content=\"2 minutes\" \/>\n<script type=\"application\/ld+json\" class=\"yoast-schema-graph\">{\"@context\":\"https:\/\/schema.org\",\"@graph\":[{\"@type\":\"Article\",\"@id\":\"https:\/\/avrupapress.com\/main\/2022\/09\/08\/%f0%9f%a7%a8sen-kimsin\/#article\",\"isPartOf\":{\"@id\":\"https:\/\/avrupapress.com\/main\/2022\/09\/08\/%f0%9f%a7%a8sen-kimsin\/\"},\"author\":{\"name\":\"Edit\u00f6r\",\"@id\":\"https:\/\/avrupapress.com\/#\/schema\/person\/68428444ec60970d1e1b700cf4ca1e8f\"},\"headline\":\"\ud83e\udde8SEN K\u0130MS\u0130N\",\"datePublished\":\"2022-09-08T19:07:36+00:00\",\"mainEntityOfPage\":{\"@id\":\"https:\/\/avrupapress.com\/main\/2022\/09\/08\/%f0%9f%a7%a8sen-kimsin\/\"},\"wordCount\":376,\"publisher\":{\"@id\":\"https:\/\/avrupapress.com\/#\/schema\/person\/0223dca19c72c43575bf30d1a2d8f4fa\"},\"image\":{\"@id\":\"https:\/\/avrupapress.com\/main\/2022\/09\/08\/%f0%9f%a7%a8sen-kimsin\/#primaryimage\"},\"thumbnailUrl\":\"https:\/\/avrupapress.com\/main\/wp-content\/uploads\/2022\/09\/thumbnail_IMG-20210810-WA0003-740x420-1.jpg\",\"articleSection\":[\"Avrupa\",\"Bel\u00e7ika\",\"D\u00fcnya\",\"Ekonomi\",\"K\u00fclt\u00fcr-Sanat\",\"Spor\",\"Tan\u0131t\u0131m\",\"T\u00fcrkiye\"],\"inLanguage\":\"fr-BE\"},{\"@type\":\"WebPage\",\"@id\":\"https:\/\/avrupapress.com\/main\/2022\/09\/08\/%f0%9f%a7%a8sen-kimsin\/\",\"url\":\"https:\/\/avrupapress.com\/main\/2022\/09\/08\/%f0%9f%a7%a8sen-kimsin\/\",\"name\":\"\ud83e\udde8SEN K\u0130MS\u0130N - AvrupaPress\",\"isPartOf\":{\"@id\":\"https:\/\/avrupapress.com\/#website\"},\"primaryImageOfPage\":{\"@id\":\"https:\/\/avrupapress.com\/main\/2022\/09\/08\/%f0%9f%a7%a8sen-kimsin\/#primaryimage\"},\"image\":{\"@id\":\"https:\/\/avrupapress.com\/main\/2022\/09\/08\/%f0%9f%a7%a8sen-kimsin\/#primaryimage\"},\"thumbnailUrl\":\"https:\/\/avrupapress.com\/main\/wp-content\/uploads\/2022\/09\/thumbnail_IMG-20210810-WA0003-740x420-1.jpg\",\"datePublished\":\"2022-09-08T19:07:36+00:00\",\"breadcrumb\":{\"@id\":\"https:\/\/avrupapress.com\/main\/2022\/09\/08\/%f0%9f%a7%a8sen-kimsin\/#breadcrumb\"},\"inLanguage\":\"fr-BE\",\"potentialAction\":[{\"@type\":\"ReadAction\",\"target\":[\"https:\/\/avrupapress.com\/main\/2022\/09\/08\/%f0%9f%a7%a8sen-kimsin\/\"]}]},{\"@type\":\"ImageObject\",\"inLanguage\":\"fr-BE\",\"@id\":\"https:\/\/avrupapress.com\/main\/2022\/09\/08\/%f0%9f%a7%a8sen-kimsin\/#primaryimage\",\"url\":\"https:\/\/avrupapress.com\/main\/wp-content\/uploads\/2022\/09\/thumbnail_IMG-20210810-WA0003-740x420-1.jpg\",\"contentUrl\":\"https:\/\/avrupapress.com\/main\/wp-content\/uploads\/2022\/09\/thumbnail_IMG-20210810-WA0003-740x420-1.jpg\",\"width\":740,\"height\":420},{\"@type\":\"BreadcrumbList\",\"@id\":\"https:\/\/avrupapress.com\/main\/2022\/09\/08\/%f0%9f%a7%a8sen-kimsin\/#breadcrumb\",\"itemListElement\":[{\"@type\":\"ListItem\",\"position\":1,\"name\":\"Anasayfa\",\"item\":\"https:\/\/avrupapress.com\/\"},{\"@type\":\"ListItem\",\"position\":2,\"name\":\"\ud83e\udde8SEN K\u0130MS\u0130N\"}]},{\"@type\":\"WebSite\",\"@id\":\"https:\/\/avrupapress.com\/#website\",\"url\":\"https:\/\/avrupapress.com\/\",\"name\":\"AvrupaPress\",\"description\":\"Haberin Adresi\",\"publisher\":{\"@id\":\"https:\/\/avrupapress.com\/#\/schema\/person\/0223dca19c72c43575bf30d1a2d8f4fa\"},\"potentialAction\":[{\"@type\":\"SearchAction\",\"target\":{\"@type\":\"EntryPoint\",\"urlTemplate\":\"https:\/\/avrupapress.com\/?s={search_term_string}\"},\"query-input\":{\"@type\":\"PropertyValueSpecification\",\"valueRequired\":true,\"valueName\":\"search_term_string\"}}],\"inLanguage\":\"fr-BE\"},{\"@type\":[\"Person\",\"Organization\"],\"@id\":\"https:\/\/avrupapress.com\/#\/schema\/person\/0223dca19c72c43575bf30d1a2d8f4fa\",\"name\":\"Bilgin \u00d6z\u00e7ift\u00e7i\",\"image\":{\"@type\":\"ImageObject\",\"inLanguage\":\"fr-BE\",\"@id\":\"https:\/\/avrupapress.com\/#\/schema\/person\/image\/\",\"url\":\"https:\/\/secure.gravatar.com\/avatar\/0f23b280433a21e1ea7a0adcc46ed0ad16afe3ad8e630fd13d8a017dcbd54ef3?s=96&d=mm&r=g\",\"contentUrl\":\"https:\/\/secure.gravatar.com\/avatar\/0f23b280433a21e1ea7a0adcc46ed0ad16afe3ad8e630fd13d8a017dcbd54ef3?s=96&d=mm&r=g\",\"caption\":\"Bilgin \u00d6z\u00e7ift\u00e7i\"},\"logo\":{\"@id\":\"https:\/\/avrupapress.com\/#\/schema\/person\/image\/\"},\"description\":\"Ne ben, nede sen... Biz ancak \\\"biz\\\" olursak g\u00fc\u00e7l\u00fc olabiliriz\"},{\"@type\":\"Person\",\"@id\":\"https:\/\/avrupapress.com\/#\/schema\/person\/68428444ec60970d1e1b700cf4ca1e8f\",\"name\":\"Edit\u00f6r\",\"image\":{\"@type\":\"ImageObject\",\"inLanguage\":\"fr-BE\",\"@id\":\"https:\/\/avrupapress.com\/#\/schema\/person\/image\/\",\"url\":\"https:\/\/secure.gravatar.com\/avatar\/74996b0977aa5f1559ba9883776652508b229005c0d78fb2597897f0bd651c09?s=96&d=mm&r=g\",\"contentUrl\":\"https:\/\/secure.gravatar.com\/avatar\/74996b0977aa5f1559ba9883776652508b229005c0d78fb2597897f0bd651c09?s=96&d=mm&r=g\",\"caption\":\"Edit\u00f6r\"},\"sameAs\":[\"http:\/\/www.avrupapress.com\"],\"url\":\"https:\/\/avrupapress.com\/main\/author\/editor\/\"}]}<\/script>\n<!-- \/ Yoast SEO plugin. -->","yoast_head_json":{"title":"\ud83e\udde8SEN K\u0130MS\u0130N - AvrupaPress","robots":{"index":"index","follow":"follow","max-snippet":"max-snippet:-1","max-image-preview":"max-image-preview:large","max-video-preview":"max-video-preview:-1"},"canonical":"https:\/\/avrupapress.com\/main\/2022\/09\/08\/\ud83e\udde8sen-kimsin\/","og_locale":"fr_FR","og_type":"article","og_title":"\ud83e\udde8SEN K\u0130MS\u0130N - AvrupaPress","og_description":"Nas\u0131l geli\u015ftin \ud83d\udc49Kendini tan\u0131&#8230; Ki\u015filik, bireyi ba\u015fkalar\u0131ndan ay\u0131ran do\u011fu\u015ftan getirdi\u011fi ve sonradan kazan\u0131lan, tutarl\u0131 olarak sergilenen \u00f6zelliklerin b\u00fct\u00fcn\u00fcd\u00fcr. Ki\u015filik, bireyin zihinsel, duygusal, sosyal ve fiziksel \u00f6zelliklerinin s\u00fcreklilik g\u00f6steren y\u00f6nlerini i\u00e7erir. \u00a0Bir ba\u015fka tan\u0131mlamada ki\u015fili\u011fin bireyin kendine \u00f6zg\u00fc d\u00fc\u015f\u00fcncelerini ve sergiledi\u011fi davran\u0131\u015flar\u0131n\u0131 belirleyen sistemlerin b\u00fct\u00fcn\u00fcd\u00fcr. \u0130nsan\u0131n ki\u015fili\u011fi ancak, ki\u015fi bir veya daha fazla ki\u015filerle ili\u015fki durumundayken [&hellip;]","og_url":"https:\/\/avrupapress.com\/main\/2022\/09\/08\/\ud83e\udde8sen-kimsin\/","og_site_name":"AvrupaPress","article_published_time":"2022-09-08T19:07:36+00:00","og_image":[{"width":740,"height":420,"url":"https:\/\/avrupapress.com\/main\/wp-content\/uploads\/2022\/09\/thumbnail_IMG-20210810-WA0003-740x420-1.jpg","type":"image\/jpeg"}],"author":"Edit\u00f6r","twitter_card":"summary_large_image","twitter_misc":{"\u00c9crit par":"Edit\u00f6r","Dur\u00e9e de lecture est.":"2 minutes"},"schema":{"@context":"https:\/\/schema.org","@graph":[{"@type":"Article","@id":"https:\/\/avrupapress.com\/main\/2022\/09\/08\/%f0%9f%a7%a8sen-kimsin\/#article","isPartOf":{"@id":"https:\/\/avrupapress.com\/main\/2022\/09\/08\/%f0%9f%a7%a8sen-kimsin\/"},"author":{"name":"Edit\u00f6r","@id":"https:\/\/avrupapress.com\/#\/schema\/person\/68428444ec60970d1e1b700cf4ca1e8f"},"headline":"\ud83e\udde8SEN K\u0130MS\u0130N","datePublished":"2022-09-08T19:07:36+00:00","mainEntityOfPage":{"@id":"https:\/\/avrupapress.com\/main\/2022\/09\/08\/%f0%9f%a7%a8sen-kimsin\/"},"wordCount":376,"publisher":{"@id":"https:\/\/avrupapress.com\/#\/schema\/person\/0223dca19c72c43575bf30d1a2d8f4fa"},"image":{"@id":"https:\/\/avrupapress.com\/main\/2022\/09\/08\/%f0%9f%a7%a8sen-kimsin\/#primaryimage"},"thumbnailUrl":"https:\/\/avrupapress.com\/main\/wp-content\/uploads\/2022\/09\/thumbnail_IMG-20210810-WA0003-740x420-1.jpg","articleSection":["Avrupa","Bel\u00e7ika","D\u00fcnya","Ekonomi","K\u00fclt\u00fcr-Sanat","Spor","Tan\u0131t\u0131m","T\u00fcrkiye"],"inLanguage":"fr-BE"},{"@type":"WebPage","@id":"https:\/\/avrupapress.com\/main\/2022\/09\/08\/%f0%9f%a7%a8sen-kimsin\/","url":"https:\/\/avrupapress.com\/main\/2022\/09\/08\/%f0%9f%a7%a8sen-kimsin\/","name":"\ud83e\udde8SEN K\u0130MS\u0130N - AvrupaPress","isPartOf":{"@id":"https:\/\/avrupapress.com\/#website"},"primaryImageOfPage":{"@id":"https:\/\/avrupapress.com\/main\/2022\/09\/08\/%f0%9f%a7%a8sen-kimsin\/#primaryimage"},"image":{"@id":"https:\/\/avrupapress.com\/main\/2022\/09\/08\/%f0%9f%a7%a8sen-kimsin\/#primaryimage"},"thumbnailUrl":"https:\/\/avrupapress.com\/main\/wp-content\/uploads\/2022\/09\/thumbnail_IMG-20210810-WA0003-740x420-1.jpg","datePublished":"2022-09-08T19:07:36+00:00","breadcrumb":{"@id":"https:\/\/avrupapress.com\/main\/2022\/09\/08\/%f0%9f%a7%a8sen-kimsin\/#breadcrumb"},"inLanguage":"fr-BE","potentialAction":[{"@type":"ReadAction","target":["https:\/\/avrupapress.com\/main\/2022\/09\/08\/%f0%9f%a7%a8sen-kimsin\/"]}]},{"@type":"ImageObject","inLanguage":"fr-BE","@id":"https:\/\/avrupapress.com\/main\/2022\/09\/08\/%f0%9f%a7%a8sen-kimsin\/#primaryimage","url":"https:\/\/avrupapress.com\/main\/wp-content\/uploads\/2022\/09\/thumbnail_IMG-20210810-WA0003-740x420-1.jpg","contentUrl":"https:\/\/avrupapress.com\/main\/wp-content\/uploads\/2022\/09\/thumbnail_IMG-20210810-WA0003-740x420-1.jpg","width":740,"height":420},{"@type":"BreadcrumbList","@id":"https:\/\/avrupapress.com\/main\/2022\/09\/08\/%f0%9f%a7%a8sen-kimsin\/#breadcrumb","itemListElement":[{"@type":"ListItem","position":1,"name":"Anasayfa","item":"https:\/\/avrupapress.com\/"},{"@type":"ListItem","position":2,"name":"\ud83e\udde8SEN K\u0130MS\u0130N"}]},{"@type":"WebSite","@id":"https:\/\/avrupapress.com\/#website","url":"https:\/\/avrupapress.com\/","name":"AvrupaPress","description":"Haberin Adresi","publisher":{"@id":"https:\/\/avrupapress.com\/#\/schema\/person\/0223dca19c72c43575bf30d1a2d8f4fa"},"potentialAction":[{"@type":"SearchAction","target":{"@type":"EntryPoint","urlTemplate":"https:\/\/avrupapress.com\/?s={search_term_string}"},"query-input":{"@type":"PropertyValueSpecification","valueRequired":true,"valueName":"search_term_string"}}],"inLanguage":"fr-BE"},{"@type":["Person","Organization"],"@id":"https:\/\/avrupapress.com\/#\/schema\/person\/0223dca19c72c43575bf30d1a2d8f4fa","name":"Bilgin \u00d6z\u00e7ift\u00e7i","image":{"@type":"ImageObject","inLanguage":"fr-BE","@id":"https:\/\/avrupapress.com\/#\/schema\/person\/image\/","url":"https:\/\/secure.gravatar.com\/avatar\/0f23b280433a21e1ea7a0adcc46ed0ad16afe3ad8e630fd13d8a017dcbd54ef3?s=96&d=mm&r=g","contentUrl":"https:\/\/secure.gravatar.com\/avatar\/0f23b280433a21e1ea7a0adcc46ed0ad16afe3ad8e630fd13d8a017dcbd54ef3?s=96&d=mm&r=g","caption":"Bilgin \u00d6z\u00e7ift\u00e7i"},"logo":{"@id":"https:\/\/avrupapress.com\/#\/schema\/person\/image\/"},"description":"Ne ben, nede sen... Biz ancak \"biz\" olursak g\u00fc\u00e7l\u00fc olabiliriz"},{"@type":"Person","@id":"https:\/\/avrupapress.com\/#\/schema\/person\/68428444ec60970d1e1b700cf4ca1e8f","name":"Edit\u00f6r","image":{"@type":"ImageObject","inLanguage":"fr-BE","@id":"https:\/\/avrupapress.com\/#\/schema\/person\/image\/","url":"https:\/\/secure.gravatar.com\/avatar\/74996b0977aa5f1559ba9883776652508b229005c0d78fb2597897f0bd651c09?s=96&d=mm&r=g","contentUrl":"https:\/\/secure.gravatar.com\/avatar\/74996b0977aa5f1559ba9883776652508b229005c0d78fb2597897f0bd651c09?s=96&d=mm&r=g","caption":"Edit\u00f6r"},"sameAs":["http:\/\/www.avrupapress.com"],"url":"https:\/\/avrupapress.com\/main\/author\/editor\/"}]}},"_links":{"self":[{"href":"https:\/\/avrupapress.com\/main\/wp-json\/wp\/v2\/posts\/19989","targetHints":{"allow":["GET"]}}],"collection":[{"href":"https:\/\/avrupapress.com\/main\/wp-json\/wp\/v2\/posts"}],"about":[{"href":"https:\/\/avrupapress.com\/main\/wp-json\/wp\/v2\/types\/post"}],"author":[{"embeddable":true,"href":"https:\/\/avrupapress.com\/main\/wp-json\/wp\/v2\/users\/3"}],"replies":[{"embeddable":true,"href":"https:\/\/avrupapress.com\/main\/wp-json\/wp\/v2\/comments?post=19989"}],"version-history":[{"count":1,"href":"https:\/\/avrupapress.com\/main\/wp-json\/wp\/v2\/posts\/19989\/revisions"}],"predecessor-version":[{"id":19990,"href":"https:\/\/avrupapress.com\/main\/wp-json\/wp\/v2\/posts\/19989\/revisions\/19990"}],"wp:featuredmedia":[{"embeddable":true,"href":"https:\/\/avrupapress.com\/main\/wp-json\/wp\/v2\/media\/19935"}],"wp:attachment":[{"href":"https:\/\/avrupapress.com\/main\/wp-json\/wp\/v2\/media?parent=19989"}],"wp:term":[{"taxonomy":"category","embeddable":true,"href":"https:\/\/avrupapress.com\/main\/wp-json\/wp\/v2\/categories?post=19989"},{"taxonomy":"post_tag","embeddable":true,"href":"https:\/\/avrupapress.com\/main\/wp-json\/wp\/v2\/tags?post=19989"}],"curies":[{"name":"wp","href":"https:\/\/api.w.org\/{rel}","templated":true}]}}