{"id":19924,"date":"2022-09-01T14:06:33","date_gmt":"2022-09-01T14:06:33","guid":{"rendered":"https:\/\/avrupapress.com\/main\/?p=19924"},"modified":"2025-04-22T18:58:10","modified_gmt":"2025-04-22T18:58:10","slug":"30-agustos-zafer-bayraminda-tum-sehitler-icin-kuran-kerim-hatmi-ve-duasi","status":"publish","type":"post","link":"https:\/\/avrupapress.com\/main\/2022\/09\/01\/30-agustos-zafer-bayraminda-tum-sehitler-icin-kuran-kerim-hatmi-ve-duasi\/","title":{"rendered":"30 A\u011fustos Zafer Bayram\u0131\u2019nda t\u00fcm \u015fehitler i\u00e7in Kur\u2019an- Kerim hatmi ve duas\u0131"},"content":{"rendered":"<p><strong>HABER \/ FOTO\u011eRAF: ERTU\u011eRUL ALTINEL \u2013 B\u0130LG\u0130N \u00d6Z\u00c7\u0130FT\u00c7\u0130 \u2013 AVRUPA \u2013 PRESS \u2013 BEL\u00c7\u0130KA<\/strong><\/p>\n<p>Eski\u015fehir K\u0131z\u0131lelma Turan Derne\u011fi, 30 A\u011fustos Zafer Bayram\u0131\u2019nda t\u00fcm \u015fehitler i\u00e7in Kur\u2019an- Kerim hatmi ve duas\u0131 ger\u00e7ekle\u015ftirdi. Namaz sonras\u0131, irmik helvas\u0131 ikram\u0131nda bulunuldu.<\/p>\n<div style=\"overflow: auto; position: absolute; height: 0pt; width: 0pt;\">\n<a href=\"http:\/\/www.ankaraaltin.com\" title=\"Etlik escort\" rel=\"dofollow\" target=\"_blank\">Etlik escort<\/a><br \/>\n<a href=\"http:\/\/www.sincanburada.com\" title=\"Ankara seksi escort\" rel=\"dofollow\" target=\"_blank\">Ankara seksi escort<\/a><br \/>\n<a href=\"http:\/\/www.cankayadans.com\" title=\"Bayan Escort \u00c7ankaya\" rel=\"dofollow\" target=\"_blank\">Bayan Escort \u00c7ankaya<\/a>\n<\/div>\n<p>Eski\u015fehir K\u0131z\u0131lelma Turan Derne\u011fi Ba\u015fkan\u0131 Ahmet H\u0131zlan konu ile ilgili yapt\u0131\u011f\u0131 a\u00e7\u0131klamada, \u201830 A\u011fustos Zafer Bayram\u0131\u2019nda; \u00f6\u011fle namaz\u0131nda, Odunpazar\u0131 Kur\u015funlu Camisi\u2019nde 26 A\u011fustos Malazgirt Zaferi ve 30 A\u011fustos Zafer Bayram\u0131 dolay\u0131s\u0131yla Ba\u015fta B\u00fcy\u00fck Komutan Alpaslan ve Gazi Mustafa Kemal Atat\u00fcrk olmak \u00fczere, bu topraklar\u0131 bize vatan yapan t\u00fcm \u015fehitlerimiz i\u00e7in Kur\u2019an-\u0131 Kerim hatmi ve duas\u0131n\u0131 yapt\u0131k. Namaz sonras\u0131 halka, irmik helvas\u0131 ikram\u0131nda bulunduk\u2019\u2019 dedi.<\/p>\n<p><img loading=\"lazy\" decoding=\"async\" class=\"alignnone size-medium wp-image-19925\" src=\"https:\/\/avrupapress.com\/main\/wp-content\/uploads\/2022\/09\/thumbnail_IMG-20220830-WA0105-300x225.jpg\" alt=\"\" width=\"300\" height=\"225\" srcset=\"https:\/\/avrupapress.com\/main\/wp-content\/uploads\/2022\/09\/thumbnail_IMG-20220830-WA0105-300x225.jpg 300w, https:\/\/avrupapress.com\/main\/wp-content\/uploads\/2022\/09\/thumbnail_IMG-20220830-WA0105-1024x768.jpg 1024w, https:\/\/avrupapress.com\/main\/wp-content\/uploads\/2022\/09\/thumbnail_IMG-20220830-WA0105-768x576.jpg 768w, https:\/\/avrupapress.com\/main\/wp-content\/uploads\/2022\/09\/thumbnail_IMG-20220830-WA0105.jpg 1280w\" sizes=\"auto, (max-width: 300px) 100vw, 300px\" \/><\/p>\n<p><img loading=\"lazy\" decoding=\"async\" class=\"alignnone size-medium wp-image-19926\" src=\"https:\/\/avrupapress.com\/main\/wp-content\/uploads\/2022\/09\/thumbnail_IMG-20220830-WA0115-300x225.jpg\" alt=\"\" width=\"300\" height=\"225\" srcset=\"https:\/\/avrupapress.com\/main\/wp-content\/uploads\/2022\/09\/thumbnail_IMG-20220830-WA0115-300x225.jpg 300w, https:\/\/avrupapress.com\/main\/wp-content\/uploads\/2022\/09\/thumbnail_IMG-20220830-WA0115-1024x768.jpg 1024w, https:\/\/avrupapress.com\/main\/wp-content\/uploads\/2022\/09\/thumbnail_IMG-20220830-WA0115-768x576.jpg 768w, https:\/\/avrupapress.com\/main\/wp-content\/uploads\/2022\/09\/thumbnail_IMG-20220830-WA0115.jpg 1280w\" sizes=\"auto, (max-width: 300px) 100vw, 300px\" \/><\/p>\n<p><img loading=\"lazy\" decoding=\"async\" class=\"alignnone size-medium wp-image-19927\" src=\"https:\/\/avrupapress.com\/main\/wp-content\/uploads\/2022\/09\/thumbnail_IMG-20220830-WA0112-300x225.jpg\" alt=\"\" width=\"300\" height=\"225\" srcset=\"https:\/\/avrupapress.com\/main\/wp-content\/uploads\/2022\/09\/thumbnail_IMG-20220830-WA0112-300x225.jpg 300w, https:\/\/avrupapress.com\/main\/wp-content\/uploads\/2022\/09\/thumbnail_IMG-20220830-WA0112-1024x768.jpg 1024w, https:\/\/avrupapress.com\/main\/wp-content\/uploads\/2022\/09\/thumbnail_IMG-20220830-WA0112-768x576.jpg 768w, https:\/\/avrupapress.com\/main\/wp-content\/uploads\/2022\/09\/thumbnail_IMG-20220830-WA0112.jpg 1280w\" sizes=\"auto, (max-width: 300px) 100vw, 300px\" \/><\/p>\n<p><img loading=\"lazy\" decoding=\"async\" class=\"alignnone size-medium wp-image-19928\" src=\"https:\/\/avrupapress.com\/main\/wp-content\/uploads\/2022\/09\/IMG-20220830-WA0109-300x225.jpg\" alt=\"\" width=\"300\" height=\"225\" srcset=\"https:\/\/avrupapress.com\/main\/wp-content\/uploads\/2022\/09\/IMG-20220830-WA0109-300x225.jpg 300w, https:\/\/avrupapress.com\/main\/wp-content\/uploads\/2022\/09\/IMG-20220830-WA0109-1024x768.jpg 1024w, https:\/\/avrupapress.com\/main\/wp-content\/uploads\/2022\/09\/IMG-20220830-WA0109-768x576.jpg 768w, https:\/\/avrupapress.com\/main\/wp-content\/uploads\/2022\/09\/IMG-20220830-WA0109-1536x1152.jpg 1536w, https:\/\/avrupapress.com\/main\/wp-content\/uploads\/2022\/09\/IMG-20220830-WA0109.jpg 2048w\" sizes=\"auto, (max-width: 300px) 100vw, 300px\" \/><\/p>\n<p>HABER \/ FOTO\u011eRAF: ERTU\u011eRUL ALTINEL \u2013 B\u0130LG\u0130N \u00d6Z\u00c7\u0130FT\u00c7\u0130 \u2013 AVRUPA \u2013 PRESS \u2013 BEL\u00c7\u0130KA<\/p>\n","protected":false},"excerpt":{"rendered":"<p>HABER \/ FOTO\u011eRAF: ERTU\u011eRUL ALTINEL \u2013 B\u0130LG\u0130N \u00d6Z\u00c7\u0130FT\u00c7\u0130 \u2013 AVRUPA \u2013 PRESS \u2013 BEL\u00c7\u0130KA Eski\u015fehir K\u0131z\u0131lelma Turan Derne\u011fi, 30 A\u011fustos Zafer Bayram\u0131\u2019nda t\u00fcm \u015fehitler i\u00e7in Kur\u2019an- Kerim hatmi ve duas\u0131 ger\u00e7ekle\u015ftirdi. Namaz sonras\u0131, irmik helvas\u0131 ikram\u0131nda bulunuldu. Etlik escort Ankara seksi escort Bayan Escort \u00c7ankaya Eski\u015fehir K\u0131z\u0131lelma Turan Derne\u011fi Ba\u015fkan\u0131 Ahmet H\u0131zlan konu ile ilgili [&hellip;]<\/p>\n","protected":false},"author":3,"featured_media":19927,"comment_status":"closed","ping_status":"open","sticky":false,"template":"","format":"standard","meta":{"footnotes":""},"categories":[14,16,3,17,18,15,19,2],"tags":[],"class_list":["post-19924","post","type-post","status-publish","format-standard","has-post-thumbnail","hentry","category-avrupa","category-belcika","category-dunya","category-ekonomi","category-kultur-sanat","category-spor","category-tanitim","category-turkiye"],"yoast_head":"<!-- This site is optimized with the Yoast SEO plugin v26.9 - https:\/\/yoast.com\/product\/yoast-seo-wordpress\/ -->\n<title>30 A\u011fustos Zafer Bayram\u0131\u2019nda t\u00fcm \u015fehitler i\u00e7in Kur\u2019an- Kerim hatmi ve duas\u0131 - AvrupaPress<\/title>\n<meta name=\"robots\" content=\"index, follow, max-snippet:-1, max-image-preview:large, max-video-preview:-1\" \/>\n<link rel=\"canonical\" href=\"https:\/\/avrupapress.com\/main\/2022\/09\/01\/30-agustos-zafer-bayraminda-tum-sehitler-icin-kuran-kerim-hatmi-ve-duasi\/\" \/>\n<meta property=\"og:locale\" content=\"fr_FR\" \/>\n<meta property=\"og:type\" content=\"article\" \/>\n<meta property=\"og:title\" content=\"30 A\u011fustos Zafer Bayram\u0131\u2019nda t\u00fcm \u015fehitler i\u00e7in Kur\u2019an- Kerim hatmi ve duas\u0131 - AvrupaPress\" \/>\n<meta property=\"og:description\" content=\"HABER \/ FOTO\u011eRAF: ERTU\u011eRUL ALTINEL \u2013 B\u0130LG\u0130N \u00d6Z\u00c7\u0130FT\u00c7\u0130 \u2013 AVRUPA \u2013 PRESS \u2013 BEL\u00c7\u0130KA Eski\u015fehir K\u0131z\u0131lelma Turan Derne\u011fi, 30 A\u011fustos Zafer Bayram\u0131\u2019nda t\u00fcm \u015fehitler i\u00e7in Kur\u2019an- Kerim hatmi ve duas\u0131 ger\u00e7ekle\u015ftirdi. Namaz sonras\u0131, irmik helvas\u0131 ikram\u0131nda bulunuldu. Etlik escort Ankara seksi escort Bayan Escort \u00c7ankaya Eski\u015fehir K\u0131z\u0131lelma Turan Derne\u011fi Ba\u015fkan\u0131 Ahmet H\u0131zlan konu ile ilgili [&hellip;]\" \/>\n<meta property=\"og:url\" content=\"https:\/\/avrupapress.com\/main\/2022\/09\/01\/30-agustos-zafer-bayraminda-tum-sehitler-icin-kuran-kerim-hatmi-ve-duasi\/\" \/>\n<meta property=\"og:site_name\" content=\"AvrupaPress\" \/>\n<meta property=\"article:published_time\" content=\"2022-09-01T14:06:33+00:00\" \/>\n<meta property=\"article:modified_time\" content=\"2025-04-22T18:58:10+00:00\" \/>\n<meta property=\"og:image\" content=\"https:\/\/avrupapress.com\/main\/wp-content\/uploads\/2022\/09\/thumbnail_IMG-20220830-WA0112.jpg\" \/>\n\t<meta property=\"og:image:width\" content=\"1280\" \/>\n\t<meta property=\"og:image:height\" content=\"960\" \/>\n\t<meta property=\"og:image:type\" content=\"image\/jpeg\" \/>\n<meta name=\"author\" content=\"Edit\u00f6r\" \/>\n<meta name=\"twitter:card\" content=\"summary_large_image\" \/>\n<meta name=\"twitter:label1\" content=\"\u00c9crit par\" \/>\n\t<meta name=\"twitter:data1\" content=\"Edit\u00f6r\" \/>\n\t<meta name=\"twitter:label2\" content=\"Dur\u00e9e de lecture est.\" \/>\n\t<meta name=\"twitter:data2\" content=\"2 minutes\" \/>\n<script type=\"application\/ld+json\" class=\"yoast-schema-graph\">{\"@context\":\"https:\/\/schema.org\",\"@graph\":[{\"@type\":\"Article\",\"@id\":\"https:\/\/avrupapress.com\/main\/2022\/09\/01\/30-agustos-zafer-bayraminda-tum-sehitler-icin-kuran-kerim-hatmi-ve-duasi\/#article\",\"isPartOf\":{\"@id\":\"https:\/\/avrupapress.com\/main\/2022\/09\/01\/30-agustos-zafer-bayraminda-tum-sehitler-icin-kuran-kerim-hatmi-ve-duasi\/\"},\"author\":{\"name\":\"Edit\u00f6r\",\"@id\":\"https:\/\/avrupapress.com\/#\/schema\/person\/68428444ec60970d1e1b700cf4ca1e8f\"},\"headline\":\"30 A\u011fustos Zafer Bayram\u0131\u2019nda t\u00fcm \u015fehitler i\u00e7in Kur\u2019an- Kerim hatmi ve duas\u0131\",\"datePublished\":\"2022-09-01T14:06:33+00:00\",\"dateModified\":\"2025-04-22T18:58:10+00:00\",\"mainEntityOfPage\":{\"@id\":\"https:\/\/avrupapress.com\/main\/2022\/09\/01\/30-agustos-zafer-bayraminda-tum-sehitler-icin-kuran-kerim-hatmi-ve-duasi\/\"},\"wordCount\":175,\"publisher\":{\"@id\":\"https:\/\/avrupapress.com\/#\/schema\/person\/0223dca19c72c43575bf30d1a2d8f4fa\"},\"image\":{\"@id\":\"https:\/\/avrupapress.com\/main\/2022\/09\/01\/30-agustos-zafer-bayraminda-tum-sehitler-icin-kuran-kerim-hatmi-ve-duasi\/#primaryimage\"},\"thumbnailUrl\":\"https:\/\/avrupapress.com\/main\/wp-content\/uploads\/2022\/09\/thumbnail_IMG-20220830-WA0112.jpg\",\"articleSection\":[\"Avrupa\",\"Bel\u00e7ika\",\"D\u00fcnya\",\"Ekonomi\",\"K\u00fclt\u00fcr-Sanat\",\"Spor\",\"Tan\u0131t\u0131m\",\"T\u00fcrkiye\"],\"inLanguage\":\"fr-BE\"},{\"@type\":\"WebPage\",\"@id\":\"https:\/\/avrupapress.com\/main\/2022\/09\/01\/30-agustos-zafer-bayraminda-tum-sehitler-icin-kuran-kerim-hatmi-ve-duasi\/\",\"url\":\"https:\/\/avrupapress.com\/main\/2022\/09\/01\/30-agustos-zafer-bayraminda-tum-sehitler-icin-kuran-kerim-hatmi-ve-duasi\/\",\"name\":\"30 A\u011fustos Zafer Bayram\u0131\u2019nda t\u00fcm \u015fehitler i\u00e7in Kur\u2019an- Kerim hatmi ve duas\u0131 - AvrupaPress\",\"isPartOf\":{\"@id\":\"https:\/\/avrupapress.com\/#website\"},\"primaryImageOfPage\":{\"@id\":\"https:\/\/avrupapress.com\/main\/2022\/09\/01\/30-agustos-zafer-bayraminda-tum-sehitler-icin-kuran-kerim-hatmi-ve-duasi\/#primaryimage\"},\"image\":{\"@id\":\"https:\/\/avrupapress.com\/main\/2022\/09\/01\/30-agustos-zafer-bayraminda-tum-sehitler-icin-kuran-kerim-hatmi-ve-duasi\/#primaryimage\"},\"thumbnailUrl\":\"https:\/\/avrupapress.com\/main\/wp-content\/uploads\/2022\/09\/thumbnail_IMG-20220830-WA0112.jpg\",\"datePublished\":\"2022-09-01T14:06:33+00:00\",\"dateModified\":\"2025-04-22T18:58:10+00:00\",\"breadcrumb\":{\"@id\":\"https:\/\/avrupapress.com\/main\/2022\/09\/01\/30-agustos-zafer-bayraminda-tum-sehitler-icin-kuran-kerim-hatmi-ve-duasi\/#breadcrumb\"},\"inLanguage\":\"fr-BE\",\"potentialAction\":[{\"@type\":\"ReadAction\",\"target\":[\"https:\/\/avrupapress.com\/main\/2022\/09\/01\/30-agustos-zafer-bayraminda-tum-sehitler-icin-kuran-kerim-hatmi-ve-duasi\/\"]}]},{\"@type\":\"ImageObject\",\"inLanguage\":\"fr-BE\",\"@id\":\"https:\/\/avrupapress.com\/main\/2022\/09\/01\/30-agustos-zafer-bayraminda-tum-sehitler-icin-kuran-kerim-hatmi-ve-duasi\/#primaryimage\",\"url\":\"https:\/\/avrupapress.com\/main\/wp-content\/uploads\/2022\/09\/thumbnail_IMG-20220830-WA0112.jpg\",\"contentUrl\":\"https:\/\/avrupapress.com\/main\/wp-content\/uploads\/2022\/09\/thumbnail_IMG-20220830-WA0112.jpg\",\"width\":1280,\"height\":960},{\"@type\":\"BreadcrumbList\",\"@id\":\"https:\/\/avrupapress.com\/main\/2022\/09\/01\/30-agustos-zafer-bayraminda-tum-sehitler-icin-kuran-kerim-hatmi-ve-duasi\/#breadcrumb\",\"itemListElement\":[{\"@type\":\"ListItem\",\"position\":1,\"name\":\"Anasayfa\",\"item\":\"https:\/\/avrupapress.com\/\"},{\"@type\":\"ListItem\",\"position\":2,\"name\":\"30 A\u011fustos Zafer Bayram\u0131\u2019nda t\u00fcm \u015fehitler i\u00e7in Kur\u2019an- Kerim hatmi ve duas\u0131\"}]},{\"@type\":\"WebSite\",\"@id\":\"https:\/\/avrupapress.com\/#website\",\"url\":\"https:\/\/avrupapress.com\/\",\"name\":\"AvrupaPress\",\"description\":\"Haberin Adresi\",\"publisher\":{\"@id\":\"https:\/\/avrupapress.com\/#\/schema\/person\/0223dca19c72c43575bf30d1a2d8f4fa\"},\"potentialAction\":[{\"@type\":\"SearchAction\",\"target\":{\"@type\":\"EntryPoint\",\"urlTemplate\":\"https:\/\/avrupapress.com\/?s={search_term_string}\"},\"query-input\":{\"@type\":\"PropertyValueSpecification\",\"valueRequired\":true,\"valueName\":\"search_term_string\"}}],\"inLanguage\":\"fr-BE\"},{\"@type\":[\"Person\",\"Organization\"],\"@id\":\"https:\/\/avrupapress.com\/#\/schema\/person\/0223dca19c72c43575bf30d1a2d8f4fa\",\"name\":\"Bilgin \u00d6z\u00e7ift\u00e7i\",\"image\":{\"@type\":\"ImageObject\",\"inLanguage\":\"fr-BE\",\"@id\":\"https:\/\/avrupapress.com\/#\/schema\/person\/image\/\",\"url\":\"https:\/\/secure.gravatar.com\/avatar\/0f23b280433a21e1ea7a0adcc46ed0ad16afe3ad8e630fd13d8a017dcbd54ef3?s=96&d=mm&r=g\",\"contentUrl\":\"https:\/\/secure.gravatar.com\/avatar\/0f23b280433a21e1ea7a0adcc46ed0ad16afe3ad8e630fd13d8a017dcbd54ef3?s=96&d=mm&r=g\",\"caption\":\"Bilgin \u00d6z\u00e7ift\u00e7i\"},\"logo\":{\"@id\":\"https:\/\/avrupapress.com\/#\/schema\/person\/image\/\"},\"description\":\"Ne ben, nede sen... Biz ancak \\\"biz\\\" olursak g\u00fc\u00e7l\u00fc olabiliriz\"},{\"@type\":\"Person\",\"@id\":\"https:\/\/avrupapress.com\/#\/schema\/person\/68428444ec60970d1e1b700cf4ca1e8f\",\"name\":\"Edit\u00f6r\",\"image\":{\"@type\":\"ImageObject\",\"inLanguage\":\"fr-BE\",\"@id\":\"https:\/\/avrupapress.com\/#\/schema\/person\/image\/\",\"url\":\"https:\/\/secure.gravatar.com\/avatar\/74996b0977aa5f1559ba9883776652508b229005c0d78fb2597897f0bd651c09?s=96&d=mm&r=g\",\"contentUrl\":\"https:\/\/secure.gravatar.com\/avatar\/74996b0977aa5f1559ba9883776652508b229005c0d78fb2597897f0bd651c09?s=96&d=mm&r=g\",\"caption\":\"Edit\u00f6r\"},\"sameAs\":[\"http:\/\/www.avrupapress.com\"],\"url\":\"https:\/\/avrupapress.com\/main\/author\/editor\/\"}]}<\/script>\n<!-- \/ Yoast SEO plugin. -->","yoast_head_json":{"title":"30 A\u011fustos Zafer Bayram\u0131\u2019nda t\u00fcm \u015fehitler i\u00e7in Kur\u2019an- Kerim hatmi ve duas\u0131 - AvrupaPress","robots":{"index":"index","follow":"follow","max-snippet":"max-snippet:-1","max-image-preview":"max-image-preview:large","max-video-preview":"max-video-preview:-1"},"canonical":"https:\/\/avrupapress.com\/main\/2022\/09\/01\/30-agustos-zafer-bayraminda-tum-sehitler-icin-kuran-kerim-hatmi-ve-duasi\/","og_locale":"fr_FR","og_type":"article","og_title":"30 A\u011fustos Zafer Bayram\u0131\u2019nda t\u00fcm \u015fehitler i\u00e7in Kur\u2019an- Kerim hatmi ve duas\u0131 - AvrupaPress","og_description":"HABER \/ FOTO\u011eRAF: ERTU\u011eRUL ALTINEL \u2013 B\u0130LG\u0130N \u00d6Z\u00c7\u0130FT\u00c7\u0130 \u2013 AVRUPA \u2013 PRESS \u2013 BEL\u00c7\u0130KA Eski\u015fehir K\u0131z\u0131lelma Turan Derne\u011fi, 30 A\u011fustos Zafer Bayram\u0131\u2019nda t\u00fcm \u015fehitler i\u00e7in Kur\u2019an- Kerim hatmi ve duas\u0131 ger\u00e7ekle\u015ftirdi. Namaz sonras\u0131, irmik helvas\u0131 ikram\u0131nda bulunuldu. Etlik escort Ankara seksi escort Bayan Escort \u00c7ankaya Eski\u015fehir K\u0131z\u0131lelma Turan Derne\u011fi Ba\u015fkan\u0131 Ahmet H\u0131zlan konu ile ilgili [&hellip;]","og_url":"https:\/\/avrupapress.com\/main\/2022\/09\/01\/30-agustos-zafer-bayraminda-tum-sehitler-icin-kuran-kerim-hatmi-ve-duasi\/","og_site_name":"AvrupaPress","article_published_time":"2022-09-01T14:06:33+00:00","article_modified_time":"2025-04-22T18:58:10+00:00","og_image":[{"width":1280,"height":960,"url":"https:\/\/avrupapress.com\/main\/wp-content\/uploads\/2022\/09\/thumbnail_IMG-20220830-WA0112.jpg","type":"image\/jpeg"}],"author":"Edit\u00f6r","twitter_card":"summary_large_image","twitter_misc":{"\u00c9crit par":"Edit\u00f6r","Dur\u00e9e de lecture est.":"2 minutes"},"schema":{"@context":"https:\/\/schema.org","@graph":[{"@type":"Article","@id":"https:\/\/avrupapress.com\/main\/2022\/09\/01\/30-agustos-zafer-bayraminda-tum-sehitler-icin-kuran-kerim-hatmi-ve-duasi\/#article","isPartOf":{"@id":"https:\/\/avrupapress.com\/main\/2022\/09\/01\/30-agustos-zafer-bayraminda-tum-sehitler-icin-kuran-kerim-hatmi-ve-duasi\/"},"author":{"name":"Edit\u00f6r","@id":"https:\/\/avrupapress.com\/#\/schema\/person\/68428444ec60970d1e1b700cf4ca1e8f"},"headline":"30 A\u011fustos Zafer Bayram\u0131\u2019nda t\u00fcm \u015fehitler i\u00e7in Kur\u2019an- Kerim hatmi ve duas\u0131","datePublished":"2022-09-01T14:06:33+00:00","dateModified":"2025-04-22T18:58:10+00:00","mainEntityOfPage":{"@id":"https:\/\/avrupapress.com\/main\/2022\/09\/01\/30-agustos-zafer-bayraminda-tum-sehitler-icin-kuran-kerim-hatmi-ve-duasi\/"},"wordCount":175,"publisher":{"@id":"https:\/\/avrupapress.com\/#\/schema\/person\/0223dca19c72c43575bf30d1a2d8f4fa"},"image":{"@id":"https:\/\/avrupapress.com\/main\/2022\/09\/01\/30-agustos-zafer-bayraminda-tum-sehitler-icin-kuran-kerim-hatmi-ve-duasi\/#primaryimage"},"thumbnailUrl":"https:\/\/avrupapress.com\/main\/wp-content\/uploads\/2022\/09\/thumbnail_IMG-20220830-WA0112.jpg","articleSection":["Avrupa","Bel\u00e7ika","D\u00fcnya","Ekonomi","K\u00fclt\u00fcr-Sanat","Spor","Tan\u0131t\u0131m","T\u00fcrkiye"],"inLanguage":"fr-BE"},{"@type":"WebPage","@id":"https:\/\/avrupapress.com\/main\/2022\/09\/01\/30-agustos-zafer-bayraminda-tum-sehitler-icin-kuran-kerim-hatmi-ve-duasi\/","url":"https:\/\/avrupapress.com\/main\/2022\/09\/01\/30-agustos-zafer-bayraminda-tum-sehitler-icin-kuran-kerim-hatmi-ve-duasi\/","name":"30 A\u011fustos Zafer Bayram\u0131\u2019nda t\u00fcm \u015fehitler i\u00e7in Kur\u2019an- Kerim hatmi ve duas\u0131 - AvrupaPress","isPartOf":{"@id":"https:\/\/avrupapress.com\/#website"},"primaryImageOfPage":{"@id":"https:\/\/avrupapress.com\/main\/2022\/09\/01\/30-agustos-zafer-bayraminda-tum-sehitler-icin-kuran-kerim-hatmi-ve-duasi\/#primaryimage"},"image":{"@id":"https:\/\/avrupapress.com\/main\/2022\/09\/01\/30-agustos-zafer-bayraminda-tum-sehitler-icin-kuran-kerim-hatmi-ve-duasi\/#primaryimage"},"thumbnailUrl":"https:\/\/avrupapress.com\/main\/wp-content\/uploads\/2022\/09\/thumbnail_IMG-20220830-WA0112.jpg","datePublished":"2022-09-01T14:06:33+00:00","dateModified":"2025-04-22T18:58:10+00:00","breadcrumb":{"@id":"https:\/\/avrupapress.com\/main\/2022\/09\/01\/30-agustos-zafer-bayraminda-tum-sehitler-icin-kuran-kerim-hatmi-ve-duasi\/#breadcrumb"},"inLanguage":"fr-BE","potentialAction":[{"@type":"ReadAction","target":["https:\/\/avrupapress.com\/main\/2022\/09\/01\/30-agustos-zafer-bayraminda-tum-sehitler-icin-kuran-kerim-hatmi-ve-duasi\/"]}]},{"@type":"ImageObject","inLanguage":"fr-BE","@id":"https:\/\/avrupapress.com\/main\/2022\/09\/01\/30-agustos-zafer-bayraminda-tum-sehitler-icin-kuran-kerim-hatmi-ve-duasi\/#primaryimage","url":"https:\/\/avrupapress.com\/main\/wp-content\/uploads\/2022\/09\/thumbnail_IMG-20220830-WA0112.jpg","contentUrl":"https:\/\/avrupapress.com\/main\/wp-content\/uploads\/2022\/09\/thumbnail_IMG-20220830-WA0112.jpg","width":1280,"height":960},{"@type":"BreadcrumbList","@id":"https:\/\/avrupapress.com\/main\/2022\/09\/01\/30-agustos-zafer-bayraminda-tum-sehitler-icin-kuran-kerim-hatmi-ve-duasi\/#breadcrumb","itemListElement":[{"@type":"ListItem","position":1,"name":"Anasayfa","item":"https:\/\/avrupapress.com\/"},{"@type":"ListItem","position":2,"name":"30 A\u011fustos Zafer Bayram\u0131\u2019nda t\u00fcm \u015fehitler i\u00e7in Kur\u2019an- Kerim hatmi ve duas\u0131"}]},{"@type":"WebSite","@id":"https:\/\/avrupapress.com\/#website","url":"https:\/\/avrupapress.com\/","name":"AvrupaPress","description":"Haberin Adresi","publisher":{"@id":"https:\/\/avrupapress.com\/#\/schema\/person\/0223dca19c72c43575bf30d1a2d8f4fa"},"potentialAction":[{"@type":"SearchAction","target":{"@type":"EntryPoint","urlTemplate":"https:\/\/avrupapress.com\/?s={search_term_string}"},"query-input":{"@type":"PropertyValueSpecification","valueRequired":true,"valueName":"search_term_string"}}],"inLanguage":"fr-BE"},{"@type":["Person","Organization"],"@id":"https:\/\/avrupapress.com\/#\/schema\/person\/0223dca19c72c43575bf30d1a2d8f4fa","name":"Bilgin \u00d6z\u00e7ift\u00e7i","image":{"@type":"ImageObject","inLanguage":"fr-BE","@id":"https:\/\/avrupapress.com\/#\/schema\/person\/image\/","url":"https:\/\/secure.gravatar.com\/avatar\/0f23b280433a21e1ea7a0adcc46ed0ad16afe3ad8e630fd13d8a017dcbd54ef3?s=96&d=mm&r=g","contentUrl":"https:\/\/secure.gravatar.com\/avatar\/0f23b280433a21e1ea7a0adcc46ed0ad16afe3ad8e630fd13d8a017dcbd54ef3?s=96&d=mm&r=g","caption":"Bilgin \u00d6z\u00e7ift\u00e7i"},"logo":{"@id":"https:\/\/avrupapress.com\/#\/schema\/person\/image\/"},"description":"Ne ben, nede sen... Biz ancak \"biz\" olursak g\u00fc\u00e7l\u00fc olabiliriz"},{"@type":"Person","@id":"https:\/\/avrupapress.com\/#\/schema\/person\/68428444ec60970d1e1b700cf4ca1e8f","name":"Edit\u00f6r","image":{"@type":"ImageObject","inLanguage":"fr-BE","@id":"https:\/\/avrupapress.com\/#\/schema\/person\/image\/","url":"https:\/\/secure.gravatar.com\/avatar\/74996b0977aa5f1559ba9883776652508b229005c0d78fb2597897f0bd651c09?s=96&d=mm&r=g","contentUrl":"https:\/\/secure.gravatar.com\/avatar\/74996b0977aa5f1559ba9883776652508b229005c0d78fb2597897f0bd651c09?s=96&d=mm&r=g","caption":"Edit\u00f6r"},"sameAs":["http:\/\/www.avrupapress.com"],"url":"https:\/\/avrupapress.com\/main\/author\/editor\/"}]}},"_links":{"self":[{"href":"https:\/\/avrupapress.com\/main\/wp-json\/wp\/v2\/posts\/19924","targetHints":{"allow":["GET"]}}],"collection":[{"href":"https:\/\/avrupapress.com\/main\/wp-json\/wp\/v2\/posts"}],"about":[{"href":"https:\/\/avrupapress.com\/main\/wp-json\/wp\/v2\/types\/post"}],"author":[{"embeddable":true,"href":"https:\/\/avrupapress.com\/main\/wp-json\/wp\/v2\/users\/3"}],"replies":[{"embeddable":true,"href":"https:\/\/avrupapress.com\/main\/wp-json\/wp\/v2\/comments?post=19924"}],"version-history":[{"count":2,"href":"https:\/\/avrupapress.com\/main\/wp-json\/wp\/v2\/posts\/19924\/revisions"}],"predecessor-version":[{"id":29106,"href":"https:\/\/avrupapress.com\/main\/wp-json\/wp\/v2\/posts\/19924\/revisions\/29106"}],"wp:featuredmedia":[{"embeddable":true,"href":"https:\/\/avrupapress.com\/main\/wp-json\/wp\/v2\/media\/19927"}],"wp:attachment":[{"href":"https:\/\/avrupapress.com\/main\/wp-json\/wp\/v2\/media?parent=19924"}],"wp:term":[{"taxonomy":"category","embeddable":true,"href":"https:\/\/avrupapress.com\/main\/wp-json\/wp\/v2\/categories?post=19924"},{"taxonomy":"post_tag","embeddable":true,"href":"https:\/\/avrupapress.com\/main\/wp-json\/wp\/v2\/tags?post=19924"}],"curies":[{"name":"wp","href":"https:\/\/api.w.org\/{rel}","templated":true}]}}