{"id":19911,"date":"2022-09-01T13:42:45","date_gmt":"2022-09-01T13:42:45","guid":{"rendered":"https:\/\/avrupapress.com\/main\/?p=19911"},"modified":"2022-09-01T13:42:56","modified_gmt":"2022-09-01T13:42:56","slug":"eskisehir-sevgi-vakfi-30-agustos-zafer-bayramini-etkinlik-duzenleyerek-andi","status":"publish","type":"post","link":"https:\/\/avrupapress.com\/main\/2022\/09\/01\/eskisehir-sevgi-vakfi-30-agustos-zafer-bayramini-etkinlik-duzenleyerek-andi\/","title":{"rendered":"Eski\u015fehir Sevgi Vakf\u0131, 30 A\u011fustos Zafer Bayram\u0131\u2019n\u0131 etkinlik d\u00fczenleyerek and\u0131"},"content":{"rendered":"<p><strong><a name=\"x__Hlk112860220\"><\/a>HABER \/ FOTO\u011eRAF: ERTU\u011eRUL ALTINEL \u2013 B\u0130LG\u0130N \u00d6Z\u00c7\u0130FT\u00c7\u0130 \u2013 AVRUPA PRESS &#8211; BEL\u00c7\u0130KA<\/strong><\/p>\n<p class=\"x_MsoNormal\">Sevgi Zihinsel Yetersizlik Ara\u015ft\u0131rma E\u011fitim ve Kazanma Vakf\u0131,\u00a030 A\u011fustos Zafer Bayram\u0131\u2019n\u0131 Eski\u015fehir\u2019de bir mek\u00e2nda etkinlik d\u00fczenleyerek and\u0131.<\/p>\n<p class=\"x_MsoNormal\">Eski\u015fehir Sevgi Zihinsel Yetersizlik Ara\u015ft\u0131rma E\u011fitim ve Kazanma Vakf\u0131 Ba\u015fkan\u0131 Berrin Tekir konu ile ilgili yapt\u0131\u011f\u0131 a\u00e7\u0131klamada, \u2018\u2019Vak\u0131f olarak,\u00a0<a name=\"x__Hlk112843151\"><\/a>30\u00a0A\u011fustos Zafer Bayram\u0131\u2019n\u0131 bir mek\u00e2nda etkinlik d\u00fczenleyerek and\u0131k. Zafer Bayram\u0131\u2019n\u0131 d\u00fczenledi\u011fimiz etkinlikte, K\u0131rm\u0131z\u0131-Beyaz gecesi olarak kutlad\u0131k. Bize Millet olarak\u00a0varolu\u015fumuzu arma\u011fan eden ba\u015fta Gazi\u00a0Mustafa Kemal Atat\u00fcrk olmak \u00fczere, t\u00fcm \u015fehitlerimizi de sayg\u0131 ve minnetle and\u0131k. Etkinli\u011fimize; vak\u0131f \u00fcyeleri kat\u0131larak gecemize renk katt\u0131lar. Gecede; 30 A\u011fustos Zafer Bayram\u0131\u2019n\u0131n \u00f6nemini vak\u0131f \u00fcyelerimize a\u00e7\u0131klayarak anlatt\u0131m\u2019\u2019 dedi. 30 A\u011fustos gecesi; Zafer Bayram\u0131 i\u00e7in d\u00fczenledi\u011fimiz etkinlik \u00e7ok g\u00fczel oldu. Vak\u0131f \u00fcyelerimiz: K\u0131rm\u0131z\u0131 Beyaz gecesinde; kimisi k\u0131rm\u0131z\u0131, kimisi de beyaz giysiler giydiler\u2019\u2019 dedi.<\/p>\n<p><img loading=\"lazy\" decoding=\"async\" class=\"alignnone size-medium wp-image-19912\" src=\"https:\/\/avrupapress.com\/main\/wp-content\/uploads\/2022\/09\/thumbnail_IMG-20220831-WA0010-300x225.jpg\" alt=\"\" width=\"300\" height=\"225\" srcset=\"https:\/\/avrupapress.com\/main\/wp-content\/uploads\/2022\/09\/thumbnail_IMG-20220831-WA0010-300x225.jpg 300w, https:\/\/avrupapress.com\/main\/wp-content\/uploads\/2022\/09\/thumbnail_IMG-20220831-WA0010-1024x768.jpg 1024w, https:\/\/avrupapress.com\/main\/wp-content\/uploads\/2022\/09\/thumbnail_IMG-20220831-WA0010-768x576.jpg 768w, https:\/\/avrupapress.com\/main\/wp-content\/uploads\/2022\/09\/thumbnail_IMG-20220831-WA0010.jpg 1280w\" sizes=\"auto, (max-width: 300px) 100vw, 300px\" \/><\/p>\n<p><img loading=\"lazy\" decoding=\"async\" class=\"alignnone size-medium wp-image-19913\" src=\"https:\/\/avrupapress.com\/main\/wp-content\/uploads\/2022\/09\/IMG-20220831-WA0011-300x225.jpg\" alt=\"\" width=\"300\" height=\"225\" srcset=\"https:\/\/avrupapress.com\/main\/wp-content\/uploads\/2022\/09\/IMG-20220831-WA0011-300x225.jpg 300w, https:\/\/avrupapress.com\/main\/wp-content\/uploads\/2022\/09\/IMG-20220831-WA0011-1024x768.jpg 1024w, https:\/\/avrupapress.com\/main\/wp-content\/uploads\/2022\/09\/IMG-20220831-WA0011-768x576.jpg 768w, https:\/\/avrupapress.com\/main\/wp-content\/uploads\/2022\/09\/IMG-20220831-WA0011.jpg 1408w\" sizes=\"auto, (max-width: 300px) 100vw, 300px\" \/><\/p>\n<p class=\"x_MsoNormal\">HABER \/ FOTO\u011eRAF: ERTU\u011eRUL ALTINEL \u2013 B\u0130LG\u0130N \u00d6Z\u00c7\u0130FT\u00c7\u0130 \u2013 AVRUPA PRESS- BEL\u00c7\u0130KA<\/p>\n","protected":false},"excerpt":{"rendered":"<p>HABER \/ FOTO\u011eRAF: ERTU\u011eRUL ALTINEL \u2013 B\u0130LG\u0130N \u00d6Z\u00c7\u0130FT\u00c7\u0130 \u2013 AVRUPA PRESS &#8211; BEL\u00c7\u0130KA Sevgi Zihinsel Yetersizlik Ara\u015ft\u0131rma E\u011fitim ve Kazanma Vakf\u0131,\u00a030 A\u011fustos Zafer Bayram\u0131\u2019n\u0131 Eski\u015fehir\u2019de bir mek\u00e2nda etkinlik d\u00fczenleyerek and\u0131. Eski\u015fehir Sevgi Zihinsel Yetersizlik Ara\u015ft\u0131rma E\u011fitim ve Kazanma Vakf\u0131 Ba\u015fkan\u0131 Berrin Tekir konu ile ilgili yapt\u0131\u011f\u0131 a\u00e7\u0131klamada, \u2018\u2019Vak\u0131f olarak,\u00a030\u00a0A\u011fustos Zafer Bayram\u0131\u2019n\u0131 bir mek\u00e2nda etkinlik d\u00fczenleyerek [&hellip;]<\/p>\n","protected":false},"author":3,"featured_media":19913,"comment_status":"closed","ping_status":"open","sticky":false,"template":"","format":"standard","meta":{"footnotes":""},"categories":[14,16,3,17,18,15,19,2,1],"tags":[],"class_list":["post-19911","post","type-post","status-publish","format-standard","has-post-thumbnail","hentry","category-avrupa","category-belcika","category-dunya","category-ekonomi","category-kultur-sanat","category-spor","category-tanitim","category-turkiye","category-uncategorized"],"yoast_head":"<!-- This site is optimized with the Yoast SEO plugin v26.9 - https:\/\/yoast.com\/product\/yoast-seo-wordpress\/ -->\n<title>Eski\u015fehir Sevgi Vakf\u0131, 30 A\u011fustos Zafer Bayram\u0131\u2019n\u0131 etkinlik d\u00fczenleyerek and\u0131 - AvrupaPress<\/title>\n<meta name=\"robots\" content=\"index, follow, max-snippet:-1, max-image-preview:large, max-video-preview:-1\" \/>\n<link rel=\"canonical\" href=\"https:\/\/avrupapress.com\/main\/2022\/09\/01\/eskisehir-sevgi-vakfi-30-agustos-zafer-bayramini-etkinlik-duzenleyerek-andi\/\" \/>\n<meta property=\"og:locale\" content=\"fr_FR\" \/>\n<meta property=\"og:type\" content=\"article\" \/>\n<meta property=\"og:title\" content=\"Eski\u015fehir Sevgi Vakf\u0131, 30 A\u011fustos Zafer Bayram\u0131\u2019n\u0131 etkinlik d\u00fczenleyerek and\u0131 - AvrupaPress\" \/>\n<meta property=\"og:description\" content=\"HABER \/ FOTO\u011eRAF: ERTU\u011eRUL ALTINEL \u2013 B\u0130LG\u0130N \u00d6Z\u00c7\u0130FT\u00c7\u0130 \u2013 AVRUPA PRESS &#8211; BEL\u00c7\u0130KA Sevgi Zihinsel Yetersizlik Ara\u015ft\u0131rma E\u011fitim ve Kazanma Vakf\u0131,\u00a030 A\u011fustos Zafer Bayram\u0131\u2019n\u0131 Eski\u015fehir\u2019de bir mek\u00e2nda etkinlik d\u00fczenleyerek and\u0131. Eski\u015fehir Sevgi Zihinsel Yetersizlik Ara\u015ft\u0131rma E\u011fitim ve Kazanma Vakf\u0131 Ba\u015fkan\u0131 Berrin Tekir konu ile ilgili yapt\u0131\u011f\u0131 a\u00e7\u0131klamada, \u2018\u2019Vak\u0131f olarak,\u00a030\u00a0A\u011fustos Zafer Bayram\u0131\u2019n\u0131 bir mek\u00e2nda etkinlik d\u00fczenleyerek [&hellip;]\" \/>\n<meta property=\"og:url\" content=\"https:\/\/avrupapress.com\/main\/2022\/09\/01\/eskisehir-sevgi-vakfi-30-agustos-zafer-bayramini-etkinlik-duzenleyerek-andi\/\" \/>\n<meta property=\"og:site_name\" content=\"AvrupaPress\" \/>\n<meta property=\"article:published_time\" content=\"2022-09-01T13:42:45+00:00\" \/>\n<meta property=\"article:modified_time\" content=\"2022-09-01T13:42:56+00:00\" \/>\n<meta property=\"og:image\" content=\"https:\/\/avrupapress.com\/main\/wp-content\/uploads\/2022\/09\/IMG-20220831-WA0011.jpg\" \/>\n\t<meta property=\"og:image:width\" content=\"1408\" \/>\n\t<meta property=\"og:image:height\" content=\"1056\" \/>\n\t<meta property=\"og:image:type\" content=\"image\/jpeg\" \/>\n<meta name=\"author\" content=\"Edit\u00f6r\" \/>\n<meta name=\"twitter:card\" content=\"summary_large_image\" \/>\n<meta name=\"twitter:label1\" content=\"\u00c9crit par\" \/>\n\t<meta name=\"twitter:data1\" content=\"Edit\u00f6r\" \/>\n\t<meta name=\"twitter:label2\" content=\"Dur\u00e9e de lecture est.\" \/>\n\t<meta name=\"twitter:data2\" content=\"2 minutes\" \/>\n<script type=\"application\/ld+json\" class=\"yoast-schema-graph\">{\"@context\":\"https:\/\/schema.org\",\"@graph\":[{\"@type\":\"Article\",\"@id\":\"https:\/\/avrupapress.com\/main\/2022\/09\/01\/eskisehir-sevgi-vakfi-30-agustos-zafer-bayramini-etkinlik-duzenleyerek-andi\/#article\",\"isPartOf\":{\"@id\":\"https:\/\/avrupapress.com\/main\/2022\/09\/01\/eskisehir-sevgi-vakfi-30-agustos-zafer-bayramini-etkinlik-duzenleyerek-andi\/\"},\"author\":{\"name\":\"Edit\u00f6r\",\"@id\":\"https:\/\/avrupapress.com\/#\/schema\/person\/68428444ec60970d1e1b700cf4ca1e8f\"},\"headline\":\"Eski\u015fehir Sevgi Vakf\u0131, 30 A\u011fustos Zafer Bayram\u0131\u2019n\u0131 etkinlik d\u00fczenleyerek and\u0131\",\"datePublished\":\"2022-09-01T13:42:45+00:00\",\"dateModified\":\"2022-09-01T13:42:56+00:00\",\"mainEntityOfPage\":{\"@id\":\"https:\/\/avrupapress.com\/main\/2022\/09\/01\/eskisehir-sevgi-vakfi-30-agustos-zafer-bayramini-etkinlik-duzenleyerek-andi\/\"},\"wordCount\":210,\"publisher\":{\"@id\":\"https:\/\/avrupapress.com\/#\/schema\/person\/0223dca19c72c43575bf30d1a2d8f4fa\"},\"image\":{\"@id\":\"https:\/\/avrupapress.com\/main\/2022\/09\/01\/eskisehir-sevgi-vakfi-30-agustos-zafer-bayramini-etkinlik-duzenleyerek-andi\/#primaryimage\"},\"thumbnailUrl\":\"https:\/\/avrupapress.com\/main\/wp-content\/uploads\/2022\/09\/IMG-20220831-WA0011.jpg\",\"articleSection\":[\"Avrupa\",\"Bel\u00e7ika\",\"D\u00fcnya\",\"Ekonomi\",\"K\u00fclt\u00fcr-Sanat\",\"Spor\",\"Tan\u0131t\u0131m\",\"T\u00fcrkiye\",\"Uncategorized\"],\"inLanguage\":\"fr-BE\"},{\"@type\":\"WebPage\",\"@id\":\"https:\/\/avrupapress.com\/main\/2022\/09\/01\/eskisehir-sevgi-vakfi-30-agustos-zafer-bayramini-etkinlik-duzenleyerek-andi\/\",\"url\":\"https:\/\/avrupapress.com\/main\/2022\/09\/01\/eskisehir-sevgi-vakfi-30-agustos-zafer-bayramini-etkinlik-duzenleyerek-andi\/\",\"name\":\"Eski\u015fehir Sevgi Vakf\u0131, 30 A\u011fustos Zafer Bayram\u0131\u2019n\u0131 etkinlik d\u00fczenleyerek and\u0131 - AvrupaPress\",\"isPartOf\":{\"@id\":\"https:\/\/avrupapress.com\/#website\"},\"primaryImageOfPage\":{\"@id\":\"https:\/\/avrupapress.com\/main\/2022\/09\/01\/eskisehir-sevgi-vakfi-30-agustos-zafer-bayramini-etkinlik-duzenleyerek-andi\/#primaryimage\"},\"image\":{\"@id\":\"https:\/\/avrupapress.com\/main\/2022\/09\/01\/eskisehir-sevgi-vakfi-30-agustos-zafer-bayramini-etkinlik-duzenleyerek-andi\/#primaryimage\"},\"thumbnailUrl\":\"https:\/\/avrupapress.com\/main\/wp-content\/uploads\/2022\/09\/IMG-20220831-WA0011.jpg\",\"datePublished\":\"2022-09-01T13:42:45+00:00\",\"dateModified\":\"2022-09-01T13:42:56+00:00\",\"breadcrumb\":{\"@id\":\"https:\/\/avrupapress.com\/main\/2022\/09\/01\/eskisehir-sevgi-vakfi-30-agustos-zafer-bayramini-etkinlik-duzenleyerek-andi\/#breadcrumb\"},\"inLanguage\":\"fr-BE\",\"potentialAction\":[{\"@type\":\"ReadAction\",\"target\":[\"https:\/\/avrupapress.com\/main\/2022\/09\/01\/eskisehir-sevgi-vakfi-30-agustos-zafer-bayramini-etkinlik-duzenleyerek-andi\/\"]}]},{\"@type\":\"ImageObject\",\"inLanguage\":\"fr-BE\",\"@id\":\"https:\/\/avrupapress.com\/main\/2022\/09\/01\/eskisehir-sevgi-vakfi-30-agustos-zafer-bayramini-etkinlik-duzenleyerek-andi\/#primaryimage\",\"url\":\"https:\/\/avrupapress.com\/main\/wp-content\/uploads\/2022\/09\/IMG-20220831-WA0011.jpg\",\"contentUrl\":\"https:\/\/avrupapress.com\/main\/wp-content\/uploads\/2022\/09\/IMG-20220831-WA0011.jpg\",\"width\":1408,\"height\":1056},{\"@type\":\"BreadcrumbList\",\"@id\":\"https:\/\/avrupapress.com\/main\/2022\/09\/01\/eskisehir-sevgi-vakfi-30-agustos-zafer-bayramini-etkinlik-duzenleyerek-andi\/#breadcrumb\",\"itemListElement\":[{\"@type\":\"ListItem\",\"position\":1,\"name\":\"Anasayfa\",\"item\":\"https:\/\/avrupapress.com\/\"},{\"@type\":\"ListItem\",\"position\":2,\"name\":\"Eski\u015fehir Sevgi Vakf\u0131, 30 A\u011fustos Zafer Bayram\u0131\u2019n\u0131 etkinlik d\u00fczenleyerek and\u0131\"}]},{\"@type\":\"WebSite\",\"@id\":\"https:\/\/avrupapress.com\/#website\",\"url\":\"https:\/\/avrupapress.com\/\",\"name\":\"AvrupaPress\",\"description\":\"Haberin Adresi\",\"publisher\":{\"@id\":\"https:\/\/avrupapress.com\/#\/schema\/person\/0223dca19c72c43575bf30d1a2d8f4fa\"},\"potentialAction\":[{\"@type\":\"SearchAction\",\"target\":{\"@type\":\"EntryPoint\",\"urlTemplate\":\"https:\/\/avrupapress.com\/?s={search_term_string}\"},\"query-input\":{\"@type\":\"PropertyValueSpecification\",\"valueRequired\":true,\"valueName\":\"search_term_string\"}}],\"inLanguage\":\"fr-BE\"},{\"@type\":[\"Person\",\"Organization\"],\"@id\":\"https:\/\/avrupapress.com\/#\/schema\/person\/0223dca19c72c43575bf30d1a2d8f4fa\",\"name\":\"Bilgin \u00d6z\u00e7ift\u00e7i\",\"image\":{\"@type\":\"ImageObject\",\"inLanguage\":\"fr-BE\",\"@id\":\"https:\/\/avrupapress.com\/#\/schema\/person\/image\/\",\"url\":\"https:\/\/secure.gravatar.com\/avatar\/0f23b280433a21e1ea7a0adcc46ed0ad16afe3ad8e630fd13d8a017dcbd54ef3?s=96&d=mm&r=g\",\"contentUrl\":\"https:\/\/secure.gravatar.com\/avatar\/0f23b280433a21e1ea7a0adcc46ed0ad16afe3ad8e630fd13d8a017dcbd54ef3?s=96&d=mm&r=g\",\"caption\":\"Bilgin \u00d6z\u00e7ift\u00e7i\"},\"logo\":{\"@id\":\"https:\/\/avrupapress.com\/#\/schema\/person\/image\/\"},\"description\":\"Ne ben, nede sen... Biz ancak \\\"biz\\\" olursak g\u00fc\u00e7l\u00fc olabiliriz\"},{\"@type\":\"Person\",\"@id\":\"https:\/\/avrupapress.com\/#\/schema\/person\/68428444ec60970d1e1b700cf4ca1e8f\",\"name\":\"Edit\u00f6r\",\"image\":{\"@type\":\"ImageObject\",\"inLanguage\":\"fr-BE\",\"@id\":\"https:\/\/avrupapress.com\/#\/schema\/person\/image\/\",\"url\":\"https:\/\/secure.gravatar.com\/avatar\/74996b0977aa5f1559ba9883776652508b229005c0d78fb2597897f0bd651c09?s=96&d=mm&r=g\",\"contentUrl\":\"https:\/\/secure.gravatar.com\/avatar\/74996b0977aa5f1559ba9883776652508b229005c0d78fb2597897f0bd651c09?s=96&d=mm&r=g\",\"caption\":\"Edit\u00f6r\"},\"sameAs\":[\"http:\/\/www.avrupapress.com\"],\"url\":\"https:\/\/avrupapress.com\/main\/author\/editor\/\"}]}<\/script>\n<!-- \/ Yoast SEO plugin. -->","yoast_head_json":{"title":"Eski\u015fehir Sevgi Vakf\u0131, 30 A\u011fustos Zafer Bayram\u0131\u2019n\u0131 etkinlik d\u00fczenleyerek and\u0131 - AvrupaPress","robots":{"index":"index","follow":"follow","max-snippet":"max-snippet:-1","max-image-preview":"max-image-preview:large","max-video-preview":"max-video-preview:-1"},"canonical":"https:\/\/avrupapress.com\/main\/2022\/09\/01\/eskisehir-sevgi-vakfi-30-agustos-zafer-bayramini-etkinlik-duzenleyerek-andi\/","og_locale":"fr_FR","og_type":"article","og_title":"Eski\u015fehir Sevgi Vakf\u0131, 30 A\u011fustos Zafer Bayram\u0131\u2019n\u0131 etkinlik d\u00fczenleyerek and\u0131 - AvrupaPress","og_description":"HABER \/ FOTO\u011eRAF: ERTU\u011eRUL ALTINEL \u2013 B\u0130LG\u0130N \u00d6Z\u00c7\u0130FT\u00c7\u0130 \u2013 AVRUPA PRESS &#8211; BEL\u00c7\u0130KA Sevgi Zihinsel Yetersizlik Ara\u015ft\u0131rma E\u011fitim ve Kazanma Vakf\u0131,\u00a030 A\u011fustos Zafer Bayram\u0131\u2019n\u0131 Eski\u015fehir\u2019de bir mek\u00e2nda etkinlik d\u00fczenleyerek and\u0131. Eski\u015fehir Sevgi Zihinsel Yetersizlik Ara\u015ft\u0131rma E\u011fitim ve Kazanma Vakf\u0131 Ba\u015fkan\u0131 Berrin Tekir konu ile ilgili yapt\u0131\u011f\u0131 a\u00e7\u0131klamada, \u2018\u2019Vak\u0131f olarak,\u00a030\u00a0A\u011fustos Zafer Bayram\u0131\u2019n\u0131 bir mek\u00e2nda etkinlik d\u00fczenleyerek [&hellip;]","og_url":"https:\/\/avrupapress.com\/main\/2022\/09\/01\/eskisehir-sevgi-vakfi-30-agustos-zafer-bayramini-etkinlik-duzenleyerek-andi\/","og_site_name":"AvrupaPress","article_published_time":"2022-09-01T13:42:45+00:00","article_modified_time":"2022-09-01T13:42:56+00:00","og_image":[{"width":1408,"height":1056,"url":"https:\/\/avrupapress.com\/main\/wp-content\/uploads\/2022\/09\/IMG-20220831-WA0011.jpg","type":"image\/jpeg"}],"author":"Edit\u00f6r","twitter_card":"summary_large_image","twitter_misc":{"\u00c9crit par":"Edit\u00f6r","Dur\u00e9e de lecture est.":"2 minutes"},"schema":{"@context":"https:\/\/schema.org","@graph":[{"@type":"Article","@id":"https:\/\/avrupapress.com\/main\/2022\/09\/01\/eskisehir-sevgi-vakfi-30-agustos-zafer-bayramini-etkinlik-duzenleyerek-andi\/#article","isPartOf":{"@id":"https:\/\/avrupapress.com\/main\/2022\/09\/01\/eskisehir-sevgi-vakfi-30-agustos-zafer-bayramini-etkinlik-duzenleyerek-andi\/"},"author":{"name":"Edit\u00f6r","@id":"https:\/\/avrupapress.com\/#\/schema\/person\/68428444ec60970d1e1b700cf4ca1e8f"},"headline":"Eski\u015fehir Sevgi Vakf\u0131, 30 A\u011fustos Zafer Bayram\u0131\u2019n\u0131 etkinlik d\u00fczenleyerek and\u0131","datePublished":"2022-09-01T13:42:45+00:00","dateModified":"2022-09-01T13:42:56+00:00","mainEntityOfPage":{"@id":"https:\/\/avrupapress.com\/main\/2022\/09\/01\/eskisehir-sevgi-vakfi-30-agustos-zafer-bayramini-etkinlik-duzenleyerek-andi\/"},"wordCount":210,"publisher":{"@id":"https:\/\/avrupapress.com\/#\/schema\/person\/0223dca19c72c43575bf30d1a2d8f4fa"},"image":{"@id":"https:\/\/avrupapress.com\/main\/2022\/09\/01\/eskisehir-sevgi-vakfi-30-agustos-zafer-bayramini-etkinlik-duzenleyerek-andi\/#primaryimage"},"thumbnailUrl":"https:\/\/avrupapress.com\/main\/wp-content\/uploads\/2022\/09\/IMG-20220831-WA0011.jpg","articleSection":["Avrupa","Bel\u00e7ika","D\u00fcnya","Ekonomi","K\u00fclt\u00fcr-Sanat","Spor","Tan\u0131t\u0131m","T\u00fcrkiye","Uncategorized"],"inLanguage":"fr-BE"},{"@type":"WebPage","@id":"https:\/\/avrupapress.com\/main\/2022\/09\/01\/eskisehir-sevgi-vakfi-30-agustos-zafer-bayramini-etkinlik-duzenleyerek-andi\/","url":"https:\/\/avrupapress.com\/main\/2022\/09\/01\/eskisehir-sevgi-vakfi-30-agustos-zafer-bayramini-etkinlik-duzenleyerek-andi\/","name":"Eski\u015fehir Sevgi Vakf\u0131, 30 A\u011fustos Zafer Bayram\u0131\u2019n\u0131 etkinlik d\u00fczenleyerek and\u0131 - AvrupaPress","isPartOf":{"@id":"https:\/\/avrupapress.com\/#website"},"primaryImageOfPage":{"@id":"https:\/\/avrupapress.com\/main\/2022\/09\/01\/eskisehir-sevgi-vakfi-30-agustos-zafer-bayramini-etkinlik-duzenleyerek-andi\/#primaryimage"},"image":{"@id":"https:\/\/avrupapress.com\/main\/2022\/09\/01\/eskisehir-sevgi-vakfi-30-agustos-zafer-bayramini-etkinlik-duzenleyerek-andi\/#primaryimage"},"thumbnailUrl":"https:\/\/avrupapress.com\/main\/wp-content\/uploads\/2022\/09\/IMG-20220831-WA0011.jpg","datePublished":"2022-09-01T13:42:45+00:00","dateModified":"2022-09-01T13:42:56+00:00","breadcrumb":{"@id":"https:\/\/avrupapress.com\/main\/2022\/09\/01\/eskisehir-sevgi-vakfi-30-agustos-zafer-bayramini-etkinlik-duzenleyerek-andi\/#breadcrumb"},"inLanguage":"fr-BE","potentialAction":[{"@type":"ReadAction","target":["https:\/\/avrupapress.com\/main\/2022\/09\/01\/eskisehir-sevgi-vakfi-30-agustos-zafer-bayramini-etkinlik-duzenleyerek-andi\/"]}]},{"@type":"ImageObject","inLanguage":"fr-BE","@id":"https:\/\/avrupapress.com\/main\/2022\/09\/01\/eskisehir-sevgi-vakfi-30-agustos-zafer-bayramini-etkinlik-duzenleyerek-andi\/#primaryimage","url":"https:\/\/avrupapress.com\/main\/wp-content\/uploads\/2022\/09\/IMG-20220831-WA0011.jpg","contentUrl":"https:\/\/avrupapress.com\/main\/wp-content\/uploads\/2022\/09\/IMG-20220831-WA0011.jpg","width":1408,"height":1056},{"@type":"BreadcrumbList","@id":"https:\/\/avrupapress.com\/main\/2022\/09\/01\/eskisehir-sevgi-vakfi-30-agustos-zafer-bayramini-etkinlik-duzenleyerek-andi\/#breadcrumb","itemListElement":[{"@type":"ListItem","position":1,"name":"Anasayfa","item":"https:\/\/avrupapress.com\/"},{"@type":"ListItem","position":2,"name":"Eski\u015fehir Sevgi Vakf\u0131, 30 A\u011fustos Zafer Bayram\u0131\u2019n\u0131 etkinlik d\u00fczenleyerek and\u0131"}]},{"@type":"WebSite","@id":"https:\/\/avrupapress.com\/#website","url":"https:\/\/avrupapress.com\/","name":"AvrupaPress","description":"Haberin Adresi","publisher":{"@id":"https:\/\/avrupapress.com\/#\/schema\/person\/0223dca19c72c43575bf30d1a2d8f4fa"},"potentialAction":[{"@type":"SearchAction","target":{"@type":"EntryPoint","urlTemplate":"https:\/\/avrupapress.com\/?s={search_term_string}"},"query-input":{"@type":"PropertyValueSpecification","valueRequired":true,"valueName":"search_term_string"}}],"inLanguage":"fr-BE"},{"@type":["Person","Organization"],"@id":"https:\/\/avrupapress.com\/#\/schema\/person\/0223dca19c72c43575bf30d1a2d8f4fa","name":"Bilgin \u00d6z\u00e7ift\u00e7i","image":{"@type":"ImageObject","inLanguage":"fr-BE","@id":"https:\/\/avrupapress.com\/#\/schema\/person\/image\/","url":"https:\/\/secure.gravatar.com\/avatar\/0f23b280433a21e1ea7a0adcc46ed0ad16afe3ad8e630fd13d8a017dcbd54ef3?s=96&d=mm&r=g","contentUrl":"https:\/\/secure.gravatar.com\/avatar\/0f23b280433a21e1ea7a0adcc46ed0ad16afe3ad8e630fd13d8a017dcbd54ef3?s=96&d=mm&r=g","caption":"Bilgin \u00d6z\u00e7ift\u00e7i"},"logo":{"@id":"https:\/\/avrupapress.com\/#\/schema\/person\/image\/"},"description":"Ne ben, nede sen... Biz ancak \"biz\" olursak g\u00fc\u00e7l\u00fc olabiliriz"},{"@type":"Person","@id":"https:\/\/avrupapress.com\/#\/schema\/person\/68428444ec60970d1e1b700cf4ca1e8f","name":"Edit\u00f6r","image":{"@type":"ImageObject","inLanguage":"fr-BE","@id":"https:\/\/avrupapress.com\/#\/schema\/person\/image\/","url":"https:\/\/secure.gravatar.com\/avatar\/74996b0977aa5f1559ba9883776652508b229005c0d78fb2597897f0bd651c09?s=96&d=mm&r=g","contentUrl":"https:\/\/secure.gravatar.com\/avatar\/74996b0977aa5f1559ba9883776652508b229005c0d78fb2597897f0bd651c09?s=96&d=mm&r=g","caption":"Edit\u00f6r"},"sameAs":["http:\/\/www.avrupapress.com"],"url":"https:\/\/avrupapress.com\/main\/author\/editor\/"}]}},"_links":{"self":[{"href":"https:\/\/avrupapress.com\/main\/wp-json\/wp\/v2\/posts\/19911","targetHints":{"allow":["GET"]}}],"collection":[{"href":"https:\/\/avrupapress.com\/main\/wp-json\/wp\/v2\/posts"}],"about":[{"href":"https:\/\/avrupapress.com\/main\/wp-json\/wp\/v2\/types\/post"}],"author":[{"embeddable":true,"href":"https:\/\/avrupapress.com\/main\/wp-json\/wp\/v2\/users\/3"}],"replies":[{"embeddable":true,"href":"https:\/\/avrupapress.com\/main\/wp-json\/wp\/v2\/comments?post=19911"}],"version-history":[{"count":1,"href":"https:\/\/avrupapress.com\/main\/wp-json\/wp\/v2\/posts\/19911\/revisions"}],"predecessor-version":[{"id":19914,"href":"https:\/\/avrupapress.com\/main\/wp-json\/wp\/v2\/posts\/19911\/revisions\/19914"}],"wp:featuredmedia":[{"embeddable":true,"href":"https:\/\/avrupapress.com\/main\/wp-json\/wp\/v2\/media\/19913"}],"wp:attachment":[{"href":"https:\/\/avrupapress.com\/main\/wp-json\/wp\/v2\/media?parent=19911"}],"wp:term":[{"taxonomy":"category","embeddable":true,"href":"https:\/\/avrupapress.com\/main\/wp-json\/wp\/v2\/categories?post=19911"},{"taxonomy":"post_tag","embeddable":true,"href":"https:\/\/avrupapress.com\/main\/wp-json\/wp\/v2\/tags?post=19911"}],"curies":[{"name":"wp","href":"https:\/\/api.w.org\/{rel}","templated":true}]}}