{"id":19904,"date":"2022-09-01T13:32:30","date_gmt":"2022-09-01T13:32:30","guid":{"rendered":"https:\/\/avrupapress.com\/main\/?p=19904"},"modified":"2022-09-01T13:33:29","modified_gmt":"2022-09-01T13:33:29","slug":"eskisehirli-8-bisikletci-1150-km-pedal-basacaklari-buyuk-taarruz-bisiklet-turunda","status":"publish","type":"post","link":"https:\/\/avrupapress.com\/main\/2022\/09\/01\/eskisehirli-8-bisikletci-1150-km-pedal-basacaklari-buyuk-taarruz-bisiklet-turunda\/","title":{"rendered":"Eski\u015fehirli 8 bisiklet\u00e7i, 1150 km pedal basacaklar\u0131 \u2018B\u00fcy\u00fck Taarruz Bisiklet Turu\u2019nda"},"content":{"rendered":"<p><strong>HABER \/ FOTO\u011eRAF: ERTU\u011eRUL ALTINEL \u2013 B\u0130LG\u0130N \u00d6Z\u00c7\u0130FT\u00c7\u0130 \u2013 AVRUPA PRESS \u2013 BEL\u00c7\u0130KA.<\/strong><\/p>\n<p>Eski\u015fehirli 8 bisiklet\u00e7i; 1150 km pedal basacaklar\u0131, Ankara\u2019dan \u0130zmir\u2019e \u2018B\u00fcy\u00fck Taarruz Bisiklet Turu\u2019na \u00e7\u0131kt\u0131lar.<\/p>\n<p>&nbsp;<\/p>\n<p>B\u00fcy\u00fck Taarruz\u2019 un 100. Y\u0131l\u0131 kutlamalar\u0131nda ara\u015ft\u0131rmac\u0131 yazar Osman Kutlu taraf\u0131ndan 10 y\u0131ld\u0131r planlanan ve d\u00fczenlenen \u2018B\u00fcy\u00fck Taarruz Bisiklet Turu\u2019na, T\u00fcrkiye&rsquo;nin farkl\u0131 illerinden gelen 41 bisiklet\u00e7i kat\u0131ld\u0131. Bu sporculardan 8 tanesi Eski\u015fehirlidir. Eski\u015fehirli sporcular: Alican T\u00fcrk, \u0130ncel Alsan, Sevim Salk\u0131m, \u00d6zdemir \u00d6zdemir, Murat Toparslan, Ekrem Meri\u00e7, Bar\u0131\u015f Yah\u015fi ve Altu\u011f \u00c7akmak\u2019dan olu\u015fmaktad\u0131r.<\/p>\n<p>&nbsp;<\/p>\n<p>Eski\u015fehirli sporcu Sevim Salk\u0131m konu ile ilgili yapt\u0131\u011f\u0131 a\u00e7\u0131klamada, \u2018\u2019B\u00fcy\u00fck Taarruz, T\u00fcrkiye Cumhuriyetinin kurulu\u015funun \u00f6nemli bir s\u00fcrecini olu\u015fturmaktad\u0131r. Atat\u00fcrk&rsquo;\u00fcn \u00ab\u00a0Ordular ilk hedefiniz Akdeniz\u2019dir\u2019 s\u00f6z\u00fcn\u00fc kulland\u0131\u011f\u0131 yerdir. B\u00fcy\u00fck Taarruz, Bisiklet Turu sadece basit bir tur de\u011fil, ayn\u0131 zamanda da tarihi dokunun i\u00e7inde an ve an o g\u00fcnlerin ya\u015fand\u0131\u011f\u0131 \u00f6zel k\u00fclt\u00fcr turudur. Bisiklet\u00e7iler, 22. Agustos.2022\u2019 de Ankara&rsquo;da Validen ald\u0131klar\u0131 bayra\u011f\u0131, 9 Eyl\u00fcl 2022 de \u0130zmir valisine teslim etmek \u00fczere pedallayarak 1150 km lik yola \u00e7\u0131kt\u0131lar. B\u00fcy\u00fck Taarruzda \u015fehit olan askerlerimizin mezarlar\u0131, \u015fehit olduklar\u0131 saatler dikkate al\u0131narak ziyaret edildi, temizlik ve bak\u0131mlar\u0131 yap\u0131ld\u0131. Ayr\u0131ca sayg\u0131 duru\u015fu ve anma t\u00f6reni d\u00fczenlendi. Bir g\u00fcnde yeri geldi, 135 km ye varan zorlu yol ko\u015fullar\u0131nda duygu y\u00fckl\u00fc sahnelerin de ya\u015fand\u0131\u011f\u0131 g\u00f6r\u00fcld\u00fc. Bisiklet\u00e7iler; yolun yar\u0131ya yak\u0131n bir k\u0131sm\u0131n\u0131 tamamlad\u0131klar\u0131 29 A\u011fustos sabah\u0131 Y\u0131ld\u0131r\u0131m Kemal &lsquo; den \u00e7\u0131k\u0131p; Selki Saray, Hamur k\u00f6y\u00fcne, Hamur s\u0131rtlar\u0131ndaki a\u011f\u0131r top\u00e7u mevzileri gezilerek Selki Saray&rsquo;daki gazi a\u011fa\u00e7lar\u0131na, oradan kanl\u0131 k\u00f6pr\u00fcye, oradan da Zafertepe \u00c7amk\u00f6y\u2019 e gelindi. Y\u00fczba\u015f\u0131 \u015eekip Efendi \u015fehitli\u011fine, \u015eehit Sancaktar Mehmet\u00e7ik an\u0131t\u0131na ve Zafer Tepeye ula\u015f\u0131ld\u0131. \u00c7ad\u0131rlar kuruldu, yar\u0131n\u0131n program\u0131 g\u00f6zden ge\u00e7irilerek haz\u0131rl\u0131klar tamamland\u0131. Uzun zorlu 454 km k\u0131sm\u0131 tamamlanan bu s\u00fcre\u00e7te, \u015fehitlerimizin ne kadar zor ko\u015fullarda bu \u00fclkeyi bizlere b\u0131rakt\u0131\u011f\u0131n\u0131 yerinde g\u00f6rmek, g\u00f6zlemlemek bizlere inan\u0131lmaz duygular ya\u015fatt\u0131 ve ya\u015fatmaya devam ediyor\u2019\u2019 dedi.<\/p>\n<p><img loading=\"lazy\" decoding=\"async\" class=\"alignnone size-medium wp-image-19905\" src=\"https:\/\/avrupapress.com\/main\/wp-content\/uploads\/2022\/09\/1-300x225.jpg\" alt=\"\" width=\"300\" height=\"225\" srcset=\"https:\/\/avrupapress.com\/main\/wp-content\/uploads\/2022\/09\/1-300x225.jpg 300w, https:\/\/avrupapress.com\/main\/wp-content\/uploads\/2022\/09\/1-1024x768.jpg 1024w, https:\/\/avrupapress.com\/main\/wp-content\/uploads\/2022\/09\/1-768x576.jpg 768w, https:\/\/avrupapress.com\/main\/wp-content\/uploads\/2022\/09\/1-1536x1152.jpg 1536w, https:\/\/avrupapress.com\/main\/wp-content\/uploads\/2022\/09\/1.jpg 1600w\" sizes=\"auto, (max-width: 300px) 100vw, 300px\" \/><\/p>\n<p><img loading=\"lazy\" decoding=\"async\" class=\"alignnone size-medium wp-image-19906\" src=\"https:\/\/avrupapress.com\/main\/wp-content\/uploads\/2022\/09\/thumbnail_2-300x169.jpg\" alt=\"\" width=\"300\" height=\"169\" srcset=\"https:\/\/avrupapress.com\/main\/wp-content\/uploads\/2022\/09\/thumbnail_2-300x169.jpg 300w, https:\/\/avrupapress.com\/main\/wp-content\/uploads\/2022\/09\/thumbnail_2-1024x576.jpg 1024w, https:\/\/avrupapress.com\/main\/wp-content\/uploads\/2022\/09\/thumbnail_2-768x432.jpg 768w, https:\/\/avrupapress.com\/main\/wp-content\/uploads\/2022\/09\/thumbnail_2-740x420.jpg 740w, https:\/\/avrupapress.com\/main\/wp-content\/uploads\/2022\/09\/thumbnail_2.jpg 1280w\" sizes=\"auto, (max-width: 300px) 100vw, 300px\" \/><\/p>\n<p><img loading=\"lazy\" decoding=\"async\" class=\"alignnone size-medium wp-image-19907\" src=\"https:\/\/avrupapress.com\/main\/wp-content\/uploads\/2022\/09\/3-300x169.jpg\" alt=\"\" width=\"300\" height=\"169\" srcset=\"https:\/\/avrupapress.com\/main\/wp-content\/uploads\/2022\/09\/3-300x169.jpg 300w, https:\/\/avrupapress.com\/main\/wp-content\/uploads\/2022\/09\/3-1024x576.jpg 1024w, https:\/\/avrupapress.com\/main\/wp-content\/uploads\/2022\/09\/3-768x432.jpg 768w, https:\/\/avrupapress.com\/main\/wp-content\/uploads\/2022\/09\/3-1536x864.jpg 1536w, https:\/\/avrupapress.com\/main\/wp-content\/uploads\/2022\/09\/3-740x420.jpg 740w, https:\/\/avrupapress.com\/main\/wp-content\/uploads\/2022\/09\/3.jpg 1600w\" sizes=\"auto, (max-width: 300px) 100vw, 300px\" \/><\/p>\n<p>HABER \/ FOTO\u011eRAF: ERTU\u011eRUL ALTINEL \u2013 B\u0130LG\u0130N \u00d6Z\u00c7\u0130FT\u00c7\u0130 \u2013 AVRUPA PRESS \u2013 BEL\u00c7\u0130KA.<\/p>\n","protected":false},"excerpt":{"rendered":"<p>HABER \/ FOTO\u011eRAF: ERTU\u011eRUL ALTINEL \u2013 B\u0130LG\u0130N \u00d6Z\u00c7\u0130FT\u00c7\u0130 \u2013 AVRUPA PRESS \u2013 BEL\u00c7\u0130KA. Eski\u015fehirli 8 bisiklet\u00e7i; 1150 km pedal basacaklar\u0131, Ankara\u2019dan \u0130zmir\u2019e \u2018B\u00fcy\u00fck Taarruz Bisiklet Turu\u2019na \u00e7\u0131kt\u0131lar. &nbsp; B\u00fcy\u00fck Taarruz\u2019 un 100. Y\u0131l\u0131 kutlamalar\u0131nda ara\u015ft\u0131rmac\u0131 yazar Osman Kutlu taraf\u0131ndan 10 y\u0131ld\u0131r planlanan ve d\u00fczenlenen \u2018B\u00fcy\u00fck Taarruz Bisiklet Turu\u2019na, T\u00fcrkiye&rsquo;nin farkl\u0131 illerinden gelen 41 bisiklet\u00e7i kat\u0131ld\u0131. [&hellip;]<\/p>\n","protected":false},"author":3,"featured_media":19905,"comment_status":"closed","ping_status":"open","sticky":false,"template":"","format":"standard","meta":{"footnotes":""},"categories":[14,16,3,17,18,15,19,2,1],"tags":[],"class_list":["post-19904","post","type-post","status-publish","format-standard","has-post-thumbnail","hentry","category-avrupa","category-belcika","category-dunya","category-ekonomi","category-kultur-sanat","category-spor","category-tanitim","category-turkiye","category-uncategorized"],"yoast_head":"<!-- This site is optimized with the Yoast SEO plugin v26.9 - https:\/\/yoast.com\/product\/yoast-seo-wordpress\/ -->\n<title>Eski\u015fehirli 8 bisiklet\u00e7i, 1150 km pedal basacaklar\u0131 \u2018B\u00fcy\u00fck Taarruz Bisiklet Turu\u2019nda - AvrupaPress<\/title>\n<meta name=\"robots\" content=\"index, follow, max-snippet:-1, max-image-preview:large, max-video-preview:-1\" \/>\n<link rel=\"canonical\" href=\"https:\/\/avrupapress.com\/main\/2022\/09\/01\/eskisehirli-8-bisikletci-1150-km-pedal-basacaklari-buyuk-taarruz-bisiklet-turunda\/\" \/>\n<meta property=\"og:locale\" content=\"fr_FR\" \/>\n<meta property=\"og:type\" content=\"article\" \/>\n<meta property=\"og:title\" content=\"Eski\u015fehirli 8 bisiklet\u00e7i, 1150 km pedal basacaklar\u0131 \u2018B\u00fcy\u00fck Taarruz Bisiklet Turu\u2019nda - AvrupaPress\" \/>\n<meta property=\"og:description\" content=\"HABER \/ FOTO\u011eRAF: ERTU\u011eRUL ALTINEL \u2013 B\u0130LG\u0130N \u00d6Z\u00c7\u0130FT\u00c7\u0130 \u2013 AVRUPA PRESS \u2013 BEL\u00c7\u0130KA. Eski\u015fehirli 8 bisiklet\u00e7i; 1150 km pedal basacaklar\u0131, Ankara\u2019dan \u0130zmir\u2019e \u2018B\u00fcy\u00fck Taarruz Bisiklet Turu\u2019na \u00e7\u0131kt\u0131lar. &nbsp; B\u00fcy\u00fck Taarruz\u2019 un 100. Y\u0131l\u0131 kutlamalar\u0131nda ara\u015ft\u0131rmac\u0131 yazar Osman Kutlu taraf\u0131ndan 10 y\u0131ld\u0131r planlanan ve d\u00fczenlenen \u2018B\u00fcy\u00fck Taarruz Bisiklet Turu\u2019na, T\u00fcrkiye&rsquo;nin farkl\u0131 illerinden gelen 41 bisiklet\u00e7i kat\u0131ld\u0131. [&hellip;]\" \/>\n<meta property=\"og:url\" content=\"https:\/\/avrupapress.com\/main\/2022\/09\/01\/eskisehirli-8-bisikletci-1150-km-pedal-basacaklari-buyuk-taarruz-bisiklet-turunda\/\" \/>\n<meta property=\"og:site_name\" content=\"AvrupaPress\" \/>\n<meta property=\"article:published_time\" content=\"2022-09-01T13:32:30+00:00\" \/>\n<meta property=\"article:modified_time\" content=\"2022-09-01T13:33:29+00:00\" \/>\n<meta property=\"og:image\" content=\"https:\/\/avrupapress.com\/main\/wp-content\/uploads\/2022\/09\/1.jpg\" \/>\n\t<meta property=\"og:image:width\" content=\"1600\" \/>\n\t<meta property=\"og:image:height\" content=\"1200\" \/>\n\t<meta property=\"og:image:type\" content=\"image\/jpeg\" \/>\n<meta name=\"author\" content=\"Edit\u00f6r\" \/>\n<meta name=\"twitter:card\" content=\"summary_large_image\" \/>\n<meta name=\"twitter:label1\" content=\"\u00c9crit par\" \/>\n\t<meta name=\"twitter:data1\" content=\"Edit\u00f6r\" \/>\n\t<meta name=\"twitter:label2\" content=\"Dur\u00e9e de lecture est.\" \/>\n\t<meta name=\"twitter:data2\" content=\"3 minutes\" \/>\n<script type=\"application\/ld+json\" class=\"yoast-schema-graph\">{\"@context\":\"https:\/\/schema.org\",\"@graph\":[{\"@type\":\"Article\",\"@id\":\"https:\/\/avrupapress.com\/main\/2022\/09\/01\/eskisehirli-8-bisikletci-1150-km-pedal-basacaklari-buyuk-taarruz-bisiklet-turunda\/#article\",\"isPartOf\":{\"@id\":\"https:\/\/avrupapress.com\/main\/2022\/09\/01\/eskisehirli-8-bisikletci-1150-km-pedal-basacaklari-buyuk-taarruz-bisiklet-turunda\/\"},\"author\":{\"name\":\"Edit\u00f6r\",\"@id\":\"https:\/\/avrupapress.com\/#\/schema\/person\/68428444ec60970d1e1b700cf4ca1e8f\"},\"headline\":\"Eski\u015fehirli 8 bisiklet\u00e7i, 1150 km pedal basacaklar\u0131 \u2018B\u00fcy\u00fck Taarruz Bisiklet Turu\u2019nda\",\"datePublished\":\"2022-09-01T13:32:30+00:00\",\"dateModified\":\"2022-09-01T13:33:29+00:00\",\"mainEntityOfPage\":{\"@id\":\"https:\/\/avrupapress.com\/main\/2022\/09\/01\/eskisehirli-8-bisikletci-1150-km-pedal-basacaklari-buyuk-taarruz-bisiklet-turunda\/\"},\"wordCount\":422,\"publisher\":{\"@id\":\"https:\/\/avrupapress.com\/#\/schema\/person\/0223dca19c72c43575bf30d1a2d8f4fa\"},\"image\":{\"@id\":\"https:\/\/avrupapress.com\/main\/2022\/09\/01\/eskisehirli-8-bisikletci-1150-km-pedal-basacaklari-buyuk-taarruz-bisiklet-turunda\/#primaryimage\"},\"thumbnailUrl\":\"https:\/\/avrupapress.com\/main\/wp-content\/uploads\/2022\/09\/1.jpg\",\"articleSection\":[\"Avrupa\",\"Bel\u00e7ika\",\"D\u00fcnya\",\"Ekonomi\",\"K\u00fclt\u00fcr-Sanat\",\"Spor\",\"Tan\u0131t\u0131m\",\"T\u00fcrkiye\",\"Uncategorized\"],\"inLanguage\":\"fr-BE\"},{\"@type\":\"WebPage\",\"@id\":\"https:\/\/avrupapress.com\/main\/2022\/09\/01\/eskisehirli-8-bisikletci-1150-km-pedal-basacaklari-buyuk-taarruz-bisiklet-turunda\/\",\"url\":\"https:\/\/avrupapress.com\/main\/2022\/09\/01\/eskisehirli-8-bisikletci-1150-km-pedal-basacaklari-buyuk-taarruz-bisiklet-turunda\/\",\"name\":\"Eski\u015fehirli 8 bisiklet\u00e7i, 1150 km pedal basacaklar\u0131 \u2018B\u00fcy\u00fck Taarruz Bisiklet Turu\u2019nda - AvrupaPress\",\"isPartOf\":{\"@id\":\"https:\/\/avrupapress.com\/#website\"},\"primaryImageOfPage\":{\"@id\":\"https:\/\/avrupapress.com\/main\/2022\/09\/01\/eskisehirli-8-bisikletci-1150-km-pedal-basacaklari-buyuk-taarruz-bisiklet-turunda\/#primaryimage\"},\"image\":{\"@id\":\"https:\/\/avrupapress.com\/main\/2022\/09\/01\/eskisehirli-8-bisikletci-1150-km-pedal-basacaklari-buyuk-taarruz-bisiklet-turunda\/#primaryimage\"},\"thumbnailUrl\":\"https:\/\/avrupapress.com\/main\/wp-content\/uploads\/2022\/09\/1.jpg\",\"datePublished\":\"2022-09-01T13:32:30+00:00\",\"dateModified\":\"2022-09-01T13:33:29+00:00\",\"breadcrumb\":{\"@id\":\"https:\/\/avrupapress.com\/main\/2022\/09\/01\/eskisehirli-8-bisikletci-1150-km-pedal-basacaklari-buyuk-taarruz-bisiklet-turunda\/#breadcrumb\"},\"inLanguage\":\"fr-BE\",\"potentialAction\":[{\"@type\":\"ReadAction\",\"target\":[\"https:\/\/avrupapress.com\/main\/2022\/09\/01\/eskisehirli-8-bisikletci-1150-km-pedal-basacaklari-buyuk-taarruz-bisiklet-turunda\/\"]}]},{\"@type\":\"ImageObject\",\"inLanguage\":\"fr-BE\",\"@id\":\"https:\/\/avrupapress.com\/main\/2022\/09\/01\/eskisehirli-8-bisikletci-1150-km-pedal-basacaklari-buyuk-taarruz-bisiklet-turunda\/#primaryimage\",\"url\":\"https:\/\/avrupapress.com\/main\/wp-content\/uploads\/2022\/09\/1.jpg\",\"contentUrl\":\"https:\/\/avrupapress.com\/main\/wp-content\/uploads\/2022\/09\/1.jpg\",\"width\":1600,\"height\":1200},{\"@type\":\"BreadcrumbList\",\"@id\":\"https:\/\/avrupapress.com\/main\/2022\/09\/01\/eskisehirli-8-bisikletci-1150-km-pedal-basacaklari-buyuk-taarruz-bisiklet-turunda\/#breadcrumb\",\"itemListElement\":[{\"@type\":\"ListItem\",\"position\":1,\"name\":\"Anasayfa\",\"item\":\"https:\/\/avrupapress.com\/\"},{\"@type\":\"ListItem\",\"position\":2,\"name\":\"Eski\u015fehirli 8 bisiklet\u00e7i, 1150 km pedal basacaklar\u0131 \u2018B\u00fcy\u00fck Taarruz Bisiklet Turu\u2019nda\"}]},{\"@type\":\"WebSite\",\"@id\":\"https:\/\/avrupapress.com\/#website\",\"url\":\"https:\/\/avrupapress.com\/\",\"name\":\"AvrupaPress\",\"description\":\"Haberin Adresi\",\"publisher\":{\"@id\":\"https:\/\/avrupapress.com\/#\/schema\/person\/0223dca19c72c43575bf30d1a2d8f4fa\"},\"potentialAction\":[{\"@type\":\"SearchAction\",\"target\":{\"@type\":\"EntryPoint\",\"urlTemplate\":\"https:\/\/avrupapress.com\/?s={search_term_string}\"},\"query-input\":{\"@type\":\"PropertyValueSpecification\",\"valueRequired\":true,\"valueName\":\"search_term_string\"}}],\"inLanguage\":\"fr-BE\"},{\"@type\":[\"Person\",\"Organization\"],\"@id\":\"https:\/\/avrupapress.com\/#\/schema\/person\/0223dca19c72c43575bf30d1a2d8f4fa\",\"name\":\"Bilgin \u00d6z\u00e7ift\u00e7i\",\"image\":{\"@type\":\"ImageObject\",\"inLanguage\":\"fr-BE\",\"@id\":\"https:\/\/avrupapress.com\/#\/schema\/person\/image\/\",\"url\":\"https:\/\/secure.gravatar.com\/avatar\/0f23b280433a21e1ea7a0adcc46ed0ad16afe3ad8e630fd13d8a017dcbd54ef3?s=96&d=mm&r=g\",\"contentUrl\":\"https:\/\/secure.gravatar.com\/avatar\/0f23b280433a21e1ea7a0adcc46ed0ad16afe3ad8e630fd13d8a017dcbd54ef3?s=96&d=mm&r=g\",\"caption\":\"Bilgin \u00d6z\u00e7ift\u00e7i\"},\"logo\":{\"@id\":\"https:\/\/avrupapress.com\/#\/schema\/person\/image\/\"},\"description\":\"Ne ben, nede sen... Biz ancak \\\"biz\\\" olursak g\u00fc\u00e7l\u00fc olabiliriz\"},{\"@type\":\"Person\",\"@id\":\"https:\/\/avrupapress.com\/#\/schema\/person\/68428444ec60970d1e1b700cf4ca1e8f\",\"name\":\"Edit\u00f6r\",\"image\":{\"@type\":\"ImageObject\",\"inLanguage\":\"fr-BE\",\"@id\":\"https:\/\/avrupapress.com\/#\/schema\/person\/image\/\",\"url\":\"https:\/\/secure.gravatar.com\/avatar\/74996b0977aa5f1559ba9883776652508b229005c0d78fb2597897f0bd651c09?s=96&d=mm&r=g\",\"contentUrl\":\"https:\/\/secure.gravatar.com\/avatar\/74996b0977aa5f1559ba9883776652508b229005c0d78fb2597897f0bd651c09?s=96&d=mm&r=g\",\"caption\":\"Edit\u00f6r\"},\"sameAs\":[\"http:\/\/www.avrupapress.com\"],\"url\":\"https:\/\/avrupapress.com\/main\/author\/editor\/\"}]}<\/script>\n<!-- \/ Yoast SEO plugin. -->","yoast_head_json":{"title":"Eski\u015fehirli 8 bisiklet\u00e7i, 1150 km pedal basacaklar\u0131 \u2018B\u00fcy\u00fck Taarruz Bisiklet Turu\u2019nda - AvrupaPress","robots":{"index":"index","follow":"follow","max-snippet":"max-snippet:-1","max-image-preview":"max-image-preview:large","max-video-preview":"max-video-preview:-1"},"canonical":"https:\/\/avrupapress.com\/main\/2022\/09\/01\/eskisehirli-8-bisikletci-1150-km-pedal-basacaklari-buyuk-taarruz-bisiklet-turunda\/","og_locale":"fr_FR","og_type":"article","og_title":"Eski\u015fehirli 8 bisiklet\u00e7i, 1150 km pedal basacaklar\u0131 \u2018B\u00fcy\u00fck Taarruz Bisiklet Turu\u2019nda - AvrupaPress","og_description":"HABER \/ FOTO\u011eRAF: ERTU\u011eRUL ALTINEL \u2013 B\u0130LG\u0130N \u00d6Z\u00c7\u0130FT\u00c7\u0130 \u2013 AVRUPA PRESS \u2013 BEL\u00c7\u0130KA. Eski\u015fehirli 8 bisiklet\u00e7i; 1150 km pedal basacaklar\u0131, Ankara\u2019dan \u0130zmir\u2019e \u2018B\u00fcy\u00fck Taarruz Bisiklet Turu\u2019na \u00e7\u0131kt\u0131lar. &nbsp; B\u00fcy\u00fck Taarruz\u2019 un 100. Y\u0131l\u0131 kutlamalar\u0131nda ara\u015ft\u0131rmac\u0131 yazar Osman Kutlu taraf\u0131ndan 10 y\u0131ld\u0131r planlanan ve d\u00fczenlenen \u2018B\u00fcy\u00fck Taarruz Bisiklet Turu\u2019na, T\u00fcrkiye&rsquo;nin farkl\u0131 illerinden gelen 41 bisiklet\u00e7i kat\u0131ld\u0131. [&hellip;]","og_url":"https:\/\/avrupapress.com\/main\/2022\/09\/01\/eskisehirli-8-bisikletci-1150-km-pedal-basacaklari-buyuk-taarruz-bisiklet-turunda\/","og_site_name":"AvrupaPress","article_published_time":"2022-09-01T13:32:30+00:00","article_modified_time":"2022-09-01T13:33:29+00:00","og_image":[{"width":1600,"height":1200,"url":"https:\/\/avrupapress.com\/main\/wp-content\/uploads\/2022\/09\/1.jpg","type":"image\/jpeg"}],"author":"Edit\u00f6r","twitter_card":"summary_large_image","twitter_misc":{"\u00c9crit par":"Edit\u00f6r","Dur\u00e9e de lecture est.":"3 minutes"},"schema":{"@context":"https:\/\/schema.org","@graph":[{"@type":"Article","@id":"https:\/\/avrupapress.com\/main\/2022\/09\/01\/eskisehirli-8-bisikletci-1150-km-pedal-basacaklari-buyuk-taarruz-bisiklet-turunda\/#article","isPartOf":{"@id":"https:\/\/avrupapress.com\/main\/2022\/09\/01\/eskisehirli-8-bisikletci-1150-km-pedal-basacaklari-buyuk-taarruz-bisiklet-turunda\/"},"author":{"name":"Edit\u00f6r","@id":"https:\/\/avrupapress.com\/#\/schema\/person\/68428444ec60970d1e1b700cf4ca1e8f"},"headline":"Eski\u015fehirli 8 bisiklet\u00e7i, 1150 km pedal basacaklar\u0131 \u2018B\u00fcy\u00fck Taarruz Bisiklet Turu\u2019nda","datePublished":"2022-09-01T13:32:30+00:00","dateModified":"2022-09-01T13:33:29+00:00","mainEntityOfPage":{"@id":"https:\/\/avrupapress.com\/main\/2022\/09\/01\/eskisehirli-8-bisikletci-1150-km-pedal-basacaklari-buyuk-taarruz-bisiklet-turunda\/"},"wordCount":422,"publisher":{"@id":"https:\/\/avrupapress.com\/#\/schema\/person\/0223dca19c72c43575bf30d1a2d8f4fa"},"image":{"@id":"https:\/\/avrupapress.com\/main\/2022\/09\/01\/eskisehirli-8-bisikletci-1150-km-pedal-basacaklari-buyuk-taarruz-bisiklet-turunda\/#primaryimage"},"thumbnailUrl":"https:\/\/avrupapress.com\/main\/wp-content\/uploads\/2022\/09\/1.jpg","articleSection":["Avrupa","Bel\u00e7ika","D\u00fcnya","Ekonomi","K\u00fclt\u00fcr-Sanat","Spor","Tan\u0131t\u0131m","T\u00fcrkiye","Uncategorized"],"inLanguage":"fr-BE"},{"@type":"WebPage","@id":"https:\/\/avrupapress.com\/main\/2022\/09\/01\/eskisehirli-8-bisikletci-1150-km-pedal-basacaklari-buyuk-taarruz-bisiklet-turunda\/","url":"https:\/\/avrupapress.com\/main\/2022\/09\/01\/eskisehirli-8-bisikletci-1150-km-pedal-basacaklari-buyuk-taarruz-bisiklet-turunda\/","name":"Eski\u015fehirli 8 bisiklet\u00e7i, 1150 km pedal basacaklar\u0131 \u2018B\u00fcy\u00fck Taarruz Bisiklet Turu\u2019nda - AvrupaPress","isPartOf":{"@id":"https:\/\/avrupapress.com\/#website"},"primaryImageOfPage":{"@id":"https:\/\/avrupapress.com\/main\/2022\/09\/01\/eskisehirli-8-bisikletci-1150-km-pedal-basacaklari-buyuk-taarruz-bisiklet-turunda\/#primaryimage"},"image":{"@id":"https:\/\/avrupapress.com\/main\/2022\/09\/01\/eskisehirli-8-bisikletci-1150-km-pedal-basacaklari-buyuk-taarruz-bisiklet-turunda\/#primaryimage"},"thumbnailUrl":"https:\/\/avrupapress.com\/main\/wp-content\/uploads\/2022\/09\/1.jpg","datePublished":"2022-09-01T13:32:30+00:00","dateModified":"2022-09-01T13:33:29+00:00","breadcrumb":{"@id":"https:\/\/avrupapress.com\/main\/2022\/09\/01\/eskisehirli-8-bisikletci-1150-km-pedal-basacaklari-buyuk-taarruz-bisiklet-turunda\/#breadcrumb"},"inLanguage":"fr-BE","potentialAction":[{"@type":"ReadAction","target":["https:\/\/avrupapress.com\/main\/2022\/09\/01\/eskisehirli-8-bisikletci-1150-km-pedal-basacaklari-buyuk-taarruz-bisiklet-turunda\/"]}]},{"@type":"ImageObject","inLanguage":"fr-BE","@id":"https:\/\/avrupapress.com\/main\/2022\/09\/01\/eskisehirli-8-bisikletci-1150-km-pedal-basacaklari-buyuk-taarruz-bisiklet-turunda\/#primaryimage","url":"https:\/\/avrupapress.com\/main\/wp-content\/uploads\/2022\/09\/1.jpg","contentUrl":"https:\/\/avrupapress.com\/main\/wp-content\/uploads\/2022\/09\/1.jpg","width":1600,"height":1200},{"@type":"BreadcrumbList","@id":"https:\/\/avrupapress.com\/main\/2022\/09\/01\/eskisehirli-8-bisikletci-1150-km-pedal-basacaklari-buyuk-taarruz-bisiklet-turunda\/#breadcrumb","itemListElement":[{"@type":"ListItem","position":1,"name":"Anasayfa","item":"https:\/\/avrupapress.com\/"},{"@type":"ListItem","position":2,"name":"Eski\u015fehirli 8 bisiklet\u00e7i, 1150 km pedal basacaklar\u0131 \u2018B\u00fcy\u00fck Taarruz Bisiklet Turu\u2019nda"}]},{"@type":"WebSite","@id":"https:\/\/avrupapress.com\/#website","url":"https:\/\/avrupapress.com\/","name":"AvrupaPress","description":"Haberin Adresi","publisher":{"@id":"https:\/\/avrupapress.com\/#\/schema\/person\/0223dca19c72c43575bf30d1a2d8f4fa"},"potentialAction":[{"@type":"SearchAction","target":{"@type":"EntryPoint","urlTemplate":"https:\/\/avrupapress.com\/?s={search_term_string}"},"query-input":{"@type":"PropertyValueSpecification","valueRequired":true,"valueName":"search_term_string"}}],"inLanguage":"fr-BE"},{"@type":["Person","Organization"],"@id":"https:\/\/avrupapress.com\/#\/schema\/person\/0223dca19c72c43575bf30d1a2d8f4fa","name":"Bilgin \u00d6z\u00e7ift\u00e7i","image":{"@type":"ImageObject","inLanguage":"fr-BE","@id":"https:\/\/avrupapress.com\/#\/schema\/person\/image\/","url":"https:\/\/secure.gravatar.com\/avatar\/0f23b280433a21e1ea7a0adcc46ed0ad16afe3ad8e630fd13d8a017dcbd54ef3?s=96&d=mm&r=g","contentUrl":"https:\/\/secure.gravatar.com\/avatar\/0f23b280433a21e1ea7a0adcc46ed0ad16afe3ad8e630fd13d8a017dcbd54ef3?s=96&d=mm&r=g","caption":"Bilgin \u00d6z\u00e7ift\u00e7i"},"logo":{"@id":"https:\/\/avrupapress.com\/#\/schema\/person\/image\/"},"description":"Ne ben, nede sen... Biz ancak \"biz\" olursak g\u00fc\u00e7l\u00fc olabiliriz"},{"@type":"Person","@id":"https:\/\/avrupapress.com\/#\/schema\/person\/68428444ec60970d1e1b700cf4ca1e8f","name":"Edit\u00f6r","image":{"@type":"ImageObject","inLanguage":"fr-BE","@id":"https:\/\/avrupapress.com\/#\/schema\/person\/image\/","url":"https:\/\/secure.gravatar.com\/avatar\/74996b0977aa5f1559ba9883776652508b229005c0d78fb2597897f0bd651c09?s=96&d=mm&r=g","contentUrl":"https:\/\/secure.gravatar.com\/avatar\/74996b0977aa5f1559ba9883776652508b229005c0d78fb2597897f0bd651c09?s=96&d=mm&r=g","caption":"Edit\u00f6r"},"sameAs":["http:\/\/www.avrupapress.com"],"url":"https:\/\/avrupapress.com\/main\/author\/editor\/"}]}},"_links":{"self":[{"href":"https:\/\/avrupapress.com\/main\/wp-json\/wp\/v2\/posts\/19904","targetHints":{"allow":["GET"]}}],"collection":[{"href":"https:\/\/avrupapress.com\/main\/wp-json\/wp\/v2\/posts"}],"about":[{"href":"https:\/\/avrupapress.com\/main\/wp-json\/wp\/v2\/types\/post"}],"author":[{"embeddable":true,"href":"https:\/\/avrupapress.com\/main\/wp-json\/wp\/v2\/users\/3"}],"replies":[{"embeddable":true,"href":"https:\/\/avrupapress.com\/main\/wp-json\/wp\/v2\/comments?post=19904"}],"version-history":[{"count":1,"href":"https:\/\/avrupapress.com\/main\/wp-json\/wp\/v2\/posts\/19904\/revisions"}],"predecessor-version":[{"id":19908,"href":"https:\/\/avrupapress.com\/main\/wp-json\/wp\/v2\/posts\/19904\/revisions\/19908"}],"wp:featuredmedia":[{"embeddable":true,"href":"https:\/\/avrupapress.com\/main\/wp-json\/wp\/v2\/media\/19905"}],"wp:attachment":[{"href":"https:\/\/avrupapress.com\/main\/wp-json\/wp\/v2\/media?parent=19904"}],"wp:term":[{"taxonomy":"category","embeddable":true,"href":"https:\/\/avrupapress.com\/main\/wp-json\/wp\/v2\/categories?post=19904"},{"taxonomy":"post_tag","embeddable":true,"href":"https:\/\/avrupapress.com\/main\/wp-json\/wp\/v2\/tags?post=19904"}],"curies":[{"name":"wp","href":"https:\/\/api.w.org\/{rel}","templated":true}]}}