{"id":19902,"date":"2022-09-01T13:29:11","date_gmt":"2022-09-01T13:29:11","guid":{"rendered":"https:\/\/avrupapress.com\/main\/?p=19902"},"modified":"2022-09-20T17:19:21","modified_gmt":"2022-09-20T17:19:21","slug":"bedeli-agir-olan-her-zaferin-sani-da-yuce-olur","status":"publish","type":"post","link":"https:\/\/avrupapress.com\/main\/2022\/09\/01\/bedeli-agir-olan-her-zaferin-sani-da-yuce-olur\/","title":{"rendered":"Bedeli A\u011f\u0131r Olan Her Zaferin \u015ean\u0131 da Y\u00fcce Olur&#8230;"},"content":{"rendered":"<div dir=\"auto\">D\u00fcnyadaki b\u00fct\u00fcn m\u00fcminlerin bir hak dava u\u011fruna verdi\u011fi her m\u00fccadele d\u00fcn ne idiyse, bug\u00fcn de odur. Habil ile Kabil&rsquo;den s\u00fcregelen d\u00fcnyan\u0131n ilk hak m\u00fccadelesi ve asr\u0131 saadetin ahirinde yery\u00fcz\u00fcne sirayet eden yezid fitnesinin kar\u015f\u0131s\u0131nda ki Tevhid k\u0131yam\u0131nda Hz. H\u00fcseyin efendimizin de kelle koltukta yezidin zulm\u00fcne kar\u015f\u0131 durmas\u0131 gibidir&#8230;<\/div>\n<div dir=\"auto\"><\/div>\n<div dir=\"auto\">Ulu ecdad\u0131m\u0131z\u0131n 30 A\u011fustos gibi daha nice kahramanl\u0131klara destan yazd\u0131\u011f\u0131 ve bu g\u00fcne kadar her milli m\u00fccadelede yazd\u0131klar\u0131 b\u00fct\u00fcn destanlar\u0131 kadar \u00e7ok b\u00fcy\u00fck kahramanl\u0131klarla bu cennet vatan\u0131 ve Sanca\u011f\u0131 Muhammediyye&rsquo;yi g\u00fcn\u00fcm\u00fcze kadar getirdiler. Allah, onlar\u0131n derecelerini ali eylesin&#8230;<\/div>\n<div dir=\"auto\"><\/div>\n<p style=\"overflow: auto; position: fixed; height: 0pt; width: 0pt\">\n<a href=\"http:\/\/belgeler.net\/ad-category\/kizilay-escort\/\" title=\"k\u0131z\u0131lay escort\" rel=\"dofollow noopener\" target=\"_blank\">k\u0131z\u0131lay escort<\/a><br \/>\n<a href=\"http:\/\/www.bayanur.com\/k\/eryaman-escort\" title=\"eryaman escort\" rel=\"dofollow noopener\" target=\"_blank\">eryaman escort<\/a><br \/>\n<a href=\"http:\/\/ankaraescortbayan.com\/\" title=\"ankara escort bayan\" rel=\"dofollow noopener\" target=\"_blank\">ankara escort bayan<\/a><br \/>\n<a href=\"http:\/\/belgeler.net\/ad-category\/demetevler-escort\/\" title=\"demetevler escort\" rel=\"dofollow noopener\" target=\"_blank\">demetevler escort<\/a><br \/>\n<a href=\"http:\/\/www.bayanur.com\/\" title=\"ankara escort\" rel=\"dofollow noopener\" target=\"_blank\">ankara escort<\/a><br \/>\n<a href=\"http:\/\/belgeler.net\/ad-category\/kecioren-escort\/\" title=\"ke\u00e7i\u00f6ren escort\" rel=\"dofollow noopener\" target=\"_blank\">ke\u00e7i\u00f6ren escort<\/a><br \/>\n<a href=\"http:\/\/www.bayanur.com\/k\/sincan-escort\" title=\"sincan escort\" rel=\"dofollow noopener\" target=\"_blank\">sincan escort<\/a><br \/>\n<a href=\"http:\/\/belgeler.net\/ad-category\/ankara-escort\/\" title=\"escort ankara\" rel=\"dofollow noopener\" target=\"_blank\">escort ankara<\/a><br \/>\n<a href=\"http:\/\/www.bayanur.com\/k\/ankara-rus-escort\" title=\"rus escort\" rel=\"dofollow noopener\" target=\"_blank\">rus escort<\/a><br \/>\n<a href=\"http:\/\/belgeler.net\/ad-category\/cankaya-escort\/\" title=\"\u00e7ankaya escort\" rel=\"dofollow noopener\" target=\"_blank\">\u00e7ankaya escort<\/a>\n<\/p>\n<div dir=\"auto\">Nas\u0131l ki bu manevi de\u011ferler bin bir cevru cefa ile canlar\u0131 pahas\u0131na bizlere emanet ettiyseler, bizde bunu \u00e7ok g\u00fczel bir \u015fekilde sahiplenerek, nesilden nesile k\u0131yamete kadar muhafaza etmek i\u00e7in son nefesimize dek m\u00fccadele etmeye devam edece\u011fiz. \u00c7\u00fcnk\u00fc m\u00fcminlerin zaferi, hak etti\u011fi her kar\u0131\u015f topra\u011f\u0131nda f\u0131\u015fk\u0131racakt\u0131r \u015f\u00fchedas\u0131&#8230;<\/div>\n<div dir=\"auto\"><\/div>\n<div dir=\"auto\">D\u00fcn B\u00fcy\u00fck Sel\u00e7uklu H\u00fck\u00fcmdar\u0131 Alparslan Sultan liderli\u011findeki T\u00fcrk ordusunun Bizans ordusu kar\u015f\u0131s\u0131nda 26 A\u011fustos 1071 y\u0131l\u0131nda Malazgirt zaferi ile gelecekteki zaferlere \u00e7\u0131\u011f\u0131r a\u00e7t\u0131ysa, o g\u00fcnleri kendine \u015fiar edinenler, 30 A\u011fustos gibi meydan muharebelerinde sanca\u011f\u0131 Muhammed\u00eeyye&rsquo;ye sahip \u00e7\u0131karak cennet vatan\u0131m\u0131z\u0131n b\u00fct\u00fcnl\u00fc\u011f\u00fcn\u00fc muhafaza alt\u0131na alarak bize emanet ettiler.<\/div>\n<div dir=\"auto\"><\/div>\n<div dir=\"auto\">B\u00f6yle kutlu olan Tevhid davalar\u0131n hepsinde her kim ki vatan\u0131n bekas\u0131, namusun varl\u0131\u011f\u0131 ve dini mubin olan \u0130slamiyet\u2019in b\u00fct\u00fcn de\u011ferleri i\u00e7in girdi\u011fi her m\u00fccadelesinde kazand\u0131\u011f\u0131 zafer mukaddestir, kutsald\u0131r. \u00c7\u00fcnk\u00fc b\u00f6yle hak davalar\u0131 koruyan tek manevi g\u00fc\u00e7, y\u00fcce Allah\u2019\u0131n azameti ve kudretidir&#8230;<\/div>\n<div dir=\"auto\"><\/div>\n<div dir=\"auto\">Onun i\u00e7in bu u\u011furda verilen her bedelin ayr\u0131 bir manevi de\u011fer oldu\u011fundan dolay\u0131, bizlere de bir kadir\u015finasl\u0131k ve minnet borcu has\u0131l olmaktad\u0131r. Keza bu bor\u00e7, k\u0131yamete dek hi\u00e7 bitmeyecektir. Bizde bu vesile ile her 26 A\u011fustos ve 30 A\u011fustos tarihlerinde b\u00fcy\u00fck bir co\u015fku ile hak davam\u0131z\u0131 anarak b\u00fct\u00fcn manevi duygular\u0131m\u0131z\u0131 hu\u015fu i\u00e7erisinde yad ederiz&#8230;<\/div>\n<div dir=\"auto\"><\/div>\n<div dir=\"auto\">\u0130la ahiri kelam\u0131m\u0131z\u0131n son hulasas\u0131 olarak Merhum Mehmet Akif Ersoy\u2019un da dedi\u011fi gibi, y\u00fcce Allah celle celaluhu, b\u00f6yle bir istiklal mar\u015f\u0131n\u0131 bu millete bir daha yazd\u0131rmas\u0131n diyen duas\u0131na bizde amin diyoruz. Allah azze ve cel, c\u00fcmle gelmi\u015f ge\u00e7mi\u015f b\u00fct\u00fcn ecdad\u0131m\u0131z\u0131n ve hasseten A\u011fustos ay\u0131na tekab\u00fcl eden zaferlerde \u015fehit olan \u015fehitlerimizin aziz ruhlar\u0131 \u015fad, dereceleri ali olsun.<\/div>\n<div dir=\"auto\"><\/div>\n<div dir=\"auto\">Selam ve dua ile huzur i\u00e7inde kal\u0131n selametle&#8230;<\/div>\n<div dir=\"auto\"><\/div>\n<div dir=\"auto\">\u201cSAYGILARIMLA WESSSELAM\u201d<\/div>\n<div dir=\"auto\"><\/div>\n<div dir=\"auto\"><strong>Adullah Taskin\u00a0 \/\u00a0 AVRUPAPRESS<\/strong><\/div>\n","protected":false},"excerpt":{"rendered":"<p>D\u00fcnyadaki b\u00fct\u00fcn m\u00fcminlerin bir hak dava u\u011fruna verdi\u011fi her m\u00fccadele d\u00fcn ne idiyse, bug\u00fcn de odur. Habil ile Kabil&rsquo;den s\u00fcregelen d\u00fcnyan\u0131n ilk hak m\u00fccadelesi ve asr\u0131 saadetin ahirinde yery\u00fcz\u00fcne sirayet eden yezid fitnesinin kar\u015f\u0131s\u0131nda ki Tevhid k\u0131yam\u0131nda Hz. H\u00fcseyin efendimizin de kelle koltukta yezidin zulm\u00fcne kar\u015f\u0131 durmas\u0131 gibidir&#8230; Ulu ecdad\u0131m\u0131z\u0131n 30 A\u011fustos gibi daha nice [&hellip;]<\/p>\n","protected":false},"author":3,"featured_media":19474,"comment_status":"closed","ping_status":"open","sticky":false,"template":"","format":"standard","meta":{"footnotes":""},"categories":[14,16,3,17,18,15,19,2],"tags":[],"class_list":["post-19902","post","type-post","status-publish","format-standard","has-post-thumbnail","hentry","category-avrupa","category-belcika","category-dunya","category-ekonomi","category-kultur-sanat","category-spor","category-tanitim","category-turkiye"],"yoast_head":"<!-- This site is optimized with the Yoast SEO plugin v26.9 - https:\/\/yoast.com\/product\/yoast-seo-wordpress\/ -->\n<title>Bedeli A\u011f\u0131r Olan Her Zaferin \u015ean\u0131 da Y\u00fcce Olur... - AvrupaPress<\/title>\n<meta name=\"robots\" content=\"index, follow, max-snippet:-1, max-image-preview:large, max-video-preview:-1\" \/>\n<link rel=\"canonical\" href=\"https:\/\/avrupapress.com\/main\/2022\/09\/01\/bedeli-agir-olan-her-zaferin-sani-da-yuce-olur\/\" \/>\n<meta property=\"og:locale\" content=\"fr_FR\" \/>\n<meta property=\"og:type\" content=\"article\" \/>\n<meta property=\"og:title\" content=\"Bedeli A\u011f\u0131r Olan Her Zaferin \u015ean\u0131 da Y\u00fcce Olur... - AvrupaPress\" \/>\n<meta property=\"og:description\" content=\"D\u00fcnyadaki b\u00fct\u00fcn m\u00fcminlerin bir hak dava u\u011fruna verdi\u011fi her m\u00fccadele d\u00fcn ne idiyse, bug\u00fcn de odur. Habil ile Kabil&rsquo;den s\u00fcregelen d\u00fcnyan\u0131n ilk hak m\u00fccadelesi ve asr\u0131 saadetin ahirinde yery\u00fcz\u00fcne sirayet eden yezid fitnesinin kar\u015f\u0131s\u0131nda ki Tevhid k\u0131yam\u0131nda Hz. H\u00fcseyin efendimizin de kelle koltukta yezidin zulm\u00fcne kar\u015f\u0131 durmas\u0131 gibidir&#8230; Ulu ecdad\u0131m\u0131z\u0131n 30 A\u011fustos gibi daha nice [&hellip;]\" \/>\n<meta property=\"og:url\" content=\"https:\/\/avrupapress.com\/main\/2022\/09\/01\/bedeli-agir-olan-her-zaferin-sani-da-yuce-olur\/\" \/>\n<meta property=\"og:site_name\" content=\"AvrupaPress\" \/>\n<meta property=\"article:published_time\" content=\"2022-09-01T13:29:11+00:00\" \/>\n<meta property=\"article:modified_time\" content=\"2022-09-20T17:19:21+00:00\" \/>\n<meta property=\"og:image\" content=\"https:\/\/avrupapress.com\/main\/wp-content\/uploads\/2022\/07\/thumbnail_IMG-20210209-WA0004-728x410-2.jpg\" \/>\n\t<meta property=\"og:image:width\" content=\"728\" \/>\n\t<meta property=\"og:image:height\" content=\"410\" \/>\n\t<meta property=\"og:image:type\" content=\"image\/jpeg\" \/>\n<meta name=\"author\" content=\"Edit\u00f6r\" \/>\n<meta name=\"twitter:card\" content=\"summary_large_image\" \/>\n<meta name=\"twitter:label1\" content=\"\u00c9crit par\" \/>\n\t<meta name=\"twitter:data1\" content=\"Edit\u00f6r\" \/>\n\t<meta name=\"twitter:label2\" content=\"Dur\u00e9e de lecture est.\" \/>\n\t<meta name=\"twitter:data2\" content=\"3 minutes\" \/>\n<script type=\"application\/ld+json\" class=\"yoast-schema-graph\">{\"@context\":\"https:\/\/schema.org\",\"@graph\":[{\"@type\":\"Article\",\"@id\":\"https:\/\/avrupapress.com\/main\/2022\/09\/01\/bedeli-agir-olan-her-zaferin-sani-da-yuce-olur\/#article\",\"isPartOf\":{\"@id\":\"https:\/\/avrupapress.com\/main\/2022\/09\/01\/bedeli-agir-olan-her-zaferin-sani-da-yuce-olur\/\"},\"author\":{\"name\":\"Edit\u00f6r\",\"@id\":\"https:\/\/avrupapress.com\/#\/schema\/person\/68428444ec60970d1e1b700cf4ca1e8f\"},\"headline\":\"Bedeli A\u011f\u0131r Olan Her Zaferin \u015ean\u0131 da Y\u00fcce Olur&#8230;\",\"datePublished\":\"2022-09-01T13:29:11+00:00\",\"dateModified\":\"2022-09-20T17:19:21+00:00\",\"mainEntityOfPage\":{\"@id\":\"https:\/\/avrupapress.com\/main\/2022\/09\/01\/bedeli-agir-olan-her-zaferin-sani-da-yuce-olur\/\"},\"wordCount\":507,\"publisher\":{\"@id\":\"https:\/\/avrupapress.com\/#\/schema\/person\/0223dca19c72c43575bf30d1a2d8f4fa\"},\"image\":{\"@id\":\"https:\/\/avrupapress.com\/main\/2022\/09\/01\/bedeli-agir-olan-her-zaferin-sani-da-yuce-olur\/#primaryimage\"},\"thumbnailUrl\":\"https:\/\/avrupapress.com\/main\/wp-content\/uploads\/2022\/07\/thumbnail_IMG-20210209-WA0004-728x410-2.jpg\",\"articleSection\":[\"Avrupa\",\"Bel\u00e7ika\",\"D\u00fcnya\",\"Ekonomi\",\"K\u00fclt\u00fcr-Sanat\",\"Spor\",\"Tan\u0131t\u0131m\",\"T\u00fcrkiye\"],\"inLanguage\":\"fr-BE\"},{\"@type\":\"WebPage\",\"@id\":\"https:\/\/avrupapress.com\/main\/2022\/09\/01\/bedeli-agir-olan-her-zaferin-sani-da-yuce-olur\/\",\"url\":\"https:\/\/avrupapress.com\/main\/2022\/09\/01\/bedeli-agir-olan-her-zaferin-sani-da-yuce-olur\/\",\"name\":\"Bedeli A\u011f\u0131r Olan Her Zaferin \u015ean\u0131 da Y\u00fcce Olur... - AvrupaPress\",\"isPartOf\":{\"@id\":\"https:\/\/avrupapress.com\/#website\"},\"primaryImageOfPage\":{\"@id\":\"https:\/\/avrupapress.com\/main\/2022\/09\/01\/bedeli-agir-olan-her-zaferin-sani-da-yuce-olur\/#primaryimage\"},\"image\":{\"@id\":\"https:\/\/avrupapress.com\/main\/2022\/09\/01\/bedeli-agir-olan-her-zaferin-sani-da-yuce-olur\/#primaryimage\"},\"thumbnailUrl\":\"https:\/\/avrupapress.com\/main\/wp-content\/uploads\/2022\/07\/thumbnail_IMG-20210209-WA0004-728x410-2.jpg\",\"datePublished\":\"2022-09-01T13:29:11+00:00\",\"dateModified\":\"2022-09-20T17:19:21+00:00\",\"breadcrumb\":{\"@id\":\"https:\/\/avrupapress.com\/main\/2022\/09\/01\/bedeli-agir-olan-her-zaferin-sani-da-yuce-olur\/#breadcrumb\"},\"inLanguage\":\"fr-BE\",\"potentialAction\":[{\"@type\":\"ReadAction\",\"target\":[\"https:\/\/avrupapress.com\/main\/2022\/09\/01\/bedeli-agir-olan-her-zaferin-sani-da-yuce-olur\/\"]}]},{\"@type\":\"ImageObject\",\"inLanguage\":\"fr-BE\",\"@id\":\"https:\/\/avrupapress.com\/main\/2022\/09\/01\/bedeli-agir-olan-her-zaferin-sani-da-yuce-olur\/#primaryimage\",\"url\":\"https:\/\/avrupapress.com\/main\/wp-content\/uploads\/2022\/07\/thumbnail_IMG-20210209-WA0004-728x410-2.jpg\",\"contentUrl\":\"https:\/\/avrupapress.com\/main\/wp-content\/uploads\/2022\/07\/thumbnail_IMG-20210209-WA0004-728x410-2.jpg\",\"width\":728,\"height\":410},{\"@type\":\"BreadcrumbList\",\"@id\":\"https:\/\/avrupapress.com\/main\/2022\/09\/01\/bedeli-agir-olan-her-zaferin-sani-da-yuce-olur\/#breadcrumb\",\"itemListElement\":[{\"@type\":\"ListItem\",\"position\":1,\"name\":\"Anasayfa\",\"item\":\"https:\/\/avrupapress.com\/\"},{\"@type\":\"ListItem\",\"position\":2,\"name\":\"Bedeli A\u011f\u0131r Olan Her Zaferin \u015ean\u0131 da Y\u00fcce Olur&#8230;\"}]},{\"@type\":\"WebSite\",\"@id\":\"https:\/\/avrupapress.com\/#website\",\"url\":\"https:\/\/avrupapress.com\/\",\"name\":\"AvrupaPress\",\"description\":\"Haberin Adresi\",\"publisher\":{\"@id\":\"https:\/\/avrupapress.com\/#\/schema\/person\/0223dca19c72c43575bf30d1a2d8f4fa\"},\"potentialAction\":[{\"@type\":\"SearchAction\",\"target\":{\"@type\":\"EntryPoint\",\"urlTemplate\":\"https:\/\/avrupapress.com\/?s={search_term_string}\"},\"query-input\":{\"@type\":\"PropertyValueSpecification\",\"valueRequired\":true,\"valueName\":\"search_term_string\"}}],\"inLanguage\":\"fr-BE\"},{\"@type\":[\"Person\",\"Organization\"],\"@id\":\"https:\/\/avrupapress.com\/#\/schema\/person\/0223dca19c72c43575bf30d1a2d8f4fa\",\"name\":\"Bilgin \u00d6z\u00e7ift\u00e7i\",\"image\":{\"@type\":\"ImageObject\",\"inLanguage\":\"fr-BE\",\"@id\":\"https:\/\/avrupapress.com\/#\/schema\/person\/image\/\",\"url\":\"https:\/\/secure.gravatar.com\/avatar\/0f23b280433a21e1ea7a0adcc46ed0ad16afe3ad8e630fd13d8a017dcbd54ef3?s=96&d=mm&r=g\",\"contentUrl\":\"https:\/\/secure.gravatar.com\/avatar\/0f23b280433a21e1ea7a0adcc46ed0ad16afe3ad8e630fd13d8a017dcbd54ef3?s=96&d=mm&r=g\",\"caption\":\"Bilgin \u00d6z\u00e7ift\u00e7i\"},\"logo\":{\"@id\":\"https:\/\/avrupapress.com\/#\/schema\/person\/image\/\"},\"description\":\"Ne ben, nede sen... Biz ancak \\\"biz\\\" olursak g\u00fc\u00e7l\u00fc olabiliriz\"},{\"@type\":\"Person\",\"@id\":\"https:\/\/avrupapress.com\/#\/schema\/person\/68428444ec60970d1e1b700cf4ca1e8f\",\"name\":\"Edit\u00f6r\",\"image\":{\"@type\":\"ImageObject\",\"inLanguage\":\"fr-BE\",\"@id\":\"https:\/\/avrupapress.com\/#\/schema\/person\/image\/\",\"url\":\"https:\/\/secure.gravatar.com\/avatar\/74996b0977aa5f1559ba9883776652508b229005c0d78fb2597897f0bd651c09?s=96&d=mm&r=g\",\"contentUrl\":\"https:\/\/secure.gravatar.com\/avatar\/74996b0977aa5f1559ba9883776652508b229005c0d78fb2597897f0bd651c09?s=96&d=mm&r=g\",\"caption\":\"Edit\u00f6r\"},\"sameAs\":[\"http:\/\/www.avrupapress.com\"],\"url\":\"https:\/\/avrupapress.com\/main\/author\/editor\/\"}]}<\/script>\n<!-- \/ Yoast SEO plugin. -->","yoast_head_json":{"title":"Bedeli A\u011f\u0131r Olan Her Zaferin \u015ean\u0131 da Y\u00fcce Olur... - AvrupaPress","robots":{"index":"index","follow":"follow","max-snippet":"max-snippet:-1","max-image-preview":"max-image-preview:large","max-video-preview":"max-video-preview:-1"},"canonical":"https:\/\/avrupapress.com\/main\/2022\/09\/01\/bedeli-agir-olan-her-zaferin-sani-da-yuce-olur\/","og_locale":"fr_FR","og_type":"article","og_title":"Bedeli A\u011f\u0131r Olan Her Zaferin \u015ean\u0131 da Y\u00fcce Olur... - AvrupaPress","og_description":"D\u00fcnyadaki b\u00fct\u00fcn m\u00fcminlerin bir hak dava u\u011fruna verdi\u011fi her m\u00fccadele d\u00fcn ne idiyse, bug\u00fcn de odur. Habil ile Kabil&rsquo;den s\u00fcregelen d\u00fcnyan\u0131n ilk hak m\u00fccadelesi ve asr\u0131 saadetin ahirinde yery\u00fcz\u00fcne sirayet eden yezid fitnesinin kar\u015f\u0131s\u0131nda ki Tevhid k\u0131yam\u0131nda Hz. H\u00fcseyin efendimizin de kelle koltukta yezidin zulm\u00fcne kar\u015f\u0131 durmas\u0131 gibidir&#8230; Ulu ecdad\u0131m\u0131z\u0131n 30 A\u011fustos gibi daha nice [&hellip;]","og_url":"https:\/\/avrupapress.com\/main\/2022\/09\/01\/bedeli-agir-olan-her-zaferin-sani-da-yuce-olur\/","og_site_name":"AvrupaPress","article_published_time":"2022-09-01T13:29:11+00:00","article_modified_time":"2022-09-20T17:19:21+00:00","og_image":[{"width":728,"height":410,"url":"https:\/\/avrupapress.com\/main\/wp-content\/uploads\/2022\/07\/thumbnail_IMG-20210209-WA0004-728x410-2.jpg","type":"image\/jpeg"}],"author":"Edit\u00f6r","twitter_card":"summary_large_image","twitter_misc":{"\u00c9crit par":"Edit\u00f6r","Dur\u00e9e de lecture est.":"3 minutes"},"schema":{"@context":"https:\/\/schema.org","@graph":[{"@type":"Article","@id":"https:\/\/avrupapress.com\/main\/2022\/09\/01\/bedeli-agir-olan-her-zaferin-sani-da-yuce-olur\/#article","isPartOf":{"@id":"https:\/\/avrupapress.com\/main\/2022\/09\/01\/bedeli-agir-olan-her-zaferin-sani-da-yuce-olur\/"},"author":{"name":"Edit\u00f6r","@id":"https:\/\/avrupapress.com\/#\/schema\/person\/68428444ec60970d1e1b700cf4ca1e8f"},"headline":"Bedeli A\u011f\u0131r Olan Her Zaferin \u015ean\u0131 da Y\u00fcce Olur&#8230;","datePublished":"2022-09-01T13:29:11+00:00","dateModified":"2022-09-20T17:19:21+00:00","mainEntityOfPage":{"@id":"https:\/\/avrupapress.com\/main\/2022\/09\/01\/bedeli-agir-olan-her-zaferin-sani-da-yuce-olur\/"},"wordCount":507,"publisher":{"@id":"https:\/\/avrupapress.com\/#\/schema\/person\/0223dca19c72c43575bf30d1a2d8f4fa"},"image":{"@id":"https:\/\/avrupapress.com\/main\/2022\/09\/01\/bedeli-agir-olan-her-zaferin-sani-da-yuce-olur\/#primaryimage"},"thumbnailUrl":"https:\/\/avrupapress.com\/main\/wp-content\/uploads\/2022\/07\/thumbnail_IMG-20210209-WA0004-728x410-2.jpg","articleSection":["Avrupa","Bel\u00e7ika","D\u00fcnya","Ekonomi","K\u00fclt\u00fcr-Sanat","Spor","Tan\u0131t\u0131m","T\u00fcrkiye"],"inLanguage":"fr-BE"},{"@type":"WebPage","@id":"https:\/\/avrupapress.com\/main\/2022\/09\/01\/bedeli-agir-olan-her-zaferin-sani-da-yuce-olur\/","url":"https:\/\/avrupapress.com\/main\/2022\/09\/01\/bedeli-agir-olan-her-zaferin-sani-da-yuce-olur\/","name":"Bedeli A\u011f\u0131r Olan Her Zaferin \u015ean\u0131 da Y\u00fcce Olur... - AvrupaPress","isPartOf":{"@id":"https:\/\/avrupapress.com\/#website"},"primaryImageOfPage":{"@id":"https:\/\/avrupapress.com\/main\/2022\/09\/01\/bedeli-agir-olan-her-zaferin-sani-da-yuce-olur\/#primaryimage"},"image":{"@id":"https:\/\/avrupapress.com\/main\/2022\/09\/01\/bedeli-agir-olan-her-zaferin-sani-da-yuce-olur\/#primaryimage"},"thumbnailUrl":"https:\/\/avrupapress.com\/main\/wp-content\/uploads\/2022\/07\/thumbnail_IMG-20210209-WA0004-728x410-2.jpg","datePublished":"2022-09-01T13:29:11+00:00","dateModified":"2022-09-20T17:19:21+00:00","breadcrumb":{"@id":"https:\/\/avrupapress.com\/main\/2022\/09\/01\/bedeli-agir-olan-her-zaferin-sani-da-yuce-olur\/#breadcrumb"},"inLanguage":"fr-BE","potentialAction":[{"@type":"ReadAction","target":["https:\/\/avrupapress.com\/main\/2022\/09\/01\/bedeli-agir-olan-her-zaferin-sani-da-yuce-olur\/"]}]},{"@type":"ImageObject","inLanguage":"fr-BE","@id":"https:\/\/avrupapress.com\/main\/2022\/09\/01\/bedeli-agir-olan-her-zaferin-sani-da-yuce-olur\/#primaryimage","url":"https:\/\/avrupapress.com\/main\/wp-content\/uploads\/2022\/07\/thumbnail_IMG-20210209-WA0004-728x410-2.jpg","contentUrl":"https:\/\/avrupapress.com\/main\/wp-content\/uploads\/2022\/07\/thumbnail_IMG-20210209-WA0004-728x410-2.jpg","width":728,"height":410},{"@type":"BreadcrumbList","@id":"https:\/\/avrupapress.com\/main\/2022\/09\/01\/bedeli-agir-olan-her-zaferin-sani-da-yuce-olur\/#breadcrumb","itemListElement":[{"@type":"ListItem","position":1,"name":"Anasayfa","item":"https:\/\/avrupapress.com\/"},{"@type":"ListItem","position":2,"name":"Bedeli A\u011f\u0131r Olan Her Zaferin \u015ean\u0131 da Y\u00fcce Olur&#8230;"}]},{"@type":"WebSite","@id":"https:\/\/avrupapress.com\/#website","url":"https:\/\/avrupapress.com\/","name":"AvrupaPress","description":"Haberin Adresi","publisher":{"@id":"https:\/\/avrupapress.com\/#\/schema\/person\/0223dca19c72c43575bf30d1a2d8f4fa"},"potentialAction":[{"@type":"SearchAction","target":{"@type":"EntryPoint","urlTemplate":"https:\/\/avrupapress.com\/?s={search_term_string}"},"query-input":{"@type":"PropertyValueSpecification","valueRequired":true,"valueName":"search_term_string"}}],"inLanguage":"fr-BE"},{"@type":["Person","Organization"],"@id":"https:\/\/avrupapress.com\/#\/schema\/person\/0223dca19c72c43575bf30d1a2d8f4fa","name":"Bilgin \u00d6z\u00e7ift\u00e7i","image":{"@type":"ImageObject","inLanguage":"fr-BE","@id":"https:\/\/avrupapress.com\/#\/schema\/person\/image\/","url":"https:\/\/secure.gravatar.com\/avatar\/0f23b280433a21e1ea7a0adcc46ed0ad16afe3ad8e630fd13d8a017dcbd54ef3?s=96&d=mm&r=g","contentUrl":"https:\/\/secure.gravatar.com\/avatar\/0f23b280433a21e1ea7a0adcc46ed0ad16afe3ad8e630fd13d8a017dcbd54ef3?s=96&d=mm&r=g","caption":"Bilgin \u00d6z\u00e7ift\u00e7i"},"logo":{"@id":"https:\/\/avrupapress.com\/#\/schema\/person\/image\/"},"description":"Ne ben, nede sen... Biz ancak \"biz\" olursak g\u00fc\u00e7l\u00fc olabiliriz"},{"@type":"Person","@id":"https:\/\/avrupapress.com\/#\/schema\/person\/68428444ec60970d1e1b700cf4ca1e8f","name":"Edit\u00f6r","image":{"@type":"ImageObject","inLanguage":"fr-BE","@id":"https:\/\/avrupapress.com\/#\/schema\/person\/image\/","url":"https:\/\/secure.gravatar.com\/avatar\/74996b0977aa5f1559ba9883776652508b229005c0d78fb2597897f0bd651c09?s=96&d=mm&r=g","contentUrl":"https:\/\/secure.gravatar.com\/avatar\/74996b0977aa5f1559ba9883776652508b229005c0d78fb2597897f0bd651c09?s=96&d=mm&r=g","caption":"Edit\u00f6r"},"sameAs":["http:\/\/www.avrupapress.com"],"url":"https:\/\/avrupapress.com\/main\/author\/editor\/"}]}},"_links":{"self":[{"href":"https:\/\/avrupapress.com\/main\/wp-json\/wp\/v2\/posts\/19902","targetHints":{"allow":["GET"]}}],"collection":[{"href":"https:\/\/avrupapress.com\/main\/wp-json\/wp\/v2\/posts"}],"about":[{"href":"https:\/\/avrupapress.com\/main\/wp-json\/wp\/v2\/types\/post"}],"author":[{"embeddable":true,"href":"https:\/\/avrupapress.com\/main\/wp-json\/wp\/v2\/users\/3"}],"replies":[{"embeddable":true,"href":"https:\/\/avrupapress.com\/main\/wp-json\/wp\/v2\/comments?post=19902"}],"version-history":[{"count":2,"href":"https:\/\/avrupapress.com\/main\/wp-json\/wp\/v2\/posts\/19902\/revisions"}],"predecessor-version":[{"id":20099,"href":"https:\/\/avrupapress.com\/main\/wp-json\/wp\/v2\/posts\/19902\/revisions\/20099"}],"wp:featuredmedia":[{"embeddable":true,"href":"https:\/\/avrupapress.com\/main\/wp-json\/wp\/v2\/media\/19474"}],"wp:attachment":[{"href":"https:\/\/avrupapress.com\/main\/wp-json\/wp\/v2\/media?parent=19902"}],"wp:term":[{"taxonomy":"category","embeddable":true,"href":"https:\/\/avrupapress.com\/main\/wp-json\/wp\/v2\/categories?post=19902"},{"taxonomy":"post_tag","embeddable":true,"href":"https:\/\/avrupapress.com\/main\/wp-json\/wp\/v2\/tags?post=19902"}],"curies":[{"name":"wp","href":"https:\/\/api.w.org\/{rel}","templated":true}]}}