{"id":19892,"date":"2022-09-01T13:17:27","date_gmt":"2022-09-01T13:17:27","guid":{"rendered":"https:\/\/avrupapress.com\/main\/?p=19892"},"modified":"2022-09-01T13:17:40","modified_gmt":"2022-09-01T13:17:40","slug":"eskisehir-fatih-fen-liseliler-pilav-gununde-bulustu","status":"publish","type":"post","link":"https:\/\/avrupapress.com\/main\/2022\/09\/01\/eskisehir-fatih-fen-liseliler-pilav-gununde-bulustu\/","title":{"rendered":"Eski\u015fehir Fatih Fen Liseliler \u2018Pilav G\u00fcn\u00fc\u2019nde bulu\u015ftu"},"content":{"rendered":"<p><strong>HABER \/ FOTO\u011eRAF: ERTU\u011eRUL ALTINEL \u2013 B\u0130LG\u0130N \u00d6Z\u00c7\u0130FT\u00c7\u0130 \u2013 AVRUPA PRESS \u2013 BEL\u00c7\u0130KA<\/strong><\/p>\n<p>Eski\u015fehir Fatih Fen Lisesi\u2019nde geni\u015f kat\u0131l\u0131ml\u0131 \u2018Pilav G\u00fcn\u00fc\u2019 d\u00fczenlendi. Eski\u015fehir Fatih Fen Lisesi\u2019nin bah\u00e7esinde geleneksel olarak d\u00fczenlenen \u2018Pilav G\u00fcn\u00fc\u2019nde 1992 y\u0131l\u0131ndan bu yana mezun \u00f6\u011frencilerden olu\u015fan yo\u011fun kalabal\u0131k bir topluluk ile okulun emekli olmu\u015f ve halen \u00e7al\u0131\u015fan \u00f6\u011fretmenleri kat\u0131ld\u0131.<\/p>\n<p>Pilav ikram\u0131 s\u0131ras\u0131nda; eski ve yeni mezunlar aras\u0131nda olduk\u00e7a faydal\u0131 g\u00f6r\u00fc\u015fmeler ve bilgi al\u0131\u015fveri\u015fi ger\u00e7ekle\u015fti. Mezun \u00f6\u011frenciler; birbirleriyle ve \u00f6\u011fretmenleriyle hasret giderirken, ayn\u0131 zamanda an\u0131lar\u0131n\u0131 da tazelediler. Etkinli\u011fin sonunda toplu foto\u011fraf \u00e7ekimi yap\u0131ld\u0131. Bir sonraki y\u0131l bulu\u015fma dilekleriyle pilav g\u00fcn\u00fc etkinli\u011fi sona erdi.<\/p>\n<p>Bulu\u015fma ba\u015flang\u0131c\u0131nda; Eski\u015fehir Fatih Fen Lisesi Mezunlar\u0131 Derne\u011fi\u2019nin ikinci ola\u011fan genel kurul toplant\u0131s\u0131, okul toplant\u0131 salonunda yap\u0131ld\u0131 ve yeni y\u00f6netim kurulu olu\u015fturuldu.<\/p>\n<p><img loading=\"lazy\" decoding=\"async\" class=\"alignnone size-medium wp-image-19893\" src=\"https:\/\/avrupapress.com\/main\/wp-content\/uploads\/2022\/09\/2-300x200.jpg\" alt=\"\" width=\"300\" height=\"200\" srcset=\"https:\/\/avrupapress.com\/main\/wp-content\/uploads\/2022\/09\/2-300x200.jpg 300w, https:\/\/avrupapress.com\/main\/wp-content\/uploads\/2022\/09\/2-1024x683.jpg 1024w, https:\/\/avrupapress.com\/main\/wp-content\/uploads\/2022\/09\/2-768x512.jpg 768w, https:\/\/avrupapress.com\/main\/wp-content\/uploads\/2022\/09\/2-1536x1024.jpg 1536w, https:\/\/avrupapress.com\/main\/wp-content\/uploads\/2022\/09\/2.jpg 1560w\" sizes=\"auto, (max-width: 300px) 100vw, 300px\" \/><\/p>\n<p><img loading=\"lazy\" decoding=\"async\" class=\"alignnone size-medium wp-image-19894\" src=\"https:\/\/avrupapress.com\/main\/wp-content\/uploads\/2022\/09\/thumbnail_3.-300x194.jpg\" alt=\"\" width=\"300\" height=\"194\" srcset=\"https:\/\/avrupapress.com\/main\/wp-content\/uploads\/2022\/09\/thumbnail_3.-300x194.jpg 300w, https:\/\/avrupapress.com\/main\/wp-content\/uploads\/2022\/09\/thumbnail_3.-768x497.jpg 768w, https:\/\/avrupapress.com\/main\/wp-content\/uploads\/2022\/09\/thumbnail_3..jpg 892w\" sizes=\"auto, (max-width: 300px) 100vw, 300px\" \/><\/p>\n<p><img loading=\"lazy\" decoding=\"async\" class=\"alignnone size-medium wp-image-19895\" src=\"https:\/\/avrupapress.com\/main\/wp-content\/uploads\/2022\/09\/1.-300x200.jpg\" alt=\"\" width=\"300\" height=\"200\" srcset=\"https:\/\/avrupapress.com\/main\/wp-content\/uploads\/2022\/09\/1.-300x200.jpg 300w, https:\/\/avrupapress.com\/main\/wp-content\/uploads\/2022\/09\/1.-1024x683.jpg 1024w, https:\/\/avrupapress.com\/main\/wp-content\/uploads\/2022\/09\/1.-768x512.jpg 768w, https:\/\/avrupapress.com\/main\/wp-content\/uploads\/2022\/09\/1.-1536x1024.jpg 1536w, https:\/\/avrupapress.com\/main\/wp-content\/uploads\/2022\/09\/1..jpg 1560w\" sizes=\"auto, (max-width: 300px) 100vw, 300px\" \/><\/p>\n<p><strong>HABER \/ FOTO\u011eRAF: ERTU\u011eRUL ALTINEL \u2013 B\u0130LG\u0130N \u00d6Z\u00c7\u0130FT\u00c7\u0130 \u2013 AVRUPA PRESS \u2013 BEL\u00c7\u0130KA<\/strong><\/p>\n","protected":false},"excerpt":{"rendered":"<p>HABER \/ FOTO\u011eRAF: ERTU\u011eRUL ALTINEL \u2013 B\u0130LG\u0130N \u00d6Z\u00c7\u0130FT\u00c7\u0130 \u2013 AVRUPA PRESS \u2013 BEL\u00c7\u0130KA Eski\u015fehir Fatih Fen Lisesi\u2019nde geni\u015f kat\u0131l\u0131ml\u0131 \u2018Pilav G\u00fcn\u00fc\u2019 d\u00fczenlendi. Eski\u015fehir Fatih Fen Lisesi\u2019nin bah\u00e7esinde geleneksel olarak d\u00fczenlenen \u2018Pilav G\u00fcn\u00fc\u2019nde 1992 y\u0131l\u0131ndan bu yana mezun \u00f6\u011frencilerden olu\u015fan yo\u011fun kalabal\u0131k bir topluluk ile okulun emekli olmu\u015f ve halen \u00e7al\u0131\u015fan \u00f6\u011fretmenleri kat\u0131ld\u0131. Pilav ikram\u0131 s\u0131ras\u0131nda; [&hellip;]<\/p>\n","protected":false},"author":3,"featured_media":19893,"comment_status":"closed","ping_status":"open","sticky":false,"template":"","format":"standard","meta":{"footnotes":""},"categories":[14,16,3,17,18,15,19,2],"tags":[],"class_list":["post-19892","post","type-post","status-publish","format-standard","has-post-thumbnail","hentry","category-avrupa","category-belcika","category-dunya","category-ekonomi","category-kultur-sanat","category-spor","category-tanitim","category-turkiye"],"yoast_head":"<!-- This site is optimized with the Yoast SEO plugin v26.9 - https:\/\/yoast.com\/product\/yoast-seo-wordpress\/ -->\n<title>Eski\u015fehir Fatih Fen Liseliler \u2018Pilav G\u00fcn\u00fc\u2019nde bulu\u015ftu - AvrupaPress<\/title>\n<meta name=\"robots\" content=\"index, follow, max-snippet:-1, max-image-preview:large, max-video-preview:-1\" \/>\n<link rel=\"canonical\" href=\"https:\/\/avrupapress.com\/main\/2022\/09\/01\/eskisehir-fatih-fen-liseliler-pilav-gununde-bulustu\/\" \/>\n<meta property=\"og:locale\" content=\"fr_FR\" \/>\n<meta property=\"og:type\" content=\"article\" \/>\n<meta property=\"og:title\" content=\"Eski\u015fehir Fatih Fen Liseliler \u2018Pilav G\u00fcn\u00fc\u2019nde bulu\u015ftu - AvrupaPress\" \/>\n<meta property=\"og:description\" content=\"HABER \/ FOTO\u011eRAF: ERTU\u011eRUL ALTINEL \u2013 B\u0130LG\u0130N \u00d6Z\u00c7\u0130FT\u00c7\u0130 \u2013 AVRUPA PRESS \u2013 BEL\u00c7\u0130KA Eski\u015fehir Fatih Fen Lisesi\u2019nde geni\u015f kat\u0131l\u0131ml\u0131 \u2018Pilav G\u00fcn\u00fc\u2019 d\u00fczenlendi. Eski\u015fehir Fatih Fen Lisesi\u2019nin bah\u00e7esinde geleneksel olarak d\u00fczenlenen \u2018Pilav G\u00fcn\u00fc\u2019nde 1992 y\u0131l\u0131ndan bu yana mezun \u00f6\u011frencilerden olu\u015fan yo\u011fun kalabal\u0131k bir topluluk ile okulun emekli olmu\u015f ve halen \u00e7al\u0131\u015fan \u00f6\u011fretmenleri kat\u0131ld\u0131. Pilav ikram\u0131 s\u0131ras\u0131nda; [&hellip;]\" \/>\n<meta property=\"og:url\" content=\"https:\/\/avrupapress.com\/main\/2022\/09\/01\/eskisehir-fatih-fen-liseliler-pilav-gununde-bulustu\/\" \/>\n<meta property=\"og:site_name\" content=\"AvrupaPress\" \/>\n<meta property=\"article:published_time\" content=\"2022-09-01T13:17:27+00:00\" \/>\n<meta property=\"article:modified_time\" content=\"2022-09-01T13:17:40+00:00\" \/>\n<meta property=\"og:image\" content=\"https:\/\/avrupapress.com\/main\/wp-content\/uploads\/2022\/09\/2.jpg\" \/>\n\t<meta property=\"og:image:width\" content=\"1560\" \/>\n\t<meta property=\"og:image:height\" content=\"1040\" \/>\n\t<meta property=\"og:image:type\" content=\"image\/jpeg\" \/>\n<meta name=\"author\" content=\"Edit\u00f6r\" \/>\n<meta name=\"twitter:card\" content=\"summary_large_image\" \/>\n<meta name=\"twitter:label1\" content=\"\u00c9crit par\" \/>\n\t<meta name=\"twitter:data1\" content=\"Edit\u00f6r\" \/>\n\t<meta name=\"twitter:label2\" content=\"Dur\u00e9e de lecture est.\" \/>\n\t<meta name=\"twitter:data2\" content=\"2 minutes\" \/>\n<script type=\"application\/ld+json\" class=\"yoast-schema-graph\">{\"@context\":\"https:\/\/schema.org\",\"@graph\":[{\"@type\":\"Article\",\"@id\":\"https:\/\/avrupapress.com\/main\/2022\/09\/01\/eskisehir-fatih-fen-liseliler-pilav-gununde-bulustu\/#article\",\"isPartOf\":{\"@id\":\"https:\/\/avrupapress.com\/main\/2022\/09\/01\/eskisehir-fatih-fen-liseliler-pilav-gununde-bulustu\/\"},\"author\":{\"name\":\"Edit\u00f6r\",\"@id\":\"https:\/\/avrupapress.com\/#\/schema\/person\/68428444ec60970d1e1b700cf4ca1e8f\"},\"headline\":\"Eski\u015fehir Fatih Fen Liseliler \u2018Pilav G\u00fcn\u00fc\u2019nde bulu\u015ftu\",\"datePublished\":\"2022-09-01T13:17:27+00:00\",\"dateModified\":\"2022-09-01T13:17:40+00:00\",\"mainEntityOfPage\":{\"@id\":\"https:\/\/avrupapress.com\/main\/2022\/09\/01\/eskisehir-fatih-fen-liseliler-pilav-gununde-bulustu\/\"},\"wordCount\":194,\"publisher\":{\"@id\":\"https:\/\/avrupapress.com\/#\/schema\/person\/0223dca19c72c43575bf30d1a2d8f4fa\"},\"image\":{\"@id\":\"https:\/\/avrupapress.com\/main\/2022\/09\/01\/eskisehir-fatih-fen-liseliler-pilav-gununde-bulustu\/#primaryimage\"},\"thumbnailUrl\":\"https:\/\/avrupapress.com\/main\/wp-content\/uploads\/2022\/09\/2.jpg\",\"articleSection\":[\"Avrupa\",\"Bel\u00e7ika\",\"D\u00fcnya\",\"Ekonomi\",\"K\u00fclt\u00fcr-Sanat\",\"Spor\",\"Tan\u0131t\u0131m\",\"T\u00fcrkiye\"],\"inLanguage\":\"fr-BE\"},{\"@type\":\"WebPage\",\"@id\":\"https:\/\/avrupapress.com\/main\/2022\/09\/01\/eskisehir-fatih-fen-liseliler-pilav-gununde-bulustu\/\",\"url\":\"https:\/\/avrupapress.com\/main\/2022\/09\/01\/eskisehir-fatih-fen-liseliler-pilav-gununde-bulustu\/\",\"name\":\"Eski\u015fehir Fatih Fen Liseliler \u2018Pilav G\u00fcn\u00fc\u2019nde bulu\u015ftu - AvrupaPress\",\"isPartOf\":{\"@id\":\"https:\/\/avrupapress.com\/#website\"},\"primaryImageOfPage\":{\"@id\":\"https:\/\/avrupapress.com\/main\/2022\/09\/01\/eskisehir-fatih-fen-liseliler-pilav-gununde-bulustu\/#primaryimage\"},\"image\":{\"@id\":\"https:\/\/avrupapress.com\/main\/2022\/09\/01\/eskisehir-fatih-fen-liseliler-pilav-gununde-bulustu\/#primaryimage\"},\"thumbnailUrl\":\"https:\/\/avrupapress.com\/main\/wp-content\/uploads\/2022\/09\/2.jpg\",\"datePublished\":\"2022-09-01T13:17:27+00:00\",\"dateModified\":\"2022-09-01T13:17:40+00:00\",\"breadcrumb\":{\"@id\":\"https:\/\/avrupapress.com\/main\/2022\/09\/01\/eskisehir-fatih-fen-liseliler-pilav-gununde-bulustu\/#breadcrumb\"},\"inLanguage\":\"fr-BE\",\"potentialAction\":[{\"@type\":\"ReadAction\",\"target\":[\"https:\/\/avrupapress.com\/main\/2022\/09\/01\/eskisehir-fatih-fen-liseliler-pilav-gununde-bulustu\/\"]}]},{\"@type\":\"ImageObject\",\"inLanguage\":\"fr-BE\",\"@id\":\"https:\/\/avrupapress.com\/main\/2022\/09\/01\/eskisehir-fatih-fen-liseliler-pilav-gununde-bulustu\/#primaryimage\",\"url\":\"https:\/\/avrupapress.com\/main\/wp-content\/uploads\/2022\/09\/2.jpg\",\"contentUrl\":\"https:\/\/avrupapress.com\/main\/wp-content\/uploads\/2022\/09\/2.jpg\",\"width\":1560,\"height\":1040},{\"@type\":\"BreadcrumbList\",\"@id\":\"https:\/\/avrupapress.com\/main\/2022\/09\/01\/eskisehir-fatih-fen-liseliler-pilav-gununde-bulustu\/#breadcrumb\",\"itemListElement\":[{\"@type\":\"ListItem\",\"position\":1,\"name\":\"Anasayfa\",\"item\":\"https:\/\/avrupapress.com\/\"},{\"@type\":\"ListItem\",\"position\":2,\"name\":\"Eski\u015fehir Fatih Fen Liseliler \u2018Pilav G\u00fcn\u00fc\u2019nde bulu\u015ftu\"}]},{\"@type\":\"WebSite\",\"@id\":\"https:\/\/avrupapress.com\/#website\",\"url\":\"https:\/\/avrupapress.com\/\",\"name\":\"AvrupaPress\",\"description\":\"Haberin Adresi\",\"publisher\":{\"@id\":\"https:\/\/avrupapress.com\/#\/schema\/person\/0223dca19c72c43575bf30d1a2d8f4fa\"},\"potentialAction\":[{\"@type\":\"SearchAction\",\"target\":{\"@type\":\"EntryPoint\",\"urlTemplate\":\"https:\/\/avrupapress.com\/?s={search_term_string}\"},\"query-input\":{\"@type\":\"PropertyValueSpecification\",\"valueRequired\":true,\"valueName\":\"search_term_string\"}}],\"inLanguage\":\"fr-BE\"},{\"@type\":[\"Person\",\"Organization\"],\"@id\":\"https:\/\/avrupapress.com\/#\/schema\/person\/0223dca19c72c43575bf30d1a2d8f4fa\",\"name\":\"Bilgin \u00d6z\u00e7ift\u00e7i\",\"image\":{\"@type\":\"ImageObject\",\"inLanguage\":\"fr-BE\",\"@id\":\"https:\/\/avrupapress.com\/#\/schema\/person\/image\/\",\"url\":\"https:\/\/secure.gravatar.com\/avatar\/0f23b280433a21e1ea7a0adcc46ed0ad16afe3ad8e630fd13d8a017dcbd54ef3?s=96&d=mm&r=g\",\"contentUrl\":\"https:\/\/secure.gravatar.com\/avatar\/0f23b280433a21e1ea7a0adcc46ed0ad16afe3ad8e630fd13d8a017dcbd54ef3?s=96&d=mm&r=g\",\"caption\":\"Bilgin \u00d6z\u00e7ift\u00e7i\"},\"logo\":{\"@id\":\"https:\/\/avrupapress.com\/#\/schema\/person\/image\/\"},\"description\":\"Ne ben, nede sen... Biz ancak \\\"biz\\\" olursak g\u00fc\u00e7l\u00fc olabiliriz\"},{\"@type\":\"Person\",\"@id\":\"https:\/\/avrupapress.com\/#\/schema\/person\/68428444ec60970d1e1b700cf4ca1e8f\",\"name\":\"Edit\u00f6r\",\"image\":{\"@type\":\"ImageObject\",\"inLanguage\":\"fr-BE\",\"@id\":\"https:\/\/avrupapress.com\/#\/schema\/person\/image\/\",\"url\":\"https:\/\/secure.gravatar.com\/avatar\/74996b0977aa5f1559ba9883776652508b229005c0d78fb2597897f0bd651c09?s=96&d=mm&r=g\",\"contentUrl\":\"https:\/\/secure.gravatar.com\/avatar\/74996b0977aa5f1559ba9883776652508b229005c0d78fb2597897f0bd651c09?s=96&d=mm&r=g\",\"caption\":\"Edit\u00f6r\"},\"sameAs\":[\"http:\/\/www.avrupapress.com\"],\"url\":\"https:\/\/avrupapress.com\/main\/author\/editor\/\"}]}<\/script>\n<!-- \/ Yoast SEO plugin. -->","yoast_head_json":{"title":"Eski\u015fehir Fatih Fen Liseliler \u2018Pilav G\u00fcn\u00fc\u2019nde bulu\u015ftu - AvrupaPress","robots":{"index":"index","follow":"follow","max-snippet":"max-snippet:-1","max-image-preview":"max-image-preview:large","max-video-preview":"max-video-preview:-1"},"canonical":"https:\/\/avrupapress.com\/main\/2022\/09\/01\/eskisehir-fatih-fen-liseliler-pilav-gununde-bulustu\/","og_locale":"fr_FR","og_type":"article","og_title":"Eski\u015fehir Fatih Fen Liseliler \u2018Pilav G\u00fcn\u00fc\u2019nde bulu\u015ftu - AvrupaPress","og_description":"HABER \/ FOTO\u011eRAF: ERTU\u011eRUL ALTINEL \u2013 B\u0130LG\u0130N \u00d6Z\u00c7\u0130FT\u00c7\u0130 \u2013 AVRUPA PRESS \u2013 BEL\u00c7\u0130KA Eski\u015fehir Fatih Fen Lisesi\u2019nde geni\u015f kat\u0131l\u0131ml\u0131 \u2018Pilav G\u00fcn\u00fc\u2019 d\u00fczenlendi. Eski\u015fehir Fatih Fen Lisesi\u2019nin bah\u00e7esinde geleneksel olarak d\u00fczenlenen \u2018Pilav G\u00fcn\u00fc\u2019nde 1992 y\u0131l\u0131ndan bu yana mezun \u00f6\u011frencilerden olu\u015fan yo\u011fun kalabal\u0131k bir topluluk ile okulun emekli olmu\u015f ve halen \u00e7al\u0131\u015fan \u00f6\u011fretmenleri kat\u0131ld\u0131. Pilav ikram\u0131 s\u0131ras\u0131nda; [&hellip;]","og_url":"https:\/\/avrupapress.com\/main\/2022\/09\/01\/eskisehir-fatih-fen-liseliler-pilav-gununde-bulustu\/","og_site_name":"AvrupaPress","article_published_time":"2022-09-01T13:17:27+00:00","article_modified_time":"2022-09-01T13:17:40+00:00","og_image":[{"width":1560,"height":1040,"url":"https:\/\/avrupapress.com\/main\/wp-content\/uploads\/2022\/09\/2.jpg","type":"image\/jpeg"}],"author":"Edit\u00f6r","twitter_card":"summary_large_image","twitter_misc":{"\u00c9crit par":"Edit\u00f6r","Dur\u00e9e de lecture est.":"2 minutes"},"schema":{"@context":"https:\/\/schema.org","@graph":[{"@type":"Article","@id":"https:\/\/avrupapress.com\/main\/2022\/09\/01\/eskisehir-fatih-fen-liseliler-pilav-gununde-bulustu\/#article","isPartOf":{"@id":"https:\/\/avrupapress.com\/main\/2022\/09\/01\/eskisehir-fatih-fen-liseliler-pilav-gununde-bulustu\/"},"author":{"name":"Edit\u00f6r","@id":"https:\/\/avrupapress.com\/#\/schema\/person\/68428444ec60970d1e1b700cf4ca1e8f"},"headline":"Eski\u015fehir Fatih Fen Liseliler \u2018Pilav G\u00fcn\u00fc\u2019nde bulu\u015ftu","datePublished":"2022-09-01T13:17:27+00:00","dateModified":"2022-09-01T13:17:40+00:00","mainEntityOfPage":{"@id":"https:\/\/avrupapress.com\/main\/2022\/09\/01\/eskisehir-fatih-fen-liseliler-pilav-gununde-bulustu\/"},"wordCount":194,"publisher":{"@id":"https:\/\/avrupapress.com\/#\/schema\/person\/0223dca19c72c43575bf30d1a2d8f4fa"},"image":{"@id":"https:\/\/avrupapress.com\/main\/2022\/09\/01\/eskisehir-fatih-fen-liseliler-pilav-gununde-bulustu\/#primaryimage"},"thumbnailUrl":"https:\/\/avrupapress.com\/main\/wp-content\/uploads\/2022\/09\/2.jpg","articleSection":["Avrupa","Bel\u00e7ika","D\u00fcnya","Ekonomi","K\u00fclt\u00fcr-Sanat","Spor","Tan\u0131t\u0131m","T\u00fcrkiye"],"inLanguage":"fr-BE"},{"@type":"WebPage","@id":"https:\/\/avrupapress.com\/main\/2022\/09\/01\/eskisehir-fatih-fen-liseliler-pilav-gununde-bulustu\/","url":"https:\/\/avrupapress.com\/main\/2022\/09\/01\/eskisehir-fatih-fen-liseliler-pilav-gununde-bulustu\/","name":"Eski\u015fehir Fatih Fen Liseliler \u2018Pilav G\u00fcn\u00fc\u2019nde bulu\u015ftu - AvrupaPress","isPartOf":{"@id":"https:\/\/avrupapress.com\/#website"},"primaryImageOfPage":{"@id":"https:\/\/avrupapress.com\/main\/2022\/09\/01\/eskisehir-fatih-fen-liseliler-pilav-gununde-bulustu\/#primaryimage"},"image":{"@id":"https:\/\/avrupapress.com\/main\/2022\/09\/01\/eskisehir-fatih-fen-liseliler-pilav-gununde-bulustu\/#primaryimage"},"thumbnailUrl":"https:\/\/avrupapress.com\/main\/wp-content\/uploads\/2022\/09\/2.jpg","datePublished":"2022-09-01T13:17:27+00:00","dateModified":"2022-09-01T13:17:40+00:00","breadcrumb":{"@id":"https:\/\/avrupapress.com\/main\/2022\/09\/01\/eskisehir-fatih-fen-liseliler-pilav-gununde-bulustu\/#breadcrumb"},"inLanguage":"fr-BE","potentialAction":[{"@type":"ReadAction","target":["https:\/\/avrupapress.com\/main\/2022\/09\/01\/eskisehir-fatih-fen-liseliler-pilav-gununde-bulustu\/"]}]},{"@type":"ImageObject","inLanguage":"fr-BE","@id":"https:\/\/avrupapress.com\/main\/2022\/09\/01\/eskisehir-fatih-fen-liseliler-pilav-gununde-bulustu\/#primaryimage","url":"https:\/\/avrupapress.com\/main\/wp-content\/uploads\/2022\/09\/2.jpg","contentUrl":"https:\/\/avrupapress.com\/main\/wp-content\/uploads\/2022\/09\/2.jpg","width":1560,"height":1040},{"@type":"BreadcrumbList","@id":"https:\/\/avrupapress.com\/main\/2022\/09\/01\/eskisehir-fatih-fen-liseliler-pilav-gununde-bulustu\/#breadcrumb","itemListElement":[{"@type":"ListItem","position":1,"name":"Anasayfa","item":"https:\/\/avrupapress.com\/"},{"@type":"ListItem","position":2,"name":"Eski\u015fehir Fatih Fen Liseliler \u2018Pilav G\u00fcn\u00fc\u2019nde bulu\u015ftu"}]},{"@type":"WebSite","@id":"https:\/\/avrupapress.com\/#website","url":"https:\/\/avrupapress.com\/","name":"AvrupaPress","description":"Haberin Adresi","publisher":{"@id":"https:\/\/avrupapress.com\/#\/schema\/person\/0223dca19c72c43575bf30d1a2d8f4fa"},"potentialAction":[{"@type":"SearchAction","target":{"@type":"EntryPoint","urlTemplate":"https:\/\/avrupapress.com\/?s={search_term_string}"},"query-input":{"@type":"PropertyValueSpecification","valueRequired":true,"valueName":"search_term_string"}}],"inLanguage":"fr-BE"},{"@type":["Person","Organization"],"@id":"https:\/\/avrupapress.com\/#\/schema\/person\/0223dca19c72c43575bf30d1a2d8f4fa","name":"Bilgin \u00d6z\u00e7ift\u00e7i","image":{"@type":"ImageObject","inLanguage":"fr-BE","@id":"https:\/\/avrupapress.com\/#\/schema\/person\/image\/","url":"https:\/\/secure.gravatar.com\/avatar\/0f23b280433a21e1ea7a0adcc46ed0ad16afe3ad8e630fd13d8a017dcbd54ef3?s=96&d=mm&r=g","contentUrl":"https:\/\/secure.gravatar.com\/avatar\/0f23b280433a21e1ea7a0adcc46ed0ad16afe3ad8e630fd13d8a017dcbd54ef3?s=96&d=mm&r=g","caption":"Bilgin \u00d6z\u00e7ift\u00e7i"},"logo":{"@id":"https:\/\/avrupapress.com\/#\/schema\/person\/image\/"},"description":"Ne ben, nede sen... Biz ancak \"biz\" olursak g\u00fc\u00e7l\u00fc olabiliriz"},{"@type":"Person","@id":"https:\/\/avrupapress.com\/#\/schema\/person\/68428444ec60970d1e1b700cf4ca1e8f","name":"Edit\u00f6r","image":{"@type":"ImageObject","inLanguage":"fr-BE","@id":"https:\/\/avrupapress.com\/#\/schema\/person\/image\/","url":"https:\/\/secure.gravatar.com\/avatar\/74996b0977aa5f1559ba9883776652508b229005c0d78fb2597897f0bd651c09?s=96&d=mm&r=g","contentUrl":"https:\/\/secure.gravatar.com\/avatar\/74996b0977aa5f1559ba9883776652508b229005c0d78fb2597897f0bd651c09?s=96&d=mm&r=g","caption":"Edit\u00f6r"},"sameAs":["http:\/\/www.avrupapress.com"],"url":"https:\/\/avrupapress.com\/main\/author\/editor\/"}]}},"_links":{"self":[{"href":"https:\/\/avrupapress.com\/main\/wp-json\/wp\/v2\/posts\/19892","targetHints":{"allow":["GET"]}}],"collection":[{"href":"https:\/\/avrupapress.com\/main\/wp-json\/wp\/v2\/posts"}],"about":[{"href":"https:\/\/avrupapress.com\/main\/wp-json\/wp\/v2\/types\/post"}],"author":[{"embeddable":true,"href":"https:\/\/avrupapress.com\/main\/wp-json\/wp\/v2\/users\/3"}],"replies":[{"embeddable":true,"href":"https:\/\/avrupapress.com\/main\/wp-json\/wp\/v2\/comments?post=19892"}],"version-history":[{"count":1,"href":"https:\/\/avrupapress.com\/main\/wp-json\/wp\/v2\/posts\/19892\/revisions"}],"predecessor-version":[{"id":19896,"href":"https:\/\/avrupapress.com\/main\/wp-json\/wp\/v2\/posts\/19892\/revisions\/19896"}],"wp:featuredmedia":[{"embeddable":true,"href":"https:\/\/avrupapress.com\/main\/wp-json\/wp\/v2\/media\/19893"}],"wp:attachment":[{"href":"https:\/\/avrupapress.com\/main\/wp-json\/wp\/v2\/media?parent=19892"}],"wp:term":[{"taxonomy":"category","embeddable":true,"href":"https:\/\/avrupapress.com\/main\/wp-json\/wp\/v2\/categories?post=19892"},{"taxonomy":"post_tag","embeddable":true,"href":"https:\/\/avrupapress.com\/main\/wp-json\/wp\/v2\/tags?post=19892"}],"curies":[{"name":"wp","href":"https:\/\/api.w.org\/{rel}","templated":true}]}}