{"id":19888,"date":"2022-09-01T13:03:22","date_gmt":"2022-09-01T13:03:22","guid":{"rendered":"https:\/\/avrupapress.com\/main\/?p=19888"},"modified":"2022-09-01T13:03:44","modified_gmt":"2022-09-01T13:03:44","slug":"asr-i-saadette-bir-evlilik","status":"publish","type":"post","link":"https:\/\/avrupapress.com\/main\/2022\/09\/01\/asr-i-saadette-bir-evlilik\/","title":{"rendered":"ASR-I SAADETTE B\u0130R EVL\u0130L\u0130K"},"content":{"rendered":"<p><strong>Nevzat Laleli\u00a0 \u00a0\/\u00a0 \u00a0AVRUPAPRESS<\/strong><\/p>\n<p>K\u0131yamete kadar her problemin \u00e7\u00f6z\u00fcm\u00fcnde aranacak \u00f6rnek \u00e7\u00f6z\u00fcmleri b\u00fcnyesinde bar\u0131nd\u0131ran Ars-\u0131 saadet (Peygamberimizin i\u00e7inde bulundu\u011fu asr), sadece inanma ve ibadetlerin de\u011fil her konuda oldu\u011fu gibi evlenme kurallar\u0131n\u0131 da i\u00e7inde bar\u0131nd\u0131ran bir as\u0131rd\u0131r.<\/p>\n<p>\u0130smail Hakk\u0131 Bursevi Hazretleri, Hazreti Ebu Bekir i\u00e7in ele ald\u0131\u011f\u0131 eserinin bir b\u00f6l\u00fcm\u00fcnde Ben-i S\u00fcleym kabilesinden Sa\u2019d isimli bir gencin ba\u015f\u0131ndan ge\u00e7enleri anlat\u0131r.<\/p>\n<p>Bir g\u00fcn Peygamberimiz Hazret-i Muhammed (s.a.v) Mescid-i Nebevilerinde bulunurken i\u00e7eriye Ben-i S\u00fcleym kabilesinden biri girdi. Tenini renginin siyah olmas\u0131na mukabil g\u00fcnl\u00fc billurlar gibi beyaz olan bu gen\u00e7, ezile b\u00fcz\u00fcle Peygamberimize;<\/p>\n<p>\u201cEy Allah\u2019\u0131n Resul\u00fc\u2026 Rengimin siyahl\u0131\u011f\u0131 ve y\u00fcz\u00fcm\u00fcn \u00e7irkinli\u011fi, cennete girmeme<\/p>\n<p>mani midir?\u201d diye sordu. Peygamberimiz tebess\u00fcm buyurarak;<\/p>\n<p>\u201cHay\u0131r. Neden mani olsun. Allah\u2019\u0131n emirlerine uyup, resul\u00fcn\u00fcn tavsiyelerine dikkat ettikten sonra\u2026\u201d Bunun \u00fczerine gen\u00e7;<\/p>\n<p>\u201c\u0130yi ama ey Allah\u2019\u0131n Resul\u00fc\u2026 Ben \u015fu meclis de 8 ay \u00f6nce Allah\u2019a iman ile Resul\u00fcn\u00fc tasdik ederek \u0130slam\u2019a girdim. O esnada orada haz\u0131r bulunanlara, evlenmek i\u00e7in m\u00fcracaatta bulundum. Ancak onlar, rengimin siyahl\u0131\u011f\u0131 ve y\u00fcz\u00fcm\u00fcn \u00e7irkinli\u011fi sebebiyle beni reddettiler.\u201d<\/p>\n<p>Peygamberimiz o gence sordular;<\/p>\n<p>\u201cO g\u00fcn orada buluna cemaat i\u00e7erisinde \u00c2mir bin Vehep yok muydu?\u201d Gen\u00e7;<\/p>\n<p>\u201cYoktu Ya Resulallah\u2026\u201d Peygamberimiz;<\/p>\n<p>\u201c\u00d6yleyse \u015fimdi ona git ve Allah\u2019\u0131n Resul\u00fc, beni damad\u0131n yapman\u0131 istedi\u201d de\u2026<\/p>\n<p>\u201cPeki\u2026 Allah\u2019\u0131n Resul\u00fc\u2026 Hemen gidiyorum\u201d<\/p>\n<p>KEND\u0130N\u0130N D\u00dcN\u00dcR\u00dc SAHAB\u0130<\/p>\n<p>S\u00fcleym\u2019li Sad, Amir bin Vehep\u2019in kap\u0131s\u0131na vard\u0131 ve kap\u0131y\u0131 \u00e7ald\u0131. \u0130\u00e7eriden bir ses;<\/p>\n<p>\u201cKimdir o\u2026\u201d diye seslendi. Gen\u00e7;<\/p>\n<p>\u201cHay\u0131rl\u0131 bir i\u015f i\u00e7in gelen biri\u2026\u201d diye cevap verdi.<\/p>\n<p>Amir bin Vehep kap\u0131y\u0131 a\u00e7t\u0131 ve gen\u00e7 Sad\u2019\u0131 hemen i\u00e7eriye ald\u0131 ve sordu?<\/p>\n<p>\u201cS\u00f6yle bakal\u0131m, ne istiyorsun?\u201d dedi. Gen\u00e7;<\/p>\n<p>\u201cBeni sana Allah\u2019\u0131 Resul\u00fc g\u00f6nderdi. Sizin beni Damat olarak kabul etmenizi buyurdular\u201d dedi. Sad;<\/p>\n<p>\u201cSana k\u0131z\u0131m\u0131 veremem\u201d Gen\u00e7 de ona;<\/p>\n<p>\u201cSiz bilirsiniz\u2026\u201d dedi.<\/p>\n<p>Gen\u00e7 mahzun bir \u015fekilde evden ayr\u0131l\u0131rken, kap\u0131 arkas\u0131nda bulunan Amir bin Veheb\u2019in k\u0131z\u0131 bu konu\u015fmalar\u0131 duymu\u015ftu. Babas\u0131n\u0131n red cevab\u0131n\u0131 duyunca kendisini tutamad\u0131 ve;<\/p>\n<p>\u201cBabac\u0131\u011f\u0131m\u2026 Ne yap\u0131yorsun? Bu genci sana kim g\u00f6nderdi biliyor musun?<\/p>\n<p>\u201cEvet, biliyorum\u201d<\/p>\n<p>\u201cMadem biliyorsun da nas\u0131l reddediyorsun? Bu yapt\u0131\u011f\u0131na bir vahiy inmesi halinde senin iki \u00e2lemde de rezil olaca\u011f\u0131n\u0131 bilmiyor musun? Derhal git ve gen\u00e7ten \u00f6z\u00fcr dile, dedi.<\/p>\n<p>Amir bin Veheb\u2019in akl\u0131 ba\u015f\u0131na geldi ve hemen Peygamber mescidine ko\u015ftu.<\/p>\n<p>KIZ MESAJI ALIYOR<\/p>\n<p>Amir bin Vehep Peygamberimize;<\/p>\n<p>\u201cEy Allah\u2019\u0131n Resul\u00fc\u2026 Bize gelen siyah renkli gencin taraf\u0131n\u0131zdan g\u00f6nderildi\u011fine inanmam\u0131\u015f ve onu geri \u00e7evirmi\u015ftim. Sizin talebinizi geri \u00e7evirmekten dolay\u0131 g\u00fcnah i\u015flemi\u015fsem, t\u00f6vbe ve isti\u011ffar ediyorum ve k\u0131z\u0131m\u0131 o gence veriyorum\u201d dedi.<\/p>\n<p>Sevgili Peygamberimiz, Sad\u2019a, hemen evini haz\u0131rlamas\u0131n\u0131 s\u00f6yledi.<\/p>\n<p>Sad, utanc\u0131ndan ba\u015f\u0131n\u0131 \u00f6n\u00fcne e\u011fdi ve \u201cEy\u2026 Allah\u2019\u0131n Resul\u00fc\u2026 Ben de ne ev haz\u0131rlayacak ve ne de han\u0131m\u0131n mihrini verecek param yok\u201d dedi. Peygamberimiz;<\/p>\n<p>\u201c\u00d6yleyse git. \u0130ki y\u00fcz dirhem Ali\u2019den, iki y\u00fcz dirhem Osman\u2019dan ve iki y\u00fcz dirhem de Abdurrahman\u2019dan iste. B\u00fct\u00fcn masraflar\u0131 onlar g\u00f6rs\u00fcnler\u201d dedi.<\/p>\n<p>Sad, bir ku\u015f gibi u\u00e7tu, durumu Peygamberin s\u00f6yledi\u011fi Sahabelere anlatt\u0131. Onlar ise s\u00f6ylenen rakamlardan fazlas\u0131n\u0131 gence verdiler.<\/p>\n<p>D\u00fc\u011f\u00fcn haz\u0131rl\u0131klar\u0131 ve ev ihtiya\u00e7lar\u0131m\u0131 temin edilirken sokak da bir nida (ses) i\u015fitti.<\/p>\n<p>C\u0130HAT HER \u015eEYDEN \u00d6NEML\u0130D\u0130R<\/p>\n<p>\u201cEy\u2026 Ehl-i \u0130slam gen\u00e7leri\u2026 Eli, aya\u011f\u0131 sa\u011flam, g\u00fcc\u00fc kuvveti yerinde cihad etmek isteyenlere sesleniyorum. D\u00fc\u015fman b\u00fcy\u00fck bir kuvvetle yokla \u00e7\u0131km\u0131\u015f, bizi basmak ve \u0130slam\u2019\u0131 ortadan kald\u0131rmak istemektedir. Allah Resul\u00fc M\u00fc\u2019minleri gazaya davet ediyor\u201d diyordu.<\/p>\n<p>Sad, bir y\u0131ld\u0131r\u0131m \u00e7arpm\u0131\u015f gibi sars\u0131ld\u0131 ve tam bir sadakat ve teslimiyet i\u00e7inde;<\/p>\n<p>\u201cBenim, d\u00fc\u011f\u00fcn ve dernek i\u015fim demek ahrete kald\u0131. Bu parayla bir at ve bir k\u0131l\u0131\u00e7 alabilirim\u201d dedi.<\/p>\n<p>Sad, gazaya \u00e7\u0131kacak \u0130slam ordusuna gelip d\u00e2hil oldu.<\/p>\n<p>B\u00fcy\u00fck ve \u00e7ok \u00e7etin bir muhabereden sonra d\u00fc\u015fman, ma\u011flup olarak \u00e7ekilirken Peygamberimiz de gaza meydan\u0131n\u0131 geziyordu. Yaral\u0131lar aras\u0131nda v\u00fccudunun siyahl\u0131\u011f\u0131ndan tan\u0131d\u0131\u011f\u0131 bir yaral\u0131ya sordu;<\/p>\n<p>\u201cSen, S\u00fcleym\u2019li Sad m\u0131s\u0131n?\u201d<\/p>\n<p>\u201cEvet. Ey Allah\u2019\u0131n Resul\u00fc\u2026\u201d<\/p>\n<p>Peygamber Sad\u2019\u0131n ba\u015f\u0131n\u0131 kuca\u011f\u0131na ald\u0131. Y\u00fcz\u00fcnde tozlar\u0131 m\u00fcbarek eliyle temizlerken Sad da \u015fahadet \u015ferbetini i\u00e7mi\u015fti.<\/p>\n<p>Peygamberimiz \u00f6nce g\u00f6zya\u015f\u0131 d\u00f6kt\u00fc. Sonra g\u00fcl\u00fcmsemeye ba\u015flad\u0131 ve daha sonra da ba\u015f\u0131n\u0131 ba\u015fka tarafa \u00e7evirdiler.<\/p>\n<p>Bu hal Sahabelerin dikkatini \u00e7ekti ve sordular.<\/p>\n<p>\u201cEy Allah\u2019\u0131n Resul\u00fc \u00f6nce Sad i\u00e7in a\u011flad\u0131n\u0131z. Sonra g\u00fcld\u00fcn\u00fcz. Daha sonra da y\u00fcz\u00fcn\u00fcz\u00fc ba\u015fka tarafa \u00e7evirdiniz. Bu hareketlerinizin sebebi nedir? dediler.<\/p>\n<p>Peygamberimiz \u015fu kar\u015f\u0131l\u0131\u011f\u0131 verdiler;<\/p>\n<p>\u201cSad\u2019a olan sevgim ve muhabbetimden dolay\u0131 \u00f6nce a\u011flad\u0131m. Onun Cennette Havz-i Kevser\u2019e do\u011fru u\u00e7tu\u011funu g\u00f6r\u00fcnce g\u00fcld\u00fcm. Etraf\u0131n\u0131 Huri k\u0131zlar\u0131n\u0131n sard\u0131\u011f\u0131n\u0131 g\u00f6r\u00fcnce de y\u00fcz\u00fcm\u00fc \u00e7evirdim\u201d dedi. \u201c\u015eimdi, Amir bin Veheb\u2019e s\u00f6yleyiniz ki Allah, Sad\u2019\u0131 kendi k\u0131z\u0131ndan daha hay\u0131rl\u0131lar\u0131 ile evlendirdi\u201d dedi.<\/p>\n<p>&nbsp;<\/p>\n<p><strong>Nevzat Laleli\u00a0 \u00a0\/\u00a0 \u00a0AVRUPAPRESS<\/strong><\/p>\n","protected":false},"excerpt":{"rendered":"<p>Nevzat Laleli\u00a0 \u00a0\/\u00a0 \u00a0AVRUPAPRESS K\u0131yamete kadar her problemin \u00e7\u00f6z\u00fcm\u00fcnde aranacak \u00f6rnek \u00e7\u00f6z\u00fcmleri b\u00fcnyesinde bar\u0131nd\u0131ran Ars-\u0131 saadet (Peygamberimizin i\u00e7inde bulundu\u011fu asr), sadece inanma ve ibadetlerin de\u011fil her konuda oldu\u011fu gibi evlenme kurallar\u0131n\u0131 da i\u00e7inde bar\u0131nd\u0131ran bir as\u0131rd\u0131r. \u0130smail Hakk\u0131 Bursevi Hazretleri, Hazreti Ebu Bekir i\u00e7in ele ald\u0131\u011f\u0131 eserinin bir b\u00f6l\u00fcm\u00fcnde Ben-i S\u00fcleym kabilesinden Sa\u2019d isimli bir [&hellip;]<\/p>\n","protected":false},"author":3,"featured_media":19644,"comment_status":"closed","ping_status":"open","sticky":false,"template":"","format":"standard","meta":{"footnotes":""},"categories":[14,16,3,17,18,15,19,2],"tags":[],"class_list":["post-19888","post","type-post","status-publish","format-standard","has-post-thumbnail","hentry","category-avrupa","category-belcika","category-dunya","category-ekonomi","category-kultur-sanat","category-spor","category-tanitim","category-turkiye"],"yoast_head":"<!-- This site is optimized with the Yoast SEO plugin v26.9 - https:\/\/yoast.com\/product\/yoast-seo-wordpress\/ -->\n<title>ASR-I SAADETTE B\u0130R EVL\u0130L\u0130K - AvrupaPress<\/title>\n<meta name=\"robots\" content=\"index, follow, max-snippet:-1, max-image-preview:large, max-video-preview:-1\" \/>\n<link rel=\"canonical\" href=\"https:\/\/avrupapress.com\/main\/2022\/09\/01\/asr-i-saadette-bir-evlilik\/\" \/>\n<meta property=\"og:locale\" content=\"fr_FR\" \/>\n<meta property=\"og:type\" content=\"article\" \/>\n<meta property=\"og:title\" content=\"ASR-I SAADETTE B\u0130R EVL\u0130L\u0130K - AvrupaPress\" \/>\n<meta property=\"og:description\" content=\"Nevzat Laleli\u00a0 \u00a0\/\u00a0 \u00a0AVRUPAPRESS K\u0131yamete kadar her problemin \u00e7\u00f6z\u00fcm\u00fcnde aranacak \u00f6rnek \u00e7\u00f6z\u00fcmleri b\u00fcnyesinde bar\u0131nd\u0131ran Ars-\u0131 saadet (Peygamberimizin i\u00e7inde bulundu\u011fu asr), sadece inanma ve ibadetlerin de\u011fil her konuda oldu\u011fu gibi evlenme kurallar\u0131n\u0131 da i\u00e7inde bar\u0131nd\u0131ran bir as\u0131rd\u0131r. \u0130smail Hakk\u0131 Bursevi Hazretleri, Hazreti Ebu Bekir i\u00e7in ele ald\u0131\u011f\u0131 eserinin bir b\u00f6l\u00fcm\u00fcnde Ben-i S\u00fcleym kabilesinden Sa\u2019d isimli bir [&hellip;]\" \/>\n<meta property=\"og:url\" content=\"https:\/\/avrupapress.com\/main\/2022\/09\/01\/asr-i-saadette-bir-evlilik\/\" \/>\n<meta property=\"og:site_name\" content=\"AvrupaPress\" \/>\n<meta property=\"article:published_time\" content=\"2022-09-01T13:03:22+00:00\" \/>\n<meta property=\"article:modified_time\" content=\"2022-09-01T13:03:44+00:00\" \/>\n<meta property=\"og:image\" content=\"https:\/\/avrupapress.com\/main\/wp-content\/uploads\/2022\/07\/12_b.jpg\" \/>\n\t<meta property=\"og:image:width\" content=\"200\" \/>\n\t<meta property=\"og:image:height\" content=\"200\" \/>\n\t<meta property=\"og:image:type\" content=\"image\/jpeg\" \/>\n<meta name=\"author\" content=\"Edit\u00f6r\" \/>\n<meta name=\"twitter:card\" content=\"summary_large_image\" \/>\n<meta name=\"twitter:label1\" content=\"\u00c9crit par\" \/>\n\t<meta name=\"twitter:data1\" content=\"Edit\u00f6r\" \/>\n\t<meta name=\"twitter:label2\" content=\"Dur\u00e9e de lecture est.\" \/>\n\t<meta name=\"twitter:data2\" content=\"5 minutes\" \/>\n<script type=\"application\/ld+json\" class=\"yoast-schema-graph\">{\"@context\":\"https:\/\/schema.org\",\"@graph\":[{\"@type\":\"Article\",\"@id\":\"https:\/\/avrupapress.com\/main\/2022\/09\/01\/asr-i-saadette-bir-evlilik\/#article\",\"isPartOf\":{\"@id\":\"https:\/\/avrupapress.com\/main\/2022\/09\/01\/asr-i-saadette-bir-evlilik\/\"},\"author\":{\"name\":\"Edit\u00f6r\",\"@id\":\"https:\/\/avrupapress.com\/#\/schema\/person\/68428444ec60970d1e1b700cf4ca1e8f\"},\"headline\":\"ASR-I SAADETTE B\u0130R EVL\u0130L\u0130K\",\"datePublished\":\"2022-09-01T13:03:22+00:00\",\"dateModified\":\"2022-09-01T13:03:44+00:00\",\"mainEntityOfPage\":{\"@id\":\"https:\/\/avrupapress.com\/main\/2022\/09\/01\/asr-i-saadette-bir-evlilik\/\"},\"wordCount\":920,\"publisher\":{\"@id\":\"https:\/\/avrupapress.com\/#\/schema\/person\/0223dca19c72c43575bf30d1a2d8f4fa\"},\"image\":{\"@id\":\"https:\/\/avrupapress.com\/main\/2022\/09\/01\/asr-i-saadette-bir-evlilik\/#primaryimage\"},\"thumbnailUrl\":\"https:\/\/avrupapress.com\/main\/wp-content\/uploads\/2022\/07\/12_b.jpg\",\"articleSection\":[\"Avrupa\",\"Bel\u00e7ika\",\"D\u00fcnya\",\"Ekonomi\",\"K\u00fclt\u00fcr-Sanat\",\"Spor\",\"Tan\u0131t\u0131m\",\"T\u00fcrkiye\"],\"inLanguage\":\"fr-BE\"},{\"@type\":\"WebPage\",\"@id\":\"https:\/\/avrupapress.com\/main\/2022\/09\/01\/asr-i-saadette-bir-evlilik\/\",\"url\":\"https:\/\/avrupapress.com\/main\/2022\/09\/01\/asr-i-saadette-bir-evlilik\/\",\"name\":\"ASR-I SAADETTE B\u0130R EVL\u0130L\u0130K - AvrupaPress\",\"isPartOf\":{\"@id\":\"https:\/\/avrupapress.com\/#website\"},\"primaryImageOfPage\":{\"@id\":\"https:\/\/avrupapress.com\/main\/2022\/09\/01\/asr-i-saadette-bir-evlilik\/#primaryimage\"},\"image\":{\"@id\":\"https:\/\/avrupapress.com\/main\/2022\/09\/01\/asr-i-saadette-bir-evlilik\/#primaryimage\"},\"thumbnailUrl\":\"https:\/\/avrupapress.com\/main\/wp-content\/uploads\/2022\/07\/12_b.jpg\",\"datePublished\":\"2022-09-01T13:03:22+00:00\",\"dateModified\":\"2022-09-01T13:03:44+00:00\",\"breadcrumb\":{\"@id\":\"https:\/\/avrupapress.com\/main\/2022\/09\/01\/asr-i-saadette-bir-evlilik\/#breadcrumb\"},\"inLanguage\":\"fr-BE\",\"potentialAction\":[{\"@type\":\"ReadAction\",\"target\":[\"https:\/\/avrupapress.com\/main\/2022\/09\/01\/asr-i-saadette-bir-evlilik\/\"]}]},{\"@type\":\"ImageObject\",\"inLanguage\":\"fr-BE\",\"@id\":\"https:\/\/avrupapress.com\/main\/2022\/09\/01\/asr-i-saadette-bir-evlilik\/#primaryimage\",\"url\":\"https:\/\/avrupapress.com\/main\/wp-content\/uploads\/2022\/07\/12_b.jpg\",\"contentUrl\":\"https:\/\/avrupapress.com\/main\/wp-content\/uploads\/2022\/07\/12_b.jpg\",\"width\":200,\"height\":200},{\"@type\":\"BreadcrumbList\",\"@id\":\"https:\/\/avrupapress.com\/main\/2022\/09\/01\/asr-i-saadette-bir-evlilik\/#breadcrumb\",\"itemListElement\":[{\"@type\":\"ListItem\",\"position\":1,\"name\":\"Anasayfa\",\"item\":\"https:\/\/avrupapress.com\/\"},{\"@type\":\"ListItem\",\"position\":2,\"name\":\"ASR-I SAADETTE B\u0130R EVL\u0130L\u0130K\"}]},{\"@type\":\"WebSite\",\"@id\":\"https:\/\/avrupapress.com\/#website\",\"url\":\"https:\/\/avrupapress.com\/\",\"name\":\"AvrupaPress\",\"description\":\"Haberin Adresi\",\"publisher\":{\"@id\":\"https:\/\/avrupapress.com\/#\/schema\/person\/0223dca19c72c43575bf30d1a2d8f4fa\"},\"potentialAction\":[{\"@type\":\"SearchAction\",\"target\":{\"@type\":\"EntryPoint\",\"urlTemplate\":\"https:\/\/avrupapress.com\/?s={search_term_string}\"},\"query-input\":{\"@type\":\"PropertyValueSpecification\",\"valueRequired\":true,\"valueName\":\"search_term_string\"}}],\"inLanguage\":\"fr-BE\"},{\"@type\":[\"Person\",\"Organization\"],\"@id\":\"https:\/\/avrupapress.com\/#\/schema\/person\/0223dca19c72c43575bf30d1a2d8f4fa\",\"name\":\"Bilgin \u00d6z\u00e7ift\u00e7i\",\"image\":{\"@type\":\"ImageObject\",\"inLanguage\":\"fr-BE\",\"@id\":\"https:\/\/avrupapress.com\/#\/schema\/person\/image\/\",\"url\":\"https:\/\/secure.gravatar.com\/avatar\/0f23b280433a21e1ea7a0adcc46ed0ad16afe3ad8e630fd13d8a017dcbd54ef3?s=96&d=mm&r=g\",\"contentUrl\":\"https:\/\/secure.gravatar.com\/avatar\/0f23b280433a21e1ea7a0adcc46ed0ad16afe3ad8e630fd13d8a017dcbd54ef3?s=96&d=mm&r=g\",\"caption\":\"Bilgin \u00d6z\u00e7ift\u00e7i\"},\"logo\":{\"@id\":\"https:\/\/avrupapress.com\/#\/schema\/person\/image\/\"},\"description\":\"Ne ben, nede sen... Biz ancak \\\"biz\\\" olursak g\u00fc\u00e7l\u00fc olabiliriz\"},{\"@type\":\"Person\",\"@id\":\"https:\/\/avrupapress.com\/#\/schema\/person\/68428444ec60970d1e1b700cf4ca1e8f\",\"name\":\"Edit\u00f6r\",\"image\":{\"@type\":\"ImageObject\",\"inLanguage\":\"fr-BE\",\"@id\":\"https:\/\/avrupapress.com\/#\/schema\/person\/image\/\",\"url\":\"https:\/\/secure.gravatar.com\/avatar\/74996b0977aa5f1559ba9883776652508b229005c0d78fb2597897f0bd651c09?s=96&d=mm&r=g\",\"contentUrl\":\"https:\/\/secure.gravatar.com\/avatar\/74996b0977aa5f1559ba9883776652508b229005c0d78fb2597897f0bd651c09?s=96&d=mm&r=g\",\"caption\":\"Edit\u00f6r\"},\"sameAs\":[\"http:\/\/www.avrupapress.com\"],\"url\":\"https:\/\/avrupapress.com\/main\/author\/editor\/\"}]}<\/script>\n<!-- \/ Yoast SEO plugin. -->","yoast_head_json":{"title":"ASR-I SAADETTE B\u0130R EVL\u0130L\u0130K - AvrupaPress","robots":{"index":"index","follow":"follow","max-snippet":"max-snippet:-1","max-image-preview":"max-image-preview:large","max-video-preview":"max-video-preview:-1"},"canonical":"https:\/\/avrupapress.com\/main\/2022\/09\/01\/asr-i-saadette-bir-evlilik\/","og_locale":"fr_FR","og_type":"article","og_title":"ASR-I SAADETTE B\u0130R EVL\u0130L\u0130K - AvrupaPress","og_description":"Nevzat Laleli\u00a0 \u00a0\/\u00a0 \u00a0AVRUPAPRESS K\u0131yamete kadar her problemin \u00e7\u00f6z\u00fcm\u00fcnde aranacak \u00f6rnek \u00e7\u00f6z\u00fcmleri b\u00fcnyesinde bar\u0131nd\u0131ran Ars-\u0131 saadet (Peygamberimizin i\u00e7inde bulundu\u011fu asr), sadece inanma ve ibadetlerin de\u011fil her konuda oldu\u011fu gibi evlenme kurallar\u0131n\u0131 da i\u00e7inde bar\u0131nd\u0131ran bir as\u0131rd\u0131r. \u0130smail Hakk\u0131 Bursevi Hazretleri, Hazreti Ebu Bekir i\u00e7in ele ald\u0131\u011f\u0131 eserinin bir b\u00f6l\u00fcm\u00fcnde Ben-i S\u00fcleym kabilesinden Sa\u2019d isimli bir [&hellip;]","og_url":"https:\/\/avrupapress.com\/main\/2022\/09\/01\/asr-i-saadette-bir-evlilik\/","og_site_name":"AvrupaPress","article_published_time":"2022-09-01T13:03:22+00:00","article_modified_time":"2022-09-01T13:03:44+00:00","og_image":[{"width":200,"height":200,"url":"https:\/\/avrupapress.com\/main\/wp-content\/uploads\/2022\/07\/12_b.jpg","type":"image\/jpeg"}],"author":"Edit\u00f6r","twitter_card":"summary_large_image","twitter_misc":{"\u00c9crit par":"Edit\u00f6r","Dur\u00e9e de lecture est.":"5 minutes"},"schema":{"@context":"https:\/\/schema.org","@graph":[{"@type":"Article","@id":"https:\/\/avrupapress.com\/main\/2022\/09\/01\/asr-i-saadette-bir-evlilik\/#article","isPartOf":{"@id":"https:\/\/avrupapress.com\/main\/2022\/09\/01\/asr-i-saadette-bir-evlilik\/"},"author":{"name":"Edit\u00f6r","@id":"https:\/\/avrupapress.com\/#\/schema\/person\/68428444ec60970d1e1b700cf4ca1e8f"},"headline":"ASR-I SAADETTE B\u0130R EVL\u0130L\u0130K","datePublished":"2022-09-01T13:03:22+00:00","dateModified":"2022-09-01T13:03:44+00:00","mainEntityOfPage":{"@id":"https:\/\/avrupapress.com\/main\/2022\/09\/01\/asr-i-saadette-bir-evlilik\/"},"wordCount":920,"publisher":{"@id":"https:\/\/avrupapress.com\/#\/schema\/person\/0223dca19c72c43575bf30d1a2d8f4fa"},"image":{"@id":"https:\/\/avrupapress.com\/main\/2022\/09\/01\/asr-i-saadette-bir-evlilik\/#primaryimage"},"thumbnailUrl":"https:\/\/avrupapress.com\/main\/wp-content\/uploads\/2022\/07\/12_b.jpg","articleSection":["Avrupa","Bel\u00e7ika","D\u00fcnya","Ekonomi","K\u00fclt\u00fcr-Sanat","Spor","Tan\u0131t\u0131m","T\u00fcrkiye"],"inLanguage":"fr-BE"},{"@type":"WebPage","@id":"https:\/\/avrupapress.com\/main\/2022\/09\/01\/asr-i-saadette-bir-evlilik\/","url":"https:\/\/avrupapress.com\/main\/2022\/09\/01\/asr-i-saadette-bir-evlilik\/","name":"ASR-I SAADETTE B\u0130R EVL\u0130L\u0130K - AvrupaPress","isPartOf":{"@id":"https:\/\/avrupapress.com\/#website"},"primaryImageOfPage":{"@id":"https:\/\/avrupapress.com\/main\/2022\/09\/01\/asr-i-saadette-bir-evlilik\/#primaryimage"},"image":{"@id":"https:\/\/avrupapress.com\/main\/2022\/09\/01\/asr-i-saadette-bir-evlilik\/#primaryimage"},"thumbnailUrl":"https:\/\/avrupapress.com\/main\/wp-content\/uploads\/2022\/07\/12_b.jpg","datePublished":"2022-09-01T13:03:22+00:00","dateModified":"2022-09-01T13:03:44+00:00","breadcrumb":{"@id":"https:\/\/avrupapress.com\/main\/2022\/09\/01\/asr-i-saadette-bir-evlilik\/#breadcrumb"},"inLanguage":"fr-BE","potentialAction":[{"@type":"ReadAction","target":["https:\/\/avrupapress.com\/main\/2022\/09\/01\/asr-i-saadette-bir-evlilik\/"]}]},{"@type":"ImageObject","inLanguage":"fr-BE","@id":"https:\/\/avrupapress.com\/main\/2022\/09\/01\/asr-i-saadette-bir-evlilik\/#primaryimage","url":"https:\/\/avrupapress.com\/main\/wp-content\/uploads\/2022\/07\/12_b.jpg","contentUrl":"https:\/\/avrupapress.com\/main\/wp-content\/uploads\/2022\/07\/12_b.jpg","width":200,"height":200},{"@type":"BreadcrumbList","@id":"https:\/\/avrupapress.com\/main\/2022\/09\/01\/asr-i-saadette-bir-evlilik\/#breadcrumb","itemListElement":[{"@type":"ListItem","position":1,"name":"Anasayfa","item":"https:\/\/avrupapress.com\/"},{"@type":"ListItem","position":2,"name":"ASR-I SAADETTE B\u0130R EVL\u0130L\u0130K"}]},{"@type":"WebSite","@id":"https:\/\/avrupapress.com\/#website","url":"https:\/\/avrupapress.com\/","name":"AvrupaPress","description":"Haberin Adresi","publisher":{"@id":"https:\/\/avrupapress.com\/#\/schema\/person\/0223dca19c72c43575bf30d1a2d8f4fa"},"potentialAction":[{"@type":"SearchAction","target":{"@type":"EntryPoint","urlTemplate":"https:\/\/avrupapress.com\/?s={search_term_string}"},"query-input":{"@type":"PropertyValueSpecification","valueRequired":true,"valueName":"search_term_string"}}],"inLanguage":"fr-BE"},{"@type":["Person","Organization"],"@id":"https:\/\/avrupapress.com\/#\/schema\/person\/0223dca19c72c43575bf30d1a2d8f4fa","name":"Bilgin \u00d6z\u00e7ift\u00e7i","image":{"@type":"ImageObject","inLanguage":"fr-BE","@id":"https:\/\/avrupapress.com\/#\/schema\/person\/image\/","url":"https:\/\/secure.gravatar.com\/avatar\/0f23b280433a21e1ea7a0adcc46ed0ad16afe3ad8e630fd13d8a017dcbd54ef3?s=96&d=mm&r=g","contentUrl":"https:\/\/secure.gravatar.com\/avatar\/0f23b280433a21e1ea7a0adcc46ed0ad16afe3ad8e630fd13d8a017dcbd54ef3?s=96&d=mm&r=g","caption":"Bilgin \u00d6z\u00e7ift\u00e7i"},"logo":{"@id":"https:\/\/avrupapress.com\/#\/schema\/person\/image\/"},"description":"Ne ben, nede sen... Biz ancak \"biz\" olursak g\u00fc\u00e7l\u00fc olabiliriz"},{"@type":"Person","@id":"https:\/\/avrupapress.com\/#\/schema\/person\/68428444ec60970d1e1b700cf4ca1e8f","name":"Edit\u00f6r","image":{"@type":"ImageObject","inLanguage":"fr-BE","@id":"https:\/\/avrupapress.com\/#\/schema\/person\/image\/","url":"https:\/\/secure.gravatar.com\/avatar\/74996b0977aa5f1559ba9883776652508b229005c0d78fb2597897f0bd651c09?s=96&d=mm&r=g","contentUrl":"https:\/\/secure.gravatar.com\/avatar\/74996b0977aa5f1559ba9883776652508b229005c0d78fb2597897f0bd651c09?s=96&d=mm&r=g","caption":"Edit\u00f6r"},"sameAs":["http:\/\/www.avrupapress.com"],"url":"https:\/\/avrupapress.com\/main\/author\/editor\/"}]}},"_links":{"self":[{"href":"https:\/\/avrupapress.com\/main\/wp-json\/wp\/v2\/posts\/19888","targetHints":{"allow":["GET"]}}],"collection":[{"href":"https:\/\/avrupapress.com\/main\/wp-json\/wp\/v2\/posts"}],"about":[{"href":"https:\/\/avrupapress.com\/main\/wp-json\/wp\/v2\/types\/post"}],"author":[{"embeddable":true,"href":"https:\/\/avrupapress.com\/main\/wp-json\/wp\/v2\/users\/3"}],"replies":[{"embeddable":true,"href":"https:\/\/avrupapress.com\/main\/wp-json\/wp\/v2\/comments?post=19888"}],"version-history":[{"count":1,"href":"https:\/\/avrupapress.com\/main\/wp-json\/wp\/v2\/posts\/19888\/revisions"}],"predecessor-version":[{"id":19889,"href":"https:\/\/avrupapress.com\/main\/wp-json\/wp\/v2\/posts\/19888\/revisions\/19889"}],"wp:featuredmedia":[{"embeddable":true,"href":"https:\/\/avrupapress.com\/main\/wp-json\/wp\/v2\/media\/19644"}],"wp:attachment":[{"href":"https:\/\/avrupapress.com\/main\/wp-json\/wp\/v2\/media?parent=19888"}],"wp:term":[{"taxonomy":"category","embeddable":true,"href":"https:\/\/avrupapress.com\/main\/wp-json\/wp\/v2\/categories?post=19888"},{"taxonomy":"post_tag","embeddable":true,"href":"https:\/\/avrupapress.com\/main\/wp-json\/wp\/v2\/tags?post=19888"}],"curies":[{"name":"wp","href":"https:\/\/api.w.org\/{rel}","templated":true}]}}