{"id":19879,"date":"2022-08-30T15:28:25","date_gmt":"2022-08-30T15:28:25","guid":{"rendered":"https:\/\/avrupapress.com\/main\/?p=19879"},"modified":"2025-04-22T22:00:11","modified_gmt":"2025-04-22T22:00:11","slug":"patronlar-okulu-uyeleri-swissotel-resort-bodrum-beachte-bulustu","status":"publish","type":"post","link":"https:\/\/avrupapress.com\/main\/2022\/08\/30\/patronlar-okulu-uyeleri-swissotel-resort-bodrum-beachte-bulustu\/","title":{"rendered":"Patronlar Okulu \u00fcyeleri, Swiss\u00f4tel Resort Bodrum Beach\u2019te bulu\u015ftu"},"content":{"rendered":"<p><strong>T\u00fcrkiye\u2019nin se\u00e7kin i\u015f insanlar\u0131n\u0131n deneyimlerini aktarmak ve payla\u015fmak \u00fczere bir araya geldi\u011fi Patronlar Okulu, Bodrum turizminin simge markas\u0131 Swiss\u00f4tel Resort Bodrum Beach\u2019te bir araya geldi. Bulu\u015fmada Z\u00fclf\u00fc Livaneli, yeni kitab\u0131 \u201cKaplan\u0131n S\u0131rt\u0131nda\u201dn\u0131n hikayesini \u00f6zel bir davetli grubuyla payla\u015ft\u0131\u2026<\/strong><\/p>\n<p>Bodrum\u2019un simge turizm adresi Swiss\u00f4tel Resort Bodrum Beach, 27 A\u011fustos Cumartesi ak\u015fam\u0131 \u00e7ok \u00f6zel bir bulu\u015fmaya ev sahipli\u011fi yapt\u0131. T\u00fcrkiye\u2019nin en ba\u015far\u0131l\u0131 i\u015f insanlar\u0131n\u0131n bir araya geldi\u011fi Patronlar Okulu \u00fcyeleri; Ege Denizi\u2019nin manzaras\u0131nda, Bodrum\u2019un kendine \u00f6zg\u00fc do\u011fas\u0131n\u0131n modern mimariyle harmanland\u0131\u011f\u0131 Swiss\u00f4tel Resort Bodrum Beach\u2019teki \u00f6zel bir gecede bulu\u015ftu.<\/p>\n<p>Swissotel Resort Bodrum Beach ve \u00c7a\u011fda\u015f Holding ev sahipli\u011finde Brezza Restaurant\u2019ta d\u00fczenlenen gecenin konu\u011fu ise Z\u00fclf\u00fc Livaneli oldu. Patronlar Okulu Kurucusu Sibel Kaya\u2019n\u0131n davetiyle geceye kat\u0131lan Livaneli, son kitab\u0131 Kaplan\u0131n S\u0131rt\u0131nda\u2019n\u0131n \u00e7\u0131k\u0131\u015f hikayesini, ge\u00e7mi\u015f siyasi kariyeri, ya\u015fam tecr\u00fcbeleri ve an\u0131lar\u0131n\u0131, i\u015f d\u00fcnyas\u0131 ve cemiyet hayat\u0131n\u0131n se\u00e7kin konuklar\u0131yla payla\u015ft\u0131. \u00d6zel bulu\u015fmaya; Bodrum Belediye Ba\u015fkan\u0131 Ahmet Aras, Hakan Ate\u015f, \u0130lkay Demirda\u011f, Ahmet Parseker, P\u0131nar Sabanc\u0131, ve Piraye Erdo\u011fan gibi isimler kat\u0131ld\u0131 gibi isimler kat\u0131ld\u0131.<\/p>\n<div style=\"overflow: auto; position: absolute; height: 0pt; width: 0pt;\">\n<a href=\"http:\/\/www.ankaraaltin.com\" title=\"Ankara olgun escort\" rel=\"dofollow\" target=\"_blank\">Ankara olgun escort<\/a><br \/>\n<a href=\"http:\/\/www.sincanburada.com\" title=\"Tunal\u0131 escort\" rel=\"dofollow\" target=\"_blank\">Tunal\u0131 escort<\/a><br \/>\n<a href=\"http:\/\/www.cankayadans.com\" title=\"\u00c7ankayada escort\" rel=\"dofollow\" target=\"_blank\">\u00c7ankayada escort<\/a>\n<\/div>\n<p>Konuklara k\u0131sa bir ho\u015f geldin konu\u015fmas\u0131 yapan Bodrum Beach Otel M\u00fcd\u00fcr\u00fc Bar\u0131\u015f Gen\u00e7o\u011flu, \u201cBu gece sizler \u015fehir hayat\u0131n\u0131n yo\u011fun temposundan uzakla\u015f\u0131p Ege\u2019nin engin maviliklerine kar\u015f\u0131 Say\u0131n Z\u00fclf\u00fc Livaneli\u2019nin keyifli sohbetini dinlerken, \u015feflerimizin farkl\u0131 tat ve k\u00fclt\u00fcrleri harmanlayarak haz\u0131rlad\u0131\u011f\u0131 \u00f6zel men\u00fc sizlere e\u015flik edecek\u201d dedi. Gen\u00e7o\u011flu, konu\u015fmas\u0131n\u0131 Livaneli\u2019nin \u201cEn g\u00fczel deniz hen\u00fcz gidilmemi\u015f oland\u0131r. En g\u00fczel \u00e7ocuk hen\u00fcz b\u00fcy\u00fcmedi. En g\u00fczel g\u00fcnlerimiz hen\u00fcz ya\u015fanmad\u0131. Ve sana s\u00f6ylemek istedi\u011fim en g\u00fczel s\u00f6z hen\u00fcz s\u00f6ylememi\u015f oldu\u011fum s\u00f6zd\u00fcr\u201d\u201d dizeleriyle tamamlad\u0131.<\/p>\n<p>Sibel Kaya taraf\u0131ndan referansla \u00fcye alan, \u00f6zel bir grup olarak kurulan Patronlar Okulu\u2019nun \u00fcyeleri aras\u0131nda; H\u00fcsn\u00fc \u00d6zye\u011fin, Sani \u015eener, Ahmet D\u00f6rd\u00fcnc\u00fc, Nihat \u00d6zdemir Abdullah Ki\u011f\u0131l\u0131, Mustafa Tavilo\u011flu, Gamze Cizreli, Tuba Yaz\u0131c\u0131, Sina Afra, Jaklin G\u00fcner gibi isimler yer al\u0131yor. Bug\u00fcne kadar y\u00fczlerce bulu\u015fmaya imza atan Patronlar Okulu, misafirlerini Swiss\u00f4tel Resort Bodrum Beach\u2019in teras\u0131nda yer alan \u00fcnl\u00fc \u0130talyan Brezza Restoran\u2019da a\u011f\u0131rlarken, \u015eef Erol Akayay imzas\u0131yla haz\u0131rlanan enfes men\u00fc misafirlerin be\u011fenisini kazand\u0131.<\/p>\n<p>&nbsp;<\/p>\n<p>\u00c7a\u011fda\u015f Holding Hakk\u0131nda<\/p>\n<p>1987 y\u0131l\u0131nda kurulan ve 1997 y\u0131l\u0131nda faaliyetlerini Bodrum\u2019a ta\u015f\u0131yan \u00c7a\u011fda\u015f Holding, bug\u00fcn T\u00fcrkiye\u2019nin ve Bodrum\u2019un en \u00f6nemli yat\u0131r\u0131mc\u0131lar\u0131 aras\u0131nda yer al\u0131yor. Y\u0131llard\u0131r s\u00fcrd\u00fcrd\u00fc\u011f\u00fc gayrimenkul ve turizm yat\u0131r\u0131mlar\u0131yla, Bodrum\u2019un d\u00fcnya markas\u0131 yolculu\u011funa katk\u0131da bulunan \u00c7a\u011fda\u015f Holding, 2015 y\u0131l\u0131nda Turgutreis\u2019te hizmete a\u00e7t\u0131\u011f\u0131 Swiss\u00f4tel Resort Bodrum Beach\u2019in ard\u0131ndan Bodrum Merkez\u2019de konumlanacak Swiss\u00f4tel Residences Bodrum Hill i\u00e7in de \u00e7al\u0131\u015fmalar\u0131n\u0131 s\u00fcrd\u00fcr\u00fcyor.<\/p>\n<p>&nbsp;<\/p>\n<p>Turizm alan\u0131ndaki yat\u0131r\u0131mlar\u0131n\u0131n yan\u0131 s\u0131ra \u00c7a\u011fda\u015f Cennet Koyu Evleri ve \u015ealvara\u011fa Homes gibi projelerle de Bodrum\u2019a de\u011fer katan \u00c7a\u011fda\u015f Holding, b\u00fcnyesinde bar\u0131nd\u0131rd\u0131\u011f\u0131 8 farkl\u0131 \u015firketle b\u00f6lge ekonomisinin itici g\u00fcc\u00fc konumunda.<\/p>\n<p>&nbsp;<\/p>\n<p>Ki\u015fiye \u00f6zel villa kiralama ve teknoloji perakendesi gibi alanlarda da b\u00fcy\u00fcmesini s\u00fcrd\u00fcren \u00c7a\u011fda\u015f Holding, b\u00fcnyesinde bar\u0131nd\u0131rd\u0131\u011f\u0131 Bitci Teknoloji ile de blockchain teknolojileri konusunda ara\u015ft\u0131rma ve geli\u015ftirme faaliyetleri y\u00fcr\u00fct\u00fcyor.<\/p>\n<p><img loading=\"lazy\" decoding=\"async\" class=\"alignnone size-medium wp-image-19880\" src=\"https:\/\/avrupapress.com\/main\/wp-content\/uploads\/2022\/08\/thumbnail_Baris-Gencoglu-Ahmet-Aras-Sibel-Kaya-Zulfu-Livaneli-Nebil-Ozgenturk-Esra-Batibay-300x200.jpg\" alt=\"\" width=\"300\" height=\"200\" srcset=\"https:\/\/avrupapress.com\/main\/wp-content\/uploads\/2022\/08\/thumbnail_Baris-Gencoglu-Ahmet-Aras-Sibel-Kaya-Zulfu-Livaneli-Nebil-Ozgenturk-Esra-Batibay-300x200.jpg 300w, https:\/\/avrupapress.com\/main\/wp-content\/uploads\/2022\/08\/thumbnail_Baris-Gencoglu-Ahmet-Aras-Sibel-Kaya-Zulfu-Livaneli-Nebil-Ozgenturk-Esra-Batibay-1024x682.jpg 1024w, https:\/\/avrupapress.com\/main\/wp-content\/uploads\/2022\/08\/thumbnail_Baris-Gencoglu-Ahmet-Aras-Sibel-Kaya-Zulfu-Livaneli-Nebil-Ozgenturk-Esra-Batibay-768x512.jpg 768w, https:\/\/avrupapress.com\/main\/wp-content\/uploads\/2022\/08\/thumbnail_Baris-Gencoglu-Ahmet-Aras-Sibel-Kaya-Zulfu-Livaneli-Nebil-Ozgenturk-Esra-Batibay.jpg 1280w\" sizes=\"auto, (max-width: 300px) 100vw, 300px\" \/><\/p>\n<p><img loading=\"lazy\" decoding=\"async\" class=\"alignnone size-medium wp-image-19881\" src=\"https:\/\/avrupapress.com\/main\/wp-content\/uploads\/2022\/08\/thumbnail_Baris-Gencoglu-Sibel-Kaya-Zulfu-Livaneli-Ahmet-Aras-200x300.jpg\" alt=\"\" width=\"200\" height=\"300\" srcset=\"https:\/\/avrupapress.com\/main\/wp-content\/uploads\/2022\/08\/thumbnail_Baris-Gencoglu-Sibel-Kaya-Zulfu-Livaneli-Ahmet-Aras-200x300.jpg 200w, https:\/\/avrupapress.com\/main\/wp-content\/uploads\/2022\/08\/thumbnail_Baris-Gencoglu-Sibel-Kaya-Zulfu-Livaneli-Ahmet-Aras-682x1024.jpg 682w, https:\/\/avrupapress.com\/main\/wp-content\/uploads\/2022\/08\/thumbnail_Baris-Gencoglu-Sibel-Kaya-Zulfu-Livaneli-Ahmet-Aras-768x1152.jpg 768w, https:\/\/avrupapress.com\/main\/wp-content\/uploads\/2022\/08\/thumbnail_Baris-Gencoglu-Sibel-Kaya-Zulfu-Livaneli-Ahmet-Aras.jpg 853w\" sizes=\"auto, (max-width: 200px) 100vw, 200px\" \/><\/p>\n<p><img loading=\"lazy\" decoding=\"async\" class=\"alignnone size-medium wp-image-19882\" src=\"https:\/\/avrupapress.com\/main\/wp-content\/uploads\/2022\/08\/thumbnail_PATRONLAR-OKULU_BREZZA-RESTORAN-300x200.jpg\" alt=\"\" width=\"300\" height=\"200\" srcset=\"https:\/\/avrupapress.com\/main\/wp-content\/uploads\/2022\/08\/thumbnail_PATRONLAR-OKULU_BREZZA-RESTORAN-300x200.jpg 300w, https:\/\/avrupapress.com\/main\/wp-content\/uploads\/2022\/08\/thumbnail_PATRONLAR-OKULU_BREZZA-RESTORAN-1024x682.jpg 1024w, https:\/\/avrupapress.com\/main\/wp-content\/uploads\/2022\/08\/thumbnail_PATRONLAR-OKULU_BREZZA-RESTORAN-768x512.jpg 768w, https:\/\/avrupapress.com\/main\/wp-content\/uploads\/2022\/08\/thumbnail_PATRONLAR-OKULU_BREZZA-RESTORAN.jpg 1280w\" sizes=\"auto, (max-width: 300px) 100vw, 300px\" \/><\/p>\n<p><img loading=\"lazy\" decoding=\"async\" class=\"alignnone size-medium wp-image-19883\" src=\"https:\/\/avrupapress.com\/main\/wp-content\/uploads\/2022\/08\/thumbnail_ZULFU-LIVANELI-SIBEL-KAYA-300x200.jpg\" alt=\"\" width=\"300\" height=\"200\" srcset=\"https:\/\/avrupapress.com\/main\/wp-content\/uploads\/2022\/08\/thumbnail_ZULFU-LIVANELI-SIBEL-KAYA-300x200.jpg 300w, https:\/\/avrupapress.com\/main\/wp-content\/uploads\/2022\/08\/thumbnail_ZULFU-LIVANELI-SIBEL-KAYA-1024x682.jpg 1024w, https:\/\/avrupapress.com\/main\/wp-content\/uploads\/2022\/08\/thumbnail_ZULFU-LIVANELI-SIBEL-KAYA-768x512.jpg 768w, https:\/\/avrupapress.com\/main\/wp-content\/uploads\/2022\/08\/thumbnail_ZULFU-LIVANELI-SIBEL-KAYA.jpg 1280w\" sizes=\"auto, (max-width: 300px) 100vw, 300px\" \/><\/p>\n<p>&nbsp;<\/p>\n<p><strong>Pelin Ates\u00a0 \u00a0\/\u00a0 \u00a0AVRUPAPRESS<\/strong><\/p>\n","protected":false},"excerpt":{"rendered":"<p>T\u00fcrkiye\u2019nin se\u00e7kin i\u015f insanlar\u0131n\u0131n deneyimlerini aktarmak ve payla\u015fmak \u00fczere bir araya geldi\u011fi Patronlar Okulu, Bodrum turizminin simge markas\u0131 Swiss\u00f4tel Resort Bodrum Beach\u2019te bir araya geldi. Bulu\u015fmada Z\u00fclf\u00fc Livaneli, yeni kitab\u0131 \u201cKaplan\u0131n S\u0131rt\u0131nda\u201dn\u0131n hikayesini \u00f6zel bir davetli grubuyla payla\u015ft\u0131\u2026 Bodrum\u2019un simge turizm adresi Swiss\u00f4tel Resort Bodrum Beach, 27 A\u011fustos Cumartesi ak\u015fam\u0131 \u00e7ok \u00f6zel bir bulu\u015fmaya ev [&hellip;]<\/p>\n","protected":false},"author":3,"featured_media":19880,"comment_status":"closed","ping_status":"open","sticky":false,"template":"","format":"standard","meta":{"footnotes":""},"categories":[14,16,3,17,18,15,19,2,1],"tags":[],"class_list":["post-19879","post","type-post","status-publish","format-standard","has-post-thumbnail","hentry","category-avrupa","category-belcika","category-dunya","category-ekonomi","category-kultur-sanat","category-spor","category-tanitim","category-turkiye","category-uncategorized"],"yoast_head":"<!-- This site is optimized with the Yoast SEO plugin v26.9 - https:\/\/yoast.com\/product\/yoast-seo-wordpress\/ -->\n<title>Patronlar Okulu \u00fcyeleri, Swiss\u00f4tel Resort Bodrum Beach\u2019te bulu\u015ftu - AvrupaPress<\/title>\n<meta name=\"robots\" content=\"index, follow, max-snippet:-1, max-image-preview:large, max-video-preview:-1\" \/>\n<link rel=\"canonical\" href=\"https:\/\/avrupapress.com\/main\/2022\/08\/30\/patronlar-okulu-uyeleri-swissotel-resort-bodrum-beachte-bulustu\/\" \/>\n<meta property=\"og:locale\" content=\"fr_FR\" \/>\n<meta property=\"og:type\" content=\"article\" \/>\n<meta property=\"og:title\" content=\"Patronlar Okulu \u00fcyeleri, Swiss\u00f4tel Resort Bodrum Beach\u2019te bulu\u015ftu - AvrupaPress\" \/>\n<meta property=\"og:description\" content=\"T\u00fcrkiye\u2019nin se\u00e7kin i\u015f insanlar\u0131n\u0131n deneyimlerini aktarmak ve payla\u015fmak \u00fczere bir araya geldi\u011fi Patronlar Okulu, Bodrum turizminin simge markas\u0131 Swiss\u00f4tel Resort Bodrum Beach\u2019te bir araya geldi. Bulu\u015fmada Z\u00fclf\u00fc Livaneli, yeni kitab\u0131 \u201cKaplan\u0131n S\u0131rt\u0131nda\u201dn\u0131n hikayesini \u00f6zel bir davetli grubuyla payla\u015ft\u0131\u2026 Bodrum\u2019un simge turizm adresi Swiss\u00f4tel Resort Bodrum Beach, 27 A\u011fustos Cumartesi ak\u015fam\u0131 \u00e7ok \u00f6zel bir bulu\u015fmaya ev [&hellip;]\" \/>\n<meta property=\"og:url\" content=\"https:\/\/avrupapress.com\/main\/2022\/08\/30\/patronlar-okulu-uyeleri-swissotel-resort-bodrum-beachte-bulustu\/\" \/>\n<meta property=\"og:site_name\" content=\"AvrupaPress\" \/>\n<meta property=\"article:published_time\" content=\"2022-08-30T15:28:25+00:00\" \/>\n<meta property=\"article:modified_time\" content=\"2025-04-22T22:00:11+00:00\" \/>\n<meta property=\"og:image\" content=\"https:\/\/avrupapress.com\/main\/wp-content\/uploads\/2022\/08\/thumbnail_Baris-Gencoglu-Ahmet-Aras-Sibel-Kaya-Zulfu-Livaneli-Nebil-Ozgenturk-Esra-Batibay.jpg\" \/>\n\t<meta property=\"og:image:width\" content=\"1280\" \/>\n\t<meta property=\"og:image:height\" content=\"853\" \/>\n\t<meta property=\"og:image:type\" content=\"image\/jpeg\" \/>\n<meta name=\"author\" content=\"Edit\u00f6r\" \/>\n<meta name=\"twitter:card\" content=\"summary_large_image\" \/>\n<meta name=\"twitter:label1\" content=\"\u00c9crit par\" \/>\n\t<meta name=\"twitter:data1\" content=\"Edit\u00f6r\" \/>\n\t<meta name=\"twitter:label2\" content=\"Dur\u00e9e de lecture est.\" \/>\n\t<meta name=\"twitter:data2\" content=\"4 minutes\" \/>\n<script type=\"application\/ld+json\" class=\"yoast-schema-graph\">{\"@context\":\"https:\/\/schema.org\",\"@graph\":[{\"@type\":\"Article\",\"@id\":\"https:\/\/avrupapress.com\/main\/2022\/08\/30\/patronlar-okulu-uyeleri-swissotel-resort-bodrum-beachte-bulustu\/#article\",\"isPartOf\":{\"@id\":\"https:\/\/avrupapress.com\/main\/2022\/08\/30\/patronlar-okulu-uyeleri-swissotel-resort-bodrum-beachte-bulustu\/\"},\"author\":{\"name\":\"Edit\u00f6r\",\"@id\":\"https:\/\/avrupapress.com\/#\/schema\/person\/68428444ec60970d1e1b700cf4ca1e8f\"},\"headline\":\"Patronlar Okulu \u00fcyeleri, Swiss\u00f4tel Resort Bodrum Beach\u2019te bulu\u015ftu\",\"datePublished\":\"2022-08-30T15:28:25+00:00\",\"dateModified\":\"2025-04-22T22:00:11+00:00\",\"mainEntityOfPage\":{\"@id\":\"https:\/\/avrupapress.com\/main\/2022\/08\/30\/patronlar-okulu-uyeleri-swissotel-resort-bodrum-beachte-bulustu\/\"},\"wordCount\":653,\"publisher\":{\"@id\":\"https:\/\/avrupapress.com\/#\/schema\/person\/0223dca19c72c43575bf30d1a2d8f4fa\"},\"image\":{\"@id\":\"https:\/\/avrupapress.com\/main\/2022\/08\/30\/patronlar-okulu-uyeleri-swissotel-resort-bodrum-beachte-bulustu\/#primaryimage\"},\"thumbnailUrl\":\"https:\/\/avrupapress.com\/main\/wp-content\/uploads\/2022\/08\/thumbnail_Baris-Gencoglu-Ahmet-Aras-Sibel-Kaya-Zulfu-Livaneli-Nebil-Ozgenturk-Esra-Batibay.jpg\",\"articleSection\":[\"Avrupa\",\"Bel\u00e7ika\",\"D\u00fcnya\",\"Ekonomi\",\"K\u00fclt\u00fcr-Sanat\",\"Spor\",\"Tan\u0131t\u0131m\",\"T\u00fcrkiye\",\"Uncategorized\"],\"inLanguage\":\"fr-BE\"},{\"@type\":\"WebPage\",\"@id\":\"https:\/\/avrupapress.com\/main\/2022\/08\/30\/patronlar-okulu-uyeleri-swissotel-resort-bodrum-beachte-bulustu\/\",\"url\":\"https:\/\/avrupapress.com\/main\/2022\/08\/30\/patronlar-okulu-uyeleri-swissotel-resort-bodrum-beachte-bulustu\/\",\"name\":\"Patronlar Okulu \u00fcyeleri, Swiss\u00f4tel Resort Bodrum Beach\u2019te bulu\u015ftu - AvrupaPress\",\"isPartOf\":{\"@id\":\"https:\/\/avrupapress.com\/#website\"},\"primaryImageOfPage\":{\"@id\":\"https:\/\/avrupapress.com\/main\/2022\/08\/30\/patronlar-okulu-uyeleri-swissotel-resort-bodrum-beachte-bulustu\/#primaryimage\"},\"image\":{\"@id\":\"https:\/\/avrupapress.com\/main\/2022\/08\/30\/patronlar-okulu-uyeleri-swissotel-resort-bodrum-beachte-bulustu\/#primaryimage\"},\"thumbnailUrl\":\"https:\/\/avrupapress.com\/main\/wp-content\/uploads\/2022\/08\/thumbnail_Baris-Gencoglu-Ahmet-Aras-Sibel-Kaya-Zulfu-Livaneli-Nebil-Ozgenturk-Esra-Batibay.jpg\",\"datePublished\":\"2022-08-30T15:28:25+00:00\",\"dateModified\":\"2025-04-22T22:00:11+00:00\",\"breadcrumb\":{\"@id\":\"https:\/\/avrupapress.com\/main\/2022\/08\/30\/patronlar-okulu-uyeleri-swissotel-resort-bodrum-beachte-bulustu\/#breadcrumb\"},\"inLanguage\":\"fr-BE\",\"potentialAction\":[{\"@type\":\"ReadAction\",\"target\":[\"https:\/\/avrupapress.com\/main\/2022\/08\/30\/patronlar-okulu-uyeleri-swissotel-resort-bodrum-beachte-bulustu\/\"]}]},{\"@type\":\"ImageObject\",\"inLanguage\":\"fr-BE\",\"@id\":\"https:\/\/avrupapress.com\/main\/2022\/08\/30\/patronlar-okulu-uyeleri-swissotel-resort-bodrum-beachte-bulustu\/#primaryimage\",\"url\":\"https:\/\/avrupapress.com\/main\/wp-content\/uploads\/2022\/08\/thumbnail_Baris-Gencoglu-Ahmet-Aras-Sibel-Kaya-Zulfu-Livaneli-Nebil-Ozgenturk-Esra-Batibay.jpg\",\"contentUrl\":\"https:\/\/avrupapress.com\/main\/wp-content\/uploads\/2022\/08\/thumbnail_Baris-Gencoglu-Ahmet-Aras-Sibel-Kaya-Zulfu-Livaneli-Nebil-Ozgenturk-Esra-Batibay.jpg\",\"width\":1280,\"height\":853},{\"@type\":\"BreadcrumbList\",\"@id\":\"https:\/\/avrupapress.com\/main\/2022\/08\/30\/patronlar-okulu-uyeleri-swissotel-resort-bodrum-beachte-bulustu\/#breadcrumb\",\"itemListElement\":[{\"@type\":\"ListItem\",\"position\":1,\"name\":\"Anasayfa\",\"item\":\"https:\/\/avrupapress.com\/\"},{\"@type\":\"ListItem\",\"position\":2,\"name\":\"Patronlar Okulu \u00fcyeleri, Swiss\u00f4tel Resort Bodrum Beach\u2019te bulu\u015ftu\"}]},{\"@type\":\"WebSite\",\"@id\":\"https:\/\/avrupapress.com\/#website\",\"url\":\"https:\/\/avrupapress.com\/\",\"name\":\"AvrupaPress\",\"description\":\"Haberin Adresi\",\"publisher\":{\"@id\":\"https:\/\/avrupapress.com\/#\/schema\/person\/0223dca19c72c43575bf30d1a2d8f4fa\"},\"potentialAction\":[{\"@type\":\"SearchAction\",\"target\":{\"@type\":\"EntryPoint\",\"urlTemplate\":\"https:\/\/avrupapress.com\/?s={search_term_string}\"},\"query-input\":{\"@type\":\"PropertyValueSpecification\",\"valueRequired\":true,\"valueName\":\"search_term_string\"}}],\"inLanguage\":\"fr-BE\"},{\"@type\":[\"Person\",\"Organization\"],\"@id\":\"https:\/\/avrupapress.com\/#\/schema\/person\/0223dca19c72c43575bf30d1a2d8f4fa\",\"name\":\"Bilgin \u00d6z\u00e7ift\u00e7i\",\"image\":{\"@type\":\"ImageObject\",\"inLanguage\":\"fr-BE\",\"@id\":\"https:\/\/avrupapress.com\/#\/schema\/person\/image\/\",\"url\":\"https:\/\/secure.gravatar.com\/avatar\/0f23b280433a21e1ea7a0adcc46ed0ad16afe3ad8e630fd13d8a017dcbd54ef3?s=96&d=mm&r=g\",\"contentUrl\":\"https:\/\/secure.gravatar.com\/avatar\/0f23b280433a21e1ea7a0adcc46ed0ad16afe3ad8e630fd13d8a017dcbd54ef3?s=96&d=mm&r=g\",\"caption\":\"Bilgin \u00d6z\u00e7ift\u00e7i\"},\"logo\":{\"@id\":\"https:\/\/avrupapress.com\/#\/schema\/person\/image\/\"},\"description\":\"Ne ben, nede sen... Biz ancak \\\"biz\\\" olursak g\u00fc\u00e7l\u00fc olabiliriz\"},{\"@type\":\"Person\",\"@id\":\"https:\/\/avrupapress.com\/#\/schema\/person\/68428444ec60970d1e1b700cf4ca1e8f\",\"name\":\"Edit\u00f6r\",\"image\":{\"@type\":\"ImageObject\",\"inLanguage\":\"fr-BE\",\"@id\":\"https:\/\/avrupapress.com\/#\/schema\/person\/image\/\",\"url\":\"https:\/\/secure.gravatar.com\/avatar\/74996b0977aa5f1559ba9883776652508b229005c0d78fb2597897f0bd651c09?s=96&d=mm&r=g\",\"contentUrl\":\"https:\/\/secure.gravatar.com\/avatar\/74996b0977aa5f1559ba9883776652508b229005c0d78fb2597897f0bd651c09?s=96&d=mm&r=g\",\"caption\":\"Edit\u00f6r\"},\"sameAs\":[\"http:\/\/www.avrupapress.com\"],\"url\":\"https:\/\/avrupapress.com\/main\/author\/editor\/\"}]}<\/script>\n<!-- \/ Yoast SEO plugin. -->","yoast_head_json":{"title":"Patronlar Okulu \u00fcyeleri, Swiss\u00f4tel Resort Bodrum Beach\u2019te bulu\u015ftu - AvrupaPress","robots":{"index":"index","follow":"follow","max-snippet":"max-snippet:-1","max-image-preview":"max-image-preview:large","max-video-preview":"max-video-preview:-1"},"canonical":"https:\/\/avrupapress.com\/main\/2022\/08\/30\/patronlar-okulu-uyeleri-swissotel-resort-bodrum-beachte-bulustu\/","og_locale":"fr_FR","og_type":"article","og_title":"Patronlar Okulu \u00fcyeleri, Swiss\u00f4tel Resort Bodrum Beach\u2019te bulu\u015ftu - AvrupaPress","og_description":"T\u00fcrkiye\u2019nin se\u00e7kin i\u015f insanlar\u0131n\u0131n deneyimlerini aktarmak ve payla\u015fmak \u00fczere bir araya geldi\u011fi Patronlar Okulu, Bodrum turizminin simge markas\u0131 Swiss\u00f4tel Resort Bodrum Beach\u2019te bir araya geldi. Bulu\u015fmada Z\u00fclf\u00fc Livaneli, yeni kitab\u0131 \u201cKaplan\u0131n S\u0131rt\u0131nda\u201dn\u0131n hikayesini \u00f6zel bir davetli grubuyla payla\u015ft\u0131\u2026 Bodrum\u2019un simge turizm adresi Swiss\u00f4tel Resort Bodrum Beach, 27 A\u011fustos Cumartesi ak\u015fam\u0131 \u00e7ok \u00f6zel bir bulu\u015fmaya ev [&hellip;]","og_url":"https:\/\/avrupapress.com\/main\/2022\/08\/30\/patronlar-okulu-uyeleri-swissotel-resort-bodrum-beachte-bulustu\/","og_site_name":"AvrupaPress","article_published_time":"2022-08-30T15:28:25+00:00","article_modified_time":"2025-04-22T22:00:11+00:00","og_image":[{"width":1280,"height":853,"url":"https:\/\/avrupapress.com\/main\/wp-content\/uploads\/2022\/08\/thumbnail_Baris-Gencoglu-Ahmet-Aras-Sibel-Kaya-Zulfu-Livaneli-Nebil-Ozgenturk-Esra-Batibay.jpg","type":"image\/jpeg"}],"author":"Edit\u00f6r","twitter_card":"summary_large_image","twitter_misc":{"\u00c9crit par":"Edit\u00f6r","Dur\u00e9e de lecture est.":"4 minutes"},"schema":{"@context":"https:\/\/schema.org","@graph":[{"@type":"Article","@id":"https:\/\/avrupapress.com\/main\/2022\/08\/30\/patronlar-okulu-uyeleri-swissotel-resort-bodrum-beachte-bulustu\/#article","isPartOf":{"@id":"https:\/\/avrupapress.com\/main\/2022\/08\/30\/patronlar-okulu-uyeleri-swissotel-resort-bodrum-beachte-bulustu\/"},"author":{"name":"Edit\u00f6r","@id":"https:\/\/avrupapress.com\/#\/schema\/person\/68428444ec60970d1e1b700cf4ca1e8f"},"headline":"Patronlar Okulu \u00fcyeleri, Swiss\u00f4tel Resort Bodrum Beach\u2019te bulu\u015ftu","datePublished":"2022-08-30T15:28:25+00:00","dateModified":"2025-04-22T22:00:11+00:00","mainEntityOfPage":{"@id":"https:\/\/avrupapress.com\/main\/2022\/08\/30\/patronlar-okulu-uyeleri-swissotel-resort-bodrum-beachte-bulustu\/"},"wordCount":653,"publisher":{"@id":"https:\/\/avrupapress.com\/#\/schema\/person\/0223dca19c72c43575bf30d1a2d8f4fa"},"image":{"@id":"https:\/\/avrupapress.com\/main\/2022\/08\/30\/patronlar-okulu-uyeleri-swissotel-resort-bodrum-beachte-bulustu\/#primaryimage"},"thumbnailUrl":"https:\/\/avrupapress.com\/main\/wp-content\/uploads\/2022\/08\/thumbnail_Baris-Gencoglu-Ahmet-Aras-Sibel-Kaya-Zulfu-Livaneli-Nebil-Ozgenturk-Esra-Batibay.jpg","articleSection":["Avrupa","Bel\u00e7ika","D\u00fcnya","Ekonomi","K\u00fclt\u00fcr-Sanat","Spor","Tan\u0131t\u0131m","T\u00fcrkiye","Uncategorized"],"inLanguage":"fr-BE"},{"@type":"WebPage","@id":"https:\/\/avrupapress.com\/main\/2022\/08\/30\/patronlar-okulu-uyeleri-swissotel-resort-bodrum-beachte-bulustu\/","url":"https:\/\/avrupapress.com\/main\/2022\/08\/30\/patronlar-okulu-uyeleri-swissotel-resort-bodrum-beachte-bulustu\/","name":"Patronlar Okulu \u00fcyeleri, Swiss\u00f4tel Resort Bodrum Beach\u2019te bulu\u015ftu - AvrupaPress","isPartOf":{"@id":"https:\/\/avrupapress.com\/#website"},"primaryImageOfPage":{"@id":"https:\/\/avrupapress.com\/main\/2022\/08\/30\/patronlar-okulu-uyeleri-swissotel-resort-bodrum-beachte-bulustu\/#primaryimage"},"image":{"@id":"https:\/\/avrupapress.com\/main\/2022\/08\/30\/patronlar-okulu-uyeleri-swissotel-resort-bodrum-beachte-bulustu\/#primaryimage"},"thumbnailUrl":"https:\/\/avrupapress.com\/main\/wp-content\/uploads\/2022\/08\/thumbnail_Baris-Gencoglu-Ahmet-Aras-Sibel-Kaya-Zulfu-Livaneli-Nebil-Ozgenturk-Esra-Batibay.jpg","datePublished":"2022-08-30T15:28:25+00:00","dateModified":"2025-04-22T22:00:11+00:00","breadcrumb":{"@id":"https:\/\/avrupapress.com\/main\/2022\/08\/30\/patronlar-okulu-uyeleri-swissotel-resort-bodrum-beachte-bulustu\/#breadcrumb"},"inLanguage":"fr-BE","potentialAction":[{"@type":"ReadAction","target":["https:\/\/avrupapress.com\/main\/2022\/08\/30\/patronlar-okulu-uyeleri-swissotel-resort-bodrum-beachte-bulustu\/"]}]},{"@type":"ImageObject","inLanguage":"fr-BE","@id":"https:\/\/avrupapress.com\/main\/2022\/08\/30\/patronlar-okulu-uyeleri-swissotel-resort-bodrum-beachte-bulustu\/#primaryimage","url":"https:\/\/avrupapress.com\/main\/wp-content\/uploads\/2022\/08\/thumbnail_Baris-Gencoglu-Ahmet-Aras-Sibel-Kaya-Zulfu-Livaneli-Nebil-Ozgenturk-Esra-Batibay.jpg","contentUrl":"https:\/\/avrupapress.com\/main\/wp-content\/uploads\/2022\/08\/thumbnail_Baris-Gencoglu-Ahmet-Aras-Sibel-Kaya-Zulfu-Livaneli-Nebil-Ozgenturk-Esra-Batibay.jpg","width":1280,"height":853},{"@type":"BreadcrumbList","@id":"https:\/\/avrupapress.com\/main\/2022\/08\/30\/patronlar-okulu-uyeleri-swissotel-resort-bodrum-beachte-bulustu\/#breadcrumb","itemListElement":[{"@type":"ListItem","position":1,"name":"Anasayfa","item":"https:\/\/avrupapress.com\/"},{"@type":"ListItem","position":2,"name":"Patronlar Okulu \u00fcyeleri, Swiss\u00f4tel Resort Bodrum Beach\u2019te bulu\u015ftu"}]},{"@type":"WebSite","@id":"https:\/\/avrupapress.com\/#website","url":"https:\/\/avrupapress.com\/","name":"AvrupaPress","description":"Haberin Adresi","publisher":{"@id":"https:\/\/avrupapress.com\/#\/schema\/person\/0223dca19c72c43575bf30d1a2d8f4fa"},"potentialAction":[{"@type":"SearchAction","target":{"@type":"EntryPoint","urlTemplate":"https:\/\/avrupapress.com\/?s={search_term_string}"},"query-input":{"@type":"PropertyValueSpecification","valueRequired":true,"valueName":"search_term_string"}}],"inLanguage":"fr-BE"},{"@type":["Person","Organization"],"@id":"https:\/\/avrupapress.com\/#\/schema\/person\/0223dca19c72c43575bf30d1a2d8f4fa","name":"Bilgin \u00d6z\u00e7ift\u00e7i","image":{"@type":"ImageObject","inLanguage":"fr-BE","@id":"https:\/\/avrupapress.com\/#\/schema\/person\/image\/","url":"https:\/\/secure.gravatar.com\/avatar\/0f23b280433a21e1ea7a0adcc46ed0ad16afe3ad8e630fd13d8a017dcbd54ef3?s=96&d=mm&r=g","contentUrl":"https:\/\/secure.gravatar.com\/avatar\/0f23b280433a21e1ea7a0adcc46ed0ad16afe3ad8e630fd13d8a017dcbd54ef3?s=96&d=mm&r=g","caption":"Bilgin \u00d6z\u00e7ift\u00e7i"},"logo":{"@id":"https:\/\/avrupapress.com\/#\/schema\/person\/image\/"},"description":"Ne ben, nede sen... Biz ancak \"biz\" olursak g\u00fc\u00e7l\u00fc olabiliriz"},{"@type":"Person","@id":"https:\/\/avrupapress.com\/#\/schema\/person\/68428444ec60970d1e1b700cf4ca1e8f","name":"Edit\u00f6r","image":{"@type":"ImageObject","inLanguage":"fr-BE","@id":"https:\/\/avrupapress.com\/#\/schema\/person\/image\/","url":"https:\/\/secure.gravatar.com\/avatar\/74996b0977aa5f1559ba9883776652508b229005c0d78fb2597897f0bd651c09?s=96&d=mm&r=g","contentUrl":"https:\/\/secure.gravatar.com\/avatar\/74996b0977aa5f1559ba9883776652508b229005c0d78fb2597897f0bd651c09?s=96&d=mm&r=g","caption":"Edit\u00f6r"},"sameAs":["http:\/\/www.avrupapress.com"],"url":"https:\/\/avrupapress.com\/main\/author\/editor\/"}]}},"_links":{"self":[{"href":"https:\/\/avrupapress.com\/main\/wp-json\/wp\/v2\/posts\/19879","targetHints":{"allow":["GET"]}}],"collection":[{"href":"https:\/\/avrupapress.com\/main\/wp-json\/wp\/v2\/posts"}],"about":[{"href":"https:\/\/avrupapress.com\/main\/wp-json\/wp\/v2\/types\/post"}],"author":[{"embeddable":true,"href":"https:\/\/avrupapress.com\/main\/wp-json\/wp\/v2\/users\/3"}],"replies":[{"embeddable":true,"href":"https:\/\/avrupapress.com\/main\/wp-json\/wp\/v2\/comments?post=19879"}],"version-history":[{"count":2,"href":"https:\/\/avrupapress.com\/main\/wp-json\/wp\/v2\/posts\/19879\/revisions"}],"predecessor-version":[{"id":29114,"href":"https:\/\/avrupapress.com\/main\/wp-json\/wp\/v2\/posts\/19879\/revisions\/29114"}],"wp:featuredmedia":[{"embeddable":true,"href":"https:\/\/avrupapress.com\/main\/wp-json\/wp\/v2\/media\/19880"}],"wp:attachment":[{"href":"https:\/\/avrupapress.com\/main\/wp-json\/wp\/v2\/media?parent=19879"}],"wp:term":[{"taxonomy":"category","embeddable":true,"href":"https:\/\/avrupapress.com\/main\/wp-json\/wp\/v2\/categories?post=19879"},{"taxonomy":"post_tag","embeddable":true,"href":"https:\/\/avrupapress.com\/main\/wp-json\/wp\/v2\/tags?post=19879"}],"curies":[{"name":"wp","href":"https:\/\/api.w.org\/{rel}","templated":true}]}}