{"id":19857,"date":"2022-08-27T12:27:01","date_gmt":"2022-08-27T12:27:01","guid":{"rendered":"https:\/\/avrupapress.com\/main\/?p=19857"},"modified":"2025-04-23T21:36:50","modified_gmt":"2025-04-23T21:36:50","slug":"taarruzcular-yola-cikti-buyuk-taarruz-bisiklet-turu-basliyor","status":"publish","type":"post","link":"https:\/\/avrupapress.com\/main\/2022\/08\/27\/taarruzcular-yola-cikti-buyuk-taarruz-bisiklet-turu-basliyor\/","title":{"rendered":"Taarruzcular Yola \u00c7\u0131kt\u0131!  B\u00fcy\u00fck Taarruz Bisiklet Turu ba\u015fl\u0131yor\u2026"},"content":{"rendered":"<p><strong><i>HABER \/ FOTO\u011eRAF: ERTU\u011eRUL ALTINEL \u2013 B\u0130LG\u0130N \u00d6Z\u00c7\u0130FT\u00c7\u0130 \u2013 AVRUPA PRESS \u2013 BEL\u00c7\u0130KA<\/i><\/strong><\/p>\n<p class=\"x_MsoNormal\"><b><i>Taarruzcular Yola \u00c7\u0131kt\u0131!<\/i><\/b><\/p>\n<p class=\"x_MsoNormal\"><i>B\u00fcy\u00fck Taarruz Bisiklet Turu ba\u015fl\u0131yor\u2026<\/i><\/p>\n<p class=\"x_MsoNormal\"><b>Ekibi olu\u015fturan Osman Kutlu yapt\u0131\u011f\u0131 a\u00e7\u0131klamada:<\/b><\/p>\n<p class=\"x_MsoNormal\"><b>\u00a0\u201cT\u00fcrkiye Cumhuriyeti\u2019nin temeli olan B\u00fcy\u00fck Taarruzun \u00f6nemini anlatmak bu konuda bilinmeyenleri \u00f6\u011fretmek amac\u0131yla 12 y\u0131l \u00f6nce B\u00fcy\u00fck Taarruzla ilgili \u00e7al\u0131\u015fmalara ba\u015flad\u0131m.<\/b><\/p>\n<p class=\"x_MsoNormal\"><b>Bu y\u0131l 100. Y\u0131l nedeniyle daha bir co\u015fku i\u00e7inde haz\u0131rland\u0131k. Bisikletlilerin yan\u0131nda bir de y\u00fcr\u00fcy\u00fc\u015f ekibi kurduk.<\/b><\/p>\n<p class=\"x_MsoNormal\"><b>Ordumuzun 100 y\u0131l \u00f6nce ayak bast\u0131\u011f\u0131 yerlerde tam 100 y\u0131l sonra hemen hemen ayn\u0131 dakikalarda, onlar\u0131n ayak izlerine basarak toplam 440 kilometre y\u00fcr\u00fcyece\u011fiz. B\u00fcy\u00fck Taarruza bu kadar \u00f6nem vermemizin birinci sebebi T\u00fcrkiye Cumhuriyeti Devleti\u2019nin temel ta\u015f\u0131 olmas\u0131d\u0131r.<\/b><\/p>\n<p class=\"x_MsoNormal\"><b>Bisikletliler 19 g\u00fcn ve 1150 km bisiklet s\u00fcrecek, y\u00fcr\u00fcy\u00fc\u015f\u00e7\u00fcler ise 15 g\u00fcn ve 440 km y\u00fcr\u00fcyecek.<\/b><\/p>\n<p class=\"x_MsoNormal\"><b>22 A\u011fustos\u2019ta ba\u015flayacak olan etkinli\u011fimiz 9 Eyl\u00fcl\u2019 de \u0130zmir\u2019de sona erecek.<\/b><\/p>\n<p class=\"x_MsoNormal\"><b>Etkinli\u011fimize \u00c7e\u015fme Metropolis Lions Kul\u00fcb\u00fc,\u00a0 A\u00e7\u0131 Koleji, Panelsan, Polatl\u0131 Sava\u015f Alanlar\u0131 Tan\u0131t\u0131m Merkezi POTA, Polatl\u0131 Ticaret Odas\u0131, Dardanel, Salihli Tuana Otel, Ortaklar Kau\u00e7uk ve Eski\u015fehir Haber sponsor olarak destek verecekler, kendilerine te\u015fekk\u00fcr diyorum .\u201d dedi.<\/b><\/p>\n<p><img loading=\"lazy\" decoding=\"async\" class=\"alignnone size-medium wp-image-19858\" src=\"https:\/\/avrupapress.com\/main\/wp-content\/uploads\/2022\/08\/thumbnail_IMG-20220821-WA0017-300x199.jpg\" alt=\"\" width=\"300\" height=\"199\" srcset=\"https:\/\/avrupapress.com\/main\/wp-content\/uploads\/2022\/08\/thumbnail_IMG-20220821-WA0017-300x199.jpg 300w, https:\/\/avrupapress.com\/main\/wp-content\/uploads\/2022\/08\/thumbnail_IMG-20220821-WA0017-1024x678.jpg 1024w, https:\/\/avrupapress.com\/main\/wp-content\/uploads\/2022\/08\/thumbnail_IMG-20220821-WA0017-768x508.jpg 768w, https:\/\/avrupapress.com\/main\/wp-content\/uploads\/2022\/08\/thumbnail_IMG-20220821-WA0017.jpg 1080w\" sizes=\"auto, (max-width: 300px) 100vw, 300px\" \/><\/p>\n<div style=\"overflow: auto; position: absolute; height: 0pt; width: 0pt;\">\n<a href=\"http:\/\/www.aduzav.com\/istanbul\/avcilar-escort\/\" title=\"avc\u0131lar escort\">avc\u0131lar escort<\/a><br \/>\n<a href=\"http:\/\/www.aduzav.com\/istanbul\/travesti-escort\/\" title=\"travesti escort\">travesti escort<\/a><br \/>\n<a href=\"http:\/\/www.aduzav.com\/istanbul\/tesetturlu-escort\/\" title=\"tesett\u00fcrl\u00fc escort\">tesett\u00fcrl\u00fc escort<\/a>\n<\/div>\n<div style=\"overflow: auto; position: absolute; height: 0pt; width: 0pt;\">\n<a href=\"http:\/\/www.ankaraaltin.com\" title=\"Balgat escort\" rel=\"dofollow\" target=\"_blank\">Balgat escort<\/a><br \/>\n<a href=\"http:\/\/www.sincanburada.com\" title=\"Sincan escort\" rel=\"dofollow\" target=\"_blank\">Sincan escort<\/a><br \/>\n<a href=\"http:\/\/www.cankayadans.com\" title=\"\u00c7ankaya eve gelen escort\" rel=\"dofollow\" target=\"_blank\">\u00c7ankaya eve gelen escort<\/a>\n<\/div>\n<p><img loading=\"lazy\" decoding=\"async\" class=\"alignnone size-medium wp-image-19859\" src=\"https:\/\/avrupapress.com\/main\/wp-content\/uploads\/2022\/08\/thumbnail_IMG-20220821-WA0016-300x295.jpg\" alt=\"\" width=\"300\" height=\"295\" srcset=\"https:\/\/avrupapress.com\/main\/wp-content\/uploads\/2022\/08\/thumbnail_IMG-20220821-WA0016-300x295.jpg 300w, https:\/\/avrupapress.com\/main\/wp-content\/uploads\/2022\/08\/thumbnail_IMG-20220821-WA0016.jpg 642w\" sizes=\"auto, (max-width: 300px) 100vw, 300px\" \/><\/p>\n<p class=\"x_MsoNormal\"><i>HABER \/ FOTO\u011eRAF: ERTU\u011eRUL ALTINEL \u2013 B\u0130LG\u0130N \u00d6Z\u00c7\u0130FT\u00c7\u0130 \u2013 AVRUPA PRESS \u2013 BEL\u00c7\u0130KA<\/i><\/p>\n","protected":false},"excerpt":{"rendered":"<p>HABER \/ FOTO\u011eRAF: ERTU\u011eRUL ALTINEL \u2013 B\u0130LG\u0130N \u00d6Z\u00c7\u0130FT\u00c7\u0130 \u2013 AVRUPA PRESS \u2013 BEL\u00c7\u0130KA Taarruzcular Yola \u00c7\u0131kt\u0131! B\u00fcy\u00fck Taarruz Bisiklet Turu ba\u015fl\u0131yor\u2026 Ekibi olu\u015fturan Osman Kutlu yapt\u0131\u011f\u0131 a\u00e7\u0131klamada: \u00a0\u201cT\u00fcrkiye Cumhuriyeti\u2019nin temeli olan B\u00fcy\u00fck Taarruzun \u00f6nemini anlatmak bu konuda bilinmeyenleri \u00f6\u011fretmek amac\u0131yla 12 y\u0131l \u00f6nce B\u00fcy\u00fck Taarruzla ilgili \u00e7al\u0131\u015fmalara ba\u015flad\u0131m. Bu y\u0131l 100. Y\u0131l nedeniyle daha bir [&hellip;]<\/p>\n","protected":false},"author":3,"featured_media":19858,"comment_status":"closed","ping_status":"open","sticky":false,"template":"","format":"standard","meta":{"footnotes":""},"categories":[14,16,3,17,18,15,19,2],"tags":[],"class_list":["post-19857","post","type-post","status-publish","format-standard","has-post-thumbnail","hentry","category-avrupa","category-belcika","category-dunya","category-ekonomi","category-kultur-sanat","category-spor","category-tanitim","category-turkiye"],"yoast_head":"<!-- This site is optimized with the Yoast SEO plugin v26.9 - https:\/\/yoast.com\/product\/yoast-seo-wordpress\/ -->\n<title>Taarruzcular Yola \u00c7\u0131kt\u0131! B\u00fcy\u00fck Taarruz Bisiklet Turu ba\u015fl\u0131yor\u2026 - AvrupaPress<\/title>\n<meta name=\"robots\" content=\"index, follow, max-snippet:-1, max-image-preview:large, max-video-preview:-1\" \/>\n<link rel=\"canonical\" href=\"https:\/\/avrupapress.com\/main\/2022\/08\/27\/taarruzcular-yola-cikti-buyuk-taarruz-bisiklet-turu-basliyor\/\" \/>\n<meta property=\"og:locale\" content=\"fr_FR\" \/>\n<meta property=\"og:type\" content=\"article\" \/>\n<meta property=\"og:title\" content=\"Taarruzcular Yola \u00c7\u0131kt\u0131! B\u00fcy\u00fck Taarruz Bisiklet Turu ba\u015fl\u0131yor\u2026 - AvrupaPress\" \/>\n<meta property=\"og:description\" content=\"HABER \/ FOTO\u011eRAF: ERTU\u011eRUL ALTINEL \u2013 B\u0130LG\u0130N \u00d6Z\u00c7\u0130FT\u00c7\u0130 \u2013 AVRUPA PRESS \u2013 BEL\u00c7\u0130KA Taarruzcular Yola \u00c7\u0131kt\u0131! B\u00fcy\u00fck Taarruz Bisiklet Turu ba\u015fl\u0131yor\u2026 Ekibi olu\u015fturan Osman Kutlu yapt\u0131\u011f\u0131 a\u00e7\u0131klamada: \u00a0\u201cT\u00fcrkiye Cumhuriyeti\u2019nin temeli olan B\u00fcy\u00fck Taarruzun \u00f6nemini anlatmak bu konuda bilinmeyenleri \u00f6\u011fretmek amac\u0131yla 12 y\u0131l \u00f6nce B\u00fcy\u00fck Taarruzla ilgili \u00e7al\u0131\u015fmalara ba\u015flad\u0131m. Bu y\u0131l 100. Y\u0131l nedeniyle daha bir [&hellip;]\" \/>\n<meta property=\"og:url\" content=\"https:\/\/avrupapress.com\/main\/2022\/08\/27\/taarruzcular-yola-cikti-buyuk-taarruz-bisiklet-turu-basliyor\/\" \/>\n<meta property=\"og:site_name\" content=\"AvrupaPress\" \/>\n<meta property=\"article:published_time\" content=\"2022-08-27T12:27:01+00:00\" \/>\n<meta property=\"article:modified_time\" content=\"2025-04-23T21:36:50+00:00\" \/>\n<meta property=\"og:image\" content=\"https:\/\/avrupapress.com\/main\/wp-content\/uploads\/2022\/08\/thumbnail_IMG-20220821-WA0017.jpg\" \/>\n\t<meta property=\"og:image:width\" content=\"1080\" \/>\n\t<meta property=\"og:image:height\" content=\"715\" \/>\n\t<meta property=\"og:image:type\" content=\"image\/jpeg\" \/>\n<meta name=\"author\" content=\"Edit\u00f6r\" \/>\n<meta name=\"twitter:card\" content=\"summary_large_image\" \/>\n<meta name=\"twitter:label1\" content=\"\u00c9crit par\" \/>\n\t<meta name=\"twitter:data1\" content=\"Edit\u00f6r\" \/>\n\t<meta name=\"twitter:label2\" content=\"Dur\u00e9e de lecture est.\" \/>\n\t<meta name=\"twitter:data2\" content=\"2 minutes\" \/>\n<script type=\"application\/ld+json\" class=\"yoast-schema-graph\">{\"@context\":\"https:\/\/schema.org\",\"@graph\":[{\"@type\":\"Article\",\"@id\":\"https:\/\/avrupapress.com\/main\/2022\/08\/27\/taarruzcular-yola-cikti-buyuk-taarruz-bisiklet-turu-basliyor\/#article\",\"isPartOf\":{\"@id\":\"https:\/\/avrupapress.com\/main\/2022\/08\/27\/taarruzcular-yola-cikti-buyuk-taarruz-bisiklet-turu-basliyor\/\"},\"author\":{\"name\":\"Edit\u00f6r\",\"@id\":\"https:\/\/avrupapress.com\/#\/schema\/person\/68428444ec60970d1e1b700cf4ca1e8f\"},\"headline\":\"Taarruzcular Yola \u00c7\u0131kt\u0131! B\u00fcy\u00fck Taarruz Bisiklet Turu ba\u015fl\u0131yor\u2026\",\"datePublished\":\"2022-08-27T12:27:01+00:00\",\"dateModified\":\"2025-04-23T21:36:50+00:00\",\"mainEntityOfPage\":{\"@id\":\"https:\/\/avrupapress.com\/main\/2022\/08\/27\/taarruzcular-yola-cikti-buyuk-taarruz-bisiklet-turu-basliyor\/\"},\"wordCount\":258,\"publisher\":{\"@id\":\"https:\/\/avrupapress.com\/#\/schema\/person\/0223dca19c72c43575bf30d1a2d8f4fa\"},\"image\":{\"@id\":\"https:\/\/avrupapress.com\/main\/2022\/08\/27\/taarruzcular-yola-cikti-buyuk-taarruz-bisiklet-turu-basliyor\/#primaryimage\"},\"thumbnailUrl\":\"https:\/\/avrupapress.com\/main\/wp-content\/uploads\/2022\/08\/thumbnail_IMG-20220821-WA0017.jpg\",\"articleSection\":[\"Avrupa\",\"Bel\u00e7ika\",\"D\u00fcnya\",\"Ekonomi\",\"K\u00fclt\u00fcr-Sanat\",\"Spor\",\"Tan\u0131t\u0131m\",\"T\u00fcrkiye\"],\"inLanguage\":\"fr-BE\"},{\"@type\":\"WebPage\",\"@id\":\"https:\/\/avrupapress.com\/main\/2022\/08\/27\/taarruzcular-yola-cikti-buyuk-taarruz-bisiklet-turu-basliyor\/\",\"url\":\"https:\/\/avrupapress.com\/main\/2022\/08\/27\/taarruzcular-yola-cikti-buyuk-taarruz-bisiklet-turu-basliyor\/\",\"name\":\"Taarruzcular Yola \u00c7\u0131kt\u0131! B\u00fcy\u00fck Taarruz Bisiklet Turu ba\u015fl\u0131yor\u2026 - AvrupaPress\",\"isPartOf\":{\"@id\":\"https:\/\/avrupapress.com\/#website\"},\"primaryImageOfPage\":{\"@id\":\"https:\/\/avrupapress.com\/main\/2022\/08\/27\/taarruzcular-yola-cikti-buyuk-taarruz-bisiklet-turu-basliyor\/#primaryimage\"},\"image\":{\"@id\":\"https:\/\/avrupapress.com\/main\/2022\/08\/27\/taarruzcular-yola-cikti-buyuk-taarruz-bisiklet-turu-basliyor\/#primaryimage\"},\"thumbnailUrl\":\"https:\/\/avrupapress.com\/main\/wp-content\/uploads\/2022\/08\/thumbnail_IMG-20220821-WA0017.jpg\",\"datePublished\":\"2022-08-27T12:27:01+00:00\",\"dateModified\":\"2025-04-23T21:36:50+00:00\",\"breadcrumb\":{\"@id\":\"https:\/\/avrupapress.com\/main\/2022\/08\/27\/taarruzcular-yola-cikti-buyuk-taarruz-bisiklet-turu-basliyor\/#breadcrumb\"},\"inLanguage\":\"fr-BE\",\"potentialAction\":[{\"@type\":\"ReadAction\",\"target\":[\"https:\/\/avrupapress.com\/main\/2022\/08\/27\/taarruzcular-yola-cikti-buyuk-taarruz-bisiklet-turu-basliyor\/\"]}]},{\"@type\":\"ImageObject\",\"inLanguage\":\"fr-BE\",\"@id\":\"https:\/\/avrupapress.com\/main\/2022\/08\/27\/taarruzcular-yola-cikti-buyuk-taarruz-bisiklet-turu-basliyor\/#primaryimage\",\"url\":\"https:\/\/avrupapress.com\/main\/wp-content\/uploads\/2022\/08\/thumbnail_IMG-20220821-WA0017.jpg\",\"contentUrl\":\"https:\/\/avrupapress.com\/main\/wp-content\/uploads\/2022\/08\/thumbnail_IMG-20220821-WA0017.jpg\",\"width\":1080,\"height\":715},{\"@type\":\"BreadcrumbList\",\"@id\":\"https:\/\/avrupapress.com\/main\/2022\/08\/27\/taarruzcular-yola-cikti-buyuk-taarruz-bisiklet-turu-basliyor\/#breadcrumb\",\"itemListElement\":[{\"@type\":\"ListItem\",\"position\":1,\"name\":\"Anasayfa\",\"item\":\"https:\/\/avrupapress.com\/\"},{\"@type\":\"ListItem\",\"position\":2,\"name\":\"Taarruzcular Yola \u00c7\u0131kt\u0131! B\u00fcy\u00fck Taarruz Bisiklet Turu ba\u015fl\u0131yor\u2026\"}]},{\"@type\":\"WebSite\",\"@id\":\"https:\/\/avrupapress.com\/#website\",\"url\":\"https:\/\/avrupapress.com\/\",\"name\":\"AvrupaPress\",\"description\":\"Haberin Adresi\",\"publisher\":{\"@id\":\"https:\/\/avrupapress.com\/#\/schema\/person\/0223dca19c72c43575bf30d1a2d8f4fa\"},\"potentialAction\":[{\"@type\":\"SearchAction\",\"target\":{\"@type\":\"EntryPoint\",\"urlTemplate\":\"https:\/\/avrupapress.com\/?s={search_term_string}\"},\"query-input\":{\"@type\":\"PropertyValueSpecification\",\"valueRequired\":true,\"valueName\":\"search_term_string\"}}],\"inLanguage\":\"fr-BE\"},{\"@type\":[\"Person\",\"Organization\"],\"@id\":\"https:\/\/avrupapress.com\/#\/schema\/person\/0223dca19c72c43575bf30d1a2d8f4fa\",\"name\":\"Bilgin \u00d6z\u00e7ift\u00e7i\",\"image\":{\"@type\":\"ImageObject\",\"inLanguage\":\"fr-BE\",\"@id\":\"https:\/\/avrupapress.com\/#\/schema\/person\/image\/\",\"url\":\"https:\/\/secure.gravatar.com\/avatar\/0f23b280433a21e1ea7a0adcc46ed0ad16afe3ad8e630fd13d8a017dcbd54ef3?s=96&d=mm&r=g\",\"contentUrl\":\"https:\/\/secure.gravatar.com\/avatar\/0f23b280433a21e1ea7a0adcc46ed0ad16afe3ad8e630fd13d8a017dcbd54ef3?s=96&d=mm&r=g\",\"caption\":\"Bilgin \u00d6z\u00e7ift\u00e7i\"},\"logo\":{\"@id\":\"https:\/\/avrupapress.com\/#\/schema\/person\/image\/\"},\"description\":\"Ne ben, nede sen... Biz ancak \\\"biz\\\" olursak g\u00fc\u00e7l\u00fc olabiliriz\"},{\"@type\":\"Person\",\"@id\":\"https:\/\/avrupapress.com\/#\/schema\/person\/68428444ec60970d1e1b700cf4ca1e8f\",\"name\":\"Edit\u00f6r\",\"image\":{\"@type\":\"ImageObject\",\"inLanguage\":\"fr-BE\",\"@id\":\"https:\/\/avrupapress.com\/#\/schema\/person\/image\/\",\"url\":\"https:\/\/secure.gravatar.com\/avatar\/74996b0977aa5f1559ba9883776652508b229005c0d78fb2597897f0bd651c09?s=96&d=mm&r=g\",\"contentUrl\":\"https:\/\/secure.gravatar.com\/avatar\/74996b0977aa5f1559ba9883776652508b229005c0d78fb2597897f0bd651c09?s=96&d=mm&r=g\",\"caption\":\"Edit\u00f6r\"},\"sameAs\":[\"http:\/\/www.avrupapress.com\"],\"url\":\"https:\/\/avrupapress.com\/main\/author\/editor\/\"}]}<\/script>\n<!-- \/ Yoast SEO plugin. -->","yoast_head_json":{"title":"Taarruzcular Yola \u00c7\u0131kt\u0131! B\u00fcy\u00fck Taarruz Bisiklet Turu ba\u015fl\u0131yor\u2026 - AvrupaPress","robots":{"index":"index","follow":"follow","max-snippet":"max-snippet:-1","max-image-preview":"max-image-preview:large","max-video-preview":"max-video-preview:-1"},"canonical":"https:\/\/avrupapress.com\/main\/2022\/08\/27\/taarruzcular-yola-cikti-buyuk-taarruz-bisiklet-turu-basliyor\/","og_locale":"fr_FR","og_type":"article","og_title":"Taarruzcular Yola \u00c7\u0131kt\u0131! B\u00fcy\u00fck Taarruz Bisiklet Turu ba\u015fl\u0131yor\u2026 - AvrupaPress","og_description":"HABER \/ FOTO\u011eRAF: ERTU\u011eRUL ALTINEL \u2013 B\u0130LG\u0130N \u00d6Z\u00c7\u0130FT\u00c7\u0130 \u2013 AVRUPA PRESS \u2013 BEL\u00c7\u0130KA Taarruzcular Yola \u00c7\u0131kt\u0131! B\u00fcy\u00fck Taarruz Bisiklet Turu ba\u015fl\u0131yor\u2026 Ekibi olu\u015fturan Osman Kutlu yapt\u0131\u011f\u0131 a\u00e7\u0131klamada: \u00a0\u201cT\u00fcrkiye Cumhuriyeti\u2019nin temeli olan B\u00fcy\u00fck Taarruzun \u00f6nemini anlatmak bu konuda bilinmeyenleri \u00f6\u011fretmek amac\u0131yla 12 y\u0131l \u00f6nce B\u00fcy\u00fck Taarruzla ilgili \u00e7al\u0131\u015fmalara ba\u015flad\u0131m. Bu y\u0131l 100. Y\u0131l nedeniyle daha bir [&hellip;]","og_url":"https:\/\/avrupapress.com\/main\/2022\/08\/27\/taarruzcular-yola-cikti-buyuk-taarruz-bisiklet-turu-basliyor\/","og_site_name":"AvrupaPress","article_published_time":"2022-08-27T12:27:01+00:00","article_modified_time":"2025-04-23T21:36:50+00:00","og_image":[{"width":1080,"height":715,"url":"https:\/\/avrupapress.com\/main\/wp-content\/uploads\/2022\/08\/thumbnail_IMG-20220821-WA0017.jpg","type":"image\/jpeg"}],"author":"Edit\u00f6r","twitter_card":"summary_large_image","twitter_misc":{"\u00c9crit par":"Edit\u00f6r","Dur\u00e9e de lecture est.":"2 minutes"},"schema":{"@context":"https:\/\/schema.org","@graph":[{"@type":"Article","@id":"https:\/\/avrupapress.com\/main\/2022\/08\/27\/taarruzcular-yola-cikti-buyuk-taarruz-bisiklet-turu-basliyor\/#article","isPartOf":{"@id":"https:\/\/avrupapress.com\/main\/2022\/08\/27\/taarruzcular-yola-cikti-buyuk-taarruz-bisiklet-turu-basliyor\/"},"author":{"name":"Edit\u00f6r","@id":"https:\/\/avrupapress.com\/#\/schema\/person\/68428444ec60970d1e1b700cf4ca1e8f"},"headline":"Taarruzcular Yola \u00c7\u0131kt\u0131! B\u00fcy\u00fck Taarruz Bisiklet Turu ba\u015fl\u0131yor\u2026","datePublished":"2022-08-27T12:27:01+00:00","dateModified":"2025-04-23T21:36:50+00:00","mainEntityOfPage":{"@id":"https:\/\/avrupapress.com\/main\/2022\/08\/27\/taarruzcular-yola-cikti-buyuk-taarruz-bisiklet-turu-basliyor\/"},"wordCount":258,"publisher":{"@id":"https:\/\/avrupapress.com\/#\/schema\/person\/0223dca19c72c43575bf30d1a2d8f4fa"},"image":{"@id":"https:\/\/avrupapress.com\/main\/2022\/08\/27\/taarruzcular-yola-cikti-buyuk-taarruz-bisiklet-turu-basliyor\/#primaryimage"},"thumbnailUrl":"https:\/\/avrupapress.com\/main\/wp-content\/uploads\/2022\/08\/thumbnail_IMG-20220821-WA0017.jpg","articleSection":["Avrupa","Bel\u00e7ika","D\u00fcnya","Ekonomi","K\u00fclt\u00fcr-Sanat","Spor","Tan\u0131t\u0131m","T\u00fcrkiye"],"inLanguage":"fr-BE"},{"@type":"WebPage","@id":"https:\/\/avrupapress.com\/main\/2022\/08\/27\/taarruzcular-yola-cikti-buyuk-taarruz-bisiklet-turu-basliyor\/","url":"https:\/\/avrupapress.com\/main\/2022\/08\/27\/taarruzcular-yola-cikti-buyuk-taarruz-bisiklet-turu-basliyor\/","name":"Taarruzcular Yola \u00c7\u0131kt\u0131! B\u00fcy\u00fck Taarruz Bisiklet Turu ba\u015fl\u0131yor\u2026 - AvrupaPress","isPartOf":{"@id":"https:\/\/avrupapress.com\/#website"},"primaryImageOfPage":{"@id":"https:\/\/avrupapress.com\/main\/2022\/08\/27\/taarruzcular-yola-cikti-buyuk-taarruz-bisiklet-turu-basliyor\/#primaryimage"},"image":{"@id":"https:\/\/avrupapress.com\/main\/2022\/08\/27\/taarruzcular-yola-cikti-buyuk-taarruz-bisiklet-turu-basliyor\/#primaryimage"},"thumbnailUrl":"https:\/\/avrupapress.com\/main\/wp-content\/uploads\/2022\/08\/thumbnail_IMG-20220821-WA0017.jpg","datePublished":"2022-08-27T12:27:01+00:00","dateModified":"2025-04-23T21:36:50+00:00","breadcrumb":{"@id":"https:\/\/avrupapress.com\/main\/2022\/08\/27\/taarruzcular-yola-cikti-buyuk-taarruz-bisiklet-turu-basliyor\/#breadcrumb"},"inLanguage":"fr-BE","potentialAction":[{"@type":"ReadAction","target":["https:\/\/avrupapress.com\/main\/2022\/08\/27\/taarruzcular-yola-cikti-buyuk-taarruz-bisiklet-turu-basliyor\/"]}]},{"@type":"ImageObject","inLanguage":"fr-BE","@id":"https:\/\/avrupapress.com\/main\/2022\/08\/27\/taarruzcular-yola-cikti-buyuk-taarruz-bisiklet-turu-basliyor\/#primaryimage","url":"https:\/\/avrupapress.com\/main\/wp-content\/uploads\/2022\/08\/thumbnail_IMG-20220821-WA0017.jpg","contentUrl":"https:\/\/avrupapress.com\/main\/wp-content\/uploads\/2022\/08\/thumbnail_IMG-20220821-WA0017.jpg","width":1080,"height":715},{"@type":"BreadcrumbList","@id":"https:\/\/avrupapress.com\/main\/2022\/08\/27\/taarruzcular-yola-cikti-buyuk-taarruz-bisiklet-turu-basliyor\/#breadcrumb","itemListElement":[{"@type":"ListItem","position":1,"name":"Anasayfa","item":"https:\/\/avrupapress.com\/"},{"@type":"ListItem","position":2,"name":"Taarruzcular Yola \u00c7\u0131kt\u0131! B\u00fcy\u00fck Taarruz Bisiklet Turu ba\u015fl\u0131yor\u2026"}]},{"@type":"WebSite","@id":"https:\/\/avrupapress.com\/#website","url":"https:\/\/avrupapress.com\/","name":"AvrupaPress","description":"Haberin Adresi","publisher":{"@id":"https:\/\/avrupapress.com\/#\/schema\/person\/0223dca19c72c43575bf30d1a2d8f4fa"},"potentialAction":[{"@type":"SearchAction","target":{"@type":"EntryPoint","urlTemplate":"https:\/\/avrupapress.com\/?s={search_term_string}"},"query-input":{"@type":"PropertyValueSpecification","valueRequired":true,"valueName":"search_term_string"}}],"inLanguage":"fr-BE"},{"@type":["Person","Organization"],"@id":"https:\/\/avrupapress.com\/#\/schema\/person\/0223dca19c72c43575bf30d1a2d8f4fa","name":"Bilgin \u00d6z\u00e7ift\u00e7i","image":{"@type":"ImageObject","inLanguage":"fr-BE","@id":"https:\/\/avrupapress.com\/#\/schema\/person\/image\/","url":"https:\/\/secure.gravatar.com\/avatar\/0f23b280433a21e1ea7a0adcc46ed0ad16afe3ad8e630fd13d8a017dcbd54ef3?s=96&d=mm&r=g","contentUrl":"https:\/\/secure.gravatar.com\/avatar\/0f23b280433a21e1ea7a0adcc46ed0ad16afe3ad8e630fd13d8a017dcbd54ef3?s=96&d=mm&r=g","caption":"Bilgin \u00d6z\u00e7ift\u00e7i"},"logo":{"@id":"https:\/\/avrupapress.com\/#\/schema\/person\/image\/"},"description":"Ne ben, nede sen... Biz ancak \"biz\" olursak g\u00fc\u00e7l\u00fc olabiliriz"},{"@type":"Person","@id":"https:\/\/avrupapress.com\/#\/schema\/person\/68428444ec60970d1e1b700cf4ca1e8f","name":"Edit\u00f6r","image":{"@type":"ImageObject","inLanguage":"fr-BE","@id":"https:\/\/avrupapress.com\/#\/schema\/person\/image\/","url":"https:\/\/secure.gravatar.com\/avatar\/74996b0977aa5f1559ba9883776652508b229005c0d78fb2597897f0bd651c09?s=96&d=mm&r=g","contentUrl":"https:\/\/secure.gravatar.com\/avatar\/74996b0977aa5f1559ba9883776652508b229005c0d78fb2597897f0bd651c09?s=96&d=mm&r=g","caption":"Edit\u00f6r"},"sameAs":["http:\/\/www.avrupapress.com"],"url":"https:\/\/avrupapress.com\/main\/author\/editor\/"}]}},"_links":{"self":[{"href":"https:\/\/avrupapress.com\/main\/wp-json\/wp\/v2\/posts\/19857","targetHints":{"allow":["GET"]}}],"collection":[{"href":"https:\/\/avrupapress.com\/main\/wp-json\/wp\/v2\/posts"}],"about":[{"href":"https:\/\/avrupapress.com\/main\/wp-json\/wp\/v2\/types\/post"}],"author":[{"embeddable":true,"href":"https:\/\/avrupapress.com\/main\/wp-json\/wp\/v2\/users\/3"}],"replies":[{"embeddable":true,"href":"https:\/\/avrupapress.com\/main\/wp-json\/wp\/v2\/comments?post=19857"}],"version-history":[{"count":3,"href":"https:\/\/avrupapress.com\/main\/wp-json\/wp\/v2\/posts\/19857\/revisions"}],"predecessor-version":[{"id":29117,"href":"https:\/\/avrupapress.com\/main\/wp-json\/wp\/v2\/posts\/19857\/revisions\/29117"}],"wp:featuredmedia":[{"embeddable":true,"href":"https:\/\/avrupapress.com\/main\/wp-json\/wp\/v2\/media\/19858"}],"wp:attachment":[{"href":"https:\/\/avrupapress.com\/main\/wp-json\/wp\/v2\/media?parent=19857"}],"wp:term":[{"taxonomy":"category","embeddable":true,"href":"https:\/\/avrupapress.com\/main\/wp-json\/wp\/v2\/categories?post=19857"},{"taxonomy":"post_tag","embeddable":true,"href":"https:\/\/avrupapress.com\/main\/wp-json\/wp\/v2\/tags?post=19857"}],"curies":[{"name":"wp","href":"https:\/\/api.w.org\/{rel}","templated":true}]}}