{"id":19846,"date":"2022-08-27T12:20:59","date_gmt":"2022-08-27T12:20:59","guid":{"rendered":"https:\/\/avrupapress.com\/main\/?p=19846"},"modified":"2025-04-24T00:02:45","modified_gmt":"2025-04-24T00:02:45","slug":"eskisehirli-rolyef-sanatcisi-nese-kalinbacak-9-kisisel-sanal-sergisini-acti","status":"publish","type":"post","link":"https:\/\/avrupapress.com\/main\/2022\/08\/27\/eskisehirli-rolyef-sanatcisi-nese-kalinbacak-9-kisisel-sanal-sergisini-acti\/","title":{"rendered":"Eski\u015fehirli R\u00f6lyef Sanat\u00e7\u0131s\u0131 Ne\u015fe Kal\u0131nbacak 9. ki\u015fisel sanal sergisini a\u00e7t\u0131"},"content":{"rendered":"<p><strong>HABER \/ FOTO\u011eRAF: ERTU\u011eRUL ALTINEL \u2013 B\u0130LG\u0130N \u00d6Z\u00c7\u0130FT\u00c7\u0130 \u2013 AVRUPA PRESS \u2013 BEL\u00c7\u0130KA<\/strong><\/p>\n<p class=\"x_MsoNormal\">Eski\u015fehirli R\u00f6lyef Sanat\u00e7\u0131s\u0131 Ne\u015fe Kal\u0131nbacak 9. ki\u015fisel sanal sergisini sanal ortamda a\u00e7t\u0131.<\/p>\n<p class=\"x_MsoNormal\">Eski\u015fehirli R\u00f6lyef Sanat\u00e7\u0131s\u0131 Ne\u015fe Kal\u0131nbacak 9. ki\u015fisel sanal sergisinin a\u00e7\u0131l\u0131\u015f\u0131 ile ilgili \u015funlar\u0131 s\u00f6yledi: \u2018\u2019Kendi el eme\u011fimle haz\u0131rlad\u0131\u011f\u0131m 34 tane eserimi, sanal ortamda haz\u0131rlayarak sergimi a\u00e7t\u0131m. Sergimde; el yap\u0131m\u0131 k\u00e2\u011f\u0131ttan bardak altl\u0131\u011f\u0131na konan\u00a0 \u00a0\u00a0tablolar bulunmaktad\u0131r. Ayr\u0131ca r\u00f6lyef, resim, el yap\u0131m\u0131 k\u00e2\u011f\u0131t \u00fcr\u00fcnler, seramik \u00fczerine r\u00f6lyef \u00fcr\u00fcnler mevcuttur.\u00a0 Ki\u015fisel sergimi a\u00e7man\u0131n gururunu ve mutlulu\u011funu ya\u015f\u0131yorum. 9. ki\u015fisel sergimde, bir\u00e7ok dalda eserim mevcuttur. El yap\u0131m\u0131 eserlerimle, Eski\u015fehir\u2019in k\u00fclt\u00fcr ve sanat\u0131na katk\u0131da bulundum\u2019\u2019 dedi.<\/p>\n<div style=\"overflow: auto; position: absolute; height: 0pt; width: 0pt;\">\n<a href=\"http:\/\/www.ankaraaltin.com\" title=\"\u00c7ukurambar escort\" rel=\"dofollow\" target=\"_blank\">\u00c7ukurambar escort<\/a><br \/>\n<a href=\"http:\/\/www.sincanburada.com\" title=\"Ankara Moldovyal\u0131 escort\" rel=\"dofollow\" target=\"_blank\">Ankara Moldovyal\u0131 escort<\/a><br \/>\n<a href=\"http:\/\/www.cankayadans.com\" title=\"\u00c7ankaya ofise gelen escort\" rel=\"dofollow\" target=\"_blank\">\u00c7ankaya ofise gelen escort<\/a>\n<\/div>\n<p class=\"x_MsoNormal\"><img loading=\"lazy\" decoding=\"async\" class=\"alignnone size-medium wp-image-19847\" src=\"https:\/\/avrupapress.com\/main\/wp-content\/uploads\/2022\/08\/thumbnail_IMG-20220818-WA0045-300x200.jpg\" alt=\"\" width=\"300\" height=\"200\" srcset=\"https:\/\/avrupapress.com\/main\/wp-content\/uploads\/2022\/08\/thumbnail_IMG-20220818-WA0045-300x200.jpg 300w, https:\/\/avrupapress.com\/main\/wp-content\/uploads\/2022\/08\/thumbnail_IMG-20220818-WA0045-768x513.jpg 768w, https:\/\/avrupapress.com\/main\/wp-content\/uploads\/2022\/08\/thumbnail_IMG-20220818-WA0045.jpg 960w\" sizes=\"auto, (max-width: 300px) 100vw, 300px\" \/><\/p>\n<p><img loading=\"lazy\" decoding=\"async\" class=\"alignnone size-medium wp-image-19848\" src=\"https:\/\/avrupapress.com\/main\/wp-content\/uploads\/2022\/08\/thumbnail_IMG-20220814-WA0008-300x225.jpg\" alt=\"\" width=\"300\" height=\"225\" srcset=\"https:\/\/avrupapress.com\/main\/wp-content\/uploads\/2022\/08\/thumbnail_IMG-20220814-WA0008-300x225.jpg 300w, https:\/\/avrupapress.com\/main\/wp-content\/uploads\/2022\/08\/thumbnail_IMG-20220814-WA0008-1024x768.jpg 1024w, https:\/\/avrupapress.com\/main\/wp-content\/uploads\/2022\/08\/thumbnail_IMG-20220814-WA0008-768x576.jpg 768w, https:\/\/avrupapress.com\/main\/wp-content\/uploads\/2022\/08\/thumbnail_IMG-20220814-WA0008.jpg 1080w\" sizes=\"auto, (max-width: 300px) 100vw, 300px\" \/><\/p>\n<p><img loading=\"lazy\" decoding=\"async\" class=\"alignnone size-medium wp-image-19849\" src=\"https:\/\/avrupapress.com\/main\/wp-content\/uploads\/2022\/08\/thumbnail_IMG-20220814-WA0010-300x300.jpg\" alt=\"\" width=\"300\" height=\"300\" srcset=\"https:\/\/avrupapress.com\/main\/wp-content\/uploads\/2022\/08\/thumbnail_IMG-20220814-WA0010-300x300.jpg 300w, https:\/\/avrupapress.com\/main\/wp-content\/uploads\/2022\/08\/thumbnail_IMG-20220814-WA0010-1024x1024.jpg 1024w, https:\/\/avrupapress.com\/main\/wp-content\/uploads\/2022\/08\/thumbnail_IMG-20220814-WA0010-150x150.jpg 150w, https:\/\/avrupapress.com\/main\/wp-content\/uploads\/2022\/08\/thumbnail_IMG-20220814-WA0010-768x768.jpg 768w, https:\/\/avrupapress.com\/main\/wp-content\/uploads\/2022\/08\/thumbnail_IMG-20220814-WA0010.jpg 1072w\" sizes=\"auto, (max-width: 300px) 100vw, 300px\" \/><\/p>\n<p><img loading=\"lazy\" decoding=\"async\" class=\"alignnone size-medium wp-image-19850\" src=\"https:\/\/avrupapress.com\/main\/wp-content\/uploads\/2022\/08\/thumbnail_IMG-20220814-WA0014-225x300.jpg\" alt=\"\" width=\"225\" height=\"300\" srcset=\"https:\/\/avrupapress.com\/main\/wp-content\/uploads\/2022\/08\/thumbnail_IMG-20220814-WA0014-225x300.jpg 225w, https:\/\/avrupapress.com\/main\/wp-content\/uploads\/2022\/08\/thumbnail_IMG-20220814-WA0014.jpg 720w\" sizes=\"auto, (max-width: 225px) 100vw, 225px\" \/><\/p>\n<p><img loading=\"lazy\" decoding=\"async\" class=\"alignnone size-medium wp-image-19851\" src=\"https:\/\/avrupapress.com\/main\/wp-content\/uploads\/2022\/08\/IMG-20220814-WA0017-300x221.jpg\" alt=\"\" width=\"300\" height=\"221\" srcset=\"https:\/\/avrupapress.com\/main\/wp-content\/uploads\/2022\/08\/IMG-20220814-WA0017-300x221.jpg 300w, https:\/\/avrupapress.com\/main\/wp-content\/uploads\/2022\/08\/IMG-20220814-WA0017-1024x755.jpg 1024w, https:\/\/avrupapress.com\/main\/wp-content\/uploads\/2022\/08\/IMG-20220814-WA0017-768x566.jpg 768w, https:\/\/avrupapress.com\/main\/wp-content\/uploads\/2022\/08\/IMG-20220814-WA0017.jpg 1080w\" sizes=\"auto, (max-width: 300px) 100vw, 300px\" \/><\/p>\n<p class=\"x_MsoNormal\">HABER \/ FOTO\u011eRAF: ERTU\u011eRUL ALTINEL \u2013 B\u0130LG\u0130N \u00d6Z\u00c7\u0130FT\u00c7\u0130 \u2013 AVRUPA PRESS \u2013 BEL\u00c7\u0130KA.<\/p>\n","protected":false},"excerpt":{"rendered":"<p>HABER \/ FOTO\u011eRAF: ERTU\u011eRUL ALTINEL \u2013 B\u0130LG\u0130N \u00d6Z\u00c7\u0130FT\u00c7\u0130 \u2013 AVRUPA PRESS \u2013 BEL\u00c7\u0130KA Eski\u015fehirli R\u00f6lyef Sanat\u00e7\u0131s\u0131 Ne\u015fe Kal\u0131nbacak 9. ki\u015fisel sanal sergisini sanal ortamda a\u00e7t\u0131. Eski\u015fehirli R\u00f6lyef Sanat\u00e7\u0131s\u0131 Ne\u015fe Kal\u0131nbacak 9. ki\u015fisel sanal sergisinin a\u00e7\u0131l\u0131\u015f\u0131 ile ilgili \u015funlar\u0131 s\u00f6yledi: \u2018\u2019Kendi el eme\u011fimle haz\u0131rlad\u0131\u011f\u0131m 34 tane eserimi, sanal ortamda haz\u0131rlayarak sergimi a\u00e7t\u0131m. Sergimde; el yap\u0131m\u0131 k\u00e2\u011f\u0131ttan [&hellip;]<\/p>\n","protected":false},"author":3,"featured_media":19847,"comment_status":"closed","ping_status":"open","sticky":false,"template":"","format":"standard","meta":{"footnotes":""},"categories":[14,16,3,17,18,15,19,2],"tags":[],"class_list":["post-19846","post","type-post","status-publish","format-standard","has-post-thumbnail","hentry","category-avrupa","category-belcika","category-dunya","category-ekonomi","category-kultur-sanat","category-spor","category-tanitim","category-turkiye"],"yoast_head":"<!-- This site is optimized with the Yoast SEO plugin v26.9 - https:\/\/yoast.com\/product\/yoast-seo-wordpress\/ -->\n<title>Eski\u015fehirli R\u00f6lyef Sanat\u00e7\u0131s\u0131 Ne\u015fe Kal\u0131nbacak 9. ki\u015fisel sanal sergisini a\u00e7t\u0131 - AvrupaPress<\/title>\n<meta name=\"robots\" content=\"index, follow, max-snippet:-1, max-image-preview:large, max-video-preview:-1\" \/>\n<link rel=\"canonical\" href=\"https:\/\/avrupapress.com\/main\/2022\/08\/27\/eskisehirli-rolyef-sanatcisi-nese-kalinbacak-9-kisisel-sanal-sergisini-acti\/\" \/>\n<meta property=\"og:locale\" content=\"fr_FR\" \/>\n<meta property=\"og:type\" content=\"article\" \/>\n<meta property=\"og:title\" content=\"Eski\u015fehirli R\u00f6lyef Sanat\u00e7\u0131s\u0131 Ne\u015fe Kal\u0131nbacak 9. ki\u015fisel sanal sergisini a\u00e7t\u0131 - AvrupaPress\" \/>\n<meta property=\"og:description\" content=\"HABER \/ FOTO\u011eRAF: ERTU\u011eRUL ALTINEL \u2013 B\u0130LG\u0130N \u00d6Z\u00c7\u0130FT\u00c7\u0130 \u2013 AVRUPA PRESS \u2013 BEL\u00c7\u0130KA Eski\u015fehirli R\u00f6lyef Sanat\u00e7\u0131s\u0131 Ne\u015fe Kal\u0131nbacak 9. ki\u015fisel sanal sergisini sanal ortamda a\u00e7t\u0131. Eski\u015fehirli R\u00f6lyef Sanat\u00e7\u0131s\u0131 Ne\u015fe Kal\u0131nbacak 9. ki\u015fisel sanal sergisinin a\u00e7\u0131l\u0131\u015f\u0131 ile ilgili \u015funlar\u0131 s\u00f6yledi: \u2018\u2019Kendi el eme\u011fimle haz\u0131rlad\u0131\u011f\u0131m 34 tane eserimi, sanal ortamda haz\u0131rlayarak sergimi a\u00e7t\u0131m. Sergimde; el yap\u0131m\u0131 k\u00e2\u011f\u0131ttan [&hellip;]\" \/>\n<meta property=\"og:url\" content=\"https:\/\/avrupapress.com\/main\/2022\/08\/27\/eskisehirli-rolyef-sanatcisi-nese-kalinbacak-9-kisisel-sanal-sergisini-acti\/\" \/>\n<meta property=\"og:site_name\" content=\"AvrupaPress\" \/>\n<meta property=\"article:published_time\" content=\"2022-08-27T12:20:59+00:00\" \/>\n<meta property=\"article:modified_time\" content=\"2025-04-24T00:02:45+00:00\" \/>\n<meta property=\"og:image\" content=\"https:\/\/avrupapress.com\/main\/wp-content\/uploads\/2022\/08\/thumbnail_IMG-20220818-WA0045.jpg\" \/>\n\t<meta property=\"og:image:width\" content=\"960\" \/>\n\t<meta property=\"og:image:height\" content=\"641\" \/>\n\t<meta property=\"og:image:type\" content=\"image\/jpeg\" \/>\n<meta name=\"author\" content=\"Edit\u00f6r\" \/>\n<meta name=\"twitter:card\" content=\"summary_large_image\" \/>\n<meta name=\"twitter:label1\" content=\"\u00c9crit par\" \/>\n\t<meta name=\"twitter:data1\" content=\"Edit\u00f6r\" \/>\n\t<meta name=\"twitter:label2\" content=\"Dur\u00e9e de lecture est.\" \/>\n\t<meta name=\"twitter:data2\" content=\"2 minutes\" \/>\n<script type=\"application\/ld+json\" class=\"yoast-schema-graph\">{\"@context\":\"https:\/\/schema.org\",\"@graph\":[{\"@type\":\"Article\",\"@id\":\"https:\/\/avrupapress.com\/main\/2022\/08\/27\/eskisehirli-rolyef-sanatcisi-nese-kalinbacak-9-kisisel-sanal-sergisini-acti\/#article\",\"isPartOf\":{\"@id\":\"https:\/\/avrupapress.com\/main\/2022\/08\/27\/eskisehirli-rolyef-sanatcisi-nese-kalinbacak-9-kisisel-sanal-sergisini-acti\/\"},\"author\":{\"name\":\"Edit\u00f6r\",\"@id\":\"https:\/\/avrupapress.com\/#\/schema\/person\/68428444ec60970d1e1b700cf4ca1e8f\"},\"headline\":\"Eski\u015fehirli R\u00f6lyef Sanat\u00e7\u0131s\u0131 Ne\u015fe Kal\u0131nbacak 9. ki\u015fisel sanal sergisini a\u00e7t\u0131\",\"datePublished\":\"2022-08-27T12:20:59+00:00\",\"dateModified\":\"2025-04-24T00:02:45+00:00\",\"mainEntityOfPage\":{\"@id\":\"https:\/\/avrupapress.com\/main\/2022\/08\/27\/eskisehirli-rolyef-sanatcisi-nese-kalinbacak-9-kisisel-sanal-sergisini-acti\/\"},\"wordCount\":180,\"publisher\":{\"@id\":\"https:\/\/avrupapress.com\/#\/schema\/person\/0223dca19c72c43575bf30d1a2d8f4fa\"},\"image\":{\"@id\":\"https:\/\/avrupapress.com\/main\/2022\/08\/27\/eskisehirli-rolyef-sanatcisi-nese-kalinbacak-9-kisisel-sanal-sergisini-acti\/#primaryimage\"},\"thumbnailUrl\":\"https:\/\/avrupapress.com\/main\/wp-content\/uploads\/2022\/08\/thumbnail_IMG-20220818-WA0045.jpg\",\"articleSection\":[\"Avrupa\",\"Bel\u00e7ika\",\"D\u00fcnya\",\"Ekonomi\",\"K\u00fclt\u00fcr-Sanat\",\"Spor\",\"Tan\u0131t\u0131m\",\"T\u00fcrkiye\"],\"inLanguage\":\"fr-BE\"},{\"@type\":\"WebPage\",\"@id\":\"https:\/\/avrupapress.com\/main\/2022\/08\/27\/eskisehirli-rolyef-sanatcisi-nese-kalinbacak-9-kisisel-sanal-sergisini-acti\/\",\"url\":\"https:\/\/avrupapress.com\/main\/2022\/08\/27\/eskisehirli-rolyef-sanatcisi-nese-kalinbacak-9-kisisel-sanal-sergisini-acti\/\",\"name\":\"Eski\u015fehirli R\u00f6lyef Sanat\u00e7\u0131s\u0131 Ne\u015fe Kal\u0131nbacak 9. ki\u015fisel sanal sergisini a\u00e7t\u0131 - AvrupaPress\",\"isPartOf\":{\"@id\":\"https:\/\/avrupapress.com\/#website\"},\"primaryImageOfPage\":{\"@id\":\"https:\/\/avrupapress.com\/main\/2022\/08\/27\/eskisehirli-rolyef-sanatcisi-nese-kalinbacak-9-kisisel-sanal-sergisini-acti\/#primaryimage\"},\"image\":{\"@id\":\"https:\/\/avrupapress.com\/main\/2022\/08\/27\/eskisehirli-rolyef-sanatcisi-nese-kalinbacak-9-kisisel-sanal-sergisini-acti\/#primaryimage\"},\"thumbnailUrl\":\"https:\/\/avrupapress.com\/main\/wp-content\/uploads\/2022\/08\/thumbnail_IMG-20220818-WA0045.jpg\",\"datePublished\":\"2022-08-27T12:20:59+00:00\",\"dateModified\":\"2025-04-24T00:02:45+00:00\",\"breadcrumb\":{\"@id\":\"https:\/\/avrupapress.com\/main\/2022\/08\/27\/eskisehirli-rolyef-sanatcisi-nese-kalinbacak-9-kisisel-sanal-sergisini-acti\/#breadcrumb\"},\"inLanguage\":\"fr-BE\",\"potentialAction\":[{\"@type\":\"ReadAction\",\"target\":[\"https:\/\/avrupapress.com\/main\/2022\/08\/27\/eskisehirli-rolyef-sanatcisi-nese-kalinbacak-9-kisisel-sanal-sergisini-acti\/\"]}]},{\"@type\":\"ImageObject\",\"inLanguage\":\"fr-BE\",\"@id\":\"https:\/\/avrupapress.com\/main\/2022\/08\/27\/eskisehirli-rolyef-sanatcisi-nese-kalinbacak-9-kisisel-sanal-sergisini-acti\/#primaryimage\",\"url\":\"https:\/\/avrupapress.com\/main\/wp-content\/uploads\/2022\/08\/thumbnail_IMG-20220818-WA0045.jpg\",\"contentUrl\":\"https:\/\/avrupapress.com\/main\/wp-content\/uploads\/2022\/08\/thumbnail_IMG-20220818-WA0045.jpg\",\"width\":960,\"height\":641},{\"@type\":\"BreadcrumbList\",\"@id\":\"https:\/\/avrupapress.com\/main\/2022\/08\/27\/eskisehirli-rolyef-sanatcisi-nese-kalinbacak-9-kisisel-sanal-sergisini-acti\/#breadcrumb\",\"itemListElement\":[{\"@type\":\"ListItem\",\"position\":1,\"name\":\"Anasayfa\",\"item\":\"https:\/\/avrupapress.com\/\"},{\"@type\":\"ListItem\",\"position\":2,\"name\":\"Eski\u015fehirli R\u00f6lyef Sanat\u00e7\u0131s\u0131 Ne\u015fe Kal\u0131nbacak 9. ki\u015fisel sanal sergisini a\u00e7t\u0131\"}]},{\"@type\":\"WebSite\",\"@id\":\"https:\/\/avrupapress.com\/#website\",\"url\":\"https:\/\/avrupapress.com\/\",\"name\":\"AvrupaPress\",\"description\":\"Haberin Adresi\",\"publisher\":{\"@id\":\"https:\/\/avrupapress.com\/#\/schema\/person\/0223dca19c72c43575bf30d1a2d8f4fa\"},\"potentialAction\":[{\"@type\":\"SearchAction\",\"target\":{\"@type\":\"EntryPoint\",\"urlTemplate\":\"https:\/\/avrupapress.com\/?s={search_term_string}\"},\"query-input\":{\"@type\":\"PropertyValueSpecification\",\"valueRequired\":true,\"valueName\":\"search_term_string\"}}],\"inLanguage\":\"fr-BE\"},{\"@type\":[\"Person\",\"Organization\"],\"@id\":\"https:\/\/avrupapress.com\/#\/schema\/person\/0223dca19c72c43575bf30d1a2d8f4fa\",\"name\":\"Bilgin \u00d6z\u00e7ift\u00e7i\",\"image\":{\"@type\":\"ImageObject\",\"inLanguage\":\"fr-BE\",\"@id\":\"https:\/\/avrupapress.com\/#\/schema\/person\/image\/\",\"url\":\"https:\/\/secure.gravatar.com\/avatar\/0f23b280433a21e1ea7a0adcc46ed0ad16afe3ad8e630fd13d8a017dcbd54ef3?s=96&d=mm&r=g\",\"contentUrl\":\"https:\/\/secure.gravatar.com\/avatar\/0f23b280433a21e1ea7a0adcc46ed0ad16afe3ad8e630fd13d8a017dcbd54ef3?s=96&d=mm&r=g\",\"caption\":\"Bilgin \u00d6z\u00e7ift\u00e7i\"},\"logo\":{\"@id\":\"https:\/\/avrupapress.com\/#\/schema\/person\/image\/\"},\"description\":\"Ne ben, nede sen... Biz ancak \\\"biz\\\" olursak g\u00fc\u00e7l\u00fc olabiliriz\"},{\"@type\":\"Person\",\"@id\":\"https:\/\/avrupapress.com\/#\/schema\/person\/68428444ec60970d1e1b700cf4ca1e8f\",\"name\":\"Edit\u00f6r\",\"image\":{\"@type\":\"ImageObject\",\"inLanguage\":\"fr-BE\",\"@id\":\"https:\/\/avrupapress.com\/#\/schema\/person\/image\/\",\"url\":\"https:\/\/secure.gravatar.com\/avatar\/74996b0977aa5f1559ba9883776652508b229005c0d78fb2597897f0bd651c09?s=96&d=mm&r=g\",\"contentUrl\":\"https:\/\/secure.gravatar.com\/avatar\/74996b0977aa5f1559ba9883776652508b229005c0d78fb2597897f0bd651c09?s=96&d=mm&r=g\",\"caption\":\"Edit\u00f6r\"},\"sameAs\":[\"http:\/\/www.avrupapress.com\"],\"url\":\"https:\/\/avrupapress.com\/main\/author\/editor\/\"}]}<\/script>\n<!-- \/ Yoast SEO plugin. -->","yoast_head_json":{"title":"Eski\u015fehirli R\u00f6lyef Sanat\u00e7\u0131s\u0131 Ne\u015fe Kal\u0131nbacak 9. ki\u015fisel sanal sergisini a\u00e7t\u0131 - AvrupaPress","robots":{"index":"index","follow":"follow","max-snippet":"max-snippet:-1","max-image-preview":"max-image-preview:large","max-video-preview":"max-video-preview:-1"},"canonical":"https:\/\/avrupapress.com\/main\/2022\/08\/27\/eskisehirli-rolyef-sanatcisi-nese-kalinbacak-9-kisisel-sanal-sergisini-acti\/","og_locale":"fr_FR","og_type":"article","og_title":"Eski\u015fehirli R\u00f6lyef Sanat\u00e7\u0131s\u0131 Ne\u015fe Kal\u0131nbacak 9. ki\u015fisel sanal sergisini a\u00e7t\u0131 - AvrupaPress","og_description":"HABER \/ FOTO\u011eRAF: ERTU\u011eRUL ALTINEL \u2013 B\u0130LG\u0130N \u00d6Z\u00c7\u0130FT\u00c7\u0130 \u2013 AVRUPA PRESS \u2013 BEL\u00c7\u0130KA Eski\u015fehirli R\u00f6lyef Sanat\u00e7\u0131s\u0131 Ne\u015fe Kal\u0131nbacak 9. ki\u015fisel sanal sergisini sanal ortamda a\u00e7t\u0131. Eski\u015fehirli R\u00f6lyef Sanat\u00e7\u0131s\u0131 Ne\u015fe Kal\u0131nbacak 9. ki\u015fisel sanal sergisinin a\u00e7\u0131l\u0131\u015f\u0131 ile ilgili \u015funlar\u0131 s\u00f6yledi: \u2018\u2019Kendi el eme\u011fimle haz\u0131rlad\u0131\u011f\u0131m 34 tane eserimi, sanal ortamda haz\u0131rlayarak sergimi a\u00e7t\u0131m. Sergimde; el yap\u0131m\u0131 k\u00e2\u011f\u0131ttan [&hellip;]","og_url":"https:\/\/avrupapress.com\/main\/2022\/08\/27\/eskisehirli-rolyef-sanatcisi-nese-kalinbacak-9-kisisel-sanal-sergisini-acti\/","og_site_name":"AvrupaPress","article_published_time":"2022-08-27T12:20:59+00:00","article_modified_time":"2025-04-24T00:02:45+00:00","og_image":[{"width":960,"height":641,"url":"https:\/\/avrupapress.com\/main\/wp-content\/uploads\/2022\/08\/thumbnail_IMG-20220818-WA0045.jpg","type":"image\/jpeg"}],"author":"Edit\u00f6r","twitter_card":"summary_large_image","twitter_misc":{"\u00c9crit par":"Edit\u00f6r","Dur\u00e9e de lecture est.":"2 minutes"},"schema":{"@context":"https:\/\/schema.org","@graph":[{"@type":"Article","@id":"https:\/\/avrupapress.com\/main\/2022\/08\/27\/eskisehirli-rolyef-sanatcisi-nese-kalinbacak-9-kisisel-sanal-sergisini-acti\/#article","isPartOf":{"@id":"https:\/\/avrupapress.com\/main\/2022\/08\/27\/eskisehirli-rolyef-sanatcisi-nese-kalinbacak-9-kisisel-sanal-sergisini-acti\/"},"author":{"name":"Edit\u00f6r","@id":"https:\/\/avrupapress.com\/#\/schema\/person\/68428444ec60970d1e1b700cf4ca1e8f"},"headline":"Eski\u015fehirli R\u00f6lyef Sanat\u00e7\u0131s\u0131 Ne\u015fe Kal\u0131nbacak 9. ki\u015fisel sanal sergisini a\u00e7t\u0131","datePublished":"2022-08-27T12:20:59+00:00","dateModified":"2025-04-24T00:02:45+00:00","mainEntityOfPage":{"@id":"https:\/\/avrupapress.com\/main\/2022\/08\/27\/eskisehirli-rolyef-sanatcisi-nese-kalinbacak-9-kisisel-sanal-sergisini-acti\/"},"wordCount":180,"publisher":{"@id":"https:\/\/avrupapress.com\/#\/schema\/person\/0223dca19c72c43575bf30d1a2d8f4fa"},"image":{"@id":"https:\/\/avrupapress.com\/main\/2022\/08\/27\/eskisehirli-rolyef-sanatcisi-nese-kalinbacak-9-kisisel-sanal-sergisini-acti\/#primaryimage"},"thumbnailUrl":"https:\/\/avrupapress.com\/main\/wp-content\/uploads\/2022\/08\/thumbnail_IMG-20220818-WA0045.jpg","articleSection":["Avrupa","Bel\u00e7ika","D\u00fcnya","Ekonomi","K\u00fclt\u00fcr-Sanat","Spor","Tan\u0131t\u0131m","T\u00fcrkiye"],"inLanguage":"fr-BE"},{"@type":"WebPage","@id":"https:\/\/avrupapress.com\/main\/2022\/08\/27\/eskisehirli-rolyef-sanatcisi-nese-kalinbacak-9-kisisel-sanal-sergisini-acti\/","url":"https:\/\/avrupapress.com\/main\/2022\/08\/27\/eskisehirli-rolyef-sanatcisi-nese-kalinbacak-9-kisisel-sanal-sergisini-acti\/","name":"Eski\u015fehirli R\u00f6lyef Sanat\u00e7\u0131s\u0131 Ne\u015fe Kal\u0131nbacak 9. ki\u015fisel sanal sergisini a\u00e7t\u0131 - AvrupaPress","isPartOf":{"@id":"https:\/\/avrupapress.com\/#website"},"primaryImageOfPage":{"@id":"https:\/\/avrupapress.com\/main\/2022\/08\/27\/eskisehirli-rolyef-sanatcisi-nese-kalinbacak-9-kisisel-sanal-sergisini-acti\/#primaryimage"},"image":{"@id":"https:\/\/avrupapress.com\/main\/2022\/08\/27\/eskisehirli-rolyef-sanatcisi-nese-kalinbacak-9-kisisel-sanal-sergisini-acti\/#primaryimage"},"thumbnailUrl":"https:\/\/avrupapress.com\/main\/wp-content\/uploads\/2022\/08\/thumbnail_IMG-20220818-WA0045.jpg","datePublished":"2022-08-27T12:20:59+00:00","dateModified":"2025-04-24T00:02:45+00:00","breadcrumb":{"@id":"https:\/\/avrupapress.com\/main\/2022\/08\/27\/eskisehirli-rolyef-sanatcisi-nese-kalinbacak-9-kisisel-sanal-sergisini-acti\/#breadcrumb"},"inLanguage":"fr-BE","potentialAction":[{"@type":"ReadAction","target":["https:\/\/avrupapress.com\/main\/2022\/08\/27\/eskisehirli-rolyef-sanatcisi-nese-kalinbacak-9-kisisel-sanal-sergisini-acti\/"]}]},{"@type":"ImageObject","inLanguage":"fr-BE","@id":"https:\/\/avrupapress.com\/main\/2022\/08\/27\/eskisehirli-rolyef-sanatcisi-nese-kalinbacak-9-kisisel-sanal-sergisini-acti\/#primaryimage","url":"https:\/\/avrupapress.com\/main\/wp-content\/uploads\/2022\/08\/thumbnail_IMG-20220818-WA0045.jpg","contentUrl":"https:\/\/avrupapress.com\/main\/wp-content\/uploads\/2022\/08\/thumbnail_IMG-20220818-WA0045.jpg","width":960,"height":641},{"@type":"BreadcrumbList","@id":"https:\/\/avrupapress.com\/main\/2022\/08\/27\/eskisehirli-rolyef-sanatcisi-nese-kalinbacak-9-kisisel-sanal-sergisini-acti\/#breadcrumb","itemListElement":[{"@type":"ListItem","position":1,"name":"Anasayfa","item":"https:\/\/avrupapress.com\/"},{"@type":"ListItem","position":2,"name":"Eski\u015fehirli R\u00f6lyef Sanat\u00e7\u0131s\u0131 Ne\u015fe Kal\u0131nbacak 9. ki\u015fisel sanal sergisini a\u00e7t\u0131"}]},{"@type":"WebSite","@id":"https:\/\/avrupapress.com\/#website","url":"https:\/\/avrupapress.com\/","name":"AvrupaPress","description":"Haberin Adresi","publisher":{"@id":"https:\/\/avrupapress.com\/#\/schema\/person\/0223dca19c72c43575bf30d1a2d8f4fa"},"potentialAction":[{"@type":"SearchAction","target":{"@type":"EntryPoint","urlTemplate":"https:\/\/avrupapress.com\/?s={search_term_string}"},"query-input":{"@type":"PropertyValueSpecification","valueRequired":true,"valueName":"search_term_string"}}],"inLanguage":"fr-BE"},{"@type":["Person","Organization"],"@id":"https:\/\/avrupapress.com\/#\/schema\/person\/0223dca19c72c43575bf30d1a2d8f4fa","name":"Bilgin \u00d6z\u00e7ift\u00e7i","image":{"@type":"ImageObject","inLanguage":"fr-BE","@id":"https:\/\/avrupapress.com\/#\/schema\/person\/image\/","url":"https:\/\/secure.gravatar.com\/avatar\/0f23b280433a21e1ea7a0adcc46ed0ad16afe3ad8e630fd13d8a017dcbd54ef3?s=96&d=mm&r=g","contentUrl":"https:\/\/secure.gravatar.com\/avatar\/0f23b280433a21e1ea7a0adcc46ed0ad16afe3ad8e630fd13d8a017dcbd54ef3?s=96&d=mm&r=g","caption":"Bilgin \u00d6z\u00e7ift\u00e7i"},"logo":{"@id":"https:\/\/avrupapress.com\/#\/schema\/person\/image\/"},"description":"Ne ben, nede sen... Biz ancak \"biz\" olursak g\u00fc\u00e7l\u00fc olabiliriz"},{"@type":"Person","@id":"https:\/\/avrupapress.com\/#\/schema\/person\/68428444ec60970d1e1b700cf4ca1e8f","name":"Edit\u00f6r","image":{"@type":"ImageObject","inLanguage":"fr-BE","@id":"https:\/\/avrupapress.com\/#\/schema\/person\/image\/","url":"https:\/\/secure.gravatar.com\/avatar\/74996b0977aa5f1559ba9883776652508b229005c0d78fb2597897f0bd651c09?s=96&d=mm&r=g","contentUrl":"https:\/\/secure.gravatar.com\/avatar\/74996b0977aa5f1559ba9883776652508b229005c0d78fb2597897f0bd651c09?s=96&d=mm&r=g","caption":"Edit\u00f6r"},"sameAs":["http:\/\/www.avrupapress.com"],"url":"https:\/\/avrupapress.com\/main\/author\/editor\/"}]}},"_links":{"self":[{"href":"https:\/\/avrupapress.com\/main\/wp-json\/wp\/v2\/posts\/19846","targetHints":{"allow":["GET"]}}],"collection":[{"href":"https:\/\/avrupapress.com\/main\/wp-json\/wp\/v2\/posts"}],"about":[{"href":"https:\/\/avrupapress.com\/main\/wp-json\/wp\/v2\/types\/post"}],"author":[{"embeddable":true,"href":"https:\/\/avrupapress.com\/main\/wp-json\/wp\/v2\/users\/3"}],"replies":[{"embeddable":true,"href":"https:\/\/avrupapress.com\/main\/wp-json\/wp\/v2\/comments?post=19846"}],"version-history":[{"count":2,"href":"https:\/\/avrupapress.com\/main\/wp-json\/wp\/v2\/posts\/19846\/revisions"}],"predecessor-version":[{"id":29120,"href":"https:\/\/avrupapress.com\/main\/wp-json\/wp\/v2\/posts\/19846\/revisions\/29120"}],"wp:featuredmedia":[{"embeddable":true,"href":"https:\/\/avrupapress.com\/main\/wp-json\/wp\/v2\/media\/19847"}],"wp:attachment":[{"href":"https:\/\/avrupapress.com\/main\/wp-json\/wp\/v2\/media?parent=19846"}],"wp:term":[{"taxonomy":"category","embeddable":true,"href":"https:\/\/avrupapress.com\/main\/wp-json\/wp\/v2\/categories?post=19846"},{"taxonomy":"post_tag","embeddable":true,"href":"https:\/\/avrupapress.com\/main\/wp-json\/wp\/v2\/tags?post=19846"}],"curies":[{"name":"wp","href":"https:\/\/api.w.org\/{rel}","templated":true}]}}