{"id":19840,"date":"2022-08-27T12:17:39","date_gmt":"2022-08-27T12:17:39","guid":{"rendered":"https:\/\/avrupapress.com\/main\/?p=19840"},"modified":"2022-08-27T12:17:48","modified_gmt":"2022-08-27T12:17:48","slug":"eybilderden-asure-ikrami","status":"publish","type":"post","link":"https:\/\/avrupapress.com\/main\/2022\/08\/27\/eybilderden-asure-ikrami\/","title":{"rendered":"EYB\u0130LDER\u2019den \u2018a\u015fure ikram\u0131\u2019"},"content":{"rendered":"<p><b>HABER \/ FOTO\u011eRAF: ERTU\u011eRUL ALTINEL \u2013 B\u0130LG\u0130N \u00d6Z\u00c7\u0130FT\u00c7\u0130 \u2013 AVRUPA PRESS \u2013 BEL\u00c7\u0130KA<\/b><\/p>\n<p class=\"x_MsoNormal\"><b>Eski\u015fehir\u2019de Ya\u015fayan Bilecikler Derne\u011fi (EYB\u0130LDER)\u2019nin her y\u0131l geleneksel hale getirdi\u011fi \u2018a\u015fure ikram\u0131\u2019 bu y\u0131l da ger\u00e7ekle\u015ftirildi. A\u015fure ikram\u0131na, Eski\u015fehir\u2019de Ya\u015fayan Bilecikliler yo\u011fun ilgi g\u00f6sterdi.<\/b><\/p>\n<p class=\"x_MsoNormal\"><b>Eski\u015fehir\u2019de Ya\u015fayan Bilecikliler, birlik ve beraberlik i\u00e7in A\u015fure payla\u015f\u0131m\u0131 yapt\u0131lar. A\u015fure ikram\u0131 dernek binas\u0131nda ger\u00e7ekle\u015ftirildi. Dernek \u00fcyesi a\u015f\u00e7\u0131lar\u0131n yapm\u0131\u015f oldu\u011fu a\u015fure ikram\u0131, a\u015fure etkinli\u011fine kat\u0131lan herkese ikram edildi.<\/b><\/p>\n<p class=\"x_MsoNormal\"><b>Dernek ba\u015fkan\u0131 Davut M\u00fclayim etkinlikte yapt\u0131\u011f\u0131 konu\u015fmas\u0131nda, \u2018\u2019Muharrem ay\u0131, Kur&rsquo;an-\u0131 Kerim de k\u0131ymet verilen d\u00f6rt aydan biridir. \u2018A\u015fure G\u00fcn\u00fc\u2019\u00a0 hicr\u00ee takvimin ilk ay\u0131 olan Muharrem ay\u0131n\u0131n onuncu g\u00fcn\u00fcd\u00fcr. Payla\u015fman\u0131n, dayan\u0131\u015fman\u0131n, ho\u015fg\u00f6r\u00fcn\u00fcn, birlikteli\u011fin ve sevginin ifadesi, bolluk ve bereketin simgesi olan a\u015fure gelene\u011fi as\u0131rlard\u0131r devam etmektedir. Bug\u00fcn \u0130sl\u00e2m \u00e2lemi a\u00e7\u0131s\u0131nda bir\u00e7ok \u00f6nemli olaylar\u0131n ger\u00e7ekle\u015fti\u011fi bir g\u00fcnd\u00fcr. A\u015furenin anlam\u0131, toplumumuz i\u00e7in bug\u00fcn her zamankinden daha fazla \u00f6nem ta\u015f\u0131maktad\u0131r.\u00a0 Birbirinden farkl\u0131 tatlar\u0131 ayn\u0131 kazanda kaynat\u0131p, a\u015fure a\u015f\u0131 yapmaya, birlikte ya\u015faman\u0131n sembol\u00fcn\u00fc tadarken muhabbeti payla\u015fmaya devam etmektedir. Bizde dernek olarak;\u00a0 bu de\u011ferlere sahip \u00e7\u0131k\u0131p birlik ve beraberli\u011fimizin devam\u0131n\u0131 sa\u011flamak i\u00e7in, a\u015fure etkinli\u011fine ev sahipli\u011fi yapt\u0131k. Etkinli\u011fimize katk\u0131da bulunan dernek y\u00f6netimi ve hay\u0131rseverlere, derne\u011fimize gelip a\u015fure a\u015f\u0131m\u0131zdan yiyen herkese \u00e7ok te\u015fekk\u00fcr ederiz. A\u015fure g\u00fcn\u00fc t\u00fcm hastal\u0131klar\u0131m\u0131za ve dertlerimize \u015fifa olsun\u2019\u2019 dedi.<\/b><\/p>\n<p><img loading=\"lazy\" decoding=\"async\" class=\"alignnone size-medium wp-image-19841\" src=\"https:\/\/avrupapress.com\/main\/wp-content\/uploads\/2022\/08\/thumbnail_EYBILDERden-\u2018asure-ikrami-3-300x181.jpg\" alt=\"\" width=\"300\" height=\"181\" srcset=\"https:\/\/avrupapress.com\/main\/wp-content\/uploads\/2022\/08\/thumbnail_EYBILDERden-\u2018asure-ikrami-3-300x181.jpg 300w, https:\/\/avrupapress.com\/main\/wp-content\/uploads\/2022\/08\/thumbnail_EYBILDERden-\u2018asure-ikrami-3-1024x617.jpg 1024w, https:\/\/avrupapress.com\/main\/wp-content\/uploads\/2022\/08\/thumbnail_EYBILDERden-\u2018asure-ikrami-3-768x463.jpg 768w, https:\/\/avrupapress.com\/main\/wp-content\/uploads\/2022\/08\/thumbnail_EYBILDERden-\u2018asure-ikrami-3.jpg 1280w\" sizes=\"auto, (max-width: 300px) 100vw, 300px\" \/><\/p>\n<p><img loading=\"lazy\" decoding=\"async\" class=\"alignnone size-medium wp-image-19842\" src=\"https:\/\/avrupapress.com\/main\/wp-content\/uploads\/2022\/08\/EYBILDERden-\u2018asure-ikrami-2-300x169.jpg\" alt=\"\" width=\"300\" height=\"169\" srcset=\"https:\/\/avrupapress.com\/main\/wp-content\/uploads\/2022\/08\/EYBILDERden-\u2018asure-ikrami-2-300x169.jpg 300w, https:\/\/avrupapress.com\/main\/wp-content\/uploads\/2022\/08\/EYBILDERden-\u2018asure-ikrami-2-1024x576.jpg 1024w, https:\/\/avrupapress.com\/main\/wp-content\/uploads\/2022\/08\/EYBILDERden-\u2018asure-ikrami-2-768x432.jpg 768w, https:\/\/avrupapress.com\/main\/wp-content\/uploads\/2022\/08\/EYBILDERden-\u2018asure-ikrami-2-1536x864.jpg 1536w, https:\/\/avrupapress.com\/main\/wp-content\/uploads\/2022\/08\/EYBILDERden-\u2018asure-ikrami-2-740x420.jpg 740w, https:\/\/avrupapress.com\/main\/wp-content\/uploads\/2022\/08\/EYBILDERden-\u2018asure-ikrami-2.jpg 1600w\" sizes=\"auto, (max-width: 300px) 100vw, 300px\" \/><\/p>\n<p><img loading=\"lazy\" decoding=\"async\" class=\"alignnone size-medium wp-image-19843\" src=\"https:\/\/avrupapress.com\/main\/wp-content\/uploads\/2022\/08\/thumbnail_EYBILDERden-\u2018asure-ikrami-3-1-300x181.jpg\" alt=\"\" width=\"300\" height=\"181\" srcset=\"https:\/\/avrupapress.com\/main\/wp-content\/uploads\/2022\/08\/thumbnail_EYBILDERden-\u2018asure-ikrami-3-1-300x181.jpg 300w, https:\/\/avrupapress.com\/main\/wp-content\/uploads\/2022\/08\/thumbnail_EYBILDERden-\u2018asure-ikrami-3-1-1024x617.jpg 1024w, https:\/\/avrupapress.com\/main\/wp-content\/uploads\/2022\/08\/thumbnail_EYBILDERden-\u2018asure-ikrami-3-1-768x463.jpg 768w, https:\/\/avrupapress.com\/main\/wp-content\/uploads\/2022\/08\/thumbnail_EYBILDERden-\u2018asure-ikrami-3-1.jpg 1280w\" sizes=\"auto, (max-width: 300px) 100vw, 300px\" \/><\/p>\n<p><img loading=\"lazy\" decoding=\"async\" class=\"alignnone size-medium wp-image-19844\" src=\"https:\/\/avrupapress.com\/main\/wp-content\/uploads\/2022\/08\/thumbnail_EYBILDERden-\u2018asure-ikrami-4-300x221.jpg\" alt=\"\" width=\"300\" height=\"221\" srcset=\"https:\/\/avrupapress.com\/main\/wp-content\/uploads\/2022\/08\/thumbnail_EYBILDERden-\u2018asure-ikrami-4-300x221.jpg 300w, https:\/\/avrupapress.com\/main\/wp-content\/uploads\/2022\/08\/thumbnail_EYBILDERden-\u2018asure-ikrami-4-1024x755.jpg 1024w, https:\/\/avrupapress.com\/main\/wp-content\/uploads\/2022\/08\/thumbnail_EYBILDERden-\u2018asure-ikrami-4-768x566.jpg 768w, https:\/\/avrupapress.com\/main\/wp-content\/uploads\/2022\/08\/thumbnail_EYBILDERden-\u2018asure-ikrami-4.jpg 1280w\" sizes=\"auto, (max-width: 300px) 100vw, 300px\" \/><\/p>\n<p>&nbsp;<\/p>\n<p class=\"x_MsoNormal\"><b>HABER \/ FOTO\u011eRAF: ERTU\u011eRUL ALTINEL \u2013 B\u0130LG\u0130N \u00d6Z\u00c7\u0130FT\u00c7\u0130 \u2013 AVRUPA PRESS \u2013 BEL\u00c7\u0130KA<\/b><\/p>\n","protected":false},"excerpt":{"rendered":"<p>HABER \/ FOTO\u011eRAF: ERTU\u011eRUL ALTINEL \u2013 B\u0130LG\u0130N \u00d6Z\u00c7\u0130FT\u00c7\u0130 \u2013 AVRUPA PRESS \u2013 BEL\u00c7\u0130KA Eski\u015fehir\u2019de Ya\u015fayan Bilecikler Derne\u011fi (EYB\u0130LDER)\u2019nin her y\u0131l geleneksel hale getirdi\u011fi \u2018a\u015fure ikram\u0131\u2019 bu y\u0131l da ger\u00e7ekle\u015ftirildi. A\u015fure ikram\u0131na, Eski\u015fehir\u2019de Ya\u015fayan Bilecikliler yo\u011fun ilgi g\u00f6sterdi. Eski\u015fehir\u2019de Ya\u015fayan Bilecikliler, birlik ve beraberlik i\u00e7in A\u015fure payla\u015f\u0131m\u0131 yapt\u0131lar. A\u015fure ikram\u0131 dernek binas\u0131nda ger\u00e7ekle\u015ftirildi. Dernek \u00fcyesi a\u015f\u00e7\u0131lar\u0131n [&hellip;]<\/p>\n","protected":false},"author":3,"featured_media":19843,"comment_status":"closed","ping_status":"open","sticky":false,"template":"","format":"standard","meta":{"footnotes":""},"categories":[14,16,3,17,18,15,19,2],"tags":[],"class_list":["post-19840","post","type-post","status-publish","format-standard","has-post-thumbnail","hentry","category-avrupa","category-belcika","category-dunya","category-ekonomi","category-kultur-sanat","category-spor","category-tanitim","category-turkiye"],"yoast_head":"<!-- This site is optimized with the Yoast SEO plugin v26.9 - https:\/\/yoast.com\/product\/yoast-seo-wordpress\/ -->\n<title>EYB\u0130LDER\u2019den \u2018a\u015fure ikram\u0131\u2019 - AvrupaPress<\/title>\n<meta name=\"robots\" content=\"index, follow, max-snippet:-1, max-image-preview:large, max-video-preview:-1\" \/>\n<link rel=\"canonical\" href=\"https:\/\/avrupapress.com\/main\/2022\/08\/27\/eybilderden-asure-ikrami\/\" \/>\n<meta property=\"og:locale\" content=\"fr_FR\" \/>\n<meta property=\"og:type\" content=\"article\" \/>\n<meta property=\"og:title\" content=\"EYB\u0130LDER\u2019den \u2018a\u015fure ikram\u0131\u2019 - AvrupaPress\" \/>\n<meta property=\"og:description\" content=\"HABER \/ FOTO\u011eRAF: ERTU\u011eRUL ALTINEL \u2013 B\u0130LG\u0130N \u00d6Z\u00c7\u0130FT\u00c7\u0130 \u2013 AVRUPA PRESS \u2013 BEL\u00c7\u0130KA Eski\u015fehir\u2019de Ya\u015fayan Bilecikler Derne\u011fi (EYB\u0130LDER)\u2019nin her y\u0131l geleneksel hale getirdi\u011fi \u2018a\u015fure ikram\u0131\u2019 bu y\u0131l da ger\u00e7ekle\u015ftirildi. A\u015fure ikram\u0131na, Eski\u015fehir\u2019de Ya\u015fayan Bilecikliler yo\u011fun ilgi g\u00f6sterdi. Eski\u015fehir\u2019de Ya\u015fayan Bilecikliler, birlik ve beraberlik i\u00e7in A\u015fure payla\u015f\u0131m\u0131 yapt\u0131lar. A\u015fure ikram\u0131 dernek binas\u0131nda ger\u00e7ekle\u015ftirildi. Dernek \u00fcyesi a\u015f\u00e7\u0131lar\u0131n [&hellip;]\" \/>\n<meta property=\"og:url\" content=\"https:\/\/avrupapress.com\/main\/2022\/08\/27\/eybilderden-asure-ikrami\/\" \/>\n<meta property=\"og:site_name\" content=\"AvrupaPress\" \/>\n<meta property=\"article:published_time\" content=\"2022-08-27T12:17:39+00:00\" \/>\n<meta property=\"article:modified_time\" content=\"2022-08-27T12:17:48+00:00\" \/>\n<meta property=\"og:image\" content=\"https:\/\/avrupapress.com\/main\/wp-content\/uploads\/2022\/08\/thumbnail_EYBILDERden-\u2018asure-ikrami-3-1.jpg\" \/>\n\t<meta property=\"og:image:width\" content=\"1280\" \/>\n\t<meta property=\"og:image:height\" content=\"771\" \/>\n\t<meta property=\"og:image:type\" content=\"image\/jpeg\" \/>\n<meta name=\"author\" content=\"Edit\u00f6r\" \/>\n<meta name=\"twitter:card\" content=\"summary_large_image\" \/>\n<meta name=\"twitter:label1\" content=\"\u00c9crit par\" \/>\n\t<meta name=\"twitter:data1\" content=\"Edit\u00f6r\" \/>\n\t<meta name=\"twitter:label2\" content=\"Dur\u00e9e de lecture est.\" \/>\n\t<meta name=\"twitter:data2\" content=\"2 minutes\" \/>\n<script type=\"application\/ld+json\" class=\"yoast-schema-graph\">{\"@context\":\"https:\/\/schema.org\",\"@graph\":[{\"@type\":\"Article\",\"@id\":\"https:\/\/avrupapress.com\/main\/2022\/08\/27\/eybilderden-asure-ikrami\/#article\",\"isPartOf\":{\"@id\":\"https:\/\/avrupapress.com\/main\/2022\/08\/27\/eybilderden-asure-ikrami\/\"},\"author\":{\"name\":\"Edit\u00f6r\",\"@id\":\"https:\/\/avrupapress.com\/#\/schema\/person\/68428444ec60970d1e1b700cf4ca1e8f\"},\"headline\":\"EYB\u0130LDER\u2019den \u2018a\u015fure ikram\u0131\u2019\",\"datePublished\":\"2022-08-27T12:17:39+00:00\",\"dateModified\":\"2022-08-27T12:17:48+00:00\",\"mainEntityOfPage\":{\"@id\":\"https:\/\/avrupapress.com\/main\/2022\/08\/27\/eybilderden-asure-ikrami\/\"},\"wordCount\":326,\"publisher\":{\"@id\":\"https:\/\/avrupapress.com\/#\/schema\/person\/0223dca19c72c43575bf30d1a2d8f4fa\"},\"image\":{\"@id\":\"https:\/\/avrupapress.com\/main\/2022\/08\/27\/eybilderden-asure-ikrami\/#primaryimage\"},\"thumbnailUrl\":\"https:\/\/avrupapress.com\/main\/wp-content\/uploads\/2022\/08\/thumbnail_EYBILDERden-\u2018asure-ikrami-3-1.jpg\",\"articleSection\":[\"Avrupa\",\"Bel\u00e7ika\",\"D\u00fcnya\",\"Ekonomi\",\"K\u00fclt\u00fcr-Sanat\",\"Spor\",\"Tan\u0131t\u0131m\",\"T\u00fcrkiye\"],\"inLanguage\":\"fr-BE\"},{\"@type\":\"WebPage\",\"@id\":\"https:\/\/avrupapress.com\/main\/2022\/08\/27\/eybilderden-asure-ikrami\/\",\"url\":\"https:\/\/avrupapress.com\/main\/2022\/08\/27\/eybilderden-asure-ikrami\/\",\"name\":\"EYB\u0130LDER\u2019den \u2018a\u015fure ikram\u0131\u2019 - AvrupaPress\",\"isPartOf\":{\"@id\":\"https:\/\/avrupapress.com\/#website\"},\"primaryImageOfPage\":{\"@id\":\"https:\/\/avrupapress.com\/main\/2022\/08\/27\/eybilderden-asure-ikrami\/#primaryimage\"},\"image\":{\"@id\":\"https:\/\/avrupapress.com\/main\/2022\/08\/27\/eybilderden-asure-ikrami\/#primaryimage\"},\"thumbnailUrl\":\"https:\/\/avrupapress.com\/main\/wp-content\/uploads\/2022\/08\/thumbnail_EYBILDERden-\u2018asure-ikrami-3-1.jpg\",\"datePublished\":\"2022-08-27T12:17:39+00:00\",\"dateModified\":\"2022-08-27T12:17:48+00:00\",\"breadcrumb\":{\"@id\":\"https:\/\/avrupapress.com\/main\/2022\/08\/27\/eybilderden-asure-ikrami\/#breadcrumb\"},\"inLanguage\":\"fr-BE\",\"potentialAction\":[{\"@type\":\"ReadAction\",\"target\":[\"https:\/\/avrupapress.com\/main\/2022\/08\/27\/eybilderden-asure-ikrami\/\"]}]},{\"@type\":\"ImageObject\",\"inLanguage\":\"fr-BE\",\"@id\":\"https:\/\/avrupapress.com\/main\/2022\/08\/27\/eybilderden-asure-ikrami\/#primaryimage\",\"url\":\"https:\/\/avrupapress.com\/main\/wp-content\/uploads\/2022\/08\/thumbnail_EYBILDERden-\u2018asure-ikrami-3-1.jpg\",\"contentUrl\":\"https:\/\/avrupapress.com\/main\/wp-content\/uploads\/2022\/08\/thumbnail_EYBILDERden-\u2018asure-ikrami-3-1.jpg\",\"width\":1280,\"height\":771},{\"@type\":\"BreadcrumbList\",\"@id\":\"https:\/\/avrupapress.com\/main\/2022\/08\/27\/eybilderden-asure-ikrami\/#breadcrumb\",\"itemListElement\":[{\"@type\":\"ListItem\",\"position\":1,\"name\":\"Anasayfa\",\"item\":\"https:\/\/avrupapress.com\/\"},{\"@type\":\"ListItem\",\"position\":2,\"name\":\"EYB\u0130LDER\u2019den \u2018a\u015fure ikram\u0131\u2019\"}]},{\"@type\":\"WebSite\",\"@id\":\"https:\/\/avrupapress.com\/#website\",\"url\":\"https:\/\/avrupapress.com\/\",\"name\":\"AvrupaPress\",\"description\":\"Haberin Adresi\",\"publisher\":{\"@id\":\"https:\/\/avrupapress.com\/#\/schema\/person\/0223dca19c72c43575bf30d1a2d8f4fa\"},\"potentialAction\":[{\"@type\":\"SearchAction\",\"target\":{\"@type\":\"EntryPoint\",\"urlTemplate\":\"https:\/\/avrupapress.com\/?s={search_term_string}\"},\"query-input\":{\"@type\":\"PropertyValueSpecification\",\"valueRequired\":true,\"valueName\":\"search_term_string\"}}],\"inLanguage\":\"fr-BE\"},{\"@type\":[\"Person\",\"Organization\"],\"@id\":\"https:\/\/avrupapress.com\/#\/schema\/person\/0223dca19c72c43575bf30d1a2d8f4fa\",\"name\":\"Bilgin \u00d6z\u00e7ift\u00e7i\",\"image\":{\"@type\":\"ImageObject\",\"inLanguage\":\"fr-BE\",\"@id\":\"https:\/\/avrupapress.com\/#\/schema\/person\/image\/\",\"url\":\"https:\/\/secure.gravatar.com\/avatar\/0f23b280433a21e1ea7a0adcc46ed0ad16afe3ad8e630fd13d8a017dcbd54ef3?s=96&d=mm&r=g\",\"contentUrl\":\"https:\/\/secure.gravatar.com\/avatar\/0f23b280433a21e1ea7a0adcc46ed0ad16afe3ad8e630fd13d8a017dcbd54ef3?s=96&d=mm&r=g\",\"caption\":\"Bilgin \u00d6z\u00e7ift\u00e7i\"},\"logo\":{\"@id\":\"https:\/\/avrupapress.com\/#\/schema\/person\/image\/\"},\"description\":\"Ne ben, nede sen... Biz ancak \\\"biz\\\" olursak g\u00fc\u00e7l\u00fc olabiliriz\"},{\"@type\":\"Person\",\"@id\":\"https:\/\/avrupapress.com\/#\/schema\/person\/68428444ec60970d1e1b700cf4ca1e8f\",\"name\":\"Edit\u00f6r\",\"image\":{\"@type\":\"ImageObject\",\"inLanguage\":\"fr-BE\",\"@id\":\"https:\/\/avrupapress.com\/#\/schema\/person\/image\/\",\"url\":\"https:\/\/secure.gravatar.com\/avatar\/74996b0977aa5f1559ba9883776652508b229005c0d78fb2597897f0bd651c09?s=96&d=mm&r=g\",\"contentUrl\":\"https:\/\/secure.gravatar.com\/avatar\/74996b0977aa5f1559ba9883776652508b229005c0d78fb2597897f0bd651c09?s=96&d=mm&r=g\",\"caption\":\"Edit\u00f6r\"},\"sameAs\":[\"http:\/\/www.avrupapress.com\"],\"url\":\"https:\/\/avrupapress.com\/main\/author\/editor\/\"}]}<\/script>\n<!-- \/ Yoast SEO plugin. -->","yoast_head_json":{"title":"EYB\u0130LDER\u2019den \u2018a\u015fure ikram\u0131\u2019 - AvrupaPress","robots":{"index":"index","follow":"follow","max-snippet":"max-snippet:-1","max-image-preview":"max-image-preview:large","max-video-preview":"max-video-preview:-1"},"canonical":"https:\/\/avrupapress.com\/main\/2022\/08\/27\/eybilderden-asure-ikrami\/","og_locale":"fr_FR","og_type":"article","og_title":"EYB\u0130LDER\u2019den \u2018a\u015fure ikram\u0131\u2019 - AvrupaPress","og_description":"HABER \/ FOTO\u011eRAF: ERTU\u011eRUL ALTINEL \u2013 B\u0130LG\u0130N \u00d6Z\u00c7\u0130FT\u00c7\u0130 \u2013 AVRUPA PRESS \u2013 BEL\u00c7\u0130KA Eski\u015fehir\u2019de Ya\u015fayan Bilecikler Derne\u011fi (EYB\u0130LDER)\u2019nin her y\u0131l geleneksel hale getirdi\u011fi \u2018a\u015fure ikram\u0131\u2019 bu y\u0131l da ger\u00e7ekle\u015ftirildi. A\u015fure ikram\u0131na, Eski\u015fehir\u2019de Ya\u015fayan Bilecikliler yo\u011fun ilgi g\u00f6sterdi. Eski\u015fehir\u2019de Ya\u015fayan Bilecikliler, birlik ve beraberlik i\u00e7in A\u015fure payla\u015f\u0131m\u0131 yapt\u0131lar. A\u015fure ikram\u0131 dernek binas\u0131nda ger\u00e7ekle\u015ftirildi. Dernek \u00fcyesi a\u015f\u00e7\u0131lar\u0131n [&hellip;]","og_url":"https:\/\/avrupapress.com\/main\/2022\/08\/27\/eybilderden-asure-ikrami\/","og_site_name":"AvrupaPress","article_published_time":"2022-08-27T12:17:39+00:00","article_modified_time":"2022-08-27T12:17:48+00:00","og_image":[{"width":1280,"height":771,"url":"https:\/\/avrupapress.com\/main\/wp-content\/uploads\/2022\/08\/thumbnail_EYBILDERden-\u2018asure-ikrami-3-1.jpg","type":"image\/jpeg"}],"author":"Edit\u00f6r","twitter_card":"summary_large_image","twitter_misc":{"\u00c9crit par":"Edit\u00f6r","Dur\u00e9e de lecture est.":"2 minutes"},"schema":{"@context":"https:\/\/schema.org","@graph":[{"@type":"Article","@id":"https:\/\/avrupapress.com\/main\/2022\/08\/27\/eybilderden-asure-ikrami\/#article","isPartOf":{"@id":"https:\/\/avrupapress.com\/main\/2022\/08\/27\/eybilderden-asure-ikrami\/"},"author":{"name":"Edit\u00f6r","@id":"https:\/\/avrupapress.com\/#\/schema\/person\/68428444ec60970d1e1b700cf4ca1e8f"},"headline":"EYB\u0130LDER\u2019den \u2018a\u015fure ikram\u0131\u2019","datePublished":"2022-08-27T12:17:39+00:00","dateModified":"2022-08-27T12:17:48+00:00","mainEntityOfPage":{"@id":"https:\/\/avrupapress.com\/main\/2022\/08\/27\/eybilderden-asure-ikrami\/"},"wordCount":326,"publisher":{"@id":"https:\/\/avrupapress.com\/#\/schema\/person\/0223dca19c72c43575bf30d1a2d8f4fa"},"image":{"@id":"https:\/\/avrupapress.com\/main\/2022\/08\/27\/eybilderden-asure-ikrami\/#primaryimage"},"thumbnailUrl":"https:\/\/avrupapress.com\/main\/wp-content\/uploads\/2022\/08\/thumbnail_EYBILDERden-\u2018asure-ikrami-3-1.jpg","articleSection":["Avrupa","Bel\u00e7ika","D\u00fcnya","Ekonomi","K\u00fclt\u00fcr-Sanat","Spor","Tan\u0131t\u0131m","T\u00fcrkiye"],"inLanguage":"fr-BE"},{"@type":"WebPage","@id":"https:\/\/avrupapress.com\/main\/2022\/08\/27\/eybilderden-asure-ikrami\/","url":"https:\/\/avrupapress.com\/main\/2022\/08\/27\/eybilderden-asure-ikrami\/","name":"EYB\u0130LDER\u2019den \u2018a\u015fure ikram\u0131\u2019 - AvrupaPress","isPartOf":{"@id":"https:\/\/avrupapress.com\/#website"},"primaryImageOfPage":{"@id":"https:\/\/avrupapress.com\/main\/2022\/08\/27\/eybilderden-asure-ikrami\/#primaryimage"},"image":{"@id":"https:\/\/avrupapress.com\/main\/2022\/08\/27\/eybilderden-asure-ikrami\/#primaryimage"},"thumbnailUrl":"https:\/\/avrupapress.com\/main\/wp-content\/uploads\/2022\/08\/thumbnail_EYBILDERden-\u2018asure-ikrami-3-1.jpg","datePublished":"2022-08-27T12:17:39+00:00","dateModified":"2022-08-27T12:17:48+00:00","breadcrumb":{"@id":"https:\/\/avrupapress.com\/main\/2022\/08\/27\/eybilderden-asure-ikrami\/#breadcrumb"},"inLanguage":"fr-BE","potentialAction":[{"@type":"ReadAction","target":["https:\/\/avrupapress.com\/main\/2022\/08\/27\/eybilderden-asure-ikrami\/"]}]},{"@type":"ImageObject","inLanguage":"fr-BE","@id":"https:\/\/avrupapress.com\/main\/2022\/08\/27\/eybilderden-asure-ikrami\/#primaryimage","url":"https:\/\/avrupapress.com\/main\/wp-content\/uploads\/2022\/08\/thumbnail_EYBILDERden-\u2018asure-ikrami-3-1.jpg","contentUrl":"https:\/\/avrupapress.com\/main\/wp-content\/uploads\/2022\/08\/thumbnail_EYBILDERden-\u2018asure-ikrami-3-1.jpg","width":1280,"height":771},{"@type":"BreadcrumbList","@id":"https:\/\/avrupapress.com\/main\/2022\/08\/27\/eybilderden-asure-ikrami\/#breadcrumb","itemListElement":[{"@type":"ListItem","position":1,"name":"Anasayfa","item":"https:\/\/avrupapress.com\/"},{"@type":"ListItem","position":2,"name":"EYB\u0130LDER\u2019den \u2018a\u015fure ikram\u0131\u2019"}]},{"@type":"WebSite","@id":"https:\/\/avrupapress.com\/#website","url":"https:\/\/avrupapress.com\/","name":"AvrupaPress","description":"Haberin Adresi","publisher":{"@id":"https:\/\/avrupapress.com\/#\/schema\/person\/0223dca19c72c43575bf30d1a2d8f4fa"},"potentialAction":[{"@type":"SearchAction","target":{"@type":"EntryPoint","urlTemplate":"https:\/\/avrupapress.com\/?s={search_term_string}"},"query-input":{"@type":"PropertyValueSpecification","valueRequired":true,"valueName":"search_term_string"}}],"inLanguage":"fr-BE"},{"@type":["Person","Organization"],"@id":"https:\/\/avrupapress.com\/#\/schema\/person\/0223dca19c72c43575bf30d1a2d8f4fa","name":"Bilgin \u00d6z\u00e7ift\u00e7i","image":{"@type":"ImageObject","inLanguage":"fr-BE","@id":"https:\/\/avrupapress.com\/#\/schema\/person\/image\/","url":"https:\/\/secure.gravatar.com\/avatar\/0f23b280433a21e1ea7a0adcc46ed0ad16afe3ad8e630fd13d8a017dcbd54ef3?s=96&d=mm&r=g","contentUrl":"https:\/\/secure.gravatar.com\/avatar\/0f23b280433a21e1ea7a0adcc46ed0ad16afe3ad8e630fd13d8a017dcbd54ef3?s=96&d=mm&r=g","caption":"Bilgin \u00d6z\u00e7ift\u00e7i"},"logo":{"@id":"https:\/\/avrupapress.com\/#\/schema\/person\/image\/"},"description":"Ne ben, nede sen... Biz ancak \"biz\" olursak g\u00fc\u00e7l\u00fc olabiliriz"},{"@type":"Person","@id":"https:\/\/avrupapress.com\/#\/schema\/person\/68428444ec60970d1e1b700cf4ca1e8f","name":"Edit\u00f6r","image":{"@type":"ImageObject","inLanguage":"fr-BE","@id":"https:\/\/avrupapress.com\/#\/schema\/person\/image\/","url":"https:\/\/secure.gravatar.com\/avatar\/74996b0977aa5f1559ba9883776652508b229005c0d78fb2597897f0bd651c09?s=96&d=mm&r=g","contentUrl":"https:\/\/secure.gravatar.com\/avatar\/74996b0977aa5f1559ba9883776652508b229005c0d78fb2597897f0bd651c09?s=96&d=mm&r=g","caption":"Edit\u00f6r"},"sameAs":["http:\/\/www.avrupapress.com"],"url":"https:\/\/avrupapress.com\/main\/author\/editor\/"}]}},"_links":{"self":[{"href":"https:\/\/avrupapress.com\/main\/wp-json\/wp\/v2\/posts\/19840","targetHints":{"allow":["GET"]}}],"collection":[{"href":"https:\/\/avrupapress.com\/main\/wp-json\/wp\/v2\/posts"}],"about":[{"href":"https:\/\/avrupapress.com\/main\/wp-json\/wp\/v2\/types\/post"}],"author":[{"embeddable":true,"href":"https:\/\/avrupapress.com\/main\/wp-json\/wp\/v2\/users\/3"}],"replies":[{"embeddable":true,"href":"https:\/\/avrupapress.com\/main\/wp-json\/wp\/v2\/comments?post=19840"}],"version-history":[{"count":1,"href":"https:\/\/avrupapress.com\/main\/wp-json\/wp\/v2\/posts\/19840\/revisions"}],"predecessor-version":[{"id":19845,"href":"https:\/\/avrupapress.com\/main\/wp-json\/wp\/v2\/posts\/19840\/revisions\/19845"}],"wp:featuredmedia":[{"embeddable":true,"href":"https:\/\/avrupapress.com\/main\/wp-json\/wp\/v2\/media\/19843"}],"wp:attachment":[{"href":"https:\/\/avrupapress.com\/main\/wp-json\/wp\/v2\/media?parent=19840"}],"wp:term":[{"taxonomy":"category","embeddable":true,"href":"https:\/\/avrupapress.com\/main\/wp-json\/wp\/v2\/categories?post=19840"},{"taxonomy":"post_tag","embeddable":true,"href":"https:\/\/avrupapress.com\/main\/wp-json\/wp\/v2\/tags?post=19840"}],"curies":[{"name":"wp","href":"https:\/\/api.w.org\/{rel}","templated":true}]}}