{"id":19822,"date":"2022-08-12T19:40:56","date_gmt":"2022-08-12T19:40:56","guid":{"rendered":"https:\/\/avrupapress.com\/main\/?p=19822"},"modified":"2022-08-12T19:41:09","modified_gmt":"2022-08-12T19:41:09","slug":"yarimca-koyunde-elektriklerin-sik-sik-kesilmesi-yarimca-koyu-halkini-biktirdi","status":"publish","type":"post","link":"https:\/\/avrupapress.com\/main\/2022\/08\/12\/yarimca-koyunde-elektriklerin-sik-sik-kesilmesi-yarimca-koyu-halkini-biktirdi\/","title":{"rendered":"Yar\u0131mca k\u00f6y\u00fcnde elektriklerin s\u0131k s\u0131k kesilmesi, Yar\u0131mca k\u00f6y\u00fc halk\u0131n\u0131 b\u0131kt\u0131rd\u0131"},"content":{"rendered":"<p>HABER \/ FOTO\u011eRAF: ERTU\u011eRUL ALTINEL \u2013 EM\u0130RDA\u011e<\/p>\n<p>Emirda\u011f il\u00e7esine ba\u011fl\u0131 Yar\u0131mca k\u00f6y\u00fcnde uzun s\u00fcredir devam eden s\u0131k s\u0131k elektrik ar\u0131zalar\u0131 ve kesintileri vatanda\u015flar\u0131m\u0131z\u0131 can\u0131ndan bezdirdi.<\/p>\n<p>&nbsp;<\/p>\n<p>K\u00f6y halk\u0131n\u0131n, Yetkili kurumlara s\u00f6zl\u00fc olarak yapt\u0131klar\u0131 m\u00fcracaatlar\u0131n sonu\u00e7suz kalmas\u0131, k\u00f6y halk\u0131nda hayal k\u0131r\u0131kl\u0131klar\u0131na sebep oldu. K\u00f6y halk\u0131n\u0131n elektrik ihtiyac\u0131n\u0131n en y\u00fcksek seviyede oldu\u011fu yaz aylar\u0131ndaki ar\u0131zalar ve kesintiler k\u00f6y halk\u0131n\u0131 derinden etkilemektedir.<\/p>\n<p><img loading=\"lazy\" decoding=\"async\" class=\"alignnone size-medium wp-image-19826\" src=\"https:\/\/avrupapress.com\/main\/wp-content\/uploads\/2022\/08\/thumbnail_Sik-sik-elektrik-kesintisi-yapilan-Emirdag-ilcesine-bagli-Yarimca-koyu.-2-1-300x169.jpg\" alt=\"\" width=\"300\" height=\"169\" srcset=\"https:\/\/avrupapress.com\/main\/wp-content\/uploads\/2022\/08\/thumbnail_Sik-sik-elektrik-kesintisi-yapilan-Emirdag-ilcesine-bagli-Yarimca-koyu.-2-1-300x169.jpg 300w, https:\/\/avrupapress.com\/main\/wp-content\/uploads\/2022\/08\/thumbnail_Sik-sik-elektrik-kesintisi-yapilan-Emirdag-ilcesine-bagli-Yarimca-koyu.-2-1-1024x576.jpg 1024w, https:\/\/avrupapress.com\/main\/wp-content\/uploads\/2022\/08\/thumbnail_Sik-sik-elektrik-kesintisi-yapilan-Emirdag-ilcesine-bagli-Yarimca-koyu.-2-1-768x432.jpg 768w, https:\/\/avrupapress.com\/main\/wp-content\/uploads\/2022\/08\/thumbnail_Sik-sik-elektrik-kesintisi-yapilan-Emirdag-ilcesine-bagli-Yarimca-koyu.-2-1-740x420.jpg 740w, https:\/\/avrupapress.com\/main\/wp-content\/uploads\/2022\/08\/thumbnail_Sik-sik-elektrik-kesintisi-yapilan-Emirdag-ilcesine-bagli-Yarimca-koyu.-2-1.jpg 1280w\" sizes=\"auto, (max-width: 300px) 100vw, 300px\" \/><\/p>\n<p>Yar\u0131mca k\u00f6y\u00fc halk\u0131; \u00e7ok s\u0131k yap\u0131lan elektrik kesintilerine tepki g\u00f6stererek s\u0131k\u0131nt\u0131lar\u0131n\u0131 \u015f\u00f6yle s\u0131ralam\u0131\u015flard\u0131r: \u2018\u2019S\u00fct \u00fcreticilerimiz; ar\u0131za ve kesintiler nedeniyle s\u00fctlerini zaman\u0131nda sa\u011famamakta, sa\u011f\u0131lanlar da buzdolab\u0131 ve so\u011futucular tam \u00e7al\u0131\u015fmad\u0131\u011f\u0131ndan zarar g\u00f6rmektedir. Ar\u0131zalar ve kesintiler nedeniyle televizyon, internet, telefon gibi ileti\u015fim ara\u00e7lar\u0131 zaman\u0131nda kullan\u0131lamamakta haberle\u015fme engellenmektedir. Elektrik kesintileri Yar\u0131mca k\u00f6y halk\u0131n\u0131n genelinde yap\u0131lmaktad\u0131r. Elektrik kesintisinden dolay\u0131 k\u00f6ydeki sokak lambalar\u0131 da yanmamaktad\u0131r. Geceleri elektrik kesintilerinde, k\u00f6y\u00fcn geneli karanl\u0131kta kalmaktad\u0131r. Yar\u0131mca k\u00f6y\u00fcnde: Elektrik kesintileri gece ve g\u00fcnd\u00fcz s\u0131k s\u0131k ve uzun s\u00fcredir yap\u0131lmaktad\u0131r. S\u0131k s\u0131k yap\u0131lan kesintiler nedeniyle evlerde bulunan elektronik e\u015fyalar zarar g\u00f6rmektedir. Buzdolab\u0131ndaki yiyecekler, elektrik kesintisinden dolay\u0131 bozulmakta ve \u00e7\u00f6pe at\u0131lmaktad\u0131r. Yar\u0131mca k\u00f6y halk\u0131n\u0131, \u00e7ift\u00e7ilerimizi ve s\u00fct \u00fcreticilerimizi bu s\u0131cak aylarda zarara u\u011fratacak elektrik ar\u0131za ve kesintileri bir an \u00f6nce \u00e7\u00f6z\u00fcme kavu\u015fturulmal\u0131 ve ma\u011fduriyetler giderilmelidir. K\u00f6y halk\u0131m\u0131z, vergisini ve elektrik faturalar\u0131n\u0131 zaman\u0131nda \u00f6demektedir. En temel hakk\u0131m\u0131z, kaliteli hizmet almakt\u0131r. Kurumlar\u0131n g\u00f6revi ise, kaliteli hizmet sunmakt\u0131r. Bu elektrik ar\u0131za ve kesintilerinin nedenleri, acil olarak bulunarak giderilmelidir. Eskimi\u015f olan hatlar var ise, yenilenerek bir an \u00f6nce bu sorunlar son bulmal\u0131d\u0131r. Ma\u011fduriyetlerimiz giderilmelidir\u2019\u2019 dediler.<\/p>\n<p><img loading=\"lazy\" decoding=\"async\" class=\"alignnone size-medium wp-image-19823\" src=\"https:\/\/avrupapress.com\/main\/wp-content\/uploads\/2022\/08\/thumbnail_Sik-sik-elektrik-kesintisi-yapilan-Emirdag-ilcesine-bagli-Yarimca-koyu.-300x169.jpg\" alt=\"\" width=\"300\" height=\"169\" srcset=\"https:\/\/avrupapress.com\/main\/wp-content\/uploads\/2022\/08\/thumbnail_Sik-sik-elektrik-kesintisi-yapilan-Emirdag-ilcesine-bagli-Yarimca-koyu.-300x169.jpg 300w, https:\/\/avrupapress.com\/main\/wp-content\/uploads\/2022\/08\/thumbnail_Sik-sik-elektrik-kesintisi-yapilan-Emirdag-ilcesine-bagli-Yarimca-koyu.-1024x576.jpg 1024w, https:\/\/avrupapress.com\/main\/wp-content\/uploads\/2022\/08\/thumbnail_Sik-sik-elektrik-kesintisi-yapilan-Emirdag-ilcesine-bagli-Yarimca-koyu.-768x432.jpg 768w, https:\/\/avrupapress.com\/main\/wp-content\/uploads\/2022\/08\/thumbnail_Sik-sik-elektrik-kesintisi-yapilan-Emirdag-ilcesine-bagli-Yarimca-koyu.-740x420.jpg 740w, https:\/\/avrupapress.com\/main\/wp-content\/uploads\/2022\/08\/thumbnail_Sik-sik-elektrik-kesintisi-yapilan-Emirdag-ilcesine-bagli-Yarimca-koyu..jpg 1280w\" sizes=\"auto, (max-width: 300px) 100vw, 300px\" \/><\/p>\n<p>&nbsp;<\/p>\n<p><img loading=\"lazy\" decoding=\"async\" class=\"alignnone size-medium wp-image-19825\" src=\"https:\/\/avrupapress.com\/main\/wp-content\/uploads\/2022\/08\/thumbnail_Sik-sik-elektrik-kesintisi-yapilan-Emirdag-ilcesine-bagli-Yarimca-koyu.-3-169x300.jpg\" alt=\"\" width=\"169\" height=\"300\" srcset=\"https:\/\/avrupapress.com\/main\/wp-content\/uploads\/2022\/08\/thumbnail_Sik-sik-elektrik-kesintisi-yapilan-Emirdag-ilcesine-bagli-Yarimca-koyu.-3-169x300.jpg 169w, https:\/\/avrupapress.com\/main\/wp-content\/uploads\/2022\/08\/thumbnail_Sik-sik-elektrik-kesintisi-yapilan-Emirdag-ilcesine-bagli-Yarimca-koyu.-3-576x1024.jpg 576w, https:\/\/avrupapress.com\/main\/wp-content\/uploads\/2022\/08\/thumbnail_Sik-sik-elektrik-kesintisi-yapilan-Emirdag-ilcesine-bagli-Yarimca-koyu.-3.jpg 720w\" sizes=\"auto, (max-width: 169px) 100vw, 169px\" \/><\/p>\n<p>HABER \/ FOTO\u011eRAF: ERTU\u011eRUL ALTINEL \u2013 EM\u0130RDA\u011e<\/p>\n","protected":false},"excerpt":{"rendered":"<p>HABER \/ FOTO\u011eRAF: ERTU\u011eRUL ALTINEL \u2013 EM\u0130RDA\u011e Emirda\u011f il\u00e7esine ba\u011fl\u0131 Yar\u0131mca k\u00f6y\u00fcnde uzun s\u00fcredir devam eden s\u0131k s\u0131k elektrik ar\u0131zalar\u0131 ve kesintileri vatanda\u015flar\u0131m\u0131z\u0131 can\u0131ndan bezdirdi. &nbsp; K\u00f6y halk\u0131n\u0131n, Yetkili kurumlara s\u00f6zl\u00fc olarak yapt\u0131klar\u0131 m\u00fcracaatlar\u0131n sonu\u00e7suz kalmas\u0131, k\u00f6y halk\u0131nda hayal k\u0131r\u0131kl\u0131klar\u0131na sebep oldu. K\u00f6y halk\u0131n\u0131n elektrik ihtiyac\u0131n\u0131n en y\u00fcksek seviyede oldu\u011fu yaz aylar\u0131ndaki ar\u0131zalar ve kesintiler [&hellip;]<\/p>\n","protected":false},"author":3,"featured_media":19824,"comment_status":"closed","ping_status":"open","sticky":false,"template":"","format":"standard","meta":{"footnotes":""},"categories":[14,16,3,17,18,15,19,2],"tags":[],"class_list":["post-19822","post","type-post","status-publish","format-standard","has-post-thumbnail","hentry","category-avrupa","category-belcika","category-dunya","category-ekonomi","category-kultur-sanat","category-spor","category-tanitim","category-turkiye"],"yoast_head":"<!-- This site is optimized with the Yoast SEO plugin v26.9 - https:\/\/yoast.com\/product\/yoast-seo-wordpress\/ -->\n<title>Yar\u0131mca k\u00f6y\u00fcnde elektriklerin s\u0131k s\u0131k kesilmesi, Yar\u0131mca k\u00f6y\u00fc halk\u0131n\u0131 b\u0131kt\u0131rd\u0131 - AvrupaPress<\/title>\n<meta name=\"robots\" content=\"index, follow, max-snippet:-1, max-image-preview:large, max-video-preview:-1\" \/>\n<link rel=\"canonical\" href=\"https:\/\/avrupapress.com\/main\/2022\/08\/12\/yarimca-koyunde-elektriklerin-sik-sik-kesilmesi-yarimca-koyu-halkini-biktirdi\/\" \/>\n<meta property=\"og:locale\" content=\"fr_FR\" \/>\n<meta property=\"og:type\" content=\"article\" \/>\n<meta property=\"og:title\" content=\"Yar\u0131mca k\u00f6y\u00fcnde elektriklerin s\u0131k s\u0131k kesilmesi, Yar\u0131mca k\u00f6y\u00fc halk\u0131n\u0131 b\u0131kt\u0131rd\u0131 - AvrupaPress\" \/>\n<meta property=\"og:description\" content=\"HABER \/ FOTO\u011eRAF: ERTU\u011eRUL ALTINEL \u2013 EM\u0130RDA\u011e Emirda\u011f il\u00e7esine ba\u011fl\u0131 Yar\u0131mca k\u00f6y\u00fcnde uzun s\u00fcredir devam eden s\u0131k s\u0131k elektrik ar\u0131zalar\u0131 ve kesintileri vatanda\u015flar\u0131m\u0131z\u0131 can\u0131ndan bezdirdi. &nbsp; K\u00f6y halk\u0131n\u0131n, Yetkili kurumlara s\u00f6zl\u00fc olarak yapt\u0131klar\u0131 m\u00fcracaatlar\u0131n sonu\u00e7suz kalmas\u0131, k\u00f6y halk\u0131nda hayal k\u0131r\u0131kl\u0131klar\u0131na sebep oldu. K\u00f6y halk\u0131n\u0131n elektrik ihtiyac\u0131n\u0131n en y\u00fcksek seviyede oldu\u011fu yaz aylar\u0131ndaki ar\u0131zalar ve kesintiler [&hellip;]\" \/>\n<meta property=\"og:url\" content=\"https:\/\/avrupapress.com\/main\/2022\/08\/12\/yarimca-koyunde-elektriklerin-sik-sik-kesilmesi-yarimca-koyu-halkini-biktirdi\/\" \/>\n<meta property=\"og:site_name\" content=\"AvrupaPress\" \/>\n<meta property=\"article:published_time\" content=\"2022-08-12T19:40:56+00:00\" \/>\n<meta property=\"article:modified_time\" content=\"2022-08-12T19:41:09+00:00\" \/>\n<meta property=\"og:image\" content=\"https:\/\/avrupapress.com\/main\/wp-content\/uploads\/2022\/08\/thumbnail_Sik-sik-elektrik-kesintisi-yapilan-Emirdag-ilcesine-bagli-Yarimca-koyu.-2.jpg\" \/>\n\t<meta property=\"og:image:width\" content=\"1280\" \/>\n\t<meta property=\"og:image:height\" content=\"720\" \/>\n\t<meta property=\"og:image:type\" content=\"image\/jpeg\" \/>\n<meta name=\"author\" content=\"Edit\u00f6r\" \/>\n<meta name=\"twitter:card\" content=\"summary_large_image\" \/>\n<meta name=\"twitter:label1\" content=\"\u00c9crit par\" \/>\n\t<meta name=\"twitter:data1\" content=\"Edit\u00f6r\" \/>\n\t<meta name=\"twitter:label2\" content=\"Dur\u00e9e de lecture est.\" \/>\n\t<meta name=\"twitter:data2\" content=\"3 minutes\" \/>\n<script type=\"application\/ld+json\" class=\"yoast-schema-graph\">{\"@context\":\"https:\/\/schema.org\",\"@graph\":[{\"@type\":\"Article\",\"@id\":\"https:\/\/avrupapress.com\/main\/2022\/08\/12\/yarimca-koyunde-elektriklerin-sik-sik-kesilmesi-yarimca-koyu-halkini-biktirdi\/#article\",\"isPartOf\":{\"@id\":\"https:\/\/avrupapress.com\/main\/2022\/08\/12\/yarimca-koyunde-elektriklerin-sik-sik-kesilmesi-yarimca-koyu-halkini-biktirdi\/\"},\"author\":{\"name\":\"Edit\u00f6r\",\"@id\":\"https:\/\/avrupapress.com\/#\/schema\/person\/68428444ec60970d1e1b700cf4ca1e8f\"},\"headline\":\"Yar\u0131mca k\u00f6y\u00fcnde elektriklerin s\u0131k s\u0131k kesilmesi, Yar\u0131mca k\u00f6y\u00fc halk\u0131n\u0131 b\u0131kt\u0131rd\u0131\",\"datePublished\":\"2022-08-12T19:40:56+00:00\",\"dateModified\":\"2022-08-12T19:41:09+00:00\",\"mainEntityOfPage\":{\"@id\":\"https:\/\/avrupapress.com\/main\/2022\/08\/12\/yarimca-koyunde-elektriklerin-sik-sik-kesilmesi-yarimca-koyu-halkini-biktirdi\/\"},\"wordCount\":381,\"publisher\":{\"@id\":\"https:\/\/avrupapress.com\/#\/schema\/person\/0223dca19c72c43575bf30d1a2d8f4fa\"},\"image\":{\"@id\":\"https:\/\/avrupapress.com\/main\/2022\/08\/12\/yarimca-koyunde-elektriklerin-sik-sik-kesilmesi-yarimca-koyu-halkini-biktirdi\/#primaryimage\"},\"thumbnailUrl\":\"https:\/\/avrupapress.com\/main\/wp-content\/uploads\/2022\/08\/thumbnail_Sik-sik-elektrik-kesintisi-yapilan-Emirdag-ilcesine-bagli-Yarimca-koyu.-2.jpg\",\"articleSection\":[\"Avrupa\",\"Bel\u00e7ika\",\"D\u00fcnya\",\"Ekonomi\",\"K\u00fclt\u00fcr-Sanat\",\"Spor\",\"Tan\u0131t\u0131m\",\"T\u00fcrkiye\"],\"inLanguage\":\"fr-BE\"},{\"@type\":\"WebPage\",\"@id\":\"https:\/\/avrupapress.com\/main\/2022\/08\/12\/yarimca-koyunde-elektriklerin-sik-sik-kesilmesi-yarimca-koyu-halkini-biktirdi\/\",\"url\":\"https:\/\/avrupapress.com\/main\/2022\/08\/12\/yarimca-koyunde-elektriklerin-sik-sik-kesilmesi-yarimca-koyu-halkini-biktirdi\/\",\"name\":\"Yar\u0131mca k\u00f6y\u00fcnde elektriklerin s\u0131k s\u0131k kesilmesi, Yar\u0131mca k\u00f6y\u00fc halk\u0131n\u0131 b\u0131kt\u0131rd\u0131 - AvrupaPress\",\"isPartOf\":{\"@id\":\"https:\/\/avrupapress.com\/#website\"},\"primaryImageOfPage\":{\"@id\":\"https:\/\/avrupapress.com\/main\/2022\/08\/12\/yarimca-koyunde-elektriklerin-sik-sik-kesilmesi-yarimca-koyu-halkini-biktirdi\/#primaryimage\"},\"image\":{\"@id\":\"https:\/\/avrupapress.com\/main\/2022\/08\/12\/yarimca-koyunde-elektriklerin-sik-sik-kesilmesi-yarimca-koyu-halkini-biktirdi\/#primaryimage\"},\"thumbnailUrl\":\"https:\/\/avrupapress.com\/main\/wp-content\/uploads\/2022\/08\/thumbnail_Sik-sik-elektrik-kesintisi-yapilan-Emirdag-ilcesine-bagli-Yarimca-koyu.-2.jpg\",\"datePublished\":\"2022-08-12T19:40:56+00:00\",\"dateModified\":\"2022-08-12T19:41:09+00:00\",\"breadcrumb\":{\"@id\":\"https:\/\/avrupapress.com\/main\/2022\/08\/12\/yarimca-koyunde-elektriklerin-sik-sik-kesilmesi-yarimca-koyu-halkini-biktirdi\/#breadcrumb\"},\"inLanguage\":\"fr-BE\",\"potentialAction\":[{\"@type\":\"ReadAction\",\"target\":[\"https:\/\/avrupapress.com\/main\/2022\/08\/12\/yarimca-koyunde-elektriklerin-sik-sik-kesilmesi-yarimca-koyu-halkini-biktirdi\/\"]}]},{\"@type\":\"ImageObject\",\"inLanguage\":\"fr-BE\",\"@id\":\"https:\/\/avrupapress.com\/main\/2022\/08\/12\/yarimca-koyunde-elektriklerin-sik-sik-kesilmesi-yarimca-koyu-halkini-biktirdi\/#primaryimage\",\"url\":\"https:\/\/avrupapress.com\/main\/wp-content\/uploads\/2022\/08\/thumbnail_Sik-sik-elektrik-kesintisi-yapilan-Emirdag-ilcesine-bagli-Yarimca-koyu.-2.jpg\",\"contentUrl\":\"https:\/\/avrupapress.com\/main\/wp-content\/uploads\/2022\/08\/thumbnail_Sik-sik-elektrik-kesintisi-yapilan-Emirdag-ilcesine-bagli-Yarimca-koyu.-2.jpg\",\"width\":1280,\"height\":720},{\"@type\":\"BreadcrumbList\",\"@id\":\"https:\/\/avrupapress.com\/main\/2022\/08\/12\/yarimca-koyunde-elektriklerin-sik-sik-kesilmesi-yarimca-koyu-halkini-biktirdi\/#breadcrumb\",\"itemListElement\":[{\"@type\":\"ListItem\",\"position\":1,\"name\":\"Anasayfa\",\"item\":\"https:\/\/avrupapress.com\/\"},{\"@type\":\"ListItem\",\"position\":2,\"name\":\"Yar\u0131mca k\u00f6y\u00fcnde elektriklerin s\u0131k s\u0131k kesilmesi, Yar\u0131mca k\u00f6y\u00fc halk\u0131n\u0131 b\u0131kt\u0131rd\u0131\"}]},{\"@type\":\"WebSite\",\"@id\":\"https:\/\/avrupapress.com\/#website\",\"url\":\"https:\/\/avrupapress.com\/\",\"name\":\"AvrupaPress\",\"description\":\"Haberin Adresi\",\"publisher\":{\"@id\":\"https:\/\/avrupapress.com\/#\/schema\/person\/0223dca19c72c43575bf30d1a2d8f4fa\"},\"potentialAction\":[{\"@type\":\"SearchAction\",\"target\":{\"@type\":\"EntryPoint\",\"urlTemplate\":\"https:\/\/avrupapress.com\/?s={search_term_string}\"},\"query-input\":{\"@type\":\"PropertyValueSpecification\",\"valueRequired\":true,\"valueName\":\"search_term_string\"}}],\"inLanguage\":\"fr-BE\"},{\"@type\":[\"Person\",\"Organization\"],\"@id\":\"https:\/\/avrupapress.com\/#\/schema\/person\/0223dca19c72c43575bf30d1a2d8f4fa\",\"name\":\"Bilgin \u00d6z\u00e7ift\u00e7i\",\"image\":{\"@type\":\"ImageObject\",\"inLanguage\":\"fr-BE\",\"@id\":\"https:\/\/avrupapress.com\/#\/schema\/person\/image\/\",\"url\":\"https:\/\/secure.gravatar.com\/avatar\/0f23b280433a21e1ea7a0adcc46ed0ad16afe3ad8e630fd13d8a017dcbd54ef3?s=96&d=mm&r=g\",\"contentUrl\":\"https:\/\/secure.gravatar.com\/avatar\/0f23b280433a21e1ea7a0adcc46ed0ad16afe3ad8e630fd13d8a017dcbd54ef3?s=96&d=mm&r=g\",\"caption\":\"Bilgin \u00d6z\u00e7ift\u00e7i\"},\"logo\":{\"@id\":\"https:\/\/avrupapress.com\/#\/schema\/person\/image\/\"},\"description\":\"Ne ben, nede sen... Biz ancak \\\"biz\\\" olursak g\u00fc\u00e7l\u00fc olabiliriz\"},{\"@type\":\"Person\",\"@id\":\"https:\/\/avrupapress.com\/#\/schema\/person\/68428444ec60970d1e1b700cf4ca1e8f\",\"name\":\"Edit\u00f6r\",\"image\":{\"@type\":\"ImageObject\",\"inLanguage\":\"fr-BE\",\"@id\":\"https:\/\/avrupapress.com\/#\/schema\/person\/image\/\",\"url\":\"https:\/\/secure.gravatar.com\/avatar\/74996b0977aa5f1559ba9883776652508b229005c0d78fb2597897f0bd651c09?s=96&d=mm&r=g\",\"contentUrl\":\"https:\/\/secure.gravatar.com\/avatar\/74996b0977aa5f1559ba9883776652508b229005c0d78fb2597897f0bd651c09?s=96&d=mm&r=g\",\"caption\":\"Edit\u00f6r\"},\"sameAs\":[\"http:\/\/www.avrupapress.com\"],\"url\":\"https:\/\/avrupapress.com\/main\/author\/editor\/\"}]}<\/script>\n<!-- \/ Yoast SEO plugin. -->","yoast_head_json":{"title":"Yar\u0131mca k\u00f6y\u00fcnde elektriklerin s\u0131k s\u0131k kesilmesi, Yar\u0131mca k\u00f6y\u00fc halk\u0131n\u0131 b\u0131kt\u0131rd\u0131 - AvrupaPress","robots":{"index":"index","follow":"follow","max-snippet":"max-snippet:-1","max-image-preview":"max-image-preview:large","max-video-preview":"max-video-preview:-1"},"canonical":"https:\/\/avrupapress.com\/main\/2022\/08\/12\/yarimca-koyunde-elektriklerin-sik-sik-kesilmesi-yarimca-koyu-halkini-biktirdi\/","og_locale":"fr_FR","og_type":"article","og_title":"Yar\u0131mca k\u00f6y\u00fcnde elektriklerin s\u0131k s\u0131k kesilmesi, Yar\u0131mca k\u00f6y\u00fc halk\u0131n\u0131 b\u0131kt\u0131rd\u0131 - AvrupaPress","og_description":"HABER \/ FOTO\u011eRAF: ERTU\u011eRUL ALTINEL \u2013 EM\u0130RDA\u011e Emirda\u011f il\u00e7esine ba\u011fl\u0131 Yar\u0131mca k\u00f6y\u00fcnde uzun s\u00fcredir devam eden s\u0131k s\u0131k elektrik ar\u0131zalar\u0131 ve kesintileri vatanda\u015flar\u0131m\u0131z\u0131 can\u0131ndan bezdirdi. &nbsp; K\u00f6y halk\u0131n\u0131n, Yetkili kurumlara s\u00f6zl\u00fc olarak yapt\u0131klar\u0131 m\u00fcracaatlar\u0131n sonu\u00e7suz kalmas\u0131, k\u00f6y halk\u0131nda hayal k\u0131r\u0131kl\u0131klar\u0131na sebep oldu. K\u00f6y halk\u0131n\u0131n elektrik ihtiyac\u0131n\u0131n en y\u00fcksek seviyede oldu\u011fu yaz aylar\u0131ndaki ar\u0131zalar ve kesintiler [&hellip;]","og_url":"https:\/\/avrupapress.com\/main\/2022\/08\/12\/yarimca-koyunde-elektriklerin-sik-sik-kesilmesi-yarimca-koyu-halkini-biktirdi\/","og_site_name":"AvrupaPress","article_published_time":"2022-08-12T19:40:56+00:00","article_modified_time":"2022-08-12T19:41:09+00:00","og_image":[{"width":1280,"height":720,"url":"https:\/\/avrupapress.com\/main\/wp-content\/uploads\/2022\/08\/thumbnail_Sik-sik-elektrik-kesintisi-yapilan-Emirdag-ilcesine-bagli-Yarimca-koyu.-2.jpg","type":"image\/jpeg"}],"author":"Edit\u00f6r","twitter_card":"summary_large_image","twitter_misc":{"\u00c9crit par":"Edit\u00f6r","Dur\u00e9e de lecture est.":"3 minutes"},"schema":{"@context":"https:\/\/schema.org","@graph":[{"@type":"Article","@id":"https:\/\/avrupapress.com\/main\/2022\/08\/12\/yarimca-koyunde-elektriklerin-sik-sik-kesilmesi-yarimca-koyu-halkini-biktirdi\/#article","isPartOf":{"@id":"https:\/\/avrupapress.com\/main\/2022\/08\/12\/yarimca-koyunde-elektriklerin-sik-sik-kesilmesi-yarimca-koyu-halkini-biktirdi\/"},"author":{"name":"Edit\u00f6r","@id":"https:\/\/avrupapress.com\/#\/schema\/person\/68428444ec60970d1e1b700cf4ca1e8f"},"headline":"Yar\u0131mca k\u00f6y\u00fcnde elektriklerin s\u0131k s\u0131k kesilmesi, Yar\u0131mca k\u00f6y\u00fc halk\u0131n\u0131 b\u0131kt\u0131rd\u0131","datePublished":"2022-08-12T19:40:56+00:00","dateModified":"2022-08-12T19:41:09+00:00","mainEntityOfPage":{"@id":"https:\/\/avrupapress.com\/main\/2022\/08\/12\/yarimca-koyunde-elektriklerin-sik-sik-kesilmesi-yarimca-koyu-halkini-biktirdi\/"},"wordCount":381,"publisher":{"@id":"https:\/\/avrupapress.com\/#\/schema\/person\/0223dca19c72c43575bf30d1a2d8f4fa"},"image":{"@id":"https:\/\/avrupapress.com\/main\/2022\/08\/12\/yarimca-koyunde-elektriklerin-sik-sik-kesilmesi-yarimca-koyu-halkini-biktirdi\/#primaryimage"},"thumbnailUrl":"https:\/\/avrupapress.com\/main\/wp-content\/uploads\/2022\/08\/thumbnail_Sik-sik-elektrik-kesintisi-yapilan-Emirdag-ilcesine-bagli-Yarimca-koyu.-2.jpg","articleSection":["Avrupa","Bel\u00e7ika","D\u00fcnya","Ekonomi","K\u00fclt\u00fcr-Sanat","Spor","Tan\u0131t\u0131m","T\u00fcrkiye"],"inLanguage":"fr-BE"},{"@type":"WebPage","@id":"https:\/\/avrupapress.com\/main\/2022\/08\/12\/yarimca-koyunde-elektriklerin-sik-sik-kesilmesi-yarimca-koyu-halkini-biktirdi\/","url":"https:\/\/avrupapress.com\/main\/2022\/08\/12\/yarimca-koyunde-elektriklerin-sik-sik-kesilmesi-yarimca-koyu-halkini-biktirdi\/","name":"Yar\u0131mca k\u00f6y\u00fcnde elektriklerin s\u0131k s\u0131k kesilmesi, Yar\u0131mca k\u00f6y\u00fc halk\u0131n\u0131 b\u0131kt\u0131rd\u0131 - AvrupaPress","isPartOf":{"@id":"https:\/\/avrupapress.com\/#website"},"primaryImageOfPage":{"@id":"https:\/\/avrupapress.com\/main\/2022\/08\/12\/yarimca-koyunde-elektriklerin-sik-sik-kesilmesi-yarimca-koyu-halkini-biktirdi\/#primaryimage"},"image":{"@id":"https:\/\/avrupapress.com\/main\/2022\/08\/12\/yarimca-koyunde-elektriklerin-sik-sik-kesilmesi-yarimca-koyu-halkini-biktirdi\/#primaryimage"},"thumbnailUrl":"https:\/\/avrupapress.com\/main\/wp-content\/uploads\/2022\/08\/thumbnail_Sik-sik-elektrik-kesintisi-yapilan-Emirdag-ilcesine-bagli-Yarimca-koyu.-2.jpg","datePublished":"2022-08-12T19:40:56+00:00","dateModified":"2022-08-12T19:41:09+00:00","breadcrumb":{"@id":"https:\/\/avrupapress.com\/main\/2022\/08\/12\/yarimca-koyunde-elektriklerin-sik-sik-kesilmesi-yarimca-koyu-halkini-biktirdi\/#breadcrumb"},"inLanguage":"fr-BE","potentialAction":[{"@type":"ReadAction","target":["https:\/\/avrupapress.com\/main\/2022\/08\/12\/yarimca-koyunde-elektriklerin-sik-sik-kesilmesi-yarimca-koyu-halkini-biktirdi\/"]}]},{"@type":"ImageObject","inLanguage":"fr-BE","@id":"https:\/\/avrupapress.com\/main\/2022\/08\/12\/yarimca-koyunde-elektriklerin-sik-sik-kesilmesi-yarimca-koyu-halkini-biktirdi\/#primaryimage","url":"https:\/\/avrupapress.com\/main\/wp-content\/uploads\/2022\/08\/thumbnail_Sik-sik-elektrik-kesintisi-yapilan-Emirdag-ilcesine-bagli-Yarimca-koyu.-2.jpg","contentUrl":"https:\/\/avrupapress.com\/main\/wp-content\/uploads\/2022\/08\/thumbnail_Sik-sik-elektrik-kesintisi-yapilan-Emirdag-ilcesine-bagli-Yarimca-koyu.-2.jpg","width":1280,"height":720},{"@type":"BreadcrumbList","@id":"https:\/\/avrupapress.com\/main\/2022\/08\/12\/yarimca-koyunde-elektriklerin-sik-sik-kesilmesi-yarimca-koyu-halkini-biktirdi\/#breadcrumb","itemListElement":[{"@type":"ListItem","position":1,"name":"Anasayfa","item":"https:\/\/avrupapress.com\/"},{"@type":"ListItem","position":2,"name":"Yar\u0131mca k\u00f6y\u00fcnde elektriklerin s\u0131k s\u0131k kesilmesi, Yar\u0131mca k\u00f6y\u00fc halk\u0131n\u0131 b\u0131kt\u0131rd\u0131"}]},{"@type":"WebSite","@id":"https:\/\/avrupapress.com\/#website","url":"https:\/\/avrupapress.com\/","name":"AvrupaPress","description":"Haberin Adresi","publisher":{"@id":"https:\/\/avrupapress.com\/#\/schema\/person\/0223dca19c72c43575bf30d1a2d8f4fa"},"potentialAction":[{"@type":"SearchAction","target":{"@type":"EntryPoint","urlTemplate":"https:\/\/avrupapress.com\/?s={search_term_string}"},"query-input":{"@type":"PropertyValueSpecification","valueRequired":true,"valueName":"search_term_string"}}],"inLanguage":"fr-BE"},{"@type":["Person","Organization"],"@id":"https:\/\/avrupapress.com\/#\/schema\/person\/0223dca19c72c43575bf30d1a2d8f4fa","name":"Bilgin \u00d6z\u00e7ift\u00e7i","image":{"@type":"ImageObject","inLanguage":"fr-BE","@id":"https:\/\/avrupapress.com\/#\/schema\/person\/image\/","url":"https:\/\/secure.gravatar.com\/avatar\/0f23b280433a21e1ea7a0adcc46ed0ad16afe3ad8e630fd13d8a017dcbd54ef3?s=96&d=mm&r=g","contentUrl":"https:\/\/secure.gravatar.com\/avatar\/0f23b280433a21e1ea7a0adcc46ed0ad16afe3ad8e630fd13d8a017dcbd54ef3?s=96&d=mm&r=g","caption":"Bilgin \u00d6z\u00e7ift\u00e7i"},"logo":{"@id":"https:\/\/avrupapress.com\/#\/schema\/person\/image\/"},"description":"Ne ben, nede sen... Biz ancak \"biz\" olursak g\u00fc\u00e7l\u00fc olabiliriz"},{"@type":"Person","@id":"https:\/\/avrupapress.com\/#\/schema\/person\/68428444ec60970d1e1b700cf4ca1e8f","name":"Edit\u00f6r","image":{"@type":"ImageObject","inLanguage":"fr-BE","@id":"https:\/\/avrupapress.com\/#\/schema\/person\/image\/","url":"https:\/\/secure.gravatar.com\/avatar\/74996b0977aa5f1559ba9883776652508b229005c0d78fb2597897f0bd651c09?s=96&d=mm&r=g","contentUrl":"https:\/\/secure.gravatar.com\/avatar\/74996b0977aa5f1559ba9883776652508b229005c0d78fb2597897f0bd651c09?s=96&d=mm&r=g","caption":"Edit\u00f6r"},"sameAs":["http:\/\/www.avrupapress.com"],"url":"https:\/\/avrupapress.com\/main\/author\/editor\/"}]}},"_links":{"self":[{"href":"https:\/\/avrupapress.com\/main\/wp-json\/wp\/v2\/posts\/19822","targetHints":{"allow":["GET"]}}],"collection":[{"href":"https:\/\/avrupapress.com\/main\/wp-json\/wp\/v2\/posts"}],"about":[{"href":"https:\/\/avrupapress.com\/main\/wp-json\/wp\/v2\/types\/post"}],"author":[{"embeddable":true,"href":"https:\/\/avrupapress.com\/main\/wp-json\/wp\/v2\/users\/3"}],"replies":[{"embeddable":true,"href":"https:\/\/avrupapress.com\/main\/wp-json\/wp\/v2\/comments?post=19822"}],"version-history":[{"count":1,"href":"https:\/\/avrupapress.com\/main\/wp-json\/wp\/v2\/posts\/19822\/revisions"}],"predecessor-version":[{"id":19827,"href":"https:\/\/avrupapress.com\/main\/wp-json\/wp\/v2\/posts\/19822\/revisions\/19827"}],"wp:featuredmedia":[{"embeddable":true,"href":"https:\/\/avrupapress.com\/main\/wp-json\/wp\/v2\/media\/19824"}],"wp:attachment":[{"href":"https:\/\/avrupapress.com\/main\/wp-json\/wp\/v2\/media?parent=19822"}],"wp:term":[{"taxonomy":"category","embeddable":true,"href":"https:\/\/avrupapress.com\/main\/wp-json\/wp\/v2\/categories?post=19822"},{"taxonomy":"post_tag","embeddable":true,"href":"https:\/\/avrupapress.com\/main\/wp-json\/wp\/v2\/tags?post=19822"}],"curies":[{"name":"wp","href":"https:\/\/api.w.org\/{rel}","templated":true}]}}