{"id":19818,"date":"2022-08-12T19:31:34","date_gmt":"2022-08-12T19:31:34","guid":{"rendered":"https:\/\/avrupapress.com\/main\/?p=19818"},"modified":"2022-08-12T19:35:47","modified_gmt":"2022-08-12T19:35:47","slug":"on-paralik-adam-olun","status":"publish","type":"post","link":"https:\/\/avrupapress.com\/main\/2022\/08\/12\/on-paralik-adam-olun\/","title":{"rendered":"ON PARALIK ADAM OLUN"},"content":{"rendered":"<p><strong>Nevzat A\u011fabey<\/strong><\/p>\n<p>Sevgili \u00e7ocuklar,<\/p>\n<p>\u0130ki veya daha fazla karde\u015fi olanlar\u0131n\u0131z vard\u0131r mutlaka\u2026<\/p>\n<p>Anneler, babalar kendi evlatlar\u0131 olan bu \u00e7ocuklara bir \u015fey alacaklar\u0131 veya bir \u015fey verecekleri zaman neye dikkat ederler, hi\u00e7 d\u00fc\u015f\u00fcnd\u00fcn\u00fcz m\u00fc?<\/p>\n<p>\u00c7ocuklar aras\u0131nda hepsine ayn\u0131 \u015feyi ayn\u0131 miktar vermeye \u00e7al\u0131\u015f\u0131rlar.<\/p>\n<p>\u201cAnne ben bundan daha \u00e7ok istiyorum\u201d diyen karde\u015finize ise;<\/p>\n<p>\u201cBak karde\u015flerini de ayn\u0131s\u0131 verdim. Sana daha fazla veremem\u201d derler.<\/p>\n<p>Veya \u00e7ocuklardan birisi kendine verileni \u00e7\u00f6pe atarak tekrar istese ona o \u015feyden bir daha verilmez, do\u011frusu budur de\u011fil mi?<\/p>\n<p>\u0130\u015fte annenin yapt\u0131\u011f\u0131 bu davran\u0131\u015f \u00e7ocuklar aras\u0131nda adaleti g\u00f6zetmektir. \u00c7ocuklar\u0131 aras\u0131nda bir fark ortaya getirmemektir. Daha az alan bir \u00e7ocu\u011fun daha \u00e7ok alan karde\u015fini k\u0131skanmamas\u0131 i\u00e7indir. Elindekini bo\u015fa harcayana bir daha eline ald\u0131\u011f\u0131n\u0131 bo\u015fa harcamamas\u0131n\u0131 sa\u011flamak i\u00e7indir.<\/p>\n<p>Daha k\u00fc\u00e7\u00fck \u00e7ocukken bile hepimiz annemizin bu adil davran\u0131\u015f\u0131ndan memnun oluruz.<\/p>\n<p>Ya\u015f\u0131m\u0131z b\u00fcy\u00fcy\u00fcp de bir meslek sahibi olarak (\u00f6\u011fretmen, m\u00fchendis, avukat v.b) hayata at\u0131ld\u0131\u011f\u0131m\u0131z bir adaletsizlikle kar\u015f\u0131la\u015f\u0131rsak ne d\u00fc\u015f\u00fcn\u00fcr, ne yapar\u0131z?<\/p>\n<p>Ayn\u0131 meslek sahibi olana ve ayn\u0131 i\u015f yerinde \u00e7al\u0131\u015fan iki insana ayr\u0131 \u00fccret \u00f6nenmiyor, ayn\u0131 paralar verilmiyorsa o zaman ne yapars\u0131n\u0131z?<\/p>\n<p>Hik\u00e2yemiz bu soruyla birlikte ba\u015flas\u0131n.<\/p>\n<p>ADALETS\u0130ZL\u0130K M\u0130 VAR<\/p>\n<p>Sevgili \u00e7ocuklar,<\/p>\n<p>Bir i\u015f yerinde \u00e7al\u0131\u015fan ama ayn\u0131 i\u015fi yapan iki i\u015f\u00e7iden biri, yevmiye (g\u00fcnl\u00fck) olarak 10 para al\u0131yor di\u011feri ise 5 para al\u0131yormu\u015f.<\/p>\n<p>Sevgili \u00e7ocuklar,<\/p>\n<p>Burada size iki a\u00e7\u0131klama yapmam gerekiyor.<\/p>\n<p>Biz \u015fimdi birimi \u201clira\u201d olan paray\u0131 kullan\u0131yoruz. Ama eskiden birimi \u201cpara\u201d olan paralar kullan\u0131l\u0131rm\u0131\u015f. \u0130\u015fte hik\u00e2yemiz b\u00f6yle bir devirde ge\u00e7iyor.<\/p>\n<p>Bu g\u00fcn bile Anadolu\u2019muz da birisi di\u011ferini k\u0131zd\u0131\u011f\u0131 zaman ona; \u201cSen be\u015f paral\u0131k adams\u0131n\u201d diyerek k\u00f6t\u00fclemeye \u00e7al\u0131\u015f\u0131r. Gelelim hik\u00e2yemize;<\/p>\n<p>\u00c7al\u0131\u015ft\u0131\u011f\u0131 i\u015f yerinden 5 para yevmiye alan i\u015f\u00e7i \u00f6nceleri kendi i\u00e7inden; \u201cBu haks\u0131zl\u0131kt\u0131r. Ben arkada\u015f\u0131mla ayn\u0131 i\u015fi yapt\u0131\u011f\u0131m halde ni\u00e7in o benden iki kat fazla para al\u0131yor\u201d dermi\u015f.<\/p>\n<p>Bir m\u00fcddet sonra dayanamam\u0131\u015f, i\u015fimden at\u0131l\u0131r\u0131m korkusuna ra\u011fmen, i\u015fverene;<\/p>\n<p>\u201cEfendim. Ben arkada\u015f\u0131m sizin i\u015f yerinizde \u00e7al\u0131\u015f\u0131yoruz ve ayn\u0131 i\u015fi yap\u0131yoruz. Siz ona i\u015finin kar\u015f\u0131l\u0131\u011f\u0131 olarak g\u00fcnde 10 para veriyorsunuz da ni\u00e7in bana 5 para veriyorsunuz? Bu haks\u0131zl\u0131k olmuyor mu?\u201d deyivermi\u015f.<\/p>\n<p>\u0130\u015e\u00c7\u0130LER SINAVA \u00c7EK\u0130L\u0130YOR<\/p>\n<p>A\u011fa (Patron), i\u015f\u00e7isinin s\u00f6zlerini s\u00fckunetle (\u00f6fkelenmeden) dinlemi\u015f ve;<\/p>\n<p>\u201cPeki, evlad\u0131m. Yar\u0131n bunu seninle bir daha konu\u015fal\u0131m\u201d demi\u015f.<\/p>\n<p>Ertesi g\u00fcn\u00fc A\u011fa \u00f6nde, iki i\u015f\u00e7isi arkas\u0131nda d\u00fc\u015fm\u00fc\u015fler yola\u2026 Geni\u015f bir alana gelmi\u015fler. A\u011fa burada durmu\u015f ve her iki i\u015f\u00e7isine seslenerek;<\/p>\n<p>\u201cBuradan bir \u015feyler g\u00f6r\u00fcyor musunuz, \u00e7ocuklar?\u201d demi\u015f.<\/p>\n<p>Her iki i\u015f\u00e7i de ta uzaklardan bir kervan\u0131n ge\u00e7ti\u011fini g\u00f6rm\u00fc\u015fler ve d\u00f6n\u00fcp A\u011fa\u2019ya;<\/p>\n<p>\u201cHayli uzakta, ge\u00e7mekte olan bir deve kervan\u0131 g\u00f6r\u00fcyoruz\u201d demi\u015fler.<\/p>\n<p>\u201cPeki\u201d demi\u015f A\u011fa. Sonra o 5 para alan adam\u0131na d\u00f6nerek,<\/p>\n<p>\u201cBak bakal\u0131m, bu kervan nereye gidiyormu\u015f?\u201d diye sormu\u015f.<\/p>\n<p>\u201cBe\u015f paral\u0131k adam\u201d uzun yolu y\u00fcr\u00fcyerek gitmi\u015f ve sonra da geri gelmi\u015f ve;<\/p>\n<p>\u201cBa\u011fdat\u2019a (eskiden bizim olan Irak da bir \u015fehir) gidiyormu\u015f, efendim\u201d demi\u015f.<\/p>\n<p>Sonra A\u011fa di\u011fer adam\u0131na d\u00f6nerek;<\/p>\n<p>\u201cO\u011flum bir de sen \u00f6\u011fren bakal\u0131m. Bu kervan nereye gidiyormu\u015f?\u201d diye sormu\u015f.<\/p>\n<p><img loading=\"lazy\" decoding=\"async\" class=\"alignnone size-medium wp-image-19819\" src=\"https:\/\/avrupapress.com\/main\/wp-content\/uploads\/2022\/08\/thumbnail_56.On-paralik-adam-olun-300x197.jpg\" alt=\"\" width=\"300\" height=\"197\" srcset=\"https:\/\/avrupapress.com\/main\/wp-content\/uploads\/2022\/08\/thumbnail_56.On-paralik-adam-olun-300x197.jpg 300w, https:\/\/avrupapress.com\/main\/wp-content\/uploads\/2022\/08\/thumbnail_56.On-paralik-adam-olun-768x504.jpg 768w, https:\/\/avrupapress.com\/main\/wp-content\/uploads\/2022\/08\/thumbnail_56.On-paralik-adam-olun.jpg 783w\" sizes=\"auto, (max-width: 300px) 100vw, 300px\" \/><\/p>\n<p>O i\u015f\u00e7i de o uzun yolu y\u00fcr\u00fcyerek gitmi\u015f, \u00f6\u011frenece\u011fini \u00f6\u011frenmi\u015f ve geri gelmi\u015f;<\/p>\n<p>\u201cEfendim\u201d demi\u015f, A\u011fa\u2019ya;<\/p>\n<p>\u201cBu kervan 3 g\u00fcn \u00f6nce \u0130stanbul\u2019dan yola \u00e7\u0131km\u0131\u015f. Ba\u011fdat\u2019a gidiyormu\u015f. Kervanda 40 deve var. Bunlar\u0131n yar\u0131s\u0131n\u0131n y\u00fck\u00fc s\u00fcs e\u015fyalar\u0131, di\u011fer yar\u0131s\u0131 ise ev e\u015fyalar\u0131 ta\u015f\u0131yormu\u015f. Kervan Ba\u011fdat\u2019tan d\u00f6nerken ipekli e\u015fyalar alacakm\u0131\u015f. Kervanda 10 kadar t\u00fcccar ve 10 kadar da muhaf\u0131z varm\u0131\u015f\u201d diyerek ayr\u0131nt\u0131l\u0131 bir bilgi takdim etmi\u015f.<\/p>\n<p>Sonra A\u011fa, o \u201cBe\u015f paral\u0131k adama\u201d d\u00f6nerek;<\/p>\n<p>Anlad\u0131n m\u0131, o\u011flum\u201d demi\u015f. \u201cOna ni\u00e7in 10 para veriyorum da sana 5 para veriyorum\u201d<\/p>\n<p>Sevgili \u00e7ocuklar,<\/p>\n<p>\u00c7ok dikkat edin. G\u00fcn\u00fcm\u00fcz\u00fcn ilmini, fennini ve \u00f6zellikle bir yabanc\u0131 dilini \u00f6\u011frenin.<\/p>\n<p>Hayatta muvaffak (ba\u015far\u0131l\u0131) olabilmek i\u00e7in 10 paral\u0131k adam olmaya gayret edin.<\/p>\n<p>Sak\u0131n, 5 para yevmiye bana yeter diye d\u00fc\u015f\u00fcnerek \u201cbe\u015f paral\u0131k adam\u201d olmay\u0131n.<\/p>\n<p>Oldu mu? \u00c7ocuklar\u2026<\/p>\n<p>&nbsp;<\/p>\n<p><strong>Nevzat\u00a0 Laleli\u00a0 \u00a0\/\u00a0 \u00a0 AVRUPAPRESS<\/strong><\/p>\n","protected":false},"excerpt":{"rendered":"<p>Nevzat A\u011fabey Sevgili \u00e7ocuklar, \u0130ki veya daha fazla karde\u015fi olanlar\u0131n\u0131z vard\u0131r mutlaka\u2026 Anneler, babalar kendi evlatlar\u0131 olan bu \u00e7ocuklara bir \u015fey alacaklar\u0131 veya bir \u015fey verecekleri zaman neye dikkat ederler, hi\u00e7 d\u00fc\u015f\u00fcnd\u00fcn\u00fcz m\u00fc? \u00c7ocuklar aras\u0131nda hepsine ayn\u0131 \u015feyi ayn\u0131 miktar vermeye \u00e7al\u0131\u015f\u0131rlar. \u201cAnne ben bundan daha \u00e7ok istiyorum\u201d diyen karde\u015finize ise; \u201cBak karde\u015flerini de ayn\u0131s\u0131 [&hellip;]<\/p>\n","protected":false},"author":3,"featured_media":19821,"comment_status":"closed","ping_status":"open","sticky":false,"template":"","format":"standard","meta":{"footnotes":""},"categories":[14,16,3,17,18,15,19,2],"tags":[],"class_list":["post-19818","post","type-post","status-publish","format-standard","has-post-thumbnail","hentry","category-avrupa","category-belcika","category-dunya","category-ekonomi","category-kultur-sanat","category-spor","category-tanitim","category-turkiye"],"yoast_head":"<!-- This site is optimized with the Yoast SEO plugin v26.9 - https:\/\/yoast.com\/product\/yoast-seo-wordpress\/ -->\n<title>ON PARALIK ADAM OLUN - AvrupaPress<\/title>\n<meta name=\"robots\" content=\"index, follow, max-snippet:-1, max-image-preview:large, max-video-preview:-1\" \/>\n<link rel=\"canonical\" href=\"https:\/\/avrupapress.com\/main\/2022\/08\/12\/on-paralik-adam-olun\/\" \/>\n<meta property=\"og:locale\" content=\"fr_FR\" \/>\n<meta property=\"og:type\" content=\"article\" \/>\n<meta property=\"og:title\" content=\"ON PARALIK ADAM OLUN - AvrupaPress\" \/>\n<meta property=\"og:description\" content=\"Nevzat A\u011fabey Sevgili \u00e7ocuklar, \u0130ki veya daha fazla karde\u015fi olanlar\u0131n\u0131z vard\u0131r mutlaka\u2026 Anneler, babalar kendi evlatlar\u0131 olan bu \u00e7ocuklara bir \u015fey alacaklar\u0131 veya bir \u015fey verecekleri zaman neye dikkat ederler, hi\u00e7 d\u00fc\u015f\u00fcnd\u00fcn\u00fcz m\u00fc? \u00c7ocuklar aras\u0131nda hepsine ayn\u0131 \u015feyi ayn\u0131 miktar vermeye \u00e7al\u0131\u015f\u0131rlar. \u201cAnne ben bundan daha \u00e7ok istiyorum\u201d diyen karde\u015finize ise; \u201cBak karde\u015flerini de ayn\u0131s\u0131 [&hellip;]\" \/>\n<meta property=\"og:url\" content=\"https:\/\/avrupapress.com\/main\/2022\/08\/12\/on-paralik-adam-olun\/\" \/>\n<meta property=\"og:site_name\" content=\"AvrupaPress\" \/>\n<meta property=\"article:published_time\" content=\"2022-08-12T19:31:34+00:00\" \/>\n<meta property=\"article:modified_time\" content=\"2022-08-12T19:35:47+00:00\" \/>\n<meta property=\"og:image\" content=\"https:\/\/avrupapress.com\/main\/wp-content\/uploads\/2022\/08\/thumbnail_Screenshot_20220812-212458_Office-e1660332856535.jpg\" \/>\n\t<meta property=\"og:image:width\" content=\"576\" \/>\n\t<meta property=\"og:image:height\" content=\"624\" \/>\n\t<meta property=\"og:image:type\" content=\"image\/jpeg\" \/>\n<meta name=\"author\" content=\"Edit\u00f6r\" \/>\n<meta name=\"twitter:card\" content=\"summary_large_image\" \/>\n<meta name=\"twitter:label1\" content=\"\u00c9crit par\" \/>\n\t<meta name=\"twitter:data1\" content=\"Edit\u00f6r\" \/>\n\t<meta name=\"twitter:label2\" content=\"Dur\u00e9e de lecture est.\" \/>\n\t<meta name=\"twitter:data2\" content=\"4 minutes\" \/>\n<script type=\"application\/ld+json\" class=\"yoast-schema-graph\">{\"@context\":\"https:\/\/schema.org\",\"@graph\":[{\"@type\":\"Article\",\"@id\":\"https:\/\/avrupapress.com\/main\/2022\/08\/12\/on-paralik-adam-olun\/#article\",\"isPartOf\":{\"@id\":\"https:\/\/avrupapress.com\/main\/2022\/08\/12\/on-paralik-adam-olun\/\"},\"author\":{\"name\":\"Edit\u00f6r\",\"@id\":\"https:\/\/avrupapress.com\/#\/schema\/person\/68428444ec60970d1e1b700cf4ca1e8f\"},\"headline\":\"ON PARALIK ADAM OLUN\",\"datePublished\":\"2022-08-12T19:31:34+00:00\",\"dateModified\":\"2022-08-12T19:35:47+00:00\",\"mainEntityOfPage\":{\"@id\":\"https:\/\/avrupapress.com\/main\/2022\/08\/12\/on-paralik-adam-olun\/\"},\"wordCount\":766,\"publisher\":{\"@id\":\"https:\/\/avrupapress.com\/#\/schema\/person\/0223dca19c72c43575bf30d1a2d8f4fa\"},\"image\":{\"@id\":\"https:\/\/avrupapress.com\/main\/2022\/08\/12\/on-paralik-adam-olun\/#primaryimage\"},\"thumbnailUrl\":\"https:\/\/avrupapress.com\/main\/wp-content\/uploads\/2022\/08\/thumbnail_Screenshot_20220812-212458_Office-e1660332856535.jpg\",\"articleSection\":[\"Avrupa\",\"Bel\u00e7ika\",\"D\u00fcnya\",\"Ekonomi\",\"K\u00fclt\u00fcr-Sanat\",\"Spor\",\"Tan\u0131t\u0131m\",\"T\u00fcrkiye\"],\"inLanguage\":\"fr-BE\"},{\"@type\":\"WebPage\",\"@id\":\"https:\/\/avrupapress.com\/main\/2022\/08\/12\/on-paralik-adam-olun\/\",\"url\":\"https:\/\/avrupapress.com\/main\/2022\/08\/12\/on-paralik-adam-olun\/\",\"name\":\"ON PARALIK ADAM OLUN - AvrupaPress\",\"isPartOf\":{\"@id\":\"https:\/\/avrupapress.com\/#website\"},\"primaryImageOfPage\":{\"@id\":\"https:\/\/avrupapress.com\/main\/2022\/08\/12\/on-paralik-adam-olun\/#primaryimage\"},\"image\":{\"@id\":\"https:\/\/avrupapress.com\/main\/2022\/08\/12\/on-paralik-adam-olun\/#primaryimage\"},\"thumbnailUrl\":\"https:\/\/avrupapress.com\/main\/wp-content\/uploads\/2022\/08\/thumbnail_Screenshot_20220812-212458_Office-e1660332856535.jpg\",\"datePublished\":\"2022-08-12T19:31:34+00:00\",\"dateModified\":\"2022-08-12T19:35:47+00:00\",\"breadcrumb\":{\"@id\":\"https:\/\/avrupapress.com\/main\/2022\/08\/12\/on-paralik-adam-olun\/#breadcrumb\"},\"inLanguage\":\"fr-BE\",\"potentialAction\":[{\"@type\":\"ReadAction\",\"target\":[\"https:\/\/avrupapress.com\/main\/2022\/08\/12\/on-paralik-adam-olun\/\"]}]},{\"@type\":\"ImageObject\",\"inLanguage\":\"fr-BE\",\"@id\":\"https:\/\/avrupapress.com\/main\/2022\/08\/12\/on-paralik-adam-olun\/#primaryimage\",\"url\":\"https:\/\/avrupapress.com\/main\/wp-content\/uploads\/2022\/08\/thumbnail_Screenshot_20220812-212458_Office-e1660332856535.jpg\",\"contentUrl\":\"https:\/\/avrupapress.com\/main\/wp-content\/uploads\/2022\/08\/thumbnail_Screenshot_20220812-212458_Office-e1660332856535.jpg\",\"width\":576,\"height\":624},{\"@type\":\"BreadcrumbList\",\"@id\":\"https:\/\/avrupapress.com\/main\/2022\/08\/12\/on-paralik-adam-olun\/#breadcrumb\",\"itemListElement\":[{\"@type\":\"ListItem\",\"position\":1,\"name\":\"Anasayfa\",\"item\":\"https:\/\/avrupapress.com\/\"},{\"@type\":\"ListItem\",\"position\":2,\"name\":\"ON PARALIK ADAM OLUN\"}]},{\"@type\":\"WebSite\",\"@id\":\"https:\/\/avrupapress.com\/#website\",\"url\":\"https:\/\/avrupapress.com\/\",\"name\":\"AvrupaPress\",\"description\":\"Haberin Adresi\",\"publisher\":{\"@id\":\"https:\/\/avrupapress.com\/#\/schema\/person\/0223dca19c72c43575bf30d1a2d8f4fa\"},\"potentialAction\":[{\"@type\":\"SearchAction\",\"target\":{\"@type\":\"EntryPoint\",\"urlTemplate\":\"https:\/\/avrupapress.com\/?s={search_term_string}\"},\"query-input\":{\"@type\":\"PropertyValueSpecification\",\"valueRequired\":true,\"valueName\":\"search_term_string\"}}],\"inLanguage\":\"fr-BE\"},{\"@type\":[\"Person\",\"Organization\"],\"@id\":\"https:\/\/avrupapress.com\/#\/schema\/person\/0223dca19c72c43575bf30d1a2d8f4fa\",\"name\":\"Bilgin \u00d6z\u00e7ift\u00e7i\",\"image\":{\"@type\":\"ImageObject\",\"inLanguage\":\"fr-BE\",\"@id\":\"https:\/\/avrupapress.com\/#\/schema\/person\/image\/\",\"url\":\"https:\/\/secure.gravatar.com\/avatar\/0f23b280433a21e1ea7a0adcc46ed0ad16afe3ad8e630fd13d8a017dcbd54ef3?s=96&d=mm&r=g\",\"contentUrl\":\"https:\/\/secure.gravatar.com\/avatar\/0f23b280433a21e1ea7a0adcc46ed0ad16afe3ad8e630fd13d8a017dcbd54ef3?s=96&d=mm&r=g\",\"caption\":\"Bilgin \u00d6z\u00e7ift\u00e7i\"},\"logo\":{\"@id\":\"https:\/\/avrupapress.com\/#\/schema\/person\/image\/\"},\"description\":\"Ne ben, nede sen... Biz ancak \\\"biz\\\" olursak g\u00fc\u00e7l\u00fc olabiliriz\"},{\"@type\":\"Person\",\"@id\":\"https:\/\/avrupapress.com\/#\/schema\/person\/68428444ec60970d1e1b700cf4ca1e8f\",\"name\":\"Edit\u00f6r\",\"image\":{\"@type\":\"ImageObject\",\"inLanguage\":\"fr-BE\",\"@id\":\"https:\/\/avrupapress.com\/#\/schema\/person\/image\/\",\"url\":\"https:\/\/secure.gravatar.com\/avatar\/74996b0977aa5f1559ba9883776652508b229005c0d78fb2597897f0bd651c09?s=96&d=mm&r=g\",\"contentUrl\":\"https:\/\/secure.gravatar.com\/avatar\/74996b0977aa5f1559ba9883776652508b229005c0d78fb2597897f0bd651c09?s=96&d=mm&r=g\",\"caption\":\"Edit\u00f6r\"},\"sameAs\":[\"http:\/\/www.avrupapress.com\"],\"url\":\"https:\/\/avrupapress.com\/main\/author\/editor\/\"}]}<\/script>\n<!-- \/ Yoast SEO plugin. -->","yoast_head_json":{"title":"ON PARALIK ADAM OLUN - AvrupaPress","robots":{"index":"index","follow":"follow","max-snippet":"max-snippet:-1","max-image-preview":"max-image-preview:large","max-video-preview":"max-video-preview:-1"},"canonical":"https:\/\/avrupapress.com\/main\/2022\/08\/12\/on-paralik-adam-olun\/","og_locale":"fr_FR","og_type":"article","og_title":"ON PARALIK ADAM OLUN - AvrupaPress","og_description":"Nevzat A\u011fabey Sevgili \u00e7ocuklar, \u0130ki veya daha fazla karde\u015fi olanlar\u0131n\u0131z vard\u0131r mutlaka\u2026 Anneler, babalar kendi evlatlar\u0131 olan bu \u00e7ocuklara bir \u015fey alacaklar\u0131 veya bir \u015fey verecekleri zaman neye dikkat ederler, hi\u00e7 d\u00fc\u015f\u00fcnd\u00fcn\u00fcz m\u00fc? \u00c7ocuklar aras\u0131nda hepsine ayn\u0131 \u015feyi ayn\u0131 miktar vermeye \u00e7al\u0131\u015f\u0131rlar. \u201cAnne ben bundan daha \u00e7ok istiyorum\u201d diyen karde\u015finize ise; \u201cBak karde\u015flerini de ayn\u0131s\u0131 [&hellip;]","og_url":"https:\/\/avrupapress.com\/main\/2022\/08\/12\/on-paralik-adam-olun\/","og_site_name":"AvrupaPress","article_published_time":"2022-08-12T19:31:34+00:00","article_modified_time":"2022-08-12T19:35:47+00:00","og_image":[{"width":576,"height":624,"url":"https:\/\/avrupapress.com\/main\/wp-content\/uploads\/2022\/08\/thumbnail_Screenshot_20220812-212458_Office-e1660332856535.jpg","type":"image\/jpeg"}],"author":"Edit\u00f6r","twitter_card":"summary_large_image","twitter_misc":{"\u00c9crit par":"Edit\u00f6r","Dur\u00e9e de lecture est.":"4 minutes"},"schema":{"@context":"https:\/\/schema.org","@graph":[{"@type":"Article","@id":"https:\/\/avrupapress.com\/main\/2022\/08\/12\/on-paralik-adam-olun\/#article","isPartOf":{"@id":"https:\/\/avrupapress.com\/main\/2022\/08\/12\/on-paralik-adam-olun\/"},"author":{"name":"Edit\u00f6r","@id":"https:\/\/avrupapress.com\/#\/schema\/person\/68428444ec60970d1e1b700cf4ca1e8f"},"headline":"ON PARALIK ADAM OLUN","datePublished":"2022-08-12T19:31:34+00:00","dateModified":"2022-08-12T19:35:47+00:00","mainEntityOfPage":{"@id":"https:\/\/avrupapress.com\/main\/2022\/08\/12\/on-paralik-adam-olun\/"},"wordCount":766,"publisher":{"@id":"https:\/\/avrupapress.com\/#\/schema\/person\/0223dca19c72c43575bf30d1a2d8f4fa"},"image":{"@id":"https:\/\/avrupapress.com\/main\/2022\/08\/12\/on-paralik-adam-olun\/#primaryimage"},"thumbnailUrl":"https:\/\/avrupapress.com\/main\/wp-content\/uploads\/2022\/08\/thumbnail_Screenshot_20220812-212458_Office-e1660332856535.jpg","articleSection":["Avrupa","Bel\u00e7ika","D\u00fcnya","Ekonomi","K\u00fclt\u00fcr-Sanat","Spor","Tan\u0131t\u0131m","T\u00fcrkiye"],"inLanguage":"fr-BE"},{"@type":"WebPage","@id":"https:\/\/avrupapress.com\/main\/2022\/08\/12\/on-paralik-adam-olun\/","url":"https:\/\/avrupapress.com\/main\/2022\/08\/12\/on-paralik-adam-olun\/","name":"ON PARALIK ADAM OLUN - AvrupaPress","isPartOf":{"@id":"https:\/\/avrupapress.com\/#website"},"primaryImageOfPage":{"@id":"https:\/\/avrupapress.com\/main\/2022\/08\/12\/on-paralik-adam-olun\/#primaryimage"},"image":{"@id":"https:\/\/avrupapress.com\/main\/2022\/08\/12\/on-paralik-adam-olun\/#primaryimage"},"thumbnailUrl":"https:\/\/avrupapress.com\/main\/wp-content\/uploads\/2022\/08\/thumbnail_Screenshot_20220812-212458_Office-e1660332856535.jpg","datePublished":"2022-08-12T19:31:34+00:00","dateModified":"2022-08-12T19:35:47+00:00","breadcrumb":{"@id":"https:\/\/avrupapress.com\/main\/2022\/08\/12\/on-paralik-adam-olun\/#breadcrumb"},"inLanguage":"fr-BE","potentialAction":[{"@type":"ReadAction","target":["https:\/\/avrupapress.com\/main\/2022\/08\/12\/on-paralik-adam-olun\/"]}]},{"@type":"ImageObject","inLanguage":"fr-BE","@id":"https:\/\/avrupapress.com\/main\/2022\/08\/12\/on-paralik-adam-olun\/#primaryimage","url":"https:\/\/avrupapress.com\/main\/wp-content\/uploads\/2022\/08\/thumbnail_Screenshot_20220812-212458_Office-e1660332856535.jpg","contentUrl":"https:\/\/avrupapress.com\/main\/wp-content\/uploads\/2022\/08\/thumbnail_Screenshot_20220812-212458_Office-e1660332856535.jpg","width":576,"height":624},{"@type":"BreadcrumbList","@id":"https:\/\/avrupapress.com\/main\/2022\/08\/12\/on-paralik-adam-olun\/#breadcrumb","itemListElement":[{"@type":"ListItem","position":1,"name":"Anasayfa","item":"https:\/\/avrupapress.com\/"},{"@type":"ListItem","position":2,"name":"ON PARALIK ADAM OLUN"}]},{"@type":"WebSite","@id":"https:\/\/avrupapress.com\/#website","url":"https:\/\/avrupapress.com\/","name":"AvrupaPress","description":"Haberin Adresi","publisher":{"@id":"https:\/\/avrupapress.com\/#\/schema\/person\/0223dca19c72c43575bf30d1a2d8f4fa"},"potentialAction":[{"@type":"SearchAction","target":{"@type":"EntryPoint","urlTemplate":"https:\/\/avrupapress.com\/?s={search_term_string}"},"query-input":{"@type":"PropertyValueSpecification","valueRequired":true,"valueName":"search_term_string"}}],"inLanguage":"fr-BE"},{"@type":["Person","Organization"],"@id":"https:\/\/avrupapress.com\/#\/schema\/person\/0223dca19c72c43575bf30d1a2d8f4fa","name":"Bilgin \u00d6z\u00e7ift\u00e7i","image":{"@type":"ImageObject","inLanguage":"fr-BE","@id":"https:\/\/avrupapress.com\/#\/schema\/person\/image\/","url":"https:\/\/secure.gravatar.com\/avatar\/0f23b280433a21e1ea7a0adcc46ed0ad16afe3ad8e630fd13d8a017dcbd54ef3?s=96&d=mm&r=g","contentUrl":"https:\/\/secure.gravatar.com\/avatar\/0f23b280433a21e1ea7a0adcc46ed0ad16afe3ad8e630fd13d8a017dcbd54ef3?s=96&d=mm&r=g","caption":"Bilgin \u00d6z\u00e7ift\u00e7i"},"logo":{"@id":"https:\/\/avrupapress.com\/#\/schema\/person\/image\/"},"description":"Ne ben, nede sen... Biz ancak \"biz\" olursak g\u00fc\u00e7l\u00fc olabiliriz"},{"@type":"Person","@id":"https:\/\/avrupapress.com\/#\/schema\/person\/68428444ec60970d1e1b700cf4ca1e8f","name":"Edit\u00f6r","image":{"@type":"ImageObject","inLanguage":"fr-BE","@id":"https:\/\/avrupapress.com\/#\/schema\/person\/image\/","url":"https:\/\/secure.gravatar.com\/avatar\/74996b0977aa5f1559ba9883776652508b229005c0d78fb2597897f0bd651c09?s=96&d=mm&r=g","contentUrl":"https:\/\/secure.gravatar.com\/avatar\/74996b0977aa5f1559ba9883776652508b229005c0d78fb2597897f0bd651c09?s=96&d=mm&r=g","caption":"Edit\u00f6r"},"sameAs":["http:\/\/www.avrupapress.com"],"url":"https:\/\/avrupapress.com\/main\/author\/editor\/"}]}},"_links":{"self":[{"href":"https:\/\/avrupapress.com\/main\/wp-json\/wp\/v2\/posts\/19818","targetHints":{"allow":["GET"]}}],"collection":[{"href":"https:\/\/avrupapress.com\/main\/wp-json\/wp\/v2\/posts"}],"about":[{"href":"https:\/\/avrupapress.com\/main\/wp-json\/wp\/v2\/types\/post"}],"author":[{"embeddable":true,"href":"https:\/\/avrupapress.com\/main\/wp-json\/wp\/v2\/users\/3"}],"replies":[{"embeddable":true,"href":"https:\/\/avrupapress.com\/main\/wp-json\/wp\/v2\/comments?post=19818"}],"version-history":[{"count":1,"href":"https:\/\/avrupapress.com\/main\/wp-json\/wp\/v2\/posts\/19818\/revisions"}],"predecessor-version":[{"id":19820,"href":"https:\/\/avrupapress.com\/main\/wp-json\/wp\/v2\/posts\/19818\/revisions\/19820"}],"wp:featuredmedia":[{"embeddable":true,"href":"https:\/\/avrupapress.com\/main\/wp-json\/wp\/v2\/media\/19821"}],"wp:attachment":[{"href":"https:\/\/avrupapress.com\/main\/wp-json\/wp\/v2\/media?parent=19818"}],"wp:term":[{"taxonomy":"category","embeddable":true,"href":"https:\/\/avrupapress.com\/main\/wp-json\/wp\/v2\/categories?post=19818"},{"taxonomy":"post_tag","embeddable":true,"href":"https:\/\/avrupapress.com\/main\/wp-json\/wp\/v2\/tags?post=19818"}],"curies":[{"name":"wp","href":"https:\/\/api.w.org\/{rel}","templated":true}]}}