{"id":19813,"date":"2022-08-11T18:33:51","date_gmt":"2022-08-11T18:33:51","guid":{"rendered":"https:\/\/avrupapress.com\/main\/?p=19813"},"modified":"2022-08-11T18:34:03","modified_gmt":"2022-08-11T18:34:03","slug":"ab-dogal-gaz-acil-eylem-planini-yururluge-sokuyor","status":"publish","type":"post","link":"https:\/\/avrupapress.com\/main\/2022\/08\/11\/ab-dogal-gaz-acil-eylem-planini-yururluge-sokuyor\/","title":{"rendered":"AB do\u011fal gaz acil eylem plan\u0131n\u0131 y\u00fcr\u00fcrl\u00fc\u011fe sokuyor"},"content":{"rendered":"<p><strong>AB, Rusya&rsquo;dan do\u011fal gaz\u0131n kesilmesi olas\u0131l\u0131\u011f\u0131na kar\u015f\u0131 acil eylem plan\u0131n\u0131 \u00f6n\u00fcm\u00fczdeki hafta y\u00fcr\u00fcrl\u00fc\u011fe sokuyor.<\/strong><\/p>\n<p>AB, Rusya&rsquo;dan do\u011fal gaz\u0131n kesilmesi olas\u0131l\u0131\u011f\u0131na kar\u015f\u0131 acil eylem plan\u0131n\u0131 \u00f6n\u00fcm\u00fczdeki hafta y\u00fcr\u00fcrl\u00fc\u011fe sokuyor. \u00dcye \u00fclkelerin onay\u0131ndan ge\u00e7en plan, ilk etapta g\u00f6n\u00fcll\u00fc olmak \u00fczere y\u00fczde 15&rsquo;lik enerji tasarrufu \u00f6ng\u00f6r\u00fcyor. Avrupa Birli\u011fi&rsquo;nde (AB) Rusya&rsquo;n\u0131n Avrupa&rsquo;ya do\u011falgaz sevkiyat\u0131n\u0131 durdurmas\u0131 durumunda devreye sokulmas\u0131 tasarlanan acil eylem haz\u0131rl\u0131k plan\u0131 \u00f6n\u00fcm\u00fczdeki hafta y\u00fcr\u00fcrl\u00fc\u011fe girecek.<\/p>\n<p>AB d\u00f6nem ba\u015fkanl\u0131\u011f\u0131n\u0131 y\u00fcr\u00fcten \u00c7ekya&rsquo;dan Cuma g\u00fcn\u00fc yap\u0131lan a\u00e7\u0131klamada, \u00fcye \u00fclkelerin AB Komisyonunun haz\u0131rlad\u0131\u011f\u0131 plan\u0131 resmen onaylad\u0131\u011f\u0131 bildirildi. B\u00f6ylece yasal d\u00fczenlemenin y\u00fcr\u00fcrl\u00fc\u011fe sokulmas\u0131 \u00f6n\u00fcnde engel kalmam\u0131\u015f oldu.<\/p>\n<p>Plan, AB \u00fclkelerinin tamam\u0131n\u0131n, A\u011fustos ay\u0131n\u0131n ba\u015f\u0131ndan gelecek y\u0131l\u0131n Mart ay\u0131na kadar gaz t\u00fcketimini, son be\u015f y\u0131l\u0131n ortalama t\u00fcketimine k\u0131yasla, g\u00f6n\u00fcll\u00fc olarak y\u00fczde 15 oran\u0131nda azaltmas\u0131n\u0131 \u00f6ng\u00f6r\u00fcyor.<\/p>\n<p>Plana g\u00f6re, yeterli tasarrufun sa\u011flanamamas\u0131 ve geni\u015f kapsaml\u0131 tedarik darbo\u011fazlar\u0131n\u0131n olu\u015fmas\u0131 durumunda, bir sonraki ad\u0131m olarak, Birlik genelinde zorunlu tasarruf uygulamalar\u0131na ge\u00e7ilebilecek.<\/p>\n<p>Zorunlu tasarruf kolay olmayacak<\/p>\n<p>Ancak zorunlu tasarrufa ge\u00e7ilebilmesinin \u00f6n\u00fcnde birtak\u0131m engeller bulunuyor. Bu ba\u011flamda AB n\u00fcfusunun en az y\u00fczde 65&rsquo;ini olu\u015fturan 15 \u00fcye \u00fclkenin zorunlu tasarrufa ge\u00e7ilmesini onaylamas\u0131 gerekiyor.<\/p>\n<p>Aralar\u0131nda \u0130spanya ve \u0130talya&rsquo;n\u0131n da bulundu\u011fu baz\u0131 \u00fclkeler ise \u015fimdiden, zorunlu tasarruf uygulamas\u0131na ge\u00e7ilmesi durumunda kendilerine y\u00fczde 15&rsquo;lik tasarruf s\u0131n\u0131rlamas\u0131ndan baz\u0131 muafiyetler tan\u0131nmas\u0131n\u0131 talep etti. AB&rsquo;n \u00f6ng\u00f6rd\u00fc\u011f\u00fc acil durum plan\u0131 ilk olarak bir y\u0131l i\u00e7in ge\u00e7erli olacak.<\/p>\n<p>Rusya, Ukrayna sava\u015f\u0131 sonras\u0131nda kendisine yapt\u0131r\u0131m uygulayan \u00e7e\u015fitli AB \u00fclkelerine de\u011fi\u015fik gerek\u00e7elerle gaz sevkiyat\u0131n\u0131 b\u00fcy\u00fck \u00f6l\u00e7\u00fcde azaltm\u0131\u015ft\u0131. Ba\u015fta \u0131s\u0131nma ve sanayi olmak \u00fczere, bir \u00e7ok alanda do\u011falgaz darbo\u011faz\u0131 ya\u015fanmas\u0131ndan endi\u015fe eden AB \u00fclkeleri alternatifleri devreye sokarak Rusya&rsquo;ya olan enerji ba\u011f\u0131ml\u0131l\u0131\u011f\u0131na son vermeyi hedefliyor.<\/p>\n","protected":false},"excerpt":{"rendered":"<p>AB, Rusya&rsquo;dan do\u011fal gaz\u0131n kesilmesi olas\u0131l\u0131\u011f\u0131na kar\u015f\u0131 acil eylem plan\u0131n\u0131 \u00f6n\u00fcm\u00fczdeki hafta y\u00fcr\u00fcrl\u00fc\u011fe sokuyor. AB, Rusya&rsquo;dan do\u011fal gaz\u0131n kesilmesi olas\u0131l\u0131\u011f\u0131na kar\u015f\u0131 acil eylem plan\u0131n\u0131 \u00f6n\u00fcm\u00fczdeki hafta y\u00fcr\u00fcrl\u00fc\u011fe sokuyor. \u00dcye \u00fclkelerin onay\u0131ndan ge\u00e7en plan, ilk etapta g\u00f6n\u00fcll\u00fc olmak \u00fczere y\u00fczde 15&rsquo;lik enerji tasarrufu \u00f6ng\u00f6r\u00fcyor. Avrupa Birli\u011fi&rsquo;nde (AB) Rusya&rsquo;n\u0131n Avrupa&rsquo;ya do\u011falgaz sevkiyat\u0131n\u0131 durdurmas\u0131 durumunda devreye sokulmas\u0131 tasarlanan [&hellip;]<\/p>\n","protected":false},"author":3,"featured_media":19814,"comment_status":"closed","ping_status":"open","sticky":false,"template":"","format":"standard","meta":{"footnotes":""},"categories":[14,16,3,17,18,15,19,2],"tags":[],"class_list":["post-19813","post","type-post","status-publish","format-standard","has-post-thumbnail","hentry","category-avrupa","category-belcika","category-dunya","category-ekonomi","category-kultur-sanat","category-spor","category-tanitim","category-turkiye"],"yoast_head":"<!-- This site is optimized with the Yoast SEO plugin v26.9 - https:\/\/yoast.com\/product\/yoast-seo-wordpress\/ -->\n<title>AB do\u011fal gaz acil eylem plan\u0131n\u0131 y\u00fcr\u00fcrl\u00fc\u011fe sokuyor - AvrupaPress<\/title>\n<meta name=\"robots\" content=\"index, follow, max-snippet:-1, max-image-preview:large, max-video-preview:-1\" \/>\n<link rel=\"canonical\" href=\"https:\/\/avrupapress.com\/main\/2022\/08\/11\/ab-dogal-gaz-acil-eylem-planini-yururluge-sokuyor\/\" \/>\n<meta property=\"og:locale\" content=\"fr_FR\" \/>\n<meta property=\"og:type\" content=\"article\" \/>\n<meta property=\"og:title\" content=\"AB do\u011fal gaz acil eylem plan\u0131n\u0131 y\u00fcr\u00fcrl\u00fc\u011fe sokuyor - AvrupaPress\" \/>\n<meta property=\"og:description\" content=\"AB, Rusya&rsquo;dan do\u011fal gaz\u0131n kesilmesi olas\u0131l\u0131\u011f\u0131na kar\u015f\u0131 acil eylem plan\u0131n\u0131 \u00f6n\u00fcm\u00fczdeki hafta y\u00fcr\u00fcrl\u00fc\u011fe sokuyor. AB, Rusya&rsquo;dan do\u011fal gaz\u0131n kesilmesi olas\u0131l\u0131\u011f\u0131na kar\u015f\u0131 acil eylem plan\u0131n\u0131 \u00f6n\u00fcm\u00fczdeki hafta y\u00fcr\u00fcrl\u00fc\u011fe sokuyor. \u00dcye \u00fclkelerin onay\u0131ndan ge\u00e7en plan, ilk etapta g\u00f6n\u00fcll\u00fc olmak \u00fczere y\u00fczde 15&rsquo;lik enerji tasarrufu \u00f6ng\u00f6r\u00fcyor. Avrupa Birli\u011fi&rsquo;nde (AB) Rusya&rsquo;n\u0131n Avrupa&rsquo;ya do\u011falgaz sevkiyat\u0131n\u0131 durdurmas\u0131 durumunda devreye sokulmas\u0131 tasarlanan [&hellip;]\" \/>\n<meta property=\"og:url\" content=\"https:\/\/avrupapress.com\/main\/2022\/08\/11\/ab-dogal-gaz-acil-eylem-planini-yururluge-sokuyor\/\" \/>\n<meta property=\"og:site_name\" content=\"AvrupaPress\" \/>\n<meta property=\"article:published_time\" content=\"2022-08-11T18:33:51+00:00\" \/>\n<meta property=\"article:modified_time\" content=\"2022-08-11T18:34:03+00:00\" \/>\n<meta property=\"og:image\" content=\"https:\/\/avrupapress.com\/main\/wp-content\/uploads\/2022\/08\/ab-dogal-gaz-acil-eylem-planini-yururluge-sok-15145081_amp.jpg\" \/>\n\t<meta property=\"og:image:width\" content=\"1200\" \/>\n\t<meta property=\"og:image:height\" content=\"675\" \/>\n\t<meta property=\"og:image:type\" content=\"image\/jpeg\" \/>\n<meta name=\"author\" content=\"Edit\u00f6r\" \/>\n<meta name=\"twitter:card\" content=\"summary_large_image\" \/>\n<meta name=\"twitter:label1\" content=\"\u00c9crit par\" \/>\n\t<meta name=\"twitter:data1\" content=\"Edit\u00f6r\" \/>\n\t<meta name=\"twitter:label2\" content=\"Dur\u00e9e de lecture est.\" \/>\n\t<meta name=\"twitter:data2\" content=\"2 minutes\" \/>\n<script type=\"application\/ld+json\" class=\"yoast-schema-graph\">{\"@context\":\"https:\/\/schema.org\",\"@graph\":[{\"@type\":\"Article\",\"@id\":\"https:\/\/avrupapress.com\/main\/2022\/08\/11\/ab-dogal-gaz-acil-eylem-planini-yururluge-sokuyor\/#article\",\"isPartOf\":{\"@id\":\"https:\/\/avrupapress.com\/main\/2022\/08\/11\/ab-dogal-gaz-acil-eylem-planini-yururluge-sokuyor\/\"},\"author\":{\"name\":\"Edit\u00f6r\",\"@id\":\"https:\/\/avrupapress.com\/#\/schema\/person\/68428444ec60970d1e1b700cf4ca1e8f\"},\"headline\":\"AB do\u011fal gaz acil eylem plan\u0131n\u0131 y\u00fcr\u00fcrl\u00fc\u011fe sokuyor\",\"datePublished\":\"2022-08-11T18:33:51+00:00\",\"dateModified\":\"2022-08-11T18:34:03+00:00\",\"mainEntityOfPage\":{\"@id\":\"https:\/\/avrupapress.com\/main\/2022\/08\/11\/ab-dogal-gaz-acil-eylem-planini-yururluge-sokuyor\/\"},\"wordCount\":387,\"publisher\":{\"@id\":\"https:\/\/avrupapress.com\/#\/schema\/person\/0223dca19c72c43575bf30d1a2d8f4fa\"},\"image\":{\"@id\":\"https:\/\/avrupapress.com\/main\/2022\/08\/11\/ab-dogal-gaz-acil-eylem-planini-yururluge-sokuyor\/#primaryimage\"},\"thumbnailUrl\":\"https:\/\/avrupapress.com\/main\/wp-content\/uploads\/2022\/08\/ab-dogal-gaz-acil-eylem-planini-yururluge-sok-15145081_amp.jpg\",\"articleSection\":[\"Avrupa\",\"Bel\u00e7ika\",\"D\u00fcnya\",\"Ekonomi\",\"K\u00fclt\u00fcr-Sanat\",\"Spor\",\"Tan\u0131t\u0131m\",\"T\u00fcrkiye\"],\"inLanguage\":\"fr-BE\"},{\"@type\":\"WebPage\",\"@id\":\"https:\/\/avrupapress.com\/main\/2022\/08\/11\/ab-dogal-gaz-acil-eylem-planini-yururluge-sokuyor\/\",\"url\":\"https:\/\/avrupapress.com\/main\/2022\/08\/11\/ab-dogal-gaz-acil-eylem-planini-yururluge-sokuyor\/\",\"name\":\"AB do\u011fal gaz acil eylem plan\u0131n\u0131 y\u00fcr\u00fcrl\u00fc\u011fe sokuyor - AvrupaPress\",\"isPartOf\":{\"@id\":\"https:\/\/avrupapress.com\/#website\"},\"primaryImageOfPage\":{\"@id\":\"https:\/\/avrupapress.com\/main\/2022\/08\/11\/ab-dogal-gaz-acil-eylem-planini-yururluge-sokuyor\/#primaryimage\"},\"image\":{\"@id\":\"https:\/\/avrupapress.com\/main\/2022\/08\/11\/ab-dogal-gaz-acil-eylem-planini-yururluge-sokuyor\/#primaryimage\"},\"thumbnailUrl\":\"https:\/\/avrupapress.com\/main\/wp-content\/uploads\/2022\/08\/ab-dogal-gaz-acil-eylem-planini-yururluge-sok-15145081_amp.jpg\",\"datePublished\":\"2022-08-11T18:33:51+00:00\",\"dateModified\":\"2022-08-11T18:34:03+00:00\",\"breadcrumb\":{\"@id\":\"https:\/\/avrupapress.com\/main\/2022\/08\/11\/ab-dogal-gaz-acil-eylem-planini-yururluge-sokuyor\/#breadcrumb\"},\"inLanguage\":\"fr-BE\",\"potentialAction\":[{\"@type\":\"ReadAction\",\"target\":[\"https:\/\/avrupapress.com\/main\/2022\/08\/11\/ab-dogal-gaz-acil-eylem-planini-yururluge-sokuyor\/\"]}]},{\"@type\":\"ImageObject\",\"inLanguage\":\"fr-BE\",\"@id\":\"https:\/\/avrupapress.com\/main\/2022\/08\/11\/ab-dogal-gaz-acil-eylem-planini-yururluge-sokuyor\/#primaryimage\",\"url\":\"https:\/\/avrupapress.com\/main\/wp-content\/uploads\/2022\/08\/ab-dogal-gaz-acil-eylem-planini-yururluge-sok-15145081_amp.jpg\",\"contentUrl\":\"https:\/\/avrupapress.com\/main\/wp-content\/uploads\/2022\/08\/ab-dogal-gaz-acil-eylem-planini-yururluge-sok-15145081_amp.jpg\",\"width\":1200,\"height\":675},{\"@type\":\"BreadcrumbList\",\"@id\":\"https:\/\/avrupapress.com\/main\/2022\/08\/11\/ab-dogal-gaz-acil-eylem-planini-yururluge-sokuyor\/#breadcrumb\",\"itemListElement\":[{\"@type\":\"ListItem\",\"position\":1,\"name\":\"Anasayfa\",\"item\":\"https:\/\/avrupapress.com\/\"},{\"@type\":\"ListItem\",\"position\":2,\"name\":\"AB do\u011fal gaz acil eylem plan\u0131n\u0131 y\u00fcr\u00fcrl\u00fc\u011fe sokuyor\"}]},{\"@type\":\"WebSite\",\"@id\":\"https:\/\/avrupapress.com\/#website\",\"url\":\"https:\/\/avrupapress.com\/\",\"name\":\"AvrupaPress\",\"description\":\"Haberin Adresi\",\"publisher\":{\"@id\":\"https:\/\/avrupapress.com\/#\/schema\/person\/0223dca19c72c43575bf30d1a2d8f4fa\"},\"potentialAction\":[{\"@type\":\"SearchAction\",\"target\":{\"@type\":\"EntryPoint\",\"urlTemplate\":\"https:\/\/avrupapress.com\/?s={search_term_string}\"},\"query-input\":{\"@type\":\"PropertyValueSpecification\",\"valueRequired\":true,\"valueName\":\"search_term_string\"}}],\"inLanguage\":\"fr-BE\"},{\"@type\":[\"Person\",\"Organization\"],\"@id\":\"https:\/\/avrupapress.com\/#\/schema\/person\/0223dca19c72c43575bf30d1a2d8f4fa\",\"name\":\"Bilgin \u00d6z\u00e7ift\u00e7i\",\"image\":{\"@type\":\"ImageObject\",\"inLanguage\":\"fr-BE\",\"@id\":\"https:\/\/avrupapress.com\/#\/schema\/person\/image\/\",\"url\":\"https:\/\/secure.gravatar.com\/avatar\/0f23b280433a21e1ea7a0adcc46ed0ad16afe3ad8e630fd13d8a017dcbd54ef3?s=96&d=mm&r=g\",\"contentUrl\":\"https:\/\/secure.gravatar.com\/avatar\/0f23b280433a21e1ea7a0adcc46ed0ad16afe3ad8e630fd13d8a017dcbd54ef3?s=96&d=mm&r=g\",\"caption\":\"Bilgin \u00d6z\u00e7ift\u00e7i\"},\"logo\":{\"@id\":\"https:\/\/avrupapress.com\/#\/schema\/person\/image\/\"},\"description\":\"Ne ben, nede sen... Biz ancak \\\"biz\\\" olursak g\u00fc\u00e7l\u00fc olabiliriz\"},{\"@type\":\"Person\",\"@id\":\"https:\/\/avrupapress.com\/#\/schema\/person\/68428444ec60970d1e1b700cf4ca1e8f\",\"name\":\"Edit\u00f6r\",\"image\":{\"@type\":\"ImageObject\",\"inLanguage\":\"fr-BE\",\"@id\":\"https:\/\/avrupapress.com\/#\/schema\/person\/image\/\",\"url\":\"https:\/\/secure.gravatar.com\/avatar\/74996b0977aa5f1559ba9883776652508b229005c0d78fb2597897f0bd651c09?s=96&d=mm&r=g\",\"contentUrl\":\"https:\/\/secure.gravatar.com\/avatar\/74996b0977aa5f1559ba9883776652508b229005c0d78fb2597897f0bd651c09?s=96&d=mm&r=g\",\"caption\":\"Edit\u00f6r\"},\"sameAs\":[\"http:\/\/www.avrupapress.com\"],\"url\":\"https:\/\/avrupapress.com\/main\/author\/editor\/\"}]}<\/script>\n<!-- \/ Yoast SEO plugin. -->","yoast_head_json":{"title":"AB do\u011fal gaz acil eylem plan\u0131n\u0131 y\u00fcr\u00fcrl\u00fc\u011fe sokuyor - AvrupaPress","robots":{"index":"index","follow":"follow","max-snippet":"max-snippet:-1","max-image-preview":"max-image-preview:large","max-video-preview":"max-video-preview:-1"},"canonical":"https:\/\/avrupapress.com\/main\/2022\/08\/11\/ab-dogal-gaz-acil-eylem-planini-yururluge-sokuyor\/","og_locale":"fr_FR","og_type":"article","og_title":"AB do\u011fal gaz acil eylem plan\u0131n\u0131 y\u00fcr\u00fcrl\u00fc\u011fe sokuyor - AvrupaPress","og_description":"AB, Rusya&rsquo;dan do\u011fal gaz\u0131n kesilmesi olas\u0131l\u0131\u011f\u0131na kar\u015f\u0131 acil eylem plan\u0131n\u0131 \u00f6n\u00fcm\u00fczdeki hafta y\u00fcr\u00fcrl\u00fc\u011fe sokuyor. AB, Rusya&rsquo;dan do\u011fal gaz\u0131n kesilmesi olas\u0131l\u0131\u011f\u0131na kar\u015f\u0131 acil eylem plan\u0131n\u0131 \u00f6n\u00fcm\u00fczdeki hafta y\u00fcr\u00fcrl\u00fc\u011fe sokuyor. \u00dcye \u00fclkelerin onay\u0131ndan ge\u00e7en plan, ilk etapta g\u00f6n\u00fcll\u00fc olmak \u00fczere y\u00fczde 15&rsquo;lik enerji tasarrufu \u00f6ng\u00f6r\u00fcyor. Avrupa Birli\u011fi&rsquo;nde (AB) Rusya&rsquo;n\u0131n Avrupa&rsquo;ya do\u011falgaz sevkiyat\u0131n\u0131 durdurmas\u0131 durumunda devreye sokulmas\u0131 tasarlanan [&hellip;]","og_url":"https:\/\/avrupapress.com\/main\/2022\/08\/11\/ab-dogal-gaz-acil-eylem-planini-yururluge-sokuyor\/","og_site_name":"AvrupaPress","article_published_time":"2022-08-11T18:33:51+00:00","article_modified_time":"2022-08-11T18:34:03+00:00","og_image":[{"width":1200,"height":675,"url":"https:\/\/avrupapress.com\/main\/wp-content\/uploads\/2022\/08\/ab-dogal-gaz-acil-eylem-planini-yururluge-sok-15145081_amp.jpg","type":"image\/jpeg"}],"author":"Edit\u00f6r","twitter_card":"summary_large_image","twitter_misc":{"\u00c9crit par":"Edit\u00f6r","Dur\u00e9e de lecture est.":"2 minutes"},"schema":{"@context":"https:\/\/schema.org","@graph":[{"@type":"Article","@id":"https:\/\/avrupapress.com\/main\/2022\/08\/11\/ab-dogal-gaz-acil-eylem-planini-yururluge-sokuyor\/#article","isPartOf":{"@id":"https:\/\/avrupapress.com\/main\/2022\/08\/11\/ab-dogal-gaz-acil-eylem-planini-yururluge-sokuyor\/"},"author":{"name":"Edit\u00f6r","@id":"https:\/\/avrupapress.com\/#\/schema\/person\/68428444ec60970d1e1b700cf4ca1e8f"},"headline":"AB do\u011fal gaz acil eylem plan\u0131n\u0131 y\u00fcr\u00fcrl\u00fc\u011fe sokuyor","datePublished":"2022-08-11T18:33:51+00:00","dateModified":"2022-08-11T18:34:03+00:00","mainEntityOfPage":{"@id":"https:\/\/avrupapress.com\/main\/2022\/08\/11\/ab-dogal-gaz-acil-eylem-planini-yururluge-sokuyor\/"},"wordCount":387,"publisher":{"@id":"https:\/\/avrupapress.com\/#\/schema\/person\/0223dca19c72c43575bf30d1a2d8f4fa"},"image":{"@id":"https:\/\/avrupapress.com\/main\/2022\/08\/11\/ab-dogal-gaz-acil-eylem-planini-yururluge-sokuyor\/#primaryimage"},"thumbnailUrl":"https:\/\/avrupapress.com\/main\/wp-content\/uploads\/2022\/08\/ab-dogal-gaz-acil-eylem-planini-yururluge-sok-15145081_amp.jpg","articleSection":["Avrupa","Bel\u00e7ika","D\u00fcnya","Ekonomi","K\u00fclt\u00fcr-Sanat","Spor","Tan\u0131t\u0131m","T\u00fcrkiye"],"inLanguage":"fr-BE"},{"@type":"WebPage","@id":"https:\/\/avrupapress.com\/main\/2022\/08\/11\/ab-dogal-gaz-acil-eylem-planini-yururluge-sokuyor\/","url":"https:\/\/avrupapress.com\/main\/2022\/08\/11\/ab-dogal-gaz-acil-eylem-planini-yururluge-sokuyor\/","name":"AB do\u011fal gaz acil eylem plan\u0131n\u0131 y\u00fcr\u00fcrl\u00fc\u011fe sokuyor - AvrupaPress","isPartOf":{"@id":"https:\/\/avrupapress.com\/#website"},"primaryImageOfPage":{"@id":"https:\/\/avrupapress.com\/main\/2022\/08\/11\/ab-dogal-gaz-acil-eylem-planini-yururluge-sokuyor\/#primaryimage"},"image":{"@id":"https:\/\/avrupapress.com\/main\/2022\/08\/11\/ab-dogal-gaz-acil-eylem-planini-yururluge-sokuyor\/#primaryimage"},"thumbnailUrl":"https:\/\/avrupapress.com\/main\/wp-content\/uploads\/2022\/08\/ab-dogal-gaz-acil-eylem-planini-yururluge-sok-15145081_amp.jpg","datePublished":"2022-08-11T18:33:51+00:00","dateModified":"2022-08-11T18:34:03+00:00","breadcrumb":{"@id":"https:\/\/avrupapress.com\/main\/2022\/08\/11\/ab-dogal-gaz-acil-eylem-planini-yururluge-sokuyor\/#breadcrumb"},"inLanguage":"fr-BE","potentialAction":[{"@type":"ReadAction","target":["https:\/\/avrupapress.com\/main\/2022\/08\/11\/ab-dogal-gaz-acil-eylem-planini-yururluge-sokuyor\/"]}]},{"@type":"ImageObject","inLanguage":"fr-BE","@id":"https:\/\/avrupapress.com\/main\/2022\/08\/11\/ab-dogal-gaz-acil-eylem-planini-yururluge-sokuyor\/#primaryimage","url":"https:\/\/avrupapress.com\/main\/wp-content\/uploads\/2022\/08\/ab-dogal-gaz-acil-eylem-planini-yururluge-sok-15145081_amp.jpg","contentUrl":"https:\/\/avrupapress.com\/main\/wp-content\/uploads\/2022\/08\/ab-dogal-gaz-acil-eylem-planini-yururluge-sok-15145081_amp.jpg","width":1200,"height":675},{"@type":"BreadcrumbList","@id":"https:\/\/avrupapress.com\/main\/2022\/08\/11\/ab-dogal-gaz-acil-eylem-planini-yururluge-sokuyor\/#breadcrumb","itemListElement":[{"@type":"ListItem","position":1,"name":"Anasayfa","item":"https:\/\/avrupapress.com\/"},{"@type":"ListItem","position":2,"name":"AB do\u011fal gaz acil eylem plan\u0131n\u0131 y\u00fcr\u00fcrl\u00fc\u011fe sokuyor"}]},{"@type":"WebSite","@id":"https:\/\/avrupapress.com\/#website","url":"https:\/\/avrupapress.com\/","name":"AvrupaPress","description":"Haberin Adresi","publisher":{"@id":"https:\/\/avrupapress.com\/#\/schema\/person\/0223dca19c72c43575bf30d1a2d8f4fa"},"potentialAction":[{"@type":"SearchAction","target":{"@type":"EntryPoint","urlTemplate":"https:\/\/avrupapress.com\/?s={search_term_string}"},"query-input":{"@type":"PropertyValueSpecification","valueRequired":true,"valueName":"search_term_string"}}],"inLanguage":"fr-BE"},{"@type":["Person","Organization"],"@id":"https:\/\/avrupapress.com\/#\/schema\/person\/0223dca19c72c43575bf30d1a2d8f4fa","name":"Bilgin \u00d6z\u00e7ift\u00e7i","image":{"@type":"ImageObject","inLanguage":"fr-BE","@id":"https:\/\/avrupapress.com\/#\/schema\/person\/image\/","url":"https:\/\/secure.gravatar.com\/avatar\/0f23b280433a21e1ea7a0adcc46ed0ad16afe3ad8e630fd13d8a017dcbd54ef3?s=96&d=mm&r=g","contentUrl":"https:\/\/secure.gravatar.com\/avatar\/0f23b280433a21e1ea7a0adcc46ed0ad16afe3ad8e630fd13d8a017dcbd54ef3?s=96&d=mm&r=g","caption":"Bilgin \u00d6z\u00e7ift\u00e7i"},"logo":{"@id":"https:\/\/avrupapress.com\/#\/schema\/person\/image\/"},"description":"Ne ben, nede sen... Biz ancak \"biz\" olursak g\u00fc\u00e7l\u00fc olabiliriz"},{"@type":"Person","@id":"https:\/\/avrupapress.com\/#\/schema\/person\/68428444ec60970d1e1b700cf4ca1e8f","name":"Edit\u00f6r","image":{"@type":"ImageObject","inLanguage":"fr-BE","@id":"https:\/\/avrupapress.com\/#\/schema\/person\/image\/","url":"https:\/\/secure.gravatar.com\/avatar\/74996b0977aa5f1559ba9883776652508b229005c0d78fb2597897f0bd651c09?s=96&d=mm&r=g","contentUrl":"https:\/\/secure.gravatar.com\/avatar\/74996b0977aa5f1559ba9883776652508b229005c0d78fb2597897f0bd651c09?s=96&d=mm&r=g","caption":"Edit\u00f6r"},"sameAs":["http:\/\/www.avrupapress.com"],"url":"https:\/\/avrupapress.com\/main\/author\/editor\/"}]}},"_links":{"self":[{"href":"https:\/\/avrupapress.com\/main\/wp-json\/wp\/v2\/posts\/19813","targetHints":{"allow":["GET"]}}],"collection":[{"href":"https:\/\/avrupapress.com\/main\/wp-json\/wp\/v2\/posts"}],"about":[{"href":"https:\/\/avrupapress.com\/main\/wp-json\/wp\/v2\/types\/post"}],"author":[{"embeddable":true,"href":"https:\/\/avrupapress.com\/main\/wp-json\/wp\/v2\/users\/3"}],"replies":[{"embeddable":true,"href":"https:\/\/avrupapress.com\/main\/wp-json\/wp\/v2\/comments?post=19813"}],"version-history":[{"count":1,"href":"https:\/\/avrupapress.com\/main\/wp-json\/wp\/v2\/posts\/19813\/revisions"}],"predecessor-version":[{"id":19815,"href":"https:\/\/avrupapress.com\/main\/wp-json\/wp\/v2\/posts\/19813\/revisions\/19815"}],"wp:featuredmedia":[{"embeddable":true,"href":"https:\/\/avrupapress.com\/main\/wp-json\/wp\/v2\/media\/19814"}],"wp:attachment":[{"href":"https:\/\/avrupapress.com\/main\/wp-json\/wp\/v2\/media?parent=19813"}],"wp:term":[{"taxonomy":"category","embeddable":true,"href":"https:\/\/avrupapress.com\/main\/wp-json\/wp\/v2\/categories?post=19813"},{"taxonomy":"post_tag","embeddable":true,"href":"https:\/\/avrupapress.com\/main\/wp-json\/wp\/v2\/tags?post=19813"}],"curies":[{"name":"wp","href":"https:\/\/api.w.org\/{rel}","templated":true}]}}