{"id":19810,"date":"2022-08-11T17:54:26","date_gmt":"2022-08-11T17:54:26","guid":{"rendered":"https:\/\/avrupapress.com\/main\/?p=19810"},"modified":"2022-08-11T17:54:35","modified_gmt":"2022-08-11T17:54:35","slug":"eskisehir-fatih-fen-lisesi-biyocesitlilik-ve-ekosistemler-projeleriyle-tubitak-turkiye-finaline-katildilar","status":"publish","type":"post","link":"https:\/\/avrupapress.com\/main\/2022\/08\/11\/eskisehir-fatih-fen-lisesi-biyocesitlilik-ve-ekosistemler-projeleriyle-tubitak-turkiye-finaline-katildilar\/","title":{"rendered":"Eski\u015fehir Fatih Fen Lisesi \u2018Biyo\u00e7e\u015fitlilik ve Ekosistemler\u2019 Projeleriyle T\u00dcB\u0130TAK T\u00fcrkiye Finaline Kat\u0131ld\u0131lar"},"content":{"rendered":"<p class=\"x_MsoNormal\"><b>\u00a0ERTU\u011eRUL ALTINEL \u2013 B\u0130LG\u0130N \u00d6Z\u00c7\u0130FT\u00c7\u0130 \u2013 AVRUPA PRESS &#8211; BEL\u00c7\u0130KA<\/b><\/p>\n<p class=\"x_MsoNormal\"><b>Eski\u015fehir Fatih Fen Lisesi\u00a0\u00f6\u011fretmeni ve \u00f6\u011frencileri, \u2018Biyo\u00e7e\u015fitlilik ve Ekosistemler\u2019<\/b>\u00a0<b>tematik alan\u0131nda yer alan projeleriyle T\u00dcB\u0130TAK taraf\u0131ndan d\u00fczenlenen\u00a0<\/b><b>Lise \u00d6\u011frencileri \u2018\u0130klim De\u011fi\u015fikli\u011fi\u2019 Ara\u015ft\u0131rma Projeleri Yar\u0131\u015fmas\u0131 finaline kat\u0131ld\u0131lar.<\/b><\/p>\n<p class=\"x_MsoNormal\">T\u00dcB\u0130TAK taraf\u0131ndan d\u00fczenlenen\u00a0lise \u00f6\u011frencileri \u2018\u0130klim De\u011fi\u015fikli\u011fi\u2019 Ara\u015ft\u0131rma Projeleri Yar\u0131\u015fmas\u0131na; yakla\u015f\u0131k 1700 proje ba\u015fvurusu, \u00f6\u011fretim \u00fcyelerinden olu\u015fan j\u00fcriler de\u011ferlendirdi. Projenin dan\u0131\u015fmanl\u0131\u011f\u0131n\u0131 Eski\u015fehir Fatih Fen Lisesi Uzman T\u00fcrk Dili ve Edebiyat\u0131 \u00f6\u011fretmeni Cengiz Arsu\u2019nun yapt\u0131\u011f\u0131 \u2018Biyo\u00e7e\u015fitlilik ve Ekosistemler\u2019 tematik alan\u0131nda yer alan projenin, T\u00fcrkiye Finaline davet edilmesine karar verildi.<\/p>\n<p class=\"x_MsoNormal\">Eski\u015fehir Fatih Fen Lisesi \u00f6\u011frencileri\u00a0Ali Kayra Kocat\u00fcrk ile Mehmet Nadir Berbero\u011flu\u2019na; Eski\u015fehir Fatih Fen Lisesi Uzman T\u00fcrk Dili ve Edebiyat\u0131 \u00d6\u011fretmeni Cengiz Arsu, proje \u00e7al\u0131\u015fmas\u0131nda dan\u0131\u015fmanl\u0131k yapt\u0131. \u2018Biyo\u00e7e\u015fitlilik ve Ekosistemler\u2019 tematik alan\u0131nda yer alan projeleriyle; T\u00dcB\u0130TAK taraf\u0131ndan d\u00fczenlenen\u00a0lise \u00f6\u011frencileri \u2018\u0130klim De\u011fi\u015fikli\u011fi\u2019 Ara\u015ft\u0131rma Projeleri Yar\u0131\u015fmas\u0131 finaline kat\u0131larak, proje sunumlar\u0131n\u0131 ba\u015far\u0131yla ger\u00e7ekle\u015ftirdiler.<\/p>\n<p class=\"x_MsoNormal\">\u00d6\u011fretmen ve \u00f6\u011frenciler;\u00a0\u2018Biyo\u00e7e\u015fitlilik ve Ekosistemler\u2019 tematik alan\u0131nda yer alan projeleriyle,\u00a0T\u00dcB\u0130TAK taraf\u0131ndan d\u00fczenlenen\u00a0lise \u00f6\u011frencileri \u2018\u0130klim De\u011fi\u015fikli\u011fi\u2019 Ara\u015ft\u0131rma Projeleri Yar\u0131\u015fmas\u0131\u00a0finaline kat\u0131larak,\u00a0Eski\u015fehir\u2019i ba\u015far\u0131yla temsil etmekten mutluluk ve gurur duyduklar\u0131n\u0131 belirttiler.<\/p>\n<p><img loading=\"lazy\" decoding=\"async\" class=\"alignnone size-medium wp-image-19811\" src=\"https:\/\/avrupapress.com\/main\/wp-content\/uploads\/2022\/08\/thumbnail_Fotograf-225x300.jpg\" alt=\"\" width=\"225\" height=\"300\" srcset=\"https:\/\/avrupapress.com\/main\/wp-content\/uploads\/2022\/08\/thumbnail_Fotograf-225x300.jpg 225w, https:\/\/avrupapress.com\/main\/wp-content\/uploads\/2022\/08\/thumbnail_Fotograf-768x1024.jpg 768w, https:\/\/avrupapress.com\/main\/wp-content\/uploads\/2022\/08\/thumbnail_Fotograf.jpg 960w\" sizes=\"auto, (max-width: 225px) 100vw, 225px\" \/><\/p>\n<p class=\"x_MsoNormal\"><b>HABER \/ FOTO\u011eRAF: ERTU\u011eRUL ALTINEL \u2013 B\u0130LG\u0130N \u00d6Z\u00c7\u0130FT\u00c7\u0130 \u2013 AVRUPA PRESS &#8211; BEL\u00c7\u0130KA<\/b><\/p>\n","protected":false},"excerpt":{"rendered":"<p>\u00a0ERTU\u011eRUL ALTINEL \u2013 B\u0130LG\u0130N \u00d6Z\u00c7\u0130FT\u00c7\u0130 \u2013 AVRUPA PRESS &#8211; BEL\u00c7\u0130KA Eski\u015fehir Fatih Fen Lisesi\u00a0\u00f6\u011fretmeni ve \u00f6\u011frencileri, \u2018Biyo\u00e7e\u015fitlilik ve Ekosistemler\u2019\u00a0tematik alan\u0131nda yer alan projeleriyle T\u00dcB\u0130TAK taraf\u0131ndan d\u00fczenlenen\u00a0Lise \u00d6\u011frencileri \u2018\u0130klim De\u011fi\u015fikli\u011fi\u2019 Ara\u015ft\u0131rma Projeleri Yar\u0131\u015fmas\u0131 finaline kat\u0131ld\u0131lar. T\u00dcB\u0130TAK taraf\u0131ndan d\u00fczenlenen\u00a0lise \u00f6\u011frencileri \u2018\u0130klim De\u011fi\u015fikli\u011fi\u2019 Ara\u015ft\u0131rma Projeleri Yar\u0131\u015fmas\u0131na; yakla\u015f\u0131k 1700 proje ba\u015fvurusu, \u00f6\u011fretim \u00fcyelerinden olu\u015fan j\u00fcriler de\u011ferlendirdi. Projenin dan\u0131\u015fmanl\u0131\u011f\u0131n\u0131 Eski\u015fehir [&hellip;]<\/p>\n","protected":false},"author":3,"featured_media":19811,"comment_status":"closed","ping_status":"open","sticky":false,"template":"","format":"standard","meta":{"footnotes":""},"categories":[14,16,3,17,18,15,19,2],"tags":[],"class_list":["post-19810","post","type-post","status-publish","format-standard","has-post-thumbnail","hentry","category-avrupa","category-belcika","category-dunya","category-ekonomi","category-kultur-sanat","category-spor","category-tanitim","category-turkiye"],"yoast_head":"<!-- This site is optimized with the Yoast SEO plugin v26.9 - https:\/\/yoast.com\/product\/yoast-seo-wordpress\/ -->\n<title>Eski\u015fehir Fatih Fen Lisesi \u2018Biyo\u00e7e\u015fitlilik ve Ekosistemler\u2019 Projeleriyle T\u00dcB\u0130TAK T\u00fcrkiye Finaline Kat\u0131ld\u0131lar - AvrupaPress<\/title>\n<meta name=\"robots\" content=\"index, follow, max-snippet:-1, max-image-preview:large, max-video-preview:-1\" \/>\n<link rel=\"canonical\" href=\"https:\/\/avrupapress.com\/main\/2022\/08\/11\/eskisehir-fatih-fen-lisesi-biyocesitlilik-ve-ekosistemler-projeleriyle-tubitak-turkiye-finaline-katildilar\/\" \/>\n<meta property=\"og:locale\" content=\"fr_FR\" \/>\n<meta property=\"og:type\" content=\"article\" \/>\n<meta property=\"og:title\" content=\"Eski\u015fehir Fatih Fen Lisesi \u2018Biyo\u00e7e\u015fitlilik ve Ekosistemler\u2019 Projeleriyle T\u00dcB\u0130TAK T\u00fcrkiye Finaline Kat\u0131ld\u0131lar - AvrupaPress\" \/>\n<meta property=\"og:description\" content=\"\u00a0ERTU\u011eRUL ALTINEL \u2013 B\u0130LG\u0130N \u00d6Z\u00c7\u0130FT\u00c7\u0130 \u2013 AVRUPA PRESS &#8211; BEL\u00c7\u0130KA Eski\u015fehir Fatih Fen Lisesi\u00a0\u00f6\u011fretmeni ve \u00f6\u011frencileri, \u2018Biyo\u00e7e\u015fitlilik ve Ekosistemler\u2019\u00a0tematik alan\u0131nda yer alan projeleriyle T\u00dcB\u0130TAK taraf\u0131ndan d\u00fczenlenen\u00a0Lise \u00d6\u011frencileri \u2018\u0130klim De\u011fi\u015fikli\u011fi\u2019 Ara\u015ft\u0131rma Projeleri Yar\u0131\u015fmas\u0131 finaline kat\u0131ld\u0131lar. T\u00dcB\u0130TAK taraf\u0131ndan d\u00fczenlenen\u00a0lise \u00f6\u011frencileri \u2018\u0130klim De\u011fi\u015fikli\u011fi\u2019 Ara\u015ft\u0131rma Projeleri Yar\u0131\u015fmas\u0131na; yakla\u015f\u0131k 1700 proje ba\u015fvurusu, \u00f6\u011fretim \u00fcyelerinden olu\u015fan j\u00fcriler de\u011ferlendirdi. Projenin dan\u0131\u015fmanl\u0131\u011f\u0131n\u0131 Eski\u015fehir [&hellip;]\" \/>\n<meta property=\"og:url\" content=\"https:\/\/avrupapress.com\/main\/2022\/08\/11\/eskisehir-fatih-fen-lisesi-biyocesitlilik-ve-ekosistemler-projeleriyle-tubitak-turkiye-finaline-katildilar\/\" \/>\n<meta property=\"og:site_name\" content=\"AvrupaPress\" \/>\n<meta property=\"article:published_time\" content=\"2022-08-11T17:54:26+00:00\" \/>\n<meta property=\"article:modified_time\" content=\"2022-08-11T17:54:35+00:00\" \/>\n<meta property=\"og:image\" content=\"https:\/\/avrupapress.com\/main\/wp-content\/uploads\/2022\/08\/thumbnail_Fotograf.jpg\" \/>\n\t<meta property=\"og:image:width\" content=\"960\" \/>\n\t<meta property=\"og:image:height\" content=\"1280\" \/>\n\t<meta property=\"og:image:type\" content=\"image\/jpeg\" \/>\n<meta name=\"author\" content=\"Edit\u00f6r\" \/>\n<meta name=\"twitter:card\" content=\"summary_large_image\" \/>\n<meta name=\"twitter:label1\" content=\"\u00c9crit par\" \/>\n\t<meta name=\"twitter:data1\" content=\"Edit\u00f6r\" \/>\n\t<meta name=\"twitter:label2\" content=\"Dur\u00e9e de lecture est.\" \/>\n\t<meta name=\"twitter:data2\" content=\"2 minutes\" \/>\n<script type=\"application\/ld+json\" class=\"yoast-schema-graph\">{\"@context\":\"https:\/\/schema.org\",\"@graph\":[{\"@type\":\"Article\",\"@id\":\"https:\/\/avrupapress.com\/main\/2022\/08\/11\/eskisehir-fatih-fen-lisesi-biyocesitlilik-ve-ekosistemler-projeleriyle-tubitak-turkiye-finaline-katildilar\/#article\",\"isPartOf\":{\"@id\":\"https:\/\/avrupapress.com\/main\/2022\/08\/11\/eskisehir-fatih-fen-lisesi-biyocesitlilik-ve-ekosistemler-projeleriyle-tubitak-turkiye-finaline-katildilar\/\"},\"author\":{\"name\":\"Edit\u00f6r\",\"@id\":\"https:\/\/avrupapress.com\/#\/schema\/person\/68428444ec60970d1e1b700cf4ca1e8f\"},\"headline\":\"Eski\u015fehir Fatih Fen Lisesi \u2018Biyo\u00e7e\u015fitlilik ve Ekosistemler\u2019 Projeleriyle T\u00dcB\u0130TAK T\u00fcrkiye Finaline Kat\u0131ld\u0131lar\",\"datePublished\":\"2022-08-11T17:54:26+00:00\",\"dateModified\":\"2022-08-11T17:54:35+00:00\",\"mainEntityOfPage\":{\"@id\":\"https:\/\/avrupapress.com\/main\/2022\/08\/11\/eskisehir-fatih-fen-lisesi-biyocesitlilik-ve-ekosistemler-projeleriyle-tubitak-turkiye-finaline-katildilar\/\"},\"wordCount\":296,\"publisher\":{\"@id\":\"https:\/\/avrupapress.com\/#\/schema\/person\/0223dca19c72c43575bf30d1a2d8f4fa\"},\"image\":{\"@id\":\"https:\/\/avrupapress.com\/main\/2022\/08\/11\/eskisehir-fatih-fen-lisesi-biyocesitlilik-ve-ekosistemler-projeleriyle-tubitak-turkiye-finaline-katildilar\/#primaryimage\"},\"thumbnailUrl\":\"https:\/\/avrupapress.com\/main\/wp-content\/uploads\/2022\/08\/thumbnail_Fotograf.jpg\",\"articleSection\":[\"Avrupa\",\"Bel\u00e7ika\",\"D\u00fcnya\",\"Ekonomi\",\"K\u00fclt\u00fcr-Sanat\",\"Spor\",\"Tan\u0131t\u0131m\",\"T\u00fcrkiye\"],\"inLanguage\":\"fr-BE\"},{\"@type\":\"WebPage\",\"@id\":\"https:\/\/avrupapress.com\/main\/2022\/08\/11\/eskisehir-fatih-fen-lisesi-biyocesitlilik-ve-ekosistemler-projeleriyle-tubitak-turkiye-finaline-katildilar\/\",\"url\":\"https:\/\/avrupapress.com\/main\/2022\/08\/11\/eskisehir-fatih-fen-lisesi-biyocesitlilik-ve-ekosistemler-projeleriyle-tubitak-turkiye-finaline-katildilar\/\",\"name\":\"Eski\u015fehir Fatih Fen Lisesi \u2018Biyo\u00e7e\u015fitlilik ve Ekosistemler\u2019 Projeleriyle T\u00dcB\u0130TAK T\u00fcrkiye Finaline Kat\u0131ld\u0131lar - AvrupaPress\",\"isPartOf\":{\"@id\":\"https:\/\/avrupapress.com\/#website\"},\"primaryImageOfPage\":{\"@id\":\"https:\/\/avrupapress.com\/main\/2022\/08\/11\/eskisehir-fatih-fen-lisesi-biyocesitlilik-ve-ekosistemler-projeleriyle-tubitak-turkiye-finaline-katildilar\/#primaryimage\"},\"image\":{\"@id\":\"https:\/\/avrupapress.com\/main\/2022\/08\/11\/eskisehir-fatih-fen-lisesi-biyocesitlilik-ve-ekosistemler-projeleriyle-tubitak-turkiye-finaline-katildilar\/#primaryimage\"},\"thumbnailUrl\":\"https:\/\/avrupapress.com\/main\/wp-content\/uploads\/2022\/08\/thumbnail_Fotograf.jpg\",\"datePublished\":\"2022-08-11T17:54:26+00:00\",\"dateModified\":\"2022-08-11T17:54:35+00:00\",\"breadcrumb\":{\"@id\":\"https:\/\/avrupapress.com\/main\/2022\/08\/11\/eskisehir-fatih-fen-lisesi-biyocesitlilik-ve-ekosistemler-projeleriyle-tubitak-turkiye-finaline-katildilar\/#breadcrumb\"},\"inLanguage\":\"fr-BE\",\"potentialAction\":[{\"@type\":\"ReadAction\",\"target\":[\"https:\/\/avrupapress.com\/main\/2022\/08\/11\/eskisehir-fatih-fen-lisesi-biyocesitlilik-ve-ekosistemler-projeleriyle-tubitak-turkiye-finaline-katildilar\/\"]}]},{\"@type\":\"ImageObject\",\"inLanguage\":\"fr-BE\",\"@id\":\"https:\/\/avrupapress.com\/main\/2022\/08\/11\/eskisehir-fatih-fen-lisesi-biyocesitlilik-ve-ekosistemler-projeleriyle-tubitak-turkiye-finaline-katildilar\/#primaryimage\",\"url\":\"https:\/\/avrupapress.com\/main\/wp-content\/uploads\/2022\/08\/thumbnail_Fotograf.jpg\",\"contentUrl\":\"https:\/\/avrupapress.com\/main\/wp-content\/uploads\/2022\/08\/thumbnail_Fotograf.jpg\",\"width\":960,\"height\":1280},{\"@type\":\"BreadcrumbList\",\"@id\":\"https:\/\/avrupapress.com\/main\/2022\/08\/11\/eskisehir-fatih-fen-lisesi-biyocesitlilik-ve-ekosistemler-projeleriyle-tubitak-turkiye-finaline-katildilar\/#breadcrumb\",\"itemListElement\":[{\"@type\":\"ListItem\",\"position\":1,\"name\":\"Anasayfa\",\"item\":\"https:\/\/avrupapress.com\/\"},{\"@type\":\"ListItem\",\"position\":2,\"name\":\"Eski\u015fehir Fatih Fen Lisesi \u2018Biyo\u00e7e\u015fitlilik ve Ekosistemler\u2019 Projeleriyle T\u00dcB\u0130TAK T\u00fcrkiye Finaline Kat\u0131ld\u0131lar\"}]},{\"@type\":\"WebSite\",\"@id\":\"https:\/\/avrupapress.com\/#website\",\"url\":\"https:\/\/avrupapress.com\/\",\"name\":\"AvrupaPress\",\"description\":\"Haberin Adresi\",\"publisher\":{\"@id\":\"https:\/\/avrupapress.com\/#\/schema\/person\/0223dca19c72c43575bf30d1a2d8f4fa\"},\"potentialAction\":[{\"@type\":\"SearchAction\",\"target\":{\"@type\":\"EntryPoint\",\"urlTemplate\":\"https:\/\/avrupapress.com\/?s={search_term_string}\"},\"query-input\":{\"@type\":\"PropertyValueSpecification\",\"valueRequired\":true,\"valueName\":\"search_term_string\"}}],\"inLanguage\":\"fr-BE\"},{\"@type\":[\"Person\",\"Organization\"],\"@id\":\"https:\/\/avrupapress.com\/#\/schema\/person\/0223dca19c72c43575bf30d1a2d8f4fa\",\"name\":\"Bilgin \u00d6z\u00e7ift\u00e7i\",\"image\":{\"@type\":\"ImageObject\",\"inLanguage\":\"fr-BE\",\"@id\":\"https:\/\/avrupapress.com\/#\/schema\/person\/image\/\",\"url\":\"https:\/\/secure.gravatar.com\/avatar\/0f23b280433a21e1ea7a0adcc46ed0ad16afe3ad8e630fd13d8a017dcbd54ef3?s=96&d=mm&r=g\",\"contentUrl\":\"https:\/\/secure.gravatar.com\/avatar\/0f23b280433a21e1ea7a0adcc46ed0ad16afe3ad8e630fd13d8a017dcbd54ef3?s=96&d=mm&r=g\",\"caption\":\"Bilgin \u00d6z\u00e7ift\u00e7i\"},\"logo\":{\"@id\":\"https:\/\/avrupapress.com\/#\/schema\/person\/image\/\"},\"description\":\"Ne ben, nede sen... Biz ancak \\\"biz\\\" olursak g\u00fc\u00e7l\u00fc olabiliriz\"},{\"@type\":\"Person\",\"@id\":\"https:\/\/avrupapress.com\/#\/schema\/person\/68428444ec60970d1e1b700cf4ca1e8f\",\"name\":\"Edit\u00f6r\",\"image\":{\"@type\":\"ImageObject\",\"inLanguage\":\"fr-BE\",\"@id\":\"https:\/\/avrupapress.com\/#\/schema\/person\/image\/\",\"url\":\"https:\/\/secure.gravatar.com\/avatar\/74996b0977aa5f1559ba9883776652508b229005c0d78fb2597897f0bd651c09?s=96&d=mm&r=g\",\"contentUrl\":\"https:\/\/secure.gravatar.com\/avatar\/74996b0977aa5f1559ba9883776652508b229005c0d78fb2597897f0bd651c09?s=96&d=mm&r=g\",\"caption\":\"Edit\u00f6r\"},\"sameAs\":[\"http:\/\/www.avrupapress.com\"],\"url\":\"https:\/\/avrupapress.com\/main\/author\/editor\/\"}]}<\/script>\n<!-- \/ Yoast SEO plugin. -->","yoast_head_json":{"title":"Eski\u015fehir Fatih Fen Lisesi \u2018Biyo\u00e7e\u015fitlilik ve Ekosistemler\u2019 Projeleriyle T\u00dcB\u0130TAK T\u00fcrkiye Finaline Kat\u0131ld\u0131lar - AvrupaPress","robots":{"index":"index","follow":"follow","max-snippet":"max-snippet:-1","max-image-preview":"max-image-preview:large","max-video-preview":"max-video-preview:-1"},"canonical":"https:\/\/avrupapress.com\/main\/2022\/08\/11\/eskisehir-fatih-fen-lisesi-biyocesitlilik-ve-ekosistemler-projeleriyle-tubitak-turkiye-finaline-katildilar\/","og_locale":"fr_FR","og_type":"article","og_title":"Eski\u015fehir Fatih Fen Lisesi \u2018Biyo\u00e7e\u015fitlilik ve Ekosistemler\u2019 Projeleriyle T\u00dcB\u0130TAK T\u00fcrkiye Finaline Kat\u0131ld\u0131lar - AvrupaPress","og_description":"\u00a0ERTU\u011eRUL ALTINEL \u2013 B\u0130LG\u0130N \u00d6Z\u00c7\u0130FT\u00c7\u0130 \u2013 AVRUPA PRESS &#8211; BEL\u00c7\u0130KA Eski\u015fehir Fatih Fen Lisesi\u00a0\u00f6\u011fretmeni ve \u00f6\u011frencileri, \u2018Biyo\u00e7e\u015fitlilik ve Ekosistemler\u2019\u00a0tematik alan\u0131nda yer alan projeleriyle T\u00dcB\u0130TAK taraf\u0131ndan d\u00fczenlenen\u00a0Lise \u00d6\u011frencileri \u2018\u0130klim De\u011fi\u015fikli\u011fi\u2019 Ara\u015ft\u0131rma Projeleri Yar\u0131\u015fmas\u0131 finaline kat\u0131ld\u0131lar. T\u00dcB\u0130TAK taraf\u0131ndan d\u00fczenlenen\u00a0lise \u00f6\u011frencileri \u2018\u0130klim De\u011fi\u015fikli\u011fi\u2019 Ara\u015ft\u0131rma Projeleri Yar\u0131\u015fmas\u0131na; yakla\u015f\u0131k 1700 proje ba\u015fvurusu, \u00f6\u011fretim \u00fcyelerinden olu\u015fan j\u00fcriler de\u011ferlendirdi. Projenin dan\u0131\u015fmanl\u0131\u011f\u0131n\u0131 Eski\u015fehir [&hellip;]","og_url":"https:\/\/avrupapress.com\/main\/2022\/08\/11\/eskisehir-fatih-fen-lisesi-biyocesitlilik-ve-ekosistemler-projeleriyle-tubitak-turkiye-finaline-katildilar\/","og_site_name":"AvrupaPress","article_published_time":"2022-08-11T17:54:26+00:00","article_modified_time":"2022-08-11T17:54:35+00:00","og_image":[{"width":960,"height":1280,"url":"https:\/\/avrupapress.com\/main\/wp-content\/uploads\/2022\/08\/thumbnail_Fotograf.jpg","type":"image\/jpeg"}],"author":"Edit\u00f6r","twitter_card":"summary_large_image","twitter_misc":{"\u00c9crit par":"Edit\u00f6r","Dur\u00e9e de lecture est.":"2 minutes"},"schema":{"@context":"https:\/\/schema.org","@graph":[{"@type":"Article","@id":"https:\/\/avrupapress.com\/main\/2022\/08\/11\/eskisehir-fatih-fen-lisesi-biyocesitlilik-ve-ekosistemler-projeleriyle-tubitak-turkiye-finaline-katildilar\/#article","isPartOf":{"@id":"https:\/\/avrupapress.com\/main\/2022\/08\/11\/eskisehir-fatih-fen-lisesi-biyocesitlilik-ve-ekosistemler-projeleriyle-tubitak-turkiye-finaline-katildilar\/"},"author":{"name":"Edit\u00f6r","@id":"https:\/\/avrupapress.com\/#\/schema\/person\/68428444ec60970d1e1b700cf4ca1e8f"},"headline":"Eski\u015fehir Fatih Fen Lisesi \u2018Biyo\u00e7e\u015fitlilik ve Ekosistemler\u2019 Projeleriyle T\u00dcB\u0130TAK T\u00fcrkiye Finaline Kat\u0131ld\u0131lar","datePublished":"2022-08-11T17:54:26+00:00","dateModified":"2022-08-11T17:54:35+00:00","mainEntityOfPage":{"@id":"https:\/\/avrupapress.com\/main\/2022\/08\/11\/eskisehir-fatih-fen-lisesi-biyocesitlilik-ve-ekosistemler-projeleriyle-tubitak-turkiye-finaline-katildilar\/"},"wordCount":296,"publisher":{"@id":"https:\/\/avrupapress.com\/#\/schema\/person\/0223dca19c72c43575bf30d1a2d8f4fa"},"image":{"@id":"https:\/\/avrupapress.com\/main\/2022\/08\/11\/eskisehir-fatih-fen-lisesi-biyocesitlilik-ve-ekosistemler-projeleriyle-tubitak-turkiye-finaline-katildilar\/#primaryimage"},"thumbnailUrl":"https:\/\/avrupapress.com\/main\/wp-content\/uploads\/2022\/08\/thumbnail_Fotograf.jpg","articleSection":["Avrupa","Bel\u00e7ika","D\u00fcnya","Ekonomi","K\u00fclt\u00fcr-Sanat","Spor","Tan\u0131t\u0131m","T\u00fcrkiye"],"inLanguage":"fr-BE"},{"@type":"WebPage","@id":"https:\/\/avrupapress.com\/main\/2022\/08\/11\/eskisehir-fatih-fen-lisesi-biyocesitlilik-ve-ekosistemler-projeleriyle-tubitak-turkiye-finaline-katildilar\/","url":"https:\/\/avrupapress.com\/main\/2022\/08\/11\/eskisehir-fatih-fen-lisesi-biyocesitlilik-ve-ekosistemler-projeleriyle-tubitak-turkiye-finaline-katildilar\/","name":"Eski\u015fehir Fatih Fen Lisesi \u2018Biyo\u00e7e\u015fitlilik ve Ekosistemler\u2019 Projeleriyle T\u00dcB\u0130TAK T\u00fcrkiye Finaline Kat\u0131ld\u0131lar - AvrupaPress","isPartOf":{"@id":"https:\/\/avrupapress.com\/#website"},"primaryImageOfPage":{"@id":"https:\/\/avrupapress.com\/main\/2022\/08\/11\/eskisehir-fatih-fen-lisesi-biyocesitlilik-ve-ekosistemler-projeleriyle-tubitak-turkiye-finaline-katildilar\/#primaryimage"},"image":{"@id":"https:\/\/avrupapress.com\/main\/2022\/08\/11\/eskisehir-fatih-fen-lisesi-biyocesitlilik-ve-ekosistemler-projeleriyle-tubitak-turkiye-finaline-katildilar\/#primaryimage"},"thumbnailUrl":"https:\/\/avrupapress.com\/main\/wp-content\/uploads\/2022\/08\/thumbnail_Fotograf.jpg","datePublished":"2022-08-11T17:54:26+00:00","dateModified":"2022-08-11T17:54:35+00:00","breadcrumb":{"@id":"https:\/\/avrupapress.com\/main\/2022\/08\/11\/eskisehir-fatih-fen-lisesi-biyocesitlilik-ve-ekosistemler-projeleriyle-tubitak-turkiye-finaline-katildilar\/#breadcrumb"},"inLanguage":"fr-BE","potentialAction":[{"@type":"ReadAction","target":["https:\/\/avrupapress.com\/main\/2022\/08\/11\/eskisehir-fatih-fen-lisesi-biyocesitlilik-ve-ekosistemler-projeleriyle-tubitak-turkiye-finaline-katildilar\/"]}]},{"@type":"ImageObject","inLanguage":"fr-BE","@id":"https:\/\/avrupapress.com\/main\/2022\/08\/11\/eskisehir-fatih-fen-lisesi-biyocesitlilik-ve-ekosistemler-projeleriyle-tubitak-turkiye-finaline-katildilar\/#primaryimage","url":"https:\/\/avrupapress.com\/main\/wp-content\/uploads\/2022\/08\/thumbnail_Fotograf.jpg","contentUrl":"https:\/\/avrupapress.com\/main\/wp-content\/uploads\/2022\/08\/thumbnail_Fotograf.jpg","width":960,"height":1280},{"@type":"BreadcrumbList","@id":"https:\/\/avrupapress.com\/main\/2022\/08\/11\/eskisehir-fatih-fen-lisesi-biyocesitlilik-ve-ekosistemler-projeleriyle-tubitak-turkiye-finaline-katildilar\/#breadcrumb","itemListElement":[{"@type":"ListItem","position":1,"name":"Anasayfa","item":"https:\/\/avrupapress.com\/"},{"@type":"ListItem","position":2,"name":"Eski\u015fehir Fatih Fen Lisesi \u2018Biyo\u00e7e\u015fitlilik ve Ekosistemler\u2019 Projeleriyle T\u00dcB\u0130TAK T\u00fcrkiye Finaline Kat\u0131ld\u0131lar"}]},{"@type":"WebSite","@id":"https:\/\/avrupapress.com\/#website","url":"https:\/\/avrupapress.com\/","name":"AvrupaPress","description":"Haberin Adresi","publisher":{"@id":"https:\/\/avrupapress.com\/#\/schema\/person\/0223dca19c72c43575bf30d1a2d8f4fa"},"potentialAction":[{"@type":"SearchAction","target":{"@type":"EntryPoint","urlTemplate":"https:\/\/avrupapress.com\/?s={search_term_string}"},"query-input":{"@type":"PropertyValueSpecification","valueRequired":true,"valueName":"search_term_string"}}],"inLanguage":"fr-BE"},{"@type":["Person","Organization"],"@id":"https:\/\/avrupapress.com\/#\/schema\/person\/0223dca19c72c43575bf30d1a2d8f4fa","name":"Bilgin \u00d6z\u00e7ift\u00e7i","image":{"@type":"ImageObject","inLanguage":"fr-BE","@id":"https:\/\/avrupapress.com\/#\/schema\/person\/image\/","url":"https:\/\/secure.gravatar.com\/avatar\/0f23b280433a21e1ea7a0adcc46ed0ad16afe3ad8e630fd13d8a017dcbd54ef3?s=96&d=mm&r=g","contentUrl":"https:\/\/secure.gravatar.com\/avatar\/0f23b280433a21e1ea7a0adcc46ed0ad16afe3ad8e630fd13d8a017dcbd54ef3?s=96&d=mm&r=g","caption":"Bilgin \u00d6z\u00e7ift\u00e7i"},"logo":{"@id":"https:\/\/avrupapress.com\/#\/schema\/person\/image\/"},"description":"Ne ben, nede sen... Biz ancak \"biz\" olursak g\u00fc\u00e7l\u00fc olabiliriz"},{"@type":"Person","@id":"https:\/\/avrupapress.com\/#\/schema\/person\/68428444ec60970d1e1b700cf4ca1e8f","name":"Edit\u00f6r","image":{"@type":"ImageObject","inLanguage":"fr-BE","@id":"https:\/\/avrupapress.com\/#\/schema\/person\/image\/","url":"https:\/\/secure.gravatar.com\/avatar\/74996b0977aa5f1559ba9883776652508b229005c0d78fb2597897f0bd651c09?s=96&d=mm&r=g","contentUrl":"https:\/\/secure.gravatar.com\/avatar\/74996b0977aa5f1559ba9883776652508b229005c0d78fb2597897f0bd651c09?s=96&d=mm&r=g","caption":"Edit\u00f6r"},"sameAs":["http:\/\/www.avrupapress.com"],"url":"https:\/\/avrupapress.com\/main\/author\/editor\/"}]}},"_links":{"self":[{"href":"https:\/\/avrupapress.com\/main\/wp-json\/wp\/v2\/posts\/19810","targetHints":{"allow":["GET"]}}],"collection":[{"href":"https:\/\/avrupapress.com\/main\/wp-json\/wp\/v2\/posts"}],"about":[{"href":"https:\/\/avrupapress.com\/main\/wp-json\/wp\/v2\/types\/post"}],"author":[{"embeddable":true,"href":"https:\/\/avrupapress.com\/main\/wp-json\/wp\/v2\/users\/3"}],"replies":[{"embeddable":true,"href":"https:\/\/avrupapress.com\/main\/wp-json\/wp\/v2\/comments?post=19810"}],"version-history":[{"count":1,"href":"https:\/\/avrupapress.com\/main\/wp-json\/wp\/v2\/posts\/19810\/revisions"}],"predecessor-version":[{"id":19812,"href":"https:\/\/avrupapress.com\/main\/wp-json\/wp\/v2\/posts\/19810\/revisions\/19812"}],"wp:featuredmedia":[{"embeddable":true,"href":"https:\/\/avrupapress.com\/main\/wp-json\/wp\/v2\/media\/19811"}],"wp:attachment":[{"href":"https:\/\/avrupapress.com\/main\/wp-json\/wp\/v2\/media?parent=19810"}],"wp:term":[{"taxonomy":"category","embeddable":true,"href":"https:\/\/avrupapress.com\/main\/wp-json\/wp\/v2\/categories?post=19810"},{"taxonomy":"post_tag","embeddable":true,"href":"https:\/\/avrupapress.com\/main\/wp-json\/wp\/v2\/tags?post=19810"}],"curies":[{"name":"wp","href":"https:\/\/api.w.org\/{rel}","templated":true}]}}