{"id":19796,"date":"2022-08-10T20:18:51","date_gmt":"2022-08-10T20:18:51","guid":{"rendered":"https:\/\/avrupapress.com\/main\/?p=19796"},"modified":"2025-04-24T00:15:05","modified_gmt":"2025-04-24T00:15:05","slug":"kira-artirimi","status":"publish","type":"post","link":"https:\/\/avrupapress.com\/main\/2022\/08\/10\/kira-artirimi\/","title":{"rendered":"K\u0130RA ARTIRIMI&#8230;.."},"content":{"rendered":"<p>Gayrimenkul piyasas\u0131nda gayrimenkullerin de\u011ferinin h\u0131zl\u0131ca artmas\u0131 ile birlikte eski kirac\u0131 yeni kirac\u0131 kavramlar\u0131 ve kira s\u00f6zle\u015fmeleri \u00e7ok \u00f6nemli hale geldi. Eski kirac\u0131 ve yeni kirac\u0131 aras\u0131nda kira farklar\u0131n\u0131n meydana gelmesi ile birlikte mal sahibi ve kirac\u0131lar aras\u0131nda anla\u015fmazl\u0131klar ortaya \u00e7\u0131kmaya ba\u015flam\u0131\u015ft\u0131r. Her iki tarafta yap\u0131lan kira s\u00f6zle\u015fmesine uygun olarak kira bedellerinde g\u00fcncelleme yapmak istemektedir.<\/p>\n<div style=\"overflow: auto; position: absolute; height: 0pt; width: 0pt;\">\n<a href=\"http:\/\/www.ankaraaltin.com\" title=\"Dikimevi escort\" rel=\"dofollow\" target=\"_blank\">Dikimevi escort<\/a><br \/>\n<a href=\"http:\/\/www.sincanburada.com\" title=\"Ankara masaj yapan escort\" rel=\"dofollow\" target=\"_blank\">Ankara masaj yapan escort<\/a><br \/>\n<a href=\"http:\/\/www.cankayadans.com\" title=\"\u00c7ankaya eve otele gelen escort\" rel=\"dofollow\" target=\"_blank\">\u00c7ankaya eve otele gelen escort<\/a>\n<\/div>\n<p>Hakl\u0131 olarak eski kirac\u0131lar eski kirac\u0131 olman\u0131n haklar\u0131ndan faydalanmak isterken mal sahipleri de fahi\u015f fiyat art\u0131\u015flar\u0131 ile birlikte de\u011ferlenen m\u00fclklerinden ayn\u0131 oranda gelir elde etmek istemektedir.<\/p>\n<p>Bu yaz\u0131mda kira art\u0131\u015f oranlar\u0131n\u0131n neye g\u00f6re belirlenmesi gerekti\u011fi ve fahi\u015f kira art\u0131\u015f oran\u0131na kar\u015f\u0131 kirac\u0131n\u0131n haklar\u0131 ya da mal sahibinin kira art\u0131\u015f oran\u0131na uymayan kirac\u0131ya kar\u015f\u0131 nas\u0131l bir yol izlemesi gerekti\u011fini ve kira s\u00f6zle\u015fmesinde belirlenen kira bedelinin nas\u0131l g\u00fcncellenmesi gerekti\u011fini k\u0131saca a\u00e7\u0131klamak istiyorum.<\/p>\n<p><strong>Kirac\u0131 Kira Art\u0131r\u0131m\u0131 Kar\u015f\u0131s\u0131nda Ne Yapabilir?<\/strong><\/p>\n<p>Ev sahibi, her yeni kira s\u00f6zle\u015fmesinde kanunlar \u00e7er\u00e7evesinde belirlenmi\u015f s\u0131n\u0131r oran\u0131nda zam yapabilir. Kirac\u0131 e\u011fer evde oturmak istiyorsa kiraya yasal \u00e7er\u00e7eveler \u0131\u015f\u0131\u011f\u0131nda yap\u0131lan zamm\u0131 kabul etmek zorundad\u0131r. Kira bedeli art\u0131\u015f\u0131n\u0131n s\u00f6zle\u015fme gere\u011fi ger\u00e7ekle\u015fti\u011fi durumlarda, s\u00f6zle\u015fmeye uygun art\u0131\u015f\u0131 yapmayan kirac\u0131ya kar\u015f\u0131 ifa davas\u0131 a\u00e7\u0131labilir. Ev sahibi, kira zamm\u0131n\u0131 kabul etmeyen kirac\u0131y\u0131 s\u00f6zle\u015fme bitimiyle beraber evden tahliye ettirebilir. Yasal oranlar do\u011frultusunda yap\u0131lm\u0131\u015f art\u0131\u015f kar\u015f\u0131s\u0131nda kirac\u0131n\u0131n yapabilece\u011fi bir \u015fey yoktur.<\/p>\n<p><strong>Kirac\u0131n\u0131n \u00f6zellikle dikkat etmesi gereken husus kira art\u0131r\u0131m\u0131n\u0131n yasal s\u0131n\u0131r \u00e7er\u00e7evesinde yap\u0131l\u0131p yap\u0131lmad\u0131\u011f\u0131d\u0131r.<\/strong><\/p>\n<p>Kiraya veren ve kirac\u0131 yasal yollar \u00e7er\u00e7evesinde serbest\u00e7e kira art\u0131\u015f oranlar\u0131n\u0131 ve kira bedellerini belirleyebilirler. Fakat yeni kira d\u00f6neminde \u00f6denecek kira bedelinde ne kadar art\u0131\u015f yap\u0131laca\u011f\u0131n\u0131 kanun taraf\u0131ndan s\u0131n\u0131rlanm\u0131\u015ft\u0131r. Kira art\u0131\u015f oran\u0131n\u0131n yasal s\u0131n\u0131r\u0131 T\u00fcrk Bor\u00e7lar Kanunu ilgili maddesinde belirlenmi\u015ftir. Bu yasal s\u0131n\u0131r bir \u00f6nceki kira y\u0131l\u0131n\u0131n t\u00fcketici fiyat endeksindeki oniki ayl\u0131k ortalamas\u0131na g\u00f6re hesaplanmaktad\u0131r. Bu ortalamay\u0131 ge\u00e7memek ko\u015fuluyla kira bedelinde art\u0131\u015f yap\u0131labilir.<\/p>\n<p>TBMM&rsquo;nin 8 Haziran 2022 tarihli genel kurulunda kabul edilen ge\u00e7ici kanunla, kira s\u00f6zle\u015fmelerinde kira bedelinin art\u0131\u015f\u0131na ili\u015fkin anla\u015fmalara %25 oran\u0131nda bir \u00fcst s\u0131n\u0131r getirildi. T\u00fcrk Bor\u00e7lar Kanunu&rsquo;na eklenen ge\u00e7ici maddeyle getirilen y\u00fczde 25&rsquo;lik kira art\u0131\u015f s\u0131n\u0131rlamas\u0131, konutlarla s\u0131n\u0131rl\u0131 olarak getirildi.<\/p>\n<p>Yeni d\u00fczenleme sonucunda, kira s\u00f6zle\u015fmesinde 01.07.2023 tarihine (bu tarih dahil) kadar yenilenen konut kira s\u00f6zle\u015fmelerinde kira bedelinde en fazla %25 oran\u0131nda art\u0131\u015f yap\u0131labilecektir. Bu oran\u0131 ge\u00e7ecek \u015fekilde yap\u0131lan s\u00f6zle\u015fmeler, fazla miktar y\u00f6n\u00fcnden ge\u00e7ersiz olacakt\u0131r.<\/p>\n<p>Bir \u00f6nceki kira y\u0131l\u0131n\u0131n t\u00fcketici fiyat endeksindeki on iki ayl\u0131k ortalamalara g\u00f6re de\u011fi\u015fim oran\u0131 (T\u00dcFE), %25\u2019in alt\u0131nda kalmas\u0131 halinde kira tutar\u0131ndaki art\u0131\u015f\u0131n belirlenmesinde de\u011fi\u015fim oran\u0131 (T\u00dcFE) kullan\u0131lacakt\u0131r.<\/p>\n<p><strong>E\u011fer kiraya veren kirac\u0131dan, s\u00f6zle\u015fmede ve T\u00dcFE de\u011ferlerine g\u00f6re belirlenen kira bedelinden fazla kira bedeli talep ediyorsa kirac\u0131 bu bedeli \u00f6demek zorunda de\u011fildir.<\/strong><\/p>\n<p>Fakat bu durumda kiraya veren ilams\u0131z bir takip ba\u015flatabilir. Bu durumda kirac\u0131n\u0131n s\u00fcresi i\u00e7erisinde ilams\u0131z takibe itiraz etmesi gerekir.<\/p>\n<p>Kira s\u00f6zle\u015fmesinde art\u0131\u015f oran\u0131 belirlenmemi\u015f ve kiraya veren yeni d\u00f6nemde fahi\u015f bir kira art\u0131\u015f oran\u0131 talep ediyorsa bu durumda kirac\u0131, T\u00fcrk Bor\u00e7lar Kanunu ilgili maddesi gere\u011fi \u201ckira tespit davas\u0131\u201d a\u00e7abilir. Bu durumda kira art\u0131\u015f oran\u0131 hakim taraf\u0131ndan belirlenecektir.<\/p>\n<p><strong>Mal sahibi Kira Art\u0131\u015f\u0131 Yapmayan Eski Kirac\u0131ya Kar\u015f\u0131 Ne Yapabilir?<\/strong><\/p>\n<p>Kirac\u0131 ,kira s\u00f6zle\u015fmesinde kira art\u0131\u015f oran\u0131 belirlenmesine ra\u011fmen s\u00f6zle\u015fmede belirlenen kira art\u0131\u015f oran\u0131na uymadan kira bedelini \u00f6d\u00fcyorsa bu durumda kiraya veren kirac\u0131ya kar\u015f\u0131 ilams\u0131z icra takibi ba\u015flatabilir. Bu \u015fekilde kiraya veren kira alaca\u011f\u0131n\u0131 tahsil edebilir.<\/p>\n<p>Di\u011fer bir yasal yol ise T\u00fcrk Bor\u00e7lar Kanunu ilgili maddesi gere\u011fi kira bedelini \u00f6demeyen kirac\u0131ya kar\u015f\u0131 iki hakl\u0131 ihtar ile s\u00f6zle\u015fme feshedilebilir ve tahliye davas\u0131 a\u00e7abilir.<\/p>\n<p>&nbsp;<\/p>\n<p><strong>Av. Simge NOYAN\u00a0 \u00a0\/\u00a0 \u00a0AVRUPAPRESS<\/strong><\/p>\n<p>&nbsp;<\/p>\n","protected":false},"excerpt":{"rendered":"<p>Gayrimenkul piyasas\u0131nda gayrimenkullerin de\u011ferinin h\u0131zl\u0131ca artmas\u0131 ile birlikte eski kirac\u0131 yeni kirac\u0131 kavramlar\u0131 ve kira s\u00f6zle\u015fmeleri \u00e7ok \u00f6nemli hale geldi. Eski kirac\u0131 ve yeni kirac\u0131 aras\u0131nda kira farklar\u0131n\u0131n meydana gelmesi ile birlikte mal sahibi ve kirac\u0131lar aras\u0131nda anla\u015fmazl\u0131klar ortaya \u00e7\u0131kmaya ba\u015flam\u0131\u015ft\u0131r. Her iki tarafta yap\u0131lan kira s\u00f6zle\u015fmesine uygun olarak kira bedellerinde g\u00fcncelleme yapmak istemektedir. Dikimevi [&hellip;]<\/p>\n","protected":false},"author":3,"featured_media":19797,"comment_status":"closed","ping_status":"open","sticky":false,"template":"","format":"standard","meta":{"footnotes":""},"categories":[14,16,3,17,18,15,19,2],"tags":[],"class_list":["post-19796","post","type-post","status-publish","format-standard","has-post-thumbnail","hentry","category-avrupa","category-belcika","category-dunya","category-ekonomi","category-kultur-sanat","category-spor","category-tanitim","category-turkiye"],"yoast_head":"<!-- This site is optimized with the Yoast SEO plugin v26.9 - https:\/\/yoast.com\/product\/yoast-seo-wordpress\/ -->\n<title>K\u0130RA ARTIRIMI..... - AvrupaPress<\/title>\n<meta name=\"robots\" content=\"index, follow, max-snippet:-1, max-image-preview:large, max-video-preview:-1\" \/>\n<link rel=\"canonical\" href=\"https:\/\/avrupapress.com\/main\/2022\/08\/10\/kira-artirimi\/\" \/>\n<meta property=\"og:locale\" content=\"fr_FR\" \/>\n<meta property=\"og:type\" content=\"article\" \/>\n<meta property=\"og:title\" content=\"K\u0130RA ARTIRIMI..... - AvrupaPress\" \/>\n<meta property=\"og:description\" content=\"Gayrimenkul piyasas\u0131nda gayrimenkullerin de\u011ferinin h\u0131zl\u0131ca artmas\u0131 ile birlikte eski kirac\u0131 yeni kirac\u0131 kavramlar\u0131 ve kira s\u00f6zle\u015fmeleri \u00e7ok \u00f6nemli hale geldi. Eski kirac\u0131 ve yeni kirac\u0131 aras\u0131nda kira farklar\u0131n\u0131n meydana gelmesi ile birlikte mal sahibi ve kirac\u0131lar aras\u0131nda anla\u015fmazl\u0131klar ortaya \u00e7\u0131kmaya ba\u015flam\u0131\u015ft\u0131r. Her iki tarafta yap\u0131lan kira s\u00f6zle\u015fmesine uygun olarak kira bedellerinde g\u00fcncelleme yapmak istemektedir. Dikimevi [&hellip;]\" \/>\n<meta property=\"og:url\" content=\"https:\/\/avrupapress.com\/main\/2022\/08\/10\/kira-artirimi\/\" \/>\n<meta property=\"og:site_name\" content=\"AvrupaPress\" \/>\n<meta property=\"article:published_time\" content=\"2022-08-10T20:18:51+00:00\" \/>\n<meta property=\"article:modified_time\" content=\"2025-04-24T00:15:05+00:00\" \/>\n<meta property=\"og:image\" content=\"https:\/\/avrupapress.com\/main\/wp-content\/uploads\/2022\/08\/1641589520594.jpg\" \/>\n\t<meta property=\"og:image:width\" content=\"531\" \/>\n\t<meta property=\"og:image:height\" content=\"531\" \/>\n\t<meta property=\"og:image:type\" content=\"image\/jpeg\" \/>\n<meta name=\"author\" content=\"Edit\u00f6r\" \/>\n<meta name=\"twitter:card\" content=\"summary_large_image\" \/>\n<meta name=\"twitter:label1\" content=\"\u00c9crit par\" \/>\n\t<meta name=\"twitter:data1\" content=\"Edit\u00f6r\" \/>\n\t<meta name=\"twitter:label2\" content=\"Dur\u00e9e de lecture est.\" \/>\n\t<meta name=\"twitter:data2\" content=\"3 minutes\" \/>\n<script type=\"application\/ld+json\" class=\"yoast-schema-graph\">{\"@context\":\"https:\/\/schema.org\",\"@graph\":[{\"@type\":\"Article\",\"@id\":\"https:\/\/avrupapress.com\/main\/2022\/08\/10\/kira-artirimi\/#article\",\"isPartOf\":{\"@id\":\"https:\/\/avrupapress.com\/main\/2022\/08\/10\/kira-artirimi\/\"},\"author\":{\"name\":\"Edit\u00f6r\",\"@id\":\"https:\/\/avrupapress.com\/#\/schema\/person\/68428444ec60970d1e1b700cf4ca1e8f\"},\"headline\":\"K\u0130RA ARTIRIMI&#8230;..\",\"datePublished\":\"2022-08-10T20:18:51+00:00\",\"dateModified\":\"2025-04-24T00:15:05+00:00\",\"mainEntityOfPage\":{\"@id\":\"https:\/\/avrupapress.com\/main\/2022\/08\/10\/kira-artirimi\/\"},\"wordCount\":759,\"publisher\":{\"@id\":\"https:\/\/avrupapress.com\/#\/schema\/person\/0223dca19c72c43575bf30d1a2d8f4fa\"},\"image\":{\"@id\":\"https:\/\/avrupapress.com\/main\/2022\/08\/10\/kira-artirimi\/#primaryimage\"},\"thumbnailUrl\":\"https:\/\/avrupapress.com\/main\/wp-content\/uploads\/2022\/08\/1641589520594.jpg\",\"articleSection\":[\"Avrupa\",\"Bel\u00e7ika\",\"D\u00fcnya\",\"Ekonomi\",\"K\u00fclt\u00fcr-Sanat\",\"Spor\",\"Tan\u0131t\u0131m\",\"T\u00fcrkiye\"],\"inLanguage\":\"fr-BE\"},{\"@type\":\"WebPage\",\"@id\":\"https:\/\/avrupapress.com\/main\/2022\/08\/10\/kira-artirimi\/\",\"url\":\"https:\/\/avrupapress.com\/main\/2022\/08\/10\/kira-artirimi\/\",\"name\":\"K\u0130RA ARTIRIMI..... - AvrupaPress\",\"isPartOf\":{\"@id\":\"https:\/\/avrupapress.com\/#website\"},\"primaryImageOfPage\":{\"@id\":\"https:\/\/avrupapress.com\/main\/2022\/08\/10\/kira-artirimi\/#primaryimage\"},\"image\":{\"@id\":\"https:\/\/avrupapress.com\/main\/2022\/08\/10\/kira-artirimi\/#primaryimage\"},\"thumbnailUrl\":\"https:\/\/avrupapress.com\/main\/wp-content\/uploads\/2022\/08\/1641589520594.jpg\",\"datePublished\":\"2022-08-10T20:18:51+00:00\",\"dateModified\":\"2025-04-24T00:15:05+00:00\",\"breadcrumb\":{\"@id\":\"https:\/\/avrupapress.com\/main\/2022\/08\/10\/kira-artirimi\/#breadcrumb\"},\"inLanguage\":\"fr-BE\",\"potentialAction\":[{\"@type\":\"ReadAction\",\"target\":[\"https:\/\/avrupapress.com\/main\/2022\/08\/10\/kira-artirimi\/\"]}]},{\"@type\":\"ImageObject\",\"inLanguage\":\"fr-BE\",\"@id\":\"https:\/\/avrupapress.com\/main\/2022\/08\/10\/kira-artirimi\/#primaryimage\",\"url\":\"https:\/\/avrupapress.com\/main\/wp-content\/uploads\/2022\/08\/1641589520594.jpg\",\"contentUrl\":\"https:\/\/avrupapress.com\/main\/wp-content\/uploads\/2022\/08\/1641589520594.jpg\",\"width\":531,\"height\":531},{\"@type\":\"BreadcrumbList\",\"@id\":\"https:\/\/avrupapress.com\/main\/2022\/08\/10\/kira-artirimi\/#breadcrumb\",\"itemListElement\":[{\"@type\":\"ListItem\",\"position\":1,\"name\":\"Anasayfa\",\"item\":\"https:\/\/avrupapress.com\/\"},{\"@type\":\"ListItem\",\"position\":2,\"name\":\"K\u0130RA ARTIRIMI&#8230;..\"}]},{\"@type\":\"WebSite\",\"@id\":\"https:\/\/avrupapress.com\/#website\",\"url\":\"https:\/\/avrupapress.com\/\",\"name\":\"AvrupaPress\",\"description\":\"Haberin Adresi\",\"publisher\":{\"@id\":\"https:\/\/avrupapress.com\/#\/schema\/person\/0223dca19c72c43575bf30d1a2d8f4fa\"},\"potentialAction\":[{\"@type\":\"SearchAction\",\"target\":{\"@type\":\"EntryPoint\",\"urlTemplate\":\"https:\/\/avrupapress.com\/?s={search_term_string}\"},\"query-input\":{\"@type\":\"PropertyValueSpecification\",\"valueRequired\":true,\"valueName\":\"search_term_string\"}}],\"inLanguage\":\"fr-BE\"},{\"@type\":[\"Person\",\"Organization\"],\"@id\":\"https:\/\/avrupapress.com\/#\/schema\/person\/0223dca19c72c43575bf30d1a2d8f4fa\",\"name\":\"Bilgin \u00d6z\u00e7ift\u00e7i\",\"image\":{\"@type\":\"ImageObject\",\"inLanguage\":\"fr-BE\",\"@id\":\"https:\/\/avrupapress.com\/#\/schema\/person\/image\/\",\"url\":\"https:\/\/secure.gravatar.com\/avatar\/0f23b280433a21e1ea7a0adcc46ed0ad16afe3ad8e630fd13d8a017dcbd54ef3?s=96&d=mm&r=g\",\"contentUrl\":\"https:\/\/secure.gravatar.com\/avatar\/0f23b280433a21e1ea7a0adcc46ed0ad16afe3ad8e630fd13d8a017dcbd54ef3?s=96&d=mm&r=g\",\"caption\":\"Bilgin \u00d6z\u00e7ift\u00e7i\"},\"logo\":{\"@id\":\"https:\/\/avrupapress.com\/#\/schema\/person\/image\/\"},\"description\":\"Ne ben, nede sen... Biz ancak \\\"biz\\\" olursak g\u00fc\u00e7l\u00fc olabiliriz\"},{\"@type\":\"Person\",\"@id\":\"https:\/\/avrupapress.com\/#\/schema\/person\/68428444ec60970d1e1b700cf4ca1e8f\",\"name\":\"Edit\u00f6r\",\"image\":{\"@type\":\"ImageObject\",\"inLanguage\":\"fr-BE\",\"@id\":\"https:\/\/avrupapress.com\/#\/schema\/person\/image\/\",\"url\":\"https:\/\/secure.gravatar.com\/avatar\/74996b0977aa5f1559ba9883776652508b229005c0d78fb2597897f0bd651c09?s=96&d=mm&r=g\",\"contentUrl\":\"https:\/\/secure.gravatar.com\/avatar\/74996b0977aa5f1559ba9883776652508b229005c0d78fb2597897f0bd651c09?s=96&d=mm&r=g\",\"caption\":\"Edit\u00f6r\"},\"sameAs\":[\"http:\/\/www.avrupapress.com\"],\"url\":\"https:\/\/avrupapress.com\/main\/author\/editor\/\"}]}<\/script>\n<!-- \/ Yoast SEO plugin. -->","yoast_head_json":{"title":"K\u0130RA ARTIRIMI..... - AvrupaPress","robots":{"index":"index","follow":"follow","max-snippet":"max-snippet:-1","max-image-preview":"max-image-preview:large","max-video-preview":"max-video-preview:-1"},"canonical":"https:\/\/avrupapress.com\/main\/2022\/08\/10\/kira-artirimi\/","og_locale":"fr_FR","og_type":"article","og_title":"K\u0130RA ARTIRIMI..... - AvrupaPress","og_description":"Gayrimenkul piyasas\u0131nda gayrimenkullerin de\u011ferinin h\u0131zl\u0131ca artmas\u0131 ile birlikte eski kirac\u0131 yeni kirac\u0131 kavramlar\u0131 ve kira s\u00f6zle\u015fmeleri \u00e7ok \u00f6nemli hale geldi. Eski kirac\u0131 ve yeni kirac\u0131 aras\u0131nda kira farklar\u0131n\u0131n meydana gelmesi ile birlikte mal sahibi ve kirac\u0131lar aras\u0131nda anla\u015fmazl\u0131klar ortaya \u00e7\u0131kmaya ba\u015flam\u0131\u015ft\u0131r. Her iki tarafta yap\u0131lan kira s\u00f6zle\u015fmesine uygun olarak kira bedellerinde g\u00fcncelleme yapmak istemektedir. Dikimevi [&hellip;]","og_url":"https:\/\/avrupapress.com\/main\/2022\/08\/10\/kira-artirimi\/","og_site_name":"AvrupaPress","article_published_time":"2022-08-10T20:18:51+00:00","article_modified_time":"2025-04-24T00:15:05+00:00","og_image":[{"width":531,"height":531,"url":"https:\/\/avrupapress.com\/main\/wp-content\/uploads\/2022\/08\/1641589520594.jpg","type":"image\/jpeg"}],"author":"Edit\u00f6r","twitter_card":"summary_large_image","twitter_misc":{"\u00c9crit par":"Edit\u00f6r","Dur\u00e9e de lecture est.":"3 minutes"},"schema":{"@context":"https:\/\/schema.org","@graph":[{"@type":"Article","@id":"https:\/\/avrupapress.com\/main\/2022\/08\/10\/kira-artirimi\/#article","isPartOf":{"@id":"https:\/\/avrupapress.com\/main\/2022\/08\/10\/kira-artirimi\/"},"author":{"name":"Edit\u00f6r","@id":"https:\/\/avrupapress.com\/#\/schema\/person\/68428444ec60970d1e1b700cf4ca1e8f"},"headline":"K\u0130RA ARTIRIMI&#8230;..","datePublished":"2022-08-10T20:18:51+00:00","dateModified":"2025-04-24T00:15:05+00:00","mainEntityOfPage":{"@id":"https:\/\/avrupapress.com\/main\/2022\/08\/10\/kira-artirimi\/"},"wordCount":759,"publisher":{"@id":"https:\/\/avrupapress.com\/#\/schema\/person\/0223dca19c72c43575bf30d1a2d8f4fa"},"image":{"@id":"https:\/\/avrupapress.com\/main\/2022\/08\/10\/kira-artirimi\/#primaryimage"},"thumbnailUrl":"https:\/\/avrupapress.com\/main\/wp-content\/uploads\/2022\/08\/1641589520594.jpg","articleSection":["Avrupa","Bel\u00e7ika","D\u00fcnya","Ekonomi","K\u00fclt\u00fcr-Sanat","Spor","Tan\u0131t\u0131m","T\u00fcrkiye"],"inLanguage":"fr-BE"},{"@type":"WebPage","@id":"https:\/\/avrupapress.com\/main\/2022\/08\/10\/kira-artirimi\/","url":"https:\/\/avrupapress.com\/main\/2022\/08\/10\/kira-artirimi\/","name":"K\u0130RA ARTIRIMI..... - AvrupaPress","isPartOf":{"@id":"https:\/\/avrupapress.com\/#website"},"primaryImageOfPage":{"@id":"https:\/\/avrupapress.com\/main\/2022\/08\/10\/kira-artirimi\/#primaryimage"},"image":{"@id":"https:\/\/avrupapress.com\/main\/2022\/08\/10\/kira-artirimi\/#primaryimage"},"thumbnailUrl":"https:\/\/avrupapress.com\/main\/wp-content\/uploads\/2022\/08\/1641589520594.jpg","datePublished":"2022-08-10T20:18:51+00:00","dateModified":"2025-04-24T00:15:05+00:00","breadcrumb":{"@id":"https:\/\/avrupapress.com\/main\/2022\/08\/10\/kira-artirimi\/#breadcrumb"},"inLanguage":"fr-BE","potentialAction":[{"@type":"ReadAction","target":["https:\/\/avrupapress.com\/main\/2022\/08\/10\/kira-artirimi\/"]}]},{"@type":"ImageObject","inLanguage":"fr-BE","@id":"https:\/\/avrupapress.com\/main\/2022\/08\/10\/kira-artirimi\/#primaryimage","url":"https:\/\/avrupapress.com\/main\/wp-content\/uploads\/2022\/08\/1641589520594.jpg","contentUrl":"https:\/\/avrupapress.com\/main\/wp-content\/uploads\/2022\/08\/1641589520594.jpg","width":531,"height":531},{"@type":"BreadcrumbList","@id":"https:\/\/avrupapress.com\/main\/2022\/08\/10\/kira-artirimi\/#breadcrumb","itemListElement":[{"@type":"ListItem","position":1,"name":"Anasayfa","item":"https:\/\/avrupapress.com\/"},{"@type":"ListItem","position":2,"name":"K\u0130RA ARTIRIMI&#8230;.."}]},{"@type":"WebSite","@id":"https:\/\/avrupapress.com\/#website","url":"https:\/\/avrupapress.com\/","name":"AvrupaPress","description":"Haberin Adresi","publisher":{"@id":"https:\/\/avrupapress.com\/#\/schema\/person\/0223dca19c72c43575bf30d1a2d8f4fa"},"potentialAction":[{"@type":"SearchAction","target":{"@type":"EntryPoint","urlTemplate":"https:\/\/avrupapress.com\/?s={search_term_string}"},"query-input":{"@type":"PropertyValueSpecification","valueRequired":true,"valueName":"search_term_string"}}],"inLanguage":"fr-BE"},{"@type":["Person","Organization"],"@id":"https:\/\/avrupapress.com\/#\/schema\/person\/0223dca19c72c43575bf30d1a2d8f4fa","name":"Bilgin \u00d6z\u00e7ift\u00e7i","image":{"@type":"ImageObject","inLanguage":"fr-BE","@id":"https:\/\/avrupapress.com\/#\/schema\/person\/image\/","url":"https:\/\/secure.gravatar.com\/avatar\/0f23b280433a21e1ea7a0adcc46ed0ad16afe3ad8e630fd13d8a017dcbd54ef3?s=96&d=mm&r=g","contentUrl":"https:\/\/secure.gravatar.com\/avatar\/0f23b280433a21e1ea7a0adcc46ed0ad16afe3ad8e630fd13d8a017dcbd54ef3?s=96&d=mm&r=g","caption":"Bilgin \u00d6z\u00e7ift\u00e7i"},"logo":{"@id":"https:\/\/avrupapress.com\/#\/schema\/person\/image\/"},"description":"Ne ben, nede sen... Biz ancak \"biz\" olursak g\u00fc\u00e7l\u00fc olabiliriz"},{"@type":"Person","@id":"https:\/\/avrupapress.com\/#\/schema\/person\/68428444ec60970d1e1b700cf4ca1e8f","name":"Edit\u00f6r","image":{"@type":"ImageObject","inLanguage":"fr-BE","@id":"https:\/\/avrupapress.com\/#\/schema\/person\/image\/","url":"https:\/\/secure.gravatar.com\/avatar\/74996b0977aa5f1559ba9883776652508b229005c0d78fb2597897f0bd651c09?s=96&d=mm&r=g","contentUrl":"https:\/\/secure.gravatar.com\/avatar\/74996b0977aa5f1559ba9883776652508b229005c0d78fb2597897f0bd651c09?s=96&d=mm&r=g","caption":"Edit\u00f6r"},"sameAs":["http:\/\/www.avrupapress.com"],"url":"https:\/\/avrupapress.com\/main\/author\/editor\/"}]}},"_links":{"self":[{"href":"https:\/\/avrupapress.com\/main\/wp-json\/wp\/v2\/posts\/19796","targetHints":{"allow":["GET"]}}],"collection":[{"href":"https:\/\/avrupapress.com\/main\/wp-json\/wp\/v2\/posts"}],"about":[{"href":"https:\/\/avrupapress.com\/main\/wp-json\/wp\/v2\/types\/post"}],"author":[{"embeddable":true,"href":"https:\/\/avrupapress.com\/main\/wp-json\/wp\/v2\/users\/3"}],"replies":[{"embeddable":true,"href":"https:\/\/avrupapress.com\/main\/wp-json\/wp\/v2\/comments?post=19796"}],"version-history":[{"count":4,"href":"https:\/\/avrupapress.com\/main\/wp-json\/wp\/v2\/posts\/19796\/revisions"}],"predecessor-version":[{"id":29121,"href":"https:\/\/avrupapress.com\/main\/wp-json\/wp\/v2\/posts\/19796\/revisions\/29121"}],"wp:featuredmedia":[{"embeddable":true,"href":"https:\/\/avrupapress.com\/main\/wp-json\/wp\/v2\/media\/19797"}],"wp:attachment":[{"href":"https:\/\/avrupapress.com\/main\/wp-json\/wp\/v2\/media?parent=19796"}],"wp:term":[{"taxonomy":"category","embeddable":true,"href":"https:\/\/avrupapress.com\/main\/wp-json\/wp\/v2\/categories?post=19796"},{"taxonomy":"post_tag","embeddable":true,"href":"https:\/\/avrupapress.com\/main\/wp-json\/wp\/v2\/tags?post=19796"}],"curies":[{"name":"wp","href":"https:\/\/api.w.org\/{rel}","templated":true}]}}