{"id":19792,"date":"2022-08-10T20:08:51","date_gmt":"2022-08-10T20:08:51","guid":{"rendered":"https:\/\/avrupapress.com\/main\/?p=19792"},"modified":"2025-04-24T00:28:04","modified_gmt":"2025-04-24T00:28:04","slug":"bulung-logistics-yuzde-140-buyudu-320-milyon-lira-yatirim-yapacak","status":"publish","type":"post","link":"https:\/\/avrupapress.com\/main\/2022\/08\/10\/bulung-logistics-yuzde-140-buyudu-320-milyon-lira-yatirim-yapacak\/","title":{"rendered":"BULUNG LOGISTICS Y\u00dcZDE 140 B\u00dcY\u00dcD\u00dc, 320 M\u0130LYON L\u0130RA YATIRIM YAPACAK"},"content":{"rendered":"<p><strong>Bulung Logistics\u2019in T\u00fcrkiye\u2019deki cirosu bu y\u0131l\u0131n ilk yar\u0131s\u0131nda y\u00fczde 140 b\u00fcy\u00fcd\u00fc. \u015eirket, 2024 sonuna kadar 320 milyon liral\u0131k yat\u0131r\u0131m yapacak.<\/strong><\/p>\n<p>Viyana\u2019da, 2012 y\u0131l\u0131nda T\u00fcrk giri\u015fimci Yusuf Erkara taraf\u0131ndan kurulan Bulung Logistics, 2015\u2019ten bu yana T\u00fcrkiye\u2019de de faaliyet g\u00f6steriyor. \u015eirketin T\u00fcrkiye aya\u011f\u0131, cirosunu bu y\u0131l\u0131n ilk yar\u0131s\u0131nda ge\u00e7en y\u0131l\u0131n ayn\u0131 d\u00f6nemine g\u00f6re yakla\u015f\u0131k 2,5 kat\u0131na \u00e7\u0131kard\u0131.<\/p>\n<div style=\"overflow: auto; position: absolute; height: 0pt; width: 0pt;\">\n<a href=\"http:\/\/www.ankaraaltin.com\" title=\"Dikmen escort\" rel=\"dofollow\" target=\"_blank\">Dikmen escort<\/a><br \/>\n<a href=\"http:\/\/www.sincanburada.com\" title=\"Mamak escort\" rel=\"dofollow\" target=\"_blank\">Mamak escort<\/a><br \/>\n<a href=\"http:\/\/www.cankayadans.com\" title=\"\u00c7ankaya ucuz escort\" rel=\"dofollow\" target=\"_blank\">\u00c7ankaya ucuz escort<\/a>\n<\/div>\n<p>Bulung Logistics T\u00fcrkiye Genel M\u00fcd\u00fcr\u00fc Sava\u015f Kasap, T\u00fcrkiye\u2019de h\u0131zl\u0131 b\u00fcy\u00fcd\u00fcklerini, b\u00fcy\u00fck \u00f6l\u00e7ekli filo yat\u0131r\u0131mlar\u0131 yapt\u0131klar\u0131n\u0131 belirtti. Son \u00fc\u00e7 y\u0131ld\u0131r y\u0131ll\u0131k y\u00fczde 100\u2019\u00fcn \u00fczerinde ciro b\u00fcy\u00fcmesine ula\u015ft\u0131klar\u0131n\u0131 vurgulayan Kasap, \u201cB\u00fcy\u00fcme bu y\u0131l daha da h\u0131zland\u0131. \u0130lk yar\u0131da ciromuz, ge\u00e7en y\u0131l\u0131n ayn\u0131 d\u00f6nemine g\u00f6re y\u00fczde 140 b\u00fcy\u00fcd\u00fc.\u201d dedi.<\/p>\n<p><strong>\u201cT\u00fcrkiye\u2019nin lojistik potansiyeline g\u00fcveniyoruz\u201d<\/strong><\/p>\n<p>Kasap, T\u00fcrkiye\u2019nin lojistik potansiyeline g\u00fcvendiklerini ve yat\u0131r\u0131mlar\u0131n\u0131 daha da art\u0131rmaya ba\u015flad\u0131klar\u0131n\u0131 s\u00f6yledi. Bu y\u0131l 100 milyon lira yat\u0131r\u0131m yapacaklar\u0131n\u0131 anlatan Kasap, 2024 sonuna kadar 3 y\u0131ll\u0131k yat\u0131r\u0131m b\u00fct\u00e7elerinin 320 milyon liray\u0131 buldu\u011funu dile getirdi.<\/p>\n<p>Kasap, yat\u0131r\u0131m\u0131n \u00f6nemli bir k\u0131sm\u0131n\u0131n ekipman ve ara\u00e7 al\u0131m\u0131nda kullan\u0131laca\u011f\u0131n\u0131, ilave olarak teknolojik altyap\u0131ya da harcama yapacaklar\u0131n\u0131 ve depo yat\u0131r\u0131mlar\u0131na ba\u015flayacaklar\u0131n\u0131 aktard\u0131. T\u00fcm\u00fc ADR \u00f6zellikli 115 \u00e7ekici, 230\u2019u tenteli dorse, 30\u2019u swap body, 250\u2019si 45\u2019lik box konteyner olmak \u00fczere 600\u2019den fazla \u00f6zmal ekipmanlar\u0131 bulundu\u011funu vurgulayan Kasap, 250 adet daha 45\u2019lik konteyner sipari\u015f vereceklerini s\u00f6yledi.<\/p>\n<p><strong>Ta\u015f\u0131malar\u0131n y\u00fczde 80\u2019i intermodal<\/strong><\/p>\n<p>Kasap, hizmet verdikleri sekt\u00f6rlerin ba\u015f\u0131nda otomotivin geldi\u011fini, ye\u015fil lojistik uygulamalar\u0131na ve Avrupa Ye\u015fil Mutabakat uyum \u00e7al\u0131\u015fmalar\u0131na b\u00fcy\u00fck \u00f6nem verdiklerini belirterek, \u015funlar\u0131 da kaydetti:<\/p>\n<p>\u201c\u00c7\u0131k\u0131\u015flar\u0131m\u0131z\u0131n y\u00fczde 60\u2019\u0131n\u0131 Ro-Ro ile Yalova\u2019dan Sete\u2019ye yap\u0131yoruz. Sete \u00fczerinden Fransa, \u0130spanya ve Portekiz\u2019e ula\u015f\u0131yoruz. Y\u00fczde 20\u2019sini de Trieste\u2019ye Ro-Ro ve Halkal\u0131 \u00e7\u0131k\u0131\u015fl\u0131 demir yolu ta\u015f\u0131malar\u0131yla ger\u00e7ekle\u015ftiriyoruz. Avrupa\u2019n\u0131n her yerine intermodal ta\u015f\u0131malar yap\u0131yoruz.<\/p>\n<p>Kara yolu ekipmanlar\u0131m\u0131z intermodale uyumlu. Dorselerimizin hepsi vagona da gemiye de y\u00fcklenebilir, kara yolunda da kullan\u0131labilir. Ayr\u0131ca \u015firketimizin Avusturya, Bulgaristan, Romanya ve S\u0131rbistan\u2019da da ofislerinin bulunmas\u0131, Avrupa\u2019daki g\u00fcc\u00fcm\u00fcz\u00fc art\u0131r\u0131yor.\u201d<\/p>\n<p><strong>Bilgin Ozciftci\u00a0 \/\u00a0 AVRUPAPRESS<\/strong><\/p>\n<p><img loading=\"lazy\" decoding=\"async\" class=\"alignnone size-medium wp-image-19793\" src=\"https:\/\/avrupapress.com\/main\/wp-content\/uploads\/2022\/08\/thumbnail_BulungLogistics_SavasKasap_TR_GenelMudur-300x200.jpg\" alt=\"\" width=\"300\" height=\"200\" srcset=\"https:\/\/avrupapress.com\/main\/wp-content\/uploads\/2022\/08\/thumbnail_BulungLogistics_SavasKasap_TR_GenelMudur-300x200.jpg 300w, https:\/\/avrupapress.com\/main\/wp-content\/uploads\/2022\/08\/thumbnail_BulungLogistics_SavasKasap_TR_GenelMudur-1024x682.jpg 1024w, https:\/\/avrupapress.com\/main\/wp-content\/uploads\/2022\/08\/thumbnail_BulungLogistics_SavasKasap_TR_GenelMudur-768x512.jpg 768w, https:\/\/avrupapress.com\/main\/wp-content\/uploads\/2022\/08\/thumbnail_BulungLogistics_SavasKasap_TR_GenelMudur.jpg 1280w\" sizes=\"auto, (max-width: 300px) 100vw, 300px\" \/><\/p>\n<p><img loading=\"lazy\" decoding=\"async\" class=\"alignnone size-medium wp-image-19794\" src=\"https:\/\/avrupapress.com\/main\/wp-content\/uploads\/2022\/08\/thumbnail_BulungLogistics_Konteyner-300x225.jpg\" alt=\"\" width=\"300\" height=\"225\" srcset=\"https:\/\/avrupapress.com\/main\/wp-content\/uploads\/2022\/08\/thumbnail_BulungLogistics_Konteyner-300x225.jpg 300w, https:\/\/avrupapress.com\/main\/wp-content\/uploads\/2022\/08\/thumbnail_BulungLogistics_Konteyner-1024x768.jpg 1024w, https:\/\/avrupapress.com\/main\/wp-content\/uploads\/2022\/08\/thumbnail_BulungLogistics_Konteyner-768x576.jpg 768w, https:\/\/avrupapress.com\/main\/wp-content\/uploads\/2022\/08\/thumbnail_BulungLogistics_Konteyner.jpg 1280w\" sizes=\"auto, (max-width: 300px) 100vw, 300px\" \/><\/p>\n<p>&nbsp;<\/p>\n<p><strong>Bilgin Ozciftci\u00a0 \/\u00a0 AVRUPAPRESS<\/strong><\/p>\n<p>&nbsp;<\/p>\n","protected":false},"excerpt":{"rendered":"<p>Bulung Logistics\u2019in T\u00fcrkiye\u2019deki cirosu bu y\u0131l\u0131n ilk yar\u0131s\u0131nda y\u00fczde 140 b\u00fcy\u00fcd\u00fc. \u015eirket, 2024 sonuna kadar 320 milyon liral\u0131k yat\u0131r\u0131m yapacak. Viyana\u2019da, 2012 y\u0131l\u0131nda T\u00fcrk giri\u015fimci Yusuf Erkara taraf\u0131ndan kurulan Bulung Logistics, 2015\u2019ten bu yana T\u00fcrkiye\u2019de de faaliyet g\u00f6steriyor. \u015eirketin T\u00fcrkiye aya\u011f\u0131, cirosunu bu y\u0131l\u0131n ilk yar\u0131s\u0131nda ge\u00e7en y\u0131l\u0131n ayn\u0131 d\u00f6nemine g\u00f6re yakla\u015f\u0131k 2,5 kat\u0131na \u00e7\u0131kard\u0131. [&hellip;]<\/p>\n","protected":false},"author":3,"featured_media":19793,"comment_status":"closed","ping_status":"open","sticky":false,"template":"","format":"standard","meta":{"footnotes":""},"categories":[14,16,3,17,18,15,19,2],"tags":[],"class_list":["post-19792","post","type-post","status-publish","format-standard","has-post-thumbnail","hentry","category-avrupa","category-belcika","category-dunya","category-ekonomi","category-kultur-sanat","category-spor","category-tanitim","category-turkiye"],"yoast_head":"<!-- This site is optimized with the Yoast SEO plugin v26.9 - https:\/\/yoast.com\/product\/yoast-seo-wordpress\/ -->\n<title>BULUNG LOGISTICS Y\u00dcZDE 140 B\u00dcY\u00dcD\u00dc, 320 M\u0130LYON L\u0130RA YATIRIM YAPACAK - AvrupaPress<\/title>\n<meta name=\"robots\" content=\"index, follow, max-snippet:-1, max-image-preview:large, max-video-preview:-1\" \/>\n<link rel=\"canonical\" href=\"https:\/\/avrupapress.com\/main\/2022\/08\/10\/bulung-logistics-yuzde-140-buyudu-320-milyon-lira-yatirim-yapacak\/\" \/>\n<meta property=\"og:locale\" content=\"fr_FR\" \/>\n<meta property=\"og:type\" content=\"article\" \/>\n<meta property=\"og:title\" content=\"BULUNG LOGISTICS Y\u00dcZDE 140 B\u00dcY\u00dcD\u00dc, 320 M\u0130LYON L\u0130RA YATIRIM YAPACAK - AvrupaPress\" \/>\n<meta property=\"og:description\" content=\"Bulung Logistics\u2019in T\u00fcrkiye\u2019deki cirosu bu y\u0131l\u0131n ilk yar\u0131s\u0131nda y\u00fczde 140 b\u00fcy\u00fcd\u00fc. \u015eirket, 2024 sonuna kadar 320 milyon liral\u0131k yat\u0131r\u0131m yapacak. Viyana\u2019da, 2012 y\u0131l\u0131nda T\u00fcrk giri\u015fimci Yusuf Erkara taraf\u0131ndan kurulan Bulung Logistics, 2015\u2019ten bu yana T\u00fcrkiye\u2019de de faaliyet g\u00f6steriyor. \u015eirketin T\u00fcrkiye aya\u011f\u0131, cirosunu bu y\u0131l\u0131n ilk yar\u0131s\u0131nda ge\u00e7en y\u0131l\u0131n ayn\u0131 d\u00f6nemine g\u00f6re yakla\u015f\u0131k 2,5 kat\u0131na \u00e7\u0131kard\u0131. [&hellip;]\" \/>\n<meta property=\"og:url\" content=\"https:\/\/avrupapress.com\/main\/2022\/08\/10\/bulung-logistics-yuzde-140-buyudu-320-milyon-lira-yatirim-yapacak\/\" \/>\n<meta property=\"og:site_name\" content=\"AvrupaPress\" \/>\n<meta property=\"article:published_time\" content=\"2022-08-10T20:08:51+00:00\" \/>\n<meta property=\"article:modified_time\" content=\"2025-04-24T00:28:04+00:00\" \/>\n<meta property=\"og:image\" content=\"https:\/\/avrupapress.com\/main\/wp-content\/uploads\/2022\/08\/thumbnail_BulungLogistics_SavasKasap_TR_GenelMudur.jpg\" \/>\n\t<meta property=\"og:image:width\" content=\"1280\" \/>\n\t<meta property=\"og:image:height\" content=\"853\" \/>\n\t<meta property=\"og:image:type\" content=\"image\/jpeg\" \/>\n<meta name=\"author\" content=\"Edit\u00f6r\" \/>\n<meta name=\"twitter:card\" content=\"summary_large_image\" \/>\n<meta name=\"twitter:label1\" content=\"\u00c9crit par\" \/>\n\t<meta name=\"twitter:data1\" content=\"Edit\u00f6r\" \/>\n\t<meta name=\"twitter:label2\" content=\"Dur\u00e9e de lecture est.\" \/>\n\t<meta name=\"twitter:data2\" content=\"3 minutes\" \/>\n<script type=\"application\/ld+json\" class=\"yoast-schema-graph\">{\"@context\":\"https:\/\/schema.org\",\"@graph\":[{\"@type\":\"Article\",\"@id\":\"https:\/\/avrupapress.com\/main\/2022\/08\/10\/bulung-logistics-yuzde-140-buyudu-320-milyon-lira-yatirim-yapacak\/#article\",\"isPartOf\":{\"@id\":\"https:\/\/avrupapress.com\/main\/2022\/08\/10\/bulung-logistics-yuzde-140-buyudu-320-milyon-lira-yatirim-yapacak\/\"},\"author\":{\"name\":\"Edit\u00f6r\",\"@id\":\"https:\/\/avrupapress.com\/#\/schema\/person\/68428444ec60970d1e1b700cf4ca1e8f\"},\"headline\":\"BULUNG LOGISTICS Y\u00dcZDE 140 B\u00dcY\u00dcD\u00dc, 320 M\u0130LYON L\u0130RA YATIRIM YAPACAK\",\"datePublished\":\"2022-08-10T20:08:51+00:00\",\"dateModified\":\"2025-04-24T00:28:04+00:00\",\"mainEntityOfPage\":{\"@id\":\"https:\/\/avrupapress.com\/main\/2022\/08\/10\/bulung-logistics-yuzde-140-buyudu-320-milyon-lira-yatirim-yapacak\/\"},\"wordCount\":462,\"publisher\":{\"@id\":\"https:\/\/avrupapress.com\/#\/schema\/person\/0223dca19c72c43575bf30d1a2d8f4fa\"},\"image\":{\"@id\":\"https:\/\/avrupapress.com\/main\/2022\/08\/10\/bulung-logistics-yuzde-140-buyudu-320-milyon-lira-yatirim-yapacak\/#primaryimage\"},\"thumbnailUrl\":\"https:\/\/avrupapress.com\/main\/wp-content\/uploads\/2022\/08\/thumbnail_BulungLogistics_SavasKasap_TR_GenelMudur.jpg\",\"articleSection\":[\"Avrupa\",\"Bel\u00e7ika\",\"D\u00fcnya\",\"Ekonomi\",\"K\u00fclt\u00fcr-Sanat\",\"Spor\",\"Tan\u0131t\u0131m\",\"T\u00fcrkiye\"],\"inLanguage\":\"fr-BE\"},{\"@type\":\"WebPage\",\"@id\":\"https:\/\/avrupapress.com\/main\/2022\/08\/10\/bulung-logistics-yuzde-140-buyudu-320-milyon-lira-yatirim-yapacak\/\",\"url\":\"https:\/\/avrupapress.com\/main\/2022\/08\/10\/bulung-logistics-yuzde-140-buyudu-320-milyon-lira-yatirim-yapacak\/\",\"name\":\"BULUNG LOGISTICS Y\u00dcZDE 140 B\u00dcY\u00dcD\u00dc, 320 M\u0130LYON L\u0130RA YATIRIM YAPACAK - AvrupaPress\",\"isPartOf\":{\"@id\":\"https:\/\/avrupapress.com\/#website\"},\"primaryImageOfPage\":{\"@id\":\"https:\/\/avrupapress.com\/main\/2022\/08\/10\/bulung-logistics-yuzde-140-buyudu-320-milyon-lira-yatirim-yapacak\/#primaryimage\"},\"image\":{\"@id\":\"https:\/\/avrupapress.com\/main\/2022\/08\/10\/bulung-logistics-yuzde-140-buyudu-320-milyon-lira-yatirim-yapacak\/#primaryimage\"},\"thumbnailUrl\":\"https:\/\/avrupapress.com\/main\/wp-content\/uploads\/2022\/08\/thumbnail_BulungLogistics_SavasKasap_TR_GenelMudur.jpg\",\"datePublished\":\"2022-08-10T20:08:51+00:00\",\"dateModified\":\"2025-04-24T00:28:04+00:00\",\"breadcrumb\":{\"@id\":\"https:\/\/avrupapress.com\/main\/2022\/08\/10\/bulung-logistics-yuzde-140-buyudu-320-milyon-lira-yatirim-yapacak\/#breadcrumb\"},\"inLanguage\":\"fr-BE\",\"potentialAction\":[{\"@type\":\"ReadAction\",\"target\":[\"https:\/\/avrupapress.com\/main\/2022\/08\/10\/bulung-logistics-yuzde-140-buyudu-320-milyon-lira-yatirim-yapacak\/\"]}]},{\"@type\":\"ImageObject\",\"inLanguage\":\"fr-BE\",\"@id\":\"https:\/\/avrupapress.com\/main\/2022\/08\/10\/bulung-logistics-yuzde-140-buyudu-320-milyon-lira-yatirim-yapacak\/#primaryimage\",\"url\":\"https:\/\/avrupapress.com\/main\/wp-content\/uploads\/2022\/08\/thumbnail_BulungLogistics_SavasKasap_TR_GenelMudur.jpg\",\"contentUrl\":\"https:\/\/avrupapress.com\/main\/wp-content\/uploads\/2022\/08\/thumbnail_BulungLogistics_SavasKasap_TR_GenelMudur.jpg\",\"width\":1280,\"height\":853},{\"@type\":\"BreadcrumbList\",\"@id\":\"https:\/\/avrupapress.com\/main\/2022\/08\/10\/bulung-logistics-yuzde-140-buyudu-320-milyon-lira-yatirim-yapacak\/#breadcrumb\",\"itemListElement\":[{\"@type\":\"ListItem\",\"position\":1,\"name\":\"Anasayfa\",\"item\":\"https:\/\/avrupapress.com\/\"},{\"@type\":\"ListItem\",\"position\":2,\"name\":\"BULUNG LOGISTICS Y\u00dcZDE 140 B\u00dcY\u00dcD\u00dc, 320 M\u0130LYON L\u0130RA YATIRIM YAPACAK\"}]},{\"@type\":\"WebSite\",\"@id\":\"https:\/\/avrupapress.com\/#website\",\"url\":\"https:\/\/avrupapress.com\/\",\"name\":\"AvrupaPress\",\"description\":\"Haberin Adresi\",\"publisher\":{\"@id\":\"https:\/\/avrupapress.com\/#\/schema\/person\/0223dca19c72c43575bf30d1a2d8f4fa\"},\"potentialAction\":[{\"@type\":\"SearchAction\",\"target\":{\"@type\":\"EntryPoint\",\"urlTemplate\":\"https:\/\/avrupapress.com\/?s={search_term_string}\"},\"query-input\":{\"@type\":\"PropertyValueSpecification\",\"valueRequired\":true,\"valueName\":\"search_term_string\"}}],\"inLanguage\":\"fr-BE\"},{\"@type\":[\"Person\",\"Organization\"],\"@id\":\"https:\/\/avrupapress.com\/#\/schema\/person\/0223dca19c72c43575bf30d1a2d8f4fa\",\"name\":\"Bilgin \u00d6z\u00e7ift\u00e7i\",\"image\":{\"@type\":\"ImageObject\",\"inLanguage\":\"fr-BE\",\"@id\":\"https:\/\/avrupapress.com\/#\/schema\/person\/image\/\",\"url\":\"https:\/\/secure.gravatar.com\/avatar\/0f23b280433a21e1ea7a0adcc46ed0ad16afe3ad8e630fd13d8a017dcbd54ef3?s=96&d=mm&r=g\",\"contentUrl\":\"https:\/\/secure.gravatar.com\/avatar\/0f23b280433a21e1ea7a0adcc46ed0ad16afe3ad8e630fd13d8a017dcbd54ef3?s=96&d=mm&r=g\",\"caption\":\"Bilgin \u00d6z\u00e7ift\u00e7i\"},\"logo\":{\"@id\":\"https:\/\/avrupapress.com\/#\/schema\/person\/image\/\"},\"description\":\"Ne ben, nede sen... Biz ancak \\\"biz\\\" olursak g\u00fc\u00e7l\u00fc olabiliriz\"},{\"@type\":\"Person\",\"@id\":\"https:\/\/avrupapress.com\/#\/schema\/person\/68428444ec60970d1e1b700cf4ca1e8f\",\"name\":\"Edit\u00f6r\",\"image\":{\"@type\":\"ImageObject\",\"inLanguage\":\"fr-BE\",\"@id\":\"https:\/\/avrupapress.com\/#\/schema\/person\/image\/\",\"url\":\"https:\/\/secure.gravatar.com\/avatar\/74996b0977aa5f1559ba9883776652508b229005c0d78fb2597897f0bd651c09?s=96&d=mm&r=g\",\"contentUrl\":\"https:\/\/secure.gravatar.com\/avatar\/74996b0977aa5f1559ba9883776652508b229005c0d78fb2597897f0bd651c09?s=96&d=mm&r=g\",\"caption\":\"Edit\u00f6r\"},\"sameAs\":[\"http:\/\/www.avrupapress.com\"],\"url\":\"https:\/\/avrupapress.com\/main\/author\/editor\/\"}]}<\/script>\n<!-- \/ Yoast SEO plugin. -->","yoast_head_json":{"title":"BULUNG LOGISTICS Y\u00dcZDE 140 B\u00dcY\u00dcD\u00dc, 320 M\u0130LYON L\u0130RA YATIRIM YAPACAK - AvrupaPress","robots":{"index":"index","follow":"follow","max-snippet":"max-snippet:-1","max-image-preview":"max-image-preview:large","max-video-preview":"max-video-preview:-1"},"canonical":"https:\/\/avrupapress.com\/main\/2022\/08\/10\/bulung-logistics-yuzde-140-buyudu-320-milyon-lira-yatirim-yapacak\/","og_locale":"fr_FR","og_type":"article","og_title":"BULUNG LOGISTICS Y\u00dcZDE 140 B\u00dcY\u00dcD\u00dc, 320 M\u0130LYON L\u0130RA YATIRIM YAPACAK - AvrupaPress","og_description":"Bulung Logistics\u2019in T\u00fcrkiye\u2019deki cirosu bu y\u0131l\u0131n ilk yar\u0131s\u0131nda y\u00fczde 140 b\u00fcy\u00fcd\u00fc. \u015eirket, 2024 sonuna kadar 320 milyon liral\u0131k yat\u0131r\u0131m yapacak. Viyana\u2019da, 2012 y\u0131l\u0131nda T\u00fcrk giri\u015fimci Yusuf Erkara taraf\u0131ndan kurulan Bulung Logistics, 2015\u2019ten bu yana T\u00fcrkiye\u2019de de faaliyet g\u00f6steriyor. \u015eirketin T\u00fcrkiye aya\u011f\u0131, cirosunu bu y\u0131l\u0131n ilk yar\u0131s\u0131nda ge\u00e7en y\u0131l\u0131n ayn\u0131 d\u00f6nemine g\u00f6re yakla\u015f\u0131k 2,5 kat\u0131na \u00e7\u0131kard\u0131. [&hellip;]","og_url":"https:\/\/avrupapress.com\/main\/2022\/08\/10\/bulung-logistics-yuzde-140-buyudu-320-milyon-lira-yatirim-yapacak\/","og_site_name":"AvrupaPress","article_published_time":"2022-08-10T20:08:51+00:00","article_modified_time":"2025-04-24T00:28:04+00:00","og_image":[{"width":1280,"height":853,"url":"https:\/\/avrupapress.com\/main\/wp-content\/uploads\/2022\/08\/thumbnail_BulungLogistics_SavasKasap_TR_GenelMudur.jpg","type":"image\/jpeg"}],"author":"Edit\u00f6r","twitter_card":"summary_large_image","twitter_misc":{"\u00c9crit par":"Edit\u00f6r","Dur\u00e9e de lecture est.":"3 minutes"},"schema":{"@context":"https:\/\/schema.org","@graph":[{"@type":"Article","@id":"https:\/\/avrupapress.com\/main\/2022\/08\/10\/bulung-logistics-yuzde-140-buyudu-320-milyon-lira-yatirim-yapacak\/#article","isPartOf":{"@id":"https:\/\/avrupapress.com\/main\/2022\/08\/10\/bulung-logistics-yuzde-140-buyudu-320-milyon-lira-yatirim-yapacak\/"},"author":{"name":"Edit\u00f6r","@id":"https:\/\/avrupapress.com\/#\/schema\/person\/68428444ec60970d1e1b700cf4ca1e8f"},"headline":"BULUNG LOGISTICS Y\u00dcZDE 140 B\u00dcY\u00dcD\u00dc, 320 M\u0130LYON L\u0130RA YATIRIM YAPACAK","datePublished":"2022-08-10T20:08:51+00:00","dateModified":"2025-04-24T00:28:04+00:00","mainEntityOfPage":{"@id":"https:\/\/avrupapress.com\/main\/2022\/08\/10\/bulung-logistics-yuzde-140-buyudu-320-milyon-lira-yatirim-yapacak\/"},"wordCount":462,"publisher":{"@id":"https:\/\/avrupapress.com\/#\/schema\/person\/0223dca19c72c43575bf30d1a2d8f4fa"},"image":{"@id":"https:\/\/avrupapress.com\/main\/2022\/08\/10\/bulung-logistics-yuzde-140-buyudu-320-milyon-lira-yatirim-yapacak\/#primaryimage"},"thumbnailUrl":"https:\/\/avrupapress.com\/main\/wp-content\/uploads\/2022\/08\/thumbnail_BulungLogistics_SavasKasap_TR_GenelMudur.jpg","articleSection":["Avrupa","Bel\u00e7ika","D\u00fcnya","Ekonomi","K\u00fclt\u00fcr-Sanat","Spor","Tan\u0131t\u0131m","T\u00fcrkiye"],"inLanguage":"fr-BE"},{"@type":"WebPage","@id":"https:\/\/avrupapress.com\/main\/2022\/08\/10\/bulung-logistics-yuzde-140-buyudu-320-milyon-lira-yatirim-yapacak\/","url":"https:\/\/avrupapress.com\/main\/2022\/08\/10\/bulung-logistics-yuzde-140-buyudu-320-milyon-lira-yatirim-yapacak\/","name":"BULUNG LOGISTICS Y\u00dcZDE 140 B\u00dcY\u00dcD\u00dc, 320 M\u0130LYON L\u0130RA YATIRIM YAPACAK - AvrupaPress","isPartOf":{"@id":"https:\/\/avrupapress.com\/#website"},"primaryImageOfPage":{"@id":"https:\/\/avrupapress.com\/main\/2022\/08\/10\/bulung-logistics-yuzde-140-buyudu-320-milyon-lira-yatirim-yapacak\/#primaryimage"},"image":{"@id":"https:\/\/avrupapress.com\/main\/2022\/08\/10\/bulung-logistics-yuzde-140-buyudu-320-milyon-lira-yatirim-yapacak\/#primaryimage"},"thumbnailUrl":"https:\/\/avrupapress.com\/main\/wp-content\/uploads\/2022\/08\/thumbnail_BulungLogistics_SavasKasap_TR_GenelMudur.jpg","datePublished":"2022-08-10T20:08:51+00:00","dateModified":"2025-04-24T00:28:04+00:00","breadcrumb":{"@id":"https:\/\/avrupapress.com\/main\/2022\/08\/10\/bulung-logistics-yuzde-140-buyudu-320-milyon-lira-yatirim-yapacak\/#breadcrumb"},"inLanguage":"fr-BE","potentialAction":[{"@type":"ReadAction","target":["https:\/\/avrupapress.com\/main\/2022\/08\/10\/bulung-logistics-yuzde-140-buyudu-320-milyon-lira-yatirim-yapacak\/"]}]},{"@type":"ImageObject","inLanguage":"fr-BE","@id":"https:\/\/avrupapress.com\/main\/2022\/08\/10\/bulung-logistics-yuzde-140-buyudu-320-milyon-lira-yatirim-yapacak\/#primaryimage","url":"https:\/\/avrupapress.com\/main\/wp-content\/uploads\/2022\/08\/thumbnail_BulungLogistics_SavasKasap_TR_GenelMudur.jpg","contentUrl":"https:\/\/avrupapress.com\/main\/wp-content\/uploads\/2022\/08\/thumbnail_BulungLogistics_SavasKasap_TR_GenelMudur.jpg","width":1280,"height":853},{"@type":"BreadcrumbList","@id":"https:\/\/avrupapress.com\/main\/2022\/08\/10\/bulung-logistics-yuzde-140-buyudu-320-milyon-lira-yatirim-yapacak\/#breadcrumb","itemListElement":[{"@type":"ListItem","position":1,"name":"Anasayfa","item":"https:\/\/avrupapress.com\/"},{"@type":"ListItem","position":2,"name":"BULUNG LOGISTICS Y\u00dcZDE 140 B\u00dcY\u00dcD\u00dc, 320 M\u0130LYON L\u0130RA YATIRIM YAPACAK"}]},{"@type":"WebSite","@id":"https:\/\/avrupapress.com\/#website","url":"https:\/\/avrupapress.com\/","name":"AvrupaPress","description":"Haberin Adresi","publisher":{"@id":"https:\/\/avrupapress.com\/#\/schema\/person\/0223dca19c72c43575bf30d1a2d8f4fa"},"potentialAction":[{"@type":"SearchAction","target":{"@type":"EntryPoint","urlTemplate":"https:\/\/avrupapress.com\/?s={search_term_string}"},"query-input":{"@type":"PropertyValueSpecification","valueRequired":true,"valueName":"search_term_string"}}],"inLanguage":"fr-BE"},{"@type":["Person","Organization"],"@id":"https:\/\/avrupapress.com\/#\/schema\/person\/0223dca19c72c43575bf30d1a2d8f4fa","name":"Bilgin \u00d6z\u00e7ift\u00e7i","image":{"@type":"ImageObject","inLanguage":"fr-BE","@id":"https:\/\/avrupapress.com\/#\/schema\/person\/image\/","url":"https:\/\/secure.gravatar.com\/avatar\/0f23b280433a21e1ea7a0adcc46ed0ad16afe3ad8e630fd13d8a017dcbd54ef3?s=96&d=mm&r=g","contentUrl":"https:\/\/secure.gravatar.com\/avatar\/0f23b280433a21e1ea7a0adcc46ed0ad16afe3ad8e630fd13d8a017dcbd54ef3?s=96&d=mm&r=g","caption":"Bilgin \u00d6z\u00e7ift\u00e7i"},"logo":{"@id":"https:\/\/avrupapress.com\/#\/schema\/person\/image\/"},"description":"Ne ben, nede sen... Biz ancak \"biz\" olursak g\u00fc\u00e7l\u00fc olabiliriz"},{"@type":"Person","@id":"https:\/\/avrupapress.com\/#\/schema\/person\/68428444ec60970d1e1b700cf4ca1e8f","name":"Edit\u00f6r","image":{"@type":"ImageObject","inLanguage":"fr-BE","@id":"https:\/\/avrupapress.com\/#\/schema\/person\/image\/","url":"https:\/\/secure.gravatar.com\/avatar\/74996b0977aa5f1559ba9883776652508b229005c0d78fb2597897f0bd651c09?s=96&d=mm&r=g","contentUrl":"https:\/\/secure.gravatar.com\/avatar\/74996b0977aa5f1559ba9883776652508b229005c0d78fb2597897f0bd651c09?s=96&d=mm&r=g","caption":"Edit\u00f6r"},"sameAs":["http:\/\/www.avrupapress.com"],"url":"https:\/\/avrupapress.com\/main\/author\/editor\/"}]}},"_links":{"self":[{"href":"https:\/\/avrupapress.com\/main\/wp-json\/wp\/v2\/posts\/19792","targetHints":{"allow":["GET"]}}],"collection":[{"href":"https:\/\/avrupapress.com\/main\/wp-json\/wp\/v2\/posts"}],"about":[{"href":"https:\/\/avrupapress.com\/main\/wp-json\/wp\/v2\/types\/post"}],"author":[{"embeddable":true,"href":"https:\/\/avrupapress.com\/main\/wp-json\/wp\/v2\/users\/3"}],"replies":[{"embeddable":true,"href":"https:\/\/avrupapress.com\/main\/wp-json\/wp\/v2\/comments?post=19792"}],"version-history":[{"count":2,"href":"https:\/\/avrupapress.com\/main\/wp-json\/wp\/v2\/posts\/19792\/revisions"}],"predecessor-version":[{"id":29122,"href":"https:\/\/avrupapress.com\/main\/wp-json\/wp\/v2\/posts\/19792\/revisions\/29122"}],"wp:featuredmedia":[{"embeddable":true,"href":"https:\/\/avrupapress.com\/main\/wp-json\/wp\/v2\/media\/19793"}],"wp:attachment":[{"href":"https:\/\/avrupapress.com\/main\/wp-json\/wp\/v2\/media?parent=19792"}],"wp:term":[{"taxonomy":"category","embeddable":true,"href":"https:\/\/avrupapress.com\/main\/wp-json\/wp\/v2\/categories?post=19792"},{"taxonomy":"post_tag","embeddable":true,"href":"https:\/\/avrupapress.com\/main\/wp-json\/wp\/v2\/tags?post=19792"}],"curies":[{"name":"wp","href":"https:\/\/api.w.org\/{rel}","templated":true}]}}