{"id":19785,"date":"2022-08-10T19:24:13","date_gmt":"2022-08-10T19:24:13","guid":{"rendered":"https:\/\/avrupapress.com\/main\/?p=19785"},"modified":"2022-08-10T19:38:58","modified_gmt":"2022-08-10T19:38:58","slug":"nanc-ve-sorgu","status":"publish","type":"post","link":"https:\/\/avrupapress.com\/main\/2022\/08\/10\/nanc-ve-sorgu\/","title":{"rendered":"\u0130NAN\u00c7 ve SORGU!"},"content":{"rendered":"<div dir=\"auto\">Kemalist inan\u00e7l\u0131lar\u0131n g\u00f6rmek istemedi\u011fi sorun; olmayan demokrasili, kapitalist, s\u0131n\u0131f, adalet, hak, hukuk, e\u015fitlik fark\u0131n\u0131 k\u00f6r\u00fckleyici olan bu siyasi sistemimizin kendisinde!<\/div>\n<div dir=\"auto\">Sistem sayesinde b\u0131rak\u0131n bizleri, \u00e7ocuklar\u0131m\u0131z ve torunlar\u0131m\u0131z da dahil g\u00fcn y\u00fcz\u00fc, huzur, sa\u011fl\u0131k ve refah g\u00f6remeyecek!<\/div>\n<div dir=\"auto\">Kemalistler sayesinde hak edildi bunlar, yani Kemalistler, bu \u00fclke ya\u015fayanlar\u0131na bu siyasi sistemi m\u00fcstahak buldu!<\/div>\n<div dir=\"auto\">Bu toplumun, ki\u015filerle u\u011fra\u015fan k\u00fc\u00e7\u00fck beyinli insanlar\u0131 olmaktan kurtulamayaca\u011f\u0131z, dev\u015firme olan siyasi sistemimiz nedeniyle!<\/div>\n<div dir=\"auto\">Bari, Avrupa ve Japonya gibi olaylar\u0131 konu\u015fabilen orta beyinli insanlardan olabilseydik!<\/div>\n<div dir=\"auto\">Avrupa ve Japonya&rsquo; da \u00e7al\u0131\u015fma saatleri d\u00fc\u015f\u00fcyor, belki d\u00fc\u015f\u00fcnmeye daha \u00e7ok zaman ay\u0131r\u0131p, yak\u0131n bir gelecekte, sistemi konu\u015fan b\u00fcy\u00fck beyinli insanlar\u0131n a\u015famas\u0131na ge\u00e7ilebilir! Bunun i\u00e7in \u00f6ncelikle kendi tek adamlar\u0131 olan kral, prens, prenses ve krali\u00e7e benzerlerinden kurtulmalar\u0131 \u015fart, yoksa b\u00fcy\u00fck insan olmalar\u0131na izin verilmez!<\/div>\n<div dir=\"auto\">Kurtulu\u015f Sava\u015f\u0131&rsquo; nda, zaten bldi\u011fimiz Rus Yard\u0131mlar\u0131&rsquo; n\u0131 konu alan bir yaz\u0131y\u0131 okuyunca ( https:\/\/drcanceylan.com\/kurtulus-savasinda-rus-yardimlari )<\/div>\n<div dir=\"auto\">eksik bilgileri \u015f\u00f6yle bir sorgulad\u0131m:<\/div>\n<div dir=\"auto\">&lsquo;Bu topraklarda &lsquo;Sosyalist Devlet kurulacak!&rsquo; diye Ruslar&rsquo; \u0131n kand\u0131r\u0131ld\u0131\u011f\u0131n\u0131 yazmay\u0131 unutmu\u015flar. Ke\u015fke \u00fclkeden\u00a0 ka\u00e7an Naz\u0131m Hikmet&rsquo; e, kim vurduyla \u00f6ld\u00fcr\u00fclen Sabahattin Ali&rsquo; ye, \u00dcrd\u00fcn&rsquo; e ka\u00e7mak zorunda b\u0131rak\u0131lan \u00c7erkes Ethem &lsquo; e, Karadeniz&rsquo; de bo\u011fdurulan Mustafa Suphi ve 14 arkada\u015f\u0131na, sosyalizmle t\u00fcm halk\u0131 e\u015fit hak ve e\u015fit gelir d\u00fczeyine kavu\u015fturma ad\u0131na m\u00fccadele verdi\u011fi i\u00e7in i\u015fkencelerle\u00a0 yok edilen \u0130brahim Kaypakkaya&rsquo; ya, hatta hatta \u00c7etin Altan&rsquo; a, Osmanl\u0131&rsquo; n\u0131n bile hara\u00e7 al\u0131p, ya\u015famlar\u0131na\u00a0 kar\u0131\u015fmad\u0131\u011f\u0131, sosyalist ve adil bir kominan y\u00f6netim sistemi kurmu\u015f olarak b\u00f6lgede ya\u015fayan, ancak kapitalist, tek adamc\u0131 devlet sistemine kar\u015f\u0131 \u00e7\u0131kt\u0131klar\u0131 i\u00e7in bombalanan DERS\u0130ML\u0130LER&rsquo; e sorup \u00f6\u011frenselerdi ya da bir y\u00fcksek r\u00fctbeli asker ile derin devlet anla\u015fmas\u0131 yapt\u0131\u011f\u0131 s\u00f6ylenen \u0130smet \u0130n\u00f6n\u00fc&rsquo; ye sormu\u015f olsalard\u0131, o g\u00fcnlerde neler oldu\u011funu!<\/div>\n<div dir=\"auto\">\u00c7\u00fcnk\u00fc o g\u00fcnleri en iyi, ya\u015fayan en az \u00fc\u00e7 &#8211; d\u00f6rt ayr\u0131 ve kar\u015f\u0131t farkl\u0131 kaynaktan dinleyip, fikir olu\u015fturmak laz\u0131md\u0131!<\/div>\n<div dir=\"auto\">Yenice 1917 EK\u0130M DEVR\u0130M\u0130&rsquo; ni ya\u015fam\u0131\u015f olan Ruslar, 1920 lerde, o kadar silah\u0131, o kadar alt\u0131n\u0131, ortada ortak bir ama\u00e7 yokken, kar\u015f\u0131l\u0131ks\u0131z olarak, niye sadece yard\u0131m ama\u00e7l\u0131 g\u00f6ndersinlerdi ki bu topraklara?<\/div>\n<div dir=\"auto\">Amerika&rsquo; n\u0131n 1950 sonras\u0131 kar\u015f\u0131l\u0131ks\u0131z Marshall Yard\u0131mlar\u0131&rsquo; nda; kendi eskiyen at\u0131lacak \u00e7atal, b\u0131\u00e7ak, ka\u015f\u0131klar\u0131n\u0131, eski model ve yedek par\u00e7as\u0131z, zar zor \u00e7al\u0131\u015fan silahlar\u0131n\u0131 ve de s\u00fct tozlar\u0131n\u0131 g\u00f6nderdi\u011fini unutmayal\u0131m&#8230;<\/div>\n<div dir=\"auto\">Siyasi sistem olarak; Okyanus \u00d6tesi sahte demokrasili, kapitalist, tek adaml\u0131, iki siyasi parti yerine tek siyasi parti ile \u00f6nce milletvekillerini belirleyen ve se\u00e7tiren, milliyet\u00e7i, az\u0131nl\u0131\u011f\u0131n haklar\u0131n\u0131 korumayan, cumhuriyet sistemi se\u00e7ildi\u011fi i\u00e7in Ruslar&rsquo; a kar\u015f\u0131 tutulmayan s\u00f6zleri affettirme gayreti de g\u00f6sterilmi\u015fti sonu\u00e7ta!<\/div>\n<div dir=\"auto\">Ruslar&rsquo; a in\u015fa ettirilen fabrikalar, santraller vb ile \u00c7anakkale&rsquo; de bu topraklar\u0131n insanlar\u0131n\u0131,\u00a0 ma\u015fa olarak Avustralya&rsquo; dan getirtti\u011fi Anzaklar&rsquo; la sava\u015ft\u0131ran ak\u0131ll\u0131 \u0130ngiliz Sermayeleri&rsquo; nden Shell in, Cumhuriyet kurulur kurulmaz, 1923&prime; te, bu topraklara girip petrol satt\u0131\u011f\u0131n\u0131n yaz\u0131lmas\u0131 da unutmasaym\u0131\u015f, gayet inand\u0131r\u0131c\u0131 bir yaz\u0131 olacakm\u0131\u015f!<\/div>\n<div dir=\"auto\">Kim inand\u0131rm\u0131\u015f ve neye inand\u0131rm\u0131\u015f olursa olsun, \u00e7ok iyi inan\u00e7l\u0131 olma yolunda ilerleyenlerle ne Muhammed Mustafa ne de Kemal Mustafa \u00fczerine konu\u015fmamak gerekiyor, \u00e7\u00fcnk\u00fc hemen ki\u015fisel olarak sald\u0131r\u0131ya ge\u00e7iyorlar&#8230;<\/div>\n<div dir=\"auto\">Sorgulama yetisi geli\u015fmemi\u015f, ba\u015fkalar\u0131n\u0131n d\u00fc\u015f\u00fcncelerine inanarak, inan\u00e7l\u0131 olan ki\u015filerle g\u00f6r\u00fc\u015f al\u0131\u015f veri\u015finde dahi bulunulmuyor!<\/div>\n<div dir=\"auto\">D\u00fc\u015f\u00fcnebilen, sorgulayabilen beyinlerin fikirlerine, sayg\u0131 \u00e7er\u00e7evesinde de\u011fer verilebilir ve d\u00fcnya g\u00f6r\u00fc\u015fleri \u00f6nemsenebilir!<\/div>\n<div dir=\"auto\">Neye ve kime inan\u0131rsa inans\u0131n, kendilerini kim inand\u0131r\u0131rsa inand\u0131rs\u0131n -ki Alevi ve Bekta\u015fi inan\u00e7l\u0131lar da ma\u011fdur ve g\u00fc\u00e7l\u00fc oldu\u011fu d\u00fc\u015f\u00fcnd\u00fcr\u00fclen ve sevip ba\u011flanmaya inand\u0131r\u0131ld\u0131r\u0131lan ancak \u00e7ift kesici k\u0131l\u0131\u00e7la \u00e7ok insan \u00f6ld\u00fcrd\u00fc\u011f\u00fc i\u00e7in ele\u015ftirilen Ali&rsquo; ye taraf olmamalar\u0131 gerekti\u011fi s\u00f6ylenirse s\u00f6yleyeni eziyor ve kesinlikle Ali&rsquo; ye laf s\u00f6yletmiyorlar.- i\u015fte bu sabit inan\u00e7l\u0131 ki\u015filer,\u00a0 ba\u015fkalar\u0131na ya\u015fam tehlikesi olu\u015fturabildi\u011fi i\u00e7in kendilerinden uuuupuzak durulabilir!<\/div>\n<div dir=\"auto\">L\u00fctfen k\u0131r\u0131lmay\u0131n!<\/div>\n<div dir=\"auto\">D\u00dc\u015e\u00dcNENLER\u0130N D\u00dc\u015e\u00dcNCES\u0130<\/div>\n<div dir=\"auto\"><\/div>\n<div dir=\"auto\"><\/div>\n<div dir=\"auto\"><strong> T\u00dcLAY S\u00dcK\u00dcN\u00a0 \/\u00a0 AVRUPAPRESS<\/strong><\/div>\n","protected":false},"excerpt":{"rendered":"<p>Kemalist inan\u00e7l\u0131lar\u0131n g\u00f6rmek istemedi\u011fi sorun; olmayan demokrasili, kapitalist, s\u0131n\u0131f, adalet, hak, hukuk, e\u015fitlik fark\u0131n\u0131 k\u00f6r\u00fckleyici olan bu siyasi sistemimizin kendisinde! Sistem sayesinde b\u0131rak\u0131n bizleri, \u00e7ocuklar\u0131m\u0131z ve torunlar\u0131m\u0131z da dahil g\u00fcn y\u00fcz\u00fc, huzur, sa\u011fl\u0131k ve refah g\u00f6remeyecek! Kemalistler sayesinde hak edildi bunlar, yani Kemalistler, bu \u00fclke ya\u015fayanlar\u0131na bu siyasi sistemi m\u00fcstahak buldu! Bu toplumun, ki\u015filerle u\u011fra\u015fan [&hellip;]<\/p>\n","protected":false},"author":3,"featured_media":19274,"comment_status":"closed","ping_status":"open","sticky":false,"template":"","format":"standard","meta":{"footnotes":""},"categories":[14,16,3,17,18,19,2],"tags":[],"class_list":["post-19785","post","type-post","status-publish","format-standard","has-post-thumbnail","hentry","category-avrupa","category-belcika","category-dunya","category-ekonomi","category-kultur-sanat","category-tanitim","category-turkiye"],"yoast_head":"<!-- This site is optimized with the Yoast SEO plugin v26.9 - https:\/\/yoast.com\/product\/yoast-seo-wordpress\/ -->\n<title>\u0130NAN\u00c7 ve SORGU! - AvrupaPress<\/title>\n<meta name=\"robots\" content=\"index, follow, max-snippet:-1, max-image-preview:large, max-video-preview:-1\" \/>\n<link rel=\"canonical\" href=\"https:\/\/avrupapress.com\/main\/2022\/08\/10\/nanc-ve-sorgu\/\" \/>\n<meta property=\"og:locale\" content=\"fr_FR\" \/>\n<meta property=\"og:type\" content=\"article\" \/>\n<meta property=\"og:title\" content=\"\u0130NAN\u00c7 ve SORGU! - AvrupaPress\" \/>\n<meta property=\"og:description\" content=\"Kemalist inan\u00e7l\u0131lar\u0131n g\u00f6rmek istemedi\u011fi sorun; olmayan demokrasili, kapitalist, s\u0131n\u0131f, adalet, hak, hukuk, e\u015fitlik fark\u0131n\u0131 k\u00f6r\u00fckleyici olan bu siyasi sistemimizin kendisinde! Sistem sayesinde b\u0131rak\u0131n bizleri, \u00e7ocuklar\u0131m\u0131z ve torunlar\u0131m\u0131z da dahil g\u00fcn y\u00fcz\u00fc, huzur, sa\u011fl\u0131k ve refah g\u00f6remeyecek! Kemalistler sayesinde hak edildi bunlar, yani Kemalistler, bu \u00fclke ya\u015fayanlar\u0131na bu siyasi sistemi m\u00fcstahak buldu! Bu toplumun, ki\u015filerle u\u011fra\u015fan [&hellip;]\" \/>\n<meta property=\"og:url\" content=\"https:\/\/avrupapress.com\/main\/2022\/08\/10\/nanc-ve-sorgu\/\" \/>\n<meta property=\"og:site_name\" content=\"AvrupaPress\" \/>\n<meta property=\"article:published_time\" content=\"2022-08-10T19:24:13+00:00\" \/>\n<meta property=\"article:modified_time\" content=\"2022-08-10T19:38:58+00:00\" \/>\n<meta property=\"og:image\" content=\"https:\/\/avrupapress.com\/main\/wp-content\/uploads\/2022\/06\/thumbnail_IMG-20220611-WA0002.jpg\" \/>\n\t<meta property=\"og:image:width\" content=\"1080\" \/>\n\t<meta property=\"og:image:height\" content=\"533\" \/>\n\t<meta property=\"og:image:type\" content=\"image\/jpeg\" \/>\n<meta name=\"author\" content=\"Edit\u00f6r\" \/>\n<meta name=\"twitter:card\" content=\"summary_large_image\" \/>\n<meta name=\"twitter:label1\" content=\"\u00c9crit par\" \/>\n\t<meta name=\"twitter:data1\" content=\"Edit\u00f6r\" \/>\n\t<meta name=\"twitter:label2\" content=\"Dur\u00e9e de lecture est.\" \/>\n\t<meta name=\"twitter:data2\" content=\"4 minutes\" \/>\n<script type=\"application\/ld+json\" class=\"yoast-schema-graph\">{\"@context\":\"https:\/\/schema.org\",\"@graph\":[{\"@type\":\"Article\",\"@id\":\"https:\/\/avrupapress.com\/main\/2022\/08\/10\/nanc-ve-sorgu\/#article\",\"isPartOf\":{\"@id\":\"https:\/\/avrupapress.com\/main\/2022\/08\/10\/nanc-ve-sorgu\/\"},\"author\":{\"name\":\"Edit\u00f6r\",\"@id\":\"https:\/\/avrupapress.com\/#\/schema\/person\/68428444ec60970d1e1b700cf4ca1e8f\"},\"headline\":\"\u0130NAN\u00c7 ve SORGU!\",\"datePublished\":\"2022-08-10T19:24:13+00:00\",\"dateModified\":\"2022-08-10T19:38:58+00:00\",\"mainEntityOfPage\":{\"@id\":\"https:\/\/avrupapress.com\/main\/2022\/08\/10\/nanc-ve-sorgu\/\"},\"wordCount\":782,\"publisher\":{\"@id\":\"https:\/\/avrupapress.com\/#\/schema\/person\/0223dca19c72c43575bf30d1a2d8f4fa\"},\"image\":{\"@id\":\"https:\/\/avrupapress.com\/main\/2022\/08\/10\/nanc-ve-sorgu\/#primaryimage\"},\"thumbnailUrl\":\"https:\/\/avrupapress.com\/main\/wp-content\/uploads\/2022\/06\/thumbnail_IMG-20220611-WA0002.jpg\",\"articleSection\":[\"Avrupa\",\"Bel\u00e7ika\",\"D\u00fcnya\",\"Ekonomi\",\"K\u00fclt\u00fcr-Sanat\",\"Tan\u0131t\u0131m\",\"T\u00fcrkiye\"],\"inLanguage\":\"fr-BE\"},{\"@type\":\"WebPage\",\"@id\":\"https:\/\/avrupapress.com\/main\/2022\/08\/10\/nanc-ve-sorgu\/\",\"url\":\"https:\/\/avrupapress.com\/main\/2022\/08\/10\/nanc-ve-sorgu\/\",\"name\":\"\u0130NAN\u00c7 ve SORGU! - AvrupaPress\",\"isPartOf\":{\"@id\":\"https:\/\/avrupapress.com\/#website\"},\"primaryImageOfPage\":{\"@id\":\"https:\/\/avrupapress.com\/main\/2022\/08\/10\/nanc-ve-sorgu\/#primaryimage\"},\"image\":{\"@id\":\"https:\/\/avrupapress.com\/main\/2022\/08\/10\/nanc-ve-sorgu\/#primaryimage\"},\"thumbnailUrl\":\"https:\/\/avrupapress.com\/main\/wp-content\/uploads\/2022\/06\/thumbnail_IMG-20220611-WA0002.jpg\",\"datePublished\":\"2022-08-10T19:24:13+00:00\",\"dateModified\":\"2022-08-10T19:38:58+00:00\",\"breadcrumb\":{\"@id\":\"https:\/\/avrupapress.com\/main\/2022\/08\/10\/nanc-ve-sorgu\/#breadcrumb\"},\"inLanguage\":\"fr-BE\",\"potentialAction\":[{\"@type\":\"ReadAction\",\"target\":[\"https:\/\/avrupapress.com\/main\/2022\/08\/10\/nanc-ve-sorgu\/\"]}]},{\"@type\":\"ImageObject\",\"inLanguage\":\"fr-BE\",\"@id\":\"https:\/\/avrupapress.com\/main\/2022\/08\/10\/nanc-ve-sorgu\/#primaryimage\",\"url\":\"https:\/\/avrupapress.com\/main\/wp-content\/uploads\/2022\/06\/thumbnail_IMG-20220611-WA0002.jpg\",\"contentUrl\":\"https:\/\/avrupapress.com\/main\/wp-content\/uploads\/2022\/06\/thumbnail_IMG-20220611-WA0002.jpg\",\"width\":1080,\"height\":533},{\"@type\":\"BreadcrumbList\",\"@id\":\"https:\/\/avrupapress.com\/main\/2022\/08\/10\/nanc-ve-sorgu\/#breadcrumb\",\"itemListElement\":[{\"@type\":\"ListItem\",\"position\":1,\"name\":\"Anasayfa\",\"item\":\"https:\/\/avrupapress.com\/\"},{\"@type\":\"ListItem\",\"position\":2,\"name\":\"\u0130NAN\u00c7 ve SORGU!\"}]},{\"@type\":\"WebSite\",\"@id\":\"https:\/\/avrupapress.com\/#website\",\"url\":\"https:\/\/avrupapress.com\/\",\"name\":\"AvrupaPress\",\"description\":\"Haberin Adresi\",\"publisher\":{\"@id\":\"https:\/\/avrupapress.com\/#\/schema\/person\/0223dca19c72c43575bf30d1a2d8f4fa\"},\"potentialAction\":[{\"@type\":\"SearchAction\",\"target\":{\"@type\":\"EntryPoint\",\"urlTemplate\":\"https:\/\/avrupapress.com\/?s={search_term_string}\"},\"query-input\":{\"@type\":\"PropertyValueSpecification\",\"valueRequired\":true,\"valueName\":\"search_term_string\"}}],\"inLanguage\":\"fr-BE\"},{\"@type\":[\"Person\",\"Organization\"],\"@id\":\"https:\/\/avrupapress.com\/#\/schema\/person\/0223dca19c72c43575bf30d1a2d8f4fa\",\"name\":\"Bilgin \u00d6z\u00e7ift\u00e7i\",\"image\":{\"@type\":\"ImageObject\",\"inLanguage\":\"fr-BE\",\"@id\":\"https:\/\/avrupapress.com\/#\/schema\/person\/image\/\",\"url\":\"https:\/\/secure.gravatar.com\/avatar\/0f23b280433a21e1ea7a0adcc46ed0ad16afe3ad8e630fd13d8a017dcbd54ef3?s=96&d=mm&r=g\",\"contentUrl\":\"https:\/\/secure.gravatar.com\/avatar\/0f23b280433a21e1ea7a0adcc46ed0ad16afe3ad8e630fd13d8a017dcbd54ef3?s=96&d=mm&r=g\",\"caption\":\"Bilgin \u00d6z\u00e7ift\u00e7i\"},\"logo\":{\"@id\":\"https:\/\/avrupapress.com\/#\/schema\/person\/image\/\"},\"description\":\"Ne ben, nede sen... Biz ancak \\\"biz\\\" olursak g\u00fc\u00e7l\u00fc olabiliriz\"},{\"@type\":\"Person\",\"@id\":\"https:\/\/avrupapress.com\/#\/schema\/person\/68428444ec60970d1e1b700cf4ca1e8f\",\"name\":\"Edit\u00f6r\",\"image\":{\"@type\":\"ImageObject\",\"inLanguage\":\"fr-BE\",\"@id\":\"https:\/\/avrupapress.com\/#\/schema\/person\/image\/\",\"url\":\"https:\/\/secure.gravatar.com\/avatar\/74996b0977aa5f1559ba9883776652508b229005c0d78fb2597897f0bd651c09?s=96&d=mm&r=g\",\"contentUrl\":\"https:\/\/secure.gravatar.com\/avatar\/74996b0977aa5f1559ba9883776652508b229005c0d78fb2597897f0bd651c09?s=96&d=mm&r=g\",\"caption\":\"Edit\u00f6r\"},\"sameAs\":[\"http:\/\/www.avrupapress.com\"],\"url\":\"https:\/\/avrupapress.com\/main\/author\/editor\/\"}]}<\/script>\n<!-- \/ Yoast SEO plugin. -->","yoast_head_json":{"title":"\u0130NAN\u00c7 ve SORGU! - AvrupaPress","robots":{"index":"index","follow":"follow","max-snippet":"max-snippet:-1","max-image-preview":"max-image-preview:large","max-video-preview":"max-video-preview:-1"},"canonical":"https:\/\/avrupapress.com\/main\/2022\/08\/10\/nanc-ve-sorgu\/","og_locale":"fr_FR","og_type":"article","og_title":"\u0130NAN\u00c7 ve SORGU! - AvrupaPress","og_description":"Kemalist inan\u00e7l\u0131lar\u0131n g\u00f6rmek istemedi\u011fi sorun; olmayan demokrasili, kapitalist, s\u0131n\u0131f, adalet, hak, hukuk, e\u015fitlik fark\u0131n\u0131 k\u00f6r\u00fckleyici olan bu siyasi sistemimizin kendisinde! Sistem sayesinde b\u0131rak\u0131n bizleri, \u00e7ocuklar\u0131m\u0131z ve torunlar\u0131m\u0131z da dahil g\u00fcn y\u00fcz\u00fc, huzur, sa\u011fl\u0131k ve refah g\u00f6remeyecek! Kemalistler sayesinde hak edildi bunlar, yani Kemalistler, bu \u00fclke ya\u015fayanlar\u0131na bu siyasi sistemi m\u00fcstahak buldu! Bu toplumun, ki\u015filerle u\u011fra\u015fan [&hellip;]","og_url":"https:\/\/avrupapress.com\/main\/2022\/08\/10\/nanc-ve-sorgu\/","og_site_name":"AvrupaPress","article_published_time":"2022-08-10T19:24:13+00:00","article_modified_time":"2022-08-10T19:38:58+00:00","og_image":[{"width":1080,"height":533,"url":"https:\/\/avrupapress.com\/main\/wp-content\/uploads\/2022\/06\/thumbnail_IMG-20220611-WA0002.jpg","type":"image\/jpeg"}],"author":"Edit\u00f6r","twitter_card":"summary_large_image","twitter_misc":{"\u00c9crit par":"Edit\u00f6r","Dur\u00e9e de lecture est.":"4 minutes"},"schema":{"@context":"https:\/\/schema.org","@graph":[{"@type":"Article","@id":"https:\/\/avrupapress.com\/main\/2022\/08\/10\/nanc-ve-sorgu\/#article","isPartOf":{"@id":"https:\/\/avrupapress.com\/main\/2022\/08\/10\/nanc-ve-sorgu\/"},"author":{"name":"Edit\u00f6r","@id":"https:\/\/avrupapress.com\/#\/schema\/person\/68428444ec60970d1e1b700cf4ca1e8f"},"headline":"\u0130NAN\u00c7 ve SORGU!","datePublished":"2022-08-10T19:24:13+00:00","dateModified":"2022-08-10T19:38:58+00:00","mainEntityOfPage":{"@id":"https:\/\/avrupapress.com\/main\/2022\/08\/10\/nanc-ve-sorgu\/"},"wordCount":782,"publisher":{"@id":"https:\/\/avrupapress.com\/#\/schema\/person\/0223dca19c72c43575bf30d1a2d8f4fa"},"image":{"@id":"https:\/\/avrupapress.com\/main\/2022\/08\/10\/nanc-ve-sorgu\/#primaryimage"},"thumbnailUrl":"https:\/\/avrupapress.com\/main\/wp-content\/uploads\/2022\/06\/thumbnail_IMG-20220611-WA0002.jpg","articleSection":["Avrupa","Bel\u00e7ika","D\u00fcnya","Ekonomi","K\u00fclt\u00fcr-Sanat","Tan\u0131t\u0131m","T\u00fcrkiye"],"inLanguage":"fr-BE"},{"@type":"WebPage","@id":"https:\/\/avrupapress.com\/main\/2022\/08\/10\/nanc-ve-sorgu\/","url":"https:\/\/avrupapress.com\/main\/2022\/08\/10\/nanc-ve-sorgu\/","name":"\u0130NAN\u00c7 ve SORGU! - AvrupaPress","isPartOf":{"@id":"https:\/\/avrupapress.com\/#website"},"primaryImageOfPage":{"@id":"https:\/\/avrupapress.com\/main\/2022\/08\/10\/nanc-ve-sorgu\/#primaryimage"},"image":{"@id":"https:\/\/avrupapress.com\/main\/2022\/08\/10\/nanc-ve-sorgu\/#primaryimage"},"thumbnailUrl":"https:\/\/avrupapress.com\/main\/wp-content\/uploads\/2022\/06\/thumbnail_IMG-20220611-WA0002.jpg","datePublished":"2022-08-10T19:24:13+00:00","dateModified":"2022-08-10T19:38:58+00:00","breadcrumb":{"@id":"https:\/\/avrupapress.com\/main\/2022\/08\/10\/nanc-ve-sorgu\/#breadcrumb"},"inLanguage":"fr-BE","potentialAction":[{"@type":"ReadAction","target":["https:\/\/avrupapress.com\/main\/2022\/08\/10\/nanc-ve-sorgu\/"]}]},{"@type":"ImageObject","inLanguage":"fr-BE","@id":"https:\/\/avrupapress.com\/main\/2022\/08\/10\/nanc-ve-sorgu\/#primaryimage","url":"https:\/\/avrupapress.com\/main\/wp-content\/uploads\/2022\/06\/thumbnail_IMG-20220611-WA0002.jpg","contentUrl":"https:\/\/avrupapress.com\/main\/wp-content\/uploads\/2022\/06\/thumbnail_IMG-20220611-WA0002.jpg","width":1080,"height":533},{"@type":"BreadcrumbList","@id":"https:\/\/avrupapress.com\/main\/2022\/08\/10\/nanc-ve-sorgu\/#breadcrumb","itemListElement":[{"@type":"ListItem","position":1,"name":"Anasayfa","item":"https:\/\/avrupapress.com\/"},{"@type":"ListItem","position":2,"name":"\u0130NAN\u00c7 ve SORGU!"}]},{"@type":"WebSite","@id":"https:\/\/avrupapress.com\/#website","url":"https:\/\/avrupapress.com\/","name":"AvrupaPress","description":"Haberin Adresi","publisher":{"@id":"https:\/\/avrupapress.com\/#\/schema\/person\/0223dca19c72c43575bf30d1a2d8f4fa"},"potentialAction":[{"@type":"SearchAction","target":{"@type":"EntryPoint","urlTemplate":"https:\/\/avrupapress.com\/?s={search_term_string}"},"query-input":{"@type":"PropertyValueSpecification","valueRequired":true,"valueName":"search_term_string"}}],"inLanguage":"fr-BE"},{"@type":["Person","Organization"],"@id":"https:\/\/avrupapress.com\/#\/schema\/person\/0223dca19c72c43575bf30d1a2d8f4fa","name":"Bilgin \u00d6z\u00e7ift\u00e7i","image":{"@type":"ImageObject","inLanguage":"fr-BE","@id":"https:\/\/avrupapress.com\/#\/schema\/person\/image\/","url":"https:\/\/secure.gravatar.com\/avatar\/0f23b280433a21e1ea7a0adcc46ed0ad16afe3ad8e630fd13d8a017dcbd54ef3?s=96&d=mm&r=g","contentUrl":"https:\/\/secure.gravatar.com\/avatar\/0f23b280433a21e1ea7a0adcc46ed0ad16afe3ad8e630fd13d8a017dcbd54ef3?s=96&d=mm&r=g","caption":"Bilgin \u00d6z\u00e7ift\u00e7i"},"logo":{"@id":"https:\/\/avrupapress.com\/#\/schema\/person\/image\/"},"description":"Ne ben, nede sen... Biz ancak \"biz\" olursak g\u00fc\u00e7l\u00fc olabiliriz"},{"@type":"Person","@id":"https:\/\/avrupapress.com\/#\/schema\/person\/68428444ec60970d1e1b700cf4ca1e8f","name":"Edit\u00f6r","image":{"@type":"ImageObject","inLanguage":"fr-BE","@id":"https:\/\/avrupapress.com\/#\/schema\/person\/image\/","url":"https:\/\/secure.gravatar.com\/avatar\/74996b0977aa5f1559ba9883776652508b229005c0d78fb2597897f0bd651c09?s=96&d=mm&r=g","contentUrl":"https:\/\/secure.gravatar.com\/avatar\/74996b0977aa5f1559ba9883776652508b229005c0d78fb2597897f0bd651c09?s=96&d=mm&r=g","caption":"Edit\u00f6r"},"sameAs":["http:\/\/www.avrupapress.com"],"url":"https:\/\/avrupapress.com\/main\/author\/editor\/"}]}},"_links":{"self":[{"href":"https:\/\/avrupapress.com\/main\/wp-json\/wp\/v2\/posts\/19785","targetHints":{"allow":["GET"]}}],"collection":[{"href":"https:\/\/avrupapress.com\/main\/wp-json\/wp\/v2\/posts"}],"about":[{"href":"https:\/\/avrupapress.com\/main\/wp-json\/wp\/v2\/types\/post"}],"author":[{"embeddable":true,"href":"https:\/\/avrupapress.com\/main\/wp-json\/wp\/v2\/users\/3"}],"replies":[{"embeddable":true,"href":"https:\/\/avrupapress.com\/main\/wp-json\/wp\/v2\/comments?post=19785"}],"version-history":[{"count":2,"href":"https:\/\/avrupapress.com\/main\/wp-json\/wp\/v2\/posts\/19785\/revisions"}],"predecessor-version":[{"id":19789,"href":"https:\/\/avrupapress.com\/main\/wp-json\/wp\/v2\/posts\/19785\/revisions\/19789"}],"wp:featuredmedia":[{"embeddable":true,"href":"https:\/\/avrupapress.com\/main\/wp-json\/wp\/v2\/media\/19274"}],"wp:attachment":[{"href":"https:\/\/avrupapress.com\/main\/wp-json\/wp\/v2\/media?parent=19785"}],"wp:term":[{"taxonomy":"category","embeddable":true,"href":"https:\/\/avrupapress.com\/main\/wp-json\/wp\/v2\/categories?post=19785"},{"taxonomy":"post_tag","embeddable":true,"href":"https:\/\/avrupapress.com\/main\/wp-json\/wp\/v2\/tags?post=19785"}],"curies":[{"name":"wp","href":"https:\/\/api.w.org\/{rel}","templated":true}]}}