{"id":19254,"date":"2022-06-10T23:07:15","date_gmt":"2022-06-10T23:07:15","guid":{"rendered":"https:\/\/avrupapress.com\/main\/?p=19254"},"modified":"2022-06-10T23:07:41","modified_gmt":"2022-06-10T23:07:41","slug":"haber-cocugumuzun-basarisi-icin-bahattin-gemici","status":"publish","type":"post","link":"https:\/\/avrupapress.com\/main\/2022\/06\/10\/haber-cocugumuzun-basarisi-icin-bahattin-gemici\/","title":{"rendered":"HABER- \u00c7OCU\u011eUMUZUN BA\u015eARISI \u0130\u00c7\u0130N- Bahattin Gemici"},"content":{"rendered":"<p class=\"x_MsoNormal\" align=\"center\"><b>A\u0130LE TERAP\u0130ST\u0130 AR\u0130F \u00dcNAL VEL\u0130LERE SESLEND\u0130:<\/b><\/p>\n<p class=\"x_MsoNormal\" align=\"center\"><b>\u00c7OCU\u011eUMUZUN NASIL OLMASINI \u0130ST\u0130YORSAK<\/b><\/p>\n<p class=\"x_MsoNormal\" align=\"center\"><b>\u00d6YLE DAVRANMALIYIZ<\/b><\/p>\n<p class=\"x_MsoNormal\">KRV Eyaleti \u00f6nceki milletvekili, psikoterapist Arif \u00dcnal, Veli Akademisi\u2019nde\u00a0 yapt\u0131\u011f\u0131 konu\u015fmada;\u00a0<b>\u201cE\u011fitimin temel kural\u0131 \u00e7ocu\u011fu sevmek ve ona \u00f6rnek olmakt\u0131r.\u201d\u00a0<\/b>dedi.<\/p>\n<p class=\"x_MsoNormal\">Ruhr Veliler Birli\u011fi Ba\u015fkan\u0131 Dr. Ali Sak, dernek b\u00fcnyesinde olu\u015fturduklar\u0131 Veli Akademisi ile velileri bilin\u00e7lendirmek, \u00e7ocuklar\u0131n ve gen\u00e7lerin okul ba\u015far\u0131lar\u0131n\u0131 art\u0131rmak istediklerini s\u00f6yledi<\/p>\n<p class=\"x_MsoNormal\"><b>\u00a0\u00a0 ESSEN<\/b><\/p>\n<p class=\"x_MsoNormal\">\u00a0\u00a0 Almanya\u2018n\u0131n en faal derneklerinden biri olan Ruhr Veliler Birli\u011fi\u2019nin kurdu\u011fu, Kuzey Ren Vestfalya Veli Dernekleri Federasyonu&rsquo;nun F\u00d6TEV-NRW ile Yurtd\u0131\u015f\u0131 T\u00fcrkler ve Akraba Topluluklar Ba\u015fkanl\u0131\u011f\u0131 YTB\u2019nin destekledi\u011fi veli seminerlerinin ikincisi Essen\u2019de yap\u0131ld\u0131.<\/p>\n<p class=\"x_MsoNormal\">\u00a0\u00a0\u00a0Eyalet \u00f6nceki miletvekili, psikoterapist ve aile terapisti Arif \u00dcnal, kat\u0131ld\u0131\u011f\u0131\u00a0\u00a0<b>\u201cAile i\u00e7i ileti\u015fim ve genel ileti\u015fim\u201d<\/b>\u00a0konulu seminerde aile yap\u0131lar\u0131, ileti\u015fim ve ileti\u015fim \u00e7e\u015fitleri \u00fczerinde durdu. Ses tonunun ileti\u015fimdeki \u00f6nemi, temel ileti\u015fim kurallar\u0131, pozitif ileti\u015fim ve dinleme \u00e7e\u015fitleri hakk\u0131nda ayr\u0131nt\u0131l\u0131 bilgi verdi.<\/p>\n<p class=\"x_MsoNormal\" align=\"center\"><b>\u00c7OCU\u011eUN OLUMLU YANLARINI G\u00d6RMEL\u0130Y\u0130Z<\/b><\/p>\n<p class=\"x_MsoNormal\">\u00a0\u00a0 Velilerin b\u00fcy\u00fck bir ilgi g\u00f6sterdikleri seminerde konu\u015fan psikoterapist Arif \u00dcnal \u015funlar\u0131 s\u00f6yledi:<\/p>\n<p class=\"x_MsoNormal\">\u00a0\u00a0 \u201cE\u011fitimin amac\u0131 iyi insan yeti\u015ftirmektir. Hepimiz \u00e7ocu\u011fun olumlu yanlar\u0131n\u0131 g\u00f6rmeli, onlar\u0131n ba\u015far\u0131lar\u0131n\u0131 \u00f6vmeliyiz. \u00c7ocu\u011fumuz bizimle konu\u015furken ba\u015fka \u015feylerle ilgilenmeyi b\u0131rak\u0131p onu dikkatle dinlemeliyiz. Onlar\u0131 ba\u015fkalar\u0131n\u0131n yan\u0131nda ele\u015ftirmemeli, ba\u015fkalar\u0131yla k\u0131yaslamamal\u0131y\u0131z.<\/p>\n<p class=\"x_MsoNormal\">\u00a0\u00a0\u00a0\u00d6fkeliyken \u00e7ocukla konu\u015fmaktan ka\u00e7\u0131nmal\u0131, bunu sakin oldu\u011fumuz bir zamanda yapmal\u0131y\u0131z. Onlara hakaret i\u00e7eren, onlar\u0131 k\u00fc\u00e7\u00fck d\u00fc\u015f\u00fcren s\u00f6zler s\u00f6ylemekten ka\u00e7\u0131nmal\u0131y\u0131z. \u00c7ocu\u011fu\u00a0 su\u00e7lamak, utand\u0131rmak, ona ad takmak ve onunla alay etmek \u00e7ocuklar\u0131n kendilerine olan \u00f6zg\u00fcvenlerini sarsar. \u00c7ocuklara haz\u0131r \u00e7\u00f6z\u00fcm sunmak yerine, kendi ba\u015flar\u0131na karar almalar\u0131n\u0131 te\u015fvik etmeliyiz. Ancak b\u00f6ylelikle hata yapa yapa do\u011fruyu \u00f6\u011freneceklerdir.\u201d<\/p>\n<p class=\"x_MsoNormal\" align=\"center\"><b>A\u0130LE \u0130\u00c7\u0130 \u0130LET\u0130\u015e\u0130M<\/b><\/p>\n<p class=\"x_MsoNormal\">\u00a0\u00a0 \u00c7ocuk i\u00e7in aile sevgisinin beslenmeden daha \u00f6nemli oldu\u011funu s\u00f6yleyen psikoterapist Arif \u00dcnal s\u00f6zlerini \u015f\u00f6yle s\u00fcrd\u00fcrd\u00fc: \u201cSa\u011fl\u0131kl\u0131 aile i\u00e7in, aileyi olu\u015fturan bireylerin birbirlerini dinlemeleri, sayg\u0131 g\u00f6stermeleri ve aile ad\u0131na verilen kararlara kat\u0131lmalar\u0131 gerekir. B\u00f6ylece g\u00fcven ortam\u0131 yarat\u0131l\u0131r ve huzursuzluklar\u0131n \u00f6n\u00fcne ge\u00e7ilir. Huzurlu ailelerin \u00e7ocuklar\u0131 daha ba\u015far\u0131l\u0131 olur.<\/p>\n<p class=\"x_MsoNormal\">\u00a0\u00a0\u00a0Evlilikte do\u011fru ileti\u015fim kurmak i\u00e7in e\u015fler birbirinin\u00a0 istek ve duygular\u0131na \u00f6nem vermeli, birbirini anlamaya \u00e7al\u0131\u015fmal\u0131, \u015fiddet ve zorbal\u0131ktan uzak durmal\u0131d\u0131r. \u0130steklerimizi talimatla de\u011fil rica ile bildirmeli, hata yapt\u0131\u011f\u0131m\u0131zda birbirimizden \u00f6z\u00fcr dilemeliyiz.\u201d<\/p>\n<p class=\"x_MsoNormal\" align=\"center\"><b>KURALLAR KOYMAK<\/b><\/p>\n<p class=\"x_MsoNormal\">\u00a0\u00a0 Seminer sonunda velilerin sorular\u0131n\u0131 yan\u0131tlayan psikoterapist Arif \u00dcnal; ana babalar\u0131n birlikte \u00e7ocu\u011fun ya\u015f\u0131na uygun kurallar koymalar\u0131n\u0131 ve uygulamalar\u0131n\u0131 istedi. \u201c\u00c7ocuklar\u0131n ev i\u015flerine yard\u0131m etmeleri, sorumluluk \u00fcstlenmeleri gerekir.\u00a0 Onlar\u0131n \u00f6m\u00fcr boyu bize ba\u011f\u0131ml\u0131 olmalar\u0131 yerine, ba\u011f\u0131ms\u0131z d\u00fc\u015f\u00fcnmelerini ve davranmalar\u0131n\u0131 te\u015fvik etmeliyiz.\u201d dedi.<\/p>\n<p class=\"x_MsoNormal\"><i>\u00a0\u00a0 Kuzey Ren Vestfalya Veli Dernekleri Ba\u015fkan Yard\u0131mc\u0131s\u0131 Milazim Ko\u00e7t\u00fcrk: seminerlere uzman ki\u015fileri \u00e7a\u011f\u0131rarak yurtd\u0131\u015f\u0131nda ya\u015fayan vatanda\u015flar\u0131m\u0131za k\u00fclt\u00fcrel ve toplumsal ya\u015fam\u0131n farkl\u0131 alanlar\u0131nda e\u011fitim deste\u011fi vermeyi ama\u00e7lad\u0131klar\u0131n\u0131 belirtti.<\/i><\/p>\n<p class=\"x_MsoNormal\"><i>\u00a0\u00a0 Ruhr Veliler Birli\u011f\u0130 Ba\u015fkan Yard\u0131mc\u0131s\u0131 Fatime Okuyucu, alt\u0131\u015far saat s\u00fcreyle yap\u0131lan seminerlerin sekiz defa yap\u0131laca\u011f\u0131n\u0131, seminer sonunda kat\u0131l\u0131mc\u0131lara \u201cVeli Dan\u0131\u015fman\u0131 Sertifikas\u0131\u201d vereceklerini s\u00f6yledi.<\/i><\/p>\n<p class=\"x_MsoNormal\">Kat\u0131lmak isteyen anne babalar\u00a0<u>e-mail:\u00a0<a href=\"mailto:elternverband.ruhr@gmx.de\" target=\"_blank\" rel=\"noopener noreferrer\" data-auth=\"NotApplicable\" data-linkindex=\"0\">elternverband.ruhr@gmx.de<\/a><\/u>\u00a0adresine ba\u015fvurabilirler.<\/p>\n<p class=\"x_MsoNormal\"><img loading=\"lazy\" decoding=\"async\" class=\"alignnone size-medium wp-image-19255\" src=\"https:\/\/avrupapress.com\/main\/wp-content\/uploads\/2022\/06\/thumbnail_FB_IMG_1654543135917-244x300.jpg\" alt=\"\" width=\"244\" height=\"300\" srcset=\"https:\/\/avrupapress.com\/main\/wp-content\/uploads\/2022\/06\/thumbnail_FB_IMG_1654543135917-244x300.jpg 244w, https:\/\/avrupapress.com\/main\/wp-content\/uploads\/2022\/06\/thumbnail_FB_IMG_1654543135917.jpg 390w\" sizes=\"auto, (max-width: 244px) 100vw, 244px\" \/><\/p>\n<p><img loading=\"lazy\" decoding=\"async\" class=\"alignnone size-medium wp-image-19256\" src=\"https:\/\/avrupapress.com\/main\/wp-content\/uploads\/2022\/06\/IMG-20220607-WA0011-300x158.jpg\" alt=\"\" width=\"300\" height=\"158\" srcset=\"https:\/\/avrupapress.com\/main\/wp-content\/uploads\/2022\/06\/IMG-20220607-WA0011-300x158.jpg 300w, https:\/\/avrupapress.com\/main\/wp-content\/uploads\/2022\/06\/IMG-20220607-WA0011-1024x538.jpg 1024w, https:\/\/avrupapress.com\/main\/wp-content\/uploads\/2022\/06\/IMG-20220607-WA0011-768x403.jpg 768w, https:\/\/avrupapress.com\/main\/wp-content\/uploads\/2022\/06\/IMG-20220607-WA0011-1536x806.jpg 1536w, https:\/\/avrupapress.com\/main\/wp-content\/uploads\/2022\/06\/IMG-20220607-WA0011.jpg 1600w\" sizes=\"auto, (max-width: 300px) 100vw, 300px\" \/><\/p>\n<p><img loading=\"lazy\" decoding=\"async\" class=\"alignnone size-medium wp-image-19257\" src=\"https:\/\/avrupapress.com\/main\/wp-content\/uploads\/2022\/06\/IMG-20220607-WA0016-300x198.jpg\" alt=\"\" width=\"300\" height=\"198\" srcset=\"https:\/\/avrupapress.com\/main\/wp-content\/uploads\/2022\/06\/IMG-20220607-WA0016-300x198.jpg 300w, https:\/\/avrupapress.com\/main\/wp-content\/uploads\/2022\/06\/IMG-20220607-WA0016-1024x677.jpg 1024w, https:\/\/avrupapress.com\/main\/wp-content\/uploads\/2022\/06\/IMG-20220607-WA0016-768x508.jpg 768w, https:\/\/avrupapress.com\/main\/wp-content\/uploads\/2022\/06\/IMG-20220607-WA0016-1536x1016.jpg 1536w, https:\/\/avrupapress.com\/main\/wp-content\/uploads\/2022\/06\/IMG-20220607-WA0016.jpg 1600w\" sizes=\"auto, (max-width: 300px) 100vw, 300px\" \/><\/p>\n<p><strong>Bahattin Gemici\u00a0 \/\u00a0 AVRUPAPRESS<\/strong><\/p>\n","protected":false},"excerpt":{"rendered":"<p>A\u0130LE TERAP\u0130ST\u0130 AR\u0130F \u00dcNAL VEL\u0130LERE SESLEND\u0130: \u00c7OCU\u011eUMUZUN NASIL OLMASINI \u0130ST\u0130YORSAK \u00d6YLE DAVRANMALIYIZ KRV Eyaleti \u00f6nceki milletvekili, psikoterapist Arif \u00dcnal, Veli Akademisi\u2019nde\u00a0 yapt\u0131\u011f\u0131 konu\u015fmada;\u00a0\u201cE\u011fitimin temel kural\u0131 \u00e7ocu\u011fu sevmek ve ona \u00f6rnek olmakt\u0131r.\u201d\u00a0dedi. Ruhr Veliler Birli\u011fi Ba\u015fkan\u0131 Dr. Ali Sak, dernek b\u00fcnyesinde olu\u015fturduklar\u0131 Veli Akademisi ile velileri bilin\u00e7lendirmek, \u00e7ocuklar\u0131n ve gen\u00e7lerin okul ba\u015far\u0131lar\u0131n\u0131 art\u0131rmak istediklerini s\u00f6yledi \u00a0\u00a0 [&hellip;]<\/p>\n","protected":false},"author":3,"featured_media":19257,"comment_status":"closed","ping_status":"open","sticky":false,"template":"","format":"standard","meta":{"footnotes":""},"categories":[14,16,3,18,19,2],"tags":[],"class_list":["post-19254","post","type-post","status-publish","format-standard","has-post-thumbnail","hentry","category-avrupa","category-belcika","category-dunya","category-kultur-sanat","category-tanitim","category-turkiye"],"yoast_head":"<!-- This site is optimized with the Yoast SEO plugin v26.9 - https:\/\/yoast.com\/product\/yoast-seo-wordpress\/ -->\n<title>HABER- \u00c7OCU\u011eUMUZUN BA\u015eARISI \u0130\u00c7\u0130N- Bahattin Gemici - AvrupaPress<\/title>\n<meta name=\"robots\" content=\"index, follow, max-snippet:-1, max-image-preview:large, max-video-preview:-1\" \/>\n<link rel=\"canonical\" href=\"https:\/\/avrupapress.com\/main\/2022\/06\/10\/haber-cocugumuzun-basarisi-icin-bahattin-gemici\/\" \/>\n<meta property=\"og:locale\" content=\"fr_FR\" \/>\n<meta property=\"og:type\" content=\"article\" \/>\n<meta property=\"og:title\" content=\"HABER- \u00c7OCU\u011eUMUZUN BA\u015eARISI \u0130\u00c7\u0130N- Bahattin Gemici - AvrupaPress\" \/>\n<meta property=\"og:description\" content=\"A\u0130LE TERAP\u0130ST\u0130 AR\u0130F \u00dcNAL VEL\u0130LERE SESLEND\u0130: \u00c7OCU\u011eUMUZUN NASIL OLMASINI \u0130ST\u0130YORSAK \u00d6YLE DAVRANMALIYIZ KRV Eyaleti \u00f6nceki milletvekili, psikoterapist Arif \u00dcnal, Veli Akademisi\u2019nde\u00a0 yapt\u0131\u011f\u0131 konu\u015fmada;\u00a0\u201cE\u011fitimin temel kural\u0131 \u00e7ocu\u011fu sevmek ve ona \u00f6rnek olmakt\u0131r.\u201d\u00a0dedi. Ruhr Veliler Birli\u011fi Ba\u015fkan\u0131 Dr. Ali Sak, dernek b\u00fcnyesinde olu\u015fturduklar\u0131 Veli Akademisi ile velileri bilin\u00e7lendirmek, \u00e7ocuklar\u0131n ve gen\u00e7lerin okul ba\u015far\u0131lar\u0131n\u0131 art\u0131rmak istediklerini s\u00f6yledi \u00a0\u00a0 [&hellip;]\" \/>\n<meta property=\"og:url\" content=\"https:\/\/avrupapress.com\/main\/2022\/06\/10\/haber-cocugumuzun-basarisi-icin-bahattin-gemici\/\" \/>\n<meta property=\"og:site_name\" content=\"AvrupaPress\" \/>\n<meta property=\"article:published_time\" content=\"2022-06-10T23:07:15+00:00\" \/>\n<meta property=\"article:modified_time\" content=\"2022-06-10T23:07:41+00:00\" \/>\n<meta property=\"og:image\" content=\"https:\/\/avrupapress.com\/main\/wp-content\/uploads\/2022\/06\/IMG-20220607-WA0016.jpg\" \/>\n\t<meta property=\"og:image:width\" content=\"1600\" \/>\n\t<meta property=\"og:image:height\" content=\"1058\" \/>\n\t<meta property=\"og:image:type\" content=\"image\/jpeg\" \/>\n<meta name=\"author\" content=\"Edit\u00f6r\" \/>\n<meta name=\"twitter:card\" content=\"summary_large_image\" \/>\n<meta name=\"twitter:label1\" content=\"\u00c9crit par\" \/>\n\t<meta name=\"twitter:data1\" content=\"Edit\u00f6r\" \/>\n\t<meta name=\"twitter:label2\" content=\"Dur\u00e9e de lecture est.\" \/>\n\t<meta name=\"twitter:data2\" content=\"4 minutes\" \/>\n<script type=\"application\/ld+json\" class=\"yoast-schema-graph\">{\"@context\":\"https:\/\/schema.org\",\"@graph\":[{\"@type\":\"Article\",\"@id\":\"https:\/\/avrupapress.com\/main\/2022\/06\/10\/haber-cocugumuzun-basarisi-icin-bahattin-gemici\/#article\",\"isPartOf\":{\"@id\":\"https:\/\/avrupapress.com\/main\/2022\/06\/10\/haber-cocugumuzun-basarisi-icin-bahattin-gemici\/\"},\"author\":{\"name\":\"Edit\u00f6r\",\"@id\":\"https:\/\/avrupapress.com\/#\/schema\/person\/68428444ec60970d1e1b700cf4ca1e8f\"},\"headline\":\"HABER- \u00c7OCU\u011eUMUZUN BA\u015eARISI \u0130\u00c7\u0130N- Bahattin Gemici\",\"datePublished\":\"2022-06-10T23:07:15+00:00\",\"dateModified\":\"2022-06-10T23:07:41+00:00\",\"mainEntityOfPage\":{\"@id\":\"https:\/\/avrupapress.com\/main\/2022\/06\/10\/haber-cocugumuzun-basarisi-icin-bahattin-gemici\/\"},\"wordCount\":622,\"publisher\":{\"@id\":\"https:\/\/avrupapress.com\/#\/schema\/person\/0223dca19c72c43575bf30d1a2d8f4fa\"},\"image\":{\"@id\":\"https:\/\/avrupapress.com\/main\/2022\/06\/10\/haber-cocugumuzun-basarisi-icin-bahattin-gemici\/#primaryimage\"},\"thumbnailUrl\":\"https:\/\/avrupapress.com\/main\/wp-content\/uploads\/2022\/06\/IMG-20220607-WA0016.jpg\",\"articleSection\":[\"Avrupa\",\"Bel\u00e7ika\",\"D\u00fcnya\",\"K\u00fclt\u00fcr-Sanat\",\"Tan\u0131t\u0131m\",\"T\u00fcrkiye\"],\"inLanguage\":\"fr-BE\"},{\"@type\":\"WebPage\",\"@id\":\"https:\/\/avrupapress.com\/main\/2022\/06\/10\/haber-cocugumuzun-basarisi-icin-bahattin-gemici\/\",\"url\":\"https:\/\/avrupapress.com\/main\/2022\/06\/10\/haber-cocugumuzun-basarisi-icin-bahattin-gemici\/\",\"name\":\"HABER- \u00c7OCU\u011eUMUZUN BA\u015eARISI \u0130\u00c7\u0130N- Bahattin Gemici - AvrupaPress\",\"isPartOf\":{\"@id\":\"https:\/\/avrupapress.com\/#website\"},\"primaryImageOfPage\":{\"@id\":\"https:\/\/avrupapress.com\/main\/2022\/06\/10\/haber-cocugumuzun-basarisi-icin-bahattin-gemici\/#primaryimage\"},\"image\":{\"@id\":\"https:\/\/avrupapress.com\/main\/2022\/06\/10\/haber-cocugumuzun-basarisi-icin-bahattin-gemici\/#primaryimage\"},\"thumbnailUrl\":\"https:\/\/avrupapress.com\/main\/wp-content\/uploads\/2022\/06\/IMG-20220607-WA0016.jpg\",\"datePublished\":\"2022-06-10T23:07:15+00:00\",\"dateModified\":\"2022-06-10T23:07:41+00:00\",\"breadcrumb\":{\"@id\":\"https:\/\/avrupapress.com\/main\/2022\/06\/10\/haber-cocugumuzun-basarisi-icin-bahattin-gemici\/#breadcrumb\"},\"inLanguage\":\"fr-BE\",\"potentialAction\":[{\"@type\":\"ReadAction\",\"target\":[\"https:\/\/avrupapress.com\/main\/2022\/06\/10\/haber-cocugumuzun-basarisi-icin-bahattin-gemici\/\"]}]},{\"@type\":\"ImageObject\",\"inLanguage\":\"fr-BE\",\"@id\":\"https:\/\/avrupapress.com\/main\/2022\/06\/10\/haber-cocugumuzun-basarisi-icin-bahattin-gemici\/#primaryimage\",\"url\":\"https:\/\/avrupapress.com\/main\/wp-content\/uploads\/2022\/06\/IMG-20220607-WA0016.jpg\",\"contentUrl\":\"https:\/\/avrupapress.com\/main\/wp-content\/uploads\/2022\/06\/IMG-20220607-WA0016.jpg\",\"width\":1600,\"height\":1058},{\"@type\":\"BreadcrumbList\",\"@id\":\"https:\/\/avrupapress.com\/main\/2022\/06\/10\/haber-cocugumuzun-basarisi-icin-bahattin-gemici\/#breadcrumb\",\"itemListElement\":[{\"@type\":\"ListItem\",\"position\":1,\"name\":\"Anasayfa\",\"item\":\"https:\/\/avrupapress.com\/\"},{\"@type\":\"ListItem\",\"position\":2,\"name\":\"HABER- \u00c7OCU\u011eUMUZUN BA\u015eARISI \u0130\u00c7\u0130N- Bahattin Gemici\"}]},{\"@type\":\"WebSite\",\"@id\":\"https:\/\/avrupapress.com\/#website\",\"url\":\"https:\/\/avrupapress.com\/\",\"name\":\"AvrupaPress\",\"description\":\"Haberin Adresi\",\"publisher\":{\"@id\":\"https:\/\/avrupapress.com\/#\/schema\/person\/0223dca19c72c43575bf30d1a2d8f4fa\"},\"potentialAction\":[{\"@type\":\"SearchAction\",\"target\":{\"@type\":\"EntryPoint\",\"urlTemplate\":\"https:\/\/avrupapress.com\/?s={search_term_string}\"},\"query-input\":{\"@type\":\"PropertyValueSpecification\",\"valueRequired\":true,\"valueName\":\"search_term_string\"}}],\"inLanguage\":\"fr-BE\"},{\"@type\":[\"Person\",\"Organization\"],\"@id\":\"https:\/\/avrupapress.com\/#\/schema\/person\/0223dca19c72c43575bf30d1a2d8f4fa\",\"name\":\"Bilgin \u00d6z\u00e7ift\u00e7i\",\"image\":{\"@type\":\"ImageObject\",\"inLanguage\":\"fr-BE\",\"@id\":\"https:\/\/avrupapress.com\/#\/schema\/person\/image\/\",\"url\":\"https:\/\/secure.gravatar.com\/avatar\/0f23b280433a21e1ea7a0adcc46ed0ad16afe3ad8e630fd13d8a017dcbd54ef3?s=96&d=mm&r=g\",\"contentUrl\":\"https:\/\/secure.gravatar.com\/avatar\/0f23b280433a21e1ea7a0adcc46ed0ad16afe3ad8e630fd13d8a017dcbd54ef3?s=96&d=mm&r=g\",\"caption\":\"Bilgin \u00d6z\u00e7ift\u00e7i\"},\"logo\":{\"@id\":\"https:\/\/avrupapress.com\/#\/schema\/person\/image\/\"},\"description\":\"Ne ben, nede sen... Biz ancak \\\"biz\\\" olursak g\u00fc\u00e7l\u00fc olabiliriz\"},{\"@type\":\"Person\",\"@id\":\"https:\/\/avrupapress.com\/#\/schema\/person\/68428444ec60970d1e1b700cf4ca1e8f\",\"name\":\"Edit\u00f6r\",\"image\":{\"@type\":\"ImageObject\",\"inLanguage\":\"fr-BE\",\"@id\":\"https:\/\/avrupapress.com\/#\/schema\/person\/image\/\",\"url\":\"https:\/\/secure.gravatar.com\/avatar\/74996b0977aa5f1559ba9883776652508b229005c0d78fb2597897f0bd651c09?s=96&d=mm&r=g\",\"contentUrl\":\"https:\/\/secure.gravatar.com\/avatar\/74996b0977aa5f1559ba9883776652508b229005c0d78fb2597897f0bd651c09?s=96&d=mm&r=g\",\"caption\":\"Edit\u00f6r\"},\"sameAs\":[\"http:\/\/www.avrupapress.com\"],\"url\":\"https:\/\/avrupapress.com\/main\/author\/editor\/\"}]}<\/script>\n<!-- \/ Yoast SEO plugin. -->","yoast_head_json":{"title":"HABER- \u00c7OCU\u011eUMUZUN BA\u015eARISI \u0130\u00c7\u0130N- Bahattin Gemici - AvrupaPress","robots":{"index":"index","follow":"follow","max-snippet":"max-snippet:-1","max-image-preview":"max-image-preview:large","max-video-preview":"max-video-preview:-1"},"canonical":"https:\/\/avrupapress.com\/main\/2022\/06\/10\/haber-cocugumuzun-basarisi-icin-bahattin-gemici\/","og_locale":"fr_FR","og_type":"article","og_title":"HABER- \u00c7OCU\u011eUMUZUN BA\u015eARISI \u0130\u00c7\u0130N- Bahattin Gemici - AvrupaPress","og_description":"A\u0130LE TERAP\u0130ST\u0130 AR\u0130F \u00dcNAL VEL\u0130LERE SESLEND\u0130: \u00c7OCU\u011eUMUZUN NASIL OLMASINI \u0130ST\u0130YORSAK \u00d6YLE DAVRANMALIYIZ KRV Eyaleti \u00f6nceki milletvekili, psikoterapist Arif \u00dcnal, Veli Akademisi\u2019nde\u00a0 yapt\u0131\u011f\u0131 konu\u015fmada;\u00a0\u201cE\u011fitimin temel kural\u0131 \u00e7ocu\u011fu sevmek ve ona \u00f6rnek olmakt\u0131r.\u201d\u00a0dedi. Ruhr Veliler Birli\u011fi Ba\u015fkan\u0131 Dr. Ali Sak, dernek b\u00fcnyesinde olu\u015fturduklar\u0131 Veli Akademisi ile velileri bilin\u00e7lendirmek, \u00e7ocuklar\u0131n ve gen\u00e7lerin okul ba\u015far\u0131lar\u0131n\u0131 art\u0131rmak istediklerini s\u00f6yledi \u00a0\u00a0 [&hellip;]","og_url":"https:\/\/avrupapress.com\/main\/2022\/06\/10\/haber-cocugumuzun-basarisi-icin-bahattin-gemici\/","og_site_name":"AvrupaPress","article_published_time":"2022-06-10T23:07:15+00:00","article_modified_time":"2022-06-10T23:07:41+00:00","og_image":[{"width":1600,"height":1058,"url":"https:\/\/avrupapress.com\/main\/wp-content\/uploads\/2022\/06\/IMG-20220607-WA0016.jpg","type":"image\/jpeg"}],"author":"Edit\u00f6r","twitter_card":"summary_large_image","twitter_misc":{"\u00c9crit par":"Edit\u00f6r","Dur\u00e9e de lecture est.":"4 minutes"},"schema":{"@context":"https:\/\/schema.org","@graph":[{"@type":"Article","@id":"https:\/\/avrupapress.com\/main\/2022\/06\/10\/haber-cocugumuzun-basarisi-icin-bahattin-gemici\/#article","isPartOf":{"@id":"https:\/\/avrupapress.com\/main\/2022\/06\/10\/haber-cocugumuzun-basarisi-icin-bahattin-gemici\/"},"author":{"name":"Edit\u00f6r","@id":"https:\/\/avrupapress.com\/#\/schema\/person\/68428444ec60970d1e1b700cf4ca1e8f"},"headline":"HABER- \u00c7OCU\u011eUMUZUN BA\u015eARISI \u0130\u00c7\u0130N- Bahattin Gemici","datePublished":"2022-06-10T23:07:15+00:00","dateModified":"2022-06-10T23:07:41+00:00","mainEntityOfPage":{"@id":"https:\/\/avrupapress.com\/main\/2022\/06\/10\/haber-cocugumuzun-basarisi-icin-bahattin-gemici\/"},"wordCount":622,"publisher":{"@id":"https:\/\/avrupapress.com\/#\/schema\/person\/0223dca19c72c43575bf30d1a2d8f4fa"},"image":{"@id":"https:\/\/avrupapress.com\/main\/2022\/06\/10\/haber-cocugumuzun-basarisi-icin-bahattin-gemici\/#primaryimage"},"thumbnailUrl":"https:\/\/avrupapress.com\/main\/wp-content\/uploads\/2022\/06\/IMG-20220607-WA0016.jpg","articleSection":["Avrupa","Bel\u00e7ika","D\u00fcnya","K\u00fclt\u00fcr-Sanat","Tan\u0131t\u0131m","T\u00fcrkiye"],"inLanguage":"fr-BE"},{"@type":"WebPage","@id":"https:\/\/avrupapress.com\/main\/2022\/06\/10\/haber-cocugumuzun-basarisi-icin-bahattin-gemici\/","url":"https:\/\/avrupapress.com\/main\/2022\/06\/10\/haber-cocugumuzun-basarisi-icin-bahattin-gemici\/","name":"HABER- \u00c7OCU\u011eUMUZUN BA\u015eARISI \u0130\u00c7\u0130N- Bahattin Gemici - AvrupaPress","isPartOf":{"@id":"https:\/\/avrupapress.com\/#website"},"primaryImageOfPage":{"@id":"https:\/\/avrupapress.com\/main\/2022\/06\/10\/haber-cocugumuzun-basarisi-icin-bahattin-gemici\/#primaryimage"},"image":{"@id":"https:\/\/avrupapress.com\/main\/2022\/06\/10\/haber-cocugumuzun-basarisi-icin-bahattin-gemici\/#primaryimage"},"thumbnailUrl":"https:\/\/avrupapress.com\/main\/wp-content\/uploads\/2022\/06\/IMG-20220607-WA0016.jpg","datePublished":"2022-06-10T23:07:15+00:00","dateModified":"2022-06-10T23:07:41+00:00","breadcrumb":{"@id":"https:\/\/avrupapress.com\/main\/2022\/06\/10\/haber-cocugumuzun-basarisi-icin-bahattin-gemici\/#breadcrumb"},"inLanguage":"fr-BE","potentialAction":[{"@type":"ReadAction","target":["https:\/\/avrupapress.com\/main\/2022\/06\/10\/haber-cocugumuzun-basarisi-icin-bahattin-gemici\/"]}]},{"@type":"ImageObject","inLanguage":"fr-BE","@id":"https:\/\/avrupapress.com\/main\/2022\/06\/10\/haber-cocugumuzun-basarisi-icin-bahattin-gemici\/#primaryimage","url":"https:\/\/avrupapress.com\/main\/wp-content\/uploads\/2022\/06\/IMG-20220607-WA0016.jpg","contentUrl":"https:\/\/avrupapress.com\/main\/wp-content\/uploads\/2022\/06\/IMG-20220607-WA0016.jpg","width":1600,"height":1058},{"@type":"BreadcrumbList","@id":"https:\/\/avrupapress.com\/main\/2022\/06\/10\/haber-cocugumuzun-basarisi-icin-bahattin-gemici\/#breadcrumb","itemListElement":[{"@type":"ListItem","position":1,"name":"Anasayfa","item":"https:\/\/avrupapress.com\/"},{"@type":"ListItem","position":2,"name":"HABER- \u00c7OCU\u011eUMUZUN BA\u015eARISI \u0130\u00c7\u0130N- Bahattin Gemici"}]},{"@type":"WebSite","@id":"https:\/\/avrupapress.com\/#website","url":"https:\/\/avrupapress.com\/","name":"AvrupaPress","description":"Haberin Adresi","publisher":{"@id":"https:\/\/avrupapress.com\/#\/schema\/person\/0223dca19c72c43575bf30d1a2d8f4fa"},"potentialAction":[{"@type":"SearchAction","target":{"@type":"EntryPoint","urlTemplate":"https:\/\/avrupapress.com\/?s={search_term_string}"},"query-input":{"@type":"PropertyValueSpecification","valueRequired":true,"valueName":"search_term_string"}}],"inLanguage":"fr-BE"},{"@type":["Person","Organization"],"@id":"https:\/\/avrupapress.com\/#\/schema\/person\/0223dca19c72c43575bf30d1a2d8f4fa","name":"Bilgin \u00d6z\u00e7ift\u00e7i","image":{"@type":"ImageObject","inLanguage":"fr-BE","@id":"https:\/\/avrupapress.com\/#\/schema\/person\/image\/","url":"https:\/\/secure.gravatar.com\/avatar\/0f23b280433a21e1ea7a0adcc46ed0ad16afe3ad8e630fd13d8a017dcbd54ef3?s=96&d=mm&r=g","contentUrl":"https:\/\/secure.gravatar.com\/avatar\/0f23b280433a21e1ea7a0adcc46ed0ad16afe3ad8e630fd13d8a017dcbd54ef3?s=96&d=mm&r=g","caption":"Bilgin \u00d6z\u00e7ift\u00e7i"},"logo":{"@id":"https:\/\/avrupapress.com\/#\/schema\/person\/image\/"},"description":"Ne ben, nede sen... Biz ancak \"biz\" olursak g\u00fc\u00e7l\u00fc olabiliriz"},{"@type":"Person","@id":"https:\/\/avrupapress.com\/#\/schema\/person\/68428444ec60970d1e1b700cf4ca1e8f","name":"Edit\u00f6r","image":{"@type":"ImageObject","inLanguage":"fr-BE","@id":"https:\/\/avrupapress.com\/#\/schema\/person\/image\/","url":"https:\/\/secure.gravatar.com\/avatar\/74996b0977aa5f1559ba9883776652508b229005c0d78fb2597897f0bd651c09?s=96&d=mm&r=g","contentUrl":"https:\/\/secure.gravatar.com\/avatar\/74996b0977aa5f1559ba9883776652508b229005c0d78fb2597897f0bd651c09?s=96&d=mm&r=g","caption":"Edit\u00f6r"},"sameAs":["http:\/\/www.avrupapress.com"],"url":"https:\/\/avrupapress.com\/main\/author\/editor\/"}]}},"_links":{"self":[{"href":"https:\/\/avrupapress.com\/main\/wp-json\/wp\/v2\/posts\/19254","targetHints":{"allow":["GET"]}}],"collection":[{"href":"https:\/\/avrupapress.com\/main\/wp-json\/wp\/v2\/posts"}],"about":[{"href":"https:\/\/avrupapress.com\/main\/wp-json\/wp\/v2\/types\/post"}],"author":[{"embeddable":true,"href":"https:\/\/avrupapress.com\/main\/wp-json\/wp\/v2\/users\/3"}],"replies":[{"embeddable":true,"href":"https:\/\/avrupapress.com\/main\/wp-json\/wp\/v2\/comments?post=19254"}],"version-history":[{"count":2,"href":"https:\/\/avrupapress.com\/main\/wp-json\/wp\/v2\/posts\/19254\/revisions"}],"predecessor-version":[{"id":19259,"href":"https:\/\/avrupapress.com\/main\/wp-json\/wp\/v2\/posts\/19254\/revisions\/19259"}],"wp:featuredmedia":[{"embeddable":true,"href":"https:\/\/avrupapress.com\/main\/wp-json\/wp\/v2\/media\/19257"}],"wp:attachment":[{"href":"https:\/\/avrupapress.com\/main\/wp-json\/wp\/v2\/media?parent=19254"}],"wp:term":[{"taxonomy":"category","embeddable":true,"href":"https:\/\/avrupapress.com\/main\/wp-json\/wp\/v2\/categories?post=19254"},{"taxonomy":"post_tag","embeddable":true,"href":"https:\/\/avrupapress.com\/main\/wp-json\/wp\/v2\/tags?post=19254"}],"curies":[{"name":"wp","href":"https:\/\/api.w.org\/{rel}","templated":true}]}}