{"id":19249,"date":"2022-06-09T20:36:36","date_gmt":"2022-06-09T20:36:36","guid":{"rendered":"https:\/\/avrupapress.com\/main\/?p=19249"},"modified":"2022-06-09T20:36:47","modified_gmt":"2022-06-09T20:36:47","slug":"turkiye-ile-sirbistan-arasinda-kimlikle-seyahat-donemi-basliyor","status":"publish","type":"post","link":"https:\/\/avrupapress.com\/main\/2022\/06\/09\/turkiye-ile-sirbistan-arasinda-kimlikle-seyahat-donemi-basliyor\/","title":{"rendered":"T\u00fcrkiye ile S\u0131rbistan aras\u0131nda kimlikle seyahat d\u00f6nemi ba\u015fl\u0131yor"},"content":{"rendered":"<p><strong>S\u0131rbistan ile T\u00fcrkiye aras\u0131nda kimlikle ge\u00e7i\u015f uygulamas\u0131 ba\u015fl\u0131yor. S\u0131rp ve T\u00fcrk vatanda\u015flar\u0131 yap\u0131lan anla\u015fma kapsam\u0131nda her iki \u00fclkeye vizesiz, sadece kimlikle seyahat edebilecek.<\/strong><\/p>\n<p><span data-offset-key=\"7l09s-0-0\">S\u0131rbistan<\/span><span data-offset-key=\"7l09s-1-0\">\u00a0<\/span>h\u00fck\u00fcmeti, T\u00fcrkiye ile kimlikle ge\u00e7i\u015f uygulamas\u0131na ili\u015fkin karar\u0131 y\u00fcr\u00fcrl\u00fc\u011fe koydu.<\/p>\n<h3>V\u0130ZE \u015eARTI KALKTI<\/h3>\n<p>H\u00fck\u00fcmetten yap\u0131lan a\u00e7\u0131klamada, iki \u00fclke aras\u0131ndaki ili\u015fkilerin geli\u015fmesi ad\u0131na imzalanan antla\u015fma gere\u011fi bundan sonra T\u00fcrkiye ve S\u0131rbistan vatanda\u015flar\u0131n\u0131n bu \u00fclkelere kimlikle ge\u00e7ebilece\u011fi ifade edildi.<\/p>\n<h3>KAR\u015eILIKLI TUR\u0130ST ORANINI ARTIRACAK<\/h3>\n<p>Uygulaman\u0131n iki \u00fclke ekonomisine de katk\u0131 sa\u011flayaca\u011f\u0131na i\u015faret edilen a\u00e7\u0131klamada, kar\u015f\u0131l\u0131kl\u0131 turist oran\u0131n\u0131n artmas\u0131n\u0131n beklendi\u011fi kaydedildi.<\/p>\n","protected":false},"excerpt":{"rendered":"<p>S\u0131rbistan ile T\u00fcrkiye aras\u0131nda kimlikle ge\u00e7i\u015f uygulamas\u0131 ba\u015fl\u0131yor. S\u0131rp ve T\u00fcrk vatanda\u015flar\u0131 yap\u0131lan anla\u015fma kapsam\u0131nda her iki \u00fclkeye vizesiz, sadece kimlikle seyahat edebilecek. S\u0131rbistan\u00a0h\u00fck\u00fcmeti, T\u00fcrkiye ile kimlikle ge\u00e7i\u015f uygulamas\u0131na ili\u015fkin karar\u0131 y\u00fcr\u00fcrl\u00fc\u011fe koydu. V\u0130ZE \u015eARTI KALKTI H\u00fck\u00fcmetten yap\u0131lan a\u00e7\u0131klamada, iki \u00fclke aras\u0131ndaki ili\u015fkilerin geli\u015fmesi ad\u0131na imzalanan antla\u015fma gere\u011fi bundan sonra T\u00fcrkiye ve S\u0131rbistan vatanda\u015flar\u0131n\u0131n bu [&hellip;]<\/p>\n","protected":false},"author":3,"featured_media":19250,"comment_status":"closed","ping_status":"open","sticky":false,"template":"","format":"standard","meta":{"footnotes":""},"categories":[14,16,3,17,18,19,2],"tags":[],"class_list":["post-19249","post","type-post","status-publish","format-standard","has-post-thumbnail","hentry","category-avrupa","category-belcika","category-dunya","category-ekonomi","category-kultur-sanat","category-tanitim","category-turkiye"],"yoast_head":"<!-- This site is optimized with the Yoast SEO plugin v26.9 - https:\/\/yoast.com\/product\/yoast-seo-wordpress\/ -->\n<title>T\u00fcrkiye ile S\u0131rbistan aras\u0131nda kimlikle seyahat d\u00f6nemi ba\u015fl\u0131yor - AvrupaPress<\/title>\n<meta name=\"robots\" content=\"index, follow, max-snippet:-1, max-image-preview:large, max-video-preview:-1\" \/>\n<link rel=\"canonical\" href=\"https:\/\/avrupapress.com\/main\/2022\/06\/09\/turkiye-ile-sirbistan-arasinda-kimlikle-seyahat-donemi-basliyor\/\" \/>\n<meta property=\"og:locale\" content=\"fr_FR\" \/>\n<meta property=\"og:type\" content=\"article\" \/>\n<meta property=\"og:title\" content=\"T\u00fcrkiye ile S\u0131rbistan aras\u0131nda kimlikle seyahat d\u00f6nemi ba\u015fl\u0131yor - AvrupaPress\" \/>\n<meta property=\"og:description\" content=\"S\u0131rbistan ile T\u00fcrkiye aras\u0131nda kimlikle ge\u00e7i\u015f uygulamas\u0131 ba\u015fl\u0131yor. S\u0131rp ve T\u00fcrk vatanda\u015flar\u0131 yap\u0131lan anla\u015fma kapsam\u0131nda her iki \u00fclkeye vizesiz, sadece kimlikle seyahat edebilecek. S\u0131rbistan\u00a0h\u00fck\u00fcmeti, T\u00fcrkiye ile kimlikle ge\u00e7i\u015f uygulamas\u0131na ili\u015fkin karar\u0131 y\u00fcr\u00fcrl\u00fc\u011fe koydu. V\u0130ZE \u015eARTI KALKTI H\u00fck\u00fcmetten yap\u0131lan a\u00e7\u0131klamada, iki \u00fclke aras\u0131ndaki ili\u015fkilerin geli\u015fmesi ad\u0131na imzalanan antla\u015fma gere\u011fi bundan sonra T\u00fcrkiye ve S\u0131rbistan vatanda\u015flar\u0131n\u0131n bu [&hellip;]\" \/>\n<meta property=\"og:url\" content=\"https:\/\/avrupapress.com\/main\/2022\/06\/09\/turkiye-ile-sirbistan-arasinda-kimlikle-seyahat-donemi-basliyor\/\" \/>\n<meta property=\"og:site_name\" content=\"AvrupaPress\" \/>\n<meta property=\"article:published_time\" content=\"2022-06-09T20:36:36+00:00\" \/>\n<meta property=\"article:modified_time\" content=\"2022-06-09T20:36:47+00:00\" \/>\n<meta property=\"og:image\" content=\"https:\/\/avrupapress.com\/main\/wp-content\/uploads\/2022\/06\/09062022232343_1538966_23_23-1.jpg\" \/>\n\t<meta property=\"og:image:width\" content=\"850\" \/>\n\t<meta property=\"og:image:height\" content=\"560\" \/>\n\t<meta property=\"og:image:type\" content=\"image\/jpeg\" \/>\n<meta name=\"author\" content=\"Edit\u00f6r\" \/>\n<meta name=\"twitter:card\" content=\"summary_large_image\" \/>\n<meta name=\"twitter:label1\" content=\"\u00c9crit par\" \/>\n\t<meta name=\"twitter:data1\" content=\"Edit\u00f6r\" \/>\n\t<meta name=\"twitter:label2\" content=\"Dur\u00e9e de lecture est.\" \/>\n\t<meta name=\"twitter:data2\" content=\"1 minute\" \/>\n<script type=\"application\/ld+json\" class=\"yoast-schema-graph\">{\"@context\":\"https:\/\/schema.org\",\"@graph\":[{\"@type\":\"Article\",\"@id\":\"https:\/\/avrupapress.com\/main\/2022\/06\/09\/turkiye-ile-sirbistan-arasinda-kimlikle-seyahat-donemi-basliyor\/#article\",\"isPartOf\":{\"@id\":\"https:\/\/avrupapress.com\/main\/2022\/06\/09\/turkiye-ile-sirbistan-arasinda-kimlikle-seyahat-donemi-basliyor\/\"},\"author\":{\"name\":\"Edit\u00f6r\",\"@id\":\"https:\/\/avrupapress.com\/#\/schema\/person\/68428444ec60970d1e1b700cf4ca1e8f\"},\"headline\":\"T\u00fcrkiye ile S\u0131rbistan aras\u0131nda kimlikle seyahat d\u00f6nemi ba\u015fl\u0131yor\",\"datePublished\":\"2022-06-09T20:36:36+00:00\",\"dateModified\":\"2022-06-09T20:36:47+00:00\",\"mainEntityOfPage\":{\"@id\":\"https:\/\/avrupapress.com\/main\/2022\/06\/09\/turkiye-ile-sirbistan-arasinda-kimlikle-seyahat-donemi-basliyor\/\"},\"wordCount\":149,\"publisher\":{\"@id\":\"https:\/\/avrupapress.com\/#\/schema\/person\/0223dca19c72c43575bf30d1a2d8f4fa\"},\"image\":{\"@id\":\"https:\/\/avrupapress.com\/main\/2022\/06\/09\/turkiye-ile-sirbistan-arasinda-kimlikle-seyahat-donemi-basliyor\/#primaryimage\"},\"thumbnailUrl\":\"https:\/\/avrupapress.com\/main\/wp-content\/uploads\/2022\/06\/09062022232343_1538966_23_23-1.jpg\",\"articleSection\":[\"Avrupa\",\"Bel\u00e7ika\",\"D\u00fcnya\",\"Ekonomi\",\"K\u00fclt\u00fcr-Sanat\",\"Tan\u0131t\u0131m\",\"T\u00fcrkiye\"],\"inLanguage\":\"fr-BE\"},{\"@type\":\"WebPage\",\"@id\":\"https:\/\/avrupapress.com\/main\/2022\/06\/09\/turkiye-ile-sirbistan-arasinda-kimlikle-seyahat-donemi-basliyor\/\",\"url\":\"https:\/\/avrupapress.com\/main\/2022\/06\/09\/turkiye-ile-sirbistan-arasinda-kimlikle-seyahat-donemi-basliyor\/\",\"name\":\"T\u00fcrkiye ile S\u0131rbistan aras\u0131nda kimlikle seyahat d\u00f6nemi ba\u015fl\u0131yor - AvrupaPress\",\"isPartOf\":{\"@id\":\"https:\/\/avrupapress.com\/#website\"},\"primaryImageOfPage\":{\"@id\":\"https:\/\/avrupapress.com\/main\/2022\/06\/09\/turkiye-ile-sirbistan-arasinda-kimlikle-seyahat-donemi-basliyor\/#primaryimage\"},\"image\":{\"@id\":\"https:\/\/avrupapress.com\/main\/2022\/06\/09\/turkiye-ile-sirbistan-arasinda-kimlikle-seyahat-donemi-basliyor\/#primaryimage\"},\"thumbnailUrl\":\"https:\/\/avrupapress.com\/main\/wp-content\/uploads\/2022\/06\/09062022232343_1538966_23_23-1.jpg\",\"datePublished\":\"2022-06-09T20:36:36+00:00\",\"dateModified\":\"2022-06-09T20:36:47+00:00\",\"breadcrumb\":{\"@id\":\"https:\/\/avrupapress.com\/main\/2022\/06\/09\/turkiye-ile-sirbistan-arasinda-kimlikle-seyahat-donemi-basliyor\/#breadcrumb\"},\"inLanguage\":\"fr-BE\",\"potentialAction\":[{\"@type\":\"ReadAction\",\"target\":[\"https:\/\/avrupapress.com\/main\/2022\/06\/09\/turkiye-ile-sirbistan-arasinda-kimlikle-seyahat-donemi-basliyor\/\"]}]},{\"@type\":\"ImageObject\",\"inLanguage\":\"fr-BE\",\"@id\":\"https:\/\/avrupapress.com\/main\/2022\/06\/09\/turkiye-ile-sirbistan-arasinda-kimlikle-seyahat-donemi-basliyor\/#primaryimage\",\"url\":\"https:\/\/avrupapress.com\/main\/wp-content\/uploads\/2022\/06\/09062022232343_1538966_23_23-1.jpg\",\"contentUrl\":\"https:\/\/avrupapress.com\/main\/wp-content\/uploads\/2022\/06\/09062022232343_1538966_23_23-1.jpg\",\"width\":850,\"height\":560},{\"@type\":\"BreadcrumbList\",\"@id\":\"https:\/\/avrupapress.com\/main\/2022\/06\/09\/turkiye-ile-sirbistan-arasinda-kimlikle-seyahat-donemi-basliyor\/#breadcrumb\",\"itemListElement\":[{\"@type\":\"ListItem\",\"position\":1,\"name\":\"Anasayfa\",\"item\":\"https:\/\/avrupapress.com\/\"},{\"@type\":\"ListItem\",\"position\":2,\"name\":\"T\u00fcrkiye ile S\u0131rbistan aras\u0131nda kimlikle seyahat d\u00f6nemi ba\u015fl\u0131yor\"}]},{\"@type\":\"WebSite\",\"@id\":\"https:\/\/avrupapress.com\/#website\",\"url\":\"https:\/\/avrupapress.com\/\",\"name\":\"AvrupaPress\",\"description\":\"Haberin Adresi\",\"publisher\":{\"@id\":\"https:\/\/avrupapress.com\/#\/schema\/person\/0223dca19c72c43575bf30d1a2d8f4fa\"},\"potentialAction\":[{\"@type\":\"SearchAction\",\"target\":{\"@type\":\"EntryPoint\",\"urlTemplate\":\"https:\/\/avrupapress.com\/?s={search_term_string}\"},\"query-input\":{\"@type\":\"PropertyValueSpecification\",\"valueRequired\":true,\"valueName\":\"search_term_string\"}}],\"inLanguage\":\"fr-BE\"},{\"@type\":[\"Person\",\"Organization\"],\"@id\":\"https:\/\/avrupapress.com\/#\/schema\/person\/0223dca19c72c43575bf30d1a2d8f4fa\",\"name\":\"Bilgin \u00d6z\u00e7ift\u00e7i\",\"image\":{\"@type\":\"ImageObject\",\"inLanguage\":\"fr-BE\",\"@id\":\"https:\/\/avrupapress.com\/#\/schema\/person\/image\/\",\"url\":\"https:\/\/secure.gravatar.com\/avatar\/0f23b280433a21e1ea7a0adcc46ed0ad16afe3ad8e630fd13d8a017dcbd54ef3?s=96&d=mm&r=g\",\"contentUrl\":\"https:\/\/secure.gravatar.com\/avatar\/0f23b280433a21e1ea7a0adcc46ed0ad16afe3ad8e630fd13d8a017dcbd54ef3?s=96&d=mm&r=g\",\"caption\":\"Bilgin \u00d6z\u00e7ift\u00e7i\"},\"logo\":{\"@id\":\"https:\/\/avrupapress.com\/#\/schema\/person\/image\/\"},\"description\":\"Ne ben, nede sen... Biz ancak \\\"biz\\\" olursak g\u00fc\u00e7l\u00fc olabiliriz\"},{\"@type\":\"Person\",\"@id\":\"https:\/\/avrupapress.com\/#\/schema\/person\/68428444ec60970d1e1b700cf4ca1e8f\",\"name\":\"Edit\u00f6r\",\"image\":{\"@type\":\"ImageObject\",\"inLanguage\":\"fr-BE\",\"@id\":\"https:\/\/avrupapress.com\/#\/schema\/person\/image\/\",\"url\":\"https:\/\/secure.gravatar.com\/avatar\/74996b0977aa5f1559ba9883776652508b229005c0d78fb2597897f0bd651c09?s=96&d=mm&r=g\",\"contentUrl\":\"https:\/\/secure.gravatar.com\/avatar\/74996b0977aa5f1559ba9883776652508b229005c0d78fb2597897f0bd651c09?s=96&d=mm&r=g\",\"caption\":\"Edit\u00f6r\"},\"sameAs\":[\"http:\/\/www.avrupapress.com\"],\"url\":\"https:\/\/avrupapress.com\/main\/author\/editor\/\"}]}<\/script>\n<!-- \/ Yoast SEO plugin. -->","yoast_head_json":{"title":"T\u00fcrkiye ile S\u0131rbistan aras\u0131nda kimlikle seyahat d\u00f6nemi ba\u015fl\u0131yor - AvrupaPress","robots":{"index":"index","follow":"follow","max-snippet":"max-snippet:-1","max-image-preview":"max-image-preview:large","max-video-preview":"max-video-preview:-1"},"canonical":"https:\/\/avrupapress.com\/main\/2022\/06\/09\/turkiye-ile-sirbistan-arasinda-kimlikle-seyahat-donemi-basliyor\/","og_locale":"fr_FR","og_type":"article","og_title":"T\u00fcrkiye ile S\u0131rbistan aras\u0131nda kimlikle seyahat d\u00f6nemi ba\u015fl\u0131yor - AvrupaPress","og_description":"S\u0131rbistan ile T\u00fcrkiye aras\u0131nda kimlikle ge\u00e7i\u015f uygulamas\u0131 ba\u015fl\u0131yor. S\u0131rp ve T\u00fcrk vatanda\u015flar\u0131 yap\u0131lan anla\u015fma kapsam\u0131nda her iki \u00fclkeye vizesiz, sadece kimlikle seyahat edebilecek. S\u0131rbistan\u00a0h\u00fck\u00fcmeti, T\u00fcrkiye ile kimlikle ge\u00e7i\u015f uygulamas\u0131na ili\u015fkin karar\u0131 y\u00fcr\u00fcrl\u00fc\u011fe koydu. V\u0130ZE \u015eARTI KALKTI H\u00fck\u00fcmetten yap\u0131lan a\u00e7\u0131klamada, iki \u00fclke aras\u0131ndaki ili\u015fkilerin geli\u015fmesi ad\u0131na imzalanan antla\u015fma gere\u011fi bundan sonra T\u00fcrkiye ve S\u0131rbistan vatanda\u015flar\u0131n\u0131n bu [&hellip;]","og_url":"https:\/\/avrupapress.com\/main\/2022\/06\/09\/turkiye-ile-sirbistan-arasinda-kimlikle-seyahat-donemi-basliyor\/","og_site_name":"AvrupaPress","article_published_time":"2022-06-09T20:36:36+00:00","article_modified_time":"2022-06-09T20:36:47+00:00","og_image":[{"width":850,"height":560,"url":"https:\/\/avrupapress.com\/main\/wp-content\/uploads\/2022\/06\/09062022232343_1538966_23_23-1.jpg","type":"image\/jpeg"}],"author":"Edit\u00f6r","twitter_card":"summary_large_image","twitter_misc":{"\u00c9crit par":"Edit\u00f6r","Dur\u00e9e de lecture est.":"1 minute"},"schema":{"@context":"https:\/\/schema.org","@graph":[{"@type":"Article","@id":"https:\/\/avrupapress.com\/main\/2022\/06\/09\/turkiye-ile-sirbistan-arasinda-kimlikle-seyahat-donemi-basliyor\/#article","isPartOf":{"@id":"https:\/\/avrupapress.com\/main\/2022\/06\/09\/turkiye-ile-sirbistan-arasinda-kimlikle-seyahat-donemi-basliyor\/"},"author":{"name":"Edit\u00f6r","@id":"https:\/\/avrupapress.com\/#\/schema\/person\/68428444ec60970d1e1b700cf4ca1e8f"},"headline":"T\u00fcrkiye ile S\u0131rbistan aras\u0131nda kimlikle seyahat d\u00f6nemi ba\u015fl\u0131yor","datePublished":"2022-06-09T20:36:36+00:00","dateModified":"2022-06-09T20:36:47+00:00","mainEntityOfPage":{"@id":"https:\/\/avrupapress.com\/main\/2022\/06\/09\/turkiye-ile-sirbistan-arasinda-kimlikle-seyahat-donemi-basliyor\/"},"wordCount":149,"publisher":{"@id":"https:\/\/avrupapress.com\/#\/schema\/person\/0223dca19c72c43575bf30d1a2d8f4fa"},"image":{"@id":"https:\/\/avrupapress.com\/main\/2022\/06\/09\/turkiye-ile-sirbistan-arasinda-kimlikle-seyahat-donemi-basliyor\/#primaryimage"},"thumbnailUrl":"https:\/\/avrupapress.com\/main\/wp-content\/uploads\/2022\/06\/09062022232343_1538966_23_23-1.jpg","articleSection":["Avrupa","Bel\u00e7ika","D\u00fcnya","Ekonomi","K\u00fclt\u00fcr-Sanat","Tan\u0131t\u0131m","T\u00fcrkiye"],"inLanguage":"fr-BE"},{"@type":"WebPage","@id":"https:\/\/avrupapress.com\/main\/2022\/06\/09\/turkiye-ile-sirbistan-arasinda-kimlikle-seyahat-donemi-basliyor\/","url":"https:\/\/avrupapress.com\/main\/2022\/06\/09\/turkiye-ile-sirbistan-arasinda-kimlikle-seyahat-donemi-basliyor\/","name":"T\u00fcrkiye ile S\u0131rbistan aras\u0131nda kimlikle seyahat d\u00f6nemi ba\u015fl\u0131yor - AvrupaPress","isPartOf":{"@id":"https:\/\/avrupapress.com\/#website"},"primaryImageOfPage":{"@id":"https:\/\/avrupapress.com\/main\/2022\/06\/09\/turkiye-ile-sirbistan-arasinda-kimlikle-seyahat-donemi-basliyor\/#primaryimage"},"image":{"@id":"https:\/\/avrupapress.com\/main\/2022\/06\/09\/turkiye-ile-sirbistan-arasinda-kimlikle-seyahat-donemi-basliyor\/#primaryimage"},"thumbnailUrl":"https:\/\/avrupapress.com\/main\/wp-content\/uploads\/2022\/06\/09062022232343_1538966_23_23-1.jpg","datePublished":"2022-06-09T20:36:36+00:00","dateModified":"2022-06-09T20:36:47+00:00","breadcrumb":{"@id":"https:\/\/avrupapress.com\/main\/2022\/06\/09\/turkiye-ile-sirbistan-arasinda-kimlikle-seyahat-donemi-basliyor\/#breadcrumb"},"inLanguage":"fr-BE","potentialAction":[{"@type":"ReadAction","target":["https:\/\/avrupapress.com\/main\/2022\/06\/09\/turkiye-ile-sirbistan-arasinda-kimlikle-seyahat-donemi-basliyor\/"]}]},{"@type":"ImageObject","inLanguage":"fr-BE","@id":"https:\/\/avrupapress.com\/main\/2022\/06\/09\/turkiye-ile-sirbistan-arasinda-kimlikle-seyahat-donemi-basliyor\/#primaryimage","url":"https:\/\/avrupapress.com\/main\/wp-content\/uploads\/2022\/06\/09062022232343_1538966_23_23-1.jpg","contentUrl":"https:\/\/avrupapress.com\/main\/wp-content\/uploads\/2022\/06\/09062022232343_1538966_23_23-1.jpg","width":850,"height":560},{"@type":"BreadcrumbList","@id":"https:\/\/avrupapress.com\/main\/2022\/06\/09\/turkiye-ile-sirbistan-arasinda-kimlikle-seyahat-donemi-basliyor\/#breadcrumb","itemListElement":[{"@type":"ListItem","position":1,"name":"Anasayfa","item":"https:\/\/avrupapress.com\/"},{"@type":"ListItem","position":2,"name":"T\u00fcrkiye ile S\u0131rbistan aras\u0131nda kimlikle seyahat d\u00f6nemi ba\u015fl\u0131yor"}]},{"@type":"WebSite","@id":"https:\/\/avrupapress.com\/#website","url":"https:\/\/avrupapress.com\/","name":"AvrupaPress","description":"Haberin Adresi","publisher":{"@id":"https:\/\/avrupapress.com\/#\/schema\/person\/0223dca19c72c43575bf30d1a2d8f4fa"},"potentialAction":[{"@type":"SearchAction","target":{"@type":"EntryPoint","urlTemplate":"https:\/\/avrupapress.com\/?s={search_term_string}"},"query-input":{"@type":"PropertyValueSpecification","valueRequired":true,"valueName":"search_term_string"}}],"inLanguage":"fr-BE"},{"@type":["Person","Organization"],"@id":"https:\/\/avrupapress.com\/#\/schema\/person\/0223dca19c72c43575bf30d1a2d8f4fa","name":"Bilgin \u00d6z\u00e7ift\u00e7i","image":{"@type":"ImageObject","inLanguage":"fr-BE","@id":"https:\/\/avrupapress.com\/#\/schema\/person\/image\/","url":"https:\/\/secure.gravatar.com\/avatar\/0f23b280433a21e1ea7a0adcc46ed0ad16afe3ad8e630fd13d8a017dcbd54ef3?s=96&d=mm&r=g","contentUrl":"https:\/\/secure.gravatar.com\/avatar\/0f23b280433a21e1ea7a0adcc46ed0ad16afe3ad8e630fd13d8a017dcbd54ef3?s=96&d=mm&r=g","caption":"Bilgin \u00d6z\u00e7ift\u00e7i"},"logo":{"@id":"https:\/\/avrupapress.com\/#\/schema\/person\/image\/"},"description":"Ne ben, nede sen... Biz ancak \"biz\" olursak g\u00fc\u00e7l\u00fc olabiliriz"},{"@type":"Person","@id":"https:\/\/avrupapress.com\/#\/schema\/person\/68428444ec60970d1e1b700cf4ca1e8f","name":"Edit\u00f6r","image":{"@type":"ImageObject","inLanguage":"fr-BE","@id":"https:\/\/avrupapress.com\/#\/schema\/person\/image\/","url":"https:\/\/secure.gravatar.com\/avatar\/74996b0977aa5f1559ba9883776652508b229005c0d78fb2597897f0bd651c09?s=96&d=mm&r=g","contentUrl":"https:\/\/secure.gravatar.com\/avatar\/74996b0977aa5f1559ba9883776652508b229005c0d78fb2597897f0bd651c09?s=96&d=mm&r=g","caption":"Edit\u00f6r"},"sameAs":["http:\/\/www.avrupapress.com"],"url":"https:\/\/avrupapress.com\/main\/author\/editor\/"}]}},"_links":{"self":[{"href":"https:\/\/avrupapress.com\/main\/wp-json\/wp\/v2\/posts\/19249","targetHints":{"allow":["GET"]}}],"collection":[{"href":"https:\/\/avrupapress.com\/main\/wp-json\/wp\/v2\/posts"}],"about":[{"href":"https:\/\/avrupapress.com\/main\/wp-json\/wp\/v2\/types\/post"}],"author":[{"embeddable":true,"href":"https:\/\/avrupapress.com\/main\/wp-json\/wp\/v2\/users\/3"}],"replies":[{"embeddable":true,"href":"https:\/\/avrupapress.com\/main\/wp-json\/wp\/v2\/comments?post=19249"}],"version-history":[{"count":2,"href":"https:\/\/avrupapress.com\/main\/wp-json\/wp\/v2\/posts\/19249\/revisions"}],"predecessor-version":[{"id":19252,"href":"https:\/\/avrupapress.com\/main\/wp-json\/wp\/v2\/posts\/19249\/revisions\/19252"}],"wp:featuredmedia":[{"embeddable":true,"href":"https:\/\/avrupapress.com\/main\/wp-json\/wp\/v2\/media\/19250"}],"wp:attachment":[{"href":"https:\/\/avrupapress.com\/main\/wp-json\/wp\/v2\/media?parent=19249"}],"wp:term":[{"taxonomy":"category","embeddable":true,"href":"https:\/\/avrupapress.com\/main\/wp-json\/wp\/v2\/categories?post=19249"},{"taxonomy":"post_tag","embeddable":true,"href":"https:\/\/avrupapress.com\/main\/wp-json\/wp\/v2\/tags?post=19249"}],"curies":[{"name":"wp","href":"https:\/\/api.w.org\/{rel}","templated":true}]}}