{"id":19244,"date":"2022-06-09T20:19:56","date_gmt":"2022-06-09T20:19:56","guid":{"rendered":"https:\/\/avrupapress.com\/main\/?p=19244"},"modified":"2022-06-09T20:20:08","modified_gmt":"2022-06-09T20:20:08","slug":"akarbasi-turk-sanat-muzigi-korosu-bahar-konseri-duzenledi","status":"publish","type":"post","link":"https:\/\/avrupapress.com\/main\/2022\/06\/09\/akarbasi-turk-sanat-muzigi-korosu-bahar-konseri-duzenledi\/","title":{"rendered":"Akarba\u015f\u0131 T\u00fcrk Sanat M\u00fczi\u011fi Korosu \u2018Bahar Konseri\u2019 D\u00fczenledi"},"content":{"rendered":"<p class=\"x_MsoNormal\">HABER \/ FOTO\u011eRAF: ERTU\u011eRUL ALTINEL \u2013 B\u0130LG\u0130N \u00d6Z\u00c7\u0130FT\u00c7\u0130 \u2013 AVRUPA PRESS &#8211; BEL\u00c7\u0130KA<\/p>\n<p class=\"x_MsoNormal\">Akarba\u015f\u0131 T\u00fcrk Sanat M\u00fczi\u011fi Korosu; Eski\u015fehir Yunus Emre K\u00fclt\u00fcr Merkezi\u2019nde\u00a0 \u2018Bahar Konseri\u2019 d\u00fczenledi.<\/p>\n<p class=\"x_MsoNormal\">Akarba\u015f\u0131 Mahallesi Muhtar\u0131 Ali Sel\u00e7uk Y\u00fcceland, Koro \u015eefi Meltem B\u00fcy\u00fckcan ve Koro Ba\u015fkan\u0131 Erol Aycan\u2019\u0131n birlikte olu\u015fturduklar\u0131 ve Eski\u015fehir\u2019de bir ilk olan Akarba\u015f\u0131 T\u00fcrk Sanat M\u00fczi\u011fi Korosu; \u2018Bahar Konseri\u2019 d\u00fczenledi. Konserin sunuculu\u011funu Ye\u015fim Y\u00fcksel ba\u015far\u0131l\u0131 bir \u015fekilde y\u00fcr\u00fctt\u00fc. Eski\u015fehirli m\u00fczikseverlerin ve mahalle sakinlerinin yo\u011fun ilgi g\u00f6sterdikleri bu g\u00fczel ve ahenkli konser be\u011feni ve alk\u0131\u015f alarak izlendi. Konserde; Eski\u015fehir y\u00f6resinin ve \u00e7e\u015fitli y\u00f6relerden \u015fark\u0131lar korodaki sanat\u00e7\u0131lar taraf\u0131ndan seslendirildi.<\/p>\n<p class=\"x_MsoNormal\">Konsere; Odunpazar\u0131 Kaymakam\u0131 \u00d6mer Ulu, Odunpazar\u0131 Belediye Ba\u015fkan Yard\u0131mc\u0131s\u0131 Figen Engin, Sivil Toplum Kurulu\u015fu temsilcileri, Eski\u015fehir Gazi Meslek ve Teknik Anadolu Lisesi M\u00fcd\u00fcr\u00fc S\u0131rr\u0131 Kabaday\u0131, sanatseverler ve davetliler kat\u0131ld\u0131. Konser sonunda; Koroda eme\u011fi ge\u00e7enlere \u00e7i\u00e7ek buketi ve plaket takdim edildi.<\/p>\n<p><img loading=\"lazy\" decoding=\"async\" class=\"alignnone size-medium wp-image-19245\" src=\"https:\/\/avrupapress.com\/main\/wp-content\/uploads\/2022\/06\/thumbnail_1-300x300.jpg\" alt=\"\" width=\"300\" height=\"300\" srcset=\"https:\/\/avrupapress.com\/main\/wp-content\/uploads\/2022\/06\/thumbnail_1-300x300.jpg 300w, https:\/\/avrupapress.com\/main\/wp-content\/uploads\/2022\/06\/thumbnail_1-150x150.jpg 150w, https:\/\/avrupapress.com\/main\/wp-content\/uploads\/2022\/06\/thumbnail_1.jpg 517w\" sizes=\"auto, (max-width: 300px) 100vw, 300px\" \/><\/p>\n<p><img loading=\"lazy\" decoding=\"async\" class=\"alignnone size-medium wp-image-19246\" src=\"https:\/\/avrupapress.com\/main\/wp-content\/uploads\/2022\/06\/thumbnail_3-1-300x217.jpg\" alt=\"\" width=\"300\" height=\"217\" srcset=\"https:\/\/avrupapress.com\/main\/wp-content\/uploads\/2022\/06\/thumbnail_3-1-300x217.jpg 300w, https:\/\/avrupapress.com\/main\/wp-content\/uploads\/2022\/06\/thumbnail_3-1-768x555.jpg 768w, https:\/\/avrupapress.com\/main\/wp-content\/uploads\/2022\/06\/thumbnail_3-1.jpg 860w\" sizes=\"auto, (max-width: 300px) 100vw, 300px\" \/><\/p>\n<p><img loading=\"lazy\" decoding=\"async\" class=\"alignnone size-medium wp-image-19247\" src=\"https:\/\/avrupapress.com\/main\/wp-content\/uploads\/2022\/06\/thumbnail_5-300x225.jpg\" alt=\"\" width=\"300\" height=\"225\" srcset=\"https:\/\/avrupapress.com\/main\/wp-content\/uploads\/2022\/06\/thumbnail_5-300x225.jpg 300w, https:\/\/avrupapress.com\/main\/wp-content\/uploads\/2022\/06\/thumbnail_5-1024x768.jpg 1024w, https:\/\/avrupapress.com\/main\/wp-content\/uploads\/2022\/06\/thumbnail_5-768x576.jpg 768w, https:\/\/avrupapress.com\/main\/wp-content\/uploads\/2022\/06\/thumbnail_5.jpg 1078w\" sizes=\"auto, (max-width: 300px) 100vw, 300px\" \/><\/p>\n<p class=\"x_MsoNormal\"><strong>HABER \/ FOTO\u011eRAF: ERTU\u011eRUL ALTINEL \u2013 B\u0130LG\u0130N \u00d6Z\u00c7\u0130FT\u00c7\u0130 \u2013 AVRUPA PRESS &#8211; BEL\u00c7\u0130KA<\/strong><\/p>\n","protected":false},"excerpt":{"rendered":"<p>HABER \/ FOTO\u011eRAF: ERTU\u011eRUL ALTINEL \u2013 B\u0130LG\u0130N \u00d6Z\u00c7\u0130FT\u00c7\u0130 \u2013 AVRUPA PRESS &#8211; BEL\u00c7\u0130KA Akarba\u015f\u0131 T\u00fcrk Sanat M\u00fczi\u011fi Korosu; Eski\u015fehir Yunus Emre K\u00fclt\u00fcr Merkezi\u2019nde\u00a0 \u2018Bahar Konseri\u2019 d\u00fczenledi. Akarba\u015f\u0131 Mahallesi Muhtar\u0131 Ali Sel\u00e7uk Y\u00fcceland, Koro \u015eefi Meltem B\u00fcy\u00fckcan ve Koro Ba\u015fkan\u0131 Erol Aycan\u2019\u0131n birlikte olu\u015fturduklar\u0131 ve Eski\u015fehir\u2019de bir ilk olan Akarba\u015f\u0131 T\u00fcrk Sanat M\u00fczi\u011fi Korosu; \u2018Bahar Konseri\u2019 [&hellip;]<\/p>\n","protected":false},"author":3,"featured_media":19245,"comment_status":"closed","ping_status":"open","sticky":false,"template":"","format":"standard","meta":{"footnotes":""},"categories":[14,16,3,18,19,2],"tags":[],"class_list":["post-19244","post","type-post","status-publish","format-standard","has-post-thumbnail","hentry","category-avrupa","category-belcika","category-dunya","category-kultur-sanat","category-tanitim","category-turkiye"],"yoast_head":"<!-- This site is optimized with the Yoast SEO plugin v26.9 - https:\/\/yoast.com\/product\/yoast-seo-wordpress\/ -->\n<title>Akarba\u015f\u0131 T\u00fcrk Sanat M\u00fczi\u011fi Korosu \u2018Bahar Konseri\u2019 D\u00fczenledi - AvrupaPress<\/title>\n<meta name=\"robots\" content=\"index, follow, max-snippet:-1, max-image-preview:large, max-video-preview:-1\" \/>\n<link rel=\"canonical\" href=\"https:\/\/avrupapress.com\/main\/2022\/06\/09\/akarbasi-turk-sanat-muzigi-korosu-bahar-konseri-duzenledi\/\" \/>\n<meta property=\"og:locale\" content=\"fr_FR\" \/>\n<meta property=\"og:type\" content=\"article\" \/>\n<meta property=\"og:title\" content=\"Akarba\u015f\u0131 T\u00fcrk Sanat M\u00fczi\u011fi Korosu \u2018Bahar Konseri\u2019 D\u00fczenledi - AvrupaPress\" \/>\n<meta property=\"og:description\" content=\"HABER \/ FOTO\u011eRAF: ERTU\u011eRUL ALTINEL \u2013 B\u0130LG\u0130N \u00d6Z\u00c7\u0130FT\u00c7\u0130 \u2013 AVRUPA PRESS &#8211; BEL\u00c7\u0130KA Akarba\u015f\u0131 T\u00fcrk Sanat M\u00fczi\u011fi Korosu; Eski\u015fehir Yunus Emre K\u00fclt\u00fcr Merkezi\u2019nde\u00a0 \u2018Bahar Konseri\u2019 d\u00fczenledi. Akarba\u015f\u0131 Mahallesi Muhtar\u0131 Ali Sel\u00e7uk Y\u00fcceland, Koro \u015eefi Meltem B\u00fcy\u00fckcan ve Koro Ba\u015fkan\u0131 Erol Aycan\u2019\u0131n birlikte olu\u015fturduklar\u0131 ve Eski\u015fehir\u2019de bir ilk olan Akarba\u015f\u0131 T\u00fcrk Sanat M\u00fczi\u011fi Korosu; \u2018Bahar Konseri\u2019 [&hellip;]\" \/>\n<meta property=\"og:url\" content=\"https:\/\/avrupapress.com\/main\/2022\/06\/09\/akarbasi-turk-sanat-muzigi-korosu-bahar-konseri-duzenledi\/\" \/>\n<meta property=\"og:site_name\" content=\"AvrupaPress\" \/>\n<meta property=\"article:published_time\" content=\"2022-06-09T20:19:56+00:00\" \/>\n<meta property=\"article:modified_time\" content=\"2022-06-09T20:20:08+00:00\" \/>\n<meta property=\"og:image\" content=\"https:\/\/avrupapress.com\/main\/wp-content\/uploads\/2022\/06\/thumbnail_1.jpg\" \/>\n\t<meta property=\"og:image:width\" content=\"517\" \/>\n\t<meta property=\"og:image:height\" content=\"517\" \/>\n\t<meta property=\"og:image:type\" content=\"image\/jpeg\" \/>\n<meta name=\"author\" content=\"Edit\u00f6r\" \/>\n<meta name=\"twitter:card\" content=\"summary_large_image\" \/>\n<meta name=\"twitter:label1\" content=\"\u00c9crit par\" \/>\n\t<meta name=\"twitter:data1\" content=\"Edit\u00f6r\" \/>\n\t<meta name=\"twitter:label2\" content=\"Dur\u00e9e de lecture est.\" \/>\n\t<meta name=\"twitter:data2\" content=\"2 minutes\" \/>\n<script type=\"application\/ld+json\" class=\"yoast-schema-graph\">{\"@context\":\"https:\/\/schema.org\",\"@graph\":[{\"@type\":\"Article\",\"@id\":\"https:\/\/avrupapress.com\/main\/2022\/06\/09\/akarbasi-turk-sanat-muzigi-korosu-bahar-konseri-duzenledi\/#article\",\"isPartOf\":{\"@id\":\"https:\/\/avrupapress.com\/main\/2022\/06\/09\/akarbasi-turk-sanat-muzigi-korosu-bahar-konseri-duzenledi\/\"},\"author\":{\"name\":\"Edit\u00f6r\",\"@id\":\"https:\/\/avrupapress.com\/#\/schema\/person\/68428444ec60970d1e1b700cf4ca1e8f\"},\"headline\":\"Akarba\u015f\u0131 T\u00fcrk Sanat M\u00fczi\u011fi Korosu \u2018Bahar Konseri\u2019 D\u00fczenledi\",\"datePublished\":\"2022-06-09T20:19:56+00:00\",\"dateModified\":\"2022-06-09T20:20:08+00:00\",\"mainEntityOfPage\":{\"@id\":\"https:\/\/avrupapress.com\/main\/2022\/06\/09\/akarbasi-turk-sanat-muzigi-korosu-bahar-konseri-duzenledi\/\"},\"wordCount\":217,\"publisher\":{\"@id\":\"https:\/\/avrupapress.com\/#\/schema\/person\/0223dca19c72c43575bf30d1a2d8f4fa\"},\"image\":{\"@id\":\"https:\/\/avrupapress.com\/main\/2022\/06\/09\/akarbasi-turk-sanat-muzigi-korosu-bahar-konseri-duzenledi\/#primaryimage\"},\"thumbnailUrl\":\"https:\/\/avrupapress.com\/main\/wp-content\/uploads\/2022\/06\/thumbnail_1.jpg\",\"articleSection\":[\"Avrupa\",\"Bel\u00e7ika\",\"D\u00fcnya\",\"K\u00fclt\u00fcr-Sanat\",\"Tan\u0131t\u0131m\",\"T\u00fcrkiye\"],\"inLanguage\":\"fr-BE\"},{\"@type\":\"WebPage\",\"@id\":\"https:\/\/avrupapress.com\/main\/2022\/06\/09\/akarbasi-turk-sanat-muzigi-korosu-bahar-konseri-duzenledi\/\",\"url\":\"https:\/\/avrupapress.com\/main\/2022\/06\/09\/akarbasi-turk-sanat-muzigi-korosu-bahar-konseri-duzenledi\/\",\"name\":\"Akarba\u015f\u0131 T\u00fcrk Sanat M\u00fczi\u011fi Korosu \u2018Bahar Konseri\u2019 D\u00fczenledi - AvrupaPress\",\"isPartOf\":{\"@id\":\"https:\/\/avrupapress.com\/#website\"},\"primaryImageOfPage\":{\"@id\":\"https:\/\/avrupapress.com\/main\/2022\/06\/09\/akarbasi-turk-sanat-muzigi-korosu-bahar-konseri-duzenledi\/#primaryimage\"},\"image\":{\"@id\":\"https:\/\/avrupapress.com\/main\/2022\/06\/09\/akarbasi-turk-sanat-muzigi-korosu-bahar-konseri-duzenledi\/#primaryimage\"},\"thumbnailUrl\":\"https:\/\/avrupapress.com\/main\/wp-content\/uploads\/2022\/06\/thumbnail_1.jpg\",\"datePublished\":\"2022-06-09T20:19:56+00:00\",\"dateModified\":\"2022-06-09T20:20:08+00:00\",\"breadcrumb\":{\"@id\":\"https:\/\/avrupapress.com\/main\/2022\/06\/09\/akarbasi-turk-sanat-muzigi-korosu-bahar-konseri-duzenledi\/#breadcrumb\"},\"inLanguage\":\"fr-BE\",\"potentialAction\":[{\"@type\":\"ReadAction\",\"target\":[\"https:\/\/avrupapress.com\/main\/2022\/06\/09\/akarbasi-turk-sanat-muzigi-korosu-bahar-konseri-duzenledi\/\"]}]},{\"@type\":\"ImageObject\",\"inLanguage\":\"fr-BE\",\"@id\":\"https:\/\/avrupapress.com\/main\/2022\/06\/09\/akarbasi-turk-sanat-muzigi-korosu-bahar-konseri-duzenledi\/#primaryimage\",\"url\":\"https:\/\/avrupapress.com\/main\/wp-content\/uploads\/2022\/06\/thumbnail_1.jpg\",\"contentUrl\":\"https:\/\/avrupapress.com\/main\/wp-content\/uploads\/2022\/06\/thumbnail_1.jpg\",\"width\":517,\"height\":517},{\"@type\":\"BreadcrumbList\",\"@id\":\"https:\/\/avrupapress.com\/main\/2022\/06\/09\/akarbasi-turk-sanat-muzigi-korosu-bahar-konseri-duzenledi\/#breadcrumb\",\"itemListElement\":[{\"@type\":\"ListItem\",\"position\":1,\"name\":\"Anasayfa\",\"item\":\"https:\/\/avrupapress.com\/\"},{\"@type\":\"ListItem\",\"position\":2,\"name\":\"Akarba\u015f\u0131 T\u00fcrk Sanat M\u00fczi\u011fi Korosu \u2018Bahar Konseri\u2019 D\u00fczenledi\"}]},{\"@type\":\"WebSite\",\"@id\":\"https:\/\/avrupapress.com\/#website\",\"url\":\"https:\/\/avrupapress.com\/\",\"name\":\"AvrupaPress\",\"description\":\"Haberin Adresi\",\"publisher\":{\"@id\":\"https:\/\/avrupapress.com\/#\/schema\/person\/0223dca19c72c43575bf30d1a2d8f4fa\"},\"potentialAction\":[{\"@type\":\"SearchAction\",\"target\":{\"@type\":\"EntryPoint\",\"urlTemplate\":\"https:\/\/avrupapress.com\/?s={search_term_string}\"},\"query-input\":{\"@type\":\"PropertyValueSpecification\",\"valueRequired\":true,\"valueName\":\"search_term_string\"}}],\"inLanguage\":\"fr-BE\"},{\"@type\":[\"Person\",\"Organization\"],\"@id\":\"https:\/\/avrupapress.com\/#\/schema\/person\/0223dca19c72c43575bf30d1a2d8f4fa\",\"name\":\"Bilgin \u00d6z\u00e7ift\u00e7i\",\"image\":{\"@type\":\"ImageObject\",\"inLanguage\":\"fr-BE\",\"@id\":\"https:\/\/avrupapress.com\/#\/schema\/person\/image\/\",\"url\":\"https:\/\/secure.gravatar.com\/avatar\/0f23b280433a21e1ea7a0adcc46ed0ad16afe3ad8e630fd13d8a017dcbd54ef3?s=96&d=mm&r=g\",\"contentUrl\":\"https:\/\/secure.gravatar.com\/avatar\/0f23b280433a21e1ea7a0adcc46ed0ad16afe3ad8e630fd13d8a017dcbd54ef3?s=96&d=mm&r=g\",\"caption\":\"Bilgin \u00d6z\u00e7ift\u00e7i\"},\"logo\":{\"@id\":\"https:\/\/avrupapress.com\/#\/schema\/person\/image\/\"},\"description\":\"Ne ben, nede sen... Biz ancak \\\"biz\\\" olursak g\u00fc\u00e7l\u00fc olabiliriz\"},{\"@type\":\"Person\",\"@id\":\"https:\/\/avrupapress.com\/#\/schema\/person\/68428444ec60970d1e1b700cf4ca1e8f\",\"name\":\"Edit\u00f6r\",\"image\":{\"@type\":\"ImageObject\",\"inLanguage\":\"fr-BE\",\"@id\":\"https:\/\/avrupapress.com\/#\/schema\/person\/image\/\",\"url\":\"https:\/\/secure.gravatar.com\/avatar\/74996b0977aa5f1559ba9883776652508b229005c0d78fb2597897f0bd651c09?s=96&d=mm&r=g\",\"contentUrl\":\"https:\/\/secure.gravatar.com\/avatar\/74996b0977aa5f1559ba9883776652508b229005c0d78fb2597897f0bd651c09?s=96&d=mm&r=g\",\"caption\":\"Edit\u00f6r\"},\"sameAs\":[\"http:\/\/www.avrupapress.com\"],\"url\":\"https:\/\/avrupapress.com\/main\/author\/editor\/\"}]}<\/script>\n<!-- \/ Yoast SEO plugin. -->","yoast_head_json":{"title":"Akarba\u015f\u0131 T\u00fcrk Sanat M\u00fczi\u011fi Korosu \u2018Bahar Konseri\u2019 D\u00fczenledi - AvrupaPress","robots":{"index":"index","follow":"follow","max-snippet":"max-snippet:-1","max-image-preview":"max-image-preview:large","max-video-preview":"max-video-preview:-1"},"canonical":"https:\/\/avrupapress.com\/main\/2022\/06\/09\/akarbasi-turk-sanat-muzigi-korosu-bahar-konseri-duzenledi\/","og_locale":"fr_FR","og_type":"article","og_title":"Akarba\u015f\u0131 T\u00fcrk Sanat M\u00fczi\u011fi Korosu \u2018Bahar Konseri\u2019 D\u00fczenledi - AvrupaPress","og_description":"HABER \/ FOTO\u011eRAF: ERTU\u011eRUL ALTINEL \u2013 B\u0130LG\u0130N \u00d6Z\u00c7\u0130FT\u00c7\u0130 \u2013 AVRUPA PRESS &#8211; BEL\u00c7\u0130KA Akarba\u015f\u0131 T\u00fcrk Sanat M\u00fczi\u011fi Korosu; Eski\u015fehir Yunus Emre K\u00fclt\u00fcr Merkezi\u2019nde\u00a0 \u2018Bahar Konseri\u2019 d\u00fczenledi. Akarba\u015f\u0131 Mahallesi Muhtar\u0131 Ali Sel\u00e7uk Y\u00fcceland, Koro \u015eefi Meltem B\u00fcy\u00fckcan ve Koro Ba\u015fkan\u0131 Erol Aycan\u2019\u0131n birlikte olu\u015fturduklar\u0131 ve Eski\u015fehir\u2019de bir ilk olan Akarba\u015f\u0131 T\u00fcrk Sanat M\u00fczi\u011fi Korosu; \u2018Bahar Konseri\u2019 [&hellip;]","og_url":"https:\/\/avrupapress.com\/main\/2022\/06\/09\/akarbasi-turk-sanat-muzigi-korosu-bahar-konseri-duzenledi\/","og_site_name":"AvrupaPress","article_published_time":"2022-06-09T20:19:56+00:00","article_modified_time":"2022-06-09T20:20:08+00:00","og_image":[{"width":517,"height":517,"url":"https:\/\/avrupapress.com\/main\/wp-content\/uploads\/2022\/06\/thumbnail_1.jpg","type":"image\/jpeg"}],"author":"Edit\u00f6r","twitter_card":"summary_large_image","twitter_misc":{"\u00c9crit par":"Edit\u00f6r","Dur\u00e9e de lecture est.":"2 minutes"},"schema":{"@context":"https:\/\/schema.org","@graph":[{"@type":"Article","@id":"https:\/\/avrupapress.com\/main\/2022\/06\/09\/akarbasi-turk-sanat-muzigi-korosu-bahar-konseri-duzenledi\/#article","isPartOf":{"@id":"https:\/\/avrupapress.com\/main\/2022\/06\/09\/akarbasi-turk-sanat-muzigi-korosu-bahar-konseri-duzenledi\/"},"author":{"name":"Edit\u00f6r","@id":"https:\/\/avrupapress.com\/#\/schema\/person\/68428444ec60970d1e1b700cf4ca1e8f"},"headline":"Akarba\u015f\u0131 T\u00fcrk Sanat M\u00fczi\u011fi Korosu \u2018Bahar Konseri\u2019 D\u00fczenledi","datePublished":"2022-06-09T20:19:56+00:00","dateModified":"2022-06-09T20:20:08+00:00","mainEntityOfPage":{"@id":"https:\/\/avrupapress.com\/main\/2022\/06\/09\/akarbasi-turk-sanat-muzigi-korosu-bahar-konseri-duzenledi\/"},"wordCount":217,"publisher":{"@id":"https:\/\/avrupapress.com\/#\/schema\/person\/0223dca19c72c43575bf30d1a2d8f4fa"},"image":{"@id":"https:\/\/avrupapress.com\/main\/2022\/06\/09\/akarbasi-turk-sanat-muzigi-korosu-bahar-konseri-duzenledi\/#primaryimage"},"thumbnailUrl":"https:\/\/avrupapress.com\/main\/wp-content\/uploads\/2022\/06\/thumbnail_1.jpg","articleSection":["Avrupa","Bel\u00e7ika","D\u00fcnya","K\u00fclt\u00fcr-Sanat","Tan\u0131t\u0131m","T\u00fcrkiye"],"inLanguage":"fr-BE"},{"@type":"WebPage","@id":"https:\/\/avrupapress.com\/main\/2022\/06\/09\/akarbasi-turk-sanat-muzigi-korosu-bahar-konseri-duzenledi\/","url":"https:\/\/avrupapress.com\/main\/2022\/06\/09\/akarbasi-turk-sanat-muzigi-korosu-bahar-konseri-duzenledi\/","name":"Akarba\u015f\u0131 T\u00fcrk Sanat M\u00fczi\u011fi Korosu \u2018Bahar Konseri\u2019 D\u00fczenledi - AvrupaPress","isPartOf":{"@id":"https:\/\/avrupapress.com\/#website"},"primaryImageOfPage":{"@id":"https:\/\/avrupapress.com\/main\/2022\/06\/09\/akarbasi-turk-sanat-muzigi-korosu-bahar-konseri-duzenledi\/#primaryimage"},"image":{"@id":"https:\/\/avrupapress.com\/main\/2022\/06\/09\/akarbasi-turk-sanat-muzigi-korosu-bahar-konseri-duzenledi\/#primaryimage"},"thumbnailUrl":"https:\/\/avrupapress.com\/main\/wp-content\/uploads\/2022\/06\/thumbnail_1.jpg","datePublished":"2022-06-09T20:19:56+00:00","dateModified":"2022-06-09T20:20:08+00:00","breadcrumb":{"@id":"https:\/\/avrupapress.com\/main\/2022\/06\/09\/akarbasi-turk-sanat-muzigi-korosu-bahar-konseri-duzenledi\/#breadcrumb"},"inLanguage":"fr-BE","potentialAction":[{"@type":"ReadAction","target":["https:\/\/avrupapress.com\/main\/2022\/06\/09\/akarbasi-turk-sanat-muzigi-korosu-bahar-konseri-duzenledi\/"]}]},{"@type":"ImageObject","inLanguage":"fr-BE","@id":"https:\/\/avrupapress.com\/main\/2022\/06\/09\/akarbasi-turk-sanat-muzigi-korosu-bahar-konseri-duzenledi\/#primaryimage","url":"https:\/\/avrupapress.com\/main\/wp-content\/uploads\/2022\/06\/thumbnail_1.jpg","contentUrl":"https:\/\/avrupapress.com\/main\/wp-content\/uploads\/2022\/06\/thumbnail_1.jpg","width":517,"height":517},{"@type":"BreadcrumbList","@id":"https:\/\/avrupapress.com\/main\/2022\/06\/09\/akarbasi-turk-sanat-muzigi-korosu-bahar-konseri-duzenledi\/#breadcrumb","itemListElement":[{"@type":"ListItem","position":1,"name":"Anasayfa","item":"https:\/\/avrupapress.com\/"},{"@type":"ListItem","position":2,"name":"Akarba\u015f\u0131 T\u00fcrk Sanat M\u00fczi\u011fi Korosu \u2018Bahar Konseri\u2019 D\u00fczenledi"}]},{"@type":"WebSite","@id":"https:\/\/avrupapress.com\/#website","url":"https:\/\/avrupapress.com\/","name":"AvrupaPress","description":"Haberin Adresi","publisher":{"@id":"https:\/\/avrupapress.com\/#\/schema\/person\/0223dca19c72c43575bf30d1a2d8f4fa"},"potentialAction":[{"@type":"SearchAction","target":{"@type":"EntryPoint","urlTemplate":"https:\/\/avrupapress.com\/?s={search_term_string}"},"query-input":{"@type":"PropertyValueSpecification","valueRequired":true,"valueName":"search_term_string"}}],"inLanguage":"fr-BE"},{"@type":["Person","Organization"],"@id":"https:\/\/avrupapress.com\/#\/schema\/person\/0223dca19c72c43575bf30d1a2d8f4fa","name":"Bilgin \u00d6z\u00e7ift\u00e7i","image":{"@type":"ImageObject","inLanguage":"fr-BE","@id":"https:\/\/avrupapress.com\/#\/schema\/person\/image\/","url":"https:\/\/secure.gravatar.com\/avatar\/0f23b280433a21e1ea7a0adcc46ed0ad16afe3ad8e630fd13d8a017dcbd54ef3?s=96&d=mm&r=g","contentUrl":"https:\/\/secure.gravatar.com\/avatar\/0f23b280433a21e1ea7a0adcc46ed0ad16afe3ad8e630fd13d8a017dcbd54ef3?s=96&d=mm&r=g","caption":"Bilgin \u00d6z\u00e7ift\u00e7i"},"logo":{"@id":"https:\/\/avrupapress.com\/#\/schema\/person\/image\/"},"description":"Ne ben, nede sen... Biz ancak \"biz\" olursak g\u00fc\u00e7l\u00fc olabiliriz"},{"@type":"Person","@id":"https:\/\/avrupapress.com\/#\/schema\/person\/68428444ec60970d1e1b700cf4ca1e8f","name":"Edit\u00f6r","image":{"@type":"ImageObject","inLanguage":"fr-BE","@id":"https:\/\/avrupapress.com\/#\/schema\/person\/image\/","url":"https:\/\/secure.gravatar.com\/avatar\/74996b0977aa5f1559ba9883776652508b229005c0d78fb2597897f0bd651c09?s=96&d=mm&r=g","contentUrl":"https:\/\/secure.gravatar.com\/avatar\/74996b0977aa5f1559ba9883776652508b229005c0d78fb2597897f0bd651c09?s=96&d=mm&r=g","caption":"Edit\u00f6r"},"sameAs":["http:\/\/www.avrupapress.com"],"url":"https:\/\/avrupapress.com\/main\/author\/editor\/"}]}},"_links":{"self":[{"href":"https:\/\/avrupapress.com\/main\/wp-json\/wp\/v2\/posts\/19244","targetHints":{"allow":["GET"]}}],"collection":[{"href":"https:\/\/avrupapress.com\/main\/wp-json\/wp\/v2\/posts"}],"about":[{"href":"https:\/\/avrupapress.com\/main\/wp-json\/wp\/v2\/types\/post"}],"author":[{"embeddable":true,"href":"https:\/\/avrupapress.com\/main\/wp-json\/wp\/v2\/users\/3"}],"replies":[{"embeddable":true,"href":"https:\/\/avrupapress.com\/main\/wp-json\/wp\/v2\/comments?post=19244"}],"version-history":[{"count":1,"href":"https:\/\/avrupapress.com\/main\/wp-json\/wp\/v2\/posts\/19244\/revisions"}],"predecessor-version":[{"id":19248,"href":"https:\/\/avrupapress.com\/main\/wp-json\/wp\/v2\/posts\/19244\/revisions\/19248"}],"wp:featuredmedia":[{"embeddable":true,"href":"https:\/\/avrupapress.com\/main\/wp-json\/wp\/v2\/media\/19245"}],"wp:attachment":[{"href":"https:\/\/avrupapress.com\/main\/wp-json\/wp\/v2\/media?parent=19244"}],"wp:term":[{"taxonomy":"category","embeddable":true,"href":"https:\/\/avrupapress.com\/main\/wp-json\/wp\/v2\/categories?post=19244"},{"taxonomy":"post_tag","embeddable":true,"href":"https:\/\/avrupapress.com\/main\/wp-json\/wp\/v2\/tags?post=19244"}],"curies":[{"name":"wp","href":"https:\/\/api.w.org\/{rel}","templated":true}]}}