{"id":19234,"date":"2022-06-09T20:12:38","date_gmt":"2022-06-09T20:12:38","guid":{"rendered":"https:\/\/avrupapress.com\/main\/?p=19234"},"modified":"2022-06-09T20:16:06","modified_gmt":"2022-06-09T20:16:06","slug":"bruksel-saadetden-aile-bulusmasi","status":"publish","type":"post","link":"https:\/\/avrupapress.com\/main\/2022\/06\/09\/bruksel-saadetden-aile-bulusmasi\/","title":{"rendered":"Bruksel Saadet&rsquo;den aile bulu\u015fmas\u0131&#8230;."},"content":{"rendered":"<p>Saadet Partisi Br\u00fcksel temsilcili\u011fi taraf\u0131ndan her sene d\u00fczenlenen<br aria-hidden=\"true\" \/>\u00ab\u00a0Saadet bulu\u015fmas\u0131\u00a0\u00bb program\u0131nda; partililer, ailecek bir araya geldiler.<br aria-hidden=\"true\" \/><br aria-hidden=\"true\" \/>Saadet Partisi Genel \u0130dare Kurulu \u00dcyesi E\u011fitimci Yazar Yusuf Yi\u011fitAlp,<br aria-hidden=\"true\" \/>Saadet Avrupa Br\u00fcksel ve Anvers B\u00f6lge Y\u00f6netim Kurulu \u00dcyelerinin haz\u0131r<br aria-hidden=\"true\" \/>bulundu\u011fu program hava muhalefetine ra\u011fmen Houthalen&rsquo;de<br aria-hidden=\"true\" \/>ger\u00e7ekle\u015ftirildi.<br aria-hidden=\"true\" \/>\u00d6\u011flen namaz\u0131n\u0131n ard\u0131ndan ba\u015flayan programda selamlama konu\u015fmas\u0131 ard\u0131ndan<br aria-hidden=\"true\" \/>mikrofona gelen Saadet partisi Genel \u0130dare Kurulu \u00dcyesi Yusuf Yi\u011fitalp<br aria-hidden=\"true\" \/>T\u00fcrkiye&rsquo;deki ekonominin k\u00f6t\u00fc gidi\u015fat\u0131n\u0131n ancak Saadet iktidar\u0131yla<br aria-hidden=\"true\" \/>a\u015f\u0131laca\u011f\u0131n\u0131 s\u00f6yledi. Partililer olarak \u00e7ok \u00e7al\u0131\u015f\u0131lmas\u0131 gerekti\u011fini dile<br aria-hidden=\"true\" \/>getiren Yi\u011fitalp, \u00e7almad\u0131k kap\u0131 b\u0131rakmadan bu se\u00e7ime haz\u0131rlan\u0131lmas\u0131<br aria-hidden=\"true\" \/>gerekti\u011fi tavsiyesinde bulundu.<br aria-hidden=\"true\" \/><br aria-hidden=\"true\" \/>Yusuf Yi\u011fitalp&rsquo;\u0131n konu\u015fmas\u0131n\u0131n ard\u0131ndan ikramla devam eden program parti<br aria-hidden=\"true\" \/>mensuplar\u0131n\u0131n muhabbetinin ard\u0131ndan sona erdi.<br aria-hidden=\"true\" \/><br aria-hidden=\"true\" \/>Saadet Partisi Br\u00fcksel Tan\u0131tma ba\u015fkanl\u0131\u011f\u0131<\/p>\n<p>&nbsp;<\/p>\n<p><strong>Muharrem Bozcal\u00a0 \/\u00a0 AVRUPAPRESS<\/strong><\/p>\n<p><img loading=\"lazy\" decoding=\"async\" class=\"alignnone size-medium wp-image-19235\" src=\"https:\/\/avrupapress.com\/main\/wp-content\/uploads\/2022\/06\/thumbnail_WhatsApp-Image-2022-06-06-at-00.47.05-1-300x169.jpg\" alt=\"\" width=\"300\" height=\"169\" srcset=\"https:\/\/avrupapress.com\/main\/wp-content\/uploads\/2022\/06\/thumbnail_WhatsApp-Image-2022-06-06-at-00.47.05-1-300x169.jpg 300w, https:\/\/avrupapress.com\/main\/wp-content\/uploads\/2022\/06\/thumbnail_WhatsApp-Image-2022-06-06-at-00.47.05-1-1024x576.jpg 1024w, https:\/\/avrupapress.com\/main\/wp-content\/uploads\/2022\/06\/thumbnail_WhatsApp-Image-2022-06-06-at-00.47.05-1-768x432.jpg 768w, https:\/\/avrupapress.com\/main\/wp-content\/uploads\/2022\/06\/thumbnail_WhatsApp-Image-2022-06-06-at-00.47.05-1-740x420.jpg 740w, https:\/\/avrupapress.com\/main\/wp-content\/uploads\/2022\/06\/thumbnail_WhatsApp-Image-2022-06-06-at-00.47.05-1.jpg 1280w\" sizes=\"auto, (max-width: 300px) 100vw, 300px\" \/><\/p>\n<p><img loading=\"lazy\" decoding=\"async\" class=\"alignnone size-medium wp-image-19237\" src=\"https:\/\/avrupapress.com\/main\/wp-content\/uploads\/2022\/06\/thumbnail_WhatsApp-Image-2022-06-06-at-00.47.05-2-169x300.jpg\" alt=\"\" width=\"169\" height=\"300\" srcset=\"https:\/\/avrupapress.com\/main\/wp-content\/uploads\/2022\/06\/thumbnail_WhatsApp-Image-2022-06-06-at-00.47.05-2-169x300.jpg 169w, https:\/\/avrupapress.com\/main\/wp-content\/uploads\/2022\/06\/thumbnail_WhatsApp-Image-2022-06-06-at-00.47.05-2-576x1024.jpg 576w, https:\/\/avrupapress.com\/main\/wp-content\/uploads\/2022\/06\/thumbnail_WhatsApp-Image-2022-06-06-at-00.47.05-2.jpg 720w\" sizes=\"auto, (max-width: 169px) 100vw, 169px\" \/><\/p>\n<p><img loading=\"lazy\" decoding=\"async\" class=\"alignnone size-medium wp-image-19238\" src=\"https:\/\/avrupapress.com\/main\/wp-content\/uploads\/2022\/06\/WhatsApp-Image-2022-06-06-at-00.47.05-2-300x225.jpg\" alt=\"\" width=\"300\" height=\"225\" srcset=\"https:\/\/avrupapress.com\/main\/wp-content\/uploads\/2022\/06\/WhatsApp-Image-2022-06-06-at-00.47.05-2-300x225.jpg 300w, https:\/\/avrupapress.com\/main\/wp-content\/uploads\/2022\/06\/WhatsApp-Image-2022-06-06-at-00.47.05-2-768x576.jpg 768w, https:\/\/avrupapress.com\/main\/wp-content\/uploads\/2022\/06\/WhatsApp-Image-2022-06-06-at-00.47.05-2.jpg 1024w\" sizes=\"auto, (max-width: 300px) 100vw, 300px\" \/><\/p>\n<p><img loading=\"lazy\" decoding=\"async\" class=\"alignnone size-medium wp-image-19239\" src=\"https:\/\/avrupapress.com\/main\/wp-content\/uploads\/2022\/06\/thumbnail_WhatsApp-Image-2022-06-06-at-00.47.05-3-300x169.jpg\" alt=\"\" width=\"300\" height=\"169\" srcset=\"https:\/\/avrupapress.com\/main\/wp-content\/uploads\/2022\/06\/thumbnail_WhatsApp-Image-2022-06-06-at-00.47.05-3-300x169.jpg 300w, https:\/\/avrupapress.com\/main\/wp-content\/uploads\/2022\/06\/thumbnail_WhatsApp-Image-2022-06-06-at-00.47.05-3-1024x576.jpg 1024w, https:\/\/avrupapress.com\/main\/wp-content\/uploads\/2022\/06\/thumbnail_WhatsApp-Image-2022-06-06-at-00.47.05-3-768x432.jpg 768w, https:\/\/avrupapress.com\/main\/wp-content\/uploads\/2022\/06\/thumbnail_WhatsApp-Image-2022-06-06-at-00.47.05-3-740x420.jpg 740w, https:\/\/avrupapress.com\/main\/wp-content\/uploads\/2022\/06\/thumbnail_WhatsApp-Image-2022-06-06-at-00.47.05-3.jpg 1280w\" sizes=\"auto, (max-width: 300px) 100vw, 300px\" \/><\/p>\n<p><img loading=\"lazy\" decoding=\"async\" class=\"alignnone size-medium wp-image-19240\" src=\"https:\/\/avrupapress.com\/main\/wp-content\/uploads\/2022\/06\/thumbnail_WhatsApp-Image-2022-06-06-at-00.47.05-4-169x300.jpg\" alt=\"\" width=\"169\" height=\"300\" srcset=\"https:\/\/avrupapress.com\/main\/wp-content\/uploads\/2022\/06\/thumbnail_WhatsApp-Image-2022-06-06-at-00.47.05-4-169x300.jpg 169w, https:\/\/avrupapress.com\/main\/wp-content\/uploads\/2022\/06\/thumbnail_WhatsApp-Image-2022-06-06-at-00.47.05-4-576x1024.jpg 576w, https:\/\/avrupapress.com\/main\/wp-content\/uploads\/2022\/06\/thumbnail_WhatsApp-Image-2022-06-06-at-00.47.05-4.jpg 720w\" sizes=\"auto, (max-width: 169px) 100vw, 169px\" \/><\/p>\n<p><img loading=\"lazy\" decoding=\"async\" class=\"alignnone size-medium wp-image-19241\" src=\"https:\/\/avrupapress.com\/main\/wp-content\/uploads\/2022\/06\/thumbnail_WhatsApp-Image-2022-06-06-at-00.47.05-5-169x300.jpg\" alt=\"\" width=\"169\" height=\"300\" srcset=\"https:\/\/avrupapress.com\/main\/wp-content\/uploads\/2022\/06\/thumbnail_WhatsApp-Image-2022-06-06-at-00.47.05-5-169x300.jpg 169w, https:\/\/avrupapress.com\/main\/wp-content\/uploads\/2022\/06\/thumbnail_WhatsApp-Image-2022-06-06-at-00.47.05-5-576x1024.jpg 576w, https:\/\/avrupapress.com\/main\/wp-content\/uploads\/2022\/06\/thumbnail_WhatsApp-Image-2022-06-06-at-00.47.05-5.jpg 720w\" sizes=\"auto, (max-width: 169px) 100vw, 169px\" \/><\/p>\n<p><img loading=\"lazy\" decoding=\"async\" class=\"alignnone size-medium wp-image-19242\" src=\"https:\/\/avrupapress.com\/main\/wp-content\/uploads\/2022\/06\/thumbnail_WhatsApp-Image-2022-06-06-at-00.47.05-6-169x300.jpg\" alt=\"\" width=\"169\" height=\"300\" srcset=\"https:\/\/avrupapress.com\/main\/wp-content\/uploads\/2022\/06\/thumbnail_WhatsApp-Image-2022-06-06-at-00.47.05-6-169x300.jpg 169w, https:\/\/avrupapress.com\/main\/wp-content\/uploads\/2022\/06\/thumbnail_WhatsApp-Image-2022-06-06-at-00.47.05-6-576x1024.jpg 576w, https:\/\/avrupapress.com\/main\/wp-content\/uploads\/2022\/06\/thumbnail_WhatsApp-Image-2022-06-06-at-00.47.05-6.jpg 720w\" sizes=\"auto, (max-width: 169px) 100vw, 169px\" \/><\/p>\n<p>&nbsp;<\/p>\n<p><strong>Muharrem Bozcal\u00a0 \/\u00a0 AVRUPAPRESS<\/strong><\/p>\n","protected":false},"excerpt":{"rendered":"<p>Saadet Partisi Br\u00fcksel temsilcili\u011fi taraf\u0131ndan her sene d\u00fczenlenen\u00ab\u00a0Saadet bulu\u015fmas\u0131\u00a0\u00bb program\u0131nda; partililer, ailecek bir araya geldiler.Saadet Partisi Genel \u0130dare Kurulu \u00dcyesi E\u011fitimci Yazar Yusuf Yi\u011fitAlp,Saadet Avrupa Br\u00fcksel ve Anvers B\u00f6lge Y\u00f6netim Kurulu \u00dcyelerinin haz\u0131rbulundu\u011fu program hava muhalefetine ra\u011fmen Houthalen&rsquo;deger\u00e7ekle\u015ftirildi.\u00d6\u011flen namaz\u0131n\u0131n ard\u0131ndan ba\u015flayan programda selamlama konu\u015fmas\u0131 ard\u0131ndanmikrofona gelen Saadet partisi Genel \u0130dare Kurulu \u00dcyesi Yusuf Yi\u011fitalpT\u00fcrkiye&rsquo;deki ekonominin [&hellip;]<\/p>\n","protected":false},"author":3,"featured_media":19238,"comment_status":"closed","ping_status":"open","sticky":false,"template":"","format":"standard","meta":{"footnotes":""},"categories":[14,16,3,18,19,2],"tags":[],"class_list":["post-19234","post","type-post","status-publish","format-standard","has-post-thumbnail","hentry","category-avrupa","category-belcika","category-dunya","category-kultur-sanat","category-tanitim","category-turkiye"],"yoast_head":"<!-- This site is optimized with the Yoast SEO plugin v26.9 - https:\/\/yoast.com\/product\/yoast-seo-wordpress\/ -->\n<title>Bruksel Saadet&#039;den aile bulu\u015fmas\u0131.... - AvrupaPress<\/title>\n<meta name=\"robots\" content=\"index, follow, max-snippet:-1, max-image-preview:large, max-video-preview:-1\" \/>\n<link rel=\"canonical\" href=\"https:\/\/avrupapress.com\/main\/2022\/06\/09\/bruksel-saadetden-aile-bulusmasi\/\" \/>\n<meta property=\"og:locale\" content=\"fr_FR\" \/>\n<meta property=\"og:type\" content=\"article\" \/>\n<meta property=\"og:title\" content=\"Bruksel Saadet&#039;den aile bulu\u015fmas\u0131.... - AvrupaPress\" \/>\n<meta property=\"og:description\" content=\"Saadet Partisi Br\u00fcksel temsilcili\u011fi taraf\u0131ndan her sene d\u00fczenlenen\u00ab\u00a0Saadet bulu\u015fmas\u0131\u00a0\u00bb program\u0131nda; partililer, ailecek bir araya geldiler.Saadet Partisi Genel \u0130dare Kurulu \u00dcyesi E\u011fitimci Yazar Yusuf Yi\u011fitAlp,Saadet Avrupa Br\u00fcksel ve Anvers B\u00f6lge Y\u00f6netim Kurulu \u00dcyelerinin haz\u0131rbulundu\u011fu program hava muhalefetine ra\u011fmen Houthalen&rsquo;deger\u00e7ekle\u015ftirildi.\u00d6\u011flen namaz\u0131n\u0131n ard\u0131ndan ba\u015flayan programda selamlama konu\u015fmas\u0131 ard\u0131ndanmikrofona gelen Saadet partisi Genel \u0130dare Kurulu \u00dcyesi Yusuf Yi\u011fitalpT\u00fcrkiye&rsquo;deki ekonominin [&hellip;]\" \/>\n<meta property=\"og:url\" content=\"https:\/\/avrupapress.com\/main\/2022\/06\/09\/bruksel-saadetden-aile-bulusmasi\/\" \/>\n<meta property=\"og:site_name\" content=\"AvrupaPress\" \/>\n<meta property=\"article:published_time\" content=\"2022-06-09T20:12:38+00:00\" \/>\n<meta property=\"article:modified_time\" content=\"2022-06-09T20:16:06+00:00\" \/>\n<meta property=\"og:image\" content=\"https:\/\/avrupapress.com\/main\/wp-content\/uploads\/2022\/06\/WhatsApp-Image-2022-06-06-at-00.47.05-2.jpg\" \/>\n\t<meta property=\"og:image:width\" content=\"1024\" \/>\n\t<meta property=\"og:image:height\" content=\"768\" \/>\n\t<meta property=\"og:image:type\" content=\"image\/jpeg\" \/>\n<meta name=\"author\" content=\"Edit\u00f6r\" \/>\n<meta name=\"twitter:card\" content=\"summary_large_image\" \/>\n<meta name=\"twitter:label1\" content=\"\u00c9crit par\" \/>\n\t<meta name=\"twitter:data1\" content=\"Edit\u00f6r\" \/>\n\t<meta name=\"twitter:label2\" content=\"Dur\u00e9e de lecture est.\" \/>\n\t<meta name=\"twitter:data2\" content=\"3 minutes\" \/>\n<script type=\"application\/ld+json\" class=\"yoast-schema-graph\">{\"@context\":\"https:\/\/schema.org\",\"@graph\":[{\"@type\":\"Article\",\"@id\":\"https:\/\/avrupapress.com\/main\/2022\/06\/09\/bruksel-saadetden-aile-bulusmasi\/#article\",\"isPartOf\":{\"@id\":\"https:\/\/avrupapress.com\/main\/2022\/06\/09\/bruksel-saadetden-aile-bulusmasi\/\"},\"author\":{\"name\":\"Edit\u00f6r\",\"@id\":\"https:\/\/avrupapress.com\/#\/schema\/person\/68428444ec60970d1e1b700cf4ca1e8f\"},\"headline\":\"Bruksel Saadet&rsquo;den aile bulu\u015fmas\u0131&#8230;.\",\"datePublished\":\"2022-06-09T20:12:38+00:00\",\"dateModified\":\"2022-06-09T20:16:06+00:00\",\"mainEntityOfPage\":{\"@id\":\"https:\/\/avrupapress.com\/main\/2022\/06\/09\/bruksel-saadetden-aile-bulusmasi\/\"},\"wordCount\":165,\"publisher\":{\"@id\":\"https:\/\/avrupapress.com\/#\/schema\/person\/0223dca19c72c43575bf30d1a2d8f4fa\"},\"image\":{\"@id\":\"https:\/\/avrupapress.com\/main\/2022\/06\/09\/bruksel-saadetden-aile-bulusmasi\/#primaryimage\"},\"thumbnailUrl\":\"https:\/\/avrupapress.com\/main\/wp-content\/uploads\/2022\/06\/WhatsApp-Image-2022-06-06-at-00.47.05-2.jpg\",\"articleSection\":[\"Avrupa\",\"Bel\u00e7ika\",\"D\u00fcnya\",\"K\u00fclt\u00fcr-Sanat\",\"Tan\u0131t\u0131m\",\"T\u00fcrkiye\"],\"inLanguage\":\"fr-BE\"},{\"@type\":\"WebPage\",\"@id\":\"https:\/\/avrupapress.com\/main\/2022\/06\/09\/bruksel-saadetden-aile-bulusmasi\/\",\"url\":\"https:\/\/avrupapress.com\/main\/2022\/06\/09\/bruksel-saadetden-aile-bulusmasi\/\",\"name\":\"Bruksel Saadet'den aile bulu\u015fmas\u0131.... - AvrupaPress\",\"isPartOf\":{\"@id\":\"https:\/\/avrupapress.com\/#website\"},\"primaryImageOfPage\":{\"@id\":\"https:\/\/avrupapress.com\/main\/2022\/06\/09\/bruksel-saadetden-aile-bulusmasi\/#primaryimage\"},\"image\":{\"@id\":\"https:\/\/avrupapress.com\/main\/2022\/06\/09\/bruksel-saadetden-aile-bulusmasi\/#primaryimage\"},\"thumbnailUrl\":\"https:\/\/avrupapress.com\/main\/wp-content\/uploads\/2022\/06\/WhatsApp-Image-2022-06-06-at-00.47.05-2.jpg\",\"datePublished\":\"2022-06-09T20:12:38+00:00\",\"dateModified\":\"2022-06-09T20:16:06+00:00\",\"breadcrumb\":{\"@id\":\"https:\/\/avrupapress.com\/main\/2022\/06\/09\/bruksel-saadetden-aile-bulusmasi\/#breadcrumb\"},\"inLanguage\":\"fr-BE\",\"potentialAction\":[{\"@type\":\"ReadAction\",\"target\":[\"https:\/\/avrupapress.com\/main\/2022\/06\/09\/bruksel-saadetden-aile-bulusmasi\/\"]}]},{\"@type\":\"ImageObject\",\"inLanguage\":\"fr-BE\",\"@id\":\"https:\/\/avrupapress.com\/main\/2022\/06\/09\/bruksel-saadetden-aile-bulusmasi\/#primaryimage\",\"url\":\"https:\/\/avrupapress.com\/main\/wp-content\/uploads\/2022\/06\/WhatsApp-Image-2022-06-06-at-00.47.05-2.jpg\",\"contentUrl\":\"https:\/\/avrupapress.com\/main\/wp-content\/uploads\/2022\/06\/WhatsApp-Image-2022-06-06-at-00.47.05-2.jpg\",\"width\":1024,\"height\":768},{\"@type\":\"BreadcrumbList\",\"@id\":\"https:\/\/avrupapress.com\/main\/2022\/06\/09\/bruksel-saadetden-aile-bulusmasi\/#breadcrumb\",\"itemListElement\":[{\"@type\":\"ListItem\",\"position\":1,\"name\":\"Anasayfa\",\"item\":\"https:\/\/avrupapress.com\/\"},{\"@type\":\"ListItem\",\"position\":2,\"name\":\"Bruksel Saadet&#8217;den aile bulu\u015fmas\u0131&#8230;.\"}]},{\"@type\":\"WebSite\",\"@id\":\"https:\/\/avrupapress.com\/#website\",\"url\":\"https:\/\/avrupapress.com\/\",\"name\":\"AvrupaPress\",\"description\":\"Haberin Adresi\",\"publisher\":{\"@id\":\"https:\/\/avrupapress.com\/#\/schema\/person\/0223dca19c72c43575bf30d1a2d8f4fa\"},\"potentialAction\":[{\"@type\":\"SearchAction\",\"target\":{\"@type\":\"EntryPoint\",\"urlTemplate\":\"https:\/\/avrupapress.com\/?s={search_term_string}\"},\"query-input\":{\"@type\":\"PropertyValueSpecification\",\"valueRequired\":true,\"valueName\":\"search_term_string\"}}],\"inLanguage\":\"fr-BE\"},{\"@type\":[\"Person\",\"Organization\"],\"@id\":\"https:\/\/avrupapress.com\/#\/schema\/person\/0223dca19c72c43575bf30d1a2d8f4fa\",\"name\":\"Bilgin \u00d6z\u00e7ift\u00e7i\",\"image\":{\"@type\":\"ImageObject\",\"inLanguage\":\"fr-BE\",\"@id\":\"https:\/\/avrupapress.com\/#\/schema\/person\/image\/\",\"url\":\"https:\/\/secure.gravatar.com\/avatar\/0f23b280433a21e1ea7a0adcc46ed0ad16afe3ad8e630fd13d8a017dcbd54ef3?s=96&d=mm&r=g\",\"contentUrl\":\"https:\/\/secure.gravatar.com\/avatar\/0f23b280433a21e1ea7a0adcc46ed0ad16afe3ad8e630fd13d8a017dcbd54ef3?s=96&d=mm&r=g\",\"caption\":\"Bilgin \u00d6z\u00e7ift\u00e7i\"},\"logo\":{\"@id\":\"https:\/\/avrupapress.com\/#\/schema\/person\/image\/\"},\"description\":\"Ne ben, nede sen... Biz ancak \\\"biz\\\" olursak g\u00fc\u00e7l\u00fc olabiliriz\"},{\"@type\":\"Person\",\"@id\":\"https:\/\/avrupapress.com\/#\/schema\/person\/68428444ec60970d1e1b700cf4ca1e8f\",\"name\":\"Edit\u00f6r\",\"image\":{\"@type\":\"ImageObject\",\"inLanguage\":\"fr-BE\",\"@id\":\"https:\/\/avrupapress.com\/#\/schema\/person\/image\/\",\"url\":\"https:\/\/secure.gravatar.com\/avatar\/74996b0977aa5f1559ba9883776652508b229005c0d78fb2597897f0bd651c09?s=96&d=mm&r=g\",\"contentUrl\":\"https:\/\/secure.gravatar.com\/avatar\/74996b0977aa5f1559ba9883776652508b229005c0d78fb2597897f0bd651c09?s=96&d=mm&r=g\",\"caption\":\"Edit\u00f6r\"},\"sameAs\":[\"http:\/\/www.avrupapress.com\"],\"url\":\"https:\/\/avrupapress.com\/main\/author\/editor\/\"}]}<\/script>\n<!-- \/ Yoast SEO plugin. -->","yoast_head_json":{"title":"Bruksel Saadet'den aile bulu\u015fmas\u0131.... - AvrupaPress","robots":{"index":"index","follow":"follow","max-snippet":"max-snippet:-1","max-image-preview":"max-image-preview:large","max-video-preview":"max-video-preview:-1"},"canonical":"https:\/\/avrupapress.com\/main\/2022\/06\/09\/bruksel-saadetden-aile-bulusmasi\/","og_locale":"fr_FR","og_type":"article","og_title":"Bruksel Saadet'den aile bulu\u015fmas\u0131.... - AvrupaPress","og_description":"Saadet Partisi Br\u00fcksel temsilcili\u011fi taraf\u0131ndan her sene d\u00fczenlenen\u00ab\u00a0Saadet bulu\u015fmas\u0131\u00a0\u00bb program\u0131nda; partililer, ailecek bir araya geldiler.Saadet Partisi Genel \u0130dare Kurulu \u00dcyesi E\u011fitimci Yazar Yusuf Yi\u011fitAlp,Saadet Avrupa Br\u00fcksel ve Anvers B\u00f6lge Y\u00f6netim Kurulu \u00dcyelerinin haz\u0131rbulundu\u011fu program hava muhalefetine ra\u011fmen Houthalen&rsquo;deger\u00e7ekle\u015ftirildi.\u00d6\u011flen namaz\u0131n\u0131n ard\u0131ndan ba\u015flayan programda selamlama konu\u015fmas\u0131 ard\u0131ndanmikrofona gelen Saadet partisi Genel \u0130dare Kurulu \u00dcyesi Yusuf Yi\u011fitalpT\u00fcrkiye&rsquo;deki ekonominin [&hellip;]","og_url":"https:\/\/avrupapress.com\/main\/2022\/06\/09\/bruksel-saadetden-aile-bulusmasi\/","og_site_name":"AvrupaPress","article_published_time":"2022-06-09T20:12:38+00:00","article_modified_time":"2022-06-09T20:16:06+00:00","og_image":[{"width":1024,"height":768,"url":"https:\/\/avrupapress.com\/main\/wp-content\/uploads\/2022\/06\/WhatsApp-Image-2022-06-06-at-00.47.05-2.jpg","type":"image\/jpeg"}],"author":"Edit\u00f6r","twitter_card":"summary_large_image","twitter_misc":{"\u00c9crit par":"Edit\u00f6r","Dur\u00e9e de lecture est.":"3 minutes"},"schema":{"@context":"https:\/\/schema.org","@graph":[{"@type":"Article","@id":"https:\/\/avrupapress.com\/main\/2022\/06\/09\/bruksel-saadetden-aile-bulusmasi\/#article","isPartOf":{"@id":"https:\/\/avrupapress.com\/main\/2022\/06\/09\/bruksel-saadetden-aile-bulusmasi\/"},"author":{"name":"Edit\u00f6r","@id":"https:\/\/avrupapress.com\/#\/schema\/person\/68428444ec60970d1e1b700cf4ca1e8f"},"headline":"Bruksel Saadet&rsquo;den aile bulu\u015fmas\u0131&#8230;.","datePublished":"2022-06-09T20:12:38+00:00","dateModified":"2022-06-09T20:16:06+00:00","mainEntityOfPage":{"@id":"https:\/\/avrupapress.com\/main\/2022\/06\/09\/bruksel-saadetden-aile-bulusmasi\/"},"wordCount":165,"publisher":{"@id":"https:\/\/avrupapress.com\/#\/schema\/person\/0223dca19c72c43575bf30d1a2d8f4fa"},"image":{"@id":"https:\/\/avrupapress.com\/main\/2022\/06\/09\/bruksel-saadetden-aile-bulusmasi\/#primaryimage"},"thumbnailUrl":"https:\/\/avrupapress.com\/main\/wp-content\/uploads\/2022\/06\/WhatsApp-Image-2022-06-06-at-00.47.05-2.jpg","articleSection":["Avrupa","Bel\u00e7ika","D\u00fcnya","K\u00fclt\u00fcr-Sanat","Tan\u0131t\u0131m","T\u00fcrkiye"],"inLanguage":"fr-BE"},{"@type":"WebPage","@id":"https:\/\/avrupapress.com\/main\/2022\/06\/09\/bruksel-saadetden-aile-bulusmasi\/","url":"https:\/\/avrupapress.com\/main\/2022\/06\/09\/bruksel-saadetden-aile-bulusmasi\/","name":"Bruksel Saadet'den aile bulu\u015fmas\u0131.... - AvrupaPress","isPartOf":{"@id":"https:\/\/avrupapress.com\/#website"},"primaryImageOfPage":{"@id":"https:\/\/avrupapress.com\/main\/2022\/06\/09\/bruksel-saadetden-aile-bulusmasi\/#primaryimage"},"image":{"@id":"https:\/\/avrupapress.com\/main\/2022\/06\/09\/bruksel-saadetden-aile-bulusmasi\/#primaryimage"},"thumbnailUrl":"https:\/\/avrupapress.com\/main\/wp-content\/uploads\/2022\/06\/WhatsApp-Image-2022-06-06-at-00.47.05-2.jpg","datePublished":"2022-06-09T20:12:38+00:00","dateModified":"2022-06-09T20:16:06+00:00","breadcrumb":{"@id":"https:\/\/avrupapress.com\/main\/2022\/06\/09\/bruksel-saadetden-aile-bulusmasi\/#breadcrumb"},"inLanguage":"fr-BE","potentialAction":[{"@type":"ReadAction","target":["https:\/\/avrupapress.com\/main\/2022\/06\/09\/bruksel-saadetden-aile-bulusmasi\/"]}]},{"@type":"ImageObject","inLanguage":"fr-BE","@id":"https:\/\/avrupapress.com\/main\/2022\/06\/09\/bruksel-saadetden-aile-bulusmasi\/#primaryimage","url":"https:\/\/avrupapress.com\/main\/wp-content\/uploads\/2022\/06\/WhatsApp-Image-2022-06-06-at-00.47.05-2.jpg","contentUrl":"https:\/\/avrupapress.com\/main\/wp-content\/uploads\/2022\/06\/WhatsApp-Image-2022-06-06-at-00.47.05-2.jpg","width":1024,"height":768},{"@type":"BreadcrumbList","@id":"https:\/\/avrupapress.com\/main\/2022\/06\/09\/bruksel-saadetden-aile-bulusmasi\/#breadcrumb","itemListElement":[{"@type":"ListItem","position":1,"name":"Anasayfa","item":"https:\/\/avrupapress.com\/"},{"@type":"ListItem","position":2,"name":"Bruksel Saadet&#8217;den aile bulu\u015fmas\u0131&#8230;."}]},{"@type":"WebSite","@id":"https:\/\/avrupapress.com\/#website","url":"https:\/\/avrupapress.com\/","name":"AvrupaPress","description":"Haberin Adresi","publisher":{"@id":"https:\/\/avrupapress.com\/#\/schema\/person\/0223dca19c72c43575bf30d1a2d8f4fa"},"potentialAction":[{"@type":"SearchAction","target":{"@type":"EntryPoint","urlTemplate":"https:\/\/avrupapress.com\/?s={search_term_string}"},"query-input":{"@type":"PropertyValueSpecification","valueRequired":true,"valueName":"search_term_string"}}],"inLanguage":"fr-BE"},{"@type":["Person","Organization"],"@id":"https:\/\/avrupapress.com\/#\/schema\/person\/0223dca19c72c43575bf30d1a2d8f4fa","name":"Bilgin \u00d6z\u00e7ift\u00e7i","image":{"@type":"ImageObject","inLanguage":"fr-BE","@id":"https:\/\/avrupapress.com\/#\/schema\/person\/image\/","url":"https:\/\/secure.gravatar.com\/avatar\/0f23b280433a21e1ea7a0adcc46ed0ad16afe3ad8e630fd13d8a017dcbd54ef3?s=96&d=mm&r=g","contentUrl":"https:\/\/secure.gravatar.com\/avatar\/0f23b280433a21e1ea7a0adcc46ed0ad16afe3ad8e630fd13d8a017dcbd54ef3?s=96&d=mm&r=g","caption":"Bilgin \u00d6z\u00e7ift\u00e7i"},"logo":{"@id":"https:\/\/avrupapress.com\/#\/schema\/person\/image\/"},"description":"Ne ben, nede sen... Biz ancak \"biz\" olursak g\u00fc\u00e7l\u00fc olabiliriz"},{"@type":"Person","@id":"https:\/\/avrupapress.com\/#\/schema\/person\/68428444ec60970d1e1b700cf4ca1e8f","name":"Edit\u00f6r","image":{"@type":"ImageObject","inLanguage":"fr-BE","@id":"https:\/\/avrupapress.com\/#\/schema\/person\/image\/","url":"https:\/\/secure.gravatar.com\/avatar\/74996b0977aa5f1559ba9883776652508b229005c0d78fb2597897f0bd651c09?s=96&d=mm&r=g","contentUrl":"https:\/\/secure.gravatar.com\/avatar\/74996b0977aa5f1559ba9883776652508b229005c0d78fb2597897f0bd651c09?s=96&d=mm&r=g","caption":"Edit\u00f6r"},"sameAs":["http:\/\/www.avrupapress.com"],"url":"https:\/\/avrupapress.com\/main\/author\/editor\/"}]}},"_links":{"self":[{"href":"https:\/\/avrupapress.com\/main\/wp-json\/wp\/v2\/posts\/19234","targetHints":{"allow":["GET"]}}],"collection":[{"href":"https:\/\/avrupapress.com\/main\/wp-json\/wp\/v2\/posts"}],"about":[{"href":"https:\/\/avrupapress.com\/main\/wp-json\/wp\/v2\/types\/post"}],"author":[{"embeddable":true,"href":"https:\/\/avrupapress.com\/main\/wp-json\/wp\/v2\/users\/3"}],"replies":[{"embeddable":true,"href":"https:\/\/avrupapress.com\/main\/wp-json\/wp\/v2\/comments?post=19234"}],"version-history":[{"count":1,"href":"https:\/\/avrupapress.com\/main\/wp-json\/wp\/v2\/posts\/19234\/revisions"}],"predecessor-version":[{"id":19243,"href":"https:\/\/avrupapress.com\/main\/wp-json\/wp\/v2\/posts\/19234\/revisions\/19243"}],"wp:featuredmedia":[{"embeddable":true,"href":"https:\/\/avrupapress.com\/main\/wp-json\/wp\/v2\/media\/19238"}],"wp:attachment":[{"href":"https:\/\/avrupapress.com\/main\/wp-json\/wp\/v2\/media?parent=19234"}],"wp:term":[{"taxonomy":"category","embeddable":true,"href":"https:\/\/avrupapress.com\/main\/wp-json\/wp\/v2\/categories?post=19234"},{"taxonomy":"post_tag","embeddable":true,"href":"https:\/\/avrupapress.com\/main\/wp-json\/wp\/v2\/tags?post=19234"}],"curies":[{"name":"wp","href":"https:\/\/api.w.org\/{rel}","templated":true}]}}