{"id":19215,"date":"2022-06-09T03:34:19","date_gmt":"2022-06-09T03:34:19","guid":{"rendered":"https:\/\/avrupapress.com\/main\/?p=19215"},"modified":"2022-06-09T03:36:26","modified_gmt":"2022-06-09T03:36:26","slug":"eskisehir-de-mutlulugun-fotografini-ceken-ali-amca","status":"publish","type":"post","link":"https:\/\/avrupapress.com\/main\/2022\/06\/09\/eskisehir-de-mutlulugun-fotografini-ceken-ali-amca\/","title":{"rendered":"ESK\u0130\u015eEH\u0130R\u2019 DE MUTLULU\u011eUN FOTO\u011eRAFINI \u00c7EKEN AL\u0130 AMCA"},"content":{"rendered":"<p>Ali Amca Eski\u015fehir sokaklar\u0131nda mutlulu\u011fun foto\u011fraf\u0131n\u0131 \u00e7ekerek kendisinin y\u00f6netti\u011fi bir sayfa arac\u0131l\u0131\u011f\u0131 ile sosyal medya \u00fczerinden payla\u015f\u0131yor.<\/p>\n<p>Eski\u015fehir\u2019 de ya\u015fayan Ali Bey k\u00f6pe\u011fi Bal ile beraber y\u0131llarca Eski\u015fehir sokaklar\u0131nda dola\u015farak insanlarla k\u00f6pe\u011finin ayn\u0131 karede foto\u011fraflar\u0131n\u0131 \u00e7ekerek bu foto\u011fraflar\u0131 sosyal medya \u00fczerinden a\u00e7t\u0131\u011f\u0131 sayfas\u0131nda payla\u015ft\u0131. Ne yaz\u0131k ki 2019 y\u0131l\u0131nda k\u00f6pe\u011fi Bal\u2019 \u0131 kaybetti. Bu durumun onu olduk\u00e7a etkiledi\u011fini anlatan Ali Amca \u015fu s\u00f6zleri kulland\u0131: \u2018\u2019Bir yak\u0131n\u0131n\u0131z\u0131 kaybetti\u011finizi d\u00fc\u015f\u00fcn\u00fcn, mesela e\u015finizi, annenizi veya \u00e7ocu\u011funuzu. Bu durum ondan bile daha ac\u0131 \u00e7\u00fcnk\u00fc ne kadar yak\u0131n\u0131n\u0131z olursa olsun size yapm\u0131\u015f oldu\u011fu bir yanl\u0131\u015f veya bir k\u00f6t\u00fcl\u00fck vard\u0131r. Hayvanlar \u00f6yle de\u011fil onlar\u0131n size hi\u00e7bir k\u00f6t\u00fcl\u00fc\u011f\u00fc ve yanl\u0131\u015f\u0131 olmaz, Bal\u2019 \u0131n bana hi\u00e7bir k\u00f6t\u00fcl\u00fc\u011f\u00fc olmad\u0131. Onun vefat\u0131 ben \u00e7ok y\u0131pratt\u0131 ve g\u00fcl\u00fcmseyemez oldum.\u2019\u2019 Bal\u2019 \u0131n vefat\u0131n\u0131n ard\u0131ndan hayata k\u00fcsen Ali Amca foto\u011fraf \u00e7ekmeyi de b\u0131rakm\u0131\u015ft\u0131.<\/p>\n<p><img loading=\"lazy\" decoding=\"async\" class=\"alignnone size-medium wp-image-19217\" src=\"https:\/\/avrupapress.com\/main\/wp-content\/uploads\/2022\/06\/1654722947445-257x300.jpg\" alt=\"\" width=\"257\" height=\"300\" srcset=\"https:\/\/avrupapress.com\/main\/wp-content\/uploads\/2022\/06\/1654722947445-257x300.jpg 257w, https:\/\/avrupapress.com\/main\/wp-content\/uploads\/2022\/06\/1654722947445-768x898.jpg 768w, https:\/\/avrupapress.com\/main\/wp-content\/uploads\/2022\/06\/1654722947445.jpg 876w\" sizes=\"auto, (max-width: 257px) 100vw, 257px\" \/><\/p>\n<p>Ve Bir g\u00fcn Eski\u015fehir Belediye Ba\u015fkan\u0131 Y\u0131lmaz B\u00fcy\u00fcker\u015fen ile kar\u015f\u0131la\u015fan Ali Amca ya\u015fad\u0131\u011f\u0131 bu \u00fcz\u00fcc\u00fc olay\u0131 ve ruh halini Y\u0131lmaz B\u00fcy\u00fcker\u015fen\u2019 e anlatt\u0131. Y\u0131lmaz B\u00fcy\u00fcker\u015fen Ali Amcan\u0131n mutlulu\u011fu bulamad\u0131\u011f\u0131n\u0131 anlay\u0131nca ona \u2018\u2019 Neden mutlulu\u011fun foto\u011fraf\u0131n\u0131 \u00e7ekmeyi denemiyorsun? \u2018\u2019 diyor. B\u00f6ylelikle Ali Amca\u2019 n\u0131n art\u0131k hedefi mutlulu\u011fun foto\u011fraf\u0131n\u0131 \u00e7ekmek olur ve yeniden Eski\u015fehir sokaklar\u0131na d\u00f6nerek yoldan ge\u00e7en insanlardan izin alarak ve onlar\u0131n mutlu anlar\u0131n\u0131 \u00f6l\u00fcms\u00fczle\u015ftirerek sosyal medyada payla\u015fmaya devam ediyor<\/p>\n<p>.<img loading=\"lazy\" decoding=\"async\" class=\"alignnone size-medium wp-image-19220\" src=\"https:\/\/avrupapress.com\/main\/wp-content\/uploads\/2022\/06\/1654722937772-300x263.jpg\" alt=\"\" width=\"300\" height=\"263\" srcset=\"https:\/\/avrupapress.com\/main\/wp-content\/uploads\/2022\/06\/1654722937772-300x263.jpg 300w, https:\/\/avrupapress.com\/main\/wp-content\/uploads\/2022\/06\/1654722937772-768x674.jpg 768w, https:\/\/avrupapress.com\/main\/wp-content\/uploads\/2022\/06\/1654722937772.jpg 1024w\" sizes=\"auto, (max-width: 300px) 100vw, 300px\" \/><\/p>\n<p>Bir g\u00fcn yolunuz Eski\u015fehir sokaklar\u0131na d\u00fc\u015ferse Ali Amca\u2019 yla mutlulu\u011funuzu \u00f6l\u00fcms\u00fczle\u015ftirecek bir kare foto\u011fraf da siz \u00e7ektirin.<\/p>\n<p><img loading=\"lazy\" decoding=\"async\" class=\"alignnone size-medium wp-image-19222\" src=\"https:\/\/avrupapress.com\/main\/wp-content\/uploads\/2022\/06\/1654722944463-1-180x300.jpg\" alt=\"\" width=\"180\" height=\"300\" srcset=\"https:\/\/avrupapress.com\/main\/wp-content\/uploads\/2022\/06\/1654722944463-1-180x300.jpg 180w, https:\/\/avrupapress.com\/main\/wp-content\/uploads\/2022\/06\/1654722944463-1.jpg 615w\" sizes=\"auto, (max-width: 180px) 100vw, 180px\" \/><img loading=\"lazy\" decoding=\"async\" class=\"alignnone size-medium wp-image-19219\" src=\"https:\/\/avrupapress.com\/main\/wp-content\/uploads\/2022\/06\/1654722952498-180x300.jpg\" alt=\"\" width=\"180\" height=\"300\" srcset=\"https:\/\/avrupapress.com\/main\/wp-content\/uploads\/2022\/06\/1654722952498-180x300.jpg 180w, https:\/\/avrupapress.com\/main\/wp-content\/uploads\/2022\/06\/1654722952498.jpg 615w\" sizes=\"auto, (max-width: 180px) 100vw, 180px\" \/><\/p>\n<p>&nbsp;<\/p>\n<p><strong>\u015eERM\u0130N ADLIM\u00a0 \/AVRUPAPRESS<\/strong><\/p>\n<p>&nbsp;<\/p>\n<p>&nbsp;<\/p>\n<p>&nbsp;<\/p>\n<p>&nbsp;<\/p>\n<p>&nbsp;<\/p>\n<p>&nbsp;<\/p>\n<p>&nbsp;<\/p>\n<p>&nbsp;<\/p>\n<p>&nbsp;<\/p>\n<p>&nbsp;<\/p>\n<p>&nbsp;<\/p>\n","protected":false},"excerpt":{"rendered":"<p>Ali Amca Eski\u015fehir sokaklar\u0131nda mutlulu\u011fun foto\u011fraf\u0131n\u0131 \u00e7ekerek kendisinin y\u00f6netti\u011fi bir sayfa arac\u0131l\u0131\u011f\u0131 ile sosyal medya \u00fczerinden payla\u015f\u0131yor. Eski\u015fehir\u2019 de ya\u015fayan Ali Bey k\u00f6pe\u011fi Bal ile beraber y\u0131llarca Eski\u015fehir sokaklar\u0131nda dola\u015farak insanlarla k\u00f6pe\u011finin ayn\u0131 karede foto\u011fraflar\u0131n\u0131 \u00e7ekerek bu foto\u011fraflar\u0131 sosyal medya \u00fczerinden a\u00e7t\u0131\u011f\u0131 sayfas\u0131nda payla\u015ft\u0131. Ne yaz\u0131k ki 2019 y\u0131l\u0131nda k\u00f6pe\u011fi Bal\u2019 \u0131 kaybetti. Bu durumun [&hellip;]<\/p>\n","protected":false},"author":3,"featured_media":19223,"comment_status":"closed","ping_status":"open","sticky":false,"template":"","format":"standard","meta":{"footnotes":""},"categories":[14,16,3,17,18,15,19,2,1],"tags":[],"class_list":["post-19215","post","type-post","status-publish","format-standard","has-post-thumbnail","hentry","category-avrupa","category-belcika","category-dunya","category-ekonomi","category-kultur-sanat","category-spor","category-tanitim","category-turkiye","category-uncategorized"],"yoast_head":"<!-- This site is optimized with the Yoast SEO plugin v26.9 - https:\/\/yoast.com\/product\/yoast-seo-wordpress\/ -->\n<title>ESK\u0130\u015eEH\u0130R\u2019 DE MUTLULU\u011eUN FOTO\u011eRAFINI \u00c7EKEN AL\u0130 AMCA - AvrupaPress<\/title>\n<meta name=\"robots\" content=\"index, follow, max-snippet:-1, max-image-preview:large, max-video-preview:-1\" \/>\n<link rel=\"canonical\" href=\"https:\/\/avrupapress.com\/main\/2022\/06\/09\/eskisehir-de-mutlulugun-fotografini-ceken-ali-amca\/\" \/>\n<meta property=\"og:locale\" content=\"fr_FR\" \/>\n<meta property=\"og:type\" content=\"article\" \/>\n<meta property=\"og:title\" content=\"ESK\u0130\u015eEH\u0130R\u2019 DE MUTLULU\u011eUN FOTO\u011eRAFINI \u00c7EKEN AL\u0130 AMCA - AvrupaPress\" \/>\n<meta property=\"og:description\" content=\"Ali Amca Eski\u015fehir sokaklar\u0131nda mutlulu\u011fun foto\u011fraf\u0131n\u0131 \u00e7ekerek kendisinin y\u00f6netti\u011fi bir sayfa arac\u0131l\u0131\u011f\u0131 ile sosyal medya \u00fczerinden payla\u015f\u0131yor. Eski\u015fehir\u2019 de ya\u015fayan Ali Bey k\u00f6pe\u011fi Bal ile beraber y\u0131llarca Eski\u015fehir sokaklar\u0131nda dola\u015farak insanlarla k\u00f6pe\u011finin ayn\u0131 karede foto\u011fraflar\u0131n\u0131 \u00e7ekerek bu foto\u011fraflar\u0131 sosyal medya \u00fczerinden a\u00e7t\u0131\u011f\u0131 sayfas\u0131nda payla\u015ft\u0131. Ne yaz\u0131k ki 2019 y\u0131l\u0131nda k\u00f6pe\u011fi Bal\u2019 \u0131 kaybetti. Bu durumun [&hellip;]\" \/>\n<meta property=\"og:url\" content=\"https:\/\/avrupapress.com\/main\/2022\/06\/09\/eskisehir-de-mutlulugun-fotografini-ceken-ali-amca\/\" \/>\n<meta property=\"og:site_name\" content=\"AvrupaPress\" \/>\n<meta property=\"article:published_time\" content=\"2022-06-09T03:34:19+00:00\" \/>\n<meta property=\"article:modified_time\" content=\"2022-06-09T03:36:26+00:00\" \/>\n<meta property=\"og:image\" content=\"https:\/\/avrupapress.com\/main\/wp-content\/uploads\/2022\/06\/1654605307607.jpg\" \/>\n\t<meta property=\"og:image:width\" content=\"1009\" \/>\n\t<meta property=\"og:image:height\" content=\"1009\" \/>\n\t<meta property=\"og:image:type\" content=\"image\/jpeg\" \/>\n<meta name=\"author\" content=\"Edit\u00f6r\" \/>\n<meta name=\"twitter:card\" content=\"summary_large_image\" \/>\n<meta name=\"twitter:label1\" content=\"\u00c9crit par\" \/>\n\t<meta name=\"twitter:data1\" content=\"Edit\u00f6r\" \/>\n\t<meta name=\"twitter:label2\" content=\"Dur\u00e9e de lecture est.\" \/>\n\t<meta name=\"twitter:data2\" content=\"3 minutes\" \/>\n<script type=\"application\/ld+json\" class=\"yoast-schema-graph\">{\"@context\":\"https:\/\/schema.org\",\"@graph\":[{\"@type\":\"Article\",\"@id\":\"https:\/\/avrupapress.com\/main\/2022\/06\/09\/eskisehir-de-mutlulugun-fotografini-ceken-ali-amca\/#article\",\"isPartOf\":{\"@id\":\"https:\/\/avrupapress.com\/main\/2022\/06\/09\/eskisehir-de-mutlulugun-fotografini-ceken-ali-amca\/\"},\"author\":{\"name\":\"Edit\u00f6r\",\"@id\":\"https:\/\/avrupapress.com\/#\/schema\/person\/68428444ec60970d1e1b700cf4ca1e8f\"},\"headline\":\"ESK\u0130\u015eEH\u0130R\u2019 DE MUTLULU\u011eUN FOTO\u011eRAFINI \u00c7EKEN AL\u0130 AMCA\",\"datePublished\":\"2022-06-09T03:34:19+00:00\",\"dateModified\":\"2022-06-09T03:36:26+00:00\",\"mainEntityOfPage\":{\"@id\":\"https:\/\/avrupapress.com\/main\/2022\/06\/09\/eskisehir-de-mutlulugun-fotografini-ceken-ali-amca\/\"},\"wordCount\":357,\"publisher\":{\"@id\":\"https:\/\/avrupapress.com\/#\/schema\/person\/0223dca19c72c43575bf30d1a2d8f4fa\"},\"image\":{\"@id\":\"https:\/\/avrupapress.com\/main\/2022\/06\/09\/eskisehir-de-mutlulugun-fotografini-ceken-ali-amca\/#primaryimage\"},\"thumbnailUrl\":\"https:\/\/avrupapress.com\/main\/wp-content\/uploads\/2022\/06\/1654605307607.jpg\",\"articleSection\":[\"Avrupa\",\"Bel\u00e7ika\",\"D\u00fcnya\",\"Ekonomi\",\"K\u00fclt\u00fcr-Sanat\",\"Spor\",\"Tan\u0131t\u0131m\",\"T\u00fcrkiye\",\"Uncategorized\"],\"inLanguage\":\"fr-BE\"},{\"@type\":\"WebPage\",\"@id\":\"https:\/\/avrupapress.com\/main\/2022\/06\/09\/eskisehir-de-mutlulugun-fotografini-ceken-ali-amca\/\",\"url\":\"https:\/\/avrupapress.com\/main\/2022\/06\/09\/eskisehir-de-mutlulugun-fotografini-ceken-ali-amca\/\",\"name\":\"ESK\u0130\u015eEH\u0130R\u2019 DE MUTLULU\u011eUN FOTO\u011eRAFINI \u00c7EKEN AL\u0130 AMCA - AvrupaPress\",\"isPartOf\":{\"@id\":\"https:\/\/avrupapress.com\/#website\"},\"primaryImageOfPage\":{\"@id\":\"https:\/\/avrupapress.com\/main\/2022\/06\/09\/eskisehir-de-mutlulugun-fotografini-ceken-ali-amca\/#primaryimage\"},\"image\":{\"@id\":\"https:\/\/avrupapress.com\/main\/2022\/06\/09\/eskisehir-de-mutlulugun-fotografini-ceken-ali-amca\/#primaryimage\"},\"thumbnailUrl\":\"https:\/\/avrupapress.com\/main\/wp-content\/uploads\/2022\/06\/1654605307607.jpg\",\"datePublished\":\"2022-06-09T03:34:19+00:00\",\"dateModified\":\"2022-06-09T03:36:26+00:00\",\"breadcrumb\":{\"@id\":\"https:\/\/avrupapress.com\/main\/2022\/06\/09\/eskisehir-de-mutlulugun-fotografini-ceken-ali-amca\/#breadcrumb\"},\"inLanguage\":\"fr-BE\",\"potentialAction\":[{\"@type\":\"ReadAction\",\"target\":[\"https:\/\/avrupapress.com\/main\/2022\/06\/09\/eskisehir-de-mutlulugun-fotografini-ceken-ali-amca\/\"]}]},{\"@type\":\"ImageObject\",\"inLanguage\":\"fr-BE\",\"@id\":\"https:\/\/avrupapress.com\/main\/2022\/06\/09\/eskisehir-de-mutlulugun-fotografini-ceken-ali-amca\/#primaryimage\",\"url\":\"https:\/\/avrupapress.com\/main\/wp-content\/uploads\/2022\/06\/1654605307607.jpg\",\"contentUrl\":\"https:\/\/avrupapress.com\/main\/wp-content\/uploads\/2022\/06\/1654605307607.jpg\",\"width\":1009,\"height\":1009},{\"@type\":\"BreadcrumbList\",\"@id\":\"https:\/\/avrupapress.com\/main\/2022\/06\/09\/eskisehir-de-mutlulugun-fotografini-ceken-ali-amca\/#breadcrumb\",\"itemListElement\":[{\"@type\":\"ListItem\",\"position\":1,\"name\":\"Anasayfa\",\"item\":\"https:\/\/avrupapress.com\/\"},{\"@type\":\"ListItem\",\"position\":2,\"name\":\"ESK\u0130\u015eEH\u0130R\u2019 DE MUTLULU\u011eUN FOTO\u011eRAFINI \u00c7EKEN AL\u0130 AMCA\"}]},{\"@type\":\"WebSite\",\"@id\":\"https:\/\/avrupapress.com\/#website\",\"url\":\"https:\/\/avrupapress.com\/\",\"name\":\"AvrupaPress\",\"description\":\"Haberin Adresi\",\"publisher\":{\"@id\":\"https:\/\/avrupapress.com\/#\/schema\/person\/0223dca19c72c43575bf30d1a2d8f4fa\"},\"potentialAction\":[{\"@type\":\"SearchAction\",\"target\":{\"@type\":\"EntryPoint\",\"urlTemplate\":\"https:\/\/avrupapress.com\/?s={search_term_string}\"},\"query-input\":{\"@type\":\"PropertyValueSpecification\",\"valueRequired\":true,\"valueName\":\"search_term_string\"}}],\"inLanguage\":\"fr-BE\"},{\"@type\":[\"Person\",\"Organization\"],\"@id\":\"https:\/\/avrupapress.com\/#\/schema\/person\/0223dca19c72c43575bf30d1a2d8f4fa\",\"name\":\"Bilgin \u00d6z\u00e7ift\u00e7i\",\"image\":{\"@type\":\"ImageObject\",\"inLanguage\":\"fr-BE\",\"@id\":\"https:\/\/avrupapress.com\/#\/schema\/person\/image\/\",\"url\":\"https:\/\/secure.gravatar.com\/avatar\/0f23b280433a21e1ea7a0adcc46ed0ad16afe3ad8e630fd13d8a017dcbd54ef3?s=96&d=mm&r=g\",\"contentUrl\":\"https:\/\/secure.gravatar.com\/avatar\/0f23b280433a21e1ea7a0adcc46ed0ad16afe3ad8e630fd13d8a017dcbd54ef3?s=96&d=mm&r=g\",\"caption\":\"Bilgin \u00d6z\u00e7ift\u00e7i\"},\"logo\":{\"@id\":\"https:\/\/avrupapress.com\/#\/schema\/person\/image\/\"},\"description\":\"Ne ben, nede sen... Biz ancak \\\"biz\\\" olursak g\u00fc\u00e7l\u00fc olabiliriz\"},{\"@type\":\"Person\",\"@id\":\"https:\/\/avrupapress.com\/#\/schema\/person\/68428444ec60970d1e1b700cf4ca1e8f\",\"name\":\"Edit\u00f6r\",\"image\":{\"@type\":\"ImageObject\",\"inLanguage\":\"fr-BE\",\"@id\":\"https:\/\/avrupapress.com\/#\/schema\/person\/image\/\",\"url\":\"https:\/\/secure.gravatar.com\/avatar\/74996b0977aa5f1559ba9883776652508b229005c0d78fb2597897f0bd651c09?s=96&d=mm&r=g\",\"contentUrl\":\"https:\/\/secure.gravatar.com\/avatar\/74996b0977aa5f1559ba9883776652508b229005c0d78fb2597897f0bd651c09?s=96&d=mm&r=g\",\"caption\":\"Edit\u00f6r\"},\"sameAs\":[\"http:\/\/www.avrupapress.com\"],\"url\":\"https:\/\/avrupapress.com\/main\/author\/editor\/\"}]}<\/script>\n<!-- \/ Yoast SEO plugin. -->","yoast_head_json":{"title":"ESK\u0130\u015eEH\u0130R\u2019 DE MUTLULU\u011eUN FOTO\u011eRAFINI \u00c7EKEN AL\u0130 AMCA - AvrupaPress","robots":{"index":"index","follow":"follow","max-snippet":"max-snippet:-1","max-image-preview":"max-image-preview:large","max-video-preview":"max-video-preview:-1"},"canonical":"https:\/\/avrupapress.com\/main\/2022\/06\/09\/eskisehir-de-mutlulugun-fotografini-ceken-ali-amca\/","og_locale":"fr_FR","og_type":"article","og_title":"ESK\u0130\u015eEH\u0130R\u2019 DE MUTLULU\u011eUN FOTO\u011eRAFINI \u00c7EKEN AL\u0130 AMCA - AvrupaPress","og_description":"Ali Amca Eski\u015fehir sokaklar\u0131nda mutlulu\u011fun foto\u011fraf\u0131n\u0131 \u00e7ekerek kendisinin y\u00f6netti\u011fi bir sayfa arac\u0131l\u0131\u011f\u0131 ile sosyal medya \u00fczerinden payla\u015f\u0131yor. Eski\u015fehir\u2019 de ya\u015fayan Ali Bey k\u00f6pe\u011fi Bal ile beraber y\u0131llarca Eski\u015fehir sokaklar\u0131nda dola\u015farak insanlarla k\u00f6pe\u011finin ayn\u0131 karede foto\u011fraflar\u0131n\u0131 \u00e7ekerek bu foto\u011fraflar\u0131 sosyal medya \u00fczerinden a\u00e7t\u0131\u011f\u0131 sayfas\u0131nda payla\u015ft\u0131. Ne yaz\u0131k ki 2019 y\u0131l\u0131nda k\u00f6pe\u011fi Bal\u2019 \u0131 kaybetti. Bu durumun [&hellip;]","og_url":"https:\/\/avrupapress.com\/main\/2022\/06\/09\/eskisehir-de-mutlulugun-fotografini-ceken-ali-amca\/","og_site_name":"AvrupaPress","article_published_time":"2022-06-09T03:34:19+00:00","article_modified_time":"2022-06-09T03:36:26+00:00","og_image":[{"width":1009,"height":1009,"url":"https:\/\/avrupapress.com\/main\/wp-content\/uploads\/2022\/06\/1654605307607.jpg","type":"image\/jpeg"}],"author":"Edit\u00f6r","twitter_card":"summary_large_image","twitter_misc":{"\u00c9crit par":"Edit\u00f6r","Dur\u00e9e de lecture est.":"3 minutes"},"schema":{"@context":"https:\/\/schema.org","@graph":[{"@type":"Article","@id":"https:\/\/avrupapress.com\/main\/2022\/06\/09\/eskisehir-de-mutlulugun-fotografini-ceken-ali-amca\/#article","isPartOf":{"@id":"https:\/\/avrupapress.com\/main\/2022\/06\/09\/eskisehir-de-mutlulugun-fotografini-ceken-ali-amca\/"},"author":{"name":"Edit\u00f6r","@id":"https:\/\/avrupapress.com\/#\/schema\/person\/68428444ec60970d1e1b700cf4ca1e8f"},"headline":"ESK\u0130\u015eEH\u0130R\u2019 DE MUTLULU\u011eUN FOTO\u011eRAFINI \u00c7EKEN AL\u0130 AMCA","datePublished":"2022-06-09T03:34:19+00:00","dateModified":"2022-06-09T03:36:26+00:00","mainEntityOfPage":{"@id":"https:\/\/avrupapress.com\/main\/2022\/06\/09\/eskisehir-de-mutlulugun-fotografini-ceken-ali-amca\/"},"wordCount":357,"publisher":{"@id":"https:\/\/avrupapress.com\/#\/schema\/person\/0223dca19c72c43575bf30d1a2d8f4fa"},"image":{"@id":"https:\/\/avrupapress.com\/main\/2022\/06\/09\/eskisehir-de-mutlulugun-fotografini-ceken-ali-amca\/#primaryimage"},"thumbnailUrl":"https:\/\/avrupapress.com\/main\/wp-content\/uploads\/2022\/06\/1654605307607.jpg","articleSection":["Avrupa","Bel\u00e7ika","D\u00fcnya","Ekonomi","K\u00fclt\u00fcr-Sanat","Spor","Tan\u0131t\u0131m","T\u00fcrkiye","Uncategorized"],"inLanguage":"fr-BE"},{"@type":"WebPage","@id":"https:\/\/avrupapress.com\/main\/2022\/06\/09\/eskisehir-de-mutlulugun-fotografini-ceken-ali-amca\/","url":"https:\/\/avrupapress.com\/main\/2022\/06\/09\/eskisehir-de-mutlulugun-fotografini-ceken-ali-amca\/","name":"ESK\u0130\u015eEH\u0130R\u2019 DE MUTLULU\u011eUN FOTO\u011eRAFINI \u00c7EKEN AL\u0130 AMCA - AvrupaPress","isPartOf":{"@id":"https:\/\/avrupapress.com\/#website"},"primaryImageOfPage":{"@id":"https:\/\/avrupapress.com\/main\/2022\/06\/09\/eskisehir-de-mutlulugun-fotografini-ceken-ali-amca\/#primaryimage"},"image":{"@id":"https:\/\/avrupapress.com\/main\/2022\/06\/09\/eskisehir-de-mutlulugun-fotografini-ceken-ali-amca\/#primaryimage"},"thumbnailUrl":"https:\/\/avrupapress.com\/main\/wp-content\/uploads\/2022\/06\/1654605307607.jpg","datePublished":"2022-06-09T03:34:19+00:00","dateModified":"2022-06-09T03:36:26+00:00","breadcrumb":{"@id":"https:\/\/avrupapress.com\/main\/2022\/06\/09\/eskisehir-de-mutlulugun-fotografini-ceken-ali-amca\/#breadcrumb"},"inLanguage":"fr-BE","potentialAction":[{"@type":"ReadAction","target":["https:\/\/avrupapress.com\/main\/2022\/06\/09\/eskisehir-de-mutlulugun-fotografini-ceken-ali-amca\/"]}]},{"@type":"ImageObject","inLanguage":"fr-BE","@id":"https:\/\/avrupapress.com\/main\/2022\/06\/09\/eskisehir-de-mutlulugun-fotografini-ceken-ali-amca\/#primaryimage","url":"https:\/\/avrupapress.com\/main\/wp-content\/uploads\/2022\/06\/1654605307607.jpg","contentUrl":"https:\/\/avrupapress.com\/main\/wp-content\/uploads\/2022\/06\/1654605307607.jpg","width":1009,"height":1009},{"@type":"BreadcrumbList","@id":"https:\/\/avrupapress.com\/main\/2022\/06\/09\/eskisehir-de-mutlulugun-fotografini-ceken-ali-amca\/#breadcrumb","itemListElement":[{"@type":"ListItem","position":1,"name":"Anasayfa","item":"https:\/\/avrupapress.com\/"},{"@type":"ListItem","position":2,"name":"ESK\u0130\u015eEH\u0130R\u2019 DE MUTLULU\u011eUN FOTO\u011eRAFINI \u00c7EKEN AL\u0130 AMCA"}]},{"@type":"WebSite","@id":"https:\/\/avrupapress.com\/#website","url":"https:\/\/avrupapress.com\/","name":"AvrupaPress","description":"Haberin Adresi","publisher":{"@id":"https:\/\/avrupapress.com\/#\/schema\/person\/0223dca19c72c43575bf30d1a2d8f4fa"},"potentialAction":[{"@type":"SearchAction","target":{"@type":"EntryPoint","urlTemplate":"https:\/\/avrupapress.com\/?s={search_term_string}"},"query-input":{"@type":"PropertyValueSpecification","valueRequired":true,"valueName":"search_term_string"}}],"inLanguage":"fr-BE"},{"@type":["Person","Organization"],"@id":"https:\/\/avrupapress.com\/#\/schema\/person\/0223dca19c72c43575bf30d1a2d8f4fa","name":"Bilgin \u00d6z\u00e7ift\u00e7i","image":{"@type":"ImageObject","inLanguage":"fr-BE","@id":"https:\/\/avrupapress.com\/#\/schema\/person\/image\/","url":"https:\/\/secure.gravatar.com\/avatar\/0f23b280433a21e1ea7a0adcc46ed0ad16afe3ad8e630fd13d8a017dcbd54ef3?s=96&d=mm&r=g","contentUrl":"https:\/\/secure.gravatar.com\/avatar\/0f23b280433a21e1ea7a0adcc46ed0ad16afe3ad8e630fd13d8a017dcbd54ef3?s=96&d=mm&r=g","caption":"Bilgin \u00d6z\u00e7ift\u00e7i"},"logo":{"@id":"https:\/\/avrupapress.com\/#\/schema\/person\/image\/"},"description":"Ne ben, nede sen... Biz ancak \"biz\" olursak g\u00fc\u00e7l\u00fc olabiliriz"},{"@type":"Person","@id":"https:\/\/avrupapress.com\/#\/schema\/person\/68428444ec60970d1e1b700cf4ca1e8f","name":"Edit\u00f6r","image":{"@type":"ImageObject","inLanguage":"fr-BE","@id":"https:\/\/avrupapress.com\/#\/schema\/person\/image\/","url":"https:\/\/secure.gravatar.com\/avatar\/74996b0977aa5f1559ba9883776652508b229005c0d78fb2597897f0bd651c09?s=96&d=mm&r=g","contentUrl":"https:\/\/secure.gravatar.com\/avatar\/74996b0977aa5f1559ba9883776652508b229005c0d78fb2597897f0bd651c09?s=96&d=mm&r=g","caption":"Edit\u00f6r"},"sameAs":["http:\/\/www.avrupapress.com"],"url":"https:\/\/avrupapress.com\/main\/author\/editor\/"}]}},"_links":{"self":[{"href":"https:\/\/avrupapress.com\/main\/wp-json\/wp\/v2\/posts\/19215","targetHints":{"allow":["GET"]}}],"collection":[{"href":"https:\/\/avrupapress.com\/main\/wp-json\/wp\/v2\/posts"}],"about":[{"href":"https:\/\/avrupapress.com\/main\/wp-json\/wp\/v2\/types\/post"}],"author":[{"embeddable":true,"href":"https:\/\/avrupapress.com\/main\/wp-json\/wp\/v2\/users\/3"}],"replies":[{"embeddable":true,"href":"https:\/\/avrupapress.com\/main\/wp-json\/wp\/v2\/comments?post=19215"}],"version-history":[{"count":1,"href":"https:\/\/avrupapress.com\/main\/wp-json\/wp\/v2\/posts\/19215\/revisions"}],"predecessor-version":[{"id":19224,"href":"https:\/\/avrupapress.com\/main\/wp-json\/wp\/v2\/posts\/19215\/revisions\/19224"}],"wp:featuredmedia":[{"embeddable":true,"href":"https:\/\/avrupapress.com\/main\/wp-json\/wp\/v2\/media\/19223"}],"wp:attachment":[{"href":"https:\/\/avrupapress.com\/main\/wp-json\/wp\/v2\/media?parent=19215"}],"wp:term":[{"taxonomy":"category","embeddable":true,"href":"https:\/\/avrupapress.com\/main\/wp-json\/wp\/v2\/categories?post=19215"},{"taxonomy":"post_tag","embeddable":true,"href":"https:\/\/avrupapress.com\/main\/wp-json\/wp\/v2\/tags?post=19215"}],"curies":[{"name":"wp","href":"https:\/\/api.w.org\/{rel}","templated":true}]}}