{"id":19070,"date":"2022-05-27T18:56:23","date_gmt":"2022-05-27T18:56:23","guid":{"rendered":"https:\/\/avrupapress.com\/main\/?p=19070"},"modified":"2022-05-27T18:56:33","modified_gmt":"2022-05-27T18:56:33","slug":"tahir-aydogdu-internet-korosu-ilk-konseri-ilgi-gordu","status":"publish","type":"post","link":"https:\/\/avrupapress.com\/main\/2022\/05\/27\/tahir-aydogdu-internet-korosu-ilk-konseri-ilgi-gordu\/","title":{"rendered":"Tahir Aydo\u011fdu \u0130nternet Korosu ilk konseri ilgi g\u00f6rd\u00fc"},"content":{"rendered":"<p class=\"x_MsoNormal\"><strong>HABER \/FOTO\u011eRAF: ERTU\u011eRUL ALTINEL \u2013 B\u0130LG\u0130N \u00d6Z\u00c7\u0130FT\u00c7\u0130 \u2013 AVRUPAPRESS &#8211; BEL\u00c7\u0130KA<\/strong><\/p>\n<p class=\"x_MsoNormal\">Tahir Aydo\u011fdu \u0130nternet Korosu ilk konserini, Eski\u015fehir Anadolu \u00dcniversitesi Sinema Anadolu Yunus Emre Kamp\u00fcs\u00fc\u2019nde verdi ve konser m\u00fczikseverler taraf\u0131ndan ilgi g\u00f6rd\u00fc.<\/p>\n<p class=\"x_MsoNormal\">Konserin sunumunu Leyla Sal\u0131k yapt\u0131. Kanun sanat\u00e7\u0131s\u0131 ve koro \u015fefi Tahir Aydo\u011fdu konu ile ilgili yapt\u0131\u011f\u0131 a\u00e7\u0131klamada, \u2018\u2019Farkl\u0131 meslek gruplar\u0131ndan, T\u00fcrkiye&rsquo;nin 7 farkl\u0131 b\u00f6lgesinden 30&rsquo;a yak\u0131n hanende ve sazende; birbirinden habersiz olarak internet ortam\u0131nda duyurdu\u011fumuz \u00e7a\u011fr\u0131ya cevap vererek \u2018me\u015fk\u2019 grubuna dah\u00eel oldu. Grup ilk \u00e7al\u0131\u015fmas\u0131na; 15 ay s\u00fcren ve halen devam eden \u00e7al\u0131\u015fmalarda, 22&rsquo;nin \u00fczerinde makam, 80&rsquo;in \u00fczerinde eser me\u015fk edildi. Koromuzun Sazendeleri, Hanendeleri sizlerle olmaktan b\u00fcy\u00fck mutluluk duydu. Musiki, mesafe tan\u0131m\u0131yor\u2019\u2019 dedi.<\/p>\n<p class=\"x_MsoNormal\"><img loading=\"lazy\" decoding=\"async\" class=\"alignnone size-medium wp-image-19071\" src=\"https:\/\/avrupapress.com\/main\/wp-content\/uploads\/2022\/05\/thumbnail_IMG-20220429-WA0028-212x300.jpg\" alt=\"\" width=\"212\" height=\"300\" srcset=\"https:\/\/avrupapress.com\/main\/wp-content\/uploads\/2022\/05\/thumbnail_IMG-20220429-WA0028-212x300.jpg 212w, https:\/\/avrupapress.com\/main\/wp-content\/uploads\/2022\/05\/thumbnail_IMG-20220429-WA0028.jpg 724w\" sizes=\"auto, (max-width: 212px) 100vw, 212px\" \/><\/p>\n<p class=\"x_MsoNormal\"><strong>HABER \/FOTO\u011eRAF: ERTU\u011eRUL ALTINEL \u2013 B\u0130LG\u0130N \u00d6Z\u00c7\u0130FT\u00c7\u0130 \u2013 AVRUPAPRESS &#8211; BEL\u00c7\u0130KA<\/strong><\/p>\n","protected":false},"excerpt":{"rendered":"<p>HABER \/FOTO\u011eRAF: ERTU\u011eRUL ALTINEL \u2013 B\u0130LG\u0130N \u00d6Z\u00c7\u0130FT\u00c7\u0130 \u2013 AVRUPAPRESS &#8211; BEL\u00c7\u0130KA Tahir Aydo\u011fdu \u0130nternet Korosu ilk konserini, Eski\u015fehir Anadolu \u00dcniversitesi Sinema Anadolu Yunus Emre Kamp\u00fcs\u00fc\u2019nde verdi ve konser m\u00fczikseverler taraf\u0131ndan ilgi g\u00f6rd\u00fc. Konserin sunumunu Leyla Sal\u0131k yapt\u0131. Kanun sanat\u00e7\u0131s\u0131 ve koro \u015fefi Tahir Aydo\u011fdu konu ile ilgili yapt\u0131\u011f\u0131 a\u00e7\u0131klamada, \u2018\u2019Farkl\u0131 meslek gruplar\u0131ndan, T\u00fcrkiye&rsquo;nin 7 farkl\u0131 [&hellip;]<\/p>\n","protected":false},"author":3,"featured_media":19071,"comment_status":"closed","ping_status":"open","sticky":false,"template":"","format":"standard","meta":{"footnotes":""},"categories":[14,16,3,18,19,2],"tags":[],"class_list":["post-19070","post","type-post","status-publish","format-standard","has-post-thumbnail","hentry","category-avrupa","category-belcika","category-dunya","category-kultur-sanat","category-tanitim","category-turkiye"],"yoast_head":"<!-- This site is optimized with the Yoast SEO plugin v26.9 - https:\/\/yoast.com\/product\/yoast-seo-wordpress\/ -->\n<title>Tahir Aydo\u011fdu \u0130nternet Korosu ilk konseri ilgi g\u00f6rd\u00fc - AvrupaPress<\/title>\n<meta name=\"robots\" content=\"index, follow, max-snippet:-1, max-image-preview:large, max-video-preview:-1\" \/>\n<link rel=\"canonical\" href=\"https:\/\/avrupapress.com\/main\/2022\/05\/27\/tahir-aydogdu-internet-korosu-ilk-konseri-ilgi-gordu\/\" \/>\n<meta property=\"og:locale\" content=\"fr_FR\" \/>\n<meta property=\"og:type\" content=\"article\" \/>\n<meta property=\"og:title\" content=\"Tahir Aydo\u011fdu \u0130nternet Korosu ilk konseri ilgi g\u00f6rd\u00fc - AvrupaPress\" \/>\n<meta property=\"og:description\" content=\"HABER \/FOTO\u011eRAF: ERTU\u011eRUL ALTINEL \u2013 B\u0130LG\u0130N \u00d6Z\u00c7\u0130FT\u00c7\u0130 \u2013 AVRUPAPRESS &#8211; BEL\u00c7\u0130KA Tahir Aydo\u011fdu \u0130nternet Korosu ilk konserini, Eski\u015fehir Anadolu \u00dcniversitesi Sinema Anadolu Yunus Emre Kamp\u00fcs\u00fc\u2019nde verdi ve konser m\u00fczikseverler taraf\u0131ndan ilgi g\u00f6rd\u00fc. Konserin sunumunu Leyla Sal\u0131k yapt\u0131. Kanun sanat\u00e7\u0131s\u0131 ve koro \u015fefi Tahir Aydo\u011fdu konu ile ilgili yapt\u0131\u011f\u0131 a\u00e7\u0131klamada, \u2018\u2019Farkl\u0131 meslek gruplar\u0131ndan, T\u00fcrkiye&rsquo;nin 7 farkl\u0131 [&hellip;]\" \/>\n<meta property=\"og:url\" content=\"https:\/\/avrupapress.com\/main\/2022\/05\/27\/tahir-aydogdu-internet-korosu-ilk-konseri-ilgi-gordu\/\" \/>\n<meta property=\"og:site_name\" content=\"AvrupaPress\" \/>\n<meta property=\"article:published_time\" content=\"2022-05-27T18:56:23+00:00\" \/>\n<meta property=\"article:modified_time\" content=\"2022-05-27T18:56:33+00:00\" \/>\n<meta property=\"og:image\" content=\"https:\/\/avrupapress.com\/main\/wp-content\/uploads\/2022\/05\/thumbnail_IMG-20220429-WA0028.jpg\" \/>\n\t<meta property=\"og:image:width\" content=\"724\" \/>\n\t<meta property=\"og:image:height\" content=\"1024\" \/>\n\t<meta property=\"og:image:type\" content=\"image\/jpeg\" \/>\n<meta name=\"author\" content=\"Edit\u00f6r\" \/>\n<meta name=\"twitter:card\" content=\"summary_large_image\" \/>\n<meta name=\"twitter:label1\" content=\"\u00c9crit par\" \/>\n\t<meta name=\"twitter:data1\" content=\"Edit\u00f6r\" \/>\n\t<meta name=\"twitter:label2\" content=\"Dur\u00e9e de lecture est.\" \/>\n\t<meta name=\"twitter:data2\" content=\"1 minute\" \/>\n<script type=\"application\/ld+json\" class=\"yoast-schema-graph\">{\"@context\":\"https:\/\/schema.org\",\"@graph\":[{\"@type\":\"Article\",\"@id\":\"https:\/\/avrupapress.com\/main\/2022\/05\/27\/tahir-aydogdu-internet-korosu-ilk-konseri-ilgi-gordu\/#article\",\"isPartOf\":{\"@id\":\"https:\/\/avrupapress.com\/main\/2022\/05\/27\/tahir-aydogdu-internet-korosu-ilk-konseri-ilgi-gordu\/\"},\"author\":{\"name\":\"Edit\u00f6r\",\"@id\":\"https:\/\/avrupapress.com\/#\/schema\/person\/68428444ec60970d1e1b700cf4ca1e8f\"},\"headline\":\"Tahir Aydo\u011fdu \u0130nternet Korosu ilk konseri ilgi g\u00f6rd\u00fc\",\"datePublished\":\"2022-05-27T18:56:23+00:00\",\"dateModified\":\"2022-05-27T18:56:33+00:00\",\"mainEntityOfPage\":{\"@id\":\"https:\/\/avrupapress.com\/main\/2022\/05\/27\/tahir-aydogdu-internet-korosu-ilk-konseri-ilgi-gordu\/\"},\"wordCount\":162,\"publisher\":{\"@id\":\"https:\/\/avrupapress.com\/#\/schema\/person\/0223dca19c72c43575bf30d1a2d8f4fa\"},\"image\":{\"@id\":\"https:\/\/avrupapress.com\/main\/2022\/05\/27\/tahir-aydogdu-internet-korosu-ilk-konseri-ilgi-gordu\/#primaryimage\"},\"thumbnailUrl\":\"https:\/\/avrupapress.com\/main\/wp-content\/uploads\/2022\/05\/thumbnail_IMG-20220429-WA0028.jpg\",\"articleSection\":[\"Avrupa\",\"Bel\u00e7ika\",\"D\u00fcnya\",\"K\u00fclt\u00fcr-Sanat\",\"Tan\u0131t\u0131m\",\"T\u00fcrkiye\"],\"inLanguage\":\"fr-BE\"},{\"@type\":\"WebPage\",\"@id\":\"https:\/\/avrupapress.com\/main\/2022\/05\/27\/tahir-aydogdu-internet-korosu-ilk-konseri-ilgi-gordu\/\",\"url\":\"https:\/\/avrupapress.com\/main\/2022\/05\/27\/tahir-aydogdu-internet-korosu-ilk-konseri-ilgi-gordu\/\",\"name\":\"Tahir Aydo\u011fdu \u0130nternet Korosu ilk konseri ilgi g\u00f6rd\u00fc - AvrupaPress\",\"isPartOf\":{\"@id\":\"https:\/\/avrupapress.com\/#website\"},\"primaryImageOfPage\":{\"@id\":\"https:\/\/avrupapress.com\/main\/2022\/05\/27\/tahir-aydogdu-internet-korosu-ilk-konseri-ilgi-gordu\/#primaryimage\"},\"image\":{\"@id\":\"https:\/\/avrupapress.com\/main\/2022\/05\/27\/tahir-aydogdu-internet-korosu-ilk-konseri-ilgi-gordu\/#primaryimage\"},\"thumbnailUrl\":\"https:\/\/avrupapress.com\/main\/wp-content\/uploads\/2022\/05\/thumbnail_IMG-20220429-WA0028.jpg\",\"datePublished\":\"2022-05-27T18:56:23+00:00\",\"dateModified\":\"2022-05-27T18:56:33+00:00\",\"breadcrumb\":{\"@id\":\"https:\/\/avrupapress.com\/main\/2022\/05\/27\/tahir-aydogdu-internet-korosu-ilk-konseri-ilgi-gordu\/#breadcrumb\"},\"inLanguage\":\"fr-BE\",\"potentialAction\":[{\"@type\":\"ReadAction\",\"target\":[\"https:\/\/avrupapress.com\/main\/2022\/05\/27\/tahir-aydogdu-internet-korosu-ilk-konseri-ilgi-gordu\/\"]}]},{\"@type\":\"ImageObject\",\"inLanguage\":\"fr-BE\",\"@id\":\"https:\/\/avrupapress.com\/main\/2022\/05\/27\/tahir-aydogdu-internet-korosu-ilk-konseri-ilgi-gordu\/#primaryimage\",\"url\":\"https:\/\/avrupapress.com\/main\/wp-content\/uploads\/2022\/05\/thumbnail_IMG-20220429-WA0028.jpg\",\"contentUrl\":\"https:\/\/avrupapress.com\/main\/wp-content\/uploads\/2022\/05\/thumbnail_IMG-20220429-WA0028.jpg\",\"width\":724,\"height\":1024},{\"@type\":\"BreadcrumbList\",\"@id\":\"https:\/\/avrupapress.com\/main\/2022\/05\/27\/tahir-aydogdu-internet-korosu-ilk-konseri-ilgi-gordu\/#breadcrumb\",\"itemListElement\":[{\"@type\":\"ListItem\",\"position\":1,\"name\":\"Anasayfa\",\"item\":\"https:\/\/avrupapress.com\/\"},{\"@type\":\"ListItem\",\"position\":2,\"name\":\"Tahir Aydo\u011fdu \u0130nternet Korosu ilk konseri ilgi g\u00f6rd\u00fc\"}]},{\"@type\":\"WebSite\",\"@id\":\"https:\/\/avrupapress.com\/#website\",\"url\":\"https:\/\/avrupapress.com\/\",\"name\":\"AvrupaPress\",\"description\":\"Haberin Adresi\",\"publisher\":{\"@id\":\"https:\/\/avrupapress.com\/#\/schema\/person\/0223dca19c72c43575bf30d1a2d8f4fa\"},\"potentialAction\":[{\"@type\":\"SearchAction\",\"target\":{\"@type\":\"EntryPoint\",\"urlTemplate\":\"https:\/\/avrupapress.com\/?s={search_term_string}\"},\"query-input\":{\"@type\":\"PropertyValueSpecification\",\"valueRequired\":true,\"valueName\":\"search_term_string\"}}],\"inLanguage\":\"fr-BE\"},{\"@type\":[\"Person\",\"Organization\"],\"@id\":\"https:\/\/avrupapress.com\/#\/schema\/person\/0223dca19c72c43575bf30d1a2d8f4fa\",\"name\":\"Bilgin \u00d6z\u00e7ift\u00e7i\",\"image\":{\"@type\":\"ImageObject\",\"inLanguage\":\"fr-BE\",\"@id\":\"https:\/\/avrupapress.com\/#\/schema\/person\/image\/\",\"url\":\"https:\/\/secure.gravatar.com\/avatar\/0f23b280433a21e1ea7a0adcc46ed0ad16afe3ad8e630fd13d8a017dcbd54ef3?s=96&d=mm&r=g\",\"contentUrl\":\"https:\/\/secure.gravatar.com\/avatar\/0f23b280433a21e1ea7a0adcc46ed0ad16afe3ad8e630fd13d8a017dcbd54ef3?s=96&d=mm&r=g\",\"caption\":\"Bilgin \u00d6z\u00e7ift\u00e7i\"},\"logo\":{\"@id\":\"https:\/\/avrupapress.com\/#\/schema\/person\/image\/\"},\"description\":\"Ne ben, nede sen... Biz ancak \\\"biz\\\" olursak g\u00fc\u00e7l\u00fc olabiliriz\"},{\"@type\":\"Person\",\"@id\":\"https:\/\/avrupapress.com\/#\/schema\/person\/68428444ec60970d1e1b700cf4ca1e8f\",\"name\":\"Edit\u00f6r\",\"image\":{\"@type\":\"ImageObject\",\"inLanguage\":\"fr-BE\",\"@id\":\"https:\/\/avrupapress.com\/#\/schema\/person\/image\/\",\"url\":\"https:\/\/secure.gravatar.com\/avatar\/74996b0977aa5f1559ba9883776652508b229005c0d78fb2597897f0bd651c09?s=96&d=mm&r=g\",\"contentUrl\":\"https:\/\/secure.gravatar.com\/avatar\/74996b0977aa5f1559ba9883776652508b229005c0d78fb2597897f0bd651c09?s=96&d=mm&r=g\",\"caption\":\"Edit\u00f6r\"},\"sameAs\":[\"http:\/\/www.avrupapress.com\"],\"url\":\"https:\/\/avrupapress.com\/main\/author\/editor\/\"}]}<\/script>\n<!-- \/ Yoast SEO plugin. -->","yoast_head_json":{"title":"Tahir Aydo\u011fdu \u0130nternet Korosu ilk konseri ilgi g\u00f6rd\u00fc - AvrupaPress","robots":{"index":"index","follow":"follow","max-snippet":"max-snippet:-1","max-image-preview":"max-image-preview:large","max-video-preview":"max-video-preview:-1"},"canonical":"https:\/\/avrupapress.com\/main\/2022\/05\/27\/tahir-aydogdu-internet-korosu-ilk-konseri-ilgi-gordu\/","og_locale":"fr_FR","og_type":"article","og_title":"Tahir Aydo\u011fdu \u0130nternet Korosu ilk konseri ilgi g\u00f6rd\u00fc - AvrupaPress","og_description":"HABER \/FOTO\u011eRAF: ERTU\u011eRUL ALTINEL \u2013 B\u0130LG\u0130N \u00d6Z\u00c7\u0130FT\u00c7\u0130 \u2013 AVRUPAPRESS &#8211; BEL\u00c7\u0130KA Tahir Aydo\u011fdu \u0130nternet Korosu ilk konserini, Eski\u015fehir Anadolu \u00dcniversitesi Sinema Anadolu Yunus Emre Kamp\u00fcs\u00fc\u2019nde verdi ve konser m\u00fczikseverler taraf\u0131ndan ilgi g\u00f6rd\u00fc. Konserin sunumunu Leyla Sal\u0131k yapt\u0131. Kanun sanat\u00e7\u0131s\u0131 ve koro \u015fefi Tahir Aydo\u011fdu konu ile ilgili yapt\u0131\u011f\u0131 a\u00e7\u0131klamada, \u2018\u2019Farkl\u0131 meslek gruplar\u0131ndan, T\u00fcrkiye&rsquo;nin 7 farkl\u0131 [&hellip;]","og_url":"https:\/\/avrupapress.com\/main\/2022\/05\/27\/tahir-aydogdu-internet-korosu-ilk-konseri-ilgi-gordu\/","og_site_name":"AvrupaPress","article_published_time":"2022-05-27T18:56:23+00:00","article_modified_time":"2022-05-27T18:56:33+00:00","og_image":[{"width":724,"height":1024,"url":"https:\/\/avrupapress.com\/main\/wp-content\/uploads\/2022\/05\/thumbnail_IMG-20220429-WA0028.jpg","type":"image\/jpeg"}],"author":"Edit\u00f6r","twitter_card":"summary_large_image","twitter_misc":{"\u00c9crit par":"Edit\u00f6r","Dur\u00e9e de lecture est.":"1 minute"},"schema":{"@context":"https:\/\/schema.org","@graph":[{"@type":"Article","@id":"https:\/\/avrupapress.com\/main\/2022\/05\/27\/tahir-aydogdu-internet-korosu-ilk-konseri-ilgi-gordu\/#article","isPartOf":{"@id":"https:\/\/avrupapress.com\/main\/2022\/05\/27\/tahir-aydogdu-internet-korosu-ilk-konseri-ilgi-gordu\/"},"author":{"name":"Edit\u00f6r","@id":"https:\/\/avrupapress.com\/#\/schema\/person\/68428444ec60970d1e1b700cf4ca1e8f"},"headline":"Tahir Aydo\u011fdu \u0130nternet Korosu ilk konseri ilgi g\u00f6rd\u00fc","datePublished":"2022-05-27T18:56:23+00:00","dateModified":"2022-05-27T18:56:33+00:00","mainEntityOfPage":{"@id":"https:\/\/avrupapress.com\/main\/2022\/05\/27\/tahir-aydogdu-internet-korosu-ilk-konseri-ilgi-gordu\/"},"wordCount":162,"publisher":{"@id":"https:\/\/avrupapress.com\/#\/schema\/person\/0223dca19c72c43575bf30d1a2d8f4fa"},"image":{"@id":"https:\/\/avrupapress.com\/main\/2022\/05\/27\/tahir-aydogdu-internet-korosu-ilk-konseri-ilgi-gordu\/#primaryimage"},"thumbnailUrl":"https:\/\/avrupapress.com\/main\/wp-content\/uploads\/2022\/05\/thumbnail_IMG-20220429-WA0028.jpg","articleSection":["Avrupa","Bel\u00e7ika","D\u00fcnya","K\u00fclt\u00fcr-Sanat","Tan\u0131t\u0131m","T\u00fcrkiye"],"inLanguage":"fr-BE"},{"@type":"WebPage","@id":"https:\/\/avrupapress.com\/main\/2022\/05\/27\/tahir-aydogdu-internet-korosu-ilk-konseri-ilgi-gordu\/","url":"https:\/\/avrupapress.com\/main\/2022\/05\/27\/tahir-aydogdu-internet-korosu-ilk-konseri-ilgi-gordu\/","name":"Tahir Aydo\u011fdu \u0130nternet Korosu ilk konseri ilgi g\u00f6rd\u00fc - AvrupaPress","isPartOf":{"@id":"https:\/\/avrupapress.com\/#website"},"primaryImageOfPage":{"@id":"https:\/\/avrupapress.com\/main\/2022\/05\/27\/tahir-aydogdu-internet-korosu-ilk-konseri-ilgi-gordu\/#primaryimage"},"image":{"@id":"https:\/\/avrupapress.com\/main\/2022\/05\/27\/tahir-aydogdu-internet-korosu-ilk-konseri-ilgi-gordu\/#primaryimage"},"thumbnailUrl":"https:\/\/avrupapress.com\/main\/wp-content\/uploads\/2022\/05\/thumbnail_IMG-20220429-WA0028.jpg","datePublished":"2022-05-27T18:56:23+00:00","dateModified":"2022-05-27T18:56:33+00:00","breadcrumb":{"@id":"https:\/\/avrupapress.com\/main\/2022\/05\/27\/tahir-aydogdu-internet-korosu-ilk-konseri-ilgi-gordu\/#breadcrumb"},"inLanguage":"fr-BE","potentialAction":[{"@type":"ReadAction","target":["https:\/\/avrupapress.com\/main\/2022\/05\/27\/tahir-aydogdu-internet-korosu-ilk-konseri-ilgi-gordu\/"]}]},{"@type":"ImageObject","inLanguage":"fr-BE","@id":"https:\/\/avrupapress.com\/main\/2022\/05\/27\/tahir-aydogdu-internet-korosu-ilk-konseri-ilgi-gordu\/#primaryimage","url":"https:\/\/avrupapress.com\/main\/wp-content\/uploads\/2022\/05\/thumbnail_IMG-20220429-WA0028.jpg","contentUrl":"https:\/\/avrupapress.com\/main\/wp-content\/uploads\/2022\/05\/thumbnail_IMG-20220429-WA0028.jpg","width":724,"height":1024},{"@type":"BreadcrumbList","@id":"https:\/\/avrupapress.com\/main\/2022\/05\/27\/tahir-aydogdu-internet-korosu-ilk-konseri-ilgi-gordu\/#breadcrumb","itemListElement":[{"@type":"ListItem","position":1,"name":"Anasayfa","item":"https:\/\/avrupapress.com\/"},{"@type":"ListItem","position":2,"name":"Tahir Aydo\u011fdu \u0130nternet Korosu ilk konseri ilgi g\u00f6rd\u00fc"}]},{"@type":"WebSite","@id":"https:\/\/avrupapress.com\/#website","url":"https:\/\/avrupapress.com\/","name":"AvrupaPress","description":"Haberin Adresi","publisher":{"@id":"https:\/\/avrupapress.com\/#\/schema\/person\/0223dca19c72c43575bf30d1a2d8f4fa"},"potentialAction":[{"@type":"SearchAction","target":{"@type":"EntryPoint","urlTemplate":"https:\/\/avrupapress.com\/?s={search_term_string}"},"query-input":{"@type":"PropertyValueSpecification","valueRequired":true,"valueName":"search_term_string"}}],"inLanguage":"fr-BE"},{"@type":["Person","Organization"],"@id":"https:\/\/avrupapress.com\/#\/schema\/person\/0223dca19c72c43575bf30d1a2d8f4fa","name":"Bilgin \u00d6z\u00e7ift\u00e7i","image":{"@type":"ImageObject","inLanguage":"fr-BE","@id":"https:\/\/avrupapress.com\/#\/schema\/person\/image\/","url":"https:\/\/secure.gravatar.com\/avatar\/0f23b280433a21e1ea7a0adcc46ed0ad16afe3ad8e630fd13d8a017dcbd54ef3?s=96&d=mm&r=g","contentUrl":"https:\/\/secure.gravatar.com\/avatar\/0f23b280433a21e1ea7a0adcc46ed0ad16afe3ad8e630fd13d8a017dcbd54ef3?s=96&d=mm&r=g","caption":"Bilgin \u00d6z\u00e7ift\u00e7i"},"logo":{"@id":"https:\/\/avrupapress.com\/#\/schema\/person\/image\/"},"description":"Ne ben, nede sen... Biz ancak \"biz\" olursak g\u00fc\u00e7l\u00fc olabiliriz"},{"@type":"Person","@id":"https:\/\/avrupapress.com\/#\/schema\/person\/68428444ec60970d1e1b700cf4ca1e8f","name":"Edit\u00f6r","image":{"@type":"ImageObject","inLanguage":"fr-BE","@id":"https:\/\/avrupapress.com\/#\/schema\/person\/image\/","url":"https:\/\/secure.gravatar.com\/avatar\/74996b0977aa5f1559ba9883776652508b229005c0d78fb2597897f0bd651c09?s=96&d=mm&r=g","contentUrl":"https:\/\/secure.gravatar.com\/avatar\/74996b0977aa5f1559ba9883776652508b229005c0d78fb2597897f0bd651c09?s=96&d=mm&r=g","caption":"Edit\u00f6r"},"sameAs":["http:\/\/www.avrupapress.com"],"url":"https:\/\/avrupapress.com\/main\/author\/editor\/"}]}},"_links":{"self":[{"href":"https:\/\/avrupapress.com\/main\/wp-json\/wp\/v2\/posts\/19070","targetHints":{"allow":["GET"]}}],"collection":[{"href":"https:\/\/avrupapress.com\/main\/wp-json\/wp\/v2\/posts"}],"about":[{"href":"https:\/\/avrupapress.com\/main\/wp-json\/wp\/v2\/types\/post"}],"author":[{"embeddable":true,"href":"https:\/\/avrupapress.com\/main\/wp-json\/wp\/v2\/users\/3"}],"replies":[{"embeddable":true,"href":"https:\/\/avrupapress.com\/main\/wp-json\/wp\/v2\/comments?post=19070"}],"version-history":[{"count":2,"href":"https:\/\/avrupapress.com\/main\/wp-json\/wp\/v2\/posts\/19070\/revisions"}],"predecessor-version":[{"id":19073,"href":"https:\/\/avrupapress.com\/main\/wp-json\/wp\/v2\/posts\/19070\/revisions\/19073"}],"wp:featuredmedia":[{"embeddable":true,"href":"https:\/\/avrupapress.com\/main\/wp-json\/wp\/v2\/media\/19071"}],"wp:attachment":[{"href":"https:\/\/avrupapress.com\/main\/wp-json\/wp\/v2\/media?parent=19070"}],"wp:term":[{"taxonomy":"category","embeddable":true,"href":"https:\/\/avrupapress.com\/main\/wp-json\/wp\/v2\/categories?post=19070"},{"taxonomy":"post_tag","embeddable":true,"href":"https:\/\/avrupapress.com\/main\/wp-json\/wp\/v2\/tags?post=19070"}],"curies":[{"name":"wp","href":"https:\/\/api.w.org\/{rel}","templated":true}]}}