{"id":19036,"date":"2022-05-27T17:48:51","date_gmt":"2022-05-27T17:48:51","guid":{"rendered":"https:\/\/avrupapress.com\/main\/?p=19036"},"modified":"2022-09-26T19:02:16","modified_gmt":"2022-09-26T19:02:16","slug":"erbalderden-balkanlara-selam-olsun-konseri","status":"publish","type":"post","link":"https:\/\/avrupapress.com\/main\/2022\/05\/27\/erbalderden-balkanlara-selam-olsun-konseri\/","title":{"rendered":"ERBALDER&rsquo;den \u2018Balkanlara Selam Olsun\u2019 Konseri"},"content":{"rendered":"<p class=\"x_MsoNormal\"><strong>HABER \/ FOTO\u011eRAF: ERTU\u011eRUL ALTINEL \u2013 B\u0130LG\u0130N \u00d6Z\u00c7\u0130FT\u00c7\u0130- AVRUPAPRESS \u2013 BEL\u00c7\u0130KA<\/strong><\/p>\n<p class=\"x_MsoNormal\">Bilecik Belediyesi; Eski\u015fehir Rumeli Balkan K\u00fclt\u00fcr Dayan\u0131\u015fma Derne\u011fi (ERBALDER) ve Bilecik Rumeli T\u00fcrkleri K\u00fclt\u00fcr ve Dayan\u0131\u015fma Derne\u011fi i\u015f birli\u011fi ile d\u00fczenlenen \u2018Balkanlara Selam Olsun\u2019 etkinli\u011finde, \u2018Rumeli Ezgileri Korosu\u2019 ve \u2018Balkanika Halk Oyunlar\u0131 Toplulu\u011fu\u2019 Bileciklilere co\u015fkulu dakikalar ya\u015fatt\u0131.<\/p>\n<p class=\"x_MsoNormal\">Bilecik Belediye Ba\u015fkan Vekili Melek M\u0131zrak Suba\u015f\u0131, Ba\u015fkan Yard\u0131mc\u0131s\u0131 \u00d6zg\u00fcr Alg\u0131n; Eski\u015fehir Rumeli Balkan K\u00fclt\u00fcr Dayan\u0131\u015fma Derne\u011fi y\u00fcr\u00fctme kurulu Ba\u015fkan\u0131 Neziha Bilen, Bilecik Rumeli T\u00fcrkleri K\u00fclt\u00fcr ve Dayan\u0131\u015fma Derne\u011fi y\u00fcr\u00fctme kurulu Ba\u015fkan\u0131 Ru\u015fen G\u00fcl ve y\u00fcr\u00fctme kurulu \u00fcyeleri de etkinli\u011fi izlediler.<\/p>\n<p class=\"x_MsoNormal\">Eski\u015fehir ERBALDER Ba\u015fkan\u0131 Neziha Bilen yapt\u0131\u011f\u0131 konu\u015fmas\u0131nda: \u201cAmac\u0131m\u0131z, Atalar\u0131m\u0131zdan kalan k\u00fclt\u00fcr miras\u0131 emanet olarak korumak ve bizden sonraki ku\u015faklara aktarmakt\u0131r. Bug\u00fcn ortak de\u011ferler etraf\u0131nda, birlik beraberlik, karde\u015flik ve dostluk i\u00e7inde derne\u011fimizi tan\u0131tma ve bu g\u00fczel etkinli\u011fimizi ger\u00e7ekle\u015ftirme f\u0131rsat\u0131 veren \u00e7ok k\u0131ymetli hem\u015ferimiz, Bilecik Belediye Ba\u015fkan\u0131 Melek M\u0131zrak Suba\u015f\u0131\u2019 ya, bu organizasyonda eme\u011fi ge\u00e7en t\u00fcm Bilecik Belediyesi \u00e7al\u0131\u015fanlar\u0131na ve bizi yaln\u0131z b\u0131rakmayan siz de\u011ferli konuklar\u0131m\u0131za te\u015fekk\u00fcr ve sevgilerimizi sunuyorum\u2019\u2019 dedi.<\/p>\n","protected":false},"excerpt":{"rendered":"<p>HABER \/ FOTO\u011eRAF: ERTU\u011eRUL ALTINEL \u2013 B\u0130LG\u0130N \u00d6Z\u00c7\u0130FT\u00c7\u0130- AVRUPAPRESS \u2013 BEL\u00c7\u0130KA Bilecik Belediyesi; Eski\u015fehir Rumeli Balkan K\u00fclt\u00fcr Dayan\u0131\u015fma Derne\u011fi (ERBALDER) ve Bilecik Rumeli T\u00fcrkleri K\u00fclt\u00fcr ve Dayan\u0131\u015fma Derne\u011fi i\u015f birli\u011fi ile d\u00fczenlenen \u2018Balkanlara Selam Olsun\u2019 etkinli\u011finde, \u2018Rumeli Ezgileri Korosu\u2019 ve \u2018Balkanika Halk Oyunlar\u0131 Toplulu\u011fu\u2019 Bileciklilere co\u015fkulu dakikalar ya\u015fatt\u0131. Bilecik Belediye Ba\u015fkan Vekili Melek M\u0131zrak Suba\u015f\u0131, [&hellip;]<\/p>\n","protected":false},"author":3,"featured_media":19046,"comment_status":"closed","ping_status":"open","sticky":false,"template":"","format":"standard","meta":{"footnotes":""},"categories":[14,16,3,18,19,2],"tags":[],"class_list":["post-19036","post","type-post","status-publish","format-standard","has-post-thumbnail","hentry","category-avrupa","category-belcika","category-dunya","category-kultur-sanat","category-tanitim","category-turkiye"],"yoast_head":"<!-- This site is optimized with the Yoast SEO plugin v26.9 - https:\/\/yoast.com\/product\/yoast-seo-wordpress\/ -->\n<title>ERBALDER&#039;den \u2018Balkanlara Selam Olsun\u2019 Konseri - AvrupaPress<\/title>\n<meta name=\"robots\" content=\"index, follow, max-snippet:-1, max-image-preview:large, max-video-preview:-1\" \/>\n<link rel=\"canonical\" href=\"https:\/\/avrupapress.com\/main\/2022\/05\/27\/erbalderden-balkanlara-selam-olsun-konseri\/\" \/>\n<meta property=\"og:locale\" content=\"fr_FR\" \/>\n<meta property=\"og:type\" content=\"article\" \/>\n<meta property=\"og:title\" content=\"ERBALDER&#039;den \u2018Balkanlara Selam Olsun\u2019 Konseri - AvrupaPress\" \/>\n<meta property=\"og:description\" content=\"HABER \/ FOTO\u011eRAF: ERTU\u011eRUL ALTINEL \u2013 B\u0130LG\u0130N \u00d6Z\u00c7\u0130FT\u00c7\u0130- AVRUPAPRESS \u2013 BEL\u00c7\u0130KA Bilecik Belediyesi; Eski\u015fehir Rumeli Balkan K\u00fclt\u00fcr Dayan\u0131\u015fma Derne\u011fi (ERBALDER) ve Bilecik Rumeli T\u00fcrkleri K\u00fclt\u00fcr ve Dayan\u0131\u015fma Derne\u011fi i\u015f birli\u011fi ile d\u00fczenlenen \u2018Balkanlara Selam Olsun\u2019 etkinli\u011finde, \u2018Rumeli Ezgileri Korosu\u2019 ve \u2018Balkanika Halk Oyunlar\u0131 Toplulu\u011fu\u2019 Bileciklilere co\u015fkulu dakikalar ya\u015fatt\u0131. Bilecik Belediye Ba\u015fkan Vekili Melek M\u0131zrak Suba\u015f\u0131, [&hellip;]\" \/>\n<meta property=\"og:url\" content=\"https:\/\/avrupapress.com\/main\/2022\/05\/27\/erbalderden-balkanlara-selam-olsun-konseri\/\" \/>\n<meta property=\"og:site_name\" content=\"AvrupaPress\" \/>\n<meta property=\"article:published_time\" content=\"2022-05-27T17:48:51+00:00\" \/>\n<meta property=\"article:modified_time\" content=\"2022-09-26T19:02:16+00:00\" \/>\n<meta property=\"og:image\" content=\"https:\/\/avrupapress.com\/main\/wp-content\/uploads\/2022\/05\/ERBALDERden-\u2018Balkanlara-Selam-Olsun-Konserinden-goruntuler.-3-2.jpg\" \/>\n\t<meta property=\"og:image:width\" content=\"1024\" \/>\n\t<meta property=\"og:image:height\" content=\"768\" \/>\n\t<meta property=\"og:image:type\" content=\"image\/jpeg\" \/>\n<meta name=\"author\" content=\"Edit\u00f6r\" \/>\n<meta name=\"twitter:card\" content=\"summary_large_image\" \/>\n<meta name=\"twitter:label1\" content=\"\u00c9crit par\" \/>\n\t<meta name=\"twitter:data1\" content=\"Edit\u00f6r\" \/>\n\t<meta name=\"twitter:label2\" content=\"Dur\u00e9e de lecture est.\" \/>\n\t<meta name=\"twitter:data2\" content=\"3 minutes\" \/>\n<script type=\"application\/ld+json\" class=\"yoast-schema-graph\">{\"@context\":\"https:\/\/schema.org\",\"@graph\":[{\"@type\":\"Article\",\"@id\":\"https:\/\/avrupapress.com\/main\/2022\/05\/27\/erbalderden-balkanlara-selam-olsun-konseri\/#article\",\"isPartOf\":{\"@id\":\"https:\/\/avrupapress.com\/main\/2022\/05\/27\/erbalderden-balkanlara-selam-olsun-konseri\/\"},\"author\":{\"name\":\"Edit\u00f6r\",\"@id\":\"https:\/\/avrupapress.com\/#\/schema\/person\/68428444ec60970d1e1b700cf4ca1e8f\"},\"headline\":\"ERBALDER&rsquo;den \u2018Balkanlara Selam Olsun\u2019 Konseri\",\"datePublished\":\"2022-05-27T17:48:51+00:00\",\"dateModified\":\"2022-09-26T19:02:16+00:00\",\"mainEntityOfPage\":{\"@id\":\"https:\/\/avrupapress.com\/main\/2022\/05\/27\/erbalderden-balkanlara-selam-olsun-konseri\/\"},\"wordCount\":251,\"publisher\":{\"@id\":\"https:\/\/avrupapress.com\/#\/schema\/person\/0223dca19c72c43575bf30d1a2d8f4fa\"},\"image\":{\"@id\":\"https:\/\/avrupapress.com\/main\/2022\/05\/27\/erbalderden-balkanlara-selam-olsun-konseri\/#primaryimage\"},\"thumbnailUrl\":\"https:\/\/avrupapress.com\/main\/wp-content\/uploads\/2022\/05\/ERBALDERden-\u2018Balkanlara-Selam-Olsun-Konserinden-goruntuler.-3-2.jpg\",\"articleSection\":[\"Avrupa\",\"Bel\u00e7ika\",\"D\u00fcnya\",\"K\u00fclt\u00fcr-Sanat\",\"Tan\u0131t\u0131m\",\"T\u00fcrkiye\"],\"inLanguage\":\"fr-BE\"},{\"@type\":\"WebPage\",\"@id\":\"https:\/\/avrupapress.com\/main\/2022\/05\/27\/erbalderden-balkanlara-selam-olsun-konseri\/\",\"url\":\"https:\/\/avrupapress.com\/main\/2022\/05\/27\/erbalderden-balkanlara-selam-olsun-konseri\/\",\"name\":\"ERBALDER'den \u2018Balkanlara Selam Olsun\u2019 Konseri - AvrupaPress\",\"isPartOf\":{\"@id\":\"https:\/\/avrupapress.com\/#website\"},\"primaryImageOfPage\":{\"@id\":\"https:\/\/avrupapress.com\/main\/2022\/05\/27\/erbalderden-balkanlara-selam-olsun-konseri\/#primaryimage\"},\"image\":{\"@id\":\"https:\/\/avrupapress.com\/main\/2022\/05\/27\/erbalderden-balkanlara-selam-olsun-konseri\/#primaryimage\"},\"thumbnailUrl\":\"https:\/\/avrupapress.com\/main\/wp-content\/uploads\/2022\/05\/ERBALDERden-\u2018Balkanlara-Selam-Olsun-Konserinden-goruntuler.-3-2.jpg\",\"datePublished\":\"2022-05-27T17:48:51+00:00\",\"dateModified\":\"2022-09-26T19:02:16+00:00\",\"breadcrumb\":{\"@id\":\"https:\/\/avrupapress.com\/main\/2022\/05\/27\/erbalderden-balkanlara-selam-olsun-konseri\/#breadcrumb\"},\"inLanguage\":\"fr-BE\",\"potentialAction\":[{\"@type\":\"ReadAction\",\"target\":[\"https:\/\/avrupapress.com\/main\/2022\/05\/27\/erbalderden-balkanlara-selam-olsun-konseri\/\"]}]},{\"@type\":\"ImageObject\",\"inLanguage\":\"fr-BE\",\"@id\":\"https:\/\/avrupapress.com\/main\/2022\/05\/27\/erbalderden-balkanlara-selam-olsun-konseri\/#primaryimage\",\"url\":\"https:\/\/avrupapress.com\/main\/wp-content\/uploads\/2022\/05\/ERBALDERden-\u2018Balkanlara-Selam-Olsun-Konserinden-goruntuler.-3-2.jpg\",\"contentUrl\":\"https:\/\/avrupapress.com\/main\/wp-content\/uploads\/2022\/05\/ERBALDERden-\u2018Balkanlara-Selam-Olsun-Konserinden-goruntuler.-3-2.jpg\",\"width\":1024,\"height\":768},{\"@type\":\"BreadcrumbList\",\"@id\":\"https:\/\/avrupapress.com\/main\/2022\/05\/27\/erbalderden-balkanlara-selam-olsun-konseri\/#breadcrumb\",\"itemListElement\":[{\"@type\":\"ListItem\",\"position\":1,\"name\":\"Anasayfa\",\"item\":\"https:\/\/avrupapress.com\/\"},{\"@type\":\"ListItem\",\"position\":2,\"name\":\"ERBALDER&#8217;den \u2018Balkanlara Selam Olsun\u2019 Konseri\"}]},{\"@type\":\"WebSite\",\"@id\":\"https:\/\/avrupapress.com\/#website\",\"url\":\"https:\/\/avrupapress.com\/\",\"name\":\"AvrupaPress\",\"description\":\"Haberin Adresi\",\"publisher\":{\"@id\":\"https:\/\/avrupapress.com\/#\/schema\/person\/0223dca19c72c43575bf30d1a2d8f4fa\"},\"potentialAction\":[{\"@type\":\"SearchAction\",\"target\":{\"@type\":\"EntryPoint\",\"urlTemplate\":\"https:\/\/avrupapress.com\/?s={search_term_string}\"},\"query-input\":{\"@type\":\"PropertyValueSpecification\",\"valueRequired\":true,\"valueName\":\"search_term_string\"}}],\"inLanguage\":\"fr-BE\"},{\"@type\":[\"Person\",\"Organization\"],\"@id\":\"https:\/\/avrupapress.com\/#\/schema\/person\/0223dca19c72c43575bf30d1a2d8f4fa\",\"name\":\"Bilgin \u00d6z\u00e7ift\u00e7i\",\"image\":{\"@type\":\"ImageObject\",\"inLanguage\":\"fr-BE\",\"@id\":\"https:\/\/avrupapress.com\/#\/schema\/person\/image\/\",\"url\":\"https:\/\/secure.gravatar.com\/avatar\/0f23b280433a21e1ea7a0adcc46ed0ad16afe3ad8e630fd13d8a017dcbd54ef3?s=96&d=mm&r=g\",\"contentUrl\":\"https:\/\/secure.gravatar.com\/avatar\/0f23b280433a21e1ea7a0adcc46ed0ad16afe3ad8e630fd13d8a017dcbd54ef3?s=96&d=mm&r=g\",\"caption\":\"Bilgin \u00d6z\u00e7ift\u00e7i\"},\"logo\":{\"@id\":\"https:\/\/avrupapress.com\/#\/schema\/person\/image\/\"},\"description\":\"Ne ben, nede sen... Biz ancak \\\"biz\\\" olursak g\u00fc\u00e7l\u00fc olabiliriz\"},{\"@type\":\"Person\",\"@id\":\"https:\/\/avrupapress.com\/#\/schema\/person\/68428444ec60970d1e1b700cf4ca1e8f\",\"name\":\"Edit\u00f6r\",\"image\":{\"@type\":\"ImageObject\",\"inLanguage\":\"fr-BE\",\"@id\":\"https:\/\/avrupapress.com\/#\/schema\/person\/image\/\",\"url\":\"https:\/\/secure.gravatar.com\/avatar\/74996b0977aa5f1559ba9883776652508b229005c0d78fb2597897f0bd651c09?s=96&d=mm&r=g\",\"contentUrl\":\"https:\/\/secure.gravatar.com\/avatar\/74996b0977aa5f1559ba9883776652508b229005c0d78fb2597897f0bd651c09?s=96&d=mm&r=g\",\"caption\":\"Edit\u00f6r\"},\"sameAs\":[\"http:\/\/www.avrupapress.com\"],\"url\":\"https:\/\/avrupapress.com\/main\/author\/editor\/\"}]}<\/script>\n<!-- \/ Yoast SEO plugin. -->","yoast_head_json":{"title":"ERBALDER'den \u2018Balkanlara Selam Olsun\u2019 Konseri - AvrupaPress","robots":{"index":"index","follow":"follow","max-snippet":"max-snippet:-1","max-image-preview":"max-image-preview:large","max-video-preview":"max-video-preview:-1"},"canonical":"https:\/\/avrupapress.com\/main\/2022\/05\/27\/erbalderden-balkanlara-selam-olsun-konseri\/","og_locale":"fr_FR","og_type":"article","og_title":"ERBALDER'den \u2018Balkanlara Selam Olsun\u2019 Konseri - AvrupaPress","og_description":"HABER \/ FOTO\u011eRAF: ERTU\u011eRUL ALTINEL \u2013 B\u0130LG\u0130N \u00d6Z\u00c7\u0130FT\u00c7\u0130- AVRUPAPRESS \u2013 BEL\u00c7\u0130KA Bilecik Belediyesi; Eski\u015fehir Rumeli Balkan K\u00fclt\u00fcr Dayan\u0131\u015fma Derne\u011fi (ERBALDER) ve Bilecik Rumeli T\u00fcrkleri K\u00fclt\u00fcr ve Dayan\u0131\u015fma Derne\u011fi i\u015f birli\u011fi ile d\u00fczenlenen \u2018Balkanlara Selam Olsun\u2019 etkinli\u011finde, \u2018Rumeli Ezgileri Korosu\u2019 ve \u2018Balkanika Halk Oyunlar\u0131 Toplulu\u011fu\u2019 Bileciklilere co\u015fkulu dakikalar ya\u015fatt\u0131. Bilecik Belediye Ba\u015fkan Vekili Melek M\u0131zrak Suba\u015f\u0131, [&hellip;]","og_url":"https:\/\/avrupapress.com\/main\/2022\/05\/27\/erbalderden-balkanlara-selam-olsun-konseri\/","og_site_name":"AvrupaPress","article_published_time":"2022-05-27T17:48:51+00:00","article_modified_time":"2022-09-26T19:02:16+00:00","og_image":[{"width":1024,"height":768,"url":"https:\/\/avrupapress.com\/main\/wp-content\/uploads\/2022\/05\/ERBALDERden-\u2018Balkanlara-Selam-Olsun-Konserinden-goruntuler.-3-2.jpg","type":"image\/jpeg"}],"author":"Edit\u00f6r","twitter_card":"summary_large_image","twitter_misc":{"\u00c9crit par":"Edit\u00f6r","Dur\u00e9e de lecture est.":"3 minutes"},"schema":{"@context":"https:\/\/schema.org","@graph":[{"@type":"Article","@id":"https:\/\/avrupapress.com\/main\/2022\/05\/27\/erbalderden-balkanlara-selam-olsun-konseri\/#article","isPartOf":{"@id":"https:\/\/avrupapress.com\/main\/2022\/05\/27\/erbalderden-balkanlara-selam-olsun-konseri\/"},"author":{"name":"Edit\u00f6r","@id":"https:\/\/avrupapress.com\/#\/schema\/person\/68428444ec60970d1e1b700cf4ca1e8f"},"headline":"ERBALDER&rsquo;den \u2018Balkanlara Selam Olsun\u2019 Konseri","datePublished":"2022-05-27T17:48:51+00:00","dateModified":"2022-09-26T19:02:16+00:00","mainEntityOfPage":{"@id":"https:\/\/avrupapress.com\/main\/2022\/05\/27\/erbalderden-balkanlara-selam-olsun-konseri\/"},"wordCount":251,"publisher":{"@id":"https:\/\/avrupapress.com\/#\/schema\/person\/0223dca19c72c43575bf30d1a2d8f4fa"},"image":{"@id":"https:\/\/avrupapress.com\/main\/2022\/05\/27\/erbalderden-balkanlara-selam-olsun-konseri\/#primaryimage"},"thumbnailUrl":"https:\/\/avrupapress.com\/main\/wp-content\/uploads\/2022\/05\/ERBALDERden-\u2018Balkanlara-Selam-Olsun-Konserinden-goruntuler.-3-2.jpg","articleSection":["Avrupa","Bel\u00e7ika","D\u00fcnya","K\u00fclt\u00fcr-Sanat","Tan\u0131t\u0131m","T\u00fcrkiye"],"inLanguage":"fr-BE"},{"@type":"WebPage","@id":"https:\/\/avrupapress.com\/main\/2022\/05\/27\/erbalderden-balkanlara-selam-olsun-konseri\/","url":"https:\/\/avrupapress.com\/main\/2022\/05\/27\/erbalderden-balkanlara-selam-olsun-konseri\/","name":"ERBALDER'den \u2018Balkanlara Selam Olsun\u2019 Konseri - AvrupaPress","isPartOf":{"@id":"https:\/\/avrupapress.com\/#website"},"primaryImageOfPage":{"@id":"https:\/\/avrupapress.com\/main\/2022\/05\/27\/erbalderden-balkanlara-selam-olsun-konseri\/#primaryimage"},"image":{"@id":"https:\/\/avrupapress.com\/main\/2022\/05\/27\/erbalderden-balkanlara-selam-olsun-konseri\/#primaryimage"},"thumbnailUrl":"https:\/\/avrupapress.com\/main\/wp-content\/uploads\/2022\/05\/ERBALDERden-\u2018Balkanlara-Selam-Olsun-Konserinden-goruntuler.-3-2.jpg","datePublished":"2022-05-27T17:48:51+00:00","dateModified":"2022-09-26T19:02:16+00:00","breadcrumb":{"@id":"https:\/\/avrupapress.com\/main\/2022\/05\/27\/erbalderden-balkanlara-selam-olsun-konseri\/#breadcrumb"},"inLanguage":"fr-BE","potentialAction":[{"@type":"ReadAction","target":["https:\/\/avrupapress.com\/main\/2022\/05\/27\/erbalderden-balkanlara-selam-olsun-konseri\/"]}]},{"@type":"ImageObject","inLanguage":"fr-BE","@id":"https:\/\/avrupapress.com\/main\/2022\/05\/27\/erbalderden-balkanlara-selam-olsun-konseri\/#primaryimage","url":"https:\/\/avrupapress.com\/main\/wp-content\/uploads\/2022\/05\/ERBALDERden-\u2018Balkanlara-Selam-Olsun-Konserinden-goruntuler.-3-2.jpg","contentUrl":"https:\/\/avrupapress.com\/main\/wp-content\/uploads\/2022\/05\/ERBALDERden-\u2018Balkanlara-Selam-Olsun-Konserinden-goruntuler.-3-2.jpg","width":1024,"height":768},{"@type":"BreadcrumbList","@id":"https:\/\/avrupapress.com\/main\/2022\/05\/27\/erbalderden-balkanlara-selam-olsun-konseri\/#breadcrumb","itemListElement":[{"@type":"ListItem","position":1,"name":"Anasayfa","item":"https:\/\/avrupapress.com\/"},{"@type":"ListItem","position":2,"name":"ERBALDER&#8217;den \u2018Balkanlara Selam Olsun\u2019 Konseri"}]},{"@type":"WebSite","@id":"https:\/\/avrupapress.com\/#website","url":"https:\/\/avrupapress.com\/","name":"AvrupaPress","description":"Haberin Adresi","publisher":{"@id":"https:\/\/avrupapress.com\/#\/schema\/person\/0223dca19c72c43575bf30d1a2d8f4fa"},"potentialAction":[{"@type":"SearchAction","target":{"@type":"EntryPoint","urlTemplate":"https:\/\/avrupapress.com\/?s={search_term_string}"},"query-input":{"@type":"PropertyValueSpecification","valueRequired":true,"valueName":"search_term_string"}}],"inLanguage":"fr-BE"},{"@type":["Person","Organization"],"@id":"https:\/\/avrupapress.com\/#\/schema\/person\/0223dca19c72c43575bf30d1a2d8f4fa","name":"Bilgin \u00d6z\u00e7ift\u00e7i","image":{"@type":"ImageObject","inLanguage":"fr-BE","@id":"https:\/\/avrupapress.com\/#\/schema\/person\/image\/","url":"https:\/\/secure.gravatar.com\/avatar\/0f23b280433a21e1ea7a0adcc46ed0ad16afe3ad8e630fd13d8a017dcbd54ef3?s=96&d=mm&r=g","contentUrl":"https:\/\/secure.gravatar.com\/avatar\/0f23b280433a21e1ea7a0adcc46ed0ad16afe3ad8e630fd13d8a017dcbd54ef3?s=96&d=mm&r=g","caption":"Bilgin \u00d6z\u00e7ift\u00e7i"},"logo":{"@id":"https:\/\/avrupapress.com\/#\/schema\/person\/image\/"},"description":"Ne ben, nede sen... Biz ancak \"biz\" olursak g\u00fc\u00e7l\u00fc olabiliriz"},{"@type":"Person","@id":"https:\/\/avrupapress.com\/#\/schema\/person\/68428444ec60970d1e1b700cf4ca1e8f","name":"Edit\u00f6r","image":{"@type":"ImageObject","inLanguage":"fr-BE","@id":"https:\/\/avrupapress.com\/#\/schema\/person\/image\/","url":"https:\/\/secure.gravatar.com\/avatar\/74996b0977aa5f1559ba9883776652508b229005c0d78fb2597897f0bd651c09?s=96&d=mm&r=g","contentUrl":"https:\/\/secure.gravatar.com\/avatar\/74996b0977aa5f1559ba9883776652508b229005c0d78fb2597897f0bd651c09?s=96&d=mm&r=g","caption":"Edit\u00f6r"},"sameAs":["http:\/\/www.avrupapress.com"],"url":"https:\/\/avrupapress.com\/main\/author\/editor\/"}]}},"_links":{"self":[{"href":"https:\/\/avrupapress.com\/main\/wp-json\/wp\/v2\/posts\/19036","targetHints":{"allow":["GET"]}}],"collection":[{"href":"https:\/\/avrupapress.com\/main\/wp-json\/wp\/v2\/posts"}],"about":[{"href":"https:\/\/avrupapress.com\/main\/wp-json\/wp\/v2\/types\/post"}],"author":[{"embeddable":true,"href":"https:\/\/avrupapress.com\/main\/wp-json\/wp\/v2\/users\/3"}],"replies":[{"embeddable":true,"href":"https:\/\/avrupapress.com\/main\/wp-json\/wp\/v2\/comments?post=19036"}],"version-history":[{"count":4,"href":"https:\/\/avrupapress.com\/main\/wp-json\/wp\/v2\/posts\/19036\/revisions"}],"predecessor-version":[{"id":20141,"href":"https:\/\/avrupapress.com\/main\/wp-json\/wp\/v2\/posts\/19036\/revisions\/20141"}],"wp:featuredmedia":[{"embeddable":true,"href":"https:\/\/avrupapress.com\/main\/wp-json\/wp\/v2\/media\/19046"}],"wp:attachment":[{"href":"https:\/\/avrupapress.com\/main\/wp-json\/wp\/v2\/media?parent=19036"}],"wp:term":[{"taxonomy":"category","embeddable":true,"href":"https:\/\/avrupapress.com\/main\/wp-json\/wp\/v2\/categories?post=19036"},{"taxonomy":"post_tag","embeddable":true,"href":"https:\/\/avrupapress.com\/main\/wp-json\/wp\/v2\/tags?post=19036"}],"curies":[{"name":"wp","href":"https:\/\/api.w.org\/{rel}","templated":true}]}}