{"id":19032,"date":"2022-05-27T17:37:12","date_gmt":"2022-05-27T17:37:12","guid":{"rendered":"https:\/\/avrupapress.com\/main\/?p=19032"},"modified":"2022-05-27T17:37:23","modified_gmt":"2022-05-27T17:37:23","slug":"odunpazari-halk-egitim-merkezi-kursiyerlerinin-yil-sonu-sergisi-buyuk-begeni-topladi","status":"publish","type":"post","link":"https:\/\/avrupapress.com\/main\/2022\/05\/27\/odunpazari-halk-egitim-merkezi-kursiyerlerinin-yil-sonu-sergisi-buyuk-begeni-topladi\/","title":{"rendered":"Odunpazar\u0131 Halk E\u011fitim Merkezi Kursiyerlerinin Y\u0131l Sonu Sergisi B\u00fcy\u00fck Be\u011feni toplad\u0131"},"content":{"rendered":"<p class=\"x_MsoNormal\"><strong>HABER \/ FOTO\u011eRAF: ERTU\u011eRUL ALTINEL \u2013 B\u0130LG\u0130N \u00d6Z\u00c7\u0130FT\u00c7\u0130- AVRUPAPRESS \u2013 BEL\u00c7\u0130KA<\/strong><\/p>\n<p class=\"x_MsoNormal\">Odunpazar\u0131 Halk E\u011fitim Merkezi Kursiyerlerinin Y\u0131l Sonu Sergisi B\u00fcy\u00fck Be\u011feni toplad\u0131.<\/p>\n<p class=\"x_MsoNormal\">Odunpazar\u0131 Halk E\u011fitim Merkezi Kursiyerlerinin Y\u0131l Sonu Sergisi; \u00d6zdilek AVM\u2019 de ger\u00e7ekle\u015ftirildi. Odunpazar\u0131 Halk E\u011fitim Merkezi\u2019nde a\u00e7\u0131lan kurslarda yer alan \u00e7e\u015fitli \u00fcr\u00fcnler, y\u0131l sonu sergisinde sergilendi. Ard\u0131ndan, haz\u0131rlanm\u0131\u015f olan \u00fcr\u00fcnlerin sergilendi\u011fi stantlar\u0131 gezen kat\u0131l\u0131mc\u0131lar; el eme\u011fi g\u00f6z nuruyla yap\u0131lm\u0131\u015f \u00fcr\u00fcnleri yak\u0131ndan incelediler. Kursiyerlerin y\u0131l boyunca kendi emekleri ile haz\u0131rlad\u0131klar\u0131 \u00fcr\u00fcnler, sergiyi gezen kat\u0131l\u0131mc\u0131lar taraf\u0131ndan be\u011fenildi.<\/p>\n<div>\n<p class=\"x_MsoNormal\">Y\u0131l sonu sergisinin a\u00e7\u0131l\u0131\u015f kurdelesinin kesilmesi d\u00fczenlenen t\u00f6renle yap\u0131ld\u0131. Y\u0131l sonu sergisinin a\u00e7\u0131l\u0131\u015f\u0131na; Eski\u015fehir Vali Yard\u0131mc\u0131s\u0131 Ak\u0131n A\u011fca, Odunpazar\u0131 Kaymakam\u0131 \u00d6mer Ulu ve Odunpazar\u0131 \u0130l\u00e7e Milli E\u011fitim M\u00fcd\u00fcr\u00fc Murat Serts\u00f6z, kursiyerler ve vatanda\u015flar kat\u0131ld\u0131. Sergi, 2 g\u00fcn boyunca kat\u0131l\u0131mc\u0131lar\u0131n be\u011fenisine sunulacak.<\/p>\n<p><img loading=\"lazy\" decoding=\"async\" class=\"alignnone size-medium wp-image-19033\" src=\"https:\/\/avrupapress.com\/main\/wp-content\/uploads\/2022\/05\/Odunpazari-Halk-Egitim-Merkezi-Kursiyerlerinin-Yil-Sonu-Sergisi-Buyuk-Begeni-topladi-300x169.jpg\" alt=\"\" width=\"300\" height=\"169\" srcset=\"https:\/\/avrupapress.com\/main\/wp-content\/uploads\/2022\/05\/Odunpazari-Halk-Egitim-Merkezi-Kursiyerlerinin-Yil-Sonu-Sergisi-Buyuk-Begeni-topladi-300x169.jpg 300w, https:\/\/avrupapress.com\/main\/wp-content\/uploads\/2022\/05\/Odunpazari-Halk-Egitim-Merkezi-Kursiyerlerinin-Yil-Sonu-Sergisi-Buyuk-Begeni-topladi-1024x577.jpg 1024w, https:\/\/avrupapress.com\/main\/wp-content\/uploads\/2022\/05\/Odunpazari-Halk-Egitim-Merkezi-Kursiyerlerinin-Yil-Sonu-Sergisi-Buyuk-Begeni-topladi-768x433.jpg 768w, https:\/\/avrupapress.com\/main\/wp-content\/uploads\/2022\/05\/Odunpazari-Halk-Egitim-Merkezi-Kursiyerlerinin-Yil-Sonu-Sergisi-Buyuk-Begeni-topladi-740x420.jpg 740w, https:\/\/avrupapress.com\/main\/wp-content\/uploads\/2022\/05\/Odunpazari-Halk-Egitim-Merkezi-Kursiyerlerinin-Yil-Sonu-Sergisi-Buyuk-Begeni-topladi.jpg 1089w\" sizes=\"auto, (max-width: 300px) 100vw, 300px\" \/><\/p>\n<\/div>\n<p class=\"x_MsoNormal\"><strong>HABER \/ FOTO\u011eRAF: ERTU\u011eRUL ALTINEL \u2013 B\u0130LG\u0130N \u00d6Z\u00c7\u0130FT\u00c7\u0130- AVRUPAPRESS \u2013 BEL\u00c7\u0130KA<\/strong><\/p>\n","protected":false},"excerpt":{"rendered":"<p>HABER \/ FOTO\u011eRAF: ERTU\u011eRUL ALTINEL \u2013 B\u0130LG\u0130N \u00d6Z\u00c7\u0130FT\u00c7\u0130- AVRUPAPRESS \u2013 BEL\u00c7\u0130KA Odunpazar\u0131 Halk E\u011fitim Merkezi Kursiyerlerinin Y\u0131l Sonu Sergisi B\u00fcy\u00fck Be\u011feni toplad\u0131. Odunpazar\u0131 Halk E\u011fitim Merkezi Kursiyerlerinin Y\u0131l Sonu Sergisi; \u00d6zdilek AVM\u2019 de ger\u00e7ekle\u015ftirildi. Odunpazar\u0131 Halk E\u011fitim Merkezi\u2019nde a\u00e7\u0131lan kurslarda yer alan \u00e7e\u015fitli \u00fcr\u00fcnler, y\u0131l sonu sergisinde sergilendi. Ard\u0131ndan, haz\u0131rlanm\u0131\u015f olan \u00fcr\u00fcnlerin sergilendi\u011fi stantlar\u0131 gezen [&hellip;]<\/p>\n","protected":false},"author":3,"featured_media":19033,"comment_status":"closed","ping_status":"open","sticky":false,"template":"","format":"standard","meta":{"footnotes":""},"categories":[14,16,3,18,19,2],"tags":[],"class_list":["post-19032","post","type-post","status-publish","format-standard","has-post-thumbnail","hentry","category-avrupa","category-belcika","category-dunya","category-kultur-sanat","category-tanitim","category-turkiye"],"yoast_head":"<!-- This site is optimized with the Yoast SEO plugin v26.9 - https:\/\/yoast.com\/product\/yoast-seo-wordpress\/ -->\n<title>Odunpazar\u0131 Halk E\u011fitim Merkezi Kursiyerlerinin Y\u0131l Sonu Sergisi B\u00fcy\u00fck Be\u011feni toplad\u0131 - AvrupaPress<\/title>\n<meta name=\"robots\" content=\"index, follow, max-snippet:-1, max-image-preview:large, max-video-preview:-1\" \/>\n<link rel=\"canonical\" href=\"https:\/\/avrupapress.com\/main\/2022\/05\/27\/odunpazari-halk-egitim-merkezi-kursiyerlerinin-yil-sonu-sergisi-buyuk-begeni-topladi\/\" \/>\n<meta property=\"og:locale\" content=\"fr_FR\" \/>\n<meta property=\"og:type\" content=\"article\" \/>\n<meta property=\"og:title\" content=\"Odunpazar\u0131 Halk E\u011fitim Merkezi Kursiyerlerinin Y\u0131l Sonu Sergisi B\u00fcy\u00fck Be\u011feni toplad\u0131 - AvrupaPress\" \/>\n<meta property=\"og:description\" content=\"HABER \/ FOTO\u011eRAF: ERTU\u011eRUL ALTINEL \u2013 B\u0130LG\u0130N \u00d6Z\u00c7\u0130FT\u00c7\u0130- AVRUPAPRESS \u2013 BEL\u00c7\u0130KA Odunpazar\u0131 Halk E\u011fitim Merkezi Kursiyerlerinin Y\u0131l Sonu Sergisi B\u00fcy\u00fck Be\u011feni toplad\u0131. Odunpazar\u0131 Halk E\u011fitim Merkezi Kursiyerlerinin Y\u0131l Sonu Sergisi; \u00d6zdilek AVM\u2019 de ger\u00e7ekle\u015ftirildi. Odunpazar\u0131 Halk E\u011fitim Merkezi\u2019nde a\u00e7\u0131lan kurslarda yer alan \u00e7e\u015fitli \u00fcr\u00fcnler, y\u0131l sonu sergisinde sergilendi. Ard\u0131ndan, haz\u0131rlanm\u0131\u015f olan \u00fcr\u00fcnlerin sergilendi\u011fi stantlar\u0131 gezen [&hellip;]\" \/>\n<meta property=\"og:url\" content=\"https:\/\/avrupapress.com\/main\/2022\/05\/27\/odunpazari-halk-egitim-merkezi-kursiyerlerinin-yil-sonu-sergisi-buyuk-begeni-topladi\/\" \/>\n<meta property=\"og:site_name\" content=\"AvrupaPress\" \/>\n<meta property=\"article:published_time\" content=\"2022-05-27T17:37:12+00:00\" \/>\n<meta property=\"article:modified_time\" content=\"2022-05-27T17:37:23+00:00\" \/>\n<meta property=\"og:image\" content=\"https:\/\/avrupapress.com\/main\/wp-content\/uploads\/2022\/05\/Odunpazari-Halk-Egitim-Merkezi-Kursiyerlerinin-Yil-Sonu-Sergisi-Buyuk-Begeni-topladi.jpg\" \/>\n\t<meta property=\"og:image:width\" content=\"1089\" \/>\n\t<meta property=\"og:image:height\" content=\"614\" \/>\n\t<meta property=\"og:image:type\" content=\"image\/jpeg\" \/>\n<meta name=\"author\" content=\"Edit\u00f6r\" \/>\n<meta name=\"twitter:card\" content=\"summary_large_image\" \/>\n<meta name=\"twitter:label1\" content=\"\u00c9crit par\" \/>\n\t<meta name=\"twitter:data1\" content=\"Edit\u00f6r\" \/>\n\t<meta name=\"twitter:label2\" content=\"Dur\u00e9e de lecture est.\" \/>\n\t<meta name=\"twitter:data2\" content=\"1 minute\" \/>\n<script type=\"application\/ld+json\" class=\"yoast-schema-graph\">{\"@context\":\"https:\/\/schema.org\",\"@graph\":[{\"@type\":\"Article\",\"@id\":\"https:\/\/avrupapress.com\/main\/2022\/05\/27\/odunpazari-halk-egitim-merkezi-kursiyerlerinin-yil-sonu-sergisi-buyuk-begeni-topladi\/#article\",\"isPartOf\":{\"@id\":\"https:\/\/avrupapress.com\/main\/2022\/05\/27\/odunpazari-halk-egitim-merkezi-kursiyerlerinin-yil-sonu-sergisi-buyuk-begeni-topladi\/\"},\"author\":{\"name\":\"Edit\u00f6r\",\"@id\":\"https:\/\/avrupapress.com\/#\/schema\/person\/68428444ec60970d1e1b700cf4ca1e8f\"},\"headline\":\"Odunpazar\u0131 Halk E\u011fitim Merkezi Kursiyerlerinin Y\u0131l Sonu Sergisi B\u00fcy\u00fck Be\u011feni toplad\u0131\",\"datePublished\":\"2022-05-27T17:37:12+00:00\",\"dateModified\":\"2022-05-27T17:37:23+00:00\",\"mainEntityOfPage\":{\"@id\":\"https:\/\/avrupapress.com\/main\/2022\/05\/27\/odunpazari-halk-egitim-merkezi-kursiyerlerinin-yil-sonu-sergisi-buyuk-begeni-topladi\/\"},\"wordCount\":214,\"publisher\":{\"@id\":\"https:\/\/avrupapress.com\/#\/schema\/person\/0223dca19c72c43575bf30d1a2d8f4fa\"},\"image\":{\"@id\":\"https:\/\/avrupapress.com\/main\/2022\/05\/27\/odunpazari-halk-egitim-merkezi-kursiyerlerinin-yil-sonu-sergisi-buyuk-begeni-topladi\/#primaryimage\"},\"thumbnailUrl\":\"https:\/\/avrupapress.com\/main\/wp-content\/uploads\/2022\/05\/Odunpazari-Halk-Egitim-Merkezi-Kursiyerlerinin-Yil-Sonu-Sergisi-Buyuk-Begeni-topladi.jpg\",\"articleSection\":[\"Avrupa\",\"Bel\u00e7ika\",\"D\u00fcnya\",\"K\u00fclt\u00fcr-Sanat\",\"Tan\u0131t\u0131m\",\"T\u00fcrkiye\"],\"inLanguage\":\"fr-BE\"},{\"@type\":\"WebPage\",\"@id\":\"https:\/\/avrupapress.com\/main\/2022\/05\/27\/odunpazari-halk-egitim-merkezi-kursiyerlerinin-yil-sonu-sergisi-buyuk-begeni-topladi\/\",\"url\":\"https:\/\/avrupapress.com\/main\/2022\/05\/27\/odunpazari-halk-egitim-merkezi-kursiyerlerinin-yil-sonu-sergisi-buyuk-begeni-topladi\/\",\"name\":\"Odunpazar\u0131 Halk E\u011fitim Merkezi Kursiyerlerinin Y\u0131l Sonu Sergisi B\u00fcy\u00fck Be\u011feni toplad\u0131 - AvrupaPress\",\"isPartOf\":{\"@id\":\"https:\/\/avrupapress.com\/#website\"},\"primaryImageOfPage\":{\"@id\":\"https:\/\/avrupapress.com\/main\/2022\/05\/27\/odunpazari-halk-egitim-merkezi-kursiyerlerinin-yil-sonu-sergisi-buyuk-begeni-topladi\/#primaryimage\"},\"image\":{\"@id\":\"https:\/\/avrupapress.com\/main\/2022\/05\/27\/odunpazari-halk-egitim-merkezi-kursiyerlerinin-yil-sonu-sergisi-buyuk-begeni-topladi\/#primaryimage\"},\"thumbnailUrl\":\"https:\/\/avrupapress.com\/main\/wp-content\/uploads\/2022\/05\/Odunpazari-Halk-Egitim-Merkezi-Kursiyerlerinin-Yil-Sonu-Sergisi-Buyuk-Begeni-topladi.jpg\",\"datePublished\":\"2022-05-27T17:37:12+00:00\",\"dateModified\":\"2022-05-27T17:37:23+00:00\",\"breadcrumb\":{\"@id\":\"https:\/\/avrupapress.com\/main\/2022\/05\/27\/odunpazari-halk-egitim-merkezi-kursiyerlerinin-yil-sonu-sergisi-buyuk-begeni-topladi\/#breadcrumb\"},\"inLanguage\":\"fr-BE\",\"potentialAction\":[{\"@type\":\"ReadAction\",\"target\":[\"https:\/\/avrupapress.com\/main\/2022\/05\/27\/odunpazari-halk-egitim-merkezi-kursiyerlerinin-yil-sonu-sergisi-buyuk-begeni-topladi\/\"]}]},{\"@type\":\"ImageObject\",\"inLanguage\":\"fr-BE\",\"@id\":\"https:\/\/avrupapress.com\/main\/2022\/05\/27\/odunpazari-halk-egitim-merkezi-kursiyerlerinin-yil-sonu-sergisi-buyuk-begeni-topladi\/#primaryimage\",\"url\":\"https:\/\/avrupapress.com\/main\/wp-content\/uploads\/2022\/05\/Odunpazari-Halk-Egitim-Merkezi-Kursiyerlerinin-Yil-Sonu-Sergisi-Buyuk-Begeni-topladi.jpg\",\"contentUrl\":\"https:\/\/avrupapress.com\/main\/wp-content\/uploads\/2022\/05\/Odunpazari-Halk-Egitim-Merkezi-Kursiyerlerinin-Yil-Sonu-Sergisi-Buyuk-Begeni-topladi.jpg\",\"width\":1089,\"height\":614},{\"@type\":\"BreadcrumbList\",\"@id\":\"https:\/\/avrupapress.com\/main\/2022\/05\/27\/odunpazari-halk-egitim-merkezi-kursiyerlerinin-yil-sonu-sergisi-buyuk-begeni-topladi\/#breadcrumb\",\"itemListElement\":[{\"@type\":\"ListItem\",\"position\":1,\"name\":\"Anasayfa\",\"item\":\"https:\/\/avrupapress.com\/\"},{\"@type\":\"ListItem\",\"position\":2,\"name\":\"Odunpazar\u0131 Halk E\u011fitim Merkezi Kursiyerlerinin Y\u0131l Sonu Sergisi B\u00fcy\u00fck Be\u011feni toplad\u0131\"}]},{\"@type\":\"WebSite\",\"@id\":\"https:\/\/avrupapress.com\/#website\",\"url\":\"https:\/\/avrupapress.com\/\",\"name\":\"AvrupaPress\",\"description\":\"Haberin Adresi\",\"publisher\":{\"@id\":\"https:\/\/avrupapress.com\/#\/schema\/person\/0223dca19c72c43575bf30d1a2d8f4fa\"},\"potentialAction\":[{\"@type\":\"SearchAction\",\"target\":{\"@type\":\"EntryPoint\",\"urlTemplate\":\"https:\/\/avrupapress.com\/?s={search_term_string}\"},\"query-input\":{\"@type\":\"PropertyValueSpecification\",\"valueRequired\":true,\"valueName\":\"search_term_string\"}}],\"inLanguage\":\"fr-BE\"},{\"@type\":[\"Person\",\"Organization\"],\"@id\":\"https:\/\/avrupapress.com\/#\/schema\/person\/0223dca19c72c43575bf30d1a2d8f4fa\",\"name\":\"Bilgin \u00d6z\u00e7ift\u00e7i\",\"image\":{\"@type\":\"ImageObject\",\"inLanguage\":\"fr-BE\",\"@id\":\"https:\/\/avrupapress.com\/#\/schema\/person\/image\/\",\"url\":\"https:\/\/secure.gravatar.com\/avatar\/0f23b280433a21e1ea7a0adcc46ed0ad16afe3ad8e630fd13d8a017dcbd54ef3?s=96&d=mm&r=g\",\"contentUrl\":\"https:\/\/secure.gravatar.com\/avatar\/0f23b280433a21e1ea7a0adcc46ed0ad16afe3ad8e630fd13d8a017dcbd54ef3?s=96&d=mm&r=g\",\"caption\":\"Bilgin \u00d6z\u00e7ift\u00e7i\"},\"logo\":{\"@id\":\"https:\/\/avrupapress.com\/#\/schema\/person\/image\/\"},\"description\":\"Ne ben, nede sen... Biz ancak \\\"biz\\\" olursak g\u00fc\u00e7l\u00fc olabiliriz\"},{\"@type\":\"Person\",\"@id\":\"https:\/\/avrupapress.com\/#\/schema\/person\/68428444ec60970d1e1b700cf4ca1e8f\",\"name\":\"Edit\u00f6r\",\"image\":{\"@type\":\"ImageObject\",\"inLanguage\":\"fr-BE\",\"@id\":\"https:\/\/avrupapress.com\/#\/schema\/person\/image\/\",\"url\":\"https:\/\/secure.gravatar.com\/avatar\/74996b0977aa5f1559ba9883776652508b229005c0d78fb2597897f0bd651c09?s=96&d=mm&r=g\",\"contentUrl\":\"https:\/\/secure.gravatar.com\/avatar\/74996b0977aa5f1559ba9883776652508b229005c0d78fb2597897f0bd651c09?s=96&d=mm&r=g\",\"caption\":\"Edit\u00f6r\"},\"sameAs\":[\"http:\/\/www.avrupapress.com\"],\"url\":\"https:\/\/avrupapress.com\/main\/author\/editor\/\"}]}<\/script>\n<!-- \/ Yoast SEO plugin. -->","yoast_head_json":{"title":"Odunpazar\u0131 Halk E\u011fitim Merkezi Kursiyerlerinin Y\u0131l Sonu Sergisi B\u00fcy\u00fck Be\u011feni toplad\u0131 - AvrupaPress","robots":{"index":"index","follow":"follow","max-snippet":"max-snippet:-1","max-image-preview":"max-image-preview:large","max-video-preview":"max-video-preview:-1"},"canonical":"https:\/\/avrupapress.com\/main\/2022\/05\/27\/odunpazari-halk-egitim-merkezi-kursiyerlerinin-yil-sonu-sergisi-buyuk-begeni-topladi\/","og_locale":"fr_FR","og_type":"article","og_title":"Odunpazar\u0131 Halk E\u011fitim Merkezi Kursiyerlerinin Y\u0131l Sonu Sergisi B\u00fcy\u00fck Be\u011feni toplad\u0131 - AvrupaPress","og_description":"HABER \/ FOTO\u011eRAF: ERTU\u011eRUL ALTINEL \u2013 B\u0130LG\u0130N \u00d6Z\u00c7\u0130FT\u00c7\u0130- AVRUPAPRESS \u2013 BEL\u00c7\u0130KA Odunpazar\u0131 Halk E\u011fitim Merkezi Kursiyerlerinin Y\u0131l Sonu Sergisi B\u00fcy\u00fck Be\u011feni toplad\u0131. Odunpazar\u0131 Halk E\u011fitim Merkezi Kursiyerlerinin Y\u0131l Sonu Sergisi; \u00d6zdilek AVM\u2019 de ger\u00e7ekle\u015ftirildi. Odunpazar\u0131 Halk E\u011fitim Merkezi\u2019nde a\u00e7\u0131lan kurslarda yer alan \u00e7e\u015fitli \u00fcr\u00fcnler, y\u0131l sonu sergisinde sergilendi. Ard\u0131ndan, haz\u0131rlanm\u0131\u015f olan \u00fcr\u00fcnlerin sergilendi\u011fi stantlar\u0131 gezen [&hellip;]","og_url":"https:\/\/avrupapress.com\/main\/2022\/05\/27\/odunpazari-halk-egitim-merkezi-kursiyerlerinin-yil-sonu-sergisi-buyuk-begeni-topladi\/","og_site_name":"AvrupaPress","article_published_time":"2022-05-27T17:37:12+00:00","article_modified_time":"2022-05-27T17:37:23+00:00","og_image":[{"width":1089,"height":614,"url":"https:\/\/avrupapress.com\/main\/wp-content\/uploads\/2022\/05\/Odunpazari-Halk-Egitim-Merkezi-Kursiyerlerinin-Yil-Sonu-Sergisi-Buyuk-Begeni-topladi.jpg","type":"image\/jpeg"}],"author":"Edit\u00f6r","twitter_card":"summary_large_image","twitter_misc":{"\u00c9crit par":"Edit\u00f6r","Dur\u00e9e de lecture est.":"1 minute"},"schema":{"@context":"https:\/\/schema.org","@graph":[{"@type":"Article","@id":"https:\/\/avrupapress.com\/main\/2022\/05\/27\/odunpazari-halk-egitim-merkezi-kursiyerlerinin-yil-sonu-sergisi-buyuk-begeni-topladi\/#article","isPartOf":{"@id":"https:\/\/avrupapress.com\/main\/2022\/05\/27\/odunpazari-halk-egitim-merkezi-kursiyerlerinin-yil-sonu-sergisi-buyuk-begeni-topladi\/"},"author":{"name":"Edit\u00f6r","@id":"https:\/\/avrupapress.com\/#\/schema\/person\/68428444ec60970d1e1b700cf4ca1e8f"},"headline":"Odunpazar\u0131 Halk E\u011fitim Merkezi Kursiyerlerinin Y\u0131l Sonu Sergisi B\u00fcy\u00fck Be\u011feni toplad\u0131","datePublished":"2022-05-27T17:37:12+00:00","dateModified":"2022-05-27T17:37:23+00:00","mainEntityOfPage":{"@id":"https:\/\/avrupapress.com\/main\/2022\/05\/27\/odunpazari-halk-egitim-merkezi-kursiyerlerinin-yil-sonu-sergisi-buyuk-begeni-topladi\/"},"wordCount":214,"publisher":{"@id":"https:\/\/avrupapress.com\/#\/schema\/person\/0223dca19c72c43575bf30d1a2d8f4fa"},"image":{"@id":"https:\/\/avrupapress.com\/main\/2022\/05\/27\/odunpazari-halk-egitim-merkezi-kursiyerlerinin-yil-sonu-sergisi-buyuk-begeni-topladi\/#primaryimage"},"thumbnailUrl":"https:\/\/avrupapress.com\/main\/wp-content\/uploads\/2022\/05\/Odunpazari-Halk-Egitim-Merkezi-Kursiyerlerinin-Yil-Sonu-Sergisi-Buyuk-Begeni-topladi.jpg","articleSection":["Avrupa","Bel\u00e7ika","D\u00fcnya","K\u00fclt\u00fcr-Sanat","Tan\u0131t\u0131m","T\u00fcrkiye"],"inLanguage":"fr-BE"},{"@type":"WebPage","@id":"https:\/\/avrupapress.com\/main\/2022\/05\/27\/odunpazari-halk-egitim-merkezi-kursiyerlerinin-yil-sonu-sergisi-buyuk-begeni-topladi\/","url":"https:\/\/avrupapress.com\/main\/2022\/05\/27\/odunpazari-halk-egitim-merkezi-kursiyerlerinin-yil-sonu-sergisi-buyuk-begeni-topladi\/","name":"Odunpazar\u0131 Halk E\u011fitim Merkezi Kursiyerlerinin Y\u0131l Sonu Sergisi B\u00fcy\u00fck Be\u011feni toplad\u0131 - AvrupaPress","isPartOf":{"@id":"https:\/\/avrupapress.com\/#website"},"primaryImageOfPage":{"@id":"https:\/\/avrupapress.com\/main\/2022\/05\/27\/odunpazari-halk-egitim-merkezi-kursiyerlerinin-yil-sonu-sergisi-buyuk-begeni-topladi\/#primaryimage"},"image":{"@id":"https:\/\/avrupapress.com\/main\/2022\/05\/27\/odunpazari-halk-egitim-merkezi-kursiyerlerinin-yil-sonu-sergisi-buyuk-begeni-topladi\/#primaryimage"},"thumbnailUrl":"https:\/\/avrupapress.com\/main\/wp-content\/uploads\/2022\/05\/Odunpazari-Halk-Egitim-Merkezi-Kursiyerlerinin-Yil-Sonu-Sergisi-Buyuk-Begeni-topladi.jpg","datePublished":"2022-05-27T17:37:12+00:00","dateModified":"2022-05-27T17:37:23+00:00","breadcrumb":{"@id":"https:\/\/avrupapress.com\/main\/2022\/05\/27\/odunpazari-halk-egitim-merkezi-kursiyerlerinin-yil-sonu-sergisi-buyuk-begeni-topladi\/#breadcrumb"},"inLanguage":"fr-BE","potentialAction":[{"@type":"ReadAction","target":["https:\/\/avrupapress.com\/main\/2022\/05\/27\/odunpazari-halk-egitim-merkezi-kursiyerlerinin-yil-sonu-sergisi-buyuk-begeni-topladi\/"]}]},{"@type":"ImageObject","inLanguage":"fr-BE","@id":"https:\/\/avrupapress.com\/main\/2022\/05\/27\/odunpazari-halk-egitim-merkezi-kursiyerlerinin-yil-sonu-sergisi-buyuk-begeni-topladi\/#primaryimage","url":"https:\/\/avrupapress.com\/main\/wp-content\/uploads\/2022\/05\/Odunpazari-Halk-Egitim-Merkezi-Kursiyerlerinin-Yil-Sonu-Sergisi-Buyuk-Begeni-topladi.jpg","contentUrl":"https:\/\/avrupapress.com\/main\/wp-content\/uploads\/2022\/05\/Odunpazari-Halk-Egitim-Merkezi-Kursiyerlerinin-Yil-Sonu-Sergisi-Buyuk-Begeni-topladi.jpg","width":1089,"height":614},{"@type":"BreadcrumbList","@id":"https:\/\/avrupapress.com\/main\/2022\/05\/27\/odunpazari-halk-egitim-merkezi-kursiyerlerinin-yil-sonu-sergisi-buyuk-begeni-topladi\/#breadcrumb","itemListElement":[{"@type":"ListItem","position":1,"name":"Anasayfa","item":"https:\/\/avrupapress.com\/"},{"@type":"ListItem","position":2,"name":"Odunpazar\u0131 Halk E\u011fitim Merkezi Kursiyerlerinin Y\u0131l Sonu Sergisi B\u00fcy\u00fck Be\u011feni toplad\u0131"}]},{"@type":"WebSite","@id":"https:\/\/avrupapress.com\/#website","url":"https:\/\/avrupapress.com\/","name":"AvrupaPress","description":"Haberin Adresi","publisher":{"@id":"https:\/\/avrupapress.com\/#\/schema\/person\/0223dca19c72c43575bf30d1a2d8f4fa"},"potentialAction":[{"@type":"SearchAction","target":{"@type":"EntryPoint","urlTemplate":"https:\/\/avrupapress.com\/?s={search_term_string}"},"query-input":{"@type":"PropertyValueSpecification","valueRequired":true,"valueName":"search_term_string"}}],"inLanguage":"fr-BE"},{"@type":["Person","Organization"],"@id":"https:\/\/avrupapress.com\/#\/schema\/person\/0223dca19c72c43575bf30d1a2d8f4fa","name":"Bilgin \u00d6z\u00e7ift\u00e7i","image":{"@type":"ImageObject","inLanguage":"fr-BE","@id":"https:\/\/avrupapress.com\/#\/schema\/person\/image\/","url":"https:\/\/secure.gravatar.com\/avatar\/0f23b280433a21e1ea7a0adcc46ed0ad16afe3ad8e630fd13d8a017dcbd54ef3?s=96&d=mm&r=g","contentUrl":"https:\/\/secure.gravatar.com\/avatar\/0f23b280433a21e1ea7a0adcc46ed0ad16afe3ad8e630fd13d8a017dcbd54ef3?s=96&d=mm&r=g","caption":"Bilgin \u00d6z\u00e7ift\u00e7i"},"logo":{"@id":"https:\/\/avrupapress.com\/#\/schema\/person\/image\/"},"description":"Ne ben, nede sen... Biz ancak \"biz\" olursak g\u00fc\u00e7l\u00fc olabiliriz"},{"@type":"Person","@id":"https:\/\/avrupapress.com\/#\/schema\/person\/68428444ec60970d1e1b700cf4ca1e8f","name":"Edit\u00f6r","image":{"@type":"ImageObject","inLanguage":"fr-BE","@id":"https:\/\/avrupapress.com\/#\/schema\/person\/image\/","url":"https:\/\/secure.gravatar.com\/avatar\/74996b0977aa5f1559ba9883776652508b229005c0d78fb2597897f0bd651c09?s=96&d=mm&r=g","contentUrl":"https:\/\/secure.gravatar.com\/avatar\/74996b0977aa5f1559ba9883776652508b229005c0d78fb2597897f0bd651c09?s=96&d=mm&r=g","caption":"Edit\u00f6r"},"sameAs":["http:\/\/www.avrupapress.com"],"url":"https:\/\/avrupapress.com\/main\/author\/editor\/"}]}},"_links":{"self":[{"href":"https:\/\/avrupapress.com\/main\/wp-json\/wp\/v2\/posts\/19032","targetHints":{"allow":["GET"]}}],"collection":[{"href":"https:\/\/avrupapress.com\/main\/wp-json\/wp\/v2\/posts"}],"about":[{"href":"https:\/\/avrupapress.com\/main\/wp-json\/wp\/v2\/types\/post"}],"author":[{"embeddable":true,"href":"https:\/\/avrupapress.com\/main\/wp-json\/wp\/v2\/users\/3"}],"replies":[{"embeddable":true,"href":"https:\/\/avrupapress.com\/main\/wp-json\/wp\/v2\/comments?post=19032"}],"version-history":[{"count":2,"href":"https:\/\/avrupapress.com\/main\/wp-json\/wp\/v2\/posts\/19032\/revisions"}],"predecessor-version":[{"id":19035,"href":"https:\/\/avrupapress.com\/main\/wp-json\/wp\/v2\/posts\/19032\/revisions\/19035"}],"wp:featuredmedia":[{"embeddable":true,"href":"https:\/\/avrupapress.com\/main\/wp-json\/wp\/v2\/media\/19033"}],"wp:attachment":[{"href":"https:\/\/avrupapress.com\/main\/wp-json\/wp\/v2\/media?parent=19032"}],"wp:term":[{"taxonomy":"category","embeddable":true,"href":"https:\/\/avrupapress.com\/main\/wp-json\/wp\/v2\/categories?post=19032"},{"taxonomy":"post_tag","embeddable":true,"href":"https:\/\/avrupapress.com\/main\/wp-json\/wp\/v2\/tags?post=19032"}],"curies":[{"name":"wp","href":"https:\/\/api.w.org\/{rel}","templated":true}]}}