{"id":19026,"date":"2022-05-26T21:29:35","date_gmt":"2022-05-26T21:29:35","guid":{"rendered":"https:\/\/avrupapress.com\/main\/?p=19026"},"modified":"2022-05-26T21:29:48","modified_gmt":"2022-05-26T21:29:48","slug":"eskisehir-eti-maden-isletmeleri-ilkokulunda-kutuphane-acilisi-gerceklesti","status":"publish","type":"post","link":"https:\/\/avrupapress.com\/main\/2022\/05\/26\/eskisehir-eti-maden-isletmeleri-ilkokulunda-kutuphane-acilisi-gerceklesti\/","title":{"rendered":"Eski\u015fehir Eti Maden \u0130\u015fletmeleri \u0130lkokulu&rsquo;nda \u2018K\u00fct\u00fcphane A\u00e7\u0131l\u0131\u015f\u0131 \u2019Ger\u00e7ekle\u015fti"},"content":{"rendered":"<p class=\"x_MsoNormal\">HABER \/ FOTO\u011eRAF: ERTU\u011eRUL ALTINEL \u2013 ESK\u0130\u015eEH\u0130R<\/p>\n<p class=\"x_MsoNormal\">Eski\u015fehir Eti Maden \u0130\u015fletmeleri \u0130lkokulu&rsquo;nda \u2018k\u00fct\u00fcphane a\u00e7\u0131l\u0131\u015f\u0131\u2019 ger\u00e7ekle\u015fti. K\u00fct\u00fcphane a\u00e7\u0131l\u0131\u015f\u0131na; Odunpazar\u0131 Kaymakam\u0131 \u00d6mer Ulu, Odunpazar\u0131 \u0130l\u00e7e Milli E\u011fitim M\u00fcd\u00fcr\u00fc Murat Serts\u00f6z, \u00f6\u011fretmenler, \u00f6\u011frenciler ve veliler kat\u0131ld\u0131. K\u00fct\u00fcphanenin a\u00e7\u0131l\u0131\u015f\u0131 ilgi g\u00f6rd\u00fc.<\/p>\n<p class=\"x_MsoNormal\">K\u00fct\u00fcphane a\u00e7\u0131l\u0131\u015f \u00f6ncesi; \u00f6\u011frenciler taraf\u0131ndan haz\u0131rlanan plastik at\u0131k ile yap\u0131lan icatlar gezildi.\u00a0\u2018K\u00fct\u00fcphane, e\u011fitim kurumlar\u0131n\u0131n kalbidir\u2019 d\u00fc\u015f\u00fcncesiyle k\u00fct\u00fcphanede; \u00f6\u011frencilerin daha fazla vakit ge\u00e7irmeleri ve keyif almalar\u0131 i\u00e7in birtak\u0131m ortamlar tasarland\u0131. Okul k\u00fct\u00fcphanesi ilgi \u00e7ekici hale geldi. K\u00fct\u00fcphaneye, \u2018Kitap Kafe\u2019 ismi verildi.<\/p>\n<p class=\"x_MsoNormal\">Odunpazar\u0131 Kaymakam\u0131 \u00d6mer Ulu,\u2019\u2019Okulda k\u00fct\u00fcphanenin olu\u015fturulmas\u0131nda ve a\u00e7\u0131lmas\u0131nda eme\u011fi ge\u00e7enleri kutlar\u0131m. \u00d6\u011frencilerin daha fazla bilgi \u00f6\u011frenmesinde ve ara\u015ft\u0131rmas\u0131nda k\u00fct\u00fcphanenin \u00f6nemi b\u00fcy\u00fckt\u00fcr\u2019\u2019 dedi. Burada \u00f6\u011frenciler kitaplar\u0131n\u0131 okurken; sevdi\u011fi i\u00e7ecek ve at\u0131\u015ft\u0131rmal\u0131klar ikram edilerek \u00f6\u011frencilerin k\u00fct\u00fcphaneye ilgisi art\u0131r\u0131ld\u0131. \u2018Sahne K\u00f6\u015fesi\u2019 ile; \u00f6\u011frencilerin okudu\u011fu kitaplar\u0131 daha e\u011flenceli hale getirilerek, k\u00fct\u00fcphanelerin canland\u0131rmalar\u0131 hedeflendi.<\/p>\n<div>\n<p class=\"x_MsoNormal\">\u2018Yazar K\u00f6\u015fesi\u2019 ile her ay bir yazar\u0131n tan\u0131t\u0131lmas\u0131 ve o yazara ait kitaplar\u0131n k\u00fct\u00fcphaneye temin edilerek k\u00fct\u00fcphanenin her zaman g\u00fcncel kalmas\u0131 ama\u00e7land\u0131. Ayr\u0131ca yeni neslin tan\u0131mad\u0131\u011f\u0131 ansiklopedilerle duvar saati olu\u015fturularak, unutulmaya y\u00fcz tutmu\u015f ansiklopediler \u00e7ocuklara tan\u0131t\u0131ld\u0131. Eti Maden \u0130\u015fletmeleri \u0130lkokulu\u2019nun bodrum kat\u0131n\u0131n koridoru i\u00e7inde;\u00a0akil ve strateji\u00a0oyunlar\u0131 ile, masa tenisi yerle\u015ftirilerek o b\u00f6l\u00fcm sosyal aktivite alan\u0131 haline getirildi.<\/p>\n<p><b>HABER VE FOTO\u011eRAFI: HAZIRLAYAN\u00a0VE\u00a0G\u00d6N: ERTU\u011eRUL ALTINEL- ESK\u0130\u015eEH\u0130R<\/b><\/p>\n<p><img loading=\"lazy\" decoding=\"async\" class=\"alignnone size-medium wp-image-19027\" src=\"https:\/\/avrupapress.com\/main\/wp-content\/uploads\/2022\/05\/Eskisehir-Eti-Maden-Isletmeleri-Ilkokulunda-\u2018Kutuphane-Acilisi-Gerceklesti-300x169.jpg\" alt=\"\" width=\"300\" height=\"169\" srcset=\"https:\/\/avrupapress.com\/main\/wp-content\/uploads\/2022\/05\/Eskisehir-Eti-Maden-Isletmeleri-Ilkokulunda-\u2018Kutuphane-Acilisi-Gerceklesti-300x169.jpg 300w, https:\/\/avrupapress.com\/main\/wp-content\/uploads\/2022\/05\/Eskisehir-Eti-Maden-Isletmeleri-Ilkokulunda-\u2018Kutuphane-Acilisi-Gerceklesti-1024x577.jpg 1024w, https:\/\/avrupapress.com\/main\/wp-content\/uploads\/2022\/05\/Eskisehir-Eti-Maden-Isletmeleri-Ilkokulunda-\u2018Kutuphane-Acilisi-Gerceklesti-768x433.jpg 768w, https:\/\/avrupapress.com\/main\/wp-content\/uploads\/2022\/05\/Eskisehir-Eti-Maden-Isletmeleri-Ilkokulunda-\u2018Kutuphane-Acilisi-Gerceklesti-740x420.jpg 740w, https:\/\/avrupapress.com\/main\/wp-content\/uploads\/2022\/05\/Eskisehir-Eti-Maden-Isletmeleri-Ilkokulunda-\u2018Kutuphane-Acilisi-Gerceklesti.jpg 1089w\" sizes=\"auto, (max-width: 300px) 100vw, 300px\" \/><\/p>\n<p><img loading=\"lazy\" decoding=\"async\" class=\"alignnone size-medium wp-image-19028\" src=\"https:\/\/avrupapress.com\/main\/wp-content\/uploads\/2022\/05\/Eskisehir-Eti-Maden-Isletmeleri-Ilkokulunda-\u2018Kutuphane-Acilisi-Gerceklesti-2-300x200.jpg\" alt=\"\" width=\"300\" height=\"200\" srcset=\"https:\/\/avrupapress.com\/main\/wp-content\/uploads\/2022\/05\/Eskisehir-Eti-Maden-Isletmeleri-Ilkokulunda-\u2018Kutuphane-Acilisi-Gerceklesti-2-300x200.jpg 300w, https:\/\/avrupapress.com\/main\/wp-content\/uploads\/2022\/05\/Eskisehir-Eti-Maden-Isletmeleri-Ilkokulunda-\u2018Kutuphane-Acilisi-Gerceklesti-2-1024x682.jpg 1024w, https:\/\/avrupapress.com\/main\/wp-content\/uploads\/2022\/05\/Eskisehir-Eti-Maden-Isletmeleri-Ilkokulunda-\u2018Kutuphane-Acilisi-Gerceklesti-2-768x512.jpg 768w, https:\/\/avrupapress.com\/main\/wp-content\/uploads\/2022\/05\/Eskisehir-Eti-Maden-Isletmeleri-Ilkokulunda-\u2018Kutuphane-Acilisi-Gerceklesti-2-1536x1024.jpg 1536w, https:\/\/avrupapress.com\/main\/wp-content\/uploads\/2022\/05\/Eskisehir-Eti-Maden-Isletmeleri-Ilkokulunda-\u2018Kutuphane-Acilisi-Gerceklesti-2.jpg 1904w\" sizes=\"auto, (max-width: 300px) 100vw, 300px\" \/><\/p>\n<p><img loading=\"lazy\" decoding=\"async\" class=\"alignnone size-medium wp-image-19029\" src=\"https:\/\/avrupapress.com\/main\/wp-content\/uploads\/2022\/05\/Eskisehir-Eti-Maden-Isletmeleri-Ilkokulunda-\u2018Kutuphane-Acilisi-Gerceklesti-3-300x200.jpg\" alt=\"\" width=\"300\" height=\"200\" srcset=\"https:\/\/avrupapress.com\/main\/wp-content\/uploads\/2022\/05\/Eskisehir-Eti-Maden-Isletmeleri-Ilkokulunda-\u2018Kutuphane-Acilisi-Gerceklesti-3-300x200.jpg 300w, https:\/\/avrupapress.com\/main\/wp-content\/uploads\/2022\/05\/Eskisehir-Eti-Maden-Isletmeleri-Ilkokulunda-\u2018Kutuphane-Acilisi-Gerceklesti-3-1024x682.jpg 1024w, https:\/\/avrupapress.com\/main\/wp-content\/uploads\/2022\/05\/Eskisehir-Eti-Maden-Isletmeleri-Ilkokulunda-\u2018Kutuphane-Acilisi-Gerceklesti-3-768x512.jpg 768w, https:\/\/avrupapress.com\/main\/wp-content\/uploads\/2022\/05\/Eskisehir-Eti-Maden-Isletmeleri-Ilkokulunda-\u2018Kutuphane-Acilisi-Gerceklesti-3-1536x1024.jpg 1536w, https:\/\/avrupapress.com\/main\/wp-content\/uploads\/2022\/05\/Eskisehir-Eti-Maden-Isletmeleri-Ilkokulunda-\u2018Kutuphane-Acilisi-Gerceklesti-3.jpg 1904w\" sizes=\"auto, (max-width: 300px) 100vw, 300px\" \/><\/p>\n<\/div>\n<p><b>HABER VE FOTO\u011eRAFI: HAZIRLAYAN\u00a0VE\u00a0G\u00d6N: ERTU\u011eRUL ALTINEL- ESK\u0130\u015eEH\u0130R<\/b><\/p>\n<p>&nbsp;<\/p>\n","protected":false},"excerpt":{"rendered":"<p>HABER \/ FOTO\u011eRAF: ERTU\u011eRUL ALTINEL \u2013 ESK\u0130\u015eEH\u0130R Eski\u015fehir Eti Maden \u0130\u015fletmeleri \u0130lkokulu&rsquo;nda \u2018k\u00fct\u00fcphane a\u00e7\u0131l\u0131\u015f\u0131\u2019 ger\u00e7ekle\u015fti. K\u00fct\u00fcphane a\u00e7\u0131l\u0131\u015f\u0131na; Odunpazar\u0131 Kaymakam\u0131 \u00d6mer Ulu, Odunpazar\u0131 \u0130l\u00e7e Milli E\u011fitim M\u00fcd\u00fcr\u00fc Murat Serts\u00f6z, \u00f6\u011fretmenler, \u00f6\u011frenciler ve veliler kat\u0131ld\u0131. K\u00fct\u00fcphanenin a\u00e7\u0131l\u0131\u015f\u0131 ilgi g\u00f6rd\u00fc. K\u00fct\u00fcphane a\u00e7\u0131l\u0131\u015f \u00f6ncesi; \u00f6\u011frenciler taraf\u0131ndan haz\u0131rlanan plastik at\u0131k ile yap\u0131lan icatlar gezildi.\u00a0\u2018K\u00fct\u00fcphane, e\u011fitim kurumlar\u0131n\u0131n kalbidir\u2019 d\u00fc\u015f\u00fcncesiyle k\u00fct\u00fcphanede; \u00f6\u011frencilerin [&hellip;]<\/p>\n","protected":false},"author":3,"featured_media":19027,"comment_status":"closed","ping_status":"open","sticky":false,"template":"","format":"standard","meta":{"footnotes":""},"categories":[14,16,3,17,18,19,2],"tags":[],"class_list":["post-19026","post","type-post","status-publish","format-standard","has-post-thumbnail","hentry","category-avrupa","category-belcika","category-dunya","category-ekonomi","category-kultur-sanat","category-tanitim","category-turkiye"],"yoast_head":"<!-- This site is optimized with the Yoast SEO plugin v26.9 - https:\/\/yoast.com\/product\/yoast-seo-wordpress\/ -->\n<title>Eski\u015fehir Eti Maden \u0130\u015fletmeleri \u0130lkokulu&#039;nda \u2018K\u00fct\u00fcphane A\u00e7\u0131l\u0131\u015f\u0131 \u2019Ger\u00e7ekle\u015fti - AvrupaPress<\/title>\n<meta name=\"robots\" content=\"index, follow, max-snippet:-1, max-image-preview:large, max-video-preview:-1\" \/>\n<link rel=\"canonical\" href=\"https:\/\/avrupapress.com\/main\/2022\/05\/26\/eskisehir-eti-maden-isletmeleri-ilkokulunda-kutuphane-acilisi-gerceklesti\/\" \/>\n<meta property=\"og:locale\" content=\"fr_FR\" \/>\n<meta property=\"og:type\" content=\"article\" \/>\n<meta property=\"og:title\" content=\"Eski\u015fehir Eti Maden \u0130\u015fletmeleri \u0130lkokulu&#039;nda \u2018K\u00fct\u00fcphane A\u00e7\u0131l\u0131\u015f\u0131 \u2019Ger\u00e7ekle\u015fti - AvrupaPress\" \/>\n<meta property=\"og:description\" content=\"HABER \/ FOTO\u011eRAF: ERTU\u011eRUL ALTINEL \u2013 ESK\u0130\u015eEH\u0130R Eski\u015fehir Eti Maden \u0130\u015fletmeleri \u0130lkokulu&rsquo;nda \u2018k\u00fct\u00fcphane a\u00e7\u0131l\u0131\u015f\u0131\u2019 ger\u00e7ekle\u015fti. K\u00fct\u00fcphane a\u00e7\u0131l\u0131\u015f\u0131na; Odunpazar\u0131 Kaymakam\u0131 \u00d6mer Ulu, Odunpazar\u0131 \u0130l\u00e7e Milli E\u011fitim M\u00fcd\u00fcr\u00fc Murat Serts\u00f6z, \u00f6\u011fretmenler, \u00f6\u011frenciler ve veliler kat\u0131ld\u0131. K\u00fct\u00fcphanenin a\u00e7\u0131l\u0131\u015f\u0131 ilgi g\u00f6rd\u00fc. K\u00fct\u00fcphane a\u00e7\u0131l\u0131\u015f \u00f6ncesi; \u00f6\u011frenciler taraf\u0131ndan haz\u0131rlanan plastik at\u0131k ile yap\u0131lan icatlar gezildi.\u00a0\u2018K\u00fct\u00fcphane, e\u011fitim kurumlar\u0131n\u0131n kalbidir\u2019 d\u00fc\u015f\u00fcncesiyle k\u00fct\u00fcphanede; \u00f6\u011frencilerin [&hellip;]\" \/>\n<meta property=\"og:url\" content=\"https:\/\/avrupapress.com\/main\/2022\/05\/26\/eskisehir-eti-maden-isletmeleri-ilkokulunda-kutuphane-acilisi-gerceklesti\/\" \/>\n<meta property=\"og:site_name\" content=\"AvrupaPress\" \/>\n<meta property=\"article:published_time\" content=\"2022-05-26T21:29:35+00:00\" \/>\n<meta property=\"article:modified_time\" content=\"2022-05-26T21:29:48+00:00\" \/>\n<meta property=\"og:image\" content=\"https:\/\/avrupapress.com\/main\/wp-content\/uploads\/2022\/05\/Eskisehir-Eti-Maden-Isletmeleri-Ilkokulunda-\u2018Kutuphane-Acilisi-Gerceklesti.jpg\" \/>\n\t<meta property=\"og:image:width\" content=\"1089\" \/>\n\t<meta property=\"og:image:height\" content=\"614\" \/>\n\t<meta property=\"og:image:type\" content=\"image\/jpeg\" \/>\n<meta name=\"author\" content=\"Edit\u00f6r\" \/>\n<meta name=\"twitter:card\" content=\"summary_large_image\" \/>\n<meta name=\"twitter:label1\" content=\"\u00c9crit par\" \/>\n\t<meta name=\"twitter:data1\" content=\"Edit\u00f6r\" \/>\n\t<meta name=\"twitter:label2\" content=\"Dur\u00e9e de lecture est.\" \/>\n\t<meta name=\"twitter:data2\" content=\"2 minutes\" \/>\n<script type=\"application\/ld+json\" class=\"yoast-schema-graph\">{\"@context\":\"https:\/\/schema.org\",\"@graph\":[{\"@type\":\"Article\",\"@id\":\"https:\/\/avrupapress.com\/main\/2022\/05\/26\/eskisehir-eti-maden-isletmeleri-ilkokulunda-kutuphane-acilisi-gerceklesti\/#article\",\"isPartOf\":{\"@id\":\"https:\/\/avrupapress.com\/main\/2022\/05\/26\/eskisehir-eti-maden-isletmeleri-ilkokulunda-kutuphane-acilisi-gerceklesti\/\"},\"author\":{\"name\":\"Edit\u00f6r\",\"@id\":\"https:\/\/avrupapress.com\/#\/schema\/person\/68428444ec60970d1e1b700cf4ca1e8f\"},\"headline\":\"Eski\u015fehir Eti Maden \u0130\u015fletmeleri \u0130lkokulu&rsquo;nda \u2018K\u00fct\u00fcphane A\u00e7\u0131l\u0131\u015f\u0131 \u2019Ger\u00e7ekle\u015fti\",\"datePublished\":\"2022-05-26T21:29:35+00:00\",\"dateModified\":\"2022-05-26T21:29:48+00:00\",\"mainEntityOfPage\":{\"@id\":\"https:\/\/avrupapress.com\/main\/2022\/05\/26\/eskisehir-eti-maden-isletmeleri-ilkokulunda-kutuphane-acilisi-gerceklesti\/\"},\"wordCount\":331,\"publisher\":{\"@id\":\"https:\/\/avrupapress.com\/#\/schema\/person\/0223dca19c72c43575bf30d1a2d8f4fa\"},\"image\":{\"@id\":\"https:\/\/avrupapress.com\/main\/2022\/05\/26\/eskisehir-eti-maden-isletmeleri-ilkokulunda-kutuphane-acilisi-gerceklesti\/#primaryimage\"},\"thumbnailUrl\":\"https:\/\/avrupapress.com\/main\/wp-content\/uploads\/2022\/05\/Eskisehir-Eti-Maden-Isletmeleri-Ilkokulunda-\u2018Kutuphane-Acilisi-Gerceklesti.jpg\",\"articleSection\":[\"Avrupa\",\"Bel\u00e7ika\",\"D\u00fcnya\",\"Ekonomi\",\"K\u00fclt\u00fcr-Sanat\",\"Tan\u0131t\u0131m\",\"T\u00fcrkiye\"],\"inLanguage\":\"fr-BE\"},{\"@type\":\"WebPage\",\"@id\":\"https:\/\/avrupapress.com\/main\/2022\/05\/26\/eskisehir-eti-maden-isletmeleri-ilkokulunda-kutuphane-acilisi-gerceklesti\/\",\"url\":\"https:\/\/avrupapress.com\/main\/2022\/05\/26\/eskisehir-eti-maden-isletmeleri-ilkokulunda-kutuphane-acilisi-gerceklesti\/\",\"name\":\"Eski\u015fehir Eti Maden \u0130\u015fletmeleri \u0130lkokulu'nda \u2018K\u00fct\u00fcphane A\u00e7\u0131l\u0131\u015f\u0131 \u2019Ger\u00e7ekle\u015fti - AvrupaPress\",\"isPartOf\":{\"@id\":\"https:\/\/avrupapress.com\/#website\"},\"primaryImageOfPage\":{\"@id\":\"https:\/\/avrupapress.com\/main\/2022\/05\/26\/eskisehir-eti-maden-isletmeleri-ilkokulunda-kutuphane-acilisi-gerceklesti\/#primaryimage\"},\"image\":{\"@id\":\"https:\/\/avrupapress.com\/main\/2022\/05\/26\/eskisehir-eti-maden-isletmeleri-ilkokulunda-kutuphane-acilisi-gerceklesti\/#primaryimage\"},\"thumbnailUrl\":\"https:\/\/avrupapress.com\/main\/wp-content\/uploads\/2022\/05\/Eskisehir-Eti-Maden-Isletmeleri-Ilkokulunda-\u2018Kutuphane-Acilisi-Gerceklesti.jpg\",\"datePublished\":\"2022-05-26T21:29:35+00:00\",\"dateModified\":\"2022-05-26T21:29:48+00:00\",\"breadcrumb\":{\"@id\":\"https:\/\/avrupapress.com\/main\/2022\/05\/26\/eskisehir-eti-maden-isletmeleri-ilkokulunda-kutuphane-acilisi-gerceklesti\/#breadcrumb\"},\"inLanguage\":\"fr-BE\",\"potentialAction\":[{\"@type\":\"ReadAction\",\"target\":[\"https:\/\/avrupapress.com\/main\/2022\/05\/26\/eskisehir-eti-maden-isletmeleri-ilkokulunda-kutuphane-acilisi-gerceklesti\/\"]}]},{\"@type\":\"ImageObject\",\"inLanguage\":\"fr-BE\",\"@id\":\"https:\/\/avrupapress.com\/main\/2022\/05\/26\/eskisehir-eti-maden-isletmeleri-ilkokulunda-kutuphane-acilisi-gerceklesti\/#primaryimage\",\"url\":\"https:\/\/avrupapress.com\/main\/wp-content\/uploads\/2022\/05\/Eskisehir-Eti-Maden-Isletmeleri-Ilkokulunda-\u2018Kutuphane-Acilisi-Gerceklesti.jpg\",\"contentUrl\":\"https:\/\/avrupapress.com\/main\/wp-content\/uploads\/2022\/05\/Eskisehir-Eti-Maden-Isletmeleri-Ilkokulunda-\u2018Kutuphane-Acilisi-Gerceklesti.jpg\",\"width\":1089,\"height\":614},{\"@type\":\"BreadcrumbList\",\"@id\":\"https:\/\/avrupapress.com\/main\/2022\/05\/26\/eskisehir-eti-maden-isletmeleri-ilkokulunda-kutuphane-acilisi-gerceklesti\/#breadcrumb\",\"itemListElement\":[{\"@type\":\"ListItem\",\"position\":1,\"name\":\"Anasayfa\",\"item\":\"https:\/\/avrupapress.com\/\"},{\"@type\":\"ListItem\",\"position\":2,\"name\":\"Eski\u015fehir Eti Maden \u0130\u015fletmeleri \u0130lkokulu&#8217;nda \u2018K\u00fct\u00fcphane A\u00e7\u0131l\u0131\u015f\u0131 \u2019Ger\u00e7ekle\u015fti\"}]},{\"@type\":\"WebSite\",\"@id\":\"https:\/\/avrupapress.com\/#website\",\"url\":\"https:\/\/avrupapress.com\/\",\"name\":\"AvrupaPress\",\"description\":\"Haberin Adresi\",\"publisher\":{\"@id\":\"https:\/\/avrupapress.com\/#\/schema\/person\/0223dca19c72c43575bf30d1a2d8f4fa\"},\"potentialAction\":[{\"@type\":\"SearchAction\",\"target\":{\"@type\":\"EntryPoint\",\"urlTemplate\":\"https:\/\/avrupapress.com\/?s={search_term_string}\"},\"query-input\":{\"@type\":\"PropertyValueSpecification\",\"valueRequired\":true,\"valueName\":\"search_term_string\"}}],\"inLanguage\":\"fr-BE\"},{\"@type\":[\"Person\",\"Organization\"],\"@id\":\"https:\/\/avrupapress.com\/#\/schema\/person\/0223dca19c72c43575bf30d1a2d8f4fa\",\"name\":\"Bilgin \u00d6z\u00e7ift\u00e7i\",\"image\":{\"@type\":\"ImageObject\",\"inLanguage\":\"fr-BE\",\"@id\":\"https:\/\/avrupapress.com\/#\/schema\/person\/image\/\",\"url\":\"https:\/\/secure.gravatar.com\/avatar\/0f23b280433a21e1ea7a0adcc46ed0ad16afe3ad8e630fd13d8a017dcbd54ef3?s=96&d=mm&r=g\",\"contentUrl\":\"https:\/\/secure.gravatar.com\/avatar\/0f23b280433a21e1ea7a0adcc46ed0ad16afe3ad8e630fd13d8a017dcbd54ef3?s=96&d=mm&r=g\",\"caption\":\"Bilgin \u00d6z\u00e7ift\u00e7i\"},\"logo\":{\"@id\":\"https:\/\/avrupapress.com\/#\/schema\/person\/image\/\"},\"description\":\"Ne ben, nede sen... Biz ancak \\\"biz\\\" olursak g\u00fc\u00e7l\u00fc olabiliriz\"},{\"@type\":\"Person\",\"@id\":\"https:\/\/avrupapress.com\/#\/schema\/person\/68428444ec60970d1e1b700cf4ca1e8f\",\"name\":\"Edit\u00f6r\",\"image\":{\"@type\":\"ImageObject\",\"inLanguage\":\"fr-BE\",\"@id\":\"https:\/\/avrupapress.com\/#\/schema\/person\/image\/\",\"url\":\"https:\/\/secure.gravatar.com\/avatar\/74996b0977aa5f1559ba9883776652508b229005c0d78fb2597897f0bd651c09?s=96&d=mm&r=g\",\"contentUrl\":\"https:\/\/secure.gravatar.com\/avatar\/74996b0977aa5f1559ba9883776652508b229005c0d78fb2597897f0bd651c09?s=96&d=mm&r=g\",\"caption\":\"Edit\u00f6r\"},\"sameAs\":[\"http:\/\/www.avrupapress.com\"],\"url\":\"https:\/\/avrupapress.com\/main\/author\/editor\/\"}]}<\/script>\n<!-- \/ Yoast SEO plugin. -->","yoast_head_json":{"title":"Eski\u015fehir Eti Maden \u0130\u015fletmeleri \u0130lkokulu'nda \u2018K\u00fct\u00fcphane A\u00e7\u0131l\u0131\u015f\u0131 \u2019Ger\u00e7ekle\u015fti - AvrupaPress","robots":{"index":"index","follow":"follow","max-snippet":"max-snippet:-1","max-image-preview":"max-image-preview:large","max-video-preview":"max-video-preview:-1"},"canonical":"https:\/\/avrupapress.com\/main\/2022\/05\/26\/eskisehir-eti-maden-isletmeleri-ilkokulunda-kutuphane-acilisi-gerceklesti\/","og_locale":"fr_FR","og_type":"article","og_title":"Eski\u015fehir Eti Maden \u0130\u015fletmeleri \u0130lkokulu'nda \u2018K\u00fct\u00fcphane A\u00e7\u0131l\u0131\u015f\u0131 \u2019Ger\u00e7ekle\u015fti - AvrupaPress","og_description":"HABER \/ FOTO\u011eRAF: ERTU\u011eRUL ALTINEL \u2013 ESK\u0130\u015eEH\u0130R Eski\u015fehir Eti Maden \u0130\u015fletmeleri \u0130lkokulu&rsquo;nda \u2018k\u00fct\u00fcphane a\u00e7\u0131l\u0131\u015f\u0131\u2019 ger\u00e7ekle\u015fti. K\u00fct\u00fcphane a\u00e7\u0131l\u0131\u015f\u0131na; Odunpazar\u0131 Kaymakam\u0131 \u00d6mer Ulu, Odunpazar\u0131 \u0130l\u00e7e Milli E\u011fitim M\u00fcd\u00fcr\u00fc Murat Serts\u00f6z, \u00f6\u011fretmenler, \u00f6\u011frenciler ve veliler kat\u0131ld\u0131. K\u00fct\u00fcphanenin a\u00e7\u0131l\u0131\u015f\u0131 ilgi g\u00f6rd\u00fc. K\u00fct\u00fcphane a\u00e7\u0131l\u0131\u015f \u00f6ncesi; \u00f6\u011frenciler taraf\u0131ndan haz\u0131rlanan plastik at\u0131k ile yap\u0131lan icatlar gezildi.\u00a0\u2018K\u00fct\u00fcphane, e\u011fitim kurumlar\u0131n\u0131n kalbidir\u2019 d\u00fc\u015f\u00fcncesiyle k\u00fct\u00fcphanede; \u00f6\u011frencilerin [&hellip;]","og_url":"https:\/\/avrupapress.com\/main\/2022\/05\/26\/eskisehir-eti-maden-isletmeleri-ilkokulunda-kutuphane-acilisi-gerceklesti\/","og_site_name":"AvrupaPress","article_published_time":"2022-05-26T21:29:35+00:00","article_modified_time":"2022-05-26T21:29:48+00:00","og_image":[{"width":1089,"height":614,"url":"https:\/\/avrupapress.com\/main\/wp-content\/uploads\/2022\/05\/Eskisehir-Eti-Maden-Isletmeleri-Ilkokulunda-\u2018Kutuphane-Acilisi-Gerceklesti.jpg","type":"image\/jpeg"}],"author":"Edit\u00f6r","twitter_card":"summary_large_image","twitter_misc":{"\u00c9crit par":"Edit\u00f6r","Dur\u00e9e de lecture est.":"2 minutes"},"schema":{"@context":"https:\/\/schema.org","@graph":[{"@type":"Article","@id":"https:\/\/avrupapress.com\/main\/2022\/05\/26\/eskisehir-eti-maden-isletmeleri-ilkokulunda-kutuphane-acilisi-gerceklesti\/#article","isPartOf":{"@id":"https:\/\/avrupapress.com\/main\/2022\/05\/26\/eskisehir-eti-maden-isletmeleri-ilkokulunda-kutuphane-acilisi-gerceklesti\/"},"author":{"name":"Edit\u00f6r","@id":"https:\/\/avrupapress.com\/#\/schema\/person\/68428444ec60970d1e1b700cf4ca1e8f"},"headline":"Eski\u015fehir Eti Maden \u0130\u015fletmeleri \u0130lkokulu&rsquo;nda \u2018K\u00fct\u00fcphane A\u00e7\u0131l\u0131\u015f\u0131 \u2019Ger\u00e7ekle\u015fti","datePublished":"2022-05-26T21:29:35+00:00","dateModified":"2022-05-26T21:29:48+00:00","mainEntityOfPage":{"@id":"https:\/\/avrupapress.com\/main\/2022\/05\/26\/eskisehir-eti-maden-isletmeleri-ilkokulunda-kutuphane-acilisi-gerceklesti\/"},"wordCount":331,"publisher":{"@id":"https:\/\/avrupapress.com\/#\/schema\/person\/0223dca19c72c43575bf30d1a2d8f4fa"},"image":{"@id":"https:\/\/avrupapress.com\/main\/2022\/05\/26\/eskisehir-eti-maden-isletmeleri-ilkokulunda-kutuphane-acilisi-gerceklesti\/#primaryimage"},"thumbnailUrl":"https:\/\/avrupapress.com\/main\/wp-content\/uploads\/2022\/05\/Eskisehir-Eti-Maden-Isletmeleri-Ilkokulunda-\u2018Kutuphane-Acilisi-Gerceklesti.jpg","articleSection":["Avrupa","Bel\u00e7ika","D\u00fcnya","Ekonomi","K\u00fclt\u00fcr-Sanat","Tan\u0131t\u0131m","T\u00fcrkiye"],"inLanguage":"fr-BE"},{"@type":"WebPage","@id":"https:\/\/avrupapress.com\/main\/2022\/05\/26\/eskisehir-eti-maden-isletmeleri-ilkokulunda-kutuphane-acilisi-gerceklesti\/","url":"https:\/\/avrupapress.com\/main\/2022\/05\/26\/eskisehir-eti-maden-isletmeleri-ilkokulunda-kutuphane-acilisi-gerceklesti\/","name":"Eski\u015fehir Eti Maden \u0130\u015fletmeleri \u0130lkokulu'nda \u2018K\u00fct\u00fcphane A\u00e7\u0131l\u0131\u015f\u0131 \u2019Ger\u00e7ekle\u015fti - AvrupaPress","isPartOf":{"@id":"https:\/\/avrupapress.com\/#website"},"primaryImageOfPage":{"@id":"https:\/\/avrupapress.com\/main\/2022\/05\/26\/eskisehir-eti-maden-isletmeleri-ilkokulunda-kutuphane-acilisi-gerceklesti\/#primaryimage"},"image":{"@id":"https:\/\/avrupapress.com\/main\/2022\/05\/26\/eskisehir-eti-maden-isletmeleri-ilkokulunda-kutuphane-acilisi-gerceklesti\/#primaryimage"},"thumbnailUrl":"https:\/\/avrupapress.com\/main\/wp-content\/uploads\/2022\/05\/Eskisehir-Eti-Maden-Isletmeleri-Ilkokulunda-\u2018Kutuphane-Acilisi-Gerceklesti.jpg","datePublished":"2022-05-26T21:29:35+00:00","dateModified":"2022-05-26T21:29:48+00:00","breadcrumb":{"@id":"https:\/\/avrupapress.com\/main\/2022\/05\/26\/eskisehir-eti-maden-isletmeleri-ilkokulunda-kutuphane-acilisi-gerceklesti\/#breadcrumb"},"inLanguage":"fr-BE","potentialAction":[{"@type":"ReadAction","target":["https:\/\/avrupapress.com\/main\/2022\/05\/26\/eskisehir-eti-maden-isletmeleri-ilkokulunda-kutuphane-acilisi-gerceklesti\/"]}]},{"@type":"ImageObject","inLanguage":"fr-BE","@id":"https:\/\/avrupapress.com\/main\/2022\/05\/26\/eskisehir-eti-maden-isletmeleri-ilkokulunda-kutuphane-acilisi-gerceklesti\/#primaryimage","url":"https:\/\/avrupapress.com\/main\/wp-content\/uploads\/2022\/05\/Eskisehir-Eti-Maden-Isletmeleri-Ilkokulunda-\u2018Kutuphane-Acilisi-Gerceklesti.jpg","contentUrl":"https:\/\/avrupapress.com\/main\/wp-content\/uploads\/2022\/05\/Eskisehir-Eti-Maden-Isletmeleri-Ilkokulunda-\u2018Kutuphane-Acilisi-Gerceklesti.jpg","width":1089,"height":614},{"@type":"BreadcrumbList","@id":"https:\/\/avrupapress.com\/main\/2022\/05\/26\/eskisehir-eti-maden-isletmeleri-ilkokulunda-kutuphane-acilisi-gerceklesti\/#breadcrumb","itemListElement":[{"@type":"ListItem","position":1,"name":"Anasayfa","item":"https:\/\/avrupapress.com\/"},{"@type":"ListItem","position":2,"name":"Eski\u015fehir Eti Maden \u0130\u015fletmeleri \u0130lkokulu&#8217;nda \u2018K\u00fct\u00fcphane A\u00e7\u0131l\u0131\u015f\u0131 \u2019Ger\u00e7ekle\u015fti"}]},{"@type":"WebSite","@id":"https:\/\/avrupapress.com\/#website","url":"https:\/\/avrupapress.com\/","name":"AvrupaPress","description":"Haberin Adresi","publisher":{"@id":"https:\/\/avrupapress.com\/#\/schema\/person\/0223dca19c72c43575bf30d1a2d8f4fa"},"potentialAction":[{"@type":"SearchAction","target":{"@type":"EntryPoint","urlTemplate":"https:\/\/avrupapress.com\/?s={search_term_string}"},"query-input":{"@type":"PropertyValueSpecification","valueRequired":true,"valueName":"search_term_string"}}],"inLanguage":"fr-BE"},{"@type":["Person","Organization"],"@id":"https:\/\/avrupapress.com\/#\/schema\/person\/0223dca19c72c43575bf30d1a2d8f4fa","name":"Bilgin \u00d6z\u00e7ift\u00e7i","image":{"@type":"ImageObject","inLanguage":"fr-BE","@id":"https:\/\/avrupapress.com\/#\/schema\/person\/image\/","url":"https:\/\/secure.gravatar.com\/avatar\/0f23b280433a21e1ea7a0adcc46ed0ad16afe3ad8e630fd13d8a017dcbd54ef3?s=96&d=mm&r=g","contentUrl":"https:\/\/secure.gravatar.com\/avatar\/0f23b280433a21e1ea7a0adcc46ed0ad16afe3ad8e630fd13d8a017dcbd54ef3?s=96&d=mm&r=g","caption":"Bilgin \u00d6z\u00e7ift\u00e7i"},"logo":{"@id":"https:\/\/avrupapress.com\/#\/schema\/person\/image\/"},"description":"Ne ben, nede sen... Biz ancak \"biz\" olursak g\u00fc\u00e7l\u00fc olabiliriz"},{"@type":"Person","@id":"https:\/\/avrupapress.com\/#\/schema\/person\/68428444ec60970d1e1b700cf4ca1e8f","name":"Edit\u00f6r","image":{"@type":"ImageObject","inLanguage":"fr-BE","@id":"https:\/\/avrupapress.com\/#\/schema\/person\/image\/","url":"https:\/\/secure.gravatar.com\/avatar\/74996b0977aa5f1559ba9883776652508b229005c0d78fb2597897f0bd651c09?s=96&d=mm&r=g","contentUrl":"https:\/\/secure.gravatar.com\/avatar\/74996b0977aa5f1559ba9883776652508b229005c0d78fb2597897f0bd651c09?s=96&d=mm&r=g","caption":"Edit\u00f6r"},"sameAs":["http:\/\/www.avrupapress.com"],"url":"https:\/\/avrupapress.com\/main\/author\/editor\/"}]}},"_links":{"self":[{"href":"https:\/\/avrupapress.com\/main\/wp-json\/wp\/v2\/posts\/19026","targetHints":{"allow":["GET"]}}],"collection":[{"href":"https:\/\/avrupapress.com\/main\/wp-json\/wp\/v2\/posts"}],"about":[{"href":"https:\/\/avrupapress.com\/main\/wp-json\/wp\/v2\/types\/post"}],"author":[{"embeddable":true,"href":"https:\/\/avrupapress.com\/main\/wp-json\/wp\/v2\/users\/3"}],"replies":[{"embeddable":true,"href":"https:\/\/avrupapress.com\/main\/wp-json\/wp\/v2\/comments?post=19026"}],"version-history":[{"count":2,"href":"https:\/\/avrupapress.com\/main\/wp-json\/wp\/v2\/posts\/19026\/revisions"}],"predecessor-version":[{"id":19031,"href":"https:\/\/avrupapress.com\/main\/wp-json\/wp\/v2\/posts\/19026\/revisions\/19031"}],"wp:featuredmedia":[{"embeddable":true,"href":"https:\/\/avrupapress.com\/main\/wp-json\/wp\/v2\/media\/19027"}],"wp:attachment":[{"href":"https:\/\/avrupapress.com\/main\/wp-json\/wp\/v2\/media?parent=19026"}],"wp:term":[{"taxonomy":"category","embeddable":true,"href":"https:\/\/avrupapress.com\/main\/wp-json\/wp\/v2\/categories?post=19026"},{"taxonomy":"post_tag","embeddable":true,"href":"https:\/\/avrupapress.com\/main\/wp-json\/wp\/v2\/tags?post=19026"}],"curies":[{"name":"wp","href":"https:\/\/api.w.org\/{rel}","templated":true}]}}