{"id":19020,"date":"2022-05-26T21:21:36","date_gmt":"2022-05-26T21:21:36","guid":{"rendered":"https:\/\/avrupapress.com\/main\/?p=19020"},"modified":"2022-05-26T21:21:45","modified_gmt":"2022-05-26T21:21:45","slug":"zemzemiye-koyunde-son-duasi-yapildi","status":"publish","type":"post","link":"https:\/\/avrupapress.com\/main\/2022\/05\/26\/zemzemiye-koyunde-son-duasi-yapildi\/","title":{"rendered":"Zemzemiye k\u00f6y\u00fcnde son duas\u0131 yap\u0131ld\u0131"},"content":{"rendered":"<p class=\"x_MsoNormal\"><b>Eski\u015fehir ilinin Zemzemiye k\u00f6y\u00fcnde ya\u015fanan kurakl\u0131k ve yetersiz ya\u011f\u0131\u015f nedeniyle ya\u011fmur duas\u0131 yap\u0131ld\u0131.<\/b><\/p>\n<div>\n<p class=\"x_MsoNormal\"><b>Ya\u011fmur duas\u0131; Zemzemiye k\u00f6y\u00fc muhtar\u0131 Yasin G\u00f6ncekli ve k\u00f6y halk\u0131ndan Mustafa Ersoy taraf\u0131ndan organize edildi. Zemzemiye k\u00f6y\u00fc muhtar\u0131 Yasin G\u00f6ncekli ve k\u00f6y halk\u0131ndan Mustafa Ersoy; k\u00f6ye gelen misafirlerle ilgilendiler ve isti\u015farede bulundular. Ya\u011fmur duas\u0131 program\u0131na: Bilecik ve S\u00f6\u011f\u00fct\u2019ten kat\u0131lan daire amirleri, siyasi parti ba\u015fkanlar\u0131, sivil toplum temsilcileri, \u00e7evre k\u00f6ylerden kat\u0131lan vatanda\u015flar ve k\u00f6y halk\u0131 kat\u0131ld\u0131. Ya\u011fmur duas\u0131; \u00e7ok say\u0131da kat\u0131l\u0131mc\u0131lar taraf\u0131ndan ger\u00e7ekle\u015fti. Kur\u2019an-\u0131 Kerim tilaveti, Mevlidi \u015eerif ve ilahilerin okundu\u011fu programda ya\u011fmur duas\u0131 yap\u0131ld\u0131. Yery\u00fcz\u00fcnde suya ihtiyac\u0131 olan t\u00fcm canl\u0131lar i\u00e7in ve tar\u0131msal alanlar\u0131n suya kavu\u015fmas\u0131 i\u00e7in dualar edildi.<\/b><\/p>\n<\/div>\n<p><strong>HABER \/ FOTO\u011eRAF: ERTU\u011eRUL ALTINEL \u2013 B\u0130LG\u0130N \u00d6Z\u00c7\u0130FT\u00c7\u0130- AVRUPAPRESS \u2013 BEL\u00c7\u0130KA<\/strong><\/p>\n<p><img loading=\"lazy\" decoding=\"async\" class=\"alignnone size-medium wp-image-19021\" src=\"https:\/\/avrupapress.com\/main\/wp-content\/uploads\/2022\/05\/Yagmur-duasina-katilan-katilimcilar-300x225.jpg\" alt=\"\" width=\"300\" height=\"225\" srcset=\"https:\/\/avrupapress.com\/main\/wp-content\/uploads\/2022\/05\/Yagmur-duasina-katilan-katilimcilar-300x225.jpg 300w, https:\/\/avrupapress.com\/main\/wp-content\/uploads\/2022\/05\/Yagmur-duasina-katilan-katilimcilar-1024x768.jpg 1024w, https:\/\/avrupapress.com\/main\/wp-content\/uploads\/2022\/05\/Yagmur-duasina-katilan-katilimcilar-768x576.jpg 768w, https:\/\/avrupapress.com\/main\/wp-content\/uploads\/2022\/05\/Yagmur-duasina-katilan-katilimcilar-1536x1152.jpg 1536w, https:\/\/avrupapress.com\/main\/wp-content\/uploads\/2022\/05\/Yagmur-duasina-katilan-katilimcilar.jpg 1600w\" sizes=\"auto, (max-width: 300px) 100vw, 300px\" \/><\/p>\n<p><img loading=\"lazy\" decoding=\"async\" class=\"alignnone size-medium wp-image-19022\" src=\"https:\/\/avrupapress.com\/main\/wp-content\/uploads\/2022\/05\/Yagmur-duasina-katilan-katilimcilar-2-300x225.jpg\" alt=\"\" width=\"300\" height=\"225\" srcset=\"https:\/\/avrupapress.com\/main\/wp-content\/uploads\/2022\/05\/Yagmur-duasina-katilan-katilimcilar-2-300x225.jpg 300w, https:\/\/avrupapress.com\/main\/wp-content\/uploads\/2022\/05\/Yagmur-duasina-katilan-katilimcilar-2-1024x768.jpg 1024w, https:\/\/avrupapress.com\/main\/wp-content\/uploads\/2022\/05\/Yagmur-duasina-katilan-katilimcilar-2-768x576.jpg 768w, https:\/\/avrupapress.com\/main\/wp-content\/uploads\/2022\/05\/Yagmur-duasina-katilan-katilimcilar-2-1536x1152.jpg 1536w, https:\/\/avrupapress.com\/main\/wp-content\/uploads\/2022\/05\/Yagmur-duasina-katilan-katilimcilar-2.jpg 1600w\" sizes=\"auto, (max-width: 300px) 100vw, 300px\" \/><\/p>\n<p><img loading=\"lazy\" decoding=\"async\" class=\"alignnone size-medium wp-image-19023\" src=\"https:\/\/avrupapress.com\/main\/wp-content\/uploads\/2022\/05\/Yagmur-duasina-katilan-katilimcilar-3-300x225.jpg\" alt=\"\" width=\"300\" height=\"225\" srcset=\"https:\/\/avrupapress.com\/main\/wp-content\/uploads\/2022\/05\/Yagmur-duasina-katilan-katilimcilar-3-300x225.jpg 300w, https:\/\/avrupapress.com\/main\/wp-content\/uploads\/2022\/05\/Yagmur-duasina-katilan-katilimcilar-3-1024x768.jpg 1024w, https:\/\/avrupapress.com\/main\/wp-content\/uploads\/2022\/05\/Yagmur-duasina-katilan-katilimcilar-3-768x576.jpg 768w, https:\/\/avrupapress.com\/main\/wp-content\/uploads\/2022\/05\/Yagmur-duasina-katilan-katilimcilar-3.jpg 1280w\" sizes=\"auto, (max-width: 300px) 100vw, 300px\" \/><\/p>\n<p><img loading=\"lazy\" decoding=\"async\" class=\"alignnone size-medium wp-image-19024\" src=\"https:\/\/avrupapress.com\/main\/wp-content\/uploads\/2022\/05\/Yagmur-duasina-katilan-katilimcilar-4-300x225.jpg\" alt=\"\" width=\"300\" height=\"225\" srcset=\"https:\/\/avrupapress.com\/main\/wp-content\/uploads\/2022\/05\/Yagmur-duasina-katilan-katilimcilar-4-300x225.jpg 300w, https:\/\/avrupapress.com\/main\/wp-content\/uploads\/2022\/05\/Yagmur-duasina-katilan-katilimcilar-4-1024x768.jpg 1024w, https:\/\/avrupapress.com\/main\/wp-content\/uploads\/2022\/05\/Yagmur-duasina-katilan-katilimcilar-4-768x576.jpg 768w, https:\/\/avrupapress.com\/main\/wp-content\/uploads\/2022\/05\/Yagmur-duasina-katilan-katilimcilar-4-1536x1152.jpg 1536w, https:\/\/avrupapress.com\/main\/wp-content\/uploads\/2022\/05\/Yagmur-duasina-katilan-katilimcilar-4.jpg 1600w\" sizes=\"auto, (max-width: 300px) 100vw, 300px\" \/><\/p>\n<p><strong>HABER \/ FOTO\u011eRAF: ERTU\u011eRUL ALTINEL \u2013 B\u0130LG\u0130N \u00d6Z\u00c7\u0130FT\u00c7\u0130- AVRUPAPRESS \u2013 BEL\u00c7\u0130KA<\/strong><\/p>\n<p>&nbsp;<\/p>\n","protected":false},"excerpt":{"rendered":"<p>Eski\u015fehir ilinin Zemzemiye k\u00f6y\u00fcnde ya\u015fanan kurakl\u0131k ve yetersiz ya\u011f\u0131\u015f nedeniyle ya\u011fmur duas\u0131 yap\u0131ld\u0131. Ya\u011fmur duas\u0131; Zemzemiye k\u00f6y\u00fc muhtar\u0131 Yasin G\u00f6ncekli ve k\u00f6y halk\u0131ndan Mustafa Ersoy taraf\u0131ndan organize edildi. Zemzemiye k\u00f6y\u00fc muhtar\u0131 Yasin G\u00f6ncekli ve k\u00f6y halk\u0131ndan Mustafa Ersoy; k\u00f6ye gelen misafirlerle ilgilendiler ve isti\u015farede bulundular. Ya\u011fmur duas\u0131 program\u0131na: Bilecik ve S\u00f6\u011f\u00fct\u2019ten kat\u0131lan daire amirleri, siyasi [&hellip;]<\/p>\n","protected":false},"author":3,"featured_media":19021,"comment_status":"closed","ping_status":"open","sticky":false,"template":"","format":"standard","meta":{"footnotes":""},"categories":[14,16,3,17,18,15,19,2],"tags":[],"class_list":["post-19020","post","type-post","status-publish","format-standard","has-post-thumbnail","hentry","category-avrupa","category-belcika","category-dunya","category-ekonomi","category-kultur-sanat","category-spor","category-tanitim","category-turkiye"],"yoast_head":"<!-- This site is optimized with the Yoast SEO plugin v26.9 - https:\/\/yoast.com\/product\/yoast-seo-wordpress\/ -->\n<title>Zemzemiye k\u00f6y\u00fcnde son duas\u0131 yap\u0131ld\u0131 - AvrupaPress<\/title>\n<meta name=\"robots\" content=\"index, follow, max-snippet:-1, max-image-preview:large, max-video-preview:-1\" \/>\n<link rel=\"canonical\" href=\"https:\/\/avrupapress.com\/main\/2022\/05\/26\/zemzemiye-koyunde-son-duasi-yapildi\/\" \/>\n<meta property=\"og:locale\" content=\"fr_FR\" \/>\n<meta property=\"og:type\" content=\"article\" \/>\n<meta property=\"og:title\" content=\"Zemzemiye k\u00f6y\u00fcnde son duas\u0131 yap\u0131ld\u0131 - AvrupaPress\" \/>\n<meta property=\"og:description\" content=\"Eski\u015fehir ilinin Zemzemiye k\u00f6y\u00fcnde ya\u015fanan kurakl\u0131k ve yetersiz ya\u011f\u0131\u015f nedeniyle ya\u011fmur duas\u0131 yap\u0131ld\u0131. Ya\u011fmur duas\u0131; Zemzemiye k\u00f6y\u00fc muhtar\u0131 Yasin G\u00f6ncekli ve k\u00f6y halk\u0131ndan Mustafa Ersoy taraf\u0131ndan organize edildi. Zemzemiye k\u00f6y\u00fc muhtar\u0131 Yasin G\u00f6ncekli ve k\u00f6y halk\u0131ndan Mustafa Ersoy; k\u00f6ye gelen misafirlerle ilgilendiler ve isti\u015farede bulundular. Ya\u011fmur duas\u0131 program\u0131na: Bilecik ve S\u00f6\u011f\u00fct\u2019ten kat\u0131lan daire amirleri, siyasi [&hellip;]\" \/>\n<meta property=\"og:url\" content=\"https:\/\/avrupapress.com\/main\/2022\/05\/26\/zemzemiye-koyunde-son-duasi-yapildi\/\" \/>\n<meta property=\"og:site_name\" content=\"AvrupaPress\" \/>\n<meta property=\"article:published_time\" content=\"2022-05-26T21:21:36+00:00\" \/>\n<meta property=\"article:modified_time\" content=\"2022-05-26T21:21:45+00:00\" \/>\n<meta property=\"og:image\" content=\"https:\/\/avrupapress.com\/main\/wp-content\/uploads\/2022\/05\/Yagmur-duasina-katilan-katilimcilar.jpg\" \/>\n\t<meta property=\"og:image:width\" content=\"1600\" \/>\n\t<meta property=\"og:image:height\" content=\"1200\" \/>\n\t<meta property=\"og:image:type\" content=\"image\/jpeg\" \/>\n<meta name=\"author\" content=\"Edit\u00f6r\" \/>\n<meta name=\"twitter:card\" content=\"summary_large_image\" \/>\n<meta name=\"twitter:label1\" content=\"\u00c9crit par\" \/>\n\t<meta name=\"twitter:data1\" content=\"Edit\u00f6r\" \/>\n\t<meta name=\"twitter:label2\" content=\"Dur\u00e9e de lecture est.\" \/>\n\t<meta name=\"twitter:data2\" content=\"1 minute\" \/>\n<script type=\"application\/ld+json\" class=\"yoast-schema-graph\">{\"@context\":\"https:\/\/schema.org\",\"@graph\":[{\"@type\":\"Article\",\"@id\":\"https:\/\/avrupapress.com\/main\/2022\/05\/26\/zemzemiye-koyunde-son-duasi-yapildi\/#article\",\"isPartOf\":{\"@id\":\"https:\/\/avrupapress.com\/main\/2022\/05\/26\/zemzemiye-koyunde-son-duasi-yapildi\/\"},\"author\":{\"name\":\"Edit\u00f6r\",\"@id\":\"https:\/\/avrupapress.com\/#\/schema\/person\/68428444ec60970d1e1b700cf4ca1e8f\"},\"headline\":\"Zemzemiye k\u00f6y\u00fcnde son duas\u0131 yap\u0131ld\u0131\",\"datePublished\":\"2022-05-26T21:21:36+00:00\",\"dateModified\":\"2022-05-26T21:21:45+00:00\",\"mainEntityOfPage\":{\"@id\":\"https:\/\/avrupapress.com\/main\/2022\/05\/26\/zemzemiye-koyunde-son-duasi-yapildi\/\"},\"wordCount\":192,\"publisher\":{\"@id\":\"https:\/\/avrupapress.com\/#\/schema\/person\/0223dca19c72c43575bf30d1a2d8f4fa\"},\"image\":{\"@id\":\"https:\/\/avrupapress.com\/main\/2022\/05\/26\/zemzemiye-koyunde-son-duasi-yapildi\/#primaryimage\"},\"thumbnailUrl\":\"https:\/\/avrupapress.com\/main\/wp-content\/uploads\/2022\/05\/Yagmur-duasina-katilan-katilimcilar.jpg\",\"articleSection\":[\"Avrupa\",\"Bel\u00e7ika\",\"D\u00fcnya\",\"Ekonomi\",\"K\u00fclt\u00fcr-Sanat\",\"Spor\",\"Tan\u0131t\u0131m\",\"T\u00fcrkiye\"],\"inLanguage\":\"fr-BE\"},{\"@type\":\"WebPage\",\"@id\":\"https:\/\/avrupapress.com\/main\/2022\/05\/26\/zemzemiye-koyunde-son-duasi-yapildi\/\",\"url\":\"https:\/\/avrupapress.com\/main\/2022\/05\/26\/zemzemiye-koyunde-son-duasi-yapildi\/\",\"name\":\"Zemzemiye k\u00f6y\u00fcnde son duas\u0131 yap\u0131ld\u0131 - AvrupaPress\",\"isPartOf\":{\"@id\":\"https:\/\/avrupapress.com\/#website\"},\"primaryImageOfPage\":{\"@id\":\"https:\/\/avrupapress.com\/main\/2022\/05\/26\/zemzemiye-koyunde-son-duasi-yapildi\/#primaryimage\"},\"image\":{\"@id\":\"https:\/\/avrupapress.com\/main\/2022\/05\/26\/zemzemiye-koyunde-son-duasi-yapildi\/#primaryimage\"},\"thumbnailUrl\":\"https:\/\/avrupapress.com\/main\/wp-content\/uploads\/2022\/05\/Yagmur-duasina-katilan-katilimcilar.jpg\",\"datePublished\":\"2022-05-26T21:21:36+00:00\",\"dateModified\":\"2022-05-26T21:21:45+00:00\",\"breadcrumb\":{\"@id\":\"https:\/\/avrupapress.com\/main\/2022\/05\/26\/zemzemiye-koyunde-son-duasi-yapildi\/#breadcrumb\"},\"inLanguage\":\"fr-BE\",\"potentialAction\":[{\"@type\":\"ReadAction\",\"target\":[\"https:\/\/avrupapress.com\/main\/2022\/05\/26\/zemzemiye-koyunde-son-duasi-yapildi\/\"]}]},{\"@type\":\"ImageObject\",\"inLanguage\":\"fr-BE\",\"@id\":\"https:\/\/avrupapress.com\/main\/2022\/05\/26\/zemzemiye-koyunde-son-duasi-yapildi\/#primaryimage\",\"url\":\"https:\/\/avrupapress.com\/main\/wp-content\/uploads\/2022\/05\/Yagmur-duasina-katilan-katilimcilar.jpg\",\"contentUrl\":\"https:\/\/avrupapress.com\/main\/wp-content\/uploads\/2022\/05\/Yagmur-duasina-katilan-katilimcilar.jpg\",\"width\":1600,\"height\":1200},{\"@type\":\"BreadcrumbList\",\"@id\":\"https:\/\/avrupapress.com\/main\/2022\/05\/26\/zemzemiye-koyunde-son-duasi-yapildi\/#breadcrumb\",\"itemListElement\":[{\"@type\":\"ListItem\",\"position\":1,\"name\":\"Anasayfa\",\"item\":\"https:\/\/avrupapress.com\/\"},{\"@type\":\"ListItem\",\"position\":2,\"name\":\"Zemzemiye k\u00f6y\u00fcnde son duas\u0131 yap\u0131ld\u0131\"}]},{\"@type\":\"WebSite\",\"@id\":\"https:\/\/avrupapress.com\/#website\",\"url\":\"https:\/\/avrupapress.com\/\",\"name\":\"AvrupaPress\",\"description\":\"Haberin Adresi\",\"publisher\":{\"@id\":\"https:\/\/avrupapress.com\/#\/schema\/person\/0223dca19c72c43575bf30d1a2d8f4fa\"},\"potentialAction\":[{\"@type\":\"SearchAction\",\"target\":{\"@type\":\"EntryPoint\",\"urlTemplate\":\"https:\/\/avrupapress.com\/?s={search_term_string}\"},\"query-input\":{\"@type\":\"PropertyValueSpecification\",\"valueRequired\":true,\"valueName\":\"search_term_string\"}}],\"inLanguage\":\"fr-BE\"},{\"@type\":[\"Person\",\"Organization\"],\"@id\":\"https:\/\/avrupapress.com\/#\/schema\/person\/0223dca19c72c43575bf30d1a2d8f4fa\",\"name\":\"Bilgin \u00d6z\u00e7ift\u00e7i\",\"image\":{\"@type\":\"ImageObject\",\"inLanguage\":\"fr-BE\",\"@id\":\"https:\/\/avrupapress.com\/#\/schema\/person\/image\/\",\"url\":\"https:\/\/secure.gravatar.com\/avatar\/0f23b280433a21e1ea7a0adcc46ed0ad16afe3ad8e630fd13d8a017dcbd54ef3?s=96&d=mm&r=g\",\"contentUrl\":\"https:\/\/secure.gravatar.com\/avatar\/0f23b280433a21e1ea7a0adcc46ed0ad16afe3ad8e630fd13d8a017dcbd54ef3?s=96&d=mm&r=g\",\"caption\":\"Bilgin \u00d6z\u00e7ift\u00e7i\"},\"logo\":{\"@id\":\"https:\/\/avrupapress.com\/#\/schema\/person\/image\/\"},\"description\":\"Ne ben, nede sen... Biz ancak \\\"biz\\\" olursak g\u00fc\u00e7l\u00fc olabiliriz\"},{\"@type\":\"Person\",\"@id\":\"https:\/\/avrupapress.com\/#\/schema\/person\/68428444ec60970d1e1b700cf4ca1e8f\",\"name\":\"Edit\u00f6r\",\"image\":{\"@type\":\"ImageObject\",\"inLanguage\":\"fr-BE\",\"@id\":\"https:\/\/avrupapress.com\/#\/schema\/person\/image\/\",\"url\":\"https:\/\/secure.gravatar.com\/avatar\/74996b0977aa5f1559ba9883776652508b229005c0d78fb2597897f0bd651c09?s=96&d=mm&r=g\",\"contentUrl\":\"https:\/\/secure.gravatar.com\/avatar\/74996b0977aa5f1559ba9883776652508b229005c0d78fb2597897f0bd651c09?s=96&d=mm&r=g\",\"caption\":\"Edit\u00f6r\"},\"sameAs\":[\"http:\/\/www.avrupapress.com\"],\"url\":\"https:\/\/avrupapress.com\/main\/author\/editor\/\"}]}<\/script>\n<!-- \/ Yoast SEO plugin. -->","yoast_head_json":{"title":"Zemzemiye k\u00f6y\u00fcnde son duas\u0131 yap\u0131ld\u0131 - AvrupaPress","robots":{"index":"index","follow":"follow","max-snippet":"max-snippet:-1","max-image-preview":"max-image-preview:large","max-video-preview":"max-video-preview:-1"},"canonical":"https:\/\/avrupapress.com\/main\/2022\/05\/26\/zemzemiye-koyunde-son-duasi-yapildi\/","og_locale":"fr_FR","og_type":"article","og_title":"Zemzemiye k\u00f6y\u00fcnde son duas\u0131 yap\u0131ld\u0131 - AvrupaPress","og_description":"Eski\u015fehir ilinin Zemzemiye k\u00f6y\u00fcnde ya\u015fanan kurakl\u0131k ve yetersiz ya\u011f\u0131\u015f nedeniyle ya\u011fmur duas\u0131 yap\u0131ld\u0131. Ya\u011fmur duas\u0131; Zemzemiye k\u00f6y\u00fc muhtar\u0131 Yasin G\u00f6ncekli ve k\u00f6y halk\u0131ndan Mustafa Ersoy taraf\u0131ndan organize edildi. Zemzemiye k\u00f6y\u00fc muhtar\u0131 Yasin G\u00f6ncekli ve k\u00f6y halk\u0131ndan Mustafa Ersoy; k\u00f6ye gelen misafirlerle ilgilendiler ve isti\u015farede bulundular. Ya\u011fmur duas\u0131 program\u0131na: Bilecik ve S\u00f6\u011f\u00fct\u2019ten kat\u0131lan daire amirleri, siyasi [&hellip;]","og_url":"https:\/\/avrupapress.com\/main\/2022\/05\/26\/zemzemiye-koyunde-son-duasi-yapildi\/","og_site_name":"AvrupaPress","article_published_time":"2022-05-26T21:21:36+00:00","article_modified_time":"2022-05-26T21:21:45+00:00","og_image":[{"width":1600,"height":1200,"url":"https:\/\/avrupapress.com\/main\/wp-content\/uploads\/2022\/05\/Yagmur-duasina-katilan-katilimcilar.jpg","type":"image\/jpeg"}],"author":"Edit\u00f6r","twitter_card":"summary_large_image","twitter_misc":{"\u00c9crit par":"Edit\u00f6r","Dur\u00e9e de lecture est.":"1 minute"},"schema":{"@context":"https:\/\/schema.org","@graph":[{"@type":"Article","@id":"https:\/\/avrupapress.com\/main\/2022\/05\/26\/zemzemiye-koyunde-son-duasi-yapildi\/#article","isPartOf":{"@id":"https:\/\/avrupapress.com\/main\/2022\/05\/26\/zemzemiye-koyunde-son-duasi-yapildi\/"},"author":{"name":"Edit\u00f6r","@id":"https:\/\/avrupapress.com\/#\/schema\/person\/68428444ec60970d1e1b700cf4ca1e8f"},"headline":"Zemzemiye k\u00f6y\u00fcnde son duas\u0131 yap\u0131ld\u0131","datePublished":"2022-05-26T21:21:36+00:00","dateModified":"2022-05-26T21:21:45+00:00","mainEntityOfPage":{"@id":"https:\/\/avrupapress.com\/main\/2022\/05\/26\/zemzemiye-koyunde-son-duasi-yapildi\/"},"wordCount":192,"publisher":{"@id":"https:\/\/avrupapress.com\/#\/schema\/person\/0223dca19c72c43575bf30d1a2d8f4fa"},"image":{"@id":"https:\/\/avrupapress.com\/main\/2022\/05\/26\/zemzemiye-koyunde-son-duasi-yapildi\/#primaryimage"},"thumbnailUrl":"https:\/\/avrupapress.com\/main\/wp-content\/uploads\/2022\/05\/Yagmur-duasina-katilan-katilimcilar.jpg","articleSection":["Avrupa","Bel\u00e7ika","D\u00fcnya","Ekonomi","K\u00fclt\u00fcr-Sanat","Spor","Tan\u0131t\u0131m","T\u00fcrkiye"],"inLanguage":"fr-BE"},{"@type":"WebPage","@id":"https:\/\/avrupapress.com\/main\/2022\/05\/26\/zemzemiye-koyunde-son-duasi-yapildi\/","url":"https:\/\/avrupapress.com\/main\/2022\/05\/26\/zemzemiye-koyunde-son-duasi-yapildi\/","name":"Zemzemiye k\u00f6y\u00fcnde son duas\u0131 yap\u0131ld\u0131 - AvrupaPress","isPartOf":{"@id":"https:\/\/avrupapress.com\/#website"},"primaryImageOfPage":{"@id":"https:\/\/avrupapress.com\/main\/2022\/05\/26\/zemzemiye-koyunde-son-duasi-yapildi\/#primaryimage"},"image":{"@id":"https:\/\/avrupapress.com\/main\/2022\/05\/26\/zemzemiye-koyunde-son-duasi-yapildi\/#primaryimage"},"thumbnailUrl":"https:\/\/avrupapress.com\/main\/wp-content\/uploads\/2022\/05\/Yagmur-duasina-katilan-katilimcilar.jpg","datePublished":"2022-05-26T21:21:36+00:00","dateModified":"2022-05-26T21:21:45+00:00","breadcrumb":{"@id":"https:\/\/avrupapress.com\/main\/2022\/05\/26\/zemzemiye-koyunde-son-duasi-yapildi\/#breadcrumb"},"inLanguage":"fr-BE","potentialAction":[{"@type":"ReadAction","target":["https:\/\/avrupapress.com\/main\/2022\/05\/26\/zemzemiye-koyunde-son-duasi-yapildi\/"]}]},{"@type":"ImageObject","inLanguage":"fr-BE","@id":"https:\/\/avrupapress.com\/main\/2022\/05\/26\/zemzemiye-koyunde-son-duasi-yapildi\/#primaryimage","url":"https:\/\/avrupapress.com\/main\/wp-content\/uploads\/2022\/05\/Yagmur-duasina-katilan-katilimcilar.jpg","contentUrl":"https:\/\/avrupapress.com\/main\/wp-content\/uploads\/2022\/05\/Yagmur-duasina-katilan-katilimcilar.jpg","width":1600,"height":1200},{"@type":"BreadcrumbList","@id":"https:\/\/avrupapress.com\/main\/2022\/05\/26\/zemzemiye-koyunde-son-duasi-yapildi\/#breadcrumb","itemListElement":[{"@type":"ListItem","position":1,"name":"Anasayfa","item":"https:\/\/avrupapress.com\/"},{"@type":"ListItem","position":2,"name":"Zemzemiye k\u00f6y\u00fcnde son duas\u0131 yap\u0131ld\u0131"}]},{"@type":"WebSite","@id":"https:\/\/avrupapress.com\/#website","url":"https:\/\/avrupapress.com\/","name":"AvrupaPress","description":"Haberin Adresi","publisher":{"@id":"https:\/\/avrupapress.com\/#\/schema\/person\/0223dca19c72c43575bf30d1a2d8f4fa"},"potentialAction":[{"@type":"SearchAction","target":{"@type":"EntryPoint","urlTemplate":"https:\/\/avrupapress.com\/?s={search_term_string}"},"query-input":{"@type":"PropertyValueSpecification","valueRequired":true,"valueName":"search_term_string"}}],"inLanguage":"fr-BE"},{"@type":["Person","Organization"],"@id":"https:\/\/avrupapress.com\/#\/schema\/person\/0223dca19c72c43575bf30d1a2d8f4fa","name":"Bilgin \u00d6z\u00e7ift\u00e7i","image":{"@type":"ImageObject","inLanguage":"fr-BE","@id":"https:\/\/avrupapress.com\/#\/schema\/person\/image\/","url":"https:\/\/secure.gravatar.com\/avatar\/0f23b280433a21e1ea7a0adcc46ed0ad16afe3ad8e630fd13d8a017dcbd54ef3?s=96&d=mm&r=g","contentUrl":"https:\/\/secure.gravatar.com\/avatar\/0f23b280433a21e1ea7a0adcc46ed0ad16afe3ad8e630fd13d8a017dcbd54ef3?s=96&d=mm&r=g","caption":"Bilgin \u00d6z\u00e7ift\u00e7i"},"logo":{"@id":"https:\/\/avrupapress.com\/#\/schema\/person\/image\/"},"description":"Ne ben, nede sen... Biz ancak \"biz\" olursak g\u00fc\u00e7l\u00fc olabiliriz"},{"@type":"Person","@id":"https:\/\/avrupapress.com\/#\/schema\/person\/68428444ec60970d1e1b700cf4ca1e8f","name":"Edit\u00f6r","image":{"@type":"ImageObject","inLanguage":"fr-BE","@id":"https:\/\/avrupapress.com\/#\/schema\/person\/image\/","url":"https:\/\/secure.gravatar.com\/avatar\/74996b0977aa5f1559ba9883776652508b229005c0d78fb2597897f0bd651c09?s=96&d=mm&r=g","contentUrl":"https:\/\/secure.gravatar.com\/avatar\/74996b0977aa5f1559ba9883776652508b229005c0d78fb2597897f0bd651c09?s=96&d=mm&r=g","caption":"Edit\u00f6r"},"sameAs":["http:\/\/www.avrupapress.com"],"url":"https:\/\/avrupapress.com\/main\/author\/editor\/"}]}},"_links":{"self":[{"href":"https:\/\/avrupapress.com\/main\/wp-json\/wp\/v2\/posts\/19020","targetHints":{"allow":["GET"]}}],"collection":[{"href":"https:\/\/avrupapress.com\/main\/wp-json\/wp\/v2\/posts"}],"about":[{"href":"https:\/\/avrupapress.com\/main\/wp-json\/wp\/v2\/types\/post"}],"author":[{"embeddable":true,"href":"https:\/\/avrupapress.com\/main\/wp-json\/wp\/v2\/users\/3"}],"replies":[{"embeddable":true,"href":"https:\/\/avrupapress.com\/main\/wp-json\/wp\/v2\/comments?post=19020"}],"version-history":[{"count":1,"href":"https:\/\/avrupapress.com\/main\/wp-json\/wp\/v2\/posts\/19020\/revisions"}],"predecessor-version":[{"id":19025,"href":"https:\/\/avrupapress.com\/main\/wp-json\/wp\/v2\/posts\/19020\/revisions\/19025"}],"wp:featuredmedia":[{"embeddable":true,"href":"https:\/\/avrupapress.com\/main\/wp-json\/wp\/v2\/media\/19021"}],"wp:attachment":[{"href":"https:\/\/avrupapress.com\/main\/wp-json\/wp\/v2\/media?parent=19020"}],"wp:term":[{"taxonomy":"category","embeddable":true,"href":"https:\/\/avrupapress.com\/main\/wp-json\/wp\/v2\/categories?post=19020"},{"taxonomy":"post_tag","embeddable":true,"href":"https:\/\/avrupapress.com\/main\/wp-json\/wp\/v2\/tags?post=19020"}],"curies":[{"name":"wp","href":"https:\/\/api.w.org\/{rel}","templated":true}]}}