{"id":19007,"date":"2022-05-24T21:20:05","date_gmt":"2022-05-24T21:20:05","guid":{"rendered":"https:\/\/avrupapress.com\/main\/?p=19007"},"modified":"2022-05-24T21:20:13","modified_gmt":"2022-05-24T21:20:13","slug":"abdde-ilkokula-duzenlenen-saldirida-14-cocuk-ve-1-ogretmen-hayatini-kaybetti","status":"publish","type":"post","link":"https:\/\/avrupapress.com\/main\/2022\/05\/24\/abdde-ilkokula-duzenlenen-saldirida-14-cocuk-ve-1-ogretmen-hayatini-kaybetti\/","title":{"rendered":"ABD&rsquo;de ilkokula d\u00fczenlenen sald\u0131r\u0131da 14 \u00e7ocuk ve 1 \u00f6\u011fretmen hayat\u0131n\u0131 kaybetti"},"content":{"rendered":"<p><strong>ABD&rsquo;de bir ilkokula d\u00fczenlenen sald\u0131r\u0131 sonucu 14 \u00e7ocuk ve 1 \u00f6\u011fretmen hayat\u0131n\u0131 kaybetti. Sald\u0131r\u0131y\u0131 ger\u00e7ekle\u015ftiren 18 ya\u015f\u0131ndaki lise \u00f6\u011frencisi, g\u00fcvenlik g\u00fc\u00e7leri taraf\u0131ndan vurularak \u00f6ld\u00fcr\u00fcld\u00fc.<\/strong><\/p>\n<p>ABD&rsquo;nin Texas eyaletinde yer alan Uvalde il\u00e7esinde bulunan Robb \u0130lk\u00f6\u011fretim Okulu&rsquo;na silahl\u0131 sald\u0131r\u0131 d\u00fczenlendi. Texas Valisi Greg Abbott yapt\u0131\u011f\u0131 a\u00e7\u0131klamada, sald\u0131r\u0131da 14 \u00e7ocuk ve 1 \u00f6\u011fretmenin hayat\u0131n\u0131 kaybetti\u011fini ifade etti.<\/p>\n<h3 class=\"accordion-title\"><label for=\"subtitle-1\">18 YA\u015eINDAK\u0130 L\u0130SE \u00d6\u011eRENC\u0130S\u0130 SALDIRGAN \u00d6LD\u00dcR\u00dcLD\u00dc<\/label><\/h3>\n<p class=\"accordion-p\">Sald\u0131rgan\u0131n 18 ya\u015f\u0131nda oldu\u011funu ve \u00f6ld\u00fc\u011f\u00fcn\u00fc aktaran Abbott, sald\u0131rgan\u0131n g\u00fcvenlik g\u00fc\u00e7leri taraf\u0131ndan vurularak etkisiz hale getirildi\u011fine inand\u0131klar\u0131n\u0131 ifade etti.<\/p>\n<p class=\"accordion-p\"><img loading=\"lazy\" decoding=\"async\" class=\"hbptMainImage lazyload ImgDetay\" src=\"https:\/\/i.hbrcdn.com\/haber\/2022\/05\/24\/abd-de-ilkokula-duzenlenen-saldirida-14-cocuk-ve-14966794_7046_m.jpg\" alt=\"ABD'de ilkokula d\u00fczenlenen sald\u0131r\u0131da 14 \u00e7ocuk ve 1 \u00f6\u011fretmen hayat\u0131n\u0131 kaybetti\" width=\"640\" height=\"355\" data-src=\"https:\/\/i.hbrcdn.com\/haber\/2022\/05\/24\/abd-de-ilkokula-duzenlenen-saldirida-14-cocuk-ve-14966794_7046_m.jpg\" \/><\/p>\n<h3 class=\"accordion-title\"><label for=\"subtitle-4\">BELED\u0130YE BA\u015eKANI: DURUM \u00c7OK K\u00d6T\u00dc<\/label><\/h3>\n<p class=\"accordion-p\">Uvalde Belediye Ba\u015fkan\u0131 Don McLaughlin, durumun \u00e7ok k\u00f6t\u00fc oldu\u011funu belirterek, \u00e7ocuklar\u0131n aileleri ile ileti\u015fime ge\u00e7meye \u00e7al\u0131\u015ft\u0131klar\u0131n\u0131 aktard\u0131. Olay yerinde \u00e7ok say\u0131da ambulans ve polis sevk edilirken, b\u00f6lge g\u00fcvenlik \u00e7emberine al\u0131nd\u0131.<\/p>\n<p class=\"accordion-p\"><img loading=\"lazy\" decoding=\"async\" class=\"hbptMainImage lazyload ImgDetay\" src=\"https:\/\/i.hbrcdn.com\/haber\/2022\/05\/24\/abd-de-ilkokula-duzenlenen-saldirida-14-cocuk-ve-14966794_5000_m.jpg\" alt=\"ABD'de ilkokula d\u00fczenlenen sald\u0131r\u0131da 14 \u00e7ocuk ve 1 \u00f6\u011fretmen hayat\u0131n\u0131 kaybetti\" width=\"640\" height=\"356\" data-src=\"https:\/\/i.hbrcdn.com\/haber\/2022\/05\/24\/abd-de-ilkokula-duzenlenen-saldirida-14-cocuk-ve-14966794_5000_m.jpg\" \/><\/p>\n<h3 class=\"accordion-title\"><label for=\"subtitle-6\">KASABADAK\u0130 T\u00dcM OKULLAR KAPATILDI<\/label><\/h3>\n<p class=\"accordion-p\">Kasabadaki b\u00fct\u00fcn okullar kapat\u0131l\u0131p e\u011fitime ara verilirken San Antonio polisinin olay yerine g\u00f6nderdi\u011fi SWAT timlerinin, helikopter ve su\u00e7 m\u00fcfetti\u015fleri ile sald\u0131r\u0131y\u0131 aktif olarak soru\u015fturdu\u011fu bildirildi.<\/p>\n","protected":false},"excerpt":{"rendered":"<p>ABD&rsquo;de bir ilkokula d\u00fczenlenen sald\u0131r\u0131 sonucu 14 \u00e7ocuk ve 1 \u00f6\u011fretmen hayat\u0131n\u0131 kaybetti. Sald\u0131r\u0131y\u0131 ger\u00e7ekle\u015ftiren 18 ya\u015f\u0131ndaki lise \u00f6\u011frencisi, g\u00fcvenlik g\u00fc\u00e7leri taraf\u0131ndan vurularak \u00f6ld\u00fcr\u00fcld\u00fc. ABD&rsquo;nin Texas eyaletinde yer alan Uvalde il\u00e7esinde bulunan Robb \u0130lk\u00f6\u011fretim Okulu&rsquo;na silahl\u0131 sald\u0131r\u0131 d\u00fczenlendi. Texas Valisi Greg Abbott yapt\u0131\u011f\u0131 a\u00e7\u0131klamada, sald\u0131r\u0131da 14 \u00e7ocuk ve 1 \u00f6\u011fretmenin hayat\u0131n\u0131 kaybetti\u011fini ifade etti. 18 [&hellip;]<\/p>\n","protected":false},"author":3,"featured_media":19008,"comment_status":"closed","ping_status":"open","sticky":false,"template":"","format":"standard","meta":{"footnotes":""},"categories":[14,16,3,2],"tags":[],"class_list":["post-19007","post","type-post","status-publish","format-standard","has-post-thumbnail","hentry","category-avrupa","category-belcika","category-dunya","category-turkiye"],"yoast_head":"<!-- This site is optimized with the Yoast SEO plugin v26.9 - https:\/\/yoast.com\/product\/yoast-seo-wordpress\/ -->\n<title>ABD&#039;de ilkokula d\u00fczenlenen sald\u0131r\u0131da 14 \u00e7ocuk ve 1 \u00f6\u011fretmen hayat\u0131n\u0131 kaybetti - AvrupaPress<\/title>\n<meta name=\"robots\" content=\"index, follow, max-snippet:-1, max-image-preview:large, max-video-preview:-1\" \/>\n<link rel=\"canonical\" href=\"https:\/\/avrupapress.com\/main\/2022\/05\/24\/abdde-ilkokula-duzenlenen-saldirida-14-cocuk-ve-1-ogretmen-hayatini-kaybetti\/\" \/>\n<meta property=\"og:locale\" content=\"fr_FR\" \/>\n<meta property=\"og:type\" content=\"article\" \/>\n<meta property=\"og:title\" content=\"ABD&#039;de ilkokula d\u00fczenlenen sald\u0131r\u0131da 14 \u00e7ocuk ve 1 \u00f6\u011fretmen hayat\u0131n\u0131 kaybetti - AvrupaPress\" \/>\n<meta property=\"og:description\" content=\"ABD&rsquo;de bir ilkokula d\u00fczenlenen sald\u0131r\u0131 sonucu 14 \u00e7ocuk ve 1 \u00f6\u011fretmen hayat\u0131n\u0131 kaybetti. Sald\u0131r\u0131y\u0131 ger\u00e7ekle\u015ftiren 18 ya\u015f\u0131ndaki lise \u00f6\u011frencisi, g\u00fcvenlik g\u00fc\u00e7leri taraf\u0131ndan vurularak \u00f6ld\u00fcr\u00fcld\u00fc. ABD&rsquo;nin Texas eyaletinde yer alan Uvalde il\u00e7esinde bulunan Robb \u0130lk\u00f6\u011fretim Okulu&rsquo;na silahl\u0131 sald\u0131r\u0131 d\u00fczenlendi. Texas Valisi Greg Abbott yapt\u0131\u011f\u0131 a\u00e7\u0131klamada, sald\u0131r\u0131da 14 \u00e7ocuk ve 1 \u00f6\u011fretmenin hayat\u0131n\u0131 kaybetti\u011fini ifade etti. 18 [&hellip;]\" \/>\n<meta property=\"og:url\" content=\"https:\/\/avrupapress.com\/main\/2022\/05\/24\/abdde-ilkokula-duzenlenen-saldirida-14-cocuk-ve-1-ogretmen-hayatini-kaybetti\/\" \/>\n<meta property=\"og:site_name\" content=\"AvrupaPress\" \/>\n<meta property=\"article:published_time\" content=\"2022-05-24T21:20:05+00:00\" \/>\n<meta property=\"article:modified_time\" content=\"2022-05-24T21:20:13+00:00\" \/>\n<meta property=\"og:image\" content=\"https:\/\/avrupapress.com\/main\/wp-content\/uploads\/2022\/05\/abd-de-bir-ilkokula-duzenlenen-saldirida-14-cocuk_14966794_1459.jpg\" \/>\n\t<meta property=\"og:image:width\" content=\"732\" \/>\n\t<meta property=\"og:image:height\" content=\"411\" \/>\n\t<meta property=\"og:image:type\" content=\"image\/jpeg\" \/>\n<meta name=\"author\" content=\"Edit\u00f6r\" \/>\n<meta name=\"twitter:card\" content=\"summary_large_image\" \/>\n<meta name=\"twitter:label1\" content=\"\u00c9crit par\" \/>\n\t<meta name=\"twitter:data1\" content=\"Edit\u00f6r\" \/>\n\t<meta name=\"twitter:label2\" content=\"Dur\u00e9e de lecture est.\" \/>\n\t<meta name=\"twitter:data2\" content=\"2 minutes\" \/>\n<script type=\"application\/ld+json\" class=\"yoast-schema-graph\">{\"@context\":\"https:\/\/schema.org\",\"@graph\":[{\"@type\":\"Article\",\"@id\":\"https:\/\/avrupapress.com\/main\/2022\/05\/24\/abdde-ilkokula-duzenlenen-saldirida-14-cocuk-ve-1-ogretmen-hayatini-kaybetti\/#article\",\"isPartOf\":{\"@id\":\"https:\/\/avrupapress.com\/main\/2022\/05\/24\/abdde-ilkokula-duzenlenen-saldirida-14-cocuk-ve-1-ogretmen-hayatini-kaybetti\/\"},\"author\":{\"name\":\"Edit\u00f6r\",\"@id\":\"https:\/\/avrupapress.com\/#\/schema\/person\/68428444ec60970d1e1b700cf4ca1e8f\"},\"headline\":\"ABD&rsquo;de ilkokula d\u00fczenlenen sald\u0131r\u0131da 14 \u00e7ocuk ve 1 \u00f6\u011fretmen hayat\u0131n\u0131 kaybetti\",\"datePublished\":\"2022-05-24T21:20:05+00:00\",\"dateModified\":\"2022-05-24T21:20:13+00:00\",\"mainEntityOfPage\":{\"@id\":\"https:\/\/avrupapress.com\/main\/2022\/05\/24\/abdde-ilkokula-duzenlenen-saldirida-14-cocuk-ve-1-ogretmen-hayatini-kaybetti\/\"},\"wordCount\":219,\"publisher\":{\"@id\":\"https:\/\/avrupapress.com\/#\/schema\/person\/0223dca19c72c43575bf30d1a2d8f4fa\"},\"image\":{\"@id\":\"https:\/\/avrupapress.com\/main\/2022\/05\/24\/abdde-ilkokula-duzenlenen-saldirida-14-cocuk-ve-1-ogretmen-hayatini-kaybetti\/#primaryimage\"},\"thumbnailUrl\":\"https:\/\/avrupapress.com\/main\/wp-content\/uploads\/2022\/05\/abd-de-bir-ilkokula-duzenlenen-saldirida-14-cocuk_14966794_1459.jpg\",\"articleSection\":[\"Avrupa\",\"Bel\u00e7ika\",\"D\u00fcnya\",\"T\u00fcrkiye\"],\"inLanguage\":\"fr-BE\"},{\"@type\":\"WebPage\",\"@id\":\"https:\/\/avrupapress.com\/main\/2022\/05\/24\/abdde-ilkokula-duzenlenen-saldirida-14-cocuk-ve-1-ogretmen-hayatini-kaybetti\/\",\"url\":\"https:\/\/avrupapress.com\/main\/2022\/05\/24\/abdde-ilkokula-duzenlenen-saldirida-14-cocuk-ve-1-ogretmen-hayatini-kaybetti\/\",\"name\":\"ABD'de ilkokula d\u00fczenlenen sald\u0131r\u0131da 14 \u00e7ocuk ve 1 \u00f6\u011fretmen hayat\u0131n\u0131 kaybetti - AvrupaPress\",\"isPartOf\":{\"@id\":\"https:\/\/avrupapress.com\/#website\"},\"primaryImageOfPage\":{\"@id\":\"https:\/\/avrupapress.com\/main\/2022\/05\/24\/abdde-ilkokula-duzenlenen-saldirida-14-cocuk-ve-1-ogretmen-hayatini-kaybetti\/#primaryimage\"},\"image\":{\"@id\":\"https:\/\/avrupapress.com\/main\/2022\/05\/24\/abdde-ilkokula-duzenlenen-saldirida-14-cocuk-ve-1-ogretmen-hayatini-kaybetti\/#primaryimage\"},\"thumbnailUrl\":\"https:\/\/avrupapress.com\/main\/wp-content\/uploads\/2022\/05\/abd-de-bir-ilkokula-duzenlenen-saldirida-14-cocuk_14966794_1459.jpg\",\"datePublished\":\"2022-05-24T21:20:05+00:00\",\"dateModified\":\"2022-05-24T21:20:13+00:00\",\"breadcrumb\":{\"@id\":\"https:\/\/avrupapress.com\/main\/2022\/05\/24\/abdde-ilkokula-duzenlenen-saldirida-14-cocuk-ve-1-ogretmen-hayatini-kaybetti\/#breadcrumb\"},\"inLanguage\":\"fr-BE\",\"potentialAction\":[{\"@type\":\"ReadAction\",\"target\":[\"https:\/\/avrupapress.com\/main\/2022\/05\/24\/abdde-ilkokula-duzenlenen-saldirida-14-cocuk-ve-1-ogretmen-hayatini-kaybetti\/\"]}]},{\"@type\":\"ImageObject\",\"inLanguage\":\"fr-BE\",\"@id\":\"https:\/\/avrupapress.com\/main\/2022\/05\/24\/abdde-ilkokula-duzenlenen-saldirida-14-cocuk-ve-1-ogretmen-hayatini-kaybetti\/#primaryimage\",\"url\":\"https:\/\/avrupapress.com\/main\/wp-content\/uploads\/2022\/05\/abd-de-bir-ilkokula-duzenlenen-saldirida-14-cocuk_14966794_1459.jpg\",\"contentUrl\":\"https:\/\/avrupapress.com\/main\/wp-content\/uploads\/2022\/05\/abd-de-bir-ilkokula-duzenlenen-saldirida-14-cocuk_14966794_1459.jpg\",\"width\":732,\"height\":411},{\"@type\":\"BreadcrumbList\",\"@id\":\"https:\/\/avrupapress.com\/main\/2022\/05\/24\/abdde-ilkokula-duzenlenen-saldirida-14-cocuk-ve-1-ogretmen-hayatini-kaybetti\/#breadcrumb\",\"itemListElement\":[{\"@type\":\"ListItem\",\"position\":1,\"name\":\"Anasayfa\",\"item\":\"https:\/\/avrupapress.com\/\"},{\"@type\":\"ListItem\",\"position\":2,\"name\":\"ABD&#8217;de ilkokula d\u00fczenlenen sald\u0131r\u0131da 14 \u00e7ocuk ve 1 \u00f6\u011fretmen hayat\u0131n\u0131 kaybetti\"}]},{\"@type\":\"WebSite\",\"@id\":\"https:\/\/avrupapress.com\/#website\",\"url\":\"https:\/\/avrupapress.com\/\",\"name\":\"AvrupaPress\",\"description\":\"Haberin Adresi\",\"publisher\":{\"@id\":\"https:\/\/avrupapress.com\/#\/schema\/person\/0223dca19c72c43575bf30d1a2d8f4fa\"},\"potentialAction\":[{\"@type\":\"SearchAction\",\"target\":{\"@type\":\"EntryPoint\",\"urlTemplate\":\"https:\/\/avrupapress.com\/?s={search_term_string}\"},\"query-input\":{\"@type\":\"PropertyValueSpecification\",\"valueRequired\":true,\"valueName\":\"search_term_string\"}}],\"inLanguage\":\"fr-BE\"},{\"@type\":[\"Person\",\"Organization\"],\"@id\":\"https:\/\/avrupapress.com\/#\/schema\/person\/0223dca19c72c43575bf30d1a2d8f4fa\",\"name\":\"Bilgin \u00d6z\u00e7ift\u00e7i\",\"image\":{\"@type\":\"ImageObject\",\"inLanguage\":\"fr-BE\",\"@id\":\"https:\/\/avrupapress.com\/#\/schema\/person\/image\/\",\"url\":\"https:\/\/secure.gravatar.com\/avatar\/0f23b280433a21e1ea7a0adcc46ed0ad16afe3ad8e630fd13d8a017dcbd54ef3?s=96&d=mm&r=g\",\"contentUrl\":\"https:\/\/secure.gravatar.com\/avatar\/0f23b280433a21e1ea7a0adcc46ed0ad16afe3ad8e630fd13d8a017dcbd54ef3?s=96&d=mm&r=g\",\"caption\":\"Bilgin \u00d6z\u00e7ift\u00e7i\"},\"logo\":{\"@id\":\"https:\/\/avrupapress.com\/#\/schema\/person\/image\/\"},\"description\":\"Ne ben, nede sen... Biz ancak \\\"biz\\\" olursak g\u00fc\u00e7l\u00fc olabiliriz\"},{\"@type\":\"Person\",\"@id\":\"https:\/\/avrupapress.com\/#\/schema\/person\/68428444ec60970d1e1b700cf4ca1e8f\",\"name\":\"Edit\u00f6r\",\"image\":{\"@type\":\"ImageObject\",\"inLanguage\":\"fr-BE\",\"@id\":\"https:\/\/avrupapress.com\/#\/schema\/person\/image\/\",\"url\":\"https:\/\/secure.gravatar.com\/avatar\/74996b0977aa5f1559ba9883776652508b229005c0d78fb2597897f0bd651c09?s=96&d=mm&r=g\",\"contentUrl\":\"https:\/\/secure.gravatar.com\/avatar\/74996b0977aa5f1559ba9883776652508b229005c0d78fb2597897f0bd651c09?s=96&d=mm&r=g\",\"caption\":\"Edit\u00f6r\"},\"sameAs\":[\"http:\/\/www.avrupapress.com\"],\"url\":\"https:\/\/avrupapress.com\/main\/author\/editor\/\"}]}<\/script>\n<!-- \/ Yoast SEO plugin. -->","yoast_head_json":{"title":"ABD'de ilkokula d\u00fczenlenen sald\u0131r\u0131da 14 \u00e7ocuk ve 1 \u00f6\u011fretmen hayat\u0131n\u0131 kaybetti - AvrupaPress","robots":{"index":"index","follow":"follow","max-snippet":"max-snippet:-1","max-image-preview":"max-image-preview:large","max-video-preview":"max-video-preview:-1"},"canonical":"https:\/\/avrupapress.com\/main\/2022\/05\/24\/abdde-ilkokula-duzenlenen-saldirida-14-cocuk-ve-1-ogretmen-hayatini-kaybetti\/","og_locale":"fr_FR","og_type":"article","og_title":"ABD'de ilkokula d\u00fczenlenen sald\u0131r\u0131da 14 \u00e7ocuk ve 1 \u00f6\u011fretmen hayat\u0131n\u0131 kaybetti - AvrupaPress","og_description":"ABD&rsquo;de bir ilkokula d\u00fczenlenen sald\u0131r\u0131 sonucu 14 \u00e7ocuk ve 1 \u00f6\u011fretmen hayat\u0131n\u0131 kaybetti. Sald\u0131r\u0131y\u0131 ger\u00e7ekle\u015ftiren 18 ya\u015f\u0131ndaki lise \u00f6\u011frencisi, g\u00fcvenlik g\u00fc\u00e7leri taraf\u0131ndan vurularak \u00f6ld\u00fcr\u00fcld\u00fc. ABD&rsquo;nin Texas eyaletinde yer alan Uvalde il\u00e7esinde bulunan Robb \u0130lk\u00f6\u011fretim Okulu&rsquo;na silahl\u0131 sald\u0131r\u0131 d\u00fczenlendi. Texas Valisi Greg Abbott yapt\u0131\u011f\u0131 a\u00e7\u0131klamada, sald\u0131r\u0131da 14 \u00e7ocuk ve 1 \u00f6\u011fretmenin hayat\u0131n\u0131 kaybetti\u011fini ifade etti. 18 [&hellip;]","og_url":"https:\/\/avrupapress.com\/main\/2022\/05\/24\/abdde-ilkokula-duzenlenen-saldirida-14-cocuk-ve-1-ogretmen-hayatini-kaybetti\/","og_site_name":"AvrupaPress","article_published_time":"2022-05-24T21:20:05+00:00","article_modified_time":"2022-05-24T21:20:13+00:00","og_image":[{"width":732,"height":411,"url":"https:\/\/avrupapress.com\/main\/wp-content\/uploads\/2022\/05\/abd-de-bir-ilkokula-duzenlenen-saldirida-14-cocuk_14966794_1459.jpg","type":"image\/jpeg"}],"author":"Edit\u00f6r","twitter_card":"summary_large_image","twitter_misc":{"\u00c9crit par":"Edit\u00f6r","Dur\u00e9e de lecture est.":"2 minutes"},"schema":{"@context":"https:\/\/schema.org","@graph":[{"@type":"Article","@id":"https:\/\/avrupapress.com\/main\/2022\/05\/24\/abdde-ilkokula-duzenlenen-saldirida-14-cocuk-ve-1-ogretmen-hayatini-kaybetti\/#article","isPartOf":{"@id":"https:\/\/avrupapress.com\/main\/2022\/05\/24\/abdde-ilkokula-duzenlenen-saldirida-14-cocuk-ve-1-ogretmen-hayatini-kaybetti\/"},"author":{"name":"Edit\u00f6r","@id":"https:\/\/avrupapress.com\/#\/schema\/person\/68428444ec60970d1e1b700cf4ca1e8f"},"headline":"ABD&rsquo;de ilkokula d\u00fczenlenen sald\u0131r\u0131da 14 \u00e7ocuk ve 1 \u00f6\u011fretmen hayat\u0131n\u0131 kaybetti","datePublished":"2022-05-24T21:20:05+00:00","dateModified":"2022-05-24T21:20:13+00:00","mainEntityOfPage":{"@id":"https:\/\/avrupapress.com\/main\/2022\/05\/24\/abdde-ilkokula-duzenlenen-saldirida-14-cocuk-ve-1-ogretmen-hayatini-kaybetti\/"},"wordCount":219,"publisher":{"@id":"https:\/\/avrupapress.com\/#\/schema\/person\/0223dca19c72c43575bf30d1a2d8f4fa"},"image":{"@id":"https:\/\/avrupapress.com\/main\/2022\/05\/24\/abdde-ilkokula-duzenlenen-saldirida-14-cocuk-ve-1-ogretmen-hayatini-kaybetti\/#primaryimage"},"thumbnailUrl":"https:\/\/avrupapress.com\/main\/wp-content\/uploads\/2022\/05\/abd-de-bir-ilkokula-duzenlenen-saldirida-14-cocuk_14966794_1459.jpg","articleSection":["Avrupa","Bel\u00e7ika","D\u00fcnya","T\u00fcrkiye"],"inLanguage":"fr-BE"},{"@type":"WebPage","@id":"https:\/\/avrupapress.com\/main\/2022\/05\/24\/abdde-ilkokula-duzenlenen-saldirida-14-cocuk-ve-1-ogretmen-hayatini-kaybetti\/","url":"https:\/\/avrupapress.com\/main\/2022\/05\/24\/abdde-ilkokula-duzenlenen-saldirida-14-cocuk-ve-1-ogretmen-hayatini-kaybetti\/","name":"ABD'de ilkokula d\u00fczenlenen sald\u0131r\u0131da 14 \u00e7ocuk ve 1 \u00f6\u011fretmen hayat\u0131n\u0131 kaybetti - AvrupaPress","isPartOf":{"@id":"https:\/\/avrupapress.com\/#website"},"primaryImageOfPage":{"@id":"https:\/\/avrupapress.com\/main\/2022\/05\/24\/abdde-ilkokula-duzenlenen-saldirida-14-cocuk-ve-1-ogretmen-hayatini-kaybetti\/#primaryimage"},"image":{"@id":"https:\/\/avrupapress.com\/main\/2022\/05\/24\/abdde-ilkokula-duzenlenen-saldirida-14-cocuk-ve-1-ogretmen-hayatini-kaybetti\/#primaryimage"},"thumbnailUrl":"https:\/\/avrupapress.com\/main\/wp-content\/uploads\/2022\/05\/abd-de-bir-ilkokula-duzenlenen-saldirida-14-cocuk_14966794_1459.jpg","datePublished":"2022-05-24T21:20:05+00:00","dateModified":"2022-05-24T21:20:13+00:00","breadcrumb":{"@id":"https:\/\/avrupapress.com\/main\/2022\/05\/24\/abdde-ilkokula-duzenlenen-saldirida-14-cocuk-ve-1-ogretmen-hayatini-kaybetti\/#breadcrumb"},"inLanguage":"fr-BE","potentialAction":[{"@type":"ReadAction","target":["https:\/\/avrupapress.com\/main\/2022\/05\/24\/abdde-ilkokula-duzenlenen-saldirida-14-cocuk-ve-1-ogretmen-hayatini-kaybetti\/"]}]},{"@type":"ImageObject","inLanguage":"fr-BE","@id":"https:\/\/avrupapress.com\/main\/2022\/05\/24\/abdde-ilkokula-duzenlenen-saldirida-14-cocuk-ve-1-ogretmen-hayatini-kaybetti\/#primaryimage","url":"https:\/\/avrupapress.com\/main\/wp-content\/uploads\/2022\/05\/abd-de-bir-ilkokula-duzenlenen-saldirida-14-cocuk_14966794_1459.jpg","contentUrl":"https:\/\/avrupapress.com\/main\/wp-content\/uploads\/2022\/05\/abd-de-bir-ilkokula-duzenlenen-saldirida-14-cocuk_14966794_1459.jpg","width":732,"height":411},{"@type":"BreadcrumbList","@id":"https:\/\/avrupapress.com\/main\/2022\/05\/24\/abdde-ilkokula-duzenlenen-saldirida-14-cocuk-ve-1-ogretmen-hayatini-kaybetti\/#breadcrumb","itemListElement":[{"@type":"ListItem","position":1,"name":"Anasayfa","item":"https:\/\/avrupapress.com\/"},{"@type":"ListItem","position":2,"name":"ABD&#8217;de ilkokula d\u00fczenlenen sald\u0131r\u0131da 14 \u00e7ocuk ve 1 \u00f6\u011fretmen hayat\u0131n\u0131 kaybetti"}]},{"@type":"WebSite","@id":"https:\/\/avrupapress.com\/#website","url":"https:\/\/avrupapress.com\/","name":"AvrupaPress","description":"Haberin Adresi","publisher":{"@id":"https:\/\/avrupapress.com\/#\/schema\/person\/0223dca19c72c43575bf30d1a2d8f4fa"},"potentialAction":[{"@type":"SearchAction","target":{"@type":"EntryPoint","urlTemplate":"https:\/\/avrupapress.com\/?s={search_term_string}"},"query-input":{"@type":"PropertyValueSpecification","valueRequired":true,"valueName":"search_term_string"}}],"inLanguage":"fr-BE"},{"@type":["Person","Organization"],"@id":"https:\/\/avrupapress.com\/#\/schema\/person\/0223dca19c72c43575bf30d1a2d8f4fa","name":"Bilgin \u00d6z\u00e7ift\u00e7i","image":{"@type":"ImageObject","inLanguage":"fr-BE","@id":"https:\/\/avrupapress.com\/#\/schema\/person\/image\/","url":"https:\/\/secure.gravatar.com\/avatar\/0f23b280433a21e1ea7a0adcc46ed0ad16afe3ad8e630fd13d8a017dcbd54ef3?s=96&d=mm&r=g","contentUrl":"https:\/\/secure.gravatar.com\/avatar\/0f23b280433a21e1ea7a0adcc46ed0ad16afe3ad8e630fd13d8a017dcbd54ef3?s=96&d=mm&r=g","caption":"Bilgin \u00d6z\u00e7ift\u00e7i"},"logo":{"@id":"https:\/\/avrupapress.com\/#\/schema\/person\/image\/"},"description":"Ne ben, nede sen... Biz ancak \"biz\" olursak g\u00fc\u00e7l\u00fc olabiliriz"},{"@type":"Person","@id":"https:\/\/avrupapress.com\/#\/schema\/person\/68428444ec60970d1e1b700cf4ca1e8f","name":"Edit\u00f6r","image":{"@type":"ImageObject","inLanguage":"fr-BE","@id":"https:\/\/avrupapress.com\/#\/schema\/person\/image\/","url":"https:\/\/secure.gravatar.com\/avatar\/74996b0977aa5f1559ba9883776652508b229005c0d78fb2597897f0bd651c09?s=96&d=mm&r=g","contentUrl":"https:\/\/secure.gravatar.com\/avatar\/74996b0977aa5f1559ba9883776652508b229005c0d78fb2597897f0bd651c09?s=96&d=mm&r=g","caption":"Edit\u00f6r"},"sameAs":["http:\/\/www.avrupapress.com"],"url":"https:\/\/avrupapress.com\/main\/author\/editor\/"}]}},"_links":{"self":[{"href":"https:\/\/avrupapress.com\/main\/wp-json\/wp\/v2\/posts\/19007","targetHints":{"allow":["GET"]}}],"collection":[{"href":"https:\/\/avrupapress.com\/main\/wp-json\/wp\/v2\/posts"}],"about":[{"href":"https:\/\/avrupapress.com\/main\/wp-json\/wp\/v2\/types\/post"}],"author":[{"embeddable":true,"href":"https:\/\/avrupapress.com\/main\/wp-json\/wp\/v2\/users\/3"}],"replies":[{"embeddable":true,"href":"https:\/\/avrupapress.com\/main\/wp-json\/wp\/v2\/comments?post=19007"}],"version-history":[{"count":2,"href":"https:\/\/avrupapress.com\/main\/wp-json\/wp\/v2\/posts\/19007\/revisions"}],"predecessor-version":[{"id":19010,"href":"https:\/\/avrupapress.com\/main\/wp-json\/wp\/v2\/posts\/19007\/revisions\/19010"}],"wp:featuredmedia":[{"embeddable":true,"href":"https:\/\/avrupapress.com\/main\/wp-json\/wp\/v2\/media\/19008"}],"wp:attachment":[{"href":"https:\/\/avrupapress.com\/main\/wp-json\/wp\/v2\/media?parent=19007"}],"wp:term":[{"taxonomy":"category","embeddable":true,"href":"https:\/\/avrupapress.com\/main\/wp-json\/wp\/v2\/categories?post=19007"},{"taxonomy":"post_tag","embeddable":true,"href":"https:\/\/avrupapress.com\/main\/wp-json\/wp\/v2\/tags?post=19007"}],"curies":[{"name":"wp","href":"https:\/\/api.w.org\/{rel}","templated":true}]}}