{"id":19005,"date":"2022-05-24T20:59:24","date_gmt":"2022-05-24T20:59:24","guid":{"rendered":"https:\/\/avrupapress.com\/main\/?p=19005"},"modified":"2022-05-24T20:59:38","modified_gmt":"2022-05-24T20:59:38","slug":"kurtaricisiz-kurtulmak","status":"publish","type":"post","link":"https:\/\/avrupapress.com\/main\/2022\/05\/24\/kurtaricisiz-kurtulmak\/","title":{"rendered":"KURTARICISIZ, KURTULMAK!"},"content":{"rendered":"<div dir=\"auto\">Demokrasinin i\u00e7inde sosyalizm olmaz. \u00c7\u00fcnk\u00fc sosyalizm tek bir g\u00f6r\u00fc\u015fe, eme\u011fe dayal\u0131d\u0131r. Sosyalizm; dilin, \u0131rk\u0131n, milletin, vatan\u0131n, dinin, devletin, halk\u0131n, \u00fclkenin, t\u00fcr ya da cinsiyetin, kavramlar\u0131n, paran\u0131n, m\u00fclkiyetin, do\u011fan\u0131n, s\u0131n\u0131r\u0131n, bayra\u011f\u0131n, makamlar\u0131n, mevkinin, kral\u0131n ya da soytar\u0131lar\u0131n\u0131n aras\u0131nda hi\u00e7 bir fark\u0131n ve de farkl\u0131l\u0131\u011f\u0131n bulunmad\u0131\u011f\u0131, e\u015fitlik, hak ve adilane davranman\u0131n temel al\u0131nd\u0131\u011f\u0131 EMEK, yani TEK BAKI\u015e, ALINTER\u0130dir!<\/div>\n<div dir=\"auto\">Demokrasicilikte, siyasi parti y\u00f6neticileri ve bu y\u00f6neticilerin belirledi\u011fi se\u00e7ilecekler; bellirlenmi\u015f se\u00e7ilecekleri se\u00e7mek zorunda b\u0131rak\u0131lan se\u00e7ecekler, sa\u011fc\u0131l\u0131k, dincilik, dilcilik, \u0131rk\u00e7\u0131l\u0131k, millet\u00e7ilik, cinscilik, kavramc\u0131l\u0131k, do\u011fac\u0131l\u0131k, bayrakc\u0131l\u0131k vb gibi oyuncuklar\u0131, se\u00e7me yar\u0131\u015f\u0131na girerek, kazanabilme ad\u0131na, &lsquo;Her\u015fey m\u00fcbaht\u0131r!&rsquo; deyip ( \u00c7\u00dcNK\u00dc S\u0130YAS\u0130 PART\u0130 T\u00dcZ\u00dcKLER\u0130 DAH\u0130 AYNI), birlikte oynarlar.<\/div>\n<div dir=\"auto\">\u00d6zetle, ay\u0131r ve b\u00f6l, b\u00f6lebildi\u011fin kadar&#8230; Ye\u015filler partisi, sol parti, adalet, demokrat, halk, iyi, g\u00fczel, vatan, \u00f6zg\u00fcrl\u00fck, zafer, memleket partisi vb daha daha niceleri! Say\u0131lar\u0131 120 yi bulmu\u015f siyasi parti \u00e7e\u015fitlili\u011fi var&#8230;<\/div>\n<div dir=\"auto\">\u00dclke i\u00e7inde \u015fu an, ge\u00e7mi\u015fte ya\u015fayanlar, d\u00fcnde kalanlar,\u00a0 bug\u00fcn\u00fc kotar\u0131p kurtaranlar, gelece\u011fe ta\u015f\u0131nanlarla, demografik yap\u0131, b\u00f6l\u00fck p\u00f6r\u00e7\u00fck!<\/div>\n<div dir=\"auto\">Do\u011fal olarak, uygulad\u0131klar\u0131 b\u00f6l b\u00f6l y\u00f6net sistemleri, gayet ba\u015far\u0131l\u0131!<\/div>\n<div dir=\"auto\">Bu sistemi savunanlar da hak etti\u011fi gibi ya\u015f\u0131yor zaten! Bir de bizlere ya\u015fatmasalar, sorunlar\u0131 g\u00f6ren, bilen, duyan hiii\u00e7 olmayacak!<\/div>\n<div dir=\"auto\">Bu a\u00e7\u0131dan bakt\u0131\u011f\u0131m\u0131zda, se\u00e7ilemeyip, y\u00f6netime gelemeyenlerin, hi\u00e7 bir \u015fekilde, \u015fikayet\u00e7i olmaya haklar\u0131 da yok! Kendim ettim, kendim buldum d\u00fcnyas\u0131, denilir ve ge\u00e7ilir&#8230;<\/div>\n<div dir=\"auto\">Sistemde ger\u00e7ekle\u015fen olgular\u0131n zarar\u0131, bu siyasi sistemi se\u00e7meyenlere OLUYOR! HEM DE \u00c7OK b\u00fcy\u00fck ZARAR G\u00d6R\u00dcYORLAR!<\/div>\n<div dir=\"auto\">Siyasi sistemde, insanlar\u0131n e\u015fitli\u011fini ve adil hak da\u011f\u0131t\u0131m\u0131n\u0131 savunanlar, ya ter\u00f6rist ya \u00f6rg\u00fct sempatizan\u0131 ya \u00fcye ya da \u0130brahim KAYPAKKAYA, Deniz Gezmi\u015f, Mahir \u00c7ayan, Naz\u0131m Hikmet, Sabahattin Ali vb gibi bozguncu ve y\u0131k\u0131c\u0131 diye karalan\u0131p, hapsedilip,\u00a0 i\u015fkencelere maruz kal\u0131p \u00f6ld\u00fcr\u00fclm\u00fcyorlar m\u0131?<\/div>\n<div dir=\"auto\">Bu uyduruk demokrasili sistemde, k\u00fc\u00e7\u00fcc\u00fck bir az\u0131nl\u0131k olarak varl\u0131k g\u00f6steren ve ne olmas\u0131 gerekti\u011fini bilen ki\u015filer, neyi, ne kadar, nas\u0131l, nerede, ne zaman ve kimlerle yapabilir?<\/div>\n<div dir=\"auto\">H\u00fck\u00fcmdarl\u0131klar\u0131, soylu aileleri, soysuz ba\u015fkanl\u0131klar\u0131 tehlikeye girecek olan \u0130ngiltere Krali\u00e7esi, \u0130spanya, Norve\u00e7 ya da \u0130sve\u00e7 Kral\u0131, Monaco Prensi, Amerikan Rockefeller https:\/\/tr.m.wikipedia.org\/wiki\/Rockefeller_ailesi Ailesi,\u00a0 ger\u00e7ek bir siyasi \u00f6rg\u00fctl\u00fcl\u00fc\u011fe izin verirler mi hi\u00e7? Bir \u00f6rnek var m\u0131?<\/div>\n<div dir=\"auto\">Nas\u0131l bu kadar saf olunabiliyor ger\u00e7ekten?<\/div>\n<div dir=\"auto\">Siyasi sistemle sorunlar\u0131n \u00e7\u00f6z\u00fcm\u00fc i\u00e7in tek tek siyasi bilince ula\u015f\u0131lmas\u0131 \u015fart!<\/div>\n<div dir=\"auto\">Herkesin kap\u0131s\u0131n\u0131n \u00f6n\u00fcn\u00fc s\u00fcp\u00fcrmesi bu i\u015fte!<\/div>\n<div dir=\"auto\">D\u00fc\u015f\u00fcn\u00fcn l\u00fctfen! G\u00fczel \u0130zmir&rsquo; de hi\u00e7 kimse, &lsquo;Siyasi sistemi de\u011fi\u015ftirmek istiyoruz, oy kullanmayaca\u011f\u0131m ve tan\u0131mad\u0131\u011f\u0131m\u0131z i\u00e7in hi\u00e7 kimseyi se\u00e7meyece\u011fiz!&rsquo; dese?<\/div>\n<div dir=\"auto\">\u00dclke genelinde, Ayd\u0131n, Denizli, Mu\u011fla, Antalya, \u00c7anakkale, Tekirda\u011f, K\u0131rklareli, Edirne, Kocaeli, \u0130stanbul, Bursa, Bal\u0131kesir, Mersin, Antakya ve Adana da oy kullanma oran\u0131, y\u00fczde be\u015f bile olmasa se\u00e7ilenler, \u015fimdiki kadar f\u00fctursuzca akl\u0131na geleni yapabilir mi? Korkar, yapamaz!<\/div>\n<div dir=\"auto\">Hi\u00e7 kimse se\u00e7ilmezse kim zam yapabilir? Hi\u00e7 kimse se\u00e7ilmezse kim polis zorba g\u00fcc\u00fcn\u00fc kullanabilir? Paran\u0131n, pulun olmad\u0131\u011f\u0131 yerde, mal\u0131n m\u00fclk\u00fcn bulunmad\u0131\u011f\u0131 yerde, kim h\u0131rs\u0131zl\u0131k yap\u0131p, \u00e7alabilir?<\/div>\n<div dir=\"auto\">Bunlar hep, belli e\u011fitim ve bilin\u00e7 d\u00fczeyi gerektirir. E\u011fitim ve bilin\u00e7 de ki\u015fiseldir.<\/div>\n<div dir=\"auto\">Tunceli ve Ovac\u0131k \u00f6rne\u011fi var \u00f6n\u00fcm\u00fczde! Bu se\u00e7meceli sistemde, her birey bilin\u00e7li ve ortak ak\u0131lla davran\u0131\u015f sergiliyor. Bunu Mustafa Kemal zaman\u0131nda da sergilediler, kar\u015f\u0131l\u0131\u011f\u0131n\u0131, bombalanma olarak g\u00f6rd\u00fcler&#8230;<\/div>\n<div dir=\"auto\">\u0130spanya n\u0131n 2000 ki\u015fi civar\u0131nda oldu\u011fu s\u00f6ylenen kom\u00fcnist sistem kasabas\u0131 da ayn\u0131 \u015fekilde, bireysel bilinci, ortak ak\u0131lla kullanan b\u00f6lge! Hepsi de \u00f6nce kendi kap\u0131s\u0131n\u0131n \u00f6n\u00fcn\u00fc s\u00fcp\u00fcren insanlar&#8230; Kurtar\u0131c\u0131lar\u0131 yok, hepsi kurtar\u0131c\u0131! Liderleri yok, olanlar da d\u00f6n\u00fc\u015f\u00fcml\u00fc, s\u0131ras\u0131yla lider, ba\u015fkan, \u00f6nc\u00fc, g\u00f6zc\u00fc konumuna ge\u00e7iyorlar.<\/div>\n<div dir=\"auto\">G\u00f6\u00e7men ku\u015flar\u0131n liderli\u011fi gibi liderlikleri, s\u0131ras\u0131yla ve d\u00f6n\u00fc\u015f\u00fcml\u00fc!<\/div>\n<div dir=\"auto\">Lionslar\u0131n, rotarylerin yani zengin kul\u00fcplerinin liderlikleri de d\u00f6n\u00fc\u015f\u00fcml\u00fcd\u00fcr.<\/div>\n<div dir=\"auto\">Fakir ve e\u011fitimsiz halklar\u0131n bu sistemi d\u00fc\u015f\u00fcnememesi, bilin\u00e7 d\u00fczeyinin eksikli\u011finden&#8230; Yoksa g\u00f6\u00e7men ku\u015flar, kendilerinden daha ak\u0131ll\u0131 de\u011fil!<\/div>\n<div dir=\"auto\">E\u011fitimi yeterli olmayan, ak\u0131l edemiyor, dini, milli, siyasi \u00e7\u0131karlar\u0131n\u0131 \u00f6ncelikleyenlerin pe\u015finden gidiyor. T\u0131pk\u0131 koyun s\u00fcr\u00fcs\u00fc dedi\u011fimiz, kaval dinleyenlerin yapt\u0131\u011f\u0131 gibi!\u00a0 Bir koyun \u00e7oban\u0131 taraf\u0131ndan zorla ya da t\u0131p\u0131\u015f t\u0131p\u0131\u015f bir koyun neye ikna edilirse s\u00fcr\u00fcn\u00fcn tamam\u0131, o koyunun yapt\u0131\u011f\u0131n\u0131 yap\u0131yor, ayn\u0131 bunun gibi!<\/div>\n<div dir=\"auto\">Be\u015f y\u00fcz koyunluk s\u00fcr\u00fc i\u00e7inden, &lsquo;Onun yapt\u0131\u011f\u0131n\u0131 neden ben de yapacakm\u0131\u015f\u0131m?&rsquo; diyecek tek tek 200 koyun \u00e7\u0131ksa \u00e7oban, s\u00fcr\u00fcs\u00fcyle ba\u015f edemez ki!<\/div>\n<div dir=\"auto\">\u00dclkede, oy kullanmayan bilin\u00e7li y\u00fczde yirmi, &lsquo;Ellerim k\u0131r\u0131lsayd\u0131 da oy vermeseydim!&rsquo; der mi hi\u00e7 bu y\u00fczde yirmi?<\/div>\n<div dir=\"auto\">Ama oy kullananlarlar, &lsquo;O \u00f6yle yapt\u0131 da ondan oldu, bu b\u00f6yle dedi de bundan oldu, \u015fu ki\u015filer \u015furada hata yapt\u0131, \u015fundan oldu!&rsquo; gibi ki\u015filer \u00fczerine konu\u015fuyor, ki\u015filer \u00fczerine kurtar\u0131c\u0131l\u0131k bekliyor, ki\u015fileri kahramanla\u015ft\u0131r\u0131yor ya da ki\u015fileri yerin dibine bat\u0131r\u0131yor.<\/div>\n<div dir=\"auto\">Ki\u015filer \u00fczerine konu\u015fmaktan, ki\u015filer ki\u015filerin a\u00e7\u0131\u011f\u0131n\u0131 aramaktan, orta zekal\u0131lar\u0131n yapt\u0131\u011f\u0131 gibi olaylar \u00fczerine dahi olgular geli\u015ftirilemiyor, hatalardan dersler al\u0131nam\u0131yor.<\/div>\n<div dir=\"auto\">Demokrasicilik, ki\u015fi sistemi \u00e7\u00fcnk\u00fc, toplumun de\u011fil! Ki\u015filer, ki\u015fileri belirliyor, b\u00fcy\u00fct\u00fcyor ya da k\u00fc\u00e7\u00fclt\u00fcyor&#8230; Oysa bir toplumun en az y\u00fczde\u00a0 k\u0131rk &#8211; elli civar\u0131nda bireylerinin, fikirleri, sistemleri konu\u015fabilen ve uygulayabilen ki\u015fileri olabilmek i\u00e7in ki\u015fisel e\u011fitim bilinci \u015fart!<\/div>\n<div dir=\"auto\">\u0130nsan v\u00fccudu bile tek tek milyarlarca h\u00fccreden olu\u015fuyor ve bir \u00f6rg\u00fct kurmadan, o mu, bu mu, \u015fu mu se\u00e7imleri yapmadan, olmas\u0131 gereken sistemden yana yani v\u00fccut b\u00fct\u00fcnl\u00fc\u011f\u00fcn\u00fc koruyucu, kesin ve net tav\u0131rlar sergiliyor.<\/div>\n<div dir=\"auto\">Her birimiz tek tek, t\u00fcm toplumun, hatta t\u00fcm canl\u0131lar\u0131n yarar\u0131n\u0131 g\u00f6zetecek, her canl\u0131n\u0131n e\u015fitli\u011fini savunacak, her canl\u0131n\u0131n haklar\u0131n\u0131 ve eme\u011fini koruyacak bir sistemden yana olursak, haklar\u0131 koruyucu kimseyi se\u00e7memize gerek olmaz. Bir insan, b\u00fct\u00fcnc\u00fcl toplumcu sistem i\u00e7in kendi milyarlarca h\u00fccresinden biri kadar dahi mi olamaz?<\/div>\n<div dir=\"auto\">\u0130\u00e7imizden, her ki\u015fi ile ayn\u0131 hak ve e\u015fitli\u011fe sahip olacak, her b\u00f6lgede, \u00f6rne\u011fin 100&prime; er ki\u015filik, ayn\u0131 zamanda, kendi mesleklerini de yapan ki\u015filerden olu\u015fan bir komite olu\u015fturur ve her birimiz, y\u00f6netim i\u00e7in s\u0131rayla ayl\u0131k, y\u0131ll\u0131k, \u00fc\u00e7 y\u0131ll\u0131k g\u00f6revler al\u0131rsak, kimse yorulmadan, kimse b\u0131kmadan ve kimse hayattan kopmadan, ayn\u0131 ve e\u015fit haklarla, ayn\u0131 zamanda sevdi\u011fimiz mesle\u011fimizi yapar, makams\u0131z, mevkiisiz, m\u00fclkiyetsiz, ayr\u0131cal\u0131ks\u0131z olarak ya\u015famay\u0131 s\u00fcrd\u00fcr\u00fcr\u00fcz.<\/div>\n<div dir=\"auto\">Siyaset ve din, kimsenin mesle\u011fi olmaz,\u00a0 tekelle\u015ftirilerek, patronluklar\u0131 ya da m\u00fcd\u00fcrl\u00fckleri bulunmaz&#8230;<\/div>\n<div dir=\"auto\">G\u00f6\u00e7men ku\u015flar\u0131n sistem lider bilincine ula\u015fam\u0131yorsak, zengin kul\u00fcplerinin sistem liderlik bilincine ula\u015fal\u0131m! Her ki\u015finin d\u00f6n\u00fc\u015f\u00fcml\u00fc ba\u015fkanl\u0131k, liderlik, g\u00f6zc\u00fcl\u00fck yapabilece\u011fi tek bir sistemi, tek tek savunal\u0131m, bu konuda dayatal\u0131m \u015fimdilik!<\/div>\n<div dir=\"auto\">Sonras\u0131na ortak ak\u0131lla hep birlikte karar verece\u011fimiz kesin!<\/div>\n<div dir=\"auto\">D\u00dc\u015e\u00dcNENLER\u0130N D\u00dc\u015e\u00dcNCES\u0130 &#8211;<\/div>\n<div dir=\"auto\"><\/div>\n<div dir=\"auto\"><strong> T\u00dcLAY S\u00dcK\u00dcN\u00a0 \/\u00a0 AVRUPAPRESS<\/strong><\/div>\n","protected":false},"excerpt":{"rendered":"<p>Demokrasinin i\u00e7inde sosyalizm olmaz. \u00c7\u00fcnk\u00fc sosyalizm tek bir g\u00f6r\u00fc\u015fe, eme\u011fe dayal\u0131d\u0131r. Sosyalizm; dilin, \u0131rk\u0131n, milletin, vatan\u0131n, dinin, devletin, halk\u0131n, \u00fclkenin, t\u00fcr ya da cinsiyetin, kavramlar\u0131n, paran\u0131n, m\u00fclkiyetin, do\u011fan\u0131n, s\u0131n\u0131r\u0131n, bayra\u011f\u0131n, makamlar\u0131n, mevkinin, kral\u0131n ya da soytar\u0131lar\u0131n\u0131n aras\u0131nda hi\u00e7 bir fark\u0131n ve de farkl\u0131l\u0131\u011f\u0131n bulunmad\u0131\u011f\u0131, e\u015fitlik, hak ve adilane davranman\u0131n temel al\u0131nd\u0131\u011f\u0131 EMEK, yani TEK BAKI\u015e, [&hellip;]<\/p>\n","protected":false},"author":3,"featured_media":18927,"comment_status":"closed","ping_status":"open","sticky":false,"template":"","format":"standard","meta":{"footnotes":""},"categories":[14,16,3,17,18,19,2],"tags":[],"class_list":["post-19005","post","type-post","status-publish","format-standard","has-post-thumbnail","hentry","category-avrupa","category-belcika","category-dunya","category-ekonomi","category-kultur-sanat","category-tanitim","category-turkiye"],"yoast_head":"<!-- This site is optimized with the Yoast SEO plugin v26.9 - https:\/\/yoast.com\/product\/yoast-seo-wordpress\/ -->\n<title>KURTARICISIZ, KURTULMAK! - AvrupaPress<\/title>\n<meta name=\"robots\" content=\"index, follow, max-snippet:-1, max-image-preview:large, max-video-preview:-1\" \/>\n<link rel=\"canonical\" href=\"https:\/\/avrupapress.com\/main\/2022\/05\/24\/kurtaricisiz-kurtulmak\/\" \/>\n<meta property=\"og:locale\" content=\"fr_FR\" \/>\n<meta property=\"og:type\" content=\"article\" \/>\n<meta property=\"og:title\" content=\"KURTARICISIZ, KURTULMAK! - AvrupaPress\" \/>\n<meta property=\"og:description\" content=\"Demokrasinin i\u00e7inde sosyalizm olmaz. \u00c7\u00fcnk\u00fc sosyalizm tek bir g\u00f6r\u00fc\u015fe, eme\u011fe dayal\u0131d\u0131r. Sosyalizm; dilin, \u0131rk\u0131n, milletin, vatan\u0131n, dinin, devletin, halk\u0131n, \u00fclkenin, t\u00fcr ya da cinsiyetin, kavramlar\u0131n, paran\u0131n, m\u00fclkiyetin, do\u011fan\u0131n, s\u0131n\u0131r\u0131n, bayra\u011f\u0131n, makamlar\u0131n, mevkinin, kral\u0131n ya da soytar\u0131lar\u0131n\u0131n aras\u0131nda hi\u00e7 bir fark\u0131n ve de farkl\u0131l\u0131\u011f\u0131n bulunmad\u0131\u011f\u0131, e\u015fitlik, hak ve adilane davranman\u0131n temel al\u0131nd\u0131\u011f\u0131 EMEK, yani TEK BAKI\u015e, [&hellip;]\" \/>\n<meta property=\"og:url\" content=\"https:\/\/avrupapress.com\/main\/2022\/05\/24\/kurtaricisiz-kurtulmak\/\" \/>\n<meta property=\"og:site_name\" content=\"AvrupaPress\" \/>\n<meta property=\"article:published_time\" content=\"2022-05-24T20:59:24+00:00\" \/>\n<meta property=\"article:modified_time\" content=\"2022-05-24T20:59:38+00:00\" \/>\n<meta property=\"og:image\" content=\"https:\/\/avrupapress.com\/main\/wp-content\/uploads\/2022\/05\/thumbnail_IMG-20210417-WA0008-728x410-1-1-1.jpg\" \/>\n\t<meta property=\"og:image:width\" content=\"728\" \/>\n\t<meta property=\"og:image:height\" content=\"410\" \/>\n\t<meta property=\"og:image:type\" content=\"image\/jpeg\" \/>\n<meta name=\"author\" content=\"Edit\u00f6r\" \/>\n<meta name=\"twitter:card\" content=\"summary_large_image\" \/>\n<meta name=\"twitter:label1\" content=\"\u00c9crit par\" \/>\n\t<meta name=\"twitter:data1\" content=\"Edit\u00f6r\" \/>\n\t<meta name=\"twitter:label2\" content=\"Dur\u00e9e de lecture est.\" \/>\n\t<meta name=\"twitter:data2\" content=\"6 minutes\" \/>\n<script type=\"application\/ld+json\" class=\"yoast-schema-graph\">{\"@context\":\"https:\/\/schema.org\",\"@graph\":[{\"@type\":\"Article\",\"@id\":\"https:\/\/avrupapress.com\/main\/2022\/05\/24\/kurtaricisiz-kurtulmak\/#article\",\"isPartOf\":{\"@id\":\"https:\/\/avrupapress.com\/main\/2022\/05\/24\/kurtaricisiz-kurtulmak\/\"},\"author\":{\"name\":\"Edit\u00f6r\",\"@id\":\"https:\/\/avrupapress.com\/#\/schema\/person\/68428444ec60970d1e1b700cf4ca1e8f\"},\"headline\":\"KURTARICISIZ, KURTULMAK!\",\"datePublished\":\"2022-05-24T20:59:24+00:00\",\"dateModified\":\"2022-05-24T20:59:38+00:00\",\"mainEntityOfPage\":{\"@id\":\"https:\/\/avrupapress.com\/main\/2022\/05\/24\/kurtaricisiz-kurtulmak\/\"},\"wordCount\":1342,\"publisher\":{\"@id\":\"https:\/\/avrupapress.com\/#\/schema\/person\/0223dca19c72c43575bf30d1a2d8f4fa\"},\"image\":{\"@id\":\"https:\/\/avrupapress.com\/main\/2022\/05\/24\/kurtaricisiz-kurtulmak\/#primaryimage\"},\"thumbnailUrl\":\"https:\/\/avrupapress.com\/main\/wp-content\/uploads\/2022\/05\/thumbnail_IMG-20210417-WA0008-728x410-1-1-1.jpg\",\"articleSection\":[\"Avrupa\",\"Bel\u00e7ika\",\"D\u00fcnya\",\"Ekonomi\",\"K\u00fclt\u00fcr-Sanat\",\"Tan\u0131t\u0131m\",\"T\u00fcrkiye\"],\"inLanguage\":\"fr-BE\"},{\"@type\":\"WebPage\",\"@id\":\"https:\/\/avrupapress.com\/main\/2022\/05\/24\/kurtaricisiz-kurtulmak\/\",\"url\":\"https:\/\/avrupapress.com\/main\/2022\/05\/24\/kurtaricisiz-kurtulmak\/\",\"name\":\"KURTARICISIZ, KURTULMAK! - AvrupaPress\",\"isPartOf\":{\"@id\":\"https:\/\/avrupapress.com\/#website\"},\"primaryImageOfPage\":{\"@id\":\"https:\/\/avrupapress.com\/main\/2022\/05\/24\/kurtaricisiz-kurtulmak\/#primaryimage\"},\"image\":{\"@id\":\"https:\/\/avrupapress.com\/main\/2022\/05\/24\/kurtaricisiz-kurtulmak\/#primaryimage\"},\"thumbnailUrl\":\"https:\/\/avrupapress.com\/main\/wp-content\/uploads\/2022\/05\/thumbnail_IMG-20210417-WA0008-728x410-1-1-1.jpg\",\"datePublished\":\"2022-05-24T20:59:24+00:00\",\"dateModified\":\"2022-05-24T20:59:38+00:00\",\"breadcrumb\":{\"@id\":\"https:\/\/avrupapress.com\/main\/2022\/05\/24\/kurtaricisiz-kurtulmak\/#breadcrumb\"},\"inLanguage\":\"fr-BE\",\"potentialAction\":[{\"@type\":\"ReadAction\",\"target\":[\"https:\/\/avrupapress.com\/main\/2022\/05\/24\/kurtaricisiz-kurtulmak\/\"]}]},{\"@type\":\"ImageObject\",\"inLanguage\":\"fr-BE\",\"@id\":\"https:\/\/avrupapress.com\/main\/2022\/05\/24\/kurtaricisiz-kurtulmak\/#primaryimage\",\"url\":\"https:\/\/avrupapress.com\/main\/wp-content\/uploads\/2022\/05\/thumbnail_IMG-20210417-WA0008-728x410-1-1-1.jpg\",\"contentUrl\":\"https:\/\/avrupapress.com\/main\/wp-content\/uploads\/2022\/05\/thumbnail_IMG-20210417-WA0008-728x410-1-1-1.jpg\",\"width\":728,\"height\":410},{\"@type\":\"BreadcrumbList\",\"@id\":\"https:\/\/avrupapress.com\/main\/2022\/05\/24\/kurtaricisiz-kurtulmak\/#breadcrumb\",\"itemListElement\":[{\"@type\":\"ListItem\",\"position\":1,\"name\":\"Anasayfa\",\"item\":\"https:\/\/avrupapress.com\/\"},{\"@type\":\"ListItem\",\"position\":2,\"name\":\"KURTARICISIZ, KURTULMAK!\"}]},{\"@type\":\"WebSite\",\"@id\":\"https:\/\/avrupapress.com\/#website\",\"url\":\"https:\/\/avrupapress.com\/\",\"name\":\"AvrupaPress\",\"description\":\"Haberin Adresi\",\"publisher\":{\"@id\":\"https:\/\/avrupapress.com\/#\/schema\/person\/0223dca19c72c43575bf30d1a2d8f4fa\"},\"potentialAction\":[{\"@type\":\"SearchAction\",\"target\":{\"@type\":\"EntryPoint\",\"urlTemplate\":\"https:\/\/avrupapress.com\/?s={search_term_string}\"},\"query-input\":{\"@type\":\"PropertyValueSpecification\",\"valueRequired\":true,\"valueName\":\"search_term_string\"}}],\"inLanguage\":\"fr-BE\"},{\"@type\":[\"Person\",\"Organization\"],\"@id\":\"https:\/\/avrupapress.com\/#\/schema\/person\/0223dca19c72c43575bf30d1a2d8f4fa\",\"name\":\"Bilgin \u00d6z\u00e7ift\u00e7i\",\"image\":{\"@type\":\"ImageObject\",\"inLanguage\":\"fr-BE\",\"@id\":\"https:\/\/avrupapress.com\/#\/schema\/person\/image\/\",\"url\":\"https:\/\/secure.gravatar.com\/avatar\/0f23b280433a21e1ea7a0adcc46ed0ad16afe3ad8e630fd13d8a017dcbd54ef3?s=96&d=mm&r=g\",\"contentUrl\":\"https:\/\/secure.gravatar.com\/avatar\/0f23b280433a21e1ea7a0adcc46ed0ad16afe3ad8e630fd13d8a017dcbd54ef3?s=96&d=mm&r=g\",\"caption\":\"Bilgin \u00d6z\u00e7ift\u00e7i\"},\"logo\":{\"@id\":\"https:\/\/avrupapress.com\/#\/schema\/person\/image\/\"},\"description\":\"Ne ben, nede sen... Biz ancak \\\"biz\\\" olursak g\u00fc\u00e7l\u00fc olabiliriz\"},{\"@type\":\"Person\",\"@id\":\"https:\/\/avrupapress.com\/#\/schema\/person\/68428444ec60970d1e1b700cf4ca1e8f\",\"name\":\"Edit\u00f6r\",\"image\":{\"@type\":\"ImageObject\",\"inLanguage\":\"fr-BE\",\"@id\":\"https:\/\/avrupapress.com\/#\/schema\/person\/image\/\",\"url\":\"https:\/\/secure.gravatar.com\/avatar\/74996b0977aa5f1559ba9883776652508b229005c0d78fb2597897f0bd651c09?s=96&d=mm&r=g\",\"contentUrl\":\"https:\/\/secure.gravatar.com\/avatar\/74996b0977aa5f1559ba9883776652508b229005c0d78fb2597897f0bd651c09?s=96&d=mm&r=g\",\"caption\":\"Edit\u00f6r\"},\"sameAs\":[\"http:\/\/www.avrupapress.com\"],\"url\":\"https:\/\/avrupapress.com\/main\/author\/editor\/\"}]}<\/script>\n<!-- \/ Yoast SEO plugin. -->","yoast_head_json":{"title":"KURTARICISIZ, KURTULMAK! - AvrupaPress","robots":{"index":"index","follow":"follow","max-snippet":"max-snippet:-1","max-image-preview":"max-image-preview:large","max-video-preview":"max-video-preview:-1"},"canonical":"https:\/\/avrupapress.com\/main\/2022\/05\/24\/kurtaricisiz-kurtulmak\/","og_locale":"fr_FR","og_type":"article","og_title":"KURTARICISIZ, KURTULMAK! - AvrupaPress","og_description":"Demokrasinin i\u00e7inde sosyalizm olmaz. \u00c7\u00fcnk\u00fc sosyalizm tek bir g\u00f6r\u00fc\u015fe, eme\u011fe dayal\u0131d\u0131r. Sosyalizm; dilin, \u0131rk\u0131n, milletin, vatan\u0131n, dinin, devletin, halk\u0131n, \u00fclkenin, t\u00fcr ya da cinsiyetin, kavramlar\u0131n, paran\u0131n, m\u00fclkiyetin, do\u011fan\u0131n, s\u0131n\u0131r\u0131n, bayra\u011f\u0131n, makamlar\u0131n, mevkinin, kral\u0131n ya da soytar\u0131lar\u0131n\u0131n aras\u0131nda hi\u00e7 bir fark\u0131n ve de farkl\u0131l\u0131\u011f\u0131n bulunmad\u0131\u011f\u0131, e\u015fitlik, hak ve adilane davranman\u0131n temel al\u0131nd\u0131\u011f\u0131 EMEK, yani TEK BAKI\u015e, [&hellip;]","og_url":"https:\/\/avrupapress.com\/main\/2022\/05\/24\/kurtaricisiz-kurtulmak\/","og_site_name":"AvrupaPress","article_published_time":"2022-05-24T20:59:24+00:00","article_modified_time":"2022-05-24T20:59:38+00:00","og_image":[{"width":728,"height":410,"url":"https:\/\/avrupapress.com\/main\/wp-content\/uploads\/2022\/05\/thumbnail_IMG-20210417-WA0008-728x410-1-1-1.jpg","type":"image\/jpeg"}],"author":"Edit\u00f6r","twitter_card":"summary_large_image","twitter_misc":{"\u00c9crit par":"Edit\u00f6r","Dur\u00e9e de lecture est.":"6 minutes"},"schema":{"@context":"https:\/\/schema.org","@graph":[{"@type":"Article","@id":"https:\/\/avrupapress.com\/main\/2022\/05\/24\/kurtaricisiz-kurtulmak\/#article","isPartOf":{"@id":"https:\/\/avrupapress.com\/main\/2022\/05\/24\/kurtaricisiz-kurtulmak\/"},"author":{"name":"Edit\u00f6r","@id":"https:\/\/avrupapress.com\/#\/schema\/person\/68428444ec60970d1e1b700cf4ca1e8f"},"headline":"KURTARICISIZ, KURTULMAK!","datePublished":"2022-05-24T20:59:24+00:00","dateModified":"2022-05-24T20:59:38+00:00","mainEntityOfPage":{"@id":"https:\/\/avrupapress.com\/main\/2022\/05\/24\/kurtaricisiz-kurtulmak\/"},"wordCount":1342,"publisher":{"@id":"https:\/\/avrupapress.com\/#\/schema\/person\/0223dca19c72c43575bf30d1a2d8f4fa"},"image":{"@id":"https:\/\/avrupapress.com\/main\/2022\/05\/24\/kurtaricisiz-kurtulmak\/#primaryimage"},"thumbnailUrl":"https:\/\/avrupapress.com\/main\/wp-content\/uploads\/2022\/05\/thumbnail_IMG-20210417-WA0008-728x410-1-1-1.jpg","articleSection":["Avrupa","Bel\u00e7ika","D\u00fcnya","Ekonomi","K\u00fclt\u00fcr-Sanat","Tan\u0131t\u0131m","T\u00fcrkiye"],"inLanguage":"fr-BE"},{"@type":"WebPage","@id":"https:\/\/avrupapress.com\/main\/2022\/05\/24\/kurtaricisiz-kurtulmak\/","url":"https:\/\/avrupapress.com\/main\/2022\/05\/24\/kurtaricisiz-kurtulmak\/","name":"KURTARICISIZ, KURTULMAK! - AvrupaPress","isPartOf":{"@id":"https:\/\/avrupapress.com\/#website"},"primaryImageOfPage":{"@id":"https:\/\/avrupapress.com\/main\/2022\/05\/24\/kurtaricisiz-kurtulmak\/#primaryimage"},"image":{"@id":"https:\/\/avrupapress.com\/main\/2022\/05\/24\/kurtaricisiz-kurtulmak\/#primaryimage"},"thumbnailUrl":"https:\/\/avrupapress.com\/main\/wp-content\/uploads\/2022\/05\/thumbnail_IMG-20210417-WA0008-728x410-1-1-1.jpg","datePublished":"2022-05-24T20:59:24+00:00","dateModified":"2022-05-24T20:59:38+00:00","breadcrumb":{"@id":"https:\/\/avrupapress.com\/main\/2022\/05\/24\/kurtaricisiz-kurtulmak\/#breadcrumb"},"inLanguage":"fr-BE","potentialAction":[{"@type":"ReadAction","target":["https:\/\/avrupapress.com\/main\/2022\/05\/24\/kurtaricisiz-kurtulmak\/"]}]},{"@type":"ImageObject","inLanguage":"fr-BE","@id":"https:\/\/avrupapress.com\/main\/2022\/05\/24\/kurtaricisiz-kurtulmak\/#primaryimage","url":"https:\/\/avrupapress.com\/main\/wp-content\/uploads\/2022\/05\/thumbnail_IMG-20210417-WA0008-728x410-1-1-1.jpg","contentUrl":"https:\/\/avrupapress.com\/main\/wp-content\/uploads\/2022\/05\/thumbnail_IMG-20210417-WA0008-728x410-1-1-1.jpg","width":728,"height":410},{"@type":"BreadcrumbList","@id":"https:\/\/avrupapress.com\/main\/2022\/05\/24\/kurtaricisiz-kurtulmak\/#breadcrumb","itemListElement":[{"@type":"ListItem","position":1,"name":"Anasayfa","item":"https:\/\/avrupapress.com\/"},{"@type":"ListItem","position":2,"name":"KURTARICISIZ, KURTULMAK!"}]},{"@type":"WebSite","@id":"https:\/\/avrupapress.com\/#website","url":"https:\/\/avrupapress.com\/","name":"AvrupaPress","description":"Haberin Adresi","publisher":{"@id":"https:\/\/avrupapress.com\/#\/schema\/person\/0223dca19c72c43575bf30d1a2d8f4fa"},"potentialAction":[{"@type":"SearchAction","target":{"@type":"EntryPoint","urlTemplate":"https:\/\/avrupapress.com\/?s={search_term_string}"},"query-input":{"@type":"PropertyValueSpecification","valueRequired":true,"valueName":"search_term_string"}}],"inLanguage":"fr-BE"},{"@type":["Person","Organization"],"@id":"https:\/\/avrupapress.com\/#\/schema\/person\/0223dca19c72c43575bf30d1a2d8f4fa","name":"Bilgin \u00d6z\u00e7ift\u00e7i","image":{"@type":"ImageObject","inLanguage":"fr-BE","@id":"https:\/\/avrupapress.com\/#\/schema\/person\/image\/","url":"https:\/\/secure.gravatar.com\/avatar\/0f23b280433a21e1ea7a0adcc46ed0ad16afe3ad8e630fd13d8a017dcbd54ef3?s=96&d=mm&r=g","contentUrl":"https:\/\/secure.gravatar.com\/avatar\/0f23b280433a21e1ea7a0adcc46ed0ad16afe3ad8e630fd13d8a017dcbd54ef3?s=96&d=mm&r=g","caption":"Bilgin \u00d6z\u00e7ift\u00e7i"},"logo":{"@id":"https:\/\/avrupapress.com\/#\/schema\/person\/image\/"},"description":"Ne ben, nede sen... Biz ancak \"biz\" olursak g\u00fc\u00e7l\u00fc olabiliriz"},{"@type":"Person","@id":"https:\/\/avrupapress.com\/#\/schema\/person\/68428444ec60970d1e1b700cf4ca1e8f","name":"Edit\u00f6r","image":{"@type":"ImageObject","inLanguage":"fr-BE","@id":"https:\/\/avrupapress.com\/#\/schema\/person\/image\/","url":"https:\/\/secure.gravatar.com\/avatar\/74996b0977aa5f1559ba9883776652508b229005c0d78fb2597897f0bd651c09?s=96&d=mm&r=g","contentUrl":"https:\/\/secure.gravatar.com\/avatar\/74996b0977aa5f1559ba9883776652508b229005c0d78fb2597897f0bd651c09?s=96&d=mm&r=g","caption":"Edit\u00f6r"},"sameAs":["http:\/\/www.avrupapress.com"],"url":"https:\/\/avrupapress.com\/main\/author\/editor\/"}]}},"_links":{"self":[{"href":"https:\/\/avrupapress.com\/main\/wp-json\/wp\/v2\/posts\/19005","targetHints":{"allow":["GET"]}}],"collection":[{"href":"https:\/\/avrupapress.com\/main\/wp-json\/wp\/v2\/posts"}],"about":[{"href":"https:\/\/avrupapress.com\/main\/wp-json\/wp\/v2\/types\/post"}],"author":[{"embeddable":true,"href":"https:\/\/avrupapress.com\/main\/wp-json\/wp\/v2\/users\/3"}],"replies":[{"embeddable":true,"href":"https:\/\/avrupapress.com\/main\/wp-json\/wp\/v2\/comments?post=19005"}],"version-history":[{"count":1,"href":"https:\/\/avrupapress.com\/main\/wp-json\/wp\/v2\/posts\/19005\/revisions"}],"predecessor-version":[{"id":19006,"href":"https:\/\/avrupapress.com\/main\/wp-json\/wp\/v2\/posts\/19005\/revisions\/19006"}],"wp:featuredmedia":[{"embeddable":true,"href":"https:\/\/avrupapress.com\/main\/wp-json\/wp\/v2\/media\/18927"}],"wp:attachment":[{"href":"https:\/\/avrupapress.com\/main\/wp-json\/wp\/v2\/media?parent=19005"}],"wp:term":[{"taxonomy":"category","embeddable":true,"href":"https:\/\/avrupapress.com\/main\/wp-json\/wp\/v2\/categories?post=19005"},{"taxonomy":"post_tag","embeddable":true,"href":"https:\/\/avrupapress.com\/main\/wp-json\/wp\/v2\/tags?post=19005"}],"curies":[{"name":"wp","href":"https:\/\/api.w.org\/{rel}","templated":true}]}}