{"id":19002,"date":"2022-05-23T21:15:36","date_gmt":"2022-05-23T21:15:36","guid":{"rendered":"https:\/\/avrupapress.com\/main\/?p=19002"},"modified":"2022-05-23T21:15:56","modified_gmt":"2022-05-23T21:15:56","slug":"thyden-belcika-ucuslariyla-ilgili-bilgilendirmede-bulundu","status":"publish","type":"post","link":"https:\/\/avrupapress.com\/main\/2022\/05\/23\/thyden-belcika-ucuslariyla-ilgili-bilgilendirmede-bulundu\/","title":{"rendered":"THY\u2019den Bel\u00e7ika u\u00e7u\u015flar\u0131yla ilgili bilgilendirmede bulundu&#8230;"},"content":{"rendered":"<p><strong>T\u00fcrk Hava Yollar\u0131 (THY),\u00a0koronavir\u00fcs\u00a0\u00f6nlemleri kapsam\u0131nda T\u00fcrkiye&rsquo;den gelen yolculara a\u015f\u0131 veya negatif PCR test ibraz\u0131 zorunlu\u011fu isteyen Bel\u00e7ika\u2019n\u0131n bu tedbirleri kald\u0131rd\u0131\u011f\u0131n\u0131 duyurdu.<\/strong><\/p>\n<p><img loading=\"lazy\" decoding=\"async\" class=\"alignnone size-medium wp-image-19003\" src=\"https:\/\/avrupapress.com\/main\/wp-content\/uploads\/2022\/05\/628bb295470a9b53a04b472a-300x169.jpg\" alt=\"\" width=\"300\" height=\"169\" srcset=\"https:\/\/avrupapress.com\/main\/wp-content\/uploads\/2022\/05\/628bb295470a9b53a04b472a-300x169.jpg 300w, https:\/\/avrupapress.com\/main\/wp-content\/uploads\/2022\/05\/628bb295470a9b53a04b472a.jpg 729w\" sizes=\"auto, (max-width: 300px) 100vw, 300px\" \/><\/p>\n<p><span class=\"py34i1dx\"><span data-offset-key=\"b3qgk-0-0\">THY<\/span><\/span><span data-offset-key=\"b3qgk-1-0\">&lsquo;nin sosyal medya hesab\u0131ndan konuya ili\u015fkin yap\u0131lan a\u00e7\u0131klamada, Bel\u00e7ika\u2019ya seyahat edecek yolculara; \u00fclkede uygulanan covid-19 tedbirlerinin sona erdi\u011fi belirtilerek, \u00ab\u00a0Bel\u00e7ika\u2019ya giri\u015flerde a\u015f\u0131 kart\u0131 veya PCR testi ibraz etme zorunlulu\u011fu yoktur. Keyifli seyahatler\u00a0\u00bb ifadelerine yer verildi.<\/span><\/p>\n<p>&nbsp;<\/p>\n","protected":false},"excerpt":{"rendered":"<p>T\u00fcrk Hava Yollar\u0131 (THY),\u00a0koronavir\u00fcs\u00a0\u00f6nlemleri kapsam\u0131nda T\u00fcrkiye&rsquo;den gelen yolculara a\u015f\u0131 veya negatif PCR test ibraz\u0131 zorunlu\u011fu isteyen Bel\u00e7ika\u2019n\u0131n bu tedbirleri kald\u0131rd\u0131\u011f\u0131n\u0131 duyurdu. THY&lsquo;nin sosyal medya hesab\u0131ndan konuya ili\u015fkin yap\u0131lan a\u00e7\u0131klamada, Bel\u00e7ika\u2019ya seyahat edecek yolculara; \u00fclkede uygulanan covid-19 tedbirlerinin sona erdi\u011fi belirtilerek, \u00ab\u00a0Bel\u00e7ika\u2019ya giri\u015flerde a\u015f\u0131 kart\u0131 veya PCR testi ibraz etme zorunlulu\u011fu yoktur. Keyifli seyahatler\u00a0\u00bb ifadelerine yer [&hellip;]<\/p>\n","protected":false},"author":3,"featured_media":19003,"comment_status":"closed","ping_status":"open","sticky":false,"template":"","format":"standard","meta":{"footnotes":""},"categories":[14,16,3,17,18,19,2],"tags":[],"class_list":["post-19002","post","type-post","status-publish","format-standard","has-post-thumbnail","hentry","category-avrupa","category-belcika","category-dunya","category-ekonomi","category-kultur-sanat","category-tanitim","category-turkiye"],"yoast_head":"<!-- This site is optimized with the Yoast SEO plugin v26.9 - https:\/\/yoast.com\/product\/yoast-seo-wordpress\/ -->\n<title>THY\u2019den Bel\u00e7ika u\u00e7u\u015flar\u0131yla ilgili bilgilendirmede bulundu... - AvrupaPress<\/title>\n<meta name=\"robots\" content=\"index, follow, max-snippet:-1, max-image-preview:large, max-video-preview:-1\" \/>\n<link rel=\"canonical\" href=\"https:\/\/avrupapress.com\/main\/2022\/05\/23\/thyden-belcika-ucuslariyla-ilgili-bilgilendirmede-bulundu\/\" \/>\n<meta property=\"og:locale\" content=\"fr_FR\" \/>\n<meta property=\"og:type\" content=\"article\" \/>\n<meta property=\"og:title\" content=\"THY\u2019den Bel\u00e7ika u\u00e7u\u015flar\u0131yla ilgili bilgilendirmede bulundu... - AvrupaPress\" \/>\n<meta property=\"og:description\" content=\"T\u00fcrk Hava Yollar\u0131 (THY),\u00a0koronavir\u00fcs\u00a0\u00f6nlemleri kapsam\u0131nda T\u00fcrkiye&rsquo;den gelen yolculara a\u015f\u0131 veya negatif PCR test ibraz\u0131 zorunlu\u011fu isteyen Bel\u00e7ika\u2019n\u0131n bu tedbirleri kald\u0131rd\u0131\u011f\u0131n\u0131 duyurdu. THY&lsquo;nin sosyal medya hesab\u0131ndan konuya ili\u015fkin yap\u0131lan a\u00e7\u0131klamada, Bel\u00e7ika\u2019ya seyahat edecek yolculara; \u00fclkede uygulanan covid-19 tedbirlerinin sona erdi\u011fi belirtilerek, \u00ab\u00a0Bel\u00e7ika\u2019ya giri\u015flerde a\u015f\u0131 kart\u0131 veya PCR testi ibraz etme zorunlulu\u011fu yoktur. Keyifli seyahatler\u00a0\u00bb ifadelerine yer [&hellip;]\" \/>\n<meta property=\"og:url\" content=\"https:\/\/avrupapress.com\/main\/2022\/05\/23\/thyden-belcika-ucuslariyla-ilgili-bilgilendirmede-bulundu\/\" \/>\n<meta property=\"og:site_name\" content=\"AvrupaPress\" \/>\n<meta property=\"article:published_time\" content=\"2022-05-23T21:15:36+00:00\" \/>\n<meta property=\"article:modified_time\" content=\"2022-05-23T21:15:56+00:00\" \/>\n<meta property=\"og:image\" content=\"https:\/\/avrupapress.com\/main\/wp-content\/uploads\/2022\/05\/628bb295470a9b53a04b472a.jpg\" \/>\n\t<meta property=\"og:image:width\" content=\"729\" \/>\n\t<meta property=\"og:image:height\" content=\"410\" \/>\n\t<meta property=\"og:image:type\" content=\"image\/jpeg\" \/>\n<meta name=\"author\" content=\"Edit\u00f6r\" \/>\n<meta name=\"twitter:card\" content=\"summary_large_image\" \/>\n<meta name=\"twitter:label1\" content=\"\u00c9crit par\" \/>\n\t<meta name=\"twitter:data1\" content=\"Edit\u00f6r\" \/>\n\t<meta name=\"twitter:label2\" content=\"Dur\u00e9e de lecture est.\" \/>\n\t<meta name=\"twitter:data2\" content=\"1 minute\" \/>\n<script type=\"application\/ld+json\" class=\"yoast-schema-graph\">{\"@context\":\"https:\/\/schema.org\",\"@graph\":[{\"@type\":\"Article\",\"@id\":\"https:\/\/avrupapress.com\/main\/2022\/05\/23\/thyden-belcika-ucuslariyla-ilgili-bilgilendirmede-bulundu\/#article\",\"isPartOf\":{\"@id\":\"https:\/\/avrupapress.com\/main\/2022\/05\/23\/thyden-belcika-ucuslariyla-ilgili-bilgilendirmede-bulundu\/\"},\"author\":{\"name\":\"Edit\u00f6r\",\"@id\":\"https:\/\/avrupapress.com\/#\/schema\/person\/68428444ec60970d1e1b700cf4ca1e8f\"},\"headline\":\"THY\u2019den Bel\u00e7ika u\u00e7u\u015flar\u0131yla ilgili bilgilendirmede bulundu&#8230;\",\"datePublished\":\"2022-05-23T21:15:36+00:00\",\"dateModified\":\"2022-05-23T21:15:56+00:00\",\"mainEntityOfPage\":{\"@id\":\"https:\/\/avrupapress.com\/main\/2022\/05\/23\/thyden-belcika-ucuslariyla-ilgili-bilgilendirmede-bulundu\/\"},\"wordCount\":92,\"publisher\":{\"@id\":\"https:\/\/avrupapress.com\/#\/schema\/person\/0223dca19c72c43575bf30d1a2d8f4fa\"},\"image\":{\"@id\":\"https:\/\/avrupapress.com\/main\/2022\/05\/23\/thyden-belcika-ucuslariyla-ilgili-bilgilendirmede-bulundu\/#primaryimage\"},\"thumbnailUrl\":\"https:\/\/avrupapress.com\/main\/wp-content\/uploads\/2022\/05\/628bb295470a9b53a04b472a.jpg\",\"articleSection\":[\"Avrupa\",\"Bel\u00e7ika\",\"D\u00fcnya\",\"Ekonomi\",\"K\u00fclt\u00fcr-Sanat\",\"Tan\u0131t\u0131m\",\"T\u00fcrkiye\"],\"inLanguage\":\"fr-BE\"},{\"@type\":\"WebPage\",\"@id\":\"https:\/\/avrupapress.com\/main\/2022\/05\/23\/thyden-belcika-ucuslariyla-ilgili-bilgilendirmede-bulundu\/\",\"url\":\"https:\/\/avrupapress.com\/main\/2022\/05\/23\/thyden-belcika-ucuslariyla-ilgili-bilgilendirmede-bulundu\/\",\"name\":\"THY\u2019den Bel\u00e7ika u\u00e7u\u015flar\u0131yla ilgili bilgilendirmede bulundu... - AvrupaPress\",\"isPartOf\":{\"@id\":\"https:\/\/avrupapress.com\/#website\"},\"primaryImageOfPage\":{\"@id\":\"https:\/\/avrupapress.com\/main\/2022\/05\/23\/thyden-belcika-ucuslariyla-ilgili-bilgilendirmede-bulundu\/#primaryimage\"},\"image\":{\"@id\":\"https:\/\/avrupapress.com\/main\/2022\/05\/23\/thyden-belcika-ucuslariyla-ilgili-bilgilendirmede-bulundu\/#primaryimage\"},\"thumbnailUrl\":\"https:\/\/avrupapress.com\/main\/wp-content\/uploads\/2022\/05\/628bb295470a9b53a04b472a.jpg\",\"datePublished\":\"2022-05-23T21:15:36+00:00\",\"dateModified\":\"2022-05-23T21:15:56+00:00\",\"breadcrumb\":{\"@id\":\"https:\/\/avrupapress.com\/main\/2022\/05\/23\/thyden-belcika-ucuslariyla-ilgili-bilgilendirmede-bulundu\/#breadcrumb\"},\"inLanguage\":\"fr-BE\",\"potentialAction\":[{\"@type\":\"ReadAction\",\"target\":[\"https:\/\/avrupapress.com\/main\/2022\/05\/23\/thyden-belcika-ucuslariyla-ilgili-bilgilendirmede-bulundu\/\"]}]},{\"@type\":\"ImageObject\",\"inLanguage\":\"fr-BE\",\"@id\":\"https:\/\/avrupapress.com\/main\/2022\/05\/23\/thyden-belcika-ucuslariyla-ilgili-bilgilendirmede-bulundu\/#primaryimage\",\"url\":\"https:\/\/avrupapress.com\/main\/wp-content\/uploads\/2022\/05\/628bb295470a9b53a04b472a.jpg\",\"contentUrl\":\"https:\/\/avrupapress.com\/main\/wp-content\/uploads\/2022\/05\/628bb295470a9b53a04b472a.jpg\",\"width\":729,\"height\":410},{\"@type\":\"BreadcrumbList\",\"@id\":\"https:\/\/avrupapress.com\/main\/2022\/05\/23\/thyden-belcika-ucuslariyla-ilgili-bilgilendirmede-bulundu\/#breadcrumb\",\"itemListElement\":[{\"@type\":\"ListItem\",\"position\":1,\"name\":\"Anasayfa\",\"item\":\"https:\/\/avrupapress.com\/\"},{\"@type\":\"ListItem\",\"position\":2,\"name\":\"THY\u2019den Bel\u00e7ika u\u00e7u\u015flar\u0131yla ilgili bilgilendirmede bulundu&#8230;\"}]},{\"@type\":\"WebSite\",\"@id\":\"https:\/\/avrupapress.com\/#website\",\"url\":\"https:\/\/avrupapress.com\/\",\"name\":\"AvrupaPress\",\"description\":\"Haberin Adresi\",\"publisher\":{\"@id\":\"https:\/\/avrupapress.com\/#\/schema\/person\/0223dca19c72c43575bf30d1a2d8f4fa\"},\"potentialAction\":[{\"@type\":\"SearchAction\",\"target\":{\"@type\":\"EntryPoint\",\"urlTemplate\":\"https:\/\/avrupapress.com\/?s={search_term_string}\"},\"query-input\":{\"@type\":\"PropertyValueSpecification\",\"valueRequired\":true,\"valueName\":\"search_term_string\"}}],\"inLanguage\":\"fr-BE\"},{\"@type\":[\"Person\",\"Organization\"],\"@id\":\"https:\/\/avrupapress.com\/#\/schema\/person\/0223dca19c72c43575bf30d1a2d8f4fa\",\"name\":\"Bilgin \u00d6z\u00e7ift\u00e7i\",\"image\":{\"@type\":\"ImageObject\",\"inLanguage\":\"fr-BE\",\"@id\":\"https:\/\/avrupapress.com\/#\/schema\/person\/image\/\",\"url\":\"https:\/\/secure.gravatar.com\/avatar\/0f23b280433a21e1ea7a0adcc46ed0ad16afe3ad8e630fd13d8a017dcbd54ef3?s=96&d=mm&r=g\",\"contentUrl\":\"https:\/\/secure.gravatar.com\/avatar\/0f23b280433a21e1ea7a0adcc46ed0ad16afe3ad8e630fd13d8a017dcbd54ef3?s=96&d=mm&r=g\",\"caption\":\"Bilgin \u00d6z\u00e7ift\u00e7i\"},\"logo\":{\"@id\":\"https:\/\/avrupapress.com\/#\/schema\/person\/image\/\"},\"description\":\"Ne ben, nede sen... Biz ancak \\\"biz\\\" olursak g\u00fc\u00e7l\u00fc olabiliriz\"},{\"@type\":\"Person\",\"@id\":\"https:\/\/avrupapress.com\/#\/schema\/person\/68428444ec60970d1e1b700cf4ca1e8f\",\"name\":\"Edit\u00f6r\",\"image\":{\"@type\":\"ImageObject\",\"inLanguage\":\"fr-BE\",\"@id\":\"https:\/\/avrupapress.com\/#\/schema\/person\/image\/\",\"url\":\"https:\/\/secure.gravatar.com\/avatar\/74996b0977aa5f1559ba9883776652508b229005c0d78fb2597897f0bd651c09?s=96&d=mm&r=g\",\"contentUrl\":\"https:\/\/secure.gravatar.com\/avatar\/74996b0977aa5f1559ba9883776652508b229005c0d78fb2597897f0bd651c09?s=96&d=mm&r=g\",\"caption\":\"Edit\u00f6r\"},\"sameAs\":[\"http:\/\/www.avrupapress.com\"],\"url\":\"https:\/\/avrupapress.com\/main\/author\/editor\/\"}]}<\/script>\n<!-- \/ Yoast SEO plugin. -->","yoast_head_json":{"title":"THY\u2019den Bel\u00e7ika u\u00e7u\u015flar\u0131yla ilgili bilgilendirmede bulundu... - AvrupaPress","robots":{"index":"index","follow":"follow","max-snippet":"max-snippet:-1","max-image-preview":"max-image-preview:large","max-video-preview":"max-video-preview:-1"},"canonical":"https:\/\/avrupapress.com\/main\/2022\/05\/23\/thyden-belcika-ucuslariyla-ilgili-bilgilendirmede-bulundu\/","og_locale":"fr_FR","og_type":"article","og_title":"THY\u2019den Bel\u00e7ika u\u00e7u\u015flar\u0131yla ilgili bilgilendirmede bulundu... - AvrupaPress","og_description":"T\u00fcrk Hava Yollar\u0131 (THY),\u00a0koronavir\u00fcs\u00a0\u00f6nlemleri kapsam\u0131nda T\u00fcrkiye&rsquo;den gelen yolculara a\u015f\u0131 veya negatif PCR test ibraz\u0131 zorunlu\u011fu isteyen Bel\u00e7ika\u2019n\u0131n bu tedbirleri kald\u0131rd\u0131\u011f\u0131n\u0131 duyurdu. THY&lsquo;nin sosyal medya hesab\u0131ndan konuya ili\u015fkin yap\u0131lan a\u00e7\u0131klamada, Bel\u00e7ika\u2019ya seyahat edecek yolculara; \u00fclkede uygulanan covid-19 tedbirlerinin sona erdi\u011fi belirtilerek, \u00ab\u00a0Bel\u00e7ika\u2019ya giri\u015flerde a\u015f\u0131 kart\u0131 veya PCR testi ibraz etme zorunlulu\u011fu yoktur. Keyifli seyahatler\u00a0\u00bb ifadelerine yer [&hellip;]","og_url":"https:\/\/avrupapress.com\/main\/2022\/05\/23\/thyden-belcika-ucuslariyla-ilgili-bilgilendirmede-bulundu\/","og_site_name":"AvrupaPress","article_published_time":"2022-05-23T21:15:36+00:00","article_modified_time":"2022-05-23T21:15:56+00:00","og_image":[{"width":729,"height":410,"url":"https:\/\/avrupapress.com\/main\/wp-content\/uploads\/2022\/05\/628bb295470a9b53a04b472a.jpg","type":"image\/jpeg"}],"author":"Edit\u00f6r","twitter_card":"summary_large_image","twitter_misc":{"\u00c9crit par":"Edit\u00f6r","Dur\u00e9e de lecture est.":"1 minute"},"schema":{"@context":"https:\/\/schema.org","@graph":[{"@type":"Article","@id":"https:\/\/avrupapress.com\/main\/2022\/05\/23\/thyden-belcika-ucuslariyla-ilgili-bilgilendirmede-bulundu\/#article","isPartOf":{"@id":"https:\/\/avrupapress.com\/main\/2022\/05\/23\/thyden-belcika-ucuslariyla-ilgili-bilgilendirmede-bulundu\/"},"author":{"name":"Edit\u00f6r","@id":"https:\/\/avrupapress.com\/#\/schema\/person\/68428444ec60970d1e1b700cf4ca1e8f"},"headline":"THY\u2019den Bel\u00e7ika u\u00e7u\u015flar\u0131yla ilgili bilgilendirmede bulundu&#8230;","datePublished":"2022-05-23T21:15:36+00:00","dateModified":"2022-05-23T21:15:56+00:00","mainEntityOfPage":{"@id":"https:\/\/avrupapress.com\/main\/2022\/05\/23\/thyden-belcika-ucuslariyla-ilgili-bilgilendirmede-bulundu\/"},"wordCount":92,"publisher":{"@id":"https:\/\/avrupapress.com\/#\/schema\/person\/0223dca19c72c43575bf30d1a2d8f4fa"},"image":{"@id":"https:\/\/avrupapress.com\/main\/2022\/05\/23\/thyden-belcika-ucuslariyla-ilgili-bilgilendirmede-bulundu\/#primaryimage"},"thumbnailUrl":"https:\/\/avrupapress.com\/main\/wp-content\/uploads\/2022\/05\/628bb295470a9b53a04b472a.jpg","articleSection":["Avrupa","Bel\u00e7ika","D\u00fcnya","Ekonomi","K\u00fclt\u00fcr-Sanat","Tan\u0131t\u0131m","T\u00fcrkiye"],"inLanguage":"fr-BE"},{"@type":"WebPage","@id":"https:\/\/avrupapress.com\/main\/2022\/05\/23\/thyden-belcika-ucuslariyla-ilgili-bilgilendirmede-bulundu\/","url":"https:\/\/avrupapress.com\/main\/2022\/05\/23\/thyden-belcika-ucuslariyla-ilgili-bilgilendirmede-bulundu\/","name":"THY\u2019den Bel\u00e7ika u\u00e7u\u015flar\u0131yla ilgili bilgilendirmede bulundu... - AvrupaPress","isPartOf":{"@id":"https:\/\/avrupapress.com\/#website"},"primaryImageOfPage":{"@id":"https:\/\/avrupapress.com\/main\/2022\/05\/23\/thyden-belcika-ucuslariyla-ilgili-bilgilendirmede-bulundu\/#primaryimage"},"image":{"@id":"https:\/\/avrupapress.com\/main\/2022\/05\/23\/thyden-belcika-ucuslariyla-ilgili-bilgilendirmede-bulundu\/#primaryimage"},"thumbnailUrl":"https:\/\/avrupapress.com\/main\/wp-content\/uploads\/2022\/05\/628bb295470a9b53a04b472a.jpg","datePublished":"2022-05-23T21:15:36+00:00","dateModified":"2022-05-23T21:15:56+00:00","breadcrumb":{"@id":"https:\/\/avrupapress.com\/main\/2022\/05\/23\/thyden-belcika-ucuslariyla-ilgili-bilgilendirmede-bulundu\/#breadcrumb"},"inLanguage":"fr-BE","potentialAction":[{"@type":"ReadAction","target":["https:\/\/avrupapress.com\/main\/2022\/05\/23\/thyden-belcika-ucuslariyla-ilgili-bilgilendirmede-bulundu\/"]}]},{"@type":"ImageObject","inLanguage":"fr-BE","@id":"https:\/\/avrupapress.com\/main\/2022\/05\/23\/thyden-belcika-ucuslariyla-ilgili-bilgilendirmede-bulundu\/#primaryimage","url":"https:\/\/avrupapress.com\/main\/wp-content\/uploads\/2022\/05\/628bb295470a9b53a04b472a.jpg","contentUrl":"https:\/\/avrupapress.com\/main\/wp-content\/uploads\/2022\/05\/628bb295470a9b53a04b472a.jpg","width":729,"height":410},{"@type":"BreadcrumbList","@id":"https:\/\/avrupapress.com\/main\/2022\/05\/23\/thyden-belcika-ucuslariyla-ilgili-bilgilendirmede-bulundu\/#breadcrumb","itemListElement":[{"@type":"ListItem","position":1,"name":"Anasayfa","item":"https:\/\/avrupapress.com\/"},{"@type":"ListItem","position":2,"name":"THY\u2019den Bel\u00e7ika u\u00e7u\u015flar\u0131yla ilgili bilgilendirmede bulundu&#8230;"}]},{"@type":"WebSite","@id":"https:\/\/avrupapress.com\/#website","url":"https:\/\/avrupapress.com\/","name":"AvrupaPress","description":"Haberin Adresi","publisher":{"@id":"https:\/\/avrupapress.com\/#\/schema\/person\/0223dca19c72c43575bf30d1a2d8f4fa"},"potentialAction":[{"@type":"SearchAction","target":{"@type":"EntryPoint","urlTemplate":"https:\/\/avrupapress.com\/?s={search_term_string}"},"query-input":{"@type":"PropertyValueSpecification","valueRequired":true,"valueName":"search_term_string"}}],"inLanguage":"fr-BE"},{"@type":["Person","Organization"],"@id":"https:\/\/avrupapress.com\/#\/schema\/person\/0223dca19c72c43575bf30d1a2d8f4fa","name":"Bilgin \u00d6z\u00e7ift\u00e7i","image":{"@type":"ImageObject","inLanguage":"fr-BE","@id":"https:\/\/avrupapress.com\/#\/schema\/person\/image\/","url":"https:\/\/secure.gravatar.com\/avatar\/0f23b280433a21e1ea7a0adcc46ed0ad16afe3ad8e630fd13d8a017dcbd54ef3?s=96&d=mm&r=g","contentUrl":"https:\/\/secure.gravatar.com\/avatar\/0f23b280433a21e1ea7a0adcc46ed0ad16afe3ad8e630fd13d8a017dcbd54ef3?s=96&d=mm&r=g","caption":"Bilgin \u00d6z\u00e7ift\u00e7i"},"logo":{"@id":"https:\/\/avrupapress.com\/#\/schema\/person\/image\/"},"description":"Ne ben, nede sen... Biz ancak \"biz\" olursak g\u00fc\u00e7l\u00fc olabiliriz"},{"@type":"Person","@id":"https:\/\/avrupapress.com\/#\/schema\/person\/68428444ec60970d1e1b700cf4ca1e8f","name":"Edit\u00f6r","image":{"@type":"ImageObject","inLanguage":"fr-BE","@id":"https:\/\/avrupapress.com\/#\/schema\/person\/image\/","url":"https:\/\/secure.gravatar.com\/avatar\/74996b0977aa5f1559ba9883776652508b229005c0d78fb2597897f0bd651c09?s=96&d=mm&r=g","contentUrl":"https:\/\/secure.gravatar.com\/avatar\/74996b0977aa5f1559ba9883776652508b229005c0d78fb2597897f0bd651c09?s=96&d=mm&r=g","caption":"Edit\u00f6r"},"sameAs":["http:\/\/www.avrupapress.com"],"url":"https:\/\/avrupapress.com\/main\/author\/editor\/"}]}},"_links":{"self":[{"href":"https:\/\/avrupapress.com\/main\/wp-json\/wp\/v2\/posts\/19002","targetHints":{"allow":["GET"]}}],"collection":[{"href":"https:\/\/avrupapress.com\/main\/wp-json\/wp\/v2\/posts"}],"about":[{"href":"https:\/\/avrupapress.com\/main\/wp-json\/wp\/v2\/types\/post"}],"author":[{"embeddable":true,"href":"https:\/\/avrupapress.com\/main\/wp-json\/wp\/v2\/users\/3"}],"replies":[{"embeddable":true,"href":"https:\/\/avrupapress.com\/main\/wp-json\/wp\/v2\/comments?post=19002"}],"version-history":[{"count":1,"href":"https:\/\/avrupapress.com\/main\/wp-json\/wp\/v2\/posts\/19002\/revisions"}],"predecessor-version":[{"id":19004,"href":"https:\/\/avrupapress.com\/main\/wp-json\/wp\/v2\/posts\/19002\/revisions\/19004"}],"wp:featuredmedia":[{"embeddable":true,"href":"https:\/\/avrupapress.com\/main\/wp-json\/wp\/v2\/media\/19003"}],"wp:attachment":[{"href":"https:\/\/avrupapress.com\/main\/wp-json\/wp\/v2\/media?parent=19002"}],"wp:term":[{"taxonomy":"category","embeddable":true,"href":"https:\/\/avrupapress.com\/main\/wp-json\/wp\/v2\/categories?post=19002"},{"taxonomy":"post_tag","embeddable":true,"href":"https:\/\/avrupapress.com\/main\/wp-json\/wp\/v2\/tags?post=19002"}],"curies":[{"name":"wp","href":"https:\/\/api.w.org\/{rel}","templated":true}]}}