{"id":18994,"date":"2022-05-23T20:29:55","date_gmt":"2022-05-23T20:29:55","guid":{"rendered":"https:\/\/avrupapress.com\/main\/?p=18994"},"modified":"2022-05-23T20:30:06","modified_gmt":"2022-05-23T20:30:06","slug":"cumhurbaskani-erdogan-yoklama-kacagi-genclerimize-bedelli-askerlikten-faydalanma-yolunu-aciyoruz","status":"publish","type":"post","link":"https:\/\/avrupapress.com\/main\/2022\/05\/23\/cumhurbaskani-erdogan-yoklama-kacagi-genclerimize-bedelli-askerlikten-faydalanma-yolunu-aciyoruz\/","title":{"rendered":"Cumhurba\u015fkan\u0131 Erdo\u011fan: Yoklama ka\u00e7a\u011f\u0131 gen\u00e7lerimize bedelli askerlikten faydalanma yolunu a\u00e7\u0131yoruz"},"content":{"rendered":"<p><strong>Son dakika! Cumhurba\u015fkan\u0131 Recep Tayyip Erdo\u011fan, say\u0131s\u0131 550 bini bulan yoklama ka\u00e7a\u011f\u0131na m\u00fcjdeli bir haber verdi. Erdo\u011fan yapt\u0131\u011f\u0131 a\u00e7\u0131klamada, \u00ab\u00a0Yoklama ka\u00e7a\u011f\u0131 gen\u00e7lerimize bedelli askerlikten faydalanma yolunu a\u00e7\u0131yoruz\u00a0\u00bb ifadelerini kulland\u0131. Ka\u00e7ak y\u0131l\u0131na g\u00f6re bedelli rakam\u0131na ilave yap\u0131laca\u011f\u0131n\u0131 da belirten Erdo\u011fan, \u00ab\u00a0Gen\u00e7lerimiz askerlik \u015fubelerine ba\u015fvurabilirler\u00a0\u00bb dedi.<\/strong><\/p>\n<p>Cumhurba\u015fkan\u0131 Recep Tayyip Erdo\u011fan liderli\u011finde saat 16.25&rsquo;te ba\u015flayan kritik Kabine Toplant\u0131s\u0131 sona erdi. Be\u015ftepe&rsquo;de 3 saat s\u00fcren zirve sonras\u0131 Cumhurba\u015fkan\u0131 Erdo\u011fan, g\u00fcndeme ili\u015fkin de\u011ferlendirmelerde bulunurken, toplant\u0131da al\u0131nan kararlar\u0131 da tek tek duyurdu.<\/p>\n<h3 class=\"accordion-title\"><label for=\"subtitle-1\">\u00ab\u00a0BEDELL\u0130 ASKERL\u0130KTEN FAYDALANMA YOLUNU A\u00c7IYORUZ\u00a0\u00bb<\/label><\/h3>\n<p class=\"accordion-p\">Say\u0131s\u0131 550 bini bulan yoklama ka\u00e7a\u011f\u0131na y\u00f6nelik m\u00fcjdeli bir\u00a0<a class=\"keyword\" title=\"haber\" href=\"https:\/\/www.haberler.com\/\"><strong>haber<\/strong><\/a>\u00a0de veren Cumhurba\u015fkan\u0131 Erdo\u011fan, \u00ab\u00a0Yoklama ka\u00e7a\u011f\u0131 gen\u00e7lerimize bedelli askerlikten faydalanma yolunu a\u00e7\u0131yoruz\u00a0\u00bb diye konu\u015ftu.<\/p>\n<h3 class=\"accordion-title\"><label for=\"subtitle-3\">\u0130LAVE RAKAM KA\u00c7AK YILINA G\u00d6RE DE\u011e\u0130\u015eECEK<\/label><\/h3>\n<p class=\"accordion-p\">Cumhurba\u015fkan\u0131 Erdo\u011fan a\u00e7\u0131klamas\u0131n\u0131n devam\u0131nda ise, \u00ab\u00a0Ka\u00e7ak y\u0131l\u0131na g\u00f6re de\u011fi\u015fen oranlarda bir rakam ilavesiyle askerli\u011fini bedelli yapmak isteyen gen\u00e7lerimiz askerlik \u015fubelerine ba\u015fvurabilirler. Bakaya gen\u00e7lerimizin s\u0131k\u0131nt\u0131s\u0131na \u00e7\u00f6z\u00fcm getiren bu uygulaman\u0131n hay\u0131rl\u0131 olmas\u0131n\u0131 diliyorum\u00a0\u00bb ifadesini kulland\u0131.<\/p>\n<h3 class=\"accordion-title\"><label for=\"subtitle-4\">BEDELL\u0130 ASKERL\u0130K \u00dcCRET\u0130 NE KADAR?<\/label><\/h3>\n<p class=\"accordion-p\">2022 y\u0131l\u0131nda bedelli askerlik 56 bin 500 lira oldu. Ge\u00e7ti\u011fimiz d\u00f6nemde (2021 &#8211; Temmuz Aral\u0131k) aylar\u0131nda 43 bin 150 lira \u00f6deniyordu.<\/p>\n<p class=\"accordion-p\">Hazine ve Maliye Bakanl\u0131\u011f\u0131 da d\u00fcn 2021 y\u0131l\u0131 temmuz ay\u0131na ait mali ve sosyal haklara ili\u015fkin genelgeyi yay\u0131mlam\u0131\u015ft\u0131. Genelgenin yay\u0131mlanmas\u0131yla birlikte bu y\u0131l\u0131n sonuna kadar uygulanacak bedelli askerlik bedeli de belli olmu\u015ftu. Buna g\u00f6re y\u0131l sonuna kadar bedelli askerlik i\u00e7in 43 bin 151 lira \u00f6demeleri gerekiyordu.<\/p>\n","protected":false},"excerpt":{"rendered":"<p>Son dakika! Cumhurba\u015fkan\u0131 Recep Tayyip Erdo\u011fan, say\u0131s\u0131 550 bini bulan yoklama ka\u00e7a\u011f\u0131na m\u00fcjdeli bir haber verdi. Erdo\u011fan yapt\u0131\u011f\u0131 a\u00e7\u0131klamada, \u00ab\u00a0Yoklama ka\u00e7a\u011f\u0131 gen\u00e7lerimize bedelli askerlikten faydalanma yolunu a\u00e7\u0131yoruz\u00a0\u00bb ifadelerini kulland\u0131. Ka\u00e7ak y\u0131l\u0131na g\u00f6re bedelli rakam\u0131na ilave yap\u0131laca\u011f\u0131n\u0131 da belirten Erdo\u011fan, \u00ab\u00a0Gen\u00e7lerimiz askerlik \u015fubelerine ba\u015fvurabilirler\u00a0\u00bb dedi. Cumhurba\u015fkan\u0131 Recep Tayyip Erdo\u011fan liderli\u011finde saat 16.25&rsquo;te ba\u015flayan kritik Kabine Toplant\u0131s\u0131 [&hellip;]<\/p>\n","protected":false},"author":3,"featured_media":18995,"comment_status":"closed","ping_status":"open","sticky":false,"template":"","format":"standard","meta":{"footnotes":""},"categories":[14,16,3,17,18,19,2],"tags":[],"class_list":["post-18994","post","type-post","status-publish","format-standard","has-post-thumbnail","hentry","category-avrupa","category-belcika","category-dunya","category-ekonomi","category-kultur-sanat","category-tanitim","category-turkiye"],"yoast_head":"<!-- This site is optimized with the Yoast SEO plugin v26.9 - https:\/\/yoast.com\/product\/yoast-seo-wordpress\/ -->\n<title>Cumhurba\u015fkan\u0131 Erdo\u011fan: Yoklama ka\u00e7a\u011f\u0131 gen\u00e7lerimize bedelli askerlikten faydalanma yolunu a\u00e7\u0131yoruz - AvrupaPress<\/title>\n<meta name=\"robots\" content=\"index, follow, max-snippet:-1, max-image-preview:large, max-video-preview:-1\" \/>\n<link rel=\"canonical\" href=\"https:\/\/avrupapress.com\/main\/2022\/05\/23\/cumhurbaskani-erdogan-yoklama-kacagi-genclerimize-bedelli-askerlikten-faydalanma-yolunu-aciyoruz\/\" \/>\n<meta property=\"og:locale\" content=\"fr_FR\" \/>\n<meta property=\"og:type\" content=\"article\" \/>\n<meta property=\"og:title\" content=\"Cumhurba\u015fkan\u0131 Erdo\u011fan: Yoklama ka\u00e7a\u011f\u0131 gen\u00e7lerimize bedelli askerlikten faydalanma yolunu a\u00e7\u0131yoruz - AvrupaPress\" \/>\n<meta property=\"og:description\" content=\"Son dakika! Cumhurba\u015fkan\u0131 Recep Tayyip Erdo\u011fan, say\u0131s\u0131 550 bini bulan yoklama ka\u00e7a\u011f\u0131na m\u00fcjdeli bir haber verdi. Erdo\u011fan yapt\u0131\u011f\u0131 a\u00e7\u0131klamada, \u00ab\u00a0Yoklama ka\u00e7a\u011f\u0131 gen\u00e7lerimize bedelli askerlikten faydalanma yolunu a\u00e7\u0131yoruz\u00a0\u00bb ifadelerini kulland\u0131. Ka\u00e7ak y\u0131l\u0131na g\u00f6re bedelli rakam\u0131na ilave yap\u0131laca\u011f\u0131n\u0131 da belirten Erdo\u011fan, \u00ab\u00a0Gen\u00e7lerimiz askerlik \u015fubelerine ba\u015fvurabilirler\u00a0\u00bb dedi. Cumhurba\u015fkan\u0131 Recep Tayyip Erdo\u011fan liderli\u011finde saat 16.25&rsquo;te ba\u015flayan kritik Kabine Toplant\u0131s\u0131 [&hellip;]\" \/>\n<meta property=\"og:url\" content=\"https:\/\/avrupapress.com\/main\/2022\/05\/23\/cumhurbaskani-erdogan-yoklama-kacagi-genclerimize-bedelli-askerlikten-faydalanma-yolunu-aciyoruz\/\" \/>\n<meta property=\"og:site_name\" content=\"AvrupaPress\" \/>\n<meta property=\"article:published_time\" content=\"2022-05-23T20:29:55+00:00\" \/>\n<meta property=\"article:modified_time\" content=\"2022-05-23T20:30:06+00:00\" \/>\n<meta property=\"og:image\" content=\"https:\/\/avrupapress.com\/main\/wp-content\/uploads\/2022\/05\/tam-550-bin-kisiyi-kapsiyor-cumhurbaskani_14963783_9497_z2.jpg\" \/>\n\t<meta property=\"og:image:width\" content=\"732\" \/>\n\t<meta property=\"og:image:height\" content=\"411\" \/>\n\t<meta property=\"og:image:type\" content=\"image\/jpeg\" \/>\n<meta name=\"author\" content=\"Edit\u00f6r\" \/>\n<meta name=\"twitter:card\" content=\"summary_large_image\" \/>\n<meta name=\"twitter:label1\" content=\"\u00c9crit par\" \/>\n\t<meta name=\"twitter:data1\" content=\"Edit\u00f6r\" \/>\n\t<meta name=\"twitter:label2\" content=\"Dur\u00e9e de lecture est.\" \/>\n\t<meta name=\"twitter:data2\" content=\"2 minutes\" \/>\n<script type=\"application\/ld+json\" class=\"yoast-schema-graph\">{\"@context\":\"https:\/\/schema.org\",\"@graph\":[{\"@type\":\"Article\",\"@id\":\"https:\/\/avrupapress.com\/main\/2022\/05\/23\/cumhurbaskani-erdogan-yoklama-kacagi-genclerimize-bedelli-askerlikten-faydalanma-yolunu-aciyoruz\/#article\",\"isPartOf\":{\"@id\":\"https:\/\/avrupapress.com\/main\/2022\/05\/23\/cumhurbaskani-erdogan-yoklama-kacagi-genclerimize-bedelli-askerlikten-faydalanma-yolunu-aciyoruz\/\"},\"author\":{\"name\":\"Edit\u00f6r\",\"@id\":\"https:\/\/avrupapress.com\/#\/schema\/person\/68428444ec60970d1e1b700cf4ca1e8f\"},\"headline\":\"Cumhurba\u015fkan\u0131 Erdo\u011fan: Yoklama ka\u00e7a\u011f\u0131 gen\u00e7lerimize bedelli askerlikten faydalanma yolunu a\u00e7\u0131yoruz\",\"datePublished\":\"2022-05-23T20:29:55+00:00\",\"dateModified\":\"2022-05-23T20:30:06+00:00\",\"mainEntityOfPage\":{\"@id\":\"https:\/\/avrupapress.com\/main\/2022\/05\/23\/cumhurbaskani-erdogan-yoklama-kacagi-genclerimize-bedelli-askerlikten-faydalanma-yolunu-aciyoruz\/\"},\"wordCount\":316,\"publisher\":{\"@id\":\"https:\/\/avrupapress.com\/#\/schema\/person\/0223dca19c72c43575bf30d1a2d8f4fa\"},\"image\":{\"@id\":\"https:\/\/avrupapress.com\/main\/2022\/05\/23\/cumhurbaskani-erdogan-yoklama-kacagi-genclerimize-bedelli-askerlikten-faydalanma-yolunu-aciyoruz\/#primaryimage\"},\"thumbnailUrl\":\"https:\/\/avrupapress.com\/main\/wp-content\/uploads\/2022\/05\/tam-550-bin-kisiyi-kapsiyor-cumhurbaskani_14963783_9497_z2.jpg\",\"articleSection\":[\"Avrupa\",\"Bel\u00e7ika\",\"D\u00fcnya\",\"Ekonomi\",\"K\u00fclt\u00fcr-Sanat\",\"Tan\u0131t\u0131m\",\"T\u00fcrkiye\"],\"inLanguage\":\"fr-BE\"},{\"@type\":\"WebPage\",\"@id\":\"https:\/\/avrupapress.com\/main\/2022\/05\/23\/cumhurbaskani-erdogan-yoklama-kacagi-genclerimize-bedelli-askerlikten-faydalanma-yolunu-aciyoruz\/\",\"url\":\"https:\/\/avrupapress.com\/main\/2022\/05\/23\/cumhurbaskani-erdogan-yoklama-kacagi-genclerimize-bedelli-askerlikten-faydalanma-yolunu-aciyoruz\/\",\"name\":\"Cumhurba\u015fkan\u0131 Erdo\u011fan: Yoklama ka\u00e7a\u011f\u0131 gen\u00e7lerimize bedelli askerlikten faydalanma yolunu a\u00e7\u0131yoruz - AvrupaPress\",\"isPartOf\":{\"@id\":\"https:\/\/avrupapress.com\/#website\"},\"primaryImageOfPage\":{\"@id\":\"https:\/\/avrupapress.com\/main\/2022\/05\/23\/cumhurbaskani-erdogan-yoklama-kacagi-genclerimize-bedelli-askerlikten-faydalanma-yolunu-aciyoruz\/#primaryimage\"},\"image\":{\"@id\":\"https:\/\/avrupapress.com\/main\/2022\/05\/23\/cumhurbaskani-erdogan-yoklama-kacagi-genclerimize-bedelli-askerlikten-faydalanma-yolunu-aciyoruz\/#primaryimage\"},\"thumbnailUrl\":\"https:\/\/avrupapress.com\/main\/wp-content\/uploads\/2022\/05\/tam-550-bin-kisiyi-kapsiyor-cumhurbaskani_14963783_9497_z2.jpg\",\"datePublished\":\"2022-05-23T20:29:55+00:00\",\"dateModified\":\"2022-05-23T20:30:06+00:00\",\"breadcrumb\":{\"@id\":\"https:\/\/avrupapress.com\/main\/2022\/05\/23\/cumhurbaskani-erdogan-yoklama-kacagi-genclerimize-bedelli-askerlikten-faydalanma-yolunu-aciyoruz\/#breadcrumb\"},\"inLanguage\":\"fr-BE\",\"potentialAction\":[{\"@type\":\"ReadAction\",\"target\":[\"https:\/\/avrupapress.com\/main\/2022\/05\/23\/cumhurbaskani-erdogan-yoklama-kacagi-genclerimize-bedelli-askerlikten-faydalanma-yolunu-aciyoruz\/\"]}]},{\"@type\":\"ImageObject\",\"inLanguage\":\"fr-BE\",\"@id\":\"https:\/\/avrupapress.com\/main\/2022\/05\/23\/cumhurbaskani-erdogan-yoklama-kacagi-genclerimize-bedelli-askerlikten-faydalanma-yolunu-aciyoruz\/#primaryimage\",\"url\":\"https:\/\/avrupapress.com\/main\/wp-content\/uploads\/2022\/05\/tam-550-bin-kisiyi-kapsiyor-cumhurbaskani_14963783_9497_z2.jpg\",\"contentUrl\":\"https:\/\/avrupapress.com\/main\/wp-content\/uploads\/2022\/05\/tam-550-bin-kisiyi-kapsiyor-cumhurbaskani_14963783_9497_z2.jpg\",\"width\":732,\"height\":411},{\"@type\":\"BreadcrumbList\",\"@id\":\"https:\/\/avrupapress.com\/main\/2022\/05\/23\/cumhurbaskani-erdogan-yoklama-kacagi-genclerimize-bedelli-askerlikten-faydalanma-yolunu-aciyoruz\/#breadcrumb\",\"itemListElement\":[{\"@type\":\"ListItem\",\"position\":1,\"name\":\"Anasayfa\",\"item\":\"https:\/\/avrupapress.com\/\"},{\"@type\":\"ListItem\",\"position\":2,\"name\":\"Cumhurba\u015fkan\u0131 Erdo\u011fan: Yoklama ka\u00e7a\u011f\u0131 gen\u00e7lerimize bedelli askerlikten faydalanma yolunu a\u00e7\u0131yoruz\"}]},{\"@type\":\"WebSite\",\"@id\":\"https:\/\/avrupapress.com\/#website\",\"url\":\"https:\/\/avrupapress.com\/\",\"name\":\"AvrupaPress\",\"description\":\"Haberin Adresi\",\"publisher\":{\"@id\":\"https:\/\/avrupapress.com\/#\/schema\/person\/0223dca19c72c43575bf30d1a2d8f4fa\"},\"potentialAction\":[{\"@type\":\"SearchAction\",\"target\":{\"@type\":\"EntryPoint\",\"urlTemplate\":\"https:\/\/avrupapress.com\/?s={search_term_string}\"},\"query-input\":{\"@type\":\"PropertyValueSpecification\",\"valueRequired\":true,\"valueName\":\"search_term_string\"}}],\"inLanguage\":\"fr-BE\"},{\"@type\":[\"Person\",\"Organization\"],\"@id\":\"https:\/\/avrupapress.com\/#\/schema\/person\/0223dca19c72c43575bf30d1a2d8f4fa\",\"name\":\"Bilgin \u00d6z\u00e7ift\u00e7i\",\"image\":{\"@type\":\"ImageObject\",\"inLanguage\":\"fr-BE\",\"@id\":\"https:\/\/avrupapress.com\/#\/schema\/person\/image\/\",\"url\":\"https:\/\/secure.gravatar.com\/avatar\/0f23b280433a21e1ea7a0adcc46ed0ad16afe3ad8e630fd13d8a017dcbd54ef3?s=96&d=mm&r=g\",\"contentUrl\":\"https:\/\/secure.gravatar.com\/avatar\/0f23b280433a21e1ea7a0adcc46ed0ad16afe3ad8e630fd13d8a017dcbd54ef3?s=96&d=mm&r=g\",\"caption\":\"Bilgin \u00d6z\u00e7ift\u00e7i\"},\"logo\":{\"@id\":\"https:\/\/avrupapress.com\/#\/schema\/person\/image\/\"},\"description\":\"Ne ben, nede sen... Biz ancak \\\"biz\\\" olursak g\u00fc\u00e7l\u00fc olabiliriz\"},{\"@type\":\"Person\",\"@id\":\"https:\/\/avrupapress.com\/#\/schema\/person\/68428444ec60970d1e1b700cf4ca1e8f\",\"name\":\"Edit\u00f6r\",\"image\":{\"@type\":\"ImageObject\",\"inLanguage\":\"fr-BE\",\"@id\":\"https:\/\/avrupapress.com\/#\/schema\/person\/image\/\",\"url\":\"https:\/\/secure.gravatar.com\/avatar\/74996b0977aa5f1559ba9883776652508b229005c0d78fb2597897f0bd651c09?s=96&d=mm&r=g\",\"contentUrl\":\"https:\/\/secure.gravatar.com\/avatar\/74996b0977aa5f1559ba9883776652508b229005c0d78fb2597897f0bd651c09?s=96&d=mm&r=g\",\"caption\":\"Edit\u00f6r\"},\"sameAs\":[\"http:\/\/www.avrupapress.com\"],\"url\":\"https:\/\/avrupapress.com\/main\/author\/editor\/\"}]}<\/script>\n<!-- \/ Yoast SEO plugin. -->","yoast_head_json":{"title":"Cumhurba\u015fkan\u0131 Erdo\u011fan: Yoklama ka\u00e7a\u011f\u0131 gen\u00e7lerimize bedelli askerlikten faydalanma yolunu a\u00e7\u0131yoruz - AvrupaPress","robots":{"index":"index","follow":"follow","max-snippet":"max-snippet:-1","max-image-preview":"max-image-preview:large","max-video-preview":"max-video-preview:-1"},"canonical":"https:\/\/avrupapress.com\/main\/2022\/05\/23\/cumhurbaskani-erdogan-yoklama-kacagi-genclerimize-bedelli-askerlikten-faydalanma-yolunu-aciyoruz\/","og_locale":"fr_FR","og_type":"article","og_title":"Cumhurba\u015fkan\u0131 Erdo\u011fan: Yoklama ka\u00e7a\u011f\u0131 gen\u00e7lerimize bedelli askerlikten faydalanma yolunu a\u00e7\u0131yoruz - AvrupaPress","og_description":"Son dakika! Cumhurba\u015fkan\u0131 Recep Tayyip Erdo\u011fan, say\u0131s\u0131 550 bini bulan yoklama ka\u00e7a\u011f\u0131na m\u00fcjdeli bir haber verdi. Erdo\u011fan yapt\u0131\u011f\u0131 a\u00e7\u0131klamada, \u00ab\u00a0Yoklama ka\u00e7a\u011f\u0131 gen\u00e7lerimize bedelli askerlikten faydalanma yolunu a\u00e7\u0131yoruz\u00a0\u00bb ifadelerini kulland\u0131. Ka\u00e7ak y\u0131l\u0131na g\u00f6re bedelli rakam\u0131na ilave yap\u0131laca\u011f\u0131n\u0131 da belirten Erdo\u011fan, \u00ab\u00a0Gen\u00e7lerimiz askerlik \u015fubelerine ba\u015fvurabilirler\u00a0\u00bb dedi. Cumhurba\u015fkan\u0131 Recep Tayyip Erdo\u011fan liderli\u011finde saat 16.25&rsquo;te ba\u015flayan kritik Kabine Toplant\u0131s\u0131 [&hellip;]","og_url":"https:\/\/avrupapress.com\/main\/2022\/05\/23\/cumhurbaskani-erdogan-yoklama-kacagi-genclerimize-bedelli-askerlikten-faydalanma-yolunu-aciyoruz\/","og_site_name":"AvrupaPress","article_published_time":"2022-05-23T20:29:55+00:00","article_modified_time":"2022-05-23T20:30:06+00:00","og_image":[{"width":732,"height":411,"url":"https:\/\/avrupapress.com\/main\/wp-content\/uploads\/2022\/05\/tam-550-bin-kisiyi-kapsiyor-cumhurbaskani_14963783_9497_z2.jpg","type":"image\/jpeg"}],"author":"Edit\u00f6r","twitter_card":"summary_large_image","twitter_misc":{"\u00c9crit par":"Edit\u00f6r","Dur\u00e9e de lecture est.":"2 minutes"},"schema":{"@context":"https:\/\/schema.org","@graph":[{"@type":"Article","@id":"https:\/\/avrupapress.com\/main\/2022\/05\/23\/cumhurbaskani-erdogan-yoklama-kacagi-genclerimize-bedelli-askerlikten-faydalanma-yolunu-aciyoruz\/#article","isPartOf":{"@id":"https:\/\/avrupapress.com\/main\/2022\/05\/23\/cumhurbaskani-erdogan-yoklama-kacagi-genclerimize-bedelli-askerlikten-faydalanma-yolunu-aciyoruz\/"},"author":{"name":"Edit\u00f6r","@id":"https:\/\/avrupapress.com\/#\/schema\/person\/68428444ec60970d1e1b700cf4ca1e8f"},"headline":"Cumhurba\u015fkan\u0131 Erdo\u011fan: Yoklama ka\u00e7a\u011f\u0131 gen\u00e7lerimize bedelli askerlikten faydalanma yolunu a\u00e7\u0131yoruz","datePublished":"2022-05-23T20:29:55+00:00","dateModified":"2022-05-23T20:30:06+00:00","mainEntityOfPage":{"@id":"https:\/\/avrupapress.com\/main\/2022\/05\/23\/cumhurbaskani-erdogan-yoklama-kacagi-genclerimize-bedelli-askerlikten-faydalanma-yolunu-aciyoruz\/"},"wordCount":316,"publisher":{"@id":"https:\/\/avrupapress.com\/#\/schema\/person\/0223dca19c72c43575bf30d1a2d8f4fa"},"image":{"@id":"https:\/\/avrupapress.com\/main\/2022\/05\/23\/cumhurbaskani-erdogan-yoklama-kacagi-genclerimize-bedelli-askerlikten-faydalanma-yolunu-aciyoruz\/#primaryimage"},"thumbnailUrl":"https:\/\/avrupapress.com\/main\/wp-content\/uploads\/2022\/05\/tam-550-bin-kisiyi-kapsiyor-cumhurbaskani_14963783_9497_z2.jpg","articleSection":["Avrupa","Bel\u00e7ika","D\u00fcnya","Ekonomi","K\u00fclt\u00fcr-Sanat","Tan\u0131t\u0131m","T\u00fcrkiye"],"inLanguage":"fr-BE"},{"@type":"WebPage","@id":"https:\/\/avrupapress.com\/main\/2022\/05\/23\/cumhurbaskani-erdogan-yoklama-kacagi-genclerimize-bedelli-askerlikten-faydalanma-yolunu-aciyoruz\/","url":"https:\/\/avrupapress.com\/main\/2022\/05\/23\/cumhurbaskani-erdogan-yoklama-kacagi-genclerimize-bedelli-askerlikten-faydalanma-yolunu-aciyoruz\/","name":"Cumhurba\u015fkan\u0131 Erdo\u011fan: Yoklama ka\u00e7a\u011f\u0131 gen\u00e7lerimize bedelli askerlikten faydalanma yolunu a\u00e7\u0131yoruz - AvrupaPress","isPartOf":{"@id":"https:\/\/avrupapress.com\/#website"},"primaryImageOfPage":{"@id":"https:\/\/avrupapress.com\/main\/2022\/05\/23\/cumhurbaskani-erdogan-yoklama-kacagi-genclerimize-bedelli-askerlikten-faydalanma-yolunu-aciyoruz\/#primaryimage"},"image":{"@id":"https:\/\/avrupapress.com\/main\/2022\/05\/23\/cumhurbaskani-erdogan-yoklama-kacagi-genclerimize-bedelli-askerlikten-faydalanma-yolunu-aciyoruz\/#primaryimage"},"thumbnailUrl":"https:\/\/avrupapress.com\/main\/wp-content\/uploads\/2022\/05\/tam-550-bin-kisiyi-kapsiyor-cumhurbaskani_14963783_9497_z2.jpg","datePublished":"2022-05-23T20:29:55+00:00","dateModified":"2022-05-23T20:30:06+00:00","breadcrumb":{"@id":"https:\/\/avrupapress.com\/main\/2022\/05\/23\/cumhurbaskani-erdogan-yoklama-kacagi-genclerimize-bedelli-askerlikten-faydalanma-yolunu-aciyoruz\/#breadcrumb"},"inLanguage":"fr-BE","potentialAction":[{"@type":"ReadAction","target":["https:\/\/avrupapress.com\/main\/2022\/05\/23\/cumhurbaskani-erdogan-yoklama-kacagi-genclerimize-bedelli-askerlikten-faydalanma-yolunu-aciyoruz\/"]}]},{"@type":"ImageObject","inLanguage":"fr-BE","@id":"https:\/\/avrupapress.com\/main\/2022\/05\/23\/cumhurbaskani-erdogan-yoklama-kacagi-genclerimize-bedelli-askerlikten-faydalanma-yolunu-aciyoruz\/#primaryimage","url":"https:\/\/avrupapress.com\/main\/wp-content\/uploads\/2022\/05\/tam-550-bin-kisiyi-kapsiyor-cumhurbaskani_14963783_9497_z2.jpg","contentUrl":"https:\/\/avrupapress.com\/main\/wp-content\/uploads\/2022\/05\/tam-550-bin-kisiyi-kapsiyor-cumhurbaskani_14963783_9497_z2.jpg","width":732,"height":411},{"@type":"BreadcrumbList","@id":"https:\/\/avrupapress.com\/main\/2022\/05\/23\/cumhurbaskani-erdogan-yoklama-kacagi-genclerimize-bedelli-askerlikten-faydalanma-yolunu-aciyoruz\/#breadcrumb","itemListElement":[{"@type":"ListItem","position":1,"name":"Anasayfa","item":"https:\/\/avrupapress.com\/"},{"@type":"ListItem","position":2,"name":"Cumhurba\u015fkan\u0131 Erdo\u011fan: Yoklama ka\u00e7a\u011f\u0131 gen\u00e7lerimize bedelli askerlikten faydalanma yolunu a\u00e7\u0131yoruz"}]},{"@type":"WebSite","@id":"https:\/\/avrupapress.com\/#website","url":"https:\/\/avrupapress.com\/","name":"AvrupaPress","description":"Haberin Adresi","publisher":{"@id":"https:\/\/avrupapress.com\/#\/schema\/person\/0223dca19c72c43575bf30d1a2d8f4fa"},"potentialAction":[{"@type":"SearchAction","target":{"@type":"EntryPoint","urlTemplate":"https:\/\/avrupapress.com\/?s={search_term_string}"},"query-input":{"@type":"PropertyValueSpecification","valueRequired":true,"valueName":"search_term_string"}}],"inLanguage":"fr-BE"},{"@type":["Person","Organization"],"@id":"https:\/\/avrupapress.com\/#\/schema\/person\/0223dca19c72c43575bf30d1a2d8f4fa","name":"Bilgin \u00d6z\u00e7ift\u00e7i","image":{"@type":"ImageObject","inLanguage":"fr-BE","@id":"https:\/\/avrupapress.com\/#\/schema\/person\/image\/","url":"https:\/\/secure.gravatar.com\/avatar\/0f23b280433a21e1ea7a0adcc46ed0ad16afe3ad8e630fd13d8a017dcbd54ef3?s=96&d=mm&r=g","contentUrl":"https:\/\/secure.gravatar.com\/avatar\/0f23b280433a21e1ea7a0adcc46ed0ad16afe3ad8e630fd13d8a017dcbd54ef3?s=96&d=mm&r=g","caption":"Bilgin \u00d6z\u00e7ift\u00e7i"},"logo":{"@id":"https:\/\/avrupapress.com\/#\/schema\/person\/image\/"},"description":"Ne ben, nede sen... Biz ancak \"biz\" olursak g\u00fc\u00e7l\u00fc olabiliriz"},{"@type":"Person","@id":"https:\/\/avrupapress.com\/#\/schema\/person\/68428444ec60970d1e1b700cf4ca1e8f","name":"Edit\u00f6r","image":{"@type":"ImageObject","inLanguage":"fr-BE","@id":"https:\/\/avrupapress.com\/#\/schema\/person\/image\/","url":"https:\/\/secure.gravatar.com\/avatar\/74996b0977aa5f1559ba9883776652508b229005c0d78fb2597897f0bd651c09?s=96&d=mm&r=g","contentUrl":"https:\/\/secure.gravatar.com\/avatar\/74996b0977aa5f1559ba9883776652508b229005c0d78fb2597897f0bd651c09?s=96&d=mm&r=g","caption":"Edit\u00f6r"},"sameAs":["http:\/\/www.avrupapress.com"],"url":"https:\/\/avrupapress.com\/main\/author\/editor\/"}]}},"_links":{"self":[{"href":"https:\/\/avrupapress.com\/main\/wp-json\/wp\/v2\/posts\/18994","targetHints":{"allow":["GET"]}}],"collection":[{"href":"https:\/\/avrupapress.com\/main\/wp-json\/wp\/v2\/posts"}],"about":[{"href":"https:\/\/avrupapress.com\/main\/wp-json\/wp\/v2\/types\/post"}],"author":[{"embeddable":true,"href":"https:\/\/avrupapress.com\/main\/wp-json\/wp\/v2\/users\/3"}],"replies":[{"embeddable":true,"href":"https:\/\/avrupapress.com\/main\/wp-json\/wp\/v2\/comments?post=18994"}],"version-history":[{"count":2,"href":"https:\/\/avrupapress.com\/main\/wp-json\/wp\/v2\/posts\/18994\/revisions"}],"predecessor-version":[{"id":18997,"href":"https:\/\/avrupapress.com\/main\/wp-json\/wp\/v2\/posts\/18994\/revisions\/18997"}],"wp:featuredmedia":[{"embeddable":true,"href":"https:\/\/avrupapress.com\/main\/wp-json\/wp\/v2\/media\/18995"}],"wp:attachment":[{"href":"https:\/\/avrupapress.com\/main\/wp-json\/wp\/v2\/media?parent=18994"}],"wp:term":[{"taxonomy":"category","embeddable":true,"href":"https:\/\/avrupapress.com\/main\/wp-json\/wp\/v2\/categories?post=18994"},{"taxonomy":"post_tag","embeddable":true,"href":"https:\/\/avrupapress.com\/main\/wp-json\/wp\/v2\/tags?post=18994"}],"curies":[{"name":"wp","href":"https:\/\/api.w.org\/{rel}","templated":true}]}}