{"id":18991,"date":"2022-05-23T20:12:14","date_gmt":"2022-05-23T20:12:14","guid":{"rendered":"https:\/\/avrupapress.com\/main\/?p=18991"},"modified":"2022-05-23T20:12:22","modified_gmt":"2022-05-23T20:12:22","slug":"saadet-partisi-genel-baskani-temel-karamollaoglu-avrupada-bir-takim-ziyaretlerde-bulundu","status":"publish","type":"post","link":"https:\/\/avrupapress.com\/main\/2022\/05\/23\/saadet-partisi-genel-baskani-temel-karamollaoglu-avrupada-bir-takim-ziyaretlerde-bulundu\/","title":{"rendered":"*SAADET PART\u0130S\u0130 GENEL BA\u015eKANI TEMEL KARAMOLLAO\u011eLU AVRUPA\u2019DA B\u0130R TAKIM Z\u0130YARETLERDE BULUNDU\u2026"},"content":{"rendered":"<p><strong>***KARAMOLLAO\u011eLU AVRUPA\u2019DA<\/strong><\/p>\n<p><strong>***KARAMOLLAO\u011eLU AVRUPA\u2019DA Z\u0130YARETLERDE BULUNDU<\/strong><\/p>\n<p><strong>Saadet Partisi Genel Ba\u015fkan\u0131 Temel Karamollao\u011flu, gitti\u011fi Almanya\u2019da bir tak\u0131m ziyaretlerde bulundu. Karamollao\u011flu, Avrupa ziyaretleri kapsam\u0131nda gitti\u011fi Almanya\u2019da, Stuttgart Ba\u015fkonsolos Yard\u0131mc\u0131s\u0131 Nesimi Emci, Saadet Avrupa Ba\u015fkan\u0131 Samet Sami Temel ve partililer taraf\u0131ndan kar\u015f\u0131land\u0131. Karamollao\u011flu\u2019na, Saadet Avrupa M\u00fcnih B\u00f6lgesi Kad\u0131n Kollar\u0131 taraf\u0131ndan bir hediye takdim edildi.<\/strong><\/p>\n<p>Saadet Partisi Genel Ba\u015fkan\u0131 Temel Karamollao\u011flu bir tak\u0131m ziyaretler ger\u00e7ekle\u015ftirmek i\u00e7in gitti\u011fi Avrupa\u2019da bir\u00e7ok programa kat\u0131ld\u0131. \u0130lk dura\u011f\u0131 olarak partisinin M\u00fcnih b\u00f6lge y\u00f6netimi ile bir araya gelen Karamollao\u011flu, y\u00f6netimden M\u00fcnih ile ilgili bilgi ald\u0131. Ard\u0131ndan partisinin Avrupa B\u00f6lge Ba\u015fkanlar\u0131 ile bir toplant\u0131 ger\u00e7ekle\u015ftiren Karamollao\u011flu, toplant\u0131da gurbet\u00e7i vatanda\u015flar\u0131n sorunlar\u0131n\u0131n \u00e7\u00f6z\u00fclmesi i\u00e7in h\u00fck\u00fcmete \u00e7a\u011fr\u0131da bulundu. Ard\u0131ndan ise Saadet Avrupa Ba\u015fkan\u0131 Samet Sami Temel\u2019in o\u011flu Enes Temel\u2019in d\u00fc\u011f\u00fcn merasimine kat\u0131ld\u0131.<\/p>\n<p><strong> H\u00dcK\u00dcMET SORUNLARA \u00c7\u00d6Z\u00dcM BULMALI <\/strong><\/p>\n<p>Partisinin Avrupa Ba\u015fkanlar\u0131 ile bir araya gelen Saadet Partisi Genel Ba\u015fkan\u0131 Temel Karamollao\u011flu, gurbet\u00e7ilerin sorunlar\u0131n\u0131 kendilerinden dinleme \u015fans\u0131 bulduklar\u0131n\u0131 ifade ederek, \u201cAvrupa&rsquo;daki vatanda\u015flar\u0131m\u0131z, e\u011fitimden sa\u011fl\u0131\u011fa, s\u0131la yolundaki zorluklardan konsolosluk hizmetlerine, \u0131rk\u00e7\u0131l\u0131ktan sosyal haklara var\u0131ncaya dek bir\u00e7ok alanda farkl\u0131 s\u0131k\u0131nt\u0131larla kar\u015f\u0131la\u015fmaktad\u0131r\u201d ifadelerini kulland\u0131. H\u00fck\u00fcmetin ise bu sorunlara kar\u015f\u0131 \u00e7\u00f6z\u00fcm bulmas\u0131 gerekti\u011fine dikkat \u00e7ekti.<\/p>\n<p><strong>UYGUN MAL\u0130YETL\u0130 VATAN YOLCULU\u011eU \u0130\u00c7\u0130N POL\u0130T\u0130KALAR GEL\u0130\u015eT\u0130R\u0130LMEL\u0130<\/strong><\/p>\n<p>Sorunlar\u0131n ba\u015f\u0131nda \u00f6zellikle gurbet\u00e7ilerin s\u0131la yolculu\u011funun \u00e7ileye d\u00f6n\u00fc\u015ft\u00fc\u011f\u00fcne dikkat \u00e7eken Karamollao\u011flu, yolculu\u011fun kolayla\u015ft\u0131r\u0131lmas\u0131 gerekti\u011fine belirterek, \u201cTHY&rsquo;n\u0131n tutars\u0131z ve fahi\u015f fiyat uygulamas\u0131 gibi nedenlerle, \u00f6zellikle de yaz aylar\u0131nda ve tatil d\u00f6nemlerinde, gurbet\u00e7ilerimiz i\u00e7in \u00e7ileye d\u00f6n\u00fc\u015fen s\u0131la yolculu\u011fu kolayla\u015ft\u0131r\u0131lmal\u0131 &lsquo;Uygun Maliyetli Vatan Yolculu\u011fu&rsquo; i\u00e7in politikalar geli\u015ftirilmelidir\u201d dedi.<\/p>\n<p><strong>5 M\u0130LYONU A\u015eAN GURBET\u00c7\u0130 VATANDA\u015eIMIZ YALNIZ DE\u011e\u0130LD\u0130R <\/strong><\/p>\n<p>Avrupa\u2019da ya\u015fayan vatanda\u015flar\u0131n sadece s\u0131la yolculu\u011fu de\u011fil bir\u00e7ok alanda sorunlar ile kar\u015f\u0131la\u015ft\u0131\u011f\u0131n\u0131n alt\u0131n\u0131 \u00e7izen Karamollao\u011flu, Avrupa\u2019da ya\u015fayan vatanda\u015flar\u0131n sahipsiz olmad\u0131\u011f\u0131na vurgu yaparak, \u201cVatanda\u015flar\u0131m\u0131z bir\u00e7ok sorun ile kar\u015f\u0131la\u015fmaya devam ediyor. \u00d6rne\u011fin, Askerlik ve \u00fcniversite denklik meselesi ile \u2018Otomatik Finansal Bilgi Payla\u015f\u0131m\u0131\u2019n\u0131n imzalanmas\u0131n\u0131n ard\u0131ndan ya\u015fan\u0131lan belirsizlikler ve uyumsuzluklard\u0131r. Bu konularda ilgili \u00fclkelerle kar\u015f\u0131l\u0131kl\u0131 olarak ve vatanda\u015flar\u0131m\u0131z\u0131n lehine gerekli anla\u015fmalar yap\u0131lmal\u0131, prosed\u00fcr ve mevzuatlar a\u00e7\u0131k, net ve kolay uygulanabilir olacak \u015fekilde yeniden g\u00f6zden ge\u00e7irilmeli ve Avrupa&rsquo;daki vatanda\u015flar\u0131m\u0131z\u0131n ma\u011fduriyetleri bir an evvel giderilmelidir. Bug\u00fcn 3 milyonu Almanya\u2019da olmak \u00fczere, Avrupa genelinde say\u0131lar\u0131 5 milyonu a\u015fan vatanda\u015flar\u0131m\u0131z sahipsiz ve kimsesiz de\u011fildir! Biz Saadet Partisi olarak, Avrupa&rsquo;daki vatanda\u015flar\u0131m\u0131z\u0131n bu hakl\u0131 taleplerinde kendilerinin yan\u0131nda olacak ve \u00e7\u00f6z\u00fcme kavu\u015fana dek takip\u00e7isi olaca\u011f\u0131z\u201d ifadelerini kulland\u0131.<\/p>\n<p><strong>TEMEL VE U\u00c7ARKU\u015e A\u0130LES\u0130N\u0130N MUTLU G\u00dcN\u00dc<\/strong><\/p>\n<p>Ger\u00e7ekle\u015ftirilen toplant\u0131n\u0131n ard\u0131ndan Saadet Avrupa Ba\u015fkan\u0131 Samet Sami Z\u00fcbeyde- Samet Sami<\/p>\n<p>Temel\u2019in o\u011flu ile D\u00f6nd\u00fc-Do\u011fan U\u00e7arku\u015f\u2019un k\u0131z\u0131n\u0131n d\u00fc\u011f\u00fcn merasimine kat\u0131lan Karamollao\u011flu, d\u00fc\u011f\u00fcn merasiminde yapt\u0131\u011f\u0131 k\u0131sa konu\u015fmada ailenin \u00f6nemine vurgu yaparak, gen\u00e7 \u00e7ifte iki cihan saadeti diledi. D\u00fc\u011f\u00fcn merasiminde Karamollao\u011flu\u2019nun yan\u0131 s\u0131ra Saadet Partisi Genel Ba\u015fkan Yard\u0131mc\u0131s\u0131 Yusuf Sunar, Saadet Partisi Genel Sekreteri Mesut Do\u011fan ba\u015fta olmak \u00fczere sevenleri ve te\u015fkilat mensuplar\u0131 kat\u0131ld\u0131.<\/p>\n<p><img loading=\"lazy\" decoding=\"async\" class=\"alignnone size-full wp-image-18992\" src=\"https:\/\/avrupapress.com\/main\/wp-content\/uploads\/2022\/05\/thumbnail_628b5316eec99.jpg\" alt=\"\" width=\"127\" height=\"127\" \/><\/p>\n","protected":false},"excerpt":{"rendered":"<p>***KARAMOLLAO\u011eLU AVRUPA\u2019DA ***KARAMOLLAO\u011eLU AVRUPA\u2019DA Z\u0130YARETLERDE BULUNDU Saadet Partisi Genel Ba\u015fkan\u0131 Temel Karamollao\u011flu, gitti\u011fi Almanya\u2019da bir tak\u0131m ziyaretlerde bulundu. Karamollao\u011flu, Avrupa ziyaretleri kapsam\u0131nda gitti\u011fi Almanya\u2019da, Stuttgart Ba\u015fkonsolos Yard\u0131mc\u0131s\u0131 Nesimi Emci, Saadet Avrupa Ba\u015fkan\u0131 Samet Sami Temel ve partililer taraf\u0131ndan kar\u015f\u0131land\u0131. Karamollao\u011flu\u2019na, Saadet Avrupa M\u00fcnih B\u00f6lgesi Kad\u0131n Kollar\u0131 taraf\u0131ndan bir hediye takdim edildi. Saadet Partisi Genel Ba\u015fkan\u0131 [&hellip;]<\/p>\n","protected":false},"author":3,"featured_media":18992,"comment_status":"closed","ping_status":"open","sticky":false,"template":"","format":"standard","meta":{"footnotes":""},"categories":[14,16,3,17,18,19,2],"tags":[],"class_list":["post-18991","post","type-post","status-publish","format-standard","has-post-thumbnail","hentry","category-avrupa","category-belcika","category-dunya","category-ekonomi","category-kultur-sanat","category-tanitim","category-turkiye"],"yoast_head":"<!-- This site is optimized with the Yoast SEO plugin v26.9 - https:\/\/yoast.com\/product\/yoast-seo-wordpress\/ -->\n<title>*SAADET PART\u0130S\u0130 GENEL BA\u015eKANI TEMEL KARAMOLLAO\u011eLU AVRUPA\u2019DA B\u0130R TAKIM Z\u0130YARETLERDE BULUNDU\u2026 - AvrupaPress<\/title>\n<meta name=\"robots\" content=\"index, follow, max-snippet:-1, max-image-preview:large, max-video-preview:-1\" \/>\n<link rel=\"canonical\" href=\"https:\/\/avrupapress.com\/main\/2022\/05\/23\/saadet-partisi-genel-baskani-temel-karamollaoglu-avrupada-bir-takim-ziyaretlerde-bulundu\/\" \/>\n<meta property=\"og:locale\" content=\"fr_FR\" \/>\n<meta property=\"og:type\" content=\"article\" \/>\n<meta property=\"og:title\" content=\"*SAADET PART\u0130S\u0130 GENEL BA\u015eKANI TEMEL KARAMOLLAO\u011eLU AVRUPA\u2019DA B\u0130R TAKIM Z\u0130YARETLERDE BULUNDU\u2026 - AvrupaPress\" \/>\n<meta property=\"og:description\" content=\"***KARAMOLLAO\u011eLU AVRUPA\u2019DA ***KARAMOLLAO\u011eLU AVRUPA\u2019DA Z\u0130YARETLERDE BULUNDU Saadet Partisi Genel Ba\u015fkan\u0131 Temel Karamollao\u011flu, gitti\u011fi Almanya\u2019da bir tak\u0131m ziyaretlerde bulundu. Karamollao\u011flu, Avrupa ziyaretleri kapsam\u0131nda gitti\u011fi Almanya\u2019da, Stuttgart Ba\u015fkonsolos Yard\u0131mc\u0131s\u0131 Nesimi Emci, Saadet Avrupa Ba\u015fkan\u0131 Samet Sami Temel ve partililer taraf\u0131ndan kar\u015f\u0131land\u0131. Karamollao\u011flu\u2019na, Saadet Avrupa M\u00fcnih B\u00f6lgesi Kad\u0131n Kollar\u0131 taraf\u0131ndan bir hediye takdim edildi. Saadet Partisi Genel Ba\u015fkan\u0131 [&hellip;]\" \/>\n<meta property=\"og:url\" content=\"https:\/\/avrupapress.com\/main\/2022\/05\/23\/saadet-partisi-genel-baskani-temel-karamollaoglu-avrupada-bir-takim-ziyaretlerde-bulundu\/\" \/>\n<meta property=\"og:site_name\" content=\"AvrupaPress\" \/>\n<meta property=\"article:published_time\" content=\"2022-05-23T20:12:14+00:00\" \/>\n<meta property=\"article:modified_time\" content=\"2022-05-23T20:12:22+00:00\" \/>\n<meta property=\"og:image\" content=\"https:\/\/avrupapress.com\/main\/wp-content\/uploads\/2022\/05\/thumbnail_628b5316eec99.jpg\" \/>\n\t<meta property=\"og:image:width\" content=\"127\" \/>\n\t<meta property=\"og:image:height\" content=\"127\" \/>\n\t<meta property=\"og:image:type\" content=\"image\/jpeg\" \/>\n<meta name=\"author\" content=\"Edit\u00f6r\" \/>\n<meta name=\"twitter:card\" content=\"summary_large_image\" \/>\n<meta name=\"twitter:label1\" content=\"\u00c9crit par\" \/>\n\t<meta name=\"twitter:data1\" content=\"Edit\u00f6r\" \/>\n\t<meta name=\"twitter:label2\" content=\"Dur\u00e9e de lecture est.\" \/>\n\t<meta name=\"twitter:data2\" content=\"3 minutes\" \/>\n<script type=\"application\/ld+json\" class=\"yoast-schema-graph\">{\"@context\":\"https:\/\/schema.org\",\"@graph\":[{\"@type\":\"Article\",\"@id\":\"https:\/\/avrupapress.com\/main\/2022\/05\/23\/saadet-partisi-genel-baskani-temel-karamollaoglu-avrupada-bir-takim-ziyaretlerde-bulundu\/#article\",\"isPartOf\":{\"@id\":\"https:\/\/avrupapress.com\/main\/2022\/05\/23\/saadet-partisi-genel-baskani-temel-karamollaoglu-avrupada-bir-takim-ziyaretlerde-bulundu\/\"},\"author\":{\"name\":\"Edit\u00f6r\",\"@id\":\"https:\/\/avrupapress.com\/#\/schema\/person\/68428444ec60970d1e1b700cf4ca1e8f\"},\"headline\":\"*SAADET PART\u0130S\u0130 GENEL BA\u015eKANI TEMEL KARAMOLLAO\u011eLU AVRUPA\u2019DA B\u0130R TAKIM Z\u0130YARETLERDE BULUNDU\u2026\",\"datePublished\":\"2022-05-23T20:12:14+00:00\",\"dateModified\":\"2022-05-23T20:12:22+00:00\",\"mainEntityOfPage\":{\"@id\":\"https:\/\/avrupapress.com\/main\/2022\/05\/23\/saadet-partisi-genel-baskani-temel-karamollaoglu-avrupada-bir-takim-ziyaretlerde-bulundu\/\"},\"wordCount\":678,\"publisher\":{\"@id\":\"https:\/\/avrupapress.com\/#\/schema\/person\/0223dca19c72c43575bf30d1a2d8f4fa\"},\"image\":{\"@id\":\"https:\/\/avrupapress.com\/main\/2022\/05\/23\/saadet-partisi-genel-baskani-temel-karamollaoglu-avrupada-bir-takim-ziyaretlerde-bulundu\/#primaryimage\"},\"thumbnailUrl\":\"https:\/\/avrupapress.com\/main\/wp-content\/uploads\/2022\/05\/thumbnail_628b5316eec99.jpg\",\"articleSection\":[\"Avrupa\",\"Bel\u00e7ika\",\"D\u00fcnya\",\"Ekonomi\",\"K\u00fclt\u00fcr-Sanat\",\"Tan\u0131t\u0131m\",\"T\u00fcrkiye\"],\"inLanguage\":\"fr-BE\"},{\"@type\":\"WebPage\",\"@id\":\"https:\/\/avrupapress.com\/main\/2022\/05\/23\/saadet-partisi-genel-baskani-temel-karamollaoglu-avrupada-bir-takim-ziyaretlerde-bulundu\/\",\"url\":\"https:\/\/avrupapress.com\/main\/2022\/05\/23\/saadet-partisi-genel-baskani-temel-karamollaoglu-avrupada-bir-takim-ziyaretlerde-bulundu\/\",\"name\":\"*SAADET PART\u0130S\u0130 GENEL BA\u015eKANI TEMEL KARAMOLLAO\u011eLU AVRUPA\u2019DA B\u0130R TAKIM Z\u0130YARETLERDE BULUNDU\u2026 - AvrupaPress\",\"isPartOf\":{\"@id\":\"https:\/\/avrupapress.com\/#website\"},\"primaryImageOfPage\":{\"@id\":\"https:\/\/avrupapress.com\/main\/2022\/05\/23\/saadet-partisi-genel-baskani-temel-karamollaoglu-avrupada-bir-takim-ziyaretlerde-bulundu\/#primaryimage\"},\"image\":{\"@id\":\"https:\/\/avrupapress.com\/main\/2022\/05\/23\/saadet-partisi-genel-baskani-temel-karamollaoglu-avrupada-bir-takim-ziyaretlerde-bulundu\/#primaryimage\"},\"thumbnailUrl\":\"https:\/\/avrupapress.com\/main\/wp-content\/uploads\/2022\/05\/thumbnail_628b5316eec99.jpg\",\"datePublished\":\"2022-05-23T20:12:14+00:00\",\"dateModified\":\"2022-05-23T20:12:22+00:00\",\"breadcrumb\":{\"@id\":\"https:\/\/avrupapress.com\/main\/2022\/05\/23\/saadet-partisi-genel-baskani-temel-karamollaoglu-avrupada-bir-takim-ziyaretlerde-bulundu\/#breadcrumb\"},\"inLanguage\":\"fr-BE\",\"potentialAction\":[{\"@type\":\"ReadAction\",\"target\":[\"https:\/\/avrupapress.com\/main\/2022\/05\/23\/saadet-partisi-genel-baskani-temel-karamollaoglu-avrupada-bir-takim-ziyaretlerde-bulundu\/\"]}]},{\"@type\":\"ImageObject\",\"inLanguage\":\"fr-BE\",\"@id\":\"https:\/\/avrupapress.com\/main\/2022\/05\/23\/saadet-partisi-genel-baskani-temel-karamollaoglu-avrupada-bir-takim-ziyaretlerde-bulundu\/#primaryimage\",\"url\":\"https:\/\/avrupapress.com\/main\/wp-content\/uploads\/2022\/05\/thumbnail_628b5316eec99.jpg\",\"contentUrl\":\"https:\/\/avrupapress.com\/main\/wp-content\/uploads\/2022\/05\/thumbnail_628b5316eec99.jpg\",\"width\":127,\"height\":127},{\"@type\":\"BreadcrumbList\",\"@id\":\"https:\/\/avrupapress.com\/main\/2022\/05\/23\/saadet-partisi-genel-baskani-temel-karamollaoglu-avrupada-bir-takim-ziyaretlerde-bulundu\/#breadcrumb\",\"itemListElement\":[{\"@type\":\"ListItem\",\"position\":1,\"name\":\"Anasayfa\",\"item\":\"https:\/\/avrupapress.com\/\"},{\"@type\":\"ListItem\",\"position\":2,\"name\":\"*SAADET PART\u0130S\u0130 GENEL BA\u015eKANI TEMEL KARAMOLLAO\u011eLU AVRUPA\u2019DA B\u0130R TAKIM Z\u0130YARETLERDE BULUNDU\u2026\"}]},{\"@type\":\"WebSite\",\"@id\":\"https:\/\/avrupapress.com\/#website\",\"url\":\"https:\/\/avrupapress.com\/\",\"name\":\"AvrupaPress\",\"description\":\"Haberin Adresi\",\"publisher\":{\"@id\":\"https:\/\/avrupapress.com\/#\/schema\/person\/0223dca19c72c43575bf30d1a2d8f4fa\"},\"potentialAction\":[{\"@type\":\"SearchAction\",\"target\":{\"@type\":\"EntryPoint\",\"urlTemplate\":\"https:\/\/avrupapress.com\/?s={search_term_string}\"},\"query-input\":{\"@type\":\"PropertyValueSpecification\",\"valueRequired\":true,\"valueName\":\"search_term_string\"}}],\"inLanguage\":\"fr-BE\"},{\"@type\":[\"Person\",\"Organization\"],\"@id\":\"https:\/\/avrupapress.com\/#\/schema\/person\/0223dca19c72c43575bf30d1a2d8f4fa\",\"name\":\"Bilgin \u00d6z\u00e7ift\u00e7i\",\"image\":{\"@type\":\"ImageObject\",\"inLanguage\":\"fr-BE\",\"@id\":\"https:\/\/avrupapress.com\/#\/schema\/person\/image\/\",\"url\":\"https:\/\/secure.gravatar.com\/avatar\/0f23b280433a21e1ea7a0adcc46ed0ad16afe3ad8e630fd13d8a017dcbd54ef3?s=96&d=mm&r=g\",\"contentUrl\":\"https:\/\/secure.gravatar.com\/avatar\/0f23b280433a21e1ea7a0adcc46ed0ad16afe3ad8e630fd13d8a017dcbd54ef3?s=96&d=mm&r=g\",\"caption\":\"Bilgin \u00d6z\u00e7ift\u00e7i\"},\"logo\":{\"@id\":\"https:\/\/avrupapress.com\/#\/schema\/person\/image\/\"},\"description\":\"Ne ben, nede sen... Biz ancak \\\"biz\\\" olursak g\u00fc\u00e7l\u00fc olabiliriz\"},{\"@type\":\"Person\",\"@id\":\"https:\/\/avrupapress.com\/#\/schema\/person\/68428444ec60970d1e1b700cf4ca1e8f\",\"name\":\"Edit\u00f6r\",\"image\":{\"@type\":\"ImageObject\",\"inLanguage\":\"fr-BE\",\"@id\":\"https:\/\/avrupapress.com\/#\/schema\/person\/image\/\",\"url\":\"https:\/\/secure.gravatar.com\/avatar\/74996b0977aa5f1559ba9883776652508b229005c0d78fb2597897f0bd651c09?s=96&d=mm&r=g\",\"contentUrl\":\"https:\/\/secure.gravatar.com\/avatar\/74996b0977aa5f1559ba9883776652508b229005c0d78fb2597897f0bd651c09?s=96&d=mm&r=g\",\"caption\":\"Edit\u00f6r\"},\"sameAs\":[\"http:\/\/www.avrupapress.com\"],\"url\":\"https:\/\/avrupapress.com\/main\/author\/editor\/\"}]}<\/script>\n<!-- \/ Yoast SEO plugin. -->","yoast_head_json":{"title":"*SAADET PART\u0130S\u0130 GENEL BA\u015eKANI TEMEL KARAMOLLAO\u011eLU AVRUPA\u2019DA B\u0130R TAKIM Z\u0130YARETLERDE BULUNDU\u2026 - AvrupaPress","robots":{"index":"index","follow":"follow","max-snippet":"max-snippet:-1","max-image-preview":"max-image-preview:large","max-video-preview":"max-video-preview:-1"},"canonical":"https:\/\/avrupapress.com\/main\/2022\/05\/23\/saadet-partisi-genel-baskani-temel-karamollaoglu-avrupada-bir-takim-ziyaretlerde-bulundu\/","og_locale":"fr_FR","og_type":"article","og_title":"*SAADET PART\u0130S\u0130 GENEL BA\u015eKANI TEMEL KARAMOLLAO\u011eLU AVRUPA\u2019DA B\u0130R TAKIM Z\u0130YARETLERDE BULUNDU\u2026 - AvrupaPress","og_description":"***KARAMOLLAO\u011eLU AVRUPA\u2019DA ***KARAMOLLAO\u011eLU AVRUPA\u2019DA Z\u0130YARETLERDE BULUNDU Saadet Partisi Genel Ba\u015fkan\u0131 Temel Karamollao\u011flu, gitti\u011fi Almanya\u2019da bir tak\u0131m ziyaretlerde bulundu. Karamollao\u011flu, Avrupa ziyaretleri kapsam\u0131nda gitti\u011fi Almanya\u2019da, Stuttgart Ba\u015fkonsolos Yard\u0131mc\u0131s\u0131 Nesimi Emci, Saadet Avrupa Ba\u015fkan\u0131 Samet Sami Temel ve partililer taraf\u0131ndan kar\u015f\u0131land\u0131. Karamollao\u011flu\u2019na, Saadet Avrupa M\u00fcnih B\u00f6lgesi Kad\u0131n Kollar\u0131 taraf\u0131ndan bir hediye takdim edildi. Saadet Partisi Genel Ba\u015fkan\u0131 [&hellip;]","og_url":"https:\/\/avrupapress.com\/main\/2022\/05\/23\/saadet-partisi-genel-baskani-temel-karamollaoglu-avrupada-bir-takim-ziyaretlerde-bulundu\/","og_site_name":"AvrupaPress","article_published_time":"2022-05-23T20:12:14+00:00","article_modified_time":"2022-05-23T20:12:22+00:00","og_image":[{"width":127,"height":127,"url":"https:\/\/avrupapress.com\/main\/wp-content\/uploads\/2022\/05\/thumbnail_628b5316eec99.jpg","type":"image\/jpeg"}],"author":"Edit\u00f6r","twitter_card":"summary_large_image","twitter_misc":{"\u00c9crit par":"Edit\u00f6r","Dur\u00e9e de lecture est.":"3 minutes"},"schema":{"@context":"https:\/\/schema.org","@graph":[{"@type":"Article","@id":"https:\/\/avrupapress.com\/main\/2022\/05\/23\/saadet-partisi-genel-baskani-temel-karamollaoglu-avrupada-bir-takim-ziyaretlerde-bulundu\/#article","isPartOf":{"@id":"https:\/\/avrupapress.com\/main\/2022\/05\/23\/saadet-partisi-genel-baskani-temel-karamollaoglu-avrupada-bir-takim-ziyaretlerde-bulundu\/"},"author":{"name":"Edit\u00f6r","@id":"https:\/\/avrupapress.com\/#\/schema\/person\/68428444ec60970d1e1b700cf4ca1e8f"},"headline":"*SAADET PART\u0130S\u0130 GENEL BA\u015eKANI TEMEL KARAMOLLAO\u011eLU AVRUPA\u2019DA B\u0130R TAKIM Z\u0130YARETLERDE BULUNDU\u2026","datePublished":"2022-05-23T20:12:14+00:00","dateModified":"2022-05-23T20:12:22+00:00","mainEntityOfPage":{"@id":"https:\/\/avrupapress.com\/main\/2022\/05\/23\/saadet-partisi-genel-baskani-temel-karamollaoglu-avrupada-bir-takim-ziyaretlerde-bulundu\/"},"wordCount":678,"publisher":{"@id":"https:\/\/avrupapress.com\/#\/schema\/person\/0223dca19c72c43575bf30d1a2d8f4fa"},"image":{"@id":"https:\/\/avrupapress.com\/main\/2022\/05\/23\/saadet-partisi-genel-baskani-temel-karamollaoglu-avrupada-bir-takim-ziyaretlerde-bulundu\/#primaryimage"},"thumbnailUrl":"https:\/\/avrupapress.com\/main\/wp-content\/uploads\/2022\/05\/thumbnail_628b5316eec99.jpg","articleSection":["Avrupa","Bel\u00e7ika","D\u00fcnya","Ekonomi","K\u00fclt\u00fcr-Sanat","Tan\u0131t\u0131m","T\u00fcrkiye"],"inLanguage":"fr-BE"},{"@type":"WebPage","@id":"https:\/\/avrupapress.com\/main\/2022\/05\/23\/saadet-partisi-genel-baskani-temel-karamollaoglu-avrupada-bir-takim-ziyaretlerde-bulundu\/","url":"https:\/\/avrupapress.com\/main\/2022\/05\/23\/saadet-partisi-genel-baskani-temel-karamollaoglu-avrupada-bir-takim-ziyaretlerde-bulundu\/","name":"*SAADET PART\u0130S\u0130 GENEL BA\u015eKANI TEMEL KARAMOLLAO\u011eLU AVRUPA\u2019DA B\u0130R TAKIM Z\u0130YARETLERDE BULUNDU\u2026 - AvrupaPress","isPartOf":{"@id":"https:\/\/avrupapress.com\/#website"},"primaryImageOfPage":{"@id":"https:\/\/avrupapress.com\/main\/2022\/05\/23\/saadet-partisi-genel-baskani-temel-karamollaoglu-avrupada-bir-takim-ziyaretlerde-bulundu\/#primaryimage"},"image":{"@id":"https:\/\/avrupapress.com\/main\/2022\/05\/23\/saadet-partisi-genel-baskani-temel-karamollaoglu-avrupada-bir-takim-ziyaretlerde-bulundu\/#primaryimage"},"thumbnailUrl":"https:\/\/avrupapress.com\/main\/wp-content\/uploads\/2022\/05\/thumbnail_628b5316eec99.jpg","datePublished":"2022-05-23T20:12:14+00:00","dateModified":"2022-05-23T20:12:22+00:00","breadcrumb":{"@id":"https:\/\/avrupapress.com\/main\/2022\/05\/23\/saadet-partisi-genel-baskani-temel-karamollaoglu-avrupada-bir-takim-ziyaretlerde-bulundu\/#breadcrumb"},"inLanguage":"fr-BE","potentialAction":[{"@type":"ReadAction","target":["https:\/\/avrupapress.com\/main\/2022\/05\/23\/saadet-partisi-genel-baskani-temel-karamollaoglu-avrupada-bir-takim-ziyaretlerde-bulundu\/"]}]},{"@type":"ImageObject","inLanguage":"fr-BE","@id":"https:\/\/avrupapress.com\/main\/2022\/05\/23\/saadet-partisi-genel-baskani-temel-karamollaoglu-avrupada-bir-takim-ziyaretlerde-bulundu\/#primaryimage","url":"https:\/\/avrupapress.com\/main\/wp-content\/uploads\/2022\/05\/thumbnail_628b5316eec99.jpg","contentUrl":"https:\/\/avrupapress.com\/main\/wp-content\/uploads\/2022\/05\/thumbnail_628b5316eec99.jpg","width":127,"height":127},{"@type":"BreadcrumbList","@id":"https:\/\/avrupapress.com\/main\/2022\/05\/23\/saadet-partisi-genel-baskani-temel-karamollaoglu-avrupada-bir-takim-ziyaretlerde-bulundu\/#breadcrumb","itemListElement":[{"@type":"ListItem","position":1,"name":"Anasayfa","item":"https:\/\/avrupapress.com\/"},{"@type":"ListItem","position":2,"name":"*SAADET PART\u0130S\u0130 GENEL BA\u015eKANI TEMEL KARAMOLLAO\u011eLU AVRUPA\u2019DA B\u0130R TAKIM Z\u0130YARETLERDE BULUNDU\u2026"}]},{"@type":"WebSite","@id":"https:\/\/avrupapress.com\/#website","url":"https:\/\/avrupapress.com\/","name":"AvrupaPress","description":"Haberin Adresi","publisher":{"@id":"https:\/\/avrupapress.com\/#\/schema\/person\/0223dca19c72c43575bf30d1a2d8f4fa"},"potentialAction":[{"@type":"SearchAction","target":{"@type":"EntryPoint","urlTemplate":"https:\/\/avrupapress.com\/?s={search_term_string}"},"query-input":{"@type":"PropertyValueSpecification","valueRequired":true,"valueName":"search_term_string"}}],"inLanguage":"fr-BE"},{"@type":["Person","Organization"],"@id":"https:\/\/avrupapress.com\/#\/schema\/person\/0223dca19c72c43575bf30d1a2d8f4fa","name":"Bilgin \u00d6z\u00e7ift\u00e7i","image":{"@type":"ImageObject","inLanguage":"fr-BE","@id":"https:\/\/avrupapress.com\/#\/schema\/person\/image\/","url":"https:\/\/secure.gravatar.com\/avatar\/0f23b280433a21e1ea7a0adcc46ed0ad16afe3ad8e630fd13d8a017dcbd54ef3?s=96&d=mm&r=g","contentUrl":"https:\/\/secure.gravatar.com\/avatar\/0f23b280433a21e1ea7a0adcc46ed0ad16afe3ad8e630fd13d8a017dcbd54ef3?s=96&d=mm&r=g","caption":"Bilgin \u00d6z\u00e7ift\u00e7i"},"logo":{"@id":"https:\/\/avrupapress.com\/#\/schema\/person\/image\/"},"description":"Ne ben, nede sen... Biz ancak \"biz\" olursak g\u00fc\u00e7l\u00fc olabiliriz"},{"@type":"Person","@id":"https:\/\/avrupapress.com\/#\/schema\/person\/68428444ec60970d1e1b700cf4ca1e8f","name":"Edit\u00f6r","image":{"@type":"ImageObject","inLanguage":"fr-BE","@id":"https:\/\/avrupapress.com\/#\/schema\/person\/image\/","url":"https:\/\/secure.gravatar.com\/avatar\/74996b0977aa5f1559ba9883776652508b229005c0d78fb2597897f0bd651c09?s=96&d=mm&r=g","contentUrl":"https:\/\/secure.gravatar.com\/avatar\/74996b0977aa5f1559ba9883776652508b229005c0d78fb2597897f0bd651c09?s=96&d=mm&r=g","caption":"Edit\u00f6r"},"sameAs":["http:\/\/www.avrupapress.com"],"url":"https:\/\/avrupapress.com\/main\/author\/editor\/"}]}},"_links":{"self":[{"href":"https:\/\/avrupapress.com\/main\/wp-json\/wp\/v2\/posts\/18991","targetHints":{"allow":["GET"]}}],"collection":[{"href":"https:\/\/avrupapress.com\/main\/wp-json\/wp\/v2\/posts"}],"about":[{"href":"https:\/\/avrupapress.com\/main\/wp-json\/wp\/v2\/types\/post"}],"author":[{"embeddable":true,"href":"https:\/\/avrupapress.com\/main\/wp-json\/wp\/v2\/users\/3"}],"replies":[{"embeddable":true,"href":"https:\/\/avrupapress.com\/main\/wp-json\/wp\/v2\/comments?post=18991"}],"version-history":[{"count":1,"href":"https:\/\/avrupapress.com\/main\/wp-json\/wp\/v2\/posts\/18991\/revisions"}],"predecessor-version":[{"id":18993,"href":"https:\/\/avrupapress.com\/main\/wp-json\/wp\/v2\/posts\/18991\/revisions\/18993"}],"wp:featuredmedia":[{"embeddable":true,"href":"https:\/\/avrupapress.com\/main\/wp-json\/wp\/v2\/media\/18992"}],"wp:attachment":[{"href":"https:\/\/avrupapress.com\/main\/wp-json\/wp\/v2\/media?parent=18991"}],"wp:term":[{"taxonomy":"category","embeddable":true,"href":"https:\/\/avrupapress.com\/main\/wp-json\/wp\/v2\/categories?post=18991"},{"taxonomy":"post_tag","embeddable":true,"href":"https:\/\/avrupapress.com\/main\/wp-json\/wp\/v2\/tags?post=18991"}],"curies":[{"name":"wp","href":"https:\/\/api.w.org\/{rel}","templated":true}]}}