{"id":18981,"date":"2022-05-22T19:27:20","date_gmt":"2022-05-22T19:27:20","guid":{"rendered":"https:\/\/avrupapress.com\/main\/?p=18981"},"modified":"2022-05-23T19:58:57","modified_gmt":"2022-05-23T19:58:57","slug":"erasmus-turkiye-temsilcisi-pinar-yikilmaz-kirikkale-iliinde-erasmus-kapsaminda-yabanci-ogrencileri-agirladi","status":"publish","type":"post","link":"https:\/\/avrupapress.com\/main\/2022\/05\/22\/erasmus-turkiye-temsilcisi-pinar-yikilmaz-kirikkale-iliinde-erasmus-kapsaminda-yabanci-ogrencileri-agirladi\/","title":{"rendered":"\u201cT\u00fcrkiye temsilcimiz P\u0131nar Y\u0131k\u0131lmaz ERASMUS \u00f6\u011frencileriyle bir arada\u201d"},"content":{"rendered":"<div dir=\"auto\"><strong>Erasmus T\u00fcrkiye temsilcisi P\u0131nar Y\u0131k\u0131lmaz K\u0131r\u0131kkale ili&rsquo;inde Erasmus kapsam\u0131nda yabanc\u0131 \u00f6\u011frencileri a\u011f\u0131rladi <\/strong><\/div>\n<div dir=\"auto\">\u00a0 \u00a0 Erasmus program\u0131 kapsam\u0131nda\u00a0 T\u00fcrkiye K\u0131r\u0131kkale ilinde a\u011f\u0131rlanan 40 yabanc\u0131 \u00f6\u011frenci her g\u00fcn ayr\u0131\u00a0 faaliyet ve gezi program\u0131 ile T\u00fcrkiye\u2019yi tan\u0131yorlar .Geneleksel el sanatlar\u0131ndan Ebru ve \u00e7ini dahil olmak \u00fczere bir \u00e7ok el sanat\u0131 uygulamal\u0131 olarak \u00f6\u011fretildi.<\/div>\n<div dir=\"auto\"><img loading=\"lazy\" decoding=\"async\" class=\"alignnone size-medium wp-image-18982\" src=\"https:\/\/avrupapress.com\/main\/wp-content\/uploads\/2022\/05\/IMG-20220514-WA0006-225x300.jpg\" alt=\"\" width=\"225\" height=\"300\" srcset=\"https:\/\/avrupapress.com\/main\/wp-content\/uploads\/2022\/05\/IMG-20220514-WA0006-225x300.jpg 225w, https:\/\/avrupapress.com\/main\/wp-content\/uploads\/2022\/05\/IMG-20220514-WA0006-768x1024.jpg 768w, https:\/\/avrupapress.com\/main\/wp-content\/uploads\/2022\/05\/IMG-20220514-WA0006-1152x1536.jpg 1152w, https:\/\/avrupapress.com\/main\/wp-content\/uploads\/2022\/05\/IMG-20220514-WA0006.jpg 1536w\" sizes=\"auto, (max-width: 225px) 100vw, 225px\" \/><\/div>\n<div dir=\"auto\">\u00a0 \u00a0 T\u00fcrkiye temsilcimiz ve yazar\u0131m\u0131z P\u0131nar Y\u0131k\u0131lmaz da K\u0131r\u0131kkale ilimizde Erasmus kapsam\u0131nda a\u011f\u0131rlanan yabanc\u0131 \u00f6\u011frencilere el sanatlar\u0131 g\u00f6stererek \u00f6\u011frencilere hediyelik \u00e7e\u015fitli objeler yapmalar\u0131nda yard\u0131mc\u0131 oldu .Yabanc\u0131 \u00f6\u011frenci ve \u00f6\u011fretmenlerle yap\u0131lan etkinlikler k\u00fclt\u00fcrel fark\u0131ndal\u0131klar\u0131n olu\u015fmas\u0131na katk\u0131 sa\u011flad\u0131 .Kurulan e\u011flenceli ileti\u015fim ve faaliyetler ile kal\u0131c\u0131 dostluklar geli\u015ftirildi.<\/div>\n<div dir=\"auto\">Program sonunda \u00fcretilen bir \u00e7ok el sanat\u0131 \u00fcr\u00fcn\u00a0 ile bir \u00e7ok g\u00fczel hat\u0131ra biriktirildi .<\/div>\n<div dir=\"auto\"><\/div>\n<div dir=\"auto\"><strong>Pinar Tasci\u00a0 \u00a0\/\u00a0 AVRUPAPRESS<\/strong><\/div>\n<div dir=\"auto\"><\/div>\n<div dir=\"auto\"><img loading=\"lazy\" decoding=\"async\" class=\"alignnone size-medium wp-image-18983\" src=\"https:\/\/avrupapress.com\/main\/wp-content\/uploads\/2022\/05\/IMG-20220514-WA0005-300x225.jpg\" alt=\"\" width=\"300\" height=\"225\" srcset=\"https:\/\/avrupapress.com\/main\/wp-content\/uploads\/2022\/05\/IMG-20220514-WA0005-300x225.jpg 300w, https:\/\/avrupapress.com\/main\/wp-content\/uploads\/2022\/05\/IMG-20220514-WA0005-1024x768.jpg 1024w, https:\/\/avrupapress.com\/main\/wp-content\/uploads\/2022\/05\/IMG-20220514-WA0005-768x576.jpg 768w, https:\/\/avrupapress.com\/main\/wp-content\/uploads\/2022\/05\/IMG-20220514-WA0005-1536x1152.jpg 1536w, https:\/\/avrupapress.com\/main\/wp-content\/uploads\/2022\/05\/IMG-20220514-WA0005.jpg 2048w\" sizes=\"auto, (max-width: 300px) 100vw, 300px\" \/><\/div>\n<div dir=\"auto\"><img loading=\"lazy\" decoding=\"async\" class=\"alignnone size-medium wp-image-18984\" src=\"https:\/\/avrupapress.com\/main\/wp-content\/uploads\/2022\/05\/IMG-20220514-WA0004-300x225.jpg\" alt=\"\" width=\"300\" height=\"225\" srcset=\"https:\/\/avrupapress.com\/main\/wp-content\/uploads\/2022\/05\/IMG-20220514-WA0004-300x225.jpg 300w, https:\/\/avrupapress.com\/main\/wp-content\/uploads\/2022\/05\/IMG-20220514-WA0004-1024x768.jpg 1024w, https:\/\/avrupapress.com\/main\/wp-content\/uploads\/2022\/05\/IMG-20220514-WA0004-768x576.jpg 768w, https:\/\/avrupapress.com\/main\/wp-content\/uploads\/2022\/05\/IMG-20220514-WA0004-1536x1152.jpg 1536w, https:\/\/avrupapress.com\/main\/wp-content\/uploads\/2022\/05\/IMG-20220514-WA0004.jpg 2048w\" sizes=\"auto, (max-width: 300px) 100vw, 300px\" \/><\/div>\n<div dir=\"auto\"><img loading=\"lazy\" decoding=\"async\" class=\"alignnone size-medium wp-image-18985\" src=\"https:\/\/avrupapress.com\/main\/wp-content\/uploads\/2022\/05\/IMG-20220514-WA0002-300x225.jpg\" alt=\"\" width=\"300\" height=\"225\" srcset=\"https:\/\/avrupapress.com\/main\/wp-content\/uploads\/2022\/05\/IMG-20220514-WA0002-300x225.jpg 300w, https:\/\/avrupapress.com\/main\/wp-content\/uploads\/2022\/05\/IMG-20220514-WA0002-1024x768.jpg 1024w, https:\/\/avrupapress.com\/main\/wp-content\/uploads\/2022\/05\/IMG-20220514-WA0002-768x576.jpg 768w, https:\/\/avrupapress.com\/main\/wp-content\/uploads\/2022\/05\/IMG-20220514-WA0002-1536x1152.jpg 1536w, https:\/\/avrupapress.com\/main\/wp-content\/uploads\/2022\/05\/IMG-20220514-WA0002.jpg 2048w\" sizes=\"auto, (max-width: 300px) 100vw, 300px\" \/><\/div>\n<div dir=\"auto\"><img loading=\"lazy\" decoding=\"async\" class=\"alignnone size-medium wp-image-18986\" src=\"https:\/\/avrupapress.com\/main\/wp-content\/uploads\/2022\/05\/IMG-20220514-WA0001-142x300.jpg\" alt=\"\" width=\"142\" height=\"300\" srcset=\"https:\/\/avrupapress.com\/main\/wp-content\/uploads\/2022\/05\/IMG-20220514-WA0001-142x300.jpg 142w, https:\/\/avrupapress.com\/main\/wp-content\/uploads\/2022\/05\/IMG-20220514-WA0001-484x1024.jpg 484w, https:\/\/avrupapress.com\/main\/wp-content\/uploads\/2022\/05\/IMG-20220514-WA0001-768x1625.jpg 768w, https:\/\/avrupapress.com\/main\/wp-content\/uploads\/2022\/05\/IMG-20220514-WA0001-726x1536.jpg 726w, https:\/\/avrupapress.com\/main\/wp-content\/uploads\/2022\/05\/IMG-20220514-WA0001.jpg 968w\" sizes=\"auto, (max-width: 142px) 100vw, 142px\" \/><\/div>\n<div dir=\"auto\"><\/div>\n<div dir=\"auto\"><strong>Pinar Tasci\u00a0 \u00a0\/\u00a0 AVRUPAPRESS<\/strong><\/div>\n","protected":false},"excerpt":{"rendered":"<p>Erasmus T\u00fcrkiye temsilcisi P\u0131nar Y\u0131k\u0131lmaz K\u0131r\u0131kkale ili&rsquo;inde Erasmus kapsam\u0131nda yabanc\u0131 \u00f6\u011frencileri a\u011f\u0131rladi \u00a0 \u00a0 Erasmus program\u0131 kapsam\u0131nda\u00a0 T\u00fcrkiye K\u0131r\u0131kkale ilinde a\u011f\u0131rlanan 40 yabanc\u0131 \u00f6\u011frenci her g\u00fcn ayr\u0131\u00a0 faaliyet ve gezi program\u0131 ile T\u00fcrkiye\u2019yi tan\u0131yorlar .Geneleksel el sanatlar\u0131ndan Ebru ve \u00e7ini dahil olmak \u00fczere bir \u00e7ok el sanat\u0131 uygulamal\u0131 olarak \u00f6\u011fretildi. \u00a0 \u00a0 T\u00fcrkiye temsilcimiz ve [&hellip;]<\/p>\n","protected":false},"author":3,"featured_media":18983,"comment_status":"closed","ping_status":"open","sticky":false,"template":"","format":"standard","meta":{"footnotes":""},"categories":[14,16,3,17,18,19,2,1],"tags":[],"class_list":["post-18981","post","type-post","status-publish","format-standard","has-post-thumbnail","hentry","category-avrupa","category-belcika","category-dunya","category-ekonomi","category-kultur-sanat","category-tanitim","category-turkiye","category-uncategorized"],"yoast_head":"<!-- This site is optimized with the Yoast SEO plugin v26.9 - https:\/\/yoast.com\/product\/yoast-seo-wordpress\/ -->\n<title>\u201cT\u00fcrkiye temsilcimiz P\u0131nar Y\u0131k\u0131lmaz ERASMUS \u00f6\u011frencileriyle bir arada\u201d - AvrupaPress<\/title>\n<meta name=\"robots\" content=\"index, follow, max-snippet:-1, max-image-preview:large, max-video-preview:-1\" \/>\n<link rel=\"canonical\" href=\"https:\/\/avrupapress.com\/main\/2022\/05\/22\/erasmus-turkiye-temsilcisi-pinar-yikilmaz-kirikkale-iliinde-erasmus-kapsaminda-yabanci-ogrencileri-agirladi\/\" \/>\n<meta property=\"og:locale\" content=\"fr_FR\" \/>\n<meta property=\"og:type\" content=\"article\" \/>\n<meta property=\"og:title\" content=\"\u201cT\u00fcrkiye temsilcimiz P\u0131nar Y\u0131k\u0131lmaz ERASMUS \u00f6\u011frencileriyle bir arada\u201d - AvrupaPress\" \/>\n<meta property=\"og:description\" content=\"Erasmus T\u00fcrkiye temsilcisi P\u0131nar Y\u0131k\u0131lmaz K\u0131r\u0131kkale ili&rsquo;inde Erasmus kapsam\u0131nda yabanc\u0131 \u00f6\u011frencileri a\u011f\u0131rladi \u00a0 \u00a0 Erasmus program\u0131 kapsam\u0131nda\u00a0 T\u00fcrkiye K\u0131r\u0131kkale ilinde a\u011f\u0131rlanan 40 yabanc\u0131 \u00f6\u011frenci her g\u00fcn ayr\u0131\u00a0 faaliyet ve gezi program\u0131 ile T\u00fcrkiye\u2019yi tan\u0131yorlar .Geneleksel el sanatlar\u0131ndan Ebru ve \u00e7ini dahil olmak \u00fczere bir \u00e7ok el sanat\u0131 uygulamal\u0131 olarak \u00f6\u011fretildi. \u00a0 \u00a0 T\u00fcrkiye temsilcimiz ve [&hellip;]\" \/>\n<meta property=\"og:url\" content=\"https:\/\/avrupapress.com\/main\/2022\/05\/22\/erasmus-turkiye-temsilcisi-pinar-yikilmaz-kirikkale-iliinde-erasmus-kapsaminda-yabanci-ogrencileri-agirladi\/\" \/>\n<meta property=\"og:site_name\" content=\"AvrupaPress\" \/>\n<meta property=\"article:published_time\" content=\"2022-05-22T19:27:20+00:00\" \/>\n<meta property=\"article:modified_time\" content=\"2022-05-23T19:58:57+00:00\" \/>\n<meta property=\"og:image\" content=\"https:\/\/avrupapress.com\/main\/wp-content\/uploads\/2022\/05\/IMG-20220514-WA0005.jpg\" \/>\n\t<meta property=\"og:image:width\" content=\"2048\" \/>\n\t<meta property=\"og:image:height\" content=\"1536\" \/>\n\t<meta property=\"og:image:type\" content=\"image\/jpeg\" \/>\n<meta name=\"author\" content=\"Edit\u00f6r\" \/>\n<meta name=\"twitter:card\" content=\"summary_large_image\" \/>\n<meta name=\"twitter:label1\" content=\"\u00c9crit par\" \/>\n\t<meta name=\"twitter:data1\" content=\"Edit\u00f6r\" \/>\n\t<meta name=\"twitter:label2\" content=\"Dur\u00e9e de lecture est.\" \/>\n\t<meta name=\"twitter:data2\" content=\"2 minutes\" \/>\n<script type=\"application\/ld+json\" class=\"yoast-schema-graph\">{\"@context\":\"https:\/\/schema.org\",\"@graph\":[{\"@type\":\"Article\",\"@id\":\"https:\/\/avrupapress.com\/main\/2022\/05\/22\/erasmus-turkiye-temsilcisi-pinar-yikilmaz-kirikkale-iliinde-erasmus-kapsaminda-yabanci-ogrencileri-agirladi\/#article\",\"isPartOf\":{\"@id\":\"https:\/\/avrupapress.com\/main\/2022\/05\/22\/erasmus-turkiye-temsilcisi-pinar-yikilmaz-kirikkale-iliinde-erasmus-kapsaminda-yabanci-ogrencileri-agirladi\/\"},\"author\":{\"name\":\"Edit\u00f6r\",\"@id\":\"https:\/\/avrupapress.com\/#\/schema\/person\/68428444ec60970d1e1b700cf4ca1e8f\"},\"headline\":\"\u201cT\u00fcrkiye temsilcimiz P\u0131nar Y\u0131k\u0131lmaz ERASMUS \u00f6\u011frencileriyle bir arada\u201d\",\"datePublished\":\"2022-05-22T19:27:20+00:00\",\"dateModified\":\"2022-05-23T19:58:57+00:00\",\"mainEntityOfPage\":{\"@id\":\"https:\/\/avrupapress.com\/main\/2022\/05\/22\/erasmus-turkiye-temsilcisi-pinar-yikilmaz-kirikkale-iliinde-erasmus-kapsaminda-yabanci-ogrencileri-agirladi\/\"},\"wordCount\":171,\"publisher\":{\"@id\":\"https:\/\/avrupapress.com\/#\/schema\/person\/0223dca19c72c43575bf30d1a2d8f4fa\"},\"image\":{\"@id\":\"https:\/\/avrupapress.com\/main\/2022\/05\/22\/erasmus-turkiye-temsilcisi-pinar-yikilmaz-kirikkale-iliinde-erasmus-kapsaminda-yabanci-ogrencileri-agirladi\/#primaryimage\"},\"thumbnailUrl\":\"https:\/\/avrupapress.com\/main\/wp-content\/uploads\/2022\/05\/IMG-20220514-WA0005.jpg\",\"articleSection\":[\"Avrupa\",\"Bel\u00e7ika\",\"D\u00fcnya\",\"Ekonomi\",\"K\u00fclt\u00fcr-Sanat\",\"Tan\u0131t\u0131m\",\"T\u00fcrkiye\",\"Uncategorized\"],\"inLanguage\":\"fr-BE\"},{\"@type\":\"WebPage\",\"@id\":\"https:\/\/avrupapress.com\/main\/2022\/05\/22\/erasmus-turkiye-temsilcisi-pinar-yikilmaz-kirikkale-iliinde-erasmus-kapsaminda-yabanci-ogrencileri-agirladi\/\",\"url\":\"https:\/\/avrupapress.com\/main\/2022\/05\/22\/erasmus-turkiye-temsilcisi-pinar-yikilmaz-kirikkale-iliinde-erasmus-kapsaminda-yabanci-ogrencileri-agirladi\/\",\"name\":\"\u201cT\u00fcrkiye temsilcimiz P\u0131nar Y\u0131k\u0131lmaz ERASMUS \u00f6\u011frencileriyle bir arada\u201d - AvrupaPress\",\"isPartOf\":{\"@id\":\"https:\/\/avrupapress.com\/#website\"},\"primaryImageOfPage\":{\"@id\":\"https:\/\/avrupapress.com\/main\/2022\/05\/22\/erasmus-turkiye-temsilcisi-pinar-yikilmaz-kirikkale-iliinde-erasmus-kapsaminda-yabanci-ogrencileri-agirladi\/#primaryimage\"},\"image\":{\"@id\":\"https:\/\/avrupapress.com\/main\/2022\/05\/22\/erasmus-turkiye-temsilcisi-pinar-yikilmaz-kirikkale-iliinde-erasmus-kapsaminda-yabanci-ogrencileri-agirladi\/#primaryimage\"},\"thumbnailUrl\":\"https:\/\/avrupapress.com\/main\/wp-content\/uploads\/2022\/05\/IMG-20220514-WA0005.jpg\",\"datePublished\":\"2022-05-22T19:27:20+00:00\",\"dateModified\":\"2022-05-23T19:58:57+00:00\",\"breadcrumb\":{\"@id\":\"https:\/\/avrupapress.com\/main\/2022\/05\/22\/erasmus-turkiye-temsilcisi-pinar-yikilmaz-kirikkale-iliinde-erasmus-kapsaminda-yabanci-ogrencileri-agirladi\/#breadcrumb\"},\"inLanguage\":\"fr-BE\",\"potentialAction\":[{\"@type\":\"ReadAction\",\"target\":[\"https:\/\/avrupapress.com\/main\/2022\/05\/22\/erasmus-turkiye-temsilcisi-pinar-yikilmaz-kirikkale-iliinde-erasmus-kapsaminda-yabanci-ogrencileri-agirladi\/\"]}]},{\"@type\":\"ImageObject\",\"inLanguage\":\"fr-BE\",\"@id\":\"https:\/\/avrupapress.com\/main\/2022\/05\/22\/erasmus-turkiye-temsilcisi-pinar-yikilmaz-kirikkale-iliinde-erasmus-kapsaminda-yabanci-ogrencileri-agirladi\/#primaryimage\",\"url\":\"https:\/\/avrupapress.com\/main\/wp-content\/uploads\/2022\/05\/IMG-20220514-WA0005.jpg\",\"contentUrl\":\"https:\/\/avrupapress.com\/main\/wp-content\/uploads\/2022\/05\/IMG-20220514-WA0005.jpg\",\"width\":2048,\"height\":1536},{\"@type\":\"BreadcrumbList\",\"@id\":\"https:\/\/avrupapress.com\/main\/2022\/05\/22\/erasmus-turkiye-temsilcisi-pinar-yikilmaz-kirikkale-iliinde-erasmus-kapsaminda-yabanci-ogrencileri-agirladi\/#breadcrumb\",\"itemListElement\":[{\"@type\":\"ListItem\",\"position\":1,\"name\":\"Anasayfa\",\"item\":\"https:\/\/avrupapress.com\/\"},{\"@type\":\"ListItem\",\"position\":2,\"name\":\"\u201cT\u00fcrkiye temsilcimiz P\u0131nar Y\u0131k\u0131lmaz ERASMUS \u00f6\u011frencileriyle bir arada\u201d\"}]},{\"@type\":\"WebSite\",\"@id\":\"https:\/\/avrupapress.com\/#website\",\"url\":\"https:\/\/avrupapress.com\/\",\"name\":\"AvrupaPress\",\"description\":\"Haberin Adresi\",\"publisher\":{\"@id\":\"https:\/\/avrupapress.com\/#\/schema\/person\/0223dca19c72c43575bf30d1a2d8f4fa\"},\"potentialAction\":[{\"@type\":\"SearchAction\",\"target\":{\"@type\":\"EntryPoint\",\"urlTemplate\":\"https:\/\/avrupapress.com\/?s={search_term_string}\"},\"query-input\":{\"@type\":\"PropertyValueSpecification\",\"valueRequired\":true,\"valueName\":\"search_term_string\"}}],\"inLanguage\":\"fr-BE\"},{\"@type\":[\"Person\",\"Organization\"],\"@id\":\"https:\/\/avrupapress.com\/#\/schema\/person\/0223dca19c72c43575bf30d1a2d8f4fa\",\"name\":\"Bilgin \u00d6z\u00e7ift\u00e7i\",\"image\":{\"@type\":\"ImageObject\",\"inLanguage\":\"fr-BE\",\"@id\":\"https:\/\/avrupapress.com\/#\/schema\/person\/image\/\",\"url\":\"https:\/\/secure.gravatar.com\/avatar\/0f23b280433a21e1ea7a0adcc46ed0ad16afe3ad8e630fd13d8a017dcbd54ef3?s=96&d=mm&r=g\",\"contentUrl\":\"https:\/\/secure.gravatar.com\/avatar\/0f23b280433a21e1ea7a0adcc46ed0ad16afe3ad8e630fd13d8a017dcbd54ef3?s=96&d=mm&r=g\",\"caption\":\"Bilgin \u00d6z\u00e7ift\u00e7i\"},\"logo\":{\"@id\":\"https:\/\/avrupapress.com\/#\/schema\/person\/image\/\"},\"description\":\"Ne ben, nede sen... Biz ancak \\\"biz\\\" olursak g\u00fc\u00e7l\u00fc olabiliriz\"},{\"@type\":\"Person\",\"@id\":\"https:\/\/avrupapress.com\/#\/schema\/person\/68428444ec60970d1e1b700cf4ca1e8f\",\"name\":\"Edit\u00f6r\",\"image\":{\"@type\":\"ImageObject\",\"inLanguage\":\"fr-BE\",\"@id\":\"https:\/\/avrupapress.com\/#\/schema\/person\/image\/\",\"url\":\"https:\/\/secure.gravatar.com\/avatar\/74996b0977aa5f1559ba9883776652508b229005c0d78fb2597897f0bd651c09?s=96&d=mm&r=g\",\"contentUrl\":\"https:\/\/secure.gravatar.com\/avatar\/74996b0977aa5f1559ba9883776652508b229005c0d78fb2597897f0bd651c09?s=96&d=mm&r=g\",\"caption\":\"Edit\u00f6r\"},\"sameAs\":[\"http:\/\/www.avrupapress.com\"],\"url\":\"https:\/\/avrupapress.com\/main\/author\/editor\/\"}]}<\/script>\n<!-- \/ Yoast SEO plugin. -->","yoast_head_json":{"title":"\u201cT\u00fcrkiye temsilcimiz P\u0131nar Y\u0131k\u0131lmaz ERASMUS \u00f6\u011frencileriyle bir arada\u201d - AvrupaPress","robots":{"index":"index","follow":"follow","max-snippet":"max-snippet:-1","max-image-preview":"max-image-preview:large","max-video-preview":"max-video-preview:-1"},"canonical":"https:\/\/avrupapress.com\/main\/2022\/05\/22\/erasmus-turkiye-temsilcisi-pinar-yikilmaz-kirikkale-iliinde-erasmus-kapsaminda-yabanci-ogrencileri-agirladi\/","og_locale":"fr_FR","og_type":"article","og_title":"\u201cT\u00fcrkiye temsilcimiz P\u0131nar Y\u0131k\u0131lmaz ERASMUS \u00f6\u011frencileriyle bir arada\u201d - AvrupaPress","og_description":"Erasmus T\u00fcrkiye temsilcisi P\u0131nar Y\u0131k\u0131lmaz K\u0131r\u0131kkale ili&rsquo;inde Erasmus kapsam\u0131nda yabanc\u0131 \u00f6\u011frencileri a\u011f\u0131rladi \u00a0 \u00a0 Erasmus program\u0131 kapsam\u0131nda\u00a0 T\u00fcrkiye K\u0131r\u0131kkale ilinde a\u011f\u0131rlanan 40 yabanc\u0131 \u00f6\u011frenci her g\u00fcn ayr\u0131\u00a0 faaliyet ve gezi program\u0131 ile T\u00fcrkiye\u2019yi tan\u0131yorlar .Geneleksel el sanatlar\u0131ndan Ebru ve \u00e7ini dahil olmak \u00fczere bir \u00e7ok el sanat\u0131 uygulamal\u0131 olarak \u00f6\u011fretildi. \u00a0 \u00a0 T\u00fcrkiye temsilcimiz ve [&hellip;]","og_url":"https:\/\/avrupapress.com\/main\/2022\/05\/22\/erasmus-turkiye-temsilcisi-pinar-yikilmaz-kirikkale-iliinde-erasmus-kapsaminda-yabanci-ogrencileri-agirladi\/","og_site_name":"AvrupaPress","article_published_time":"2022-05-22T19:27:20+00:00","article_modified_time":"2022-05-23T19:58:57+00:00","og_image":[{"width":2048,"height":1536,"url":"https:\/\/avrupapress.com\/main\/wp-content\/uploads\/2022\/05\/IMG-20220514-WA0005.jpg","type":"image\/jpeg"}],"author":"Edit\u00f6r","twitter_card":"summary_large_image","twitter_misc":{"\u00c9crit par":"Edit\u00f6r","Dur\u00e9e de lecture est.":"2 minutes"},"schema":{"@context":"https:\/\/schema.org","@graph":[{"@type":"Article","@id":"https:\/\/avrupapress.com\/main\/2022\/05\/22\/erasmus-turkiye-temsilcisi-pinar-yikilmaz-kirikkale-iliinde-erasmus-kapsaminda-yabanci-ogrencileri-agirladi\/#article","isPartOf":{"@id":"https:\/\/avrupapress.com\/main\/2022\/05\/22\/erasmus-turkiye-temsilcisi-pinar-yikilmaz-kirikkale-iliinde-erasmus-kapsaminda-yabanci-ogrencileri-agirladi\/"},"author":{"name":"Edit\u00f6r","@id":"https:\/\/avrupapress.com\/#\/schema\/person\/68428444ec60970d1e1b700cf4ca1e8f"},"headline":"\u201cT\u00fcrkiye temsilcimiz P\u0131nar Y\u0131k\u0131lmaz ERASMUS \u00f6\u011frencileriyle bir arada\u201d","datePublished":"2022-05-22T19:27:20+00:00","dateModified":"2022-05-23T19:58:57+00:00","mainEntityOfPage":{"@id":"https:\/\/avrupapress.com\/main\/2022\/05\/22\/erasmus-turkiye-temsilcisi-pinar-yikilmaz-kirikkale-iliinde-erasmus-kapsaminda-yabanci-ogrencileri-agirladi\/"},"wordCount":171,"publisher":{"@id":"https:\/\/avrupapress.com\/#\/schema\/person\/0223dca19c72c43575bf30d1a2d8f4fa"},"image":{"@id":"https:\/\/avrupapress.com\/main\/2022\/05\/22\/erasmus-turkiye-temsilcisi-pinar-yikilmaz-kirikkale-iliinde-erasmus-kapsaminda-yabanci-ogrencileri-agirladi\/#primaryimage"},"thumbnailUrl":"https:\/\/avrupapress.com\/main\/wp-content\/uploads\/2022\/05\/IMG-20220514-WA0005.jpg","articleSection":["Avrupa","Bel\u00e7ika","D\u00fcnya","Ekonomi","K\u00fclt\u00fcr-Sanat","Tan\u0131t\u0131m","T\u00fcrkiye","Uncategorized"],"inLanguage":"fr-BE"},{"@type":"WebPage","@id":"https:\/\/avrupapress.com\/main\/2022\/05\/22\/erasmus-turkiye-temsilcisi-pinar-yikilmaz-kirikkale-iliinde-erasmus-kapsaminda-yabanci-ogrencileri-agirladi\/","url":"https:\/\/avrupapress.com\/main\/2022\/05\/22\/erasmus-turkiye-temsilcisi-pinar-yikilmaz-kirikkale-iliinde-erasmus-kapsaminda-yabanci-ogrencileri-agirladi\/","name":"\u201cT\u00fcrkiye temsilcimiz P\u0131nar Y\u0131k\u0131lmaz ERASMUS \u00f6\u011frencileriyle bir arada\u201d - AvrupaPress","isPartOf":{"@id":"https:\/\/avrupapress.com\/#website"},"primaryImageOfPage":{"@id":"https:\/\/avrupapress.com\/main\/2022\/05\/22\/erasmus-turkiye-temsilcisi-pinar-yikilmaz-kirikkale-iliinde-erasmus-kapsaminda-yabanci-ogrencileri-agirladi\/#primaryimage"},"image":{"@id":"https:\/\/avrupapress.com\/main\/2022\/05\/22\/erasmus-turkiye-temsilcisi-pinar-yikilmaz-kirikkale-iliinde-erasmus-kapsaminda-yabanci-ogrencileri-agirladi\/#primaryimage"},"thumbnailUrl":"https:\/\/avrupapress.com\/main\/wp-content\/uploads\/2022\/05\/IMG-20220514-WA0005.jpg","datePublished":"2022-05-22T19:27:20+00:00","dateModified":"2022-05-23T19:58:57+00:00","breadcrumb":{"@id":"https:\/\/avrupapress.com\/main\/2022\/05\/22\/erasmus-turkiye-temsilcisi-pinar-yikilmaz-kirikkale-iliinde-erasmus-kapsaminda-yabanci-ogrencileri-agirladi\/#breadcrumb"},"inLanguage":"fr-BE","potentialAction":[{"@type":"ReadAction","target":["https:\/\/avrupapress.com\/main\/2022\/05\/22\/erasmus-turkiye-temsilcisi-pinar-yikilmaz-kirikkale-iliinde-erasmus-kapsaminda-yabanci-ogrencileri-agirladi\/"]}]},{"@type":"ImageObject","inLanguage":"fr-BE","@id":"https:\/\/avrupapress.com\/main\/2022\/05\/22\/erasmus-turkiye-temsilcisi-pinar-yikilmaz-kirikkale-iliinde-erasmus-kapsaminda-yabanci-ogrencileri-agirladi\/#primaryimage","url":"https:\/\/avrupapress.com\/main\/wp-content\/uploads\/2022\/05\/IMG-20220514-WA0005.jpg","contentUrl":"https:\/\/avrupapress.com\/main\/wp-content\/uploads\/2022\/05\/IMG-20220514-WA0005.jpg","width":2048,"height":1536},{"@type":"BreadcrumbList","@id":"https:\/\/avrupapress.com\/main\/2022\/05\/22\/erasmus-turkiye-temsilcisi-pinar-yikilmaz-kirikkale-iliinde-erasmus-kapsaminda-yabanci-ogrencileri-agirladi\/#breadcrumb","itemListElement":[{"@type":"ListItem","position":1,"name":"Anasayfa","item":"https:\/\/avrupapress.com\/"},{"@type":"ListItem","position":2,"name":"\u201cT\u00fcrkiye temsilcimiz P\u0131nar Y\u0131k\u0131lmaz ERASMUS \u00f6\u011frencileriyle bir arada\u201d"}]},{"@type":"WebSite","@id":"https:\/\/avrupapress.com\/#website","url":"https:\/\/avrupapress.com\/","name":"AvrupaPress","description":"Haberin Adresi","publisher":{"@id":"https:\/\/avrupapress.com\/#\/schema\/person\/0223dca19c72c43575bf30d1a2d8f4fa"},"potentialAction":[{"@type":"SearchAction","target":{"@type":"EntryPoint","urlTemplate":"https:\/\/avrupapress.com\/?s={search_term_string}"},"query-input":{"@type":"PropertyValueSpecification","valueRequired":true,"valueName":"search_term_string"}}],"inLanguage":"fr-BE"},{"@type":["Person","Organization"],"@id":"https:\/\/avrupapress.com\/#\/schema\/person\/0223dca19c72c43575bf30d1a2d8f4fa","name":"Bilgin \u00d6z\u00e7ift\u00e7i","image":{"@type":"ImageObject","inLanguage":"fr-BE","@id":"https:\/\/avrupapress.com\/#\/schema\/person\/image\/","url":"https:\/\/secure.gravatar.com\/avatar\/0f23b280433a21e1ea7a0adcc46ed0ad16afe3ad8e630fd13d8a017dcbd54ef3?s=96&d=mm&r=g","contentUrl":"https:\/\/secure.gravatar.com\/avatar\/0f23b280433a21e1ea7a0adcc46ed0ad16afe3ad8e630fd13d8a017dcbd54ef3?s=96&d=mm&r=g","caption":"Bilgin \u00d6z\u00e7ift\u00e7i"},"logo":{"@id":"https:\/\/avrupapress.com\/#\/schema\/person\/image\/"},"description":"Ne ben, nede sen... Biz ancak \"biz\" olursak g\u00fc\u00e7l\u00fc olabiliriz"},{"@type":"Person","@id":"https:\/\/avrupapress.com\/#\/schema\/person\/68428444ec60970d1e1b700cf4ca1e8f","name":"Edit\u00f6r","image":{"@type":"ImageObject","inLanguage":"fr-BE","@id":"https:\/\/avrupapress.com\/#\/schema\/person\/image\/","url":"https:\/\/secure.gravatar.com\/avatar\/74996b0977aa5f1559ba9883776652508b229005c0d78fb2597897f0bd651c09?s=96&d=mm&r=g","contentUrl":"https:\/\/secure.gravatar.com\/avatar\/74996b0977aa5f1559ba9883776652508b229005c0d78fb2597897f0bd651c09?s=96&d=mm&r=g","caption":"Edit\u00f6r"},"sameAs":["http:\/\/www.avrupapress.com"],"url":"https:\/\/avrupapress.com\/main\/author\/editor\/"}]}},"_links":{"self":[{"href":"https:\/\/avrupapress.com\/main\/wp-json\/wp\/v2\/posts\/18981","targetHints":{"allow":["GET"]}}],"collection":[{"href":"https:\/\/avrupapress.com\/main\/wp-json\/wp\/v2\/posts"}],"about":[{"href":"https:\/\/avrupapress.com\/main\/wp-json\/wp\/v2\/types\/post"}],"author":[{"embeddable":true,"href":"https:\/\/avrupapress.com\/main\/wp-json\/wp\/v2\/users\/3"}],"replies":[{"embeddable":true,"href":"https:\/\/avrupapress.com\/main\/wp-json\/wp\/v2\/comments?post=18981"}],"version-history":[{"count":2,"href":"https:\/\/avrupapress.com\/main\/wp-json\/wp\/v2\/posts\/18981\/revisions"}],"predecessor-version":[{"id":18990,"href":"https:\/\/avrupapress.com\/main\/wp-json\/wp\/v2\/posts\/18981\/revisions\/18990"}],"wp:featuredmedia":[{"embeddable":true,"href":"https:\/\/avrupapress.com\/main\/wp-json\/wp\/v2\/media\/18983"}],"wp:attachment":[{"href":"https:\/\/avrupapress.com\/main\/wp-json\/wp\/v2\/media?parent=18981"}],"wp:term":[{"taxonomy":"category","embeddable":true,"href":"https:\/\/avrupapress.com\/main\/wp-json\/wp\/v2\/categories?post=18981"},{"taxonomy":"post_tag","embeddable":true,"href":"https:\/\/avrupapress.com\/main\/wp-json\/wp\/v2\/tags?post=18981"}],"curies":[{"name":"wp","href":"https:\/\/api.w.org\/{rel}","templated":true}]}}